{"id":206274,"date":"2026-07-16T17:51:14","date_gmt":"2026-07-16T14:51:14","guid":{"rendered":"https:\/\/buletin.de\/bucuresti\/?p=206274"},"modified":"2026-07-16T17:51:15","modified_gmt":"2026-07-16T14:51:15","slug":"primaria-sectorului-3-aloca-inca-16-milioane-de-euro-pentru-pavele-borduri-si-garduri-viceprimarul-asta-ne-cer-oamenii-hotnews","status":"publish","type":"post","link":"https:\/\/buletin.de\/bucuresti\/primaria-sectorului-3-aloca-inca-16-milioane-de-euro-pentru-pavele-borduri-si-garduri-viceprimarul-asta-ne-cer-oamenii-hotnews\/","title":{"rendered":"Prim\u0103ria Sectorului 3 aloc\u0103 \u00eenc\u0103 16 milioane de euro pentru \u201epavele, borduri \u0219i garduri\u201d. Viceprimarul: \u201eAsta ne cer oamenii\u201d | Hotnews"},"content":{"rendered":"\n<p class=\"wp-block-paragraph\"><strong>Prim\u0103ria Sectorului 3 a decis s\u0103 mai aloce \u00eenc\u0103 80 de milioane de lei, echivalentul a circa 16 milioane de euro, pentru \u201eamenajarea domeniului public\u201d. Rectificarea bugetar\u0103  a fost adoptat\u0103 \u00een \u0219edin\u021ba Consiliului Local de miercuri, 15 iulie, dup\u0103 dezbateri aprinse \u00eentre consilierii locali, relateaz\u0103 <a href=\"https:\/\/hotnews.ro\/primaria-lui-negoita-da-inca-80-de-milioane-de-lei-pentru-pavele-borduri-si-garduri-asta-ne-cer-cetatenii-spune-viceprimarul-2301344?fbclid=IwY2xjawTFqkBleHRuA2FlbQIxMABicmlkETFRUHNtWXdaRU9GNENsWGpOc3J0YwZhcHBfaWQQMjIyMDM5MTc4ODIwMDg5MgABHhdpcZHsbJn_SPExPiblyGBfTgUlmImKKJiascnb7N5oqpDFe2xnm36km8ba_aem_DjVQlHR_G4VRCbnB_-5yEA\">HotNews.<\/a><\/strong><\/p>\n\n\n\n<p class=\"wp-block-paragraph\">Bugetul Sectorului a fost majorat cu aproximativ 207 milioane lei, ajung\u00e2nd la 3,075 miliarde lei. Cea mai mare sum\u0103 a fost alocat\u0103 pentru pentru amenajarea domeniului public.<\/p>\n\n\n\n<figure class=\"wp-block-image size-full\"><img fetchpriority=\"high\" decoding=\"async\" width=\"949\" height=\"209\" src=\"data:image\/gif;base64,R0lGODlhAQABAAAAACH5BAEKAAEALAAAAAABAAEAAAICTAEAOw==\" data-src=\"https:\/\/buletin.de\/bucuresti\/wp-content\/uploads\/2026\/07\/image-35.png\" alt=\"\" class=\"wp-image-206289 lazyload\" data-sizes=\"auto\" data-srcset=\"https:\/\/buletin.de\/bucuresti\/wp-content\/uploads\/2026\/07\/image-35.png 949w, https:\/\/buletin.de\/bucuresti\/wp-content\/uploads\/2026\/07\/image-35-300x66.png 300w, https:\/\/buletin.de\/bucuresti\/wp-content\/uploads\/2026\/07\/image-35-768x169.png 768w, https:\/\/buletin.de\/bucuresti\/wp-content\/uploads\/2026\/07\/image-35-600x132.png 600w, https:\/\/buletin.de\/bucuresti\/wp-content\/uploads\/2026\/07\/image-35-20x4.png 20w\" sizes=\"(max-width: 949px) 100vw, 949px\" \/><figcaption class=\"wp-element-caption\">\u00cenc\u0103 16 milioane de euro pentru amenajarea domeniului public<\/figcaption><\/figure>\n\n\n\n<p class=\"wp-block-paragraph\">Alte sume alocate, conform<a href=\"https:\/\/hotnews.ro\/primaria-lui-negoita-da-inca-80-de-milioane-de-lei-pentru-pavele-borduri-si-garduri-asta-ne-cer-cetatenii-spune-viceprimarul-2301344?fbclid=IwY2xjawTFqkBleHRuA2FlbQIxMABicmlkETFRUHNtWXdaRU9GNENsWGpOc3J0YwZhcHBfaWQQMjIyMDM5MTc4ODIwMDg5MgABHhdpcZHsbJn_SPExPiblyGBfTgUlmImKKJiascnb7N5oqpDFe2xnm36km8ba_aem_DjVQlHR_G4VRCbnB_-5yEA\"> sursei citate<\/a>:<\/p>\n\n\n\n<ul class=\"wp-block-list\">\n<li>50 milioane lei \u2013 func\u021bionarea Prim\u0103riei \u0219i servicii publice<\/li>\n\n\n\n<li>33 milioane lei \u2013 salubrizare\u00a0<\/li>\n\n\n\n<li>26 milioane lei \u2013 \u00eenv\u0103\u021b\u0103m\u00e2nt\u00a0<\/li>\n<\/ul>\n\n\n\n<h2 id=\"h-usr-a-propus-ca-banii-sa-fie-muta\u021bi-pentru-reabilitarea-blocurilor-amendamentul-a-fost-respins\" class=\"wp-block-heading\">USR a propus ca banii s\u0103 fie muta\u021bi pentru reabilitarea blocurilor. Amendamentul a fost respins<\/h2>\n\n\n\n<p class=\"wp-block-paragraph\">Decizia a st\u00e2rnit nemul\u0163umirea consilierilor USR \u015fi PNL. <\/p>\n\n\n\n<p class=\"wp-block-paragraph\"><strong>Consilierii USR au depus un amendament prin care au cerut ca 70 milioane lei s\u0103 fie muta\u021bi de la amenajarea domeniului public la reabilitare termic\u0103.\u00a0<\/strong><\/p>\n\n\n\n<p class=\"wp-block-paragraph\">\u201eGrupul USR a depus acest amendament pentru a muta bani de la borduri, pavele \u0219i garduri c\u0103tre reabilitarea de blocuri. Urm\u0103ri\u021bi cu mare, mare aten\u021bie acest vot s\u0103 vede\u021bi dac\u0103 consilierii pe care i-a\u021bi trimis \u00een Consiliul Local apreciaz\u0103 c\u0103 dumneavoastr\u0103 ave\u021bi nevoie de blocuri reabilitate sau de borduri \u0219i pavele \u0219i garduri\u201d, a declarat Theodor Savuscan, consilier USR.&nbsp;<\/p>\n\n\n\n<p class=\"wp-block-paragraph\">Amendamentul a fost respins, iar viceprimarul Sectorului 3, Adrian Marian Coco\u0219 (PSD), a transmis c\u0103 90% dintre blocurile din Sectorul 3 sunt reabilitate termic.\u00a0<\/p>\n\n\n\n<p class=\"wp-block-paragraph\">\u201eUndeva la 10% mai sunt nereabilitate \u00een acest moment. O mare parte din aceste blocuri nu au nevoie de reabilitare, au nevoie de consolidare\u201d, a explicat viceprimarul.<\/p>\n\n\n\n<p class=\"wp-block-paragraph\"><strong>C\u0103t\u0103lin Moldoveanu, consilier PNL, a declarat c\u0103 banii ar putea fi folosi\u021bi mai bine pentru cofinan\u021barea proiectelor, \u00een loc ca Prim\u0103ria s\u0103 se \u00eemprumute.\u00a0<\/strong><\/p>\n\n\n\n<p class=\"wp-block-paragraph\">\u201eAm \u0219i eu o observa\u021bie. Avem o suplimentare de 70 milioane lei pentru spa\u021biul public \u0219i parcuri, dar de fapt nu e vorba despre parcuri, ci despre pavele, borduri \u0219i garduri \u0219i mai jos avem o majorare de \u00eemprumut cu 80 milioane lei pentru cofinan\u021barea anumitor proiecte. Nu ar fi mai bine s\u0103 am\u00e2n\u0103m un pic suplimentarea de fonduri la pavele borduri, pavele \u0219i garduri \u0219i s\u0103 d\u0103m banii ace\u0219tia pentru cofina\u021barea proiectelor?\u201d, a declarat Moldoveanu.&nbsp;<\/p>\n\n\n\n<p class=\"wp-block-paragraph\"><a href=\"https:\/\/buletin.de\/bucuresti\/primaria-sectorului-3-imprumuta-inca-68-de-milioane-de-euro-de-la-banca-majorarea-a-doua-credite-pe-masa-consiliului-local\/\">\u00cen aceea\u0219i \u0219edin\u021b\u0103, consilierii locali au aprobat majorarea a dou\u0103 credite contractate de Prim\u0103ria Sectorului 3 cu aproape 68 de milioane de euro.<\/a><\/p>\n\n\n\n<h2 class=\"wp-block-heading\"><strong>\u201eCet\u0103\u021benii vor pavele \u0219i s\u0103 se \u00eenal\u021be bordura\u201d<\/strong><\/h2>\n\n\n\n<p class=\"wp-block-paragraph\"><strong>\u00cen replic\u0103, viceprimarul Coco\u0219 l-a invitat la audien\u021bele cu cet\u0103\u021benii, spun\u00e2nd c\u0103 oamenii \u00ee\u0219i doresc pavele \u0219i borduri, potrivit <a href=\"https:\/\/hotnews.ro\/primaria-lui-negoita-da-inca-80-de-milioane-de-lei-pentru-pavele-borduri-si-garduri-asta-ne-cer-cetatenii-spune-viceprimarul-2301344?fbclid=IwY2xjawTFqkBleHRuA2FlbQIxMABicmlkETFRUHNtWXdaRU9GNENsWGpOc3J0YwZhcHBfaWQQMjIyMDM5MTc4ODIwMDg5MgABHhdpcZHsbJn_SPExPiblyGBfTgUlmImKKJiascnb7N5oqpDFe2xnm36km8ba_aem_DjVQlHR_G4VRCbnB_-5yEA\">HotNews<\/a>.<\/strong><\/p>\n\n\n\n<p class=\"wp-block-paragraph\">\u201eN-ar fi mai bine s\u0103 participa\u021bi dvs mar\u021bea cu mine la audien\u021be \u0219i s\u0103 le explica\u021bi asta cet\u0103\u021benilor? C\u0103 cet\u0103\u021benii de asta vin aici. Asta ne solicit\u0103. Cet\u0103\u021benii cer s\u0103 punem pavele\u201d, a spus viceprimarul Sectorului 3.<\/p>\n\n\n\n<p class=\"wp-block-paragraph\">El a mai spus c\u0103 \u00een 2024 \u201eau fost peste 400 de cereri, 400 de asocia\u021bii de proprietari \u00ee\u0219i doreau lucrul \u0103sta\u201d.<\/p>\n\n\n\n<p class=\"wp-block-paragraph\"><strong>CITE\u0218TE \u0218I:\u00a0<a href=\"https:\/\/buletin.de\/bucuresti\/lotul-1-al-a0-nord-risca-sa-nu-fie-deschis-nici-macar-in-aprilie-2027-oficialii-din-transporturi-se-contrazic-cu-privire-la-data-inaugurarii\/\">Lotul 1 al A0 Nord risc\u0103 s\u0103 nu fie deschis nici m\u0103car \u00een aprilie 2027. Oficialii din Transporturi se contrazic cu privire la data inaugur\u0103rii<\/a><\/strong><\/p>\n\n\n\n<p class=\"wp-block-paragraph\">\u00a0<\/p>\n\n\n\n<p class=\"wp-block-paragraph\"><\/p>\n","protected":false},"excerpt":{"rendered":"<p>Prim\u0103ria Sectorului 3 a decis s\u0103 mai aloce \u00eenc\u0103 80 de milioane de lei, echivalentul a circa 16 milioane de euro, pentru \u201eamenajarea domeniului public\u201d. Rectificarea bugetar\u0103 a fost adoptat\u0103 \u00een \u0219edin\u021ba Consiliului Local de miercuri, 15 iulie, dup\u0103 dezbateri aprinse \u00eentre consilierii locali, relateaz\u0103 HotNews. Bugetul Sectorului a fost majorat cu aproximativ 207 milioane [&hellip;]<\/p>\n","protected":false},"author":1,"featured_media":206295,"comment_status":"closed","ping_status":"open","sticky":false,"template":"","format":"standard","meta":{"_acf_changed":false,"inline_featured_image":false,"ngg_post_thumbnail":0,"footnotes":""},"categories":[6994,5762,24],"tags":[29490,282,20118,29492,14758,5958,440,76,29491],"ppma_author":[22583],"class_list":["post-206274","post","type-post","status-publish","format-standard","has-post-thumbnail","hentry","category-stiri-2","category-main","category-primarie","tag-amenajarea-domeniului-public","tag-bani-publici","tag-buget-sector-3","tag-credite-primaria-sector-3","tag-pavele","tag-reabilitare-blocuri","tag-sector-3","tag-spatii-verzi","tag-viceprimar-adrian-cocos"],"acf":[],"a3_pvc":{"activated":false,"total_views":0,"today_views":0},"yoast_head":"<!-- This site is optimized with the Yoast SEO Premium plugin v28.0 (Yoast SEO v28.3) - https:\/\/yoast.com\/product\/yoast-seo-premium-wordpress\/ -->\n<title>Prim\u0103ria Sectorului 3 aloc\u0103 \u00eenc\u0103 16 milioane de euro pentru \u201epavele, borduri \u0219i garduri\u201d. Viceprimarul: \u201eAsta ne cer oamenii\u201d | Hotnews - Buletin de Bucure\u0219ti<\/title>\n<meta name=\"description\" content=\"Prim\u0103ria Sectorului 3 aloc\u0103 \u00eenc\u0103 16 milioane de euro pentru \u201epavele, borduri \u0219i garduri\u201d. Viceprimarul: \u201eAsta ne cer oamenii\u201d.\" \/>\n<meta name=\"robots\" content=\"index, follow, max-snippet:-1, max-image-preview:large, max-video-preview:-1\" \/>\n<link rel=\"canonical\" href=\"https:\/\/buletin.de\/bucuresti\/primaria-sectorului-3-aloca-inca-16-milioane-de-euro-pentru-pavele-borduri-si-garduri-viceprimarul-asta-ne-cer-oamenii-hotnews\/\" \/>\n<meta property=\"og:locale\" content=\"en_GB\" \/>\n<meta property=\"og:type\" content=\"article\" \/>\n<meta property=\"og:title\" content=\"Prim\u0103ria Sectorului 3 aloc\u0103 \u00eenc\u0103 16 milioane de euro pentru \u201epavele, borduri \u0219i garduri\u201d. Viceprimarul: \u201eAsta ne cer oamenii\u201d | Hotnews\" \/>\n<meta property=\"og:description\" content=\"Prim\u0103ria Sectorului 3 aloc\u0103 \u00eenc\u0103 16 milioane de euro pentru \u201epavele, borduri \u0219i garduri\u201d. Viceprimarul: \u201eAsta ne cer oamenii\u201d.\" \/>\n<meta property=\"og:url\" content=\"https:\/\/buletin.de\/bucuresti\/primaria-sectorului-3-aloca-inca-16-milioane-de-euro-pentru-pavele-borduri-si-garduri-viceprimarul-asta-ne-cer-oamenii-hotnews\/\" \/>\n<meta property=\"og:site_name\" content=\"Buletin de Bucure\u0219ti\" \/>\n<meta property=\"article:publisher\" content=\"https:\/\/www.facebook.com\/buletin.de.buc\" \/>\n<meta property=\"article:published_time\" content=\"2026-07-16T14:51:14+00:00\" \/>\n<meta property=\"article:modified_time\" content=\"2026-07-16T14:51:15+00:00\" \/>\n<meta property=\"og:image\" content=\"https:\/\/buletin.de\/bucuresti\/wp-content\/uploads\/2026\/07\/image00006-8-1600x1200-1.jpeg\" \/>\n\t<meta property=\"og:image:width\" content=\"1600\" \/>\n\t<meta property=\"og:image:height\" content=\"1200\" \/>\n\t<meta property=\"og:image:type\" content=\"image\/jpeg\" \/>\n<meta name=\"author\" content=\"Redac\u021bia Buletin de Bucure\u0219ti\" \/>\n<meta name=\"twitter:card\" content=\"summary_large_image\" \/>\n<meta name=\"twitter:label1\" content=\"Written by\" \/>\n\t<meta name=\"twitter:data1\" content=\"Redac\u021bia Buletin de Bucure\u0219ti\" \/>\n\t<meta name=\"twitter:label2\" content=\"Estimated reading time\" \/>\n\t<meta name=\"twitter:data2\" content=\"3 minutes\" \/>\n<script type=\"application\/ld+json\" class=\"yoast-schema-graph\">{\"@context\":\"https:\\\/\\\/schema.org\",\"@graph\":[{\"@type\":\"Article\",\"@id\":\"https:\\\/\\\/buletin.de\\\/bucuresti\\\/primaria-sectorului-3-aloca-inca-16-milioane-de-euro-pentru-pavele-borduri-si-garduri-viceprimarul-asta-ne-cer-oamenii-hotnews\\\/#article\",\"isPartOf\":{\"@id\":\"https:\\\/\\\/buletin.de\\\/bucuresti\\\/primaria-sectorului-3-aloca-inca-16-milioane-de-euro-pentru-pavele-borduri-si-garduri-viceprimarul-asta-ne-cer-oamenii-hotnews\\\/\"},\"author\":{\"name\":\"Redac\u021bia Buletin de Bucure\u0219ti\",\"@id\":\"https:\\\/\\\/buletin.de\\\/bucuresti\\\/#\\\/schema\\\/person\\\/2bbcf854e5f2419a13804af574d06ab1\"},\"headline\":\"Prim\u0103ria Sectorului 3 aloc\u0103 \u00eenc\u0103 16 milioane de euro pentru \u201epavele, borduri \u0219i garduri\u201d. Viceprimarul: \u201eAsta ne cer oamenii\u201d | Hotnews\",\"datePublished\":\"2026-07-16T14:51:14+00:00\",\"dateModified\":\"2026-07-16T14:51:15+00:00\",\"mainEntityOfPage\":{\"@id\":\"https:\\\/\\\/buletin.de\\\/bucuresti\\\/primaria-sectorului-3-aloca-inca-16-milioane-de-euro-pentru-pavele-borduri-si-garduri-viceprimarul-asta-ne-cer-oamenii-hotnews\\\/\"},\"wordCount\":544,\"publisher\":{\"@id\":\"https:\\\/\\\/buletin.de\\\/bucuresti\\\/#organization\"},\"image\":{\"@id\":\"https:\\\/\\\/buletin.de\\\/bucuresti\\\/primaria-sectorului-3-aloca-inca-16-milioane-de-euro-pentru-pavele-borduri-si-garduri-viceprimarul-asta-ne-cer-oamenii-hotnews\\\/#primaryimage\"},\"thumbnailUrl\":\"https:\\\/\\\/buletin.de\\\/bucuresti\\\/wp-content\\\/uploads\\\/2026\\\/07\\\/image00006-8-1600x1200-1.jpeg\",\"keywords\":[\"amenajarea domeniului public\",\"bani publici\",\"buget sector 3\",\"credite primaria sector 3\",\"pavele\",\"reabilitare blocuri\",\"Sector 3\",\"spatii verzi\",\"viceprimar adrian cocos\"],\"articleSection\":[\"Articole\",\"Main\",\"Prim\u0103rie\"],\"inLanguage\":\"en-GB\",\"copyrightYear\":\"2026\",\"copyrightHolder\":{\"@id\":\"https:\\\/\\\/buletin.de\\\/bucuresti\\\/#organization\"}},{\"@type\":\"WebPage\",\"@id\":\"https:\\\/\\\/buletin.de\\\/bucuresti\\\/primaria-sectorului-3-aloca-inca-16-milioane-de-euro-pentru-pavele-borduri-si-garduri-viceprimarul-asta-ne-cer-oamenii-hotnews\\\/\",\"url\":\"https:\\\/\\\/buletin.de\\\/bucuresti\\\/primaria-sectorului-3-aloca-inca-16-milioane-de-euro-pentru-pavele-borduri-si-garduri-viceprimarul-asta-ne-cer-oamenii-hotnews\\\/\",\"name\":\"Prim\u0103ria Sectorului 3 aloc\u0103 \u00eenc\u0103 16 milioane de euro pentru \u201epavele, borduri \u0219i garduri\u201d. Viceprimarul: \u201eAsta ne cer oamenii\u201d | Hotnews - Buletin de Bucure\u0219ti\",\"isPartOf\":{\"@id\":\"https:\\\/\\\/buletin.de\\\/bucuresti\\\/#website\"},\"primaryImageOfPage\":{\"@id\":\"https:\\\/\\\/buletin.de\\\/bucuresti\\\/primaria-sectorului-3-aloca-inca-16-milioane-de-euro-pentru-pavele-borduri-si-garduri-viceprimarul-asta-ne-cer-oamenii-hotnews\\\/#primaryimage\"},\"image\":{\"@id\":\"https:\\\/\\\/buletin.de\\\/bucuresti\\\/primaria-sectorului-3-aloca-inca-16-milioane-de-euro-pentru-pavele-borduri-si-garduri-viceprimarul-asta-ne-cer-oamenii-hotnews\\\/#primaryimage\"},\"thumbnailUrl\":\"https:\\\/\\\/buletin.de\\\/bucuresti\\\/wp-content\\\/uploads\\\/2026\\\/07\\\/image00006-8-1600x1200-1.jpeg\",\"datePublished\":\"2026-07-16T14:51:14+00:00\",\"dateModified\":\"2026-07-16T14:51:15+00:00\",\"description\":\"Prim\u0103ria Sectorului 3 aloc\u0103 \u00eenc\u0103 16 milioane de euro pentru \u201epavele, borduri \u0219i garduri\u201d. Viceprimarul: \u201eAsta ne cer oamenii\u201d.\",\"breadcrumb\":{\"@id\":\"https:\\\/\\\/buletin.de\\\/bucuresti\\\/primaria-sectorului-3-aloca-inca-16-milioane-de-euro-pentru-pavele-borduri-si-garduri-viceprimarul-asta-ne-cer-oamenii-hotnews\\\/#breadcrumb\"},\"inLanguage\":\"en-GB\",\"potentialAction\":[{\"@type\":\"ReadAction\",\"target\":[\"https:\\\/\\\/buletin.de\\\/bucuresti\\\/primaria-sectorului-3-aloca-inca-16-milioane-de-euro-pentru-pavele-borduri-si-garduri-viceprimarul-asta-ne-cer-oamenii-hotnews\\\/\"]}]},{\"@type\":\"ImageObject\",\"inLanguage\":\"en-GB\",\"@id\":\"https:\\\/\\\/buletin.de\\\/bucuresti\\\/primaria-sectorului-3-aloca-inca-16-milioane-de-euro-pentru-pavele-borduri-si-garduri-viceprimarul-asta-ne-cer-oamenii-hotnews\\\/#primaryimage\",\"url\":\"https:\\\/\\\/buletin.de\\\/bucuresti\\\/wp-content\\\/uploads\\\/2026\\\/07\\\/image00006-8-1600x1200-1.jpeg\",\"contentUrl\":\"https:\\\/\\\/buletin.de\\\/bucuresti\\\/wp-content\\\/uploads\\\/2026\\\/07\\\/image00006-8-1600x1200-1.jpeg\",\"width\":1600,\"height\":1200,\"caption\":\"Prim\u0103ria Sectorului 3 aloc\u0103 \u00eenc\u0103 16 milioane de euro pentru \u201epavele, borduri \u0219i garduri\u201d. Foto: C\u0103t\u0103lin Anghel-Dimache\"},{\"@type\":\"BreadcrumbList\",\"@id\":\"https:\\\/\\\/buletin.de\\\/bucuresti\\\/primaria-sectorului-3-aloca-inca-16-milioane-de-euro-pentru-pavele-borduri-si-garduri-viceprimarul-asta-ne-cer-oamenii-hotnews\\\/#breadcrumb\",\"itemListElement\":[{\"@type\":\"ListItem\",\"position\":1,\"name\":\"Acas\u0103\",\"item\":\"https:\\\/\\\/buletin.de\\\/bucuresti\\\/\"},{\"@type\":\"ListItem\",\"position\":2,\"name\":\"Prim\u0103ria Sectorului 3 aloc\u0103 \u00eenc\u0103 16 milioane de euro pentru \u201epavele, borduri \u0219i garduri\u201d. Viceprimarul: \u201eAsta ne cer oamenii\u201d | Hotnews\"}]},{\"@type\":\"WebSite\",\"@id\":\"https:\\\/\\\/buletin.de\\\/bucuresti\\\/#website\",\"url\":\"https:\\\/\\\/buletin.de\\\/bucuresti\\\/\",\"name\":\"Buletin de Bucure\u0219ti\",\"description\":\"\u0218tiri \u0219i investiga\u021bii esen\u021biale din capital\u0103\",\"publisher\":{\"@id\":\"https:\\\/\\\/buletin.de\\\/bucuresti\\\/#organization\"},\"potentialAction\":[{\"@type\":\"SearchAction\",\"target\":{\"@type\":\"EntryPoint\",\"urlTemplate\":\"https:\\\/\\\/buletin.de\\\/bucuresti\\\/?s={search_term_string}\"},\"query-input\":{\"@type\":\"PropertyValueSpecification\",\"valueRequired\":true,\"valueName\":\"search_term_string\"}}],\"inLanguage\":\"en-GB\"},{\"@type\":\"Organization\",\"@id\":\"https:\\\/\\\/buletin.de\\\/bucuresti\\\/#organization\",\"name\":\"Buletin de Bucure\u0219ti\",\"url\":\"https:\\\/\\\/buletin.de\\\/bucuresti\\\/\",\"logo\":{\"@type\":\"ImageObject\",\"inLanguage\":\"en-GB\",\"@id\":\"https:\\\/\\\/buletin.de\\\/bucuresti\\\/#\\\/schema\\\/logo\\\/image\\\/\",\"url\":\"https:\\\/\\\/buletin.de\\\/bucuresti\\\/wp-content\\\/uploads\\\/logo-bdb-full-wide-vernil-transparent.png\",\"contentUrl\":\"https:\\\/\\\/buletin.de\\\/bucuresti\\\/wp-content\\\/uploads\\\/logo-bdb-full-wide-vernil-transparent.png\",\"width\":1782,\"height\":626,\"caption\":\"Buletin de Bucure\u0219ti\"},\"image\":{\"@id\":\"https:\\\/\\\/buletin.de\\\/bucuresti\\\/#\\\/schema\\\/logo\\\/image\\\/\"},\"sameAs\":[\"https:\\\/\\\/www.facebook.com\\\/buletin.de.buc\",\"https:\\\/\\\/www.instagram.com\\\/buletinde.bucuresti\\\/\"]},{\"@type\":\"Person\",\"@id\":\"https:\\\/\\\/buletin.de\\\/bucuresti\\\/#\\\/schema\\\/person\\\/2bbcf854e5f2419a13804af574d06ab1\",\"name\":\"Redac\u021bia Buletin de Bucure\u0219ti\",\"image\":{\"@type\":\"ImageObject\",\"inLanguage\":\"en-GB\",\"@id\":\"https:\\\/\\\/secure.gravatar.com\\\/avatar\\\/18c5342381ed1a08620e6280424e3e5efc958618f5d67c522c9e44c1bc6f9226?s=96&d=monsterid&r=g60c7cd0ad92c68c049fcd4bb3504d609\",\"url\":\"https:\\\/\\\/secure.gravatar.com\\\/avatar\\\/18c5342381ed1a08620e6280424e3e5efc958618f5d67c522c9e44c1bc6f9226?s=96&d=monsterid&r=g\",\"contentUrl\":\"https:\\\/\\\/secure.gravatar.com\\\/avatar\\\/18c5342381ed1a08620e6280424e3e5efc958618f5d67c522c9e44c1bc6f9226?s=96&d=monsterid&r=g\",\"caption\":\"Redac\u021bia Buletin de Bucure\u0219ti\"},\"description\":\"Buletin de Bucure\u0219ti exist\u0103 din vara anului 2019.\",\"url\":\"https:\\\/\\\/buletin.de\\\/bucuresti\\\/author\\\/adminbuletin\\\/\"}]}<\/script>\n<!-- \/ Yoast SEO Premium plugin. -->","yoast_head_json":{"title":"Prim\u0103ria Sectorului 3 aloc\u0103 \u00eenc\u0103 16 milioane de euro pentru \u201epavele, borduri \u0219i garduri\u201d. Viceprimarul: \u201eAsta ne cer oamenii\u201d | Hotnews - Buletin de Bucure\u0219ti","description":"Prim\u0103ria Sectorului 3 aloc\u0103 \u00eenc\u0103 16 milioane de euro pentru \u201epavele, borduri \u0219i garduri\u201d. Viceprimarul: \u201eAsta ne cer oamenii\u201d.","robots":{"index":"index","follow":"follow","max-snippet":"max-snippet:-1","max-image-preview":"max-image-preview:large","max-video-preview":"max-video-preview:-1"},"canonical":"https:\/\/buletin.de\/bucuresti\/primaria-sectorului-3-aloca-inca-16-milioane-de-euro-pentru-pavele-borduri-si-garduri-viceprimarul-asta-ne-cer-oamenii-hotnews\/","og_locale":"en_GB","og_type":"article","og_title":"Prim\u0103ria Sectorului 3 aloc\u0103 \u00eenc\u0103 16 milioane de euro pentru \u201epavele, borduri \u0219i garduri\u201d. Viceprimarul: \u201eAsta ne cer oamenii\u201d | Hotnews","og_description":"Prim\u0103ria Sectorului 3 aloc\u0103 \u00eenc\u0103 16 milioane de euro pentru \u201epavele, borduri \u0219i garduri\u201d. Viceprimarul: \u201eAsta ne cer oamenii\u201d.","og_url":"https:\/\/buletin.de\/bucuresti\/primaria-sectorului-3-aloca-inca-16-milioane-de-euro-pentru-pavele-borduri-si-garduri-viceprimarul-asta-ne-cer-oamenii-hotnews\/","og_site_name":"Buletin de Bucure\u0219ti","article_publisher":"https:\/\/www.facebook.com\/buletin.de.buc","article_published_time":"2026-07-16T14:51:14+00:00","article_modified_time":"2026-07-16T14:51:15+00:00","og_image":[{"width":1600,"height":1200,"url":"https:\/\/buletin.de\/bucuresti\/wp-content\/uploads\/2026\/07\/image00006-8-1600x1200-1.jpeg","type":"image\/jpeg"}],"author":"Redac\u021bia Buletin de Bucure\u0219ti","twitter_card":"summary_large_image","twitter_misc":{"Written by":"Redac\u021bia Buletin de Bucure\u0219ti","Estimated reading time":"3 minutes"},"schema":{"@context":"https:\/\/schema.org","@graph":[{"@type":"Article","@id":"https:\/\/buletin.de\/bucuresti\/primaria-sectorului-3-aloca-inca-16-milioane-de-euro-pentru-pavele-borduri-si-garduri-viceprimarul-asta-ne-cer-oamenii-hotnews\/#article","isPartOf":{"@id":"https:\/\/buletin.de\/bucuresti\/primaria-sectorului-3-aloca-inca-16-milioane-de-euro-pentru-pavele-borduri-si-garduri-viceprimarul-asta-ne-cer-oamenii-hotnews\/"},"author":{"name":"Redac\u021bia Buletin de Bucure\u0219ti","@id":"https:\/\/buletin.de\/bucuresti\/#\/schema\/person\/2bbcf854e5f2419a13804af574d06ab1"},"headline":"Prim\u0103ria Sectorului 3 aloc\u0103 \u00eenc\u0103 16 milioane de euro pentru \u201epavele, borduri \u0219i garduri\u201d. Viceprimarul: \u201eAsta ne cer oamenii\u201d | Hotnews","datePublished":"2026-07-16T14:51:14+00:00","dateModified":"2026-07-16T14:51:15+00:00","mainEntityOfPage":{"@id":"https:\/\/buletin.de\/bucuresti\/primaria-sectorului-3-aloca-inca-16-milioane-de-euro-pentru-pavele-borduri-si-garduri-viceprimarul-asta-ne-cer-oamenii-hotnews\/"},"wordCount":544,"publisher":{"@id":"https:\/\/buletin.de\/bucuresti\/#organization"},"image":{"@id":"https:\/\/buletin.de\/bucuresti\/primaria-sectorului-3-aloca-inca-16-milioane-de-euro-pentru-pavele-borduri-si-garduri-viceprimarul-asta-ne-cer-oamenii-hotnews\/#primaryimage"},"thumbnailUrl":"https:\/\/buletin.de\/bucuresti\/wp-content\/uploads\/2026\/07\/image00006-8-1600x1200-1.jpeg","keywords":["amenajarea domeniului public","bani publici","buget sector 3","credite primaria sector 3","pavele","reabilitare blocuri","Sector 3","spatii verzi","viceprimar adrian cocos"],"articleSection":["Articole","Main","Prim\u0103rie"],"inLanguage":"en-GB","copyrightYear":"2026","copyrightHolder":{"@id":"https:\/\/buletin.de\/bucuresti\/#organization"}},{"@type":"WebPage","@id":"https:\/\/buletin.de\/bucuresti\/primaria-sectorului-3-aloca-inca-16-milioane-de-euro-pentru-pavele-borduri-si-garduri-viceprimarul-asta-ne-cer-oamenii-hotnews\/","url":"https:\/\/buletin.de\/bucuresti\/primaria-sectorului-3-aloca-inca-16-milioane-de-euro-pentru-pavele-borduri-si-garduri-viceprimarul-asta-ne-cer-oamenii-hotnews\/","name":"Prim\u0103ria Sectorului 3 aloc\u0103 \u00eenc\u0103 16 milioane de euro pentru \u201epavele, borduri \u0219i garduri\u201d. Viceprimarul: \u201eAsta ne cer oamenii\u201d | Hotnews - Buletin de Bucure\u0219ti","isPartOf":{"@id":"https:\/\/buletin.de\/bucuresti\/#website"},"primaryImageOfPage":{"@id":"https:\/\/buletin.de\/bucuresti\/primaria-sectorului-3-aloca-inca-16-milioane-de-euro-pentru-pavele-borduri-si-garduri-viceprimarul-asta-ne-cer-oamenii-hotnews\/#primaryimage"},"image":{"@id":"https:\/\/buletin.de\/bucuresti\/primaria-sectorului-3-aloca-inca-16-milioane-de-euro-pentru-pavele-borduri-si-garduri-viceprimarul-asta-ne-cer-oamenii-hotnews\/#primaryimage"},"thumbnailUrl":"https:\/\/buletin.de\/bucuresti\/wp-content\/uploads\/2026\/07\/image00006-8-1600x1200-1.jpeg","datePublished":"2026-07-16T14:51:14+00:00","dateModified":"2026-07-16T14:51:15+00:00","description":"Prim\u0103ria Sectorului 3 aloc\u0103 \u00eenc\u0103 16 milioane de euro pentru \u201epavele, borduri \u0219i garduri\u201d. Viceprimarul: \u201eAsta ne cer oamenii\u201d.","breadcrumb":{"@id":"https:\/\/buletin.de\/bucuresti\/primaria-sectorului-3-aloca-inca-16-milioane-de-euro-pentru-pavele-borduri-si-garduri-viceprimarul-asta-ne-cer-oamenii-hotnews\/#breadcrumb"},"inLanguage":"en-GB","potentialAction":[{"@type":"ReadAction","target":["https:\/\/buletin.de\/bucuresti\/primaria-sectorului-3-aloca-inca-16-milioane-de-euro-pentru-pavele-borduri-si-garduri-viceprimarul-asta-ne-cer-oamenii-hotnews\/"]}]},{"@type":"ImageObject","inLanguage":"en-GB","@id":"https:\/\/buletin.de\/bucuresti\/primaria-sectorului-3-aloca-inca-16-milioane-de-euro-pentru-pavele-borduri-si-garduri-viceprimarul-asta-ne-cer-oamenii-hotnews\/#primaryimage","url":"https:\/\/buletin.de\/bucuresti\/wp-content\/uploads\/2026\/07\/image00006-8-1600x1200-1.jpeg","contentUrl":"https:\/\/buletin.de\/bucuresti\/wp-content\/uploads\/2026\/07\/image00006-8-1600x1200-1.jpeg","width":1600,"height":1200,"caption":"Prim\u0103ria Sectorului 3 aloc\u0103 \u00eenc\u0103 16 milioane de euro pentru \u201epavele, borduri \u0219i garduri\u201d. Foto: C\u0103t\u0103lin Anghel-Dimache"},{"@type":"BreadcrumbList","@id":"https:\/\/buletin.de\/bucuresti\/primaria-sectorului-3-aloca-inca-16-milioane-de-euro-pentru-pavele-borduri-si-garduri-viceprimarul-asta-ne-cer-oamenii-hotnews\/#breadcrumb","itemListElement":[{"@type":"ListItem","position":1,"name":"Acas\u0103","item":"https:\/\/buletin.de\/bucuresti\/"},{"@type":"ListItem","position":2,"name":"Prim\u0103ria Sectorului 3 aloc\u0103 \u00eenc\u0103 16 milioane de euro pentru \u201epavele, borduri \u0219i garduri\u201d. Viceprimarul: \u201eAsta ne cer oamenii\u201d | Hotnews"}]},{"@type":"WebSite","@id":"https:\/\/buletin.de\/bucuresti\/#website","url":"https:\/\/buletin.de\/bucuresti\/","name":"Buletin de Bucure\u0219ti","description":"\u0218tiri \u0219i investiga\u021bii esen\u021biale din capital\u0103","publisher":{"@id":"https:\/\/buletin.de\/bucuresti\/#organization"},"potentialAction":[{"@type":"SearchAction","target":{"@type":"EntryPoint","urlTemplate":"https:\/\/buletin.de\/bucuresti\/?s={search_term_string}"},"query-input":{"@type":"PropertyValueSpecification","valueRequired":true,"valueName":"search_term_string"}}],"inLanguage":"en-GB"},{"@type":"Organization","@id":"https:\/\/buletin.de\/bucuresti\/#organization","name":"Buletin de Bucure\u0219ti","url":"https:\/\/buletin.de\/bucuresti\/","logo":{"@type":"ImageObject","inLanguage":"en-GB","@id":"https:\/\/buletin.de\/bucuresti\/#\/schema\/logo\/image\/","url":"https:\/\/buletin.de\/bucuresti\/wp-content\/uploads\/logo-bdb-full-wide-vernil-transparent.png","contentUrl":"https:\/\/buletin.de\/bucuresti\/wp-content\/uploads\/logo-bdb-full-wide-vernil-transparent.png","width":1782,"height":626,"caption":"Buletin de Bucure\u0219ti"},"image":{"@id":"https:\/\/buletin.de\/bucuresti\/#\/schema\/logo\/image\/"},"sameAs":["https:\/\/www.facebook.com\/buletin.de.buc","https:\/\/www.instagram.com\/buletinde.bucuresti\/"]},{"@type":"Person","@id":"https:\/\/buletin.de\/bucuresti\/#\/schema\/person\/2bbcf854e5f2419a13804af574d06ab1","name":"Redac\u021bia Buletin de Bucure\u0219ti","image":{"@type":"ImageObject","inLanguage":"en-GB","@id":"https:\/\/secure.gravatar.com\/avatar\/18c5342381ed1a08620e6280424e3e5efc958618f5d67c522c9e44c1bc6f9226?s=96&d=monsterid&r=g60c7cd0ad92c68c049fcd4bb3504d609","url":"https:\/\/secure.gravatar.com\/avatar\/18c5342381ed1a08620e6280424e3e5efc958618f5d67c522c9e44c1bc6f9226?s=96&d=monsterid&r=g","contentUrl":"https:\/\/secure.gravatar.com\/avatar\/18c5342381ed1a08620e6280424e3e5efc958618f5d67c522c9e44c1bc6f9226?s=96&d=monsterid&r=g","caption":"Redac\u021bia Buletin de Bucure\u0219ti"},"description":"Buletin de Bucure\u0219ti exist\u0103 din vara anului 2019.","url":"https:\/\/buletin.de\/bucuresti\/author\/adminbuletin\/"}]}},"authors":[{"term_id":22583,"user_id":1,"is_guest":0,"slug":"adminbuletin","display_name":"Redac\u021bia Buletin de Bucure\u0219ti","avatar_url":"https:\/\/secure.gravatar.com\/avatar\/18c5342381ed1a08620e6280424e3e5efc958618f5d67c522c9e44c1bc6f9226?s=96&d=monsterid&r=g","author_category":"","first_name":"Redac\u021bia Buletin de Bucure\u0219ti","last_name":"","user_url":"","job_title":"","description":"Buletin de Bucure\u0219ti exist\u0103 din vara anului 2019."}],"_links":{"self":[{"href":"https:\/\/buletin.de\/bucuresti\/wp-json\/wp\/v2\/posts\/206274","targetHints":{"allow":["GET"]}}],"collection":[{"href":"https:\/\/buletin.de\/bucuresti\/wp-json\/wp\/v2\/posts"}],"about":[{"href":"https:\/\/buletin.de\/bucuresti\/wp-json\/wp\/v2\/types\/post"}],"author":[{"embeddable":true,"href":"https:\/\/buletin.de\/bucuresti\/wp-json\/wp\/v2\/users\/1"}],"replies":[{"embeddable":true,"href":"https:\/\/buletin.de\/bucuresti\/wp-json\/wp\/v2\/comments?post=206274"}],"version-history":[{"count":1,"href":"https:\/\/buletin.de\/bucuresti\/wp-json\/wp\/v2\/posts\/206274\/revisions"}],"predecessor-version":[{"id":206296,"href":"https:\/\/buletin.de\/bucuresti\/wp-json\/wp\/v2\/posts\/206274\/revisions\/206296"}],"wp:featuredmedia":[{"embeddable":true,"href":"https:\/\/buletin.de\/bucuresti\/wp-json\/wp\/v2\/media\/206295"}],"wp:attachment":[{"href":"https:\/\/buletin.de\/bucuresti\/wp-json\/wp\/v2\/media?parent=206274"}],"wp:term":[{"taxonomy":"category","embeddable":true,"href":"https:\/\/buletin.de\/bucuresti\/wp-json\/wp\/v2\/categories?post=206274"},{"taxonomy":"post_tag","embeddable":true,"href":"https:\/\/buletin.de\/bucuresti\/wp-json\/wp\/v2\/tags?post=206274"},{"taxonomy":"author","embeddable":true,"href":"https:\/\/buletin.de\/bucuresti\/wp-json\/wp\/v2\/ppma_author?post=206274"}],"curies":[{"name":"wp","href":"https:\/\/api.w.org\/{rel}","templated":true}]}}