{"id":206270,"date":"2026-07-16T17:29:32","date_gmt":"2026-07-16T14:29:32","guid":{"rendered":"https:\/\/buletin.de\/bucuresti\/?p=206270"},"modified":"2026-07-16T17:29:33","modified_gmt":"2026-07-16T14:29:33","slug":"perchezitii-dna-in-bucuresti-si-zece-judete-intr-un-dosar-de-evaziune-fiscala-de-15-milioane-de-lei","status":"publish","type":"post","link":"https:\/\/buletin.de\/bucuresti\/perchezitii-dna-in-bucuresti-si-zece-judete-intr-un-dosar-de-evaziune-fiscala-de-15-milioane-de-lei\/","title":{"rendered":"Perchezi\u021bii DNA \u00een Bucure\u0219ti \u0219i zece jude\u021be, \u00eentr-un dosar de evaziune fiscal\u0103 de 15 milioane de lei"},"content":{"rendered":"\n<p class=\"wp-block-paragraph\"><strong>Procurorii de la Direc\u021bia Na\u021bional\u0103 Anticorup\u021bie (DNA) efectueaz\u0103, joi, 30 de perchezi\u021bii \u00een Bucure\u0219ti \u0219i \u00een zece jude\u021be, \u00eentr-un dosar care vizeaz\u0103 suspiciuni de evaziune fiscal\u0103 \u00een domeniul colect\u0103rii \u0219i recicl\u0103rii de\u0219eurilor metalice.<\/strong><\/p>\n\n\n\n<p class=\"wp-block-paragraph\"><strong>Potrivit comunicatului emis de DNA, prejudiciul estimat adus bugetului de stat se ridic\u0103 la aproximativ 15 milioane de lei. <\/strong><\/p>\n\n\n\n<p class=\"wp-block-paragraph\">\u00cen comunicat se mai precizeaz\u0103 c\u0103 <a href=\"https:\/\/buletin.de\/bucuresti\/flagrant-dna-la-politia-sectorului-3-comisar-sef-retinut-pentru-o-mita-de-10-000-de-euro\/\" data-type=\"link\" data-id=\"https:\/\/buletin.de\/bucuresti\/flagrant-dna-la-politia-sectorului-3-comisar-sef-retinut-pentru-o-mita-de-10-000-de-euro\/\" target=\"_blank\" rel=\"noreferrer noopener\">procurorii <\/a>efectueaz\u0103 perchezi\u021bii \u00een 30 de loca\u021bii din Bucure\u0219ti \u0219i din jude\u021bele men\u021bionate. Descinderile au loc at\u00e2t la domiciliile unor persoane fizice, c\u00e2t \u0219i la sediile sau punctele de lucru ale unor societ\u0103\u021bi comerciale.<\/p>\n\n\n\n<h2 id=\"h-procurorii-dna-fac-perchezi\u021bii-in-bucure\u0219ti-\u0219i-in-10-jude\u021be\" class=\"wp-block-heading\">Procurorii DNA fac perchezi\u021bii \u00een Bucure\u0219ti \u0219i \u00een 10 jude\u021be<\/h2>\n\n\n\n<p class=\"wp-block-paragraph\"><em>\u201eProcurorii din cadrul Direc\u021biei Na\u021bionale Anticorup\u021bie \u2013 Serviciul Teritorial Gala\u021bi efectueaz\u0103 cercet\u0103ri \u00eentr-o cauz\u0103 penal\u0103 ce vizeaz\u0103 suspiciuni privind s\u0103v\u00e2r\u0219irea, \u00een perioada 2023 &#8211; 2025, a unor infrac\u021biuni de evaziune fiscal\u0103, de c\u0103tre mai multe societ\u0103\u021bi comerciale av\u00e2nd ca obiect de activitate colectarea \u0219i reciclarea de\u0219eurilor metalice, precum \u0219i de c\u0103tre reprezentan\u021bi ai acestora, prejudiciul adus bugetului de stat fiind estimat, la acest moment, la aproximativ 15 milioane de lei..<\/em>\u201d, <a href=\"https:\/\/www.dna.ro\/comunicat.xhtml?id=13854\" data-type=\"link\" data-id=\"https:\/\/www.dna.ro\/comunicat.xhtml?id=13854\" target=\"_blank\" rel=\"noreferrer noopener\">a transmis DNA<\/a> joi, 16 iulie.<\/p>\n\n\n\n<p class=\"wp-block-paragraph\">Descinderile au loc cu sprijinul Direc\u021biei Na\u021bionale Anticorup\u021bie-Structura central\u0103, a Serviciilor Teritoriale Bac\u0103u, Craiova, Pite\u0219ti \u0219i Constan\u021ba, Serviciului de Investigare a Criminalit\u0103\u021bii Economice din cadrul I.P.J. Gala\u021bi \u0219i I.P.J. Vrancea, precum \u0219i a Jandarmeriei Rom\u00e2ne. <\/p>\n\n\n\n<p class=\"wp-block-paragraph\"><strong>Investiga\u021bia urm\u0103re\u0219te stabilirea \u00eemprejur\u0103rilor \u00een care ar fi fost s\u0103v\u00e2r\u0219ite faptele \u0219i identificarea tuturor persoanelor implicate. Procurorii nu au anun\u021bat, deocamdat\u0103, dac\u0103 au fost dispuse m\u0103suri preventive sau daca au fost formulate acuza\u021bii \u00eempotriva unor persoane. <\/strong><\/p>\n\n\n\n<p class=\"wp-block-paragraph\">\u201eRaportat la actele procedurale efectuate \u00een prezenta cauz\u0103, preciz\u0103m c\u0103, atunci c\u00e2nd \u00eemprejur\u0103rile vor permite, vom fi \u00een m\u0103sur\u0103 <em>s\u0103 oferim detalii suplimentare.\u201d<\/em>, se mai precizeaz\u0103 \u00een comunicat. <\/p>\n\n\n\n<p class=\"wp-block-paragraph\">CITE\u0218TE \u0218I <a href=\"https:\/\/buletin.de\/bucuresti\/amenzi-de-90-000-de-lei-sectorul-1-deseuri-pe-domeniul-public-doua-masini-confiscate\/\" target=\"_blank\" rel=\"noreferrer noopener\">VIDEO | Amenzi de 90.000 de lei \u00een Sectorul 1 pentru persoane care au aruncat de\u0219euri pe domeniul public. Dou\u0103 ma\u0219ini au fost confiscate<\/a><\/p>\n","protected":false},"excerpt":{"rendered":"<p>Procurorii de la Direc\u021bia Na\u021bional\u0103 Anticorup\u021bie (DNA) efectueaz\u0103, joi, 30 de perchezi\u021bii \u00een Bucure\u0219ti \u0219i \u00een zece jude\u021be, \u00eentr-un dosar care vizeaz\u0103 suspiciuni de evaziune fiscal\u0103 \u00een domeniul colect\u0103rii \u0219i recicl\u0103rii de\u0219eurilor metalice. Potrivit comunicatului emis de DNA, prejudiciul estimat adus bugetului de stat se ridic\u0103 la aproximativ 15 milioane de lei. \u00cen comunicat se [&hellip;]<\/p>\n","protected":false},"author":1,"featured_media":206283,"comment_status":"closed","ping_status":"open","sticky":false,"template":"","format":"standard","meta":{"_acf_changed":false,"inline_featured_image":false,"ngg_post_thumbnail":0,"footnotes":""},"categories":[6994,9026,62],"tags":[7504,875,7805,1983],"ppma_author":[22583],"class_list":["post-206270","post","type-post","status-publish","format-standard","has-post-thumbnail","hentry","category-stiri-2","category-eveniment","category-stiri","tag-directia-nationala-anticoruptie","tag-dna","tag-evaziune-fiscala","tag-perchezitii"],"acf":[],"a3_pvc":{"activated":false,"total_views":0,"today_views":0},"yoast_head":"<!-- This site is optimized with the Yoast SEO Premium plugin v28.0 (Yoast SEO v28.3) - https:\/\/yoast.com\/product\/yoast-seo-premium-wordpress\/ -->\n<title>Perchezi\u021bii DNA \u00een Bucure\u0219ti \u0219i zece jude\u021be, \u00eentr-un dosar de evaziune fiscal\u0103 de 15 milioane de lei - Buletin de Bucure\u0219ti<\/title>\n<meta name=\"description\" content=\"DNA efectueaz\u0103, joi, 30 de perchezi\u021bii \u00een Bucure\u0219ti \u0219i \u00een zece jude\u021be, \u00eentr-un dosar care vizeaz\u0103 suspiciuni de evaziune fiscal\u0103.\" \/>\n<meta name=\"robots\" content=\"index, follow, max-snippet:-1, max-image-preview:large, max-video-preview:-1\" \/>\n<link rel=\"canonical\" href=\"https:\/\/buletin.de\/bucuresti\/perchezitii-dna-in-bucuresti-si-zece-judete-intr-un-dosar-de-evaziune-fiscala-de-15-milioane-de-lei\/\" \/>\n<meta property=\"og:locale\" content=\"en_GB\" \/>\n<meta property=\"og:type\" content=\"article\" \/>\n<meta property=\"og:title\" content=\"Perchezi\u021bii DNA \u00een Bucure\u0219ti \u0219i zece jude\u021be, \u00eentr-un dosar de evaziune fiscal\u0103 de 15 milioane de lei\" \/>\n<meta property=\"og:description\" content=\"DNA efectueaz\u0103, joi, 30 de perchezi\u021bii \u00een Bucure\u0219ti \u0219i \u00een zece jude\u021be, \u00eentr-un dosar care vizeaz\u0103 suspiciuni de evaziune fiscal\u0103.\" \/>\n<meta property=\"og:url\" content=\"https:\/\/buletin.de\/bucuresti\/perchezitii-dna-in-bucuresti-si-zece-judete-intr-un-dosar-de-evaziune-fiscala-de-15-milioane-de-lei\/\" \/>\n<meta property=\"og:site_name\" content=\"Buletin de Bucure\u0219ti\" \/>\n<meta property=\"article:publisher\" content=\"https:\/\/www.facebook.com\/buletin.de.buc\" \/>\n<meta property=\"article:published_time\" content=\"2026-07-16T14:29:32+00:00\" \/>\n<meta property=\"article:modified_time\" content=\"2026-07-16T14:29:33+00:00\" \/>\n<meta property=\"og:image\" content=\"https:\/\/buletin.de\/bucuresti\/wp-content\/uploads\/2026\/07\/Emblema-DNA-Ovidiu-Micsik-Inquam-Photos-1600x1067-1.jpg\" \/>\n\t<meta property=\"og:image:width\" content=\"1600\" \/>\n\t<meta property=\"og:image:height\" content=\"1067\" \/>\n\t<meta property=\"og:image:type\" content=\"image\/jpeg\" \/>\n<meta name=\"author\" content=\"Redac\u021bia Buletin de Bucure\u0219ti\" \/>\n<meta name=\"twitter:card\" content=\"summary_large_image\" \/>\n<meta name=\"twitter:label1\" content=\"Written by\" \/>\n\t<meta name=\"twitter:data1\" content=\"Redac\u021bia Buletin de Bucure\u0219ti\" \/>\n\t<meta name=\"twitter:label2\" content=\"Estimated reading time\" \/>\n\t<meta name=\"twitter:data2\" content=\"2 minutes\" \/>\n<script type=\"application\/ld+json\" class=\"yoast-schema-graph\">{\"@context\":\"https:\\\/\\\/schema.org\",\"@graph\":[{\"@type\":\"Article\",\"@id\":\"https:\\\/\\\/buletin.de\\\/bucuresti\\\/perchezitii-dna-in-bucuresti-si-zece-judete-intr-un-dosar-de-evaziune-fiscala-de-15-milioane-de-lei\\\/#article\",\"isPartOf\":{\"@id\":\"https:\\\/\\\/buletin.de\\\/bucuresti\\\/perchezitii-dna-in-bucuresti-si-zece-judete-intr-un-dosar-de-evaziune-fiscala-de-15-milioane-de-lei\\\/\"},\"author\":{\"name\":\"Redac\u021bia Buletin de Bucure\u0219ti\",\"@id\":\"https:\\\/\\\/buletin.de\\\/bucuresti\\\/#\\\/schema\\\/person\\\/2bbcf854e5f2419a13804af574d06ab1\"},\"headline\":\"Perchezi\u021bii DNA \u00een Bucure\u0219ti \u0219i zece jude\u021be, \u00eentr-un dosar de evaziune fiscal\u0103 de 15 milioane de lei\",\"datePublished\":\"2026-07-16T14:29:32+00:00\",\"dateModified\":\"2026-07-16T14:29:33+00:00\",\"mainEntityOfPage\":{\"@id\":\"https:\\\/\\\/buletin.de\\\/bucuresti\\\/perchezitii-dna-in-bucuresti-si-zece-judete-intr-un-dosar-de-evaziune-fiscala-de-15-milioane-de-lei\\\/\"},\"wordCount\":375,\"publisher\":{\"@id\":\"https:\\\/\\\/buletin.de\\\/bucuresti\\\/#organization\"},\"image\":{\"@id\":\"https:\\\/\\\/buletin.de\\\/bucuresti\\\/perchezitii-dna-in-bucuresti-si-zece-judete-intr-un-dosar-de-evaziune-fiscala-de-15-milioane-de-lei\\\/#primaryimage\"},\"thumbnailUrl\":\"https:\\\/\\\/buletin.de\\\/bucuresti\\\/wp-content\\\/uploads\\\/2026\\\/07\\\/Emblema-DNA-Ovidiu-Micsik-Inquam-Photos-1600x1067-1.jpg\",\"keywords\":[\"directia nationala anticoruptie\",\"dna\",\"evaziune fiscala\",\"perchezitii\"],\"articleSection\":[\"Articole\",\"Eveniment\",\"\u0218tiri\"],\"inLanguage\":\"en-GB\",\"copyrightYear\":\"2026\",\"copyrightHolder\":{\"@id\":\"https:\\\/\\\/buletin.de\\\/bucuresti\\\/#organization\"}},{\"@type\":\"WebPage\",\"@id\":\"https:\\\/\\\/buletin.de\\\/bucuresti\\\/perchezitii-dna-in-bucuresti-si-zece-judete-intr-un-dosar-de-evaziune-fiscala-de-15-milioane-de-lei\\\/\",\"url\":\"https:\\\/\\\/buletin.de\\\/bucuresti\\\/perchezitii-dna-in-bucuresti-si-zece-judete-intr-un-dosar-de-evaziune-fiscala-de-15-milioane-de-lei\\\/\",\"name\":\"Perchezi\u021bii DNA \u00een Bucure\u0219ti \u0219i zece jude\u021be, \u00eentr-un dosar de evaziune fiscal\u0103 de 15 milioane de lei - Buletin de Bucure\u0219ti\",\"isPartOf\":{\"@id\":\"https:\\\/\\\/buletin.de\\\/bucuresti\\\/#website\"},\"primaryImageOfPage\":{\"@id\":\"https:\\\/\\\/buletin.de\\\/bucuresti\\\/perchezitii-dna-in-bucuresti-si-zece-judete-intr-un-dosar-de-evaziune-fiscala-de-15-milioane-de-lei\\\/#primaryimage\"},\"image\":{\"@id\":\"https:\\\/\\\/buletin.de\\\/bucuresti\\\/perchezitii-dna-in-bucuresti-si-zece-judete-intr-un-dosar-de-evaziune-fiscala-de-15-milioane-de-lei\\\/#primaryimage\"},\"thumbnailUrl\":\"https:\\\/\\\/buletin.de\\\/bucuresti\\\/wp-content\\\/uploads\\\/2026\\\/07\\\/Emblema-DNA-Ovidiu-Micsik-Inquam-Photos-1600x1067-1.jpg\",\"datePublished\":\"2026-07-16T14:29:32+00:00\",\"dateModified\":\"2026-07-16T14:29:33+00:00\",\"description\":\"DNA efectueaz\u0103, joi, 30 de perchezi\u021bii \u00een Bucure\u0219ti \u0219i \u00een zece jude\u021be, \u00eentr-un dosar care vizeaz\u0103 suspiciuni de evaziune fiscal\u0103.\",\"breadcrumb\":{\"@id\":\"https:\\\/\\\/buletin.de\\\/bucuresti\\\/perchezitii-dna-in-bucuresti-si-zece-judete-intr-un-dosar-de-evaziune-fiscala-de-15-milioane-de-lei\\\/#breadcrumb\"},\"inLanguage\":\"en-GB\",\"potentialAction\":[{\"@type\":\"ReadAction\",\"target\":[\"https:\\\/\\\/buletin.de\\\/bucuresti\\\/perchezitii-dna-in-bucuresti-si-zece-judete-intr-un-dosar-de-evaziune-fiscala-de-15-milioane-de-lei\\\/\"]}]},{\"@type\":\"ImageObject\",\"inLanguage\":\"en-GB\",\"@id\":\"https:\\\/\\\/buletin.de\\\/bucuresti\\\/perchezitii-dna-in-bucuresti-si-zece-judete-intr-un-dosar-de-evaziune-fiscala-de-15-milioane-de-lei\\\/#primaryimage\",\"url\":\"https:\\\/\\\/buletin.de\\\/bucuresti\\\/wp-content\\\/uploads\\\/2026\\\/07\\\/Emblema-DNA-Ovidiu-Micsik-Inquam-Photos-1600x1067-1.jpg\",\"contentUrl\":\"https:\\\/\\\/buletin.de\\\/bucuresti\\\/wp-content\\\/uploads\\\/2026\\\/07\\\/Emblema-DNA-Ovidiu-Micsik-Inquam-Photos-1600x1067-1.jpg\",\"width\":1600,\"height\":1067,\"caption\":\"Perchezi\u021bii DNA \u00een Bucure\u0219ti \u0219i zece jude\u021be, Foto: Ovidiu Micsik \\\/ Inquam Photos\"},{\"@type\":\"BreadcrumbList\",\"@id\":\"https:\\\/\\\/buletin.de\\\/bucuresti\\\/perchezitii-dna-in-bucuresti-si-zece-judete-intr-un-dosar-de-evaziune-fiscala-de-15-milioane-de-lei\\\/#breadcrumb\",\"itemListElement\":[{\"@type\":\"ListItem\",\"position\":1,\"name\":\"Acas\u0103\",\"item\":\"https:\\\/\\\/buletin.de\\\/bucuresti\\\/\"},{\"@type\":\"ListItem\",\"position\":2,\"name\":\"Perchezi\u021bii DNA \u00een Bucure\u0219ti \u0219i zece jude\u021be, \u00eentr-un dosar de evaziune fiscal\u0103 de 15 milioane de lei\"}]},{\"@type\":\"WebSite\",\"@id\":\"https:\\\/\\\/buletin.de\\\/bucuresti\\\/#website\",\"url\":\"https:\\\/\\\/buletin.de\\\/bucuresti\\\/\",\"name\":\"Buletin de Bucure\u0219ti\",\"description\":\"\u0218tiri \u0219i investiga\u021bii esen\u021biale din capital\u0103\",\"publisher\":{\"@id\":\"https:\\\/\\\/buletin.de\\\/bucuresti\\\/#organization\"},\"potentialAction\":[{\"@type\":\"SearchAction\",\"target\":{\"@type\":\"EntryPoint\",\"urlTemplate\":\"https:\\\/\\\/buletin.de\\\/bucuresti\\\/?s={search_term_string}\"},\"query-input\":{\"@type\":\"PropertyValueSpecification\",\"valueRequired\":true,\"valueName\":\"search_term_string\"}}],\"inLanguage\":\"en-GB\"},{\"@type\":\"Organization\",\"@id\":\"https:\\\/\\\/buletin.de\\\/bucuresti\\\/#organization\",\"name\":\"Buletin de Bucure\u0219ti\",\"url\":\"https:\\\/\\\/buletin.de\\\/bucuresti\\\/\",\"logo\":{\"@type\":\"ImageObject\",\"inLanguage\":\"en-GB\",\"@id\":\"https:\\\/\\\/buletin.de\\\/bucuresti\\\/#\\\/schema\\\/logo\\\/image\\\/\",\"url\":\"https:\\\/\\\/buletin.de\\\/bucuresti\\\/wp-content\\\/uploads\\\/logo-bdb-full-wide-vernil-transparent.png\",\"contentUrl\":\"https:\\\/\\\/buletin.de\\\/bucuresti\\\/wp-content\\\/uploads\\\/logo-bdb-full-wide-vernil-transparent.png\",\"width\":1782,\"height\":626,\"caption\":\"Buletin de Bucure\u0219ti\"},\"image\":{\"@id\":\"https:\\\/\\\/buletin.de\\\/bucuresti\\\/#\\\/schema\\\/logo\\\/image\\\/\"},\"sameAs\":[\"https:\\\/\\\/www.facebook.com\\\/buletin.de.buc\",\"https:\\\/\\\/www.instagram.com\\\/buletinde.bucuresti\\\/\"]},{\"@type\":\"Person\",\"@id\":\"https:\\\/\\\/buletin.de\\\/bucuresti\\\/#\\\/schema\\\/person\\\/2bbcf854e5f2419a13804af574d06ab1\",\"name\":\"Redac\u021bia Buletin de Bucure\u0219ti\",\"image\":{\"@type\":\"ImageObject\",\"inLanguage\":\"en-GB\",\"@id\":\"https:\\\/\\\/secure.gravatar.com\\\/avatar\\\/18c5342381ed1a08620e6280424e3e5efc958618f5d67c522c9e44c1bc6f9226?s=96&d=monsterid&r=g60c7cd0ad92c68c049fcd4bb3504d609\",\"url\":\"https:\\\/\\\/secure.gravatar.com\\\/avatar\\\/18c5342381ed1a08620e6280424e3e5efc958618f5d67c522c9e44c1bc6f9226?s=96&d=monsterid&r=g\",\"contentUrl\":\"https:\\\/\\\/secure.gravatar.com\\\/avatar\\\/18c5342381ed1a08620e6280424e3e5efc958618f5d67c522c9e44c1bc6f9226?s=96&d=monsterid&r=g\",\"caption\":\"Redac\u021bia Buletin de Bucure\u0219ti\"},\"description\":\"Buletin de Bucure\u0219ti exist\u0103 din vara anului 2019.\",\"url\":\"https:\\\/\\\/buletin.de\\\/bucuresti\\\/author\\\/adminbuletin\\\/\"}]}<\/script>\n<!-- \/ Yoast SEO Premium plugin. -->","yoast_head_json":{"title":"Perchezi\u021bii DNA \u00een Bucure\u0219ti \u0219i zece jude\u021be, \u00eentr-un dosar de evaziune fiscal\u0103 de 15 milioane de lei - Buletin de Bucure\u0219ti","description":"DNA efectueaz\u0103, joi, 30 de perchezi\u021bii \u00een Bucure\u0219ti \u0219i \u00een zece jude\u021be, \u00eentr-un dosar care vizeaz\u0103 suspiciuni de evaziune fiscal\u0103.","robots":{"index":"index","follow":"follow","max-snippet":"max-snippet:-1","max-image-preview":"max-image-preview:large","max-video-preview":"max-video-preview:-1"},"canonical":"https:\/\/buletin.de\/bucuresti\/perchezitii-dna-in-bucuresti-si-zece-judete-intr-un-dosar-de-evaziune-fiscala-de-15-milioane-de-lei\/","og_locale":"en_GB","og_type":"article","og_title":"Perchezi\u021bii DNA \u00een Bucure\u0219ti \u0219i zece jude\u021be, \u00eentr-un dosar de evaziune fiscal\u0103 de 15 milioane de lei","og_description":"DNA efectueaz\u0103, joi, 30 de perchezi\u021bii \u00een Bucure\u0219ti \u0219i \u00een zece jude\u021be, \u00eentr-un dosar care vizeaz\u0103 suspiciuni de evaziune fiscal\u0103.","og_url":"https:\/\/buletin.de\/bucuresti\/perchezitii-dna-in-bucuresti-si-zece-judete-intr-un-dosar-de-evaziune-fiscala-de-15-milioane-de-lei\/","og_site_name":"Buletin de Bucure\u0219ti","article_publisher":"https:\/\/www.facebook.com\/buletin.de.buc","article_published_time":"2026-07-16T14:29:32+00:00","article_modified_time":"2026-07-16T14:29:33+00:00","og_image":[{"width":1600,"height":1067,"url":"https:\/\/buletin.de\/bucuresti\/wp-content\/uploads\/2026\/07\/Emblema-DNA-Ovidiu-Micsik-Inquam-Photos-1600x1067-1.jpg","type":"image\/jpeg"}],"author":"Redac\u021bia Buletin de Bucure\u0219ti","twitter_card":"summary_large_image","twitter_misc":{"Written by":"Redac\u021bia Buletin de Bucure\u0219ti","Estimated reading time":"2 minutes"},"schema":{"@context":"https:\/\/schema.org","@graph":[{"@type":"Article","@id":"https:\/\/buletin.de\/bucuresti\/perchezitii-dna-in-bucuresti-si-zece-judete-intr-un-dosar-de-evaziune-fiscala-de-15-milioane-de-lei\/#article","isPartOf":{"@id":"https:\/\/buletin.de\/bucuresti\/perchezitii-dna-in-bucuresti-si-zece-judete-intr-un-dosar-de-evaziune-fiscala-de-15-milioane-de-lei\/"},"author":{"name":"Redac\u021bia Buletin de Bucure\u0219ti","@id":"https:\/\/buletin.de\/bucuresti\/#\/schema\/person\/2bbcf854e5f2419a13804af574d06ab1"},"headline":"Perchezi\u021bii DNA \u00een Bucure\u0219ti \u0219i zece jude\u021be, \u00eentr-un dosar de evaziune fiscal\u0103 de 15 milioane de lei","datePublished":"2026-07-16T14:29:32+00:00","dateModified":"2026-07-16T14:29:33+00:00","mainEntityOfPage":{"@id":"https:\/\/buletin.de\/bucuresti\/perchezitii-dna-in-bucuresti-si-zece-judete-intr-un-dosar-de-evaziune-fiscala-de-15-milioane-de-lei\/"},"wordCount":375,"publisher":{"@id":"https:\/\/buletin.de\/bucuresti\/#organization"},"image":{"@id":"https:\/\/buletin.de\/bucuresti\/perchezitii-dna-in-bucuresti-si-zece-judete-intr-un-dosar-de-evaziune-fiscala-de-15-milioane-de-lei\/#primaryimage"},"thumbnailUrl":"https:\/\/buletin.de\/bucuresti\/wp-content\/uploads\/2026\/07\/Emblema-DNA-Ovidiu-Micsik-Inquam-Photos-1600x1067-1.jpg","keywords":["directia nationala anticoruptie","dna","evaziune fiscala","perchezitii"],"articleSection":["Articole","Eveniment","\u0218tiri"],"inLanguage":"en-GB","copyrightYear":"2026","copyrightHolder":{"@id":"https:\/\/buletin.de\/bucuresti\/#organization"}},{"@type":"WebPage","@id":"https:\/\/buletin.de\/bucuresti\/perchezitii-dna-in-bucuresti-si-zece-judete-intr-un-dosar-de-evaziune-fiscala-de-15-milioane-de-lei\/","url":"https:\/\/buletin.de\/bucuresti\/perchezitii-dna-in-bucuresti-si-zece-judete-intr-un-dosar-de-evaziune-fiscala-de-15-milioane-de-lei\/","name":"Perchezi\u021bii DNA \u00een Bucure\u0219ti \u0219i zece jude\u021be, \u00eentr-un dosar de evaziune fiscal\u0103 de 15 milioane de lei - Buletin de Bucure\u0219ti","isPartOf":{"@id":"https:\/\/buletin.de\/bucuresti\/#website"},"primaryImageOfPage":{"@id":"https:\/\/buletin.de\/bucuresti\/perchezitii-dna-in-bucuresti-si-zece-judete-intr-un-dosar-de-evaziune-fiscala-de-15-milioane-de-lei\/#primaryimage"},"image":{"@id":"https:\/\/buletin.de\/bucuresti\/perchezitii-dna-in-bucuresti-si-zece-judete-intr-un-dosar-de-evaziune-fiscala-de-15-milioane-de-lei\/#primaryimage"},"thumbnailUrl":"https:\/\/buletin.de\/bucuresti\/wp-content\/uploads\/2026\/07\/Emblema-DNA-Ovidiu-Micsik-Inquam-Photos-1600x1067-1.jpg","datePublished":"2026-07-16T14:29:32+00:00","dateModified":"2026-07-16T14:29:33+00:00","description":"DNA efectueaz\u0103, joi, 30 de perchezi\u021bii \u00een Bucure\u0219ti \u0219i \u00een zece jude\u021be, \u00eentr-un dosar care vizeaz\u0103 suspiciuni de evaziune fiscal\u0103.","breadcrumb":{"@id":"https:\/\/buletin.de\/bucuresti\/perchezitii-dna-in-bucuresti-si-zece-judete-intr-un-dosar-de-evaziune-fiscala-de-15-milioane-de-lei\/#breadcrumb"},"inLanguage":"en-GB","potentialAction":[{"@type":"ReadAction","target":["https:\/\/buletin.de\/bucuresti\/perchezitii-dna-in-bucuresti-si-zece-judete-intr-un-dosar-de-evaziune-fiscala-de-15-milioane-de-lei\/"]}]},{"@type":"ImageObject","inLanguage":"en-GB","@id":"https:\/\/buletin.de\/bucuresti\/perchezitii-dna-in-bucuresti-si-zece-judete-intr-un-dosar-de-evaziune-fiscala-de-15-milioane-de-lei\/#primaryimage","url":"https:\/\/buletin.de\/bucuresti\/wp-content\/uploads\/2026\/07\/Emblema-DNA-Ovidiu-Micsik-Inquam-Photos-1600x1067-1.jpg","contentUrl":"https:\/\/buletin.de\/bucuresti\/wp-content\/uploads\/2026\/07\/Emblema-DNA-Ovidiu-Micsik-Inquam-Photos-1600x1067-1.jpg","width":1600,"height":1067,"caption":"Perchezi\u021bii DNA \u00een Bucure\u0219ti \u0219i zece jude\u021be, Foto: Ovidiu Micsik \/ Inquam Photos"},{"@type":"BreadcrumbList","@id":"https:\/\/buletin.de\/bucuresti\/perchezitii-dna-in-bucuresti-si-zece-judete-intr-un-dosar-de-evaziune-fiscala-de-15-milioane-de-lei\/#breadcrumb","itemListElement":[{"@type":"ListItem","position":1,"name":"Acas\u0103","item":"https:\/\/buletin.de\/bucuresti\/"},{"@type":"ListItem","position":2,"name":"Perchezi\u021bii DNA \u00een Bucure\u0219ti \u0219i zece jude\u021be, \u00eentr-un dosar de evaziune fiscal\u0103 de 15 milioane de lei"}]},{"@type":"WebSite","@id":"https:\/\/buletin.de\/bucuresti\/#website","url":"https:\/\/buletin.de\/bucuresti\/","name":"Buletin de Bucure\u0219ti","description":"\u0218tiri \u0219i investiga\u021bii esen\u021biale din capital\u0103","publisher":{"@id":"https:\/\/buletin.de\/bucuresti\/#organization"},"potentialAction":[{"@type":"SearchAction","target":{"@type":"EntryPoint","urlTemplate":"https:\/\/buletin.de\/bucuresti\/?s={search_term_string}"},"query-input":{"@type":"PropertyValueSpecification","valueRequired":true,"valueName":"search_term_string"}}],"inLanguage":"en-GB"},{"@type":"Organization","@id":"https:\/\/buletin.de\/bucuresti\/#organization","name":"Buletin de Bucure\u0219ti","url":"https:\/\/buletin.de\/bucuresti\/","logo":{"@type":"ImageObject","inLanguage":"en-GB","@id":"https:\/\/buletin.de\/bucuresti\/#\/schema\/logo\/image\/","url":"https:\/\/buletin.de\/bucuresti\/wp-content\/uploads\/logo-bdb-full-wide-vernil-transparent.png","contentUrl":"https:\/\/buletin.de\/bucuresti\/wp-content\/uploads\/logo-bdb-full-wide-vernil-transparent.png","width":1782,"height":626,"caption":"Buletin de Bucure\u0219ti"},"image":{"@id":"https:\/\/buletin.de\/bucuresti\/#\/schema\/logo\/image\/"},"sameAs":["https:\/\/www.facebook.com\/buletin.de.buc","https:\/\/www.instagram.com\/buletinde.bucuresti\/"]},{"@type":"Person","@id":"https:\/\/buletin.de\/bucuresti\/#\/schema\/person\/2bbcf854e5f2419a13804af574d06ab1","name":"Redac\u021bia Buletin de Bucure\u0219ti","image":{"@type":"ImageObject","inLanguage":"en-GB","@id":"https:\/\/secure.gravatar.com\/avatar\/18c5342381ed1a08620e6280424e3e5efc958618f5d67c522c9e44c1bc6f9226?s=96&d=monsterid&r=g60c7cd0ad92c68c049fcd4bb3504d609","url":"https:\/\/secure.gravatar.com\/avatar\/18c5342381ed1a08620e6280424e3e5efc958618f5d67c522c9e44c1bc6f9226?s=96&d=monsterid&r=g","contentUrl":"https:\/\/secure.gravatar.com\/avatar\/18c5342381ed1a08620e6280424e3e5efc958618f5d67c522c9e44c1bc6f9226?s=96&d=monsterid&r=g","caption":"Redac\u021bia Buletin de Bucure\u0219ti"},"description":"Buletin de Bucure\u0219ti exist\u0103 din vara anului 2019.","url":"https:\/\/buletin.de\/bucuresti\/author\/adminbuletin\/"}]}},"authors":[{"term_id":22583,"user_id":1,"is_guest":0,"slug":"adminbuletin","display_name":"Redac\u021bia Buletin de Bucure\u0219ti","avatar_url":"https:\/\/secure.gravatar.com\/avatar\/18c5342381ed1a08620e6280424e3e5efc958618f5d67c522c9e44c1bc6f9226?s=96&d=monsterid&r=g","author_category":"","first_name":"Redac\u021bia Buletin de Bucure\u0219ti","last_name":"","user_url":"","job_title":"","description":"Buletin de Bucure\u0219ti exist\u0103 din vara anului 2019."}],"_links":{"self":[{"href":"https:\/\/buletin.de\/bucuresti\/wp-json\/wp\/v2\/posts\/206270","targetHints":{"allow":["GET"]}}],"collection":[{"href":"https:\/\/buletin.de\/bucuresti\/wp-json\/wp\/v2\/posts"}],"about":[{"href":"https:\/\/buletin.de\/bucuresti\/wp-json\/wp\/v2\/types\/post"}],"author":[{"embeddable":true,"href":"https:\/\/buletin.de\/bucuresti\/wp-json\/wp\/v2\/users\/1"}],"replies":[{"embeddable":true,"href":"https:\/\/buletin.de\/bucuresti\/wp-json\/wp\/v2\/comments?post=206270"}],"version-history":[{"count":6,"href":"https:\/\/buletin.de\/bucuresti\/wp-json\/wp\/v2\/posts\/206270\/revisions"}],"predecessor-version":[{"id":206292,"href":"https:\/\/buletin.de\/bucuresti\/wp-json\/wp\/v2\/posts\/206270\/revisions\/206292"}],"wp:featuredmedia":[{"embeddable":true,"href":"https:\/\/buletin.de\/bucuresti\/wp-json\/wp\/v2\/media\/206283"}],"wp:attachment":[{"href":"https:\/\/buletin.de\/bucuresti\/wp-json\/wp\/v2\/media?parent=206270"}],"wp:term":[{"taxonomy":"category","embeddable":true,"href":"https:\/\/buletin.de\/bucuresti\/wp-json\/wp\/v2\/categories?post=206270"},{"taxonomy":"post_tag","embeddable":true,"href":"https:\/\/buletin.de\/bucuresti\/wp-json\/wp\/v2\/tags?post=206270"},{"taxonomy":"author","embeddable":true,"href":"https:\/\/buletin.de\/bucuresti\/wp-json\/wp\/v2\/ppma_author?post=206270"}],"curies":[{"name":"wp","href":"https:\/\/api.w.org\/{rel}","templated":true}]}}