{"id":206241,"date":"2026-07-16T16:14:30","date_gmt":"2026-07-16T13:14:30","guid":{"rendered":"https:\/\/buletin.de\/bucuresti\/?p=206241"},"modified":"2026-07-16T17:08:22","modified_gmt":"2026-07-16T14:08:22","slug":"gratarele-din-zona-fabrica-de-gheata-vor-fi-mutate-oamenii-spun-ca-genereaza-zgomot-si-mizerie","status":"publish","type":"post","link":"https:\/\/buletin.de\/bucuresti\/gratarele-din-zona-fabrica-de-gheata-vor-fi-mutate-oamenii-spun-ca-genereaza-zgomot-si-mizerie\/","title":{"rendered":"Gr\u0103tarele din zona Fabrica de Ghea\u021b\u0103 vor fi mutate. Oamenii spun c\u0103 genereaz\u0103 zgomot \u0219i mizerie"},"content":{"rendered":"\n<p class=\"wp-block-paragraph\"><strong>Gr\u0103tarele deranjeaz\u0103 cet\u0103\u021benii din zona Fabrica de Ghea\u021b\u0103. \u00cen consecin\u021b\u0103, acestea vor fi relocate. Prim\u0103ria a discutat m\u0103sura cu oamenii.<\/strong><\/p>\n\n\n\n<p class=\"wp-block-paragraph\">Locuitorii spun c\u0103 zona gr\u0103tarelor genereaz\u0103 mult zgomot, mizerie \u0219i disconfort pentru cei care locuiesc \u00een apropiere. Primarul Rare\u0219 Hopinca a declarat c\u0103 p\u00e2n\u0103 s\u0103pt\u0103m\u00e2na viitoare va g\u0103si \u0219i zona \u00een care vor fi mutate gr\u0103tarele din Parcul Plumbuita.<\/p>\n\n\n\n<p class=\"wp-block-paragraph\">De asemenea, cet\u0103\u021benii vor si un parc \u00een care s\u0103 fie:<\/p>\n\n\n\n<ul class=\"wp-block-list\">\n<li>aparate de fitness;<\/li>\n\n\n\n<li>toalete publice;<\/li>\n\n\n\n<li>ci\u0219mele;<\/li>\n\n\n\n<li>mai multe b\u0103nci \u0219i co\u0219uri de gunoi;<\/li>\n\n\n\n<li>trafic mai bine organizat;<\/li>\n\n\n\n<li>protejarea trotuarelor \u0219i a pietonilor.<\/li>\n<\/ul>\n\n\n\n<p class=\"wp-block-paragraph\"><strong>CITE\u0218TE \u0218I:<\/strong> <a href=\"https:\/\/buletin.de\/bucuresti\/amenzi-de-90-000-de-lei-sectorul-1-deseuri-pe-domeniul-public-doua-masini-confiscate\/\"><strong>VIDEO | Amenzi de 90.000 de lei \u00een Sectorul 1 pentru persoane care au aruncat de\u0219euri pe domeniul public. Dou\u0103 ma\u0219ini au fost confiscate<\/strong><\/a><\/p>\n\n\n\n<h2 id=\"h-lucrarile-ample-nu-pot-incepe-in-parcul-plumbuita-fara-autoriza\u021bii\" class=\"wp-block-heading\">Lucr\u0103rile ample nu pot \u00eencepe \u00een Parcul Plumbuita, f\u0103r\u0103 autoriza\u021bii<\/h2>\n\n\n\n<p class=\"wp-block-paragraph\">Modernizarea ampl\u0103 a Parcului Plumbuita depinde \u00eenc\u0103 de emiterea Autoriza\u021biei de Construire de c\u0103tre Prim\u0103ria Capitalei. Documenta\u021bia este depus\u0103 din 2024. <\/p>\n\n\n\n<p class=\"wp-block-paragraph\">P\u00e2n\u0103 atunci sunt continuate toate lucr\u0103rile de \u00eentre\u021binere \u0219i \u00eembun\u0103t\u0103\u021bire care pot fi f\u0103cute legal.<\/p>\n\n\n\n<p class=\"wp-block-paragraph\">\u00cen Bucure\u0219ti, focul direct este strict reglementat prin Legea Picnicului.\u00a0Gr\u0103tarele cu foc sunt permise\u00a0<strong>doar<\/strong>\u00a0\u00een locurile special amenajate \u0219i dotate de prim\u0103rii.\u00a0<\/p>\n\n\n\n<ul class=\"wp-block-list\">\n<li><strong>Parcul Plumbuita I<\/strong>\u00a0(la intersec\u021bia Str. Doamna Ghica cu \u0218os. Colentina);<\/li>\n\n\n\n<li><strong>Parcul Morarilor<\/strong>\u00a0(la intersec\u021bia \u0218os. Pantelimon cu Str. Bode\u0219ti);<\/li>\n\n\n\n<li><strong>Parcul Sf\u00e2ntul Pantelimon<\/strong>\u00a0(\u00een zona Str. Cioc\u00e2rliei);<\/li>\n\n\n\n<li><strong>Parcul Lunca Florilor<\/strong>\u00a0(\u00een zona Str. Vasile Stolnicu);<\/li>\n\n\n\n<li><strong>Parcul Fabrica de Ghea\u021b\u0103<\/strong>\u00a0(\u00een zona Str. Fabrica de Ghea\u021b\u0103);<\/li>\n\n\n\n<li><strong>Parcul Dobroe\u0219ti<\/strong>.<\/li>\n<\/ul>\n\n\n\n<p class=\"wp-block-paragraph\"><strong>Gr\u0103tarul NU este permis:<\/strong><\/p>\n\n\n\n<ul class=\"wp-block-list\">\n<li>\u00een parcurile obi\u0219nuite f\u0103r\u0103 zon\u0103 special amenajat\u0103;<\/li>\n\n\n\n<li>la marginea p\u0103durii;<\/li>\n\n\n\n<li>pe malul lacului;<\/li>\n\n\n\n<li>\u00a0\u00een spa\u021bii improvizate;<\/li>\n\n\n\n<li>\u00a0\u00een jurul blocului sau pe balcon.<\/li>\n<\/ul>\n\n\n\n<p class=\"wp-block-paragraph\">\u00cen curtea proprie, gr\u0103tarul este permis, dar cu respectarea regulilor de siguran\u021b\u0103 \u0219i f\u0103r\u0103 riscuri de incendiu.<\/p>\n\n\n\n<p class=\"wp-block-paragraph\">Pentru cei care nu respect\u0103 regulile, amenzile pot ajunge \u00eentre 2.000 \u0219i 5.000 lei, iar pentru alte abateri prev\u0103zute de lege sanc\u021biunile pot fi \u00eentre 100 \u0219i 3.000 lei.<\/p>\n\n\n\n<p class=\"wp-block-paragraph\"><strong>CITE\u0218TE \u0218I:<\/strong> <a href=\"https:\/\/buletin.de\/bucuresti\/trei-parcari-unde-bucurestenii-din-sectorul-3-pot-lasa-gratuit-masina-cand-pleaca-in-concediu-cum-se-poate-solicita-un-loc\/\"><strong>Trei parc\u0103ri unde bucure\u0219tenii din Sectorul 3 pot l\u0103sa gratuit ma\u0219ina c\u00e2nd pleac\u0103 \u00een concediu. Cum se poate solicita un loc<\/strong><\/a><\/p>\n","protected":false},"excerpt":{"rendered":"<p>Gr\u0103tarele deranjeaz\u0103 cet\u0103\u021benii din zona Fabrica de Ghea\u021b\u0103. \u00cen consecin\u021b\u0103, acestea vor fi relocate. Prim\u0103ria a discutat m\u0103sura cu oamenii. Locuitorii spun c\u0103 zona gr\u0103tarelor genereaz\u0103 mult zgomot, mizerie \u0219i disconfort pentru cei care locuiesc \u00een apropiere. Primarul Rare\u0219 Hopinca a declarat c\u0103 p\u00e2n\u0103 s\u0103pt\u0103m\u00e2na viitoare va g\u0103si \u0219i zona \u00een care vor fi mutate [&hellip;]<\/p>\n","protected":false},"author":49,"featured_media":206266,"comment_status":"closed","ping_status":"open","sticky":false,"template":"","format":"standard","meta":{"_acf_changed":false,"inline_featured_image":false,"ngg_post_thumbnail":0,"footnotes":""},"categories":[6994,24,62],"tags":[29488,29489,12554,229],"ppma_author":[22574],"class_list":["post-206241","post","type-post","status-publish","format-standard","has-post-thumbnail","hentry","category-stiri-2","category-primarie","category-stiri","tag-fabrica-de-gheata","tag-gratare-amenajate-in-parc","tag-parc-plumbuita","tag-sector-2"],"acf":[],"a3_pvc":{"activated":false,"total_views":0,"today_views":0},"yoast_head":"<!-- This site is optimized with the Yoast SEO Premium plugin v28.0 (Yoast SEO v28.3) - https:\/\/yoast.com\/product\/yoast-seo-premium-wordpress\/ -->\n<title>Gr\u0103tarele din zona Fabrica de Ghea\u021b\u0103 vor fi mutate. Oamenii spun c\u0103 genereaz\u0103 zgomot \u0219i mizerie - Buletin de Bucure\u0219ti<\/title>\n<meta name=\"description\" content=\"Gr\u0103tarele deranjeaz\u0103 cet\u0103\u021benii din zona Fabrica de Ghea\u021b\u0103. \u00cen consecin\u021b\u0103, acestea vor fi relocate. Prim\u0103ria a discutat m\u0103sura cu oamenii.\" \/>\n<meta name=\"robots\" content=\"index, follow, max-snippet:-1, max-image-preview:large, max-video-preview:-1\" \/>\n<link rel=\"canonical\" href=\"https:\/\/buletin.de\/bucuresti\/gratarele-din-zona-fabrica-de-gheata-vor-fi-mutate-oamenii-spun-ca-genereaza-zgomot-si-mizerie\/\" \/>\n<meta property=\"og:locale\" content=\"en_GB\" \/>\n<meta property=\"og:type\" content=\"article\" \/>\n<meta property=\"og:title\" content=\"Gr\u0103tarele din zona Fabrica de Ghea\u021b\u0103 vor fi mutate. Oamenii spun c\u0103 genereaz\u0103 zgomot \u0219i mizerie\" \/>\n<meta property=\"og:description\" content=\"Gr\u0103tarele deranjeaz\u0103 cet\u0103\u021benii din zona Fabrica de Ghea\u021b\u0103. \u00cen consecin\u021b\u0103, acestea vor fi relocate. Prim\u0103ria a discutat m\u0103sura cu oamenii.\" \/>\n<meta property=\"og:url\" content=\"https:\/\/buletin.de\/bucuresti\/gratarele-din-zona-fabrica-de-gheata-vor-fi-mutate-oamenii-spun-ca-genereaza-zgomot-si-mizerie\/\" \/>\n<meta property=\"og:site_name\" content=\"Buletin de Bucure\u0219ti\" \/>\n<meta property=\"article:publisher\" content=\"https:\/\/www.facebook.com\/buletin.de.buc\" \/>\n<meta property=\"article:published_time\" content=\"2026-07-16T13:14:30+00:00\" \/>\n<meta property=\"article:modified_time\" content=\"2026-07-16T14:08:22+00:00\" \/>\n<meta property=\"og:image\" content=\"https:\/\/buletin.de\/bucuresti\/wp-content\/uploads\/2026\/07\/Screenshot-2026-07-16-at-16.07.57.png\" \/>\n\t<meta property=\"og:image:width\" content=\"733\" \/>\n\t<meta property=\"og:image:height\" content=\"609\" \/>\n\t<meta property=\"og:image:type\" content=\"image\/png\" \/>\n<meta name=\"author\" content=\"Diana Matei\" \/>\n<meta name=\"twitter:card\" content=\"summary_large_image\" \/>\n<meta name=\"twitter:label1\" content=\"Written by\" \/>\n\t<meta name=\"twitter:data1\" content=\"Diana Matei\" \/>\n\t<meta name=\"twitter:label2\" content=\"Estimated reading time\" \/>\n\t<meta name=\"twitter:data2\" content=\"2 minutes\" \/>\n<script type=\"application\/ld+json\" class=\"yoast-schema-graph\">{\"@context\":\"https:\\\/\\\/schema.org\",\"@graph\":[{\"@type\":\"Article\",\"@id\":\"https:\\\/\\\/buletin.de\\\/bucuresti\\\/gratarele-din-zona-fabrica-de-gheata-vor-fi-mutate-oamenii-spun-ca-genereaza-zgomot-si-mizerie\\\/#article\",\"isPartOf\":{\"@id\":\"https:\\\/\\\/buletin.de\\\/bucuresti\\\/gratarele-din-zona-fabrica-de-gheata-vor-fi-mutate-oamenii-spun-ca-genereaza-zgomot-si-mizerie\\\/\"},\"author\":{\"name\":\"Diana Matei\",\"@id\":\"https:\\\/\\\/buletin.de\\\/bucuresti\\\/#\\\/schema\\\/person\\\/7e46040573290777280a0835d81ea4ea\"},\"headline\":\"Gr\u0103tarele din zona Fabrica de Ghea\u021b\u0103 vor fi mutate. Oamenii spun c\u0103 genereaz\u0103 zgomot \u0219i mizerie\",\"datePublished\":\"2026-07-16T13:14:30+00:00\",\"dateModified\":\"2026-07-16T14:08:22+00:00\",\"mainEntityOfPage\":{\"@id\":\"https:\\\/\\\/buletin.de\\\/bucuresti\\\/gratarele-din-zona-fabrica-de-gheata-vor-fi-mutate-oamenii-spun-ca-genereaza-zgomot-si-mizerie\\\/\"},\"wordCount\":393,\"publisher\":{\"@id\":\"https:\\\/\\\/buletin.de\\\/bucuresti\\\/#organization\"},\"image\":{\"@id\":\"https:\\\/\\\/buletin.de\\\/bucuresti\\\/gratarele-din-zona-fabrica-de-gheata-vor-fi-mutate-oamenii-spun-ca-genereaza-zgomot-si-mizerie\\\/#primaryimage\"},\"thumbnailUrl\":\"https:\\\/\\\/buletin.de\\\/bucuresti\\\/wp-content\\\/uploads\\\/2026\\\/07\\\/Screenshot-2026-07-16-at-16.07.57.png\",\"keywords\":[\"Fabrica de Gheata\",\"gratare amenajate in parc\",\"Parc Plumbuita\",\"Sector 2\"],\"articleSection\":[\"Articole\",\"Prim\u0103rie\",\"\u0218tiri\"],\"inLanguage\":\"en-GB\",\"copyrightYear\":\"2026\",\"copyrightHolder\":{\"@id\":\"https:\\\/\\\/buletin.de\\\/bucuresti\\\/#organization\"}},{\"@type\":\"WebPage\",\"@id\":\"https:\\\/\\\/buletin.de\\\/bucuresti\\\/gratarele-din-zona-fabrica-de-gheata-vor-fi-mutate-oamenii-spun-ca-genereaza-zgomot-si-mizerie\\\/\",\"url\":\"https:\\\/\\\/buletin.de\\\/bucuresti\\\/gratarele-din-zona-fabrica-de-gheata-vor-fi-mutate-oamenii-spun-ca-genereaza-zgomot-si-mizerie\\\/\",\"name\":\"Gr\u0103tarele din zona Fabrica de Ghea\u021b\u0103 vor fi mutate. Oamenii spun c\u0103 genereaz\u0103 zgomot \u0219i mizerie - Buletin de Bucure\u0219ti\",\"isPartOf\":{\"@id\":\"https:\\\/\\\/buletin.de\\\/bucuresti\\\/#website\"},\"primaryImageOfPage\":{\"@id\":\"https:\\\/\\\/buletin.de\\\/bucuresti\\\/gratarele-din-zona-fabrica-de-gheata-vor-fi-mutate-oamenii-spun-ca-genereaza-zgomot-si-mizerie\\\/#primaryimage\"},\"image\":{\"@id\":\"https:\\\/\\\/buletin.de\\\/bucuresti\\\/gratarele-din-zona-fabrica-de-gheata-vor-fi-mutate-oamenii-spun-ca-genereaza-zgomot-si-mizerie\\\/#primaryimage\"},\"thumbnailUrl\":\"https:\\\/\\\/buletin.de\\\/bucuresti\\\/wp-content\\\/uploads\\\/2026\\\/07\\\/Screenshot-2026-07-16-at-16.07.57.png\",\"datePublished\":\"2026-07-16T13:14:30+00:00\",\"dateModified\":\"2026-07-16T14:08:22+00:00\",\"description\":\"Gr\u0103tarele deranjeaz\u0103 cet\u0103\u021benii din zona Fabrica de Ghea\u021b\u0103. \u00cen consecin\u021b\u0103, acestea vor fi relocate. Prim\u0103ria a discutat m\u0103sura cu oamenii.\",\"breadcrumb\":{\"@id\":\"https:\\\/\\\/buletin.de\\\/bucuresti\\\/gratarele-din-zona-fabrica-de-gheata-vor-fi-mutate-oamenii-spun-ca-genereaza-zgomot-si-mizerie\\\/#breadcrumb\"},\"inLanguage\":\"en-GB\",\"potentialAction\":[{\"@type\":\"ReadAction\",\"target\":[\"https:\\\/\\\/buletin.de\\\/bucuresti\\\/gratarele-din-zona-fabrica-de-gheata-vor-fi-mutate-oamenii-spun-ca-genereaza-zgomot-si-mizerie\\\/\"]}]},{\"@type\":\"ImageObject\",\"inLanguage\":\"en-GB\",\"@id\":\"https:\\\/\\\/buletin.de\\\/bucuresti\\\/gratarele-din-zona-fabrica-de-gheata-vor-fi-mutate-oamenii-spun-ca-genereaza-zgomot-si-mizerie\\\/#primaryimage\",\"url\":\"https:\\\/\\\/buletin.de\\\/bucuresti\\\/wp-content\\\/uploads\\\/2026\\\/07\\\/Screenshot-2026-07-16-at-16.07.57.png\",\"contentUrl\":\"https:\\\/\\\/buletin.de\\\/bucuresti\\\/wp-content\\\/uploads\\\/2026\\\/07\\\/Screenshot-2026-07-16-at-16.07.57.png\",\"width\":733,\"height\":609,\"caption\":\"Gr\u0103tarele din zona Fabrica de Ghea\u021b\u0103 vor fi mutate. FOTO: PS2\"},{\"@type\":\"BreadcrumbList\",\"@id\":\"https:\\\/\\\/buletin.de\\\/bucuresti\\\/gratarele-din-zona-fabrica-de-gheata-vor-fi-mutate-oamenii-spun-ca-genereaza-zgomot-si-mizerie\\\/#breadcrumb\",\"itemListElement\":[{\"@type\":\"ListItem\",\"position\":1,\"name\":\"Acas\u0103\",\"item\":\"https:\\\/\\\/buletin.de\\\/bucuresti\\\/\"},{\"@type\":\"ListItem\",\"position\":2,\"name\":\"Gr\u0103tarele din zona Fabrica de Ghea\u021b\u0103 vor fi mutate. Oamenii spun c\u0103 genereaz\u0103 zgomot \u0219i mizerie\"}]},{\"@type\":\"WebSite\",\"@id\":\"https:\\\/\\\/buletin.de\\\/bucuresti\\\/#website\",\"url\":\"https:\\\/\\\/buletin.de\\\/bucuresti\\\/\",\"name\":\"Buletin de Bucure\u0219ti\",\"description\":\"\u0218tiri \u0219i investiga\u021bii esen\u021biale din capital\u0103\",\"publisher\":{\"@id\":\"https:\\\/\\\/buletin.de\\\/bucuresti\\\/#organization\"},\"potentialAction\":[{\"@type\":\"SearchAction\",\"target\":{\"@type\":\"EntryPoint\",\"urlTemplate\":\"https:\\\/\\\/buletin.de\\\/bucuresti\\\/?s={search_term_string}\"},\"query-input\":{\"@type\":\"PropertyValueSpecification\",\"valueRequired\":true,\"valueName\":\"search_term_string\"}}],\"inLanguage\":\"en-GB\"},{\"@type\":\"Organization\",\"@id\":\"https:\\\/\\\/buletin.de\\\/bucuresti\\\/#organization\",\"name\":\"Buletin de Bucure\u0219ti\",\"url\":\"https:\\\/\\\/buletin.de\\\/bucuresti\\\/\",\"logo\":{\"@type\":\"ImageObject\",\"inLanguage\":\"en-GB\",\"@id\":\"https:\\\/\\\/buletin.de\\\/bucuresti\\\/#\\\/schema\\\/logo\\\/image\\\/\",\"url\":\"https:\\\/\\\/buletin.de\\\/bucuresti\\\/wp-content\\\/uploads\\\/logo-bdb-full-wide-vernil-transparent.png\",\"contentUrl\":\"https:\\\/\\\/buletin.de\\\/bucuresti\\\/wp-content\\\/uploads\\\/logo-bdb-full-wide-vernil-transparent.png\",\"width\":1782,\"height\":626,\"caption\":\"Buletin de Bucure\u0219ti\"},\"image\":{\"@id\":\"https:\\\/\\\/buletin.de\\\/bucuresti\\\/#\\\/schema\\\/logo\\\/image\\\/\"},\"sameAs\":[\"https:\\\/\\\/www.facebook.com\\\/buletin.de.buc\",\"https:\\\/\\\/www.instagram.com\\\/buletinde.bucuresti\\\/\"]},{\"@type\":\"Person\",\"@id\":\"https:\\\/\\\/buletin.de\\\/bucuresti\\\/#\\\/schema\\\/person\\\/7e46040573290777280a0835d81ea4ea\",\"name\":\"Diana Matei\",\"image\":{\"@type\":\"ImageObject\",\"inLanguage\":\"en-GB\",\"@id\":\"https:\\\/\\\/buletin.de\\\/bucuresti\\\/wp-content\\\/uploads\\\/9-2-96x96.jpg1e8590b30871d70e62ebcdaf2eff570c\",\"url\":\"https:\\\/\\\/buletin.de\\\/bucuresti\\\/wp-content\\\/uploads\\\/9-2-96x96.jpg\",\"contentUrl\":\"https:\\\/\\\/buletin.de\\\/bucuresti\\\/wp-content\\\/uploads\\\/9-2-96x96.jpg\",\"caption\":\"Diana Matei\"},\"url\":\"https:\\\/\\\/buletin.de\\\/bucuresti\\\/author\\\/dianamatei\\\/\"}]}<\/script>\n<!-- \/ Yoast SEO Premium plugin. -->","yoast_head_json":{"title":"Gr\u0103tarele din zona Fabrica de Ghea\u021b\u0103 vor fi mutate. Oamenii spun c\u0103 genereaz\u0103 zgomot \u0219i mizerie - Buletin de Bucure\u0219ti","description":"Gr\u0103tarele deranjeaz\u0103 cet\u0103\u021benii din zona Fabrica de Ghea\u021b\u0103. \u00cen consecin\u021b\u0103, acestea vor fi relocate. Prim\u0103ria a discutat m\u0103sura cu oamenii.","robots":{"index":"index","follow":"follow","max-snippet":"max-snippet:-1","max-image-preview":"max-image-preview:large","max-video-preview":"max-video-preview:-1"},"canonical":"https:\/\/buletin.de\/bucuresti\/gratarele-din-zona-fabrica-de-gheata-vor-fi-mutate-oamenii-spun-ca-genereaza-zgomot-si-mizerie\/","og_locale":"en_GB","og_type":"article","og_title":"Gr\u0103tarele din zona Fabrica de Ghea\u021b\u0103 vor fi mutate. Oamenii spun c\u0103 genereaz\u0103 zgomot \u0219i mizerie","og_description":"Gr\u0103tarele deranjeaz\u0103 cet\u0103\u021benii din zona Fabrica de Ghea\u021b\u0103. \u00cen consecin\u021b\u0103, acestea vor fi relocate. Prim\u0103ria a discutat m\u0103sura cu oamenii.","og_url":"https:\/\/buletin.de\/bucuresti\/gratarele-din-zona-fabrica-de-gheata-vor-fi-mutate-oamenii-spun-ca-genereaza-zgomot-si-mizerie\/","og_site_name":"Buletin de Bucure\u0219ti","article_publisher":"https:\/\/www.facebook.com\/buletin.de.buc","article_published_time":"2026-07-16T13:14:30+00:00","article_modified_time":"2026-07-16T14:08:22+00:00","og_image":[{"width":733,"height":609,"url":"https:\/\/buletin.de\/bucuresti\/wp-content\/uploads\/2026\/07\/Screenshot-2026-07-16-at-16.07.57.png","type":"image\/png"}],"author":"Diana Matei","twitter_card":"summary_large_image","twitter_misc":{"Written by":"Diana Matei","Estimated reading time":"2 minutes"},"schema":{"@context":"https:\/\/schema.org","@graph":[{"@type":"Article","@id":"https:\/\/buletin.de\/bucuresti\/gratarele-din-zona-fabrica-de-gheata-vor-fi-mutate-oamenii-spun-ca-genereaza-zgomot-si-mizerie\/#article","isPartOf":{"@id":"https:\/\/buletin.de\/bucuresti\/gratarele-din-zona-fabrica-de-gheata-vor-fi-mutate-oamenii-spun-ca-genereaza-zgomot-si-mizerie\/"},"author":{"name":"Diana Matei","@id":"https:\/\/buletin.de\/bucuresti\/#\/schema\/person\/7e46040573290777280a0835d81ea4ea"},"headline":"Gr\u0103tarele din zona Fabrica de Ghea\u021b\u0103 vor fi mutate. Oamenii spun c\u0103 genereaz\u0103 zgomot \u0219i mizerie","datePublished":"2026-07-16T13:14:30+00:00","dateModified":"2026-07-16T14:08:22+00:00","mainEntityOfPage":{"@id":"https:\/\/buletin.de\/bucuresti\/gratarele-din-zona-fabrica-de-gheata-vor-fi-mutate-oamenii-spun-ca-genereaza-zgomot-si-mizerie\/"},"wordCount":393,"publisher":{"@id":"https:\/\/buletin.de\/bucuresti\/#organization"},"image":{"@id":"https:\/\/buletin.de\/bucuresti\/gratarele-din-zona-fabrica-de-gheata-vor-fi-mutate-oamenii-spun-ca-genereaza-zgomot-si-mizerie\/#primaryimage"},"thumbnailUrl":"https:\/\/buletin.de\/bucuresti\/wp-content\/uploads\/2026\/07\/Screenshot-2026-07-16-at-16.07.57.png","keywords":["Fabrica de Gheata","gratare amenajate in parc","Parc Plumbuita","Sector 2"],"articleSection":["Articole","Prim\u0103rie","\u0218tiri"],"inLanguage":"en-GB","copyrightYear":"2026","copyrightHolder":{"@id":"https:\/\/buletin.de\/bucuresti\/#organization"}},{"@type":"WebPage","@id":"https:\/\/buletin.de\/bucuresti\/gratarele-din-zona-fabrica-de-gheata-vor-fi-mutate-oamenii-spun-ca-genereaza-zgomot-si-mizerie\/","url":"https:\/\/buletin.de\/bucuresti\/gratarele-din-zona-fabrica-de-gheata-vor-fi-mutate-oamenii-spun-ca-genereaza-zgomot-si-mizerie\/","name":"Gr\u0103tarele din zona Fabrica de Ghea\u021b\u0103 vor fi mutate. Oamenii spun c\u0103 genereaz\u0103 zgomot \u0219i mizerie - Buletin de Bucure\u0219ti","isPartOf":{"@id":"https:\/\/buletin.de\/bucuresti\/#website"},"primaryImageOfPage":{"@id":"https:\/\/buletin.de\/bucuresti\/gratarele-din-zona-fabrica-de-gheata-vor-fi-mutate-oamenii-spun-ca-genereaza-zgomot-si-mizerie\/#primaryimage"},"image":{"@id":"https:\/\/buletin.de\/bucuresti\/gratarele-din-zona-fabrica-de-gheata-vor-fi-mutate-oamenii-spun-ca-genereaza-zgomot-si-mizerie\/#primaryimage"},"thumbnailUrl":"https:\/\/buletin.de\/bucuresti\/wp-content\/uploads\/2026\/07\/Screenshot-2026-07-16-at-16.07.57.png","datePublished":"2026-07-16T13:14:30+00:00","dateModified":"2026-07-16T14:08:22+00:00","description":"Gr\u0103tarele deranjeaz\u0103 cet\u0103\u021benii din zona Fabrica de Ghea\u021b\u0103. \u00cen consecin\u021b\u0103, acestea vor fi relocate. Prim\u0103ria a discutat m\u0103sura cu oamenii.","breadcrumb":{"@id":"https:\/\/buletin.de\/bucuresti\/gratarele-din-zona-fabrica-de-gheata-vor-fi-mutate-oamenii-spun-ca-genereaza-zgomot-si-mizerie\/#breadcrumb"},"inLanguage":"en-GB","potentialAction":[{"@type":"ReadAction","target":["https:\/\/buletin.de\/bucuresti\/gratarele-din-zona-fabrica-de-gheata-vor-fi-mutate-oamenii-spun-ca-genereaza-zgomot-si-mizerie\/"]}]},{"@type":"ImageObject","inLanguage":"en-GB","@id":"https:\/\/buletin.de\/bucuresti\/gratarele-din-zona-fabrica-de-gheata-vor-fi-mutate-oamenii-spun-ca-genereaza-zgomot-si-mizerie\/#primaryimage","url":"https:\/\/buletin.de\/bucuresti\/wp-content\/uploads\/2026\/07\/Screenshot-2026-07-16-at-16.07.57.png","contentUrl":"https:\/\/buletin.de\/bucuresti\/wp-content\/uploads\/2026\/07\/Screenshot-2026-07-16-at-16.07.57.png","width":733,"height":609,"caption":"Gr\u0103tarele din zona Fabrica de Ghea\u021b\u0103 vor fi mutate. FOTO: PS2"},{"@type":"BreadcrumbList","@id":"https:\/\/buletin.de\/bucuresti\/gratarele-din-zona-fabrica-de-gheata-vor-fi-mutate-oamenii-spun-ca-genereaza-zgomot-si-mizerie\/#breadcrumb","itemListElement":[{"@type":"ListItem","position":1,"name":"Acas\u0103","item":"https:\/\/buletin.de\/bucuresti\/"},{"@type":"ListItem","position":2,"name":"Gr\u0103tarele din zona Fabrica de Ghea\u021b\u0103 vor fi mutate. Oamenii spun c\u0103 genereaz\u0103 zgomot \u0219i mizerie"}]},{"@type":"WebSite","@id":"https:\/\/buletin.de\/bucuresti\/#website","url":"https:\/\/buletin.de\/bucuresti\/","name":"Buletin de Bucure\u0219ti","description":"\u0218tiri \u0219i investiga\u021bii esen\u021biale din capital\u0103","publisher":{"@id":"https:\/\/buletin.de\/bucuresti\/#organization"},"potentialAction":[{"@type":"SearchAction","target":{"@type":"EntryPoint","urlTemplate":"https:\/\/buletin.de\/bucuresti\/?s={search_term_string}"},"query-input":{"@type":"PropertyValueSpecification","valueRequired":true,"valueName":"search_term_string"}}],"inLanguage":"en-GB"},{"@type":"Organization","@id":"https:\/\/buletin.de\/bucuresti\/#organization","name":"Buletin de Bucure\u0219ti","url":"https:\/\/buletin.de\/bucuresti\/","logo":{"@type":"ImageObject","inLanguage":"en-GB","@id":"https:\/\/buletin.de\/bucuresti\/#\/schema\/logo\/image\/","url":"https:\/\/buletin.de\/bucuresti\/wp-content\/uploads\/logo-bdb-full-wide-vernil-transparent.png","contentUrl":"https:\/\/buletin.de\/bucuresti\/wp-content\/uploads\/logo-bdb-full-wide-vernil-transparent.png","width":1782,"height":626,"caption":"Buletin de Bucure\u0219ti"},"image":{"@id":"https:\/\/buletin.de\/bucuresti\/#\/schema\/logo\/image\/"},"sameAs":["https:\/\/www.facebook.com\/buletin.de.buc","https:\/\/www.instagram.com\/buletinde.bucuresti\/"]},{"@type":"Person","@id":"https:\/\/buletin.de\/bucuresti\/#\/schema\/person\/7e46040573290777280a0835d81ea4ea","name":"Diana Matei","image":{"@type":"ImageObject","inLanguage":"en-GB","@id":"https:\/\/buletin.de\/bucuresti\/wp-content\/uploads\/9-2-96x96.jpg1e8590b30871d70e62ebcdaf2eff570c","url":"https:\/\/buletin.de\/bucuresti\/wp-content\/uploads\/9-2-96x96.jpg","contentUrl":"https:\/\/buletin.de\/bucuresti\/wp-content\/uploads\/9-2-96x96.jpg","caption":"Diana Matei"},"url":"https:\/\/buletin.de\/bucuresti\/author\/dianamatei\/"}]}},"authors":[{"term_id":22574,"user_id":49,"is_guest":0,"slug":"dianamatei","display_name":"Diana Matei","avatar_url":"https:\/\/buletin.de\/bucuresti\/wp-content\/uploads\/9-2-96x96.jpg","author_category":"","first_name":"Diana","last_name":"Matei","user_url":"","job_title":"","description":""}],"_links":{"self":[{"href":"https:\/\/buletin.de\/bucuresti\/wp-json\/wp\/v2\/posts\/206241","targetHints":{"allow":["GET"]}}],"collection":[{"href":"https:\/\/buletin.de\/bucuresti\/wp-json\/wp\/v2\/posts"}],"about":[{"href":"https:\/\/buletin.de\/bucuresti\/wp-json\/wp\/v2\/types\/post"}],"author":[{"embeddable":true,"href":"https:\/\/buletin.de\/bucuresti\/wp-json\/wp\/v2\/users\/49"}],"replies":[{"embeddable":true,"href":"https:\/\/buletin.de\/bucuresti\/wp-json\/wp\/v2\/comments?post=206241"}],"version-history":[{"count":4,"href":"https:\/\/buletin.de\/bucuresti\/wp-json\/wp\/v2\/posts\/206241\/revisions"}],"predecessor-version":[{"id":206268,"href":"https:\/\/buletin.de\/bucuresti\/wp-json\/wp\/v2\/posts\/206241\/revisions\/206268"}],"wp:featuredmedia":[{"embeddable":true,"href":"https:\/\/buletin.de\/bucuresti\/wp-json\/wp\/v2\/media\/206266"}],"wp:attachment":[{"href":"https:\/\/buletin.de\/bucuresti\/wp-json\/wp\/v2\/media?parent=206241"}],"wp:term":[{"taxonomy":"category","embeddable":true,"href":"https:\/\/buletin.de\/bucuresti\/wp-json\/wp\/v2\/categories?post=206241"},{"taxonomy":"post_tag","embeddable":true,"href":"https:\/\/buletin.de\/bucuresti\/wp-json\/wp\/v2\/tags?post=206241"},{"taxonomy":"author","embeddable":true,"href":"https:\/\/buletin.de\/bucuresti\/wp-json\/wp\/v2\/ppma_author?post=206241"}],"curies":[{"name":"wp","href":"https:\/\/api.w.org\/{rel}","templated":true}]}}