{"id":206221,"date":"2026-07-16T16:06:39","date_gmt":"2026-07-16T13:06:39","guid":{"rendered":"https:\/\/buletin.de\/bucuresti\/?p=206221"},"modified":"2026-07-16T16:09:06","modified_gmt":"2026-07-16T13:09:06","slug":"expozitie-de-automobile-clasice-la-strazi-deschise-bucuresti-in-acest-weekend","status":"publish","type":"post","link":"https:\/\/buletin.de\/bucuresti\/expozitie-de-automobile-clasice-la-strazi-deschise-bucuresti-in-acest-weekend\/","title":{"rendered":"Expozi\u021bie de automobile clasice la \u201eStr\u0103zi Deschise &#8211; Bucure\u0219ti\u201d, \u00een acest weekend"},"content":{"rendered":"\n<p class=\"wp-block-paragraph\"><strong>\u201eStr\u0103zi Deschise &#8211; Bucure\u0219ti, Promenad\u0103 Urban\u0103\u201d revine \u0219i \u00een weekendul 18-19 iulie pe Calea Victoriei, care devine pietonal\u0103.  Vizitatorii vor putea vedea, s\u00e2mb\u0103t\u0103, o expozi\u021bie de automobile clasice. <\/strong><\/p>\n\n\n\n<p class=\"wp-block-paragraph\">Pentru duminic\u0103, <a href=\"https:\/\/arcub.ro\/noutati\/calea-victoriei-intre-patrimoniu-auto-si-promenada-urbana-in-weekendul-18-19-iulie\" data-type=\"link\" data-id=\"https:\/\/arcub.ro\/noutati\/calea-victoriei-intre-patrimoniu-auto-si-promenada-urbana-in-weekendul-18-19-iulie\" target=\"_blank\" rel=\"noreferrer noopener\">ARCUB <\/a>nu a anun\u021bat evenimente, dar Calea Victoriei va r\u0103m\u00e2ne pietonal\u0103, conform informa\u021biilor oferite de organizatori. <\/p>\n\n\n\n<h2 id=\"h-expozi\u021bie-de-automobile-clasice-la-strazi-deschise-in-acest-weekend\" class=\"wp-block-heading\">Expozi\u021bie de automobile clasice, la \u201eStr\u0103zi Deschise\u201d, \u00een acest weekend <\/h2>\n\n\n\n<p class=\"wp-block-paragraph\">\u00cen aproape fiecare final de s\u0103pt\u0103m\u00e2n\u0103, din aprilie \u0219i p\u00e2n\u0103 \u00een octombrie, \u00een centul Capitalei are loc \u201eStr\u0103zi Deschise\u201d. \u00cen aceast\u0103 perioad\u0103, Calea Victoriei\u00a0devine\u00a0<a href=\"https:\/\/buletin.de\/bucuresti\/fara-strazi-deschise-bucuresti-in-acest-weekend-calea-victoriei-ramane-deschisa-circulatiei\/\" target=\"_blank\" rel=\"noreferrer noopener\">pietonal\u0103\u00a0<\/a>pe segmentul de drum cuprins \u00eentre\u00a0Bulevardul Dacia\u00a0p\u00e2n\u0103 la intersec\u021bia cu\u00a0Splaiul Independen\u021bei, \u00eentre\u00a0orele\u00a010:00-22:00,\u00a0f\u0103r\u0103 afectarea intersec\u021biilor.<\/p>\n\n\n\n<p class=\"wp-block-paragraph\">Traficul rutier se reia pe timpul nop\u021bii (s\u00e2mb\u0103ta spre duminic\u0103), de la ora 22:00 p\u00e2n\u0103 la ora 09:00, \u00een weekendurile cu \u201eStr\u0103zi Deschise\u201d. <\/p>\n\n\n\n<p class=\"wp-block-paragraph\"><strong>La fiecare edi\u021bie, vizitatorii pot descoperi diverse activit\u0103\u021bi, precum tururi ghidate sau ateliere, dar pot viziona \u0219i expozi\u021bii. Ziua de s\u00e2mb\u0103t\u0103 este dedicat\u0103 expozi\u021biei \u201eBMW Classic\u201d, de la ora 16:00. Intrarea este liber\u0103. <\/strong><\/p>\n\n\n\n<p class=\"wp-block-paragraph\">Publicul va avea ocazia de a descoperi o selec\u021bie de vehicule istorice emblematice, iar evenimentul marcheaz\u0103 40 de ani de la lansarea primei genera\u021bii BMW M3, cel mai de succes model de turisme din istoria motorsportului. Expozi\u021bia va fi prezentat\u0103 pe Calea Victoriei, tronsonul dintre Pia\u021ba Revolu\u021biei \u0219i strada Ion C\u00e2mpineanu<\/p>\n\n\n\n<h4 id=\"h-programul-pentru-saptamana-aceasta\" class=\"wp-block-heading\">Programul pentru s\u0103pt\u0103m\u00e2na aceasta<\/h4>\n\n\n\n<p class=\"wp-block-paragraph\"><strong>S\u00e2mb\u0103t\u0103, 18 iulie<\/strong><\/p>\n\n\n\n<ul class=\"wp-block-list\">\n<li>16:00 \u2013 20:00,\u00a0<strong>Magazinul Muzica:<\/strong>\u00a0Expozi\u021bia\u00a0<strong>BMW Classic\u00a0<\/strong>reune\u0219te aproximativ 25 de automobile BMW clasice fabricate \u00een perioada 1960\u20131990. Expozi\u021bie organizat\u0103 \u00een colaborare cu\u00a0<strong>Asocia\u021bia Retromobil Club Rom\u00e2nia<\/strong><\/li>\n<\/ul>\n\n\n\n<p class=\"wp-block-paragraph\"><strong>Duminic\u0103, 19 iulie<\/strong><\/p>\n\n\n\n<ul class=\"wp-block-list\">\n<li>10:00-21:00,\u00a0<strong>Calea Victoriei zon\u0103 exclusiv pietonal\u0103.<\/strong>\u00a0\u00a0<\/li>\n<\/ul>\n\n\n\n<h2 id=\"h-fara-plimbari-cu-barca-pe-dambovi\u021ba-in-weekendul-18-19-iulie\" class=\"wp-block-heading\">F\u0103r\u0103 plimb\u0103ri cu barca pe D\u00e2mbovi\u021ba, \u00een weekendul 18-19 iulie <\/h2>\n\n\n\n<p class=\"wp-block-paragraph\"><strong>\u00cen weekendul 18-19 iulie, plimb\u0103rile cu barca pe r\u00e2ul D\u00e2mbovi\u021ba nu vor avea loc, potrivit <a href=\"https:\/\/www.facebook.com\/photo?fbid=122130394443245954&amp;set=a.122094753387245954\" data-type=\"link\" data-id=\"https:\/\/www.facebook.com\/photo?fbid=122130394443245954&amp;set=a.122094753387245954\" target=\"_blank\" rel=\"noreferrer noopener\">post\u0103rii de pe pagina D\u00e2mbovi\u021ba Ap\u0103 Dulce. <\/a><\/strong><\/p>\n\n\n\n<p class=\"wp-block-paragraph\">Potrivit organizatorilor, nivelul apei este prea sc\u0103zut. \u00cen plus, cantitatea mare de de\u0219euri adunate pe ap\u0103 reprezint\u0103 un alt motiv pentru care plimb\u0103rile nu vor putea avea loc la acest final de s\u0103pt\u0103m\u00e2n\u0103. <\/p>\n\n\n\n<p class=\"wp-block-paragraph\"><em>\u201eWeekendul acesta lu\u0103m o pauz\u0103 de la plimb\u0103ri pe ap\u0103. Din p\u0103cate, pe 17\u201318 iulie nu vom organiza plimb\u0103rile cu barca pe D\u00e2mbovi\u021ba. Nivelul apei este prea sc\u0103zut, iar cantitatea mare de de\u0219euri adunate pe ap\u0103 face ca plimb\u0103rile s\u0103 nu poat\u0103 avea loc \u00een condi\u021bii pl\u0103cute.\u201d<\/em>, se precizeaz\u0103 \u00een postare. <\/p>\n\n\n\n<p class=\"wp-block-paragraph\">CITE\u0218TE \u0218I <a href=\"https:\/\/buletin.de\/bucuresti\/vreme-calda-dar-instabila-in-bucuresti-in-weekend-anm-a-emis-prognoza-speciala\/\" target=\"_blank\" rel=\"noreferrer noopener\">Vreme cald\u0103 dar instabil\u0103 \u00een Bucure\u0219ti \u00een weekend. ANM a emis prognoza special\u0103<\/a><\/p>\n","protected":false},"excerpt":{"rendered":"<p>\u201eStr\u0103zi Deschise &#8211; Bucure\u0219ti, Promenad\u0103 Urban\u0103\u201d revine \u0219i \u00een weekendul 18-19 iulie pe Calea Victoriei, care devine pietonal\u0103. Vizitatorii vor putea vedea, s\u00e2mb\u0103t\u0103, o expozi\u021bie de automobile clasice. Pentru duminic\u0103, ARCUB nu a anun\u021bat evenimente, dar Calea Victoriei va r\u0103m\u00e2ne pietonal\u0103, conform informa\u021biilor oferite de organizatori. Expozi\u021bie de automobile clasice, la \u201eStr\u0103zi Deschise\u201d, \u00een acest [&hellip;]<\/p>\n","protected":false},"author":65,"featured_media":206261,"comment_status":"closed","ping_status":"open","sticky":false,"template":"","format":"standard","meta":{"_acf_changed":false,"inline_featured_image":false,"ngg_post_thumbnail":0,"footnotes":""},"categories":[6994,9026,62],"tags":[4419,502,13054,2794],"ppma_author":[23912],"class_list":["post-206221","post","type-post","status-publish","format-standard","has-post-thumbnail","hentry","category-stiri-2","category-eveniment","category-stiri","tag-calea-victoriei","tag-program","tag-program-strazi-deschise","tag-strazi-deschise"],"acf":[],"a3_pvc":{"activated":false,"total_views":0,"today_views":0},"yoast_head":"<!-- This site is optimized with the Yoast SEO Premium plugin v28.0 (Yoast SEO v28.3) - https:\/\/yoast.com\/product\/yoast-seo-premium-wordpress\/ -->\n<title>Expozi\u021bie de automobile clasice la \u201eStr\u0103zi Deschise - Bucure\u0219ti\u201d, \u00een acest weekend - Buletin de Bucure\u0219ti<\/title>\n<meta name=\"description\" content=\"\u201eStr\u0103zi Deschise - Bucure\u0219ti, Promenad\u0103 Urban\u0103\u201d revine \u0219i \u00een weekendul 18-19 iulie pe Calea Victoriei, care devine pietonal\u0103.\" \/>\n<meta name=\"robots\" content=\"index, follow, max-snippet:-1, max-image-preview:large, max-video-preview:-1\" \/>\n<link rel=\"canonical\" href=\"https:\/\/buletin.de\/bucuresti\/expozitie-de-automobile-clasice-la-strazi-deschise-bucuresti-in-acest-weekend\/\" \/>\n<meta property=\"og:locale\" content=\"en_GB\" \/>\n<meta property=\"og:type\" content=\"article\" \/>\n<meta property=\"og:title\" content=\"Expozi\u021bie de automobile clasice la \u201eStr\u0103zi Deschise - Bucure\u0219ti\u201d, \u00een acest weekend\" \/>\n<meta property=\"og:description\" content=\"\u201eStr\u0103zi Deschise - Bucure\u0219ti, Promenad\u0103 Urban\u0103\u201d revine \u0219i \u00een weekendul 18-19 iulie pe Calea Victoriei, care devine pietonal\u0103.\" \/>\n<meta property=\"og:url\" content=\"https:\/\/buletin.de\/bucuresti\/expozitie-de-automobile-clasice-la-strazi-deschise-bucuresti-in-acest-weekend\/\" \/>\n<meta property=\"og:site_name\" content=\"Buletin de Bucure\u0219ti\" \/>\n<meta property=\"article:publisher\" content=\"https:\/\/www.facebook.com\/buletin.de.buc\" \/>\n<meta property=\"article:published_time\" content=\"2026-07-16T13:06:39+00:00\" \/>\n<meta property=\"article:modified_time\" content=\"2026-07-16T13:09:06+00:00\" \/>\n<meta property=\"og:image\" content=\"https:\/\/buletin.de\/bucuresti\/wp-content\/uploads\/2026\/07\/746327181_1032435479533571_3425785387382640996_n.jpg\" \/>\n\t<meta property=\"og:image:width\" content=\"2048\" \/>\n\t<meta property=\"og:image:height\" content=\"1365\" \/>\n\t<meta property=\"og:image:type\" content=\"image\/jpeg\" \/>\n<meta name=\"author\" content=\"Andreea St\u0103n\u0103r\u00eeng\u0103\" \/>\n<meta name=\"twitter:card\" content=\"summary_large_image\" \/>\n<meta name=\"twitter:label1\" content=\"Written by\" \/>\n\t<meta name=\"twitter:data1\" content=\"Andreea St\u0103n\u0103r\u00eeng\u0103\" \/>\n\t<meta name=\"twitter:label2\" content=\"Estimated reading time\" \/>\n\t<meta name=\"twitter:data2\" content=\"2 minutes\" \/>\n<script type=\"application\/ld+json\" class=\"yoast-schema-graph\">{\"@context\":\"https:\\\/\\\/schema.org\",\"@graph\":[{\"@type\":\"Article\",\"@id\":\"https:\\\/\\\/buletin.de\\\/bucuresti\\\/expozitie-de-automobile-clasice-la-strazi-deschise-bucuresti-in-acest-weekend\\\/#article\",\"isPartOf\":{\"@id\":\"https:\\\/\\\/buletin.de\\\/bucuresti\\\/expozitie-de-automobile-clasice-la-strazi-deschise-bucuresti-in-acest-weekend\\\/\"},\"author\":{\"name\":\"Andreea St\u0103n\u0103r\u00eeng\u0103\",\"@id\":\"https:\\\/\\\/buletin.de\\\/bucuresti\\\/#\\\/schema\\\/person\\\/81421a46fb84a0887cfd2238f5202586\"},\"headline\":\"Expozi\u021bie de automobile clasice la \u201eStr\u0103zi Deschise &#8211; Bucure\u0219ti\u201d, \u00een acest weekend\",\"datePublished\":\"2026-07-16T13:06:39+00:00\",\"dateModified\":\"2026-07-16T13:09:06+00:00\",\"mainEntityOfPage\":{\"@id\":\"https:\\\/\\\/buletin.de\\\/bucuresti\\\/expozitie-de-automobile-clasice-la-strazi-deschise-bucuresti-in-acest-weekend\\\/\"},\"wordCount\":465,\"publisher\":{\"@id\":\"https:\\\/\\\/buletin.de\\\/bucuresti\\\/#organization\"},\"image\":{\"@id\":\"https:\\\/\\\/buletin.de\\\/bucuresti\\\/expozitie-de-automobile-clasice-la-strazi-deschise-bucuresti-in-acest-weekend\\\/#primaryimage\"},\"thumbnailUrl\":\"https:\\\/\\\/buletin.de\\\/bucuresti\\\/wp-content\\\/uploads\\\/2026\\\/07\\\/746327181_1032435479533571_3425785387382640996_n.jpg\",\"keywords\":[\"calea victoriei\",\"program\",\"program strazi deschise\",\"strazi deschise\"],\"articleSection\":[\"Articole\",\"Eveniment\",\"\u0218tiri\"],\"inLanguage\":\"en-GB\",\"copyrightYear\":\"2026\",\"copyrightHolder\":{\"@id\":\"https:\\\/\\\/buletin.de\\\/bucuresti\\\/#organization\"}},{\"@type\":\"WebPage\",\"@id\":\"https:\\\/\\\/buletin.de\\\/bucuresti\\\/expozitie-de-automobile-clasice-la-strazi-deschise-bucuresti-in-acest-weekend\\\/\",\"url\":\"https:\\\/\\\/buletin.de\\\/bucuresti\\\/expozitie-de-automobile-clasice-la-strazi-deschise-bucuresti-in-acest-weekend\\\/\",\"name\":\"Expozi\u021bie de automobile clasice la \u201eStr\u0103zi Deschise - Bucure\u0219ti\u201d, \u00een acest weekend - Buletin de Bucure\u0219ti\",\"isPartOf\":{\"@id\":\"https:\\\/\\\/buletin.de\\\/bucuresti\\\/#website\"},\"primaryImageOfPage\":{\"@id\":\"https:\\\/\\\/buletin.de\\\/bucuresti\\\/expozitie-de-automobile-clasice-la-strazi-deschise-bucuresti-in-acest-weekend\\\/#primaryimage\"},\"image\":{\"@id\":\"https:\\\/\\\/buletin.de\\\/bucuresti\\\/expozitie-de-automobile-clasice-la-strazi-deschise-bucuresti-in-acest-weekend\\\/#primaryimage\"},\"thumbnailUrl\":\"https:\\\/\\\/buletin.de\\\/bucuresti\\\/wp-content\\\/uploads\\\/2026\\\/07\\\/746327181_1032435479533571_3425785387382640996_n.jpg\",\"datePublished\":\"2026-07-16T13:06:39+00:00\",\"dateModified\":\"2026-07-16T13:09:06+00:00\",\"description\":\"\u201eStr\u0103zi Deschise - Bucure\u0219ti, Promenad\u0103 Urban\u0103\u201d revine \u0219i \u00een weekendul 18-19 iulie pe Calea Victoriei, care devine pietonal\u0103.\",\"breadcrumb\":{\"@id\":\"https:\\\/\\\/buletin.de\\\/bucuresti\\\/expozitie-de-automobile-clasice-la-strazi-deschise-bucuresti-in-acest-weekend\\\/#breadcrumb\"},\"inLanguage\":\"en-GB\",\"potentialAction\":[{\"@type\":\"ReadAction\",\"target\":[\"https:\\\/\\\/buletin.de\\\/bucuresti\\\/expozitie-de-automobile-clasice-la-strazi-deschise-bucuresti-in-acest-weekend\\\/\"]}]},{\"@type\":\"ImageObject\",\"inLanguage\":\"en-GB\",\"@id\":\"https:\\\/\\\/buletin.de\\\/bucuresti\\\/expozitie-de-automobile-clasice-la-strazi-deschise-bucuresti-in-acest-weekend\\\/#primaryimage\",\"url\":\"https:\\\/\\\/buletin.de\\\/bucuresti\\\/wp-content\\\/uploads\\\/2026\\\/07\\\/746327181_1032435479533571_3425785387382640996_n.jpg\",\"contentUrl\":\"https:\\\/\\\/buletin.de\\\/bucuresti\\\/wp-content\\\/uploads\\\/2026\\\/07\\\/746327181_1032435479533571_3425785387382640996_n.jpg\",\"width\":2048,\"height\":1365,\"caption\":\"Program \u201eStr\u0103zi Deschise - Bucure\u0219ti\u201d pentru acest weekend. Foto: FB\\\/Str\u0103zi Deschise - Bucure\u0219ti\"},{\"@type\":\"BreadcrumbList\",\"@id\":\"https:\\\/\\\/buletin.de\\\/bucuresti\\\/expozitie-de-automobile-clasice-la-strazi-deschise-bucuresti-in-acest-weekend\\\/#breadcrumb\",\"itemListElement\":[{\"@type\":\"ListItem\",\"position\":1,\"name\":\"Acas\u0103\",\"item\":\"https:\\\/\\\/buletin.de\\\/bucuresti\\\/\"},{\"@type\":\"ListItem\",\"position\":2,\"name\":\"Expozi\u021bie de automobile clasice la \u201eStr\u0103zi Deschise &#8211; Bucure\u0219ti\u201d, \u00een acest weekend\"}]},{\"@type\":\"WebSite\",\"@id\":\"https:\\\/\\\/buletin.de\\\/bucuresti\\\/#website\",\"url\":\"https:\\\/\\\/buletin.de\\\/bucuresti\\\/\",\"name\":\"Buletin de Bucure\u0219ti\",\"description\":\"\u0218tiri \u0219i investiga\u021bii esen\u021biale din capital\u0103\",\"publisher\":{\"@id\":\"https:\\\/\\\/buletin.de\\\/bucuresti\\\/#organization\"},\"potentialAction\":[{\"@type\":\"SearchAction\",\"target\":{\"@type\":\"EntryPoint\",\"urlTemplate\":\"https:\\\/\\\/buletin.de\\\/bucuresti\\\/?s={search_term_string}\"},\"query-input\":{\"@type\":\"PropertyValueSpecification\",\"valueRequired\":true,\"valueName\":\"search_term_string\"}}],\"inLanguage\":\"en-GB\"},{\"@type\":\"Organization\",\"@id\":\"https:\\\/\\\/buletin.de\\\/bucuresti\\\/#organization\",\"name\":\"Buletin de Bucure\u0219ti\",\"url\":\"https:\\\/\\\/buletin.de\\\/bucuresti\\\/\",\"logo\":{\"@type\":\"ImageObject\",\"inLanguage\":\"en-GB\",\"@id\":\"https:\\\/\\\/buletin.de\\\/bucuresti\\\/#\\\/schema\\\/logo\\\/image\\\/\",\"url\":\"https:\\\/\\\/buletin.de\\\/bucuresti\\\/wp-content\\\/uploads\\\/logo-bdb-full-wide-vernil-transparent.png\",\"contentUrl\":\"https:\\\/\\\/buletin.de\\\/bucuresti\\\/wp-content\\\/uploads\\\/logo-bdb-full-wide-vernil-transparent.png\",\"width\":1782,\"height\":626,\"caption\":\"Buletin de Bucure\u0219ti\"},\"image\":{\"@id\":\"https:\\\/\\\/buletin.de\\\/bucuresti\\\/#\\\/schema\\\/logo\\\/image\\\/\"},\"sameAs\":[\"https:\\\/\\\/www.facebook.com\\\/buletin.de.buc\",\"https:\\\/\\\/www.instagram.com\\\/buletinde.bucuresti\\\/\"]},{\"@type\":\"Person\",\"@id\":\"https:\\\/\\\/buletin.de\\\/bucuresti\\\/#\\\/schema\\\/person\\\/81421a46fb84a0887cfd2238f5202586\",\"name\":\"Andreea St\u0103n\u0103r\u00eeng\u0103\",\"image\":{\"@type\":\"ImageObject\",\"inLanguage\":\"en-GB\",\"@id\":\"https:\\\/\\\/buletin.de\\\/bucuresti\\\/wp-content\\\/uploads\\\/2026\\\/06\\\/BDB_Andreea_S-1-96x96.jpgb79b6b91f9c59ea2bdedd1d8c093f6b4\",\"url\":\"https:\\\/\\\/buletin.de\\\/bucuresti\\\/wp-content\\\/uploads\\\/2026\\\/06\\\/BDB_Andreea_S-1-96x96.jpg\",\"contentUrl\":\"https:\\\/\\\/buletin.de\\\/bucuresti\\\/wp-content\\\/uploads\\\/2026\\\/06\\\/BDB_Andreea_S-1-96x96.jpg\",\"caption\":\"Andreea St\u0103n\u0103r\u00eeng\u0103\"},\"description\":\"Face parte din echipa Buletin de Bucure\u0219ti din 2025. A colaborat cu c\u00e2teva publica\u021bii, printre care \u0219i Fanatik.ro, unde s-a ocupat de \u0219tiri de lifestyle \u0219i de actualitate. A f\u0103cut un pas c\u0103tre presa local\u0103 pentru a explora Bucure\u0219tiul \u0219i pove\u0219tile care merit\u0103 spuse.\",\"url\":\"https:\\\/\\\/buletin.de\\\/bucuresti\\\/author\\\/andreea-stanaranga\\\/\"}]}<\/script>\n<!-- \/ Yoast SEO Premium plugin. -->","yoast_head_json":{"title":"Expozi\u021bie de automobile clasice la \u201eStr\u0103zi Deschise - Bucure\u0219ti\u201d, \u00een acest weekend - Buletin de Bucure\u0219ti","description":"\u201eStr\u0103zi Deschise - Bucure\u0219ti, Promenad\u0103 Urban\u0103\u201d revine \u0219i \u00een weekendul 18-19 iulie pe Calea Victoriei, care devine pietonal\u0103.","robots":{"index":"index","follow":"follow","max-snippet":"max-snippet:-1","max-image-preview":"max-image-preview:large","max-video-preview":"max-video-preview:-1"},"canonical":"https:\/\/buletin.de\/bucuresti\/expozitie-de-automobile-clasice-la-strazi-deschise-bucuresti-in-acest-weekend\/","og_locale":"en_GB","og_type":"article","og_title":"Expozi\u021bie de automobile clasice la \u201eStr\u0103zi Deschise - Bucure\u0219ti\u201d, \u00een acest weekend","og_description":"\u201eStr\u0103zi Deschise - Bucure\u0219ti, Promenad\u0103 Urban\u0103\u201d revine \u0219i \u00een weekendul 18-19 iulie pe Calea Victoriei, care devine pietonal\u0103.","og_url":"https:\/\/buletin.de\/bucuresti\/expozitie-de-automobile-clasice-la-strazi-deschise-bucuresti-in-acest-weekend\/","og_site_name":"Buletin de Bucure\u0219ti","article_publisher":"https:\/\/www.facebook.com\/buletin.de.buc","article_published_time":"2026-07-16T13:06:39+00:00","article_modified_time":"2026-07-16T13:09:06+00:00","og_image":[{"width":2048,"height":1365,"url":"https:\/\/buletin.de\/bucuresti\/wp-content\/uploads\/2026\/07\/746327181_1032435479533571_3425785387382640996_n.jpg","type":"image\/jpeg"}],"author":"Andreea St\u0103n\u0103r\u00eeng\u0103","twitter_card":"summary_large_image","twitter_misc":{"Written by":"Andreea St\u0103n\u0103r\u00eeng\u0103","Estimated reading time":"2 minutes"},"schema":{"@context":"https:\/\/schema.org","@graph":[{"@type":"Article","@id":"https:\/\/buletin.de\/bucuresti\/expozitie-de-automobile-clasice-la-strazi-deschise-bucuresti-in-acest-weekend\/#article","isPartOf":{"@id":"https:\/\/buletin.de\/bucuresti\/expozitie-de-automobile-clasice-la-strazi-deschise-bucuresti-in-acest-weekend\/"},"author":{"name":"Andreea St\u0103n\u0103r\u00eeng\u0103","@id":"https:\/\/buletin.de\/bucuresti\/#\/schema\/person\/81421a46fb84a0887cfd2238f5202586"},"headline":"Expozi\u021bie de automobile clasice la \u201eStr\u0103zi Deschise &#8211; Bucure\u0219ti\u201d, \u00een acest weekend","datePublished":"2026-07-16T13:06:39+00:00","dateModified":"2026-07-16T13:09:06+00:00","mainEntityOfPage":{"@id":"https:\/\/buletin.de\/bucuresti\/expozitie-de-automobile-clasice-la-strazi-deschise-bucuresti-in-acest-weekend\/"},"wordCount":465,"publisher":{"@id":"https:\/\/buletin.de\/bucuresti\/#organization"},"image":{"@id":"https:\/\/buletin.de\/bucuresti\/expozitie-de-automobile-clasice-la-strazi-deschise-bucuresti-in-acest-weekend\/#primaryimage"},"thumbnailUrl":"https:\/\/buletin.de\/bucuresti\/wp-content\/uploads\/2026\/07\/746327181_1032435479533571_3425785387382640996_n.jpg","keywords":["calea victoriei","program","program strazi deschise","strazi deschise"],"articleSection":["Articole","Eveniment","\u0218tiri"],"inLanguage":"en-GB","copyrightYear":"2026","copyrightHolder":{"@id":"https:\/\/buletin.de\/bucuresti\/#organization"}},{"@type":"WebPage","@id":"https:\/\/buletin.de\/bucuresti\/expozitie-de-automobile-clasice-la-strazi-deschise-bucuresti-in-acest-weekend\/","url":"https:\/\/buletin.de\/bucuresti\/expozitie-de-automobile-clasice-la-strazi-deschise-bucuresti-in-acest-weekend\/","name":"Expozi\u021bie de automobile clasice la \u201eStr\u0103zi Deschise - Bucure\u0219ti\u201d, \u00een acest weekend - Buletin de Bucure\u0219ti","isPartOf":{"@id":"https:\/\/buletin.de\/bucuresti\/#website"},"primaryImageOfPage":{"@id":"https:\/\/buletin.de\/bucuresti\/expozitie-de-automobile-clasice-la-strazi-deschise-bucuresti-in-acest-weekend\/#primaryimage"},"image":{"@id":"https:\/\/buletin.de\/bucuresti\/expozitie-de-automobile-clasice-la-strazi-deschise-bucuresti-in-acest-weekend\/#primaryimage"},"thumbnailUrl":"https:\/\/buletin.de\/bucuresti\/wp-content\/uploads\/2026\/07\/746327181_1032435479533571_3425785387382640996_n.jpg","datePublished":"2026-07-16T13:06:39+00:00","dateModified":"2026-07-16T13:09:06+00:00","description":"\u201eStr\u0103zi Deschise - Bucure\u0219ti, Promenad\u0103 Urban\u0103\u201d revine \u0219i \u00een weekendul 18-19 iulie pe Calea Victoriei, care devine pietonal\u0103.","breadcrumb":{"@id":"https:\/\/buletin.de\/bucuresti\/expozitie-de-automobile-clasice-la-strazi-deschise-bucuresti-in-acest-weekend\/#breadcrumb"},"inLanguage":"en-GB","potentialAction":[{"@type":"ReadAction","target":["https:\/\/buletin.de\/bucuresti\/expozitie-de-automobile-clasice-la-strazi-deschise-bucuresti-in-acest-weekend\/"]}]},{"@type":"ImageObject","inLanguage":"en-GB","@id":"https:\/\/buletin.de\/bucuresti\/expozitie-de-automobile-clasice-la-strazi-deschise-bucuresti-in-acest-weekend\/#primaryimage","url":"https:\/\/buletin.de\/bucuresti\/wp-content\/uploads\/2026\/07\/746327181_1032435479533571_3425785387382640996_n.jpg","contentUrl":"https:\/\/buletin.de\/bucuresti\/wp-content\/uploads\/2026\/07\/746327181_1032435479533571_3425785387382640996_n.jpg","width":2048,"height":1365,"caption":"Program \u201eStr\u0103zi Deschise - Bucure\u0219ti\u201d pentru acest weekend. Foto: FB\/Str\u0103zi Deschise - Bucure\u0219ti"},{"@type":"BreadcrumbList","@id":"https:\/\/buletin.de\/bucuresti\/expozitie-de-automobile-clasice-la-strazi-deschise-bucuresti-in-acest-weekend\/#breadcrumb","itemListElement":[{"@type":"ListItem","position":1,"name":"Acas\u0103","item":"https:\/\/buletin.de\/bucuresti\/"},{"@type":"ListItem","position":2,"name":"Expozi\u021bie de automobile clasice la \u201eStr\u0103zi Deschise &#8211; Bucure\u0219ti\u201d, \u00een acest weekend"}]},{"@type":"WebSite","@id":"https:\/\/buletin.de\/bucuresti\/#website","url":"https:\/\/buletin.de\/bucuresti\/","name":"Buletin de Bucure\u0219ti","description":"\u0218tiri \u0219i investiga\u021bii esen\u021biale din capital\u0103","publisher":{"@id":"https:\/\/buletin.de\/bucuresti\/#organization"},"potentialAction":[{"@type":"SearchAction","target":{"@type":"EntryPoint","urlTemplate":"https:\/\/buletin.de\/bucuresti\/?s={search_term_string}"},"query-input":{"@type":"PropertyValueSpecification","valueRequired":true,"valueName":"search_term_string"}}],"inLanguage":"en-GB"},{"@type":"Organization","@id":"https:\/\/buletin.de\/bucuresti\/#organization","name":"Buletin de Bucure\u0219ti","url":"https:\/\/buletin.de\/bucuresti\/","logo":{"@type":"ImageObject","inLanguage":"en-GB","@id":"https:\/\/buletin.de\/bucuresti\/#\/schema\/logo\/image\/","url":"https:\/\/buletin.de\/bucuresti\/wp-content\/uploads\/logo-bdb-full-wide-vernil-transparent.png","contentUrl":"https:\/\/buletin.de\/bucuresti\/wp-content\/uploads\/logo-bdb-full-wide-vernil-transparent.png","width":1782,"height":626,"caption":"Buletin de Bucure\u0219ti"},"image":{"@id":"https:\/\/buletin.de\/bucuresti\/#\/schema\/logo\/image\/"},"sameAs":["https:\/\/www.facebook.com\/buletin.de.buc","https:\/\/www.instagram.com\/buletinde.bucuresti\/"]},{"@type":"Person","@id":"https:\/\/buletin.de\/bucuresti\/#\/schema\/person\/81421a46fb84a0887cfd2238f5202586","name":"Andreea St\u0103n\u0103r\u00eeng\u0103","image":{"@type":"ImageObject","inLanguage":"en-GB","@id":"https:\/\/buletin.de\/bucuresti\/wp-content\/uploads\/2026\/06\/BDB_Andreea_S-1-96x96.jpgb79b6b91f9c59ea2bdedd1d8c093f6b4","url":"https:\/\/buletin.de\/bucuresti\/wp-content\/uploads\/2026\/06\/BDB_Andreea_S-1-96x96.jpg","contentUrl":"https:\/\/buletin.de\/bucuresti\/wp-content\/uploads\/2026\/06\/BDB_Andreea_S-1-96x96.jpg","caption":"Andreea St\u0103n\u0103r\u00eeng\u0103"},"description":"Face parte din echipa Buletin de Bucure\u0219ti din 2025. A colaborat cu c\u00e2teva publica\u021bii, printre care \u0219i Fanatik.ro, unde s-a ocupat de \u0219tiri de lifestyle \u0219i de actualitate. A f\u0103cut un pas c\u0103tre presa local\u0103 pentru a explora Bucure\u0219tiul \u0219i pove\u0219tile care merit\u0103 spuse.","url":"https:\/\/buletin.de\/bucuresti\/author\/andreea-stanaranga\/"}]}},"authors":[{"term_id":23912,"user_id":65,"is_guest":0,"slug":"andreea-stanaranga","display_name":"Andreea St\u0103n\u0103r\u00eeng\u0103","avatar_url":"https:\/\/buletin.de\/bucuresti\/wp-content\/uploads\/2026\/06\/BDB_Andreea_S-1-96x96.jpg","author_category":"1","first_name":"Andreea","last_name":"St\u0103n\u0103r\u00eeng\u0103","user_url":"","job_title":"","description":"Face parte din echipa Buletin de Bucure\u0219ti din 2025. A colaborat cu c\u00e2teva publica\u021bii, printre care \u0219i Fanatik.ro, unde s-a ocupat de \u0219tiri de lifestyle \u0219i de actualitate. A f\u0103cut un pas c\u0103tre presa local\u0103 pentru a explora Bucure\u0219tiul \u0219i pove\u0219tile care merit\u0103 spuse."}],"_links":{"self":[{"href":"https:\/\/buletin.de\/bucuresti\/wp-json\/wp\/v2\/posts\/206221","targetHints":{"allow":["GET"]}}],"collection":[{"href":"https:\/\/buletin.de\/bucuresti\/wp-json\/wp\/v2\/posts"}],"about":[{"href":"https:\/\/buletin.de\/bucuresti\/wp-json\/wp\/v2\/types\/post"}],"author":[{"embeddable":true,"href":"https:\/\/buletin.de\/bucuresti\/wp-json\/wp\/v2\/users\/65"}],"replies":[{"embeddable":true,"href":"https:\/\/buletin.de\/bucuresti\/wp-json\/wp\/v2\/comments?post=206221"}],"version-history":[{"count":8,"href":"https:\/\/buletin.de\/bucuresti\/wp-json\/wp\/v2\/posts\/206221\/revisions"}],"predecessor-version":[{"id":206267,"href":"https:\/\/buletin.de\/bucuresti\/wp-json\/wp\/v2\/posts\/206221\/revisions\/206267"}],"wp:featuredmedia":[{"embeddable":true,"href":"https:\/\/buletin.de\/bucuresti\/wp-json\/wp\/v2\/media\/206261"}],"wp:attachment":[{"href":"https:\/\/buletin.de\/bucuresti\/wp-json\/wp\/v2\/media?parent=206221"}],"wp:term":[{"taxonomy":"category","embeddable":true,"href":"https:\/\/buletin.de\/bucuresti\/wp-json\/wp\/v2\/categories?post=206221"},{"taxonomy":"post_tag","embeddable":true,"href":"https:\/\/buletin.de\/bucuresti\/wp-json\/wp\/v2\/tags?post=206221"},{"taxonomy":"author","embeddable":true,"href":"https:\/\/buletin.de\/bucuresti\/wp-json\/wp\/v2\/ppma_author?post=206221"}],"curies":[{"name":"wp","href":"https:\/\/api.w.org\/{rel}","templated":true}]}}