{"id":206203,"date":"2026-07-16T16:00:38","date_gmt":"2026-07-16T13:00:38","guid":{"rendered":"https:\/\/buletin.de\/bucuresti\/?p=206203"},"modified":"2026-07-17T10:39:04","modified_gmt":"2026-07-17T07:39:04","slug":"lotul-1-al-a0-nord-risca-sa-nu-fie-deschis-nici-macar-in-aprilie-2027-oficialii-din-transporturi-se-contrazic-cu-privire-la-data-inaugurarii","status":"publish","type":"post","link":"https:\/\/buletin.de\/bucuresti\/lotul-1-al-a0-nord-risca-sa-nu-fie-deschis-nici-macar-in-aprilie-2027-oficialii-din-transporturi-se-contrazic-cu-privire-la-data-inaugurarii\/","title":{"rendered":"Lotul 1 al A0 Nord risc\u0103 s\u0103 nu fie deschis nici m\u0103car \u00een aprilie 2027. Oficialii din Transporturi se contrazic cu privire la data inaugur\u0103rii"},"content":{"rendered":"\n<p class=\"wp-block-paragraph\"><strong>Lotul 1 al Autostr\u0103zii Bucure\u0219tiului (A0) Nord risc\u0103 s\u0103 nu fie gata nici m\u0103car \u00een aprilie 2027. Lucr\u0103rile se apropie de stadiul de execu\u021bie de 68%, \u00eenregistr\u00e2nd un progres de aproximativ doar 5% \u00een ultimele trei s\u0103pt\u0103m\u00e2ni, <a href=\"https:\/\/www.facebook.com\/reel\/1768672570791558\/?__cft__[0]=AZbMPdtUD-odTjbBpXDo3hUYsSKnrU_1v16a2NY1IF3H_dgSZKUTZ32asEw8NOWd-7lUU0E56Etprx3qAQ4ujEvM3OH0ntXnzE4bXsTHGpULykNHTRjFqQU0VWvXtTdJRo2_VRfAmWo4vfihXtr8T0zeG1kmHObxv9O7pq4afSCBB_46ZzWuR3h2Ddj30wYMkr0GIoSYSc_Io7lv_lQJ62cD&amp;__tn__=%2CO%2CP-R\" target=\"_blank\" rel=\"noreferrer noopener\">potrivit directorului CNAIR Cristian Pistol<\/a>.<\/strong><\/p>\n\n\n\n<p class=\"wp-block-paragraph\">De\u0219i autorit\u0103\u021bile promiseser\u0103 ini\u021bial c\u0103 Autostrada Bucure\u0219tiului va fi dat\u0103 integral \u00een trafic p\u00e2n\u0103 la finalul anului, Cristian Pistol anun\u021b\u0103 \u00eent\u00e2rzieri pe anumite sectoare ale segmentului de 17,5 kilometri cuprins \u00eentre Joi\u021ba \u0219i Corbeanca.<\/p>\n\n\n\n<p class=\"wp-block-paragraph\">A\u0219adar, constructorul lotului 1 trebuie s\u0103 accelereze ritmul de lucru pentru a respecta termenul contractual, \u0219i anume aprilie 2027, a transmis \u0219eful CNAIR, pe 16 iulie.<\/p>\n\n\n\n<blockquote class=\"wp-block-quote is-layout-flow wp-block-quote-is-layout-flow\">\n<p class=\"wp-block-paragraph\">Pentru respectarea termenului contractual de finalizare (aprilie 2027), este necesar\u0103 accelerarea lucr\u0103rilor pe sectoarele r\u0103mase \u00een urm\u0103. CNAIR monitorizeaz\u0103 permanent ritmul de execu\u021bie pe \u00eentregul lot.<\/p>\n<cite>Cristian Pistol, director CNAIR, declara\u021bii 16 iulie<\/cite><\/blockquote>\n\n\n\n<p class=\"wp-block-paragraph\">Cu doar o s\u0103pt\u0103m\u00e2na \u00een urm\u0103, <a href=\"https:\/\/buletin.de\/bucuresti\/video-stadiul-lucrarilor-pe-lotul-1-al-a0-nord-un-segment-ar-putea-fi-deschis-in-toamna-de-cand-va-fi-dat-in-circulatie-in-totalitate\/\">secretarulul de stat \u00een Ministerul Transporturilor Ionel Scrio\u0219teanu transmitea c\u0103 lotul 1 al A0 Nord poate fi inaugurat p\u00e2n\u0103 la finalul anului<\/a>. <\/p>\n\n\n\n<p class=\"wp-block-paragraph\">Acesta a explicat c\u0103 se ia \u00een calcul \u0219i deschiderea circula\u021biei \u00een dou\u0103 etape, dac\u0103 nodul rutier definitiv, inclus \u00een contractul pentru Varianta Ocolitoare Buftea, nu va putea fi finalizat p\u00e2n\u0103 \u00een decembrie 2026.<\/p>\n\n\n\n<p class=\"wp-block-paragraph\">\u201eAcest lot poate fi dat integral \u00een trafic p\u00e2n\u0103 la sf\u00e2r\u0219itul anului, dar exist\u0103 \u0219i posibilitatea de a avea dou\u0103 etape, dup\u0103 cum urmeaz\u0103: tronsonul cuprins \u00eentre DN1 &#8211; DN1A ar putea fi dat \u00een trafic la sf\u00e2r\u0219itul lunii septembrie cu desc\u0103rcare provizorie pentru trafic u\u0219or, doar dac\u0103 lucr\u0103rile aferente nodului rutier definitiv (parte din contractul VO Buftea) nu vor putea fi finalizate p\u00e2n\u0103 \u00een luna decembrie a acestui an \u0219i dac\u0103 eventuala desc\u0103rcare provizorie nu va \u00eencurca foarte mult aceste lucr\u0103ri, urm\u00e2nd ca p\u00e2n\u0103 la sf\u00e2r\u0219itul anului s\u0103 se dea \u00een trafic \u00eentre DN1A -DN7 &#8211; A1\u201d, a transmis oficialul din Transporturi pe 9 iulie.<\/p>\n\n\n\n<p class=\"wp-block-paragraph\">De altfel, inclusiv <a href=\"https:\/\/buletin.de\/bucuresti\/care-este-stadiul-lucrarilor-pe-lotul-1-al-a0-nord-intre-joita-si-corbeanca\/\">directorul CNAIR anun\u021ba, la finalul lunii iunie, c\u0103 mobilizarea constructorului este bun\u0103<\/a> \u0219i c\u0103 segmentul de drum de mare vitez\u0103 ar putea fi dat \u00een trafic anul acesta.<\/p>\n\n\n\n<blockquote class=\"wp-block-quote is-layout-flow wp-block-quote-is-layout-flow\">\n<p class=\"wp-block-paragraph\">Men\u021binerea ritmului actual de lucru ar face posibil\u0103 deschiderea circula\u021biei p\u00e2n\u0103 la finalul acestui an, \u00een avans fa\u021b\u0103 de termenul contractual (aprilie 2027).<\/p>\n<cite>Cristian Pistol, director CNAIR, declara\u021bii 26 iunie<\/cite><\/blockquote>\n\n\n\n<h2 id=\"h-care-este-stadiul-lucrarilor-pe-lotul-1-al-a0-nord\" class=\"wp-block-heading\">Care este stadiul lucr\u0103rilor pe lotul 1 al A0 Nord<\/h2>\n\n\n\n<p class=\"wp-block-paragraph\"><strong>Lotul 1 al A0 Nord are o lungime de 17,5 kilometri, fiind cuprins \u00eentre Joi\u021ba \u0219i Corbeanca. Potrivit \u0219efului CNAIR, asocierea de constructori rom\u00e2ni \u0219i italieni (Retter-Pizzarotti) a mobilizat 780 de muncitori \u0219i 340 de utilaje pe \u0219antier. <\/strong><\/p>\n\n\n\n<p class=\"wp-block-paragraph\">Dac\u0103 pe sectorul cuprins \u00eentre km 12 \u0219i 20 s-au a\u0219ternut deja primele dou\u0103 straturi de asfalt \u0219i urmeaz\u0103 stratul de uzur\u0103, pe por\u021biunea dinspre A1 \u00eenc\u0103 se lucreaz\u0103 la terasamente.<\/p>\n\n\n\n<p class=\"wp-block-paragraph\">\u201ePe sectorul cuprins \u00eentre km 12+100 \u0219i km 20+000 s-au a\u0219ternut deja primele dou\u0103 straturi de asfalt (stratul de baz\u0103 \u0219i binderul). Urmeaz\u0103 s\u0103 se a\u0219tearn\u0103 stratul de uzur\u0103 \u0219i s\u0103 se traseze marcajele, dup\u0103 finalizarea altor lucr\u0103ri \u00een \u0219antier.<\/p>\n\n\n\n<p class=\"wp-block-paragraph\">La ora actual\u0103, terasamentele sunt realizate \u00een propor\u021bie de 99%, iar \u00een paralel se lucreaz\u0103 la:<\/p>\n\n\n\n<ul class=\"wp-block-list\">\n<li>execu\u021bia rampelor pasajelor de la km 18+303 \u0219i km 19+595,<\/li>\n\n\n\n<li>parc\u0103rile de scurt\u0103 durat\u0103.<\/li>\n<\/ul>\n\n\n\n<p class=\"wp-block-paragraph\">Pe sectorul dintre km 2+300 \u0219i km 12+100 se lucreaz\u0103 la terasamente \u0219i la rampele pasajelor peste autostrad\u0103 de la km 4+552 \u0219i km 7+864.<\/p>\n\n\n\n<p class=\"wp-block-paragraph\">La pasajul peste DJ601A (km 2+475), dar \u0219i la podurile peste r\u00e2ul D\u00e2mbovi\u021ba (km 2+999) \u0219i peste r\u00e2ul B\u00e2ldana (km 4+042), constructorii lucreaz\u0103 deja la pl\u0103cile de suprabetonare.<\/p>\n\n\n\n<p class=\"wp-block-paragraph\">La podul peste r\u00e2ul Colentina, CF 300 Bucure\u0219ti-Ploie\u0219ti, CF Mogo\u0219oaia-Buftea \u0219i breteaua de la nodul rutier DN1A (km 10+762) se lucreaz\u0103 la suprastructur\u0103.<\/p>\n\n\n\n<p class=\"wp-block-paragraph\">Pasajele de la km 12+130, km 18+303 \u0219i km 19+595 au partea de suprastructur\u0103 deja finalizat\u0103\u201d, a transmis Cristian Pistol pe re\u021belele de socializare.<\/p>\n\n\n\n<iframe src=\"https:\/\/www.facebook.com\/plugins\/video.php?height=314&#038;href=https%3A%2F%2Fwww.facebook.com%2Freel%2F1768672570791558%2F&#038;show_text=false&#038;width=560&#038;t=0\" width=\"560\" height=\"314\" style=\"border:none;overflow:hidden\" scrolling=\"no\" frameborder=\"0\" allowfullscreen=\"true\" allow=\"autoplay; clipboard-write; encrypted-media; picture-in-picture; web-share\" allowFullScreen=\"true\"><\/iframe>\n\n\n\n<p class=\"wp-block-paragraph\">Contractul pentru cei 17,5 kilometri de drum de mare vitez\u0103 a fost semnat \u00een septembrie 2023. Costurile se ridic\u0103 la peste 800 de milioane de lei, f\u0103r\u0103 TVA, fiind asigurate prin Programul Transport 2021-2017 (fonduri europene nerambursabile \u0219i buget de stat).<\/p>\n\n\n\n<p class=\"wp-block-paragraph\"><strong>CITE\u0218TE \u0218I:<\/strong> <a href=\"https:\/\/buletin.de\/bucuresti\/studiul-de-fezabilitate-pentru-primul-drum-radial-al-bucurestiului-ajunge-la-aprobare-dr1-vest-expres-va-prelungi-bulevardul-timisoara-pana-la-a0\/\"><strong>Studiul de fezabilitate pentru primul drum radial al Bucure\u0219tiului ajunge la aprobare. DR1 \u2013 Vest Expres va prelungi Bulevardul Timi\u0219oara p\u00e2n\u0103 la A0<\/strong><\/a><\/p>\n\n\n\n<p class=\"wp-block-paragraph\"><\/p>\n","protected":false},"excerpt":{"rendered":"<p>Lotul 1 al Autostr\u0103zii Bucure\u0219tiului (A0) Nord risc\u0103 s\u0103 nu fie gata nici m\u0103car \u00een aprilie 2027. Lucr\u0103rile se apropie de stadiul de execu\u021bie de 68%, \u00eenregistr\u00e2nd un progres de aproximativ doar 5% \u00een ultimele trei s\u0103pt\u0103m\u00e2ni, potrivit directorului CNAIR Cristian Pistol. De\u0219i autorit\u0103\u021bile promiseser\u0103 ini\u021bial c\u0103 Autostrada Bucure\u0219tiului va fi dat\u0103 integral \u00een trafic [&hellip;]<\/p>\n","protected":false},"author":55,"featured_media":206251,"comment_status":"closed","ping_status":"open","sticky":false,"template":"","format":"standard","meta":{"_acf_changed":false,"inline_featured_image":false,"ngg_post_thumbnail":0,"footnotes":""},"categories":[6994,5762,650],"tags":[1238,1426,14682,29486,17181,21789,1481,29485,401],"ppma_author":[22573],"class_list":["post-206203","post","type-post","status-publish","format-standard","has-post-thumbnail","hentry","category-stiri-2","category-main","category-transport","tag-cnair","tag-corbeanca","tag-cristian-pistol","tag-inaugurare-lot-1-a0-nord","tag-joita","tag-lotul-1-a0-nord","tag-ministerul-transporturilor","tag-stadiul-lucrarilor-autostrada-bucurestiului","tag-transport"],"acf":[],"a3_pvc":{"activated":false,"total_views":0,"today_views":0},"yoast_head":"<!-- This site is optimized with the Yoast SEO Premium plugin v28.0 (Yoast SEO v28.3) - https:\/\/yoast.com\/product\/yoast-seo-premium-wordpress\/ -->\n<title>Lotul 1 al A0 Nord risc\u0103 s\u0103 nu fie deschis nici m\u0103car \u00een aprilie 2027. Oficialii din Transporturi se contrazic cu privire la data inaugur\u0103rii - Buletin de Bucure\u0219ti<\/title>\n<meta name=\"description\" content=\"Lotul 1 al A0 Nord risc\u0103 s\u0103 nu fie deschis nici m\u0103car \u00een aprilie 2027. Care este stadiul lucr\u0103rilor\" \/>\n<meta name=\"robots\" content=\"index, follow, max-snippet:-1, max-image-preview:large, max-video-preview:-1\" \/>\n<link rel=\"canonical\" href=\"https:\/\/buletin.de\/bucuresti\/lotul-1-al-a0-nord-risca-sa-nu-fie-deschis-nici-macar-in-aprilie-2027-oficialii-din-transporturi-se-contrazic-cu-privire-la-data-inaugurarii\/\" \/>\n<meta property=\"og:locale\" content=\"en_GB\" \/>\n<meta property=\"og:type\" content=\"article\" \/>\n<meta property=\"og:title\" content=\"Lotul 1 al A0 Nord risc\u0103 s\u0103 nu fie deschis nici m\u0103car \u00een aprilie 2027. Oficialii din Transporturi se contrazic cu privire la data inaugur\u0103rii\" \/>\n<meta property=\"og:description\" content=\"Lotul 1 al A0 Nord risc\u0103 s\u0103 nu fie deschis nici m\u0103car \u00een aprilie 2027. Care este stadiul lucr\u0103rilor\" \/>\n<meta property=\"og:url\" content=\"https:\/\/buletin.de\/bucuresti\/lotul-1-al-a0-nord-risca-sa-nu-fie-deschis-nici-macar-in-aprilie-2027-oficialii-din-transporturi-se-contrazic-cu-privire-la-data-inaugurarii\/\" \/>\n<meta property=\"og:site_name\" content=\"Buletin de Bucure\u0219ti\" \/>\n<meta property=\"article:publisher\" content=\"https:\/\/www.facebook.com\/buletin.de.buc\" \/>\n<meta property=\"article:published_time\" content=\"2026-07-16T13:00:38+00:00\" \/>\n<meta property=\"article:modified_time\" content=\"2026-07-17T07:39:04+00:00\" \/>\n<meta property=\"og:image\" content=\"https:\/\/buletin.de\/bucuresti\/wp-content\/uploads\/2026\/07\/image_2026-07-16_155530875.png\" \/>\n\t<meta property=\"og:image:width\" content=\"1373\" \/>\n\t<meta property=\"og:image:height\" content=\"733\" \/>\n\t<meta property=\"og:image:type\" content=\"image\/png\" \/>\n<meta name=\"author\" content=\"Andreea Tudor\" \/>\n<meta name=\"twitter:card\" content=\"summary_large_image\" \/>\n<meta name=\"twitter:label1\" content=\"Written by\" \/>\n\t<meta name=\"twitter:data1\" content=\"Andreea Tudor\" \/>\n\t<meta name=\"twitter:label2\" content=\"Estimated reading time\" \/>\n\t<meta name=\"twitter:data2\" content=\"3 minutes\" \/>\n<script type=\"application\/ld+json\" class=\"yoast-schema-graph\">{\"@context\":\"https:\\\/\\\/schema.org\",\"@graph\":[{\"@type\":\"Article\",\"@id\":\"https:\\\/\\\/buletin.de\\\/bucuresti\\\/lotul-1-al-a0-nord-risca-sa-nu-fie-deschis-nici-macar-in-aprilie-2027-oficialii-din-transporturi-se-contrazic-cu-privire-la-data-inaugurarii\\\/#article\",\"isPartOf\":{\"@id\":\"https:\\\/\\\/buletin.de\\\/bucuresti\\\/lotul-1-al-a0-nord-risca-sa-nu-fie-deschis-nici-macar-in-aprilie-2027-oficialii-din-transporturi-se-contrazic-cu-privire-la-data-inaugurarii\\\/\"},\"author\":{\"name\":\"Andreea Tudor\",\"@id\":\"https:\\\/\\\/buletin.de\\\/bucuresti\\\/#\\\/schema\\\/person\\\/150590659efde715459d159da012f501\"},\"headline\":\"Lotul 1 al A0 Nord risc\u0103 s\u0103 nu fie deschis nici m\u0103car \u00een aprilie 2027. Oficialii din Transporturi se contrazic cu privire la data inaugur\u0103rii\",\"datePublished\":\"2026-07-16T13:00:38+00:00\",\"dateModified\":\"2026-07-17T07:39:04+00:00\",\"mainEntityOfPage\":{\"@id\":\"https:\\\/\\\/buletin.de\\\/bucuresti\\\/lotul-1-al-a0-nord-risca-sa-nu-fie-deschis-nici-macar-in-aprilie-2027-oficialii-din-transporturi-se-contrazic-cu-privire-la-data-inaugurarii\\\/\"},\"wordCount\":740,\"publisher\":{\"@id\":\"https:\\\/\\\/buletin.de\\\/bucuresti\\\/#organization\"},\"image\":{\"@id\":\"https:\\\/\\\/buletin.de\\\/bucuresti\\\/lotul-1-al-a0-nord-risca-sa-nu-fie-deschis-nici-macar-in-aprilie-2027-oficialii-din-transporturi-se-contrazic-cu-privire-la-data-inaugurarii\\\/#primaryimage\"},\"thumbnailUrl\":\"https:\\\/\\\/buletin.de\\\/bucuresti\\\/wp-content\\\/uploads\\\/2026\\\/07\\\/image_2026-07-16_155530875.png\",\"keywords\":[\"cnair\",\"corbeanca\",\"cristian pistol\",\"inaugurare lot 1 A0 Nord\",\"joita\",\"lotul 1 a0 nord\",\"ministerul transporturilor\",\"stadiul lucrarilor autostrada bucurestiului\",\"transport\"],\"articleSection\":[\"Articole\",\"Main\",\"Transport\"],\"inLanguage\":\"en-GB\",\"copyrightYear\":\"2026\",\"copyrightHolder\":{\"@id\":\"https:\\\/\\\/buletin.de\\\/bucuresti\\\/#organization\"}},{\"@type\":\"WebPage\",\"@id\":\"https:\\\/\\\/buletin.de\\\/bucuresti\\\/lotul-1-al-a0-nord-risca-sa-nu-fie-deschis-nici-macar-in-aprilie-2027-oficialii-din-transporturi-se-contrazic-cu-privire-la-data-inaugurarii\\\/\",\"url\":\"https:\\\/\\\/buletin.de\\\/bucuresti\\\/lotul-1-al-a0-nord-risca-sa-nu-fie-deschis-nici-macar-in-aprilie-2027-oficialii-din-transporturi-se-contrazic-cu-privire-la-data-inaugurarii\\\/\",\"name\":\"Lotul 1 al A0 Nord risc\u0103 s\u0103 nu fie deschis nici m\u0103car \u00een aprilie 2027. Oficialii din Transporturi se contrazic cu privire la data inaugur\u0103rii - Buletin de Bucure\u0219ti\",\"isPartOf\":{\"@id\":\"https:\\\/\\\/buletin.de\\\/bucuresti\\\/#website\"},\"primaryImageOfPage\":{\"@id\":\"https:\\\/\\\/buletin.de\\\/bucuresti\\\/lotul-1-al-a0-nord-risca-sa-nu-fie-deschis-nici-macar-in-aprilie-2027-oficialii-din-transporturi-se-contrazic-cu-privire-la-data-inaugurarii\\\/#primaryimage\"},\"image\":{\"@id\":\"https:\\\/\\\/buletin.de\\\/bucuresti\\\/lotul-1-al-a0-nord-risca-sa-nu-fie-deschis-nici-macar-in-aprilie-2027-oficialii-din-transporturi-se-contrazic-cu-privire-la-data-inaugurarii\\\/#primaryimage\"},\"thumbnailUrl\":\"https:\\\/\\\/buletin.de\\\/bucuresti\\\/wp-content\\\/uploads\\\/2026\\\/07\\\/image_2026-07-16_155530875.png\",\"datePublished\":\"2026-07-16T13:00:38+00:00\",\"dateModified\":\"2026-07-17T07:39:04+00:00\",\"description\":\"Lotul 1 al A0 Nord risc\u0103 s\u0103 nu fie deschis nici m\u0103car \u00een aprilie 2027. Care este stadiul lucr\u0103rilor\",\"breadcrumb\":{\"@id\":\"https:\\\/\\\/buletin.de\\\/bucuresti\\\/lotul-1-al-a0-nord-risca-sa-nu-fie-deschis-nici-macar-in-aprilie-2027-oficialii-din-transporturi-se-contrazic-cu-privire-la-data-inaugurarii\\\/#breadcrumb\"},\"inLanguage\":\"en-GB\",\"potentialAction\":[{\"@type\":\"ReadAction\",\"target\":[\"https:\\\/\\\/buletin.de\\\/bucuresti\\\/lotul-1-al-a0-nord-risca-sa-nu-fie-deschis-nici-macar-in-aprilie-2027-oficialii-din-transporturi-se-contrazic-cu-privire-la-data-inaugurarii\\\/\"]}]},{\"@type\":\"ImageObject\",\"inLanguage\":\"en-GB\",\"@id\":\"https:\\\/\\\/buletin.de\\\/bucuresti\\\/lotul-1-al-a0-nord-risca-sa-nu-fie-deschis-nici-macar-in-aprilie-2027-oficialii-din-transporturi-se-contrazic-cu-privire-la-data-inaugurarii\\\/#primaryimage\",\"url\":\"https:\\\/\\\/buletin.de\\\/bucuresti\\\/wp-content\\\/uploads\\\/2026\\\/07\\\/image_2026-07-16_155530875.png\",\"contentUrl\":\"https:\\\/\\\/buletin.de\\\/bucuresti\\\/wp-content\\\/uploads\\\/2026\\\/07\\\/image_2026-07-16_155530875.png\",\"width\":1373,\"height\":733,\"caption\":\"Lotul 1 al A0 Nord risc\u0103 s\u0103 nu fie deschis nici m\u0103car \u00een aprilie 2027. Oficialii din Transporturi se contrazic cu privire la data inaugur\u0103rii. Foto: FB\\\/ Cristian Pistol\"},{\"@type\":\"BreadcrumbList\",\"@id\":\"https:\\\/\\\/buletin.de\\\/bucuresti\\\/lotul-1-al-a0-nord-risca-sa-nu-fie-deschis-nici-macar-in-aprilie-2027-oficialii-din-transporturi-se-contrazic-cu-privire-la-data-inaugurarii\\\/#breadcrumb\",\"itemListElement\":[{\"@type\":\"ListItem\",\"position\":1,\"name\":\"Acas\u0103\",\"item\":\"https:\\\/\\\/buletin.de\\\/bucuresti\\\/\"},{\"@type\":\"ListItem\",\"position\":2,\"name\":\"Lotul 1 al A0 Nord risc\u0103 s\u0103 nu fie deschis nici m\u0103car \u00een aprilie 2027. Oficialii din Transporturi se contrazic cu privire la data inaugur\u0103rii\"}]},{\"@type\":\"WebSite\",\"@id\":\"https:\\\/\\\/buletin.de\\\/bucuresti\\\/#website\",\"url\":\"https:\\\/\\\/buletin.de\\\/bucuresti\\\/\",\"name\":\"Buletin de Bucure\u0219ti\",\"description\":\"\u0218tiri \u0219i investiga\u021bii esen\u021biale din capital\u0103\",\"publisher\":{\"@id\":\"https:\\\/\\\/buletin.de\\\/bucuresti\\\/#organization\"},\"potentialAction\":[{\"@type\":\"SearchAction\",\"target\":{\"@type\":\"EntryPoint\",\"urlTemplate\":\"https:\\\/\\\/buletin.de\\\/bucuresti\\\/?s={search_term_string}\"},\"query-input\":{\"@type\":\"PropertyValueSpecification\",\"valueRequired\":true,\"valueName\":\"search_term_string\"}}],\"inLanguage\":\"en-GB\"},{\"@type\":\"Organization\",\"@id\":\"https:\\\/\\\/buletin.de\\\/bucuresti\\\/#organization\",\"name\":\"Buletin de Bucure\u0219ti\",\"url\":\"https:\\\/\\\/buletin.de\\\/bucuresti\\\/\",\"logo\":{\"@type\":\"ImageObject\",\"inLanguage\":\"en-GB\",\"@id\":\"https:\\\/\\\/buletin.de\\\/bucuresti\\\/#\\\/schema\\\/logo\\\/image\\\/\",\"url\":\"https:\\\/\\\/buletin.de\\\/bucuresti\\\/wp-content\\\/uploads\\\/logo-bdb-full-wide-vernil-transparent.png\",\"contentUrl\":\"https:\\\/\\\/buletin.de\\\/bucuresti\\\/wp-content\\\/uploads\\\/logo-bdb-full-wide-vernil-transparent.png\",\"width\":1782,\"height\":626,\"caption\":\"Buletin de Bucure\u0219ti\"},\"image\":{\"@id\":\"https:\\\/\\\/buletin.de\\\/bucuresti\\\/#\\\/schema\\\/logo\\\/image\\\/\"},\"sameAs\":[\"https:\\\/\\\/www.facebook.com\\\/buletin.de.buc\",\"https:\\\/\\\/www.instagram.com\\\/buletinde.bucuresti\\\/\"]},{\"@type\":\"Person\",\"@id\":\"https:\\\/\\\/buletin.de\\\/bucuresti\\\/#\\\/schema\\\/person\\\/150590659efde715459d159da012f501\",\"name\":\"Andreea Tudor\",\"image\":{\"@type\":\"ImageObject\",\"inLanguage\":\"en-GB\",\"@id\":\"https:\\\/\\\/buletin.de\\\/bucuresti\\\/wp-content\\\/uploads\\\/2026\\\/06\\\/BDB_Andreea_T-5-96x96.jpg2291f994b0ece9443cb8e95c805b8b20\",\"url\":\"https:\\\/\\\/buletin.de\\\/bucuresti\\\/wp-content\\\/uploads\\\/2026\\\/06\\\/BDB_Andreea_T-5-96x96.jpg\",\"contentUrl\":\"https:\\\/\\\/buletin.de\\\/bucuresti\\\/wp-content\\\/uploads\\\/2026\\\/06\\\/BDB_Andreea_T-5-96x96.jpg\",\"caption\":\"Andreea Tudor\"},\"description\":\"Reporter la Buletin de Bucure\u0219ti de doi ani \u0219i jum\u0103tate. Sus\u021bin\u0103toare a presei independente, pasionat\u0103 de subiectele de mediu.\",\"url\":\"https:\\\/\\\/buletin.de\\\/bucuresti\\\/author\\\/andreeatudor\\\/\"}]}<\/script>\n<!-- \/ Yoast SEO Premium plugin. -->","yoast_head_json":{"title":"Lotul 1 al A0 Nord risc\u0103 s\u0103 nu fie deschis nici m\u0103car \u00een aprilie 2027. Oficialii din Transporturi se contrazic cu privire la data inaugur\u0103rii - Buletin de Bucure\u0219ti","description":"Lotul 1 al A0 Nord risc\u0103 s\u0103 nu fie deschis nici m\u0103car \u00een aprilie 2027. Care este stadiul lucr\u0103rilor","robots":{"index":"index","follow":"follow","max-snippet":"max-snippet:-1","max-image-preview":"max-image-preview:large","max-video-preview":"max-video-preview:-1"},"canonical":"https:\/\/buletin.de\/bucuresti\/lotul-1-al-a0-nord-risca-sa-nu-fie-deschis-nici-macar-in-aprilie-2027-oficialii-din-transporturi-se-contrazic-cu-privire-la-data-inaugurarii\/","og_locale":"en_GB","og_type":"article","og_title":"Lotul 1 al A0 Nord risc\u0103 s\u0103 nu fie deschis nici m\u0103car \u00een aprilie 2027. Oficialii din Transporturi se contrazic cu privire la data inaugur\u0103rii","og_description":"Lotul 1 al A0 Nord risc\u0103 s\u0103 nu fie deschis nici m\u0103car \u00een aprilie 2027. Care este stadiul lucr\u0103rilor","og_url":"https:\/\/buletin.de\/bucuresti\/lotul-1-al-a0-nord-risca-sa-nu-fie-deschis-nici-macar-in-aprilie-2027-oficialii-din-transporturi-se-contrazic-cu-privire-la-data-inaugurarii\/","og_site_name":"Buletin de Bucure\u0219ti","article_publisher":"https:\/\/www.facebook.com\/buletin.de.buc","article_published_time":"2026-07-16T13:00:38+00:00","article_modified_time":"2026-07-17T07:39:04+00:00","og_image":[{"width":1373,"height":733,"url":"https:\/\/buletin.de\/bucuresti\/wp-content\/uploads\/2026\/07\/image_2026-07-16_155530875.png","type":"image\/png"}],"author":"Andreea Tudor","twitter_card":"summary_large_image","twitter_misc":{"Written by":"Andreea Tudor","Estimated reading time":"3 minutes"},"schema":{"@context":"https:\/\/schema.org","@graph":[{"@type":"Article","@id":"https:\/\/buletin.de\/bucuresti\/lotul-1-al-a0-nord-risca-sa-nu-fie-deschis-nici-macar-in-aprilie-2027-oficialii-din-transporturi-se-contrazic-cu-privire-la-data-inaugurarii\/#article","isPartOf":{"@id":"https:\/\/buletin.de\/bucuresti\/lotul-1-al-a0-nord-risca-sa-nu-fie-deschis-nici-macar-in-aprilie-2027-oficialii-din-transporturi-se-contrazic-cu-privire-la-data-inaugurarii\/"},"author":{"name":"Andreea Tudor","@id":"https:\/\/buletin.de\/bucuresti\/#\/schema\/person\/150590659efde715459d159da012f501"},"headline":"Lotul 1 al A0 Nord risc\u0103 s\u0103 nu fie deschis nici m\u0103car \u00een aprilie 2027. Oficialii din Transporturi se contrazic cu privire la data inaugur\u0103rii","datePublished":"2026-07-16T13:00:38+00:00","dateModified":"2026-07-17T07:39:04+00:00","mainEntityOfPage":{"@id":"https:\/\/buletin.de\/bucuresti\/lotul-1-al-a0-nord-risca-sa-nu-fie-deschis-nici-macar-in-aprilie-2027-oficialii-din-transporturi-se-contrazic-cu-privire-la-data-inaugurarii\/"},"wordCount":740,"publisher":{"@id":"https:\/\/buletin.de\/bucuresti\/#organization"},"image":{"@id":"https:\/\/buletin.de\/bucuresti\/lotul-1-al-a0-nord-risca-sa-nu-fie-deschis-nici-macar-in-aprilie-2027-oficialii-din-transporturi-se-contrazic-cu-privire-la-data-inaugurarii\/#primaryimage"},"thumbnailUrl":"https:\/\/buletin.de\/bucuresti\/wp-content\/uploads\/2026\/07\/image_2026-07-16_155530875.png","keywords":["cnair","corbeanca","cristian pistol","inaugurare lot 1 A0 Nord","joita","lotul 1 a0 nord","ministerul transporturilor","stadiul lucrarilor autostrada bucurestiului","transport"],"articleSection":["Articole","Main","Transport"],"inLanguage":"en-GB","copyrightYear":"2026","copyrightHolder":{"@id":"https:\/\/buletin.de\/bucuresti\/#organization"}},{"@type":"WebPage","@id":"https:\/\/buletin.de\/bucuresti\/lotul-1-al-a0-nord-risca-sa-nu-fie-deschis-nici-macar-in-aprilie-2027-oficialii-din-transporturi-se-contrazic-cu-privire-la-data-inaugurarii\/","url":"https:\/\/buletin.de\/bucuresti\/lotul-1-al-a0-nord-risca-sa-nu-fie-deschis-nici-macar-in-aprilie-2027-oficialii-din-transporturi-se-contrazic-cu-privire-la-data-inaugurarii\/","name":"Lotul 1 al A0 Nord risc\u0103 s\u0103 nu fie deschis nici m\u0103car \u00een aprilie 2027. Oficialii din Transporturi se contrazic cu privire la data inaugur\u0103rii - Buletin de Bucure\u0219ti","isPartOf":{"@id":"https:\/\/buletin.de\/bucuresti\/#website"},"primaryImageOfPage":{"@id":"https:\/\/buletin.de\/bucuresti\/lotul-1-al-a0-nord-risca-sa-nu-fie-deschis-nici-macar-in-aprilie-2027-oficialii-din-transporturi-se-contrazic-cu-privire-la-data-inaugurarii\/#primaryimage"},"image":{"@id":"https:\/\/buletin.de\/bucuresti\/lotul-1-al-a0-nord-risca-sa-nu-fie-deschis-nici-macar-in-aprilie-2027-oficialii-din-transporturi-se-contrazic-cu-privire-la-data-inaugurarii\/#primaryimage"},"thumbnailUrl":"https:\/\/buletin.de\/bucuresti\/wp-content\/uploads\/2026\/07\/image_2026-07-16_155530875.png","datePublished":"2026-07-16T13:00:38+00:00","dateModified":"2026-07-17T07:39:04+00:00","description":"Lotul 1 al A0 Nord risc\u0103 s\u0103 nu fie deschis nici m\u0103car \u00een aprilie 2027. Care este stadiul lucr\u0103rilor","breadcrumb":{"@id":"https:\/\/buletin.de\/bucuresti\/lotul-1-al-a0-nord-risca-sa-nu-fie-deschis-nici-macar-in-aprilie-2027-oficialii-din-transporturi-se-contrazic-cu-privire-la-data-inaugurarii\/#breadcrumb"},"inLanguage":"en-GB","potentialAction":[{"@type":"ReadAction","target":["https:\/\/buletin.de\/bucuresti\/lotul-1-al-a0-nord-risca-sa-nu-fie-deschis-nici-macar-in-aprilie-2027-oficialii-din-transporturi-se-contrazic-cu-privire-la-data-inaugurarii\/"]}]},{"@type":"ImageObject","inLanguage":"en-GB","@id":"https:\/\/buletin.de\/bucuresti\/lotul-1-al-a0-nord-risca-sa-nu-fie-deschis-nici-macar-in-aprilie-2027-oficialii-din-transporturi-se-contrazic-cu-privire-la-data-inaugurarii\/#primaryimage","url":"https:\/\/buletin.de\/bucuresti\/wp-content\/uploads\/2026\/07\/image_2026-07-16_155530875.png","contentUrl":"https:\/\/buletin.de\/bucuresti\/wp-content\/uploads\/2026\/07\/image_2026-07-16_155530875.png","width":1373,"height":733,"caption":"Lotul 1 al A0 Nord risc\u0103 s\u0103 nu fie deschis nici m\u0103car \u00een aprilie 2027. Oficialii din Transporturi se contrazic cu privire la data inaugur\u0103rii. Foto: FB\/ Cristian Pistol"},{"@type":"BreadcrumbList","@id":"https:\/\/buletin.de\/bucuresti\/lotul-1-al-a0-nord-risca-sa-nu-fie-deschis-nici-macar-in-aprilie-2027-oficialii-din-transporturi-se-contrazic-cu-privire-la-data-inaugurarii\/#breadcrumb","itemListElement":[{"@type":"ListItem","position":1,"name":"Acas\u0103","item":"https:\/\/buletin.de\/bucuresti\/"},{"@type":"ListItem","position":2,"name":"Lotul 1 al A0 Nord risc\u0103 s\u0103 nu fie deschis nici m\u0103car \u00een aprilie 2027. Oficialii din Transporturi se contrazic cu privire la data inaugur\u0103rii"}]},{"@type":"WebSite","@id":"https:\/\/buletin.de\/bucuresti\/#website","url":"https:\/\/buletin.de\/bucuresti\/","name":"Buletin de Bucure\u0219ti","description":"\u0218tiri \u0219i investiga\u021bii esen\u021biale din capital\u0103","publisher":{"@id":"https:\/\/buletin.de\/bucuresti\/#organization"},"potentialAction":[{"@type":"SearchAction","target":{"@type":"EntryPoint","urlTemplate":"https:\/\/buletin.de\/bucuresti\/?s={search_term_string}"},"query-input":{"@type":"PropertyValueSpecification","valueRequired":true,"valueName":"search_term_string"}}],"inLanguage":"en-GB"},{"@type":"Organization","@id":"https:\/\/buletin.de\/bucuresti\/#organization","name":"Buletin de Bucure\u0219ti","url":"https:\/\/buletin.de\/bucuresti\/","logo":{"@type":"ImageObject","inLanguage":"en-GB","@id":"https:\/\/buletin.de\/bucuresti\/#\/schema\/logo\/image\/","url":"https:\/\/buletin.de\/bucuresti\/wp-content\/uploads\/logo-bdb-full-wide-vernil-transparent.png","contentUrl":"https:\/\/buletin.de\/bucuresti\/wp-content\/uploads\/logo-bdb-full-wide-vernil-transparent.png","width":1782,"height":626,"caption":"Buletin de Bucure\u0219ti"},"image":{"@id":"https:\/\/buletin.de\/bucuresti\/#\/schema\/logo\/image\/"},"sameAs":["https:\/\/www.facebook.com\/buletin.de.buc","https:\/\/www.instagram.com\/buletinde.bucuresti\/"]},{"@type":"Person","@id":"https:\/\/buletin.de\/bucuresti\/#\/schema\/person\/150590659efde715459d159da012f501","name":"Andreea Tudor","image":{"@type":"ImageObject","inLanguage":"en-GB","@id":"https:\/\/buletin.de\/bucuresti\/wp-content\/uploads\/2026\/06\/BDB_Andreea_T-5-96x96.jpg2291f994b0ece9443cb8e95c805b8b20","url":"https:\/\/buletin.de\/bucuresti\/wp-content\/uploads\/2026\/06\/BDB_Andreea_T-5-96x96.jpg","contentUrl":"https:\/\/buletin.de\/bucuresti\/wp-content\/uploads\/2026\/06\/BDB_Andreea_T-5-96x96.jpg","caption":"Andreea Tudor"},"description":"Reporter la Buletin de Bucure\u0219ti de doi ani \u0219i jum\u0103tate. Sus\u021bin\u0103toare a presei independente, pasionat\u0103 de subiectele de mediu.","url":"https:\/\/buletin.de\/bucuresti\/author\/andreeatudor\/"}]}},"authors":[{"term_id":22573,"user_id":55,"is_guest":0,"slug":"andreeatudor","display_name":"Andreea Tudor","avatar_url":"https:\/\/buletin.de\/bucuresti\/wp-content\/uploads\/2026\/06\/BDB_Andreea_T-5-96x96.jpg","author_category":"","first_name":"Andreea","last_name":"Tudor","user_url":"","job_title":"","description":"Reporter la Buletin de Bucure\u0219ti de doi ani \u0219i jum\u0103tate. Sus\u021bin\u0103toare a presei independente, pasionat\u0103 de subiectele de mediu."}],"_links":{"self":[{"href":"https:\/\/buletin.de\/bucuresti\/wp-json\/wp\/v2\/posts\/206203","targetHints":{"allow":["GET"]}}],"collection":[{"href":"https:\/\/buletin.de\/bucuresti\/wp-json\/wp\/v2\/posts"}],"about":[{"href":"https:\/\/buletin.de\/bucuresti\/wp-json\/wp\/v2\/types\/post"}],"author":[{"embeddable":true,"href":"https:\/\/buletin.de\/bucuresti\/wp-json\/wp\/v2\/users\/55"}],"replies":[{"embeddable":true,"href":"https:\/\/buletin.de\/bucuresti\/wp-json\/wp\/v2\/comments?post=206203"}],"version-history":[{"count":5,"href":"https:\/\/buletin.de\/bucuresti\/wp-json\/wp\/v2\/posts\/206203\/revisions"}],"predecessor-version":[{"id":206278,"href":"https:\/\/buletin.de\/bucuresti\/wp-json\/wp\/v2\/posts\/206203\/revisions\/206278"}],"wp:featuredmedia":[{"embeddable":true,"href":"https:\/\/buletin.de\/bucuresti\/wp-json\/wp\/v2\/media\/206251"}],"wp:attachment":[{"href":"https:\/\/buletin.de\/bucuresti\/wp-json\/wp\/v2\/media?parent=206203"}],"wp:term":[{"taxonomy":"category","embeddable":true,"href":"https:\/\/buletin.de\/bucuresti\/wp-json\/wp\/v2\/categories?post=206203"},{"taxonomy":"post_tag","embeddable":true,"href":"https:\/\/buletin.de\/bucuresti\/wp-json\/wp\/v2\/tags?post=206203"},{"taxonomy":"author","embeddable":true,"href":"https:\/\/buletin.de\/bucuresti\/wp-json\/wp\/v2\/ppma_author?post=206203"}],"curies":[{"name":"wp","href":"https:\/\/api.w.org\/{rel}","templated":true}]}}