{"id":206199,"date":"2026-07-16T13:57:23","date_gmt":"2026-07-16T10:57:23","guid":{"rendered":"https:\/\/buletin.de\/bucuresti\/?p=206199"},"modified":"2026-07-16T17:17:18","modified_gmt":"2026-07-16T14:17:18","slug":"studiul-de-fezabilitate-pentru-primul-drum-radial-al-bucurestiului-ajunge-la-aprobare-dr1-vest-expres-va-prelungi-bulevardul-timisoara-pana-la-a0","status":"publish","type":"post","link":"https:\/\/buletin.de\/bucuresti\/studiul-de-fezabilitate-pentru-primul-drum-radial-al-bucurestiului-ajunge-la-aprobare-dr1-vest-expres-va-prelungi-bulevardul-timisoara-pana-la-a0\/","title":{"rendered":"Primul drum radial al Bucure\u0219tiului este la faza de aprobare a studiului de fezabilitate. DR1 &#8211; Vest Expres va prelungi Bulevardul Timi\u0219oara p\u00e2n\u0103 la A0"},"content":{"rendered":"\n<p class=\"wp-block-paragraph\"><strong>Primul drum radial al Bucure\u0219tiului, DR1 &#8211; Vest Expres, face un nou pas \u00een procesul de implementare. Studiul de fezabilitate urmeaz\u0103 s\u0103 fie aprobat \u00een cadrul Ministerului Transporturilor.<\/strong><\/p>\n\n\n\n<p class=\"wp-block-paragraph\"><a href=\"https:\/\/www.facebook.com\/horatiucosmalucian\/posts\/995633810007891?ref=embed_post\" data-type=\"link\" data-id=\"https:\/\/www.facebook.com\/horatiucosmalucian\/posts\/995633810007891?ref=embed_post\" target=\"_blank\" rel=\"noreferrer noopener\">Anun\u021bul a fost f\u0103cut de secretarul de stat Hora\u021biu Cosma<\/a>, care a transmis c\u0103 proiectul va prelungi Bulevardul Timi\u0219oara p\u00e2n\u0103 la Autostrada A0, \u00een apropiere de localitatea Domne\u0219ti.<\/p>\n\n\n\n<p class=\"wp-block-paragraph\"><strong>CITE\u0218TE \u0218I: <a href=\"https:\/\/buletin.de\/bucuresti\/harta-finala-proiectul-orbital-bucuresti-avanseaza-strict-institutional-dr1-a-primit-decizia-etapei-de-incadrare\/\" data-type=\"link\" data-id=\"https:\/\/buletin.de\/bucuresti\/harta-finala-proiectul-orbital-bucuresti-avanseaza-strict-institutional-dr1-a-primit-decizia-etapei-de-incadrare\/\" target=\"_blank\" rel=\"noreferrer noopener\">HARTA FINAL\u0102 | Proiectul \u201eOrbital Bucure\u0219ti\u201d avanseaz\u0103 strict institu\u021bional. DR1 a primit decizia etapei de \u00eencadrare<\/a><\/strong><\/p>\n\n\n\n<p class=\"wp-block-paragraph\">Noua arter\u0103 va avea o lungime de aproximativ 10 kilometri \u0219i a este g\u00e2ndit\u0103 ca nun coridor de mobilitate care s\u0103 faciliteze leg\u0103tura dintre Bucure\u0219ti \u0219i zona metropolitan\u0103 Bucure\u0219ti-Ilfov.<\/p>\n\n\n\n<p class=\"wp-block-paragraph\"><strong>Potrivit studiului de fezabilitate, drumul va avea urm\u0103toarele: <\/strong><\/p>\n\n\n\n<ul class=\"wp-block-list\">\n<li>2 benzi pe sens pentru traficul rutier;<\/li>\n\n\n\n<li>band\u0103 dedicat\u0103 transportului public pe \u00eentreaga lungime;<\/li>\n\n\n\n<li>piste de biciclete;<\/li>\n\n\n\n<li>6 noduri rutiere denivelate;<\/li>\n\n\n\n<li>parc\u0103ri de tip Park&amp;Ride \u00een toate nodurile principale;<\/li>\n\n\n\n<li>conexiune direct\u0103 cu Autostrada A0;<\/li>\n\n\n\n<li>sisteme inteligente de management al traficului.<\/li>\n<\/ul>\n\n\n\n<p class=\"wp-block-paragraph\">Potrivit oficialului, proiectul include solu\u021bii tehnice folosite \u00een premier\u0103 \u00een Rom\u00e2nia, prin integrarea transportului public \u00een zona median\u0103 a drumului \u0219i conectarea acestuia cu parc\u0103rile Park&amp;Ride \u00een nodurile rutiere, astfel \u00eenc\u00e2t tot mai multe persoane s\u0103 lase ma\u0219ina \u0219i s\u0103 utilizeze transportul public. <\/p>\n\n\n\n<p class=\"wp-block-paragraph\"><strong>Drumul Radial Vest Express ar urma s\u0103 deserveasc\u0103 aproximativ 500.000 de persoane din zona metropolitan\u0103 Bucure\u0219ti-Ilfov, a\u0219a cum Buletin de Bucure\u0219ti a scris <a href=\"https:\/\/buletin.de\/bucuresti\/dosar-bucuresti-orbitali-drumul-radial-1-vest-expres-coridor-national-pentru-zona-rezidentiala-si-logistica-ciorogarla-domnesti-sector-6\/\" data-type=\"link\" data-id=\"https:\/\/buletin.de\/bucuresti\/dosar-bucuresti-orbitali-drumul-radial-1-vest-expres-coridor-national-pentru-zona-rezidentiala-si-logistica-ciorogarla-domnesti-sector-6\/\" target=\"_blank\" rel=\"noreferrer noopener\">AICI<\/a>.<\/strong><\/p>\n\n\n\n<figure class=\"wp-block-image size-large\"><img fetchpriority=\"high\" decoding=\"async\" width=\"1000\" height=\"694\" src=\"data:image\/gif;base64,R0lGODlhAQABAAAAACH5BAEKAAEALAAAAAABAAEAAAICTAEAOw==\" data-src=\"https:\/\/buletin.de\/bucuresti\/wp-content\/uploads\/2026\/07\/748592860_1715679142977499_4786803494920640644_n-1000x694.jpg\" alt=\"\" class=\"wp-image-206200 lazyload\" data-sizes=\"auto\" data-srcset=\"https:\/\/buletin.de\/bucuresti\/wp-content\/uploads\/2026\/07\/748592860_1715679142977499_4786803494920640644_n-1000x694.jpg 1000w, https:\/\/buletin.de\/bucuresti\/wp-content\/uploads\/2026\/07\/748592860_1715679142977499_4786803494920640644_n-300x208.jpg 300w, https:\/\/buletin.de\/bucuresti\/wp-content\/uploads\/2026\/07\/748592860_1715679142977499_4786803494920640644_n-768x533.jpg 768w, https:\/\/buletin.de\/bucuresti\/wp-content\/uploads\/2026\/07\/748592860_1715679142977499_4786803494920640644_n-1100x763.jpg 1100w, https:\/\/buletin.de\/bucuresti\/wp-content\/uploads\/2026\/07\/748592860_1715679142977499_4786803494920640644_n-600x416.jpg 600w, https:\/\/buletin.de\/bucuresti\/wp-content\/uploads\/2026\/07\/748592860_1715679142977499_4786803494920640644_n-20x14.jpg 20w, https:\/\/buletin.de\/bucuresti\/wp-content\/uploads\/2026\/07\/748592860_1715679142977499_4786803494920640644_n.jpg 1252w\" sizes=\"(max-width: 1000px) 100vw, 1000px\" \/><figcaption class=\"wp-element-caption\">Foto: FB\/Hora\u021biu Cosma<\/figcaption><\/figure>\n\n\n\n<figure class=\"wp-block-image size-large\"><img decoding=\"async\" width=\"1000\" height=\"341\" src=\"data:image\/gif;base64,R0lGODlhAQABAAAAACH5BAEKAAEALAAAAAABAAEAAAICTAEAOw==\" data-src=\"https:\/\/buletin.de\/bucuresti\/wp-content\/uploads\/2026\/07\/748593164_2152449365486584_1058959615574824016_n-1000x341.jpg\" alt=\"\" class=\"wp-image-206201 lazyload\" data-sizes=\"auto\" data-srcset=\"https:\/\/buletin.de\/bucuresti\/wp-content\/uploads\/2026\/07\/748593164_2152449365486584_1058959615574824016_n-1000x341.jpg 1000w, https:\/\/buletin.de\/bucuresti\/wp-content\/uploads\/2026\/07\/748593164_2152449365486584_1058959615574824016_n-300x102.jpg 300w, https:\/\/buletin.de\/bucuresti\/wp-content\/uploads\/2026\/07\/748593164_2152449365486584_1058959615574824016_n-768x262.jpg 768w, https:\/\/buletin.de\/bucuresti\/wp-content\/uploads\/2026\/07\/748593164_2152449365486584_1058959615574824016_n-1100x375.jpg 1100w, https:\/\/buletin.de\/bucuresti\/wp-content\/uploads\/2026\/07\/748593164_2152449365486584_1058959615574824016_n-600x204.jpg 600w, https:\/\/buletin.de\/bucuresti\/wp-content\/uploads\/2026\/07\/748593164_2152449365486584_1058959615574824016_n-20x7.jpg 20w, https:\/\/buletin.de\/bucuresti\/wp-content\/uploads\/2026\/07\/748593164_2152449365486584_1058959615574824016_n.jpg 1426w\" sizes=\"(max-width: 1000px) 100vw, 1000px\" \/><figcaption class=\"wp-element-caption\">Foto: FB\/Hora\u021biu Cosma<\/figcaption><\/figure>\n\n\n\n<h2 id=\"h-dr1-primul-drum-radial-din-bucure\u0219ti\" class=\"wp-block-heading\">DR1, primul drum radial din Bucure\u0219ti <\/h2>\n\n\n\n<p class=\"wp-block-paragraph\"><strong>DR1 \u2013 Vest Expres este primul dintre drumurile radiale incluse \u00een strategia de dezvoltare a infrastructurii rutiere din regiunea Bucure\u0219ti &#8211; Ilfov. <\/strong><\/p>\n\n\n\n<p class=\"wp-block-paragraph\">Proiectele au rolul de a conecta rapid Bucure\u0219tiul cu Autostrada de Centur\u0103 A0 \u0219i cu localit\u0103\u021bile din jur, contribuind la reducerea timpilor de deplasare \u0219i la decongestionarea traficului de pe principalele artere de acces \u00een ora\u0219. <\/p>\n\n\n\n<p class=\"wp-block-paragraph\">Noul va fi o \u201eprelungire\u201d a Bulevardului Timi\u0219oara \u0219i va traversa at\u00e2t jude\u021bul Ilfov \u2013 Domne\u0219ti, c\u00e2t \u0219i jude\u021bul Giurgiu \u2013 Gr\u0103dinari. Acesta se va conecta \u0219i cu Centura Capitalei (DNCB) prin amenajarea unui nod rutier.<\/p>\n\n\n\n<p class=\"wp-block-paragraph\"><strong><em>\u201eProiectul \u00abOrbital Bucure\u0219ti -drumuri radiale conexe Autostr\u0103zii A0<strong><em>\u00bb<\/em><\/strong>, \u00ee\u0219i propune s\u0103 schimbe modul \u00een care ne deplas\u0103m \u00een zona Bucure\u0219ti-Ilfov \u0219i confirm\u0103 misiunea ADIZMB de a sus\u021bine dezvoltarea zonei metropolitane astfel \u00eenc\u00e2t distan\u021bele s\u0103 fie parcurse c\u00e2t mai rapid \u0219i \u00een siguran\u021b\u0103. Proiectul Drumului Radial 1 (DR1) \u2013 Vest Expres a trecut de o nou\u0103 etap\u0103 \u00een procesul de avizare. Agen\u021bia Na\u021bional\u0103 pentru Protec\u021bia Mediului a emis decizia etapei de \u00eencadrare\u201d<\/em><\/strong>, a transmis, \u00een februarie, <a href=\"https:\/\/www.facebook.com\/100083048236995\/posts\/921021570676109\/?rdid=2fQlPP2dBWVoRegw\" data-type=\"link\" data-id=\"https:\/\/www.facebook.com\/100083048236995\/posts\/921021570676109\/?rdid=2fQlPP2dBWVoRegw\" target=\"_blank\" rel=\"noreferrer noopener\">Asocia\u021bia de Dezvoltare Intercomunitar\u0103 Zona Metropolitan\u0103 Bucure\u0219ti.<\/a><\/p>\n\n\n\n<p class=\"wp-block-paragraph\"><strong>CITE\u0218TE \u0218I: <a href=\"https:\/\/buletin.de\/bucuresti\/trei-parcari-unde-bucurestenii-din-sectorul-3-pot-lasa-gratuit-masina-cand-pleaca-in-concediu-cum-se-poate-solicita-un-loc\/\" target=\"_blank\" rel=\"noreferrer noopener\">Trei parc\u0103ri unde bucure\u0219tenii din Sectorul 3 pot l\u0103sa gratuit ma\u0219ina c\u00e2nd pleac\u0103 \u00een concediu. Cum se poate solicita un loc<\/a><\/strong><\/p>\n","protected":false},"excerpt":{"rendered":"<p>Primul drum radial al Bucure\u0219tiului, DR1 &#8211; Vest Expres, face un nou pas \u00een procesul de implementare. Studiul de fezabilitate urmeaz\u0103 s\u0103 fie aprobat \u00een cadrul Ministerului Transporturilor. Anun\u021bul a fost f\u0103cut de secretarul de stat Hora\u021biu Cosma, care a transmis c\u0103 proiectul va prelungi Bulevardul Timi\u0219oara p\u00e2n\u0103 la Autostrada A0, \u00een apropiere de localitatea [&hellip;]<\/p>\n","protected":false},"author":65,"featured_media":206216,"comment_status":"closed","ping_status":"open","sticky":false,"template":"","format":"standard","meta":{"_acf_changed":false,"inline_featured_image":false,"ngg_post_thumbnail":0,"footnotes":""},"categories":[6994,5762,650],"tags":[12975,5530,28714,6765,20547],"ppma_author":[23912],"class_list":["post-206199","post","type-post","status-publish","format-standard","has-post-thumbnail","hentry","category-stiri-2","category-main","category-transport","tag-dr1","tag-drum-radial","tag-horatiu-cosma","tag-studiu-de-fezabilitate","tag-vest-expres"],"acf":[],"a3_pvc":{"activated":false,"total_views":0,"today_views":0},"yoast_head":"<!-- This site is optimized with the Yoast SEO Premium plugin v28.0 (Yoast SEO v28.3) - https:\/\/yoast.com\/product\/yoast-seo-premium-wordpress\/ -->\n<title>Primul drum radial al Bucure\u0219tiului este la faza de aprobare a studiului de fezabilitate. DR1 - Vest Expres va prelungi Bulevardul Timi\u0219oara p\u00e2n\u0103 la A0 - Buletin de Bucure\u0219ti<\/title>\n<meta name=\"description\" content=\"Primul drum radial al Bucure\u0219tiului, DR1 - Vest Expres, face un nou pas \u00een procesul de implementare, prin aprobarea studiului de fezabilitate\" \/>\n<meta name=\"robots\" content=\"index, follow, max-snippet:-1, max-image-preview:large, max-video-preview:-1\" \/>\n<link rel=\"canonical\" href=\"https:\/\/buletin.de\/bucuresti\/studiul-de-fezabilitate-pentru-primul-drum-radial-al-bucurestiului-ajunge-la-aprobare-dr1-vest-expres-va-prelungi-bulevardul-timisoara-pana-la-a0\/\" \/>\n<meta property=\"og:locale\" content=\"en_GB\" \/>\n<meta property=\"og:type\" content=\"article\" \/>\n<meta property=\"og:title\" content=\"Primul drum radial al Bucure\u0219tiului este la faza de aprobare a studiului de fezabilitate. DR1 - Vest Expres va prelungi Bulevardul Timi\u0219oara p\u00e2n\u0103 la A0\" \/>\n<meta property=\"og:description\" content=\"Primul drum radial al Bucure\u0219tiului, DR1 - Vest Expres, face un nou pas \u00een procesul de implementare, prin aprobarea studiului de fezabilitate\" \/>\n<meta property=\"og:url\" content=\"https:\/\/buletin.de\/bucuresti\/studiul-de-fezabilitate-pentru-primul-drum-radial-al-bucurestiului-ajunge-la-aprobare-dr1-vest-expres-va-prelungi-bulevardul-timisoara-pana-la-a0\/\" \/>\n<meta property=\"og:site_name\" content=\"Buletin de Bucure\u0219ti\" \/>\n<meta property=\"article:publisher\" content=\"https:\/\/www.facebook.com\/buletin.de.buc\" \/>\n<meta property=\"article:published_time\" content=\"2026-07-16T10:57:23+00:00\" \/>\n<meta property=\"article:modified_time\" content=\"2026-07-16T14:17:18+00:00\" \/>\n<meta property=\"og:image\" content=\"https:\/\/buletin.de\/bucuresti\/wp-content\/uploads\/2026\/07\/Primul-drum-radial-al-Bucurestiului-DR1-Vest-Express.jpg\" \/>\n\t<meta property=\"og:image:width\" content=\"1200\" \/>\n\t<meta property=\"og:image:height\" content=\"650\" \/>\n\t<meta property=\"og:image:type\" content=\"image\/jpeg\" \/>\n<meta name=\"author\" content=\"Andreea St\u0103n\u0103r\u00eeng\u0103\" \/>\n<meta name=\"twitter:card\" content=\"summary_large_image\" \/>\n<meta name=\"twitter:label1\" content=\"Written by\" \/>\n\t<meta name=\"twitter:data1\" content=\"Andreea St\u0103n\u0103r\u00eeng\u0103\" \/>\n\t<meta name=\"twitter:label2\" content=\"Estimated reading time\" \/>\n\t<meta name=\"twitter:data2\" content=\"3 minutes\" \/>\n<script type=\"application\/ld+json\" class=\"yoast-schema-graph\">{\"@context\":\"https:\\\/\\\/schema.org\",\"@graph\":[{\"@type\":\"Article\",\"@id\":\"https:\\\/\\\/buletin.de\\\/bucuresti\\\/studiul-de-fezabilitate-pentru-primul-drum-radial-al-bucurestiului-ajunge-la-aprobare-dr1-vest-expres-va-prelungi-bulevardul-timisoara-pana-la-a0\\\/#article\",\"isPartOf\":{\"@id\":\"https:\\\/\\\/buletin.de\\\/bucuresti\\\/studiul-de-fezabilitate-pentru-primul-drum-radial-al-bucurestiului-ajunge-la-aprobare-dr1-vest-expres-va-prelungi-bulevardul-timisoara-pana-la-a0\\\/\"},\"author\":{\"name\":\"Andreea St\u0103n\u0103r\u00eeng\u0103\",\"@id\":\"https:\\\/\\\/buletin.de\\\/bucuresti\\\/#\\\/schema\\\/person\\\/81421a46fb84a0887cfd2238f5202586\"},\"headline\":\"Primul drum radial al Bucure\u0219tiului este la faza de aprobare a studiului de fezabilitate. DR1 &#8211; Vest Expres va prelungi Bulevardul Timi\u0219oara p\u00e2n\u0103 la A0\",\"datePublished\":\"2026-07-16T10:57:23+00:00\",\"dateModified\":\"2026-07-16T14:17:18+00:00\",\"mainEntityOfPage\":{\"@id\":\"https:\\\/\\\/buletin.de\\\/bucuresti\\\/studiul-de-fezabilitate-pentru-primul-drum-radial-al-bucurestiului-ajunge-la-aprobare-dr1-vest-expres-va-prelungi-bulevardul-timisoara-pana-la-a0\\\/\"},\"wordCount\":508,\"publisher\":{\"@id\":\"https:\\\/\\\/buletin.de\\\/bucuresti\\\/#organization\"},\"image\":{\"@id\":\"https:\\\/\\\/buletin.de\\\/bucuresti\\\/studiul-de-fezabilitate-pentru-primul-drum-radial-al-bucurestiului-ajunge-la-aprobare-dr1-vest-expres-va-prelungi-bulevardul-timisoara-pana-la-a0\\\/#primaryimage\"},\"thumbnailUrl\":\"https:\\\/\\\/buletin.de\\\/bucuresti\\\/wp-content\\\/uploads\\\/2026\\\/07\\\/Primul-drum-radial-al-Bucurestiului-DR1-Vest-Express.jpg\",\"keywords\":[\"DR1\",\"drum radial\",\"horatiu cosma\",\"Studiu de fezabilitate\",\"vest expres\"],\"articleSection\":[\"Articole\",\"Main\",\"Transport\"],\"inLanguage\":\"en-GB\",\"copyrightYear\":\"2026\",\"copyrightHolder\":{\"@id\":\"https:\\\/\\\/buletin.de\\\/bucuresti\\\/#organization\"}},{\"@type\":\"WebPage\",\"@id\":\"https:\\\/\\\/buletin.de\\\/bucuresti\\\/studiul-de-fezabilitate-pentru-primul-drum-radial-al-bucurestiului-ajunge-la-aprobare-dr1-vest-expres-va-prelungi-bulevardul-timisoara-pana-la-a0\\\/\",\"url\":\"https:\\\/\\\/buletin.de\\\/bucuresti\\\/studiul-de-fezabilitate-pentru-primul-drum-radial-al-bucurestiului-ajunge-la-aprobare-dr1-vest-expres-va-prelungi-bulevardul-timisoara-pana-la-a0\\\/\",\"name\":\"Primul drum radial al Bucure\u0219tiului este la faza de aprobare a studiului de fezabilitate. DR1 - Vest Expres va prelungi Bulevardul Timi\u0219oara p\u00e2n\u0103 la A0 - Buletin de Bucure\u0219ti\",\"isPartOf\":{\"@id\":\"https:\\\/\\\/buletin.de\\\/bucuresti\\\/#website\"},\"primaryImageOfPage\":{\"@id\":\"https:\\\/\\\/buletin.de\\\/bucuresti\\\/studiul-de-fezabilitate-pentru-primul-drum-radial-al-bucurestiului-ajunge-la-aprobare-dr1-vest-expres-va-prelungi-bulevardul-timisoara-pana-la-a0\\\/#primaryimage\"},\"image\":{\"@id\":\"https:\\\/\\\/buletin.de\\\/bucuresti\\\/studiul-de-fezabilitate-pentru-primul-drum-radial-al-bucurestiului-ajunge-la-aprobare-dr1-vest-expres-va-prelungi-bulevardul-timisoara-pana-la-a0\\\/#primaryimage\"},\"thumbnailUrl\":\"https:\\\/\\\/buletin.de\\\/bucuresti\\\/wp-content\\\/uploads\\\/2026\\\/07\\\/Primul-drum-radial-al-Bucurestiului-DR1-Vest-Express.jpg\",\"datePublished\":\"2026-07-16T10:57:23+00:00\",\"dateModified\":\"2026-07-16T14:17:18+00:00\",\"description\":\"Primul drum radial al Bucure\u0219tiului, DR1 - Vest Expres, face un nou pas \u00een procesul de implementare, prin aprobarea studiului de fezabilitate\",\"breadcrumb\":{\"@id\":\"https:\\\/\\\/buletin.de\\\/bucuresti\\\/studiul-de-fezabilitate-pentru-primul-drum-radial-al-bucurestiului-ajunge-la-aprobare-dr1-vest-expres-va-prelungi-bulevardul-timisoara-pana-la-a0\\\/#breadcrumb\"},\"inLanguage\":\"en-GB\",\"potentialAction\":[{\"@type\":\"ReadAction\",\"target\":[\"https:\\\/\\\/buletin.de\\\/bucuresti\\\/studiul-de-fezabilitate-pentru-primul-drum-radial-al-bucurestiului-ajunge-la-aprobare-dr1-vest-expres-va-prelungi-bulevardul-timisoara-pana-la-a0\\\/\"]}]},{\"@type\":\"ImageObject\",\"inLanguage\":\"en-GB\",\"@id\":\"https:\\\/\\\/buletin.de\\\/bucuresti\\\/studiul-de-fezabilitate-pentru-primul-drum-radial-al-bucurestiului-ajunge-la-aprobare-dr1-vest-expres-va-prelungi-bulevardul-timisoara-pana-la-a0\\\/#primaryimage\",\"url\":\"https:\\\/\\\/buletin.de\\\/bucuresti\\\/wp-content\\\/uploads\\\/2026\\\/07\\\/Primul-drum-radial-al-Bucurestiului-DR1-Vest-Express.jpg\",\"contentUrl\":\"https:\\\/\\\/buletin.de\\\/bucuresti\\\/wp-content\\\/uploads\\\/2026\\\/07\\\/Primul-drum-radial-al-Bucurestiului-DR1-Vest-Express.jpg\",\"width\":1200,\"height\":650,\"caption\":\"Se aprob\u0103 studiul de fezabilitate pentru primul drum radial al Bucure\u0219tiului. Foto: FB\\\/Hora\u021biu Cosma\"},{\"@type\":\"BreadcrumbList\",\"@id\":\"https:\\\/\\\/buletin.de\\\/bucuresti\\\/studiul-de-fezabilitate-pentru-primul-drum-radial-al-bucurestiului-ajunge-la-aprobare-dr1-vest-expres-va-prelungi-bulevardul-timisoara-pana-la-a0\\\/#breadcrumb\",\"itemListElement\":[{\"@type\":\"ListItem\",\"position\":1,\"name\":\"Acas\u0103\",\"item\":\"https:\\\/\\\/buletin.de\\\/bucuresti\\\/\"},{\"@type\":\"ListItem\",\"position\":2,\"name\":\"Primul drum radial al Bucure\u0219tiului este la faza de aprobare a studiului de fezabilitate. DR1 &#8211; Vest Expres va prelungi Bulevardul Timi\u0219oara p\u00e2n\u0103 la A0\"}]},{\"@type\":\"WebSite\",\"@id\":\"https:\\\/\\\/buletin.de\\\/bucuresti\\\/#website\",\"url\":\"https:\\\/\\\/buletin.de\\\/bucuresti\\\/\",\"name\":\"Buletin de Bucure\u0219ti\",\"description\":\"\u0218tiri \u0219i investiga\u021bii esen\u021biale din capital\u0103\",\"publisher\":{\"@id\":\"https:\\\/\\\/buletin.de\\\/bucuresti\\\/#organization\"},\"potentialAction\":[{\"@type\":\"SearchAction\",\"target\":{\"@type\":\"EntryPoint\",\"urlTemplate\":\"https:\\\/\\\/buletin.de\\\/bucuresti\\\/?s={search_term_string}\"},\"query-input\":{\"@type\":\"PropertyValueSpecification\",\"valueRequired\":true,\"valueName\":\"search_term_string\"}}],\"inLanguage\":\"en-GB\"},{\"@type\":\"Organization\",\"@id\":\"https:\\\/\\\/buletin.de\\\/bucuresti\\\/#organization\",\"name\":\"Buletin de Bucure\u0219ti\",\"url\":\"https:\\\/\\\/buletin.de\\\/bucuresti\\\/\",\"logo\":{\"@type\":\"ImageObject\",\"inLanguage\":\"en-GB\",\"@id\":\"https:\\\/\\\/buletin.de\\\/bucuresti\\\/#\\\/schema\\\/logo\\\/image\\\/\",\"url\":\"https:\\\/\\\/buletin.de\\\/bucuresti\\\/wp-content\\\/uploads\\\/logo-bdb-full-wide-vernil-transparent.png\",\"contentUrl\":\"https:\\\/\\\/buletin.de\\\/bucuresti\\\/wp-content\\\/uploads\\\/logo-bdb-full-wide-vernil-transparent.png\",\"width\":1782,\"height\":626,\"caption\":\"Buletin de Bucure\u0219ti\"},\"image\":{\"@id\":\"https:\\\/\\\/buletin.de\\\/bucuresti\\\/#\\\/schema\\\/logo\\\/image\\\/\"},\"sameAs\":[\"https:\\\/\\\/www.facebook.com\\\/buletin.de.buc\",\"https:\\\/\\\/www.instagram.com\\\/buletinde.bucuresti\\\/\"]},{\"@type\":\"Person\",\"@id\":\"https:\\\/\\\/buletin.de\\\/bucuresti\\\/#\\\/schema\\\/person\\\/81421a46fb84a0887cfd2238f5202586\",\"name\":\"Andreea St\u0103n\u0103r\u00eeng\u0103\",\"image\":{\"@type\":\"ImageObject\",\"inLanguage\":\"en-GB\",\"@id\":\"https:\\\/\\\/buletin.de\\\/bucuresti\\\/wp-content\\\/uploads\\\/2026\\\/06\\\/BDB_Andreea_S-1-96x96.jpgb79b6b91f9c59ea2bdedd1d8c093f6b4\",\"url\":\"https:\\\/\\\/buletin.de\\\/bucuresti\\\/wp-content\\\/uploads\\\/2026\\\/06\\\/BDB_Andreea_S-1-96x96.jpg\",\"contentUrl\":\"https:\\\/\\\/buletin.de\\\/bucuresti\\\/wp-content\\\/uploads\\\/2026\\\/06\\\/BDB_Andreea_S-1-96x96.jpg\",\"caption\":\"Andreea St\u0103n\u0103r\u00eeng\u0103\"},\"description\":\"Face parte din echipa Buletin de Bucure\u0219ti din 2025. A colaborat cu c\u00e2teva publica\u021bii, printre care \u0219i Fanatik.ro, unde s-a ocupat de \u0219tiri de lifestyle \u0219i de actualitate. A f\u0103cut un pas c\u0103tre presa local\u0103 pentru a explora Bucure\u0219tiul \u0219i pove\u0219tile care merit\u0103 spuse.\",\"url\":\"https:\\\/\\\/buletin.de\\\/bucuresti\\\/author\\\/andreea-stanaranga\\\/\"}]}<\/script>\n<!-- \/ Yoast SEO Premium plugin. -->","yoast_head_json":{"title":"Primul drum radial al Bucure\u0219tiului este la faza de aprobare a studiului de fezabilitate. DR1 - Vest Expres va prelungi Bulevardul Timi\u0219oara p\u00e2n\u0103 la A0 - Buletin de Bucure\u0219ti","description":"Primul drum radial al Bucure\u0219tiului, DR1 - Vest Expres, face un nou pas \u00een procesul de implementare, prin aprobarea studiului de fezabilitate","robots":{"index":"index","follow":"follow","max-snippet":"max-snippet:-1","max-image-preview":"max-image-preview:large","max-video-preview":"max-video-preview:-1"},"canonical":"https:\/\/buletin.de\/bucuresti\/studiul-de-fezabilitate-pentru-primul-drum-radial-al-bucurestiului-ajunge-la-aprobare-dr1-vest-expres-va-prelungi-bulevardul-timisoara-pana-la-a0\/","og_locale":"en_GB","og_type":"article","og_title":"Primul drum radial al Bucure\u0219tiului este la faza de aprobare a studiului de fezabilitate. DR1 - Vest Expres va prelungi Bulevardul Timi\u0219oara p\u00e2n\u0103 la A0","og_description":"Primul drum radial al Bucure\u0219tiului, DR1 - Vest Expres, face un nou pas \u00een procesul de implementare, prin aprobarea studiului de fezabilitate","og_url":"https:\/\/buletin.de\/bucuresti\/studiul-de-fezabilitate-pentru-primul-drum-radial-al-bucurestiului-ajunge-la-aprobare-dr1-vest-expres-va-prelungi-bulevardul-timisoara-pana-la-a0\/","og_site_name":"Buletin de Bucure\u0219ti","article_publisher":"https:\/\/www.facebook.com\/buletin.de.buc","article_published_time":"2026-07-16T10:57:23+00:00","article_modified_time":"2026-07-16T14:17:18+00:00","og_image":[{"width":1200,"height":650,"url":"https:\/\/buletin.de\/bucuresti\/wp-content\/uploads\/2026\/07\/Primul-drum-radial-al-Bucurestiului-DR1-Vest-Express.jpg","type":"image\/jpeg"}],"author":"Andreea St\u0103n\u0103r\u00eeng\u0103","twitter_card":"summary_large_image","twitter_misc":{"Written by":"Andreea St\u0103n\u0103r\u00eeng\u0103","Estimated reading time":"3 minutes"},"schema":{"@context":"https:\/\/schema.org","@graph":[{"@type":"Article","@id":"https:\/\/buletin.de\/bucuresti\/studiul-de-fezabilitate-pentru-primul-drum-radial-al-bucurestiului-ajunge-la-aprobare-dr1-vest-expres-va-prelungi-bulevardul-timisoara-pana-la-a0\/#article","isPartOf":{"@id":"https:\/\/buletin.de\/bucuresti\/studiul-de-fezabilitate-pentru-primul-drum-radial-al-bucurestiului-ajunge-la-aprobare-dr1-vest-expres-va-prelungi-bulevardul-timisoara-pana-la-a0\/"},"author":{"name":"Andreea St\u0103n\u0103r\u00eeng\u0103","@id":"https:\/\/buletin.de\/bucuresti\/#\/schema\/person\/81421a46fb84a0887cfd2238f5202586"},"headline":"Primul drum radial al Bucure\u0219tiului este la faza de aprobare a studiului de fezabilitate. DR1 &#8211; Vest Expres va prelungi Bulevardul Timi\u0219oara p\u00e2n\u0103 la A0","datePublished":"2026-07-16T10:57:23+00:00","dateModified":"2026-07-16T14:17:18+00:00","mainEntityOfPage":{"@id":"https:\/\/buletin.de\/bucuresti\/studiul-de-fezabilitate-pentru-primul-drum-radial-al-bucurestiului-ajunge-la-aprobare-dr1-vest-expres-va-prelungi-bulevardul-timisoara-pana-la-a0\/"},"wordCount":508,"publisher":{"@id":"https:\/\/buletin.de\/bucuresti\/#organization"},"image":{"@id":"https:\/\/buletin.de\/bucuresti\/studiul-de-fezabilitate-pentru-primul-drum-radial-al-bucurestiului-ajunge-la-aprobare-dr1-vest-expres-va-prelungi-bulevardul-timisoara-pana-la-a0\/#primaryimage"},"thumbnailUrl":"https:\/\/buletin.de\/bucuresti\/wp-content\/uploads\/2026\/07\/Primul-drum-radial-al-Bucurestiului-DR1-Vest-Express.jpg","keywords":["DR1","drum radial","horatiu cosma","Studiu de fezabilitate","vest expres"],"articleSection":["Articole","Main","Transport"],"inLanguage":"en-GB","copyrightYear":"2026","copyrightHolder":{"@id":"https:\/\/buletin.de\/bucuresti\/#organization"}},{"@type":"WebPage","@id":"https:\/\/buletin.de\/bucuresti\/studiul-de-fezabilitate-pentru-primul-drum-radial-al-bucurestiului-ajunge-la-aprobare-dr1-vest-expres-va-prelungi-bulevardul-timisoara-pana-la-a0\/","url":"https:\/\/buletin.de\/bucuresti\/studiul-de-fezabilitate-pentru-primul-drum-radial-al-bucurestiului-ajunge-la-aprobare-dr1-vest-expres-va-prelungi-bulevardul-timisoara-pana-la-a0\/","name":"Primul drum radial al Bucure\u0219tiului este la faza de aprobare a studiului de fezabilitate. DR1 - Vest Expres va prelungi Bulevardul Timi\u0219oara p\u00e2n\u0103 la A0 - Buletin de Bucure\u0219ti","isPartOf":{"@id":"https:\/\/buletin.de\/bucuresti\/#website"},"primaryImageOfPage":{"@id":"https:\/\/buletin.de\/bucuresti\/studiul-de-fezabilitate-pentru-primul-drum-radial-al-bucurestiului-ajunge-la-aprobare-dr1-vest-expres-va-prelungi-bulevardul-timisoara-pana-la-a0\/#primaryimage"},"image":{"@id":"https:\/\/buletin.de\/bucuresti\/studiul-de-fezabilitate-pentru-primul-drum-radial-al-bucurestiului-ajunge-la-aprobare-dr1-vest-expres-va-prelungi-bulevardul-timisoara-pana-la-a0\/#primaryimage"},"thumbnailUrl":"https:\/\/buletin.de\/bucuresti\/wp-content\/uploads\/2026\/07\/Primul-drum-radial-al-Bucurestiului-DR1-Vest-Express.jpg","datePublished":"2026-07-16T10:57:23+00:00","dateModified":"2026-07-16T14:17:18+00:00","description":"Primul drum radial al Bucure\u0219tiului, DR1 - Vest Expres, face un nou pas \u00een procesul de implementare, prin aprobarea studiului de fezabilitate","breadcrumb":{"@id":"https:\/\/buletin.de\/bucuresti\/studiul-de-fezabilitate-pentru-primul-drum-radial-al-bucurestiului-ajunge-la-aprobare-dr1-vest-expres-va-prelungi-bulevardul-timisoara-pana-la-a0\/#breadcrumb"},"inLanguage":"en-GB","potentialAction":[{"@type":"ReadAction","target":["https:\/\/buletin.de\/bucuresti\/studiul-de-fezabilitate-pentru-primul-drum-radial-al-bucurestiului-ajunge-la-aprobare-dr1-vest-expres-va-prelungi-bulevardul-timisoara-pana-la-a0\/"]}]},{"@type":"ImageObject","inLanguage":"en-GB","@id":"https:\/\/buletin.de\/bucuresti\/studiul-de-fezabilitate-pentru-primul-drum-radial-al-bucurestiului-ajunge-la-aprobare-dr1-vest-expres-va-prelungi-bulevardul-timisoara-pana-la-a0\/#primaryimage","url":"https:\/\/buletin.de\/bucuresti\/wp-content\/uploads\/2026\/07\/Primul-drum-radial-al-Bucurestiului-DR1-Vest-Express.jpg","contentUrl":"https:\/\/buletin.de\/bucuresti\/wp-content\/uploads\/2026\/07\/Primul-drum-radial-al-Bucurestiului-DR1-Vest-Express.jpg","width":1200,"height":650,"caption":"Se aprob\u0103 studiul de fezabilitate pentru primul drum radial al Bucure\u0219tiului. Foto: FB\/Hora\u021biu Cosma"},{"@type":"BreadcrumbList","@id":"https:\/\/buletin.de\/bucuresti\/studiul-de-fezabilitate-pentru-primul-drum-radial-al-bucurestiului-ajunge-la-aprobare-dr1-vest-expres-va-prelungi-bulevardul-timisoara-pana-la-a0\/#breadcrumb","itemListElement":[{"@type":"ListItem","position":1,"name":"Acas\u0103","item":"https:\/\/buletin.de\/bucuresti\/"},{"@type":"ListItem","position":2,"name":"Primul drum radial al Bucure\u0219tiului este la faza de aprobare a studiului de fezabilitate. DR1 &#8211; Vest Expres va prelungi Bulevardul Timi\u0219oara p\u00e2n\u0103 la A0"}]},{"@type":"WebSite","@id":"https:\/\/buletin.de\/bucuresti\/#website","url":"https:\/\/buletin.de\/bucuresti\/","name":"Buletin de Bucure\u0219ti","description":"\u0218tiri \u0219i investiga\u021bii esen\u021biale din capital\u0103","publisher":{"@id":"https:\/\/buletin.de\/bucuresti\/#organization"},"potentialAction":[{"@type":"SearchAction","target":{"@type":"EntryPoint","urlTemplate":"https:\/\/buletin.de\/bucuresti\/?s={search_term_string}"},"query-input":{"@type":"PropertyValueSpecification","valueRequired":true,"valueName":"search_term_string"}}],"inLanguage":"en-GB"},{"@type":"Organization","@id":"https:\/\/buletin.de\/bucuresti\/#organization","name":"Buletin de Bucure\u0219ti","url":"https:\/\/buletin.de\/bucuresti\/","logo":{"@type":"ImageObject","inLanguage":"en-GB","@id":"https:\/\/buletin.de\/bucuresti\/#\/schema\/logo\/image\/","url":"https:\/\/buletin.de\/bucuresti\/wp-content\/uploads\/logo-bdb-full-wide-vernil-transparent.png","contentUrl":"https:\/\/buletin.de\/bucuresti\/wp-content\/uploads\/logo-bdb-full-wide-vernil-transparent.png","width":1782,"height":626,"caption":"Buletin de Bucure\u0219ti"},"image":{"@id":"https:\/\/buletin.de\/bucuresti\/#\/schema\/logo\/image\/"},"sameAs":["https:\/\/www.facebook.com\/buletin.de.buc","https:\/\/www.instagram.com\/buletinde.bucuresti\/"]},{"@type":"Person","@id":"https:\/\/buletin.de\/bucuresti\/#\/schema\/person\/81421a46fb84a0887cfd2238f5202586","name":"Andreea St\u0103n\u0103r\u00eeng\u0103","image":{"@type":"ImageObject","inLanguage":"en-GB","@id":"https:\/\/buletin.de\/bucuresti\/wp-content\/uploads\/2026\/06\/BDB_Andreea_S-1-96x96.jpgb79b6b91f9c59ea2bdedd1d8c093f6b4","url":"https:\/\/buletin.de\/bucuresti\/wp-content\/uploads\/2026\/06\/BDB_Andreea_S-1-96x96.jpg","contentUrl":"https:\/\/buletin.de\/bucuresti\/wp-content\/uploads\/2026\/06\/BDB_Andreea_S-1-96x96.jpg","caption":"Andreea St\u0103n\u0103r\u00eeng\u0103"},"description":"Face parte din echipa Buletin de Bucure\u0219ti din 2025. A colaborat cu c\u00e2teva publica\u021bii, printre care \u0219i Fanatik.ro, unde s-a ocupat de \u0219tiri de lifestyle \u0219i de actualitate. A f\u0103cut un pas c\u0103tre presa local\u0103 pentru a explora Bucure\u0219tiul \u0219i pove\u0219tile care merit\u0103 spuse.","url":"https:\/\/buletin.de\/bucuresti\/author\/andreea-stanaranga\/"}]}},"authors":[{"term_id":23912,"user_id":65,"is_guest":0,"slug":"andreea-stanaranga","display_name":"Andreea St\u0103n\u0103r\u00eeng\u0103","avatar_url":"https:\/\/buletin.de\/bucuresti\/wp-content\/uploads\/2026\/06\/BDB_Andreea_S-1-96x96.jpg","author_category":"1","first_name":"Andreea","last_name":"St\u0103n\u0103r\u00eeng\u0103","user_url":"","job_title":"","description":"Face parte din echipa Buletin de Bucure\u0219ti din 2025. A colaborat cu c\u00e2teva publica\u021bii, printre care \u0219i Fanatik.ro, unde s-a ocupat de \u0219tiri de lifestyle \u0219i de actualitate. A f\u0103cut un pas c\u0103tre presa local\u0103 pentru a explora Bucure\u0219tiul \u0219i pove\u0219tile care merit\u0103 spuse."}],"_links":{"self":[{"href":"https:\/\/buletin.de\/bucuresti\/wp-json\/wp\/v2\/posts\/206199","targetHints":{"allow":["GET"]}}],"collection":[{"href":"https:\/\/buletin.de\/bucuresti\/wp-json\/wp\/v2\/posts"}],"about":[{"href":"https:\/\/buletin.de\/bucuresti\/wp-json\/wp\/v2\/types\/post"}],"author":[{"embeddable":true,"href":"https:\/\/buletin.de\/bucuresti\/wp-json\/wp\/v2\/users\/65"}],"replies":[{"embeddable":true,"href":"https:\/\/buletin.de\/bucuresti\/wp-json\/wp\/v2\/comments?post=206199"}],"version-history":[{"count":11,"href":"https:\/\/buletin.de\/bucuresti\/wp-json\/wp\/v2\/posts\/206199\/revisions"}],"predecessor-version":[{"id":206285,"href":"https:\/\/buletin.de\/bucuresti\/wp-json\/wp\/v2\/posts\/206199\/revisions\/206285"}],"wp:featuredmedia":[{"embeddable":true,"href":"https:\/\/buletin.de\/bucuresti\/wp-json\/wp\/v2\/media\/206216"}],"wp:attachment":[{"href":"https:\/\/buletin.de\/bucuresti\/wp-json\/wp\/v2\/media?parent=206199"}],"wp:term":[{"taxonomy":"category","embeddable":true,"href":"https:\/\/buletin.de\/bucuresti\/wp-json\/wp\/v2\/categories?post=206199"},{"taxonomy":"post_tag","embeddable":true,"href":"https:\/\/buletin.de\/bucuresti\/wp-json\/wp\/v2\/tags?post=206199"},{"taxonomy":"author","embeddable":true,"href":"https:\/\/buletin.de\/bucuresti\/wp-json\/wp\/v2\/ppma_author?post=206199"}],"curies":[{"name":"wp","href":"https:\/\/api.w.org\/{rel}","templated":true}]}}