{"id":206197,"date":"2026-07-16T14:29:45","date_gmt":"2026-07-16T11:29:45","guid":{"rendered":"https:\/\/buletin.de\/bucuresti\/?p=206197"},"modified":"2026-07-16T17:15:21","modified_gmt":"2026-07-16T14:15:21","slug":"amenzi-de-90-000-de-lei-sectorul-1-deseuri-pe-domeniul-public-doua-masini-confiscate","status":"publish","type":"post","link":"https:\/\/buletin.de\/bucuresti\/amenzi-de-90-000-de-lei-sectorul-1-deseuri-pe-domeniul-public-doua-masini-confiscate\/","title":{"rendered":"VIDEO | Amenzi de 90.000 de lei \u00een Sectorul 1 pentru persoane care au aruncat de\u0219euri pe domeniul public. Dou\u0103 ma\u0219ini au fost confiscate"},"content":{"rendered":"\n<p class=\"wp-block-paragraph\"><strong>Poli\u021bia local\u0103 din Sectorul 1 a aplicat amenzi \u00een valoare de 90.000 de lei persoanelor ce au aruncat de\u0219euri pe domeniul public. De asemenea, ca m\u0103sur\u0103 complementar\u0103, vehiculele folosite pentru transportarea gunoaielor au fost confiscate, anun\u021b\u0103 <a href=\"https:\/\/primariasector1.ro\/90-000-de-lei-amenda-si-masini-confiscate-pentru-depozitare-ilegala-de-deseuri\/?fbclid=IwY2xjawTFb2ZleHRuA2FlbQIxMABicmlkETFta3FVZlQ4SGNlakRXVDJZc3J0YwZhcHBfaWQQMjIyMDM5MTc4ODIwMDg5MgABHknmTwBo5i1UNFK9R_BNtwq8pJCCNsyfiX5AF63t6icI7POHln9bqLLRrPJf_aem_0141wvLF_whPwWkigK2Vww\" data-type=\"link\" data-id=\"https:\/\/primariasector1.ro\/90-000-de-lei-amenda-si-masini-confiscate-pentru-depozitare-ilegala-de-deseuri\/?fbclid=IwY2xjawTFb2ZleHRuA2FlbQIxMABicmlkETFta3FVZlQ4SGNlakRXVDJZc3J0YwZhcHBfaWQQMjIyMDM5MTc4ODIwMDg5MgABHknmTwBo5i1UNFK9R_BNtwq8pJCCNsyfiX5AF63t6icI7POHln9bqLLRrPJf_aem_0141wvLF_whPwWkigK2Vww\" target=\"_blank\" rel=\"noreferrer noopener\">Prim\u0103ria Sectorului 1<\/a>. <\/strong><\/p>\n\n\n\n<p class=\"wp-block-paragraph\">Vinova\u021bii au fost surprin\u0219i \u00een fapt \u0219i identifica\u021bi prin intermediul camerelor de supraveghere de sunt monitorizate de Dispeceratul Poli\u021biei Locale Sector 1. Administra\u021bia local\u0103 le transmite cet\u0103\u021benilor c\u0103 agen\u021bii de poli\u021bie desf\u0103\u0219oar\u0103 constant ac\u021biuni de control pentru a depista persoanele care abandoneaz\u0103 gunoaiele pe str\u0103zi, iar cei prin\u0219i vor fi sanc\u021biona\u021bi contraven\u021bional. <\/p>\n\n\n\n<h2 id=\"h-de\u0219euri-pe-domeniul-public-identificate-in-doar-cateva-zile\" class=\"wp-block-heading\">de\u0219euri pe domeniul public, identificate \u00een doar c\u00e2teva zile<\/h2>\n\n\n\n<p class=\"wp-block-paragraph\"><strong>Este vorba de trei sanc\u021biuni contraven\u021bionale aplicate, fiecare \u00een valoare de c\u00e2te 30.000 de lei. Primul incident s-a produs pe strada Carpa\u021bi, unde dou\u0103 persoane au fost observate \u00een timp de desc\u0103rcau de\u0219euri dintr-un vehicul.<\/strong><\/p>\n\n\n\n<p class=\"wp-block-paragraph\">Poli\u021bi\u0219tii locali au identificat rapid ma\u0219ina \u0219i au oprit-o \u00een trafic. Respectivii au fost du\u0219i \u00eenapoi la locul unde abandonaser\u0103 gunoiul \u0219i au fost obliga\u021bi s\u0103 \u00eel ridice. Ace\u0219tia au primit o amend\u0103 \u00een valoare total\u0103 de 30.000 de lei, iar autovehiculul folosit pentru transportul de\u0219eurilor a fost confiscat de oamenii legii. <\/p>\n\n\n\n<p class=\"wp-block-paragraph\">Celelalte dou\u0103 incidente s-au produs la o distan\u021b\u0103 de dou\u0103 zile, pe strada Piscul Lung. Persoanele respective desc\u0103rcau de\u0219euri provenite de la o lucrare de demolare ce a avut loc \u00eentr-un alt sector al Capitalei. Au fost surprinse \u00een flagrant de poli\u021bi\u0219ti \u0219i au primit fiecare c\u00e2te o amend\u0103 \u00een valoare de 30.000 de lei. <\/p>\n\n\n\n<p class=\"wp-block-paragraph\">De asemenea, \u0219i acestora le-a fost confiscat autoturismul folosit pentru transportul de\u0219eurilor. <\/p>\n\n\n\n<p class=\"wp-block-paragraph\"><em>\u201eMorala este simpl\u0103. Cost\u0103 mult mai pu\u021bin s\u0103 duci de\u0219eurile la un centru autorizat dec\u00e2t s\u0103 pl\u0103te\u0219ti zeci de mii de lei amend\u0103 \u0219i s\u0103 r\u0103m\u00e2i f\u0103r\u0103 ma\u0219in\u0103\u201d<\/em>, a transmis Prim\u0103ria Sectorului 1 \u00eentr-un comunicat de pres\u0103. <\/p>\n\n\n\n<div style=\"display:flex; justify-content:center; margin:20px 0;\">\n  <iframe\n    src=\"https:\/\/www.facebook.com\/plugins\/video.php?height=720&#038;href=https%3A%2F%2Fwww.facebook.com%2Freel%2F1573926797741979%2F&#038;show_text=false&#038;width=405&#038;t=0\"\n    width=\"405\"\n    height=\"720\"\n    style=\"border:none;overflow:hidden;max-width:100%;\"\n    scrolling=\"no\"\n    frameborder=\"0\"\n    allowfullscreen\n    allow=\"autoplay; clipboard-write; encrypted-media; picture-in-picture; web-share\">\n  <\/iframe>\n<\/div>\n\n\n\n<p class=\"wp-block-paragraph\"><strong>CITE\u0218TE \u0218I <a href=\"https:\/\/buletin.de\/bucuresti\/studiul-de-fezabilitate-pentru-primul-drum-radial-al-bucurestiului-ajunge-la-aprobare-dr1-vest-expres-va-prelungi-bulevardul-timisoara-pana-la-a0\/\" data-type=\"link\" data-id=\"https:\/\/buletin.de\/bucuresti\/studiul-de-fezabilitate-pentru-primul-drum-radial-al-bucurestiului-ajunge-la-aprobare-dr1-vest-expres-va-prelungi-bulevardul-timisoara-pana-la-a0\/\">Studiul de fezabilitate pentru primul drum radial al Bucure\u0219tiului ajunge la aprobare. DR1 \u2013 Vest Expres va prelungi Bulevardul Timi\u0219oara p\u00e2n\u0103 la A0<\/a><\/strong><\/p>\n\n\n\n<h2 id=\"h-depozit-ilegal-de-de\u0219euri-in-sectorul-3\" class=\"wp-block-heading\">Depozit ilegal de de\u0219euri \u00een Sectorul 3<\/h2>\n\n\n\n<p class=\"wp-block-paragraph\"><strong>\u00cen urm\u0103 cu c\u00e2teva zile Garda de Mediu a transmis c\u0103 un teren de aproximativ 3.000 de metri p\u0103tra\u021bi aflat \u00een Sectorul 3 al Capitalei a fost transformat \u00een depozit ilegal de de\u0219euri. Inspectorii au efectuat controale la respectiva adres\u0103 \u00een urma mai multor sesiz\u0103ri realizate de c\u0103tre cet\u0103\u021beni.<\/strong><\/p>\n\n\n\n<p class=\"wp-block-paragraph\">Mai precis, Garda de Mediu a supravegheat terenul cu ajutorul dronelor timp de patru zile, \u00een perioada 7-10 iulie. Imaginile publicate de institu\u021bie surprind mun\u021bi de de\u0219euri depozitate ilegal, precum \u0219i utilajele folosite pentru manipularea acestora.<\/p>\n\n\n\n<p class=\"wp-block-paragraph\">\u201eMonitorizarea aerian\u0103 a permis identificarea unui operator economic care desf\u0103\u0219ura activit\u0103\u021bi de depozitare ilegal\u0103 pe un amplasament neautorizat. Pe teren au fost identificate de\u0219euri provenite din construc\u021bii \u0219i demol\u0103ri, anvelope uzate, de\u0219euri voluminoase, precum \u0219i de\u0219euri reciclabile depozitate \u00een amestec, f\u0103r\u0103 respectarea prevederilor legale\u201d, a transmis Garda Na\u021bional\u0103 de Mediu pe re\u021belele de socializare.<\/p>\n\n\n\n<figure class=\"wp-block-gallery aligncenter has-nested-images columns-default is-cropped wp-block-gallery-1 is-layout-flex wp-block-gallery-is-layout-flex\">\n<figure class=\"wp-block-image size-large\"><img fetchpriority=\"high\" decoding=\"async\" width=\"1000\" height=\"563\" data-id=\"206229\" src=\"data:image\/gif;base64,R0lGODlhAQABAAAAACH5BAEKAAEALAAAAAABAAEAAAICTAEAOw==\" data-src=\"https:\/\/buletin.de\/bucuresti\/wp-content\/uploads\/2026\/07\/746269525_1771326750530186_8371441776585399794_n-1-1000x563.jpeg\" alt=\"de\u0219euri pe domeniul public\" class=\"wp-image-206229 lazyload\" data-sizes=\"auto\" data-srcset=\"https:\/\/buletin.de\/bucuresti\/wp-content\/uploads\/2026\/07\/746269525_1771326750530186_8371441776585399794_n-1-1000x563.jpeg 1000w, https:\/\/buletin.de\/bucuresti\/wp-content\/uploads\/2026\/07\/746269525_1771326750530186_8371441776585399794_n-1-300x169.jpeg 300w, https:\/\/buletin.de\/bucuresti\/wp-content\/uploads\/2026\/07\/746269525_1771326750530186_8371441776585399794_n-1-768x432.jpeg 768w, https:\/\/buletin.de\/bucuresti\/wp-content\/uploads\/2026\/07\/746269525_1771326750530186_8371441776585399794_n-1-1536x864.jpeg 1536w, https:\/\/buletin.de\/bucuresti\/wp-content\/uploads\/2026\/07\/746269525_1771326750530186_8371441776585399794_n-1-1100x619.jpeg 1100w, https:\/\/buletin.de\/bucuresti\/wp-content\/uploads\/2026\/07\/746269525_1771326750530186_8371441776585399794_n-1-600x338.jpeg 600w, https:\/\/buletin.de\/bucuresti\/wp-content\/uploads\/2026\/07\/746269525_1771326750530186_8371441776585399794_n-1-20x11.jpeg 20w, https:\/\/buletin.de\/bucuresti\/wp-content\/uploads\/2026\/07\/746269525_1771326750530186_8371441776585399794_n-1.jpeg 1600w\" sizes=\"(max-width: 1000px) 100vw, 1000px\" \/><\/figure>\n\n\n\n<figure class=\"wp-block-image size-large\"><img decoding=\"async\" width=\"1000\" height=\"563\" data-id=\"206228\" src=\"data:image\/gif;base64,R0lGODlhAQABAAAAACH5BAEKAAEALAAAAAABAAEAAAICTAEAOw==\" data-src=\"https:\/\/buletin.de\/bucuresti\/wp-content\/uploads\/2026\/07\/747307138_4566809606929899_723817096961211910_n-1-1000x563.jpeg\" alt=\"\" class=\"wp-image-206228 lazyload\" data-sizes=\"auto\" data-srcset=\"https:\/\/buletin.de\/bucuresti\/wp-content\/uploads\/2026\/07\/747307138_4566809606929899_723817096961211910_n-1-1000x563.jpeg 1000w, https:\/\/buletin.de\/bucuresti\/wp-content\/uploads\/2026\/07\/747307138_4566809606929899_723817096961211910_n-1-300x169.jpeg 300w, https:\/\/buletin.de\/bucuresti\/wp-content\/uploads\/2026\/07\/747307138_4566809606929899_723817096961211910_n-1-768x432.jpeg 768w, https:\/\/buletin.de\/bucuresti\/wp-content\/uploads\/2026\/07\/747307138_4566809606929899_723817096961211910_n-1-1536x864.jpeg 1536w, https:\/\/buletin.de\/bucuresti\/wp-content\/uploads\/2026\/07\/747307138_4566809606929899_723817096961211910_n-1-1100x619.jpeg 1100w, https:\/\/buletin.de\/bucuresti\/wp-content\/uploads\/2026\/07\/747307138_4566809606929899_723817096961211910_n-1-600x338.jpeg 600w, https:\/\/buletin.de\/bucuresti\/wp-content\/uploads\/2026\/07\/747307138_4566809606929899_723817096961211910_n-1-20x11.jpeg 20w, https:\/\/buletin.de\/bucuresti\/wp-content\/uploads\/2026\/07\/747307138_4566809606929899_723817096961211910_n-1.jpeg 1600w\" sizes=\"(max-width: 1000px) 100vw, 1000px\" \/><\/figure>\n\n\n\n<figure class=\"wp-block-image size-large\"><img decoding=\"async\" width=\"1000\" height=\"563\" data-id=\"206227\" src=\"data:image\/gif;base64,R0lGODlhAQABAAAAACH5BAEKAAEALAAAAAABAAEAAAICTAEAOw==\" data-src=\"https:\/\/buletin.de\/bucuresti\/wp-content\/uploads\/2026\/07\/747573271_2240603443368442_1542357118369264994_n-1-1000x563.jpeg\" alt=\"de\u0219euri pe domeniul public\" class=\"wp-image-206227 lazyload\" data-sizes=\"auto\" data-srcset=\"https:\/\/buletin.de\/bucuresti\/wp-content\/uploads\/2026\/07\/747573271_2240603443368442_1542357118369264994_n-1-1000x563.jpeg 1000w, https:\/\/buletin.de\/bucuresti\/wp-content\/uploads\/2026\/07\/747573271_2240603443368442_1542357118369264994_n-1-300x169.jpeg 300w, https:\/\/buletin.de\/bucuresti\/wp-content\/uploads\/2026\/07\/747573271_2240603443368442_1542357118369264994_n-1-768x432.jpeg 768w, https:\/\/buletin.de\/bucuresti\/wp-content\/uploads\/2026\/07\/747573271_2240603443368442_1542357118369264994_n-1-1536x864.jpeg 1536w, https:\/\/buletin.de\/bucuresti\/wp-content\/uploads\/2026\/07\/747573271_2240603443368442_1542357118369264994_n-1-1100x619.jpeg 1100w, https:\/\/buletin.de\/bucuresti\/wp-content\/uploads\/2026\/07\/747573271_2240603443368442_1542357118369264994_n-1-600x338.jpeg 600w, https:\/\/buletin.de\/bucuresti\/wp-content\/uploads\/2026\/07\/747573271_2240603443368442_1542357118369264994_n-1-20x11.jpeg 20w, https:\/\/buletin.de\/bucuresti\/wp-content\/uploads\/2026\/07\/747573271_2240603443368442_1542357118369264994_n-1.jpeg 1600w\" sizes=\"(max-width: 1000px) 100vw, 1000px\" \/><\/figure>\n\n\n\n<figure class=\"wp-block-image size-large\"><img loading=\"lazy\" decoding=\"async\" width=\"1000\" height=\"563\" data-id=\"206226\" src=\"data:image\/gif;base64,R0lGODlhAQABAAAAACH5BAEKAAEALAAAAAABAAEAAAICTAEAOw==\" data-src=\"https:\/\/buletin.de\/bucuresti\/wp-content\/uploads\/2026\/07\/747625723_1329029616033478_1717217158939670985_n-1000x563.jpeg\" alt=\"de\u0219euri pe domeniul public\" class=\"wp-image-206226 lazyload\" data-sizes=\"auto\" data-srcset=\"https:\/\/buletin.de\/bucuresti\/wp-content\/uploads\/2026\/07\/747625723_1329029616033478_1717217158939670985_n-1000x563.jpeg 1000w, https:\/\/buletin.de\/bucuresti\/wp-content\/uploads\/2026\/07\/747625723_1329029616033478_1717217158939670985_n-300x169.jpeg 300w, https:\/\/buletin.de\/bucuresti\/wp-content\/uploads\/2026\/07\/747625723_1329029616033478_1717217158939670985_n-768x432.jpeg 768w, https:\/\/buletin.de\/bucuresti\/wp-content\/uploads\/2026\/07\/747625723_1329029616033478_1717217158939670985_n-1536x864.jpeg 1536w, https:\/\/buletin.de\/bucuresti\/wp-content\/uploads\/2026\/07\/747625723_1329029616033478_1717217158939670985_n-1100x619.jpeg 1100w, https:\/\/buletin.de\/bucuresti\/wp-content\/uploads\/2026\/07\/747625723_1329029616033478_1717217158939670985_n-600x338.jpeg 600w, https:\/\/buletin.de\/bucuresti\/wp-content\/uploads\/2026\/07\/747625723_1329029616033478_1717217158939670985_n-20x11.jpeg 20w, https:\/\/buletin.de\/bucuresti\/wp-content\/uploads\/2026\/07\/747625723_1329029616033478_1717217158939670985_n.jpeg 1600w\" sizes=\"(max-width: 1000px) 100vw, 1000px\" \/><\/figure>\n<figcaption class=\"blocks-gallery-caption wp-element-caption\">Depozitul ilegal de de\u0219euri realizat pe un teren din Sectorul 3. Foto: Garda Na\u021bional\u0103 de Mediu\/ Facebook<br><\/figcaption><\/figure>\n\n\n\n<p class=\"wp-block-paragraph\">\u00cen urma acestor verific\u0103ri, operatorul economic a fost amendat cu 160.000 de lei (echivalentul a circa 32.000 de euro), iar autoutilitara pe care acesta o folosea pentru transportarea de\u0219eurilor a fost confiscat\u0103. <\/p>\n\n\n\n<p class=\"wp-block-paragraph\"><strong>CITE\u0218TE \u0218I <a href=\"https:\/\/buletin.de\/bucuresti\/cfr-calatori-a-lansat-o-licitatie-de-aproape-9-milioane-de-euro-pentru-curatarea-vagoanelor-club-feroviar\/\" data-type=\"post\" data-id=\"206179\">CFR C\u0103l\u0103tori a lansat o licita\u021bie de aproape 9 milioane de euro pentru cur\u0103\u021barea vagoanelor | Club Feroviar<\/a><\/strong><\/p>\n","protected":false},"excerpt":{"rendered":"<p>Poli\u021bia local\u0103 din Sectorul 1 a aplicat amenzi \u00een valoare de 90.000 de lei persoanelor ce au aruncat de\u0219euri pe domeniul public. De asemenea, ca m\u0103sur\u0103 complementar\u0103, vehiculele folosite pentru transportarea gunoaielor au fost confiscate, anun\u021b\u0103 Prim\u0103ria Sectorului 1. Vinova\u021bii au fost surprin\u0219i \u00een fapt \u0219i identifica\u021bi prin intermediul camerelor de supraveghere de sunt monitorizate [&hellip;]<\/p>\n","protected":false},"author":66,"featured_media":206235,"comment_status":"closed","ping_status":"open","sticky":false,"template":"","format":"standard","meta":{"_acf_changed":false,"inline_featured_image":false,"ngg_post_thumbnail":0,"footnotes":""},"categories":[6994,5762,109,24],"tags":[154,18767,25545,308,29483],"ppma_author":[26103],"class_list":["post-206197","post","type-post","status-publish","format-standard","has-post-thumbnail","hentry","category-stiri-2","category-main","category-mediu","category-primarie","tag-amenzi","tag-deseuri-aruncate-pe-domeniul-public","tag-politia-locala-sector-1-2","tag-sector-1","tag-vehicule-confiscate"],"acf":[],"a3_pvc":{"activated":false,"total_views":0,"today_views":0},"yoast_head":"<!-- This site is optimized with the Yoast SEO Premium plugin v28.0 (Yoast SEO v28.3) - https:\/\/yoast.com\/product\/yoast-seo-premium-wordpress\/ -->\n<title>VIDEO | Amenzi de 90.000 de lei \u00een Sectorul 1 pentru persoane care au aruncat de\u0219euri pe domeniul public. Dou\u0103 ma\u0219ini au fost confiscate - Buletin de Bucure\u0219ti<\/title>\n<meta name=\"description\" content=\"Poli\u021bia local\u0103 din Sectorul 1 a aplicat amenzi \u00een valoare de 90.000 de lei persoanelor ce au aruncat de\u0219euri pe domeniul public.\" \/>\n<meta name=\"robots\" content=\"index, follow, max-snippet:-1, max-image-preview:large, max-video-preview:-1\" \/>\n<link rel=\"canonical\" href=\"https:\/\/buletin.de\/bucuresti\/amenzi-de-90-000-de-lei-sectorul-1-deseuri-pe-domeniul-public-doua-masini-confiscate\/\" \/>\n<meta property=\"og:locale\" content=\"en_GB\" \/>\n<meta property=\"og:type\" content=\"article\" \/>\n<meta property=\"og:title\" content=\"VIDEO | Amenzi de 90.000 de lei \u00een Sectorul 1 pentru persoane care au aruncat de\u0219euri pe domeniul public. Dou\u0103 ma\u0219ini au fost confiscate\" \/>\n<meta property=\"og:description\" content=\"Poli\u021bia local\u0103 din Sectorul 1 a aplicat amenzi \u00een valoare de 90.000 de lei persoanelor ce au aruncat de\u0219euri pe domeniul public.\" \/>\n<meta property=\"og:url\" content=\"https:\/\/buletin.de\/bucuresti\/amenzi-de-90-000-de-lei-sectorul-1-deseuri-pe-domeniul-public-doua-masini-confiscate\/\" \/>\n<meta property=\"og:site_name\" content=\"Buletin de Bucure\u0219ti\" \/>\n<meta property=\"article:publisher\" content=\"https:\/\/www.facebook.com\/buletin.de.buc\" \/>\n<meta property=\"article:published_time\" content=\"2026-07-16T11:29:45+00:00\" \/>\n<meta property=\"article:modified_time\" content=\"2026-07-16T14:15:21+00:00\" \/>\n<meta property=\"og:image\" content=\"https:\/\/buletin.de\/bucuresti\/wp-content\/uploads\/2026\/07\/amenzi-sectorul-1-aruncat-deseuri-pe-domeniul-public.jpg\" \/>\n\t<meta property=\"og:image:width\" content=\"1920\" \/>\n\t<meta property=\"og:image:height\" content=\"1080\" \/>\n\t<meta property=\"og:image:type\" content=\"image\/jpeg\" \/>\n<meta name=\"author\" content=\"Deniz Garguli\" \/>\n<meta name=\"twitter:card\" content=\"summary_large_image\" \/>\n<meta name=\"twitter:label1\" content=\"Written by\" \/>\n\t<meta name=\"twitter:data1\" content=\"Deniz Garguli\" \/>\n\t<meta name=\"twitter:label2\" content=\"Estimated reading time\" \/>\n\t<meta name=\"twitter:data2\" content=\"4 minutes\" \/>\n<script type=\"application\/ld+json\" class=\"yoast-schema-graph\">{\"@context\":\"https:\\\/\\\/schema.org\",\"@graph\":[{\"@type\":\"Article\",\"@id\":\"https:\\\/\\\/buletin.de\\\/bucuresti\\\/amenzi-de-90-000-de-lei-sectorul-1-deseuri-pe-domeniul-public-doua-masini-confiscate\\\/#article\",\"isPartOf\":{\"@id\":\"https:\\\/\\\/buletin.de\\\/bucuresti\\\/amenzi-de-90-000-de-lei-sectorul-1-deseuri-pe-domeniul-public-doua-masini-confiscate\\\/\"},\"author\":{\"name\":\"Deniz Garguli\",\"@id\":\"https:\\\/\\\/buletin.de\\\/bucuresti\\\/#\\\/schema\\\/person\\\/8badd0805392c02e16b744e0d5cd3625\"},\"headline\":\"VIDEO | Amenzi de 90.000 de lei \u00een Sectorul 1 pentru persoane care au aruncat de\u0219euri pe domeniul public. Dou\u0103 ma\u0219ini au fost confiscate\",\"datePublished\":\"2026-07-16T11:29:45+00:00\",\"dateModified\":\"2026-07-16T14:15:21+00:00\",\"mainEntityOfPage\":{\"@id\":\"https:\\\/\\\/buletin.de\\\/bucuresti\\\/amenzi-de-90-000-de-lei-sectorul-1-deseuri-pe-domeniul-public-doua-masini-confiscate\\\/\"},\"wordCount\":621,\"publisher\":{\"@id\":\"https:\\\/\\\/buletin.de\\\/bucuresti\\\/#organization\"},\"image\":{\"@id\":\"https:\\\/\\\/buletin.de\\\/bucuresti\\\/amenzi-de-90-000-de-lei-sectorul-1-deseuri-pe-domeniul-public-doua-masini-confiscate\\\/#primaryimage\"},\"thumbnailUrl\":\"https:\\\/\\\/buletin.de\\\/bucuresti\\\/wp-content\\\/uploads\\\/2026\\\/07\\\/amenzi-sectorul-1-aruncat-deseuri-pe-domeniul-public.jpg\",\"keywords\":[\"amenzi\",\"de\u0219euri aruncate pe domeniul public\",\"Poli\u021bia Local\u0103 Sector 1\",\"Sector 1\",\"Vehicule confiscate\"],\"articleSection\":[\"Articole\",\"Main\",\"Mediu\",\"Prim\u0103rie\"],\"inLanguage\":\"en-GB\",\"copyrightYear\":\"2026\",\"copyrightHolder\":{\"@id\":\"https:\\\/\\\/buletin.de\\\/bucuresti\\\/#organization\"}},{\"@type\":\"WebPage\",\"@id\":\"https:\\\/\\\/buletin.de\\\/bucuresti\\\/amenzi-de-90-000-de-lei-sectorul-1-deseuri-pe-domeniul-public-doua-masini-confiscate\\\/\",\"url\":\"https:\\\/\\\/buletin.de\\\/bucuresti\\\/amenzi-de-90-000-de-lei-sectorul-1-deseuri-pe-domeniul-public-doua-masini-confiscate\\\/\",\"name\":\"VIDEO | Amenzi de 90.000 de lei \u00een Sectorul 1 pentru persoane care au aruncat de\u0219euri pe domeniul public. Dou\u0103 ma\u0219ini au fost confiscate - Buletin de Bucure\u0219ti\",\"isPartOf\":{\"@id\":\"https:\\\/\\\/buletin.de\\\/bucuresti\\\/#website\"},\"primaryImageOfPage\":{\"@id\":\"https:\\\/\\\/buletin.de\\\/bucuresti\\\/amenzi-de-90-000-de-lei-sectorul-1-deseuri-pe-domeniul-public-doua-masini-confiscate\\\/#primaryimage\"},\"image\":{\"@id\":\"https:\\\/\\\/buletin.de\\\/bucuresti\\\/amenzi-de-90-000-de-lei-sectorul-1-deseuri-pe-domeniul-public-doua-masini-confiscate\\\/#primaryimage\"},\"thumbnailUrl\":\"https:\\\/\\\/buletin.de\\\/bucuresti\\\/wp-content\\\/uploads\\\/2026\\\/07\\\/amenzi-sectorul-1-aruncat-deseuri-pe-domeniul-public.jpg\",\"datePublished\":\"2026-07-16T11:29:45+00:00\",\"dateModified\":\"2026-07-16T14:15:21+00:00\",\"description\":\"Poli\u021bia local\u0103 din Sectorul 1 a aplicat amenzi \u00een valoare de 90.000 de lei persoanelor ce au aruncat de\u0219euri pe domeniul public.\",\"breadcrumb\":{\"@id\":\"https:\\\/\\\/buletin.de\\\/bucuresti\\\/amenzi-de-90-000-de-lei-sectorul-1-deseuri-pe-domeniul-public-doua-masini-confiscate\\\/#breadcrumb\"},\"inLanguage\":\"en-GB\",\"potentialAction\":[{\"@type\":\"ReadAction\",\"target\":[\"https:\\\/\\\/buletin.de\\\/bucuresti\\\/amenzi-de-90-000-de-lei-sectorul-1-deseuri-pe-domeniul-public-doua-masini-confiscate\\\/\"]}]},{\"@type\":\"ImageObject\",\"inLanguage\":\"en-GB\",\"@id\":\"https:\\\/\\\/buletin.de\\\/bucuresti\\\/amenzi-de-90-000-de-lei-sectorul-1-deseuri-pe-domeniul-public-doua-masini-confiscate\\\/#primaryimage\",\"url\":\"https:\\\/\\\/buletin.de\\\/bucuresti\\\/wp-content\\\/uploads\\\/2026\\\/07\\\/amenzi-sectorul-1-aruncat-deseuri-pe-domeniul-public.jpg\",\"contentUrl\":\"https:\\\/\\\/buletin.de\\\/bucuresti\\\/wp-content\\\/uploads\\\/2026\\\/07\\\/amenzi-sectorul-1-aruncat-deseuri-pe-domeniul-public.jpg\",\"width\":1920,\"height\":1080,\"caption\":\"VIDEO | Amenzi de 90.000 de lei \u00een Sectorul 1 pentru persoane care au aruncat de\u0219euri pe domeniul public. Dou\u0103 ma\u0219ini au fost confiscate. Foto: Captur\u0103 video Prim\u0103ria Sectorului 1\\\/FB\"},{\"@type\":\"BreadcrumbList\",\"@id\":\"https:\\\/\\\/buletin.de\\\/bucuresti\\\/amenzi-de-90-000-de-lei-sectorul-1-deseuri-pe-domeniul-public-doua-masini-confiscate\\\/#breadcrumb\",\"itemListElement\":[{\"@type\":\"ListItem\",\"position\":1,\"name\":\"Acas\u0103\",\"item\":\"https:\\\/\\\/buletin.de\\\/bucuresti\\\/\"},{\"@type\":\"ListItem\",\"position\":2,\"name\":\"VIDEO | Amenzi de 90.000 de lei \u00een Sectorul 1 pentru persoane care au aruncat de\u0219euri pe domeniul public. Dou\u0103 ma\u0219ini au fost confiscate\"}]},{\"@type\":\"WebSite\",\"@id\":\"https:\\\/\\\/buletin.de\\\/bucuresti\\\/#website\",\"url\":\"https:\\\/\\\/buletin.de\\\/bucuresti\\\/\",\"name\":\"Buletin de Bucure\u0219ti\",\"description\":\"\u0218tiri \u0219i investiga\u021bii esen\u021biale din capital\u0103\",\"publisher\":{\"@id\":\"https:\\\/\\\/buletin.de\\\/bucuresti\\\/#organization\"},\"potentialAction\":[{\"@type\":\"SearchAction\",\"target\":{\"@type\":\"EntryPoint\",\"urlTemplate\":\"https:\\\/\\\/buletin.de\\\/bucuresti\\\/?s={search_term_string}\"},\"query-input\":{\"@type\":\"PropertyValueSpecification\",\"valueRequired\":true,\"valueName\":\"search_term_string\"}}],\"inLanguage\":\"en-GB\"},{\"@type\":\"Organization\",\"@id\":\"https:\\\/\\\/buletin.de\\\/bucuresti\\\/#organization\",\"name\":\"Buletin de Bucure\u0219ti\",\"url\":\"https:\\\/\\\/buletin.de\\\/bucuresti\\\/\",\"logo\":{\"@type\":\"ImageObject\",\"inLanguage\":\"en-GB\",\"@id\":\"https:\\\/\\\/buletin.de\\\/bucuresti\\\/#\\\/schema\\\/logo\\\/image\\\/\",\"url\":\"https:\\\/\\\/buletin.de\\\/bucuresti\\\/wp-content\\\/uploads\\\/logo-bdb-full-wide-vernil-transparent.png\",\"contentUrl\":\"https:\\\/\\\/buletin.de\\\/bucuresti\\\/wp-content\\\/uploads\\\/logo-bdb-full-wide-vernil-transparent.png\",\"width\":1782,\"height\":626,\"caption\":\"Buletin de Bucure\u0219ti\"},\"image\":{\"@id\":\"https:\\\/\\\/buletin.de\\\/bucuresti\\\/#\\\/schema\\\/logo\\\/image\\\/\"},\"sameAs\":[\"https:\\\/\\\/www.facebook.com\\\/buletin.de.buc\",\"https:\\\/\\\/www.instagram.com\\\/buletinde.bucuresti\\\/\"]},{\"@type\":\"Person\",\"@id\":\"https:\\\/\\\/buletin.de\\\/bucuresti\\\/#\\\/schema\\\/person\\\/8badd0805392c02e16b744e0d5cd3625\",\"name\":\"Deniz Garguli\",\"image\":{\"@type\":\"ImageObject\",\"inLanguage\":\"en-GB\",\"@id\":\"https:\\\/\\\/buletin.de\\\/bucuresti\\\/wp-content\\\/uploads\\\/2026\\\/06\\\/BDB_Deniz-1-96x96.jpgba95f600d547b787bc58e580a19f8dac\",\"url\":\"https:\\\/\\\/buletin.de\\\/bucuresti\\\/wp-content\\\/uploads\\\/2026\\\/06\\\/BDB_Deniz-1-96x96.jpg\",\"contentUrl\":\"https:\\\/\\\/buletin.de\\\/bucuresti\\\/wp-content\\\/uploads\\\/2026\\\/06\\\/BDB_Deniz-1-96x96.jpg\",\"caption\":\"Deniz Garguli\"},\"description\":\"N\u0103scut\u0103 \u0219i crescut\u0103 \u00een Capital\u0103, dorin\u021ba de a fi la curent cu tot ce se \u00eent\u00e2mpl\u0103 \u00een Bucure\u0219ti a \u00eempins-o c\u0103tre pres\u0103, mai cu seam\u0103 c\u0103tre cea local\u0103. A lucrat vreme de patru ani la B365, unde s-a ocupat de \u0219tiri despre ora\u0219 \u0219i oamenii care locuiesc \u00een el. Din 2026 s-a al\u0103turat echipei Buletin de Bucure\u0219ti.\",\"url\":\"https:\\\/\\\/buletin.de\\\/bucuresti\\\/author\\\/deniz-garguli\\\/\"}]}<\/script>\n<!-- \/ Yoast SEO Premium plugin. -->","yoast_head_json":{"title":"VIDEO | Amenzi de 90.000 de lei \u00een Sectorul 1 pentru persoane care au aruncat de\u0219euri pe domeniul public. Dou\u0103 ma\u0219ini au fost confiscate - Buletin de Bucure\u0219ti","description":"Poli\u021bia local\u0103 din Sectorul 1 a aplicat amenzi \u00een valoare de 90.000 de lei persoanelor ce au aruncat de\u0219euri pe domeniul public.","robots":{"index":"index","follow":"follow","max-snippet":"max-snippet:-1","max-image-preview":"max-image-preview:large","max-video-preview":"max-video-preview:-1"},"canonical":"https:\/\/buletin.de\/bucuresti\/amenzi-de-90-000-de-lei-sectorul-1-deseuri-pe-domeniul-public-doua-masini-confiscate\/","og_locale":"en_GB","og_type":"article","og_title":"VIDEO | Amenzi de 90.000 de lei \u00een Sectorul 1 pentru persoane care au aruncat de\u0219euri pe domeniul public. Dou\u0103 ma\u0219ini au fost confiscate","og_description":"Poli\u021bia local\u0103 din Sectorul 1 a aplicat amenzi \u00een valoare de 90.000 de lei persoanelor ce au aruncat de\u0219euri pe domeniul public.","og_url":"https:\/\/buletin.de\/bucuresti\/amenzi-de-90-000-de-lei-sectorul-1-deseuri-pe-domeniul-public-doua-masini-confiscate\/","og_site_name":"Buletin de Bucure\u0219ti","article_publisher":"https:\/\/www.facebook.com\/buletin.de.buc","article_published_time":"2026-07-16T11:29:45+00:00","article_modified_time":"2026-07-16T14:15:21+00:00","og_image":[{"width":1920,"height":1080,"url":"https:\/\/buletin.de\/bucuresti\/wp-content\/uploads\/2026\/07\/amenzi-sectorul-1-aruncat-deseuri-pe-domeniul-public.jpg","type":"image\/jpeg"}],"author":"Deniz Garguli","twitter_card":"summary_large_image","twitter_misc":{"Written by":"Deniz Garguli","Estimated reading time":"4 minutes"},"schema":{"@context":"https:\/\/schema.org","@graph":[{"@type":"Article","@id":"https:\/\/buletin.de\/bucuresti\/amenzi-de-90-000-de-lei-sectorul-1-deseuri-pe-domeniul-public-doua-masini-confiscate\/#article","isPartOf":{"@id":"https:\/\/buletin.de\/bucuresti\/amenzi-de-90-000-de-lei-sectorul-1-deseuri-pe-domeniul-public-doua-masini-confiscate\/"},"author":{"name":"Deniz Garguli","@id":"https:\/\/buletin.de\/bucuresti\/#\/schema\/person\/8badd0805392c02e16b744e0d5cd3625"},"headline":"VIDEO | Amenzi de 90.000 de lei \u00een Sectorul 1 pentru persoane care au aruncat de\u0219euri pe domeniul public. Dou\u0103 ma\u0219ini au fost confiscate","datePublished":"2026-07-16T11:29:45+00:00","dateModified":"2026-07-16T14:15:21+00:00","mainEntityOfPage":{"@id":"https:\/\/buletin.de\/bucuresti\/amenzi-de-90-000-de-lei-sectorul-1-deseuri-pe-domeniul-public-doua-masini-confiscate\/"},"wordCount":621,"publisher":{"@id":"https:\/\/buletin.de\/bucuresti\/#organization"},"image":{"@id":"https:\/\/buletin.de\/bucuresti\/amenzi-de-90-000-de-lei-sectorul-1-deseuri-pe-domeniul-public-doua-masini-confiscate\/#primaryimage"},"thumbnailUrl":"https:\/\/buletin.de\/bucuresti\/wp-content\/uploads\/2026\/07\/amenzi-sectorul-1-aruncat-deseuri-pe-domeniul-public.jpg","keywords":["amenzi","de\u0219euri aruncate pe domeniul public","Poli\u021bia Local\u0103 Sector 1","Sector 1","Vehicule confiscate"],"articleSection":["Articole","Main","Mediu","Prim\u0103rie"],"inLanguage":"en-GB","copyrightYear":"2026","copyrightHolder":{"@id":"https:\/\/buletin.de\/bucuresti\/#organization"}},{"@type":"WebPage","@id":"https:\/\/buletin.de\/bucuresti\/amenzi-de-90-000-de-lei-sectorul-1-deseuri-pe-domeniul-public-doua-masini-confiscate\/","url":"https:\/\/buletin.de\/bucuresti\/amenzi-de-90-000-de-lei-sectorul-1-deseuri-pe-domeniul-public-doua-masini-confiscate\/","name":"VIDEO | Amenzi de 90.000 de lei \u00een Sectorul 1 pentru persoane care au aruncat de\u0219euri pe domeniul public. Dou\u0103 ma\u0219ini au fost confiscate - Buletin de Bucure\u0219ti","isPartOf":{"@id":"https:\/\/buletin.de\/bucuresti\/#website"},"primaryImageOfPage":{"@id":"https:\/\/buletin.de\/bucuresti\/amenzi-de-90-000-de-lei-sectorul-1-deseuri-pe-domeniul-public-doua-masini-confiscate\/#primaryimage"},"image":{"@id":"https:\/\/buletin.de\/bucuresti\/amenzi-de-90-000-de-lei-sectorul-1-deseuri-pe-domeniul-public-doua-masini-confiscate\/#primaryimage"},"thumbnailUrl":"https:\/\/buletin.de\/bucuresti\/wp-content\/uploads\/2026\/07\/amenzi-sectorul-1-aruncat-deseuri-pe-domeniul-public.jpg","datePublished":"2026-07-16T11:29:45+00:00","dateModified":"2026-07-16T14:15:21+00:00","description":"Poli\u021bia local\u0103 din Sectorul 1 a aplicat amenzi \u00een valoare de 90.000 de lei persoanelor ce au aruncat de\u0219euri pe domeniul public.","breadcrumb":{"@id":"https:\/\/buletin.de\/bucuresti\/amenzi-de-90-000-de-lei-sectorul-1-deseuri-pe-domeniul-public-doua-masini-confiscate\/#breadcrumb"},"inLanguage":"en-GB","potentialAction":[{"@type":"ReadAction","target":["https:\/\/buletin.de\/bucuresti\/amenzi-de-90-000-de-lei-sectorul-1-deseuri-pe-domeniul-public-doua-masini-confiscate\/"]}]},{"@type":"ImageObject","inLanguage":"en-GB","@id":"https:\/\/buletin.de\/bucuresti\/amenzi-de-90-000-de-lei-sectorul-1-deseuri-pe-domeniul-public-doua-masini-confiscate\/#primaryimage","url":"https:\/\/buletin.de\/bucuresti\/wp-content\/uploads\/2026\/07\/amenzi-sectorul-1-aruncat-deseuri-pe-domeniul-public.jpg","contentUrl":"https:\/\/buletin.de\/bucuresti\/wp-content\/uploads\/2026\/07\/amenzi-sectorul-1-aruncat-deseuri-pe-domeniul-public.jpg","width":1920,"height":1080,"caption":"VIDEO | Amenzi de 90.000 de lei \u00een Sectorul 1 pentru persoane care au aruncat de\u0219euri pe domeniul public. Dou\u0103 ma\u0219ini au fost confiscate. Foto: Captur\u0103 video Prim\u0103ria Sectorului 1\/FB"},{"@type":"BreadcrumbList","@id":"https:\/\/buletin.de\/bucuresti\/amenzi-de-90-000-de-lei-sectorul-1-deseuri-pe-domeniul-public-doua-masini-confiscate\/#breadcrumb","itemListElement":[{"@type":"ListItem","position":1,"name":"Acas\u0103","item":"https:\/\/buletin.de\/bucuresti\/"},{"@type":"ListItem","position":2,"name":"VIDEO | Amenzi de 90.000 de lei \u00een Sectorul 1 pentru persoane care au aruncat de\u0219euri pe domeniul public. Dou\u0103 ma\u0219ini au fost confiscate"}]},{"@type":"WebSite","@id":"https:\/\/buletin.de\/bucuresti\/#website","url":"https:\/\/buletin.de\/bucuresti\/","name":"Buletin de Bucure\u0219ti","description":"\u0218tiri \u0219i investiga\u021bii esen\u021biale din capital\u0103","publisher":{"@id":"https:\/\/buletin.de\/bucuresti\/#organization"},"potentialAction":[{"@type":"SearchAction","target":{"@type":"EntryPoint","urlTemplate":"https:\/\/buletin.de\/bucuresti\/?s={search_term_string}"},"query-input":{"@type":"PropertyValueSpecification","valueRequired":true,"valueName":"search_term_string"}}],"inLanguage":"en-GB"},{"@type":"Organization","@id":"https:\/\/buletin.de\/bucuresti\/#organization","name":"Buletin de Bucure\u0219ti","url":"https:\/\/buletin.de\/bucuresti\/","logo":{"@type":"ImageObject","inLanguage":"en-GB","@id":"https:\/\/buletin.de\/bucuresti\/#\/schema\/logo\/image\/","url":"https:\/\/buletin.de\/bucuresti\/wp-content\/uploads\/logo-bdb-full-wide-vernil-transparent.png","contentUrl":"https:\/\/buletin.de\/bucuresti\/wp-content\/uploads\/logo-bdb-full-wide-vernil-transparent.png","width":1782,"height":626,"caption":"Buletin de Bucure\u0219ti"},"image":{"@id":"https:\/\/buletin.de\/bucuresti\/#\/schema\/logo\/image\/"},"sameAs":["https:\/\/www.facebook.com\/buletin.de.buc","https:\/\/www.instagram.com\/buletinde.bucuresti\/"]},{"@type":"Person","@id":"https:\/\/buletin.de\/bucuresti\/#\/schema\/person\/8badd0805392c02e16b744e0d5cd3625","name":"Deniz Garguli","image":{"@type":"ImageObject","inLanguage":"en-GB","@id":"https:\/\/buletin.de\/bucuresti\/wp-content\/uploads\/2026\/06\/BDB_Deniz-1-96x96.jpgba95f600d547b787bc58e580a19f8dac","url":"https:\/\/buletin.de\/bucuresti\/wp-content\/uploads\/2026\/06\/BDB_Deniz-1-96x96.jpg","contentUrl":"https:\/\/buletin.de\/bucuresti\/wp-content\/uploads\/2026\/06\/BDB_Deniz-1-96x96.jpg","caption":"Deniz Garguli"},"description":"N\u0103scut\u0103 \u0219i crescut\u0103 \u00een Capital\u0103, dorin\u021ba de a fi la curent cu tot ce se \u00eent\u00e2mpl\u0103 \u00een Bucure\u0219ti a \u00eempins-o c\u0103tre pres\u0103, mai cu seam\u0103 c\u0103tre cea local\u0103. A lucrat vreme de patru ani la B365, unde s-a ocupat de \u0219tiri despre ora\u0219 \u0219i oamenii care locuiesc \u00een el. Din 2026 s-a al\u0103turat echipei Buletin de Bucure\u0219ti.","url":"https:\/\/buletin.de\/bucuresti\/author\/deniz-garguli\/"}]}},"authors":[{"term_id":26103,"user_id":66,"is_guest":0,"slug":"deniz-garguli","display_name":"Deniz Garguli","avatar_url":"https:\/\/buletin.de\/bucuresti\/wp-content\/uploads\/2026\/06\/BDB_Deniz-1-96x96.jpg","author_category":"","first_name":"Deniz","last_name":"Garguli","user_url":"","job_title":"","description":"N\u0103scut\u0103 \u0219i crescut\u0103 \u00een Capital\u0103, dorin\u021ba de a fi la curent cu tot ce se \u00eent\u00e2mpl\u0103 \u00een Bucure\u0219ti a \u00eempins-o c\u0103tre pres\u0103, mai cu seam\u0103 c\u0103tre cea local\u0103. A lucrat vreme de patru ani la B365, unde s-a ocupat de \u0219tiri despre ora\u0219 \u0219i oamenii care locuiesc \u00een el. Din 2026 s-a al\u0103turat echipei Buletin de Bucure\u0219ti."}],"_links":{"self":[{"href":"https:\/\/buletin.de\/bucuresti\/wp-json\/wp\/v2\/posts\/206197","targetHints":{"allow":["GET"]}}],"collection":[{"href":"https:\/\/buletin.de\/bucuresti\/wp-json\/wp\/v2\/posts"}],"about":[{"href":"https:\/\/buletin.de\/bucuresti\/wp-json\/wp\/v2\/types\/post"}],"author":[{"embeddable":true,"href":"https:\/\/buletin.de\/bucuresti\/wp-json\/wp\/v2\/users\/66"}],"replies":[{"embeddable":true,"href":"https:\/\/buletin.de\/bucuresti\/wp-json\/wp\/v2\/comments?post=206197"}],"version-history":[{"count":9,"href":"https:\/\/buletin.de\/bucuresti\/wp-json\/wp\/v2\/posts\/206197\/revisions"}],"predecessor-version":[{"id":206282,"href":"https:\/\/buletin.de\/bucuresti\/wp-json\/wp\/v2\/posts\/206197\/revisions\/206282"}],"wp:featuredmedia":[{"embeddable":true,"href":"https:\/\/buletin.de\/bucuresti\/wp-json\/wp\/v2\/media\/206235"}],"wp:attachment":[{"href":"https:\/\/buletin.de\/bucuresti\/wp-json\/wp\/v2\/media?parent=206197"}],"wp:term":[{"taxonomy":"category","embeddable":true,"href":"https:\/\/buletin.de\/bucuresti\/wp-json\/wp\/v2\/categories?post=206197"},{"taxonomy":"post_tag","embeddable":true,"href":"https:\/\/buletin.de\/bucuresti\/wp-json\/wp\/v2\/tags?post=206197"},{"taxonomy":"author","embeddable":true,"href":"https:\/\/buletin.de\/bucuresti\/wp-json\/wp\/v2\/ppma_author?post=206197"}],"curies":[{"name":"wp","href":"https:\/\/api.w.org\/{rel}","templated":true}]}}