{"id":206182,"date":"2026-07-16T17:19:24","date_gmt":"2026-07-16T14:19:24","guid":{"rendered":"https:\/\/buletin.de\/bucuresti\/?p=206182"},"modified":"2026-07-16T17:19:25","modified_gmt":"2026-07-16T14:19:25","slug":"tpbi-suplimenteaza-materialele-de-colectie-dedicate-retragerii-tramvaielor-tatra-cardurile-epuizate-in-prima-saptamana","status":"publish","type":"post","link":"https:\/\/buletin.de\/bucuresti\/tpbi-suplimenteaza-materialele-de-colectie-dedicate-retragerii-tramvaielor-tatra-cardurile-epuizate-in-prima-saptamana\/","title":{"rendered":"TPBI suplimenteaz\u0103 materialele de colec\u021bie dedicate retragerii tramvaielor Tatra. Cardurile, epuizate \u00een prima s\u0103pt\u0103m\u00e2n\u0103"},"content":{"rendered":"\n<p class=\"wp-block-paragraph\"><strong>TPBI suplimenteaz\u0103 materialele de colec\u021bie dedicate retragerii tramvaielor Tatra, potrivit unui anun\u021b postat \u00een mediul <a href=\"https:\/\/www.facebook.com\/story.php?story_fbid=1356862216632216&amp;id=100069253508162&amp;mibextid=wwXIfr&amp;rdid=rlbFJrFSiYTSb25p#\">online<\/a>. Decizia vine \u00een contextul \u00een care cardurile din prima tran\u0219\u0103, puse \u00een v\u00e2nzare s\u0103pt\u0103m\u00e2na trecut\u0103, au fost deja epuizate.<\/strong><\/p>\n\n\n\n<p class=\"wp-block-paragraph\"><em>\u201eCa urmare a interesului deosebit de care s-a bucurat primul weekend al Festivalului Tatra, am suplimentat stocul cardurilor de c\u0103l\u0103torie \u00een edi\u021bie limitat\u0103, al\u0103turi de bro\u0219urile oficiale ale evenimentului, disponibile exclusiv \u00een centrele de v\u00e2nzare dedicate\u201d<\/em>, anun\u021b\u0103 reprezentan\u021bii Asocia\u021biei de Dezvoltare Intercomunitar\u0103 pentru Transport Public Bucure\u0219ti \u2013 Ilfov.<\/p>\n\n\n\n<p class=\"wp-block-paragraph\">Cardurile de transport vor fi puse \u00een v\u00e2nzare la dou\u0103 centre de v\u00e2nzare ale Societ\u0103\u021bii de Transport din Bucure\u0219ti, \u00een intervalul orar 06:00 \u2013 20:00, \u00een urm\u0103toarele loca\u021bii de v\u00e2nzare a biletelor:<\/p>\n\n\n\n<ul class=\"wp-block-list\">\n<li>18.07.2026 \u2013 Pia\u021ba Unirii 2 (Bd. Regina Maria nr. 2)<\/li>\n\n\n\n<li>19.07.2026 \u2013 Bra\u0219ov (Bd. Timi\u0219oara nr. 44)<\/li>\n<\/ul>\n\n\n\n<p class=\"wp-block-paragraph\">Pasiona\u021bii de transport public vor primi gratuit \u0219i bro\u0219ura oficial\u0103 a Festivalului Tatra la achizi\u021bionarea cardurilor \u201eMultiplu\u201d dedicate retragerii vagoanelor Tatra din Bucure\u0219ti, \u00een limita stocului disponibil.<\/p>\n\n\n\n<p class=\"wp-block-paragraph\"><strong>CITE\u0218TE \u0218I: <a href=\"https:\/\/buletin.de\/bucuresti\/un-nou-complex-educational-propus-pe-strada-victor-brauner-din-pallady-primaria-sectorului-3-cere-acordul-pmb-pentru-a-cumpara-aproape-17-hectare-de-teren\/\">Un nou complex educa\u021bional, propus pe Strada Victor Brauner din Pallady. Prim\u0103ria Sectorului 3 cere acordul PMB pentru a cump\u0103ra aproape 1,7 hectare de teren<\/a><\/strong><\/p>\n\n\n\n<h2 id=\"h-curse-suplimentare-la-festivalul-tatra-in-weekendul-18-19-iulie-cand-sunt-\u0219i-materiale-dedicate-retragerii-tramvaielor-tatra\" class=\"wp-block-heading\">Curse suplimentare la \u201eFestivalul Tatra\u201d, \u00een weekendul 18-19 iulie, c\u00e2nd sunt \u0219i materiale dedicate retragerii tramvaielor Tatra<\/h2>\n\n\n\n<p class=\"wp-block-paragraph\"><strong>\u201eFestivalul Tatra\u201d, cel care marcheaz\u0103 ultimele curse pe care vechile vagoane le vor avea prin Bucure\u0219ti, ajunge \u0219i pe linia tramvaiului 41 \u00een cel de-al doilea weekend al evenimentului. Decizia de a suplimenta programul a fost luat\u0103 \u00een urma succesului \u00eenregistrat \u00een perioada 11-12 iulie 2026, dup\u0103 cum scria Buletin de Bucure\u0219ti <a href=\"http:\/\/buletin.de\/bucuresti\/curse-suplimentare-la-festivalul-tatra-in-weekendul-18-19-iulie\">aici<\/a>.<\/strong><\/p>\n\n\n\n<p class=\"wp-block-paragraph\">Cursa suplimentar\u0103 va avea loc s\u00e2mb\u0103t\u0103, 18 iulie 2026, \u00een cursul serii. Astfel, cei pasiona\u021bi de transportul public vor putea realiza fotografii inedite cu ultima curs\u0103 a tramvaielor Tatra.<\/p>\n\n\n\n<h5 id=\"h-in-data-de-18-iulie\" class=\"wp-block-heading\"><strong>\u00cen data de 18 iulie<\/strong><\/h5>\n\n\n\n<ul class=\"wp-block-list\">\n<li><strong>Pe linia 7<\/strong>, tramvaiele vor circula, \u00een prima parte a zilei, pe traseul cuprins \u00eentre terminalele \u201eCFR Progresul\u201d \u2013 \u201ePia\u021ba Unirii\u201d, cu retur pe acela\u0219i traseu.<\/li>\n\n\n\n<li><strong>Pe linia 23<\/strong>, tramvaiele vor circula, \u00een prima parte a zilei, pe traseul cuprins \u00eentre terminalele \u201eZe\u021barilor\u201d \u2013 \u201eFaur\u201d, cu retur pe acela\u0219i traseu.<\/li>\n\n\n\n<li><strong>Pe linia 11<\/strong>, tramvaiele vor circula, \u00een a doua parte a zilei, pe traseul cuprins \u00eentre terminalele \u201eCartier Giule\u0219ti\u201d \u2013 \u201eZe\u021barilor\u201d, cu retur pe acela\u0219i traseu.<\/li>\n\n\n\n<li><strong>Pe linia 47&nbsp;<\/strong>(care se \u00eenfiin\u021beaz\u0103 temporar \u00een data de 18.07.2026), tramvaiele vor circula, \u00een a doua parte a zilei, pe traseul cuprins \u00eentre terminalele \u201eGhencea\u201d \u2013 \u201ePia\u021ba Unirii\u201d, cu retur pe acela\u0219i traseu.<\/li>\n<\/ul>\n\n\n\n<h5 id=\"h-in-data-de-19-iulie\" class=\"wp-block-heading\"><strong>\u00cen data de 19 iulie<\/strong><\/h5>\n\n\n\n<p class=\"wp-block-paragraph\">\u00cen aceast\u0103 zi, STB a luat decizia de a \u00eenfiin\u021ba temporar linia de tramvai cu indicativul 35. Aceasta urmeaz\u0103 s\u0103 circule \u00eentre terminalele \u201eMilitari\u201d \u0219i \u201eGara Basarab\u201d.<\/p>\n\n\n\n<ul class=\"wp-block-list\">\n<li>Tramvaiele participante la festival vor circula pe un traseu scurtat \u00eentre \u201eDepoul Militari\u201d \u0219i \u201eGara Basarab\u201d, dup\u0103 cum urmeaz\u0103:\n<ul class=\"wp-block-list\">\n<li><strong>Traseu dus<\/strong>: \u201eDepoul Militari\u201d, Bd. Preciziei, Str. Valea Cascadelor, Bd. Timi\u015foara, Bd. Paul Teodorescu, Bd. Doina Cornea, \u015eos. Orhideelor, \u201eGara Basarab\u201d.<\/li>\n\n\n\n<li><strong>Traseu \u00eentors<\/strong>: \u201eGara Basarab\u201d, \u0218os. Orhideelor, Bd. Doina Cornea, Bd. Paul Teodorescu, Bd. Timi\u0219oara, Str. Valea Cascadelor, Bd. Preciziei, \u201eDepoul Militari\u201d<\/li>\n<\/ul>\n<\/li>\n<\/ul>\n\n\n\n<p class=\"wp-block-paragraph\"><strong>CITE\u0218TE \u0218I: <a href=\"https:\/\/buletin.de\/bucuresti\/elcen-explica-de-ce-au-ramas-fara-energie-electrica-locuitorii-blocului-din-sectorul-6-afectat-de-incendiile-de-la-cet-vest\/\">ELCEN explic\u0103 de ce au r\u0103mas f\u0103r\u0103 energie electric\u0103 locuitorii blocului din Sectorul 6 afectat de incendiile de la CET Vest<\/a><\/strong><\/p>\n","protected":false},"excerpt":{"rendered":"<p>TPBI suplimenteaz\u0103 materialele de colec\u021bie dedicate retragerii tramvaielor Tatra, potrivit unui anun\u021b postat \u00een mediul online. Decizia vine \u00een contextul \u00een care cardurile din prima tran\u0219\u0103, puse \u00een v\u00e2nzare s\u0103pt\u0103m\u00e2na trecut\u0103, au fost deja epuizate. \u201eCa urmare a interesului deosebit de care s-a bucurat primul weekend al Festivalului Tatra, am suplimentat stocul cardurilor de c\u0103l\u0103torie [&hellip;]<\/p>\n","protected":false},"author":61,"featured_media":206185,"comment_status":"closed","ping_status":"open","sticky":false,"template":"","format":"standard","meta":{"_acf_changed":false,"inline_featured_image":false,"ngg_post_thumbnail":0,"footnotes":""},"categories":[6994,5762,650],"tags":[29481,402,9288,29480,2842],"ppma_author":[22577],"class_list":["post-206182","post","type-post","status-publish","format-standard","has-post-thumbnail","hentry","category-stiri-2","category-main","category-transport","tag-carduri-tatra","tag-stb","tag-tatra","tag-tatra-fest","tag-tpbi"],"acf":[],"a3_pvc":{"activated":false,"total_views":0,"today_views":0},"yoast_head":"<!-- This site is optimized with the Yoast SEO Premium plugin v28.0 (Yoast SEO v28.3) - https:\/\/yoast.com\/product\/yoast-seo-premium-wordpress\/ -->\n<title>TPBI suplimenteaz\u0103 materialele de colec\u021bie dedicate retragerii tramvaielor Tatra. Cardurile, epuizate \u00een prima s\u0103pt\u0103m\u00e2n\u0103 - Buletin de Bucure\u0219ti<\/title>\n<meta name=\"description\" content=\"TPBI suplimenteaz\u0103 materialele de colec\u021bie dedicate retragerii tramvaielor Tatra, potrivit unui anun\u021b postat \u00een mediul online.\" \/>\n<meta name=\"robots\" content=\"index, follow, max-snippet:-1, max-image-preview:large, max-video-preview:-1\" \/>\n<link rel=\"canonical\" href=\"https:\/\/buletin.de\/bucuresti\/tpbi-suplimenteaza-materialele-de-colectie-dedicate-retragerii-tramvaielor-tatra-cardurile-epuizate-in-prima-saptamana\/\" \/>\n<meta property=\"og:locale\" content=\"en_GB\" \/>\n<meta property=\"og:type\" content=\"article\" \/>\n<meta property=\"og:title\" content=\"TPBI suplimenteaz\u0103 materialele de colec\u021bie dedicate retragerii tramvaielor Tatra. Cardurile, epuizate \u00een prima s\u0103pt\u0103m\u00e2n\u0103\" \/>\n<meta property=\"og:description\" content=\"TPBI suplimenteaz\u0103 materialele de colec\u021bie dedicate retragerii tramvaielor Tatra, potrivit unui anun\u021b postat \u00een mediul online.\" \/>\n<meta property=\"og:url\" content=\"https:\/\/buletin.de\/bucuresti\/tpbi-suplimenteaza-materialele-de-colectie-dedicate-retragerii-tramvaielor-tatra-cardurile-epuizate-in-prima-saptamana\/\" \/>\n<meta property=\"og:site_name\" content=\"Buletin de Bucure\u0219ti\" \/>\n<meta property=\"article:publisher\" content=\"https:\/\/www.facebook.com\/buletin.de.buc\" \/>\n<meta property=\"article:published_time\" content=\"2026-07-16T14:19:24+00:00\" \/>\n<meta property=\"article:modified_time\" content=\"2026-07-16T14:19:25+00:00\" \/>\n<meta property=\"og:image\" content=\"https:\/\/buletin.de\/bucuresti\/wp-content\/uploads\/2026\/07\/749652083_1019931237598680_6610054371546319843_n.jpg\" \/>\n\t<meta property=\"og:image:width\" content=\"2048\" \/>\n\t<meta property=\"og:image:height\" content=\"1536\" \/>\n\t<meta property=\"og:image:type\" content=\"image\/jpeg\" \/>\n<meta name=\"author\" content=\"Alexandru Stan\" \/>\n<meta name=\"twitter:card\" content=\"summary_large_image\" \/>\n<meta name=\"twitter:label1\" content=\"Written by\" \/>\n\t<meta name=\"twitter:data1\" content=\"Alexandru Stan\" \/>\n\t<meta name=\"twitter:label2\" content=\"Estimated reading time\" \/>\n\t<meta name=\"twitter:data2\" content=\"3 minutes\" \/>\n<script type=\"application\/ld+json\" class=\"yoast-schema-graph\">{\"@context\":\"https:\\\/\\\/schema.org\",\"@graph\":[{\"@type\":\"Article\",\"@id\":\"https:\\\/\\\/buletin.de\\\/bucuresti\\\/tpbi-suplimenteaza-materialele-de-colectie-dedicate-retragerii-tramvaielor-tatra-cardurile-epuizate-in-prima-saptamana\\\/#article\",\"isPartOf\":{\"@id\":\"https:\\\/\\\/buletin.de\\\/bucuresti\\\/tpbi-suplimenteaza-materialele-de-colectie-dedicate-retragerii-tramvaielor-tatra-cardurile-epuizate-in-prima-saptamana\\\/\"},\"author\":{\"name\":\"Alexandru Stan\",\"@id\":\"https:\\\/\\\/buletin.de\\\/bucuresti\\\/#\\\/schema\\\/person\\\/104a46bbe8be6e336fecf63974383951\"},\"headline\":\"TPBI suplimenteaz\u0103 materialele de colec\u021bie dedicate retragerii tramvaielor Tatra. Cardurile, epuizate \u00een prima s\u0103pt\u0103m\u00e2n\u0103\",\"datePublished\":\"2026-07-16T14:19:24+00:00\",\"dateModified\":\"2026-07-16T14:19:25+00:00\",\"mainEntityOfPage\":{\"@id\":\"https:\\\/\\\/buletin.de\\\/bucuresti\\\/tpbi-suplimenteaza-materialele-de-colectie-dedicate-retragerii-tramvaielor-tatra-cardurile-epuizate-in-prima-saptamana\\\/\"},\"wordCount\":559,\"publisher\":{\"@id\":\"https:\\\/\\\/buletin.de\\\/bucuresti\\\/#organization\"},\"image\":{\"@id\":\"https:\\\/\\\/buletin.de\\\/bucuresti\\\/tpbi-suplimenteaza-materialele-de-colectie-dedicate-retragerii-tramvaielor-tatra-cardurile-epuizate-in-prima-saptamana\\\/#primaryimage\"},\"thumbnailUrl\":\"https:\\\/\\\/buletin.de\\\/bucuresti\\\/wp-content\\\/uploads\\\/2026\\\/07\\\/749652083_1019931237598680_6610054371546319843_n.jpg\",\"keywords\":[\"carduri tatra\",\"stb\",\"tatra\",\"tatra fest\",\"tpbi\"],\"articleSection\":[\"Articole\",\"Main\",\"Transport\"],\"inLanguage\":\"en-GB\",\"copyrightYear\":\"2026\",\"copyrightHolder\":{\"@id\":\"https:\\\/\\\/buletin.de\\\/bucuresti\\\/#organization\"}},{\"@type\":\"WebPage\",\"@id\":\"https:\\\/\\\/buletin.de\\\/bucuresti\\\/tpbi-suplimenteaza-materialele-de-colectie-dedicate-retragerii-tramvaielor-tatra-cardurile-epuizate-in-prima-saptamana\\\/\",\"url\":\"https:\\\/\\\/buletin.de\\\/bucuresti\\\/tpbi-suplimenteaza-materialele-de-colectie-dedicate-retragerii-tramvaielor-tatra-cardurile-epuizate-in-prima-saptamana\\\/\",\"name\":\"TPBI suplimenteaz\u0103 materialele de colec\u021bie dedicate retragerii tramvaielor Tatra. Cardurile, epuizate \u00een prima s\u0103pt\u0103m\u00e2n\u0103 - Buletin de Bucure\u0219ti\",\"isPartOf\":{\"@id\":\"https:\\\/\\\/buletin.de\\\/bucuresti\\\/#website\"},\"primaryImageOfPage\":{\"@id\":\"https:\\\/\\\/buletin.de\\\/bucuresti\\\/tpbi-suplimenteaza-materialele-de-colectie-dedicate-retragerii-tramvaielor-tatra-cardurile-epuizate-in-prima-saptamana\\\/#primaryimage\"},\"image\":{\"@id\":\"https:\\\/\\\/buletin.de\\\/bucuresti\\\/tpbi-suplimenteaza-materialele-de-colectie-dedicate-retragerii-tramvaielor-tatra-cardurile-epuizate-in-prima-saptamana\\\/#primaryimage\"},\"thumbnailUrl\":\"https:\\\/\\\/buletin.de\\\/bucuresti\\\/wp-content\\\/uploads\\\/2026\\\/07\\\/749652083_1019931237598680_6610054371546319843_n.jpg\",\"datePublished\":\"2026-07-16T14:19:24+00:00\",\"dateModified\":\"2026-07-16T14:19:25+00:00\",\"description\":\"TPBI suplimenteaz\u0103 materialele de colec\u021bie dedicate retragerii tramvaielor Tatra, potrivit unui anun\u021b postat \u00een mediul online.\",\"breadcrumb\":{\"@id\":\"https:\\\/\\\/buletin.de\\\/bucuresti\\\/tpbi-suplimenteaza-materialele-de-colectie-dedicate-retragerii-tramvaielor-tatra-cardurile-epuizate-in-prima-saptamana\\\/#breadcrumb\"},\"inLanguage\":\"en-GB\",\"potentialAction\":[{\"@type\":\"ReadAction\",\"target\":[\"https:\\\/\\\/buletin.de\\\/bucuresti\\\/tpbi-suplimenteaza-materialele-de-colectie-dedicate-retragerii-tramvaielor-tatra-cardurile-epuizate-in-prima-saptamana\\\/\"]}]},{\"@type\":\"ImageObject\",\"inLanguage\":\"en-GB\",\"@id\":\"https:\\\/\\\/buletin.de\\\/bucuresti\\\/tpbi-suplimenteaza-materialele-de-colectie-dedicate-retragerii-tramvaielor-tatra-cardurile-epuizate-in-prima-saptamana\\\/#primaryimage\",\"url\":\"https:\\\/\\\/buletin.de\\\/bucuresti\\\/wp-content\\\/uploads\\\/2026\\\/07\\\/749652083_1019931237598680_6610054371546319843_n.jpg\",\"contentUrl\":\"https:\\\/\\\/buletin.de\\\/bucuresti\\\/wp-content\\\/uploads\\\/2026\\\/07\\\/749652083_1019931237598680_6610054371546319843_n.jpg\",\"width\":2048,\"height\":1536,\"caption\":\"TPBI suplimenteaz\u0103 materialele de colec\u021bie dedicate retragerii tramvaielor Tatra. Cardurile, epuizate \u00een prima s\u0103pt\u0103m\u00e2n\u0103 | FOTO: STB\"},{\"@type\":\"BreadcrumbList\",\"@id\":\"https:\\\/\\\/buletin.de\\\/bucuresti\\\/tpbi-suplimenteaza-materialele-de-colectie-dedicate-retragerii-tramvaielor-tatra-cardurile-epuizate-in-prima-saptamana\\\/#breadcrumb\",\"itemListElement\":[{\"@type\":\"ListItem\",\"position\":1,\"name\":\"Acas\u0103\",\"item\":\"https:\\\/\\\/buletin.de\\\/bucuresti\\\/\"},{\"@type\":\"ListItem\",\"position\":2,\"name\":\"TPBI suplimenteaz\u0103 materialele de colec\u021bie dedicate retragerii tramvaielor Tatra. Cardurile, epuizate \u00een prima s\u0103pt\u0103m\u00e2n\u0103\"}]},{\"@type\":\"WebSite\",\"@id\":\"https:\\\/\\\/buletin.de\\\/bucuresti\\\/#website\",\"url\":\"https:\\\/\\\/buletin.de\\\/bucuresti\\\/\",\"name\":\"Buletin de Bucure\u0219ti\",\"description\":\"\u0218tiri \u0219i investiga\u021bii esen\u021biale din capital\u0103\",\"publisher\":{\"@id\":\"https:\\\/\\\/buletin.de\\\/bucuresti\\\/#organization\"},\"potentialAction\":[{\"@type\":\"SearchAction\",\"target\":{\"@type\":\"EntryPoint\",\"urlTemplate\":\"https:\\\/\\\/buletin.de\\\/bucuresti\\\/?s={search_term_string}\"},\"query-input\":{\"@type\":\"PropertyValueSpecification\",\"valueRequired\":true,\"valueName\":\"search_term_string\"}}],\"inLanguage\":\"en-GB\"},{\"@type\":\"Organization\",\"@id\":\"https:\\\/\\\/buletin.de\\\/bucuresti\\\/#organization\",\"name\":\"Buletin de Bucure\u0219ti\",\"url\":\"https:\\\/\\\/buletin.de\\\/bucuresti\\\/\",\"logo\":{\"@type\":\"ImageObject\",\"inLanguage\":\"en-GB\",\"@id\":\"https:\\\/\\\/buletin.de\\\/bucuresti\\\/#\\\/schema\\\/logo\\\/image\\\/\",\"url\":\"https:\\\/\\\/buletin.de\\\/bucuresti\\\/wp-content\\\/uploads\\\/logo-bdb-full-wide-vernil-transparent.png\",\"contentUrl\":\"https:\\\/\\\/buletin.de\\\/bucuresti\\\/wp-content\\\/uploads\\\/logo-bdb-full-wide-vernil-transparent.png\",\"width\":1782,\"height\":626,\"caption\":\"Buletin de Bucure\u0219ti\"},\"image\":{\"@id\":\"https:\\\/\\\/buletin.de\\\/bucuresti\\\/#\\\/schema\\\/logo\\\/image\\\/\"},\"sameAs\":[\"https:\\\/\\\/www.facebook.com\\\/buletin.de.buc\",\"https:\\\/\\\/www.instagram.com\\\/buletinde.bucuresti\\\/\"]},{\"@type\":\"Person\",\"@id\":\"https:\\\/\\\/buletin.de\\\/bucuresti\\\/#\\\/schema\\\/person\\\/104a46bbe8be6e336fecf63974383951\",\"name\":\"Alexandru Stan\",\"image\":{\"@type\":\"ImageObject\",\"inLanguage\":\"en-GB\",\"@id\":\"https:\\\/\\\/buletin.de\\\/bucuresti\\\/wp-content\\\/uploads\\\/2026\\\/07\\\/BDB_Alexandru-4-96x96.jpga3c299c77690d3b1ab5def97e8de4c6c\",\"url\":\"https:\\\/\\\/buletin.de\\\/bucuresti\\\/wp-content\\\/uploads\\\/2026\\\/07\\\/BDB_Alexandru-4-96x96.jpg\",\"contentUrl\":\"https:\\\/\\\/buletin.de\\\/bucuresti\\\/wp-content\\\/uploads\\\/2026\\\/07\\\/BDB_Alexandru-4-96x96.jpg\",\"caption\":\"Alexandru Stan\"},\"description\":\"Absolvent al Colegiului Na\u021bional \u201eMihai Eminescu\u201d \u0219i student la Politehnica. Lucrez la Buletin de Bucure\u0219ti ca reporter de la v\u00e2rsta de 17 ani. M-am n\u0103scut \u0219i am crescut cu m\u00e2ndrie \u00een Bucure\u0219ti, ora\u0219ul pove\u0219tilor \u0219i al c\u0103su\u021belor cu porti\u021b\u0103 \u0219i ci\u0219mea. Cred \u00een jurnalismul f\u0103cut de cet\u0103\u021beni pentru cet\u0103\u021beni \u0219i \u00een faptul c\u0103 presa este a patra putere \u00een stat. M\u0103 str\u0103duiesc s\u0103 v\u0103 aduc, pe ecrane, tot ce \u201emi\u0219c\u0103\u201d prin Bucure\u0219ti, de la proiecte de consiliu local \u0219i interviuri p\u00e2n\u0103 la pove\u0219ti de weekend \u0219i reportaje.\",\"url\":\"https:\\\/\\\/buletin.de\\\/bucuresti\\\/author\\\/alexandru-stan\\\/\"}]}<\/script>\n<!-- \/ Yoast SEO Premium plugin. -->","yoast_head_json":{"title":"TPBI suplimenteaz\u0103 materialele de colec\u021bie dedicate retragerii tramvaielor Tatra. Cardurile, epuizate \u00een prima s\u0103pt\u0103m\u00e2n\u0103 - Buletin de Bucure\u0219ti","description":"TPBI suplimenteaz\u0103 materialele de colec\u021bie dedicate retragerii tramvaielor Tatra, potrivit unui anun\u021b postat \u00een mediul online.","robots":{"index":"index","follow":"follow","max-snippet":"max-snippet:-1","max-image-preview":"max-image-preview:large","max-video-preview":"max-video-preview:-1"},"canonical":"https:\/\/buletin.de\/bucuresti\/tpbi-suplimenteaza-materialele-de-colectie-dedicate-retragerii-tramvaielor-tatra-cardurile-epuizate-in-prima-saptamana\/","og_locale":"en_GB","og_type":"article","og_title":"TPBI suplimenteaz\u0103 materialele de colec\u021bie dedicate retragerii tramvaielor Tatra. Cardurile, epuizate \u00een prima s\u0103pt\u0103m\u00e2n\u0103","og_description":"TPBI suplimenteaz\u0103 materialele de colec\u021bie dedicate retragerii tramvaielor Tatra, potrivit unui anun\u021b postat \u00een mediul online.","og_url":"https:\/\/buletin.de\/bucuresti\/tpbi-suplimenteaza-materialele-de-colectie-dedicate-retragerii-tramvaielor-tatra-cardurile-epuizate-in-prima-saptamana\/","og_site_name":"Buletin de Bucure\u0219ti","article_publisher":"https:\/\/www.facebook.com\/buletin.de.buc","article_published_time":"2026-07-16T14:19:24+00:00","article_modified_time":"2026-07-16T14:19:25+00:00","og_image":[{"width":2048,"height":1536,"url":"https:\/\/buletin.de\/bucuresti\/wp-content\/uploads\/2026\/07\/749652083_1019931237598680_6610054371546319843_n.jpg","type":"image\/jpeg"}],"author":"Alexandru Stan","twitter_card":"summary_large_image","twitter_misc":{"Written by":"Alexandru Stan","Estimated reading time":"3 minutes"},"schema":{"@context":"https:\/\/schema.org","@graph":[{"@type":"Article","@id":"https:\/\/buletin.de\/bucuresti\/tpbi-suplimenteaza-materialele-de-colectie-dedicate-retragerii-tramvaielor-tatra-cardurile-epuizate-in-prima-saptamana\/#article","isPartOf":{"@id":"https:\/\/buletin.de\/bucuresti\/tpbi-suplimenteaza-materialele-de-colectie-dedicate-retragerii-tramvaielor-tatra-cardurile-epuizate-in-prima-saptamana\/"},"author":{"name":"Alexandru Stan","@id":"https:\/\/buletin.de\/bucuresti\/#\/schema\/person\/104a46bbe8be6e336fecf63974383951"},"headline":"TPBI suplimenteaz\u0103 materialele de colec\u021bie dedicate retragerii tramvaielor Tatra. Cardurile, epuizate \u00een prima s\u0103pt\u0103m\u00e2n\u0103","datePublished":"2026-07-16T14:19:24+00:00","dateModified":"2026-07-16T14:19:25+00:00","mainEntityOfPage":{"@id":"https:\/\/buletin.de\/bucuresti\/tpbi-suplimenteaza-materialele-de-colectie-dedicate-retragerii-tramvaielor-tatra-cardurile-epuizate-in-prima-saptamana\/"},"wordCount":559,"publisher":{"@id":"https:\/\/buletin.de\/bucuresti\/#organization"},"image":{"@id":"https:\/\/buletin.de\/bucuresti\/tpbi-suplimenteaza-materialele-de-colectie-dedicate-retragerii-tramvaielor-tatra-cardurile-epuizate-in-prima-saptamana\/#primaryimage"},"thumbnailUrl":"https:\/\/buletin.de\/bucuresti\/wp-content\/uploads\/2026\/07\/749652083_1019931237598680_6610054371546319843_n.jpg","keywords":["carduri tatra","stb","tatra","tatra fest","tpbi"],"articleSection":["Articole","Main","Transport"],"inLanguage":"en-GB","copyrightYear":"2026","copyrightHolder":{"@id":"https:\/\/buletin.de\/bucuresti\/#organization"}},{"@type":"WebPage","@id":"https:\/\/buletin.de\/bucuresti\/tpbi-suplimenteaza-materialele-de-colectie-dedicate-retragerii-tramvaielor-tatra-cardurile-epuizate-in-prima-saptamana\/","url":"https:\/\/buletin.de\/bucuresti\/tpbi-suplimenteaza-materialele-de-colectie-dedicate-retragerii-tramvaielor-tatra-cardurile-epuizate-in-prima-saptamana\/","name":"TPBI suplimenteaz\u0103 materialele de colec\u021bie dedicate retragerii tramvaielor Tatra. Cardurile, epuizate \u00een prima s\u0103pt\u0103m\u00e2n\u0103 - Buletin de Bucure\u0219ti","isPartOf":{"@id":"https:\/\/buletin.de\/bucuresti\/#website"},"primaryImageOfPage":{"@id":"https:\/\/buletin.de\/bucuresti\/tpbi-suplimenteaza-materialele-de-colectie-dedicate-retragerii-tramvaielor-tatra-cardurile-epuizate-in-prima-saptamana\/#primaryimage"},"image":{"@id":"https:\/\/buletin.de\/bucuresti\/tpbi-suplimenteaza-materialele-de-colectie-dedicate-retragerii-tramvaielor-tatra-cardurile-epuizate-in-prima-saptamana\/#primaryimage"},"thumbnailUrl":"https:\/\/buletin.de\/bucuresti\/wp-content\/uploads\/2026\/07\/749652083_1019931237598680_6610054371546319843_n.jpg","datePublished":"2026-07-16T14:19:24+00:00","dateModified":"2026-07-16T14:19:25+00:00","description":"TPBI suplimenteaz\u0103 materialele de colec\u021bie dedicate retragerii tramvaielor Tatra, potrivit unui anun\u021b postat \u00een mediul online.","breadcrumb":{"@id":"https:\/\/buletin.de\/bucuresti\/tpbi-suplimenteaza-materialele-de-colectie-dedicate-retragerii-tramvaielor-tatra-cardurile-epuizate-in-prima-saptamana\/#breadcrumb"},"inLanguage":"en-GB","potentialAction":[{"@type":"ReadAction","target":["https:\/\/buletin.de\/bucuresti\/tpbi-suplimenteaza-materialele-de-colectie-dedicate-retragerii-tramvaielor-tatra-cardurile-epuizate-in-prima-saptamana\/"]}]},{"@type":"ImageObject","inLanguage":"en-GB","@id":"https:\/\/buletin.de\/bucuresti\/tpbi-suplimenteaza-materialele-de-colectie-dedicate-retragerii-tramvaielor-tatra-cardurile-epuizate-in-prima-saptamana\/#primaryimage","url":"https:\/\/buletin.de\/bucuresti\/wp-content\/uploads\/2026\/07\/749652083_1019931237598680_6610054371546319843_n.jpg","contentUrl":"https:\/\/buletin.de\/bucuresti\/wp-content\/uploads\/2026\/07\/749652083_1019931237598680_6610054371546319843_n.jpg","width":2048,"height":1536,"caption":"TPBI suplimenteaz\u0103 materialele de colec\u021bie dedicate retragerii tramvaielor Tatra. Cardurile, epuizate \u00een prima s\u0103pt\u0103m\u00e2n\u0103 | FOTO: STB"},{"@type":"BreadcrumbList","@id":"https:\/\/buletin.de\/bucuresti\/tpbi-suplimenteaza-materialele-de-colectie-dedicate-retragerii-tramvaielor-tatra-cardurile-epuizate-in-prima-saptamana\/#breadcrumb","itemListElement":[{"@type":"ListItem","position":1,"name":"Acas\u0103","item":"https:\/\/buletin.de\/bucuresti\/"},{"@type":"ListItem","position":2,"name":"TPBI suplimenteaz\u0103 materialele de colec\u021bie dedicate retragerii tramvaielor Tatra. Cardurile, epuizate \u00een prima s\u0103pt\u0103m\u00e2n\u0103"}]},{"@type":"WebSite","@id":"https:\/\/buletin.de\/bucuresti\/#website","url":"https:\/\/buletin.de\/bucuresti\/","name":"Buletin de Bucure\u0219ti","description":"\u0218tiri \u0219i investiga\u021bii esen\u021biale din capital\u0103","publisher":{"@id":"https:\/\/buletin.de\/bucuresti\/#organization"},"potentialAction":[{"@type":"SearchAction","target":{"@type":"EntryPoint","urlTemplate":"https:\/\/buletin.de\/bucuresti\/?s={search_term_string}"},"query-input":{"@type":"PropertyValueSpecification","valueRequired":true,"valueName":"search_term_string"}}],"inLanguage":"en-GB"},{"@type":"Organization","@id":"https:\/\/buletin.de\/bucuresti\/#organization","name":"Buletin de Bucure\u0219ti","url":"https:\/\/buletin.de\/bucuresti\/","logo":{"@type":"ImageObject","inLanguage":"en-GB","@id":"https:\/\/buletin.de\/bucuresti\/#\/schema\/logo\/image\/","url":"https:\/\/buletin.de\/bucuresti\/wp-content\/uploads\/logo-bdb-full-wide-vernil-transparent.png","contentUrl":"https:\/\/buletin.de\/bucuresti\/wp-content\/uploads\/logo-bdb-full-wide-vernil-transparent.png","width":1782,"height":626,"caption":"Buletin de Bucure\u0219ti"},"image":{"@id":"https:\/\/buletin.de\/bucuresti\/#\/schema\/logo\/image\/"},"sameAs":["https:\/\/www.facebook.com\/buletin.de.buc","https:\/\/www.instagram.com\/buletinde.bucuresti\/"]},{"@type":"Person","@id":"https:\/\/buletin.de\/bucuresti\/#\/schema\/person\/104a46bbe8be6e336fecf63974383951","name":"Alexandru Stan","image":{"@type":"ImageObject","inLanguage":"en-GB","@id":"https:\/\/buletin.de\/bucuresti\/wp-content\/uploads\/2026\/07\/BDB_Alexandru-4-96x96.jpga3c299c77690d3b1ab5def97e8de4c6c","url":"https:\/\/buletin.de\/bucuresti\/wp-content\/uploads\/2026\/07\/BDB_Alexandru-4-96x96.jpg","contentUrl":"https:\/\/buletin.de\/bucuresti\/wp-content\/uploads\/2026\/07\/BDB_Alexandru-4-96x96.jpg","caption":"Alexandru Stan"},"description":"Absolvent al Colegiului Na\u021bional \u201eMihai Eminescu\u201d \u0219i student la Politehnica. Lucrez la Buletin de Bucure\u0219ti ca reporter de la v\u00e2rsta de 17 ani. M-am n\u0103scut \u0219i am crescut cu m\u00e2ndrie \u00een Bucure\u0219ti, ora\u0219ul pove\u0219tilor \u0219i al c\u0103su\u021belor cu porti\u021b\u0103 \u0219i ci\u0219mea. Cred \u00een jurnalismul f\u0103cut de cet\u0103\u021beni pentru cet\u0103\u021beni \u0219i \u00een faptul c\u0103 presa este a patra putere \u00een stat. M\u0103 str\u0103duiesc s\u0103 v\u0103 aduc, pe ecrane, tot ce \u201emi\u0219c\u0103\u201d prin Bucure\u0219ti, de la proiecte de consiliu local \u0219i interviuri p\u00e2n\u0103 la pove\u0219ti de weekend \u0219i reportaje.","url":"https:\/\/buletin.de\/bucuresti\/author\/alexandru-stan\/"}]}},"authors":[{"term_id":22577,"user_id":61,"is_guest":0,"slug":"alexandru-stan","display_name":"Alexandru Stan","avatar_url":"https:\/\/buletin.de\/bucuresti\/wp-content\/uploads\/2026\/07\/BDB_Alexandru-4-96x96.jpg","author_category":"","first_name":"Alexandru","last_name":"Stan","user_url":"","job_title":"","description":"Absolvent al Colegiului Na\u021bional \u201eMihai Eminescu\u201d \u0219i student la Politehnica. Lucrez la Buletin de Bucure\u0219ti ca reporter de la v\u00e2rsta de 17 ani. M-am n\u0103scut \u0219i am crescut cu m\u00e2ndrie \u00een Bucure\u0219ti, ora\u0219ul pove\u0219tilor \u0219i al c\u0103su\u021belor cu porti\u021b\u0103 \u0219i ci\u0219mea.\r\n\r\nCred \u00een jurnalismul f\u0103cut de cet\u0103\u021beni pentru cet\u0103\u021beni \u0219i \u00een faptul c\u0103 presa este a patra putere \u00een stat. M\u0103 str\u0103duiesc s\u0103 v\u0103 aduc, pe ecrane, tot ce \u201emi\u0219c\u0103\u201d prin Bucure\u0219ti, de la proiecte de consiliu local \u0219i interviuri p\u00e2n\u0103 la pove\u0219ti de weekend \u0219i reportaje."}],"_links":{"self":[{"href":"https:\/\/buletin.de\/bucuresti\/wp-json\/wp\/v2\/posts\/206182","targetHints":{"allow":["GET"]}}],"collection":[{"href":"https:\/\/buletin.de\/bucuresti\/wp-json\/wp\/v2\/posts"}],"about":[{"href":"https:\/\/buletin.de\/bucuresti\/wp-json\/wp\/v2\/types\/post"}],"author":[{"embeddable":true,"href":"https:\/\/buletin.de\/bucuresti\/wp-json\/wp\/v2\/users\/61"}],"replies":[{"embeddable":true,"href":"https:\/\/buletin.de\/bucuresti\/wp-json\/wp\/v2\/comments?post=206182"}],"version-history":[{"count":3,"href":"https:\/\/buletin.de\/bucuresti\/wp-json\/wp\/v2\/posts\/206182\/revisions"}],"predecessor-version":[{"id":206288,"href":"https:\/\/buletin.de\/bucuresti\/wp-json\/wp\/v2\/posts\/206182\/revisions\/206288"}],"wp:featuredmedia":[{"embeddable":true,"href":"https:\/\/buletin.de\/bucuresti\/wp-json\/wp\/v2\/media\/206185"}],"wp:attachment":[{"href":"https:\/\/buletin.de\/bucuresti\/wp-json\/wp\/v2\/media?parent=206182"}],"wp:term":[{"taxonomy":"category","embeddable":true,"href":"https:\/\/buletin.de\/bucuresti\/wp-json\/wp\/v2\/categories?post=206182"},{"taxonomy":"post_tag","embeddable":true,"href":"https:\/\/buletin.de\/bucuresti\/wp-json\/wp\/v2\/tags?post=206182"},{"taxonomy":"author","embeddable":true,"href":"https:\/\/buletin.de\/bucuresti\/wp-json\/wp\/v2\/ppma_author?post=206182"}],"curies":[{"name":"wp","href":"https:\/\/api.w.org\/{rel}","templated":true}]}}