{"id":206179,"date":"2026-07-16T13:08:41","date_gmt":"2026-07-16T10:08:41","guid":{"rendered":"https:\/\/buletin.de\/bucuresti\/?p=206179"},"modified":"2026-07-16T17:17:49","modified_gmt":"2026-07-16T14:17:49","slug":"cfr-calatori-a-lansat-o-licitatie-de-aproape-9-milioane-de-euro-pentru-curatarea-vagoanelor-club-feroviar","status":"publish","type":"post","link":"https:\/\/buletin.de\/bucuresti\/cfr-calatori-a-lansat-o-licitatie-de-aproape-9-milioane-de-euro-pentru-curatarea-vagoanelor-club-feroviar\/","title":{"rendered":"Licita\u021bie de aproape 9 milioane de euro pentru cur\u0103\u021barea vagoanelor CFR C\u0103l\u0103tori | Club Feroviar"},"content":{"rendered":"\n<p class=\"wp-block-paragraph\"><strong>CFR C\u0103l\u0103tori a lansat o licita\u021bie \u00een valoare de p\u00e2n\u0103 la aproape 9 milioane de euro pentru cur\u0103\u021barea vagoanelor. Mai precis, este c\u0103utat\u0103 o companie care s\u0103 se ocupe de eliminarea \u201emurd\u0103riilor st\u00e2njenitoare\u201d, \u201efrapante optic\u201d, a \u0219i \u201emirosurilor dezagreabile\u201d, conform informa\u021biilor transmise de <a href=\"https:\/\/clubferoviar.ro\/cfr-calatori-va-verifica-cu-batistuta-curatenia-vagoanelor-sale\/\" data-type=\"link\" data-id=\"https:\/\/clubferoviar.ro\/cfr-calatori-va-verifica-cu-batistuta-curatenia-vagoanelor-sale\/\" target=\"_blank\" rel=\"noreferrer noopener\">Club Feroviar.<\/a> <\/strong><\/p>\n\n\n\n<p class=\"wp-block-paragraph\">Companiile interesate \u00ee\u0219i pot depune ofertele p\u00e2n\u0103 la data de 19 august 2026. Tipul de contract ales pentru aceast\u0103 licita\u021bie este acordul cadru, acesta fiind \u00eemp\u0103r\u021bit \u00een opt loturi distincte, dup\u0103 cum urmeaz\u0103: <\/p>\n\n\n\n<ul class=\"wp-block-list\">\n<li>Salubrizare vagoane de c\u0103l\u0103tori, rame electrice \u00een Revizia de Vagoane Bucure\u0219ti Grivi\u021ba,<\/li>\n\n\n\n<li>Salubrizare vagoane de c\u0103l\u0103tori, rame electrice \u00een Revizia Vagoane Bucure\u0219ti Basarab,<\/li>\n\n\n\n<li>Salubrizare vagoane de c\u0103l\u0103tori, automotoare, rame electrice \u00een Revizia Vagoane Gala\u021bi,<\/li>\n\n\n\n<li>Salubrizare vagoane de c\u0103l\u0103tori, rame electrice \u00een Revizia Vagoane Caransebe\u0219, Post Revizie Vagoane Oravi\u021ba,<\/li>\n\n\n\n<li>Salubrizare vagoane de c\u0103l\u0103tori \u00een Post Revizie Vagoane Sibiu,<\/li>\n\n\n\n<li>Salubrizare vagoane de c\u0103l\u0103tori, automotoare \u00een Revizia Vagoane Oradea,<\/li>\n\n\n\n<li>Salubrizare vagoane de c\u0103l\u0103tori \u00een Post Revizie Vagoane Vatra Dornei,<\/li>\n\n\n\n<li>Salubrizare automotoare si rame electrice \u00een Depoul Bucuresti C\u0103l\u0103tori \u2013 Remiza Automotoare \u0219i Sta\u021bia Bucuresti Nord.<\/li>\n<\/ul>\n\n\n\n<p class=\"wp-block-paragraph\">Valoarea contractului va fi cuprins\u0103 \u00eentre 4,4 milioane lei \u0219i 43,6 milioane lei. Aceasta variaz\u0103 deoarece CFR C\u0103l\u0103tori a realizat un sistem de depunctare a firmelor. Mai precis, dup\u0103 prima abatere se pot aplica penaliz\u0103ri \u00eencep\u00e2nd cu reducerea cu 10% a presta\u021biei, iar la cea de-a treia abatere se poate rezilia contractul. <\/p>\n\n\n\n<h2 id=\"h-tipurile-de-salubrizare-solicitate-de-cfr\" class=\"wp-block-heading\">Tipurile de salubrizare solicitate de CFR<\/h2>\n\n\n\n<p class=\"wp-block-paragraph\">\u00cen cadrul licita\u021biei, CFR C\u0103l\u0103tori men\u021bioneaz\u0103 s\u0103 sunt necesare mai multe tipuri de salubrizare a vagoanelor. Diferen\u021bierea se face \u00een func\u021bie de durata de mers, distan\u021bele parcurse de vagoane, rame electrice \u0219i automotoare, timpul acordat presta\u021biei, dar \u0219i \u00een func\u021bie de gradul de men\u021binere a st\u0103rii de cur\u0103\u021benie pe parcursul curselor. <\/p>\n\n\n\n<p class=\"wp-block-paragraph\">Iat\u0103 care sunt acestea: <\/p>\n\n\n\n<ul class=\"wp-block-list\">\n<li>Salubrizarea radical\u0103 &#8211; se execut\u0103 la un interval de 30 zile \u00b1 5 zile, de regul\u0103 \u00een sta\u021bia de domiciliu, preponderent \u00een timpul zilei. <\/li>\n\n\n\n<li>Salubrizarea normal\u0103 &#8211; se execut\u0103, de regul\u0103, la vagoanele de c\u0103l\u0103tori, ramele electrice \u0219i automotoarele din compunerea trenurilor care str\u0103bat o distan\u021b\u0103 mai mare de 400 km \u00eentre sta\u021bia de formare \u0219i sta\u021bia de destina\u021bie,<\/li>\n\n\n\n<li>Salubrizarea curent\u0103 &#8211; se execut\u0103, de regul\u0103, la fiecare \u00eendrumare a trenurilor din sta\u021biile \u00een care sunt \u00eendeplinite condi\u021biile necesare pentru efectuarea acestei presta\u021bii (timp de punere la dispozi\u021bie, asigurarea condi\u021biilor tehnice, etc.), la trenurile care nu sunt prev\u0103zute cu salubrizare normal\u0103, <\/li>\n\n\n\n<li>Salubrizarea intermediar\u0103 &#8211; se execut\u0103, de regul\u0103, \u00een intervalul dintre dou\u0103 salubriz\u0103ri normale \u0219i\/sau salubriz\u0103ri curente <\/li>\n<\/ul>\n\n\n\n<p class=\"wp-block-paragraph\"><strong>\u00centregul material poate \u0219i citit pe <a href=\"https:\/\/clubferoviar.ro\/cfr-calatori-va-verifica-cu-batistuta-curatenia-vagoanelor-sale\/\" data-type=\"link\" data-id=\"https:\/\/clubferoviar.ro\/cfr-calatori-va-verifica-cu-batistuta-curatenia-vagoanelor-sale\/\" target=\"_blank\" rel=\"noreferrer noopener\">Club Feroviar.<\/a><\/strong><\/p>\n\n\n\n<p class=\"wp-block-paragraph\"><strong>CITE\u0218TE \u0218I <a href=\"https:\/\/buletin.de\/bucuresti\/monumentul-eroilor-aerului-din-piata-aviatorilor-survolat-de-aeronave-militare-duminica-de-ziua-aviatiei-romane\/\" data-type=\"post\" data-id=\"206114\">Monumentul Eroilor Aerului din Pia\u021ba Aviatorilor, survolat de aeronave militare duminic\u0103, de \u201eZiua Avia\u021biei Rom\u00e2ne\u201d<\/a><\/strong><\/p>\n\n\n\n<h2 id=\"h-calatorii-pot-semnala-problemele-din-trenuri\" class=\"wp-block-heading\">C\u0103l\u0103torii pot semnala problemele din trenuri<\/h2>\n\n\n\n<p class=\"wp-block-paragraph\">La \u00eenceputul lunii, ministrul interimar al Transporturilor a lansat un formular prin care cei care merg cu trenurile CFR pot semnala problemele pe care le \u00eent\u00e2lnesc \u00een c\u0103l\u0103toriile lor, de la aerul condi\u021bionat nefunc\u021bional p\u00e2n\u0103 la cur\u0103\u021benia precar\u0103 sau toaletele nefunc\u021bionale.<\/p>\n\n\n\n<p class=\"wp-block-paragraph\">Radu Miru\u021b\u0103\u00a0a transmis c\u0103 realizarea acestui formulat a fost rezultatul mai multor nemul\u021bumiri exprimate de c\u0103l\u0103tori \u00een ultimele s\u0103pt\u0103m\u00e2ni.  <strong>Pentru a putea stabili care sunt probleme pe care c\u0103l\u0103torii CFR le \u00eent\u00e2mpin\u0103, cet\u0103\u021benii sunt ruga\u021bi s\u0103 completeze\u00a0<a href=\"https:\/\/docs.google.com\/forms\/d\/e\/1FAIpQLSezxcJsn5up80zpPHdYFZG7tYVLHudNidVca01o2QJJO04VnQ\/viewform\" target=\"_blank\" rel=\"noreferrer noopener\">ACEST<\/a>\u00a0formular simplu.<\/strong><\/p>\n\n\n\n<p class=\"wp-block-paragraph\">Pentru completare, trebuie s\u0103 precizeze urm\u0103toarele:<\/p>\n\n\n\n<ul class=\"wp-block-list\">\n<li>Tipul trenului cu care c\u0103l\u0103toresc<\/li>\n\n\n\n<li>Num\u0103rul trenului<\/li>\n\n\n\n<li>Vagonul \u00een care c\u0103l\u0103toresc<\/li>\n\n\n\n<li>Sta\u021bia unde se afl\u0103 c\u00e2nd se constat\u0103 problema<\/li>\n\n\n\n<li>Daca sistemul de climatizare este func\u021bional<\/li>\n\n\n\n<li>Alte probleme constatate.<\/li>\n<\/ul>\n\n\n\n<p class=\"wp-block-paragraph\">La finalul formularului, cet\u0103\u021benii sunt \u00eentreba\u021bi \u0219i dac\u0103 ar recomanda acest tip de c\u0103l\u0103torie unei alte persoane. De asemenea, c\u0103l\u0103torii sunt informa\u021bi c\u0103, acolo unde se vor constata nereguli cauzate de mentenan\u021ba care se pl\u0103te\u0219te, dar nu se execut\u0103, urmeaz\u0103 s\u0103 se aplice sanc\u021biuni.<\/p>\n\n\n\n<p class=\"wp-block-paragraph\"><em>\u201eVreau s\u0103 avem o imagine bazat\u0103 pe faptele c\u0103l\u0103torilor, nu pe rapoartele \u0219efilor\u201d<\/em>, a transmis Radu Miru\u021b\u0103.<\/p>\n\n\n\n<p class=\"wp-block-paragraph\"><strong>CITE\u0218TE \u0218I <a href=\"https:\/\/buletin.de\/bucuresti\/trei-parcari-unde-bucurestenii-din-sectorul-3-pot-lasa-gratuit-masina-cand-pleaca-in-concediu-cum-se-poate-solicita-un-loc\/\" data-type=\"post\" data-id=\"206168\">Trei parc\u0103ri unde bucure\u0219tenii din Sectorul 3 pot l\u0103sa gratuit ma\u0219ina c\u00e2nd pleac\u0103 \u00een concediu. Cum se poate solicita un loc<\/a><\/strong><\/p>\n","protected":false},"excerpt":{"rendered":"<p>CFR C\u0103l\u0103tori a lansat o licita\u021bie \u00een valoare de p\u00e2n\u0103 la aproape 9 milioane de euro pentru cur\u0103\u021barea vagoanelor. Mai precis, este c\u0103utat\u0103 o companie care s\u0103 se ocupe de eliminarea \u201emurd\u0103riilor st\u00e2njenitoare\u201d, \u201efrapante optic\u201d, a \u0219i \u201emirosurilor dezagreabile\u201d, conform informa\u021biilor transmise de Club Feroviar. Companiile interesate \u00ee\u0219i pot depune ofertele p\u00e2n\u0103 la data de [&hellip;]<\/p>\n","protected":false},"author":1,"featured_media":206191,"comment_status":"closed","ping_status":"open","sticky":false,"template":"","format":"standard","meta":{"_acf_changed":false,"inline_featured_image":false,"ngg_post_thumbnail":0,"footnotes":""},"categories":[6994,5762,650],"tags":[4383,29482,3014,233],"ppma_author":[22583],"class_list":["post-206179","post","type-post","status-publish","format-standard","has-post-thumbnail","hentry","category-stiri-2","category-main","category-transport","tag-cfr-calatori","tag-curatare-trenuri","tag-licitatie-2","tag-seap"],"acf":[],"a3_pvc":{"activated":false,"total_views":0,"today_views":0},"yoast_head":"<!-- This site is optimized with the Yoast SEO Premium plugin v28.0 (Yoast SEO v28.3) - https:\/\/yoast.com\/product\/yoast-seo-premium-wordpress\/ -->\n<title>Licita\u021bie de aproape 9 milioane de euro pentru cur\u0103\u021barea vagoanelor CFR C\u0103l\u0103tori | Club Feroviar - Buletin de Bucure\u0219ti<\/title>\n<meta name=\"description\" content=\"CFR C\u0103l\u0103tori a lansat o licita\u021bie \u00een valoare de p\u00e2n\u0103 la aproape 9 milioane de euro pentru cur\u0103\u021barea vagoanelor.\" \/>\n<meta name=\"robots\" content=\"index, follow, max-snippet:-1, max-image-preview:large, max-video-preview:-1\" \/>\n<link rel=\"canonical\" href=\"https:\/\/buletin.de\/bucuresti\/cfr-calatori-a-lansat-o-licitatie-de-aproape-9-milioane-de-euro-pentru-curatarea-vagoanelor-club-feroviar\/\" \/>\n<meta property=\"og:locale\" content=\"en_GB\" \/>\n<meta property=\"og:type\" content=\"article\" \/>\n<meta property=\"og:title\" content=\"Licita\u021bie de aproape 9 milioane de euro pentru cur\u0103\u021barea vagoanelor CFR C\u0103l\u0103tori | Club Feroviar\" \/>\n<meta property=\"og:description\" content=\"CFR C\u0103l\u0103tori a lansat o licita\u021bie \u00een valoare de p\u00e2n\u0103 la aproape 9 milioane de euro pentru cur\u0103\u021barea vagoanelor.\" \/>\n<meta property=\"og:url\" content=\"https:\/\/buletin.de\/bucuresti\/cfr-calatori-a-lansat-o-licitatie-de-aproape-9-milioane-de-euro-pentru-curatarea-vagoanelor-club-feroviar\/\" \/>\n<meta property=\"og:site_name\" content=\"Buletin de Bucure\u0219ti\" \/>\n<meta property=\"article:publisher\" content=\"https:\/\/www.facebook.com\/buletin.de.buc\" \/>\n<meta property=\"article:published_time\" content=\"2026-07-16T10:08:41+00:00\" \/>\n<meta property=\"article:modified_time\" content=\"2026-07-16T14:17:49+00:00\" \/>\n<meta property=\"og:image\" content=\"https:\/\/buletin.de\/bucuresti\/wp-content\/uploads\/2026\/07\/ID83608-INQUAM-PHOTOS-MIRCEA-MANOLE-scaled.jpg\" \/>\n\t<meta property=\"og:image:width\" content=\"2560\" \/>\n\t<meta property=\"og:image:height\" content=\"1707\" \/>\n\t<meta property=\"og:image:type\" content=\"image\/jpeg\" \/>\n<meta name=\"author\" content=\"Redac\u021bia Buletin de Bucure\u0219ti\" \/>\n<meta name=\"twitter:card\" content=\"summary_large_image\" \/>\n<meta name=\"twitter:label1\" content=\"Written by\" \/>\n\t<meta name=\"twitter:data1\" content=\"Redac\u021bia Buletin de Bucure\u0219ti\" \/>\n\t<meta name=\"twitter:label2\" content=\"Estimated reading time\" \/>\n\t<meta name=\"twitter:data2\" content=\"3 minutes\" \/>\n<script type=\"application\/ld+json\" class=\"yoast-schema-graph\">{\"@context\":\"https:\\\/\\\/schema.org\",\"@graph\":[{\"@type\":\"Article\",\"@id\":\"https:\\\/\\\/buletin.de\\\/bucuresti\\\/cfr-calatori-a-lansat-o-licitatie-de-aproape-9-milioane-de-euro-pentru-curatarea-vagoanelor-club-feroviar\\\/#article\",\"isPartOf\":{\"@id\":\"https:\\\/\\\/buletin.de\\\/bucuresti\\\/cfr-calatori-a-lansat-o-licitatie-de-aproape-9-milioane-de-euro-pentru-curatarea-vagoanelor-club-feroviar\\\/\"},\"author\":{\"name\":\"Redac\u021bia Buletin de Bucure\u0219ti\",\"@id\":\"https:\\\/\\\/buletin.de\\\/bucuresti\\\/#\\\/schema\\\/person\\\/2bbcf854e5f2419a13804af574d06ab1\"},\"headline\":\"Licita\u021bie de aproape 9 milioane de euro pentru cur\u0103\u021barea vagoanelor CFR C\u0103l\u0103tori | Club Feroviar\",\"datePublished\":\"2026-07-16T10:08:41+00:00\",\"dateModified\":\"2026-07-16T14:17:49+00:00\",\"mainEntityOfPage\":{\"@id\":\"https:\\\/\\\/buletin.de\\\/bucuresti\\\/cfr-calatori-a-lansat-o-licitatie-de-aproape-9-milioane-de-euro-pentru-curatarea-vagoanelor-club-feroviar\\\/\"},\"wordCount\":757,\"publisher\":{\"@id\":\"https:\\\/\\\/buletin.de\\\/bucuresti\\\/#organization\"},\"image\":{\"@id\":\"https:\\\/\\\/buletin.de\\\/bucuresti\\\/cfr-calatori-a-lansat-o-licitatie-de-aproape-9-milioane-de-euro-pentru-curatarea-vagoanelor-club-feroviar\\\/#primaryimage\"},\"thumbnailUrl\":\"https:\\\/\\\/buletin.de\\\/bucuresti\\\/wp-content\\\/uploads\\\/2026\\\/07\\\/ID83608-INQUAM-PHOTOS-MIRCEA-MANOLE-scaled.jpg\",\"keywords\":[\"CFR C\u0103l\u0103tori\",\"cur\u0103\u021bare trenuri\",\"licita\u021bie\",\"seap\"],\"articleSection\":[\"Articole\",\"Main\",\"Transport\"],\"inLanguage\":\"en-GB\",\"copyrightYear\":\"2026\",\"copyrightHolder\":{\"@id\":\"https:\\\/\\\/buletin.de\\\/bucuresti\\\/#organization\"}},{\"@type\":\"WebPage\",\"@id\":\"https:\\\/\\\/buletin.de\\\/bucuresti\\\/cfr-calatori-a-lansat-o-licitatie-de-aproape-9-milioane-de-euro-pentru-curatarea-vagoanelor-club-feroviar\\\/\",\"url\":\"https:\\\/\\\/buletin.de\\\/bucuresti\\\/cfr-calatori-a-lansat-o-licitatie-de-aproape-9-milioane-de-euro-pentru-curatarea-vagoanelor-club-feroviar\\\/\",\"name\":\"Licita\u021bie de aproape 9 milioane de euro pentru cur\u0103\u021barea vagoanelor CFR C\u0103l\u0103tori | Club Feroviar - Buletin de Bucure\u0219ti\",\"isPartOf\":{\"@id\":\"https:\\\/\\\/buletin.de\\\/bucuresti\\\/#website\"},\"primaryImageOfPage\":{\"@id\":\"https:\\\/\\\/buletin.de\\\/bucuresti\\\/cfr-calatori-a-lansat-o-licitatie-de-aproape-9-milioane-de-euro-pentru-curatarea-vagoanelor-club-feroviar\\\/#primaryimage\"},\"image\":{\"@id\":\"https:\\\/\\\/buletin.de\\\/bucuresti\\\/cfr-calatori-a-lansat-o-licitatie-de-aproape-9-milioane-de-euro-pentru-curatarea-vagoanelor-club-feroviar\\\/#primaryimage\"},\"thumbnailUrl\":\"https:\\\/\\\/buletin.de\\\/bucuresti\\\/wp-content\\\/uploads\\\/2026\\\/07\\\/ID83608-INQUAM-PHOTOS-MIRCEA-MANOLE-scaled.jpg\",\"datePublished\":\"2026-07-16T10:08:41+00:00\",\"dateModified\":\"2026-07-16T14:17:49+00:00\",\"description\":\"CFR C\u0103l\u0103tori a lansat o licita\u021bie \u00een valoare de p\u00e2n\u0103 la aproape 9 milioane de euro pentru cur\u0103\u021barea vagoanelor.\",\"breadcrumb\":{\"@id\":\"https:\\\/\\\/buletin.de\\\/bucuresti\\\/cfr-calatori-a-lansat-o-licitatie-de-aproape-9-milioane-de-euro-pentru-curatarea-vagoanelor-club-feroviar\\\/#breadcrumb\"},\"inLanguage\":\"en-GB\",\"potentialAction\":[{\"@type\":\"ReadAction\",\"target\":[\"https:\\\/\\\/buletin.de\\\/bucuresti\\\/cfr-calatori-a-lansat-o-licitatie-de-aproape-9-milioane-de-euro-pentru-curatarea-vagoanelor-club-feroviar\\\/\"]}]},{\"@type\":\"ImageObject\",\"inLanguage\":\"en-GB\",\"@id\":\"https:\\\/\\\/buletin.de\\\/bucuresti\\\/cfr-calatori-a-lansat-o-licitatie-de-aproape-9-milioane-de-euro-pentru-curatarea-vagoanelor-club-feroviar\\\/#primaryimage\",\"url\":\"https:\\\/\\\/buletin.de\\\/bucuresti\\\/wp-content\\\/uploads\\\/2026\\\/07\\\/ID83608-INQUAM-PHOTOS-MIRCEA-MANOLE-scaled.jpg\",\"contentUrl\":\"https:\\\/\\\/buletin.de\\\/bucuresti\\\/wp-content\\\/uploads\\\/2026\\\/07\\\/ID83608-INQUAM-PHOTOS-MIRCEA-MANOLE-scaled.jpg\",\"width\":2560,\"height\":1707,\"caption\":\"CFR C\u0103l\u0103tori a lansat o licita\u021bie de aproape 9 milioane de euro pentru cur\u0103\u021barea vagoanelor. Foto: Inquam Photos \\\/Mircea Manole\"},{\"@type\":\"BreadcrumbList\",\"@id\":\"https:\\\/\\\/buletin.de\\\/bucuresti\\\/cfr-calatori-a-lansat-o-licitatie-de-aproape-9-milioane-de-euro-pentru-curatarea-vagoanelor-club-feroviar\\\/#breadcrumb\",\"itemListElement\":[{\"@type\":\"ListItem\",\"position\":1,\"name\":\"Acas\u0103\",\"item\":\"https:\\\/\\\/buletin.de\\\/bucuresti\\\/\"},{\"@type\":\"ListItem\",\"position\":2,\"name\":\"Licita\u021bie de aproape 9 milioane de euro pentru cur\u0103\u021barea vagoanelor CFR C\u0103l\u0103tori | Club Feroviar\"}]},{\"@type\":\"WebSite\",\"@id\":\"https:\\\/\\\/buletin.de\\\/bucuresti\\\/#website\",\"url\":\"https:\\\/\\\/buletin.de\\\/bucuresti\\\/\",\"name\":\"Buletin de Bucure\u0219ti\",\"description\":\"\u0218tiri \u0219i investiga\u021bii esen\u021biale din capital\u0103\",\"publisher\":{\"@id\":\"https:\\\/\\\/buletin.de\\\/bucuresti\\\/#organization\"},\"potentialAction\":[{\"@type\":\"SearchAction\",\"target\":{\"@type\":\"EntryPoint\",\"urlTemplate\":\"https:\\\/\\\/buletin.de\\\/bucuresti\\\/?s={search_term_string}\"},\"query-input\":{\"@type\":\"PropertyValueSpecification\",\"valueRequired\":true,\"valueName\":\"search_term_string\"}}],\"inLanguage\":\"en-GB\"},{\"@type\":\"Organization\",\"@id\":\"https:\\\/\\\/buletin.de\\\/bucuresti\\\/#organization\",\"name\":\"Buletin de Bucure\u0219ti\",\"url\":\"https:\\\/\\\/buletin.de\\\/bucuresti\\\/\",\"logo\":{\"@type\":\"ImageObject\",\"inLanguage\":\"en-GB\",\"@id\":\"https:\\\/\\\/buletin.de\\\/bucuresti\\\/#\\\/schema\\\/logo\\\/image\\\/\",\"url\":\"https:\\\/\\\/buletin.de\\\/bucuresti\\\/wp-content\\\/uploads\\\/logo-bdb-full-wide-vernil-transparent.png\",\"contentUrl\":\"https:\\\/\\\/buletin.de\\\/bucuresti\\\/wp-content\\\/uploads\\\/logo-bdb-full-wide-vernil-transparent.png\",\"width\":1782,\"height\":626,\"caption\":\"Buletin de Bucure\u0219ti\"},\"image\":{\"@id\":\"https:\\\/\\\/buletin.de\\\/bucuresti\\\/#\\\/schema\\\/logo\\\/image\\\/\"},\"sameAs\":[\"https:\\\/\\\/www.facebook.com\\\/buletin.de.buc\",\"https:\\\/\\\/www.instagram.com\\\/buletinde.bucuresti\\\/\"]},{\"@type\":\"Person\",\"@id\":\"https:\\\/\\\/buletin.de\\\/bucuresti\\\/#\\\/schema\\\/person\\\/2bbcf854e5f2419a13804af574d06ab1\",\"name\":\"Redac\u021bia Buletin de Bucure\u0219ti\",\"image\":{\"@type\":\"ImageObject\",\"inLanguage\":\"en-GB\",\"@id\":\"https:\\\/\\\/secure.gravatar.com\\\/avatar\\\/18c5342381ed1a08620e6280424e3e5efc958618f5d67c522c9e44c1bc6f9226?s=96&d=monsterid&r=g60c7cd0ad92c68c049fcd4bb3504d609\",\"url\":\"https:\\\/\\\/secure.gravatar.com\\\/avatar\\\/18c5342381ed1a08620e6280424e3e5efc958618f5d67c522c9e44c1bc6f9226?s=96&d=monsterid&r=g\",\"contentUrl\":\"https:\\\/\\\/secure.gravatar.com\\\/avatar\\\/18c5342381ed1a08620e6280424e3e5efc958618f5d67c522c9e44c1bc6f9226?s=96&d=monsterid&r=g\",\"caption\":\"Redac\u021bia Buletin de Bucure\u0219ti\"},\"description\":\"Buletin de Bucure\u0219ti exist\u0103 din vara anului 2019.\",\"url\":\"https:\\\/\\\/buletin.de\\\/bucuresti\\\/author\\\/adminbuletin\\\/\"}]}<\/script>\n<!-- \/ Yoast SEO Premium plugin. -->","yoast_head_json":{"title":"Licita\u021bie de aproape 9 milioane de euro pentru cur\u0103\u021barea vagoanelor CFR C\u0103l\u0103tori | Club Feroviar - Buletin de Bucure\u0219ti","description":"CFR C\u0103l\u0103tori a lansat o licita\u021bie \u00een valoare de p\u00e2n\u0103 la aproape 9 milioane de euro pentru cur\u0103\u021barea vagoanelor.","robots":{"index":"index","follow":"follow","max-snippet":"max-snippet:-1","max-image-preview":"max-image-preview:large","max-video-preview":"max-video-preview:-1"},"canonical":"https:\/\/buletin.de\/bucuresti\/cfr-calatori-a-lansat-o-licitatie-de-aproape-9-milioane-de-euro-pentru-curatarea-vagoanelor-club-feroviar\/","og_locale":"en_GB","og_type":"article","og_title":"Licita\u021bie de aproape 9 milioane de euro pentru cur\u0103\u021barea vagoanelor CFR C\u0103l\u0103tori | Club Feroviar","og_description":"CFR C\u0103l\u0103tori a lansat o licita\u021bie \u00een valoare de p\u00e2n\u0103 la aproape 9 milioane de euro pentru cur\u0103\u021barea vagoanelor.","og_url":"https:\/\/buletin.de\/bucuresti\/cfr-calatori-a-lansat-o-licitatie-de-aproape-9-milioane-de-euro-pentru-curatarea-vagoanelor-club-feroviar\/","og_site_name":"Buletin de Bucure\u0219ti","article_publisher":"https:\/\/www.facebook.com\/buletin.de.buc","article_published_time":"2026-07-16T10:08:41+00:00","article_modified_time":"2026-07-16T14:17:49+00:00","og_image":[{"width":2560,"height":1707,"url":"https:\/\/buletin.de\/bucuresti\/wp-content\/uploads\/2026\/07\/ID83608-INQUAM-PHOTOS-MIRCEA-MANOLE-scaled.jpg","type":"image\/jpeg"}],"author":"Redac\u021bia Buletin de Bucure\u0219ti","twitter_card":"summary_large_image","twitter_misc":{"Written by":"Redac\u021bia Buletin de Bucure\u0219ti","Estimated reading time":"3 minutes"},"schema":{"@context":"https:\/\/schema.org","@graph":[{"@type":"Article","@id":"https:\/\/buletin.de\/bucuresti\/cfr-calatori-a-lansat-o-licitatie-de-aproape-9-milioane-de-euro-pentru-curatarea-vagoanelor-club-feroviar\/#article","isPartOf":{"@id":"https:\/\/buletin.de\/bucuresti\/cfr-calatori-a-lansat-o-licitatie-de-aproape-9-milioane-de-euro-pentru-curatarea-vagoanelor-club-feroviar\/"},"author":{"name":"Redac\u021bia Buletin de Bucure\u0219ti","@id":"https:\/\/buletin.de\/bucuresti\/#\/schema\/person\/2bbcf854e5f2419a13804af574d06ab1"},"headline":"Licita\u021bie de aproape 9 milioane de euro pentru cur\u0103\u021barea vagoanelor CFR C\u0103l\u0103tori | Club Feroviar","datePublished":"2026-07-16T10:08:41+00:00","dateModified":"2026-07-16T14:17:49+00:00","mainEntityOfPage":{"@id":"https:\/\/buletin.de\/bucuresti\/cfr-calatori-a-lansat-o-licitatie-de-aproape-9-milioane-de-euro-pentru-curatarea-vagoanelor-club-feroviar\/"},"wordCount":757,"publisher":{"@id":"https:\/\/buletin.de\/bucuresti\/#organization"},"image":{"@id":"https:\/\/buletin.de\/bucuresti\/cfr-calatori-a-lansat-o-licitatie-de-aproape-9-milioane-de-euro-pentru-curatarea-vagoanelor-club-feroviar\/#primaryimage"},"thumbnailUrl":"https:\/\/buletin.de\/bucuresti\/wp-content\/uploads\/2026\/07\/ID83608-INQUAM-PHOTOS-MIRCEA-MANOLE-scaled.jpg","keywords":["CFR C\u0103l\u0103tori","cur\u0103\u021bare trenuri","licita\u021bie","seap"],"articleSection":["Articole","Main","Transport"],"inLanguage":"en-GB","copyrightYear":"2026","copyrightHolder":{"@id":"https:\/\/buletin.de\/bucuresti\/#organization"}},{"@type":"WebPage","@id":"https:\/\/buletin.de\/bucuresti\/cfr-calatori-a-lansat-o-licitatie-de-aproape-9-milioane-de-euro-pentru-curatarea-vagoanelor-club-feroviar\/","url":"https:\/\/buletin.de\/bucuresti\/cfr-calatori-a-lansat-o-licitatie-de-aproape-9-milioane-de-euro-pentru-curatarea-vagoanelor-club-feroviar\/","name":"Licita\u021bie de aproape 9 milioane de euro pentru cur\u0103\u021barea vagoanelor CFR C\u0103l\u0103tori | Club Feroviar - Buletin de Bucure\u0219ti","isPartOf":{"@id":"https:\/\/buletin.de\/bucuresti\/#website"},"primaryImageOfPage":{"@id":"https:\/\/buletin.de\/bucuresti\/cfr-calatori-a-lansat-o-licitatie-de-aproape-9-milioane-de-euro-pentru-curatarea-vagoanelor-club-feroviar\/#primaryimage"},"image":{"@id":"https:\/\/buletin.de\/bucuresti\/cfr-calatori-a-lansat-o-licitatie-de-aproape-9-milioane-de-euro-pentru-curatarea-vagoanelor-club-feroviar\/#primaryimage"},"thumbnailUrl":"https:\/\/buletin.de\/bucuresti\/wp-content\/uploads\/2026\/07\/ID83608-INQUAM-PHOTOS-MIRCEA-MANOLE-scaled.jpg","datePublished":"2026-07-16T10:08:41+00:00","dateModified":"2026-07-16T14:17:49+00:00","description":"CFR C\u0103l\u0103tori a lansat o licita\u021bie \u00een valoare de p\u00e2n\u0103 la aproape 9 milioane de euro pentru cur\u0103\u021barea vagoanelor.","breadcrumb":{"@id":"https:\/\/buletin.de\/bucuresti\/cfr-calatori-a-lansat-o-licitatie-de-aproape-9-milioane-de-euro-pentru-curatarea-vagoanelor-club-feroviar\/#breadcrumb"},"inLanguage":"en-GB","potentialAction":[{"@type":"ReadAction","target":["https:\/\/buletin.de\/bucuresti\/cfr-calatori-a-lansat-o-licitatie-de-aproape-9-milioane-de-euro-pentru-curatarea-vagoanelor-club-feroviar\/"]}]},{"@type":"ImageObject","inLanguage":"en-GB","@id":"https:\/\/buletin.de\/bucuresti\/cfr-calatori-a-lansat-o-licitatie-de-aproape-9-milioane-de-euro-pentru-curatarea-vagoanelor-club-feroviar\/#primaryimage","url":"https:\/\/buletin.de\/bucuresti\/wp-content\/uploads\/2026\/07\/ID83608-INQUAM-PHOTOS-MIRCEA-MANOLE-scaled.jpg","contentUrl":"https:\/\/buletin.de\/bucuresti\/wp-content\/uploads\/2026\/07\/ID83608-INQUAM-PHOTOS-MIRCEA-MANOLE-scaled.jpg","width":2560,"height":1707,"caption":"CFR C\u0103l\u0103tori a lansat o licita\u021bie de aproape 9 milioane de euro pentru cur\u0103\u021barea vagoanelor. Foto: Inquam Photos \/Mircea Manole"},{"@type":"BreadcrumbList","@id":"https:\/\/buletin.de\/bucuresti\/cfr-calatori-a-lansat-o-licitatie-de-aproape-9-milioane-de-euro-pentru-curatarea-vagoanelor-club-feroviar\/#breadcrumb","itemListElement":[{"@type":"ListItem","position":1,"name":"Acas\u0103","item":"https:\/\/buletin.de\/bucuresti\/"},{"@type":"ListItem","position":2,"name":"Licita\u021bie de aproape 9 milioane de euro pentru cur\u0103\u021barea vagoanelor CFR C\u0103l\u0103tori | Club Feroviar"}]},{"@type":"WebSite","@id":"https:\/\/buletin.de\/bucuresti\/#website","url":"https:\/\/buletin.de\/bucuresti\/","name":"Buletin de Bucure\u0219ti","description":"\u0218tiri \u0219i investiga\u021bii esen\u021biale din capital\u0103","publisher":{"@id":"https:\/\/buletin.de\/bucuresti\/#organization"},"potentialAction":[{"@type":"SearchAction","target":{"@type":"EntryPoint","urlTemplate":"https:\/\/buletin.de\/bucuresti\/?s={search_term_string}"},"query-input":{"@type":"PropertyValueSpecification","valueRequired":true,"valueName":"search_term_string"}}],"inLanguage":"en-GB"},{"@type":"Organization","@id":"https:\/\/buletin.de\/bucuresti\/#organization","name":"Buletin de Bucure\u0219ti","url":"https:\/\/buletin.de\/bucuresti\/","logo":{"@type":"ImageObject","inLanguage":"en-GB","@id":"https:\/\/buletin.de\/bucuresti\/#\/schema\/logo\/image\/","url":"https:\/\/buletin.de\/bucuresti\/wp-content\/uploads\/logo-bdb-full-wide-vernil-transparent.png","contentUrl":"https:\/\/buletin.de\/bucuresti\/wp-content\/uploads\/logo-bdb-full-wide-vernil-transparent.png","width":1782,"height":626,"caption":"Buletin de Bucure\u0219ti"},"image":{"@id":"https:\/\/buletin.de\/bucuresti\/#\/schema\/logo\/image\/"},"sameAs":["https:\/\/www.facebook.com\/buletin.de.buc","https:\/\/www.instagram.com\/buletinde.bucuresti\/"]},{"@type":"Person","@id":"https:\/\/buletin.de\/bucuresti\/#\/schema\/person\/2bbcf854e5f2419a13804af574d06ab1","name":"Redac\u021bia Buletin de Bucure\u0219ti","image":{"@type":"ImageObject","inLanguage":"en-GB","@id":"https:\/\/secure.gravatar.com\/avatar\/18c5342381ed1a08620e6280424e3e5efc958618f5d67c522c9e44c1bc6f9226?s=96&d=monsterid&r=g60c7cd0ad92c68c049fcd4bb3504d609","url":"https:\/\/secure.gravatar.com\/avatar\/18c5342381ed1a08620e6280424e3e5efc958618f5d67c522c9e44c1bc6f9226?s=96&d=monsterid&r=g","contentUrl":"https:\/\/secure.gravatar.com\/avatar\/18c5342381ed1a08620e6280424e3e5efc958618f5d67c522c9e44c1bc6f9226?s=96&d=monsterid&r=g","caption":"Redac\u021bia Buletin de Bucure\u0219ti"},"description":"Buletin de Bucure\u0219ti exist\u0103 din vara anului 2019.","url":"https:\/\/buletin.de\/bucuresti\/author\/adminbuletin\/"}]}},"authors":[{"term_id":22583,"user_id":1,"is_guest":0,"slug":"adminbuletin","display_name":"Redac\u021bia Buletin de Bucure\u0219ti","avatar_url":"https:\/\/secure.gravatar.com\/avatar\/18c5342381ed1a08620e6280424e3e5efc958618f5d67c522c9e44c1bc6f9226?s=96&d=monsterid&r=g","author_category":"","first_name":"Redac\u021bia Buletin de Bucure\u0219ti","last_name":"","user_url":"","job_title":"","description":"Buletin de Bucure\u0219ti exist\u0103 din vara anului 2019."}],"_links":{"self":[{"href":"https:\/\/buletin.de\/bucuresti\/wp-json\/wp\/v2\/posts\/206179","targetHints":{"allow":["GET"]}}],"collection":[{"href":"https:\/\/buletin.de\/bucuresti\/wp-json\/wp\/v2\/posts"}],"about":[{"href":"https:\/\/buletin.de\/bucuresti\/wp-json\/wp\/v2\/types\/post"}],"author":[{"embeddable":true,"href":"https:\/\/buletin.de\/bucuresti\/wp-json\/wp\/v2\/users\/1"}],"replies":[{"embeddable":true,"href":"https:\/\/buletin.de\/bucuresti\/wp-json\/wp\/v2\/comments?post=206179"}],"version-history":[{"count":6,"href":"https:\/\/buletin.de\/bucuresti\/wp-json\/wp\/v2\/posts\/206179\/revisions"}],"predecessor-version":[{"id":206286,"href":"https:\/\/buletin.de\/bucuresti\/wp-json\/wp\/v2\/posts\/206179\/revisions\/206286"}],"wp:featuredmedia":[{"embeddable":true,"href":"https:\/\/buletin.de\/bucuresti\/wp-json\/wp\/v2\/media\/206191"}],"wp:attachment":[{"href":"https:\/\/buletin.de\/bucuresti\/wp-json\/wp\/v2\/media?parent=206179"}],"wp:term":[{"taxonomy":"category","embeddable":true,"href":"https:\/\/buletin.de\/bucuresti\/wp-json\/wp\/v2\/categories?post=206179"},{"taxonomy":"post_tag","embeddable":true,"href":"https:\/\/buletin.de\/bucuresti\/wp-json\/wp\/v2\/tags?post=206179"},{"taxonomy":"author","embeddable":true,"href":"https:\/\/buletin.de\/bucuresti\/wp-json\/wp\/v2\/ppma_author?post=206179"}],"curies":[{"name":"wp","href":"https:\/\/api.w.org\/{rel}","templated":true}]}}