{"id":206147,"date":"2026-07-16T04:00:00","date_gmt":"2026-07-16T01:00:00","guid":{"rendered":"https:\/\/buletin.de\/bucuresti\/?p=206147"},"modified":"2026-07-26T19:09:47","modified_gmt":"2026-07-26T16:09:47","slug":"festivalul-strada-armeneasca-revine-intre-31-iulie-si-2-august-la-gradina-botanica","status":"publish","type":"post","link":"https:\/\/buletin.de\/bucuresti\/festivalul-strada-armeneasca-revine-intre-31-iulie-si-2-august-la-gradina-botanica\/","title":{"rendered":"Festivalul Strada Armeneasc\u0103 revine \u00eentre 31 iulie \u0219i 2 august, la Gr\u0103dina Botanic\u0103"},"content":{"rendered":"\n<p class=\"wp-block-paragraph\"><strong>Anul acesta va avea loc cea dea zecea edi\u021bie a Festivalului Strada Armeneasc\u0103, \u00een perioada 31 iulie &#8211; 2 august, la Gr\u0103dina Botanic\u0103. Mai multe trupe \u0219i arti\u0219ti vor sus\u021bine concerte, iar vizitatorii vor avea parte de diverse activit\u0103\u021bi. <\/strong><\/p>\n\n\n\n<p class=\"wp-block-paragraph\"><strong>Intrarea la festival este liber\u0103,  \u00een baza biletului de acces \u00een Gr\u0103dina Botanic\u0103. Biletul cost\u0103 15 lei pentru adul\u021bi \u0219i 10 lei pentru elevi, studen\u021bi \u0219i pensionari.<\/strong><\/p>\n\n\n\n<p class=\"wp-block-paragraph\">CITE\u0218TE \u0218I <a href=\"https:\/\/buletin.de\/bucuresti\/monumentul-eroilor-aerului-din-piata-aviatorilor-survolat-de-aeronave-militare-duminica-de-ziua-aviatiei-romane\/\" target=\"_blank\" rel=\"noreferrer noopener\">Monumentul Eroilor Aerului din Pia\u021ba Aviatorilor, survolat de aeronave militare duminic\u0103, de \u201eZiua Avia\u021biei Rom\u00e2ne\u201d<\/a><\/p>\n\n\n\n<h2 id=\"h-festivalul-strada-armeneasca-revine-in-bucure\u0219ti-in-perioada-31-iulie-2-august\" class=\"wp-block-heading\">Festivalul Strada Armeneasc\u0103 revine \u00een Bucure\u0219ti, \u00een perioada 31 iulie &#8211; 2 august <\/h2>\n\n\n\n<p class=\"wp-block-paragraph\"><a href=\"https:\/\/www.facebook.com\/events\/1736519374440491\/?post_id=1788026862623075&amp;acontext=%7B%22event_action_history%22%3A[%7B%22surface%22%3A%22user_timeline%22%7D%2C%7B%22mechanism%22%3A%22footer_attachment%22%2C%22surface%22%3A%22newsfeed%22%7D]%2C%22ref_notif_type%22%3Anull%7D\" data-type=\"link\" data-id=\"https:\/\/www.facebook.com\/events\/1736519374440491\/?post_id=1788026862623075&amp;acontext=%7B%22event_action_history%22%3A[%7B%22surface%22%3A%22user_timeline%22%7D%2C%7B%22mechanism%22%3A%22footer_attachment%22%2C%22surface%22%3A%22newsfeed%22%7D]%2C%22ref_notif_type%22%3Anull%7D\" target=\"_blank\" rel=\"noreferrer noopener\">Organizatorii au anun\u021bat<\/a> programul artistic al <a href=\"https:\/\/buletin.de\/bucuresti\/festivalul-strada-armeneasca\/\" data-type=\"link\" data-id=\"https:\/\/buletin.de\/bucuresti\/festivalul-strada-armeneasca\/\" target=\"_blank\" rel=\"noreferrer noopener\">edi\u021biei <\/a>aniversare, care reune\u0219te arti\u0219ti din Rom\u00e2nia \u0219i Armenia. Vor fi incluse \u0219i activit\u0103\u021bi dedicate gastronomiei, me\u0219te\u0219ugurilor \u0219i tradi\u021biilor.<\/p>\n\n\n\n<p class=\"wp-block-paragraph\">Printre trupele care vor c\u00e2nta anul acesta la festival se num\u0103r\u0103 \u0219i Subcarpa\u021bi \u0219i Bosquito. Artistul armena KATIL va urca, de asemenea, pe scen\u0103. <\/p>\n\n\n\n<p class=\"wp-block-paragraph\"><strong>Pe scena festivalului vor urca urm\u0103torii arti\u0219ti:<\/strong><\/p>\n\n\n\n<ul class=\"wp-block-list\">\n<li>Subcarpa\u021bi<\/li>\n\n\n\n<li>Byron &amp; Muse Quartet<\/li>\n\n\n\n<li>Bosquito<\/li>\n\n\n\n<li>KATIL<\/li>\n\n\n\n<li>M\u0103d\u0103lina Pav\u0103l Orchestra<\/li>\n\n\n\n<li>Lin Pelin ft. Frate Gheorghe<\/li>\n\n\n\n<li>Paulina<\/li>\n\n\n\n<li>Anna Kostanyan &amp; David Melkonyan Group<\/li>\n\n\n\n<li>Haykyanner dance ensemble &amp; Vardavar Dance Ensemble<\/li>\n\n\n\n<li>Hayk Karoyi ft. Ero Aslanyan<\/li>\n\n\n\n<li>gorgeouz_beats<\/li>\n<\/ul>\n\n\n\n<p class=\"wp-block-paragraph\">Edi\u021bia din acest an marcheaz\u0103 \u00eemplinirea a zece ani de la lansarea festivalului \u0219i \u00ee\u0219i propune s\u0103 aduc\u0103 \u00een prim-plan at\u00e2t tradi\u021biile comunit\u0103\u021bii armene din Rom\u00e2nia, c\u00e2t \u0219i sunetele moderne. <\/p>\n\n\n\n<p class=\"wp-block-paragraph\">Vizitatorii vor avea ocazia de a participa la concerte, demonstra\u021bii de dans, ateliere, expozi\u021bii \u0219i activit\u0103\u021bi dedicate me\u0219te\u0219ugurilor. Totodat\u0103, vor descoperi \u0219i preparate din gastronomia armean\u0103.<\/p>\n\n\n\n<p class=\"wp-block-paragraph\"><em>\u201ePrintre copaci se aud instrumente tradi\u021bionale \u0219i sintetizatoare, dansurile armene\u0219ti se \u00eent\u00e2lnesc cu rockul, jazzul \u0219i muzica electronic\u0103, iar mesele adun\u0103 laolalt\u0103 oameni care poate nu s-au mai \u00eent\u00e2lnit niciodat\u0103, dar descoper\u0103 c\u0103 \u00eempart aceea\u0219i curiozitate pentru culturi, pove\u0219ti \u0219i muzici noi.\u201d<\/em>, au transmis organizatorii evenimentului. <\/p>\n\n\n\n<p class=\"wp-block-paragraph\">CITE\u0218TE \u0218I <a href=\"https:\/\/buletin.de\/bucuresti\/fosta-croitorie-din-zona-piata-amzei-devine-altloc-1-6-1-8-sapte-spatii-vor-fi-puse-gratuit-la-dispozitia-artistilor-din-bucuresti\/\" target=\"_blank\" rel=\"noreferrer noopener\">Fosta croitorie din zona Pia\u021ba Amzei devine ALTLOC 1.6.1.8. \u0218apte spa\u021bii vor fi puse gratuit la dispozi\u021bia arti\u0219tilor din Bucure\u0219ti<\/a><\/p>\n","protected":false},"excerpt":{"rendered":"<p>Anul acesta va avea loc cea dea zecea edi\u021bie a Festivalului Strada Armeneasc\u0103, \u00een perioada 31 iulie &#8211; 2 august, la Gr\u0103dina Botanic\u0103. Mai multe trupe \u0219i arti\u0219ti vor sus\u021bine concerte, iar vizitatorii vor avea parte de diverse activit\u0103\u021bi. Intrarea la festival este liber\u0103, \u00een baza biletului de acces \u00een Gr\u0103dina Botanic\u0103. Biletul cost\u0103 15 [&hellip;]<\/p>\n","protected":false},"author":65,"featured_media":206152,"comment_status":"closed","ping_status":"open","sticky":false,"template":"","format":"standard","meta":{"_acf_changed":false,"inline_featured_image":false,"ngg_post_thumbnail":0,"footnotes":""},"categories":[6994,81,1,62],"tags":[2285,13668,6594],"ppma_author":[23912],"class_list":["post-206147","post","type-post","status-publish","format-standard","has-post-thumbnail","hentry","category-stiri-2","category-cultura","category-diverse","category-stiri","tag-festival","tag-festivalul-strada-armeneasca","tag-gradina-botanica"],"acf":[],"a3_pvc":{"activated":false,"total_views":0,"today_views":0},"yoast_head":"<!-- This site is optimized with the Yoast SEO Premium plugin v28.0 (Yoast SEO v28.3) - https:\/\/yoast.com\/product\/yoast-seo-premium-wordpress\/ -->\n<title>Festivalul Strada Armeneasc\u0103 revine \u00eentre 31 iulie \u0219i 2 august, la Gr\u0103dina Botanic\u0103 - Buletin de Bucure\u0219ti<\/title>\n<meta name=\"description\" content=\"Anul acesta va avea loc cea dea zecea edi\u021bie a Festivalului Strada Armeneasc\u0103, \u00een perioada 31 iulie - 2 august, la Gr\u0103dina Botanic\u0103.\" \/>\n<meta name=\"robots\" content=\"index, follow, max-snippet:-1, max-image-preview:large, max-video-preview:-1\" \/>\n<link rel=\"canonical\" href=\"https:\/\/buletin.de\/bucuresti\/festivalul-strada-armeneasca-revine-intre-31-iulie-si-2-august-la-gradina-botanica\/\" \/>\n<meta property=\"og:locale\" content=\"en_GB\" \/>\n<meta property=\"og:type\" content=\"article\" \/>\n<meta property=\"og:title\" content=\"Festivalul Strada Armeneasc\u0103 revine \u00eentre 31 iulie \u0219i 2 august, la Gr\u0103dina Botanic\u0103\" \/>\n<meta property=\"og:description\" content=\"Anul acesta va avea loc cea dea zecea edi\u021bie a Festivalului Strada Armeneasc\u0103, \u00een perioada 31 iulie - 2 august, la Gr\u0103dina Botanic\u0103.\" \/>\n<meta property=\"og:url\" content=\"https:\/\/buletin.de\/bucuresti\/festivalul-strada-armeneasca-revine-intre-31-iulie-si-2-august-la-gradina-botanica\/\" \/>\n<meta property=\"og:site_name\" content=\"Buletin de Bucure\u0219ti\" \/>\n<meta property=\"article:publisher\" content=\"https:\/\/www.facebook.com\/buletin.de.buc\" \/>\n<meta property=\"article:published_time\" content=\"2026-07-16T01:00:00+00:00\" \/>\n<meta property=\"article:modified_time\" content=\"2026-07-26T16:09:47+00:00\" \/>\n<meta property=\"og:image\" content=\"https:\/\/buletin.de\/bucuresti\/wp-content\/uploads\/2026\/07\/Festivalul-Strada-Armeneasca.jpg\" \/>\n\t<meta property=\"og:image:width\" content=\"1200\" \/>\n\t<meta property=\"og:image:height\" content=\"650\" \/>\n\t<meta property=\"og:image:type\" content=\"image\/jpeg\" \/>\n<meta name=\"author\" content=\"Andreea St\u0103n\u0103r\u00eeng\u0103\" \/>\n<meta name=\"twitter:card\" content=\"summary_large_image\" \/>\n<meta name=\"twitter:label1\" content=\"Written by\" \/>\n\t<meta name=\"twitter:data1\" content=\"Andreea St\u0103n\u0103r\u00eeng\u0103\" \/>\n\t<meta name=\"twitter:label2\" content=\"Estimated reading time\" \/>\n\t<meta name=\"twitter:data2\" content=\"2 minutes\" \/>\n<script type=\"application\/ld+json\" class=\"yoast-schema-graph\">{\"@context\":\"https:\\\/\\\/schema.org\",\"@graph\":[{\"@type\":\"Article\",\"@id\":\"https:\\\/\\\/buletin.de\\\/bucuresti\\\/festivalul-strada-armeneasca-revine-intre-31-iulie-si-2-august-la-gradina-botanica\\\/#article\",\"isPartOf\":{\"@id\":\"https:\\\/\\\/buletin.de\\\/bucuresti\\\/festivalul-strada-armeneasca-revine-intre-31-iulie-si-2-august-la-gradina-botanica\\\/\"},\"author\":{\"name\":\"Andreea St\u0103n\u0103r\u00eeng\u0103\",\"@id\":\"https:\\\/\\\/buletin.de\\\/bucuresti\\\/#\\\/schema\\\/person\\\/81421a46fb84a0887cfd2238f5202586\"},\"headline\":\"Festivalul Strada Armeneasc\u0103 revine \u00eentre 31 iulie \u0219i 2 august, la Gr\u0103dina Botanic\u0103\",\"datePublished\":\"2026-07-16T01:00:00+00:00\",\"dateModified\":\"2026-07-26T16:09:47+00:00\",\"mainEntityOfPage\":{\"@id\":\"https:\\\/\\\/buletin.de\\\/bucuresti\\\/festivalul-strada-armeneasca-revine-intre-31-iulie-si-2-august-la-gradina-botanica\\\/\"},\"wordCount\":371,\"publisher\":{\"@id\":\"https:\\\/\\\/buletin.de\\\/bucuresti\\\/#organization\"},\"image\":{\"@id\":\"https:\\\/\\\/buletin.de\\\/bucuresti\\\/festivalul-strada-armeneasca-revine-intre-31-iulie-si-2-august-la-gradina-botanica\\\/#primaryimage\"},\"thumbnailUrl\":\"https:\\\/\\\/buletin.de\\\/bucuresti\\\/wp-content\\\/uploads\\\/2026\\\/07\\\/Festivalul-Strada-Armeneasca.jpg\",\"keywords\":[\"festival\",\"Festivalul Strada Armeneasc\u0103\",\"gradina botanica\"],\"articleSection\":[\"Articole\",\"Cultur\u0103\",\"Diverse\",\"\u0218tiri\"],\"inLanguage\":\"en-GB\",\"copyrightYear\":\"2026\",\"copyrightHolder\":{\"@id\":\"https:\\\/\\\/buletin.de\\\/bucuresti\\\/#organization\"}},{\"@type\":\"WebPage\",\"@id\":\"https:\\\/\\\/buletin.de\\\/bucuresti\\\/festivalul-strada-armeneasca-revine-intre-31-iulie-si-2-august-la-gradina-botanica\\\/\",\"url\":\"https:\\\/\\\/buletin.de\\\/bucuresti\\\/festivalul-strada-armeneasca-revine-intre-31-iulie-si-2-august-la-gradina-botanica\\\/\",\"name\":\"Festivalul Strada Armeneasc\u0103 revine \u00eentre 31 iulie \u0219i 2 august, la Gr\u0103dina Botanic\u0103 - Buletin de Bucure\u0219ti\",\"isPartOf\":{\"@id\":\"https:\\\/\\\/buletin.de\\\/bucuresti\\\/#website\"},\"primaryImageOfPage\":{\"@id\":\"https:\\\/\\\/buletin.de\\\/bucuresti\\\/festivalul-strada-armeneasca-revine-intre-31-iulie-si-2-august-la-gradina-botanica\\\/#primaryimage\"},\"image\":{\"@id\":\"https:\\\/\\\/buletin.de\\\/bucuresti\\\/festivalul-strada-armeneasca-revine-intre-31-iulie-si-2-august-la-gradina-botanica\\\/#primaryimage\"},\"thumbnailUrl\":\"https:\\\/\\\/buletin.de\\\/bucuresti\\\/wp-content\\\/uploads\\\/2026\\\/07\\\/Festivalul-Strada-Armeneasca.jpg\",\"datePublished\":\"2026-07-16T01:00:00+00:00\",\"dateModified\":\"2026-07-26T16:09:47+00:00\",\"description\":\"Anul acesta va avea loc cea dea zecea edi\u021bie a Festivalului Strada Armeneasc\u0103, \u00een perioada 31 iulie - 2 august, la Gr\u0103dina Botanic\u0103.\",\"breadcrumb\":{\"@id\":\"https:\\\/\\\/buletin.de\\\/bucuresti\\\/festivalul-strada-armeneasca-revine-intre-31-iulie-si-2-august-la-gradina-botanica\\\/#breadcrumb\"},\"inLanguage\":\"en-GB\",\"potentialAction\":[{\"@type\":\"ReadAction\",\"target\":[\"https:\\\/\\\/buletin.de\\\/bucuresti\\\/festivalul-strada-armeneasca-revine-intre-31-iulie-si-2-august-la-gradina-botanica\\\/\"]}]},{\"@type\":\"ImageObject\",\"inLanguage\":\"en-GB\",\"@id\":\"https:\\\/\\\/buletin.de\\\/bucuresti\\\/festivalul-strada-armeneasca-revine-intre-31-iulie-si-2-august-la-gradina-botanica\\\/#primaryimage\",\"url\":\"https:\\\/\\\/buletin.de\\\/bucuresti\\\/wp-content\\\/uploads\\\/2026\\\/07\\\/Festivalul-Strada-Armeneasca.jpg\",\"contentUrl\":\"https:\\\/\\\/buletin.de\\\/bucuresti\\\/wp-content\\\/uploads\\\/2026\\\/07\\\/Festivalul-Strada-Armeneasca.jpg\",\"width\":1200,\"height\":650,\"caption\":\"Festivalul Strada Armeneasc\u0103 revine \u00een Bucure\u0219ti. Foto: FB\\\/Festivalul Strada Armeneasc\u0103\"},{\"@type\":\"BreadcrumbList\",\"@id\":\"https:\\\/\\\/buletin.de\\\/bucuresti\\\/festivalul-strada-armeneasca-revine-intre-31-iulie-si-2-august-la-gradina-botanica\\\/#breadcrumb\",\"itemListElement\":[{\"@type\":\"ListItem\",\"position\":1,\"name\":\"Acas\u0103\",\"item\":\"https:\\\/\\\/buletin.de\\\/bucuresti\\\/\"},{\"@type\":\"ListItem\",\"position\":2,\"name\":\"Festivalul Strada Armeneasc\u0103 revine \u00eentre 31 iulie \u0219i 2 august, la Gr\u0103dina Botanic\u0103\"}]},{\"@type\":\"WebSite\",\"@id\":\"https:\\\/\\\/buletin.de\\\/bucuresti\\\/#website\",\"url\":\"https:\\\/\\\/buletin.de\\\/bucuresti\\\/\",\"name\":\"Buletin de Bucure\u0219ti\",\"description\":\"\u0218tiri \u0219i investiga\u021bii esen\u021biale din capital\u0103\",\"publisher\":{\"@id\":\"https:\\\/\\\/buletin.de\\\/bucuresti\\\/#organization\"},\"potentialAction\":[{\"@type\":\"SearchAction\",\"target\":{\"@type\":\"EntryPoint\",\"urlTemplate\":\"https:\\\/\\\/buletin.de\\\/bucuresti\\\/?s={search_term_string}\"},\"query-input\":{\"@type\":\"PropertyValueSpecification\",\"valueRequired\":true,\"valueName\":\"search_term_string\"}}],\"inLanguage\":\"en-GB\"},{\"@type\":\"Organization\",\"@id\":\"https:\\\/\\\/buletin.de\\\/bucuresti\\\/#organization\",\"name\":\"Buletin de Bucure\u0219ti\",\"url\":\"https:\\\/\\\/buletin.de\\\/bucuresti\\\/\",\"logo\":{\"@type\":\"ImageObject\",\"inLanguage\":\"en-GB\",\"@id\":\"https:\\\/\\\/buletin.de\\\/bucuresti\\\/#\\\/schema\\\/logo\\\/image\\\/\",\"url\":\"https:\\\/\\\/buletin.de\\\/bucuresti\\\/wp-content\\\/uploads\\\/logo-bdb-full-wide-vernil-transparent.png\",\"contentUrl\":\"https:\\\/\\\/buletin.de\\\/bucuresti\\\/wp-content\\\/uploads\\\/logo-bdb-full-wide-vernil-transparent.png\",\"width\":1782,\"height\":626,\"caption\":\"Buletin de Bucure\u0219ti\"},\"image\":{\"@id\":\"https:\\\/\\\/buletin.de\\\/bucuresti\\\/#\\\/schema\\\/logo\\\/image\\\/\"},\"sameAs\":[\"https:\\\/\\\/www.facebook.com\\\/buletin.de.buc\",\"https:\\\/\\\/www.instagram.com\\\/buletinde.bucuresti\\\/\"]},{\"@type\":\"Person\",\"@id\":\"https:\\\/\\\/buletin.de\\\/bucuresti\\\/#\\\/schema\\\/person\\\/81421a46fb84a0887cfd2238f5202586\",\"name\":\"Andreea St\u0103n\u0103r\u00eeng\u0103\",\"image\":{\"@type\":\"ImageObject\",\"inLanguage\":\"en-GB\",\"@id\":\"https:\\\/\\\/buletin.de\\\/bucuresti\\\/wp-content\\\/uploads\\\/2026\\\/06\\\/BDB_Andreea_S-1-96x96.jpgb79b6b91f9c59ea2bdedd1d8c093f6b4\",\"url\":\"https:\\\/\\\/buletin.de\\\/bucuresti\\\/wp-content\\\/uploads\\\/2026\\\/06\\\/BDB_Andreea_S-1-96x96.jpg\",\"contentUrl\":\"https:\\\/\\\/buletin.de\\\/bucuresti\\\/wp-content\\\/uploads\\\/2026\\\/06\\\/BDB_Andreea_S-1-96x96.jpg\",\"caption\":\"Andreea St\u0103n\u0103r\u00eeng\u0103\"},\"description\":\"Face parte din echipa Buletin de Bucure\u0219ti din 2025. A colaborat cu c\u00e2teva publica\u021bii, printre care \u0219i Fanatik.ro, unde s-a ocupat de \u0219tiri de lifestyle \u0219i de actualitate. A f\u0103cut un pas c\u0103tre presa local\u0103 pentru a explora Bucure\u0219tiul \u0219i pove\u0219tile care merit\u0103 spuse.\",\"url\":\"https:\\\/\\\/buletin.de\\\/bucuresti\\\/author\\\/andreea-stanaranga\\\/\"}]}<\/script>\n<!-- \/ Yoast SEO Premium plugin. -->","yoast_head_json":{"title":"Festivalul Strada Armeneasc\u0103 revine \u00eentre 31 iulie \u0219i 2 august, la Gr\u0103dina Botanic\u0103 - Buletin de Bucure\u0219ti","description":"Anul acesta va avea loc cea dea zecea edi\u021bie a Festivalului Strada Armeneasc\u0103, \u00een perioada 31 iulie - 2 august, la Gr\u0103dina Botanic\u0103.","robots":{"index":"index","follow":"follow","max-snippet":"max-snippet:-1","max-image-preview":"max-image-preview:large","max-video-preview":"max-video-preview:-1"},"canonical":"https:\/\/buletin.de\/bucuresti\/festivalul-strada-armeneasca-revine-intre-31-iulie-si-2-august-la-gradina-botanica\/","og_locale":"en_GB","og_type":"article","og_title":"Festivalul Strada Armeneasc\u0103 revine \u00eentre 31 iulie \u0219i 2 august, la Gr\u0103dina Botanic\u0103","og_description":"Anul acesta va avea loc cea dea zecea edi\u021bie a Festivalului Strada Armeneasc\u0103, \u00een perioada 31 iulie - 2 august, la Gr\u0103dina Botanic\u0103.","og_url":"https:\/\/buletin.de\/bucuresti\/festivalul-strada-armeneasca-revine-intre-31-iulie-si-2-august-la-gradina-botanica\/","og_site_name":"Buletin de Bucure\u0219ti","article_publisher":"https:\/\/www.facebook.com\/buletin.de.buc","article_published_time":"2026-07-16T01:00:00+00:00","article_modified_time":"2026-07-26T16:09:47+00:00","og_image":[{"width":1200,"height":650,"url":"https:\/\/buletin.de\/bucuresti\/wp-content\/uploads\/2026\/07\/Festivalul-Strada-Armeneasca.jpg","type":"image\/jpeg"}],"author":"Andreea St\u0103n\u0103r\u00eeng\u0103","twitter_card":"summary_large_image","twitter_misc":{"Written by":"Andreea St\u0103n\u0103r\u00eeng\u0103","Estimated reading time":"2 minutes"},"schema":{"@context":"https:\/\/schema.org","@graph":[{"@type":"Article","@id":"https:\/\/buletin.de\/bucuresti\/festivalul-strada-armeneasca-revine-intre-31-iulie-si-2-august-la-gradina-botanica\/#article","isPartOf":{"@id":"https:\/\/buletin.de\/bucuresti\/festivalul-strada-armeneasca-revine-intre-31-iulie-si-2-august-la-gradina-botanica\/"},"author":{"name":"Andreea St\u0103n\u0103r\u00eeng\u0103","@id":"https:\/\/buletin.de\/bucuresti\/#\/schema\/person\/81421a46fb84a0887cfd2238f5202586"},"headline":"Festivalul Strada Armeneasc\u0103 revine \u00eentre 31 iulie \u0219i 2 august, la Gr\u0103dina Botanic\u0103","datePublished":"2026-07-16T01:00:00+00:00","dateModified":"2026-07-26T16:09:47+00:00","mainEntityOfPage":{"@id":"https:\/\/buletin.de\/bucuresti\/festivalul-strada-armeneasca-revine-intre-31-iulie-si-2-august-la-gradina-botanica\/"},"wordCount":371,"publisher":{"@id":"https:\/\/buletin.de\/bucuresti\/#organization"},"image":{"@id":"https:\/\/buletin.de\/bucuresti\/festivalul-strada-armeneasca-revine-intre-31-iulie-si-2-august-la-gradina-botanica\/#primaryimage"},"thumbnailUrl":"https:\/\/buletin.de\/bucuresti\/wp-content\/uploads\/2026\/07\/Festivalul-Strada-Armeneasca.jpg","keywords":["festival","Festivalul Strada Armeneasc\u0103","gradina botanica"],"articleSection":["Articole","Cultur\u0103","Diverse","\u0218tiri"],"inLanguage":"en-GB","copyrightYear":"2026","copyrightHolder":{"@id":"https:\/\/buletin.de\/bucuresti\/#organization"}},{"@type":"WebPage","@id":"https:\/\/buletin.de\/bucuresti\/festivalul-strada-armeneasca-revine-intre-31-iulie-si-2-august-la-gradina-botanica\/","url":"https:\/\/buletin.de\/bucuresti\/festivalul-strada-armeneasca-revine-intre-31-iulie-si-2-august-la-gradina-botanica\/","name":"Festivalul Strada Armeneasc\u0103 revine \u00eentre 31 iulie \u0219i 2 august, la Gr\u0103dina Botanic\u0103 - Buletin de Bucure\u0219ti","isPartOf":{"@id":"https:\/\/buletin.de\/bucuresti\/#website"},"primaryImageOfPage":{"@id":"https:\/\/buletin.de\/bucuresti\/festivalul-strada-armeneasca-revine-intre-31-iulie-si-2-august-la-gradina-botanica\/#primaryimage"},"image":{"@id":"https:\/\/buletin.de\/bucuresti\/festivalul-strada-armeneasca-revine-intre-31-iulie-si-2-august-la-gradina-botanica\/#primaryimage"},"thumbnailUrl":"https:\/\/buletin.de\/bucuresti\/wp-content\/uploads\/2026\/07\/Festivalul-Strada-Armeneasca.jpg","datePublished":"2026-07-16T01:00:00+00:00","dateModified":"2026-07-26T16:09:47+00:00","description":"Anul acesta va avea loc cea dea zecea edi\u021bie a Festivalului Strada Armeneasc\u0103, \u00een perioada 31 iulie - 2 august, la Gr\u0103dina Botanic\u0103.","breadcrumb":{"@id":"https:\/\/buletin.de\/bucuresti\/festivalul-strada-armeneasca-revine-intre-31-iulie-si-2-august-la-gradina-botanica\/#breadcrumb"},"inLanguage":"en-GB","potentialAction":[{"@type":"ReadAction","target":["https:\/\/buletin.de\/bucuresti\/festivalul-strada-armeneasca-revine-intre-31-iulie-si-2-august-la-gradina-botanica\/"]}]},{"@type":"ImageObject","inLanguage":"en-GB","@id":"https:\/\/buletin.de\/bucuresti\/festivalul-strada-armeneasca-revine-intre-31-iulie-si-2-august-la-gradina-botanica\/#primaryimage","url":"https:\/\/buletin.de\/bucuresti\/wp-content\/uploads\/2026\/07\/Festivalul-Strada-Armeneasca.jpg","contentUrl":"https:\/\/buletin.de\/bucuresti\/wp-content\/uploads\/2026\/07\/Festivalul-Strada-Armeneasca.jpg","width":1200,"height":650,"caption":"Festivalul Strada Armeneasc\u0103 revine \u00een Bucure\u0219ti. Foto: FB\/Festivalul Strada Armeneasc\u0103"},{"@type":"BreadcrumbList","@id":"https:\/\/buletin.de\/bucuresti\/festivalul-strada-armeneasca-revine-intre-31-iulie-si-2-august-la-gradina-botanica\/#breadcrumb","itemListElement":[{"@type":"ListItem","position":1,"name":"Acas\u0103","item":"https:\/\/buletin.de\/bucuresti\/"},{"@type":"ListItem","position":2,"name":"Festivalul Strada Armeneasc\u0103 revine \u00eentre 31 iulie \u0219i 2 august, la Gr\u0103dina Botanic\u0103"}]},{"@type":"WebSite","@id":"https:\/\/buletin.de\/bucuresti\/#website","url":"https:\/\/buletin.de\/bucuresti\/","name":"Buletin de Bucure\u0219ti","description":"\u0218tiri \u0219i investiga\u021bii esen\u021biale din capital\u0103","publisher":{"@id":"https:\/\/buletin.de\/bucuresti\/#organization"},"potentialAction":[{"@type":"SearchAction","target":{"@type":"EntryPoint","urlTemplate":"https:\/\/buletin.de\/bucuresti\/?s={search_term_string}"},"query-input":{"@type":"PropertyValueSpecification","valueRequired":true,"valueName":"search_term_string"}}],"inLanguage":"en-GB"},{"@type":"Organization","@id":"https:\/\/buletin.de\/bucuresti\/#organization","name":"Buletin de Bucure\u0219ti","url":"https:\/\/buletin.de\/bucuresti\/","logo":{"@type":"ImageObject","inLanguage":"en-GB","@id":"https:\/\/buletin.de\/bucuresti\/#\/schema\/logo\/image\/","url":"https:\/\/buletin.de\/bucuresti\/wp-content\/uploads\/logo-bdb-full-wide-vernil-transparent.png","contentUrl":"https:\/\/buletin.de\/bucuresti\/wp-content\/uploads\/logo-bdb-full-wide-vernil-transparent.png","width":1782,"height":626,"caption":"Buletin de Bucure\u0219ti"},"image":{"@id":"https:\/\/buletin.de\/bucuresti\/#\/schema\/logo\/image\/"},"sameAs":["https:\/\/www.facebook.com\/buletin.de.buc","https:\/\/www.instagram.com\/buletinde.bucuresti\/"]},{"@type":"Person","@id":"https:\/\/buletin.de\/bucuresti\/#\/schema\/person\/81421a46fb84a0887cfd2238f5202586","name":"Andreea St\u0103n\u0103r\u00eeng\u0103","image":{"@type":"ImageObject","inLanguage":"en-GB","@id":"https:\/\/buletin.de\/bucuresti\/wp-content\/uploads\/2026\/06\/BDB_Andreea_S-1-96x96.jpgb79b6b91f9c59ea2bdedd1d8c093f6b4","url":"https:\/\/buletin.de\/bucuresti\/wp-content\/uploads\/2026\/06\/BDB_Andreea_S-1-96x96.jpg","contentUrl":"https:\/\/buletin.de\/bucuresti\/wp-content\/uploads\/2026\/06\/BDB_Andreea_S-1-96x96.jpg","caption":"Andreea St\u0103n\u0103r\u00eeng\u0103"},"description":"Face parte din echipa Buletin de Bucure\u0219ti din 2025. A colaborat cu c\u00e2teva publica\u021bii, printre care \u0219i Fanatik.ro, unde s-a ocupat de \u0219tiri de lifestyle \u0219i de actualitate. A f\u0103cut un pas c\u0103tre presa local\u0103 pentru a explora Bucure\u0219tiul \u0219i pove\u0219tile care merit\u0103 spuse.","url":"https:\/\/buletin.de\/bucuresti\/author\/andreea-stanaranga\/"}]}},"authors":[{"term_id":23912,"user_id":65,"is_guest":0,"slug":"andreea-stanaranga","display_name":"Andreea St\u0103n\u0103r\u00eeng\u0103","avatar_url":"https:\/\/buletin.de\/bucuresti\/wp-content\/uploads\/2026\/06\/BDB_Andreea_S-1-96x96.jpg","author_category":"1","first_name":"Andreea","last_name":"St\u0103n\u0103r\u00eeng\u0103","user_url":"","job_title":"","description":"Face parte din echipa Buletin de Bucure\u0219ti din 2025. A colaborat cu c\u00e2teva publica\u021bii, printre care \u0219i Fanatik.ro, unde s-a ocupat de \u0219tiri de lifestyle \u0219i de actualitate. A f\u0103cut un pas c\u0103tre presa local\u0103 pentru a explora Bucure\u0219tiul \u0219i pove\u0219tile care merit\u0103 spuse."}],"_links":{"self":[{"href":"https:\/\/buletin.de\/bucuresti\/wp-json\/wp\/v2\/posts\/206147","targetHints":{"allow":["GET"]}}],"collection":[{"href":"https:\/\/buletin.de\/bucuresti\/wp-json\/wp\/v2\/posts"}],"about":[{"href":"https:\/\/buletin.de\/bucuresti\/wp-json\/wp\/v2\/types\/post"}],"author":[{"embeddable":true,"href":"https:\/\/buletin.de\/bucuresti\/wp-json\/wp\/v2\/users\/65"}],"replies":[{"embeddable":true,"href":"https:\/\/buletin.de\/bucuresti\/wp-json\/wp\/v2\/comments?post=206147"}],"version-history":[{"count":5,"href":"https:\/\/buletin.de\/bucuresti\/wp-json\/wp\/v2\/posts\/206147\/revisions"}],"predecessor-version":[{"id":208136,"href":"https:\/\/buletin.de\/bucuresti\/wp-json\/wp\/v2\/posts\/206147\/revisions\/208136"}],"wp:featuredmedia":[{"embeddable":true,"href":"https:\/\/buletin.de\/bucuresti\/wp-json\/wp\/v2\/media\/206152"}],"wp:attachment":[{"href":"https:\/\/buletin.de\/bucuresti\/wp-json\/wp\/v2\/media?parent=206147"}],"wp:term":[{"taxonomy":"category","embeddable":true,"href":"https:\/\/buletin.de\/bucuresti\/wp-json\/wp\/v2\/categories?post=206147"},{"taxonomy":"post_tag","embeddable":true,"href":"https:\/\/buletin.de\/bucuresti\/wp-json\/wp\/v2\/tags?post=206147"},{"taxonomy":"author","embeddable":true,"href":"https:\/\/buletin.de\/bucuresti\/wp-json\/wp\/v2\/ppma_author?post=206147"}],"curies":[{"name":"wp","href":"https:\/\/api.w.org\/{rel}","templated":true}]}}