{"id":206084,"date":"2026-07-16T06:00:00","date_gmt":"2026-07-16T03:00:00","guid":{"rendered":"https:\/\/buletin.de\/bucuresti\/?p=206084"},"modified":"2026-07-16T16:52:47","modified_gmt":"2026-07-16T13:52:47","slug":"un-proiect-nerealizat-opt-ani-s-a-scumpit-de-patru-ori-reabilitarea-gradinitei-242-revine-pe-masa-consiliului-local-al-sectorului-5","status":"publish","type":"post","link":"https:\/\/buletin.de\/bucuresti\/un-proiect-nerealizat-opt-ani-s-a-scumpit-de-patru-ori-reabilitarea-gradinitei-242-revine-pe-masa-consiliului-local-al-sectorului-5\/","title":{"rendered":"Un proiect nerealizat opt ani s-a scumpit de patru ori. Reabilitarea Gr\u0103dini\u021bei 242 revine pe masa Consiliului Local al Sectorului 5"},"content":{"rendered":"\n<p class=\"wp-block-paragraph\"><strong>Un proiect vechi de opt ani, care vizeaz\u0103 reabilitarea Gr\u0103dini\u021bei 242, revine pe masa Consiliului Local al Sectorului 5. \u00centre timp, costurile sunt de peste patru ori mai mari.<\/strong><\/p>\n\n\n\n<p class=\"wp-block-paragraph\">Consilierii locali urmeaz\u0103 s\u0103 voteze actualizarea valorii investi\u021biei \u0219i aprobarea proiectului pentru ob\u021binerea finan\u021b\u0103rii europene \u00een cadrul Programului Regional Bucure\u0219ti-Ilfov 2021-2027.<\/p>\n\n\n\n<h2 id=\"h-reabilitarea-gradini\u021bei-nr-242-proiect-vechi-de-opt-ani\" class=\"wp-block-heading\">Reabilitarea Gr\u0103dini\u021bei nr. 242, proiect vechi de opt ani <\/h2>\n\n\n\n<p class=\"wp-block-paragraph\">Administra\u021bia local\u0103 propune modificarea Hot\u0103r\u00e2rii nr. 64 din 2018 privind indicatorii tehnico-economici ai investi\u021biei \u201eLucr\u0103ri de reabilitare \u0219i consolidare <a href=\"https:\/\/buletin.de\/bucuresti\/gradinita-de-vacanta-pe-banii-parintilor-primaria-sectorului-5-anuleaza-banii-de-hrana-pentru-copii-din-lipsa-de-fonduri\/\" data-type=\"link\" data-id=\"https:\/\/buletin.de\/bucuresti\/gradinita-de-vacanta-pe-banii-parintilor-primaria-sectorului-5-anuleaza-banii-de-hrana-pentru-copii-din-lipsa-de-fonduri\/\" target=\"_blank\" rel=\"noreferrer noopener\">Gr\u0103dini\u021ba <\/a>nr. 242\u201d, de pe strada Tufi\u0219ului nr. 8. <\/p>\n\n\n\n<p class=\"wp-block-paragraph\">Aceast\u0103 actualizare este necesar\u0103 \u00een urma solicit\u0103rilor de clarific\u0103ri formulate de Autoritatea de Management a Programului Regional Bucure\u0219ti-Ilfov, \u00een etapa de evaluare a cererii de finan\u021bare.<\/p>\n\n\n\n<p class=\"wp-block-paragraph\">Potrivit<a href=\"https:\/\/sector5.ro\/media\/2026\/07\/Punctul-2.pdf\" data-type=\"link\" data-id=\"https:\/\/sector5.ro\/media\/2026\/07\/Punctul-2.pdf\" target=\"_blank\" rel=\"noreferrer noopener\"> documenta\u021biei proiectului de hot\u0103r\u00e2re<\/a>, noua valoare a investi\u021biei ajunge la <strong>34,88 milioane de lei cu TVA<\/strong>, din care lucr\u0103rile de construc\u021bii-montaj sunt estimate la <strong>22,81 milioane de lei cu TVA<\/strong>. Durata estimat\u0103 de execu\u021bie este de 29 de luni, iar suprafa\u021ba construit\u0103 desf\u0103\u0219urat\u0103 a cl\u0103dirii este de <strong>3.579 mp<\/strong>.<\/p>\n\n\n\n<figure class=\"wp-block-image size-full is-resized\"><img fetchpriority=\"high\" decoding=\"async\" width=\"659\" height=\"301\" src=\"data:image\/gif;base64,R0lGODlhAQABAAAAACH5BAEKAAEALAAAAAABAAEAAAICTAEAOw==\" data-src=\"https:\/\/buletin.de\/bucuresti\/wp-content\/uploads\/2026\/07\/Screenshot-2026-07-15-195800.png\" alt=\"Reabilitarea Gr\u0103dini\u021bei 242\" class=\"wp-image-206134 lazyload\" style=\"aspect-ratio:2.189543845032285;width:657px;height:auto\" data-sizes=\"auto\" data-srcset=\"https:\/\/buletin.de\/bucuresti\/wp-content\/uploads\/2026\/07\/Screenshot-2026-07-15-195800.png 659w, https:\/\/buletin.de\/bucuresti\/wp-content\/uploads\/2026\/07\/Screenshot-2026-07-15-195800-300x137.png 300w, https:\/\/buletin.de\/bucuresti\/wp-content\/uploads\/2026\/07\/Screenshot-2026-07-15-195800-600x274.png 600w, https:\/\/buletin.de\/bucuresti\/wp-content\/uploads\/2026\/07\/Screenshot-2026-07-15-195800-20x9.png 20w\" sizes=\"(max-width: 659px) 100vw, 659px\" \/><figcaption class=\"wp-element-caption\">Reabilitarea Gr\u0103dini\u021bei 242 s-a scumpit de patru ori<\/figcaption><\/figure>\n\n\n\n<p class=\"wp-block-paragraph\"><em>\u201e\u00cen urma etapei de evaluare \u015fi a clarific\u0103rilor solicitate de Autoritatea de Management pentru Programul Regional Bucure\u015fti-Ilfov 2021-2027, a fost necesar\u0103 actualizarea \u015fi recorelarea indicatorilor tehnico-economici aferen\u021bi obiectivului de investi\u021bii cu documenta\u021bia tehnico-economic\u0103 revizuit\u0103 \u015fi cu bugetul cererii de finan\u0163are.\u201d<\/em>, se men\u021bioneaz\u0103 \u00een referatul de aprobare al proiectului. <\/p>\n\n\n\n<p class=\"wp-block-paragraph\"><strong>Ini\u021bial, valoarea investi\u021biei era de peste 7,7 milioane de lei, conform <a href=\"https:\/\/sector5.ro\/media\/2021\/03\/hcl-nr-64-din-10042018.pdf\" data-type=\"link\" data-id=\"https:\/\/sector5.ro\/media\/2021\/03\/hcl-nr-64-din-10042018.pdf\" target=\"_blank\" rel=\"noreferrer noopener\">hot\u0103r\u00e2rii <\/a>aprobate \u00een anul 2018. <\/strong><\/p>\n\n\n\n<figure class=\"wp-block-image size-large\"><img decoding=\"async\" width=\"1000\" height=\"40\" src=\"data:image\/gif;base64,R0lGODlhAQABAAAAACH5BAEKAAEALAAAAAABAAEAAAICTAEAOw==\" data-src=\"https:\/\/buletin.de\/bucuresti\/wp-content\/uploads\/2026\/07\/image-33-1000x40.png\" alt=\"\" class=\"wp-image-206139 lazyload\" data-sizes=\"auto\" data-srcset=\"https:\/\/buletin.de\/bucuresti\/wp-content\/uploads\/2026\/07\/image-33-1000x40.png 1000w, https:\/\/buletin.de\/bucuresti\/wp-content\/uploads\/2026\/07\/image-33-300x12.png 300w, https:\/\/buletin.de\/bucuresti\/wp-content\/uploads\/2026\/07\/image-33-768x31.png 768w, https:\/\/buletin.de\/bucuresti\/wp-content\/uploads\/2026\/07\/image-33-600x24.png 600w, https:\/\/buletin.de\/bucuresti\/wp-content\/uploads\/2026\/07\/image-33-20x1.png 20w, https:\/\/buletin.de\/bucuresti\/wp-content\/uploads\/2026\/07\/image-33.png 1097w\" sizes=\"(max-width: 1000px) 100vw, 1000px\" \/><\/figure>\n\n\n\n<figure class=\"wp-block-image size-full\"><img decoding=\"async\" width=\"718\" height=\"213\" src=\"data:image\/gif;base64,R0lGODlhAQABAAAAACH5BAEKAAEALAAAAAABAAEAAAICTAEAOw==\" data-src=\"https:\/\/buletin.de\/bucuresti\/wp-content\/uploads\/2026\/07\/image-34.png\" alt=\"\" class=\"wp-image-206140 lazyload\" data-sizes=\"auto\" data-srcset=\"https:\/\/buletin.de\/bucuresti\/wp-content\/uploads\/2026\/07\/image-34.png 718w, https:\/\/buletin.de\/bucuresti\/wp-content\/uploads\/2026\/07\/image-34-300x89.png 300w, https:\/\/buletin.de\/bucuresti\/wp-content\/uploads\/2026\/07\/image-34-600x178.png 600w, https:\/\/buletin.de\/bucuresti\/wp-content\/uploads\/2026\/07\/image-34-20x6.png 20w\" sizes=\"(max-width: 718px) 100vw, 718px\" \/><\/figure>\n\n\n\n<p class=\"wp-block-paragraph\">Costurile proiectului au crescut de peste patru ori, comparativ cu indicatorii aproba\u021bi \u00een 2018, pe fondul actualiz\u0103rii documenta\u021biei tehnice \u0219i al alinierii acesteia la cerin\u021bele actualului program de finan\u021bare european\u0103.<\/p>\n\n\n\n<h2 id=\"h-proiect-privind-cre\u0219terea-eficien\u021bei-energetice-a-gradini\u021bei\" class=\"wp-block-heading\">Proiect privind cre\u0219terea eficien\u021bei energetice a gr\u0103dini\u021bei <\/h2>\n\n\n\n<p class=\"wp-block-paragraph\"><strong>De asemenea, este supus la vot \u0219i <a href=\"https:\/\/sector5.ro\/media\/2026\/07\/Punctul-3.pdf\" data-type=\"link\" data-id=\"https:\/\/sector5.ro\/media\/2026\/07\/Punctul-3.pdf\" target=\"_blank\" rel=\"noreferrer noopener\">un proiect de hot\u0103r\u00e2re<\/a> care prevede cre\u0219terea eficien\u021bei energetice a Gr\u0103dini\u021bei nr. 242, pentru care Prim\u0103ria Sectorului 5 solicit\u0103 finan\u021bare nerambursabil\u0103 prin Programul Regional Bucure\u0219ti-Ilfov 2021-2027.<\/strong><\/p>\n\n\n\n<p class=\"wp-block-paragraph\">Proiectul are o valoare total\u0103 estimat\u0103 la <strong>35,13 milioane de lei<\/strong>, dintre care <strong>26,67 milioane de lei<\/strong> reprezint\u0103 cheltuieli eligibile. Suma de <strong>24,8 milioane de lei<\/strong> va fi acoperit\u0103 din fonduri europene. Sectorul 5 contribuie cu <strong>1,87 milioane de lei<\/strong>, reprezent\u00e2nd cofinan\u021barea de 7% din cheltuielile eligibile, la care se adaug\u0103 acoperirea cheltuielilor neeligibile, \u00een valoare de aproximativ <strong>8,46 milioane de lei<\/strong>.<\/p>\n\n\n\n<figure class=\"wp-block-image size-full\"><img loading=\"lazy\" decoding=\"async\" width=\"768\" height=\"257\" src=\"data:image\/gif;base64,R0lGODlhAQABAAAAACH5BAEKAAEALAAAAAABAAEAAAICTAEAOw==\" data-src=\"https:\/\/buletin.de\/bucuresti\/wp-content\/uploads\/2026\/07\/image-31.png\" alt=\"\" class=\"wp-image-206136 lazyload\" data-sizes=\"auto\" data-srcset=\"https:\/\/buletin.de\/bucuresti\/wp-content\/uploads\/2026\/07\/image-31.png 768w, https:\/\/buletin.de\/bucuresti\/wp-content\/uploads\/2026\/07\/image-31-300x100.png 300w, https:\/\/buletin.de\/bucuresti\/wp-content\/uploads\/2026\/07\/image-31-600x201.png 600w, https:\/\/buletin.de\/bucuresti\/wp-content\/uploads\/2026\/07\/image-31-20x7.png 20w\" sizes=\"(max-width: 768px) 100vw, 768px\" \/><\/figure>\n\n\n\n<p class=\"wp-block-paragraph\">Acest proiect vizeaz\u0103 modernizarea complet\u0103 a gr\u0103dini\u021bei prin lucr\u0103ri de reabilitare termic\u0103, modernizarea instala\u021biilor \u0219i integrarea unor surse regenerabile de energie, astfel \u00eenc\u00e2t cl\u0103direa s\u0103 \u00eendeplineasc\u0103 standardele actuale de eficien\u021b\u0103 energetic\u0103.<\/p>\n\n\n\n<p class=\"wp-block-paragraph\"><em>\u201e\u00cen prezent, proiectul se afl\u0103 \u00een etapa de contractare. Ca urmare a solicit\u0103rii de clarific\u0103ri transmise de Autoritatea de Management pentru Programul Regional Bucure\u015fti-Ilfov 2021-2027 \u015fi av\u00e2nd \u00een vedere termenul scurt de r\u0103spuns stabilit de aceasta, este necesar\u0103 aprobarea de c\u0103tre Consiliul Local al Sectorului 5 a proiectului \u0219i a indicatorilor financiari aferen\u021bi, \u00een vederea semn\u0103rii contractului de finan\u021bare.\u201d<\/em>, se precizeaz\u0103 \u00een referatul de aprobare al proiectului. <\/p>\n\n\n\n<p class=\"wp-block-paragraph\">Ambele proiecte vor fi supuse la vot \u00een \u0219edin\u021ba extraordinar\u0103 a Consiliului Local Sector 5 de joi, 16 iulie 2026.<\/p>\n\n\n\n<p class=\"wp-block-paragraph\"><strong>CITE\u0218TE \u0218I <a href=\"https:\/\/buletin.de\/bucuresti\/un-nou-complex-educational-propus-pe-strada-victor-brauner-din-pallady-primaria-sectorului-3-cere-acordul-pmb-pentru-a-cumpara-aproape-17-hectare-de-teren\/\" target=\"_blank\" rel=\"noreferrer noopener\">Un nou complex educa\u021bional, propus pe Strada Victor Brauner din Pallady. Prim\u0103ria Sectorului 3 cere acordul PMB pentru a cump\u0103ra aproape 1,7 hectare de teren<\/a><\/strong><\/p>\n","protected":false},"excerpt":{"rendered":"<p>Un proiect vechi de opt ani, care vizeaz\u0103 reabilitarea Gr\u0103dini\u021bei 242, revine pe masa Consiliului Local al Sectorului 5. \u00centre timp, costurile sunt de peste patru ori mai mari. Consilierii locali urmeaz\u0103 s\u0103 voteze actualizarea valorii investi\u021biei \u0219i aprobarea proiectului pentru ob\u021binerea finan\u021b\u0103rii europene \u00een cadrul Programului Regional Bucure\u0219ti-Ilfov 2021-2027. Reabilitarea Gr\u0103dini\u021bei nr. 242, proiect [&hellip;]<\/p>\n","protected":false},"author":65,"featured_media":206142,"comment_status":"closed","ping_status":"open","sticky":false,"template":"","format":"standard","meta":{"_acf_changed":false,"inline_featured_image":false,"ngg_post_thumbnail":0,"footnotes":""},"categories":[6994,5762,24],"tags":[5814,29477,1402,23285,188],"ppma_author":[23912],"class_list":["post-206084","post","type-post","status-publish","format-standard","has-post-thumbnail","hentry","category-stiri-2","category-main","category-primarie","tag-gradinita","tag-gradinita-nr-242","tag-reabilitare","tag-reabilitare-gradinite","tag-sector-5"],"acf":[],"a3_pvc":{"activated":false,"total_views":0,"today_views":0},"yoast_head":"<!-- This site is optimized with the Yoast SEO Premium plugin v28.0 (Yoast SEO v28.3) - https:\/\/yoast.com\/product\/yoast-seo-premium-wordpress\/ -->\n<title>Un proiect nerealizat opt ani s-a scumpit de patru ori. Reabilitarea Gr\u0103dini\u021bei 242 revine pe masa Consiliului Local al Sectorului 5 - Buletin de Bucure\u0219ti<\/title>\n<meta name=\"description\" content=\"Un proiect vechi de opt ani, care vizeaz\u0103 reabilitarea Gr\u0103dini\u021bei nr. 242, revine pe masa Consiliului Local al Sectorului 5.\" \/>\n<meta name=\"robots\" content=\"index, follow, max-snippet:-1, max-image-preview:large, max-video-preview:-1\" \/>\n<link rel=\"canonical\" href=\"https:\/\/buletin.de\/bucuresti\/un-proiect-nerealizat-opt-ani-s-a-scumpit-de-patru-ori-reabilitarea-gradinitei-242-revine-pe-masa-consiliului-local-al-sectorului-5\/\" \/>\n<meta property=\"og:locale\" content=\"en_GB\" \/>\n<meta property=\"og:type\" content=\"article\" \/>\n<meta property=\"og:title\" content=\"Un proiect nerealizat opt ani s-a scumpit de patru ori. Reabilitarea Gr\u0103dini\u021bei 242 revine pe masa Consiliului Local al Sectorului 5\" \/>\n<meta property=\"og:description\" content=\"Un proiect vechi de opt ani, care vizeaz\u0103 reabilitarea Gr\u0103dini\u021bei nr. 242, revine pe masa Consiliului Local al Sectorului 5.\" \/>\n<meta property=\"og:url\" content=\"https:\/\/buletin.de\/bucuresti\/un-proiect-nerealizat-opt-ani-s-a-scumpit-de-patru-ori-reabilitarea-gradinitei-242-revine-pe-masa-consiliului-local-al-sectorului-5\/\" \/>\n<meta property=\"og:site_name\" content=\"Buletin de Bucure\u0219ti\" \/>\n<meta property=\"article:publisher\" content=\"https:\/\/www.facebook.com\/buletin.de.buc\" \/>\n<meta property=\"article:published_time\" content=\"2026-07-16T03:00:00+00:00\" \/>\n<meta property=\"article:modified_time\" content=\"2026-07-16T13:52:47+00:00\" \/>\n<meta property=\"og:image\" content=\"https:\/\/buletin.de\/bucuresti\/wp-content\/uploads\/2026\/07\/Gradinita-nr.-242-Sector-2-proiect.jpg\" \/>\n\t<meta property=\"og:image:width\" content=\"1200\" \/>\n\t<meta property=\"og:image:height\" content=\"650\" \/>\n\t<meta property=\"og:image:type\" content=\"image\/jpeg\" \/>\n<meta name=\"author\" content=\"Andreea St\u0103n\u0103r\u00eeng\u0103\" \/>\n<meta name=\"twitter:card\" content=\"summary_large_image\" \/>\n<meta name=\"twitter:label1\" content=\"Written by\" \/>\n\t<meta name=\"twitter:data1\" content=\"Andreea St\u0103n\u0103r\u00eeng\u0103\" \/>\n\t<meta name=\"twitter:label2\" content=\"Estimated reading time\" \/>\n\t<meta name=\"twitter:data2\" content=\"4 minutes\" \/>\n<script type=\"application\/ld+json\" class=\"yoast-schema-graph\">{\"@context\":\"https:\\\/\\\/schema.org\",\"@graph\":[{\"@type\":\"Article\",\"@id\":\"https:\\\/\\\/buletin.de\\\/bucuresti\\\/un-proiect-nerealizat-opt-ani-s-a-scumpit-de-patru-ori-reabilitarea-gradinitei-242-revine-pe-masa-consiliului-local-al-sectorului-5\\\/#article\",\"isPartOf\":{\"@id\":\"https:\\\/\\\/buletin.de\\\/bucuresti\\\/un-proiect-nerealizat-opt-ani-s-a-scumpit-de-patru-ori-reabilitarea-gradinitei-242-revine-pe-masa-consiliului-local-al-sectorului-5\\\/\"},\"author\":{\"name\":\"Andreea St\u0103n\u0103r\u00eeng\u0103\",\"@id\":\"https:\\\/\\\/buletin.de\\\/bucuresti\\\/#\\\/schema\\\/person\\\/81421a46fb84a0887cfd2238f5202586\"},\"headline\":\"Un proiect nerealizat opt ani s-a scumpit de patru ori. Reabilitarea Gr\u0103dini\u021bei 242 revine pe masa Consiliului Local al Sectorului 5\",\"datePublished\":\"2026-07-16T03:00:00+00:00\",\"dateModified\":\"2026-07-16T13:52:47+00:00\",\"mainEntityOfPage\":{\"@id\":\"https:\\\/\\\/buletin.de\\\/bucuresti\\\/un-proiect-nerealizat-opt-ani-s-a-scumpit-de-patru-ori-reabilitarea-gradinitei-242-revine-pe-masa-consiliului-local-al-sectorului-5\\\/\"},\"wordCount\":586,\"publisher\":{\"@id\":\"https:\\\/\\\/buletin.de\\\/bucuresti\\\/#organization\"},\"image\":{\"@id\":\"https:\\\/\\\/buletin.de\\\/bucuresti\\\/un-proiect-nerealizat-opt-ani-s-a-scumpit-de-patru-ori-reabilitarea-gradinitei-242-revine-pe-masa-consiliului-local-al-sectorului-5\\\/#primaryimage\"},\"thumbnailUrl\":\"https:\\\/\\\/buletin.de\\\/bucuresti\\\/wp-content\\\/uploads\\\/2026\\\/07\\\/Gradinita-nr.-242-Sector-2-proiect.jpg\",\"keywords\":[\"gradinita\",\"Gradini\u021ba nr. 242\",\"reabilitare\",\"reabilitare gradinite\",\"Sector 5\"],\"articleSection\":[\"Articole\",\"Main\",\"Prim\u0103rie\"],\"inLanguage\":\"en-GB\",\"copyrightYear\":\"2026\",\"copyrightHolder\":{\"@id\":\"https:\\\/\\\/buletin.de\\\/bucuresti\\\/#organization\"}},{\"@type\":\"WebPage\",\"@id\":\"https:\\\/\\\/buletin.de\\\/bucuresti\\\/un-proiect-nerealizat-opt-ani-s-a-scumpit-de-patru-ori-reabilitarea-gradinitei-242-revine-pe-masa-consiliului-local-al-sectorului-5\\\/\",\"url\":\"https:\\\/\\\/buletin.de\\\/bucuresti\\\/un-proiect-nerealizat-opt-ani-s-a-scumpit-de-patru-ori-reabilitarea-gradinitei-242-revine-pe-masa-consiliului-local-al-sectorului-5\\\/\",\"name\":\"Un proiect nerealizat opt ani s-a scumpit de patru ori. Reabilitarea Gr\u0103dini\u021bei 242 revine pe masa Consiliului Local al Sectorului 5 - Buletin de Bucure\u0219ti\",\"isPartOf\":{\"@id\":\"https:\\\/\\\/buletin.de\\\/bucuresti\\\/#website\"},\"primaryImageOfPage\":{\"@id\":\"https:\\\/\\\/buletin.de\\\/bucuresti\\\/un-proiect-nerealizat-opt-ani-s-a-scumpit-de-patru-ori-reabilitarea-gradinitei-242-revine-pe-masa-consiliului-local-al-sectorului-5\\\/#primaryimage\"},\"image\":{\"@id\":\"https:\\\/\\\/buletin.de\\\/bucuresti\\\/un-proiect-nerealizat-opt-ani-s-a-scumpit-de-patru-ori-reabilitarea-gradinitei-242-revine-pe-masa-consiliului-local-al-sectorului-5\\\/#primaryimage\"},\"thumbnailUrl\":\"https:\\\/\\\/buletin.de\\\/bucuresti\\\/wp-content\\\/uploads\\\/2026\\\/07\\\/Gradinita-nr.-242-Sector-2-proiect.jpg\",\"datePublished\":\"2026-07-16T03:00:00+00:00\",\"dateModified\":\"2026-07-16T13:52:47+00:00\",\"description\":\"Un proiect vechi de opt ani, care vizeaz\u0103 reabilitarea Gr\u0103dini\u021bei nr. 242, revine pe masa Consiliului Local al Sectorului 5.\",\"breadcrumb\":{\"@id\":\"https:\\\/\\\/buletin.de\\\/bucuresti\\\/un-proiect-nerealizat-opt-ani-s-a-scumpit-de-patru-ori-reabilitarea-gradinitei-242-revine-pe-masa-consiliului-local-al-sectorului-5\\\/#breadcrumb\"},\"inLanguage\":\"en-GB\",\"potentialAction\":[{\"@type\":\"ReadAction\",\"target\":[\"https:\\\/\\\/buletin.de\\\/bucuresti\\\/un-proiect-nerealizat-opt-ani-s-a-scumpit-de-patru-ori-reabilitarea-gradinitei-242-revine-pe-masa-consiliului-local-al-sectorului-5\\\/\"]}]},{\"@type\":\"ImageObject\",\"inLanguage\":\"en-GB\",\"@id\":\"https:\\\/\\\/buletin.de\\\/bucuresti\\\/un-proiect-nerealizat-opt-ani-s-a-scumpit-de-patru-ori-reabilitarea-gradinitei-242-revine-pe-masa-consiliului-local-al-sectorului-5\\\/#primaryimage\",\"url\":\"https:\\\/\\\/buletin.de\\\/bucuresti\\\/wp-content\\\/uploads\\\/2026\\\/07\\\/Gradinita-nr.-242-Sector-2-proiect.jpg\",\"contentUrl\":\"https:\\\/\\\/buletin.de\\\/bucuresti\\\/wp-content\\\/uploads\\\/2026\\\/07\\\/Gradinita-nr.-242-Sector-2-proiect.jpg\",\"width\":1200,\"height\":650,\"caption\":\"Reabilitarea Gr\u0103dini\u021bei nr. 242, din nou pe masa Consiliului Local Sector 5. Foto: Foogle Maps\"},{\"@type\":\"BreadcrumbList\",\"@id\":\"https:\\\/\\\/buletin.de\\\/bucuresti\\\/un-proiect-nerealizat-opt-ani-s-a-scumpit-de-patru-ori-reabilitarea-gradinitei-242-revine-pe-masa-consiliului-local-al-sectorului-5\\\/#breadcrumb\",\"itemListElement\":[{\"@type\":\"ListItem\",\"position\":1,\"name\":\"Acas\u0103\",\"item\":\"https:\\\/\\\/buletin.de\\\/bucuresti\\\/\"},{\"@type\":\"ListItem\",\"position\":2,\"name\":\"Un proiect nerealizat opt ani s-a scumpit de patru ori. Reabilitarea Gr\u0103dini\u021bei 242 revine pe masa Consiliului Local al Sectorului 5\"}]},{\"@type\":\"WebSite\",\"@id\":\"https:\\\/\\\/buletin.de\\\/bucuresti\\\/#website\",\"url\":\"https:\\\/\\\/buletin.de\\\/bucuresti\\\/\",\"name\":\"Buletin de Bucure\u0219ti\",\"description\":\"\u0218tiri \u0219i investiga\u021bii esen\u021biale din capital\u0103\",\"publisher\":{\"@id\":\"https:\\\/\\\/buletin.de\\\/bucuresti\\\/#organization\"},\"potentialAction\":[{\"@type\":\"SearchAction\",\"target\":{\"@type\":\"EntryPoint\",\"urlTemplate\":\"https:\\\/\\\/buletin.de\\\/bucuresti\\\/?s={search_term_string}\"},\"query-input\":{\"@type\":\"PropertyValueSpecification\",\"valueRequired\":true,\"valueName\":\"search_term_string\"}}],\"inLanguage\":\"en-GB\"},{\"@type\":\"Organization\",\"@id\":\"https:\\\/\\\/buletin.de\\\/bucuresti\\\/#organization\",\"name\":\"Buletin de Bucure\u0219ti\",\"url\":\"https:\\\/\\\/buletin.de\\\/bucuresti\\\/\",\"logo\":{\"@type\":\"ImageObject\",\"inLanguage\":\"en-GB\",\"@id\":\"https:\\\/\\\/buletin.de\\\/bucuresti\\\/#\\\/schema\\\/logo\\\/image\\\/\",\"url\":\"https:\\\/\\\/buletin.de\\\/bucuresti\\\/wp-content\\\/uploads\\\/logo-bdb-full-wide-vernil-transparent.png\",\"contentUrl\":\"https:\\\/\\\/buletin.de\\\/bucuresti\\\/wp-content\\\/uploads\\\/logo-bdb-full-wide-vernil-transparent.png\",\"width\":1782,\"height\":626,\"caption\":\"Buletin de Bucure\u0219ti\"},\"image\":{\"@id\":\"https:\\\/\\\/buletin.de\\\/bucuresti\\\/#\\\/schema\\\/logo\\\/image\\\/\"},\"sameAs\":[\"https:\\\/\\\/www.facebook.com\\\/buletin.de.buc\",\"https:\\\/\\\/www.instagram.com\\\/buletinde.bucuresti\\\/\"]},{\"@type\":\"Person\",\"@id\":\"https:\\\/\\\/buletin.de\\\/bucuresti\\\/#\\\/schema\\\/person\\\/81421a46fb84a0887cfd2238f5202586\",\"name\":\"Andreea St\u0103n\u0103r\u00eeng\u0103\",\"image\":{\"@type\":\"ImageObject\",\"inLanguage\":\"en-GB\",\"@id\":\"https:\\\/\\\/buletin.de\\\/bucuresti\\\/wp-content\\\/uploads\\\/2026\\\/06\\\/BDB_Andreea_S-1-96x96.jpgb79b6b91f9c59ea2bdedd1d8c093f6b4\",\"url\":\"https:\\\/\\\/buletin.de\\\/bucuresti\\\/wp-content\\\/uploads\\\/2026\\\/06\\\/BDB_Andreea_S-1-96x96.jpg\",\"contentUrl\":\"https:\\\/\\\/buletin.de\\\/bucuresti\\\/wp-content\\\/uploads\\\/2026\\\/06\\\/BDB_Andreea_S-1-96x96.jpg\",\"caption\":\"Andreea St\u0103n\u0103r\u00eeng\u0103\"},\"description\":\"Face parte din echipa Buletin de Bucure\u0219ti din 2025. A colaborat cu c\u00e2teva publica\u021bii, printre care \u0219i Fanatik.ro, unde s-a ocupat de \u0219tiri de lifestyle \u0219i de actualitate. A f\u0103cut un pas c\u0103tre presa local\u0103 pentru a explora Bucure\u0219tiul \u0219i pove\u0219tile care merit\u0103 spuse.\",\"url\":\"https:\\\/\\\/buletin.de\\\/bucuresti\\\/author\\\/andreea-stanaranga\\\/\"}]}<\/script>\n<!-- \/ Yoast SEO Premium plugin. -->","yoast_head_json":{"title":"Un proiect nerealizat opt ani s-a scumpit de patru ori. Reabilitarea Gr\u0103dini\u021bei 242 revine pe masa Consiliului Local al Sectorului 5 - Buletin de Bucure\u0219ti","description":"Un proiect vechi de opt ani, care vizeaz\u0103 reabilitarea Gr\u0103dini\u021bei nr. 242, revine pe masa Consiliului Local al Sectorului 5.","robots":{"index":"index","follow":"follow","max-snippet":"max-snippet:-1","max-image-preview":"max-image-preview:large","max-video-preview":"max-video-preview:-1"},"canonical":"https:\/\/buletin.de\/bucuresti\/un-proiect-nerealizat-opt-ani-s-a-scumpit-de-patru-ori-reabilitarea-gradinitei-242-revine-pe-masa-consiliului-local-al-sectorului-5\/","og_locale":"en_GB","og_type":"article","og_title":"Un proiect nerealizat opt ani s-a scumpit de patru ori. Reabilitarea Gr\u0103dini\u021bei 242 revine pe masa Consiliului Local al Sectorului 5","og_description":"Un proiect vechi de opt ani, care vizeaz\u0103 reabilitarea Gr\u0103dini\u021bei nr. 242, revine pe masa Consiliului Local al Sectorului 5.","og_url":"https:\/\/buletin.de\/bucuresti\/un-proiect-nerealizat-opt-ani-s-a-scumpit-de-patru-ori-reabilitarea-gradinitei-242-revine-pe-masa-consiliului-local-al-sectorului-5\/","og_site_name":"Buletin de Bucure\u0219ti","article_publisher":"https:\/\/www.facebook.com\/buletin.de.buc","article_published_time":"2026-07-16T03:00:00+00:00","article_modified_time":"2026-07-16T13:52:47+00:00","og_image":[{"width":1200,"height":650,"url":"https:\/\/buletin.de\/bucuresti\/wp-content\/uploads\/2026\/07\/Gradinita-nr.-242-Sector-2-proiect.jpg","type":"image\/jpeg"}],"author":"Andreea St\u0103n\u0103r\u00eeng\u0103","twitter_card":"summary_large_image","twitter_misc":{"Written by":"Andreea St\u0103n\u0103r\u00eeng\u0103","Estimated reading time":"4 minutes"},"schema":{"@context":"https:\/\/schema.org","@graph":[{"@type":"Article","@id":"https:\/\/buletin.de\/bucuresti\/un-proiect-nerealizat-opt-ani-s-a-scumpit-de-patru-ori-reabilitarea-gradinitei-242-revine-pe-masa-consiliului-local-al-sectorului-5\/#article","isPartOf":{"@id":"https:\/\/buletin.de\/bucuresti\/un-proiect-nerealizat-opt-ani-s-a-scumpit-de-patru-ori-reabilitarea-gradinitei-242-revine-pe-masa-consiliului-local-al-sectorului-5\/"},"author":{"name":"Andreea St\u0103n\u0103r\u00eeng\u0103","@id":"https:\/\/buletin.de\/bucuresti\/#\/schema\/person\/81421a46fb84a0887cfd2238f5202586"},"headline":"Un proiect nerealizat opt ani s-a scumpit de patru ori. Reabilitarea Gr\u0103dini\u021bei 242 revine pe masa Consiliului Local al Sectorului 5","datePublished":"2026-07-16T03:00:00+00:00","dateModified":"2026-07-16T13:52:47+00:00","mainEntityOfPage":{"@id":"https:\/\/buletin.de\/bucuresti\/un-proiect-nerealizat-opt-ani-s-a-scumpit-de-patru-ori-reabilitarea-gradinitei-242-revine-pe-masa-consiliului-local-al-sectorului-5\/"},"wordCount":586,"publisher":{"@id":"https:\/\/buletin.de\/bucuresti\/#organization"},"image":{"@id":"https:\/\/buletin.de\/bucuresti\/un-proiect-nerealizat-opt-ani-s-a-scumpit-de-patru-ori-reabilitarea-gradinitei-242-revine-pe-masa-consiliului-local-al-sectorului-5\/#primaryimage"},"thumbnailUrl":"https:\/\/buletin.de\/bucuresti\/wp-content\/uploads\/2026\/07\/Gradinita-nr.-242-Sector-2-proiect.jpg","keywords":["gradinita","Gradini\u021ba nr. 242","reabilitare","reabilitare gradinite","Sector 5"],"articleSection":["Articole","Main","Prim\u0103rie"],"inLanguage":"en-GB","copyrightYear":"2026","copyrightHolder":{"@id":"https:\/\/buletin.de\/bucuresti\/#organization"}},{"@type":"WebPage","@id":"https:\/\/buletin.de\/bucuresti\/un-proiect-nerealizat-opt-ani-s-a-scumpit-de-patru-ori-reabilitarea-gradinitei-242-revine-pe-masa-consiliului-local-al-sectorului-5\/","url":"https:\/\/buletin.de\/bucuresti\/un-proiect-nerealizat-opt-ani-s-a-scumpit-de-patru-ori-reabilitarea-gradinitei-242-revine-pe-masa-consiliului-local-al-sectorului-5\/","name":"Un proiect nerealizat opt ani s-a scumpit de patru ori. Reabilitarea Gr\u0103dini\u021bei 242 revine pe masa Consiliului Local al Sectorului 5 - Buletin de Bucure\u0219ti","isPartOf":{"@id":"https:\/\/buletin.de\/bucuresti\/#website"},"primaryImageOfPage":{"@id":"https:\/\/buletin.de\/bucuresti\/un-proiect-nerealizat-opt-ani-s-a-scumpit-de-patru-ori-reabilitarea-gradinitei-242-revine-pe-masa-consiliului-local-al-sectorului-5\/#primaryimage"},"image":{"@id":"https:\/\/buletin.de\/bucuresti\/un-proiect-nerealizat-opt-ani-s-a-scumpit-de-patru-ori-reabilitarea-gradinitei-242-revine-pe-masa-consiliului-local-al-sectorului-5\/#primaryimage"},"thumbnailUrl":"https:\/\/buletin.de\/bucuresti\/wp-content\/uploads\/2026\/07\/Gradinita-nr.-242-Sector-2-proiect.jpg","datePublished":"2026-07-16T03:00:00+00:00","dateModified":"2026-07-16T13:52:47+00:00","description":"Un proiect vechi de opt ani, care vizeaz\u0103 reabilitarea Gr\u0103dini\u021bei nr. 242, revine pe masa Consiliului Local al Sectorului 5.","breadcrumb":{"@id":"https:\/\/buletin.de\/bucuresti\/un-proiect-nerealizat-opt-ani-s-a-scumpit-de-patru-ori-reabilitarea-gradinitei-242-revine-pe-masa-consiliului-local-al-sectorului-5\/#breadcrumb"},"inLanguage":"en-GB","potentialAction":[{"@type":"ReadAction","target":["https:\/\/buletin.de\/bucuresti\/un-proiect-nerealizat-opt-ani-s-a-scumpit-de-patru-ori-reabilitarea-gradinitei-242-revine-pe-masa-consiliului-local-al-sectorului-5\/"]}]},{"@type":"ImageObject","inLanguage":"en-GB","@id":"https:\/\/buletin.de\/bucuresti\/un-proiect-nerealizat-opt-ani-s-a-scumpit-de-patru-ori-reabilitarea-gradinitei-242-revine-pe-masa-consiliului-local-al-sectorului-5\/#primaryimage","url":"https:\/\/buletin.de\/bucuresti\/wp-content\/uploads\/2026\/07\/Gradinita-nr.-242-Sector-2-proiect.jpg","contentUrl":"https:\/\/buletin.de\/bucuresti\/wp-content\/uploads\/2026\/07\/Gradinita-nr.-242-Sector-2-proiect.jpg","width":1200,"height":650,"caption":"Reabilitarea Gr\u0103dini\u021bei nr. 242, din nou pe masa Consiliului Local Sector 5. Foto: Foogle Maps"},{"@type":"BreadcrumbList","@id":"https:\/\/buletin.de\/bucuresti\/un-proiect-nerealizat-opt-ani-s-a-scumpit-de-patru-ori-reabilitarea-gradinitei-242-revine-pe-masa-consiliului-local-al-sectorului-5\/#breadcrumb","itemListElement":[{"@type":"ListItem","position":1,"name":"Acas\u0103","item":"https:\/\/buletin.de\/bucuresti\/"},{"@type":"ListItem","position":2,"name":"Un proiect nerealizat opt ani s-a scumpit de patru ori. Reabilitarea Gr\u0103dini\u021bei 242 revine pe masa Consiliului Local al Sectorului 5"}]},{"@type":"WebSite","@id":"https:\/\/buletin.de\/bucuresti\/#website","url":"https:\/\/buletin.de\/bucuresti\/","name":"Buletin de Bucure\u0219ti","description":"\u0218tiri \u0219i investiga\u021bii esen\u021biale din capital\u0103","publisher":{"@id":"https:\/\/buletin.de\/bucuresti\/#organization"},"potentialAction":[{"@type":"SearchAction","target":{"@type":"EntryPoint","urlTemplate":"https:\/\/buletin.de\/bucuresti\/?s={search_term_string}"},"query-input":{"@type":"PropertyValueSpecification","valueRequired":true,"valueName":"search_term_string"}}],"inLanguage":"en-GB"},{"@type":"Organization","@id":"https:\/\/buletin.de\/bucuresti\/#organization","name":"Buletin de Bucure\u0219ti","url":"https:\/\/buletin.de\/bucuresti\/","logo":{"@type":"ImageObject","inLanguage":"en-GB","@id":"https:\/\/buletin.de\/bucuresti\/#\/schema\/logo\/image\/","url":"https:\/\/buletin.de\/bucuresti\/wp-content\/uploads\/logo-bdb-full-wide-vernil-transparent.png","contentUrl":"https:\/\/buletin.de\/bucuresti\/wp-content\/uploads\/logo-bdb-full-wide-vernil-transparent.png","width":1782,"height":626,"caption":"Buletin de Bucure\u0219ti"},"image":{"@id":"https:\/\/buletin.de\/bucuresti\/#\/schema\/logo\/image\/"},"sameAs":["https:\/\/www.facebook.com\/buletin.de.buc","https:\/\/www.instagram.com\/buletinde.bucuresti\/"]},{"@type":"Person","@id":"https:\/\/buletin.de\/bucuresti\/#\/schema\/person\/81421a46fb84a0887cfd2238f5202586","name":"Andreea St\u0103n\u0103r\u00eeng\u0103","image":{"@type":"ImageObject","inLanguage":"en-GB","@id":"https:\/\/buletin.de\/bucuresti\/wp-content\/uploads\/2026\/06\/BDB_Andreea_S-1-96x96.jpgb79b6b91f9c59ea2bdedd1d8c093f6b4","url":"https:\/\/buletin.de\/bucuresti\/wp-content\/uploads\/2026\/06\/BDB_Andreea_S-1-96x96.jpg","contentUrl":"https:\/\/buletin.de\/bucuresti\/wp-content\/uploads\/2026\/06\/BDB_Andreea_S-1-96x96.jpg","caption":"Andreea St\u0103n\u0103r\u00eeng\u0103"},"description":"Face parte din echipa Buletin de Bucure\u0219ti din 2025. A colaborat cu c\u00e2teva publica\u021bii, printre care \u0219i Fanatik.ro, unde s-a ocupat de \u0219tiri de lifestyle \u0219i de actualitate. A f\u0103cut un pas c\u0103tre presa local\u0103 pentru a explora Bucure\u0219tiul \u0219i pove\u0219tile care merit\u0103 spuse.","url":"https:\/\/buletin.de\/bucuresti\/author\/andreea-stanaranga\/"}]}},"authors":[{"term_id":23912,"user_id":65,"is_guest":0,"slug":"andreea-stanaranga","display_name":"Andreea St\u0103n\u0103r\u00eeng\u0103","avatar_url":"https:\/\/buletin.de\/bucuresti\/wp-content\/uploads\/2026\/06\/BDB_Andreea_S-1-96x96.jpg","author_category":"1","first_name":"Andreea","last_name":"St\u0103n\u0103r\u00eeng\u0103","user_url":"","job_title":"","description":"Face parte din echipa Buletin de Bucure\u0219ti din 2025. A colaborat cu c\u00e2teva publica\u021bii, printre care \u0219i Fanatik.ro, unde s-a ocupat de \u0219tiri de lifestyle \u0219i de actualitate. A f\u0103cut un pas c\u0103tre presa local\u0103 pentru a explora Bucure\u0219tiul \u0219i pove\u0219tile care merit\u0103 spuse."}],"_links":{"self":[{"href":"https:\/\/buletin.de\/bucuresti\/wp-json\/wp\/v2\/posts\/206084","targetHints":{"allow":["GET"]}}],"collection":[{"href":"https:\/\/buletin.de\/bucuresti\/wp-json\/wp\/v2\/posts"}],"about":[{"href":"https:\/\/buletin.de\/bucuresti\/wp-json\/wp\/v2\/types\/post"}],"author":[{"embeddable":true,"href":"https:\/\/buletin.de\/bucuresti\/wp-json\/wp\/v2\/users\/65"}],"replies":[{"embeddable":true,"href":"https:\/\/buletin.de\/bucuresti\/wp-json\/wp\/v2\/comments?post=206084"}],"version-history":[{"count":15,"href":"https:\/\/buletin.de\/bucuresti\/wp-json\/wp\/v2\/posts\/206084\/revisions"}],"predecessor-version":[{"id":206161,"href":"https:\/\/buletin.de\/bucuresti\/wp-json\/wp\/v2\/posts\/206084\/revisions\/206161"}],"wp:featuredmedia":[{"embeddable":true,"href":"https:\/\/buletin.de\/bucuresti\/wp-json\/wp\/v2\/media\/206142"}],"wp:attachment":[{"href":"https:\/\/buletin.de\/bucuresti\/wp-json\/wp\/v2\/media?parent=206084"}],"wp:term":[{"taxonomy":"category","embeddable":true,"href":"https:\/\/buletin.de\/bucuresti\/wp-json\/wp\/v2\/categories?post=206084"},{"taxonomy":"post_tag","embeddable":true,"href":"https:\/\/buletin.de\/bucuresti\/wp-json\/wp\/v2\/tags?post=206084"},{"taxonomy":"author","embeddable":true,"href":"https:\/\/buletin.de\/bucuresti\/wp-json\/wp\/v2\/ppma_author?post=206084"}],"curies":[{"name":"wp","href":"https:\/\/api.w.org\/{rel}","templated":true}]}}