{"id":20511,"date":"2021-02-25T20:01:37","date_gmt":"2021-02-25T17:01:37","guid":{"rendered":"https:\/\/buletin.de\/bucuresti\/?p=20511"},"modified":"2021-02-25T20:02:10","modified_gmt":"2021-02-25T17:02:10","slug":"puz-sector-2-prevede-transformarea-in-spatiu-construibil-a-30-de-hectare-de-de-teren-de-pe-malul-lacurilor-colentina-tei-plumbuita-si-fundeni","status":"publish","type":"post","link":"https:\/\/buletin.de\/bucuresti\/puz-sector-2-prevede-transformarea-in-spatiu-construibil-a-30-de-hectare-de-de-teren-de-pe-malul-lacurilor-colentina-tei-plumbuita-si-fundeni\/","title":{"rendered":"PUZ Sector 2 prevede transformarea \u00een spa\u021biu construibil a 30 de hectare de de teren de pe malul Lacurilor Colentina, Tei, Plumbuita \u0219i Fundeni"},"content":{"rendered":"\n<p><strong>Planul Urbanistic Zonal (PUZ) al Prim\u0103riei Sector 2 prevede transformarea a peste 30 de hectare de teren de pe malul Lacurilor Colentina, Tei, Plumbuita \u0219i Fundeni, dar \u0219i de la parcul de l\u00e2ng\u0103 Arena Na\u021bional\u0103 din spa\u021bii verzi \u00een zone unde se pot construi blocuri \u0219i case. <\/strong><\/p>\n\n\n\n<p>Planul Urbanistic Zonal al Sectorului 2 a fost aprobat pe 13 august 2020 de Consiliul General al Municipiului Bucure\u0219ti. <\/p>\n\n\n\n<figure class=\"wp-block-image size-large\"><img fetchpriority=\"high\" decoding=\"async\" width=\"900\" height=\"721\" src=\"data:image\/gif;base64,R0lGODlhAQABAAAAACH5BAEKAAEALAAAAAABAAEAAAICTAEAOw==\" data-src=\"https:\/\/buletin.de\/bucuresti\/wp-content\/uploads\/Screenshot-128-900x721.png\" alt=\"\" class=\"wp-image-20644 lazyload\" data-sizes=\"auto\" data-srcset=\"https:\/\/buletin.de\/bucuresti\/wp-content\/uploads\/Screenshot-128-900x721.png 900w, https:\/\/buletin.de\/bucuresti\/wp-content\/uploads\/Screenshot-128-300x240.png 300w, https:\/\/buletin.de\/bucuresti\/wp-content\/uploads\/Screenshot-128-768x615.png 768w, https:\/\/buletin.de\/bucuresti\/wp-content\/uploads\/Screenshot-128-550x441.png 550w, https:\/\/buletin.de\/bucuresti\/wp-content\/uploads\/Screenshot-128-624x500.png 624w, https:\/\/buletin.de\/bucuresti\/wp-content\/uploads\/Screenshot-128-600x481.png 600w, https:\/\/buletin.de\/bucuresti\/wp-content\/uploads\/Screenshot-128.png 976w\" sizes=\"(max-width: 900px) 100vw, 900px\" \/><figcaption>Sursa: Prim\u0103ria Sector 2<\/figcaption><\/figure>\n\n\n\n<p>Documentul aprobat \u00een luna august a anului trecut permite transformarea a peste 30 de hectare de teren de pe malul Lacurilor Colentina, Tei, Plumbuita \u0219i Fundeni, dar \u0219i de la parcul de l\u00e2ng\u0103 Arena Na\u021bional\u0103 din spa\u021bii verzi \u00een zone unde se pot construi blocuri, dup\u0103 cum urmeaz\u0103: <\/p>\n\n\n\n<h4 class=\"wp-block-heading\"><strong>Lacului Tei<\/strong> <\/h4>\n\n\n\n<p>Pe malul Lacului Tei ar urma s\u0103 se contruiasc\u0103 blocuri \u0219i case pe aproximativ 2,5 ha de spa\u021bii verzi din zona clubului Bamboo, incluz\u00e2nd luciul de ap\u0103, pe care este pontonul. <\/p>\n\n\n\n<figure class=\"wp-block-image size-large\"><img decoding=\"async\" width=\"794\" height=\"820\" src=\"data:image\/gif;base64,R0lGODlhAQABAAAAACH5BAEKAAEALAAAAAABAAEAAAICTAEAOw==\" data-src=\"https:\/\/buletin.de\/bucuresti\/wp-content\/uploads\/image-2020-05-11-23989835-0-zona-strand-tei.png\" alt=\"\" class=\"wp-image-20645 lazyload\" data-sizes=\"auto\" data-srcset=\"https:\/\/buletin.de\/bucuresti\/wp-content\/uploads\/image-2020-05-11-23989835-0-zona-strand-tei.png 794w, https:\/\/buletin.de\/bucuresti\/wp-content\/uploads\/image-2020-05-11-23989835-0-zona-strand-tei-290x300.png 290w, https:\/\/buletin.de\/bucuresti\/wp-content\/uploads\/image-2020-05-11-23989835-0-zona-strand-tei-768x793.png 768w, https:\/\/buletin.de\/bucuresti\/wp-content\/uploads\/image-2020-05-11-23989835-0-zona-strand-tei-550x568.png 550w, https:\/\/buletin.de\/bucuresti\/wp-content\/uploads\/image-2020-05-11-23989835-0-zona-strand-tei-484x500.png 484w, https:\/\/buletin.de\/bucuresti\/wp-content\/uploads\/image-2020-05-11-23989835-0-zona-strand-tei-600x620.png 600w\" sizes=\"(max-width: 794px) 100vw, 794px\" \/><figcaption>Surs\u0103: <em>Regulamentul propus de Planul Urbanistic Coordonator Sector 2<\/em><br><\/figcaption><\/figure>\n\n\n\n<h4 class=\"wp-block-heading\"><strong>Lacul Plumbuita &#8211; intersec\u021bia dintre \u0218oseaua Petricani cu A3<\/strong><\/h4>\n\n\n\n<p>Un teren de 8,5 ha de la intersec\u021bia \u0218oseaua Petricani cu A3, care \u00een prezent figureaz\u0103 ca spa\u021biu verde, urmeaz\u0103 s\u0103 se transforme \u00een zon\u0103 mixt\u0103 cu cl\u0103diri cu \u00een\u0103l\u021bime mare si foarte mare, adic\u0103 blocuri de p\u00e2n\u0103 la 45 m \u00een\u0103l\u021bime. Mai mult, \u00een accea\u0219i un alt teren de 2,7 ha urmeaz\u0103 s\u0103 fie transformat \u00een spa\u021biu construibil. <\/p>\n\n\n\n<figure class=\"wp-block-image size-large\"><img decoding=\"async\" width=\"900\" height=\"539\" src=\"data:image\/gif;base64,R0lGODlhAQABAAAAACH5BAEKAAEALAAAAAABAAEAAAICTAEAOw==\" data-src=\"https:\/\/buletin.de\/bucuresti\/wp-content\/uploads\/image-2020-05-11-23989840-0-intersectie-petricani-a3-puz-coordonator-s2-900x539.png\" alt=\"\" class=\"wp-image-20646 lazyload\" data-sizes=\"auto\" data-srcset=\"https:\/\/buletin.de\/bucuresti\/wp-content\/uploads\/image-2020-05-11-23989840-0-intersectie-petricani-a3-puz-coordonator-s2-900x539.png 900w, https:\/\/buletin.de\/bucuresti\/wp-content\/uploads\/image-2020-05-11-23989840-0-intersectie-petricani-a3-puz-coordonator-s2-300x180.png 300w, https:\/\/buletin.de\/bucuresti\/wp-content\/uploads\/image-2020-05-11-23989840-0-intersectie-petricani-a3-puz-coordonator-s2-768x460.png 768w, https:\/\/buletin.de\/bucuresti\/wp-content\/uploads\/image-2020-05-11-23989840-0-intersectie-petricani-a3-puz-coordonator-s2-1060x635.png 1060w, https:\/\/buletin.de\/bucuresti\/wp-content\/uploads\/image-2020-05-11-23989840-0-intersectie-petricani-a3-puz-coordonator-s2-550x329.png 550w, https:\/\/buletin.de\/bucuresti\/wp-content\/uploads\/image-2020-05-11-23989840-0-intersectie-petricani-a3-puz-coordonator-s2-835x500.png 835w, https:\/\/buletin.de\/bucuresti\/wp-content\/uploads\/image-2020-05-11-23989840-0-intersectie-petricani-a3-puz-coordonator-s2-600x359.png 600w, https:\/\/buletin.de\/bucuresti\/wp-content\/uploads\/image-2020-05-11-23989840-0-intersectie-petricani-a3-puz-coordonator-s2.png 1419w\" sizes=\"(max-width: 900px) 100vw, 900px\" \/><figcaption>Surs\u0103: <em>Regulamentul propus de Planul Urbanistic Coordonator Sector 2<\/em><\/figcaption><\/figure>\n\n\n\n<h4 class=\"wp-block-heading\"><strong>&nbsp;Zona Valea Saulei<\/strong><\/h4>\n\n\n\n<p>La intersec\u021bia dintre \u0218oseaua Andronache cu Valea Saulei, un teren de 2.7 ha urmeaz\u0103 s\u0103 fie transformat din spa\u021biu verde \u00een spa\u021biu construibil. &nbsp;Fosta intreprindere Piscicol\u0103 Valea Saulei, un teren de 2,8 ha, este transformat\u0103 din zon\u0103 verde&nbsp;\u00een zon\u0103 mixt\u0103 cu cl\u0103diri cu \u00een\u0103l\u021bime mare si foarte mare, adic\u0103 blocuri de p\u00e2n\u0103 la 45 m \u00een\u0103l\u021bime. <\/p>\n\n\n\n<figure class=\"wp-block-image size-large\"><img loading=\"lazy\" decoding=\"async\" width=\"824\" height=\"865\" src=\"data:image\/gif;base64,R0lGODlhAQABAAAAACH5BAEKAAEALAAAAAABAAEAAAICTAEAOw==\" data-src=\"https:\/\/buletin.de\/bucuresti\/wp-content\/uploads\/image-2020-05-11-23989851-0-valea-saulei-puz-coordonator-s2.png\" alt=\"\" class=\"wp-image-20647 lazyload\" data-sizes=\"auto\" data-srcset=\"https:\/\/buletin.de\/bucuresti\/wp-content\/uploads\/image-2020-05-11-23989851-0-valea-saulei-puz-coordonator-s2.png 824w, https:\/\/buletin.de\/bucuresti\/wp-content\/uploads\/image-2020-05-11-23989851-0-valea-saulei-puz-coordonator-s2-286x300.png 286w, https:\/\/buletin.de\/bucuresti\/wp-content\/uploads\/image-2020-05-11-23989851-0-valea-saulei-puz-coordonator-s2-768x806.png 768w, https:\/\/buletin.de\/bucuresti\/wp-content\/uploads\/image-2020-05-11-23989851-0-valea-saulei-puz-coordonator-s2-550x577.png 550w, https:\/\/buletin.de\/bucuresti\/wp-content\/uploads\/image-2020-05-11-23989851-0-valea-saulei-puz-coordonator-s2-476x500.png 476w, https:\/\/buletin.de\/bucuresti\/wp-content\/uploads\/image-2020-05-11-23989851-0-valea-saulei-puz-coordonator-s2-600x630.png 600w\" sizes=\"(max-width: 824px) 100vw, 824px\" \/><figcaption>Surs\u0103: <em>Regulamentul propus de Planul Urbanistic Coordonator Sector 2<\/em><\/figcaption><\/figure>\n\n\n\n<h4 class=\"wp-block-heading\"><strong>&nbsp;Zona dintre strada Gherghi\u021bei \u0219i Lacul Plumbuita<\/strong><\/h4>\n\n\n\n<p>\u00cen zona sediului Supercom, un teren de aproximativ 8,4 ha este transformat din spa\u021biu verde (spa\u021bii verzi \u2013 complexe si baze sportive) \u00een zon\u0103 construibil\u0103. <\/p>\n\n\n\n<figure class=\"wp-block-image size-large\"><img loading=\"lazy\" decoding=\"async\" width=\"870\" height=\"865\" src=\"data:image\/gif;base64,R0lGODlhAQABAAAAACH5BAEKAAEALAAAAAABAAEAAAICTAEAOw==\" data-src=\"https:\/\/buletin.de\/bucuresti\/wp-content\/uploads\/image-2020-05-11-23989852-0-zona-gherghitei-puz-s2.png\" alt=\"\" class=\"wp-image-20653 lazyload\" data-sizes=\"auto\" data-srcset=\"https:\/\/buletin.de\/bucuresti\/wp-content\/uploads\/image-2020-05-11-23989852-0-zona-gherghitei-puz-s2.png 870w, https:\/\/buletin.de\/bucuresti\/wp-content\/uploads\/image-2020-05-11-23989852-0-zona-gherghitei-puz-s2-300x298.png 300w, https:\/\/buletin.de\/bucuresti\/wp-content\/uploads\/image-2020-05-11-23989852-0-zona-gherghitei-puz-s2-150x150.png 150w, https:\/\/buletin.de\/bucuresti\/wp-content\/uploads\/image-2020-05-11-23989852-0-zona-gherghitei-puz-s2-768x764.png 768w, https:\/\/buletin.de\/bucuresti\/wp-content\/uploads\/image-2020-05-11-23989852-0-zona-gherghitei-puz-s2-550x547.png 550w, https:\/\/buletin.de\/bucuresti\/wp-content\/uploads\/image-2020-05-11-23989852-0-zona-gherghitei-puz-s2-503x500.png 503w, https:\/\/buletin.de\/bucuresti\/wp-content\/uploads\/image-2020-05-11-23989852-0-zona-gherghitei-puz-s2-250x250.png 250w, https:\/\/buletin.de\/bucuresti\/wp-content\/uploads\/image-2020-05-11-23989852-0-zona-gherghitei-puz-s2-600x597.png 600w, https:\/\/buletin.de\/bucuresti\/wp-content\/uploads\/image-2020-05-11-23989852-0-zona-gherghitei-puz-s2-100x100.png 100w\" sizes=\"(max-width: 870px) 100vw, 870px\" \/><figcaption>Surs\u0103: <em>Regulamentul propus de Planul Urbanistic Coordonator Sector 2<\/em><\/figcaption><\/figure>\n\n\n\n<h4 class=\"wp-block-heading\"><strong>Insula Tibiscum, pe Lacul Fundeni<\/strong><\/h4>\n\n\n\n<p>Un teren de 0,9 ha va fi transformat din spa\u021biu verde \u00een zon\u0103 mixt\u0103 cu cl\u0103diri cu \u00een\u0103l\u021bime mare si foarte mare, adic\u0103 blocuri de p\u00e2n\u0103 la 45 m \u00een\u0103l\u021bime.<\/p>\n\n\n\n<figure class=\"wp-block-image size-large\"><img loading=\"lazy\" decoding=\"async\" width=\"650\" height=\"609\" src=\"data:image\/gif;base64,R0lGODlhAQABAAAAACH5BAEKAAEALAAAAAABAAEAAAICTAEAOw==\" data-src=\"https:\/\/buletin.de\/bucuresti\/wp-content\/uploads\/image-2020-05-11-23989873-0-zona-lacul-fundeni-puz-sector-2-1.png\" alt=\"\" class=\"wp-image-20657 lazyload\" data-sizes=\"auto\" data-srcset=\"https:\/\/buletin.de\/bucuresti\/wp-content\/uploads\/image-2020-05-11-23989873-0-zona-lacul-fundeni-puz-sector-2-1.png 650w, https:\/\/buletin.de\/bucuresti\/wp-content\/uploads\/image-2020-05-11-23989873-0-zona-lacul-fundeni-puz-sector-2-1-300x281.png 300w, https:\/\/buletin.de\/bucuresti\/wp-content\/uploads\/image-2020-05-11-23989873-0-zona-lacul-fundeni-puz-sector-2-1-550x515.png 550w, https:\/\/buletin.de\/bucuresti\/wp-content\/uploads\/image-2020-05-11-23989873-0-zona-lacul-fundeni-puz-sector-2-1-534x500.png 534w, https:\/\/buletin.de\/bucuresti\/wp-content\/uploads\/image-2020-05-11-23989873-0-zona-lacul-fundeni-puz-sector-2-1-600x562.png 600w\" sizes=\"(max-width: 650px) 100vw, 650px\" \/><figcaption>Surs\u0103: <em>Regulamentul propus de Planul Urbanistic Coordonator Sector 2<\/em><\/figcaption><\/figure>\n\n\n\n<h4 class=\"wp-block-heading\"><strong>&nbsp;Parcul Na\u021bional \u201eLia Manoliu\u201d<\/strong><\/h4>\n\n\n\n<p>Pe strada Arhitect Harjeu l\u00e2ng\u0103 Parcul National \u201eLia Manoliu\u201d, un teren de 0,9 ha se transform\u0103 din spa\u021biu verede de interes public \u00een parc unde se pot construi locuin\u021be. <\/p>\n\n\n\n<figure class=\"wp-block-image size-large\"><img loading=\"lazy\" decoding=\"async\" width=\"900\" height=\"584\" src=\"data:image\/gif;base64,R0lGODlhAQABAAAAACH5BAEKAAEALAAAAAABAAEAAAICTAEAOw==\" data-src=\"https:\/\/buletin.de\/bucuresti\/wp-content\/uploads\/image-2020-05-11-23989870-0-zona-arena-nationala-900x584.png\" alt=\"\" class=\"wp-image-20658 lazyload\" data-sizes=\"auto\" data-srcset=\"https:\/\/buletin.de\/bucuresti\/wp-content\/uploads\/image-2020-05-11-23989870-0-zona-arena-nationala-900x584.png 900w, https:\/\/buletin.de\/bucuresti\/wp-content\/uploads\/image-2020-05-11-23989870-0-zona-arena-nationala-300x195.png 300w, https:\/\/buletin.de\/bucuresti\/wp-content\/uploads\/image-2020-05-11-23989870-0-zona-arena-nationala-768x498.png 768w, https:\/\/buletin.de\/bucuresti\/wp-content\/uploads\/image-2020-05-11-23989870-0-zona-arena-nationala-1060x688.png 1060w, https:\/\/buletin.de\/bucuresti\/wp-content\/uploads\/image-2020-05-11-23989870-0-zona-arena-nationala-550x357.png 550w, https:\/\/buletin.de\/bucuresti\/wp-content\/uploads\/image-2020-05-11-23989870-0-zona-arena-nationala-771x500.png 771w, https:\/\/buletin.de\/bucuresti\/wp-content\/uploads\/image-2020-05-11-23989870-0-zona-arena-nationala-600x389.png 600w, https:\/\/buletin.de\/bucuresti\/wp-content\/uploads\/image-2020-05-11-23989870-0-zona-arena-nationala.png 1125w\" sizes=\"(max-width: 900px) 100vw, 900px\" \/><figcaption>Surs\u0103: <em>Regulamentul propus de Planul Urbanistic Coordonator Sector 2<\/em><\/figcaption><\/figure>\n\n\n\n<p>De asemenea, Nicu\u0219or Dan sus\u021bine c\u0103, \u00een ciuda pol\u0103rii atmosferice din Bucure\u0219ti, prim\u0103riile de sector vor s\u0103 transforme sute de hecatare de spa\u021bii verzi \u00een spa\u021bii construibile. <\/p>\n\n\n\n<blockquote class=\"wp-block-quote is-layout-flow wp-block-quote-is-layout-flow\"><p>Este absolut scandalos ca \u00een situa\u021bia \u00een care avem o poluare a aerului, \u00een cazul \u00een care avem zeci de mii de copii care sufer\u0103 de boli respiratorii, \u00een situa\u021bia \u00een care avem zeci de mii de v\u00e2rstnici care sufer\u0103 de boli cardiovasculare din cauza acestei polu\u0103ri atmosferice, \u00een Bucure\u0219ti, sute de hectare de spa\u021biu verde, repet, sute de hectare de spa\u021biu verde, nu-i o metafor\u0103 prin aceste PUZ-uri de sector urmeaz\u0103 s\u0103-\u0219i piard\u0103 statutul de spa\u021biu verde \u0219i s\u0103 devin\u0103 spa\u021bii construibile.<\/p><cite>A ad\u0103ugat Nicu\u0219or Dan <\/cite><\/blockquote>\n\n\n\n<p>Edilul Capitalei a propus suspendarea pe o perioad\u0103 de doi ani Planurilor Urbanistice Zonale a cinci dintre cele \u0219ase prim\u0103rii de sector. Suspendarea PUZ-urilor urmeaz\u0103 s\u0103 fie votat\u0103 m\u00e2ine, \u00een cadrul \u0219edin\u021bei CGMB. <\/p>\n\n\n\n<p>Surs\u0103 Foto: Facebook\/Radu Mihaiu<\/p>\n","protected":false},"excerpt":{"rendered":"<p>Planul Urbanistic Zonal (PUZ) al Prim\u0103riei Sector 2 prevede transformarea a peste 30 de hectare de teren de pe malul Lacurilor Colentina, Tei, Plumbuita \u0219i Fundeni, dar \u0219i de la parcul de l\u00e2ng\u0103 Arena Na\u021bional\u0103 din spa\u021bii verzi \u00een zone unde se pot construi blocuri \u0219i case. Planul Urbanistic Zonal al Sectorului 2 a fost [&hellip;]<\/p>\n","protected":false},"author":17,"featured_media":20697,"comment_status":"closed","ping_status":"open","sticky":false,"template":"","format":"standard","meta":{"_acf_changed":false,"inline_featured_image":false,"ngg_post_thumbnail":0,"footnotes":""},"categories":[1],"tags":[],"ppma_author":[22576],"class_list":["post-20511","post","type-post","status-publish","format-standard","has-post-thumbnail","hentry","category-diverse"],"acf":[],"yoast_head":"<!-- This site is optimized with the Yoast SEO Premium plugin v25.3 (Yoast SEO v27.5) - https:\/\/yoast.com\/product\/yoast-seo-premium-wordpress\/ -->\n<title>PUZ Sector 2 prevede transformarea \u00een spa\u021biu construibil a 30 de hectare de de teren de pe malul Lacurilor Colentina, Tei, Plumbuita \u0219i Fundeni - Buletin de Bucure\u0219ti<\/title>\n<meta name=\"robots\" content=\"index, follow, max-snippet:-1, max-image-preview:large, max-video-preview:-1\" \/>\n<link rel=\"canonical\" href=\"https:\/\/buletin.de\/bucuresti\/puz-sector-2-prevede-transformarea-in-spatiu-construibil-a-30-de-hectare-de-de-teren-de-pe-malul-lacurilor-colentina-tei-plumbuita-si-fundeni\/\" \/>\n<meta property=\"og:locale\" content=\"en_GB\" \/>\n<meta property=\"og:type\" content=\"article\" \/>\n<meta property=\"og:title\" content=\"PUZ Sector 2 prevede transformarea \u00een spa\u021biu construibil a 30 de hectare de de teren de pe malul Lacurilor Colentina, Tei, Plumbuita \u0219i Fundeni\" \/>\n<meta property=\"og:description\" content=\"Planul Urbanistic Zonal (PUZ) al Prim\u0103riei Sector 2 prevede transformarea a peste 30 de hectare de teren de pe malul Lacurilor Colentina, Tei, Plumbuita \u0219i Fundeni, dar \u0219i de la parcul de l\u00e2ng\u0103 Arena Na\u021bional\u0103 din spa\u021bii verzi \u00een zone unde se pot construi blocuri \u0219i case. Planul Urbanistic Zonal al Sectorului 2 a fost [&hellip;]\" \/>\n<meta property=\"og:url\" content=\"https:\/\/buletin.de\/bucuresti\/puz-sector-2-prevede-transformarea-in-spatiu-construibil-a-30-de-hectare-de-de-teren-de-pe-malul-lacurilor-colentina-tei-plumbuita-si-fundeni\/\" \/>\n<meta property=\"og:site_name\" content=\"Buletin de Bucure\u0219ti\" \/>\n<meta property=\"article:publisher\" content=\"https:\/\/www.facebook.com\/buletin.de.buc\" \/>\n<meta property=\"article:published_time\" content=\"2021-02-25T17:01:37+00:00\" \/>\n<meta property=\"article:modified_time\" content=\"2021-02-25T17:02:10+00:00\" \/>\n<meta property=\"og:image\" content=\"https:\/\/buletin.de\/bucuresti\/wp-content\/uploads\/154393900_1337173849992232_1367133478691382364_o.jpg\" \/>\n\t<meta property=\"og:image:width\" content=\"1440\" \/>\n\t<meta property=\"og:image:height\" content=\"1078\" \/>\n\t<meta property=\"og:image:type\" content=\"image\/jpeg\" \/>\n<meta name=\"author\" content=\"Florin R\u00e2\u0219teiu\" \/>\n<meta name=\"twitter:card\" content=\"summary_large_image\" \/>\n<meta name=\"twitter:label1\" content=\"Written by\" \/>\n\t<meta name=\"twitter:data1\" content=\"Florin R\u00e2\u0219teiu\" \/>\n\t<meta name=\"twitter:label2\" content=\"Estimated reading time\" \/>\n\t<meta name=\"twitter:data2\" content=\"3 minutes\" \/>\n<script type=\"application\/ld+json\" class=\"yoast-schema-graph\">{\"@context\":\"https:\\\/\\\/schema.org\",\"@graph\":[{\"@type\":\"Article\",\"@id\":\"https:\\\/\\\/buletin.de\\\/bucuresti\\\/puz-sector-2-prevede-transformarea-in-spatiu-construibil-a-30-de-hectare-de-de-teren-de-pe-malul-lacurilor-colentina-tei-plumbuita-si-fundeni\\\/#article\",\"isPartOf\":{\"@id\":\"https:\\\/\\\/buletin.de\\\/bucuresti\\\/puz-sector-2-prevede-transformarea-in-spatiu-construibil-a-30-de-hectare-de-de-teren-de-pe-malul-lacurilor-colentina-tei-plumbuita-si-fundeni\\\/\"},\"author\":{\"name\":\"Florin R\u00e2\u0219teiu\",\"@id\":\"https:\\\/\\\/buletin.de\\\/bucuresti\\\/#\\\/schema\\\/person\\\/b0686d7a8b666c6afc78239777fd8a89\"},\"headline\":\"PUZ Sector 2 prevede transformarea \u00een spa\u021biu construibil a 30 de hectare de de teren de pe malul Lacurilor Colentina, Tei, Plumbuita \u0219i Fundeni\",\"datePublished\":\"2021-02-25T17:01:37+00:00\",\"dateModified\":\"2021-02-25T17:02:10+00:00\",\"mainEntityOfPage\":{\"@id\":\"https:\\\/\\\/buletin.de\\\/bucuresti\\\/puz-sector-2-prevede-transformarea-in-spatiu-construibil-a-30-de-hectare-de-de-teren-de-pe-malul-lacurilor-colentina-tei-plumbuita-si-fundeni\\\/\"},\"wordCount\":656,\"publisher\":{\"@id\":\"https:\\\/\\\/buletin.de\\\/bucuresti\\\/#organization\"},\"image\":{\"@id\":\"https:\\\/\\\/buletin.de\\\/bucuresti\\\/puz-sector-2-prevede-transformarea-in-spatiu-construibil-a-30-de-hectare-de-de-teren-de-pe-malul-lacurilor-colentina-tei-plumbuita-si-fundeni\\\/#primaryimage\"},\"thumbnailUrl\":\"https:\\\/\\\/buletin.de\\\/bucuresti\\\/wp-content\\\/uploads\\\/154393900_1337173849992232_1367133478691382364_o.jpg\",\"articleSection\":[\"Diverse\"],\"inLanguage\":\"en-GB\",\"copyrightYear\":\"2021\",\"copyrightHolder\":{\"@id\":\"https:\\\/\\\/buletin.de\\\/bucuresti\\\/#organization\"}},{\"@type\":\"WebPage\",\"@id\":\"https:\\\/\\\/buletin.de\\\/bucuresti\\\/puz-sector-2-prevede-transformarea-in-spatiu-construibil-a-30-de-hectare-de-de-teren-de-pe-malul-lacurilor-colentina-tei-plumbuita-si-fundeni\\\/\",\"url\":\"https:\\\/\\\/buletin.de\\\/bucuresti\\\/puz-sector-2-prevede-transformarea-in-spatiu-construibil-a-30-de-hectare-de-de-teren-de-pe-malul-lacurilor-colentina-tei-plumbuita-si-fundeni\\\/\",\"name\":\"PUZ Sector 2 prevede transformarea \u00een spa\u021biu construibil a 30 de hectare de de teren de pe malul Lacurilor Colentina, Tei, Plumbuita \u0219i Fundeni - Buletin de Bucure\u0219ti\",\"isPartOf\":{\"@id\":\"https:\\\/\\\/buletin.de\\\/bucuresti\\\/#website\"},\"primaryImageOfPage\":{\"@id\":\"https:\\\/\\\/buletin.de\\\/bucuresti\\\/puz-sector-2-prevede-transformarea-in-spatiu-construibil-a-30-de-hectare-de-de-teren-de-pe-malul-lacurilor-colentina-tei-plumbuita-si-fundeni\\\/#primaryimage\"},\"image\":{\"@id\":\"https:\\\/\\\/buletin.de\\\/bucuresti\\\/puz-sector-2-prevede-transformarea-in-spatiu-construibil-a-30-de-hectare-de-de-teren-de-pe-malul-lacurilor-colentina-tei-plumbuita-si-fundeni\\\/#primaryimage\"},\"thumbnailUrl\":\"https:\\\/\\\/buletin.de\\\/bucuresti\\\/wp-content\\\/uploads\\\/154393900_1337173849992232_1367133478691382364_o.jpg\",\"datePublished\":\"2021-02-25T17:01:37+00:00\",\"dateModified\":\"2021-02-25T17:02:10+00:00\",\"breadcrumb\":{\"@id\":\"https:\\\/\\\/buletin.de\\\/bucuresti\\\/puz-sector-2-prevede-transformarea-in-spatiu-construibil-a-30-de-hectare-de-de-teren-de-pe-malul-lacurilor-colentina-tei-plumbuita-si-fundeni\\\/#breadcrumb\"},\"inLanguage\":\"en-GB\",\"potentialAction\":[{\"@type\":\"ReadAction\",\"target\":[\"https:\\\/\\\/buletin.de\\\/bucuresti\\\/puz-sector-2-prevede-transformarea-in-spatiu-construibil-a-30-de-hectare-de-de-teren-de-pe-malul-lacurilor-colentina-tei-plumbuita-si-fundeni\\\/\"]}]},{\"@type\":\"ImageObject\",\"inLanguage\":\"en-GB\",\"@id\":\"https:\\\/\\\/buletin.de\\\/bucuresti\\\/puz-sector-2-prevede-transformarea-in-spatiu-construibil-a-30-de-hectare-de-de-teren-de-pe-malul-lacurilor-colentina-tei-plumbuita-si-fundeni\\\/#primaryimage\",\"url\":\"https:\\\/\\\/buletin.de\\\/bucuresti\\\/wp-content\\\/uploads\\\/154393900_1337173849992232_1367133478691382364_o.jpg\",\"contentUrl\":\"https:\\\/\\\/buletin.de\\\/bucuresti\\\/wp-content\\\/uploads\\\/154393900_1337173849992232_1367133478691382364_o.jpg\",\"width\":1440,\"height\":1078},{\"@type\":\"BreadcrumbList\",\"@id\":\"https:\\\/\\\/buletin.de\\\/bucuresti\\\/puz-sector-2-prevede-transformarea-in-spatiu-construibil-a-30-de-hectare-de-de-teren-de-pe-malul-lacurilor-colentina-tei-plumbuita-si-fundeni\\\/#breadcrumb\",\"itemListElement\":[{\"@type\":\"ListItem\",\"position\":1,\"name\":\"Acas\u0103\",\"item\":\"https:\\\/\\\/buletin.de\\\/bucuresti\\\/\"},{\"@type\":\"ListItem\",\"position\":2,\"name\":\"PUZ Sector 2 prevede transformarea \u00een spa\u021biu construibil a 30 de hectare de de teren de pe malul Lacurilor Colentina, Tei, Plumbuita \u0219i Fundeni\"}]},{\"@type\":\"WebSite\",\"@id\":\"https:\\\/\\\/buletin.de\\\/bucuresti\\\/#website\",\"url\":\"https:\\\/\\\/buletin.de\\\/bucuresti\\\/\",\"name\":\"Buletin de Bucure\u0219ti\",\"description\":\"\u0218tiri \u0219i investiga\u021bii esen\u021biale din capital\u0103\",\"publisher\":{\"@id\":\"https:\\\/\\\/buletin.de\\\/bucuresti\\\/#organization\"},\"potentialAction\":[{\"@type\":\"SearchAction\",\"target\":{\"@type\":\"EntryPoint\",\"urlTemplate\":\"https:\\\/\\\/buletin.de\\\/bucuresti\\\/?s={search_term_string}\"},\"query-input\":{\"@type\":\"PropertyValueSpecification\",\"valueRequired\":true,\"valueName\":\"search_term_string\"}}],\"inLanguage\":\"en-GB\"},{\"@type\":\"Organization\",\"@id\":\"https:\\\/\\\/buletin.de\\\/bucuresti\\\/#organization\",\"name\":\"Buletin de Bucure\u0219ti\",\"url\":\"https:\\\/\\\/buletin.de\\\/bucuresti\\\/\",\"logo\":{\"@type\":\"ImageObject\",\"inLanguage\":\"en-GB\",\"@id\":\"https:\\\/\\\/buletin.de\\\/bucuresti\\\/#\\\/schema\\\/logo\\\/image\\\/\",\"url\":\"https:\\\/\\\/buletin.de\\\/bucuresti\\\/wp-content\\\/uploads\\\/logo-bdb-full-wide-vernil-transparent.png\",\"contentUrl\":\"https:\\\/\\\/buletin.de\\\/bucuresti\\\/wp-content\\\/uploads\\\/logo-bdb-full-wide-vernil-transparent.png\",\"width\":1782,\"height\":626,\"caption\":\"Buletin de Bucure\u0219ti\"},\"image\":{\"@id\":\"https:\\\/\\\/buletin.de\\\/bucuresti\\\/#\\\/schema\\\/logo\\\/image\\\/\"},\"sameAs\":[\"https:\\\/\\\/www.facebook.com\\\/buletin.de.buc\",\"https:\\\/\\\/www.instagram.com\\\/buletinde.bucuresti\\\/\"]},{\"@type\":\"Person\",\"@id\":\"https:\\\/\\\/buletin.de\\\/bucuresti\\\/#\\\/schema\\\/person\\\/b0686d7a8b666c6afc78239777fd8a89\",\"name\":\"Florin R\u00e2\u0219teiu\",\"image\":{\"@type\":\"ImageObject\",\"inLanguage\":\"en-GB\",\"@id\":\"https:\\\/\\\/buletin.de\\\/bucuresti\\\/wp-content\\\/uploads\\\/Florin-Rasteiu-96x96.jpgf0a6fe28453aa12f0a60e4d0a2e3a78c\",\"url\":\"https:\\\/\\\/buletin.de\\\/bucuresti\\\/wp-content\\\/uploads\\\/Florin-Rasteiu-96x96.jpg\",\"contentUrl\":\"https:\\\/\\\/buletin.de\\\/bucuresti\\\/wp-content\\\/uploads\\\/Florin-Rasteiu-96x96.jpg\",\"caption\":\"Florin R\u00e2\u0219teiu\"},\"description\":\"Jurnalist de investiga\u021bie. Lucreaz\u0103 de aproape 6 ani la Buletin de Bucure\u0219ti, unde a publicat articole care scot la suprafa\u021b\u0103 corup\u021bia din Capital\u0103. Analizeaz\u0103 baze de date zilnic \u0219i scoate pove\u0219ti din exceluri pline de cifre. Pune reflectorul pe adev\u0103r cu fiecare ocazie. A c\u00e2\u0219tigat premiul I la categoria Pres\u0103 Local\u0103 \u00een 2025 \u0219i locul al II-lea la aceea\u0219i categorie \u00een 2024 \u00een cadrul Premiilor Superscrieri pentru jurnalism independent.\",\"url\":\"https:\\\/\\\/buletin.de\\\/bucuresti\\\/author\\\/florinrasteiu\\\/\"}]}<\/script>\n<!-- \/ Yoast SEO Premium plugin. -->","yoast_head_json":{"title":"PUZ Sector 2 prevede transformarea \u00een spa\u021biu construibil a 30 de hectare de de teren de pe malul Lacurilor Colentina, Tei, Plumbuita \u0219i Fundeni - Buletin de Bucure\u0219ti","robots":{"index":"index","follow":"follow","max-snippet":"max-snippet:-1","max-image-preview":"max-image-preview:large","max-video-preview":"max-video-preview:-1"},"canonical":"https:\/\/buletin.de\/bucuresti\/puz-sector-2-prevede-transformarea-in-spatiu-construibil-a-30-de-hectare-de-de-teren-de-pe-malul-lacurilor-colentina-tei-plumbuita-si-fundeni\/","og_locale":"en_GB","og_type":"article","og_title":"PUZ Sector 2 prevede transformarea \u00een spa\u021biu construibil a 30 de hectare de de teren de pe malul Lacurilor Colentina, Tei, Plumbuita \u0219i Fundeni","og_description":"Planul Urbanistic Zonal (PUZ) al Prim\u0103riei Sector 2 prevede transformarea a peste 30 de hectare de teren de pe malul Lacurilor Colentina, Tei, Plumbuita \u0219i Fundeni, dar \u0219i de la parcul de l\u00e2ng\u0103 Arena Na\u021bional\u0103 din spa\u021bii verzi \u00een zone unde se pot construi blocuri \u0219i case. Planul Urbanistic Zonal al Sectorului 2 a fost [&hellip;]","og_url":"https:\/\/buletin.de\/bucuresti\/puz-sector-2-prevede-transformarea-in-spatiu-construibil-a-30-de-hectare-de-de-teren-de-pe-malul-lacurilor-colentina-tei-plumbuita-si-fundeni\/","og_site_name":"Buletin de Bucure\u0219ti","article_publisher":"https:\/\/www.facebook.com\/buletin.de.buc","article_published_time":"2021-02-25T17:01:37+00:00","article_modified_time":"2021-02-25T17:02:10+00:00","og_image":[{"width":1440,"height":1078,"url":"https:\/\/buletin.de\/bucuresti\/wp-content\/uploads\/154393900_1337173849992232_1367133478691382364_o.jpg","type":"image\/jpeg"}],"author":"Florin R\u00e2\u0219teiu","twitter_card":"summary_large_image","twitter_misc":{"Written by":"Florin R\u00e2\u0219teiu","Estimated reading time":"3 minutes"},"schema":{"@context":"https:\/\/schema.org","@graph":[{"@type":"Article","@id":"https:\/\/buletin.de\/bucuresti\/puz-sector-2-prevede-transformarea-in-spatiu-construibil-a-30-de-hectare-de-de-teren-de-pe-malul-lacurilor-colentina-tei-plumbuita-si-fundeni\/#article","isPartOf":{"@id":"https:\/\/buletin.de\/bucuresti\/puz-sector-2-prevede-transformarea-in-spatiu-construibil-a-30-de-hectare-de-de-teren-de-pe-malul-lacurilor-colentina-tei-plumbuita-si-fundeni\/"},"author":{"name":"Florin R\u00e2\u0219teiu","@id":"https:\/\/buletin.de\/bucuresti\/#\/schema\/person\/b0686d7a8b666c6afc78239777fd8a89"},"headline":"PUZ Sector 2 prevede transformarea \u00een spa\u021biu construibil a 30 de hectare de de teren de pe malul Lacurilor Colentina, Tei, Plumbuita \u0219i Fundeni","datePublished":"2021-02-25T17:01:37+00:00","dateModified":"2021-02-25T17:02:10+00:00","mainEntityOfPage":{"@id":"https:\/\/buletin.de\/bucuresti\/puz-sector-2-prevede-transformarea-in-spatiu-construibil-a-30-de-hectare-de-de-teren-de-pe-malul-lacurilor-colentina-tei-plumbuita-si-fundeni\/"},"wordCount":656,"publisher":{"@id":"https:\/\/buletin.de\/bucuresti\/#organization"},"image":{"@id":"https:\/\/buletin.de\/bucuresti\/puz-sector-2-prevede-transformarea-in-spatiu-construibil-a-30-de-hectare-de-de-teren-de-pe-malul-lacurilor-colentina-tei-plumbuita-si-fundeni\/#primaryimage"},"thumbnailUrl":"https:\/\/buletin.de\/bucuresti\/wp-content\/uploads\/154393900_1337173849992232_1367133478691382364_o.jpg","articleSection":["Diverse"],"inLanguage":"en-GB","copyrightYear":"2021","copyrightHolder":{"@id":"https:\/\/buletin.de\/bucuresti\/#organization"}},{"@type":"WebPage","@id":"https:\/\/buletin.de\/bucuresti\/puz-sector-2-prevede-transformarea-in-spatiu-construibil-a-30-de-hectare-de-de-teren-de-pe-malul-lacurilor-colentina-tei-plumbuita-si-fundeni\/","url":"https:\/\/buletin.de\/bucuresti\/puz-sector-2-prevede-transformarea-in-spatiu-construibil-a-30-de-hectare-de-de-teren-de-pe-malul-lacurilor-colentina-tei-plumbuita-si-fundeni\/","name":"PUZ Sector 2 prevede transformarea \u00een spa\u021biu construibil a 30 de hectare de de teren de pe malul Lacurilor Colentina, Tei, Plumbuita \u0219i Fundeni - Buletin de Bucure\u0219ti","isPartOf":{"@id":"https:\/\/buletin.de\/bucuresti\/#website"},"primaryImageOfPage":{"@id":"https:\/\/buletin.de\/bucuresti\/puz-sector-2-prevede-transformarea-in-spatiu-construibil-a-30-de-hectare-de-de-teren-de-pe-malul-lacurilor-colentina-tei-plumbuita-si-fundeni\/#primaryimage"},"image":{"@id":"https:\/\/buletin.de\/bucuresti\/puz-sector-2-prevede-transformarea-in-spatiu-construibil-a-30-de-hectare-de-de-teren-de-pe-malul-lacurilor-colentina-tei-plumbuita-si-fundeni\/#primaryimage"},"thumbnailUrl":"https:\/\/buletin.de\/bucuresti\/wp-content\/uploads\/154393900_1337173849992232_1367133478691382364_o.jpg","datePublished":"2021-02-25T17:01:37+00:00","dateModified":"2021-02-25T17:02:10+00:00","breadcrumb":{"@id":"https:\/\/buletin.de\/bucuresti\/puz-sector-2-prevede-transformarea-in-spatiu-construibil-a-30-de-hectare-de-de-teren-de-pe-malul-lacurilor-colentina-tei-plumbuita-si-fundeni\/#breadcrumb"},"inLanguage":"en-GB","potentialAction":[{"@type":"ReadAction","target":["https:\/\/buletin.de\/bucuresti\/puz-sector-2-prevede-transformarea-in-spatiu-construibil-a-30-de-hectare-de-de-teren-de-pe-malul-lacurilor-colentina-tei-plumbuita-si-fundeni\/"]}]},{"@type":"ImageObject","inLanguage":"en-GB","@id":"https:\/\/buletin.de\/bucuresti\/puz-sector-2-prevede-transformarea-in-spatiu-construibil-a-30-de-hectare-de-de-teren-de-pe-malul-lacurilor-colentina-tei-plumbuita-si-fundeni\/#primaryimage","url":"https:\/\/buletin.de\/bucuresti\/wp-content\/uploads\/154393900_1337173849992232_1367133478691382364_o.jpg","contentUrl":"https:\/\/buletin.de\/bucuresti\/wp-content\/uploads\/154393900_1337173849992232_1367133478691382364_o.jpg","width":1440,"height":1078},{"@type":"BreadcrumbList","@id":"https:\/\/buletin.de\/bucuresti\/puz-sector-2-prevede-transformarea-in-spatiu-construibil-a-30-de-hectare-de-de-teren-de-pe-malul-lacurilor-colentina-tei-plumbuita-si-fundeni\/#breadcrumb","itemListElement":[{"@type":"ListItem","position":1,"name":"Acas\u0103","item":"https:\/\/buletin.de\/bucuresti\/"},{"@type":"ListItem","position":2,"name":"PUZ Sector 2 prevede transformarea \u00een spa\u021biu construibil a 30 de hectare de de teren de pe malul Lacurilor Colentina, Tei, Plumbuita \u0219i Fundeni"}]},{"@type":"WebSite","@id":"https:\/\/buletin.de\/bucuresti\/#website","url":"https:\/\/buletin.de\/bucuresti\/","name":"Buletin de Bucure\u0219ti","description":"\u0218tiri \u0219i investiga\u021bii esen\u021biale din capital\u0103","publisher":{"@id":"https:\/\/buletin.de\/bucuresti\/#organization"},"potentialAction":[{"@type":"SearchAction","target":{"@type":"EntryPoint","urlTemplate":"https:\/\/buletin.de\/bucuresti\/?s={search_term_string}"},"query-input":{"@type":"PropertyValueSpecification","valueRequired":true,"valueName":"search_term_string"}}],"inLanguage":"en-GB"},{"@type":"Organization","@id":"https:\/\/buletin.de\/bucuresti\/#organization","name":"Buletin de Bucure\u0219ti","url":"https:\/\/buletin.de\/bucuresti\/","logo":{"@type":"ImageObject","inLanguage":"en-GB","@id":"https:\/\/buletin.de\/bucuresti\/#\/schema\/logo\/image\/","url":"https:\/\/buletin.de\/bucuresti\/wp-content\/uploads\/logo-bdb-full-wide-vernil-transparent.png","contentUrl":"https:\/\/buletin.de\/bucuresti\/wp-content\/uploads\/logo-bdb-full-wide-vernil-transparent.png","width":1782,"height":626,"caption":"Buletin de Bucure\u0219ti"},"image":{"@id":"https:\/\/buletin.de\/bucuresti\/#\/schema\/logo\/image\/"},"sameAs":["https:\/\/www.facebook.com\/buletin.de.buc","https:\/\/www.instagram.com\/buletinde.bucuresti\/"]},{"@type":"Person","@id":"https:\/\/buletin.de\/bucuresti\/#\/schema\/person\/b0686d7a8b666c6afc78239777fd8a89","name":"Florin R\u00e2\u0219teiu","image":{"@type":"ImageObject","inLanguage":"en-GB","@id":"https:\/\/buletin.de\/bucuresti\/wp-content\/uploads\/Florin-Rasteiu-96x96.jpgf0a6fe28453aa12f0a60e4d0a2e3a78c","url":"https:\/\/buletin.de\/bucuresti\/wp-content\/uploads\/Florin-Rasteiu-96x96.jpg","contentUrl":"https:\/\/buletin.de\/bucuresti\/wp-content\/uploads\/Florin-Rasteiu-96x96.jpg","caption":"Florin R\u00e2\u0219teiu"},"description":"Jurnalist de investiga\u021bie. Lucreaz\u0103 de aproape 6 ani la Buletin de Bucure\u0219ti, unde a publicat articole care scot la suprafa\u021b\u0103 corup\u021bia din Capital\u0103. Analizeaz\u0103 baze de date zilnic \u0219i scoate pove\u0219ti din exceluri pline de cifre. Pune reflectorul pe adev\u0103r cu fiecare ocazie. A c\u00e2\u0219tigat premiul I la categoria Pres\u0103 Local\u0103 \u00een 2025 \u0219i locul al II-lea la aceea\u0219i categorie \u00een 2024 \u00een cadrul Premiilor Superscrieri pentru jurnalism independent.","url":"https:\/\/buletin.de\/bucuresti\/author\/florinrasteiu\/"}]}},"authors":[{"term_id":22576,"user_id":17,"is_guest":0,"slug":"florinrasteiu","display_name":"Florin R\u00e2\u0219teiu","avatar_url":"https:\/\/buletin.de\/bucuresti\/wp-content\/uploads\/Florin-Rasteiu-96x96.jpg","0":null,"1":"","2":"","3":"","4":"","5":"","6":"","7":"","8":""}],"_links":{"self":[{"href":"https:\/\/buletin.de\/bucuresti\/wp-json\/wp\/v2\/posts\/20511","targetHints":{"allow":["GET"]}}],"collection":[{"href":"https:\/\/buletin.de\/bucuresti\/wp-json\/wp\/v2\/posts"}],"about":[{"href":"https:\/\/buletin.de\/bucuresti\/wp-json\/wp\/v2\/types\/post"}],"author":[{"embeddable":true,"href":"https:\/\/buletin.de\/bucuresti\/wp-json\/wp\/v2\/users\/17"}],"replies":[{"embeddable":true,"href":"https:\/\/buletin.de\/bucuresti\/wp-json\/wp\/v2\/comments?post=20511"}],"version-history":[{"count":7,"href":"https:\/\/buletin.de\/bucuresti\/wp-json\/wp\/v2\/posts\/20511\/revisions"}],"predecessor-version":[{"id":20700,"href":"https:\/\/buletin.de\/bucuresti\/wp-json\/wp\/v2\/posts\/20511\/revisions\/20700"}],"wp:featuredmedia":[{"embeddable":true,"href":"https:\/\/buletin.de\/bucuresti\/wp-json\/wp\/v2\/media\/20697"}],"wp:attachment":[{"href":"https:\/\/buletin.de\/bucuresti\/wp-json\/wp\/v2\/media?parent=20511"}],"wp:term":[{"taxonomy":"category","embeddable":true,"href":"https:\/\/buletin.de\/bucuresti\/wp-json\/wp\/v2\/categories?post=20511"},{"taxonomy":"post_tag","embeddable":true,"href":"https:\/\/buletin.de\/bucuresti\/wp-json\/wp\/v2\/tags?post=20511"},{"taxonomy":"author","embeddable":true,"href":"https:\/\/buletin.de\/bucuresti\/wp-json\/wp\/v2\/ppma_author?post=20511"}],"curies":[{"name":"wp","href":"https:\/\/api.w.org\/{rel}","templated":true}]}}