{"id":20364,"date":"2021-02-23T13:13:51","date_gmt":"2021-02-23T10:13:51","guid":{"rendered":"https:\/\/buletin.de\/bucuresti\/?p=20364"},"modified":"2021-02-23T13:13:51","modified_gmt":"2021-02-23T10:13:51","slug":"psd-a-convocat-azi-o-noua-sedinta-de-consiliu-pe-tema-celor-4-spitalelor-din-sectorul-1-usr-plus-boicoteaza-din-nou","status":"publish","type":"post","link":"https:\/\/buletin.de\/bucuresti\/psd-a-convocat-azi-o-noua-sedinta-de-consiliu-pe-tema-celor-4-spitalelor-din-sectorul-1-usr-plus-boicoteaza-din-nou\/","title":{"rendered":"PSD a convocat azi o nou\u0103 \u0219edin\u021b\u0103 de consiliu pe tema celor 4 spitalelor din sectorul 1. USR-PLUS boicoteaz\u0103 din nou"},"content":{"rendered":"\n<p><\/p>\n\n\n\n<p><strong>Consilierii PSD au convocat, ast\u0103zi, o \u0219edin\u021b\u0103 cu dou\u0103 proiecte pe ordinea de zi. Primul se refer\u0103 la cele patru spitale controversate din sectorul 1 \u0219i trecerea lor \u00een administrarea Prim\u0103riei Bucure\u0219ti, iar al doilea propune acordarea de stimulente financiare personalului expus riscului COVID-19 din Administra\u021bia Spitalelor \u0219i Serviciilor Medicale Bucure\u0219ti (ASSMB). Consilierii USR-PLUS au anun\u021bat c\u0103 vor boicota aceast\u0103 \u0219edin\u021b\u0103 pe motiv c\u0103 ambele proiecte sunt \u00eenafara cadrului legal.<\/strong><\/p>\n\n\n\n<p><a href=\"http:\/\/www4.pmb.ro\/wwwt\/institutii\/CGMB\/sedinte\/ordinea_de_zi\/db\/20210223_01.pdf\">Primul proiect ini\u021biat de PSD<\/a> solicit\u0103 ca terenurile \u0219i cl\u0103dirile a patru spitale de urgen\u021b\u0103 din Bucure\u0219ti s\u0103 treac\u0103 din administrarea Consiliului Local al Sectorului 1 \u00een administrarea Consiliului General. Este vorba despre Spitalul Clinic de Urgen\u021be Oftalmologice, Spitalul Grigore Alexandrescu, Spitalul Clinic de Urgen\u021b\u0103 Floreasc\u0103 \u0219i Spitalul Chirurgie Plastic\u0103 Reparatorie \u0219i Ar\u0219i. Grupul USR-PLUS sus\u021bine c\u0103 este vorba despre un \u201e<em>show politicianist<\/em>\u201d pe care PSD \u00eel face de dou\u0103 s\u0103pt\u0103m\u00e2ni, sus\u021bin\u00e2nd c\u0103 trecerea \u00een administrare proprie ar \u00eensemna t\u0103ierea fondurilor pentru spitale de la bugetul local.<\/p>\n\n\n\n<blockquote class=\"wp-block-quote is-layout-flow wp-block-quote-is-layout-flow\"><p>\u201dNu exist\u0103 nicio leg\u0103tur\u0103 \u00eentre administrarea \u0219i finan\u021barea unui spital; finan\u021barea celor 4 spitale va fi asigurat\u0103 din acelea\u0219i surse ca \u0219i p\u00e2n\u0103 acum. \u00cen acest caz, sunt prev\u0103zute sume at\u00e2t \u00een bugetul Ministerului S\u0103n\u0103t\u0103\u021bii, c\u00e2t \u0219i \u00een bugetul local.\u201d<\/p><cite>Comunicat de pres\u0103 USR PLUS<\/cite><\/blockquote>\n\n\n\n<p>Aceste spitale au mai f\u0103cut obiectul unui \u0219edin\u021be de \u00eendat\u0103 convocat\u0103 tot \u00een februarie, la \u00eenceputul lunii, de consilierii locali ai grupului PSD din sectorul 1. Ei au cerut atunci abrogarea Hot\u0103r\u00e2rii prin care cele patru spitale din sector au fost transmise \u00een administrarea unit\u0103\u021bilor sanitare publice, \u00eens\u0103 aceast\u0103 nu a fost aprobat\u0103 deoarece <a href=\"https:\/\/buletin.de\/bucuresti\/consilierii-psd-cer-revocarea-deciziei-de-a-scoate-patru-spitale-din-administrarea-primariei-sectorului-1-pnl-pmp-si-usr-plus-nu-s-au-prezentat-la-sedinta-extraordinara\/\">nu s-a \u00eendeplinit cvorumul.<\/a><\/p>\n\n\n\n<p><a href=\"http:\/\/www4.pmb.ro\/wwwt\/institutii\/CGMB\/sedinte\/ordinea_de_zi\/db\/20210223_02.pdf\">Cel de-al doilea proiect<\/a> de pe ordinea de zi a \u0219edin\u021bei de \u00eendat\u0103 propune ca personalul tehnic, economic, social-administrativ \u0219i personalul de deservire din spitalele publice aflate \u00een subordinea ASSMB \u0219i care se implic\u0103 \u00een diagosticarea \u0219i tratarea pacien\u021bilor COVID-19, s\u0103 primeasc\u0103 un stimulent financiar \u00een cuatum de 500 lei\/lun\u0103. USR-PLUS a afirmat c\u0103 proiectul este \u00eenafara cadrului legal deoarece \u201e<em>stimulentele pentru personalul din spitale au fost aprobate strict pe perioada st\u0103rii de urgen\u021b\u0103, iar prelungirea lor \u00een starea de alert\u0103 a fost declarat\u0103 neconstitu\u021bional\u0103 de CCR<\/em>\u201d.<\/p>\n\n\n\n<p>Consilierii USR-PLUS din Bucure\u0219ti au emis un comunicat prin care au comunicat c\u0103 vor boicata \u0219edin\u021ba de ast\u0103zi. Totodat\u0103, ei au atras aten\u021bia asupra faptului c\u0103 nu se justific\u0103 temeiul de for\u021b\u0103 major\u0103 sau de maxim\u0103 urgen\u021b\u0103 pentru convocarea acestei \u0219edin\u021be, \u021bin\u00e2nd cont c\u0103 o alt\u0103 \u0219edint\u0103 ordinar\u0103 este deja programat\u0103 pe 26 februarie.<\/p>\n\n\n\n<p><\/p>\n\n\n\n<p>Surs\u0103 cover foto: <a href=\"https:\/\/www.facebook.com\/gabifirea\/photos\/3967123470017097\">Facebook Gabriela Firea<\/a><\/p>\n","protected":false},"excerpt":{"rendered":"<p>Consilierii PSD au convocat, ast\u0103zi, o \u0219edin\u021b\u0103 cu dou\u0103 proiecte pe ordinea de zi. Primul se refer\u0103 la cele patru spitale controversate din sectorul 1 \u0219i trecerea lor \u00een administrarea Prim\u0103riei Bucure\u0219ti, iar al doilea propune acordarea de stimulente financiare personalului expus riscului COVID-19 din Administra\u021bia Spitalelor \u0219i Serviciilor Medicale Bucure\u0219ti (ASSMB). Consilierii USR-PLUS au [&hellip;]<\/p>\n","protected":false},"author":6,"featured_media":20366,"comment_status":"closed","ping_status":"open","sticky":false,"template":"","format":"standard","meta":{"_acf_changed":false,"inline_featured_image":false,"ngg_post_thumbnail":0,"footnotes":""},"categories":[24,62],"tags":[2284,258,65,2283,1223],"ppma_author":[22588],"class_list":["post-20364","post","type-post","status-publish","format-standard","has-post-thumbnail","hentry","category-primarie","category-stiri","tag-boicot","tag-primaria-capitalei","tag-psd","tag-sedinta-de-indata","tag-usr-plus"],"acf":[],"yoast_head":"<!-- This site is optimized with the Yoast SEO Premium plugin v25.3 (Yoast SEO v27.4) - https:\/\/yoast.com\/product\/yoast-seo-premium-wordpress\/ -->\n<title>PSD a convocat azi o nou\u0103 \u0219edin\u021b\u0103 de consiliu pe tema celor 4 spitalelor din sectorul 1. USR-PLUS boicoteaz\u0103 din nou - Buletin de Bucure\u0219ti<\/title>\n<meta name=\"robots\" content=\"index, follow, max-snippet:-1, max-image-preview:large, max-video-preview:-1\" \/>\n<link rel=\"canonical\" href=\"https:\/\/buletin.de\/bucuresti\/psd-a-convocat-azi-o-noua-sedinta-de-consiliu-pe-tema-celor-4-spitalelor-din-sectorul-1-usr-plus-boicoteaza-din-nou\/\" \/>\n<meta property=\"og:locale\" content=\"en_GB\" \/>\n<meta property=\"og:type\" content=\"article\" \/>\n<meta property=\"og:title\" content=\"PSD a convocat azi o nou\u0103 \u0219edin\u021b\u0103 de consiliu pe tema celor 4 spitalelor din sectorul 1. USR-PLUS boicoteaz\u0103 din nou\" \/>\n<meta property=\"og:description\" content=\"Consilierii PSD au convocat, ast\u0103zi, o \u0219edin\u021b\u0103 cu dou\u0103 proiecte pe ordinea de zi. Primul se refer\u0103 la cele patru spitale controversate din sectorul 1 \u0219i trecerea lor \u00een administrarea Prim\u0103riei Bucure\u0219ti, iar al doilea propune acordarea de stimulente financiare personalului expus riscului COVID-19 din Administra\u021bia Spitalelor \u0219i Serviciilor Medicale Bucure\u0219ti (ASSMB). Consilierii USR-PLUS au [&hellip;]\" \/>\n<meta property=\"og:url\" content=\"https:\/\/buletin.de\/bucuresti\/psd-a-convocat-azi-o-noua-sedinta-de-consiliu-pe-tema-celor-4-spitalelor-din-sectorul-1-usr-plus-boicoteaza-din-nou\/\" \/>\n<meta property=\"og:site_name\" content=\"Buletin de Bucure\u0219ti\" \/>\n<meta property=\"article:publisher\" content=\"https:\/\/www.facebook.com\/buletin.de.buc\" \/>\n<meta property=\"article:published_time\" content=\"2021-02-23T10:13:51+00:00\" \/>\n<meta property=\"og:image\" content=\"https:\/\/buletin.de\/bucuresti\/wp-content\/uploads\/147428026_3967123486683762_7672949036396405373_o.jpg\" \/>\n\t<meta property=\"og:image:width\" content=\"1440\" \/>\n\t<meta property=\"og:image:height\" content=\"1080\" \/>\n\t<meta property=\"og:image:type\" content=\"image\/jpeg\" \/>\n<meta name=\"author\" content=\"Bianca Albu\" \/>\n<meta name=\"twitter:card\" content=\"summary_large_image\" \/>\n<meta name=\"twitter:label1\" content=\"Written by\" \/>\n\t<meta name=\"twitter:data1\" content=\"Bianca Albu\" \/>\n\t<meta name=\"twitter:label2\" content=\"Estimated reading time\" \/>\n\t<meta name=\"twitter:data2\" content=\"2 minutes\" \/>\n<script type=\"application\/ld+json\" class=\"yoast-schema-graph\">{\"@context\":\"https:\\\/\\\/schema.org\",\"@graph\":[{\"@type\":\"Article\",\"@id\":\"https:\\\/\\\/buletin.de\\\/bucuresti\\\/psd-a-convocat-azi-o-noua-sedinta-de-consiliu-pe-tema-celor-4-spitalelor-din-sectorul-1-usr-plus-boicoteaza-din-nou\\\/#article\",\"isPartOf\":{\"@id\":\"https:\\\/\\\/buletin.de\\\/bucuresti\\\/psd-a-convocat-azi-o-noua-sedinta-de-consiliu-pe-tema-celor-4-spitalelor-din-sectorul-1-usr-plus-boicoteaza-din-nou\\\/\"},\"author\":{\"name\":\"Bianca Albu\",\"@id\":\"https:\\\/\\\/buletin.de\\\/bucuresti\\\/#\\\/schema\\\/person\\\/295dc2228d2dc79294d636619468dc7f\"},\"headline\":\"PSD a convocat azi o nou\u0103 \u0219edin\u021b\u0103 de consiliu pe tema celor 4 spitalelor din sectorul 1. USR-PLUS boicoteaz\u0103 din nou\",\"datePublished\":\"2021-02-23T10:13:51+00:00\",\"mainEntityOfPage\":{\"@id\":\"https:\\\/\\\/buletin.de\\\/bucuresti\\\/psd-a-convocat-azi-o-noua-sedinta-de-consiliu-pe-tema-celor-4-spitalelor-din-sectorul-1-usr-plus-boicoteaza-din-nou\\\/\"},\"wordCount\":465,\"publisher\":{\"@id\":\"https:\\\/\\\/buletin.de\\\/bucuresti\\\/#organization\"},\"image\":{\"@id\":\"https:\\\/\\\/buletin.de\\\/bucuresti\\\/psd-a-convocat-azi-o-noua-sedinta-de-consiliu-pe-tema-celor-4-spitalelor-din-sectorul-1-usr-plus-boicoteaza-din-nou\\\/#primaryimage\"},\"thumbnailUrl\":\"https:\\\/\\\/buletin.de\\\/bucuresti\\\/wp-content\\\/uploads\\\/147428026_3967123486683762_7672949036396405373_o.jpg\",\"keywords\":[\"boicot\",\"primaria capitalei\",\"psd\",\"sedinta de indata\",\"usr plus\"],\"articleSection\":[\"Prim\u0103rie\",\"\u0218tiri\"],\"inLanguage\":\"en-GB\",\"copyrightYear\":\"2021\",\"copyrightHolder\":{\"@id\":\"https:\\\/\\\/buletin.de\\\/bucuresti\\\/#organization\"}},{\"@type\":\"WebPage\",\"@id\":\"https:\\\/\\\/buletin.de\\\/bucuresti\\\/psd-a-convocat-azi-o-noua-sedinta-de-consiliu-pe-tema-celor-4-spitalelor-din-sectorul-1-usr-plus-boicoteaza-din-nou\\\/\",\"url\":\"https:\\\/\\\/buletin.de\\\/bucuresti\\\/psd-a-convocat-azi-o-noua-sedinta-de-consiliu-pe-tema-celor-4-spitalelor-din-sectorul-1-usr-plus-boicoteaza-din-nou\\\/\",\"name\":\"PSD a convocat azi o nou\u0103 \u0219edin\u021b\u0103 de consiliu pe tema celor 4 spitalelor din sectorul 1. USR-PLUS boicoteaz\u0103 din nou - Buletin de Bucure\u0219ti\",\"isPartOf\":{\"@id\":\"https:\\\/\\\/buletin.de\\\/bucuresti\\\/#website\"},\"primaryImageOfPage\":{\"@id\":\"https:\\\/\\\/buletin.de\\\/bucuresti\\\/psd-a-convocat-azi-o-noua-sedinta-de-consiliu-pe-tema-celor-4-spitalelor-din-sectorul-1-usr-plus-boicoteaza-din-nou\\\/#primaryimage\"},\"image\":{\"@id\":\"https:\\\/\\\/buletin.de\\\/bucuresti\\\/psd-a-convocat-azi-o-noua-sedinta-de-consiliu-pe-tema-celor-4-spitalelor-din-sectorul-1-usr-plus-boicoteaza-din-nou\\\/#primaryimage\"},\"thumbnailUrl\":\"https:\\\/\\\/buletin.de\\\/bucuresti\\\/wp-content\\\/uploads\\\/147428026_3967123486683762_7672949036396405373_o.jpg\",\"datePublished\":\"2021-02-23T10:13:51+00:00\",\"breadcrumb\":{\"@id\":\"https:\\\/\\\/buletin.de\\\/bucuresti\\\/psd-a-convocat-azi-o-noua-sedinta-de-consiliu-pe-tema-celor-4-spitalelor-din-sectorul-1-usr-plus-boicoteaza-din-nou\\\/#breadcrumb\"},\"inLanguage\":\"en-GB\",\"potentialAction\":[{\"@type\":\"ReadAction\",\"target\":[\"https:\\\/\\\/buletin.de\\\/bucuresti\\\/psd-a-convocat-azi-o-noua-sedinta-de-consiliu-pe-tema-celor-4-spitalelor-din-sectorul-1-usr-plus-boicoteaza-din-nou\\\/\"]}]},{\"@type\":\"ImageObject\",\"inLanguage\":\"en-GB\",\"@id\":\"https:\\\/\\\/buletin.de\\\/bucuresti\\\/psd-a-convocat-azi-o-noua-sedinta-de-consiliu-pe-tema-celor-4-spitalelor-din-sectorul-1-usr-plus-boicoteaza-din-nou\\\/#primaryimage\",\"url\":\"https:\\\/\\\/buletin.de\\\/bucuresti\\\/wp-content\\\/uploads\\\/147428026_3967123486683762_7672949036396405373_o.jpg\",\"contentUrl\":\"https:\\\/\\\/buletin.de\\\/bucuresti\\\/wp-content\\\/uploads\\\/147428026_3967123486683762_7672949036396405373_o.jpg\",\"width\":1440,\"height\":1080},{\"@type\":\"BreadcrumbList\",\"@id\":\"https:\\\/\\\/buletin.de\\\/bucuresti\\\/psd-a-convocat-azi-o-noua-sedinta-de-consiliu-pe-tema-celor-4-spitalelor-din-sectorul-1-usr-plus-boicoteaza-din-nou\\\/#breadcrumb\",\"itemListElement\":[{\"@type\":\"ListItem\",\"position\":1,\"name\":\"Acas\u0103\",\"item\":\"https:\\\/\\\/buletin.de\\\/bucuresti\\\/\"},{\"@type\":\"ListItem\",\"position\":2,\"name\":\"PSD a convocat azi o nou\u0103 \u0219edin\u021b\u0103 de consiliu pe tema celor 4 spitalelor din sectorul 1. USR-PLUS boicoteaz\u0103 din nou\"}]},{\"@type\":\"WebSite\",\"@id\":\"https:\\\/\\\/buletin.de\\\/bucuresti\\\/#website\",\"url\":\"https:\\\/\\\/buletin.de\\\/bucuresti\\\/\",\"name\":\"Buletin de Bucure\u0219ti\",\"description\":\"\u0218tiri \u0219i investiga\u021bii esen\u021biale din capital\u0103\",\"publisher\":{\"@id\":\"https:\\\/\\\/buletin.de\\\/bucuresti\\\/#organization\"},\"potentialAction\":[{\"@type\":\"SearchAction\",\"target\":{\"@type\":\"EntryPoint\",\"urlTemplate\":\"https:\\\/\\\/buletin.de\\\/bucuresti\\\/?s={search_term_string}\"},\"query-input\":{\"@type\":\"PropertyValueSpecification\",\"valueRequired\":true,\"valueName\":\"search_term_string\"}}],\"inLanguage\":\"en-GB\"},{\"@type\":\"Organization\",\"@id\":\"https:\\\/\\\/buletin.de\\\/bucuresti\\\/#organization\",\"name\":\"Buletin de Bucure\u0219ti\",\"url\":\"https:\\\/\\\/buletin.de\\\/bucuresti\\\/\",\"logo\":{\"@type\":\"ImageObject\",\"inLanguage\":\"en-GB\",\"@id\":\"https:\\\/\\\/buletin.de\\\/bucuresti\\\/#\\\/schema\\\/logo\\\/image\\\/\",\"url\":\"https:\\\/\\\/buletin.de\\\/bucuresti\\\/wp-content\\\/uploads\\\/logo-bdb-full-wide-vernil-transparent.png\",\"contentUrl\":\"https:\\\/\\\/buletin.de\\\/bucuresti\\\/wp-content\\\/uploads\\\/logo-bdb-full-wide-vernil-transparent.png\",\"width\":1782,\"height\":626,\"caption\":\"Buletin de Bucure\u0219ti\"},\"image\":{\"@id\":\"https:\\\/\\\/buletin.de\\\/bucuresti\\\/#\\\/schema\\\/logo\\\/image\\\/\"},\"sameAs\":[\"https:\\\/\\\/www.facebook.com\\\/buletin.de.buc\",\"https:\\\/\\\/www.instagram.com\\\/buletinde.bucuresti\\\/\"]},{\"@type\":\"Person\",\"@id\":\"https:\\\/\\\/buletin.de\\\/bucuresti\\\/#\\\/schema\\\/person\\\/295dc2228d2dc79294d636619468dc7f\",\"name\":\"Bianca Albu\",\"image\":{\"@type\":\"ImageObject\",\"inLanguage\":\"en-GB\",\"@id\":\"https:\\\/\\\/secure.gravatar.com\\\/avatar\\\/3df2e34e20f529e6fd7be4311ee1f7c4ec4aa886971590baf6fa214b15743516?s=96&d=monsterid&r=gf541c715eeec409ce8101252a3c0d8a7\",\"url\":\"https:\\\/\\\/secure.gravatar.com\\\/avatar\\\/3df2e34e20f529e6fd7be4311ee1f7c4ec4aa886971590baf6fa214b15743516?s=96&d=monsterid&r=g\",\"contentUrl\":\"https:\\\/\\\/secure.gravatar.com\\\/avatar\\\/3df2e34e20f529e6fd7be4311ee1f7c4ec4aa886971590baf6fa214b15743516?s=96&d=monsterid&r=g\",\"caption\":\"Bianca Albu\"},\"description\":\"Reporter\",\"url\":\"https:\\\/\\\/buletin.de\\\/bucuresti\\\/author\\\/biancaalbu\\\/\"}]}<\/script>\n<!-- \/ Yoast SEO Premium plugin. -->","yoast_head_json":{"title":"PSD a convocat azi o nou\u0103 \u0219edin\u021b\u0103 de consiliu pe tema celor 4 spitalelor din sectorul 1. USR-PLUS boicoteaz\u0103 din nou - Buletin de Bucure\u0219ti","robots":{"index":"index","follow":"follow","max-snippet":"max-snippet:-1","max-image-preview":"max-image-preview:large","max-video-preview":"max-video-preview:-1"},"canonical":"https:\/\/buletin.de\/bucuresti\/psd-a-convocat-azi-o-noua-sedinta-de-consiliu-pe-tema-celor-4-spitalelor-din-sectorul-1-usr-plus-boicoteaza-din-nou\/","og_locale":"en_GB","og_type":"article","og_title":"PSD a convocat azi o nou\u0103 \u0219edin\u021b\u0103 de consiliu pe tema celor 4 spitalelor din sectorul 1. USR-PLUS boicoteaz\u0103 din nou","og_description":"Consilierii PSD au convocat, ast\u0103zi, o \u0219edin\u021b\u0103 cu dou\u0103 proiecte pe ordinea de zi. Primul se refer\u0103 la cele patru spitale controversate din sectorul 1 \u0219i trecerea lor \u00een administrarea Prim\u0103riei Bucure\u0219ti, iar al doilea propune acordarea de stimulente financiare personalului expus riscului COVID-19 din Administra\u021bia Spitalelor \u0219i Serviciilor Medicale Bucure\u0219ti (ASSMB). Consilierii USR-PLUS au [&hellip;]","og_url":"https:\/\/buletin.de\/bucuresti\/psd-a-convocat-azi-o-noua-sedinta-de-consiliu-pe-tema-celor-4-spitalelor-din-sectorul-1-usr-plus-boicoteaza-din-nou\/","og_site_name":"Buletin de Bucure\u0219ti","article_publisher":"https:\/\/www.facebook.com\/buletin.de.buc","article_published_time":"2021-02-23T10:13:51+00:00","og_image":[{"width":1440,"height":1080,"url":"https:\/\/buletin.de\/bucuresti\/wp-content\/uploads\/147428026_3967123486683762_7672949036396405373_o.jpg","type":"image\/jpeg"}],"author":"Bianca Albu","twitter_card":"summary_large_image","twitter_misc":{"Written by":"Bianca Albu","Estimated reading time":"2 minutes"},"schema":{"@context":"https:\/\/schema.org","@graph":[{"@type":"Article","@id":"https:\/\/buletin.de\/bucuresti\/psd-a-convocat-azi-o-noua-sedinta-de-consiliu-pe-tema-celor-4-spitalelor-din-sectorul-1-usr-plus-boicoteaza-din-nou\/#article","isPartOf":{"@id":"https:\/\/buletin.de\/bucuresti\/psd-a-convocat-azi-o-noua-sedinta-de-consiliu-pe-tema-celor-4-spitalelor-din-sectorul-1-usr-plus-boicoteaza-din-nou\/"},"author":{"name":"Bianca Albu","@id":"https:\/\/buletin.de\/bucuresti\/#\/schema\/person\/295dc2228d2dc79294d636619468dc7f"},"headline":"PSD a convocat azi o nou\u0103 \u0219edin\u021b\u0103 de consiliu pe tema celor 4 spitalelor din sectorul 1. USR-PLUS boicoteaz\u0103 din nou","datePublished":"2021-02-23T10:13:51+00:00","mainEntityOfPage":{"@id":"https:\/\/buletin.de\/bucuresti\/psd-a-convocat-azi-o-noua-sedinta-de-consiliu-pe-tema-celor-4-spitalelor-din-sectorul-1-usr-plus-boicoteaza-din-nou\/"},"wordCount":465,"publisher":{"@id":"https:\/\/buletin.de\/bucuresti\/#organization"},"image":{"@id":"https:\/\/buletin.de\/bucuresti\/psd-a-convocat-azi-o-noua-sedinta-de-consiliu-pe-tema-celor-4-spitalelor-din-sectorul-1-usr-plus-boicoteaza-din-nou\/#primaryimage"},"thumbnailUrl":"https:\/\/buletin.de\/bucuresti\/wp-content\/uploads\/147428026_3967123486683762_7672949036396405373_o.jpg","keywords":["boicot","primaria capitalei","psd","sedinta de indata","usr plus"],"articleSection":["Prim\u0103rie","\u0218tiri"],"inLanguage":"en-GB","copyrightYear":"2021","copyrightHolder":{"@id":"https:\/\/buletin.de\/bucuresti\/#organization"}},{"@type":"WebPage","@id":"https:\/\/buletin.de\/bucuresti\/psd-a-convocat-azi-o-noua-sedinta-de-consiliu-pe-tema-celor-4-spitalelor-din-sectorul-1-usr-plus-boicoteaza-din-nou\/","url":"https:\/\/buletin.de\/bucuresti\/psd-a-convocat-azi-o-noua-sedinta-de-consiliu-pe-tema-celor-4-spitalelor-din-sectorul-1-usr-plus-boicoteaza-din-nou\/","name":"PSD a convocat azi o nou\u0103 \u0219edin\u021b\u0103 de consiliu pe tema celor 4 spitalelor din sectorul 1. USR-PLUS boicoteaz\u0103 din nou - Buletin de Bucure\u0219ti","isPartOf":{"@id":"https:\/\/buletin.de\/bucuresti\/#website"},"primaryImageOfPage":{"@id":"https:\/\/buletin.de\/bucuresti\/psd-a-convocat-azi-o-noua-sedinta-de-consiliu-pe-tema-celor-4-spitalelor-din-sectorul-1-usr-plus-boicoteaza-din-nou\/#primaryimage"},"image":{"@id":"https:\/\/buletin.de\/bucuresti\/psd-a-convocat-azi-o-noua-sedinta-de-consiliu-pe-tema-celor-4-spitalelor-din-sectorul-1-usr-plus-boicoteaza-din-nou\/#primaryimage"},"thumbnailUrl":"https:\/\/buletin.de\/bucuresti\/wp-content\/uploads\/147428026_3967123486683762_7672949036396405373_o.jpg","datePublished":"2021-02-23T10:13:51+00:00","breadcrumb":{"@id":"https:\/\/buletin.de\/bucuresti\/psd-a-convocat-azi-o-noua-sedinta-de-consiliu-pe-tema-celor-4-spitalelor-din-sectorul-1-usr-plus-boicoteaza-din-nou\/#breadcrumb"},"inLanguage":"en-GB","potentialAction":[{"@type":"ReadAction","target":["https:\/\/buletin.de\/bucuresti\/psd-a-convocat-azi-o-noua-sedinta-de-consiliu-pe-tema-celor-4-spitalelor-din-sectorul-1-usr-plus-boicoteaza-din-nou\/"]}]},{"@type":"ImageObject","inLanguage":"en-GB","@id":"https:\/\/buletin.de\/bucuresti\/psd-a-convocat-azi-o-noua-sedinta-de-consiliu-pe-tema-celor-4-spitalelor-din-sectorul-1-usr-plus-boicoteaza-din-nou\/#primaryimage","url":"https:\/\/buletin.de\/bucuresti\/wp-content\/uploads\/147428026_3967123486683762_7672949036396405373_o.jpg","contentUrl":"https:\/\/buletin.de\/bucuresti\/wp-content\/uploads\/147428026_3967123486683762_7672949036396405373_o.jpg","width":1440,"height":1080},{"@type":"BreadcrumbList","@id":"https:\/\/buletin.de\/bucuresti\/psd-a-convocat-azi-o-noua-sedinta-de-consiliu-pe-tema-celor-4-spitalelor-din-sectorul-1-usr-plus-boicoteaza-din-nou\/#breadcrumb","itemListElement":[{"@type":"ListItem","position":1,"name":"Acas\u0103","item":"https:\/\/buletin.de\/bucuresti\/"},{"@type":"ListItem","position":2,"name":"PSD a convocat azi o nou\u0103 \u0219edin\u021b\u0103 de consiliu pe tema celor 4 spitalelor din sectorul 1. USR-PLUS boicoteaz\u0103 din nou"}]},{"@type":"WebSite","@id":"https:\/\/buletin.de\/bucuresti\/#website","url":"https:\/\/buletin.de\/bucuresti\/","name":"Buletin de Bucure\u0219ti","description":"\u0218tiri \u0219i investiga\u021bii esen\u021biale din capital\u0103","publisher":{"@id":"https:\/\/buletin.de\/bucuresti\/#organization"},"potentialAction":[{"@type":"SearchAction","target":{"@type":"EntryPoint","urlTemplate":"https:\/\/buletin.de\/bucuresti\/?s={search_term_string}"},"query-input":{"@type":"PropertyValueSpecification","valueRequired":true,"valueName":"search_term_string"}}],"inLanguage":"en-GB"},{"@type":"Organization","@id":"https:\/\/buletin.de\/bucuresti\/#organization","name":"Buletin de Bucure\u0219ti","url":"https:\/\/buletin.de\/bucuresti\/","logo":{"@type":"ImageObject","inLanguage":"en-GB","@id":"https:\/\/buletin.de\/bucuresti\/#\/schema\/logo\/image\/","url":"https:\/\/buletin.de\/bucuresti\/wp-content\/uploads\/logo-bdb-full-wide-vernil-transparent.png","contentUrl":"https:\/\/buletin.de\/bucuresti\/wp-content\/uploads\/logo-bdb-full-wide-vernil-transparent.png","width":1782,"height":626,"caption":"Buletin de Bucure\u0219ti"},"image":{"@id":"https:\/\/buletin.de\/bucuresti\/#\/schema\/logo\/image\/"},"sameAs":["https:\/\/www.facebook.com\/buletin.de.buc","https:\/\/www.instagram.com\/buletinde.bucuresti\/"]},{"@type":"Person","@id":"https:\/\/buletin.de\/bucuresti\/#\/schema\/person\/295dc2228d2dc79294d636619468dc7f","name":"Bianca Albu","image":{"@type":"ImageObject","inLanguage":"en-GB","@id":"https:\/\/secure.gravatar.com\/avatar\/3df2e34e20f529e6fd7be4311ee1f7c4ec4aa886971590baf6fa214b15743516?s=96&d=monsterid&r=gf541c715eeec409ce8101252a3c0d8a7","url":"https:\/\/secure.gravatar.com\/avatar\/3df2e34e20f529e6fd7be4311ee1f7c4ec4aa886971590baf6fa214b15743516?s=96&d=monsterid&r=g","contentUrl":"https:\/\/secure.gravatar.com\/avatar\/3df2e34e20f529e6fd7be4311ee1f7c4ec4aa886971590baf6fa214b15743516?s=96&d=monsterid&r=g","caption":"Bianca Albu"},"description":"Reporter","url":"https:\/\/buletin.de\/bucuresti\/author\/biancaalbu\/"}]}},"authors":[{"term_id":22588,"user_id":6,"is_guest":0,"slug":"biancaalbu","display_name":"Bianca Albu","avatar_url":"https:\/\/secure.gravatar.com\/avatar\/3df2e34e20f529e6fd7be4311ee1f7c4ec4aa886971590baf6fa214b15743516?s=96&d=monsterid&r=g","0":null,"1":"","2":"","3":"","4":"","5":"","6":"","7":"","8":""}],"_links":{"self":[{"href":"https:\/\/buletin.de\/bucuresti\/wp-json\/wp\/v2\/posts\/20364","targetHints":{"allow":["GET"]}}],"collection":[{"href":"https:\/\/buletin.de\/bucuresti\/wp-json\/wp\/v2\/posts"}],"about":[{"href":"https:\/\/buletin.de\/bucuresti\/wp-json\/wp\/v2\/types\/post"}],"author":[{"embeddable":true,"href":"https:\/\/buletin.de\/bucuresti\/wp-json\/wp\/v2\/users\/6"}],"replies":[{"embeddable":true,"href":"https:\/\/buletin.de\/bucuresti\/wp-json\/wp\/v2\/comments?post=20364"}],"version-history":[{"count":5,"href":"https:\/\/buletin.de\/bucuresti\/wp-json\/wp\/v2\/posts\/20364\/revisions"}],"predecessor-version":[{"id":20373,"href":"https:\/\/buletin.de\/bucuresti\/wp-json\/wp\/v2\/posts\/20364\/revisions\/20373"}],"wp:featuredmedia":[{"embeddable":true,"href":"https:\/\/buletin.de\/bucuresti\/wp-json\/wp\/v2\/media\/20366"}],"wp:attachment":[{"href":"https:\/\/buletin.de\/bucuresti\/wp-json\/wp\/v2\/media?parent=20364"}],"wp:term":[{"taxonomy":"category","embeddable":true,"href":"https:\/\/buletin.de\/bucuresti\/wp-json\/wp\/v2\/categories?post=20364"},{"taxonomy":"post_tag","embeddable":true,"href":"https:\/\/buletin.de\/bucuresti\/wp-json\/wp\/v2\/tags?post=20364"},{"taxonomy":"author","embeddable":true,"href":"https:\/\/buletin.de\/bucuresti\/wp-json\/wp\/v2\/ppma_author?post=20364"}],"curies":[{"name":"wp","href":"https:\/\/api.w.org\/{rel}","templated":true}]}}