{"id":20359,"date":"2021-02-23T13:06:53","date_gmt":"2021-02-23T10:06:53","guid":{"rendered":"https:\/\/buletin.de\/bucuresti\/?p=20359"},"modified":"2021-02-23T13:06:56","modified_gmt":"2021-02-23T10:06:56","slug":"primaria-sectorului-1-vrea-sa-construiasca-o-noua-scoala-scoala-regala","status":"publish","type":"post","link":"https:\/\/buletin.de\/bucuresti\/primaria-sectorului-1-vrea-sa-construiasca-o-noua-scoala-scoala-regala\/","title":{"rendered":"Prim\u0103ria Sectorului 1 vrea s\u0103 construiasc\u0103 o nou\u0103 \u0219coal\u0103: \u0218coala Regal\u0103"},"content":{"rendered":"\n<p><strong>O nou\u0103 unitate de \u00eenv\u0103\u021b\u0103m\u00e2nt va fi \u00eenfiin\u021bat\u0103 de Prim\u0103ria Sectorului 1 \u00een zona Casa Presei Libere. \u201e\u0218coala Regal\u0103\u201dva fi amenajat\u0103 \u00een imobilul de pe Bulevardul Poligrafiei num\u0103rul 4, fostul sediu al Administra\u021biei Unit\u0103\u021bilor de \u00cenv\u0103\u021b\u0103m\u00e2nt Preuniversitar \u0219i a Unit\u0103\u021bilor Sanitare Publice. Imobilul are o suprafa\u021b\u0103 de 1737 mp.&nbsp;<\/strong><\/p>\n\n\n\n<figure class=\"wp-block-gallery columns-2 is-cropped wp-block-gallery-1 is-layout-flex wp-block-gallery-is-layout-flex\"><ul class=\"blocks-gallery-grid\"><li class=\"blocks-gallery-item\"><figure><a href=\"https:\/\/buletin.de\/bucuresti\/wp-content\/uploads\/Screenshot-123.png\"><img fetchpriority=\"high\" decoding=\"async\" width=\"741\" height=\"850\" src=\"data:image\/gif;base64,R0lGODlhAQABAAAAACH5BAEKAAEALAAAAAABAAEAAAICTAEAOw==\" data-src=\"https:\/\/buletin.de\/bucuresti\/wp-content\/uploads\/Screenshot-123.png\" alt=\"\" data-id=\"20360\" data-full-url=\"https:\/\/buletin.de\/bucuresti\/wp-content\/uploads\/Screenshot-123.png\" data-link=\"https:\/\/buletin.de\/bucuresti\/?attachment_id=20360\" class=\"wp-image-20360 lazyload\" data-sizes=\"auto\" data-srcset=\"https:\/\/buletin.de\/bucuresti\/wp-content\/uploads\/Screenshot-123.png 741w, https:\/\/buletin.de\/bucuresti\/wp-content\/uploads\/Screenshot-123-262x300.png 262w, https:\/\/buletin.de\/bucuresti\/wp-content\/uploads\/Screenshot-123-550x631.png 550w, https:\/\/buletin.de\/bucuresti\/wp-content\/uploads\/Screenshot-123-436x500.png 436w, https:\/\/buletin.de\/bucuresti\/wp-content\/uploads\/Screenshot-123-600x688.png 600w\" sizes=\"(max-width: 741px) 100vw, 741px\" \/><\/a><\/figure><\/li><li class=\"blocks-gallery-item\"><figure><a href=\"https:\/\/buletin.de\/bucuresti\/wp-content\/uploads\/Screenshot-124.png\"><img decoding=\"async\" width=\"737\" height=\"862\" src=\"data:image\/gif;base64,R0lGODlhAQABAAAAACH5BAEKAAEALAAAAAABAAEAAAICTAEAOw==\" data-src=\"https:\/\/buletin.de\/bucuresti\/wp-content\/uploads\/Screenshot-124.png\" alt=\"\" data-id=\"20361\" data-full-url=\"https:\/\/buletin.de\/bucuresti\/wp-content\/uploads\/Screenshot-124.png\" data-link=\"https:\/\/buletin.de\/bucuresti\/?attachment_id=20361\" class=\"wp-image-20361 lazyload\" data-sizes=\"auto\" data-srcset=\"https:\/\/buletin.de\/bucuresti\/wp-content\/uploads\/Screenshot-124.png 737w, https:\/\/buletin.de\/bucuresti\/wp-content\/uploads\/Screenshot-124-256x300.png 256w, https:\/\/buletin.de\/bucuresti\/wp-content\/uploads\/Screenshot-124-550x643.png 550w, https:\/\/buletin.de\/bucuresti\/wp-content\/uploads\/Screenshot-124-427x500.png 427w, https:\/\/buletin.de\/bucuresti\/wp-content\/uploads\/Screenshot-124-600x702.png 600w\" sizes=\"(max-width: 737px) 100vw, 737px\" \/><\/a><\/figure><\/li><\/ul><figcaption class=\"blocks-gallery-caption\">Susra: Prim\u0103riaSector1.ro<\/figcaption><\/figure>\n\n\n\n<p>\u00cen \u0219edin\u021ba de Consiliu Local a Sectorului 1 din 25 februarie, Clotilde Armand ar putea fi \u00eemputernicit\u0103 pentru a ob\u021bine acordul Consiliului General al Municipiului Bucure\u015fti privind schimbarea titularului dreptului de administrare asupra imobilului situat \u00een Bd. Poligrafiei nr. 4 de la Administra\u0163ia Domeniului Public Sector 1 la Consiliul Local al Sectorului 1, \u00een vederea \u00eenfiin\u0163\u0103rii unit\u0103\u0163ii de \u00eenv\u0103\u0163\u0103m\u00e2nt preuniversitar \u201c\u015ecoala Regal\u0103\u201d.<\/p>\n\n\n\n<blockquote class=\"wp-block-quote is-layout-flow wp-block-quote-is-layout-flow\"><p><em>Ne dorim ca, \u00een cel mai scurt timp posibil, s\u0103 elimin\u0103m supraglomerarea din clase pentru ca elevii no\u0219tri s\u0103 \u00eenve\u021be \u00een condi\u021bii civilizate. Av\u00e2nd \u00een vedere faptul c\u0103 acest fenomen \u00ee\u0219i are cauza \u00een deficitul de unit\u0103\u021bi de \u00eenv\u0103\u021b\u0103m\u00e2nt din Sectorul 1, vom \u00eenfiin\u021ba o \u0219coal\u0103 nou\u0103 \u00een zona Casa Presei Libere. Mai pu\u021bini elevi \u00eentr-o clas\u0103 \u00eenseamn\u0103 reducerea substan\u021bial\u0103 a \u00eemboln\u0103virilor \u00een r\u00e2ndul acestora, inclusiv cu COVID-19, \u0219i mai mult\u0103 performan\u021b\u0103 \u00een educa\u021bie.<\/em><\/p><cite>A declarat Clotilde Armand<\/cite><\/blockquote>\n\n\n\n<p>Imobilul este alc\u0103tuit din 2 loturi: un teren de aproape 8.800 mp \u015fi o cl\u0103dire cu S+P+1E \u015fi un lot format dintr-un teren de 3.000 mp, care dup\u0103 desfiin\u021barea Administra\u021biei Unit\u0103\u021bilor de \u00cenv\u0103\u021b\u0103m\u00e2nt Preuniversitar \u0219i a Unit\u0103\u021bilor Sanitare Publice a r\u0103mas nefolosit.&nbsp;<\/p>\n\n\n\n<p>Sursa: Clotilde Armand\/Facebook<\/p>\n\n\n\n<p><\/p>\n","protected":false},"excerpt":{"rendered":"<p>O nou\u0103 unitate de \u00eenv\u0103\u021b\u0103m\u00e2nt va fi \u00eenfiin\u021bat\u0103 de Prim\u0103ria Sectorului 1 \u00een zona Casa Presei Libere. \u201e\u0218coala Regal\u0103\u201dva fi amenajat\u0103 \u00een imobilul de pe Bulevardul Poligrafiei num\u0103rul 4, fostul sediu al Administra\u021biei Unit\u0103\u021bilor de \u00cenv\u0103\u021b\u0103m\u00e2nt Preuniversitar \u0219i a Unit\u0103\u021bilor Sanitare Publice. Imobilul are o suprafa\u021b\u0103 de 1737 mp.&nbsp; \u00cen \u0219edin\u021ba de Consiliu Local a [&hellip;]<\/p>\n","protected":false},"author":24,"featured_media":20362,"comment_status":"closed","ping_status":"open","sticky":false,"template":"","format":"standard","meta":{"_acf_changed":false,"inline_featured_image":false,"ngg_post_thumbnail":0,"footnotes":""},"categories":[1],"tags":[],"ppma_author":[22596],"class_list":["post-20359","post","type-post","status-publish","format-standard","has-post-thumbnail","hentry","category-diverse"],"acf":[],"yoast_head":"<!-- This site is optimized with the Yoast SEO Premium plugin v25.3 (Yoast SEO v27.4) - https:\/\/yoast.com\/product\/yoast-seo-premium-wordpress\/ -->\n<title>Prim\u0103ria Sectorului 1 vrea s\u0103 construiasc\u0103 o nou\u0103 \u0219coal\u0103: \u0218coala Regal\u0103 - Buletin de Bucure\u0219ti<\/title>\n<meta name=\"robots\" content=\"index, follow, max-snippet:-1, max-image-preview:large, max-video-preview:-1\" \/>\n<link rel=\"canonical\" href=\"https:\/\/buletin.de\/bucuresti\/primaria-sectorului-1-vrea-sa-construiasca-o-noua-scoala-scoala-regala\/\" \/>\n<meta property=\"og:locale\" content=\"en_GB\" \/>\n<meta property=\"og:type\" content=\"article\" \/>\n<meta property=\"og:title\" content=\"Prim\u0103ria Sectorului 1 vrea s\u0103 construiasc\u0103 o nou\u0103 \u0219coal\u0103: \u0218coala Regal\u0103\" \/>\n<meta property=\"og:description\" content=\"O nou\u0103 unitate de \u00eenv\u0103\u021b\u0103m\u00e2nt va fi \u00eenfiin\u021bat\u0103 de Prim\u0103ria Sectorului 1 \u00een zona Casa Presei Libere. \u201e\u0218coala Regal\u0103\u201dva fi amenajat\u0103 \u00een imobilul de pe Bulevardul Poligrafiei num\u0103rul 4, fostul sediu al Administra\u021biei Unit\u0103\u021bilor de \u00cenv\u0103\u021b\u0103m\u00e2nt Preuniversitar \u0219i a Unit\u0103\u021bilor Sanitare Publice. Imobilul are o suprafa\u021b\u0103 de 1737 mp.&nbsp; \u00cen \u0219edin\u021ba de Consiliu Local a [&hellip;]\" \/>\n<meta property=\"og:url\" content=\"https:\/\/buletin.de\/bucuresti\/primaria-sectorului-1-vrea-sa-construiasca-o-noua-scoala-scoala-regala\/\" \/>\n<meta property=\"og:site_name\" content=\"Buletin de Bucure\u0219ti\" \/>\n<meta property=\"article:publisher\" content=\"https:\/\/www.facebook.com\/buletin.de.buc\" \/>\n<meta property=\"article:published_time\" content=\"2021-02-23T10:06:53+00:00\" \/>\n<meta property=\"article:modified_time\" content=\"2021-02-23T10:06:56+00:00\" \/>\n<meta property=\"og:image\" content=\"https:\/\/buletin.de\/bucuresti\/wp-content\/uploads\/153543694_264741728350493_7611312508234268558_o.jpg\" \/>\n\t<meta property=\"og:image:width\" content=\"1600\" \/>\n\t<meta property=\"og:image:height\" content=\"1200\" \/>\n\t<meta property=\"og:image:type\" content=\"image\/jpeg\" \/>\n<meta name=\"author\" content=\"Denisa Cotor\" \/>\n<meta name=\"twitter:card\" content=\"summary_large_image\" \/>\n<meta name=\"twitter:label1\" content=\"Written by\" \/>\n\t<meta name=\"twitter:data1\" content=\"Denisa Cotor\" \/>\n\t<meta name=\"twitter:label2\" content=\"Estimated reading time\" \/>\n\t<meta name=\"twitter:data2\" content=\"1 minute\" \/>\n<script type=\"application\/ld+json\" class=\"yoast-schema-graph\">{\"@context\":\"https:\\\/\\\/schema.org\",\"@graph\":[{\"@type\":\"Article\",\"@id\":\"https:\\\/\\\/buletin.de\\\/bucuresti\\\/primaria-sectorului-1-vrea-sa-construiasca-o-noua-scoala-scoala-regala\\\/#article\",\"isPartOf\":{\"@id\":\"https:\\\/\\\/buletin.de\\\/bucuresti\\\/primaria-sectorului-1-vrea-sa-construiasca-o-noua-scoala-scoala-regala\\\/\"},\"author\":{\"name\":\"Denisa Cotor\",\"@id\":\"https:\\\/\\\/buletin.de\\\/bucuresti\\\/#\\\/schema\\\/person\\\/a63e1da379546f5a5aa6202c0c17fedc\"},\"headline\":\"Prim\u0103ria Sectorului 1 vrea s\u0103 construiasc\u0103 o nou\u0103 \u0219coal\u0103: \u0218coala Regal\u0103\",\"datePublished\":\"2021-02-23T10:06:53+00:00\",\"dateModified\":\"2021-02-23T10:06:56+00:00\",\"mainEntityOfPage\":{\"@id\":\"https:\\\/\\\/buletin.de\\\/bucuresti\\\/primaria-sectorului-1-vrea-sa-construiasca-o-noua-scoala-scoala-regala\\\/\"},\"wordCount\":284,\"publisher\":{\"@id\":\"https:\\\/\\\/buletin.de\\\/bucuresti\\\/#organization\"},\"image\":{\"@id\":\"https:\\\/\\\/buletin.de\\\/bucuresti\\\/primaria-sectorului-1-vrea-sa-construiasca-o-noua-scoala-scoala-regala\\\/#primaryimage\"},\"thumbnailUrl\":\"https:\\\/\\\/buletin.de\\\/bucuresti\\\/wp-content\\\/uploads\\\/153543694_264741728350493_7611312508234268558_o.jpg\",\"articleSection\":[\"Diverse\"],\"inLanguage\":\"en-GB\",\"copyrightYear\":\"2021\",\"copyrightHolder\":{\"@id\":\"https:\\\/\\\/buletin.de\\\/bucuresti\\\/#organization\"}},{\"@type\":\"WebPage\",\"@id\":\"https:\\\/\\\/buletin.de\\\/bucuresti\\\/primaria-sectorului-1-vrea-sa-construiasca-o-noua-scoala-scoala-regala\\\/\",\"url\":\"https:\\\/\\\/buletin.de\\\/bucuresti\\\/primaria-sectorului-1-vrea-sa-construiasca-o-noua-scoala-scoala-regala\\\/\",\"name\":\"Prim\u0103ria Sectorului 1 vrea s\u0103 construiasc\u0103 o nou\u0103 \u0219coal\u0103: \u0218coala Regal\u0103 - Buletin de Bucure\u0219ti\",\"isPartOf\":{\"@id\":\"https:\\\/\\\/buletin.de\\\/bucuresti\\\/#website\"},\"primaryImageOfPage\":{\"@id\":\"https:\\\/\\\/buletin.de\\\/bucuresti\\\/primaria-sectorului-1-vrea-sa-construiasca-o-noua-scoala-scoala-regala\\\/#primaryimage\"},\"image\":{\"@id\":\"https:\\\/\\\/buletin.de\\\/bucuresti\\\/primaria-sectorului-1-vrea-sa-construiasca-o-noua-scoala-scoala-regala\\\/#primaryimage\"},\"thumbnailUrl\":\"https:\\\/\\\/buletin.de\\\/bucuresti\\\/wp-content\\\/uploads\\\/153543694_264741728350493_7611312508234268558_o.jpg\",\"datePublished\":\"2021-02-23T10:06:53+00:00\",\"dateModified\":\"2021-02-23T10:06:56+00:00\",\"breadcrumb\":{\"@id\":\"https:\\\/\\\/buletin.de\\\/bucuresti\\\/primaria-sectorului-1-vrea-sa-construiasca-o-noua-scoala-scoala-regala\\\/#breadcrumb\"},\"inLanguage\":\"en-GB\",\"potentialAction\":[{\"@type\":\"ReadAction\",\"target\":[\"https:\\\/\\\/buletin.de\\\/bucuresti\\\/primaria-sectorului-1-vrea-sa-construiasca-o-noua-scoala-scoala-regala\\\/\"]}]},{\"@type\":\"ImageObject\",\"inLanguage\":\"en-GB\",\"@id\":\"https:\\\/\\\/buletin.de\\\/bucuresti\\\/primaria-sectorului-1-vrea-sa-construiasca-o-noua-scoala-scoala-regala\\\/#primaryimage\",\"url\":\"https:\\\/\\\/buletin.de\\\/bucuresti\\\/wp-content\\\/uploads\\\/153543694_264741728350493_7611312508234268558_o.jpg\",\"contentUrl\":\"https:\\\/\\\/buletin.de\\\/bucuresti\\\/wp-content\\\/uploads\\\/153543694_264741728350493_7611312508234268558_o.jpg\",\"width\":1600,\"height\":1200},{\"@type\":\"BreadcrumbList\",\"@id\":\"https:\\\/\\\/buletin.de\\\/bucuresti\\\/primaria-sectorului-1-vrea-sa-construiasca-o-noua-scoala-scoala-regala\\\/#breadcrumb\",\"itemListElement\":[{\"@type\":\"ListItem\",\"position\":1,\"name\":\"Acas\u0103\",\"item\":\"https:\\\/\\\/buletin.de\\\/bucuresti\\\/\"},{\"@type\":\"ListItem\",\"position\":2,\"name\":\"Prim\u0103ria Sectorului 1 vrea s\u0103 construiasc\u0103 o nou\u0103 \u0219coal\u0103: \u0218coala Regal\u0103\"}]},{\"@type\":\"WebSite\",\"@id\":\"https:\\\/\\\/buletin.de\\\/bucuresti\\\/#website\",\"url\":\"https:\\\/\\\/buletin.de\\\/bucuresti\\\/\",\"name\":\"Buletin de Bucure\u0219ti\",\"description\":\"\u0218tiri \u0219i investiga\u021bii esen\u021biale din capital\u0103\",\"publisher\":{\"@id\":\"https:\\\/\\\/buletin.de\\\/bucuresti\\\/#organization\"},\"potentialAction\":[{\"@type\":\"SearchAction\",\"target\":{\"@type\":\"EntryPoint\",\"urlTemplate\":\"https:\\\/\\\/buletin.de\\\/bucuresti\\\/?s={search_term_string}\"},\"query-input\":{\"@type\":\"PropertyValueSpecification\",\"valueRequired\":true,\"valueName\":\"search_term_string\"}}],\"inLanguage\":\"en-GB\"},{\"@type\":\"Organization\",\"@id\":\"https:\\\/\\\/buletin.de\\\/bucuresti\\\/#organization\",\"name\":\"Buletin de Bucure\u0219ti\",\"url\":\"https:\\\/\\\/buletin.de\\\/bucuresti\\\/\",\"logo\":{\"@type\":\"ImageObject\",\"inLanguage\":\"en-GB\",\"@id\":\"https:\\\/\\\/buletin.de\\\/bucuresti\\\/#\\\/schema\\\/logo\\\/image\\\/\",\"url\":\"https:\\\/\\\/buletin.de\\\/bucuresti\\\/wp-content\\\/uploads\\\/logo-bdb-full-wide-vernil-transparent.png\",\"contentUrl\":\"https:\\\/\\\/buletin.de\\\/bucuresti\\\/wp-content\\\/uploads\\\/logo-bdb-full-wide-vernil-transparent.png\",\"width\":1782,\"height\":626,\"caption\":\"Buletin de Bucure\u0219ti\"},\"image\":{\"@id\":\"https:\\\/\\\/buletin.de\\\/bucuresti\\\/#\\\/schema\\\/logo\\\/image\\\/\"},\"sameAs\":[\"https:\\\/\\\/www.facebook.com\\\/buletin.de.buc\",\"https:\\\/\\\/www.instagram.com\\\/buletinde.bucuresti\\\/\"]},{\"@type\":\"Person\",\"@id\":\"https:\\\/\\\/buletin.de\\\/bucuresti\\\/#\\\/schema\\\/person\\\/a63e1da379546f5a5aa6202c0c17fedc\",\"name\":\"Denisa Cotor\",\"image\":{\"@type\":\"ImageObject\",\"inLanguage\":\"en-GB\",\"@id\":\"https:\\\/\\\/secure.gravatar.com\\\/avatar\\\/c1ce4027aaa1abb2b608dfebf8fa939c352e3e7e66bee991ead51699f050e495?s=96&d=monsterid&r=g151b4d8f8e5b696498056edef84885ef\",\"url\":\"https:\\\/\\\/secure.gravatar.com\\\/avatar\\\/c1ce4027aaa1abb2b608dfebf8fa939c352e3e7e66bee991ead51699f050e495?s=96&d=monsterid&r=g\",\"contentUrl\":\"https:\\\/\\\/secure.gravatar.com\\\/avatar\\\/c1ce4027aaa1abb2b608dfebf8fa939c352e3e7e66bee991ead51699f050e495?s=96&d=monsterid&r=g\",\"caption\":\"Denisa Cotor\"},\"url\":\"https:\\\/\\\/buletin.de\\\/bucuresti\\\/author\\\/denisacotor\\\/\"}]}<\/script>\n<!-- \/ Yoast SEO Premium plugin. -->","yoast_head_json":{"title":"Prim\u0103ria Sectorului 1 vrea s\u0103 construiasc\u0103 o nou\u0103 \u0219coal\u0103: \u0218coala Regal\u0103 - Buletin de Bucure\u0219ti","robots":{"index":"index","follow":"follow","max-snippet":"max-snippet:-1","max-image-preview":"max-image-preview:large","max-video-preview":"max-video-preview:-1"},"canonical":"https:\/\/buletin.de\/bucuresti\/primaria-sectorului-1-vrea-sa-construiasca-o-noua-scoala-scoala-regala\/","og_locale":"en_GB","og_type":"article","og_title":"Prim\u0103ria Sectorului 1 vrea s\u0103 construiasc\u0103 o nou\u0103 \u0219coal\u0103: \u0218coala Regal\u0103","og_description":"O nou\u0103 unitate de \u00eenv\u0103\u021b\u0103m\u00e2nt va fi \u00eenfiin\u021bat\u0103 de Prim\u0103ria Sectorului 1 \u00een zona Casa Presei Libere. \u201e\u0218coala Regal\u0103\u201dva fi amenajat\u0103 \u00een imobilul de pe Bulevardul Poligrafiei num\u0103rul 4, fostul sediu al Administra\u021biei Unit\u0103\u021bilor de \u00cenv\u0103\u021b\u0103m\u00e2nt Preuniversitar \u0219i a Unit\u0103\u021bilor Sanitare Publice. Imobilul are o suprafa\u021b\u0103 de 1737 mp.&nbsp; \u00cen \u0219edin\u021ba de Consiliu Local a [&hellip;]","og_url":"https:\/\/buletin.de\/bucuresti\/primaria-sectorului-1-vrea-sa-construiasca-o-noua-scoala-scoala-regala\/","og_site_name":"Buletin de Bucure\u0219ti","article_publisher":"https:\/\/www.facebook.com\/buletin.de.buc","article_published_time":"2021-02-23T10:06:53+00:00","article_modified_time":"2021-02-23T10:06:56+00:00","og_image":[{"width":1600,"height":1200,"url":"https:\/\/buletin.de\/bucuresti\/wp-content\/uploads\/153543694_264741728350493_7611312508234268558_o.jpg","type":"image\/jpeg"}],"author":"Denisa Cotor","twitter_card":"summary_large_image","twitter_misc":{"Written by":"Denisa Cotor","Estimated reading time":"1 minute"},"schema":{"@context":"https:\/\/schema.org","@graph":[{"@type":"Article","@id":"https:\/\/buletin.de\/bucuresti\/primaria-sectorului-1-vrea-sa-construiasca-o-noua-scoala-scoala-regala\/#article","isPartOf":{"@id":"https:\/\/buletin.de\/bucuresti\/primaria-sectorului-1-vrea-sa-construiasca-o-noua-scoala-scoala-regala\/"},"author":{"name":"Denisa Cotor","@id":"https:\/\/buletin.de\/bucuresti\/#\/schema\/person\/a63e1da379546f5a5aa6202c0c17fedc"},"headline":"Prim\u0103ria Sectorului 1 vrea s\u0103 construiasc\u0103 o nou\u0103 \u0219coal\u0103: \u0218coala Regal\u0103","datePublished":"2021-02-23T10:06:53+00:00","dateModified":"2021-02-23T10:06:56+00:00","mainEntityOfPage":{"@id":"https:\/\/buletin.de\/bucuresti\/primaria-sectorului-1-vrea-sa-construiasca-o-noua-scoala-scoala-regala\/"},"wordCount":284,"publisher":{"@id":"https:\/\/buletin.de\/bucuresti\/#organization"},"image":{"@id":"https:\/\/buletin.de\/bucuresti\/primaria-sectorului-1-vrea-sa-construiasca-o-noua-scoala-scoala-regala\/#primaryimage"},"thumbnailUrl":"https:\/\/buletin.de\/bucuresti\/wp-content\/uploads\/153543694_264741728350493_7611312508234268558_o.jpg","articleSection":["Diverse"],"inLanguage":"en-GB","copyrightYear":"2021","copyrightHolder":{"@id":"https:\/\/buletin.de\/bucuresti\/#organization"}},{"@type":"WebPage","@id":"https:\/\/buletin.de\/bucuresti\/primaria-sectorului-1-vrea-sa-construiasca-o-noua-scoala-scoala-regala\/","url":"https:\/\/buletin.de\/bucuresti\/primaria-sectorului-1-vrea-sa-construiasca-o-noua-scoala-scoala-regala\/","name":"Prim\u0103ria Sectorului 1 vrea s\u0103 construiasc\u0103 o nou\u0103 \u0219coal\u0103: \u0218coala Regal\u0103 - Buletin de Bucure\u0219ti","isPartOf":{"@id":"https:\/\/buletin.de\/bucuresti\/#website"},"primaryImageOfPage":{"@id":"https:\/\/buletin.de\/bucuresti\/primaria-sectorului-1-vrea-sa-construiasca-o-noua-scoala-scoala-regala\/#primaryimage"},"image":{"@id":"https:\/\/buletin.de\/bucuresti\/primaria-sectorului-1-vrea-sa-construiasca-o-noua-scoala-scoala-regala\/#primaryimage"},"thumbnailUrl":"https:\/\/buletin.de\/bucuresti\/wp-content\/uploads\/153543694_264741728350493_7611312508234268558_o.jpg","datePublished":"2021-02-23T10:06:53+00:00","dateModified":"2021-02-23T10:06:56+00:00","breadcrumb":{"@id":"https:\/\/buletin.de\/bucuresti\/primaria-sectorului-1-vrea-sa-construiasca-o-noua-scoala-scoala-regala\/#breadcrumb"},"inLanguage":"en-GB","potentialAction":[{"@type":"ReadAction","target":["https:\/\/buletin.de\/bucuresti\/primaria-sectorului-1-vrea-sa-construiasca-o-noua-scoala-scoala-regala\/"]}]},{"@type":"ImageObject","inLanguage":"en-GB","@id":"https:\/\/buletin.de\/bucuresti\/primaria-sectorului-1-vrea-sa-construiasca-o-noua-scoala-scoala-regala\/#primaryimage","url":"https:\/\/buletin.de\/bucuresti\/wp-content\/uploads\/153543694_264741728350493_7611312508234268558_o.jpg","contentUrl":"https:\/\/buletin.de\/bucuresti\/wp-content\/uploads\/153543694_264741728350493_7611312508234268558_o.jpg","width":1600,"height":1200},{"@type":"BreadcrumbList","@id":"https:\/\/buletin.de\/bucuresti\/primaria-sectorului-1-vrea-sa-construiasca-o-noua-scoala-scoala-regala\/#breadcrumb","itemListElement":[{"@type":"ListItem","position":1,"name":"Acas\u0103","item":"https:\/\/buletin.de\/bucuresti\/"},{"@type":"ListItem","position":2,"name":"Prim\u0103ria Sectorului 1 vrea s\u0103 construiasc\u0103 o nou\u0103 \u0219coal\u0103: \u0218coala Regal\u0103"}]},{"@type":"WebSite","@id":"https:\/\/buletin.de\/bucuresti\/#website","url":"https:\/\/buletin.de\/bucuresti\/","name":"Buletin de Bucure\u0219ti","description":"\u0218tiri \u0219i investiga\u021bii esen\u021biale din capital\u0103","publisher":{"@id":"https:\/\/buletin.de\/bucuresti\/#organization"},"potentialAction":[{"@type":"SearchAction","target":{"@type":"EntryPoint","urlTemplate":"https:\/\/buletin.de\/bucuresti\/?s={search_term_string}"},"query-input":{"@type":"PropertyValueSpecification","valueRequired":true,"valueName":"search_term_string"}}],"inLanguage":"en-GB"},{"@type":"Organization","@id":"https:\/\/buletin.de\/bucuresti\/#organization","name":"Buletin de Bucure\u0219ti","url":"https:\/\/buletin.de\/bucuresti\/","logo":{"@type":"ImageObject","inLanguage":"en-GB","@id":"https:\/\/buletin.de\/bucuresti\/#\/schema\/logo\/image\/","url":"https:\/\/buletin.de\/bucuresti\/wp-content\/uploads\/logo-bdb-full-wide-vernil-transparent.png","contentUrl":"https:\/\/buletin.de\/bucuresti\/wp-content\/uploads\/logo-bdb-full-wide-vernil-transparent.png","width":1782,"height":626,"caption":"Buletin de Bucure\u0219ti"},"image":{"@id":"https:\/\/buletin.de\/bucuresti\/#\/schema\/logo\/image\/"},"sameAs":["https:\/\/www.facebook.com\/buletin.de.buc","https:\/\/www.instagram.com\/buletinde.bucuresti\/"]},{"@type":"Person","@id":"https:\/\/buletin.de\/bucuresti\/#\/schema\/person\/a63e1da379546f5a5aa6202c0c17fedc","name":"Denisa Cotor","image":{"@type":"ImageObject","inLanguage":"en-GB","@id":"https:\/\/secure.gravatar.com\/avatar\/c1ce4027aaa1abb2b608dfebf8fa939c352e3e7e66bee991ead51699f050e495?s=96&d=monsterid&r=g151b4d8f8e5b696498056edef84885ef","url":"https:\/\/secure.gravatar.com\/avatar\/c1ce4027aaa1abb2b608dfebf8fa939c352e3e7e66bee991ead51699f050e495?s=96&d=monsterid&r=g","contentUrl":"https:\/\/secure.gravatar.com\/avatar\/c1ce4027aaa1abb2b608dfebf8fa939c352e3e7e66bee991ead51699f050e495?s=96&d=monsterid&r=g","caption":"Denisa Cotor"},"url":"https:\/\/buletin.de\/bucuresti\/author\/denisacotor\/"}]}},"authors":[{"term_id":22596,"user_id":24,"is_guest":0,"slug":"denisacotor","display_name":"Denisa Cotor","avatar_url":"https:\/\/secure.gravatar.com\/avatar\/c1ce4027aaa1abb2b608dfebf8fa939c352e3e7e66bee991ead51699f050e495?s=96&d=monsterid&r=g","0":null,"1":"","2":"","3":"","4":"","5":"","6":"","7":"","8":""}],"_links":{"self":[{"href":"https:\/\/buletin.de\/bucuresti\/wp-json\/wp\/v2\/posts\/20359","targetHints":{"allow":["GET"]}}],"collection":[{"href":"https:\/\/buletin.de\/bucuresti\/wp-json\/wp\/v2\/posts"}],"about":[{"href":"https:\/\/buletin.de\/bucuresti\/wp-json\/wp\/v2\/types\/post"}],"author":[{"embeddable":true,"href":"https:\/\/buletin.de\/bucuresti\/wp-json\/wp\/v2\/users\/24"}],"replies":[{"embeddable":true,"href":"https:\/\/buletin.de\/bucuresti\/wp-json\/wp\/v2\/comments?post=20359"}],"version-history":[{"count":3,"href":"https:\/\/buletin.de\/bucuresti\/wp-json\/wp\/v2\/posts\/20359\/revisions"}],"predecessor-version":[{"id":20372,"href":"https:\/\/buletin.de\/bucuresti\/wp-json\/wp\/v2\/posts\/20359\/revisions\/20372"}],"wp:featuredmedia":[{"embeddable":true,"href":"https:\/\/buletin.de\/bucuresti\/wp-json\/wp\/v2\/media\/20362"}],"wp:attachment":[{"href":"https:\/\/buletin.de\/bucuresti\/wp-json\/wp\/v2\/media?parent=20359"}],"wp:term":[{"taxonomy":"category","embeddable":true,"href":"https:\/\/buletin.de\/bucuresti\/wp-json\/wp\/v2\/categories?post=20359"},{"taxonomy":"post_tag","embeddable":true,"href":"https:\/\/buletin.de\/bucuresti\/wp-json\/wp\/v2\/tags?post=20359"},{"taxonomy":"author","embeddable":true,"href":"https:\/\/buletin.de\/bucuresti\/wp-json\/wp\/v2\/ppma_author?post=20359"}],"curies":[{"name":"wp","href":"https:\/\/api.w.org\/{rel}","templated":true}]}}