{"id":20306,"date":"2021-02-22T13:04:24","date_gmt":"2021-02-22T10:04:24","guid":{"rendered":"https:\/\/buletin.de\/bucuresti\/?p=20306"},"modified":"2021-02-22T13:04:25","modified_gmt":"2021-02-22T10:04:25","slug":"harta-digitala-monumentele-istorice-din-bucuresti-ar-putea-primi-placute-cu-coduri-qr","status":"publish","type":"post","link":"https:\/\/buletin.de\/bucuresti\/harta-digitala-monumentele-istorice-din-bucuresti-ar-putea-primi-placute-cu-coduri-qr\/","title":{"rendered":"Hart\u0103 digital\u0103: monumentele istorice din Bucure\u0219ti ar putea primi pl\u0103cu\u021be cu coduri QR"},"content":{"rendered":"\n<p><\/p>\n\n\n\n<p><strong>Un nou proiect ini\u021biat de USR-PLUS propune dotarea tuturor monumentelor istorice din Bucure\u0219ti <a href=\"http:\/\/www4.pmb.ro\/wwwt\/institutii\/CGMB\/sedinte\/ordinea_de_zi\/db\/20210226_06.pdf\">cu pl\u0103cu\u021be cu coduri QR.<\/a> Astfel, turi\u0219tii \u0219i cet\u0103\u021benii Capitalei vor avea acces mult mai rapid la date despre aceste monumente.<\/strong><\/p>\n\n\n\n<p>Prin scanarea codului de la fa\u021ba locului cu ajutorul unui dispozitiv mobil conectat la internet se va accesa baza de date online. Aici vor fi g\u0103site urm\u0103toarele informa\u021bii:<\/p>\n\n\n\n<ul class=\"wp-block-list\"><li>Descrierea detaliat\u0103 a monumentului, autorilor \u0219i istoricului;<\/li><li>Localizarea exact\u0103 pe hart\u0103;<\/li><li>Posibilitatea traducerii site-ului \u00een toate limbile de larg\u0103 circula\u021bie interna\u021bional\u0103;<\/li><li>Alte func\u021bionalit\u0103\u021bi precum trimiterea unor sesiz\u0103ri cu privire la starea monumentului.<\/li><\/ul>\n\n\n\n<p>Conform proiectului care urmeaz\u0103 s\u0103 fie votat pe 26 februarie, accesul la baza de date \u0219i localizarea monumentelor pe hart\u0103 vor fi puse la dispozi\u021bie gratuit.<\/p>\n\n\n\n<p>Administratorul proiectului este Direc\u021bia General\u0103 de Arhitectur\u0103, Peisagistic\u0103 \u0219i Monumente de For Public. Banii pentru implementarea acestui proiect vor fi din bugetul Direc\u021biei.<\/p>\n\n\n\n<p>Surs\u0103 cover: <a href=\"https:\/\/unsplash.com\/@markuswinkler?utm_source=unsplash&amp;utm_medium=referral&amp;utm_content=creditCopyText\">Markus Winkler<\/a> on <a href=\"https:\/\/unsplash.com\/?utm_source=unsplash&amp;utm_medium=referral&amp;utm_content=creditCopyText\">Unsplash<\/a><\/p>\n","protected":false},"excerpt":{"rendered":"<p>Un nou proiect ini\u021biat de USR-PLUS propune dotarea tuturor monumentelor istorice din Bucure\u0219ti cu pl\u0103cu\u021be cu coduri QR. Astfel, turi\u0219tii \u0219i cet\u0103\u021benii Capitalei vor avea acces mult mai rapid la date despre aceste monumente. Prin scanarea codului de la fa\u021ba locului cu ajutorul unui dispozitiv mobil conectat la internet se va accesa baza de date [&hellip;]<\/p>\n","protected":false},"author":6,"featured_media":20307,"comment_status":"closed","ping_status":"open","sticky":false,"template":"","format":"standard","meta":{"_acf_changed":false,"inline_featured_image":false,"ngg_post_thumbnail":0,"footnotes":""},"categories":[81,24,62],"tags":[2276,2275,258],"ppma_author":[22588],"class_list":["post-20306","post","type-post","status-publish","format-standard","has-post-thumbnail","hentry","category-cultura","category-primarie","category-stiri","tag-cod-qr","tag-monumente-istorice","tag-primaria-capitalei"],"acf":[],"yoast_head":"<!-- This site is optimized with the Yoast SEO Premium plugin v25.3 (Yoast SEO v27.4) - https:\/\/yoast.com\/product\/yoast-seo-premium-wordpress\/ -->\n<title>Hart\u0103 digital\u0103: monumentele istorice din Bucure\u0219ti ar putea primi pl\u0103cu\u021be cu coduri QR - Buletin de Bucure\u0219ti<\/title>\n<meta name=\"robots\" content=\"index, follow, max-snippet:-1, max-image-preview:large, max-video-preview:-1\" \/>\n<link rel=\"canonical\" href=\"https:\/\/buletin.de\/bucuresti\/harta-digitala-monumentele-istorice-din-bucuresti-ar-putea-primi-placute-cu-coduri-qr\/\" \/>\n<meta property=\"og:locale\" content=\"en_GB\" \/>\n<meta property=\"og:type\" content=\"article\" \/>\n<meta property=\"og:title\" content=\"Hart\u0103 digital\u0103: monumentele istorice din Bucure\u0219ti ar putea primi pl\u0103cu\u021be cu coduri QR\" \/>\n<meta property=\"og:description\" content=\"Un nou proiect ini\u021biat de USR-PLUS propune dotarea tuturor monumentelor istorice din Bucure\u0219ti cu pl\u0103cu\u021be cu coduri QR. Astfel, turi\u0219tii \u0219i cet\u0103\u021benii Capitalei vor avea acces mult mai rapid la date despre aceste monumente. Prin scanarea codului de la fa\u021ba locului cu ajutorul unui dispozitiv mobil conectat la internet se va accesa baza de date [&hellip;]\" \/>\n<meta property=\"og:url\" content=\"https:\/\/buletin.de\/bucuresti\/harta-digitala-monumentele-istorice-din-bucuresti-ar-putea-primi-placute-cu-coduri-qr\/\" \/>\n<meta property=\"og:site_name\" content=\"Buletin de Bucure\u0219ti\" \/>\n<meta property=\"article:publisher\" content=\"https:\/\/www.facebook.com\/buletin.de.buc\" \/>\n<meta property=\"article:published_time\" content=\"2021-02-22T10:04:24+00:00\" \/>\n<meta property=\"article:modified_time\" content=\"2021-02-22T10:04:25+00:00\" \/>\n<meta property=\"og:image\" content=\"https:\/\/buletin.de\/bucuresti\/wp-content\/uploads\/markus-winkler-Q6uqw_Hjye8-unsplash-scaled.jpg\" \/>\n\t<meta property=\"og:image:width\" content=\"2560\" \/>\n\t<meta property=\"og:image:height\" content=\"1707\" \/>\n\t<meta property=\"og:image:type\" content=\"image\/jpeg\" \/>\n<meta name=\"author\" content=\"Bianca Albu\" \/>\n<meta name=\"twitter:card\" content=\"summary_large_image\" \/>\n<meta name=\"twitter:label1\" content=\"Written by\" \/>\n\t<meta name=\"twitter:data1\" content=\"Bianca Albu\" \/>\n\t<meta name=\"twitter:label2\" content=\"Estimated reading time\" \/>\n\t<meta name=\"twitter:data2\" content=\"1 minute\" \/>\n<script type=\"application\/ld+json\" class=\"yoast-schema-graph\">{\"@context\":\"https:\\\/\\\/schema.org\",\"@graph\":[{\"@type\":\"Article\",\"@id\":\"https:\\\/\\\/buletin.de\\\/bucuresti\\\/harta-digitala-monumentele-istorice-din-bucuresti-ar-putea-primi-placute-cu-coduri-qr\\\/#article\",\"isPartOf\":{\"@id\":\"https:\\\/\\\/buletin.de\\\/bucuresti\\\/harta-digitala-monumentele-istorice-din-bucuresti-ar-putea-primi-placute-cu-coduri-qr\\\/\"},\"author\":{\"name\":\"Bianca Albu\",\"@id\":\"https:\\\/\\\/buletin.de\\\/bucuresti\\\/#\\\/schema\\\/person\\\/295dc2228d2dc79294d636619468dc7f\"},\"headline\":\"Hart\u0103 digital\u0103: monumentele istorice din Bucure\u0219ti ar putea primi pl\u0103cu\u021be cu coduri QR\",\"datePublished\":\"2021-02-22T10:04:24+00:00\",\"dateModified\":\"2021-02-22T10:04:25+00:00\",\"mainEntityOfPage\":{\"@id\":\"https:\\\/\\\/buletin.de\\\/bucuresti\\\/harta-digitala-monumentele-istorice-din-bucuresti-ar-putea-primi-placute-cu-coduri-qr\\\/\"},\"wordCount\":182,\"publisher\":{\"@id\":\"https:\\\/\\\/buletin.de\\\/bucuresti\\\/#organization\"},\"image\":{\"@id\":\"https:\\\/\\\/buletin.de\\\/bucuresti\\\/harta-digitala-monumentele-istorice-din-bucuresti-ar-putea-primi-placute-cu-coduri-qr\\\/#primaryimage\"},\"thumbnailUrl\":\"https:\\\/\\\/buletin.de\\\/bucuresti\\\/wp-content\\\/uploads\\\/markus-winkler-Q6uqw_Hjye8-unsplash-scaled.jpg\",\"keywords\":[\"cod qr\",\"monumente istorice\",\"primaria capitalei\"],\"articleSection\":[\"Cultur\u0103\",\"Prim\u0103rie\",\"\u0218tiri\"],\"inLanguage\":\"en-GB\",\"copyrightYear\":\"2021\",\"copyrightHolder\":{\"@id\":\"https:\\\/\\\/buletin.de\\\/bucuresti\\\/#organization\"}},{\"@type\":\"WebPage\",\"@id\":\"https:\\\/\\\/buletin.de\\\/bucuresti\\\/harta-digitala-monumentele-istorice-din-bucuresti-ar-putea-primi-placute-cu-coduri-qr\\\/\",\"url\":\"https:\\\/\\\/buletin.de\\\/bucuresti\\\/harta-digitala-monumentele-istorice-din-bucuresti-ar-putea-primi-placute-cu-coduri-qr\\\/\",\"name\":\"Hart\u0103 digital\u0103: monumentele istorice din Bucure\u0219ti ar putea primi pl\u0103cu\u021be cu coduri QR - Buletin de Bucure\u0219ti\",\"isPartOf\":{\"@id\":\"https:\\\/\\\/buletin.de\\\/bucuresti\\\/#website\"},\"primaryImageOfPage\":{\"@id\":\"https:\\\/\\\/buletin.de\\\/bucuresti\\\/harta-digitala-monumentele-istorice-din-bucuresti-ar-putea-primi-placute-cu-coduri-qr\\\/#primaryimage\"},\"image\":{\"@id\":\"https:\\\/\\\/buletin.de\\\/bucuresti\\\/harta-digitala-monumentele-istorice-din-bucuresti-ar-putea-primi-placute-cu-coduri-qr\\\/#primaryimage\"},\"thumbnailUrl\":\"https:\\\/\\\/buletin.de\\\/bucuresti\\\/wp-content\\\/uploads\\\/markus-winkler-Q6uqw_Hjye8-unsplash-scaled.jpg\",\"datePublished\":\"2021-02-22T10:04:24+00:00\",\"dateModified\":\"2021-02-22T10:04:25+00:00\",\"breadcrumb\":{\"@id\":\"https:\\\/\\\/buletin.de\\\/bucuresti\\\/harta-digitala-monumentele-istorice-din-bucuresti-ar-putea-primi-placute-cu-coduri-qr\\\/#breadcrumb\"},\"inLanguage\":\"en-GB\",\"potentialAction\":[{\"@type\":\"ReadAction\",\"target\":[\"https:\\\/\\\/buletin.de\\\/bucuresti\\\/harta-digitala-monumentele-istorice-din-bucuresti-ar-putea-primi-placute-cu-coduri-qr\\\/\"]}]},{\"@type\":\"ImageObject\",\"inLanguage\":\"en-GB\",\"@id\":\"https:\\\/\\\/buletin.de\\\/bucuresti\\\/harta-digitala-monumentele-istorice-din-bucuresti-ar-putea-primi-placute-cu-coduri-qr\\\/#primaryimage\",\"url\":\"https:\\\/\\\/buletin.de\\\/bucuresti\\\/wp-content\\\/uploads\\\/markus-winkler-Q6uqw_Hjye8-unsplash-scaled.jpg\",\"contentUrl\":\"https:\\\/\\\/buletin.de\\\/bucuresti\\\/wp-content\\\/uploads\\\/markus-winkler-Q6uqw_Hjye8-unsplash-scaled.jpg\",\"width\":2560,\"height\":1707},{\"@type\":\"BreadcrumbList\",\"@id\":\"https:\\\/\\\/buletin.de\\\/bucuresti\\\/harta-digitala-monumentele-istorice-din-bucuresti-ar-putea-primi-placute-cu-coduri-qr\\\/#breadcrumb\",\"itemListElement\":[{\"@type\":\"ListItem\",\"position\":1,\"name\":\"Acas\u0103\",\"item\":\"https:\\\/\\\/buletin.de\\\/bucuresti\\\/\"},{\"@type\":\"ListItem\",\"position\":2,\"name\":\"Hart\u0103 digital\u0103: monumentele istorice din Bucure\u0219ti ar putea primi pl\u0103cu\u021be cu coduri QR\"}]},{\"@type\":\"WebSite\",\"@id\":\"https:\\\/\\\/buletin.de\\\/bucuresti\\\/#website\",\"url\":\"https:\\\/\\\/buletin.de\\\/bucuresti\\\/\",\"name\":\"Buletin de Bucure\u0219ti\",\"description\":\"\u0218tiri \u0219i investiga\u021bii esen\u021biale din capital\u0103\",\"publisher\":{\"@id\":\"https:\\\/\\\/buletin.de\\\/bucuresti\\\/#organization\"},\"potentialAction\":[{\"@type\":\"SearchAction\",\"target\":{\"@type\":\"EntryPoint\",\"urlTemplate\":\"https:\\\/\\\/buletin.de\\\/bucuresti\\\/?s={search_term_string}\"},\"query-input\":{\"@type\":\"PropertyValueSpecification\",\"valueRequired\":true,\"valueName\":\"search_term_string\"}}],\"inLanguage\":\"en-GB\"},{\"@type\":\"Organization\",\"@id\":\"https:\\\/\\\/buletin.de\\\/bucuresti\\\/#organization\",\"name\":\"Buletin de Bucure\u0219ti\",\"url\":\"https:\\\/\\\/buletin.de\\\/bucuresti\\\/\",\"logo\":{\"@type\":\"ImageObject\",\"inLanguage\":\"en-GB\",\"@id\":\"https:\\\/\\\/buletin.de\\\/bucuresti\\\/#\\\/schema\\\/logo\\\/image\\\/\",\"url\":\"https:\\\/\\\/buletin.de\\\/bucuresti\\\/wp-content\\\/uploads\\\/logo-bdb-full-wide-vernil-transparent.png\",\"contentUrl\":\"https:\\\/\\\/buletin.de\\\/bucuresti\\\/wp-content\\\/uploads\\\/logo-bdb-full-wide-vernil-transparent.png\",\"width\":1782,\"height\":626,\"caption\":\"Buletin de Bucure\u0219ti\"},\"image\":{\"@id\":\"https:\\\/\\\/buletin.de\\\/bucuresti\\\/#\\\/schema\\\/logo\\\/image\\\/\"},\"sameAs\":[\"https:\\\/\\\/www.facebook.com\\\/buletin.de.buc\",\"https:\\\/\\\/www.instagram.com\\\/buletinde.bucuresti\\\/\"]},{\"@type\":\"Person\",\"@id\":\"https:\\\/\\\/buletin.de\\\/bucuresti\\\/#\\\/schema\\\/person\\\/295dc2228d2dc79294d636619468dc7f\",\"name\":\"Bianca Albu\",\"image\":{\"@type\":\"ImageObject\",\"inLanguage\":\"en-GB\",\"@id\":\"https:\\\/\\\/secure.gravatar.com\\\/avatar\\\/3df2e34e20f529e6fd7be4311ee1f7c4ec4aa886971590baf6fa214b15743516?s=96&d=monsterid&r=gf541c715eeec409ce8101252a3c0d8a7\",\"url\":\"https:\\\/\\\/secure.gravatar.com\\\/avatar\\\/3df2e34e20f529e6fd7be4311ee1f7c4ec4aa886971590baf6fa214b15743516?s=96&d=monsterid&r=g\",\"contentUrl\":\"https:\\\/\\\/secure.gravatar.com\\\/avatar\\\/3df2e34e20f529e6fd7be4311ee1f7c4ec4aa886971590baf6fa214b15743516?s=96&d=monsterid&r=g\",\"caption\":\"Bianca Albu\"},\"description\":\"Reporter\",\"url\":\"https:\\\/\\\/buletin.de\\\/bucuresti\\\/author\\\/biancaalbu\\\/\"}]}<\/script>\n<!-- \/ Yoast SEO Premium plugin. -->","yoast_head_json":{"title":"Hart\u0103 digital\u0103: monumentele istorice din Bucure\u0219ti ar putea primi pl\u0103cu\u021be cu coduri QR - Buletin de Bucure\u0219ti","robots":{"index":"index","follow":"follow","max-snippet":"max-snippet:-1","max-image-preview":"max-image-preview:large","max-video-preview":"max-video-preview:-1"},"canonical":"https:\/\/buletin.de\/bucuresti\/harta-digitala-monumentele-istorice-din-bucuresti-ar-putea-primi-placute-cu-coduri-qr\/","og_locale":"en_GB","og_type":"article","og_title":"Hart\u0103 digital\u0103: monumentele istorice din Bucure\u0219ti ar putea primi pl\u0103cu\u021be cu coduri QR","og_description":"Un nou proiect ini\u021biat de USR-PLUS propune dotarea tuturor monumentelor istorice din Bucure\u0219ti cu pl\u0103cu\u021be cu coduri QR. Astfel, turi\u0219tii \u0219i cet\u0103\u021benii Capitalei vor avea acces mult mai rapid la date despre aceste monumente. Prin scanarea codului de la fa\u021ba locului cu ajutorul unui dispozitiv mobil conectat la internet se va accesa baza de date [&hellip;]","og_url":"https:\/\/buletin.de\/bucuresti\/harta-digitala-monumentele-istorice-din-bucuresti-ar-putea-primi-placute-cu-coduri-qr\/","og_site_name":"Buletin de Bucure\u0219ti","article_publisher":"https:\/\/www.facebook.com\/buletin.de.buc","article_published_time":"2021-02-22T10:04:24+00:00","article_modified_time":"2021-02-22T10:04:25+00:00","og_image":[{"width":2560,"height":1707,"url":"https:\/\/buletin.de\/bucuresti\/wp-content\/uploads\/markus-winkler-Q6uqw_Hjye8-unsplash-scaled.jpg","type":"image\/jpeg"}],"author":"Bianca Albu","twitter_card":"summary_large_image","twitter_misc":{"Written by":"Bianca Albu","Estimated reading time":"1 minute"},"schema":{"@context":"https:\/\/schema.org","@graph":[{"@type":"Article","@id":"https:\/\/buletin.de\/bucuresti\/harta-digitala-monumentele-istorice-din-bucuresti-ar-putea-primi-placute-cu-coduri-qr\/#article","isPartOf":{"@id":"https:\/\/buletin.de\/bucuresti\/harta-digitala-monumentele-istorice-din-bucuresti-ar-putea-primi-placute-cu-coduri-qr\/"},"author":{"name":"Bianca Albu","@id":"https:\/\/buletin.de\/bucuresti\/#\/schema\/person\/295dc2228d2dc79294d636619468dc7f"},"headline":"Hart\u0103 digital\u0103: monumentele istorice din Bucure\u0219ti ar putea primi pl\u0103cu\u021be cu coduri QR","datePublished":"2021-02-22T10:04:24+00:00","dateModified":"2021-02-22T10:04:25+00:00","mainEntityOfPage":{"@id":"https:\/\/buletin.de\/bucuresti\/harta-digitala-monumentele-istorice-din-bucuresti-ar-putea-primi-placute-cu-coduri-qr\/"},"wordCount":182,"publisher":{"@id":"https:\/\/buletin.de\/bucuresti\/#organization"},"image":{"@id":"https:\/\/buletin.de\/bucuresti\/harta-digitala-monumentele-istorice-din-bucuresti-ar-putea-primi-placute-cu-coduri-qr\/#primaryimage"},"thumbnailUrl":"https:\/\/buletin.de\/bucuresti\/wp-content\/uploads\/markus-winkler-Q6uqw_Hjye8-unsplash-scaled.jpg","keywords":["cod qr","monumente istorice","primaria capitalei"],"articleSection":["Cultur\u0103","Prim\u0103rie","\u0218tiri"],"inLanguage":"en-GB","copyrightYear":"2021","copyrightHolder":{"@id":"https:\/\/buletin.de\/bucuresti\/#organization"}},{"@type":"WebPage","@id":"https:\/\/buletin.de\/bucuresti\/harta-digitala-monumentele-istorice-din-bucuresti-ar-putea-primi-placute-cu-coduri-qr\/","url":"https:\/\/buletin.de\/bucuresti\/harta-digitala-monumentele-istorice-din-bucuresti-ar-putea-primi-placute-cu-coduri-qr\/","name":"Hart\u0103 digital\u0103: monumentele istorice din Bucure\u0219ti ar putea primi pl\u0103cu\u021be cu coduri QR - Buletin de Bucure\u0219ti","isPartOf":{"@id":"https:\/\/buletin.de\/bucuresti\/#website"},"primaryImageOfPage":{"@id":"https:\/\/buletin.de\/bucuresti\/harta-digitala-monumentele-istorice-din-bucuresti-ar-putea-primi-placute-cu-coduri-qr\/#primaryimage"},"image":{"@id":"https:\/\/buletin.de\/bucuresti\/harta-digitala-monumentele-istorice-din-bucuresti-ar-putea-primi-placute-cu-coduri-qr\/#primaryimage"},"thumbnailUrl":"https:\/\/buletin.de\/bucuresti\/wp-content\/uploads\/markus-winkler-Q6uqw_Hjye8-unsplash-scaled.jpg","datePublished":"2021-02-22T10:04:24+00:00","dateModified":"2021-02-22T10:04:25+00:00","breadcrumb":{"@id":"https:\/\/buletin.de\/bucuresti\/harta-digitala-monumentele-istorice-din-bucuresti-ar-putea-primi-placute-cu-coduri-qr\/#breadcrumb"},"inLanguage":"en-GB","potentialAction":[{"@type":"ReadAction","target":["https:\/\/buletin.de\/bucuresti\/harta-digitala-monumentele-istorice-din-bucuresti-ar-putea-primi-placute-cu-coduri-qr\/"]}]},{"@type":"ImageObject","inLanguage":"en-GB","@id":"https:\/\/buletin.de\/bucuresti\/harta-digitala-monumentele-istorice-din-bucuresti-ar-putea-primi-placute-cu-coduri-qr\/#primaryimage","url":"https:\/\/buletin.de\/bucuresti\/wp-content\/uploads\/markus-winkler-Q6uqw_Hjye8-unsplash-scaled.jpg","contentUrl":"https:\/\/buletin.de\/bucuresti\/wp-content\/uploads\/markus-winkler-Q6uqw_Hjye8-unsplash-scaled.jpg","width":2560,"height":1707},{"@type":"BreadcrumbList","@id":"https:\/\/buletin.de\/bucuresti\/harta-digitala-monumentele-istorice-din-bucuresti-ar-putea-primi-placute-cu-coduri-qr\/#breadcrumb","itemListElement":[{"@type":"ListItem","position":1,"name":"Acas\u0103","item":"https:\/\/buletin.de\/bucuresti\/"},{"@type":"ListItem","position":2,"name":"Hart\u0103 digital\u0103: monumentele istorice din Bucure\u0219ti ar putea primi pl\u0103cu\u021be cu coduri QR"}]},{"@type":"WebSite","@id":"https:\/\/buletin.de\/bucuresti\/#website","url":"https:\/\/buletin.de\/bucuresti\/","name":"Buletin de Bucure\u0219ti","description":"\u0218tiri \u0219i investiga\u021bii esen\u021biale din capital\u0103","publisher":{"@id":"https:\/\/buletin.de\/bucuresti\/#organization"},"potentialAction":[{"@type":"SearchAction","target":{"@type":"EntryPoint","urlTemplate":"https:\/\/buletin.de\/bucuresti\/?s={search_term_string}"},"query-input":{"@type":"PropertyValueSpecification","valueRequired":true,"valueName":"search_term_string"}}],"inLanguage":"en-GB"},{"@type":"Organization","@id":"https:\/\/buletin.de\/bucuresti\/#organization","name":"Buletin de Bucure\u0219ti","url":"https:\/\/buletin.de\/bucuresti\/","logo":{"@type":"ImageObject","inLanguage":"en-GB","@id":"https:\/\/buletin.de\/bucuresti\/#\/schema\/logo\/image\/","url":"https:\/\/buletin.de\/bucuresti\/wp-content\/uploads\/logo-bdb-full-wide-vernil-transparent.png","contentUrl":"https:\/\/buletin.de\/bucuresti\/wp-content\/uploads\/logo-bdb-full-wide-vernil-transparent.png","width":1782,"height":626,"caption":"Buletin de Bucure\u0219ti"},"image":{"@id":"https:\/\/buletin.de\/bucuresti\/#\/schema\/logo\/image\/"},"sameAs":["https:\/\/www.facebook.com\/buletin.de.buc","https:\/\/www.instagram.com\/buletinde.bucuresti\/"]},{"@type":"Person","@id":"https:\/\/buletin.de\/bucuresti\/#\/schema\/person\/295dc2228d2dc79294d636619468dc7f","name":"Bianca Albu","image":{"@type":"ImageObject","inLanguage":"en-GB","@id":"https:\/\/secure.gravatar.com\/avatar\/3df2e34e20f529e6fd7be4311ee1f7c4ec4aa886971590baf6fa214b15743516?s=96&d=monsterid&r=gf541c715eeec409ce8101252a3c0d8a7","url":"https:\/\/secure.gravatar.com\/avatar\/3df2e34e20f529e6fd7be4311ee1f7c4ec4aa886971590baf6fa214b15743516?s=96&d=monsterid&r=g","contentUrl":"https:\/\/secure.gravatar.com\/avatar\/3df2e34e20f529e6fd7be4311ee1f7c4ec4aa886971590baf6fa214b15743516?s=96&d=monsterid&r=g","caption":"Bianca Albu"},"description":"Reporter","url":"https:\/\/buletin.de\/bucuresti\/author\/biancaalbu\/"}]}},"authors":[{"term_id":22588,"user_id":6,"is_guest":0,"slug":"biancaalbu","display_name":"Bianca Albu","avatar_url":"https:\/\/secure.gravatar.com\/avatar\/3df2e34e20f529e6fd7be4311ee1f7c4ec4aa886971590baf6fa214b15743516?s=96&d=monsterid&r=g","0":null,"1":"","2":"","3":"","4":"","5":"","6":"","7":"","8":""}],"_links":{"self":[{"href":"https:\/\/buletin.de\/bucuresti\/wp-json\/wp\/v2\/posts\/20306","targetHints":{"allow":["GET"]}}],"collection":[{"href":"https:\/\/buletin.de\/bucuresti\/wp-json\/wp\/v2\/posts"}],"about":[{"href":"https:\/\/buletin.de\/bucuresti\/wp-json\/wp\/v2\/types\/post"}],"author":[{"embeddable":true,"href":"https:\/\/buletin.de\/bucuresti\/wp-json\/wp\/v2\/users\/6"}],"replies":[{"embeddable":true,"href":"https:\/\/buletin.de\/bucuresti\/wp-json\/wp\/v2\/comments?post=20306"}],"version-history":[{"count":1,"href":"https:\/\/buletin.de\/bucuresti\/wp-json\/wp\/v2\/posts\/20306\/revisions"}],"predecessor-version":[{"id":20308,"href":"https:\/\/buletin.de\/bucuresti\/wp-json\/wp\/v2\/posts\/20306\/revisions\/20308"}],"wp:featuredmedia":[{"embeddable":true,"href":"https:\/\/buletin.de\/bucuresti\/wp-json\/wp\/v2\/media\/20307"}],"wp:attachment":[{"href":"https:\/\/buletin.de\/bucuresti\/wp-json\/wp\/v2\/media?parent=20306"}],"wp:term":[{"taxonomy":"category","embeddable":true,"href":"https:\/\/buletin.de\/bucuresti\/wp-json\/wp\/v2\/categories?post=20306"},{"taxonomy":"post_tag","embeddable":true,"href":"https:\/\/buletin.de\/bucuresti\/wp-json\/wp\/v2\/tags?post=20306"},{"taxonomy":"author","embeddable":true,"href":"https:\/\/buletin.de\/bucuresti\/wp-json\/wp\/v2\/ppma_author?post=20306"}],"curies":[{"name":"wp","href":"https:\/\/api.w.org\/{rel}","templated":true}]}}