{"id":20296,"date":"2021-02-22T01:27:30","date_gmt":"2021-02-21T22:27:30","guid":{"rendered":"https:\/\/buletin.de\/bucuresti\/?p=20296"},"modified":"2021-02-22T01:29:58","modified_gmt":"2021-02-21T22:29:58","slug":"panica-la-marius-nasta-din-cauza-unui-ventilator-care-a-scos-fum-nimeni-nu-a-fost-ranit","status":"publish","type":"post","link":"https:\/\/buletin.de\/bucuresti\/panica-la-marius-nasta-din-cauza-unui-ventilator-care-a-scos-fum-nimeni-nu-a-fost-ranit\/","title":{"rendered":"Panic\u0103 la Marius Nasta din cauza unui ventilator care a scos fum | Nimeni nu a fost r\u0103nit"},"content":{"rendered":"\n<p>Au fost din nou momente de panic\u0103, \u00een aceast\u0103 sear\u0103, \u00eentr-un spital din Rom\u00e2nia. Apelul la 112 a anun\u021bat c\u0103 la Institutul Marius Nasta e pericol de incendiu, dup\u0103 ce un ventilator de la sec\u021bia mobil\u0103 ATI a scos fum. \u00cen c\u00e2teva minute, \u00een curtea spitalului au ajuns pompierii \u0219i echipajele SMURD dar din fericire nu a fost nevoie de interven\u021bia acestora. Personalul spitalului a reu\u0219it s\u0103 rezolve situa\u021bia p\u00e2n\u0103 la venirea for\u021belor de interven\u021bie.<\/p>\n\n\n\n<blockquote class=\"wp-block-quote is-layout-flow wp-block-quote-is-layout-flow\"><p>Institutul de Pneumoftiziologie \u201dMarius Nasta\u201d informeaz\u0103 pacien\u021bii, apar\u021bin\u0103torii \u0219i opinia public\u0103 \u00een leg\u0103tur\u0103 cu faptul c\u0103, \u00een aceast\u0103 sear\u0103 a existat un incident la un ventilator dispus in perimetrul exterior al unit\u0103\u021bii mobile ATI. Niciun pacient nu a fost r\u0103nit \u00een urma acestui incident, iar \u00een prezent pacien\u021bi afla\u021bi in unitatea mobil\u0103 ATI sunt transfera\u021bi \u00een compartimentul ATI din interior. \u00cen prezent suntem la fa\u021ba locului pentru a evalua situa\u021bia \u0219i a lua m\u0103surile care se impun. Vom reveni cu am\u0103nunte. Dr Beatrice Mahler, manager Institutul de Pneumoftiziologie \u201dMarius Nasta\u201d<\/p><cite>Comunicat Institutul Marius Nasta<\/cite><\/blockquote>\n\n\n\n<p>Managerul spitalului, dr. Beatrice Mahler, a declarat pentru DIGI24 c\u0103 unitatea mobil\u0103 ATI fusese \u00eenchis\u0103, s\u0103pt\u0103m\u00e2na trecut\u0103, pentru dezinfec\u021bia periodic\u0103 \u0219i redeschis\u0103 vineri. Niciunul dintre pacien\u021bii afla\u021bi \u00een ATI, \u00een acel moment, nu era intubat \u0219i to\u021bi au fost transfera\u021bi la sec\u021bia interioar\u0103 ATI a spitalului, a mai spus Mahler.<\/p>\n\n\n\n<p>\u0218eful DSU a<\/p>\n\n\n\n<p>La spital vor ajunge, \u00een aceast\u0103 sear\u0103, ministrul S\u0103n\u0103t\u0103\u021bii, Vlad Voiculescu \u0219i \u0219eful DSU, Raed Arafat.<\/p>\n\n\n\n<p>Incidentul de azi, care din fericire nu s-a soldat cu victime, vine dup\u0103 dou\u0103 tragedii petrecute \u00een spitalele rom\u00e2ne\u0219ti, tot \u00een sec\u021bii ATI, la Pia\u021ba Neam\u021b \u0219i Matei Bal\u0219.<\/p>\n\n\n\n<p>Sursa FOTO Facebook \u021aipu Ryan Florin<\/p>\n","protected":false},"excerpt":{"rendered":"<p>Au fost din nou momente de panic\u0103, \u00een aceast\u0103 sear\u0103, \u00eentr-un spital din Rom\u00e2nia. Apelul la 112 a anun\u021bat c\u0103 la Institutul Marius Nasta e pericol de incendiu, dup\u0103 ce un ventilator de la sec\u021bia mobil\u0103 ATI a scos fum. \u00cen c\u00e2teva minute, \u00een curtea spitalului au ajuns pompierii \u0219i echipajele SMURD dar din fericire [&hellip;]<\/p>\n","protected":false},"author":18,"featured_media":20297,"comment_status":"closed","ping_status":"open","sticky":false,"template":"","format":"standard","meta":{"_acf_changed":false,"inline_featured_image":false,"ngg_post_thumbnail":0,"footnotes":""},"categories":[1],"tags":[],"ppma_author":[22579],"class_list":["post-20296","post","type-post","status-publish","format-standard","has-post-thumbnail","hentry","category-diverse"],"acf":[],"yoast_head":"<!-- This site is optimized with the Yoast SEO Premium plugin v25.3 (Yoast SEO v27.4) - https:\/\/yoast.com\/product\/yoast-seo-premium-wordpress\/ -->\n<title>Panic\u0103 la Marius Nasta din cauza unui ventilator care a scos fum | Nimeni nu a fost r\u0103nit - Buletin de Bucure\u0219ti<\/title>\n<meta name=\"robots\" content=\"index, follow, max-snippet:-1, max-image-preview:large, max-video-preview:-1\" \/>\n<link rel=\"canonical\" href=\"https:\/\/buletin.de\/bucuresti\/panica-la-marius-nasta-din-cauza-unui-ventilator-care-a-scos-fum-nimeni-nu-a-fost-ranit\/\" \/>\n<meta property=\"og:locale\" content=\"en_GB\" \/>\n<meta property=\"og:type\" content=\"article\" \/>\n<meta property=\"og:title\" content=\"Panic\u0103 la Marius Nasta din cauza unui ventilator care a scos fum | Nimeni nu a fost r\u0103nit\" \/>\n<meta property=\"og:description\" content=\"Au fost din nou momente de panic\u0103, \u00een aceast\u0103 sear\u0103, \u00eentr-un spital din Rom\u00e2nia. Apelul la 112 a anun\u021bat c\u0103 la Institutul Marius Nasta e pericol de incendiu, dup\u0103 ce un ventilator de la sec\u021bia mobil\u0103 ATI a scos fum. \u00cen c\u00e2teva minute, \u00een curtea spitalului au ajuns pompierii \u0219i echipajele SMURD dar din fericire [&hellip;]\" \/>\n<meta property=\"og:url\" content=\"https:\/\/buletin.de\/bucuresti\/panica-la-marius-nasta-din-cauza-unui-ventilator-care-a-scos-fum-nimeni-nu-a-fost-ranit\/\" \/>\n<meta property=\"og:site_name\" content=\"Buletin de Bucure\u0219ti\" \/>\n<meta property=\"article:publisher\" content=\"https:\/\/www.facebook.com\/buletin.de.buc\" \/>\n<meta property=\"article:published_time\" content=\"2021-02-21T22:27:30+00:00\" \/>\n<meta property=\"article:modified_time\" content=\"2021-02-21T22:29:58+00:00\" \/>\n<meta property=\"og:image\" content=\"https:\/\/buletin.de\/bucuresti\/wp-content\/uploads\/152172682_4288074267886888_6712229470421851243_n.jpg\" \/>\n\t<meta property=\"og:image:width\" content=\"820\" \/>\n\t<meta property=\"og:image:height\" content=\"461\" \/>\n\t<meta property=\"og:image:type\" content=\"image\/jpeg\" \/>\n<meta name=\"author\" content=\"Teodora Stroe\" \/>\n<meta name=\"twitter:card\" content=\"summary_large_image\" \/>\n<meta name=\"twitter:label1\" content=\"Written by\" \/>\n\t<meta name=\"twitter:data1\" content=\"Teodora Stroe\" \/>\n\t<meta name=\"twitter:label2\" content=\"Estimated reading time\" \/>\n\t<meta name=\"twitter:data2\" content=\"2 minutes\" \/>\n<script type=\"application\/ld+json\" class=\"yoast-schema-graph\">{\"@context\":\"https:\\\/\\\/schema.org\",\"@graph\":[{\"@type\":\"Article\",\"@id\":\"https:\\\/\\\/buletin.de\\\/bucuresti\\\/panica-la-marius-nasta-din-cauza-unui-ventilator-care-a-scos-fum-nimeni-nu-a-fost-ranit\\\/#article\",\"isPartOf\":{\"@id\":\"https:\\\/\\\/buletin.de\\\/bucuresti\\\/panica-la-marius-nasta-din-cauza-unui-ventilator-care-a-scos-fum-nimeni-nu-a-fost-ranit\\\/\"},\"author\":{\"name\":\"Teodora Stroe\",\"@id\":\"https:\\\/\\\/buletin.de\\\/bucuresti\\\/#\\\/schema\\\/person\\\/d369d7ddc775abece205795e0b804614\"},\"headline\":\"Panic\u0103 la Marius Nasta din cauza unui ventilator care a scos fum | Nimeni nu a fost r\u0103nit\",\"datePublished\":\"2021-02-21T22:27:30+00:00\",\"dateModified\":\"2021-02-21T22:29:58+00:00\",\"mainEntityOfPage\":{\"@id\":\"https:\\\/\\\/buletin.de\\\/bucuresti\\\/panica-la-marius-nasta-din-cauza-unui-ventilator-care-a-scos-fum-nimeni-nu-a-fost-ranit\\\/\"},\"wordCount\":329,\"publisher\":{\"@id\":\"https:\\\/\\\/buletin.de\\\/bucuresti\\\/#organization\"},\"image\":{\"@id\":\"https:\\\/\\\/buletin.de\\\/bucuresti\\\/panica-la-marius-nasta-din-cauza-unui-ventilator-care-a-scos-fum-nimeni-nu-a-fost-ranit\\\/#primaryimage\"},\"thumbnailUrl\":\"https:\\\/\\\/buletin.de\\\/bucuresti\\\/wp-content\\\/uploads\\\/152172682_4288074267886888_6712229470421851243_n.jpg\",\"articleSection\":[\"Diverse\"],\"inLanguage\":\"en-GB\",\"copyrightYear\":\"2021\",\"copyrightHolder\":{\"@id\":\"https:\\\/\\\/buletin.de\\\/bucuresti\\\/#organization\"}},{\"@type\":\"WebPage\",\"@id\":\"https:\\\/\\\/buletin.de\\\/bucuresti\\\/panica-la-marius-nasta-din-cauza-unui-ventilator-care-a-scos-fum-nimeni-nu-a-fost-ranit\\\/\",\"url\":\"https:\\\/\\\/buletin.de\\\/bucuresti\\\/panica-la-marius-nasta-din-cauza-unui-ventilator-care-a-scos-fum-nimeni-nu-a-fost-ranit\\\/\",\"name\":\"Panic\u0103 la Marius Nasta din cauza unui ventilator care a scos fum | Nimeni nu a fost r\u0103nit - Buletin de Bucure\u0219ti\",\"isPartOf\":{\"@id\":\"https:\\\/\\\/buletin.de\\\/bucuresti\\\/#website\"},\"primaryImageOfPage\":{\"@id\":\"https:\\\/\\\/buletin.de\\\/bucuresti\\\/panica-la-marius-nasta-din-cauza-unui-ventilator-care-a-scos-fum-nimeni-nu-a-fost-ranit\\\/#primaryimage\"},\"image\":{\"@id\":\"https:\\\/\\\/buletin.de\\\/bucuresti\\\/panica-la-marius-nasta-din-cauza-unui-ventilator-care-a-scos-fum-nimeni-nu-a-fost-ranit\\\/#primaryimage\"},\"thumbnailUrl\":\"https:\\\/\\\/buletin.de\\\/bucuresti\\\/wp-content\\\/uploads\\\/152172682_4288074267886888_6712229470421851243_n.jpg\",\"datePublished\":\"2021-02-21T22:27:30+00:00\",\"dateModified\":\"2021-02-21T22:29:58+00:00\",\"breadcrumb\":{\"@id\":\"https:\\\/\\\/buletin.de\\\/bucuresti\\\/panica-la-marius-nasta-din-cauza-unui-ventilator-care-a-scos-fum-nimeni-nu-a-fost-ranit\\\/#breadcrumb\"},\"inLanguage\":\"en-GB\",\"potentialAction\":[{\"@type\":\"ReadAction\",\"target\":[\"https:\\\/\\\/buletin.de\\\/bucuresti\\\/panica-la-marius-nasta-din-cauza-unui-ventilator-care-a-scos-fum-nimeni-nu-a-fost-ranit\\\/\"]}]},{\"@type\":\"ImageObject\",\"inLanguage\":\"en-GB\",\"@id\":\"https:\\\/\\\/buletin.de\\\/bucuresti\\\/panica-la-marius-nasta-din-cauza-unui-ventilator-care-a-scos-fum-nimeni-nu-a-fost-ranit\\\/#primaryimage\",\"url\":\"https:\\\/\\\/buletin.de\\\/bucuresti\\\/wp-content\\\/uploads\\\/152172682_4288074267886888_6712229470421851243_n.jpg\",\"contentUrl\":\"https:\\\/\\\/buletin.de\\\/bucuresti\\\/wp-content\\\/uploads\\\/152172682_4288074267886888_6712229470421851243_n.jpg\",\"width\":820,\"height\":461},{\"@type\":\"BreadcrumbList\",\"@id\":\"https:\\\/\\\/buletin.de\\\/bucuresti\\\/panica-la-marius-nasta-din-cauza-unui-ventilator-care-a-scos-fum-nimeni-nu-a-fost-ranit\\\/#breadcrumb\",\"itemListElement\":[{\"@type\":\"ListItem\",\"position\":1,\"name\":\"Acas\u0103\",\"item\":\"https:\\\/\\\/buletin.de\\\/bucuresti\\\/\"},{\"@type\":\"ListItem\",\"position\":2,\"name\":\"Panic\u0103 la Marius Nasta din cauza unui ventilator care a scos fum | Nimeni nu a fost r\u0103nit\"}]},{\"@type\":\"WebSite\",\"@id\":\"https:\\\/\\\/buletin.de\\\/bucuresti\\\/#website\",\"url\":\"https:\\\/\\\/buletin.de\\\/bucuresti\\\/\",\"name\":\"Buletin de Bucure\u0219ti\",\"description\":\"\u0218tiri \u0219i investiga\u021bii esen\u021biale din capital\u0103\",\"publisher\":{\"@id\":\"https:\\\/\\\/buletin.de\\\/bucuresti\\\/#organization\"},\"potentialAction\":[{\"@type\":\"SearchAction\",\"target\":{\"@type\":\"EntryPoint\",\"urlTemplate\":\"https:\\\/\\\/buletin.de\\\/bucuresti\\\/?s={search_term_string}\"},\"query-input\":{\"@type\":\"PropertyValueSpecification\",\"valueRequired\":true,\"valueName\":\"search_term_string\"}}],\"inLanguage\":\"en-GB\"},{\"@type\":\"Organization\",\"@id\":\"https:\\\/\\\/buletin.de\\\/bucuresti\\\/#organization\",\"name\":\"Buletin de Bucure\u0219ti\",\"url\":\"https:\\\/\\\/buletin.de\\\/bucuresti\\\/\",\"logo\":{\"@type\":\"ImageObject\",\"inLanguage\":\"en-GB\",\"@id\":\"https:\\\/\\\/buletin.de\\\/bucuresti\\\/#\\\/schema\\\/logo\\\/image\\\/\",\"url\":\"https:\\\/\\\/buletin.de\\\/bucuresti\\\/wp-content\\\/uploads\\\/logo-bdb-full-wide-vernil-transparent.png\",\"contentUrl\":\"https:\\\/\\\/buletin.de\\\/bucuresti\\\/wp-content\\\/uploads\\\/logo-bdb-full-wide-vernil-transparent.png\",\"width\":1782,\"height\":626,\"caption\":\"Buletin de Bucure\u0219ti\"},\"image\":{\"@id\":\"https:\\\/\\\/buletin.de\\\/bucuresti\\\/#\\\/schema\\\/logo\\\/image\\\/\"},\"sameAs\":[\"https:\\\/\\\/www.facebook.com\\\/buletin.de.buc\",\"https:\\\/\\\/www.instagram.com\\\/buletinde.bucuresti\\\/\"]},{\"@type\":\"Person\",\"@id\":\"https:\\\/\\\/buletin.de\\\/bucuresti\\\/#\\\/schema\\\/person\\\/d369d7ddc775abece205795e0b804614\",\"name\":\"Teodora Stroe\",\"image\":{\"@type\":\"ImageObject\",\"inLanguage\":\"en-GB\",\"@id\":\"https:\\\/\\\/secure.gravatar.com\\\/avatar\\\/2560b4cd9f5f1bc100b123158e657d75584bd1c3e1d9c69285720b9457c1b78d?s=96&d=monsterid&r=gc104800242ba5f2d78dd5d7dc4df08b6\",\"url\":\"https:\\\/\\\/secure.gravatar.com\\\/avatar\\\/2560b4cd9f5f1bc100b123158e657d75584bd1c3e1d9c69285720b9457c1b78d?s=96&d=monsterid&r=g\",\"contentUrl\":\"https:\\\/\\\/secure.gravatar.com\\\/avatar\\\/2560b4cd9f5f1bc100b123158e657d75584bd1c3e1d9c69285720b9457c1b78d?s=96&d=monsterid&r=g\",\"caption\":\"Teodora Stroe\"},\"url\":\"https:\\\/\\\/buletin.de\\\/bucuresti\\\/author\\\/simonacarlugea\\\/\"}]}<\/script>\n<!-- \/ Yoast SEO Premium plugin. -->","yoast_head_json":{"title":"Panic\u0103 la Marius Nasta din cauza unui ventilator care a scos fum | Nimeni nu a fost r\u0103nit - Buletin de Bucure\u0219ti","robots":{"index":"index","follow":"follow","max-snippet":"max-snippet:-1","max-image-preview":"max-image-preview:large","max-video-preview":"max-video-preview:-1"},"canonical":"https:\/\/buletin.de\/bucuresti\/panica-la-marius-nasta-din-cauza-unui-ventilator-care-a-scos-fum-nimeni-nu-a-fost-ranit\/","og_locale":"en_GB","og_type":"article","og_title":"Panic\u0103 la Marius Nasta din cauza unui ventilator care a scos fum | Nimeni nu a fost r\u0103nit","og_description":"Au fost din nou momente de panic\u0103, \u00een aceast\u0103 sear\u0103, \u00eentr-un spital din Rom\u00e2nia. Apelul la 112 a anun\u021bat c\u0103 la Institutul Marius Nasta e pericol de incendiu, dup\u0103 ce un ventilator de la sec\u021bia mobil\u0103 ATI a scos fum. \u00cen c\u00e2teva minute, \u00een curtea spitalului au ajuns pompierii \u0219i echipajele SMURD dar din fericire [&hellip;]","og_url":"https:\/\/buletin.de\/bucuresti\/panica-la-marius-nasta-din-cauza-unui-ventilator-care-a-scos-fum-nimeni-nu-a-fost-ranit\/","og_site_name":"Buletin de Bucure\u0219ti","article_publisher":"https:\/\/www.facebook.com\/buletin.de.buc","article_published_time":"2021-02-21T22:27:30+00:00","article_modified_time":"2021-02-21T22:29:58+00:00","og_image":[{"width":820,"height":461,"url":"https:\/\/buletin.de\/bucuresti\/wp-content\/uploads\/152172682_4288074267886888_6712229470421851243_n.jpg","type":"image\/jpeg"}],"author":"Teodora Stroe","twitter_card":"summary_large_image","twitter_misc":{"Written by":"Teodora Stroe","Estimated reading time":"2 minutes"},"schema":{"@context":"https:\/\/schema.org","@graph":[{"@type":"Article","@id":"https:\/\/buletin.de\/bucuresti\/panica-la-marius-nasta-din-cauza-unui-ventilator-care-a-scos-fum-nimeni-nu-a-fost-ranit\/#article","isPartOf":{"@id":"https:\/\/buletin.de\/bucuresti\/panica-la-marius-nasta-din-cauza-unui-ventilator-care-a-scos-fum-nimeni-nu-a-fost-ranit\/"},"author":{"name":"Teodora Stroe","@id":"https:\/\/buletin.de\/bucuresti\/#\/schema\/person\/d369d7ddc775abece205795e0b804614"},"headline":"Panic\u0103 la Marius Nasta din cauza unui ventilator care a scos fum | Nimeni nu a fost r\u0103nit","datePublished":"2021-02-21T22:27:30+00:00","dateModified":"2021-02-21T22:29:58+00:00","mainEntityOfPage":{"@id":"https:\/\/buletin.de\/bucuresti\/panica-la-marius-nasta-din-cauza-unui-ventilator-care-a-scos-fum-nimeni-nu-a-fost-ranit\/"},"wordCount":329,"publisher":{"@id":"https:\/\/buletin.de\/bucuresti\/#organization"},"image":{"@id":"https:\/\/buletin.de\/bucuresti\/panica-la-marius-nasta-din-cauza-unui-ventilator-care-a-scos-fum-nimeni-nu-a-fost-ranit\/#primaryimage"},"thumbnailUrl":"https:\/\/buletin.de\/bucuresti\/wp-content\/uploads\/152172682_4288074267886888_6712229470421851243_n.jpg","articleSection":["Diverse"],"inLanguage":"en-GB","copyrightYear":"2021","copyrightHolder":{"@id":"https:\/\/buletin.de\/bucuresti\/#organization"}},{"@type":"WebPage","@id":"https:\/\/buletin.de\/bucuresti\/panica-la-marius-nasta-din-cauza-unui-ventilator-care-a-scos-fum-nimeni-nu-a-fost-ranit\/","url":"https:\/\/buletin.de\/bucuresti\/panica-la-marius-nasta-din-cauza-unui-ventilator-care-a-scos-fum-nimeni-nu-a-fost-ranit\/","name":"Panic\u0103 la Marius Nasta din cauza unui ventilator care a scos fum | Nimeni nu a fost r\u0103nit - Buletin de Bucure\u0219ti","isPartOf":{"@id":"https:\/\/buletin.de\/bucuresti\/#website"},"primaryImageOfPage":{"@id":"https:\/\/buletin.de\/bucuresti\/panica-la-marius-nasta-din-cauza-unui-ventilator-care-a-scos-fum-nimeni-nu-a-fost-ranit\/#primaryimage"},"image":{"@id":"https:\/\/buletin.de\/bucuresti\/panica-la-marius-nasta-din-cauza-unui-ventilator-care-a-scos-fum-nimeni-nu-a-fost-ranit\/#primaryimage"},"thumbnailUrl":"https:\/\/buletin.de\/bucuresti\/wp-content\/uploads\/152172682_4288074267886888_6712229470421851243_n.jpg","datePublished":"2021-02-21T22:27:30+00:00","dateModified":"2021-02-21T22:29:58+00:00","breadcrumb":{"@id":"https:\/\/buletin.de\/bucuresti\/panica-la-marius-nasta-din-cauza-unui-ventilator-care-a-scos-fum-nimeni-nu-a-fost-ranit\/#breadcrumb"},"inLanguage":"en-GB","potentialAction":[{"@type":"ReadAction","target":["https:\/\/buletin.de\/bucuresti\/panica-la-marius-nasta-din-cauza-unui-ventilator-care-a-scos-fum-nimeni-nu-a-fost-ranit\/"]}]},{"@type":"ImageObject","inLanguage":"en-GB","@id":"https:\/\/buletin.de\/bucuresti\/panica-la-marius-nasta-din-cauza-unui-ventilator-care-a-scos-fum-nimeni-nu-a-fost-ranit\/#primaryimage","url":"https:\/\/buletin.de\/bucuresti\/wp-content\/uploads\/152172682_4288074267886888_6712229470421851243_n.jpg","contentUrl":"https:\/\/buletin.de\/bucuresti\/wp-content\/uploads\/152172682_4288074267886888_6712229470421851243_n.jpg","width":820,"height":461},{"@type":"BreadcrumbList","@id":"https:\/\/buletin.de\/bucuresti\/panica-la-marius-nasta-din-cauza-unui-ventilator-care-a-scos-fum-nimeni-nu-a-fost-ranit\/#breadcrumb","itemListElement":[{"@type":"ListItem","position":1,"name":"Acas\u0103","item":"https:\/\/buletin.de\/bucuresti\/"},{"@type":"ListItem","position":2,"name":"Panic\u0103 la Marius Nasta din cauza unui ventilator care a scos fum | Nimeni nu a fost r\u0103nit"}]},{"@type":"WebSite","@id":"https:\/\/buletin.de\/bucuresti\/#website","url":"https:\/\/buletin.de\/bucuresti\/","name":"Buletin de Bucure\u0219ti","description":"\u0218tiri \u0219i investiga\u021bii esen\u021biale din capital\u0103","publisher":{"@id":"https:\/\/buletin.de\/bucuresti\/#organization"},"potentialAction":[{"@type":"SearchAction","target":{"@type":"EntryPoint","urlTemplate":"https:\/\/buletin.de\/bucuresti\/?s={search_term_string}"},"query-input":{"@type":"PropertyValueSpecification","valueRequired":true,"valueName":"search_term_string"}}],"inLanguage":"en-GB"},{"@type":"Organization","@id":"https:\/\/buletin.de\/bucuresti\/#organization","name":"Buletin de Bucure\u0219ti","url":"https:\/\/buletin.de\/bucuresti\/","logo":{"@type":"ImageObject","inLanguage":"en-GB","@id":"https:\/\/buletin.de\/bucuresti\/#\/schema\/logo\/image\/","url":"https:\/\/buletin.de\/bucuresti\/wp-content\/uploads\/logo-bdb-full-wide-vernil-transparent.png","contentUrl":"https:\/\/buletin.de\/bucuresti\/wp-content\/uploads\/logo-bdb-full-wide-vernil-transparent.png","width":1782,"height":626,"caption":"Buletin de Bucure\u0219ti"},"image":{"@id":"https:\/\/buletin.de\/bucuresti\/#\/schema\/logo\/image\/"},"sameAs":["https:\/\/www.facebook.com\/buletin.de.buc","https:\/\/www.instagram.com\/buletinde.bucuresti\/"]},{"@type":"Person","@id":"https:\/\/buletin.de\/bucuresti\/#\/schema\/person\/d369d7ddc775abece205795e0b804614","name":"Teodora Stroe","image":{"@type":"ImageObject","inLanguage":"en-GB","@id":"https:\/\/secure.gravatar.com\/avatar\/2560b4cd9f5f1bc100b123158e657d75584bd1c3e1d9c69285720b9457c1b78d?s=96&d=monsterid&r=gc104800242ba5f2d78dd5d7dc4df08b6","url":"https:\/\/secure.gravatar.com\/avatar\/2560b4cd9f5f1bc100b123158e657d75584bd1c3e1d9c69285720b9457c1b78d?s=96&d=monsterid&r=g","contentUrl":"https:\/\/secure.gravatar.com\/avatar\/2560b4cd9f5f1bc100b123158e657d75584bd1c3e1d9c69285720b9457c1b78d?s=96&d=monsterid&r=g","caption":"Teodora Stroe"},"url":"https:\/\/buletin.de\/bucuresti\/author\/simonacarlugea\/"}]}},"authors":[{"term_id":22579,"user_id":18,"is_guest":0,"slug":"simonacarlugea","display_name":"Teodora Stroe","avatar_url":"https:\/\/secure.gravatar.com\/avatar\/2560b4cd9f5f1bc100b123158e657d75584bd1c3e1d9c69285720b9457c1b78d?s=96&d=monsterid&r=g","0":null,"1":"","2":"","3":"","4":"","5":"","6":"","7":"","8":""}],"_links":{"self":[{"href":"https:\/\/buletin.de\/bucuresti\/wp-json\/wp\/v2\/posts\/20296","targetHints":{"allow":["GET"]}}],"collection":[{"href":"https:\/\/buletin.de\/bucuresti\/wp-json\/wp\/v2\/posts"}],"about":[{"href":"https:\/\/buletin.de\/bucuresti\/wp-json\/wp\/v2\/types\/post"}],"author":[{"embeddable":true,"href":"https:\/\/buletin.de\/bucuresti\/wp-json\/wp\/v2\/users\/18"}],"replies":[{"embeddable":true,"href":"https:\/\/buletin.de\/bucuresti\/wp-json\/wp\/v2\/comments?post=20296"}],"version-history":[{"count":5,"href":"https:\/\/buletin.de\/bucuresti\/wp-json\/wp\/v2\/posts\/20296\/revisions"}],"predecessor-version":[{"id":20302,"href":"https:\/\/buletin.de\/bucuresti\/wp-json\/wp\/v2\/posts\/20296\/revisions\/20302"}],"wp:featuredmedia":[{"embeddable":true,"href":"https:\/\/buletin.de\/bucuresti\/wp-json\/wp\/v2\/media\/20297"}],"wp:attachment":[{"href":"https:\/\/buletin.de\/bucuresti\/wp-json\/wp\/v2\/media?parent=20296"}],"wp:term":[{"taxonomy":"category","embeddable":true,"href":"https:\/\/buletin.de\/bucuresti\/wp-json\/wp\/v2\/categories?post=20296"},{"taxonomy":"post_tag","embeddable":true,"href":"https:\/\/buletin.de\/bucuresti\/wp-json\/wp\/v2\/tags?post=20296"},{"taxonomy":"author","embeddable":true,"href":"https:\/\/buletin.de\/bucuresti\/wp-json\/wp\/v2\/ppma_author?post=20296"}],"curies":[{"name":"wp","href":"https:\/\/api.w.org\/{rel}","templated":true}]}}