{"id":20120,"date":"2021-02-23T10:05:21","date_gmt":"2021-02-23T07:05:21","guid":{"rendered":"https:\/\/buletin.de\/bucuresti\/?p=20120"},"modified":"2021-02-23T10:05:22","modified_gmt":"2021-02-23T07:05:22","slug":"spitalul-clinic-de-urgente-oftalmologice-0-lei-pentru-investitii-de-la-primaria-sector-1-intre-2016-si-2020-spitalul-clinic-de-urgenta-de-chirurgie-plastica-reparatorie-si-arsuri-a-primit-mai","status":"publish","type":"post","link":"https:\/\/buletin.de\/bucuresti\/spitalul-clinic-de-urgente-oftalmologice-0-lei-pentru-investitii-de-la-primaria-sector-1-intre-2016-si-2020-spitalul-clinic-de-urgenta-de-chirurgie-plastica-reparatorie-si-arsuri-a-primit-mai\/","title":{"rendered":"Spitalul Clinic de Urgen\u021be Oftalmologice &#8211; 0 lei pentru investi\u021bii, de la Prim\u0103ria Sector 1, \u00eentre 2016 \u0219i 2020 |  Spitalul Clinic de Urgen\u021b\u0103 de Chirurgie Plastic\u0103, Reparatorie \u0219i Arsuri a primit mai mult, 8900 de euro"},"content":{"rendered":"\n<p>5 ani au trecut de c\u00e2nd Curtea de Conturi a decis c\u0103 Prim\u0103ria Sector 1 a men\u021binut, <em>nejustificat<\/em>, \u00een administrare, 4 spitale clinice, aflate \u00een subordinea Ministerului S\u0103n\u0103t\u0103\u021bii \u0219i a cerut intrarea \u00een legalitate. Conform informa\u021biilor furnizate de Curtea de Conturi, la solicitarea Buletin de Bucure\u0219ti, termenul de ducere la \u00eendeplinire a fost prelungit de mai multe ori, la cererea Prim\u0103riei Sector 1, pentru a finaliza anumite investi\u021bii. Doar c\u0103, din datele oficiale primite de la Sectorul 1, la un spital din cele 4, cel de Oftalmologie, Prim\u0103ria Sector 1 <strong>nu a investit nimic<\/strong> \u00een ultimii 12 ani, iar la cel de Arsuri, au fost <strong>dou\u0103 investi\u021bii<\/strong> doar, \u00een 2013 \u0219i 2017, \u00een valoare total\u0103 de 43.000 de euro. <\/p>\n\n\n\n<h2 class=\"wp-block-heading\">Decizia de intrare \u00een legalitate &#8211; 2016<\/h2>\n\n\n\n<p>Prim\u0103ria Sector 1 a avut, p\u00e2n\u0103 la \u00eenceputul acestei luni, \u00een administrarea sa 4 spitale aflate \u00een subordinea Ministerului S\u0103n\u0103t\u0103\u021bii, <strong>Spitalul Clinic de Urgen\u021b\u0103 pentru Copii Grigore Alexandrescu, Spitalul Clinic de Urgen\u021b\u0103 de Chirurgie Plastic\u0103, Reparatorie \u0219i Arsuri, Spitalul Clinic de Urgen\u021b\u0103 Floreasca \u0219i Spitalul Clinic de Urgen\u021be Oftalmologice<\/strong>. Cele 4 unit\u0103\u021bi sanitare trebuiau scoase din inventarul Sectorului 1 din 2008, conform H.G. nr. 1567\/25.11.2008, care a stabilit <em>Lista unit\u0103\u021bilor sanitare publice cu paturi pentru care s-a transferat managementul asistentei medicale c\u0103tre autorit\u0103\u021bile administra\u021biei publice locale \u0219i c\u0103tre Prim\u0103ria Municipiului Bucure\u0219ti<\/em>.  Doar c\u0103 hot\u0103r\u00e2rea cu pricina nu avea specificat \u0219i un termen de dec\u0103dere, singura condi\u021bie fiind ca predarea s\u0103 se fac\u0103 prin hot\u0103r\u00e2re a consiliilor locale.<\/p>\n\n\n\n<p>\u00cen raportul Cur\u021bii de Conturi din 2016, apare o abatere de 302 milioane de lei, valoarea cl\u0103dirilor \u0219i terenurilor aflare \u00een administrarea Sector 1, ca efect al men\u021binerii nejustificate a imobilelor cu pricina, \u0219i neaplicarea legii.<\/p>\n\n\n\n<figure class=\"wp-block-image size-large is-resized\"><img fetchpriority=\"high\" decoding=\"async\" src=\"data:image\/gif;base64,R0lGODlhAQABAAAAACH5BAEKAAEALAAAAAABAAEAAAICTAEAOw==\" data-src=\"https:\/\/buletin.de\/bucuresti\/wp-content\/uploads\/image-514-900x377.png\" alt=\"\" class=\"wp-image-20277 lazyload\" width=\"590\" height=\"246\" data-sizes=\"auto\" data-srcset=\"https:\/\/buletin.de\/bucuresti\/wp-content\/uploads\/image-514-900x377.png 900w, https:\/\/buletin.de\/bucuresti\/wp-content\/uploads\/image-514-300x126.png 300w, https:\/\/buletin.de\/bucuresti\/wp-content\/uploads\/image-514-768x322.png 768w, https:\/\/buletin.de\/bucuresti\/wp-content\/uploads\/image-514-1060x444.png 1060w, https:\/\/buletin.de\/bucuresti\/wp-content\/uploads\/image-514-550x230.png 550w, https:\/\/buletin.de\/bucuresti\/wp-content\/uploads\/image-514-600x251.png 600w, https:\/\/buletin.de\/bucuresti\/wp-content\/uploads\/image-514.png 1187w\" sizes=\"(max-width: 590px) 100vw, 590px\" \/><figcaption>Sursa Raportul Curtii de Conturi 2016<\/figcaption><\/figure>\n\n\n\n<p>Curtea de Conturi a emis \u0219i o decizie, \u00een 2016, prin care cerea Prim\u0103riei Sector 1 s\u0103 fac\u0103 transferul de administrare. <\/p>\n\n\n\n<figure class=\"wp-block-image size-large\"><img decoding=\"async\" width=\"900\" height=\"134\" src=\"data:image\/gif;base64,R0lGODlhAQABAAAAACH5BAEKAAEALAAAAAABAAEAAAICTAEAOw==\" data-src=\"https:\/\/buletin.de\/bucuresti\/wp-content\/uploads\/image-515-900x134.png\" alt=\"\" class=\"wp-image-20278 lazyload\" data-sizes=\"auto\" data-srcset=\"https:\/\/buletin.de\/bucuresti\/wp-content\/uploads\/image-515-900x134.png 900w, https:\/\/buletin.de\/bucuresti\/wp-content\/uploads\/image-515-300x45.png 300w, https:\/\/buletin.de\/bucuresti\/wp-content\/uploads\/image-515-768x115.png 768w, https:\/\/buletin.de\/bucuresti\/wp-content\/uploads\/image-515-1060x158.png 1060w, https:\/\/buletin.de\/bucuresti\/wp-content\/uploads\/image-515-550x82.png 550w, https:\/\/buletin.de\/bucuresti\/wp-content\/uploads\/image-515-600x90.png 600w, https:\/\/buletin.de\/bucuresti\/wp-content\/uploads\/image-515.png 1185w\" sizes=\"(max-width: 900px) 100vw, 900px\" \/><figcaption>Sursa Raportul Curtii de Conturi 2016<\/figcaption><\/figure>\n\n\n\n<p>Am solicitat Cur\u021bii de Conturi o explica\u021bie, de ce aceast\u0103 neregul\u0103 apare doar \u00een raportul pe 2016, \u0219i nu \u0219i \u00een cele precedente \u0219i anterioare.  \u00cen r\u0103spunsul pentru Buletin de Bucure\u0219ti, Curtea de Conturi spune c\u0103 <em>o serie de aspecte nu au f\u0103cut obiectul verific\u0103rilor la aceast\u0103 entitate p\u00e2n\u0103 \u00een anul 2016.<\/em><\/p>\n\n\n\n<figure class=\"wp-block-image size-large is-resized\"><a href=\"https:\/\/buletin.de\/bucuresti\/wp-content\/uploads\/image-516.png\"><img decoding=\"async\" src=\"data:image\/gif;base64,R0lGODlhAQABAAAAACH5BAEKAAEALAAAAAABAAEAAAICTAEAOw==\" data-src=\"https:\/\/buletin.de\/bucuresti\/wp-content\/uploads\/image-516-900x175.png\" alt=\"\" class=\"wp-image-20280 lazyload\" width=\"605\" height=\"117\" data-sizes=\"auto\" data-srcset=\"https:\/\/buletin.de\/bucuresti\/wp-content\/uploads\/image-516-900x175.png 900w, https:\/\/buletin.de\/bucuresti\/wp-content\/uploads\/image-516-300x58.png 300w, https:\/\/buletin.de\/bucuresti\/wp-content\/uploads\/image-516-768x149.png 768w, https:\/\/buletin.de\/bucuresti\/wp-content\/uploads\/image-516-550x107.png 550w, https:\/\/buletin.de\/bucuresti\/wp-content\/uploads\/image-516-600x116.png 600w, https:\/\/buletin.de\/bucuresti\/wp-content\/uploads\/image-516.png 1015w\" sizes=\"(max-width: 605px) 100vw, 605px\" \/><\/a><figcaption>R\u0103spuns Curtea de Conturi pentru Buletin de Bucure\u0219ti<\/figcaption><\/figure>\n\n\n\n<p>De asemenea, conform aceluia\u0219i r\u0103spuns al CC, odat\u0103 emis\u0103 decizia de intrare \u00een legalitate, nu se mai men\u021bioneaz\u0103 \u00een rapoartele de control urm\u0103toare.<\/p>\n\n\n\n<figure class=\"wp-block-image size-large\"><a href=\"https:\/\/buletin.de\/bucuresti\/wp-content\/uploads\/image-517.png\"><img loading=\"lazy\" decoding=\"async\" width=\"900\" height=\"233\" src=\"data:image\/gif;base64,R0lGODlhAQABAAAAACH5BAEKAAEALAAAAAABAAEAAAICTAEAOw==\" data-src=\"https:\/\/buletin.de\/bucuresti\/wp-content\/uploads\/image-517-900x233.png\" alt=\"\" class=\"wp-image-20281 lazyload\" data-sizes=\"auto\" data-srcset=\"https:\/\/buletin.de\/bucuresti\/wp-content\/uploads\/image-517-900x233.png 900w, https:\/\/buletin.de\/bucuresti\/wp-content\/uploads\/image-517-300x78.png 300w, https:\/\/buletin.de\/bucuresti\/wp-content\/uploads\/image-517-768x199.png 768w, https:\/\/buletin.de\/bucuresti\/wp-content\/uploads\/image-517-550x142.png 550w, https:\/\/buletin.de\/bucuresti\/wp-content\/uploads\/image-517-600x155.png 600w, https:\/\/buletin.de\/bucuresti\/wp-content\/uploads\/image-517.png 1009w\" sizes=\"(max-width: 900px) 100vw, 900px\" \/><\/a><figcaption>R\u0103spuns Curtea de Conturi pentru Buletin de Bucure\u0219ti<\/figcaption><\/figure>\n\n\n\n<p>Curtea de Conturi a explicat, \u00een acela\u0219i r\u0103spuns pentru Buletin de Bucure\u0219ti, de ce nu a fost aplicat\u0103 decizia sa. Prim\u0103ria Sector 1 a cerut de mai multe ori prelungirea termenului de ducere la \u00eemplinire pentru finalizarea unor lucr\u0103ri de repara\u021bii sau investi\u021bii aflate \u00een derulare.<\/p>\n\n\n\n<figure class=\"wp-block-image size-large is-resized\"><a href=\"https:\/\/buletin.de\/bucuresti\/wp-content\/uploads\/image-519.png\"><img loading=\"lazy\" decoding=\"async\" src=\"data:image\/gif;base64,R0lGODlhAQABAAAAACH5BAEKAAEALAAAAAABAAEAAAICTAEAOw==\" data-src=\"https:\/\/buletin.de\/bucuresti\/wp-content\/uploads\/image-519-900x114.png\" alt=\"\" class=\"wp-image-20288 lazyload\" width=\"628\" height=\"79\" data-sizes=\"auto\" data-srcset=\"https:\/\/buletin.de\/bucuresti\/wp-content\/uploads\/image-519-900x114.png 900w, https:\/\/buletin.de\/bucuresti\/wp-content\/uploads\/image-519-300x38.png 300w, https:\/\/buletin.de\/bucuresti\/wp-content\/uploads\/image-519-768x97.png 768w, https:\/\/buletin.de\/bucuresti\/wp-content\/uploads\/image-519-550x70.png 550w, https:\/\/buletin.de\/bucuresti\/wp-content\/uploads\/image-519-600x76.png 600w, https:\/\/buletin.de\/bucuresti\/wp-content\/uploads\/image-519.png 1033w\" sizes=\"(max-width: 628px) 100vw, 628px\" \/><\/a><figcaption>R\u0103spuns Curtea de Conturi pentru Buletin de Bucure\u0219ti<\/figcaption><\/figure>\n\n\n\n<p>\u00cen 2016, \u00een momentul controlului, \u00een derulare existau proiecte de investi\u021bii <strong>doar<\/strong> la Spitalul Floreasca \u0219i la Grigore Alexandrescu, a\u0219a cum reiese dintr-o situa\u021bie prezentat\u0103 de Prim\u0103ria Sector 1, la solicitarea Buletin de Bucure\u0219ti.<\/p>\n\n\n\n<h2 class=\"wp-block-heading\">Investi\u021bii ale Prim\u0103riei \u00een cele 4 spitale &#8211; 9,3 milioane de euro \u00een 5 ani<\/h2>\n\n\n\n<p>\u00cen aceea\u0219i situa\u021bie \u00eentocmit\u0103 de Prim\u0103ria Sector 1, am primit \u0219i o eviden\u021b\u0103 a investi\u021biilor f\u0103cute \u00een cele 4 spitale, din 2016 \u0219i p\u00e2n\u0103 \u00een 2020, inclusiv. Adic\u0103 <strong> dup\u0103 ce<\/strong> Curtea de Conturi a cerut intrarea \u00een legalitate. Au fost \u00een total 10 milioane de euro distribui\u021bi \u00eens\u0103 inegal. <\/p>\n\n\n\n<p>Cei mai mul\u021bi bani au fost investi\u021bi la <strong>Spitalul Clinic de Urgen\u021b\u0103 pentru Copii Grigore Alexandrescu<\/strong>, 6,1 milioane de euro.<\/p>\n\n\n\n<figure class=\"wp-block-table is-style-stripes\"><table><tbody><tr><td><strong>An 2016<\/strong><\/td><td><\/td><\/tr><tr><td>Obiective in continuare: construire Clinica de chirurgie pediatrica<\/td><td>380,482 lei<\/td><\/tr><tr><td>Clinica chirurgie asigurare echipamente si utilitati<\/td><td>8,997,357 lei<\/td><\/tr><tr><td>Dotari independente: ascensor exterior&nbsp; de la corpul de cladire urologie &#8211; Chirurgie II<\/td><td>210,200 lei<\/td><\/tr><tr><\/tr><tr><td>Achizitie si montare grup electrogen la clinica de arsuri<\/td><td>153,600 lei<\/td><\/tr><tr><td><strong>An 2018<\/strong><\/td><td><\/td><\/tr><tr><td>Ascensor exterior la corpul de cl\u0103dire UROLOGIE Chirurgie II<\/td><td>219,446 lei<\/td><\/tr><tr><td><strong>An 2019<\/strong><\/td><td><\/td><\/tr><tr><td>Aparat imagistic\u0103 prin RMN 3T precum si echipamente accesorii necesare (inclusiv pentru monitorizare si ventila\u021bie -anestezie)<\/td><td>13,495,000 lei<\/td><\/tr><tr><td>Aparat de radioscopie si radiografie digital multifunc\u021bional&nbsp;<\/td><td>2,530,000 lei<\/td><\/tr><tr><td>Aparat mobil digital radiografie cu detectori standard si pediatric<\/td><td>1,077,000 lei<\/td><\/tr><tr><td>Ecograf uz general cu gama complet\u0103 de sonde .i aplica\u021bii<\/td><td>845,000 lei<\/td><\/tr><tr><td>Set transductori compatibili cu ecograf Aolio i900<\/td><td>431,000 lei<\/td><\/tr><tr><td>Sta\u021bie de interpretare radiologie-imagistic\u0103 4 buc\u0103\u021bi<\/td><td>117,000 lei<\/td><\/tr><tr><td>Scanner filme<\/td><td>86,572 lei<\/td><\/tr><tr><td>Demolare Clinica Medicala II<\/td><td>65,450 lei<\/td><\/tr><tr><td><\/td><td><\/td><\/tr><\/tbody><\/table><figcaption>Sursa Primarie Sector 1<\/figcaption><\/figure>\n\n\n\n<p><strong>Spitalul Clinic de Urgen\u021b\u0103 Floreasca<\/strong> a primit de la Sectorul 1 \u00eentre 2016-2020, pentru investi\u021bii, pu\u021bin peste 3 milioane de euro.<\/p>\n\n\n\n<figure class=\"wp-block-table is-style-stripes\"><table><tbody><tr><td><strong>An 2016<\/strong><\/td><td><\/td><\/tr><tr><td>Obiective in continuare: modernizare si extindere corp C<\/td><td>1,290,246 lei<\/td><\/tr><tr><td><strong>An 2017<\/strong><\/td><td><\/td><\/tr><tr><td>Modernizare si extindere corp C<\/td><td>12,159,947 lei<\/td><\/tr><tr><td><strong>An 2018<\/strong><\/td><td><\/td><\/tr><tr><td>Studiu&nbsp; de prefezabilitate privind relocarea Spitalul Clinic de Urgenta Floreasca<\/td><td>152,296 lei<\/td><\/tr><tr><td>Modernizare si extindere corp C&nbsp;<\/td><td>242,641 lei<\/td><\/tr><tr><td><strong>An 2019<\/strong><\/td><td><\/td><\/tr><tr><td>Modernizare si extindere corp C&nbsp;<\/td><td>5,950 lei<\/td><\/tr><tr><td><strong>An 2020<\/strong><\/td><td><\/td><\/tr><tr><td>Modernizare si extindere corp C instala\u021bie utilizare gaze naturale<\/td><td>138,635 lei<\/td><\/tr><\/tbody><\/table><figcaption>Sursa Primarie Sector 1<\/figcaption><\/figure>\n\n\n\n<p>Singura investi\u021bie pl\u0103tit\u0103 din banii Sectorului 1 la <strong>Spitalul de Chirurgie plastic\u0103 \u0219i Recuperatorie \u0219i Arsuri<\/strong> a fost, dup\u0103 2016, un bran\u0219ament de ap\u0103 \u00een valoare de <strong>8500 de euro<\/strong>. <\/p>\n\n\n\n<p>Spitalul de Urgen\u021be Oftalmologice nu a primit <strong>niciun leu <\/strong>de la Prim\u0103ria Sector 1 pentru investi\u021bii, \u00een ultimii 9 ani.<\/p>\n\n\n\n<h2 class=\"wp-block-heading\">4,1 milioane de euro, cheltuieli de func\u021bionare \u00eentre 2016-2020<\/h2>\n\n\n\n<p>La sumele investite \u00een cele 4 spitale, se adaug\u0103 cheltuielile de func\u021bionare achitate de la bugetul local. Am analizat finan\u021b\u0103rile primite de cele 4 unit\u0103\u021bi sanitare, \u00eentre 2016-2020, a\u0219a cum apar ele raportate la ministerul S\u0103n\u0103t\u0103\u021bii. Situa\u021bia sumelor primite anual, pentru cheltuielile de func\u021bionare, arat\u0103 dup\u0103 cum urmeaz\u0103. <\/p>\n\n\n\n<figure class=\"wp-block-table is-style-stripes\"><table><tbody><tr><td>&nbsp;Anul<\/td><td>Spitalul Floreasca<\/td><td>Spitalul Grigore Alexandrescu<\/td><td>Spitalul de Arsuri<\/td><td>Spitalul de Oftalmologie<\/td><\/tr><tr><td><\/td><td><\/td><td><\/td><td><\/td><td><\/td><\/tr><tr><td>2016<\/td><td>0<\/td><td>233000<\/td><td>141000<\/td><td>28000<\/td><\/tr><tr><td>2017<\/td><td>0<\/td><td>1087000<\/td><td>200000<\/td><td>8900<\/td><\/tr><tr><td>2018<\/td><td>3545000<\/td><td>1454000<\/td><td>4438000<\/td><td>251000<\/td><\/tr><tr><td>2019<\/td><td>2200000<\/td><td>1476000<\/td><td>410000<\/td><td>284000<\/td><\/tr><tr><td>2020<\/td><td>0<\/td><td>275000<\/td><td>339000<\/td><td>0<\/td><\/tr><tr><td>Total<\/td><td>6725000<\/td><td>5526000<\/td><td>5948000<\/td><td>1072900<\/td><\/tr><\/tbody><\/table><figcaption>Sursa Ministerul Sanat\u0103\u021bii<\/figcaption><\/figure>\n\n\n\n<h2 class=\"wp-block-heading\">\u00cen 5 ani, doar 13,3 milioane de euro din bugetul local al Sectorului 1 pentru spitalele clinice<\/h2>\n\n\n\n<p>Consiliul Local Sector 1 a votat la \u00eenceputul acestei luni, intrarea \u00een legalitate prin transferul c\u0103dirilor \u0219i terenurilor din administrarea prim\u0103riei \u00een cea a unit\u0103\u021bilor sanitare. Decizia a declan\u0219at un \u00eentreg scandal. Opozi\u021bia PSD, \u00een frunte cu fostul primar general senatoarea Gabriela Firea, a acuzat actuala putere de la conducerea prim\u0103riei Sector 1 de <em>distrugerea s\u0103n\u0103t\u0103\u021bii Capitalei.<\/em><\/p>\n\n\n\n<p>\u00cen ultimii 5 ani \u00eens\u0103, prim\u0103ria Sector 1, condus\u0103 de Daniel Tudorache, actual deputat PSD, a investit \u00een cele 4 spitale pu\u021bin peste 9 milioane de euro, \u0219i 4,1 milioane au mers pe cheltuieli de func\u021bionare.<\/p>\n\n\n\n<p>Suma total\u0103 este aproape de dou\u0103 ori mai mic\u0103 dec\u00e2t a cheltuit fostul primar, Daniel Tudorache, doar pe tabletele pentru \u0219coli, \u00een 2020 contract pentru care e acum cercetat de DNA. <strong>Cei mai pu\u021bini bani au mers c\u0103tre <strong>Spitalul Clinic de Urgen\u021b\u0103 de Chirurgie Plastic\u0103, Reparatorie \u0219i Arsuri,<\/strong> 8500 de euro \u0219i c\u0103tre <strong>Spitalul Clinic de Urgen\u021be Oftalmologice<\/strong> &#8211; ZERO<\/strong><\/p>\n\n\n\n<figure class=\"wp-block-embed is-type-wp-embed is-provider-buletin-de-bucure\u0219ti wp-block-embed-buletin-de-bucure\u0219ti\"><div class=\"wp-block-embed__wrapper\">\n<blockquote class=\"wp-embedded-content\" data-secret=\"QnGjaXgqtv\"><a href=\"https:\/\/buletin.de\/bucuresti\/contractul-de-93-milioane-de-lei-pentru-tabletele-impartite-gratuit-de-fostul-primar-tudorache-castigat-de-o-firma-care-face-afaceri-cu-mae\/\">Contractul de 93 milioane de lei pentru tabletele \u00eemp\u0103r\u021bite gratuit de fostul primar Tudorache, c\u00e2\u0219tigat de o firm\u0103 care face afaceri cu MAE<\/a><\/blockquote><iframe class=\"wp-embedded-content\" sandbox=\"allow-scripts\" security=\"restricted\" style=\"position: absolute; clip: rect(1px, 1px, 1px, 1px);\" title=\"&#8222;Contractul de 93 milioane de lei pentru tabletele \u00eemp\u0103r\u021bite gratuit de fostul primar Tudorache, c\u00e2\u0219tigat de o firm\u0103 care face afaceri cu MAE&#8221; &#8212; Buletin de Bucure\u0219ti\" src=\"https:\/\/buletin.de\/bucuresti\/contractul-de-93-milioane-de-lei-pentru-tabletele-impartite-gratuit-de-fostul-primar-tudorache-castigat-de-o-firma-care-face-afaceri-cu-mae\/embed\/#?secret=iSbW6ERBRL#?secret=QnGjaXgqtv\" data-secret=\"QnGjaXgqtv\" width=\"600\" height=\"338\" frameborder=\"0\" marginwidth=\"0\" marginheight=\"0\" scrolling=\"no\"><\/iframe>\n<\/div><\/figure>\n\n\n\n<p>Sursa FOTO https:\/\/spitaloftalmologie.ro\/<\/p>\n","protected":false},"excerpt":{"rendered":"<p>5 ani au trecut de c\u00e2nd Curtea de Conturi a decis c\u0103 Prim\u0103ria Sector 1 a men\u021binut, nejustificat, \u00een administrare, 4 spitale clinice, aflate \u00een subordinea Ministerului S\u0103n\u0103t\u0103\u021bii \u0219i a cerut intrarea \u00een legalitate. Conform informa\u021biilor furnizate de Curtea de Conturi, la solicitarea Buletin de Bucure\u0219ti, termenul de ducere la \u00eendeplinire a fost prelungit de [&hellip;]<\/p>\n","protected":false},"author":18,"featured_media":20330,"comment_status":"closed","ping_status":"open","sticky":false,"template":"","format":"standard","meta":{"_acf_changed":false,"inline_featured_image":false,"ngg_post_thumbnail":0,"footnotes":""},"categories":[24,4],"tags":[2279,1170,2280,2278,11],"ppma_author":[22579],"class_list":["post-20120","post","type-post","status-publish","format-standard","has-post-thumbnail","hentry","category-primarie","category-sanatate","tag-arsuri","tag-floreasca","tag-grigore-alexandrescu","tag-oftalmologie","tag-spitale"],"acf":[],"yoast_head":"<!-- This site is optimized with the Yoast SEO Premium plugin v25.3 (Yoast SEO v27.4) - https:\/\/yoast.com\/product\/yoast-seo-premium-wordpress\/ -->\n<title>Spitalul Clinic de Urgen\u021be Oftalmologice - 0 lei pentru investi\u021bii, de la Prim\u0103ria Sector 1, \u00eentre 2016 \u0219i 2020 | Spitalul Clinic de Urgen\u021b\u0103 de Chirurgie Plastic\u0103, Reparatorie \u0219i Arsuri a primit mai mult, 8900 de euro - Buletin de Bucure\u0219ti<\/title>\n<meta name=\"robots\" content=\"index, follow, max-snippet:-1, max-image-preview:large, max-video-preview:-1\" \/>\n<link rel=\"canonical\" href=\"https:\/\/buletin.de\/bucuresti\/spitalul-clinic-de-urgente-oftalmologice-0-lei-pentru-investitii-de-la-primaria-sector-1-intre-2016-si-2020-spitalul-clinic-de-urgenta-de-chirurgie-plastica-reparatorie-si-arsuri-a-primit-mai\/\" \/>\n<meta property=\"og:locale\" content=\"en_GB\" \/>\n<meta property=\"og:type\" content=\"article\" \/>\n<meta property=\"og:title\" content=\"Spitalul Clinic de Urgen\u021be Oftalmologice - 0 lei pentru investi\u021bii, de la Prim\u0103ria Sector 1, \u00eentre 2016 \u0219i 2020 | Spitalul Clinic de Urgen\u021b\u0103 de Chirurgie Plastic\u0103, Reparatorie \u0219i Arsuri a primit mai mult, 8900 de euro\" \/>\n<meta property=\"og:description\" content=\"5 ani au trecut de c\u00e2nd Curtea de Conturi a decis c\u0103 Prim\u0103ria Sector 1 a men\u021binut, nejustificat, \u00een administrare, 4 spitale clinice, aflate \u00een subordinea Ministerului S\u0103n\u0103t\u0103\u021bii \u0219i a cerut intrarea \u00een legalitate. Conform informa\u021biilor furnizate de Curtea de Conturi, la solicitarea Buletin de Bucure\u0219ti, termenul de ducere la \u00eendeplinire a fost prelungit de [&hellip;]\" \/>\n<meta property=\"og:url\" content=\"https:\/\/buletin.de\/bucuresti\/spitalul-clinic-de-urgente-oftalmologice-0-lei-pentru-investitii-de-la-primaria-sector-1-intre-2016-si-2020-spitalul-clinic-de-urgenta-de-chirurgie-plastica-reparatorie-si-arsuri-a-primit-mai\/\" \/>\n<meta property=\"og:site_name\" content=\"Buletin de Bucure\u0219ti\" \/>\n<meta property=\"article:publisher\" content=\"https:\/\/www.facebook.com\/buletin.de.buc\" \/>\n<meta property=\"article:published_time\" content=\"2021-02-23T07:05:21+00:00\" \/>\n<meta property=\"article:modified_time\" content=\"2021-02-23T07:05:22+00:00\" \/>\n<meta property=\"og:image\" content=\"https:\/\/buletin.de\/bucuresti\/wp-content\/uploads\/fpag1.jpg\" \/>\n\t<meta property=\"og:image:width\" content=\"940\" \/>\n\t<meta property=\"og:image:height\" content=\"480\" \/>\n\t<meta property=\"og:image:type\" content=\"image\/jpeg\" \/>\n<meta name=\"author\" content=\"Teodora Stroe\" \/>\n<meta name=\"twitter:card\" content=\"summary_large_image\" \/>\n<meta name=\"twitter:label1\" content=\"Written by\" \/>\n\t<meta name=\"twitter:data1\" content=\"Teodora Stroe\" \/>\n\t<meta name=\"twitter:label2\" content=\"Estimated reading time\" \/>\n\t<meta name=\"twitter:data2\" content=\"6 minutes\" \/>\n<script type=\"application\/ld+json\" class=\"yoast-schema-graph\">{\"@context\":\"https:\\\/\\\/schema.org\",\"@graph\":[{\"@type\":\"Article\",\"@id\":\"https:\\\/\\\/buletin.de\\\/bucuresti\\\/spitalul-clinic-de-urgente-oftalmologice-0-lei-pentru-investitii-de-la-primaria-sector-1-intre-2016-si-2020-spitalul-clinic-de-urgenta-de-chirurgie-plastica-reparatorie-si-arsuri-a-primit-mai\\\/#article\",\"isPartOf\":{\"@id\":\"https:\\\/\\\/buletin.de\\\/bucuresti\\\/spitalul-clinic-de-urgente-oftalmologice-0-lei-pentru-investitii-de-la-primaria-sector-1-intre-2016-si-2020-spitalul-clinic-de-urgenta-de-chirurgie-plastica-reparatorie-si-arsuri-a-primit-mai\\\/\"},\"author\":{\"name\":\"Teodora Stroe\",\"@id\":\"https:\\\/\\\/buletin.de\\\/bucuresti\\\/#\\\/schema\\\/person\\\/d369d7ddc775abece205795e0b804614\"},\"headline\":\"Spitalul Clinic de Urgen\u021be Oftalmologice &#8211; 0 lei pentru investi\u021bii, de la Prim\u0103ria Sector 1, \u00eentre 2016 \u0219i 2020 | Spitalul Clinic de Urgen\u021b\u0103 de Chirurgie Plastic\u0103, Reparatorie \u0219i Arsuri a primit mai mult, 8900 de euro\",\"datePublished\":\"2021-02-23T07:05:21+00:00\",\"dateModified\":\"2021-02-23T07:05:22+00:00\",\"mainEntityOfPage\":{\"@id\":\"https:\\\/\\\/buletin.de\\\/bucuresti\\\/spitalul-clinic-de-urgente-oftalmologice-0-lei-pentru-investitii-de-la-primaria-sector-1-intre-2016-si-2020-spitalul-clinic-de-urgenta-de-chirurgie-plastica-reparatorie-si-arsuri-a-primit-mai\\\/\"},\"wordCount\":1179,\"publisher\":{\"@id\":\"https:\\\/\\\/buletin.de\\\/bucuresti\\\/#organization\"},\"image\":{\"@id\":\"https:\\\/\\\/buletin.de\\\/bucuresti\\\/spitalul-clinic-de-urgente-oftalmologice-0-lei-pentru-investitii-de-la-primaria-sector-1-intre-2016-si-2020-spitalul-clinic-de-urgenta-de-chirurgie-plastica-reparatorie-si-arsuri-a-primit-mai\\\/#primaryimage\"},\"thumbnailUrl\":\"https:\\\/\\\/buletin.de\\\/bucuresti\\\/wp-content\\\/uploads\\\/fpag1.jpg\",\"keywords\":[\"arsuri\",\"floreasca\",\"grigore alexandrescu\",\"oftalmologie\",\"spitale\"],\"articleSection\":[\"Prim\u0103rie\",\"S\u0103n\u0103tate\"],\"inLanguage\":\"en-GB\",\"copyrightYear\":\"2021\",\"copyrightHolder\":{\"@id\":\"https:\\\/\\\/buletin.de\\\/bucuresti\\\/#organization\"}},{\"@type\":\"WebPage\",\"@id\":\"https:\\\/\\\/buletin.de\\\/bucuresti\\\/spitalul-clinic-de-urgente-oftalmologice-0-lei-pentru-investitii-de-la-primaria-sector-1-intre-2016-si-2020-spitalul-clinic-de-urgenta-de-chirurgie-plastica-reparatorie-si-arsuri-a-primit-mai\\\/\",\"url\":\"https:\\\/\\\/buletin.de\\\/bucuresti\\\/spitalul-clinic-de-urgente-oftalmologice-0-lei-pentru-investitii-de-la-primaria-sector-1-intre-2016-si-2020-spitalul-clinic-de-urgenta-de-chirurgie-plastica-reparatorie-si-arsuri-a-primit-mai\\\/\",\"name\":\"Spitalul Clinic de Urgen\u021be Oftalmologice - 0 lei pentru investi\u021bii, de la Prim\u0103ria Sector 1, \u00eentre 2016 \u0219i 2020 | Spitalul Clinic de Urgen\u021b\u0103 de Chirurgie Plastic\u0103, Reparatorie \u0219i Arsuri a primit mai mult, 8900 de euro - Buletin de Bucure\u0219ti\",\"isPartOf\":{\"@id\":\"https:\\\/\\\/buletin.de\\\/bucuresti\\\/#website\"},\"primaryImageOfPage\":{\"@id\":\"https:\\\/\\\/buletin.de\\\/bucuresti\\\/spitalul-clinic-de-urgente-oftalmologice-0-lei-pentru-investitii-de-la-primaria-sector-1-intre-2016-si-2020-spitalul-clinic-de-urgenta-de-chirurgie-plastica-reparatorie-si-arsuri-a-primit-mai\\\/#primaryimage\"},\"image\":{\"@id\":\"https:\\\/\\\/buletin.de\\\/bucuresti\\\/spitalul-clinic-de-urgente-oftalmologice-0-lei-pentru-investitii-de-la-primaria-sector-1-intre-2016-si-2020-spitalul-clinic-de-urgenta-de-chirurgie-plastica-reparatorie-si-arsuri-a-primit-mai\\\/#primaryimage\"},\"thumbnailUrl\":\"https:\\\/\\\/buletin.de\\\/bucuresti\\\/wp-content\\\/uploads\\\/fpag1.jpg\",\"datePublished\":\"2021-02-23T07:05:21+00:00\",\"dateModified\":\"2021-02-23T07:05:22+00:00\",\"breadcrumb\":{\"@id\":\"https:\\\/\\\/buletin.de\\\/bucuresti\\\/spitalul-clinic-de-urgente-oftalmologice-0-lei-pentru-investitii-de-la-primaria-sector-1-intre-2016-si-2020-spitalul-clinic-de-urgenta-de-chirurgie-plastica-reparatorie-si-arsuri-a-primit-mai\\\/#breadcrumb\"},\"inLanguage\":\"en-GB\",\"potentialAction\":[{\"@type\":\"ReadAction\",\"target\":[\"https:\\\/\\\/buletin.de\\\/bucuresti\\\/spitalul-clinic-de-urgente-oftalmologice-0-lei-pentru-investitii-de-la-primaria-sector-1-intre-2016-si-2020-spitalul-clinic-de-urgenta-de-chirurgie-plastica-reparatorie-si-arsuri-a-primit-mai\\\/\"]}]},{\"@type\":\"ImageObject\",\"inLanguage\":\"en-GB\",\"@id\":\"https:\\\/\\\/buletin.de\\\/bucuresti\\\/spitalul-clinic-de-urgente-oftalmologice-0-lei-pentru-investitii-de-la-primaria-sector-1-intre-2016-si-2020-spitalul-clinic-de-urgenta-de-chirurgie-plastica-reparatorie-si-arsuri-a-primit-mai\\\/#primaryimage\",\"url\":\"https:\\\/\\\/buletin.de\\\/bucuresti\\\/wp-content\\\/uploads\\\/fpag1.jpg\",\"contentUrl\":\"https:\\\/\\\/buletin.de\\\/bucuresti\\\/wp-content\\\/uploads\\\/fpag1.jpg\",\"width\":940,\"height\":480},{\"@type\":\"BreadcrumbList\",\"@id\":\"https:\\\/\\\/buletin.de\\\/bucuresti\\\/spitalul-clinic-de-urgente-oftalmologice-0-lei-pentru-investitii-de-la-primaria-sector-1-intre-2016-si-2020-spitalul-clinic-de-urgenta-de-chirurgie-plastica-reparatorie-si-arsuri-a-primit-mai\\\/#breadcrumb\",\"itemListElement\":[{\"@type\":\"ListItem\",\"position\":1,\"name\":\"Acas\u0103\",\"item\":\"https:\\\/\\\/buletin.de\\\/bucuresti\\\/\"},{\"@type\":\"ListItem\",\"position\":2,\"name\":\"Spitalul Clinic de Urgen\u021be Oftalmologice &#8211; 0 lei pentru investi\u021bii, de la Prim\u0103ria Sector 1, \u00eentre 2016 \u0219i 2020 | Spitalul Clinic de Urgen\u021b\u0103 de Chirurgie Plastic\u0103, Reparatorie \u0219i Arsuri a primit mai mult, 8900 de euro\"}]},{\"@type\":\"WebSite\",\"@id\":\"https:\\\/\\\/buletin.de\\\/bucuresti\\\/#website\",\"url\":\"https:\\\/\\\/buletin.de\\\/bucuresti\\\/\",\"name\":\"Buletin de Bucure\u0219ti\",\"description\":\"\u0218tiri \u0219i investiga\u021bii esen\u021biale din capital\u0103\",\"publisher\":{\"@id\":\"https:\\\/\\\/buletin.de\\\/bucuresti\\\/#organization\"},\"potentialAction\":[{\"@type\":\"SearchAction\",\"target\":{\"@type\":\"EntryPoint\",\"urlTemplate\":\"https:\\\/\\\/buletin.de\\\/bucuresti\\\/?s={search_term_string}\"},\"query-input\":{\"@type\":\"PropertyValueSpecification\",\"valueRequired\":true,\"valueName\":\"search_term_string\"}}],\"inLanguage\":\"en-GB\"},{\"@type\":\"Organization\",\"@id\":\"https:\\\/\\\/buletin.de\\\/bucuresti\\\/#organization\",\"name\":\"Buletin de Bucure\u0219ti\",\"url\":\"https:\\\/\\\/buletin.de\\\/bucuresti\\\/\",\"logo\":{\"@type\":\"ImageObject\",\"inLanguage\":\"en-GB\",\"@id\":\"https:\\\/\\\/buletin.de\\\/bucuresti\\\/#\\\/schema\\\/logo\\\/image\\\/\",\"url\":\"https:\\\/\\\/buletin.de\\\/bucuresti\\\/wp-content\\\/uploads\\\/logo-bdb-full-wide-vernil-transparent.png\",\"contentUrl\":\"https:\\\/\\\/buletin.de\\\/bucuresti\\\/wp-content\\\/uploads\\\/logo-bdb-full-wide-vernil-transparent.png\",\"width\":1782,\"height\":626,\"caption\":\"Buletin de Bucure\u0219ti\"},\"image\":{\"@id\":\"https:\\\/\\\/buletin.de\\\/bucuresti\\\/#\\\/schema\\\/logo\\\/image\\\/\"},\"sameAs\":[\"https:\\\/\\\/www.facebook.com\\\/buletin.de.buc\",\"https:\\\/\\\/www.instagram.com\\\/buletinde.bucuresti\\\/\"]},{\"@type\":\"Person\",\"@id\":\"https:\\\/\\\/buletin.de\\\/bucuresti\\\/#\\\/schema\\\/person\\\/d369d7ddc775abece205795e0b804614\",\"name\":\"Teodora Stroe\",\"image\":{\"@type\":\"ImageObject\",\"inLanguage\":\"en-GB\",\"@id\":\"https:\\\/\\\/secure.gravatar.com\\\/avatar\\\/2560b4cd9f5f1bc100b123158e657d75584bd1c3e1d9c69285720b9457c1b78d?s=96&d=monsterid&r=gc104800242ba5f2d78dd5d7dc4df08b6\",\"url\":\"https:\\\/\\\/secure.gravatar.com\\\/avatar\\\/2560b4cd9f5f1bc100b123158e657d75584bd1c3e1d9c69285720b9457c1b78d?s=96&d=monsterid&r=g\",\"contentUrl\":\"https:\\\/\\\/secure.gravatar.com\\\/avatar\\\/2560b4cd9f5f1bc100b123158e657d75584bd1c3e1d9c69285720b9457c1b78d?s=96&d=monsterid&r=g\",\"caption\":\"Teodora Stroe\"},\"url\":\"https:\\\/\\\/buletin.de\\\/bucuresti\\\/author\\\/simonacarlugea\\\/\"}]}<\/script>\n<!-- \/ Yoast SEO Premium plugin. -->","yoast_head_json":{"title":"Spitalul Clinic de Urgen\u021be Oftalmologice - 0 lei pentru investi\u021bii, de la Prim\u0103ria Sector 1, \u00eentre 2016 \u0219i 2020 | Spitalul Clinic de Urgen\u021b\u0103 de Chirurgie Plastic\u0103, Reparatorie \u0219i Arsuri a primit mai mult, 8900 de euro - Buletin de Bucure\u0219ti","robots":{"index":"index","follow":"follow","max-snippet":"max-snippet:-1","max-image-preview":"max-image-preview:large","max-video-preview":"max-video-preview:-1"},"canonical":"https:\/\/buletin.de\/bucuresti\/spitalul-clinic-de-urgente-oftalmologice-0-lei-pentru-investitii-de-la-primaria-sector-1-intre-2016-si-2020-spitalul-clinic-de-urgenta-de-chirurgie-plastica-reparatorie-si-arsuri-a-primit-mai\/","og_locale":"en_GB","og_type":"article","og_title":"Spitalul Clinic de Urgen\u021be Oftalmologice - 0 lei pentru investi\u021bii, de la Prim\u0103ria Sector 1, \u00eentre 2016 \u0219i 2020 | Spitalul Clinic de Urgen\u021b\u0103 de Chirurgie Plastic\u0103, Reparatorie \u0219i Arsuri a primit mai mult, 8900 de euro","og_description":"5 ani au trecut de c\u00e2nd Curtea de Conturi a decis c\u0103 Prim\u0103ria Sector 1 a men\u021binut, nejustificat, \u00een administrare, 4 spitale clinice, aflate \u00een subordinea Ministerului S\u0103n\u0103t\u0103\u021bii \u0219i a cerut intrarea \u00een legalitate. Conform informa\u021biilor furnizate de Curtea de Conturi, la solicitarea Buletin de Bucure\u0219ti, termenul de ducere la \u00eendeplinire a fost prelungit de [&hellip;]","og_url":"https:\/\/buletin.de\/bucuresti\/spitalul-clinic-de-urgente-oftalmologice-0-lei-pentru-investitii-de-la-primaria-sector-1-intre-2016-si-2020-spitalul-clinic-de-urgenta-de-chirurgie-plastica-reparatorie-si-arsuri-a-primit-mai\/","og_site_name":"Buletin de Bucure\u0219ti","article_publisher":"https:\/\/www.facebook.com\/buletin.de.buc","article_published_time":"2021-02-23T07:05:21+00:00","article_modified_time":"2021-02-23T07:05:22+00:00","og_image":[{"width":940,"height":480,"url":"https:\/\/buletin.de\/bucuresti\/wp-content\/uploads\/fpag1.jpg","type":"image\/jpeg"}],"author":"Teodora Stroe","twitter_card":"summary_large_image","twitter_misc":{"Written by":"Teodora Stroe","Estimated reading time":"6 minutes"},"schema":{"@context":"https:\/\/schema.org","@graph":[{"@type":"Article","@id":"https:\/\/buletin.de\/bucuresti\/spitalul-clinic-de-urgente-oftalmologice-0-lei-pentru-investitii-de-la-primaria-sector-1-intre-2016-si-2020-spitalul-clinic-de-urgenta-de-chirurgie-plastica-reparatorie-si-arsuri-a-primit-mai\/#article","isPartOf":{"@id":"https:\/\/buletin.de\/bucuresti\/spitalul-clinic-de-urgente-oftalmologice-0-lei-pentru-investitii-de-la-primaria-sector-1-intre-2016-si-2020-spitalul-clinic-de-urgenta-de-chirurgie-plastica-reparatorie-si-arsuri-a-primit-mai\/"},"author":{"name":"Teodora Stroe","@id":"https:\/\/buletin.de\/bucuresti\/#\/schema\/person\/d369d7ddc775abece205795e0b804614"},"headline":"Spitalul Clinic de Urgen\u021be Oftalmologice &#8211; 0 lei pentru investi\u021bii, de la Prim\u0103ria Sector 1, \u00eentre 2016 \u0219i 2020 | Spitalul Clinic de Urgen\u021b\u0103 de Chirurgie Plastic\u0103, Reparatorie \u0219i Arsuri a primit mai mult, 8900 de euro","datePublished":"2021-02-23T07:05:21+00:00","dateModified":"2021-02-23T07:05:22+00:00","mainEntityOfPage":{"@id":"https:\/\/buletin.de\/bucuresti\/spitalul-clinic-de-urgente-oftalmologice-0-lei-pentru-investitii-de-la-primaria-sector-1-intre-2016-si-2020-spitalul-clinic-de-urgenta-de-chirurgie-plastica-reparatorie-si-arsuri-a-primit-mai\/"},"wordCount":1179,"publisher":{"@id":"https:\/\/buletin.de\/bucuresti\/#organization"},"image":{"@id":"https:\/\/buletin.de\/bucuresti\/spitalul-clinic-de-urgente-oftalmologice-0-lei-pentru-investitii-de-la-primaria-sector-1-intre-2016-si-2020-spitalul-clinic-de-urgenta-de-chirurgie-plastica-reparatorie-si-arsuri-a-primit-mai\/#primaryimage"},"thumbnailUrl":"https:\/\/buletin.de\/bucuresti\/wp-content\/uploads\/fpag1.jpg","keywords":["arsuri","floreasca","grigore alexandrescu","oftalmologie","spitale"],"articleSection":["Prim\u0103rie","S\u0103n\u0103tate"],"inLanguage":"en-GB","copyrightYear":"2021","copyrightHolder":{"@id":"https:\/\/buletin.de\/bucuresti\/#organization"}},{"@type":"WebPage","@id":"https:\/\/buletin.de\/bucuresti\/spitalul-clinic-de-urgente-oftalmologice-0-lei-pentru-investitii-de-la-primaria-sector-1-intre-2016-si-2020-spitalul-clinic-de-urgenta-de-chirurgie-plastica-reparatorie-si-arsuri-a-primit-mai\/","url":"https:\/\/buletin.de\/bucuresti\/spitalul-clinic-de-urgente-oftalmologice-0-lei-pentru-investitii-de-la-primaria-sector-1-intre-2016-si-2020-spitalul-clinic-de-urgenta-de-chirurgie-plastica-reparatorie-si-arsuri-a-primit-mai\/","name":"Spitalul Clinic de Urgen\u021be Oftalmologice - 0 lei pentru investi\u021bii, de la Prim\u0103ria Sector 1, \u00eentre 2016 \u0219i 2020 | Spitalul Clinic de Urgen\u021b\u0103 de Chirurgie Plastic\u0103, Reparatorie \u0219i Arsuri a primit mai mult, 8900 de euro - Buletin de Bucure\u0219ti","isPartOf":{"@id":"https:\/\/buletin.de\/bucuresti\/#website"},"primaryImageOfPage":{"@id":"https:\/\/buletin.de\/bucuresti\/spitalul-clinic-de-urgente-oftalmologice-0-lei-pentru-investitii-de-la-primaria-sector-1-intre-2016-si-2020-spitalul-clinic-de-urgenta-de-chirurgie-plastica-reparatorie-si-arsuri-a-primit-mai\/#primaryimage"},"image":{"@id":"https:\/\/buletin.de\/bucuresti\/spitalul-clinic-de-urgente-oftalmologice-0-lei-pentru-investitii-de-la-primaria-sector-1-intre-2016-si-2020-spitalul-clinic-de-urgenta-de-chirurgie-plastica-reparatorie-si-arsuri-a-primit-mai\/#primaryimage"},"thumbnailUrl":"https:\/\/buletin.de\/bucuresti\/wp-content\/uploads\/fpag1.jpg","datePublished":"2021-02-23T07:05:21+00:00","dateModified":"2021-02-23T07:05:22+00:00","breadcrumb":{"@id":"https:\/\/buletin.de\/bucuresti\/spitalul-clinic-de-urgente-oftalmologice-0-lei-pentru-investitii-de-la-primaria-sector-1-intre-2016-si-2020-spitalul-clinic-de-urgenta-de-chirurgie-plastica-reparatorie-si-arsuri-a-primit-mai\/#breadcrumb"},"inLanguage":"en-GB","potentialAction":[{"@type":"ReadAction","target":["https:\/\/buletin.de\/bucuresti\/spitalul-clinic-de-urgente-oftalmologice-0-lei-pentru-investitii-de-la-primaria-sector-1-intre-2016-si-2020-spitalul-clinic-de-urgenta-de-chirurgie-plastica-reparatorie-si-arsuri-a-primit-mai\/"]}]},{"@type":"ImageObject","inLanguage":"en-GB","@id":"https:\/\/buletin.de\/bucuresti\/spitalul-clinic-de-urgente-oftalmologice-0-lei-pentru-investitii-de-la-primaria-sector-1-intre-2016-si-2020-spitalul-clinic-de-urgenta-de-chirurgie-plastica-reparatorie-si-arsuri-a-primit-mai\/#primaryimage","url":"https:\/\/buletin.de\/bucuresti\/wp-content\/uploads\/fpag1.jpg","contentUrl":"https:\/\/buletin.de\/bucuresti\/wp-content\/uploads\/fpag1.jpg","width":940,"height":480},{"@type":"BreadcrumbList","@id":"https:\/\/buletin.de\/bucuresti\/spitalul-clinic-de-urgente-oftalmologice-0-lei-pentru-investitii-de-la-primaria-sector-1-intre-2016-si-2020-spitalul-clinic-de-urgenta-de-chirurgie-plastica-reparatorie-si-arsuri-a-primit-mai\/#breadcrumb","itemListElement":[{"@type":"ListItem","position":1,"name":"Acas\u0103","item":"https:\/\/buletin.de\/bucuresti\/"},{"@type":"ListItem","position":2,"name":"Spitalul Clinic de Urgen\u021be Oftalmologice &#8211; 0 lei pentru investi\u021bii, de la Prim\u0103ria Sector 1, \u00eentre 2016 \u0219i 2020 | Spitalul Clinic de Urgen\u021b\u0103 de Chirurgie Plastic\u0103, Reparatorie \u0219i Arsuri a primit mai mult, 8900 de euro"}]},{"@type":"WebSite","@id":"https:\/\/buletin.de\/bucuresti\/#website","url":"https:\/\/buletin.de\/bucuresti\/","name":"Buletin de Bucure\u0219ti","description":"\u0218tiri \u0219i investiga\u021bii esen\u021biale din capital\u0103","publisher":{"@id":"https:\/\/buletin.de\/bucuresti\/#organization"},"potentialAction":[{"@type":"SearchAction","target":{"@type":"EntryPoint","urlTemplate":"https:\/\/buletin.de\/bucuresti\/?s={search_term_string}"},"query-input":{"@type":"PropertyValueSpecification","valueRequired":true,"valueName":"search_term_string"}}],"inLanguage":"en-GB"},{"@type":"Organization","@id":"https:\/\/buletin.de\/bucuresti\/#organization","name":"Buletin de Bucure\u0219ti","url":"https:\/\/buletin.de\/bucuresti\/","logo":{"@type":"ImageObject","inLanguage":"en-GB","@id":"https:\/\/buletin.de\/bucuresti\/#\/schema\/logo\/image\/","url":"https:\/\/buletin.de\/bucuresti\/wp-content\/uploads\/logo-bdb-full-wide-vernil-transparent.png","contentUrl":"https:\/\/buletin.de\/bucuresti\/wp-content\/uploads\/logo-bdb-full-wide-vernil-transparent.png","width":1782,"height":626,"caption":"Buletin de Bucure\u0219ti"},"image":{"@id":"https:\/\/buletin.de\/bucuresti\/#\/schema\/logo\/image\/"},"sameAs":["https:\/\/www.facebook.com\/buletin.de.buc","https:\/\/www.instagram.com\/buletinde.bucuresti\/"]},{"@type":"Person","@id":"https:\/\/buletin.de\/bucuresti\/#\/schema\/person\/d369d7ddc775abece205795e0b804614","name":"Teodora Stroe","image":{"@type":"ImageObject","inLanguage":"en-GB","@id":"https:\/\/secure.gravatar.com\/avatar\/2560b4cd9f5f1bc100b123158e657d75584bd1c3e1d9c69285720b9457c1b78d?s=96&d=monsterid&r=gc104800242ba5f2d78dd5d7dc4df08b6","url":"https:\/\/secure.gravatar.com\/avatar\/2560b4cd9f5f1bc100b123158e657d75584bd1c3e1d9c69285720b9457c1b78d?s=96&d=monsterid&r=g","contentUrl":"https:\/\/secure.gravatar.com\/avatar\/2560b4cd9f5f1bc100b123158e657d75584bd1c3e1d9c69285720b9457c1b78d?s=96&d=monsterid&r=g","caption":"Teodora Stroe"},"url":"https:\/\/buletin.de\/bucuresti\/author\/simonacarlugea\/"}]}},"authors":[{"term_id":22579,"user_id":18,"is_guest":0,"slug":"simonacarlugea","display_name":"Teodora Stroe","avatar_url":"https:\/\/secure.gravatar.com\/avatar\/2560b4cd9f5f1bc100b123158e657d75584bd1c3e1d9c69285720b9457c1b78d?s=96&d=monsterid&r=g","0":null,"1":"","2":"","3":"","4":"","5":"","6":"","7":"","8":""}],"_links":{"self":[{"href":"https:\/\/buletin.de\/bucuresti\/wp-json\/wp\/v2\/posts\/20120","targetHints":{"allow":["GET"]}}],"collection":[{"href":"https:\/\/buletin.de\/bucuresti\/wp-json\/wp\/v2\/posts"}],"about":[{"href":"https:\/\/buletin.de\/bucuresti\/wp-json\/wp\/v2\/types\/post"}],"author":[{"embeddable":true,"href":"https:\/\/buletin.de\/bucuresti\/wp-json\/wp\/v2\/users\/18"}],"replies":[{"embeddable":true,"href":"https:\/\/buletin.de\/bucuresti\/wp-json\/wp\/v2\/comments?post=20120"}],"version-history":[{"count":31,"href":"https:\/\/buletin.de\/bucuresti\/wp-json\/wp\/v2\/posts\/20120\/revisions"}],"predecessor-version":[{"id":20354,"href":"https:\/\/buletin.de\/bucuresti\/wp-json\/wp\/v2\/posts\/20120\/revisions\/20354"}],"wp:featuredmedia":[{"embeddable":true,"href":"https:\/\/buletin.de\/bucuresti\/wp-json\/wp\/v2\/media\/20330"}],"wp:attachment":[{"href":"https:\/\/buletin.de\/bucuresti\/wp-json\/wp\/v2\/media?parent=20120"}],"wp:term":[{"taxonomy":"category","embeddable":true,"href":"https:\/\/buletin.de\/bucuresti\/wp-json\/wp\/v2\/categories?post=20120"},{"taxonomy":"post_tag","embeddable":true,"href":"https:\/\/buletin.de\/bucuresti\/wp-json\/wp\/v2\/tags?post=20120"},{"taxonomy":"author","embeddable":true,"href":"https:\/\/buletin.de\/bucuresti\/wp-json\/wp\/v2\/ppma_author?post=20120"}],"curies":[{"name":"wp","href":"https:\/\/api.w.org\/{rel}","templated":true}]}}