{"id":198396,"date":"2026-06-07T12:34:32","date_gmt":"2026-06-07T09:34:32","guid":{"rendered":"https:\/\/buletin.de\/bucuresti\/?p=198396"},"modified":"2026-06-09T18:51:03","modified_gmt":"2026-06-09T15:51:03","slug":"factura-de-peste-un-milion-de-euro-pentru-baschet-stradal-in-sectorul-2-cu-acordul-consiliului-general","status":"publish","type":"post","link":"https:\/\/buletin.de\/bucuresti\/factura-de-peste-un-milion-de-euro-pentru-baschet-stradal-in-sectorul-2-cu-acordul-consiliului-general\/","title":{"rendered":"Factur\u0103 de peste un milion de euro pentru baschet stradal \u00een Sectorul 2, cu acordul Consiliului General. Update: proiectul a fost aprobat"},"content":{"rendered":"\n<p class=\"wp-block-paragraph\"><mark style=\"background-color:#8ed1fc\" class=\"has-inline-color\"><strong>Update<\/strong>: Proiectul a fost aprobat de c\u0103tre Consiliul Local Sector 2, primind un total de 17 voturi \u201epentru\u201d, 7 voturi  \u201e\u00eempotriv\u0103\u201d \u0219i o ab\u021binere.<\/mark><\/p>\n\n\n\n<hr class=\"wp-block-separator has-alpha-channel-opacity\"\/>\n\n\n\n<p class=\"wp-block-paragraph\"><strong>Un proiect care presupune organizarea unor competitii de baschet stradal se afl<strong>\u0103<\/strong> pe masa consilierilor locali, din Sectorul 2, pe 9 iunie. Autoritatea local\u0103 \u00ee\u015fi propune organizarea unui complex de activit\u0103\u0163i cultural-sportive, cu competi\u0163ii interna\u0163ionale oficiale FIBA 3&#215;3. <\/strong><\/p>\n\n\n\n<p class=\"wp-block-paragraph\">Programul de baschet stradal propus combin\u0103 competi\u021bii interna\u0163ionale oficiale FIBA 3&#215;3 cu evenimente comunitare deschise, competi\u0163ii pentru tineret, programe de divertisment \u015fi trebuie aprobat de CGMB.<\/p>\n\n\n\n<p class=\"wp-block-paragraph\"><strong>Dou\u0103 evenimente majore vor fi organizate:<\/strong><\/p>\n\n\n\n<ul class=\"wp-block-list\">\n<li><strong>FIBA 3&#215;3 Women &#8216;s Series Bucharest Stop;<\/strong><\/li>\n\n\n\n<li><strong>FIBA 3&#215;3 Youth Nations league 2026 U2IEurope-3 &#8211; Stop1, Stop 2 \u015fi Stop 3 2026.<\/strong><\/li>\n<\/ul>\n\n\n\n<p class=\"wp-block-paragraph\">Suma care trebuie aprobat\u0103 pentru implementarea <a href=\"https:\/\/public.ps2.ro\/Administratie%20Publica%20Locala\/Proiecte%20CLS2\/2026\/2026-06-09%20SEDINTA%20EXTRAORDINARA%20ORA%2016.00\/09%20ph%20cooperare%20FIBA.pdf\">proiectului <\/a>se ridic\u0103 la 5.500.000 de lei, (peste un milion de euro), reprezent\u00e2nd licen\u0163e de organizare FIBA \u0219i cheltuieli pentru organizarea evenimentelor. Prim\u0103ria Sectorului 2 \u0219i Federa\u021bia Interna\u021bional\u0103 de Baschet vor finan\u021ba \u0219i organiza evenimentele.<\/p>\n\n\n\n<p class=\"wp-block-paragraph\"><strong>CITE\u0218TE \u0218I:<\/strong> <a href=\"https:\/\/buletin.de\/bucuresti\/opinie-liceu-adolescenta-fara-sfarsit\/\"><strong>OPINIE | Liceu, adolescen\u021b\u0103 f\u0103r\u0103 sf\u00e2r\u0219it<\/strong><\/a><\/p>\n\n\n\n<h2 class=\"wp-block-heading\" id=\"h-baschetul-3-3-pe-lista-sporturilor-olimpice-din-anul-2017\">Baschetul 3\u00d73, pe lista sporturilor olimpice din anul 2017<\/h2>\n\n\n\n<p class=\"wp-block-paragraph\">Baschetul 3&#215;3 este sport olimpic din anul 20 17 (cu debut olimpic \u00eencep\u00e2nd cu Jocurile Olimpice de Var\u0103 de la Tokyo 2020). Este cel mai popular sport urban de echip\u0103 din lume, cu peste 250 de milioane de practican\u021bi.<\/p>\n\n\n\n<p class=\"wp-block-paragraph\">\u00cen Rom\u00e2nia, baschetul 3&#215;3 nu este o disciplin\u0103 nou\u0103, primele turnee au fost organizate \u00eenc\u0103 din anul 2005 \u0219i au adunat sute de mii de oameni \u00een jurul terenurilor din zeci de ora\u015fe din \u0163ar\u0103. Sectorul 2 a fost, de asemenea, gazd\u0103 unor astfel de evenimente:<\/p>\n\n\n\n<ul class=\"wp-block-list\">\n<li>\u201eFIBA 3&#215;3 Europe Cup 2018\u201d a reunit, sub cupola Circului Metropolitan Bucure\u015fti,  24 de echipe din 17 \u0163\u0103ri europene, cu participarea a peste 4.500 de spectatori;<\/li>\n\n\n\n<li>\u201eMega Mall Streetball 2019\u201d, a reunit 250 de juc\u0103tori \u015fi peste 1.000 de spectatori;<\/li>\n\n\n\n<li> \u201eStreetball 2 School 2021\u201d, o competi\u0163ie dedicat\u0103 exclusiv elevilor din Sectorul 2;<\/li>\n\n\n\n<li>\u201eTIBA 3&#215;3 Nations League Triple Stop &#8211; conferin\u0163a U21 Europa de Est\u201d;<\/li>\n\n\n\n<li>\u201eTIBA 3X3 Nations League Triple Stop &#8211; conferin\u0163a Europe 2023\u201d, cu participarea a 12 echipe na\u0163ionale, din \u0219ase \u021b\u0103ri europene \u015fi a peste 1250 de locuitori ai Sectorului 2.<\/li>\n<\/ul>\n\n\n\n<p class=\"wp-block-paragraph\"><strong>CITE\u0218TE \u0218I:<\/strong> <a href=\"https:\/\/buletin.de\/bucuresti\/spectacole-si-expozitii-in-bucuresti-la-institutiile-de-cultura-ale-pmb-programul-pentru-saptamana-8-14-iunie\/\"><strong>Spectacole \u0219i expozi\u021bii \u00een Bucure\u0219ti, la institu\u021biile de cultur\u0103 ale PMB. Programul pentru s\u0103pt\u0103m\u00e2na&nbsp;8-14 iunie<\/strong><\/a><\/p>\n","protected":false},"excerpt":{"rendered":"<p>Update: Proiectul a fost aprobat de c\u0103tre Consiliul Local Sector 2, primind un total de 17 voturi \u201epentru\u201d, 7 voturi \u201e\u00eempotriv\u0103\u201d \u0219i o ab\u021binere. Un proiect care presupune organizarea unor competitii de baschet stradal se afl\u0103 pe masa consilierilor locali, din Sectorul 2, pe 9 iunie. Autoritatea local\u0103 \u00ee\u015fi propune organizarea unui complex de activit\u0103\u0163i [&hellip;]<\/p>\n","protected":false},"author":49,"featured_media":198416,"comment_status":"closed","ping_status":"open","sticky":false,"template":"","format":"standard","meta":{"_acf_changed":false,"inline_featured_image":false,"ngg_post_thumbnail":0,"footnotes":""},"categories":[6994,5762,24],"tags":[21138,28756,229],"ppma_author":[22574],"class_list":["post-198396","post","type-post","status-publish","format-standard","has-post-thumbnail","hentry","category-stiri-2","category-main","category-primarie","tag-baschet-3x3","tag-baschet-stradal","tag-sector-2"],"acf":[],"a3_pvc":{"activated":false,"total_views":0,"today_views":0},"yoast_head":"<!-- This site is optimized with the Yoast SEO Premium plugin v28.0 (Yoast SEO v28.4) - https:\/\/yoast.com\/product\/yoast-seo-premium-wordpress\/ -->\n<title>Factur\u0103 de peste un milion de euro pentru baschet stradal \u00een Sectorul 2, cu acordul Consiliului General. Update: proiectul a fost aprobat - Buletin de Bucure\u0219ti<\/title>\n<meta name=\"description\" content=\"Un proiect care presupune organizarea unor competitii de baschet stradal se afl\u0103 pe masa consilierilor locali, din Sectorul 2, pe 9 iunie.\" \/>\n<meta name=\"robots\" content=\"index, follow, max-snippet:-1, max-image-preview:large, max-video-preview:-1\" \/>\n<link rel=\"canonical\" href=\"https:\/\/buletin.de\/bucuresti\/factura-de-peste-un-milion-de-euro-pentru-baschet-stradal-in-sectorul-2-cu-acordul-consiliului-general\/\" \/>\n<meta property=\"og:locale\" content=\"en_GB\" \/>\n<meta property=\"og:type\" content=\"article\" \/>\n<meta property=\"og:title\" content=\"Factur\u0103 de peste un milion de euro pentru baschet stradal \u00een Sectorul 2, cu acordul Consiliului General. Update: proiectul a fost aprobat\" \/>\n<meta property=\"og:description\" content=\"Un proiect care presupune organizarea unor competitii de baschet stradal se afl\u0103 pe masa consilierilor locali, din Sectorul 2, pe 9 iunie.\" \/>\n<meta property=\"og:url\" content=\"https:\/\/buletin.de\/bucuresti\/factura-de-peste-un-milion-de-euro-pentru-baschet-stradal-in-sectorul-2-cu-acordul-consiliului-general\/\" \/>\n<meta property=\"og:site_name\" content=\"Buletin de Bucure\u0219ti\" \/>\n<meta property=\"article:publisher\" content=\"https:\/\/www.facebook.com\/buletin.de.buc\" \/>\n<meta property=\"article:published_time\" content=\"2026-06-07T09:34:32+00:00\" \/>\n<meta property=\"article:modified_time\" content=\"2026-06-09T15:51:03+00:00\" \/>\n<meta property=\"og:image\" content=\"https:\/\/buletin.de\/bucuresti\/wp-content\/uploads\/2026\/06\/2-1.jpg\" \/>\n\t<meta property=\"og:image:width\" content=\"800\" \/>\n\t<meta property=\"og:image:height\" content=\"531\" \/>\n\t<meta property=\"og:image:type\" content=\"image\/jpeg\" \/>\n<meta name=\"author\" content=\"Diana Matei\" \/>\n<meta name=\"twitter:card\" content=\"summary_large_image\" \/>\n<meta name=\"twitter:label1\" content=\"Written by\" \/>\n\t<meta name=\"twitter:data1\" content=\"Diana Matei\" \/>\n\t<meta name=\"twitter:label2\" content=\"Estimated reading time\" \/>\n\t<meta name=\"twitter:data2\" content=\"2 minutes\" \/>\n<script type=\"application\/ld+json\" class=\"yoast-schema-graph\">{\"@context\":\"https:\\\/\\\/schema.org\",\"@graph\":[{\"@type\":\"Article\",\"@id\":\"https:\\\/\\\/buletin.de\\\/bucuresti\\\/factura-de-peste-un-milion-de-euro-pentru-baschet-stradal-in-sectorul-2-cu-acordul-consiliului-general\\\/#article\",\"isPartOf\":{\"@id\":\"https:\\\/\\\/buletin.de\\\/bucuresti\\\/factura-de-peste-un-milion-de-euro-pentru-baschet-stradal-in-sectorul-2-cu-acordul-consiliului-general\\\/\"},\"author\":{\"name\":\"Diana Matei\",\"@id\":\"https:\\\/\\\/buletin.de\\\/bucuresti\\\/#\\\/schema\\\/person\\\/7e46040573290777280a0835d81ea4ea\"},\"headline\":\"Factur\u0103 de peste un milion de euro pentru baschet stradal \u00een Sectorul 2, cu acordul Consiliului General. Update: proiectul a fost aprobat\",\"datePublished\":\"2026-06-07T09:34:32+00:00\",\"dateModified\":\"2026-06-09T15:51:03+00:00\",\"mainEntityOfPage\":{\"@id\":\"https:\\\/\\\/buletin.de\\\/bucuresti\\\/factura-de-peste-un-milion-de-euro-pentru-baschet-stradal-in-sectorul-2-cu-acordul-consiliului-general\\\/\"},\"wordCount\":394,\"publisher\":{\"@id\":\"https:\\\/\\\/buletin.de\\\/bucuresti\\\/#organization\"},\"image\":{\"@id\":\"https:\\\/\\\/buletin.de\\\/bucuresti\\\/factura-de-peste-un-milion-de-euro-pentru-baschet-stradal-in-sectorul-2-cu-acordul-consiliului-general\\\/#primaryimage\"},\"thumbnailUrl\":\"https:\\\/\\\/buletin.de\\\/bucuresti\\\/wp-content\\\/uploads\\\/2026\\\/06\\\/2-1.jpg\",\"keywords\":[\"baschet 3x3\",\"baschet stradal\",\"Sector 2\"],\"articleSection\":[\"Articole\",\"Main\",\"Prim\u0103rie\"],\"inLanguage\":\"en-GB\",\"copyrightYear\":\"2026\",\"copyrightHolder\":{\"@id\":\"https:\\\/\\\/buletin.de\\\/bucuresti\\\/#organization\"}},{\"@type\":\"WebPage\",\"@id\":\"https:\\\/\\\/buletin.de\\\/bucuresti\\\/factura-de-peste-un-milion-de-euro-pentru-baschet-stradal-in-sectorul-2-cu-acordul-consiliului-general\\\/\",\"url\":\"https:\\\/\\\/buletin.de\\\/bucuresti\\\/factura-de-peste-un-milion-de-euro-pentru-baschet-stradal-in-sectorul-2-cu-acordul-consiliului-general\\\/\",\"name\":\"Factur\u0103 de peste un milion de euro pentru baschet stradal \u00een Sectorul 2, cu acordul Consiliului General. Update: proiectul a fost aprobat - Buletin de Bucure\u0219ti\",\"isPartOf\":{\"@id\":\"https:\\\/\\\/buletin.de\\\/bucuresti\\\/#website\"},\"primaryImageOfPage\":{\"@id\":\"https:\\\/\\\/buletin.de\\\/bucuresti\\\/factura-de-peste-un-milion-de-euro-pentru-baschet-stradal-in-sectorul-2-cu-acordul-consiliului-general\\\/#primaryimage\"},\"image\":{\"@id\":\"https:\\\/\\\/buletin.de\\\/bucuresti\\\/factura-de-peste-un-milion-de-euro-pentru-baschet-stradal-in-sectorul-2-cu-acordul-consiliului-general\\\/#primaryimage\"},\"thumbnailUrl\":\"https:\\\/\\\/buletin.de\\\/bucuresti\\\/wp-content\\\/uploads\\\/2026\\\/06\\\/2-1.jpg\",\"datePublished\":\"2026-06-07T09:34:32+00:00\",\"dateModified\":\"2026-06-09T15:51:03+00:00\",\"description\":\"Un proiect care presupune organizarea unor competitii de baschet stradal se afl\u0103 pe masa consilierilor locali, din Sectorul 2, pe 9 iunie.\",\"breadcrumb\":{\"@id\":\"https:\\\/\\\/buletin.de\\\/bucuresti\\\/factura-de-peste-un-milion-de-euro-pentru-baschet-stradal-in-sectorul-2-cu-acordul-consiliului-general\\\/#breadcrumb\"},\"inLanguage\":\"en-GB\",\"potentialAction\":[{\"@type\":\"ReadAction\",\"target\":[\"https:\\\/\\\/buletin.de\\\/bucuresti\\\/factura-de-peste-un-milion-de-euro-pentru-baschet-stradal-in-sectorul-2-cu-acordul-consiliului-general\\\/\"]}]},{\"@type\":\"ImageObject\",\"inLanguage\":\"en-GB\",\"@id\":\"https:\\\/\\\/buletin.de\\\/bucuresti\\\/factura-de-peste-un-milion-de-euro-pentru-baschet-stradal-in-sectorul-2-cu-acordul-consiliului-general\\\/#primaryimage\",\"url\":\"https:\\\/\\\/buletin.de\\\/bucuresti\\\/wp-content\\\/uploads\\\/2026\\\/06\\\/2-1.jpg\",\"contentUrl\":\"https:\\\/\\\/buletin.de\\\/bucuresti\\\/wp-content\\\/uploads\\\/2026\\\/06\\\/2-1.jpg\",\"width\":800,\"height\":531,\"caption\":\"Factur\u0103 de peste un milion de euro pentru baschet stradal \u00een Sectorul 2, cu acordul Consiliului General. PS2\"},{\"@type\":\"BreadcrumbList\",\"@id\":\"https:\\\/\\\/buletin.de\\\/bucuresti\\\/factura-de-peste-un-milion-de-euro-pentru-baschet-stradal-in-sectorul-2-cu-acordul-consiliului-general\\\/#breadcrumb\",\"itemListElement\":[{\"@type\":\"ListItem\",\"position\":1,\"name\":\"Acas\u0103\",\"item\":\"https:\\\/\\\/buletin.de\\\/bucuresti\\\/\"},{\"@type\":\"ListItem\",\"position\":2,\"name\":\"Factur\u0103 de peste un milion de euro pentru baschet stradal \u00een Sectorul 2, cu acordul Consiliului General. Update: proiectul a fost aprobat\"}]},{\"@type\":\"WebSite\",\"@id\":\"https:\\\/\\\/buletin.de\\\/bucuresti\\\/#website\",\"url\":\"https:\\\/\\\/buletin.de\\\/bucuresti\\\/\",\"name\":\"Buletin de Bucure\u0219ti\",\"description\":\"\u0218tiri \u0219i investiga\u021bii esen\u021biale din capital\u0103\",\"publisher\":{\"@id\":\"https:\\\/\\\/buletin.de\\\/bucuresti\\\/#organization\"},\"potentialAction\":[{\"@type\":\"SearchAction\",\"target\":{\"@type\":\"EntryPoint\",\"urlTemplate\":\"https:\\\/\\\/buletin.de\\\/bucuresti\\\/?s={search_term_string}\"},\"query-input\":{\"@type\":\"PropertyValueSpecification\",\"valueRequired\":true,\"valueName\":\"search_term_string\"}}],\"inLanguage\":\"en-GB\"},{\"@type\":\"Organization\",\"@id\":\"https:\\\/\\\/buletin.de\\\/bucuresti\\\/#organization\",\"name\":\"Buletin de Bucure\u0219ti\",\"url\":\"https:\\\/\\\/buletin.de\\\/bucuresti\\\/\",\"logo\":{\"@type\":\"ImageObject\",\"inLanguage\":\"en-GB\",\"@id\":\"https:\\\/\\\/buletin.de\\\/bucuresti\\\/#\\\/schema\\\/logo\\\/image\\\/\",\"url\":\"https:\\\/\\\/buletin.de\\\/bucuresti\\\/wp-content\\\/uploads\\\/logo-bdb-full-wide-vernil-transparent.png\",\"contentUrl\":\"https:\\\/\\\/buletin.de\\\/bucuresti\\\/wp-content\\\/uploads\\\/logo-bdb-full-wide-vernil-transparent.png\",\"width\":1782,\"height\":626,\"caption\":\"Buletin de Bucure\u0219ti\"},\"image\":{\"@id\":\"https:\\\/\\\/buletin.de\\\/bucuresti\\\/#\\\/schema\\\/logo\\\/image\\\/\"},\"sameAs\":[\"https:\\\/\\\/www.facebook.com\\\/buletin.de.buc\",\"https:\\\/\\\/www.instagram.com\\\/buletinde.bucuresti\\\/\"]},{\"@type\":\"Person\",\"@id\":\"https:\\\/\\\/buletin.de\\\/bucuresti\\\/#\\\/schema\\\/person\\\/7e46040573290777280a0835d81ea4ea\",\"name\":\"Diana Matei\",\"image\":{\"@type\":\"ImageObject\",\"inLanguage\":\"en-GB\",\"@id\":\"https:\\\/\\\/buletin.de\\\/bucuresti\\\/wp-content\\\/uploads\\\/9-2-96x96.jpg1e8590b30871d70e62ebcdaf2eff570c\",\"url\":\"https:\\\/\\\/buletin.de\\\/bucuresti\\\/wp-content\\\/uploads\\\/9-2-96x96.jpg\",\"contentUrl\":\"https:\\\/\\\/buletin.de\\\/bucuresti\\\/wp-content\\\/uploads\\\/9-2-96x96.jpg\",\"caption\":\"Diana Matei\"},\"url\":\"https:\\\/\\\/buletin.de\\\/bucuresti\\\/author\\\/dianamatei\\\/\"}]}<\/script>\n<!-- \/ Yoast SEO Premium plugin. -->","yoast_head_json":{"title":"Factur\u0103 de peste un milion de euro pentru baschet stradal \u00een Sectorul 2, cu acordul Consiliului General. Update: proiectul a fost aprobat - Buletin de Bucure\u0219ti","description":"Un proiect care presupune organizarea unor competitii de baschet stradal se afl\u0103 pe masa consilierilor locali, din Sectorul 2, pe 9 iunie.","robots":{"index":"index","follow":"follow","max-snippet":"max-snippet:-1","max-image-preview":"max-image-preview:large","max-video-preview":"max-video-preview:-1"},"canonical":"https:\/\/buletin.de\/bucuresti\/factura-de-peste-un-milion-de-euro-pentru-baschet-stradal-in-sectorul-2-cu-acordul-consiliului-general\/","og_locale":"en_GB","og_type":"article","og_title":"Factur\u0103 de peste un milion de euro pentru baschet stradal \u00een Sectorul 2, cu acordul Consiliului General. Update: proiectul a fost aprobat","og_description":"Un proiect care presupune organizarea unor competitii de baschet stradal se afl\u0103 pe masa consilierilor locali, din Sectorul 2, pe 9 iunie.","og_url":"https:\/\/buletin.de\/bucuresti\/factura-de-peste-un-milion-de-euro-pentru-baschet-stradal-in-sectorul-2-cu-acordul-consiliului-general\/","og_site_name":"Buletin de Bucure\u0219ti","article_publisher":"https:\/\/www.facebook.com\/buletin.de.buc","article_published_time":"2026-06-07T09:34:32+00:00","article_modified_time":"2026-06-09T15:51:03+00:00","og_image":[{"width":800,"height":531,"url":"https:\/\/buletin.de\/bucuresti\/wp-content\/uploads\/2026\/06\/2-1.jpg","type":"image\/jpeg"}],"author":"Diana Matei","twitter_card":"summary_large_image","twitter_misc":{"Written by":"Diana Matei","Estimated reading time":"2 minutes"},"schema":{"@context":"https:\/\/schema.org","@graph":[{"@type":"Article","@id":"https:\/\/buletin.de\/bucuresti\/factura-de-peste-un-milion-de-euro-pentru-baschet-stradal-in-sectorul-2-cu-acordul-consiliului-general\/#article","isPartOf":{"@id":"https:\/\/buletin.de\/bucuresti\/factura-de-peste-un-milion-de-euro-pentru-baschet-stradal-in-sectorul-2-cu-acordul-consiliului-general\/"},"author":{"name":"Diana Matei","@id":"https:\/\/buletin.de\/bucuresti\/#\/schema\/person\/7e46040573290777280a0835d81ea4ea"},"headline":"Factur\u0103 de peste un milion de euro pentru baschet stradal \u00een Sectorul 2, cu acordul Consiliului General. Update: proiectul a fost aprobat","datePublished":"2026-06-07T09:34:32+00:00","dateModified":"2026-06-09T15:51:03+00:00","mainEntityOfPage":{"@id":"https:\/\/buletin.de\/bucuresti\/factura-de-peste-un-milion-de-euro-pentru-baschet-stradal-in-sectorul-2-cu-acordul-consiliului-general\/"},"wordCount":394,"publisher":{"@id":"https:\/\/buletin.de\/bucuresti\/#organization"},"image":{"@id":"https:\/\/buletin.de\/bucuresti\/factura-de-peste-un-milion-de-euro-pentru-baschet-stradal-in-sectorul-2-cu-acordul-consiliului-general\/#primaryimage"},"thumbnailUrl":"https:\/\/buletin.de\/bucuresti\/wp-content\/uploads\/2026\/06\/2-1.jpg","keywords":["baschet 3x3","baschet stradal","Sector 2"],"articleSection":["Articole","Main","Prim\u0103rie"],"inLanguage":"en-GB","copyrightYear":"2026","copyrightHolder":{"@id":"https:\/\/buletin.de\/bucuresti\/#organization"}},{"@type":"WebPage","@id":"https:\/\/buletin.de\/bucuresti\/factura-de-peste-un-milion-de-euro-pentru-baschet-stradal-in-sectorul-2-cu-acordul-consiliului-general\/","url":"https:\/\/buletin.de\/bucuresti\/factura-de-peste-un-milion-de-euro-pentru-baschet-stradal-in-sectorul-2-cu-acordul-consiliului-general\/","name":"Factur\u0103 de peste un milion de euro pentru baschet stradal \u00een Sectorul 2, cu acordul Consiliului General. Update: proiectul a fost aprobat - Buletin de Bucure\u0219ti","isPartOf":{"@id":"https:\/\/buletin.de\/bucuresti\/#website"},"primaryImageOfPage":{"@id":"https:\/\/buletin.de\/bucuresti\/factura-de-peste-un-milion-de-euro-pentru-baschet-stradal-in-sectorul-2-cu-acordul-consiliului-general\/#primaryimage"},"image":{"@id":"https:\/\/buletin.de\/bucuresti\/factura-de-peste-un-milion-de-euro-pentru-baschet-stradal-in-sectorul-2-cu-acordul-consiliului-general\/#primaryimage"},"thumbnailUrl":"https:\/\/buletin.de\/bucuresti\/wp-content\/uploads\/2026\/06\/2-1.jpg","datePublished":"2026-06-07T09:34:32+00:00","dateModified":"2026-06-09T15:51:03+00:00","description":"Un proiect care presupune organizarea unor competitii de baschet stradal se afl\u0103 pe masa consilierilor locali, din Sectorul 2, pe 9 iunie.","breadcrumb":{"@id":"https:\/\/buletin.de\/bucuresti\/factura-de-peste-un-milion-de-euro-pentru-baschet-stradal-in-sectorul-2-cu-acordul-consiliului-general\/#breadcrumb"},"inLanguage":"en-GB","potentialAction":[{"@type":"ReadAction","target":["https:\/\/buletin.de\/bucuresti\/factura-de-peste-un-milion-de-euro-pentru-baschet-stradal-in-sectorul-2-cu-acordul-consiliului-general\/"]}]},{"@type":"ImageObject","inLanguage":"en-GB","@id":"https:\/\/buletin.de\/bucuresti\/factura-de-peste-un-milion-de-euro-pentru-baschet-stradal-in-sectorul-2-cu-acordul-consiliului-general\/#primaryimage","url":"https:\/\/buletin.de\/bucuresti\/wp-content\/uploads\/2026\/06\/2-1.jpg","contentUrl":"https:\/\/buletin.de\/bucuresti\/wp-content\/uploads\/2026\/06\/2-1.jpg","width":800,"height":531,"caption":"Factur\u0103 de peste un milion de euro pentru baschet stradal \u00een Sectorul 2, cu acordul Consiliului General. PS2"},{"@type":"BreadcrumbList","@id":"https:\/\/buletin.de\/bucuresti\/factura-de-peste-un-milion-de-euro-pentru-baschet-stradal-in-sectorul-2-cu-acordul-consiliului-general\/#breadcrumb","itemListElement":[{"@type":"ListItem","position":1,"name":"Acas\u0103","item":"https:\/\/buletin.de\/bucuresti\/"},{"@type":"ListItem","position":2,"name":"Factur\u0103 de peste un milion de euro pentru baschet stradal \u00een Sectorul 2, cu acordul Consiliului General. Update: proiectul a fost aprobat"}]},{"@type":"WebSite","@id":"https:\/\/buletin.de\/bucuresti\/#website","url":"https:\/\/buletin.de\/bucuresti\/","name":"Buletin de Bucure\u0219ti","description":"\u0218tiri \u0219i investiga\u021bii esen\u021biale din capital\u0103","publisher":{"@id":"https:\/\/buletin.de\/bucuresti\/#organization"},"potentialAction":[{"@type":"SearchAction","target":{"@type":"EntryPoint","urlTemplate":"https:\/\/buletin.de\/bucuresti\/?s={search_term_string}"},"query-input":{"@type":"PropertyValueSpecification","valueRequired":true,"valueName":"search_term_string"}}],"inLanguage":"en-GB"},{"@type":"Organization","@id":"https:\/\/buletin.de\/bucuresti\/#organization","name":"Buletin de Bucure\u0219ti","url":"https:\/\/buletin.de\/bucuresti\/","logo":{"@type":"ImageObject","inLanguage":"en-GB","@id":"https:\/\/buletin.de\/bucuresti\/#\/schema\/logo\/image\/","url":"https:\/\/buletin.de\/bucuresti\/wp-content\/uploads\/logo-bdb-full-wide-vernil-transparent.png","contentUrl":"https:\/\/buletin.de\/bucuresti\/wp-content\/uploads\/logo-bdb-full-wide-vernil-transparent.png","width":1782,"height":626,"caption":"Buletin de Bucure\u0219ti"},"image":{"@id":"https:\/\/buletin.de\/bucuresti\/#\/schema\/logo\/image\/"},"sameAs":["https:\/\/www.facebook.com\/buletin.de.buc","https:\/\/www.instagram.com\/buletinde.bucuresti\/"]},{"@type":"Person","@id":"https:\/\/buletin.de\/bucuresti\/#\/schema\/person\/7e46040573290777280a0835d81ea4ea","name":"Diana Matei","image":{"@type":"ImageObject","inLanguage":"en-GB","@id":"https:\/\/buletin.de\/bucuresti\/wp-content\/uploads\/9-2-96x96.jpg1e8590b30871d70e62ebcdaf2eff570c","url":"https:\/\/buletin.de\/bucuresti\/wp-content\/uploads\/9-2-96x96.jpg","contentUrl":"https:\/\/buletin.de\/bucuresti\/wp-content\/uploads\/9-2-96x96.jpg","caption":"Diana Matei"},"url":"https:\/\/buletin.de\/bucuresti\/author\/dianamatei\/"}]}},"authors":[{"term_id":22574,"user_id":49,"is_guest":0,"slug":"dianamatei","display_name":"Diana Matei","avatar_url":"https:\/\/buletin.de\/bucuresti\/wp-content\/uploads\/9-2-96x96.jpg","author_category":"","first_name":"Diana","last_name":"Matei","user_url":"","job_title":"","description":""}],"_links":{"self":[{"href":"https:\/\/buletin.de\/bucuresti\/wp-json\/wp\/v2\/posts\/198396","targetHints":{"allow":["GET"]}}],"collection":[{"href":"https:\/\/buletin.de\/bucuresti\/wp-json\/wp\/v2\/posts"}],"about":[{"href":"https:\/\/buletin.de\/bucuresti\/wp-json\/wp\/v2\/types\/post"}],"author":[{"embeddable":true,"href":"https:\/\/buletin.de\/bucuresti\/wp-json\/wp\/v2\/users\/49"}],"replies":[{"embeddable":true,"href":"https:\/\/buletin.de\/bucuresti\/wp-json\/wp\/v2\/comments?post=198396"}],"version-history":[{"count":11,"href":"https:\/\/buletin.de\/bucuresti\/wp-json\/wp\/v2\/posts\/198396\/revisions"}],"predecessor-version":[{"id":198994,"href":"https:\/\/buletin.de\/bucuresti\/wp-json\/wp\/v2\/posts\/198396\/revisions\/198994"}],"wp:featuredmedia":[{"embeddable":true,"href":"https:\/\/buletin.de\/bucuresti\/wp-json\/wp\/v2\/media\/198416"}],"wp:attachment":[{"href":"https:\/\/buletin.de\/bucuresti\/wp-json\/wp\/v2\/media?parent=198396"}],"wp:term":[{"taxonomy":"category","embeddable":true,"href":"https:\/\/buletin.de\/bucuresti\/wp-json\/wp\/v2\/categories?post=198396"},{"taxonomy":"post_tag","embeddable":true,"href":"https:\/\/buletin.de\/bucuresti\/wp-json\/wp\/v2\/tags?post=198396"},{"taxonomy":"author","embeddable":true,"href":"https:\/\/buletin.de\/bucuresti\/wp-json\/wp\/v2\/ppma_author?post=198396"}],"curies":[{"name":"wp","href":"https:\/\/api.w.org\/{rel}","templated":true}]}}