{"id":198384,"date":"2026-06-07T06:30:00","date_gmt":"2026-06-07T03:30:00","guid":{"rendered":"https:\/\/buletin.de\/bucuresti\/?p=198384"},"modified":"2026-06-09T18:47:08","modified_gmt":"2026-06-09T15:47:08","slug":"un-nou-mini-parc-in-campusul-tei","status":"publish","type":"post","link":"https:\/\/buletin.de\/bucuresti\/un-nou-mini-parc-in-campusul-tei\/","title":{"rendered":"Un nou mini-parc \u00een campusul Tei. Prim\u0103ria Sectorului 2 \u00eencepe negocierile de cump\u0103rare a terenului. Update: proiectul a fost aprobat"},"content":{"rendered":"\n<p class=\"wp-block-paragraph\"><mark style=\"background-color:#8ed1fc\" class=\"has-inline-color\"><strong>Update<\/strong>: Proiectul ce prevede realizarea unui nou mini-parc \u00een Sectorul 2 al Capitalei, \u00een campusul Tei a fost aprobat de c\u0103tre Consiliul Local Sector 2. Acesta a primit 19 voturi \u201epentru\u201d<\/mark><\/p>\n\n\n\n<hr class=\"wp-block-separator has-alpha-channel-opacity\"\/>\n\n\n\n<p class=\"wp-block-paragraph\"><strong>Un nou mini-parc s-ar putea amenaja \u00een Sectorul 2 al Capitalei, \u00een campusul Tei, \u00een cadrul&nbsp;proiectului Misiunea UE \u201e100 de ora\u015fe inteligente \u015fi neutre din punct de vedere climatic p\u00e2n\u0103 \u00een 2030&#8243;. <\/strong><\/p>\n\n\n\n<p class=\"wp-block-paragraph\"><strong>Totu\u015fi, pentru ca viitorul spa\u0163iu verde s\u0103 devin\u0103 realitate, este nevoie ca Prim\u0103ria Sectorului 2 s\u0103 cumpere un teren de circa 600 de metri p\u0103tra\u0163i, retrocedat \u00een 1997. Autoritatea local\u0103 va desemna comisia de negociere \u00een \u015fedin\u0163a de mar\u0163i, 9 iunie.<\/strong><\/p>\n\n\n\n<p class=\"wp-block-paragraph\"><a href=\"https:\/\/public.ps2.ro\/Administratie%20Publica%20Locala\/Proiecte%20CLS2\/2026\/2026-06-09%20SEDINTA%20EXTRAORDINARA%20ORA%2016.00\/10%20ph%20comisie%20negociere%20Inginerilor%20Tei.pdf\">Protrivit proiectului,<\/a> <em>\u201econceptul de amenajare pentru acest spa\u0163iu, elaborat de Universitatea de Arhitectur\u0103 \u015fi Urbanism \u201eIon Mincu&#8221; (UAUIM), propune o reconfigurare modern\u0103 \u015fi sustenabil\u0103 prin amenajarea unui spa\u0163iu verde destinat recreerii \u015fi socializ\u0103rii, care va fi accesibil \u015fi comunit\u0103\u0163ii locale \u015fi care va g\u0103zdui activit\u0103\u0163i educa\u0163ionale , culturale \u015fi sociale.<\/em><\/p>\n\n\n\n<p class=\"wp-block-paragraph\"><em><em>\u00cen<\/em> campusul Tei vor fi amenajate zone verzi generoase, cu alei pietonale \u015fi b\u0103nci , vor fi planta\u0163i arbori \u015fi arbu\u015fti pentru \u00eembun\u0103t\u0103\u0163irea calit\u0103\u0163ii aerului, vor fi realizate zone de umbrire, va fi instalat un sistem de iluminat ecologic, vor fi amenajate zone defitness \u00een aer liber, potrivite pentru toate categoriile de v\u0103rst\u0103, locuri moderne de joac\u0103 pentru copii, vor fi create spa\u0163ii multifunc\u0163ionale destinate evenimentelor comunitare precum ateliere, t\u00e2rguri, activit\u0103\u0163i educative \u015fi vor fi amenajate sta\u0163ii de parcare pentru biciclete \u015fi de \u00eenc\u0103rcare pentru trotinete electrice\u201d.<\/em><\/p>\n\n\n\n<p class=\"wp-block-paragraph\"><strong>CITE\u0218TE \u0218I:<\/strong> <strong><a href=\"https:\/\/buletin.de\/bucuresti\/sector-2-primaria-a-depus-pentru-finantare-proiectul-de-restaurare-a-casei-gheorghe-hotaranu-unde-se-afla-cea-mai-veche-farmacie\/\">Sector 2 | Prim\u0103ria a depus pentru finan\u021bare proiectul de restaurare a Casei \u201eGheorghe Hot\u0103ranu\u201d, unde se afl\u0103 cea mai veche farmacie<\/a><\/strong><\/p>\n\n\n\n<h2 class=\"wp-block-heading\" id=\"h-mini-parc-in-campusul-tei\">Mini-parc \u00een campusul Tei<\/h2>\n\n\n\n<p class=\"wp-block-paragraph\">Conceptul este deja definit \u015fi validat, \u00eens\u0103 implementarea sa depinde \u00een mod direct de un teren de 599 mp, amplasat \u00een zona central\u0103 a campusului, \u00eentre c\u0103minele 2, 3 \u0219i 4 ale Universit\u0103\u021bii Tehnice \u0219i de Construc\u021bii Bucure\u0219ti.<\/p>\n\n\n\n<p class=\"wp-block-paragraph\">Acesta este proprietate privat\u0103, fiind retrocedat prin dispozi\u0163ia de primar nr. 508\/14.04.1997, \u00een baza Sentin\u021bei civile nr. 670\/20.09.1996 pronun\u021bat\u0103 de Tribunalul Bucure\u0219ti, Sec\u021bia a IV-a Civil\u0103.<\/p>\n\n\n\n<p class=\"wp-block-paragraph\">Valoarea de achizi\u0163ie a terenului, din campusul Tei, va fi stabilit\u0103, ulterior, de comisia de negociere. <\/p>\n\n\n\n<p class=\"wp-block-paragraph\">\u00cen cazul achizi\u0163ion\u0103rii acestui teren, \u00eemprejmuirea campusului din zona \u00een care este situat terenul va fi desfiin\u0163at\u0103 \u015fi va putea fi creat un spa\u0163iu multifunc\u0163ional, pentru \u00eentreaga comunitate.<\/p>\n\n\n\n<p class=\"wp-block-paragraph\"><strong>CITE\u0218TE \u0218I:<\/strong> <a href=\"https:\/\/buletin.de\/bucuresti\/sector-2-cum-scapi-gratuit-de-deseurile-din-locuinta\/\"><strong>Sector 2 | Cum scapi gratuit de de\u0219eurile din locuin\u021b\u0103<\/strong><\/a><\/p>\n","protected":false},"excerpt":{"rendered":"<p>Update: Proiectul ce prevede realizarea unui nou mini-parc \u00een Sectorul 2 al Capitalei, \u00een campusul Tei a fost aprobat de c\u0103tre Consiliul Local Sector 2. Acesta a primit 19 voturi \u201epentru\u201d Un nou mini-parc s-ar putea amenaja \u00een Sectorul 2 al Capitalei, \u00een campusul Tei, \u00een cadrul&nbsp;proiectului Misiunea UE \u201e100 de ora\u015fe inteligente \u015fi neutre [&hellip;]<\/p>\n","protected":false},"author":49,"featured_media":198410,"comment_status":"closed","ping_status":"open","sticky":false,"template":"","format":"standard","meta":{"_acf_changed":false,"inline_featured_image":false,"ngg_post_thumbnail":0,"footnotes":""},"categories":[6994,5762,109,24],"tags":[28755,148,3808],"ppma_author":[22574],"class_list":["post-198384","post","type-post","status-publish","format-standard","has-post-thumbnail","hentry","category-stiri-2","category-main","category-mediu","category-primarie","tag-campusul-tei","tag-cgmb","tag-primaria-sector-2-2"],"acf":[],"a3_pvc":{"activated":false,"total_views":0,"today_views":0},"yoast_head":"<!-- This site is optimized with the Yoast SEO Premium plugin v28.0 (Yoast SEO v28.4) - https:\/\/yoast.com\/product\/yoast-seo-premium-wordpress\/ -->\n<title>Un nou mini-parc \u00een campusul Tei. Prim\u0103ria Sectorului 2 \u00eencepe negocierile de cump\u0103rare a terenului. Update: proiectul a fost aprobat - Buletin de Bucure\u0219ti<\/title>\n<meta name=\"description\" content=\"Un nou mini-parc s-ar putea construi \u00een Sectorul 2 al Capitalei, \u00een campusul Tei, \u00een cadrul\u00a0proiectului Misiunea UE.\" \/>\n<meta name=\"robots\" content=\"index, follow, max-snippet:-1, max-image-preview:large, max-video-preview:-1\" \/>\n<link rel=\"canonical\" href=\"https:\/\/buletin.de\/bucuresti\/un-nou-mini-parc-in-campusul-tei\/\" \/>\n<meta property=\"og:locale\" content=\"en_GB\" \/>\n<meta property=\"og:type\" content=\"article\" \/>\n<meta property=\"og:title\" content=\"Un nou mini-parc \u00een campusul Tei. Prim\u0103ria Sectorului 2 \u00eencepe negocierile de cump\u0103rare a terenului. Update: proiectul a fost aprobat\" \/>\n<meta property=\"og:description\" content=\"Un nou mini-parc s-ar putea construi \u00een Sectorul 2 al Capitalei, \u00een campusul Tei, \u00een cadrul\u00a0proiectului Misiunea UE.\" \/>\n<meta property=\"og:url\" content=\"https:\/\/buletin.de\/bucuresti\/un-nou-mini-parc-in-campusul-tei\/\" \/>\n<meta property=\"og:site_name\" content=\"Buletin de Bucure\u0219ti\" \/>\n<meta property=\"article:publisher\" content=\"https:\/\/www.facebook.com\/buletin.de.buc\" \/>\n<meta property=\"article:published_time\" content=\"2026-06-07T03:30:00+00:00\" \/>\n<meta property=\"article:modified_time\" content=\"2026-06-09T15:47:08+00:00\" \/>\n<meta property=\"og:image\" content=\"https:\/\/buletin.de\/bucuresti\/wp-content\/uploads\/2026\/06\/image_2026-06-07_105558266.png\" \/>\n\t<meta property=\"og:image:width\" content=\"716\" \/>\n\t<meta property=\"og:image:height\" content=\"302\" \/>\n\t<meta property=\"og:image:type\" content=\"image\/png\" \/>\n<meta name=\"author\" content=\"Diana Matei\" \/>\n<meta name=\"twitter:card\" content=\"summary_large_image\" \/>\n<meta name=\"twitter:label1\" content=\"Written by\" \/>\n\t<meta name=\"twitter:data1\" content=\"Diana Matei\" \/>\n\t<meta name=\"twitter:label2\" content=\"Estimated reading time\" \/>\n\t<meta name=\"twitter:data2\" content=\"2 minutes\" \/>\n<script type=\"application\/ld+json\" class=\"yoast-schema-graph\">{\"@context\":\"https:\\\/\\\/schema.org\",\"@graph\":[{\"@type\":\"Article\",\"@id\":\"https:\\\/\\\/buletin.de\\\/bucuresti\\\/un-nou-mini-parc-in-campusul-tei\\\/#article\",\"isPartOf\":{\"@id\":\"https:\\\/\\\/buletin.de\\\/bucuresti\\\/un-nou-mini-parc-in-campusul-tei\\\/\"},\"author\":{\"name\":\"Diana Matei\",\"@id\":\"https:\\\/\\\/buletin.de\\\/bucuresti\\\/#\\\/schema\\\/person\\\/7e46040573290777280a0835d81ea4ea\"},\"headline\":\"Un nou mini-parc \u00een campusul Tei. Prim\u0103ria Sectorului 2 \u00eencepe negocierile de cump\u0103rare a terenului. Update: proiectul a fost aprobat\",\"datePublished\":\"2026-06-07T03:30:00+00:00\",\"dateModified\":\"2026-06-09T15:47:08+00:00\",\"mainEntityOfPage\":{\"@id\":\"https:\\\/\\\/buletin.de\\\/bucuresti\\\/un-nou-mini-parc-in-campusul-tei\\\/\"},\"wordCount\":441,\"publisher\":{\"@id\":\"https:\\\/\\\/buletin.de\\\/bucuresti\\\/#organization\"},\"image\":{\"@id\":\"https:\\\/\\\/buletin.de\\\/bucuresti\\\/un-nou-mini-parc-in-campusul-tei\\\/#primaryimage\"},\"thumbnailUrl\":\"https:\\\/\\\/buletin.de\\\/bucuresti\\\/wp-content\\\/uploads\\\/2026\\\/06\\\/image_2026-06-07_105558266.png\",\"keywords\":[\"campusul Tei\",\"cgmb\",\"primaria sector 2\"],\"articleSection\":[\"Articole\",\"Main\",\"Mediu\",\"Prim\u0103rie\"],\"inLanguage\":\"en-GB\",\"copyrightYear\":\"2026\",\"copyrightHolder\":{\"@id\":\"https:\\\/\\\/buletin.de\\\/bucuresti\\\/#organization\"}},{\"@type\":\"WebPage\",\"@id\":\"https:\\\/\\\/buletin.de\\\/bucuresti\\\/un-nou-mini-parc-in-campusul-tei\\\/\",\"url\":\"https:\\\/\\\/buletin.de\\\/bucuresti\\\/un-nou-mini-parc-in-campusul-tei\\\/\",\"name\":\"Un nou mini-parc \u00een campusul Tei. Prim\u0103ria Sectorului 2 \u00eencepe negocierile de cump\u0103rare a terenului. Update: proiectul a fost aprobat - Buletin de Bucure\u0219ti\",\"isPartOf\":{\"@id\":\"https:\\\/\\\/buletin.de\\\/bucuresti\\\/#website\"},\"primaryImageOfPage\":{\"@id\":\"https:\\\/\\\/buletin.de\\\/bucuresti\\\/un-nou-mini-parc-in-campusul-tei\\\/#primaryimage\"},\"image\":{\"@id\":\"https:\\\/\\\/buletin.de\\\/bucuresti\\\/un-nou-mini-parc-in-campusul-tei\\\/#primaryimage\"},\"thumbnailUrl\":\"https:\\\/\\\/buletin.de\\\/bucuresti\\\/wp-content\\\/uploads\\\/2026\\\/06\\\/image_2026-06-07_105558266.png\",\"datePublished\":\"2026-06-07T03:30:00+00:00\",\"dateModified\":\"2026-06-09T15:47:08+00:00\",\"description\":\"Un nou mini-parc s-ar putea construi \u00een Sectorul 2 al Capitalei, \u00een campusul Tei, \u00een cadrul\u00a0proiectului Misiunea UE.\",\"breadcrumb\":{\"@id\":\"https:\\\/\\\/buletin.de\\\/bucuresti\\\/un-nou-mini-parc-in-campusul-tei\\\/#breadcrumb\"},\"inLanguage\":\"en-GB\",\"potentialAction\":[{\"@type\":\"ReadAction\",\"target\":[\"https:\\\/\\\/buletin.de\\\/bucuresti\\\/un-nou-mini-parc-in-campusul-tei\\\/\"]}]},{\"@type\":\"ImageObject\",\"inLanguage\":\"en-GB\",\"@id\":\"https:\\\/\\\/buletin.de\\\/bucuresti\\\/un-nou-mini-parc-in-campusul-tei\\\/#primaryimage\",\"url\":\"https:\\\/\\\/buletin.de\\\/bucuresti\\\/wp-content\\\/uploads\\\/2026\\\/06\\\/image_2026-06-07_105558266.png\",\"contentUrl\":\"https:\\\/\\\/buletin.de\\\/bucuresti\\\/wp-content\\\/uploads\\\/2026\\\/06\\\/image_2026-06-07_105558266.png\",\"width\":716,\"height\":302,\"caption\":\"Un nou mini-parc \u00een campusul Tei. Foto: Google Maps\"},{\"@type\":\"BreadcrumbList\",\"@id\":\"https:\\\/\\\/buletin.de\\\/bucuresti\\\/un-nou-mini-parc-in-campusul-tei\\\/#breadcrumb\",\"itemListElement\":[{\"@type\":\"ListItem\",\"position\":1,\"name\":\"Acas\u0103\",\"item\":\"https:\\\/\\\/buletin.de\\\/bucuresti\\\/\"},{\"@type\":\"ListItem\",\"position\":2,\"name\":\"Un nou mini-parc \u00een campusul Tei. Prim\u0103ria Sectorului 2 \u00eencepe negocierile de cump\u0103rare a terenului. Update: proiectul a fost aprobat\"}]},{\"@type\":\"WebSite\",\"@id\":\"https:\\\/\\\/buletin.de\\\/bucuresti\\\/#website\",\"url\":\"https:\\\/\\\/buletin.de\\\/bucuresti\\\/\",\"name\":\"Buletin de Bucure\u0219ti\",\"description\":\"\u0218tiri \u0219i investiga\u021bii esen\u021biale din capital\u0103\",\"publisher\":{\"@id\":\"https:\\\/\\\/buletin.de\\\/bucuresti\\\/#organization\"},\"potentialAction\":[{\"@type\":\"SearchAction\",\"target\":{\"@type\":\"EntryPoint\",\"urlTemplate\":\"https:\\\/\\\/buletin.de\\\/bucuresti\\\/?s={search_term_string}\"},\"query-input\":{\"@type\":\"PropertyValueSpecification\",\"valueRequired\":true,\"valueName\":\"search_term_string\"}}],\"inLanguage\":\"en-GB\"},{\"@type\":\"Organization\",\"@id\":\"https:\\\/\\\/buletin.de\\\/bucuresti\\\/#organization\",\"name\":\"Buletin de Bucure\u0219ti\",\"url\":\"https:\\\/\\\/buletin.de\\\/bucuresti\\\/\",\"logo\":{\"@type\":\"ImageObject\",\"inLanguage\":\"en-GB\",\"@id\":\"https:\\\/\\\/buletin.de\\\/bucuresti\\\/#\\\/schema\\\/logo\\\/image\\\/\",\"url\":\"https:\\\/\\\/buletin.de\\\/bucuresti\\\/wp-content\\\/uploads\\\/logo-bdb-full-wide-vernil-transparent.png\",\"contentUrl\":\"https:\\\/\\\/buletin.de\\\/bucuresti\\\/wp-content\\\/uploads\\\/logo-bdb-full-wide-vernil-transparent.png\",\"width\":1782,\"height\":626,\"caption\":\"Buletin de Bucure\u0219ti\"},\"image\":{\"@id\":\"https:\\\/\\\/buletin.de\\\/bucuresti\\\/#\\\/schema\\\/logo\\\/image\\\/\"},\"sameAs\":[\"https:\\\/\\\/www.facebook.com\\\/buletin.de.buc\",\"https:\\\/\\\/www.instagram.com\\\/buletinde.bucuresti\\\/\"]},{\"@type\":\"Person\",\"@id\":\"https:\\\/\\\/buletin.de\\\/bucuresti\\\/#\\\/schema\\\/person\\\/7e46040573290777280a0835d81ea4ea\",\"name\":\"Diana Matei\",\"image\":{\"@type\":\"ImageObject\",\"inLanguage\":\"en-GB\",\"@id\":\"https:\\\/\\\/buletin.de\\\/bucuresti\\\/wp-content\\\/uploads\\\/9-2-96x96.jpg1e8590b30871d70e62ebcdaf2eff570c\",\"url\":\"https:\\\/\\\/buletin.de\\\/bucuresti\\\/wp-content\\\/uploads\\\/9-2-96x96.jpg\",\"contentUrl\":\"https:\\\/\\\/buletin.de\\\/bucuresti\\\/wp-content\\\/uploads\\\/9-2-96x96.jpg\",\"caption\":\"Diana Matei\"},\"url\":\"https:\\\/\\\/buletin.de\\\/bucuresti\\\/author\\\/dianamatei\\\/\"}]}<\/script>\n<!-- \/ Yoast SEO Premium plugin. -->","yoast_head_json":{"title":"Un nou mini-parc \u00een campusul Tei. Prim\u0103ria Sectorului 2 \u00eencepe negocierile de cump\u0103rare a terenului. Update: proiectul a fost aprobat - Buletin de Bucure\u0219ti","description":"Un nou mini-parc s-ar putea construi \u00een Sectorul 2 al Capitalei, \u00een campusul Tei, \u00een cadrul\u00a0proiectului Misiunea UE.","robots":{"index":"index","follow":"follow","max-snippet":"max-snippet:-1","max-image-preview":"max-image-preview:large","max-video-preview":"max-video-preview:-1"},"canonical":"https:\/\/buletin.de\/bucuresti\/un-nou-mini-parc-in-campusul-tei\/","og_locale":"en_GB","og_type":"article","og_title":"Un nou mini-parc \u00een campusul Tei. Prim\u0103ria Sectorului 2 \u00eencepe negocierile de cump\u0103rare a terenului. Update: proiectul a fost aprobat","og_description":"Un nou mini-parc s-ar putea construi \u00een Sectorul 2 al Capitalei, \u00een campusul Tei, \u00een cadrul\u00a0proiectului Misiunea UE.","og_url":"https:\/\/buletin.de\/bucuresti\/un-nou-mini-parc-in-campusul-tei\/","og_site_name":"Buletin de Bucure\u0219ti","article_publisher":"https:\/\/www.facebook.com\/buletin.de.buc","article_published_time":"2026-06-07T03:30:00+00:00","article_modified_time":"2026-06-09T15:47:08+00:00","og_image":[{"width":716,"height":302,"url":"https:\/\/buletin.de\/bucuresti\/wp-content\/uploads\/2026\/06\/image_2026-06-07_105558266.png","type":"image\/png"}],"author":"Diana Matei","twitter_card":"summary_large_image","twitter_misc":{"Written by":"Diana Matei","Estimated reading time":"2 minutes"},"schema":{"@context":"https:\/\/schema.org","@graph":[{"@type":"Article","@id":"https:\/\/buletin.de\/bucuresti\/un-nou-mini-parc-in-campusul-tei\/#article","isPartOf":{"@id":"https:\/\/buletin.de\/bucuresti\/un-nou-mini-parc-in-campusul-tei\/"},"author":{"name":"Diana Matei","@id":"https:\/\/buletin.de\/bucuresti\/#\/schema\/person\/7e46040573290777280a0835d81ea4ea"},"headline":"Un nou mini-parc \u00een campusul Tei. Prim\u0103ria Sectorului 2 \u00eencepe negocierile de cump\u0103rare a terenului. Update: proiectul a fost aprobat","datePublished":"2026-06-07T03:30:00+00:00","dateModified":"2026-06-09T15:47:08+00:00","mainEntityOfPage":{"@id":"https:\/\/buletin.de\/bucuresti\/un-nou-mini-parc-in-campusul-tei\/"},"wordCount":441,"publisher":{"@id":"https:\/\/buletin.de\/bucuresti\/#organization"},"image":{"@id":"https:\/\/buletin.de\/bucuresti\/un-nou-mini-parc-in-campusul-tei\/#primaryimage"},"thumbnailUrl":"https:\/\/buletin.de\/bucuresti\/wp-content\/uploads\/2026\/06\/image_2026-06-07_105558266.png","keywords":["campusul Tei","cgmb","primaria sector 2"],"articleSection":["Articole","Main","Mediu","Prim\u0103rie"],"inLanguage":"en-GB","copyrightYear":"2026","copyrightHolder":{"@id":"https:\/\/buletin.de\/bucuresti\/#organization"}},{"@type":"WebPage","@id":"https:\/\/buletin.de\/bucuresti\/un-nou-mini-parc-in-campusul-tei\/","url":"https:\/\/buletin.de\/bucuresti\/un-nou-mini-parc-in-campusul-tei\/","name":"Un nou mini-parc \u00een campusul Tei. Prim\u0103ria Sectorului 2 \u00eencepe negocierile de cump\u0103rare a terenului. Update: proiectul a fost aprobat - Buletin de Bucure\u0219ti","isPartOf":{"@id":"https:\/\/buletin.de\/bucuresti\/#website"},"primaryImageOfPage":{"@id":"https:\/\/buletin.de\/bucuresti\/un-nou-mini-parc-in-campusul-tei\/#primaryimage"},"image":{"@id":"https:\/\/buletin.de\/bucuresti\/un-nou-mini-parc-in-campusul-tei\/#primaryimage"},"thumbnailUrl":"https:\/\/buletin.de\/bucuresti\/wp-content\/uploads\/2026\/06\/image_2026-06-07_105558266.png","datePublished":"2026-06-07T03:30:00+00:00","dateModified":"2026-06-09T15:47:08+00:00","description":"Un nou mini-parc s-ar putea construi \u00een Sectorul 2 al Capitalei, \u00een campusul Tei, \u00een cadrul\u00a0proiectului Misiunea UE.","breadcrumb":{"@id":"https:\/\/buletin.de\/bucuresti\/un-nou-mini-parc-in-campusul-tei\/#breadcrumb"},"inLanguage":"en-GB","potentialAction":[{"@type":"ReadAction","target":["https:\/\/buletin.de\/bucuresti\/un-nou-mini-parc-in-campusul-tei\/"]}]},{"@type":"ImageObject","inLanguage":"en-GB","@id":"https:\/\/buletin.de\/bucuresti\/un-nou-mini-parc-in-campusul-tei\/#primaryimage","url":"https:\/\/buletin.de\/bucuresti\/wp-content\/uploads\/2026\/06\/image_2026-06-07_105558266.png","contentUrl":"https:\/\/buletin.de\/bucuresti\/wp-content\/uploads\/2026\/06\/image_2026-06-07_105558266.png","width":716,"height":302,"caption":"Un nou mini-parc \u00een campusul Tei. Foto: Google Maps"},{"@type":"BreadcrumbList","@id":"https:\/\/buletin.de\/bucuresti\/un-nou-mini-parc-in-campusul-tei\/#breadcrumb","itemListElement":[{"@type":"ListItem","position":1,"name":"Acas\u0103","item":"https:\/\/buletin.de\/bucuresti\/"},{"@type":"ListItem","position":2,"name":"Un nou mini-parc \u00een campusul Tei. Prim\u0103ria Sectorului 2 \u00eencepe negocierile de cump\u0103rare a terenului. Update: proiectul a fost aprobat"}]},{"@type":"WebSite","@id":"https:\/\/buletin.de\/bucuresti\/#website","url":"https:\/\/buletin.de\/bucuresti\/","name":"Buletin de Bucure\u0219ti","description":"\u0218tiri \u0219i investiga\u021bii esen\u021biale din capital\u0103","publisher":{"@id":"https:\/\/buletin.de\/bucuresti\/#organization"},"potentialAction":[{"@type":"SearchAction","target":{"@type":"EntryPoint","urlTemplate":"https:\/\/buletin.de\/bucuresti\/?s={search_term_string}"},"query-input":{"@type":"PropertyValueSpecification","valueRequired":true,"valueName":"search_term_string"}}],"inLanguage":"en-GB"},{"@type":"Organization","@id":"https:\/\/buletin.de\/bucuresti\/#organization","name":"Buletin de Bucure\u0219ti","url":"https:\/\/buletin.de\/bucuresti\/","logo":{"@type":"ImageObject","inLanguage":"en-GB","@id":"https:\/\/buletin.de\/bucuresti\/#\/schema\/logo\/image\/","url":"https:\/\/buletin.de\/bucuresti\/wp-content\/uploads\/logo-bdb-full-wide-vernil-transparent.png","contentUrl":"https:\/\/buletin.de\/bucuresti\/wp-content\/uploads\/logo-bdb-full-wide-vernil-transparent.png","width":1782,"height":626,"caption":"Buletin de Bucure\u0219ti"},"image":{"@id":"https:\/\/buletin.de\/bucuresti\/#\/schema\/logo\/image\/"},"sameAs":["https:\/\/www.facebook.com\/buletin.de.buc","https:\/\/www.instagram.com\/buletinde.bucuresti\/"]},{"@type":"Person","@id":"https:\/\/buletin.de\/bucuresti\/#\/schema\/person\/7e46040573290777280a0835d81ea4ea","name":"Diana Matei","image":{"@type":"ImageObject","inLanguage":"en-GB","@id":"https:\/\/buletin.de\/bucuresti\/wp-content\/uploads\/9-2-96x96.jpg1e8590b30871d70e62ebcdaf2eff570c","url":"https:\/\/buletin.de\/bucuresti\/wp-content\/uploads\/9-2-96x96.jpg","contentUrl":"https:\/\/buletin.de\/bucuresti\/wp-content\/uploads\/9-2-96x96.jpg","caption":"Diana Matei"},"url":"https:\/\/buletin.de\/bucuresti\/author\/dianamatei\/"}]}},"authors":[{"term_id":22574,"user_id":49,"is_guest":0,"slug":"dianamatei","display_name":"Diana Matei","avatar_url":"https:\/\/buletin.de\/bucuresti\/wp-content\/uploads\/9-2-96x96.jpg","author_category":"","first_name":"Diana","last_name":"Matei","user_url":"","job_title":"","description":""}],"_links":{"self":[{"href":"https:\/\/buletin.de\/bucuresti\/wp-json\/wp\/v2\/posts\/198384","targetHints":{"allow":["GET"]}}],"collection":[{"href":"https:\/\/buletin.de\/bucuresti\/wp-json\/wp\/v2\/posts"}],"about":[{"href":"https:\/\/buletin.de\/bucuresti\/wp-json\/wp\/v2\/types\/post"}],"author":[{"embeddable":true,"href":"https:\/\/buletin.de\/bucuresti\/wp-json\/wp\/v2\/users\/49"}],"replies":[{"embeddable":true,"href":"https:\/\/buletin.de\/bucuresti\/wp-json\/wp\/v2\/comments?post=198384"}],"version-history":[{"count":11,"href":"https:\/\/buletin.de\/bucuresti\/wp-json\/wp\/v2\/posts\/198384\/revisions"}],"predecessor-version":[{"id":198992,"href":"https:\/\/buletin.de\/bucuresti\/wp-json\/wp\/v2\/posts\/198384\/revisions\/198992"}],"wp:featuredmedia":[{"embeddable":true,"href":"https:\/\/buletin.de\/bucuresti\/wp-json\/wp\/v2\/media\/198410"}],"wp:attachment":[{"href":"https:\/\/buletin.de\/bucuresti\/wp-json\/wp\/v2\/media?parent=198384"}],"wp:term":[{"taxonomy":"category","embeddable":true,"href":"https:\/\/buletin.de\/bucuresti\/wp-json\/wp\/v2\/categories?post=198384"},{"taxonomy":"post_tag","embeddable":true,"href":"https:\/\/buletin.de\/bucuresti\/wp-json\/wp\/v2\/tags?post=198384"},{"taxonomy":"author","embeddable":true,"href":"https:\/\/buletin.de\/bucuresti\/wp-json\/wp\/v2\/ppma_author?post=198384"}],"curies":[{"name":"wp","href":"https:\/\/api.w.org\/{rel}","templated":true}]}}