{"id":19768,"date":"2021-02-09T22:18:22","date_gmt":"2021-02-09T19:18:22","guid":{"rendered":"https:\/\/buletin.de\/bucuresti\/?p=19768"},"modified":"2021-02-09T23:01:46","modified_gmt":"2021-02-09T20:01:46","slug":"voturile-de-la-sectorul-1-vor-fi-renumerate","status":"publish","type":"post","link":"https:\/\/buletin.de\/bucuresti\/voturile-de-la-sectorul-1-vor-fi-renumerate\/","title":{"rendered":"Voturile de la Sectorul 1 vor fi renum\u0103rate"},"content":{"rendered":"\n<p><strong>Sorin Ia\u0219inovschi, procuror la Sec\u021bia Special\u0103 pentru investigarea magistra\u021bilor (SIIJ), a solicitat printr-o ordonan\u021b\u0103 ca Poli\u021bia Municipiului Bucure\u0219ti s\u0103 renumere voturile de la alegerile locale din Sectorul 1, \u00een urma c\u0103rora a c\u00e2\u0219tigat Clotilde Armand (USR).\u00a0<\/strong><\/p>\n\n\n\n<p>\u00cen ordonan\u021b\u0103, procurorul SIIJ sus\u021bine c\u0103 e necesar\u0103 renum\u0103rarea voturilor de la alegerile locale de la Sectorul 1 pentru a putea face actele necesare din dosarul deschis \u00een urma pl\u00e2ngerii PSD.&nbsp;<\/p>\n\n\n\n<p>De asemenea procurorul Sorin Ia\u0219inovsch solicit\u0103:<\/p>\n\n\n\n<ol class=\"has-cyan-bluish-gray-background-color has-background wp-block-list\"><li><em>Identificarea buletinelor de vot corespunz\u0103tor fiec\u0103rei sec\u021bii de votare<\/em><\/li><li><em>Num\u0103rarea voturilor din cadrul fiec\u0103rei sec\u021bii de vot \u0219i confruntarea rezultatelor cu num\u0103rul de votan\u021bi \u00eenscri\u0219i pe listele de vot corespunzatoare fiec\u0103rei din cele 166 sec\u021bii de votare din cadrul Sectorului 1 Bucure\u0219ti (c\u00e2t \u0219i a votan\u021bilor \u00eenscri\u0219i pe listele suplimentare), care \u0219i-au exprimat dreptul la vot<\/em><\/li><li><em>Confruntarea rezultatelor ob\u021binute dup\u0103 num\u0103rarea voturilor de la cele 166 de sec\u021bii de votare din cadrul Sectorului 1 Bucure\u0219ti cu datele \u00eenscrise \u00een procesele verbale de consemnare a rezultatelor vot\u0103rii<\/em><\/li><li><em>Predarea sacilor cu buletinele de vot \u0219i listele electorale de la cele 166 de sec\u021bii de votare din cadrul Sectorului 1 Bucure\u0219ti, la camera de corpuri delicte, unde vor fi p\u0103strate p\u00e2n\u0103 la finalizare cercet\u0103rilor din prezenta cauz\u0103<\/em>.<\/li><\/ol>\n\n\n\n<p>\u00cen aceea\u0219i ordonan\u021b\u0103, procurorul dispune ca Poli\u021bia Bucure\u0219ti s\u0103 renumere voturile pentru c\u0103 Sec\u021bia Special\u0103 nu are resursele necesare pentru acest lucru.&nbsp;<\/p>\n\n\n\n<blockquote class=\"wp-block-quote is-layout-flow wp-block-quote-is-layout-flow\"><p><em>Aceast\u0103 activitate nu poate fi efectuat\u0103 de c\u0103tre Sec\u021bia pentru Investigarea Infrac\u021biunilor din Justi\u021bie din urm\u0103toarele motive:<\/em><br><br><em>1. Pentru efectuarea opera\u021biunii de identificare a buletinelor de vot corespunzator fiec\u0103rei sec\u021bii de votare din cele 166 din cadrul Sectorului 1 este necesar\u0103 o \u00eenc\u0103pere cu o suprafa\u021b\u0103 foarte mare, care s\u0103 permit\u0103 acest lucru, \u0219i care totodat\u0103, trebuie s\u0103 permit\u0103 p\u0103strarea temporar\u0103 a sacilor cu buletine de vot, \u00een condi\u021bii de siguran\u021b\u0103 pentru o perioad\u0103 de timp, \u00eentruc\u00e2t aceast\u0103 activitate nu poate fi realizat\u0103 \u00eentr-o singura zi, ori SIIJ nu dispune de asemenea \u00eenc\u0103peri<\/em><br><em>2. Aceast\u0103 activitate necesit\u0103 un num\u0103r mare de lucr\u0103tori de Poli\u021bie Judiciar\u0103, precum \u0219i mijloace, care de asemenea, SIIJ nu dispune<\/em><br><em>3. Av\u00e2nd \u00een vedere neconcordantele ce rezult\u0103 din probele administrate pana \u00een prezent (\u00eenscrisuri, depozitii de martor, etc) este foarte posibil ca dup\u0103 efectuarea opera\u021biunilor descrise mai sus, s\u0103 fie necesar accesul speciali\u0219tilor criminali\u0219ti care s\u0103 efectueze constat\u0103ri tehnico- \u0219tiin\u021bifice ale semn\u0103turilor de pe procesele verbale de consemnare a rezultatelor vot\u0103rii \u0219i de pe listele electorale<\/em><\/p><cite>Se arat\u0103 \u00een ordonan\u021b\u0103, conform <a href=\"https:\/\/www.g4media.ro\/breaking-un-procuror-de-la-sectia-speciala-a-cerut-politiei-sa-renumere-toate-voturile-de-la-alegerile-locale-castigate-de-clotilde-armand-in-sectorul-1.html\">G4media<\/a> <\/cite><\/blockquote>\n\n\n\n<p>Procurorul SIIJ a dispus aceast\u0103 m\u0103sur\u0103 \u00eentr-un dosar constituit \u00een urma pl\u00e2ngerii PSD pentru o presupus\u0103 fraud\u0103 la vot f\u0103r\u0103 s\u0103 poat\u0103 prezenta \u00eens\u0103 nicio dovad\u0103 p\u00e2n\u0103 \u00een prezent.\u00a0<\/p>\n\n\n\n<p>Reporter: Denisa Cotor<\/p>\n\n\n\n<p>Surs\u0103 Foto: Clotilde Armand\/Facebook <\/p>\n","protected":false},"excerpt":{"rendered":"<p>Sorin Ia\u0219inovschi, procuror la Sec\u021bia Special\u0103 pentru investigarea magistra\u021bilor (SIIJ), a solicitat printr-o ordonan\u021b\u0103 ca Poli\u021bia Municipiului Bucure\u0219ti s\u0103 renumere voturile de la alegerile locale din Sectorul 1, \u00een urma c\u0103rora a c\u00e2\u0219tigat Clotilde Armand (USR).\u00a0 \u00cen ordonan\u021b\u0103, procurorul SIIJ sus\u021bine c\u0103 e necesar\u0103 renum\u0103rarea voturilor de la alegerile locale de la Sectorul 1 pentru [&hellip;]<\/p>\n","protected":false},"author":1,"featured_media":19773,"comment_status":"closed","ping_status":"open","sticky":false,"template":"","format":"standard","meta":{"_acf_changed":false,"inline_featured_image":false,"ngg_post_thumbnail":0,"footnotes":""},"categories":[1],"tags":[],"ppma_author":[22583],"class_list":["post-19768","post","type-post","status-publish","format-standard","has-post-thumbnail","hentry","category-diverse"],"acf":[],"yoast_head":"<!-- This site is optimized with the Yoast SEO Premium plugin v25.3 (Yoast SEO v27.4) - https:\/\/yoast.com\/product\/yoast-seo-premium-wordpress\/ -->\n<title>Voturile de la Sectorul 1 vor fi renum\u0103rate - Buletin de Bucure\u0219ti<\/title>\n<meta name=\"robots\" content=\"index, follow, max-snippet:-1, max-image-preview:large, max-video-preview:-1\" \/>\n<link rel=\"canonical\" href=\"https:\/\/buletin.de\/bucuresti\/voturile-de-la-sectorul-1-vor-fi-renumerate\/\" \/>\n<meta property=\"og:locale\" content=\"en_GB\" \/>\n<meta property=\"og:type\" content=\"article\" \/>\n<meta property=\"og:title\" content=\"Voturile de la Sectorul 1 vor fi renum\u0103rate\" \/>\n<meta property=\"og:description\" content=\"Sorin Ia\u0219inovschi, procuror la Sec\u021bia Special\u0103 pentru investigarea magistra\u021bilor (SIIJ), a solicitat printr-o ordonan\u021b\u0103 ca Poli\u021bia Municipiului Bucure\u0219ti s\u0103 renumere voturile de la alegerile locale din Sectorul 1, \u00een urma c\u0103rora a c\u00e2\u0219tigat Clotilde Armand (USR).\u00a0 \u00cen ordonan\u021b\u0103, procurorul SIIJ sus\u021bine c\u0103 e necesar\u0103 renum\u0103rarea voturilor de la alegerile locale de la Sectorul 1 pentru [&hellip;]\" \/>\n<meta property=\"og:url\" content=\"https:\/\/buletin.de\/bucuresti\/voturile-de-la-sectorul-1-vor-fi-renumerate\/\" \/>\n<meta property=\"og:site_name\" content=\"Buletin de Bucure\u0219ti\" \/>\n<meta property=\"article:publisher\" content=\"https:\/\/www.facebook.com\/buletin.de.buc\" \/>\n<meta property=\"article:published_time\" content=\"2021-02-09T19:18:22+00:00\" \/>\n<meta property=\"article:modified_time\" content=\"2021-02-09T20:01:46+00:00\" \/>\n<meta property=\"og:image\" content=\"https:\/\/buletin.de\/bucuresti\/wp-content\/uploads\/Clotilde-Armand.jpg\" \/>\n\t<meta property=\"og:image:width\" content=\"1363\" \/>\n\t<meta property=\"og:image:height\" content=\"2048\" \/>\n\t<meta property=\"og:image:type\" content=\"image\/jpeg\" \/>\n<meta name=\"author\" content=\"Redac\u021bia Buletin de Bucure\u0219ti\" \/>\n<meta name=\"twitter:card\" content=\"summary_large_image\" \/>\n<meta name=\"twitter:label1\" content=\"Written by\" \/>\n\t<meta name=\"twitter:data1\" content=\"Redac\u021bia Buletin de Bucure\u0219ti\" \/>\n\t<meta name=\"twitter:label2\" content=\"Estimated reading time\" \/>\n\t<meta name=\"twitter:data2\" content=\"2 minutes\" \/>\n<script type=\"application\/ld+json\" class=\"yoast-schema-graph\">{\"@context\":\"https:\\\/\\\/schema.org\",\"@graph\":[{\"@type\":\"Article\",\"@id\":\"https:\\\/\\\/buletin.de\\\/bucuresti\\\/voturile-de-la-sectorul-1-vor-fi-renumerate\\\/#article\",\"isPartOf\":{\"@id\":\"https:\\\/\\\/buletin.de\\\/bucuresti\\\/voturile-de-la-sectorul-1-vor-fi-renumerate\\\/\"},\"author\":{\"name\":\"Redac\u021bia Buletin de Bucure\u0219ti\",\"@id\":\"https:\\\/\\\/buletin.de\\\/bucuresti\\\/#\\\/schema\\\/person\\\/2bbcf854e5f2419a13804af574d06ab1\"},\"headline\":\"Voturile de la Sectorul 1 vor fi renum\u0103rate\",\"datePublished\":\"2021-02-09T19:18:22+00:00\",\"dateModified\":\"2021-02-09T20:01:46+00:00\",\"mainEntityOfPage\":{\"@id\":\"https:\\\/\\\/buletin.de\\\/bucuresti\\\/voturile-de-la-sectorul-1-vor-fi-renumerate\\\/\"},\"wordCount\":498,\"publisher\":{\"@id\":\"https:\\\/\\\/buletin.de\\\/bucuresti\\\/#organization\"},\"image\":{\"@id\":\"https:\\\/\\\/buletin.de\\\/bucuresti\\\/voturile-de-la-sectorul-1-vor-fi-renumerate\\\/#primaryimage\"},\"thumbnailUrl\":\"https:\\\/\\\/buletin.de\\\/bucuresti\\\/wp-content\\\/uploads\\\/Clotilde-Armand.jpg\",\"articleSection\":[\"Diverse\"],\"inLanguage\":\"en-GB\",\"copyrightYear\":\"2021\",\"copyrightHolder\":{\"@id\":\"https:\\\/\\\/buletin.de\\\/bucuresti\\\/#organization\"}},{\"@type\":\"WebPage\",\"@id\":\"https:\\\/\\\/buletin.de\\\/bucuresti\\\/voturile-de-la-sectorul-1-vor-fi-renumerate\\\/\",\"url\":\"https:\\\/\\\/buletin.de\\\/bucuresti\\\/voturile-de-la-sectorul-1-vor-fi-renumerate\\\/\",\"name\":\"Voturile de la Sectorul 1 vor fi renum\u0103rate - Buletin de Bucure\u0219ti\",\"isPartOf\":{\"@id\":\"https:\\\/\\\/buletin.de\\\/bucuresti\\\/#website\"},\"primaryImageOfPage\":{\"@id\":\"https:\\\/\\\/buletin.de\\\/bucuresti\\\/voturile-de-la-sectorul-1-vor-fi-renumerate\\\/#primaryimage\"},\"image\":{\"@id\":\"https:\\\/\\\/buletin.de\\\/bucuresti\\\/voturile-de-la-sectorul-1-vor-fi-renumerate\\\/#primaryimage\"},\"thumbnailUrl\":\"https:\\\/\\\/buletin.de\\\/bucuresti\\\/wp-content\\\/uploads\\\/Clotilde-Armand.jpg\",\"datePublished\":\"2021-02-09T19:18:22+00:00\",\"dateModified\":\"2021-02-09T20:01:46+00:00\",\"breadcrumb\":{\"@id\":\"https:\\\/\\\/buletin.de\\\/bucuresti\\\/voturile-de-la-sectorul-1-vor-fi-renumerate\\\/#breadcrumb\"},\"inLanguage\":\"en-GB\",\"potentialAction\":[{\"@type\":\"ReadAction\",\"target\":[\"https:\\\/\\\/buletin.de\\\/bucuresti\\\/voturile-de-la-sectorul-1-vor-fi-renumerate\\\/\"]}]},{\"@type\":\"ImageObject\",\"inLanguage\":\"en-GB\",\"@id\":\"https:\\\/\\\/buletin.de\\\/bucuresti\\\/voturile-de-la-sectorul-1-vor-fi-renumerate\\\/#primaryimage\",\"url\":\"https:\\\/\\\/buletin.de\\\/bucuresti\\\/wp-content\\\/uploads\\\/Clotilde-Armand.jpg\",\"contentUrl\":\"https:\\\/\\\/buletin.de\\\/bucuresti\\\/wp-content\\\/uploads\\\/Clotilde-Armand.jpg\",\"width\":1363,\"height\":2048},{\"@type\":\"BreadcrumbList\",\"@id\":\"https:\\\/\\\/buletin.de\\\/bucuresti\\\/voturile-de-la-sectorul-1-vor-fi-renumerate\\\/#breadcrumb\",\"itemListElement\":[{\"@type\":\"ListItem\",\"position\":1,\"name\":\"Acas\u0103\",\"item\":\"https:\\\/\\\/buletin.de\\\/bucuresti\\\/\"},{\"@type\":\"ListItem\",\"position\":2,\"name\":\"Voturile de la Sectorul 1 vor fi renum\u0103rate\"}]},{\"@type\":\"WebSite\",\"@id\":\"https:\\\/\\\/buletin.de\\\/bucuresti\\\/#website\",\"url\":\"https:\\\/\\\/buletin.de\\\/bucuresti\\\/\",\"name\":\"Buletin de Bucure\u0219ti\",\"description\":\"\u0218tiri \u0219i investiga\u021bii esen\u021biale din capital\u0103\",\"publisher\":{\"@id\":\"https:\\\/\\\/buletin.de\\\/bucuresti\\\/#organization\"},\"potentialAction\":[{\"@type\":\"SearchAction\",\"target\":{\"@type\":\"EntryPoint\",\"urlTemplate\":\"https:\\\/\\\/buletin.de\\\/bucuresti\\\/?s={search_term_string}\"},\"query-input\":{\"@type\":\"PropertyValueSpecification\",\"valueRequired\":true,\"valueName\":\"search_term_string\"}}],\"inLanguage\":\"en-GB\"},{\"@type\":\"Organization\",\"@id\":\"https:\\\/\\\/buletin.de\\\/bucuresti\\\/#organization\",\"name\":\"Buletin de Bucure\u0219ti\",\"url\":\"https:\\\/\\\/buletin.de\\\/bucuresti\\\/\",\"logo\":{\"@type\":\"ImageObject\",\"inLanguage\":\"en-GB\",\"@id\":\"https:\\\/\\\/buletin.de\\\/bucuresti\\\/#\\\/schema\\\/logo\\\/image\\\/\",\"url\":\"https:\\\/\\\/buletin.de\\\/bucuresti\\\/wp-content\\\/uploads\\\/logo-bdb-full-wide-vernil-transparent.png\",\"contentUrl\":\"https:\\\/\\\/buletin.de\\\/bucuresti\\\/wp-content\\\/uploads\\\/logo-bdb-full-wide-vernil-transparent.png\",\"width\":1782,\"height\":626,\"caption\":\"Buletin de Bucure\u0219ti\"},\"image\":{\"@id\":\"https:\\\/\\\/buletin.de\\\/bucuresti\\\/#\\\/schema\\\/logo\\\/image\\\/\"},\"sameAs\":[\"https:\\\/\\\/www.facebook.com\\\/buletin.de.buc\",\"https:\\\/\\\/www.instagram.com\\\/buletinde.bucuresti\\\/\"]},{\"@type\":\"Person\",\"@id\":\"https:\\\/\\\/buletin.de\\\/bucuresti\\\/#\\\/schema\\\/person\\\/2bbcf854e5f2419a13804af574d06ab1\",\"name\":\"Redac\u021bia Buletin de Bucure\u0219ti\",\"image\":{\"@type\":\"ImageObject\",\"inLanguage\":\"en-GB\",\"@id\":\"https:\\\/\\\/secure.gravatar.com\\\/avatar\\\/18c5342381ed1a08620e6280424e3e5efc958618f5d67c522c9e44c1bc6f9226?s=96&d=monsterid&r=g60c7cd0ad92c68c049fcd4bb3504d609\",\"url\":\"https:\\\/\\\/secure.gravatar.com\\\/avatar\\\/18c5342381ed1a08620e6280424e3e5efc958618f5d67c522c9e44c1bc6f9226?s=96&d=monsterid&r=g\",\"contentUrl\":\"https:\\\/\\\/secure.gravatar.com\\\/avatar\\\/18c5342381ed1a08620e6280424e3e5efc958618f5d67c522c9e44c1bc6f9226?s=96&d=monsterid&r=g\",\"caption\":\"Redac\u021bia Buletin de Bucure\u0219ti\"},\"description\":\"Buletin de Bucure\u0219ti exist\u0103 din vara anului 2019.\",\"url\":\"https:\\\/\\\/buletin.de\\\/bucuresti\\\/author\\\/adminbuletin\\\/\"}]}<\/script>\n<!-- \/ Yoast SEO Premium plugin. -->","yoast_head_json":{"title":"Voturile de la Sectorul 1 vor fi renum\u0103rate - Buletin de Bucure\u0219ti","robots":{"index":"index","follow":"follow","max-snippet":"max-snippet:-1","max-image-preview":"max-image-preview:large","max-video-preview":"max-video-preview:-1"},"canonical":"https:\/\/buletin.de\/bucuresti\/voturile-de-la-sectorul-1-vor-fi-renumerate\/","og_locale":"en_GB","og_type":"article","og_title":"Voturile de la Sectorul 1 vor fi renum\u0103rate","og_description":"Sorin Ia\u0219inovschi, procuror la Sec\u021bia Special\u0103 pentru investigarea magistra\u021bilor (SIIJ), a solicitat printr-o ordonan\u021b\u0103 ca Poli\u021bia Municipiului Bucure\u0219ti s\u0103 renumere voturile de la alegerile locale din Sectorul 1, \u00een urma c\u0103rora a c\u00e2\u0219tigat Clotilde Armand (USR).\u00a0 \u00cen ordonan\u021b\u0103, procurorul SIIJ sus\u021bine c\u0103 e necesar\u0103 renum\u0103rarea voturilor de la alegerile locale de la Sectorul 1 pentru [&hellip;]","og_url":"https:\/\/buletin.de\/bucuresti\/voturile-de-la-sectorul-1-vor-fi-renumerate\/","og_site_name":"Buletin de Bucure\u0219ti","article_publisher":"https:\/\/www.facebook.com\/buletin.de.buc","article_published_time":"2021-02-09T19:18:22+00:00","article_modified_time":"2021-02-09T20:01:46+00:00","og_image":[{"width":1363,"height":2048,"url":"https:\/\/buletin.de\/bucuresti\/wp-content\/uploads\/Clotilde-Armand.jpg","type":"image\/jpeg"}],"author":"Redac\u021bia Buletin de Bucure\u0219ti","twitter_card":"summary_large_image","twitter_misc":{"Written by":"Redac\u021bia Buletin de Bucure\u0219ti","Estimated reading time":"2 minutes"},"schema":{"@context":"https:\/\/schema.org","@graph":[{"@type":"Article","@id":"https:\/\/buletin.de\/bucuresti\/voturile-de-la-sectorul-1-vor-fi-renumerate\/#article","isPartOf":{"@id":"https:\/\/buletin.de\/bucuresti\/voturile-de-la-sectorul-1-vor-fi-renumerate\/"},"author":{"name":"Redac\u021bia Buletin de Bucure\u0219ti","@id":"https:\/\/buletin.de\/bucuresti\/#\/schema\/person\/2bbcf854e5f2419a13804af574d06ab1"},"headline":"Voturile de la Sectorul 1 vor fi renum\u0103rate","datePublished":"2021-02-09T19:18:22+00:00","dateModified":"2021-02-09T20:01:46+00:00","mainEntityOfPage":{"@id":"https:\/\/buletin.de\/bucuresti\/voturile-de-la-sectorul-1-vor-fi-renumerate\/"},"wordCount":498,"publisher":{"@id":"https:\/\/buletin.de\/bucuresti\/#organization"},"image":{"@id":"https:\/\/buletin.de\/bucuresti\/voturile-de-la-sectorul-1-vor-fi-renumerate\/#primaryimage"},"thumbnailUrl":"https:\/\/buletin.de\/bucuresti\/wp-content\/uploads\/Clotilde-Armand.jpg","articleSection":["Diverse"],"inLanguage":"en-GB","copyrightYear":"2021","copyrightHolder":{"@id":"https:\/\/buletin.de\/bucuresti\/#organization"}},{"@type":"WebPage","@id":"https:\/\/buletin.de\/bucuresti\/voturile-de-la-sectorul-1-vor-fi-renumerate\/","url":"https:\/\/buletin.de\/bucuresti\/voturile-de-la-sectorul-1-vor-fi-renumerate\/","name":"Voturile de la Sectorul 1 vor fi renum\u0103rate - Buletin de Bucure\u0219ti","isPartOf":{"@id":"https:\/\/buletin.de\/bucuresti\/#website"},"primaryImageOfPage":{"@id":"https:\/\/buletin.de\/bucuresti\/voturile-de-la-sectorul-1-vor-fi-renumerate\/#primaryimage"},"image":{"@id":"https:\/\/buletin.de\/bucuresti\/voturile-de-la-sectorul-1-vor-fi-renumerate\/#primaryimage"},"thumbnailUrl":"https:\/\/buletin.de\/bucuresti\/wp-content\/uploads\/Clotilde-Armand.jpg","datePublished":"2021-02-09T19:18:22+00:00","dateModified":"2021-02-09T20:01:46+00:00","breadcrumb":{"@id":"https:\/\/buletin.de\/bucuresti\/voturile-de-la-sectorul-1-vor-fi-renumerate\/#breadcrumb"},"inLanguage":"en-GB","potentialAction":[{"@type":"ReadAction","target":["https:\/\/buletin.de\/bucuresti\/voturile-de-la-sectorul-1-vor-fi-renumerate\/"]}]},{"@type":"ImageObject","inLanguage":"en-GB","@id":"https:\/\/buletin.de\/bucuresti\/voturile-de-la-sectorul-1-vor-fi-renumerate\/#primaryimage","url":"https:\/\/buletin.de\/bucuresti\/wp-content\/uploads\/Clotilde-Armand.jpg","contentUrl":"https:\/\/buletin.de\/bucuresti\/wp-content\/uploads\/Clotilde-Armand.jpg","width":1363,"height":2048},{"@type":"BreadcrumbList","@id":"https:\/\/buletin.de\/bucuresti\/voturile-de-la-sectorul-1-vor-fi-renumerate\/#breadcrumb","itemListElement":[{"@type":"ListItem","position":1,"name":"Acas\u0103","item":"https:\/\/buletin.de\/bucuresti\/"},{"@type":"ListItem","position":2,"name":"Voturile de la Sectorul 1 vor fi renum\u0103rate"}]},{"@type":"WebSite","@id":"https:\/\/buletin.de\/bucuresti\/#website","url":"https:\/\/buletin.de\/bucuresti\/","name":"Buletin de Bucure\u0219ti","description":"\u0218tiri \u0219i investiga\u021bii esen\u021biale din capital\u0103","publisher":{"@id":"https:\/\/buletin.de\/bucuresti\/#organization"},"potentialAction":[{"@type":"SearchAction","target":{"@type":"EntryPoint","urlTemplate":"https:\/\/buletin.de\/bucuresti\/?s={search_term_string}"},"query-input":{"@type":"PropertyValueSpecification","valueRequired":true,"valueName":"search_term_string"}}],"inLanguage":"en-GB"},{"@type":"Organization","@id":"https:\/\/buletin.de\/bucuresti\/#organization","name":"Buletin de Bucure\u0219ti","url":"https:\/\/buletin.de\/bucuresti\/","logo":{"@type":"ImageObject","inLanguage":"en-GB","@id":"https:\/\/buletin.de\/bucuresti\/#\/schema\/logo\/image\/","url":"https:\/\/buletin.de\/bucuresti\/wp-content\/uploads\/logo-bdb-full-wide-vernil-transparent.png","contentUrl":"https:\/\/buletin.de\/bucuresti\/wp-content\/uploads\/logo-bdb-full-wide-vernil-transparent.png","width":1782,"height":626,"caption":"Buletin de Bucure\u0219ti"},"image":{"@id":"https:\/\/buletin.de\/bucuresti\/#\/schema\/logo\/image\/"},"sameAs":["https:\/\/www.facebook.com\/buletin.de.buc","https:\/\/www.instagram.com\/buletinde.bucuresti\/"]},{"@type":"Person","@id":"https:\/\/buletin.de\/bucuresti\/#\/schema\/person\/2bbcf854e5f2419a13804af574d06ab1","name":"Redac\u021bia Buletin de Bucure\u0219ti","image":{"@type":"ImageObject","inLanguage":"en-GB","@id":"https:\/\/secure.gravatar.com\/avatar\/18c5342381ed1a08620e6280424e3e5efc958618f5d67c522c9e44c1bc6f9226?s=96&d=monsterid&r=g60c7cd0ad92c68c049fcd4bb3504d609","url":"https:\/\/secure.gravatar.com\/avatar\/18c5342381ed1a08620e6280424e3e5efc958618f5d67c522c9e44c1bc6f9226?s=96&d=monsterid&r=g","contentUrl":"https:\/\/secure.gravatar.com\/avatar\/18c5342381ed1a08620e6280424e3e5efc958618f5d67c522c9e44c1bc6f9226?s=96&d=monsterid&r=g","caption":"Redac\u021bia Buletin de Bucure\u0219ti"},"description":"Buletin de Bucure\u0219ti exist\u0103 din vara anului 2019.","url":"https:\/\/buletin.de\/bucuresti\/author\/adminbuletin\/"}]}},"authors":[{"term_id":22583,"user_id":1,"is_guest":0,"slug":"adminbuletin","display_name":"Redac\u021bia Buletin de Bucure\u0219ti","avatar_url":"https:\/\/secure.gravatar.com\/avatar\/18c5342381ed1a08620e6280424e3e5efc958618f5d67c522c9e44c1bc6f9226?s=96&d=monsterid&r=g","0":null,"1":"","2":"","3":"","4":"","5":"","6":"","7":"","8":""}],"_links":{"self":[{"href":"https:\/\/buletin.de\/bucuresti\/wp-json\/wp\/v2\/posts\/19768","targetHints":{"allow":["GET"]}}],"collection":[{"href":"https:\/\/buletin.de\/bucuresti\/wp-json\/wp\/v2\/posts"}],"about":[{"href":"https:\/\/buletin.de\/bucuresti\/wp-json\/wp\/v2\/types\/post"}],"author":[{"embeddable":true,"href":"https:\/\/buletin.de\/bucuresti\/wp-json\/wp\/v2\/users\/1"}],"replies":[{"embeddable":true,"href":"https:\/\/buletin.de\/bucuresti\/wp-json\/wp\/v2\/comments?post=19768"}],"version-history":[{"count":2,"href":"https:\/\/buletin.de\/bucuresti\/wp-json\/wp\/v2\/posts\/19768\/revisions"}],"predecessor-version":[{"id":19777,"href":"https:\/\/buletin.de\/bucuresti\/wp-json\/wp\/v2\/posts\/19768\/revisions\/19777"}],"wp:featuredmedia":[{"embeddable":true,"href":"https:\/\/buletin.de\/bucuresti\/wp-json\/wp\/v2\/media\/19773"}],"wp:attachment":[{"href":"https:\/\/buletin.de\/bucuresti\/wp-json\/wp\/v2\/media?parent=19768"}],"wp:term":[{"taxonomy":"category","embeddable":true,"href":"https:\/\/buletin.de\/bucuresti\/wp-json\/wp\/v2\/categories?post=19768"},{"taxonomy":"post_tag","embeddable":true,"href":"https:\/\/buletin.de\/bucuresti\/wp-json\/wp\/v2\/tags?post=19768"},{"taxonomy":"author","embeddable":true,"href":"https:\/\/buletin.de\/bucuresti\/wp-json\/wp\/v2\/ppma_author?post=19768"}],"curies":[{"name":"wp","href":"https:\/\/api.w.org\/{rel}","templated":true}]}}