{"id":19757,"date":"2021-02-09T22:09:40","date_gmt":"2021-02-09T19:09:40","guid":{"rendered":"https:\/\/buletin.de\/bucuresti\/?p=19757"},"modified":"2021-02-10T13:03:36","modified_gmt":"2021-02-10T10:03:36","slug":"scandal-in-conducerea-romprest-actionarul-principal-considera-conducerea-actuala-a-companiei-vinovata-de-conflictul-cu-primaria-sector-1","status":"publish","type":"post","link":"https:\/\/buletin.de\/bucuresti\/scandal-in-conducerea-romprest-actionarul-principal-considera-conducerea-actuala-a-companiei-vinovata-de-conflictul-cu-primaria-sector-1\/","title":{"rendered":"Scandal \u00een conducerea Romprest | Ac\u021bionarul principal consider\u0103 conducerea actual\u0103 a companiei vinovat\u0103 de conflictul cu Prim\u0103ria Sector 1"},"content":{"rendered":"\n<p><strong>Mutare nea\u0219teptat\u0103 a ac\u021bionarului principal al societ\u0103\u021bii Romprest Service SA, firma Detaco LTD. Societatea a transmis ast\u0103zi presei un comunicat de pres\u0103 \u00een care acuz\u0103 actuala conducere a Romprest de conflictul iscat \u00eentre firm\u0103 \u0219i Prim\u0103ria Sector 1.<\/strong> <\/p>\n\n\n\n<p>Firma Detaco LTD, care de\u021bine 42.69 %, este controlat\u0103 de &nbsp;Alexandru Cosmin Walter, fiul afaceristului Florian Walter, dup\u0103 moartea tat\u0103lui s\u0103u. Conform datelor de la Registrul Comer\u021bului, ceilal\u021bi ac\u021bionari sunt Europrest Invest SRl &#8211; 30%, Premium Management Team SRL &#8211; 13.76%, Compania Aeroporturi Bucure\u0219ti &#8211; 10% \u0219i Firstcom LLC &#8211; 3.54%.<\/p>\n\n\n\n<blockquote class=\"wp-block-quote is-layout-flow wp-block-quote-is-layout-flow\"><p>\u00cen opinia noastr\u0103, Consiliul Local al Sectorului 1 Bucure\u0219ti, Primarul Sectorului 1 Bucure\u0219ti, func\u021bionarii institu\u021biei pe care d\u00e2nsa o conduce, precum \u0219i salaria\u021bii Romprest au fost atra\u0219i \u00een acest scandal public deoarece Marian Bogdan Adimi, cel care aparent conduce Romprest, nu are capacitatea de a \u00een\u021belege modul \u00een care se conduce o companie \u0219i felul \u00een care trebuie abordate rela\u021biile de afaceri cu partenerii acesteia. Marian Bogdan Adimi, a c\u0103rui &#8220;experien\u021b\u0103 profesional\u0103&#8221; provine din faptul c\u0103 a fost \u0219ofer \u0219i paparazzi, \u00ee\u0219i continu\u0103 modul de a gestiona Romprest \u00een acela\u0219i fel, prin st\u00e2rnirea de scandaluri publice, vehicularea de \u00eenregistr\u0103ri neautorizate \u0219i amenin\u021barea cu pl\u00e2ngeri penale. <\/p><cite>Comunicat Detaco Ltd &#8211; sursa Agerpres<\/cite><\/blockquote>\n\n\n\n<p class=\"has-text-align-left\">Formal, cel care conduce compania Romprest este Duca Ghenoiu R\u0103zvan, numit \u00een func\u021bia de director executiv \u00een luna noiembrie 2017. Bogdan Adimi a devenit director general adjunct al companiei Romprest \u00een luna aprilie 2017, fiind, de asemenea, numit vicepre\u0219edinte al Consiliului de Administra\u021bie \u00een luna martie. Acesta mai ocup\u0103 func\u021bia de administrator \u00een firma Europrest Invest SRL<\/p>\n\n\n\n<p>Un alt vinovat, conform reprezentan\u021bilor Detaco, este Andrei Dracea, ac\u021bionar \u00een cadrul companiei Europrest Invest SRL.&nbsp;<\/p>\n\n\n\n<blockquote class=\"wp-block-quote is-layout-flow wp-block-quote-is-layout-flow\"><p>Principala vin\u0103 \u00een aceast\u0103 situa\u021bie, care risc\u0103 s\u0103 nasc\u0103 un risc major pentru s\u0103n\u0103tatea locuitorilor din Sectorul 1 Bucure\u0219ti, o are domnul Andrei Dr\u0103cea, care, \u00een calitate de proprietar unic al Europrest Invest SRL, ac\u021bionar ce controleaz\u0103 30% din Romprest, \u00eel sus\u021bine pe acest Marian Bogdan Adimi \u00een func\u021bie, acord\u00e2ndu-i \u0219i \u00eencrederea de a fi administrator unic al Europrest.<\/p><cite>Comunicat Detaco Ltd &#8211; sursa Agerpres<\/cite><\/blockquote>\n\n\n\n<p>Conform firmei lui Cosmin Walter, angaja\u021bii Romprest sunt folosi\u021bi de conducerea companiei pe post de \u201emas\u0103 de manevr\u0103\u201d, f\u0103c\u00e2nd referire la protestul din Pia\u021ba Victoriei din data de 8 februarie.&nbsp;<\/p>\n\n\n\n<blockquote class=\"wp-block-quote is-layout-flow wp-block-quote-is-layout-flow\"><p>Totodat\u0103, Detaco LTD \u00eendeamn\u0103 pe to\u021bi salaria\u021bii Romprest la pruden\u021b\u0103 \u0219i aten\u021bie, deoarece ace\u0219tia trebuie s\u0103 \u00een\u021beleag\u0103 c\u0103 actual\u0103 conducere a societ\u0103\u021bii nu face altceva dec\u00e2t s\u0103-i foloseasc\u0103 pe post de mas\u0103 de manevr\u0103.&nbsp;<\/p><cite>Comunicat Detaco Ltd &#8211; sursa Agerpres<\/cite><\/blockquote>\n\n\n\n<p>Mai mult, \u00een acela\u0219i comunicat, ac\u021bionarul principal \u00eei \u00eendeamn\u0103 pe angaja\u021bii Romprest la grev\u0103, \u00een cazul \u00een care nu sunt de acord cu ac\u021biunile actualei conduceri.<\/p>\n\n\n\n<blockquote class=\"wp-block-quote is-layout-flow wp-block-quote-is-layout-flow\"><p>Recomand\u0103m salaria\u021bilor Romprest c\u0103, \u00een cazul \u00een care consider\u0103 c\u0103 este necesar\u0103 o grev\u0103, s\u0103 o fac\u0103 \u00een fa\u021b\u0103 birourilor luxoase ale conducerii, nu \u00een Pia\u021b\u0103 Victoriei. Cererile salaria\u021bilor trebuie adresate conducerii actuale a Romprest. Conducerea companiei este cea care trebuie s\u0103 le rezolve problemele, nu Primarul Sectorului 1 sau cet\u0103\u021benii acestui sector.\u201d<\/p><cite>Comunicat Detaco Ltd &#8211; sursa Agerpres<\/cite><\/blockquote>\n\n\n\n<p>\u00cen final, firma Detaco Ltd a precizat c\u0103 <em>\u201eva continua s\u0103 \u00eentreprind\u0103 toate ac\u021biunile legale posibile \u00een vederea schimb\u0103rii actualei conduceri a Romprest, \u00eendep\u0103rt\u0103rii din func\u021bii \u0219i atragerea r\u0103spunderii tuturor persoanelor vinovate.\u201d. <\/em>&nbsp;<\/p>\n\n\n\n<p>Firma Romprest se afl\u0103 \u00eentr-un conflict cu Prim\u0103ria Sectorului 1 \u00eenc\u0103 din luna decembrie a anului trecut, c\u00e2nd str\u0103zile au fost asaltate de mormane de gunoaie. <\/p>\n\n\n\n<figure class=\"wp-block-embed is-type-wp-embed is-provider-buletin-de-bucure\u0219ti wp-block-embed-buletin-de-bucure\u0219ti\"><div class=\"wp-block-embed__wrapper\">\n<blockquote class=\"wp-embedded-content\" data-secret=\"iwuYYKpysa\"><a href=\"https:\/\/buletin.de\/bucuresti\/videoreportaj-razboiul-gunoaielor-necontrolate-din-sectorul-1-in-doua-zile-va-fi-prapad-sustin-lucratorii-de-la-salubritate\/\">VIDEOREPORTAJ | R\u0103zboiul \u201cgunoaielor necontrolate\u201d din Sectorul 1: \u201c\u00cen dou\u0103 zile va fi pr\u0103p\u0103d\u201d, sus\u021bin lucr\u0103torii de la salubritate<\/a><\/blockquote><iframe class=\"wp-embedded-content\" sandbox=\"allow-scripts\" security=\"restricted\" style=\"position: absolute; clip: rect(1px, 1px, 1px, 1px);\" title=\"&#8222;VIDEOREPORTAJ | R\u0103zboiul \u201cgunoaielor necontrolate\u201d din Sectorul 1: \u201c\u00cen dou\u0103 zile va fi pr\u0103p\u0103d\u201d, sus\u021bin lucr\u0103torii de la salubritate&#8221; &#8212; Buletin de Bucure\u0219ti\" src=\"https:\/\/buletin.de\/bucuresti\/videoreportaj-razboiul-gunoaielor-necontrolate-din-sectorul-1-in-doua-zile-va-fi-prapad-sustin-lucratorii-de-la-salubritate\/embed\/#?secret=Mr7pK9CF9Y#?secret=iwuYYKpysa\" data-secret=\"iwuYYKpysa\" width=\"600\" height=\"338\" frameborder=\"0\" marginwidth=\"0\" marginheight=\"0\" scrolling=\"no\"><\/iframe>\n<\/div><\/figure>\n\n\n\n<p>Primarul Clotilde Armand a declarat de mai multe ori c\u0103 nu va mai pl\u0103ti facturile emise de Romprest, pe care le consider\u0103 supraevaluate.<\/p>\n\n\n\n<p>De altfel, primarul Sectorului 1, Clotilde Armand a publicat pe <a href=\"https:\/\/www.facebook.com\/clotildearmand.ro\/posts\/256896905801642\">pagina sa<\/a> personal\u0103 comunicatul Detaco iar la final l-a invitat pe ac\u021bionarul majoritar la discu\u021bii.<\/p>\n\n\n\n<blockquote class=\"wp-block-quote is-layout-flow wp-block-quote-is-layout-flow\"><p>A\u0219adar, \u00eel invit la discu\u021bii la Prim\u0103rie pe acest ac\u021bionar pentru a vedea cum putem rezolva situa\u021bia provocat\u0103 de actuala conducere iresponsabil\u0103 a companiei.<\/p><cite>Facebook Clotilde Armand<\/cite><\/blockquote>\n\n\n\n<p>Reporter Mihai T\u0103nase<\/p>\n\n\n\n<p>Sursa FOTO Facebook Clotilde Armand<\/p>\n","protected":false},"excerpt":{"rendered":"<p>Mutare nea\u0219teptat\u0103 a ac\u021bionarului principal al societ\u0103\u021bii Romprest Service SA, firma Detaco LTD. Societatea a transmis ast\u0103zi presei un comunicat de pres\u0103 \u00een care acuz\u0103 actuala conducere a Romprest de conflictul iscat \u00eentre firm\u0103 \u0219i Prim\u0103ria Sector 1. Firma Detaco LTD, care de\u021bine 42.69 %, este controlat\u0103 de &nbsp;Alexandru Cosmin Walter, fiul afaceristului Florian Walter, [&hellip;]<\/p>\n","protected":false},"author":23,"featured_media":19762,"comment_status":"closed","ping_status":"open","sticky":false,"template":"","format":"standard","meta":{"_acf_changed":false,"inline_featured_image":false,"ngg_post_thumbnail":0,"footnotes":""},"categories":[1],"tags":[1487,230,309,1933],"ppma_author":[22595],"class_list":["post-19757","post","type-post","status-publish","format-standard","has-post-thumbnail","hentry","category-diverse","tag-clotilde-armand","tag-gunoi","tag-primaria-sector-1","tag-romprest"],"acf":[],"yoast_head":"<!-- This site is optimized with the Yoast SEO Premium plugin v25.3 (Yoast SEO v27.4) - https:\/\/yoast.com\/product\/yoast-seo-premium-wordpress\/ -->\n<title>Scandal \u00een conducerea Romprest | Ac\u021bionarul principal consider\u0103 conducerea actual\u0103 a companiei vinovat\u0103 de conflictul cu Prim\u0103ria Sector 1 - Buletin de Bucure\u0219ti<\/title>\n<meta name=\"robots\" content=\"index, follow, max-snippet:-1, max-image-preview:large, max-video-preview:-1\" \/>\n<link rel=\"canonical\" href=\"https:\/\/buletin.de\/bucuresti\/scandal-in-conducerea-romprest-actionarul-principal-considera-conducerea-actuala-a-companiei-vinovata-de-conflictul-cu-primaria-sector-1\/\" \/>\n<meta property=\"og:locale\" content=\"en_GB\" \/>\n<meta property=\"og:type\" content=\"article\" \/>\n<meta property=\"og:title\" content=\"Scandal \u00een conducerea Romprest | Ac\u021bionarul principal consider\u0103 conducerea actual\u0103 a companiei vinovat\u0103 de conflictul cu Prim\u0103ria Sector 1\" \/>\n<meta property=\"og:description\" content=\"Mutare nea\u0219teptat\u0103 a ac\u021bionarului principal al societ\u0103\u021bii Romprest Service SA, firma Detaco LTD. Societatea a transmis ast\u0103zi presei un comunicat de pres\u0103 \u00een care acuz\u0103 actuala conducere a Romprest de conflictul iscat \u00eentre firm\u0103 \u0219i Prim\u0103ria Sector 1. Firma Detaco LTD, care de\u021bine 42.69 %, este controlat\u0103 de &nbsp;Alexandru Cosmin Walter, fiul afaceristului Florian Walter, [&hellip;]\" \/>\n<meta property=\"og:url\" content=\"https:\/\/buletin.de\/bucuresti\/scandal-in-conducerea-romprest-actionarul-principal-considera-conducerea-actuala-a-companiei-vinovata-de-conflictul-cu-primaria-sector-1\/\" \/>\n<meta property=\"og:site_name\" content=\"Buletin de Bucure\u0219ti\" \/>\n<meta property=\"article:publisher\" content=\"https:\/\/www.facebook.com\/buletin.de.buc\" \/>\n<meta property=\"article:published_time\" content=\"2021-02-09T19:09:40+00:00\" \/>\n<meta property=\"article:modified_time\" content=\"2021-02-10T10:03:36+00:00\" \/>\n<meta property=\"og:image\" content=\"https:\/\/buletin.de\/bucuresti\/wp-content\/uploads\/83470459_2698125380263500_1902716897774796800_o.jpg\" \/>\n\t<meta property=\"og:image:width\" content=\"1276\" \/>\n\t<meta property=\"og:image:height\" content=\"1657\" \/>\n\t<meta property=\"og:image:type\" content=\"image\/jpeg\" \/>\n<meta name=\"author\" content=\"Mihai T\u0103nase\" \/>\n<meta name=\"twitter:card\" content=\"summary_large_image\" \/>\n<meta name=\"twitter:label1\" content=\"Written by\" \/>\n\t<meta name=\"twitter:data1\" content=\"Mihai T\u0103nase\" \/>\n\t<meta name=\"twitter:label2\" content=\"Estimated reading time\" \/>\n\t<meta name=\"twitter:data2\" content=\"4 minutes\" \/>\n<script type=\"application\/ld+json\" class=\"yoast-schema-graph\">{\"@context\":\"https:\\\/\\\/schema.org\",\"@graph\":[{\"@type\":\"Article\",\"@id\":\"https:\\\/\\\/buletin.de\\\/bucuresti\\\/scandal-in-conducerea-romprest-actionarul-principal-considera-conducerea-actuala-a-companiei-vinovata-de-conflictul-cu-primaria-sector-1\\\/#article\",\"isPartOf\":{\"@id\":\"https:\\\/\\\/buletin.de\\\/bucuresti\\\/scandal-in-conducerea-romprest-actionarul-principal-considera-conducerea-actuala-a-companiei-vinovata-de-conflictul-cu-primaria-sector-1\\\/\"},\"author\":{\"name\":\"Mihai T\u0103nase\",\"@id\":\"https:\\\/\\\/buletin.de\\\/bucuresti\\\/#\\\/schema\\\/person\\\/2819fb03d7d82e0333d761e0bad0689a\"},\"headline\":\"Scandal \u00een conducerea Romprest | Ac\u021bionarul principal consider\u0103 conducerea actual\u0103 a companiei vinovat\u0103 de conflictul cu Prim\u0103ria Sector 1\",\"datePublished\":\"2021-02-09T19:09:40+00:00\",\"dateModified\":\"2021-02-10T10:03:36+00:00\",\"mainEntityOfPage\":{\"@id\":\"https:\\\/\\\/buletin.de\\\/bucuresti\\\/scandal-in-conducerea-romprest-actionarul-principal-considera-conducerea-actuala-a-companiei-vinovata-de-conflictul-cu-primaria-sector-1\\\/\"},\"wordCount\":729,\"publisher\":{\"@id\":\"https:\\\/\\\/buletin.de\\\/bucuresti\\\/#organization\"},\"image\":{\"@id\":\"https:\\\/\\\/buletin.de\\\/bucuresti\\\/scandal-in-conducerea-romprest-actionarul-principal-considera-conducerea-actuala-a-companiei-vinovata-de-conflictul-cu-primaria-sector-1\\\/#primaryimage\"},\"thumbnailUrl\":\"https:\\\/\\\/buletin.de\\\/bucuresti\\\/wp-content\\\/uploads\\\/83470459_2698125380263500_1902716897774796800_o.jpg\",\"keywords\":[\"clotilde armand\",\"gunoi\",\"primaria sector 1\",\"romprest\"],\"articleSection\":[\"Diverse\"],\"inLanguage\":\"en-GB\",\"copyrightYear\":\"2021\",\"copyrightHolder\":{\"@id\":\"https:\\\/\\\/buletin.de\\\/bucuresti\\\/#organization\"}},{\"@type\":\"WebPage\",\"@id\":\"https:\\\/\\\/buletin.de\\\/bucuresti\\\/scandal-in-conducerea-romprest-actionarul-principal-considera-conducerea-actuala-a-companiei-vinovata-de-conflictul-cu-primaria-sector-1\\\/\",\"url\":\"https:\\\/\\\/buletin.de\\\/bucuresti\\\/scandal-in-conducerea-romprest-actionarul-principal-considera-conducerea-actuala-a-companiei-vinovata-de-conflictul-cu-primaria-sector-1\\\/\",\"name\":\"Scandal \u00een conducerea Romprest | Ac\u021bionarul principal consider\u0103 conducerea actual\u0103 a companiei vinovat\u0103 de conflictul cu Prim\u0103ria Sector 1 - Buletin de Bucure\u0219ti\",\"isPartOf\":{\"@id\":\"https:\\\/\\\/buletin.de\\\/bucuresti\\\/#website\"},\"primaryImageOfPage\":{\"@id\":\"https:\\\/\\\/buletin.de\\\/bucuresti\\\/scandal-in-conducerea-romprest-actionarul-principal-considera-conducerea-actuala-a-companiei-vinovata-de-conflictul-cu-primaria-sector-1\\\/#primaryimage\"},\"image\":{\"@id\":\"https:\\\/\\\/buletin.de\\\/bucuresti\\\/scandal-in-conducerea-romprest-actionarul-principal-considera-conducerea-actuala-a-companiei-vinovata-de-conflictul-cu-primaria-sector-1\\\/#primaryimage\"},\"thumbnailUrl\":\"https:\\\/\\\/buletin.de\\\/bucuresti\\\/wp-content\\\/uploads\\\/83470459_2698125380263500_1902716897774796800_o.jpg\",\"datePublished\":\"2021-02-09T19:09:40+00:00\",\"dateModified\":\"2021-02-10T10:03:36+00:00\",\"breadcrumb\":{\"@id\":\"https:\\\/\\\/buletin.de\\\/bucuresti\\\/scandal-in-conducerea-romprest-actionarul-principal-considera-conducerea-actuala-a-companiei-vinovata-de-conflictul-cu-primaria-sector-1\\\/#breadcrumb\"},\"inLanguage\":\"en-GB\",\"potentialAction\":[{\"@type\":\"ReadAction\",\"target\":[\"https:\\\/\\\/buletin.de\\\/bucuresti\\\/scandal-in-conducerea-romprest-actionarul-principal-considera-conducerea-actuala-a-companiei-vinovata-de-conflictul-cu-primaria-sector-1\\\/\"]}]},{\"@type\":\"ImageObject\",\"inLanguage\":\"en-GB\",\"@id\":\"https:\\\/\\\/buletin.de\\\/bucuresti\\\/scandal-in-conducerea-romprest-actionarul-principal-considera-conducerea-actuala-a-companiei-vinovata-de-conflictul-cu-primaria-sector-1\\\/#primaryimage\",\"url\":\"https:\\\/\\\/buletin.de\\\/bucuresti\\\/wp-content\\\/uploads\\\/83470459_2698125380263500_1902716897774796800_o.jpg\",\"contentUrl\":\"https:\\\/\\\/buletin.de\\\/bucuresti\\\/wp-content\\\/uploads\\\/83470459_2698125380263500_1902716897774796800_o.jpg\",\"width\":1276,\"height\":1657},{\"@type\":\"BreadcrumbList\",\"@id\":\"https:\\\/\\\/buletin.de\\\/bucuresti\\\/scandal-in-conducerea-romprest-actionarul-principal-considera-conducerea-actuala-a-companiei-vinovata-de-conflictul-cu-primaria-sector-1\\\/#breadcrumb\",\"itemListElement\":[{\"@type\":\"ListItem\",\"position\":1,\"name\":\"Acas\u0103\",\"item\":\"https:\\\/\\\/buletin.de\\\/bucuresti\\\/\"},{\"@type\":\"ListItem\",\"position\":2,\"name\":\"Scandal \u00een conducerea Romprest | Ac\u021bionarul principal consider\u0103 conducerea actual\u0103 a companiei vinovat\u0103 de conflictul cu Prim\u0103ria Sector 1\"}]},{\"@type\":\"WebSite\",\"@id\":\"https:\\\/\\\/buletin.de\\\/bucuresti\\\/#website\",\"url\":\"https:\\\/\\\/buletin.de\\\/bucuresti\\\/\",\"name\":\"Buletin de Bucure\u0219ti\",\"description\":\"\u0218tiri \u0219i investiga\u021bii esen\u021biale din capital\u0103\",\"publisher\":{\"@id\":\"https:\\\/\\\/buletin.de\\\/bucuresti\\\/#organization\"},\"potentialAction\":[{\"@type\":\"SearchAction\",\"target\":{\"@type\":\"EntryPoint\",\"urlTemplate\":\"https:\\\/\\\/buletin.de\\\/bucuresti\\\/?s={search_term_string}\"},\"query-input\":{\"@type\":\"PropertyValueSpecification\",\"valueRequired\":true,\"valueName\":\"search_term_string\"}}],\"inLanguage\":\"en-GB\"},{\"@type\":\"Organization\",\"@id\":\"https:\\\/\\\/buletin.de\\\/bucuresti\\\/#organization\",\"name\":\"Buletin de Bucure\u0219ti\",\"url\":\"https:\\\/\\\/buletin.de\\\/bucuresti\\\/\",\"logo\":{\"@type\":\"ImageObject\",\"inLanguage\":\"en-GB\",\"@id\":\"https:\\\/\\\/buletin.de\\\/bucuresti\\\/#\\\/schema\\\/logo\\\/image\\\/\",\"url\":\"https:\\\/\\\/buletin.de\\\/bucuresti\\\/wp-content\\\/uploads\\\/logo-bdb-full-wide-vernil-transparent.png\",\"contentUrl\":\"https:\\\/\\\/buletin.de\\\/bucuresti\\\/wp-content\\\/uploads\\\/logo-bdb-full-wide-vernil-transparent.png\",\"width\":1782,\"height\":626,\"caption\":\"Buletin de Bucure\u0219ti\"},\"image\":{\"@id\":\"https:\\\/\\\/buletin.de\\\/bucuresti\\\/#\\\/schema\\\/logo\\\/image\\\/\"},\"sameAs\":[\"https:\\\/\\\/www.facebook.com\\\/buletin.de.buc\",\"https:\\\/\\\/www.instagram.com\\\/buletinde.bucuresti\\\/\"]},{\"@type\":\"Person\",\"@id\":\"https:\\\/\\\/buletin.de\\\/bucuresti\\\/#\\\/schema\\\/person\\\/2819fb03d7d82e0333d761e0bad0689a\",\"name\":\"Mihai T\u0103nase\",\"image\":{\"@type\":\"ImageObject\",\"inLanguage\":\"en-GB\",\"@id\":\"https:\\\/\\\/secure.gravatar.com\\\/avatar\\\/797b5e7b8c848c627197cdbaa6ff42ae4d96bd9a5e1a0944a2265b990d845c32?s=96&d=monsterid&r=g8dadac421dec5956e345ca4f17ca6fa8\",\"url\":\"https:\\\/\\\/secure.gravatar.com\\\/avatar\\\/797b5e7b8c848c627197cdbaa6ff42ae4d96bd9a5e1a0944a2265b990d845c32?s=96&d=monsterid&r=g\",\"contentUrl\":\"https:\\\/\\\/secure.gravatar.com\\\/avatar\\\/797b5e7b8c848c627197cdbaa6ff42ae4d96bd9a5e1a0944a2265b990d845c32?s=96&d=monsterid&r=g\",\"caption\":\"Mihai T\u0103nase\"},\"url\":\"https:\\\/\\\/buletin.de\\\/bucuresti\\\/author\\\/mihaitanase\\\/\"}]}<\/script>\n<!-- \/ Yoast SEO Premium plugin. -->","yoast_head_json":{"title":"Scandal \u00een conducerea Romprest | Ac\u021bionarul principal consider\u0103 conducerea actual\u0103 a companiei vinovat\u0103 de conflictul cu Prim\u0103ria Sector 1 - Buletin de Bucure\u0219ti","robots":{"index":"index","follow":"follow","max-snippet":"max-snippet:-1","max-image-preview":"max-image-preview:large","max-video-preview":"max-video-preview:-1"},"canonical":"https:\/\/buletin.de\/bucuresti\/scandal-in-conducerea-romprest-actionarul-principal-considera-conducerea-actuala-a-companiei-vinovata-de-conflictul-cu-primaria-sector-1\/","og_locale":"en_GB","og_type":"article","og_title":"Scandal \u00een conducerea Romprest | Ac\u021bionarul principal consider\u0103 conducerea actual\u0103 a companiei vinovat\u0103 de conflictul cu Prim\u0103ria Sector 1","og_description":"Mutare nea\u0219teptat\u0103 a ac\u021bionarului principal al societ\u0103\u021bii Romprest Service SA, firma Detaco LTD. Societatea a transmis ast\u0103zi presei un comunicat de pres\u0103 \u00een care acuz\u0103 actuala conducere a Romprest de conflictul iscat \u00eentre firm\u0103 \u0219i Prim\u0103ria Sector 1. Firma Detaco LTD, care de\u021bine 42.69 %, este controlat\u0103 de &nbsp;Alexandru Cosmin Walter, fiul afaceristului Florian Walter, [&hellip;]","og_url":"https:\/\/buletin.de\/bucuresti\/scandal-in-conducerea-romprest-actionarul-principal-considera-conducerea-actuala-a-companiei-vinovata-de-conflictul-cu-primaria-sector-1\/","og_site_name":"Buletin de Bucure\u0219ti","article_publisher":"https:\/\/www.facebook.com\/buletin.de.buc","article_published_time":"2021-02-09T19:09:40+00:00","article_modified_time":"2021-02-10T10:03:36+00:00","og_image":[{"width":1276,"height":1657,"url":"https:\/\/buletin.de\/bucuresti\/wp-content\/uploads\/83470459_2698125380263500_1902716897774796800_o.jpg","type":"image\/jpeg"}],"author":"Mihai T\u0103nase","twitter_card":"summary_large_image","twitter_misc":{"Written by":"Mihai T\u0103nase","Estimated reading time":"4 minutes"},"schema":{"@context":"https:\/\/schema.org","@graph":[{"@type":"Article","@id":"https:\/\/buletin.de\/bucuresti\/scandal-in-conducerea-romprest-actionarul-principal-considera-conducerea-actuala-a-companiei-vinovata-de-conflictul-cu-primaria-sector-1\/#article","isPartOf":{"@id":"https:\/\/buletin.de\/bucuresti\/scandal-in-conducerea-romprest-actionarul-principal-considera-conducerea-actuala-a-companiei-vinovata-de-conflictul-cu-primaria-sector-1\/"},"author":{"name":"Mihai T\u0103nase","@id":"https:\/\/buletin.de\/bucuresti\/#\/schema\/person\/2819fb03d7d82e0333d761e0bad0689a"},"headline":"Scandal \u00een conducerea Romprest | Ac\u021bionarul principal consider\u0103 conducerea actual\u0103 a companiei vinovat\u0103 de conflictul cu Prim\u0103ria Sector 1","datePublished":"2021-02-09T19:09:40+00:00","dateModified":"2021-02-10T10:03:36+00:00","mainEntityOfPage":{"@id":"https:\/\/buletin.de\/bucuresti\/scandal-in-conducerea-romprest-actionarul-principal-considera-conducerea-actuala-a-companiei-vinovata-de-conflictul-cu-primaria-sector-1\/"},"wordCount":729,"publisher":{"@id":"https:\/\/buletin.de\/bucuresti\/#organization"},"image":{"@id":"https:\/\/buletin.de\/bucuresti\/scandal-in-conducerea-romprest-actionarul-principal-considera-conducerea-actuala-a-companiei-vinovata-de-conflictul-cu-primaria-sector-1\/#primaryimage"},"thumbnailUrl":"https:\/\/buletin.de\/bucuresti\/wp-content\/uploads\/83470459_2698125380263500_1902716897774796800_o.jpg","keywords":["clotilde armand","gunoi","primaria sector 1","romprest"],"articleSection":["Diverse"],"inLanguage":"en-GB","copyrightYear":"2021","copyrightHolder":{"@id":"https:\/\/buletin.de\/bucuresti\/#organization"}},{"@type":"WebPage","@id":"https:\/\/buletin.de\/bucuresti\/scandal-in-conducerea-romprest-actionarul-principal-considera-conducerea-actuala-a-companiei-vinovata-de-conflictul-cu-primaria-sector-1\/","url":"https:\/\/buletin.de\/bucuresti\/scandal-in-conducerea-romprest-actionarul-principal-considera-conducerea-actuala-a-companiei-vinovata-de-conflictul-cu-primaria-sector-1\/","name":"Scandal \u00een conducerea Romprest | Ac\u021bionarul principal consider\u0103 conducerea actual\u0103 a companiei vinovat\u0103 de conflictul cu Prim\u0103ria Sector 1 - Buletin de Bucure\u0219ti","isPartOf":{"@id":"https:\/\/buletin.de\/bucuresti\/#website"},"primaryImageOfPage":{"@id":"https:\/\/buletin.de\/bucuresti\/scandal-in-conducerea-romprest-actionarul-principal-considera-conducerea-actuala-a-companiei-vinovata-de-conflictul-cu-primaria-sector-1\/#primaryimage"},"image":{"@id":"https:\/\/buletin.de\/bucuresti\/scandal-in-conducerea-romprest-actionarul-principal-considera-conducerea-actuala-a-companiei-vinovata-de-conflictul-cu-primaria-sector-1\/#primaryimage"},"thumbnailUrl":"https:\/\/buletin.de\/bucuresti\/wp-content\/uploads\/83470459_2698125380263500_1902716897774796800_o.jpg","datePublished":"2021-02-09T19:09:40+00:00","dateModified":"2021-02-10T10:03:36+00:00","breadcrumb":{"@id":"https:\/\/buletin.de\/bucuresti\/scandal-in-conducerea-romprest-actionarul-principal-considera-conducerea-actuala-a-companiei-vinovata-de-conflictul-cu-primaria-sector-1\/#breadcrumb"},"inLanguage":"en-GB","potentialAction":[{"@type":"ReadAction","target":["https:\/\/buletin.de\/bucuresti\/scandal-in-conducerea-romprest-actionarul-principal-considera-conducerea-actuala-a-companiei-vinovata-de-conflictul-cu-primaria-sector-1\/"]}]},{"@type":"ImageObject","inLanguage":"en-GB","@id":"https:\/\/buletin.de\/bucuresti\/scandal-in-conducerea-romprest-actionarul-principal-considera-conducerea-actuala-a-companiei-vinovata-de-conflictul-cu-primaria-sector-1\/#primaryimage","url":"https:\/\/buletin.de\/bucuresti\/wp-content\/uploads\/83470459_2698125380263500_1902716897774796800_o.jpg","contentUrl":"https:\/\/buletin.de\/bucuresti\/wp-content\/uploads\/83470459_2698125380263500_1902716897774796800_o.jpg","width":1276,"height":1657},{"@type":"BreadcrumbList","@id":"https:\/\/buletin.de\/bucuresti\/scandal-in-conducerea-romprest-actionarul-principal-considera-conducerea-actuala-a-companiei-vinovata-de-conflictul-cu-primaria-sector-1\/#breadcrumb","itemListElement":[{"@type":"ListItem","position":1,"name":"Acas\u0103","item":"https:\/\/buletin.de\/bucuresti\/"},{"@type":"ListItem","position":2,"name":"Scandal \u00een conducerea Romprest | Ac\u021bionarul principal consider\u0103 conducerea actual\u0103 a companiei vinovat\u0103 de conflictul cu Prim\u0103ria Sector 1"}]},{"@type":"WebSite","@id":"https:\/\/buletin.de\/bucuresti\/#website","url":"https:\/\/buletin.de\/bucuresti\/","name":"Buletin de Bucure\u0219ti","description":"\u0218tiri \u0219i investiga\u021bii esen\u021biale din capital\u0103","publisher":{"@id":"https:\/\/buletin.de\/bucuresti\/#organization"},"potentialAction":[{"@type":"SearchAction","target":{"@type":"EntryPoint","urlTemplate":"https:\/\/buletin.de\/bucuresti\/?s={search_term_string}"},"query-input":{"@type":"PropertyValueSpecification","valueRequired":true,"valueName":"search_term_string"}}],"inLanguage":"en-GB"},{"@type":"Organization","@id":"https:\/\/buletin.de\/bucuresti\/#organization","name":"Buletin de Bucure\u0219ti","url":"https:\/\/buletin.de\/bucuresti\/","logo":{"@type":"ImageObject","inLanguage":"en-GB","@id":"https:\/\/buletin.de\/bucuresti\/#\/schema\/logo\/image\/","url":"https:\/\/buletin.de\/bucuresti\/wp-content\/uploads\/logo-bdb-full-wide-vernil-transparent.png","contentUrl":"https:\/\/buletin.de\/bucuresti\/wp-content\/uploads\/logo-bdb-full-wide-vernil-transparent.png","width":1782,"height":626,"caption":"Buletin de Bucure\u0219ti"},"image":{"@id":"https:\/\/buletin.de\/bucuresti\/#\/schema\/logo\/image\/"},"sameAs":["https:\/\/www.facebook.com\/buletin.de.buc","https:\/\/www.instagram.com\/buletinde.bucuresti\/"]},{"@type":"Person","@id":"https:\/\/buletin.de\/bucuresti\/#\/schema\/person\/2819fb03d7d82e0333d761e0bad0689a","name":"Mihai T\u0103nase","image":{"@type":"ImageObject","inLanguage":"en-GB","@id":"https:\/\/secure.gravatar.com\/avatar\/797b5e7b8c848c627197cdbaa6ff42ae4d96bd9a5e1a0944a2265b990d845c32?s=96&d=monsterid&r=g8dadac421dec5956e345ca4f17ca6fa8","url":"https:\/\/secure.gravatar.com\/avatar\/797b5e7b8c848c627197cdbaa6ff42ae4d96bd9a5e1a0944a2265b990d845c32?s=96&d=monsterid&r=g","contentUrl":"https:\/\/secure.gravatar.com\/avatar\/797b5e7b8c848c627197cdbaa6ff42ae4d96bd9a5e1a0944a2265b990d845c32?s=96&d=monsterid&r=g","caption":"Mihai T\u0103nase"},"url":"https:\/\/buletin.de\/bucuresti\/author\/mihaitanase\/"}]}},"authors":[{"term_id":22595,"user_id":23,"is_guest":0,"slug":"mihaitanase","display_name":"Mihai T\u0103nase","avatar_url":"https:\/\/secure.gravatar.com\/avatar\/797b5e7b8c848c627197cdbaa6ff42ae4d96bd9a5e1a0944a2265b990d845c32?s=96&d=monsterid&r=g","0":null,"1":"","2":"","3":"","4":"","5":"","6":"","7":"","8":""}],"_links":{"self":[{"href":"https:\/\/buletin.de\/bucuresti\/wp-json\/wp\/v2\/posts\/19757","targetHints":{"allow":["GET"]}}],"collection":[{"href":"https:\/\/buletin.de\/bucuresti\/wp-json\/wp\/v2\/posts"}],"about":[{"href":"https:\/\/buletin.de\/bucuresti\/wp-json\/wp\/v2\/types\/post"}],"author":[{"embeddable":true,"href":"https:\/\/buletin.de\/bucuresti\/wp-json\/wp\/v2\/users\/23"}],"replies":[{"embeddable":true,"href":"https:\/\/buletin.de\/bucuresti\/wp-json\/wp\/v2\/comments?post=19757"}],"version-history":[{"count":11,"href":"https:\/\/buletin.de\/bucuresti\/wp-json\/wp\/v2\/posts\/19757\/revisions"}],"predecessor-version":[{"id":19796,"href":"https:\/\/buletin.de\/bucuresti\/wp-json\/wp\/v2\/posts\/19757\/revisions\/19796"}],"wp:featuredmedia":[{"embeddable":true,"href":"https:\/\/buletin.de\/bucuresti\/wp-json\/wp\/v2\/media\/19762"}],"wp:attachment":[{"href":"https:\/\/buletin.de\/bucuresti\/wp-json\/wp\/v2\/media?parent=19757"}],"wp:term":[{"taxonomy":"category","embeddable":true,"href":"https:\/\/buletin.de\/bucuresti\/wp-json\/wp\/v2\/categories?post=19757"},{"taxonomy":"post_tag","embeddable":true,"href":"https:\/\/buletin.de\/bucuresti\/wp-json\/wp\/v2\/tags?post=19757"},{"taxonomy":"author","embeddable":true,"href":"https:\/\/buletin.de\/bucuresti\/wp-json\/wp\/v2\/ppma_author?post=19757"}],"curies":[{"name":"wp","href":"https:\/\/api.w.org\/{rel}","templated":true}]}}