{"id":197331,"date":"2026-06-02T12:18:32","date_gmt":"2026-06-02T09:18:32","guid":{"rendered":"https:\/\/buletin.de\/bucuresti\/?p=197331"},"modified":"2026-06-04T12:15:58","modified_gmt":"2026-06-04T09:15:58","slug":"desfiintarea-a-10-institutii-din-cadrul-primariei-capitalei-se-amana-cu-15-zile-care-este-motivul","status":"publish","type":"post","link":"https:\/\/buletin.de\/bucuresti\/desfiintarea-a-10-institutii-din-cadrul-primariei-capitalei-se-amana-cu-15-zile-care-este-motivul\/","title":{"rendered":"Desfiin\u021barea a 10 institu\u021bii din cadrul Prim\u0103riei Capitalei se am\u00e2n\u0103 cu 15 zile. Care este motivul"},"content":{"rendered":"\n<p class=\"wp-block-paragraph\"><strong>Consiliul General al Municipiului Bucure\u0219ti (CGMB) a decis \u00een luna martie desfiin\u021barea a 10 institu\u021bii din subordinea Prim\u0103riei. Toate urmeaz\u0103 s\u0103 fie asimilate de alte dou\u0103 entit\u0103\u021bi Administra\u021bia Domeniului Public a Municipiului Bucure\u0219ti (ADPMB) \u0219i Direc\u021bia General\u0103 de Arte \u0219i Evenimente Urbane.<\/strong><\/p>\n\n\n\n<p class=\"wp-block-paragraph\"><strong>Update.<\/strong> Proiectul a fost adoptat cu 48 voturi pentru \u0219i o ab\u021binere, \u00een \u0219edin\u021ba CGMB din 4 iunie.<\/p>\n\n\n\n<hr class=\"wp-block-separator has-alpha-channel-opacity\"\/>\n\n\n\n<p class=\"wp-block-paragraph\">Termenul pentru transferul complet ar fi trebuie s\u0103 fie 15 iunie, dar dou\u0103 proiecte de hot\u0103r\u00e2re supuse adopt\u0103rii aceluia\u0219i CGMB propun prelungirea acestuia cu \u00eenc\u0103 15 zile. <\/p>\n\n\n\n<h2 class=\"wp-block-heading\" id=\"h-de-ce-s-a-amanat-desfiin\u021barea-a-10-institu\u021bii\">De ce s-a am\u00e2nat Desfiin\u021barea a 10 institu\u021bii<\/h2>\n\n\n\n<p class=\"wp-block-paragraph\"><strong>Administra\u021bia Domeniului Public a Municipiului Bucure\u0219ti <\/strong>urmeaz\u0103 s\u0103 absoarb\u0103 Administra\u021bia Lacuri, Parcuri \u0219i Agrement Bucure\u0219ti, Centrul de Protec\u021bie a Plantelor Bucure\u0219ti \u0219i Administra\u021bia Cimitirelor \u0219i Crematoriilor Umane.<\/p>\n\n\n\n<p class=\"wp-block-paragraph\"><strong>Direc\u021bia General\u0103 de Arte \u0219i Evenimente Urbane<\/strong> urmeaz\u0103 s\u0103 absoarb\u0103 Centrul de Proiecte Culturale al Municipiului Bucure\u0219ti (ARCUB) Centrul de Crea\u021bie, Art\u0103 \u0219i Tradi\u021bie al Municipiului Bucure\u0219ti (CREART),  Centrul de Proiecte Educa\u021bionale \u0219i Sportive Bucure\u0219ti (PROEDUS), Centrul pentru Tineret al Municipiului Bucure\u0219ti, Centrul Cultural Expo Arte, Centrul Cultural Lumina \u0219i \u0218coala de Art\u0103 Bucure\u0219ti.<\/p>\n\n\n\n<p class=\"wp-block-paragraph\">Prelungirea cu 15 zile a termenului ini\u021bial de desfiin\u021bare a fost solicitat\u0103 de ADPMB, deoarece nu a fost suficient timp pentru a finaliza transferul de personal, patrimoniu \u0219i situa\u021biile financiare de \u00eenchidere, conform <a href=\"https:\/\/doc.pmb.ro\/consiliu\/sedinte\/582\/oz\/13413.pdf\" target=\"_blank\" rel=\"noreferrer noopener\">proiectului de hot\u0103r\u00e2re<\/a>. <\/p>\n\n\n\n<p class=\"wp-block-paragraph\"><strong>Documentul prevede \u0219i dou\u0103 atribu\u021bii noi pentru aceast\u0103 institu\u021bie, care nu fusesere prinse \u00een hot\u0103r\u00e2rea de \u00eenfiin\u021bare din martie anul acesta. <\/strong><\/p>\n\n\n\n<p class=\"wp-block-paragraph\">Astfel, Administra\u021bia Domeniului Public a Municipiului Bucure\u0219ti poate executa lucr\u0103rile de desfiin\u021bare a construc\u021biilor ilegale dispuse de autorit\u0103\u021bi, at\u00e2t pe terenurile pe care le administreaz\u0103 direct, c\u00e2t \u0219i pe terenurile din domeniul public sau privat al Municipiului Bucure\u0219ti <strong>pentru care nu exist\u0103 un administrator desemnat<\/strong>. De asemenea, va asigura igienizarea imobilelor municipale f\u0103r\u0103 administrator, \u00eendep\u0103rtarea vegeta\u021biei spontane cu diametru sub 7 cm, combaterea <strong>ambroziei<\/strong> (<em>Ambrosia artemisiifolia<\/em>) \u0219i \u00eentre\u021binerea vegeta\u021biei dendrologice pe aceste terenuri.<\/p>\n\n\n\n<p class=\"wp-block-paragraph\">Practic, prin aceste dou\u0103 atribu\u021bii, ADPMB devine responsabil\u0103 de <strong>\u201eterenurile nim\u0103nui&#8221;<\/strong> din patrimoniul Municipiului Bucure\u0219ti \u2014 propriet\u0103\u021bi care p\u00e2n\u0103 acum nu aveau nicio institu\u021bie desemnat\u0103 s\u0103 le \u00eengrijeasc\u0103 sau s\u0103 intervin\u0103.<\/p>\n\n\n\n<p class=\"wp-block-paragraph\">De asemenea, mai este corectat\u0103 \u0219i o gre\u0219eal\u0103 din prima hot\u0103r\u00e2re, prin care au fost omise dou\u0103 propriet\u0103\u021bi publice ale Municipiului Bucure\u0219ti ce urmeaz\u0103 s\u0103 intre \u00een administrarea ADPMB.<\/p>\n\n\n\n<p class=\"wp-block-paragraph\"><strong>CITE\u0218TE \u0218I: <a href=\"https:\/\/buletin.de\/bucuresti\/10-institutii-din-subordinea-primariei-capitalei-propuse-pentru-comasare-apar-administratia-domeniului-public-si-directia-de-arte-si-evenimente\/\" target=\"_blank\" rel=\"noreferrer noopener\">10 institu\u021bii din subordinea Prim\u0103riei Capitalei propuse pentru comasare. Apar Administra\u021bia Domeniului Public \u0219i Direc\u021bia de Arte \u0219i Evenimente&nbsp;<\/a><\/strong><\/p>\n\n\n\n<h2 class=\"wp-block-heading\" id=\"h-nu-este-timp-pentru-preluarea-a-mii-de-bunuri-\u0219i-documente\">Nu este timp pentru preluarea a mii de bunuri \u0219i documente<\/h2>\n\n\n\n<p class=\"wp-block-paragraph\"><strong>Cel de al doilea <a href=\"https:\/\/doc.pmb.ro\/consiliu\/sedinte\/582\/oz\/13414.pdf\" target=\"_blank\" rel=\"noreferrer noopener\">proiect de hot\u0103r\u00e2r<\/a>e supus votului Consiliului General este similar: ca \u0219i \u00een cazul ADPMB, termenul ini\u021bial de desfiin\u021bare a celor \u0219apte insitu\u021bii ce urmeaz\u0103 s\u0103 intre \u00een componen\u021ba noii Direc\u021bii de Arte \u0219i Evenimente Urbane (DAEU) a fost mutat de la 15 iunie la 30 iunie. <\/strong><\/p>\n\n\n\n<p class=\"wp-block-paragraph\">Motiva\u021bia pentru aceast\u0103 prelungire este legat\u0103 de faptul c\u0103 institu\u021bia nou \u00eenfiin\u021bat\u0103 a func\u021bionat p\u00e2n\u0103 acum cu doar 4 angaja\u021bi (un director general \u0219i trei deta\u0219a\u021bi de la ARCUB), insuficien\u021bi pentru a prelua simultan patrimoniul a \u0219apte institu\u021bii.<\/p>\n\n\n\n<p class=\"wp-block-paragraph\">Patrimoniul cumulat al celor \u0219apte institu\u021bii cuprinde mii de pozi\u021bii de bunuri \u00een depozite, care necesit\u0103 verificare fizic\u0103 \u0219i semn\u0103tur\u0103 din partea comisiilor. <\/p>\n\n\n\n<p class=\"wp-block-paragraph\">\u201eProcesul de reorganizare implic\u0103 preluarea integral\u0103 a patrimoniului mobil \u0219i imobil, a arhivei curente \u0219i istorice, a tuturor drepturilor \u0219i obligajiilor celor \u0219apte institutii desfiin\u021bate, precum \u0219i a personalului, in limita posturilor disponibile. <\/p>\n\n\n\n<p class=\"wp-block-paragraph\">Volumul activelor ce urmeaz\u0103 a fi inventariate, evaluate \u0219i preluate este deosebit de mare: patrimoniile cumulate ale celor \u0219apte institu\u021bii cuprind mii de pozitii de bunuri aflate \u00een depozite, a caror inventariere \u0219i predare-primire nu poate fi realizata fizic \u00een termenul actual, fixat Ia data de 15 iunie 2026, f\u0103r\u0103 riscul producerii unor erori cu consecin\u021be judiciare \u0219i financiare semnificative\u201d, se mai arat\u0103 \u00een proiect. <\/p>\n\n\n\n<p class=\"wp-block-paragraph\"><strong>De alfel, inclusiv Codul administrativ impune un termen de minimum 30 de zile \u00eentre publicarea anun\u021bului de transfer al personalului \u0219i data examenului \u2014 termen care expir\u0103 abia la finalul lunii iunie<\/strong>.<\/p>\n\n\n\n<p class=\"wp-block-paragraph\">Situa\u021biile financiare de \u00eenchidere ale institu\u021biilor desfiin\u021bate se depun la 30 iunie, astfel c\u0103 prelungirea aliniaz\u0103 transferul juridic cu cel contabil, evit\u00e2nd discrepan\u021be \u00een documentele de gestiune.<\/p>\n\n\n\n<p class=\"wp-block-paragraph\">Proiectul mai stabile\u0219te oficial sediul noii institu\u021bii la str. Lipscani nr. 84\u201390, Sector 3 \u2014 imobil care ofer\u0103 suficiente spa\u021bii de birouri pentru a concentra majoritatea personalului preluat de la cele \u0219apte institu\u021bii \u00eentr-o singur\u0103 loca\u021bie, \u00een loc s\u0103 fie dispersat \u00een mai multe sedii.<\/p>\n\n\n\n<p class=\"wp-block-paragraph\"><strong>CITE\u0218TE \u0218I: <a href=\"https:\/\/buletin.de\/bucuresti\/desfiintarea-a-10-institutii-din-subordinea-primariei-capitalei-propusa-de-ciucu-a-starnit-furia-sindicatelor-se-anunta-o-sedinta-de-cgmb-cu-scantei\/\" target=\"_blank\" rel=\"noreferrer noopener\">Desfiin\u021barea a 10 institu\u021bii din subordinea Prim\u0103riei Capitalei, propus\u0103 de Ciucu, a st\u00e2rnit furia sindicatelor. Se anun\u021b\u0103 o \u0219edin\u021b\u0103 de CGMB cu sc\u00e2ntei<\/a><\/strong><\/p>\n","protected":false},"excerpt":{"rendered":"<p>Consiliul General al Municipiului Bucure\u0219ti (CGMB) a decis \u00een luna martie desfiin\u021barea a 10 institu\u021bii din subordinea Prim\u0103riei. Toate urmeaz\u0103 s\u0103 fie asimilate de alte dou\u0103 entit\u0103\u021bi Administra\u021bia Domeniului Public a Municipiului Bucure\u0219ti (ADPMB) \u0219i Direc\u021bia General\u0103 de Arte \u0219i Evenimente Urbane. Update. Proiectul a fost adoptat cu 48 voturi pentru \u0219i o ab\u021binere, \u00een [&hellip;]<\/p>\n","protected":false},"author":60,"featured_media":197349,"comment_status":"closed","ping_status":"open","sticky":false,"template":"","format":"standard","meta":{"_acf_changed":false,"inline_featured_image":false,"ngg_post_thumbnail":0,"footnotes":""},"categories":[6994,5762,24],"tags":[3602,27417,26132,2089,3020,88,104,1007,27416],"ppma_author":[22582],"class_list":["post-197331","post","type-post","status-publish","format-standard","has-post-thumbnail","hentry","category-stiri-2","category-main","category-primarie","tag-arcub","tag-art-cultura","tag-centrul-lumina","tag-ciprian-ciucu","tag-comasare","tag-creart","tag-pmb","tag-proedus","tag-sindicatul-forum"],"acf":[],"a3_pvc":{"activated":false,"total_views":0,"today_views":0},"yoast_head":"<!-- This site is optimized with the Yoast SEO Premium plugin v28.0 (Yoast SEO v28.3) - https:\/\/yoast.com\/product\/yoast-seo-premium-wordpress\/ -->\n<title>Desfiin\u021barea a 10 institu\u021bii din cadrul Prim\u0103riei Capitalei se am\u00e2n\u0103 cu 15 zile. Care este motivul - Buletin de Bucure\u0219ti<\/title>\n<meta name=\"description\" content=\"Consiliul General al Municipiului Bucure\u0219ti (CGMB) a decis \u00een luna martie desfiin\u021barea a 10 institu\u021bii din subordinea Prim\u0103riei.\" \/>\n<meta name=\"robots\" content=\"index, follow, max-snippet:-1, max-image-preview:large, max-video-preview:-1\" \/>\n<link rel=\"canonical\" href=\"https:\/\/buletin.de\/bucuresti\/desfiintarea-a-10-institutii-din-cadrul-primariei-capitalei-se-amana-cu-15-zile-care-este-motivul\/\" \/>\n<meta property=\"og:locale\" content=\"en_GB\" \/>\n<meta property=\"og:type\" content=\"article\" \/>\n<meta property=\"og:title\" content=\"Desfiin\u021barea a 10 institu\u021bii din cadrul Prim\u0103riei Capitalei se am\u00e2n\u0103 cu 15 zile. Care este motivul\" \/>\n<meta property=\"og:description\" content=\"Consiliul General al Municipiului Bucure\u0219ti (CGMB) a decis \u00een luna martie desfiin\u021barea a 10 institu\u021bii din subordinea Prim\u0103riei.\" \/>\n<meta property=\"og:url\" content=\"https:\/\/buletin.de\/bucuresti\/desfiintarea-a-10-institutii-din-cadrul-primariei-capitalei-se-amana-cu-15-zile-care-este-motivul\/\" \/>\n<meta property=\"og:site_name\" content=\"Buletin de Bucure\u0219ti\" \/>\n<meta property=\"article:publisher\" content=\"https:\/\/www.facebook.com\/buletin.de.buc\" \/>\n<meta property=\"article:published_time\" content=\"2026-06-02T09:18:32+00:00\" \/>\n<meta property=\"article:modified_time\" content=\"2026-06-04T09:15:58+00:00\" \/>\n<meta property=\"og:image\" content=\"https:\/\/buletin.de\/bucuresti\/wp-content\/uploads\/2026\/06\/arcub-copie.jpg\" \/>\n\t<meta property=\"og:image:width\" content=\"1200\" \/>\n\t<meta property=\"og:image:height\" content=\"800\" \/>\n\t<meta property=\"og:image:type\" content=\"image\/jpeg\" \/>\n<meta name=\"author\" content=\"R\u0103zvan Chiru\u021b\u0103\" \/>\n<meta name=\"twitter:card\" content=\"summary_large_image\" \/>\n<meta name=\"twitter:label1\" content=\"Written by\" \/>\n\t<meta name=\"twitter:data1\" content=\"R\u0103zvan Chiru\u021b\u0103\" \/>\n\t<meta name=\"twitter:label2\" content=\"Estimated reading time\" \/>\n\t<meta name=\"twitter:data2\" content=\"4 minutes\" \/>\n<script type=\"application\/ld+json\" class=\"yoast-schema-graph\">{\"@context\":\"https:\\\/\\\/schema.org\",\"@graph\":[{\"@type\":\"Article\",\"@id\":\"https:\\\/\\\/buletin.de\\\/bucuresti\\\/desfiintarea-a-10-institutii-din-cadrul-primariei-capitalei-se-amana-cu-15-zile-care-este-motivul\\\/#article\",\"isPartOf\":{\"@id\":\"https:\\\/\\\/buletin.de\\\/bucuresti\\\/desfiintarea-a-10-institutii-din-cadrul-primariei-capitalei-se-amana-cu-15-zile-care-este-motivul\\\/\"},\"author\":{\"name\":\"R\u0103zvan Chiru\u021b\u0103\",\"@id\":\"https:\\\/\\\/buletin.de\\\/bucuresti\\\/#\\\/schema\\\/person\\\/a76df728dfc913795a9d90e346b253bb\"},\"headline\":\"Desfiin\u021barea a 10 institu\u021bii din cadrul Prim\u0103riei Capitalei se am\u00e2n\u0103 cu 15 zile. Care este motivul\",\"datePublished\":\"2026-06-02T09:18:32+00:00\",\"dateModified\":\"2026-06-04T09:15:58+00:00\",\"mainEntityOfPage\":{\"@id\":\"https:\\\/\\\/buletin.de\\\/bucuresti\\\/desfiintarea-a-10-institutii-din-cadrul-primariei-capitalei-se-amana-cu-15-zile-care-este-motivul\\\/\"},\"wordCount\":847,\"publisher\":{\"@id\":\"https:\\\/\\\/buletin.de\\\/bucuresti\\\/#organization\"},\"image\":{\"@id\":\"https:\\\/\\\/buletin.de\\\/bucuresti\\\/desfiintarea-a-10-institutii-din-cadrul-primariei-capitalei-se-amana-cu-15-zile-care-este-motivul\\\/#primaryimage\"},\"thumbnailUrl\":\"https:\\\/\\\/buletin.de\\\/bucuresti\\\/wp-content\\\/uploads\\\/2026\\\/06\\\/arcub-copie.jpg\",\"keywords\":[\"arcub\",\"art cultura\",\"Centrul Lumina\",\"ciprian ciucu\",\"comasare\",\"creart\",\"pmb\",\"proedus\",\"sindicatul forum\"],\"articleSection\":[\"Articole\",\"Main\",\"Prim\u0103rie\"],\"inLanguage\":\"en-GB\",\"copyrightYear\":\"2026\",\"copyrightHolder\":{\"@id\":\"https:\\\/\\\/buletin.de\\\/bucuresti\\\/#organization\"}},{\"@type\":\"WebPage\",\"@id\":\"https:\\\/\\\/buletin.de\\\/bucuresti\\\/desfiintarea-a-10-institutii-din-cadrul-primariei-capitalei-se-amana-cu-15-zile-care-este-motivul\\\/\",\"url\":\"https:\\\/\\\/buletin.de\\\/bucuresti\\\/desfiintarea-a-10-institutii-din-cadrul-primariei-capitalei-se-amana-cu-15-zile-care-este-motivul\\\/\",\"name\":\"Desfiin\u021barea a 10 institu\u021bii din cadrul Prim\u0103riei Capitalei se am\u00e2n\u0103 cu 15 zile. Care este motivul - Buletin de Bucure\u0219ti\",\"isPartOf\":{\"@id\":\"https:\\\/\\\/buletin.de\\\/bucuresti\\\/#website\"},\"primaryImageOfPage\":{\"@id\":\"https:\\\/\\\/buletin.de\\\/bucuresti\\\/desfiintarea-a-10-institutii-din-cadrul-primariei-capitalei-se-amana-cu-15-zile-care-este-motivul\\\/#primaryimage\"},\"image\":{\"@id\":\"https:\\\/\\\/buletin.de\\\/bucuresti\\\/desfiintarea-a-10-institutii-din-cadrul-primariei-capitalei-se-amana-cu-15-zile-care-este-motivul\\\/#primaryimage\"},\"thumbnailUrl\":\"https:\\\/\\\/buletin.de\\\/bucuresti\\\/wp-content\\\/uploads\\\/2026\\\/06\\\/arcub-copie.jpg\",\"datePublished\":\"2026-06-02T09:18:32+00:00\",\"dateModified\":\"2026-06-04T09:15:58+00:00\",\"description\":\"Consiliul General al Municipiului Bucure\u0219ti (CGMB) a decis \u00een luna martie desfiin\u021barea a 10 institu\u021bii din subordinea Prim\u0103riei.\",\"breadcrumb\":{\"@id\":\"https:\\\/\\\/buletin.de\\\/bucuresti\\\/desfiintarea-a-10-institutii-din-cadrul-primariei-capitalei-se-amana-cu-15-zile-care-este-motivul\\\/#breadcrumb\"},\"inLanguage\":\"en-GB\",\"potentialAction\":[{\"@type\":\"ReadAction\",\"target\":[\"https:\\\/\\\/buletin.de\\\/bucuresti\\\/desfiintarea-a-10-institutii-din-cadrul-primariei-capitalei-se-amana-cu-15-zile-care-este-motivul\\\/\"]}]},{\"@type\":\"ImageObject\",\"inLanguage\":\"en-GB\",\"@id\":\"https:\\\/\\\/buletin.de\\\/bucuresti\\\/desfiintarea-a-10-institutii-din-cadrul-primariei-capitalei-se-amana-cu-15-zile-care-este-motivul\\\/#primaryimage\",\"url\":\"https:\\\/\\\/buletin.de\\\/bucuresti\\\/wp-content\\\/uploads\\\/2026\\\/06\\\/arcub-copie.jpg\",\"contentUrl\":\"https:\\\/\\\/buletin.de\\\/bucuresti\\\/wp-content\\\/uploads\\\/2026\\\/06\\\/arcub-copie.jpg\",\"width\":1200,\"height\":800,\"caption\":\"Foto Arcub\"},{\"@type\":\"BreadcrumbList\",\"@id\":\"https:\\\/\\\/buletin.de\\\/bucuresti\\\/desfiintarea-a-10-institutii-din-cadrul-primariei-capitalei-se-amana-cu-15-zile-care-este-motivul\\\/#breadcrumb\",\"itemListElement\":[{\"@type\":\"ListItem\",\"position\":1,\"name\":\"Acas\u0103\",\"item\":\"https:\\\/\\\/buletin.de\\\/bucuresti\\\/\"},{\"@type\":\"ListItem\",\"position\":2,\"name\":\"Desfiin\u021barea a 10 institu\u021bii din cadrul Prim\u0103riei Capitalei se am\u00e2n\u0103 cu 15 zile. Care este motivul\"}]},{\"@type\":\"WebSite\",\"@id\":\"https:\\\/\\\/buletin.de\\\/bucuresti\\\/#website\",\"url\":\"https:\\\/\\\/buletin.de\\\/bucuresti\\\/\",\"name\":\"Buletin de Bucure\u0219ti\",\"description\":\"\u0218tiri \u0219i investiga\u021bii esen\u021biale din capital\u0103\",\"publisher\":{\"@id\":\"https:\\\/\\\/buletin.de\\\/bucuresti\\\/#organization\"},\"potentialAction\":[{\"@type\":\"SearchAction\",\"target\":{\"@type\":\"EntryPoint\",\"urlTemplate\":\"https:\\\/\\\/buletin.de\\\/bucuresti\\\/?s={search_term_string}\"},\"query-input\":{\"@type\":\"PropertyValueSpecification\",\"valueRequired\":true,\"valueName\":\"search_term_string\"}}],\"inLanguage\":\"en-GB\"},{\"@type\":\"Organization\",\"@id\":\"https:\\\/\\\/buletin.de\\\/bucuresti\\\/#organization\",\"name\":\"Buletin de Bucure\u0219ti\",\"url\":\"https:\\\/\\\/buletin.de\\\/bucuresti\\\/\",\"logo\":{\"@type\":\"ImageObject\",\"inLanguage\":\"en-GB\",\"@id\":\"https:\\\/\\\/buletin.de\\\/bucuresti\\\/#\\\/schema\\\/logo\\\/image\\\/\",\"url\":\"https:\\\/\\\/buletin.de\\\/bucuresti\\\/wp-content\\\/uploads\\\/logo-bdb-full-wide-vernil-transparent.png\",\"contentUrl\":\"https:\\\/\\\/buletin.de\\\/bucuresti\\\/wp-content\\\/uploads\\\/logo-bdb-full-wide-vernil-transparent.png\",\"width\":1782,\"height\":626,\"caption\":\"Buletin de Bucure\u0219ti\"},\"image\":{\"@id\":\"https:\\\/\\\/buletin.de\\\/bucuresti\\\/#\\\/schema\\\/logo\\\/image\\\/\"},\"sameAs\":[\"https:\\\/\\\/www.facebook.com\\\/buletin.de.buc\",\"https:\\\/\\\/www.instagram.com\\\/buletinde.bucuresti\\\/\"]},{\"@type\":\"Person\",\"@id\":\"https:\\\/\\\/buletin.de\\\/bucuresti\\\/#\\\/schema\\\/person\\\/a76df728dfc913795a9d90e346b253bb\",\"name\":\"R\u0103zvan Chiru\u021b\u0103\",\"image\":{\"@type\":\"ImageObject\",\"inLanguage\":\"en-GB\",\"@id\":\"https:\\\/\\\/buletin.de\\\/bucuresti\\\/wp-content\\\/uploads\\\/Razvan-Chiruta-96x96.jpge7143b996fd4241fbd6ee1f6b6b7b267\",\"url\":\"https:\\\/\\\/buletin.de\\\/bucuresti\\\/wp-content\\\/uploads\\\/Razvan-Chiruta-96x96.jpg\",\"contentUrl\":\"https:\\\/\\\/buletin.de\\\/bucuresti\\\/wp-content\\\/uploads\\\/Razvan-Chiruta-96x96.jpg\",\"caption\":\"R\u0103zvan Chiru\u021b\u0103\"},\"description\":\"R\u0103zvan Chiru\u021b\u0103 este redactor-\u0219ef adjunct din iulie 2024. A fost redactor-\u0219ef al PRESShub \u00eentre 2022 \u0219i iunie 2024. Anterior, a fost redactor-\u0219ef al Newsweek Rom\u00e2nia, din 2018 p\u00e2n\u0103 \u00een 2021, \u0219i al cotidianului Rom\u00e2nia liber\u0103, \u00eentre 2015 \u0219i 2017. Este absolvent de Jurnalism, \u00een cadrul Universit\u0103\u021bii \u201eAl.I.Cuza\u201d din Ia\u0219i, \u0219i a urmat un master \u00een Managementul institu\u021biilor mass-media (f\u0103r\u0103 diserta\u021bie) la Facultatea de Jurnalism \u0219i \u0218tiin\u021bele Comunic\u0103rii din cadrul Universit\u0103\u021bii din Bucure\u0219ti. \u0218i-a \u00eenceput cariera la Opinia studen\u021beasc\u0103, cunoscuta \u0219coal\u0103 de pres\u0103 din Ia\u0219i. A lucrat \u00een presa local\u0103, apoi a devenit corespondent pentru Ia\u0219i al cotidianului Evenimentul Zilei. Din 2004, a coordonat pentru \u0219ase luni sec\u021bia de coresponden\u021bi a Evenimentului Zilei. A mai lucrat la s\u0103pt\u0103m\u00e2nalul Prezent \u0219i a colaborat cu revistele Dilema Veche \u0219i Suplimentul de Cultur\u0103. Este co-autor \u00een volumele \u201eMass-media \u0219i democra\u021bia \u00een Rom\u00e2nia post-comunist\u0103\u201d (ed. a II-a), Ed. Institutul European, Ia\u0219i, 2013, \u0219i \u201eCOVID - 19. Dimensiuni ale gestionarii pandemiei\u201d, Editura Junimea, Ia\u0219i, 2020.\",\"url\":\"https:\\\/\\\/buletin.de\\\/bucuresti\\\/author\\\/razvan-chiruta\\\/\"}]}<\/script>\n<!-- \/ Yoast SEO Premium plugin. -->","yoast_head_json":{"title":"Desfiin\u021barea a 10 institu\u021bii din cadrul Prim\u0103riei Capitalei se am\u00e2n\u0103 cu 15 zile. Care este motivul - Buletin de Bucure\u0219ti","description":"Consiliul General al Municipiului Bucure\u0219ti (CGMB) a decis \u00een luna martie desfiin\u021barea a 10 institu\u021bii din subordinea Prim\u0103riei.","robots":{"index":"index","follow":"follow","max-snippet":"max-snippet:-1","max-image-preview":"max-image-preview:large","max-video-preview":"max-video-preview:-1"},"canonical":"https:\/\/buletin.de\/bucuresti\/desfiintarea-a-10-institutii-din-cadrul-primariei-capitalei-se-amana-cu-15-zile-care-este-motivul\/","og_locale":"en_GB","og_type":"article","og_title":"Desfiin\u021barea a 10 institu\u021bii din cadrul Prim\u0103riei Capitalei se am\u00e2n\u0103 cu 15 zile. Care este motivul","og_description":"Consiliul General al Municipiului Bucure\u0219ti (CGMB) a decis \u00een luna martie desfiin\u021barea a 10 institu\u021bii din subordinea Prim\u0103riei.","og_url":"https:\/\/buletin.de\/bucuresti\/desfiintarea-a-10-institutii-din-cadrul-primariei-capitalei-se-amana-cu-15-zile-care-este-motivul\/","og_site_name":"Buletin de Bucure\u0219ti","article_publisher":"https:\/\/www.facebook.com\/buletin.de.buc","article_published_time":"2026-06-02T09:18:32+00:00","article_modified_time":"2026-06-04T09:15:58+00:00","og_image":[{"width":1200,"height":800,"url":"https:\/\/buletin.de\/bucuresti\/wp-content\/uploads\/2026\/06\/arcub-copie.jpg","type":"image\/jpeg"}],"author":"R\u0103zvan Chiru\u021b\u0103","twitter_card":"summary_large_image","twitter_misc":{"Written by":"R\u0103zvan Chiru\u021b\u0103","Estimated reading time":"4 minutes"},"schema":{"@context":"https:\/\/schema.org","@graph":[{"@type":"Article","@id":"https:\/\/buletin.de\/bucuresti\/desfiintarea-a-10-institutii-din-cadrul-primariei-capitalei-se-amana-cu-15-zile-care-este-motivul\/#article","isPartOf":{"@id":"https:\/\/buletin.de\/bucuresti\/desfiintarea-a-10-institutii-din-cadrul-primariei-capitalei-se-amana-cu-15-zile-care-este-motivul\/"},"author":{"name":"R\u0103zvan Chiru\u021b\u0103","@id":"https:\/\/buletin.de\/bucuresti\/#\/schema\/person\/a76df728dfc913795a9d90e346b253bb"},"headline":"Desfiin\u021barea a 10 institu\u021bii din cadrul Prim\u0103riei Capitalei se am\u00e2n\u0103 cu 15 zile. Care este motivul","datePublished":"2026-06-02T09:18:32+00:00","dateModified":"2026-06-04T09:15:58+00:00","mainEntityOfPage":{"@id":"https:\/\/buletin.de\/bucuresti\/desfiintarea-a-10-institutii-din-cadrul-primariei-capitalei-se-amana-cu-15-zile-care-este-motivul\/"},"wordCount":847,"publisher":{"@id":"https:\/\/buletin.de\/bucuresti\/#organization"},"image":{"@id":"https:\/\/buletin.de\/bucuresti\/desfiintarea-a-10-institutii-din-cadrul-primariei-capitalei-se-amana-cu-15-zile-care-este-motivul\/#primaryimage"},"thumbnailUrl":"https:\/\/buletin.de\/bucuresti\/wp-content\/uploads\/2026\/06\/arcub-copie.jpg","keywords":["arcub","art cultura","Centrul Lumina","ciprian ciucu","comasare","creart","pmb","proedus","sindicatul forum"],"articleSection":["Articole","Main","Prim\u0103rie"],"inLanguage":"en-GB","copyrightYear":"2026","copyrightHolder":{"@id":"https:\/\/buletin.de\/bucuresti\/#organization"}},{"@type":"WebPage","@id":"https:\/\/buletin.de\/bucuresti\/desfiintarea-a-10-institutii-din-cadrul-primariei-capitalei-se-amana-cu-15-zile-care-este-motivul\/","url":"https:\/\/buletin.de\/bucuresti\/desfiintarea-a-10-institutii-din-cadrul-primariei-capitalei-se-amana-cu-15-zile-care-este-motivul\/","name":"Desfiin\u021barea a 10 institu\u021bii din cadrul Prim\u0103riei Capitalei se am\u00e2n\u0103 cu 15 zile. Care este motivul - Buletin de Bucure\u0219ti","isPartOf":{"@id":"https:\/\/buletin.de\/bucuresti\/#website"},"primaryImageOfPage":{"@id":"https:\/\/buletin.de\/bucuresti\/desfiintarea-a-10-institutii-din-cadrul-primariei-capitalei-se-amana-cu-15-zile-care-este-motivul\/#primaryimage"},"image":{"@id":"https:\/\/buletin.de\/bucuresti\/desfiintarea-a-10-institutii-din-cadrul-primariei-capitalei-se-amana-cu-15-zile-care-este-motivul\/#primaryimage"},"thumbnailUrl":"https:\/\/buletin.de\/bucuresti\/wp-content\/uploads\/2026\/06\/arcub-copie.jpg","datePublished":"2026-06-02T09:18:32+00:00","dateModified":"2026-06-04T09:15:58+00:00","description":"Consiliul General al Municipiului Bucure\u0219ti (CGMB) a decis \u00een luna martie desfiin\u021barea a 10 institu\u021bii din subordinea Prim\u0103riei.","breadcrumb":{"@id":"https:\/\/buletin.de\/bucuresti\/desfiintarea-a-10-institutii-din-cadrul-primariei-capitalei-se-amana-cu-15-zile-care-este-motivul\/#breadcrumb"},"inLanguage":"en-GB","potentialAction":[{"@type":"ReadAction","target":["https:\/\/buletin.de\/bucuresti\/desfiintarea-a-10-institutii-din-cadrul-primariei-capitalei-se-amana-cu-15-zile-care-este-motivul\/"]}]},{"@type":"ImageObject","inLanguage":"en-GB","@id":"https:\/\/buletin.de\/bucuresti\/desfiintarea-a-10-institutii-din-cadrul-primariei-capitalei-se-amana-cu-15-zile-care-este-motivul\/#primaryimage","url":"https:\/\/buletin.de\/bucuresti\/wp-content\/uploads\/2026\/06\/arcub-copie.jpg","contentUrl":"https:\/\/buletin.de\/bucuresti\/wp-content\/uploads\/2026\/06\/arcub-copie.jpg","width":1200,"height":800,"caption":"Foto Arcub"},{"@type":"BreadcrumbList","@id":"https:\/\/buletin.de\/bucuresti\/desfiintarea-a-10-institutii-din-cadrul-primariei-capitalei-se-amana-cu-15-zile-care-este-motivul\/#breadcrumb","itemListElement":[{"@type":"ListItem","position":1,"name":"Acas\u0103","item":"https:\/\/buletin.de\/bucuresti\/"},{"@type":"ListItem","position":2,"name":"Desfiin\u021barea a 10 institu\u021bii din cadrul Prim\u0103riei Capitalei se am\u00e2n\u0103 cu 15 zile. Care este motivul"}]},{"@type":"WebSite","@id":"https:\/\/buletin.de\/bucuresti\/#website","url":"https:\/\/buletin.de\/bucuresti\/","name":"Buletin de Bucure\u0219ti","description":"\u0218tiri \u0219i investiga\u021bii esen\u021biale din capital\u0103","publisher":{"@id":"https:\/\/buletin.de\/bucuresti\/#organization"},"potentialAction":[{"@type":"SearchAction","target":{"@type":"EntryPoint","urlTemplate":"https:\/\/buletin.de\/bucuresti\/?s={search_term_string}"},"query-input":{"@type":"PropertyValueSpecification","valueRequired":true,"valueName":"search_term_string"}}],"inLanguage":"en-GB"},{"@type":"Organization","@id":"https:\/\/buletin.de\/bucuresti\/#organization","name":"Buletin de Bucure\u0219ti","url":"https:\/\/buletin.de\/bucuresti\/","logo":{"@type":"ImageObject","inLanguage":"en-GB","@id":"https:\/\/buletin.de\/bucuresti\/#\/schema\/logo\/image\/","url":"https:\/\/buletin.de\/bucuresti\/wp-content\/uploads\/logo-bdb-full-wide-vernil-transparent.png","contentUrl":"https:\/\/buletin.de\/bucuresti\/wp-content\/uploads\/logo-bdb-full-wide-vernil-transparent.png","width":1782,"height":626,"caption":"Buletin de Bucure\u0219ti"},"image":{"@id":"https:\/\/buletin.de\/bucuresti\/#\/schema\/logo\/image\/"},"sameAs":["https:\/\/www.facebook.com\/buletin.de.buc","https:\/\/www.instagram.com\/buletinde.bucuresti\/"]},{"@type":"Person","@id":"https:\/\/buletin.de\/bucuresti\/#\/schema\/person\/a76df728dfc913795a9d90e346b253bb","name":"R\u0103zvan Chiru\u021b\u0103","image":{"@type":"ImageObject","inLanguage":"en-GB","@id":"https:\/\/buletin.de\/bucuresti\/wp-content\/uploads\/Razvan-Chiruta-96x96.jpge7143b996fd4241fbd6ee1f6b6b7b267","url":"https:\/\/buletin.de\/bucuresti\/wp-content\/uploads\/Razvan-Chiruta-96x96.jpg","contentUrl":"https:\/\/buletin.de\/bucuresti\/wp-content\/uploads\/Razvan-Chiruta-96x96.jpg","caption":"R\u0103zvan Chiru\u021b\u0103"},"description":"R\u0103zvan Chiru\u021b\u0103 este redactor-\u0219ef adjunct din iulie 2024. A fost redactor-\u0219ef al PRESShub \u00eentre 2022 \u0219i iunie 2024. Anterior, a fost redactor-\u0219ef al Newsweek Rom\u00e2nia, din 2018 p\u00e2n\u0103 \u00een 2021, \u0219i al cotidianului Rom\u00e2nia liber\u0103, \u00eentre 2015 \u0219i 2017. Este absolvent de Jurnalism, \u00een cadrul Universit\u0103\u021bii \u201eAl.I.Cuza\u201d din Ia\u0219i, \u0219i a urmat un master \u00een Managementul institu\u021biilor mass-media (f\u0103r\u0103 diserta\u021bie) la Facultatea de Jurnalism \u0219i \u0218tiin\u021bele Comunic\u0103rii din cadrul Universit\u0103\u021bii din Bucure\u0219ti. \u0218i-a \u00eenceput cariera la Opinia studen\u021beasc\u0103, cunoscuta \u0219coal\u0103 de pres\u0103 din Ia\u0219i. A lucrat \u00een presa local\u0103, apoi a devenit corespondent pentru Ia\u0219i al cotidianului Evenimentul Zilei. Din 2004, a coordonat pentru \u0219ase luni sec\u021bia de coresponden\u021bi a Evenimentului Zilei. A mai lucrat la s\u0103pt\u0103m\u00e2nalul Prezent \u0219i a colaborat cu revistele Dilema Veche \u0219i Suplimentul de Cultur\u0103. Este co-autor \u00een volumele \u201eMass-media \u0219i democra\u021bia \u00een Rom\u00e2nia post-comunist\u0103\u201d (ed. a II-a), Ed. Institutul European, Ia\u0219i, 2013, \u0219i \u201eCOVID - 19. Dimensiuni ale gestionarii pandemiei\u201d, Editura Junimea, Ia\u0219i, 2020.","url":"https:\/\/buletin.de\/bucuresti\/author\/razvan-chiruta\/"}]}},"authors":[{"term_id":22582,"user_id":60,"is_guest":0,"slug":"razvan-chiruta","display_name":"R\u0103zvan Chiru\u021b\u0103","avatar_url":"https:\/\/buletin.de\/bucuresti\/wp-content\/uploads\/Razvan-Chiruta-96x96.jpg","author_category":"","first_name":"R\u0103zvan","last_name":"Chiru\u021b\u0103","user_url":"","job_title":"","description":"R\u0103zvan Chiru\u021b\u0103 este redactor-\u0219ef adjunct din iulie 2024.\r\n\r\nA fost redactor-\u0219ef al PRESShub \u00eentre 2022 \u0219i iunie 2024. Anterior, a fost redactor-\u0219ef al Newsweek Rom\u00e2nia, din 2018 p\u00e2n\u0103 \u00een 2021, \u0219i al cotidianului Rom\u00e2nia liber\u0103, \u00eentre 2015 \u0219i 2017. \r\n\r\nEste absolvent de Jurnalism, \u00een cadrul Universit\u0103\u021bii \u201eAl.I.Cuza\u201d din Ia\u0219i, \u0219i a urmat un master \u00een Managementul institu\u021biilor mass-media (f\u0103r\u0103 diserta\u021bie) la Facultatea de Jurnalism \u0219i \u0218tiin\u021bele Comunic\u0103rii din cadrul Universit\u0103\u021bii din Bucure\u0219ti. \r\n\r\n\u0218i-a \u00eenceput cariera la Opinia studen\u021beasc\u0103, cunoscuta \u0219coal\u0103 de pres\u0103 din Ia\u0219i. \r\n\r\nA lucrat \u00een presa local\u0103, apoi a devenit corespondent pentru Ia\u0219i al cotidianului Evenimentul Zilei. Din 2004, a coordonat pentru \u0219ase luni sec\u021bia de coresponden\u021bi a Evenimentului Zilei. \r\n\r\nA mai lucrat la s\u0103pt\u0103m\u00e2nalul Prezent \u0219i a colaborat cu revistele Dilema Veche \u0219i Suplimentul de Cultur\u0103. \r\n\r\nEste co-autor \u00een volumele \u201eMass-media \u0219i democra\u021bia \u00een Rom\u00e2nia post-comunist\u0103\u201d (ed. a II-a), Ed. Institutul European, Ia\u0219i, 2013, \u0219i \u201eCOVID - 19. Dimensiuni ale gestionarii pandemiei\u201d, Editura Junimea, Ia\u0219i, 2020."}],"_links":{"self":[{"href":"https:\/\/buletin.de\/bucuresti\/wp-json\/wp\/v2\/posts\/197331","targetHints":{"allow":["GET"]}}],"collection":[{"href":"https:\/\/buletin.de\/bucuresti\/wp-json\/wp\/v2\/posts"}],"about":[{"href":"https:\/\/buletin.de\/bucuresti\/wp-json\/wp\/v2\/types\/post"}],"author":[{"embeddable":true,"href":"https:\/\/buletin.de\/bucuresti\/wp-json\/wp\/v2\/users\/60"}],"replies":[{"embeddable":true,"href":"https:\/\/buletin.de\/bucuresti\/wp-json\/wp\/v2\/comments?post=197331"}],"version-history":[{"count":4,"href":"https:\/\/buletin.de\/bucuresti\/wp-json\/wp\/v2\/posts\/197331\/revisions"}],"predecessor-version":[{"id":197849,"href":"https:\/\/buletin.de\/bucuresti\/wp-json\/wp\/v2\/posts\/197331\/revisions\/197849"}],"wp:featuredmedia":[{"embeddable":true,"href":"https:\/\/buletin.de\/bucuresti\/wp-json\/wp\/v2\/media\/197349"}],"wp:attachment":[{"href":"https:\/\/buletin.de\/bucuresti\/wp-json\/wp\/v2\/media?parent=197331"}],"wp:term":[{"taxonomy":"category","embeddable":true,"href":"https:\/\/buletin.de\/bucuresti\/wp-json\/wp\/v2\/categories?post=197331"},{"taxonomy":"post_tag","embeddable":true,"href":"https:\/\/buletin.de\/bucuresti\/wp-json\/wp\/v2\/tags?post=197331"},{"taxonomy":"author","embeddable":true,"href":"https:\/\/buletin.de\/bucuresti\/wp-json\/wp\/v2\/ppma_author?post=197331"}],"curies":[{"name":"wp","href":"https:\/\/api.w.org\/{rel}","templated":true}]}}