{"id":197330,"date":"2026-06-02T11:59:36","date_gmt":"2026-06-02T08:59:36","guid":{"rendered":"https:\/\/buletin.de\/bucuresti\/?p=197330"},"modified":"2026-06-02T11:59:37","modified_gmt":"2026-06-02T08:59:37","slug":"concerte-ateliere-si-picnic-comunitar-la-bazar-de-cotroceni-editia-a-x-a-are-loc-in-weekendul-6-7-iunie","status":"publish","type":"post","link":"https:\/\/buletin.de\/bucuresti\/concerte-ateliere-si-picnic-comunitar-la-bazar-de-cotroceni-editia-a-x-a-are-loc-in-weekendul-6-7-iunie\/","title":{"rendered":"Concerte, ateliere \u0219i picnic comunitar, la Bazar de Cotroceni. Edi\u021bia a X-a are loc \u00een weekendul 6-7 iunie"},"content":{"rendered":"\n<p class=\"wp-block-paragraph\"><strong>\u00cen weekendul 6-7 iunie 2026 va avea loc cea de-a X-a edi\u021bie din \u201e<a href=\"https:\/\/www.facebook.com\/events\/881172211662707\" type=\"link\" id=\"https:\/\/www.facebook.com\/events\/881172211662707\" target=\"_blank\" rel=\"noreferrer noopener\">Bazar de Cotroceni<\/a>\u201d, evenimentul care \u00eei invit\u0103 pe bucure\u0219teni s\u0103 ia cartierul la pas \u0219i s\u0103 \u00eel redescopere. \u00cen cur\u021bile care se vor deschide \u00een a\u0219teptarea vizitatorilor vor avea loc concerte, paneluri de discu\u021bi \u0219i ateliere creative. <\/strong><\/p>\n\n\n\n<p class=\"wp-block-paragraph\">Cei care vor s\u0103 ia parte la activit\u0103\u021bile organizate \u00een cartierul Cotroceni sunt anun\u021ba\u021bi c\u0103 participarea la acest t\u00e2rg este gratuit\u0103.  Cei care vo lua parte la eveniment sunt totu\u0219i ruga\u021bi s\u0103 vin\u0103 f\u0103r\u0103 ma\u0219ini, deoarece str\u0103zile din zon\u0103 sunt \u00eenguste, iar ma\u0219inile parcate ar \u00eencurca pietonii veni\u021bi s\u0103 se plimbe prin cartier. <\/p>\n\n\n\n<p class=\"wp-block-paragraph\"><em>\u201eCasele nu vorbesc doar prin arhitectura lor, ci \u0219i prin pove\u0219tile comunit\u0103\u021bii \u0219i prin obiectele care \u00ee\u0219i caut\u0103 un nou destin: lucruri cu suflet, scoase din poduri \u0219i dulapuri, gata s\u0103 mearg\u0103 mai departe, dintr-o curte \u00eentr-o alt\u0103 via\u021b\u0103\u201d<\/em>, au transmis organizatorii. <\/p>\n\n\n\n<p class=\"wp-block-paragraph\"><strong>CITE\u0218TE \u0218I <a href=\"https:\/\/buletin.de\/bucuresti\/teatrul-ion-creanga-sarbatoreste-ziua-copilului-cu-spectacole-si-ateliere-la-sala-mare\/\" type=\"post\" id=\"196626\">Teatrul Ion Creang\u0103 s\u0103rb\u0103tore\u0219te Ziua Copilului cu spectacole \u0219i ateliere, la Sala Mare<\/a><\/strong><\/p>\n\n\n\n<h2 class=\"wp-block-heading\" id=\"h-programul-pentru-cele-doua-zile-ale-evenimentului\">Programul pentru cele dou\u0103 zile ale evenimentului <\/h2>\n\n\n\n<p class=\"wp-block-paragraph\">Organizatorii au transmis \u0219i programul activit\u0103\u021bilor la care pot lua parte cei care doresc s\u0103 se plimbe pe str\u0103zile din Cotroceni \u00een acest final de s\u0103pt\u0103m\u00e2n\u0103. Printre aceste se num\u0103r\u0103: concerte, spectacole de teatru, proiec\u021bii de film, \u0219i chiar tururi ghidate. <\/p>\n\n\n\n<h5 class=\"wp-block-heading\" id=\"h-arts-amp-crafts\"><strong>Arts &amp; Crafts<\/strong><\/h5>\n\n\n\n<ul class=\"wp-block-list\">\n<li>Galeria IVAN &#8211; La adresa Strada Grecescu 13 <\/li>\n\n\n\n<li>Galeria Romniceanu &#8211; La adresa Strada Doctor Grigore Romniceanu 27<\/li>\n\n\n\n<li>Galeria de Art\u0103 Nou\u0103 &#8211; La adresa Strada Doctor Dimitrie Dr\u0103ghiescu 7<\/li>\n\n\n\n<li>\u201e\u00cen jurul gr\u0103dinii\u201d by Casa Mai &#8211; La adresa Strada Doctor Nicolae Turnescu 1<\/li>\n\n\n\n<li>Coca Zaboloteanu Showroom &#8211; La adresa Strada Doctor Cristea Buicliu 2<\/li>\n\n\n\n<li>Friends of Cloche &#8211; La adresa Strada Costache Negri 28<\/li>\n\n\n\n<li>Artown now \u00d7 Bazar de Cotroceni &#8211; La adresa Strada Doctor Louis Pasteur 48<\/li>\n\n\n\n<li>Wagner Arte &#8211; La adresa Bulevardul Profesor Doctor Gheorghe Marinescu 4<\/li>\n\n\n\n<li>Optica Vedere &#8211; La adresa Strada Costache Negri 2<\/li>\n\n\n\n<li>Jurjak craft side &#8211; La adresa Strada Sf\u00e2ntul Elefterie 26<\/li>\n\n\n\n<li>Mancini Creative Studio &#8211; La adresa Strada Sf\u00e2ntul Elefterie 31<\/li>\n\n\n\n<li>Metamorfoze florale &#8211; La Agora din Parcul Romniceanu <\/li>\n\n\n\n<li>Jurnal de Cotroceni by Urban sketchers \u0219i Meet &amp; sketch &#8211; La Agora din Parcul Romniceanu <\/li>\n\n\n\n<li>Cotroceni Art Days &#8211; La adresa Strada General Doctor Emanoil Mihail Severin 8<\/li>\n\n\n\n<li>Portrete stilizate by Daniel Horia &#8211; La adresa Strada Doctor \u0218tefan Cap\u0219a 18<\/li>\n\n\n\n<li>Expozi\u021bie proiect artistic AltReal &#8211; La adresa Strada Doctor Thoma Ionescu 14<\/li>\n\n\n\n<li>Gr\u0103dina atelierului Prodid &#8211; La adresa Strada Obedenaru 3<\/li>\n\n\n\n<li>Prezentare proiecte &#8211; La adresa Strada Obedenaru 5<\/li>\n\n\n\n<li>Sesiuni de fotografie pe film by Octavian B\u00e2lea &#8211; La adresa Strada Doctor Mihail Mirinescu 3<\/li>\n\n\n\n<li>Arts@Vintage Garage Sale &#8211; La adresa Strada Sf\u00e2ntul Elefterie 22<\/li>\n\n\n\n<li>Perle\u0219ipietre &amp; expozi\u021bie pictur\u0103 &#8211; La adresa Strada Doctor Florea Teodorescu 11a<\/li>\n<\/ul>\n\n\n\n<h5 class=\"wp-block-heading\" id=\"h-muzica\"><strong>Muzic\u0103<\/strong><\/h5>\n\n\n\n<ul class=\"wp-block-list\">\n<li>Cotroceni Blues | 6 iunie: Irina Mar &#8211; 17.00, :umbra &#8211; 18.00, Jurjak &#8211; 19.00 | 7 iunie: Paul Ballo &#8211; 17.00, miau.waw &#8211; 18.00, The Amsterdams &#8211; 19.00 &#8211; la adresa Elefterie 26 <\/li>\n\n\n\n<li>6 iunie: \u0218tefan Rus (pian) &#8211; 19.45, The Fishermen Quintet &#8211; 20.45 | 7 iunie: Corina S\u00eerghi trio &#8211; 20.00 &#8211; la Agora din Parcul Romniceanu<\/li>\n\n\n\n<li>Lister 12 | Un pic de clasic, un pic de chill | Kopp Speciality Coffee <\/li>\n\n\n\n<li>Pasteur 6 | 7 iunie &#8211; 16.00: Concert Luana Genevieve | The Great Hill<\/li>\n\n\n\n<li>Pasteur 32 | Concerte Omul din Pod | 6 &amp; 7 iunie: 19.00 <\/li>\n\n\n\n<li>Pasteur 27 | Kicen Retro Sound<\/li>\n\n\n\n<li>Lister 1 | 6 iunie &#8211; 18.30: Concert Cristina Radu Ensemble @L&#8217;Opera Bistro<\/li>\n<\/ul>\n\n\n\n<h5 class=\"wp-block-heading\" id=\"h-poezie-\u0219i-film\"><strong>Poezie \u0219i Film<\/strong><\/h5>\n\n\n\n<ul class=\"wp-block-list\">\n<li>Poezie de Cotroceni | 6 iunie: Throwback Coffee Bistro (13.00),<\/li>\n\n\n\n<li>Casa MAI (16.00) | 7 iunie: Kopp Specialty Coffee (13.00), Die Kleine Garage (16.00) <\/li>\n\n\n\n<li>Gheorghe Marinescu 19 | Cine.opt | 6 iunie (20.30): Doc Film &amp; Talk &#8211; &#8220;Shooting the Mafia&#8221; by Kim Longinotto | 7 iunie (19.00): Poetry + Film &amp; Talk &#8211; &#8220;The Pillow Talk&#8221; by Peter Greenaway &amp; performance cu Alina Dumitrescu<\/li>\n<\/ul>\n\n\n\n<h5 class=\"wp-block-heading\" id=\"h-teatrul\">Teatrul <\/h5>\n\n\n\n<ul class=\"wp-block-list\">\n<li>Lister 12 | Un pic de clasic, un pic de chill | Kopp Speciality Coffee<\/li>\n<\/ul>\n\n\n\n<h5 class=\"wp-block-heading\" id=\"h-sport\">Sport <\/h5>\n\n\n\n<ul class=\"wp-block-list\">\n<li>Platou Academia Militar\u0103\n<ul class=\"wp-block-list\">\n<li>6 &amp; 7 iunie: mini\u2013tenis, tenis la perete, mini \u2013 fotbal, roundnet, badminton, volei<\/li>\n\n\n\n<li>6 &amp; 7 iunie: ateliere We Heal Medical &#8211; <\/li>\n\n\n\n<li>6 iunie &#8211; 10.00: Yoga cu Evelina &amp; 7 iunie &#8211; 10.00 Stretching cu Vera by Activero <\/li>\n<\/ul>\n<\/li>\n\n\n\n<li>Debarcader Opera Roman\u0103 &#8211; tururi cu caiace by D\u00e2mbovi a Apa Dulce | 6 &amp; 7 iunie (12.00\u201319.00) <\/li>\n\n\n\n<li>Tomescu 23 | Dreambody Barre Studio | 6 iunie (17:00-Barre Fitness) &amp; 7 iunie (17:00-Pilates)<\/li>\n<\/ul>\n\n\n\n<p class=\"wp-block-paragraph\">Vor fi organizate \u0219i o serie de activit\u0103\u021bi speciale pentru cei mici. Iat\u0103 care sunt acestea: <\/p>\n\n\n\n<ul class=\"wp-block-list\">\n<li>Robert Koch 7 | Ateliere radio by Bucure\u0219ti FM<\/li>\n\n\n\n<li>Agora din Parcul Romniceanu | Metamorfoze creative &#8211; atelier de art\u0103 by MiRa Kids &#8211; https:\/\/bit.ly\/4eedkNw<\/li>\n\n\n\n<li>Agora din Parcul Romniceanu | Atelier Cotroceniul verde &#8211; flora &amp; fauna local\u0103 by Facultatea de Biologie<\/li>\n\n\n\n<li>Elefterie 3A | Atelierele lui Margot @Toni Gelato<\/li>\n\n\n\n<li>Pasteur 25 | Ateliere de crea\u021bie<\/li>\n\n\n\n<li>Curie 14 | Atelier pentru copii<\/li>\n\n\n\n<li>Carol Davila 9 | Ateliere de pictur\u0103 &amp; m\u0103rgele<\/li>\n\n\n\n<li>Pasteur 19 | Asocia\u021bia Cul\u0219tient<\/li>\n\n\n\n<li>Ion Athanasiu 8 | Ateliere creative by Music Studio nr. 8 &amp; Euro Smart Education<\/li>\n\n\n\n<li>Eroilor 16 | Curtea 16 &#8211; Resonance of Arts<\/li>\n<\/ul>\n\n\n\n<p class=\"wp-block-paragraph\"><strong>CITE\u0218TE \u0218I <a href=\"https:\/\/buletin.de\/bucuresti\/noi-tarife-la-teatrul-tandarica-o-categorie-de-bilete-se-scumpeste-cu-aproape-40\/\" type=\"post\" id=\"197180\">Noi tarife la Teatrul \u021a\u0103nd\u0103ric\u0103. O categorie de bilete se scumpe\u0219te cu aproape 40%<\/a><\/strong><\/p>\n\n\n\n<h2 class=\"wp-block-heading\" id=\"h-picnic-intre-vecini\">Picnic \u00eentre vecini<\/h2>\n\n\n\n<p class=\"wp-block-paragraph\">De asemenea, bucure\u0219tenii au posibilitatea de a lua parte \u0219i la un picnic vegan comunitar ce va avea loc \u00een cadrul evenimentului \u201eBazar de Cotroceni\u201d. Acesta este organizata \u00een ziua de s\u00e2mb\u0103t\u0103, 6 iunie 2026, \u00eentre orele 12:00 \u0219i 15:00. Participarea este gratuit\u0103, \u00eenc\u0103 doritorii trebuie s\u0103 completeze un formular \u00een prealabil, acces\u00e2nd <strong><a href=\"https:\/\/cotroshare.ro\/evenimente\/bazar-de-cotroceni?fbclid=IwY2xjawSEFh5leHRuA2FlbQIxMABicmlkETEyeXRSeHUyblh2dVZBaFlLc3J0YwZhcHBfaWQQMjIyMDM5MTc4ODIwMDg5MgABHpQEYwMi518c6vgrdY-KHSOX7asmjfxbJ0XyP3-DR9oD81KhICyBo4UhD3KA_aem_dadaZHmsKxmoR-KK7n7zsw\" type=\"link\" id=\"https:\/\/cotroshare.ro\/evenimente\/bazar-de-cotroceni?fbclid=IwY2xjawSEFh5leHRuA2FlbQIxMABicmlkETEyeXRSeHUyblh2dVZBaFlLc3J0YwZhcHBfaWQQMjIyMDM5MTc4ODIwMDg5MgABHpQEYwMi518c6vgrdY-KHSOX7asmjfxbJ0XyP3-DR9oD81KhICyBo4UhD3KA_aem_dadaZHmsKxmoR-KK7n7zsw\" target=\"_blank\" rel=\"noreferrer noopener\">ACEST<\/a><\/strong> link. <\/p>\n\n\n\n<p class=\"wp-block-paragraph\"><em>\u201eNe adun\u0103m \u00een parc, pe perne \u0219i p\u0103turi, ca s\u0103 ne bucur\u0103m \u00eempreun\u0103 de hrana vegan\u0103 adus\u0103 de acas\u0103 de fiecare dintre noi, pentru a fi \u00eemp\u0103r\u021bit\u0103 cu vecinii. M\u00e2ncarea devine pretextul pentru conversa\u021bii despre economia colaborativ\u0103, cooperare \u00eentre vecini \u0219i moduri mai sustenabile de a tr\u0103i \u00eempreun\u0103, dar \u0219i pentru descoperirea unor gusturi noi\u201d<\/em>, transmit organizatorii CotroShare. <\/p>\n\n\n\n<p class=\"wp-block-paragraph\">Cei care vor s\u0103 ia parte la acest picnic trebuie s\u0103 vin\u0103 cu preparate 100% vegane, adic\u0103 de post, f\u0103r\u0103 carne, pe\u0219te, fructe de mare, ou\u0103, lapte, br\u00e2nz\u0103, unt, iaurt, sm\u00e2nt\u00e2n\u0103, miere sau alte produse derivate din animale. <\/p>\n\n\n\n<p class=\"wp-block-paragraph\"><strong>CITE\u0218TE \u0218I <a href=\"https:\/\/buletin.de\/bucuresti\/incepe-golirea-lacului-herastrau-de-marti-pentru-consolidarea-malurilor-degradate\/\" type=\"post\" id=\"197266\">\u00cencepe golirea lacului Her\u0103str\u0103u, de mar\u021bi, pentru lucr\u0103rile de consolidare a malurilor degradate<\/a><\/strong><\/p>\n","protected":false},"excerpt":{"rendered":"<p>\u00cen weekendul 6-7 iunie 2026 va avea loc cea de-a X-a edi\u021bie din \u201eBazar de Cotroceni\u201d, evenimentul care \u00eei invit\u0103 pe bucure\u0219teni s\u0103 ia cartierul la pas \u0219i s\u0103 \u00eel redescopere. \u00cen cur\u021bile care se vor deschide \u00een a\u0219teptarea vizitatorilor vor avea loc concerte, paneluri de discu\u021bi \u0219i ateliere creative. Cei care vor s\u0103 ia [&hellip;]<\/p>\n","protected":false},"author":66,"featured_media":197339,"comment_status":"closed","ping_status":"open","sticky":false,"template":"","format":"standard","meta":{"_acf_changed":false,"inline_featured_image":false,"ngg_post_thumbnail":0,"footnotes":""},"categories":[6994,81,62],"tags":[15839,502,28658],"ppma_author":[26103],"class_list":["post-197330","post","type-post","status-publish","format-standard","has-post-thumbnail","hentry","category-stiri-2","category-cultura","category-stiri","tag-bazar-de-cotroceni","tag-program","tag-weekendul-6-7-iunie"],"acf":[],"a3_pvc":{"activated":false,"total_views":0,"today_views":0},"yoast_head":"<!-- This site is optimized with the Yoast SEO Premium plugin v28.0 (Yoast SEO v28.3) - https:\/\/yoast.com\/product\/yoast-seo-premium-wordpress\/ -->\n<title>Concerte, ateliere \u0219i picnic comunitar, la Bazar de Cotroceni. Edi\u021bia a X-a are loc \u00een weekendul 6-7 iunie - Buletin de Bucure\u0219ti<\/title>\n<meta name=\"description\" content=\"\u00cen weekendul 6-7 iunie are loc \u201eBazar de Cotroceni\u201d, evenimentul care \u00eei invit\u0103 pe bucure\u0219teni s\u0103 ia cartierul la pas \u0219i s\u0103 \u00eel redescopere.\" \/>\n<meta name=\"robots\" content=\"index, follow, max-snippet:-1, max-image-preview:large, max-video-preview:-1\" \/>\n<link rel=\"canonical\" href=\"https:\/\/buletin.de\/bucuresti\/concerte-ateliere-si-picnic-comunitar-la-bazar-de-cotroceni-editia-a-x-a-are-loc-in-weekendul-6-7-iunie\/\" \/>\n<meta property=\"og:locale\" content=\"en_GB\" \/>\n<meta property=\"og:type\" content=\"article\" \/>\n<meta property=\"og:title\" content=\"Concerte, ateliere \u0219i picnic comunitar, la Bazar de Cotroceni. Edi\u021bia a X-a are loc \u00een weekendul 6-7 iunie\" \/>\n<meta property=\"og:description\" content=\"\u00cen weekendul 6-7 iunie are loc \u201eBazar de Cotroceni\u201d, evenimentul care \u00eei invit\u0103 pe bucure\u0219teni s\u0103 ia cartierul la pas \u0219i s\u0103 \u00eel redescopere.\" \/>\n<meta property=\"og:url\" content=\"https:\/\/buletin.de\/bucuresti\/concerte-ateliere-si-picnic-comunitar-la-bazar-de-cotroceni-editia-a-x-a-are-loc-in-weekendul-6-7-iunie\/\" \/>\n<meta property=\"og:site_name\" content=\"Buletin de Bucure\u0219ti\" \/>\n<meta property=\"article:publisher\" content=\"https:\/\/www.facebook.com\/buletin.de.buc\" \/>\n<meta property=\"article:published_time\" content=\"2026-06-02T08:59:36+00:00\" \/>\n<meta property=\"article:modified_time\" content=\"2026-06-02T08:59:37+00:00\" \/>\n<meta property=\"og:image\" content=\"https:\/\/buletin.de\/bucuresti\/wp-content\/uploads\/2026\/06\/Screenshot-2026-06-02-at-11.56.04-1000x650.png\" \/>\n\t<meta property=\"og:image:width\" content=\"1000\" \/>\n\t<meta property=\"og:image:height\" content=\"650\" \/>\n\t<meta property=\"og:image:type\" content=\"image\/png\" \/>\n<meta name=\"author\" content=\"Deniz Garguli\" \/>\n<meta name=\"twitter:card\" content=\"summary_large_image\" \/>\n<meta name=\"twitter:label1\" content=\"Written by\" \/>\n\t<meta name=\"twitter:data1\" content=\"Deniz Garguli\" \/>\n\t<meta name=\"twitter:label2\" content=\"Estimated reading time\" \/>\n\t<meta name=\"twitter:data2\" content=\"5 minutes\" \/>\n<script type=\"application\/ld+json\" class=\"yoast-schema-graph\">{\"@context\":\"https:\\\/\\\/schema.org\",\"@graph\":[{\"@type\":\"Article\",\"@id\":\"https:\\\/\\\/buletin.de\\\/bucuresti\\\/concerte-ateliere-si-picnic-comunitar-la-bazar-de-cotroceni-editia-a-x-a-are-loc-in-weekendul-6-7-iunie\\\/#article\",\"isPartOf\":{\"@id\":\"https:\\\/\\\/buletin.de\\\/bucuresti\\\/concerte-ateliere-si-picnic-comunitar-la-bazar-de-cotroceni-editia-a-x-a-are-loc-in-weekendul-6-7-iunie\\\/\"},\"author\":{\"name\":\"Deniz Garguli\",\"@id\":\"https:\\\/\\\/buletin.de\\\/bucuresti\\\/#\\\/schema\\\/person\\\/8badd0805392c02e16b744e0d5cd3625\"},\"headline\":\"Concerte, ateliere \u0219i picnic comunitar, la Bazar de Cotroceni. Edi\u021bia a X-a are loc \u00een weekendul 6-7 iunie\",\"datePublished\":\"2026-06-02T08:59:36+00:00\",\"dateModified\":\"2026-06-02T08:59:37+00:00\",\"mainEntityOfPage\":{\"@id\":\"https:\\\/\\\/buletin.de\\\/bucuresti\\\/concerte-ateliere-si-picnic-comunitar-la-bazar-de-cotroceni-editia-a-x-a-are-loc-in-weekendul-6-7-iunie\\\/\"},\"wordCount\":1011,\"publisher\":{\"@id\":\"https:\\\/\\\/buletin.de\\\/bucuresti\\\/#organization\"},\"image\":{\"@id\":\"https:\\\/\\\/buletin.de\\\/bucuresti\\\/concerte-ateliere-si-picnic-comunitar-la-bazar-de-cotroceni-editia-a-x-a-are-loc-in-weekendul-6-7-iunie\\\/#primaryimage\"},\"thumbnailUrl\":\"https:\\\/\\\/buletin.de\\\/bucuresti\\\/wp-content\\\/uploads\\\/2026\\\/06\\\/Screenshot-2026-06-02-at-11.56.04.png\",\"keywords\":[\"Bazar de Cotroceni\",\"program\",\"Weekendul 6-7 iunie\"],\"articleSection\":[\"Articole\",\"Cultur\u0103\",\"\u0218tiri\"],\"inLanguage\":\"en-GB\",\"copyrightYear\":\"2026\",\"copyrightHolder\":{\"@id\":\"https:\\\/\\\/buletin.de\\\/bucuresti\\\/#organization\"}},{\"@type\":\"WebPage\",\"@id\":\"https:\\\/\\\/buletin.de\\\/bucuresti\\\/concerte-ateliere-si-picnic-comunitar-la-bazar-de-cotroceni-editia-a-x-a-are-loc-in-weekendul-6-7-iunie\\\/\",\"url\":\"https:\\\/\\\/buletin.de\\\/bucuresti\\\/concerte-ateliere-si-picnic-comunitar-la-bazar-de-cotroceni-editia-a-x-a-are-loc-in-weekendul-6-7-iunie\\\/\",\"name\":\"Concerte, ateliere \u0219i picnic comunitar, la Bazar de Cotroceni. Edi\u021bia a X-a are loc \u00een weekendul 6-7 iunie - Buletin de Bucure\u0219ti\",\"isPartOf\":{\"@id\":\"https:\\\/\\\/buletin.de\\\/bucuresti\\\/#website\"},\"primaryImageOfPage\":{\"@id\":\"https:\\\/\\\/buletin.de\\\/bucuresti\\\/concerte-ateliere-si-picnic-comunitar-la-bazar-de-cotroceni-editia-a-x-a-are-loc-in-weekendul-6-7-iunie\\\/#primaryimage\"},\"image\":{\"@id\":\"https:\\\/\\\/buletin.de\\\/bucuresti\\\/concerte-ateliere-si-picnic-comunitar-la-bazar-de-cotroceni-editia-a-x-a-are-loc-in-weekendul-6-7-iunie\\\/#primaryimage\"},\"thumbnailUrl\":\"https:\\\/\\\/buletin.de\\\/bucuresti\\\/wp-content\\\/uploads\\\/2026\\\/06\\\/Screenshot-2026-06-02-at-11.56.04.png\",\"datePublished\":\"2026-06-02T08:59:36+00:00\",\"dateModified\":\"2026-06-02T08:59:37+00:00\",\"description\":\"\u00cen weekendul 6-7 iunie are loc \u201eBazar de Cotroceni\u201d, evenimentul care \u00eei invit\u0103 pe bucure\u0219teni s\u0103 ia cartierul la pas \u0219i s\u0103 \u00eel redescopere.\",\"breadcrumb\":{\"@id\":\"https:\\\/\\\/buletin.de\\\/bucuresti\\\/concerte-ateliere-si-picnic-comunitar-la-bazar-de-cotroceni-editia-a-x-a-are-loc-in-weekendul-6-7-iunie\\\/#breadcrumb\"},\"inLanguage\":\"en-GB\",\"potentialAction\":[{\"@type\":\"ReadAction\",\"target\":[\"https:\\\/\\\/buletin.de\\\/bucuresti\\\/concerte-ateliere-si-picnic-comunitar-la-bazar-de-cotroceni-editia-a-x-a-are-loc-in-weekendul-6-7-iunie\\\/\"]}]},{\"@type\":\"ImageObject\",\"inLanguage\":\"en-GB\",\"@id\":\"https:\\\/\\\/buletin.de\\\/bucuresti\\\/concerte-ateliere-si-picnic-comunitar-la-bazar-de-cotroceni-editia-a-x-a-are-loc-in-weekendul-6-7-iunie\\\/#primaryimage\",\"url\":\"https:\\\/\\\/buletin.de\\\/bucuresti\\\/wp-content\\\/uploads\\\/2026\\\/06\\\/Screenshot-2026-06-02-at-11.56.04.png\",\"contentUrl\":\"https:\\\/\\\/buletin.de\\\/bucuresti\\\/wp-content\\\/uploads\\\/2026\\\/06\\\/Screenshot-2026-06-02-at-11.56.04.png\",\"width\":1410,\"height\":916,\"caption\":\"Concerte, ateliere \u0219i picnic comunitar, la Bazar de Cotroceni. Edi\u021bia a X-a are loc \u00een weekendul 6-7 iunie. FOTO: bazarde_cotroceni \\\/Instagram\"},{\"@type\":\"BreadcrumbList\",\"@id\":\"https:\\\/\\\/buletin.de\\\/bucuresti\\\/concerte-ateliere-si-picnic-comunitar-la-bazar-de-cotroceni-editia-a-x-a-are-loc-in-weekendul-6-7-iunie\\\/#breadcrumb\",\"itemListElement\":[{\"@type\":\"ListItem\",\"position\":1,\"name\":\"Acas\u0103\",\"item\":\"https:\\\/\\\/buletin.de\\\/bucuresti\\\/\"},{\"@type\":\"ListItem\",\"position\":2,\"name\":\"Concerte, ateliere \u0219i picnic comunitar, la Bazar de Cotroceni. Edi\u021bia a X-a are loc \u00een weekendul 6-7 iunie\"}]},{\"@type\":\"WebSite\",\"@id\":\"https:\\\/\\\/buletin.de\\\/bucuresti\\\/#website\",\"url\":\"https:\\\/\\\/buletin.de\\\/bucuresti\\\/\",\"name\":\"Buletin de Bucure\u0219ti\",\"description\":\"\u0218tiri \u0219i investiga\u021bii esen\u021biale din capital\u0103\",\"publisher\":{\"@id\":\"https:\\\/\\\/buletin.de\\\/bucuresti\\\/#organization\"},\"potentialAction\":[{\"@type\":\"SearchAction\",\"target\":{\"@type\":\"EntryPoint\",\"urlTemplate\":\"https:\\\/\\\/buletin.de\\\/bucuresti\\\/?s={search_term_string}\"},\"query-input\":{\"@type\":\"PropertyValueSpecification\",\"valueRequired\":true,\"valueName\":\"search_term_string\"}}],\"inLanguage\":\"en-GB\"},{\"@type\":\"Organization\",\"@id\":\"https:\\\/\\\/buletin.de\\\/bucuresti\\\/#organization\",\"name\":\"Buletin de Bucure\u0219ti\",\"url\":\"https:\\\/\\\/buletin.de\\\/bucuresti\\\/\",\"logo\":{\"@type\":\"ImageObject\",\"inLanguage\":\"en-GB\",\"@id\":\"https:\\\/\\\/buletin.de\\\/bucuresti\\\/#\\\/schema\\\/logo\\\/image\\\/\",\"url\":\"https:\\\/\\\/buletin.de\\\/bucuresti\\\/wp-content\\\/uploads\\\/logo-bdb-full-wide-vernil-transparent.png\",\"contentUrl\":\"https:\\\/\\\/buletin.de\\\/bucuresti\\\/wp-content\\\/uploads\\\/logo-bdb-full-wide-vernil-transparent.png\",\"width\":1782,\"height\":626,\"caption\":\"Buletin de Bucure\u0219ti\"},\"image\":{\"@id\":\"https:\\\/\\\/buletin.de\\\/bucuresti\\\/#\\\/schema\\\/logo\\\/image\\\/\"},\"sameAs\":[\"https:\\\/\\\/www.facebook.com\\\/buletin.de.buc\",\"https:\\\/\\\/www.instagram.com\\\/buletinde.bucuresti\\\/\"]},{\"@type\":\"Person\",\"@id\":\"https:\\\/\\\/buletin.de\\\/bucuresti\\\/#\\\/schema\\\/person\\\/8badd0805392c02e16b744e0d5cd3625\",\"name\":\"Deniz Garguli\",\"image\":{\"@type\":\"ImageObject\",\"inLanguage\":\"en-GB\",\"@id\":\"https:\\\/\\\/buletin.de\\\/bucuresti\\\/wp-content\\\/uploads\\\/2026\\\/06\\\/BDB_Deniz-1-96x96.jpgba95f600d547b787bc58e580a19f8dac\",\"url\":\"https:\\\/\\\/buletin.de\\\/bucuresti\\\/wp-content\\\/uploads\\\/2026\\\/06\\\/BDB_Deniz-1-96x96.jpg\",\"contentUrl\":\"https:\\\/\\\/buletin.de\\\/bucuresti\\\/wp-content\\\/uploads\\\/2026\\\/06\\\/BDB_Deniz-1-96x96.jpg\",\"caption\":\"Deniz Garguli\"},\"description\":\"N\u0103scut\u0103 \u0219i crescut\u0103 \u00een Capital\u0103, dorin\u021ba de a fi la curent cu tot ce se \u00eent\u00e2mpl\u0103 \u00een Bucure\u0219ti a \u00eempins-o c\u0103tre pres\u0103, mai cu seam\u0103 c\u0103tre cea local\u0103. A lucrat vreme de patru ani la B365, unde s-a ocupat de \u0219tiri despre ora\u0219 \u0219i oamenii care locuiesc \u00een el. Din 2026 s-a al\u0103turat echipei Buletin de Bucure\u0219ti.\",\"url\":\"https:\\\/\\\/buletin.de\\\/bucuresti\\\/author\\\/deniz-garguli\\\/\"}]}<\/script>\n<!-- \/ Yoast SEO Premium plugin. -->","yoast_head_json":{"title":"Concerte, ateliere \u0219i picnic comunitar, la Bazar de Cotroceni. Edi\u021bia a X-a are loc \u00een weekendul 6-7 iunie - Buletin de Bucure\u0219ti","description":"\u00cen weekendul 6-7 iunie are loc \u201eBazar de Cotroceni\u201d, evenimentul care \u00eei invit\u0103 pe bucure\u0219teni s\u0103 ia cartierul la pas \u0219i s\u0103 \u00eel redescopere.","robots":{"index":"index","follow":"follow","max-snippet":"max-snippet:-1","max-image-preview":"max-image-preview:large","max-video-preview":"max-video-preview:-1"},"canonical":"https:\/\/buletin.de\/bucuresti\/concerte-ateliere-si-picnic-comunitar-la-bazar-de-cotroceni-editia-a-x-a-are-loc-in-weekendul-6-7-iunie\/","og_locale":"en_GB","og_type":"article","og_title":"Concerte, ateliere \u0219i picnic comunitar, la Bazar de Cotroceni. Edi\u021bia a X-a are loc \u00een weekendul 6-7 iunie","og_description":"\u00cen weekendul 6-7 iunie are loc \u201eBazar de Cotroceni\u201d, evenimentul care \u00eei invit\u0103 pe bucure\u0219teni s\u0103 ia cartierul la pas \u0219i s\u0103 \u00eel redescopere.","og_url":"https:\/\/buletin.de\/bucuresti\/concerte-ateliere-si-picnic-comunitar-la-bazar-de-cotroceni-editia-a-x-a-are-loc-in-weekendul-6-7-iunie\/","og_site_name":"Buletin de Bucure\u0219ti","article_publisher":"https:\/\/www.facebook.com\/buletin.de.buc","article_published_time":"2026-06-02T08:59:36+00:00","article_modified_time":"2026-06-02T08:59:37+00:00","og_image":[{"width":1000,"height":650,"url":"https:\/\/buletin.de\/bucuresti\/wp-content\/uploads\/2026\/06\/Screenshot-2026-06-02-at-11.56.04-1000x650.png","type":"image\/png"}],"author":"Deniz Garguli","twitter_card":"summary_large_image","twitter_misc":{"Written by":"Deniz Garguli","Estimated reading time":"5 minutes"},"schema":{"@context":"https:\/\/schema.org","@graph":[{"@type":"Article","@id":"https:\/\/buletin.de\/bucuresti\/concerte-ateliere-si-picnic-comunitar-la-bazar-de-cotroceni-editia-a-x-a-are-loc-in-weekendul-6-7-iunie\/#article","isPartOf":{"@id":"https:\/\/buletin.de\/bucuresti\/concerte-ateliere-si-picnic-comunitar-la-bazar-de-cotroceni-editia-a-x-a-are-loc-in-weekendul-6-7-iunie\/"},"author":{"name":"Deniz Garguli","@id":"https:\/\/buletin.de\/bucuresti\/#\/schema\/person\/8badd0805392c02e16b744e0d5cd3625"},"headline":"Concerte, ateliere \u0219i picnic comunitar, la Bazar de Cotroceni. Edi\u021bia a X-a are loc \u00een weekendul 6-7 iunie","datePublished":"2026-06-02T08:59:36+00:00","dateModified":"2026-06-02T08:59:37+00:00","mainEntityOfPage":{"@id":"https:\/\/buletin.de\/bucuresti\/concerte-ateliere-si-picnic-comunitar-la-bazar-de-cotroceni-editia-a-x-a-are-loc-in-weekendul-6-7-iunie\/"},"wordCount":1011,"publisher":{"@id":"https:\/\/buletin.de\/bucuresti\/#organization"},"image":{"@id":"https:\/\/buletin.de\/bucuresti\/concerte-ateliere-si-picnic-comunitar-la-bazar-de-cotroceni-editia-a-x-a-are-loc-in-weekendul-6-7-iunie\/#primaryimage"},"thumbnailUrl":"https:\/\/buletin.de\/bucuresti\/wp-content\/uploads\/2026\/06\/Screenshot-2026-06-02-at-11.56.04.png","keywords":["Bazar de Cotroceni","program","Weekendul 6-7 iunie"],"articleSection":["Articole","Cultur\u0103","\u0218tiri"],"inLanguage":"en-GB","copyrightYear":"2026","copyrightHolder":{"@id":"https:\/\/buletin.de\/bucuresti\/#organization"}},{"@type":"WebPage","@id":"https:\/\/buletin.de\/bucuresti\/concerte-ateliere-si-picnic-comunitar-la-bazar-de-cotroceni-editia-a-x-a-are-loc-in-weekendul-6-7-iunie\/","url":"https:\/\/buletin.de\/bucuresti\/concerte-ateliere-si-picnic-comunitar-la-bazar-de-cotroceni-editia-a-x-a-are-loc-in-weekendul-6-7-iunie\/","name":"Concerte, ateliere \u0219i picnic comunitar, la Bazar de Cotroceni. Edi\u021bia a X-a are loc \u00een weekendul 6-7 iunie - Buletin de Bucure\u0219ti","isPartOf":{"@id":"https:\/\/buletin.de\/bucuresti\/#website"},"primaryImageOfPage":{"@id":"https:\/\/buletin.de\/bucuresti\/concerte-ateliere-si-picnic-comunitar-la-bazar-de-cotroceni-editia-a-x-a-are-loc-in-weekendul-6-7-iunie\/#primaryimage"},"image":{"@id":"https:\/\/buletin.de\/bucuresti\/concerte-ateliere-si-picnic-comunitar-la-bazar-de-cotroceni-editia-a-x-a-are-loc-in-weekendul-6-7-iunie\/#primaryimage"},"thumbnailUrl":"https:\/\/buletin.de\/bucuresti\/wp-content\/uploads\/2026\/06\/Screenshot-2026-06-02-at-11.56.04.png","datePublished":"2026-06-02T08:59:36+00:00","dateModified":"2026-06-02T08:59:37+00:00","description":"\u00cen weekendul 6-7 iunie are loc \u201eBazar de Cotroceni\u201d, evenimentul care \u00eei invit\u0103 pe bucure\u0219teni s\u0103 ia cartierul la pas \u0219i s\u0103 \u00eel redescopere.","breadcrumb":{"@id":"https:\/\/buletin.de\/bucuresti\/concerte-ateliere-si-picnic-comunitar-la-bazar-de-cotroceni-editia-a-x-a-are-loc-in-weekendul-6-7-iunie\/#breadcrumb"},"inLanguage":"en-GB","potentialAction":[{"@type":"ReadAction","target":["https:\/\/buletin.de\/bucuresti\/concerte-ateliere-si-picnic-comunitar-la-bazar-de-cotroceni-editia-a-x-a-are-loc-in-weekendul-6-7-iunie\/"]}]},{"@type":"ImageObject","inLanguage":"en-GB","@id":"https:\/\/buletin.de\/bucuresti\/concerte-ateliere-si-picnic-comunitar-la-bazar-de-cotroceni-editia-a-x-a-are-loc-in-weekendul-6-7-iunie\/#primaryimage","url":"https:\/\/buletin.de\/bucuresti\/wp-content\/uploads\/2026\/06\/Screenshot-2026-06-02-at-11.56.04.png","contentUrl":"https:\/\/buletin.de\/bucuresti\/wp-content\/uploads\/2026\/06\/Screenshot-2026-06-02-at-11.56.04.png","width":1410,"height":916,"caption":"Concerte, ateliere \u0219i picnic comunitar, la Bazar de Cotroceni. Edi\u021bia a X-a are loc \u00een weekendul 6-7 iunie. FOTO: bazarde_cotroceni \/Instagram"},{"@type":"BreadcrumbList","@id":"https:\/\/buletin.de\/bucuresti\/concerte-ateliere-si-picnic-comunitar-la-bazar-de-cotroceni-editia-a-x-a-are-loc-in-weekendul-6-7-iunie\/#breadcrumb","itemListElement":[{"@type":"ListItem","position":1,"name":"Acas\u0103","item":"https:\/\/buletin.de\/bucuresti\/"},{"@type":"ListItem","position":2,"name":"Concerte, ateliere \u0219i picnic comunitar, la Bazar de Cotroceni. Edi\u021bia a X-a are loc \u00een weekendul 6-7 iunie"}]},{"@type":"WebSite","@id":"https:\/\/buletin.de\/bucuresti\/#website","url":"https:\/\/buletin.de\/bucuresti\/","name":"Buletin de Bucure\u0219ti","description":"\u0218tiri \u0219i investiga\u021bii esen\u021biale din capital\u0103","publisher":{"@id":"https:\/\/buletin.de\/bucuresti\/#organization"},"potentialAction":[{"@type":"SearchAction","target":{"@type":"EntryPoint","urlTemplate":"https:\/\/buletin.de\/bucuresti\/?s={search_term_string}"},"query-input":{"@type":"PropertyValueSpecification","valueRequired":true,"valueName":"search_term_string"}}],"inLanguage":"en-GB"},{"@type":"Organization","@id":"https:\/\/buletin.de\/bucuresti\/#organization","name":"Buletin de Bucure\u0219ti","url":"https:\/\/buletin.de\/bucuresti\/","logo":{"@type":"ImageObject","inLanguage":"en-GB","@id":"https:\/\/buletin.de\/bucuresti\/#\/schema\/logo\/image\/","url":"https:\/\/buletin.de\/bucuresti\/wp-content\/uploads\/logo-bdb-full-wide-vernil-transparent.png","contentUrl":"https:\/\/buletin.de\/bucuresti\/wp-content\/uploads\/logo-bdb-full-wide-vernil-transparent.png","width":1782,"height":626,"caption":"Buletin de Bucure\u0219ti"},"image":{"@id":"https:\/\/buletin.de\/bucuresti\/#\/schema\/logo\/image\/"},"sameAs":["https:\/\/www.facebook.com\/buletin.de.buc","https:\/\/www.instagram.com\/buletinde.bucuresti\/"]},{"@type":"Person","@id":"https:\/\/buletin.de\/bucuresti\/#\/schema\/person\/8badd0805392c02e16b744e0d5cd3625","name":"Deniz Garguli","image":{"@type":"ImageObject","inLanguage":"en-GB","@id":"https:\/\/buletin.de\/bucuresti\/wp-content\/uploads\/2026\/06\/BDB_Deniz-1-96x96.jpgba95f600d547b787bc58e580a19f8dac","url":"https:\/\/buletin.de\/bucuresti\/wp-content\/uploads\/2026\/06\/BDB_Deniz-1-96x96.jpg","contentUrl":"https:\/\/buletin.de\/bucuresti\/wp-content\/uploads\/2026\/06\/BDB_Deniz-1-96x96.jpg","caption":"Deniz Garguli"},"description":"N\u0103scut\u0103 \u0219i crescut\u0103 \u00een Capital\u0103, dorin\u021ba de a fi la curent cu tot ce se \u00eent\u00e2mpl\u0103 \u00een Bucure\u0219ti a \u00eempins-o c\u0103tre pres\u0103, mai cu seam\u0103 c\u0103tre cea local\u0103. A lucrat vreme de patru ani la B365, unde s-a ocupat de \u0219tiri despre ora\u0219 \u0219i oamenii care locuiesc \u00een el. Din 2026 s-a al\u0103turat echipei Buletin de Bucure\u0219ti.","url":"https:\/\/buletin.de\/bucuresti\/author\/deniz-garguli\/"}]}},"authors":[{"term_id":26103,"user_id":66,"is_guest":0,"slug":"deniz-garguli","display_name":"Deniz Garguli","avatar_url":"https:\/\/buletin.de\/bucuresti\/wp-content\/uploads\/2026\/06\/BDB_Deniz-1-96x96.jpg","author_category":"","first_name":"Deniz","last_name":"Garguli","user_url":"","job_title":"","description":"N\u0103scut\u0103 \u0219i crescut\u0103 \u00een Capital\u0103, dorin\u021ba de a fi la curent cu tot ce se \u00eent\u00e2mpl\u0103 \u00een Bucure\u0219ti a \u00eempins-o c\u0103tre pres\u0103, mai cu seam\u0103 c\u0103tre cea local\u0103. A lucrat vreme de patru ani la B365, unde s-a ocupat de \u0219tiri despre ora\u0219 \u0219i oamenii care locuiesc \u00een el. Din 2026 s-a al\u0103turat echipei Buletin de Bucure\u0219ti."}],"_links":{"self":[{"href":"https:\/\/buletin.de\/bucuresti\/wp-json\/wp\/v2\/posts\/197330","targetHints":{"allow":["GET"]}}],"collection":[{"href":"https:\/\/buletin.de\/bucuresti\/wp-json\/wp\/v2\/posts"}],"about":[{"href":"https:\/\/buletin.de\/bucuresti\/wp-json\/wp\/v2\/types\/post"}],"author":[{"embeddable":true,"href":"https:\/\/buletin.de\/bucuresti\/wp-json\/wp\/v2\/users\/66"}],"replies":[{"embeddable":true,"href":"https:\/\/buletin.de\/bucuresti\/wp-json\/wp\/v2\/comments?post=197330"}],"version-history":[{"count":3,"href":"https:\/\/buletin.de\/bucuresti\/wp-json\/wp\/v2\/posts\/197330\/revisions"}],"predecessor-version":[{"id":197342,"href":"https:\/\/buletin.de\/bucuresti\/wp-json\/wp\/v2\/posts\/197330\/revisions\/197342"}],"wp:featuredmedia":[{"embeddable":true,"href":"https:\/\/buletin.de\/bucuresti\/wp-json\/wp\/v2\/media\/197339"}],"wp:attachment":[{"href":"https:\/\/buletin.de\/bucuresti\/wp-json\/wp\/v2\/media?parent=197330"}],"wp:term":[{"taxonomy":"category","embeddable":true,"href":"https:\/\/buletin.de\/bucuresti\/wp-json\/wp\/v2\/categories?post=197330"},{"taxonomy":"post_tag","embeddable":true,"href":"https:\/\/buletin.de\/bucuresti\/wp-json\/wp\/v2\/tags?post=197330"},{"taxonomy":"author","embeddable":true,"href":"https:\/\/buletin.de\/bucuresti\/wp-json\/wp\/v2\/ppma_author?post=197330"}],"curies":[{"name":"wp","href":"https:\/\/api.w.org\/{rel}","templated":true}]}}