{"id":197320,"date":"2026-06-02T09:58:03","date_gmt":"2026-06-02T06:58:03","guid":{"rendered":"https:\/\/buletin.de\/bucuresti\/?p=197320"},"modified":"2026-06-02T10:00:44","modified_gmt":"2026-06-02T07:00:44","slug":"calatoriile-cu-autobuzele-turistice-s-ar-putea-schimba-bilete-valabile-72-de-ore-pachete-integrate-cu-muzeele-din-capitala","status":"publish","type":"post","link":"https:\/\/buletin.de\/bucuresti\/calatoriile-cu-autobuzele-turistice-s-ar-putea-schimba-bilete-valabile-72-de-ore-pachete-integrate-cu-muzeele-din-capitala\/","title":{"rendered":"C\u0103l\u0103toriile cu autobuzele turistice s-ar putea schimba: bilete valabile 72 de ore, pachete integrate cu muzeele din Capital\u0103"},"content":{"rendered":"\n<p class=\"wp-block-paragraph\"><strong>C\u0103l\u0103toriile cu autobuzele turistice care circul\u0103 \u00een Bucure\u0219ti vor fi avea loc zilnic \u00een perioada 1 aprilie \u2013 31 octombrie, cu posibilitatea extinderii sezonului \u00een func\u021bie de cererea turistic\u0103, iar turi\u0219tii vor putea cump\u0103ra bilete valabile 24, 48 sau 72 de ore, dac\u0103 un proiect de hot\u0103r\u00e2re propus de consilierii generali ai USR va fi adoptat de Consiliul General al Municipiului Bucure\u0219ti (CGMB).<\/strong><\/p>\n\n\n\n<p class=\"wp-block-paragraph\">De asemenea, biletele ar include accesul la \u201eBucharest City Tour\u201d \u0219i c\u0103l\u0103torii nelimitate pe re\u021beaua de transport public STB. Biletele ar putea fi achizi\u021bionate inclusiv online, potrivit unui comunicat al USR Bucure\u0219ti.<\/p>\n\n\n\n<h2 class=\"wp-block-heading\" id=\"h-cum-se-schimba-calatoriile-cu-autobuzele-turistice\">Cum se schimb\u0103 c\u0103l\u0103toriile cu autobuzele turistice<\/h2>\n\n\n\n<p class=\"wp-block-paragraph\"><strong>Proiectul de hot\u0103r\u00e2re prevede introducerea unor facilit\u0103\u021bi pentru utilizatori, precum aplica\u021bie \u0219i platform\u0103 online cu urm\u0103rirea \u00een timp real a autobuzelor, ghidaj audio multilingv sincronizat cu traseul sau pachete turistice integrate cu muzee \u0219i obiective culturale.<\/strong><\/p>\n\n\n\n<p class=\"wp-block-paragraph\">De asemenea, propune \u201eparteneriate cu agen\u021bii de turism \u0219i operatori din domeniu pentru promovarea ora\u0219ului. \u201eBucure\u0219tiul devine tot mai mult o destina\u021bie turistic\u0103, iar cre\u0219terea num\u0103rului de vizitatori ne oblig\u0103 s\u0103 ridic\u0103m standardele. Ne dorim s\u0103 aducem la aceea\u0219i mas\u0103 institu\u021biile de cultur\u0103 \u0219i partenerii din turism pentru a construi pachete integrate, a\u0219a cum \u00eent\u00e2lnim \u00een orice capital\u0103 european\u0103, \u0219i pentru a oferi servicii de calitate, coerente \u0219i predictibile\u201d, potrivit lui Bogdan Sabo, consilier general USR Bucure\u0219ti.<\/p>\n\n\n\n<p class=\"wp-block-paragraph\"><strong>Proiectul mai prevede promovarea serviciului \u201eBucharest City Tour\u201d \u00een principalele puncte de intrare \u00een ora\u0219, precum Aeroportul Henri Coand\u0103, Aeroportul B\u0103neasa \u0219i Gara de Nord, pentru a facilita accesul turi\u0219tilor \u00eenc\u0103 de la sosire.<\/strong><\/p>\n\n\n\n<p class=\"wp-block-paragraph\">\u201eUn turist care ajunge \u00een Bucure\u0219ti ar trebui s\u0103 poat\u0103 cump\u0103ra un bilet online, s\u0103 urce \u00een autobuzul turistic, s\u0103 vad\u0103 ora\u0219ul \u0219i s\u0103 plece cu impresia c\u0103 a vizitat un ora\u0219 organizat. ,,Bucharest City Tour\u201d trebuie s\u0103 fie o carte de vizit\u0103 a ora\u0219ului\u201d, a afirmat Drago\u0219 Radu, consilier general USR Bucure\u0219ti.<\/p>\n\n\n\n<p class=\"wp-block-paragraph\">Proiectul urmeaz\u0103 s\u0103 intre \u00een dezbaterea <a href=\"https:\/\/www.pmb.ro\/consiliu\/sedinte\/menu-page\/ordinea-de-zi\" target=\"_blank\" rel=\"noreferrer noopener\">Consiliului General al Municipiului Bucure\u0219ti <\/a>\u00een perioada urm\u0103toare, potrivit comunicatului.<\/p>\n\n\n\n<h2 class=\"wp-block-heading\" id=\"h-in-prezent-biletele-sunt-valabile-doar-in-ziua-cumpararii-spre-deosebire-de-alte-capitale-europene\">\u00cen prezent, biletele sunt valabile doar \u00een ziua cump\u0103r\u0103rii, spre deosebire de alte capitale europene<\/h2>\n\n\n\n<p class=\"wp-block-paragraph\"><strong>Buletin de Bucure\u0219ti a scris luni c\u0103 dou\u0103 autobuze turistice au revenit pe traseu \u00een Bucure\u0219ti, de la mijlocul lunii mai. P\u00e2n\u0103 pe 14 iunie, pre\u021bul este sub cel practicat \u00een alte capitale europene, respectiv sub 10 euro pentru o c\u0103l\u0103torie care-\u021bi permite s\u0103 urci \u0219i s\u0103 cobori de c\u00e2te ori vrei, la obiectele de pe traseu, \u00een ziua achizi\u021bion\u0103rii.<\/strong><\/p>\n\n\n\n<p class=\"wp-block-paragraph\">Deocamdat\u0103 au fost puse \u00een circula\u021bie dou\u0103 astfel de vehicule cu platform\u0103 deschis\u0103. Dac\u0103 exist\u0103 cerere, pot fi suplimentate p\u00e2n\u0103 la \u0219ase.<\/p>\n\n\n\n<p class=\"wp-block-paragraph\"><strong>De\u0219i oficial sunt 15 sta\u021bii pe traseu, multe sunt numerotate cu dublu sens pentru c\u00e2te un obiectiv. Adic\u0103, sunt luate \u00een calcul ca \u00een schi\u021bele lui Caragiale: dou\u0103 la Arcul de Triumf, dou\u0103 \u00een Pia\u021ba Roman\u0103 \u0219i tot a\u0219a.<\/strong><\/p>\n\n\n\n<p class=\"wp-block-paragraph\">Practic, sunt mai pu\u021bine obiective, dar mai multe opriri. Singurul avantaj este c\u0103 este un mijloc de transport&nbsp;<em>\u201ehop on- hop off\u201d&nbsp;<\/em>, a\u0219a s\u0103 cobori la orice oprire \u0219i s\u0103 vizitezi ce \u021bi-ai propus.<\/p>\n\n\n\n<p class=\"wp-block-paragraph\"><strong>CITE\u0218TE \u0218I: <a href=\"https:\/\/buletin.de\/bucuresti\/foto-cum-se-vede-bucurestiul-de-pe-platforma-celor-doua-autobuze-turistice\/\" target=\"_blank\" rel=\"noreferrer noopener\">FOTO | Cum se vede Bucure\u0219tiul de pe platforma celor dou\u0103 autobuze turistice. P\u00e2n\u0103 pe 14 iunie, pre\u021bul este mai mic dec\u00e2t \u00een alte capitale europene<\/a><\/strong><\/p>\n","protected":false},"excerpt":{"rendered":"<p>C\u0103l\u0103toriile cu autobuzele turistice care circul\u0103 \u00een Bucure\u0219ti vor fi avea loc zilnic \u00een perioada 1 aprilie \u2013 31 octombrie, cu posibilitatea extinderii sezonului \u00een func\u021bie de cererea turistic\u0103, iar turi\u0219tii vor putea cump\u0103ra bilete valabile 24, 48 sau 72 de ore, dac\u0103 un proiect de hot\u0103r\u00e2re propus de consilierii generali ai USR va fi [&hellip;]<\/p>\n","protected":false},"author":60,"featured_media":197110,"comment_status":"closed","ping_status":"open","sticky":false,"template":"","format":"standard","meta":{"_acf_changed":false,"inline_featured_image":false,"ngg_post_thumbnail":0,"footnotes":""},"categories":[6994,5762,24],"tags":[5715,5716,9,2054,402],"ppma_author":[22582],"class_list":["post-197320","post","type-post","status-publish","format-standard","has-post-thumbnail","hentry","category-stiri-2","category-main","category-primarie","tag-autobuze-turistice","tag-bucharest-city-tour","tag-bucuresti","tag-capitala","tag-stb"],"acf":[],"a3_pvc":{"activated":false,"total_views":0,"today_views":0},"yoast_head":"<!-- This site is optimized with the Yoast SEO Premium plugin v28.0 (Yoast SEO v28.3) - https:\/\/yoast.com\/product\/yoast-seo-premium-wordpress\/ -->\n<title>C\u0103l\u0103toriile cu autobuzele turistice s-ar putea schimba: bilete valabile 72 de ore, pachete integrate cu muzeele din Capital\u0103 - Buletin de Bucure\u0219ti<\/title>\n<meta name=\"description\" content=\"C\u0103l\u0103toriile cu autobuzele turistice care circul\u0103 \u00een Bucure\u0219ti vor fi avea loc zilnic \u00een perioada 1 aprilie \u2013 31 octombrie.\" \/>\n<meta name=\"robots\" content=\"index, follow, max-snippet:-1, max-image-preview:large, max-video-preview:-1\" \/>\n<link rel=\"canonical\" href=\"https:\/\/buletin.de\/bucuresti\/calatoriile-cu-autobuzele-turistice-s-ar-putea-schimba-bilete-valabile-72-de-ore-pachete-integrate-cu-muzeele-din-capitala\/\" \/>\n<meta property=\"og:locale\" content=\"en_GB\" \/>\n<meta property=\"og:type\" content=\"article\" \/>\n<meta property=\"og:title\" content=\"C\u0103l\u0103toriile cu autobuzele turistice s-ar putea schimba: bilete valabile 72 de ore, pachete integrate cu muzeele din Capital\u0103\" \/>\n<meta property=\"og:description\" content=\"C\u0103l\u0103toriile cu autobuzele turistice care circul\u0103 \u00een Bucure\u0219ti vor fi avea loc zilnic \u00een perioada 1 aprilie \u2013 31 octombrie.\" \/>\n<meta property=\"og:url\" content=\"https:\/\/buletin.de\/bucuresti\/calatoriile-cu-autobuzele-turistice-s-ar-putea-schimba-bilete-valabile-72-de-ore-pachete-integrate-cu-muzeele-din-capitala\/\" \/>\n<meta property=\"og:site_name\" content=\"Buletin de Bucure\u0219ti\" \/>\n<meta property=\"article:publisher\" content=\"https:\/\/www.facebook.com\/buletin.de.buc\" \/>\n<meta property=\"article:published_time\" content=\"2026-06-02T06:58:03+00:00\" \/>\n<meta property=\"article:modified_time\" content=\"2026-06-02T07:00:44+00:00\" \/>\n<meta property=\"og:image\" content=\"https:\/\/buletin.de\/bucuresti\/wp-content\/uploads\/2026\/06\/image-4.jpeg\" \/>\n\t<meta property=\"og:image:width\" content=\"2048\" \/>\n\t<meta property=\"og:image:height\" content=\"1536\" \/>\n\t<meta property=\"og:image:type\" content=\"image\/jpeg\" \/>\n<meta name=\"author\" content=\"R\u0103zvan Chiru\u021b\u0103\" \/>\n<meta name=\"twitter:card\" content=\"summary_large_image\" \/>\n<meta name=\"twitter:label1\" content=\"Written by\" \/>\n\t<meta name=\"twitter:data1\" content=\"R\u0103zvan Chiru\u021b\u0103\" \/>\n\t<meta name=\"twitter:label2\" content=\"Estimated reading time\" \/>\n\t<meta name=\"twitter:data2\" content=\"3 minutes\" \/>\n<script type=\"application\/ld+json\" class=\"yoast-schema-graph\">{\"@context\":\"https:\\\/\\\/schema.org\",\"@graph\":[{\"@type\":\"Article\",\"@id\":\"https:\\\/\\\/buletin.de\\\/bucuresti\\\/calatoriile-cu-autobuzele-turistice-s-ar-putea-schimba-bilete-valabile-72-de-ore-pachete-integrate-cu-muzeele-din-capitala\\\/#article\",\"isPartOf\":{\"@id\":\"https:\\\/\\\/buletin.de\\\/bucuresti\\\/calatoriile-cu-autobuzele-turistice-s-ar-putea-schimba-bilete-valabile-72-de-ore-pachete-integrate-cu-muzeele-din-capitala\\\/\"},\"author\":{\"name\":\"R\u0103zvan Chiru\u021b\u0103\",\"@id\":\"https:\\\/\\\/buletin.de\\\/bucuresti\\\/#\\\/schema\\\/person\\\/a76df728dfc913795a9d90e346b253bb\"},\"headline\":\"C\u0103l\u0103toriile cu autobuzele turistice s-ar putea schimba: bilete valabile 72 de ore, pachete integrate cu muzeele din Capital\u0103\",\"datePublished\":\"2026-06-02T06:58:03+00:00\",\"dateModified\":\"2026-06-02T07:00:44+00:00\",\"mainEntityOfPage\":{\"@id\":\"https:\\\/\\\/buletin.de\\\/bucuresti\\\/calatoriile-cu-autobuzele-turistice-s-ar-putea-schimba-bilete-valabile-72-de-ore-pachete-integrate-cu-muzeele-din-capitala\\\/\"},\"wordCount\":595,\"publisher\":{\"@id\":\"https:\\\/\\\/buletin.de\\\/bucuresti\\\/#organization\"},\"image\":{\"@id\":\"https:\\\/\\\/buletin.de\\\/bucuresti\\\/calatoriile-cu-autobuzele-turistice-s-ar-putea-schimba-bilete-valabile-72-de-ore-pachete-integrate-cu-muzeele-din-capitala\\\/#primaryimage\"},\"thumbnailUrl\":\"https:\\\/\\\/buletin.de\\\/bucuresti\\\/wp-content\\\/uploads\\\/2026\\\/06\\\/image-4.jpeg\",\"keywords\":[\"autobuze turistice\",\"Bucharest City Tour\",\"bucuresti\",\"Capitala\",\"stb\"],\"articleSection\":[\"Articole\",\"Main\",\"Prim\u0103rie\"],\"inLanguage\":\"en-GB\",\"copyrightYear\":\"2026\",\"copyrightHolder\":{\"@id\":\"https:\\\/\\\/buletin.de\\\/bucuresti\\\/#organization\"}},{\"@type\":\"WebPage\",\"@id\":\"https:\\\/\\\/buletin.de\\\/bucuresti\\\/calatoriile-cu-autobuzele-turistice-s-ar-putea-schimba-bilete-valabile-72-de-ore-pachete-integrate-cu-muzeele-din-capitala\\\/\",\"url\":\"https:\\\/\\\/buletin.de\\\/bucuresti\\\/calatoriile-cu-autobuzele-turistice-s-ar-putea-schimba-bilete-valabile-72-de-ore-pachete-integrate-cu-muzeele-din-capitala\\\/\",\"name\":\"C\u0103l\u0103toriile cu autobuzele turistice s-ar putea schimba: bilete valabile 72 de ore, pachete integrate cu muzeele din Capital\u0103 - Buletin de Bucure\u0219ti\",\"isPartOf\":{\"@id\":\"https:\\\/\\\/buletin.de\\\/bucuresti\\\/#website\"},\"primaryImageOfPage\":{\"@id\":\"https:\\\/\\\/buletin.de\\\/bucuresti\\\/calatoriile-cu-autobuzele-turistice-s-ar-putea-schimba-bilete-valabile-72-de-ore-pachete-integrate-cu-muzeele-din-capitala\\\/#primaryimage\"},\"image\":{\"@id\":\"https:\\\/\\\/buletin.de\\\/bucuresti\\\/calatoriile-cu-autobuzele-turistice-s-ar-putea-schimba-bilete-valabile-72-de-ore-pachete-integrate-cu-muzeele-din-capitala\\\/#primaryimage\"},\"thumbnailUrl\":\"https:\\\/\\\/buletin.de\\\/bucuresti\\\/wp-content\\\/uploads\\\/2026\\\/06\\\/image-4.jpeg\",\"datePublished\":\"2026-06-02T06:58:03+00:00\",\"dateModified\":\"2026-06-02T07:00:44+00:00\",\"description\":\"C\u0103l\u0103toriile cu autobuzele turistice care circul\u0103 \u00een Bucure\u0219ti vor fi avea loc zilnic \u00een perioada 1 aprilie \u2013 31 octombrie.\",\"breadcrumb\":{\"@id\":\"https:\\\/\\\/buletin.de\\\/bucuresti\\\/calatoriile-cu-autobuzele-turistice-s-ar-putea-schimba-bilete-valabile-72-de-ore-pachete-integrate-cu-muzeele-din-capitala\\\/#breadcrumb\"},\"inLanguage\":\"en-GB\",\"potentialAction\":[{\"@type\":\"ReadAction\",\"target\":[\"https:\\\/\\\/buletin.de\\\/bucuresti\\\/calatoriile-cu-autobuzele-turistice-s-ar-putea-schimba-bilete-valabile-72-de-ore-pachete-integrate-cu-muzeele-din-capitala\\\/\"]}]},{\"@type\":\"ImageObject\",\"inLanguage\":\"en-GB\",\"@id\":\"https:\\\/\\\/buletin.de\\\/bucuresti\\\/calatoriile-cu-autobuzele-turistice-s-ar-putea-schimba-bilete-valabile-72-de-ore-pachete-integrate-cu-muzeele-din-capitala\\\/#primaryimage\",\"url\":\"https:\\\/\\\/buletin.de\\\/bucuresti\\\/wp-content\\\/uploads\\\/2026\\\/06\\\/image-4.jpeg\",\"contentUrl\":\"https:\\\/\\\/buletin.de\\\/bucuresti\\\/wp-content\\\/uploads\\\/2026\\\/06\\\/image-4.jpeg\",\"width\":2048,\"height\":1536,\"caption\":\"Casa Poporului, acum Palatul Parlamentului. Foto Livia Andronache\\\/BdB\"},{\"@type\":\"BreadcrumbList\",\"@id\":\"https:\\\/\\\/buletin.de\\\/bucuresti\\\/calatoriile-cu-autobuzele-turistice-s-ar-putea-schimba-bilete-valabile-72-de-ore-pachete-integrate-cu-muzeele-din-capitala\\\/#breadcrumb\",\"itemListElement\":[{\"@type\":\"ListItem\",\"position\":1,\"name\":\"Acas\u0103\",\"item\":\"https:\\\/\\\/buletin.de\\\/bucuresti\\\/\"},{\"@type\":\"ListItem\",\"position\":2,\"name\":\"C\u0103l\u0103toriile cu autobuzele turistice s-ar putea schimba: bilete valabile 72 de ore, pachete integrate cu muzeele din Capital\u0103\"}]},{\"@type\":\"WebSite\",\"@id\":\"https:\\\/\\\/buletin.de\\\/bucuresti\\\/#website\",\"url\":\"https:\\\/\\\/buletin.de\\\/bucuresti\\\/\",\"name\":\"Buletin de Bucure\u0219ti\",\"description\":\"\u0218tiri \u0219i investiga\u021bii esen\u021biale din capital\u0103\",\"publisher\":{\"@id\":\"https:\\\/\\\/buletin.de\\\/bucuresti\\\/#organization\"},\"potentialAction\":[{\"@type\":\"SearchAction\",\"target\":{\"@type\":\"EntryPoint\",\"urlTemplate\":\"https:\\\/\\\/buletin.de\\\/bucuresti\\\/?s={search_term_string}\"},\"query-input\":{\"@type\":\"PropertyValueSpecification\",\"valueRequired\":true,\"valueName\":\"search_term_string\"}}],\"inLanguage\":\"en-GB\"},{\"@type\":\"Organization\",\"@id\":\"https:\\\/\\\/buletin.de\\\/bucuresti\\\/#organization\",\"name\":\"Buletin de Bucure\u0219ti\",\"url\":\"https:\\\/\\\/buletin.de\\\/bucuresti\\\/\",\"logo\":{\"@type\":\"ImageObject\",\"inLanguage\":\"en-GB\",\"@id\":\"https:\\\/\\\/buletin.de\\\/bucuresti\\\/#\\\/schema\\\/logo\\\/image\\\/\",\"url\":\"https:\\\/\\\/buletin.de\\\/bucuresti\\\/wp-content\\\/uploads\\\/logo-bdb-full-wide-vernil-transparent.png\",\"contentUrl\":\"https:\\\/\\\/buletin.de\\\/bucuresti\\\/wp-content\\\/uploads\\\/logo-bdb-full-wide-vernil-transparent.png\",\"width\":1782,\"height\":626,\"caption\":\"Buletin de Bucure\u0219ti\"},\"image\":{\"@id\":\"https:\\\/\\\/buletin.de\\\/bucuresti\\\/#\\\/schema\\\/logo\\\/image\\\/\"},\"sameAs\":[\"https:\\\/\\\/www.facebook.com\\\/buletin.de.buc\",\"https:\\\/\\\/www.instagram.com\\\/buletinde.bucuresti\\\/\"]},{\"@type\":\"Person\",\"@id\":\"https:\\\/\\\/buletin.de\\\/bucuresti\\\/#\\\/schema\\\/person\\\/a76df728dfc913795a9d90e346b253bb\",\"name\":\"R\u0103zvan Chiru\u021b\u0103\",\"image\":{\"@type\":\"ImageObject\",\"inLanguage\":\"en-GB\",\"@id\":\"https:\\\/\\\/buletin.de\\\/bucuresti\\\/wp-content\\\/uploads\\\/Razvan-Chiruta-96x96.jpge7143b996fd4241fbd6ee1f6b6b7b267\",\"url\":\"https:\\\/\\\/buletin.de\\\/bucuresti\\\/wp-content\\\/uploads\\\/Razvan-Chiruta-96x96.jpg\",\"contentUrl\":\"https:\\\/\\\/buletin.de\\\/bucuresti\\\/wp-content\\\/uploads\\\/Razvan-Chiruta-96x96.jpg\",\"caption\":\"R\u0103zvan Chiru\u021b\u0103\"},\"description\":\"R\u0103zvan Chiru\u021b\u0103 este redactor-\u0219ef adjunct din iulie 2024. A fost redactor-\u0219ef al PRESShub \u00eentre 2022 \u0219i iunie 2024. Anterior, a fost redactor-\u0219ef al Newsweek Rom\u00e2nia, din 2018 p\u00e2n\u0103 \u00een 2021, \u0219i al cotidianului Rom\u00e2nia liber\u0103, \u00eentre 2015 \u0219i 2017. Este absolvent de Jurnalism, \u00een cadrul Universit\u0103\u021bii \u201eAl.I.Cuza\u201d din Ia\u0219i, \u0219i a urmat un master \u00een Managementul institu\u021biilor mass-media (f\u0103r\u0103 diserta\u021bie) la Facultatea de Jurnalism \u0219i \u0218tiin\u021bele Comunic\u0103rii din cadrul Universit\u0103\u021bii din Bucure\u0219ti. \u0218i-a \u00eenceput cariera la Opinia studen\u021beasc\u0103, cunoscuta \u0219coal\u0103 de pres\u0103 din Ia\u0219i. A lucrat \u00een presa local\u0103, apoi a devenit corespondent pentru Ia\u0219i al cotidianului Evenimentul Zilei. Din 2004, a coordonat pentru \u0219ase luni sec\u021bia de coresponden\u021bi a Evenimentului Zilei. A mai lucrat la s\u0103pt\u0103m\u00e2nalul Prezent \u0219i a colaborat cu revistele Dilema Veche \u0219i Suplimentul de Cultur\u0103. Este co-autor \u00een volumele \u201eMass-media \u0219i democra\u021bia \u00een Rom\u00e2nia post-comunist\u0103\u201d (ed. a II-a), Ed. Institutul European, Ia\u0219i, 2013, \u0219i \u201eCOVID - 19. Dimensiuni ale gestionarii pandemiei\u201d, Editura Junimea, Ia\u0219i, 2020.\",\"url\":\"https:\\\/\\\/buletin.de\\\/bucuresti\\\/author\\\/razvan-chiruta\\\/\"}]}<\/script>\n<!-- \/ Yoast SEO Premium plugin. -->","yoast_head_json":{"title":"C\u0103l\u0103toriile cu autobuzele turistice s-ar putea schimba: bilete valabile 72 de ore, pachete integrate cu muzeele din Capital\u0103 - Buletin de Bucure\u0219ti","description":"C\u0103l\u0103toriile cu autobuzele turistice care circul\u0103 \u00een Bucure\u0219ti vor fi avea loc zilnic \u00een perioada 1 aprilie \u2013 31 octombrie.","robots":{"index":"index","follow":"follow","max-snippet":"max-snippet:-1","max-image-preview":"max-image-preview:large","max-video-preview":"max-video-preview:-1"},"canonical":"https:\/\/buletin.de\/bucuresti\/calatoriile-cu-autobuzele-turistice-s-ar-putea-schimba-bilete-valabile-72-de-ore-pachete-integrate-cu-muzeele-din-capitala\/","og_locale":"en_GB","og_type":"article","og_title":"C\u0103l\u0103toriile cu autobuzele turistice s-ar putea schimba: bilete valabile 72 de ore, pachete integrate cu muzeele din Capital\u0103","og_description":"C\u0103l\u0103toriile cu autobuzele turistice care circul\u0103 \u00een Bucure\u0219ti vor fi avea loc zilnic \u00een perioada 1 aprilie \u2013 31 octombrie.","og_url":"https:\/\/buletin.de\/bucuresti\/calatoriile-cu-autobuzele-turistice-s-ar-putea-schimba-bilete-valabile-72-de-ore-pachete-integrate-cu-muzeele-din-capitala\/","og_site_name":"Buletin de Bucure\u0219ti","article_publisher":"https:\/\/www.facebook.com\/buletin.de.buc","article_published_time":"2026-06-02T06:58:03+00:00","article_modified_time":"2026-06-02T07:00:44+00:00","og_image":[{"width":2048,"height":1536,"url":"https:\/\/buletin.de\/bucuresti\/wp-content\/uploads\/2026\/06\/image-4.jpeg","type":"image\/jpeg"}],"author":"R\u0103zvan Chiru\u021b\u0103","twitter_card":"summary_large_image","twitter_misc":{"Written by":"R\u0103zvan Chiru\u021b\u0103","Estimated reading time":"3 minutes"},"schema":{"@context":"https:\/\/schema.org","@graph":[{"@type":"Article","@id":"https:\/\/buletin.de\/bucuresti\/calatoriile-cu-autobuzele-turistice-s-ar-putea-schimba-bilete-valabile-72-de-ore-pachete-integrate-cu-muzeele-din-capitala\/#article","isPartOf":{"@id":"https:\/\/buletin.de\/bucuresti\/calatoriile-cu-autobuzele-turistice-s-ar-putea-schimba-bilete-valabile-72-de-ore-pachete-integrate-cu-muzeele-din-capitala\/"},"author":{"name":"R\u0103zvan Chiru\u021b\u0103","@id":"https:\/\/buletin.de\/bucuresti\/#\/schema\/person\/a76df728dfc913795a9d90e346b253bb"},"headline":"C\u0103l\u0103toriile cu autobuzele turistice s-ar putea schimba: bilete valabile 72 de ore, pachete integrate cu muzeele din Capital\u0103","datePublished":"2026-06-02T06:58:03+00:00","dateModified":"2026-06-02T07:00:44+00:00","mainEntityOfPage":{"@id":"https:\/\/buletin.de\/bucuresti\/calatoriile-cu-autobuzele-turistice-s-ar-putea-schimba-bilete-valabile-72-de-ore-pachete-integrate-cu-muzeele-din-capitala\/"},"wordCount":595,"publisher":{"@id":"https:\/\/buletin.de\/bucuresti\/#organization"},"image":{"@id":"https:\/\/buletin.de\/bucuresti\/calatoriile-cu-autobuzele-turistice-s-ar-putea-schimba-bilete-valabile-72-de-ore-pachete-integrate-cu-muzeele-din-capitala\/#primaryimage"},"thumbnailUrl":"https:\/\/buletin.de\/bucuresti\/wp-content\/uploads\/2026\/06\/image-4.jpeg","keywords":["autobuze turistice","Bucharest City Tour","bucuresti","Capitala","stb"],"articleSection":["Articole","Main","Prim\u0103rie"],"inLanguage":"en-GB","copyrightYear":"2026","copyrightHolder":{"@id":"https:\/\/buletin.de\/bucuresti\/#organization"}},{"@type":"WebPage","@id":"https:\/\/buletin.de\/bucuresti\/calatoriile-cu-autobuzele-turistice-s-ar-putea-schimba-bilete-valabile-72-de-ore-pachete-integrate-cu-muzeele-din-capitala\/","url":"https:\/\/buletin.de\/bucuresti\/calatoriile-cu-autobuzele-turistice-s-ar-putea-schimba-bilete-valabile-72-de-ore-pachete-integrate-cu-muzeele-din-capitala\/","name":"C\u0103l\u0103toriile cu autobuzele turistice s-ar putea schimba: bilete valabile 72 de ore, pachete integrate cu muzeele din Capital\u0103 - Buletin de Bucure\u0219ti","isPartOf":{"@id":"https:\/\/buletin.de\/bucuresti\/#website"},"primaryImageOfPage":{"@id":"https:\/\/buletin.de\/bucuresti\/calatoriile-cu-autobuzele-turistice-s-ar-putea-schimba-bilete-valabile-72-de-ore-pachete-integrate-cu-muzeele-din-capitala\/#primaryimage"},"image":{"@id":"https:\/\/buletin.de\/bucuresti\/calatoriile-cu-autobuzele-turistice-s-ar-putea-schimba-bilete-valabile-72-de-ore-pachete-integrate-cu-muzeele-din-capitala\/#primaryimage"},"thumbnailUrl":"https:\/\/buletin.de\/bucuresti\/wp-content\/uploads\/2026\/06\/image-4.jpeg","datePublished":"2026-06-02T06:58:03+00:00","dateModified":"2026-06-02T07:00:44+00:00","description":"C\u0103l\u0103toriile cu autobuzele turistice care circul\u0103 \u00een Bucure\u0219ti vor fi avea loc zilnic \u00een perioada 1 aprilie \u2013 31 octombrie.","breadcrumb":{"@id":"https:\/\/buletin.de\/bucuresti\/calatoriile-cu-autobuzele-turistice-s-ar-putea-schimba-bilete-valabile-72-de-ore-pachete-integrate-cu-muzeele-din-capitala\/#breadcrumb"},"inLanguage":"en-GB","potentialAction":[{"@type":"ReadAction","target":["https:\/\/buletin.de\/bucuresti\/calatoriile-cu-autobuzele-turistice-s-ar-putea-schimba-bilete-valabile-72-de-ore-pachete-integrate-cu-muzeele-din-capitala\/"]}]},{"@type":"ImageObject","inLanguage":"en-GB","@id":"https:\/\/buletin.de\/bucuresti\/calatoriile-cu-autobuzele-turistice-s-ar-putea-schimba-bilete-valabile-72-de-ore-pachete-integrate-cu-muzeele-din-capitala\/#primaryimage","url":"https:\/\/buletin.de\/bucuresti\/wp-content\/uploads\/2026\/06\/image-4.jpeg","contentUrl":"https:\/\/buletin.de\/bucuresti\/wp-content\/uploads\/2026\/06\/image-4.jpeg","width":2048,"height":1536,"caption":"Casa Poporului, acum Palatul Parlamentului. Foto Livia Andronache\/BdB"},{"@type":"BreadcrumbList","@id":"https:\/\/buletin.de\/bucuresti\/calatoriile-cu-autobuzele-turistice-s-ar-putea-schimba-bilete-valabile-72-de-ore-pachete-integrate-cu-muzeele-din-capitala\/#breadcrumb","itemListElement":[{"@type":"ListItem","position":1,"name":"Acas\u0103","item":"https:\/\/buletin.de\/bucuresti\/"},{"@type":"ListItem","position":2,"name":"C\u0103l\u0103toriile cu autobuzele turistice s-ar putea schimba: bilete valabile 72 de ore, pachete integrate cu muzeele din Capital\u0103"}]},{"@type":"WebSite","@id":"https:\/\/buletin.de\/bucuresti\/#website","url":"https:\/\/buletin.de\/bucuresti\/","name":"Buletin de Bucure\u0219ti","description":"\u0218tiri \u0219i investiga\u021bii esen\u021biale din capital\u0103","publisher":{"@id":"https:\/\/buletin.de\/bucuresti\/#organization"},"potentialAction":[{"@type":"SearchAction","target":{"@type":"EntryPoint","urlTemplate":"https:\/\/buletin.de\/bucuresti\/?s={search_term_string}"},"query-input":{"@type":"PropertyValueSpecification","valueRequired":true,"valueName":"search_term_string"}}],"inLanguage":"en-GB"},{"@type":"Organization","@id":"https:\/\/buletin.de\/bucuresti\/#organization","name":"Buletin de Bucure\u0219ti","url":"https:\/\/buletin.de\/bucuresti\/","logo":{"@type":"ImageObject","inLanguage":"en-GB","@id":"https:\/\/buletin.de\/bucuresti\/#\/schema\/logo\/image\/","url":"https:\/\/buletin.de\/bucuresti\/wp-content\/uploads\/logo-bdb-full-wide-vernil-transparent.png","contentUrl":"https:\/\/buletin.de\/bucuresti\/wp-content\/uploads\/logo-bdb-full-wide-vernil-transparent.png","width":1782,"height":626,"caption":"Buletin de Bucure\u0219ti"},"image":{"@id":"https:\/\/buletin.de\/bucuresti\/#\/schema\/logo\/image\/"},"sameAs":["https:\/\/www.facebook.com\/buletin.de.buc","https:\/\/www.instagram.com\/buletinde.bucuresti\/"]},{"@type":"Person","@id":"https:\/\/buletin.de\/bucuresti\/#\/schema\/person\/a76df728dfc913795a9d90e346b253bb","name":"R\u0103zvan Chiru\u021b\u0103","image":{"@type":"ImageObject","inLanguage":"en-GB","@id":"https:\/\/buletin.de\/bucuresti\/wp-content\/uploads\/Razvan-Chiruta-96x96.jpge7143b996fd4241fbd6ee1f6b6b7b267","url":"https:\/\/buletin.de\/bucuresti\/wp-content\/uploads\/Razvan-Chiruta-96x96.jpg","contentUrl":"https:\/\/buletin.de\/bucuresti\/wp-content\/uploads\/Razvan-Chiruta-96x96.jpg","caption":"R\u0103zvan Chiru\u021b\u0103"},"description":"R\u0103zvan Chiru\u021b\u0103 este redactor-\u0219ef adjunct din iulie 2024. A fost redactor-\u0219ef al PRESShub \u00eentre 2022 \u0219i iunie 2024. Anterior, a fost redactor-\u0219ef al Newsweek Rom\u00e2nia, din 2018 p\u00e2n\u0103 \u00een 2021, \u0219i al cotidianului Rom\u00e2nia liber\u0103, \u00eentre 2015 \u0219i 2017. Este absolvent de Jurnalism, \u00een cadrul Universit\u0103\u021bii \u201eAl.I.Cuza\u201d din Ia\u0219i, \u0219i a urmat un master \u00een Managementul institu\u021biilor mass-media (f\u0103r\u0103 diserta\u021bie) la Facultatea de Jurnalism \u0219i \u0218tiin\u021bele Comunic\u0103rii din cadrul Universit\u0103\u021bii din Bucure\u0219ti. \u0218i-a \u00eenceput cariera la Opinia studen\u021beasc\u0103, cunoscuta \u0219coal\u0103 de pres\u0103 din Ia\u0219i. A lucrat \u00een presa local\u0103, apoi a devenit corespondent pentru Ia\u0219i al cotidianului Evenimentul Zilei. Din 2004, a coordonat pentru \u0219ase luni sec\u021bia de coresponden\u021bi a Evenimentului Zilei. A mai lucrat la s\u0103pt\u0103m\u00e2nalul Prezent \u0219i a colaborat cu revistele Dilema Veche \u0219i Suplimentul de Cultur\u0103. Este co-autor \u00een volumele \u201eMass-media \u0219i democra\u021bia \u00een Rom\u00e2nia post-comunist\u0103\u201d (ed. a II-a), Ed. Institutul European, Ia\u0219i, 2013, \u0219i \u201eCOVID - 19. Dimensiuni ale gestionarii pandemiei\u201d, Editura Junimea, Ia\u0219i, 2020.","url":"https:\/\/buletin.de\/bucuresti\/author\/razvan-chiruta\/"}]}},"authors":[{"term_id":22582,"user_id":60,"is_guest":0,"slug":"razvan-chiruta","display_name":"R\u0103zvan Chiru\u021b\u0103","avatar_url":"https:\/\/buletin.de\/bucuresti\/wp-content\/uploads\/Razvan-Chiruta-96x96.jpg","author_category":"","first_name":"R\u0103zvan","last_name":"Chiru\u021b\u0103","user_url":"","job_title":"","description":"R\u0103zvan Chiru\u021b\u0103 este redactor-\u0219ef adjunct din iulie 2024.\r\n\r\nA fost redactor-\u0219ef al PRESShub \u00eentre 2022 \u0219i iunie 2024. Anterior, a fost redactor-\u0219ef al Newsweek Rom\u00e2nia, din 2018 p\u00e2n\u0103 \u00een 2021, \u0219i al cotidianului Rom\u00e2nia liber\u0103, \u00eentre 2015 \u0219i 2017. \r\n\r\nEste absolvent de Jurnalism, \u00een cadrul Universit\u0103\u021bii \u201eAl.I.Cuza\u201d din Ia\u0219i, \u0219i a urmat un master \u00een Managementul institu\u021biilor mass-media (f\u0103r\u0103 diserta\u021bie) la Facultatea de Jurnalism \u0219i \u0218tiin\u021bele Comunic\u0103rii din cadrul Universit\u0103\u021bii din Bucure\u0219ti. \r\n\r\n\u0218i-a \u00eenceput cariera la Opinia studen\u021beasc\u0103, cunoscuta \u0219coal\u0103 de pres\u0103 din Ia\u0219i. \r\n\r\nA lucrat \u00een presa local\u0103, apoi a devenit corespondent pentru Ia\u0219i al cotidianului Evenimentul Zilei. Din 2004, a coordonat pentru \u0219ase luni sec\u021bia de coresponden\u021bi a Evenimentului Zilei. \r\n\r\nA mai lucrat la s\u0103pt\u0103m\u00e2nalul Prezent \u0219i a colaborat cu revistele Dilema Veche \u0219i Suplimentul de Cultur\u0103. \r\n\r\nEste co-autor \u00een volumele \u201eMass-media \u0219i democra\u021bia \u00een Rom\u00e2nia post-comunist\u0103\u201d (ed. a II-a), Ed. Institutul European, Ia\u0219i, 2013, \u0219i \u201eCOVID - 19. Dimensiuni ale gestionarii pandemiei\u201d, Editura Junimea, Ia\u0219i, 2020."}],"_links":{"self":[{"href":"https:\/\/buletin.de\/bucuresti\/wp-json\/wp\/v2\/posts\/197320","targetHints":{"allow":["GET"]}}],"collection":[{"href":"https:\/\/buletin.de\/bucuresti\/wp-json\/wp\/v2\/posts"}],"about":[{"href":"https:\/\/buletin.de\/bucuresti\/wp-json\/wp\/v2\/types\/post"}],"author":[{"embeddable":true,"href":"https:\/\/buletin.de\/bucuresti\/wp-json\/wp\/v2\/users\/60"}],"replies":[{"embeddable":true,"href":"https:\/\/buletin.de\/bucuresti\/wp-json\/wp\/v2\/comments?post=197320"}],"version-history":[{"count":3,"href":"https:\/\/buletin.de\/bucuresti\/wp-json\/wp\/v2\/posts\/197320\/revisions"}],"predecessor-version":[{"id":197327,"href":"https:\/\/buletin.de\/bucuresti\/wp-json\/wp\/v2\/posts\/197320\/revisions\/197327"}],"wp:featuredmedia":[{"embeddable":true,"href":"https:\/\/buletin.de\/bucuresti\/wp-json\/wp\/v2\/media\/197110"}],"wp:attachment":[{"href":"https:\/\/buletin.de\/bucuresti\/wp-json\/wp\/v2\/media?parent=197320"}],"wp:term":[{"taxonomy":"category","embeddable":true,"href":"https:\/\/buletin.de\/bucuresti\/wp-json\/wp\/v2\/categories?post=197320"},{"taxonomy":"post_tag","embeddable":true,"href":"https:\/\/buletin.de\/bucuresti\/wp-json\/wp\/v2\/tags?post=197320"},{"taxonomy":"author","embeddable":true,"href":"https:\/\/buletin.de\/bucuresti\/wp-json\/wp\/v2\/ppma_author?post=197320"}],"curies":[{"name":"wp","href":"https:\/\/api.w.org\/{rel}","templated":true}]}}