{"id":19658,"date":"2021-02-08T21:29:24","date_gmt":"2021-02-08T18:29:24","guid":{"rendered":"https:\/\/buletin.de\/bucuresti\/?p=19658"},"modified":"2021-02-08T21:30:04","modified_gmt":"2021-02-08T18:30:04","slug":"profit-de-milioane-prin-firma-sindicatului-de-la-metrou-din-spatii-comerciale-si-reclame-drula-subventionarea-trebuie-sa-aiba-in-centrul-atentiei-calatorul-nu-nababul-de-sindicat","status":"publish","type":"post","link":"https:\/\/buletin.de\/bucuresti\/profit-de-milioane-prin-firma-sindicatului-de-la-metrou-din-spatii-comerciale-si-reclame-drula-subventionarea-trebuie-sa-aiba-in-centrul-atentiei-calatorul-nu-nababul-de-sindicat\/","title":{"rendered":"Profit de milioane, prin firma sindicatului de la metrou, din spa\u021bii comerciale, reclame \u0219i turism. Drul\u0103: \u201cSubven\u021bionarea trebuie s\u0103 aib\u0103 \u00een centrul aten\u021biei c\u0103l\u0103torul, nu nababul de sindicat\u201d"},"content":{"rendered":"\n<p><strong>Ministrul Transporturilor, C\u0103t\u0103lin Drul\u0103, a publicat rezultatele preliminare ale investiga\u021biei inspectorilor corpului de control cu privire la afacerile sindicatului din subteran. De\u0219i controlul anun\u021bat a fost pe fondul negocierilor privind majorarea de 18% a salariilor din subteran, verificarile au vizat \u00een realitate leg\u0103turile conducerii sindicatului cu patrimoniul \u0219i bugetul Metrorex, dup\u0103 cum Buletin de Bucure\u0219ti a dezv\u0103luit <a href=\"https:\/\/buletin.de\/bucuresti\/exclusiv-contractele-pentru-spatiile-comerciale-si-platile-catre-firma-sindicatului-de-la-metrorex-verificate-de-ministerul-transporturilor-mai-sunt-vizate-orele-suplimentare-si-contractele-de-mun\/\">aici<\/a>. &nbsp;&nbsp;<\/strong><\/p>\n\n\n\n<p>\u201c<em>Negocierea avantajelor \u0219i privilegiilor pe care \u0219i le-au dob\u00e2ndit prin Contractul Colectiv de Munc\u0103 \u0219i pentru care pl\u0103tesc to\u021bi rom\u00e2nii subven\u021bionarea metroului, trebuie s\u0103 aib\u0103 \u00een centrul aten\u021biei c\u0103l\u0103torul, nu nababul de sindicat.<\/em><\/p>\n\n\n\n<p><em>Din concluziile preliminare ale anchetei Corpului de Control afl\u0103m c\u0103, la negocierea CCM de anul trecut, c\u00e2nd s-au majorat salariile cu 18%, 10 din cei 15 membri din comisia de negociere constituit\u0103 la nivelul administra\u021biei Metrorex erau membri de sindicat. Practic, sindicatul Metrorex a negociat salarii mai mari \u00een plin\u0103 pandemie cu sine \u00eensu\u0219i<\/em>\u201d, a anun\u021bat Drul\u0103.<\/p>\n\n\n\n<p>\u201c<em>Sindomet Servcom SRL a avut dou\u0103 contracte cu Metrorex: unul pentru spa\u021biile comerciale (expirat \u00een 2018) prin care firma \u00eencasa 75% \u0219i Metrorex doar 25% din valorificarea acestora.<\/em><\/p>\n\n\n\n<p><em>\u0218i un contract pentru spa\u021biile de publicitate (expirat din 2019), din care Sindomet \u00eencasa 53%, iar Metrorex doar 47%.<\/em><\/p>\n\n\n\n<p><em>S-a \u00eencercat prelungirea de facto a acestor contracte, Sindomet \u00eencas\u00e2nd \u00een continuare sumele, dar Metrorex refuz\u00e2nd s\u0103 \u00eencaseze partea sa (oricum PREA MIC\u0102) pentru c\u0103 nu mai exista contract valabil.<\/em><\/p>\n\n\n\n<p><em>Corpul de Control va face lumin\u0103 \u0219i \u00een aceast\u0103 poveste.<\/em> <em>Pentru context, <strong>firma Sindomet Servcom SRL a avut, \u00een 2019, o cifr\u0103 de afaceri de 7.981.344 lei \u0219i un profit de 6.197.855 lei, conform datelor publice disponibile.<\/strong><\/em><\/p>\n\n\n\n<p><em>Sindomet Servcom SRL mai de\u021bine \u0219i un complex turistic la Bu\u0219teni, care ofer\u0103 reducere de 99% pentru angaja\u021bii Metrorex, care aleg s\u0103 \u00ee\u0219i petreac\u0103 cele 4 zile de recuperare, printre altele, la centrul turistic din Bu\u0219teni de\u021binut de aceast\u0103 firm\u0103. Reducerea de 99% este suportat\u0103 de Metrorex.<\/em><\/p>\n\n\n\n<p><em>Fostul deputat PSD, domnul Ion R\u0103doi, \u00ee\u0219i simte amenin\u021bate interesele subterane. Acesta este adev\u0103ratul motiv pentru care \u00eel deranjeaz\u0103 c\u0103, \u00een sf\u00e2r\u0219it, cineva se uit\u0103 cu aten\u021bie la ce face cartelul pe care \u00eel conduce<\/em>\u201d, a mai punctat ministrul Transporturilor.<\/p>\n\n\n\n<h2 class=\"wp-block-heading\"><strong>Leg<\/strong><strong>\u0103<\/strong><strong>turile \u201cprimejdioase\u201d din subteran<\/strong><strong><\/strong><\/h2>\n\n\n\n<p>Verificarea Contractului Colectiv de Munca semnat \u00een toamna anului trecut \u0219i care prevede major\u0103ri de 18% a salariilor de la Metrorex&nbsp;reprezint\u0103 doar un punct din mandatul de control cu care a descins echipa ministerial\u0103 la compania de transport subteran.<\/p>\n\n\n\n<p>Cercetarea are loc pe fondul problemelor financiare cu care se confrunt\u0103 transportatorul din subteran \u00een contextul sc\u0103derii num\u0103rului de pasageri din cauza pandemiei de COVID-19.<\/p>\n\n\n\n<p>Buletin de Bucure\u0219ti a dezv\u0103luit zilele trecute c\u0103 prin <a href=\"https:\/\/buletin.de\/bucuresti\/exclusiv-paradisul-salarial-de-la-metrorex-al-13-lea-salariu-prime-de-craciun-8-martie-pasti-1-iunie-ziua-lucratorului-la-metrou-si-sporuri-de-pana-la-40-plus-alte-beneficii-pentru-sindicalis\/\">Contractul Colectiv de Munc\u0103 dar \u0219i \u00een urma unor cereri imperative ale conducerii sindicatului, Metrorex ajunge sa pl\u0103teasc\u0103 o serie de beneficii financiare la care majoritatea angaja\u021bilor din sectorul public \u0219i privat nu pot dec\u00e2t s\u0103 viseze. Mai mult, liderii de sindicat se bucur\u0103 de beneficii \u00een plus. Lor li se deconteaz\u0103 deplas\u0103ri, chiar \u0219i \u00een str\u0103in\u0103tate, pentru \u201ccalificare sindical\u0103\u201d \u0219i beneficiaz\u0103 de zile libere pl\u0103tite pentru a se ocupa de organiza\u021bie.<\/a><\/p>\n\n\n\n<p>FOTO: Inquam Photos\/Octav Ganea<\/p>\n","protected":false},"excerpt":{"rendered":"<p>Ministrul Transporturilor, C\u0103t\u0103lin Drul\u0103, a publicat rezultatele preliminare ale investiga\u021biei inspectorilor corpului de control cu privire la afacerile sindicatului din subteran. De\u0219i controlul anun\u021bat a fost pe fondul negocierilor privind majorarea de 18% a salariilor din subteran, verificarile au vizat \u00een realitate leg\u0103turile conducerii sindicatului cu patrimoniul \u0219i bugetul Metrorex, dup\u0103 cum Buletin de Bucure\u0219ti [&hellip;]<\/p>\n","protected":false},"author":10,"featured_media":19659,"comment_status":"closed","ping_status":"open","sticky":false,"template":"","format":"standard","meta":{"_acf_changed":false,"inline_featured_image":false,"ngg_post_thumbnail":0,"footnotes":""},"categories":[650],"tags":[377,2236,2238,764,2237],"ppma_author":[22575],"class_list":["post-19658","post","type-post","status-publish","format-standard","has-post-thumbnail","hentry","category-transport","tag-metrorex","tag-profit","tag-publicitate","tag-sindicat","tag-spatii"],"acf":[],"yoast_head":"<!-- This site is optimized with the Yoast SEO Premium plugin v25.3 (Yoast SEO v27.5) - https:\/\/yoast.com\/product\/yoast-seo-premium-wordpress\/ -->\n<title>Profit de milioane, prin firma sindicatului de la metrou, din spa\u021bii comerciale, reclame \u0219i turism. Drul\u0103: \u201cSubven\u021bionarea trebuie s\u0103 aib\u0103 \u00een centrul aten\u021biei c\u0103l\u0103torul, nu nababul de sindicat\u201d - Buletin de Bucure\u0219ti<\/title>\n<meta name=\"robots\" content=\"index, follow, max-snippet:-1, max-image-preview:large, max-video-preview:-1\" \/>\n<link rel=\"canonical\" href=\"https:\/\/buletin.de\/bucuresti\/profit-de-milioane-prin-firma-sindicatului-de-la-metrou-din-spatii-comerciale-si-reclame-drula-subventionarea-trebuie-sa-aiba-in-centrul-atentiei-calatorul-nu-nababul-de-sindicat\/\" \/>\n<meta property=\"og:locale\" content=\"en_GB\" \/>\n<meta property=\"og:type\" content=\"article\" \/>\n<meta property=\"og:title\" content=\"Profit de milioane, prin firma sindicatului de la metrou, din spa\u021bii comerciale, reclame \u0219i turism. Drul\u0103: \u201cSubven\u021bionarea trebuie s\u0103 aib\u0103 \u00een centrul aten\u021biei c\u0103l\u0103torul, nu nababul de sindicat\u201d\" \/>\n<meta property=\"og:description\" content=\"Ministrul Transporturilor, C\u0103t\u0103lin Drul\u0103, a publicat rezultatele preliminare ale investiga\u021biei inspectorilor corpului de control cu privire la afacerile sindicatului din subteran. De\u0219i controlul anun\u021bat a fost pe fondul negocierilor privind majorarea de 18% a salariilor din subteran, verificarile au vizat \u00een realitate leg\u0103turile conducerii sindicatului cu patrimoniul \u0219i bugetul Metrorex, dup\u0103 cum Buletin de Bucure\u0219ti [&hellip;]\" \/>\n<meta property=\"og:url\" content=\"https:\/\/buletin.de\/bucuresti\/profit-de-milioane-prin-firma-sindicatului-de-la-metrou-din-spatii-comerciale-si-reclame-drula-subventionarea-trebuie-sa-aiba-in-centrul-atentiei-calatorul-nu-nababul-de-sindicat\/\" \/>\n<meta property=\"og:site_name\" content=\"Buletin de Bucure\u0219ti\" \/>\n<meta property=\"article:publisher\" content=\"https:\/\/www.facebook.com\/buletin.de.buc\" \/>\n<meta property=\"article:published_time\" content=\"2021-02-08T18:29:24+00:00\" \/>\n<meta property=\"article:modified_time\" content=\"2021-02-08T18:30:04+00:00\" \/>\n<meta property=\"og:image\" content=\"https:\/\/buletin.de\/bucuresti\/wp-content\/uploads\/ID137469_INQUAM_Photos_Octav_Ganea-900x600.jpg\" \/>\n\t<meta property=\"og:image:width\" content=\"900\" \/>\n\t<meta property=\"og:image:height\" content=\"600\" \/>\n\t<meta property=\"og:image:type\" content=\"image\/jpeg\" \/>\n<meta name=\"author\" content=\"C\u0103t\u0103lin Dosca\u0219\" \/>\n<meta name=\"twitter:card\" content=\"summary_large_image\" \/>\n<meta name=\"twitter:label1\" content=\"Written by\" \/>\n\t<meta name=\"twitter:data1\" content=\"C\u0103t\u0103lin Dosca\u0219\" \/>\n\t<meta name=\"twitter:label2\" content=\"Estimated reading time\" \/>\n\t<meta name=\"twitter:data2\" content=\"3 minutes\" \/>\n<script type=\"application\/ld+json\" class=\"yoast-schema-graph\">{\"@context\":\"https:\\\/\\\/schema.org\",\"@graph\":[{\"@type\":\"Article\",\"@id\":\"https:\\\/\\\/buletin.de\\\/bucuresti\\\/profit-de-milioane-prin-firma-sindicatului-de-la-metrou-din-spatii-comerciale-si-reclame-drula-subventionarea-trebuie-sa-aiba-in-centrul-atentiei-calatorul-nu-nababul-de-sindicat\\\/#article\",\"isPartOf\":{\"@id\":\"https:\\\/\\\/buletin.de\\\/bucuresti\\\/profit-de-milioane-prin-firma-sindicatului-de-la-metrou-din-spatii-comerciale-si-reclame-drula-subventionarea-trebuie-sa-aiba-in-centrul-atentiei-calatorul-nu-nababul-de-sindicat\\\/\"},\"author\":{\"name\":\"C\u0103t\u0103lin Dosca\u0219\",\"@id\":\"https:\\\/\\\/buletin.de\\\/bucuresti\\\/#\\\/schema\\\/person\\\/31117187ed4d0bdb0a4c7d6acc79d0f8\"},\"headline\":\"Profit de milioane, prin firma sindicatului de la metrou, din spa\u021bii comerciale, reclame \u0219i turism. Drul\u0103: \u201cSubven\u021bionarea trebuie s\u0103 aib\u0103 \u00een centrul aten\u021biei c\u0103l\u0103torul, nu nababul de sindicat\u201d\",\"datePublished\":\"2021-02-08T18:29:24+00:00\",\"dateModified\":\"2021-02-08T18:30:04+00:00\",\"mainEntityOfPage\":{\"@id\":\"https:\\\/\\\/buletin.de\\\/bucuresti\\\/profit-de-milioane-prin-firma-sindicatului-de-la-metrou-din-spatii-comerciale-si-reclame-drula-subventionarea-trebuie-sa-aiba-in-centrul-atentiei-calatorul-nu-nababul-de-sindicat\\\/\"},\"wordCount\":573,\"publisher\":{\"@id\":\"https:\\\/\\\/buletin.de\\\/bucuresti\\\/#organization\"},\"image\":{\"@id\":\"https:\\\/\\\/buletin.de\\\/bucuresti\\\/profit-de-milioane-prin-firma-sindicatului-de-la-metrou-din-spatii-comerciale-si-reclame-drula-subventionarea-trebuie-sa-aiba-in-centrul-atentiei-calatorul-nu-nababul-de-sindicat\\\/#primaryimage\"},\"thumbnailUrl\":\"https:\\\/\\\/buletin.de\\\/bucuresti\\\/wp-content\\\/uploads\\\/ID137469_INQUAM_Photos_Octav_Ganea.jpg\",\"keywords\":[\"metrorex\",\"profit\",\"publicitate\",\"sindicat\",\"spatii\"],\"articleSection\":[\"Transport\"],\"inLanguage\":\"en-GB\",\"copyrightYear\":\"2021\",\"copyrightHolder\":{\"@id\":\"https:\\\/\\\/buletin.de\\\/bucuresti\\\/#organization\"}},{\"@type\":\"WebPage\",\"@id\":\"https:\\\/\\\/buletin.de\\\/bucuresti\\\/profit-de-milioane-prin-firma-sindicatului-de-la-metrou-din-spatii-comerciale-si-reclame-drula-subventionarea-trebuie-sa-aiba-in-centrul-atentiei-calatorul-nu-nababul-de-sindicat\\\/\",\"url\":\"https:\\\/\\\/buletin.de\\\/bucuresti\\\/profit-de-milioane-prin-firma-sindicatului-de-la-metrou-din-spatii-comerciale-si-reclame-drula-subventionarea-trebuie-sa-aiba-in-centrul-atentiei-calatorul-nu-nababul-de-sindicat\\\/\",\"name\":\"Profit de milioane, prin firma sindicatului de la metrou, din spa\u021bii comerciale, reclame \u0219i turism. Drul\u0103: \u201cSubven\u021bionarea trebuie s\u0103 aib\u0103 \u00een centrul aten\u021biei c\u0103l\u0103torul, nu nababul de sindicat\u201d - Buletin de Bucure\u0219ti\",\"isPartOf\":{\"@id\":\"https:\\\/\\\/buletin.de\\\/bucuresti\\\/#website\"},\"primaryImageOfPage\":{\"@id\":\"https:\\\/\\\/buletin.de\\\/bucuresti\\\/profit-de-milioane-prin-firma-sindicatului-de-la-metrou-din-spatii-comerciale-si-reclame-drula-subventionarea-trebuie-sa-aiba-in-centrul-atentiei-calatorul-nu-nababul-de-sindicat\\\/#primaryimage\"},\"image\":{\"@id\":\"https:\\\/\\\/buletin.de\\\/bucuresti\\\/profit-de-milioane-prin-firma-sindicatului-de-la-metrou-din-spatii-comerciale-si-reclame-drula-subventionarea-trebuie-sa-aiba-in-centrul-atentiei-calatorul-nu-nababul-de-sindicat\\\/#primaryimage\"},\"thumbnailUrl\":\"https:\\\/\\\/buletin.de\\\/bucuresti\\\/wp-content\\\/uploads\\\/ID137469_INQUAM_Photos_Octav_Ganea.jpg\",\"datePublished\":\"2021-02-08T18:29:24+00:00\",\"dateModified\":\"2021-02-08T18:30:04+00:00\",\"breadcrumb\":{\"@id\":\"https:\\\/\\\/buletin.de\\\/bucuresti\\\/profit-de-milioane-prin-firma-sindicatului-de-la-metrou-din-spatii-comerciale-si-reclame-drula-subventionarea-trebuie-sa-aiba-in-centrul-atentiei-calatorul-nu-nababul-de-sindicat\\\/#breadcrumb\"},\"inLanguage\":\"en-GB\",\"potentialAction\":[{\"@type\":\"ReadAction\",\"target\":[\"https:\\\/\\\/buletin.de\\\/bucuresti\\\/profit-de-milioane-prin-firma-sindicatului-de-la-metrou-din-spatii-comerciale-si-reclame-drula-subventionarea-trebuie-sa-aiba-in-centrul-atentiei-calatorul-nu-nababul-de-sindicat\\\/\"]}]},{\"@type\":\"ImageObject\",\"inLanguage\":\"en-GB\",\"@id\":\"https:\\\/\\\/buletin.de\\\/bucuresti\\\/profit-de-milioane-prin-firma-sindicatului-de-la-metrou-din-spatii-comerciale-si-reclame-drula-subventionarea-trebuie-sa-aiba-in-centrul-atentiei-calatorul-nu-nababul-de-sindicat\\\/#primaryimage\",\"url\":\"https:\\\/\\\/buletin.de\\\/bucuresti\\\/wp-content\\\/uploads\\\/ID137469_INQUAM_Photos_Octav_Ganea.jpg\",\"contentUrl\":\"https:\\\/\\\/buletin.de\\\/bucuresti\\\/wp-content\\\/uploads\\\/ID137469_INQUAM_Photos_Octav_Ganea.jpg\",\"width\":2000,\"height\":1333},{\"@type\":\"BreadcrumbList\",\"@id\":\"https:\\\/\\\/buletin.de\\\/bucuresti\\\/profit-de-milioane-prin-firma-sindicatului-de-la-metrou-din-spatii-comerciale-si-reclame-drula-subventionarea-trebuie-sa-aiba-in-centrul-atentiei-calatorul-nu-nababul-de-sindicat\\\/#breadcrumb\",\"itemListElement\":[{\"@type\":\"ListItem\",\"position\":1,\"name\":\"Acas\u0103\",\"item\":\"https:\\\/\\\/buletin.de\\\/bucuresti\\\/\"},{\"@type\":\"ListItem\",\"position\":2,\"name\":\"Profit de milioane, prin firma sindicatului de la metrou, din spa\u021bii comerciale, reclame \u0219i turism. Drul\u0103: \u201cSubven\u021bionarea trebuie s\u0103 aib\u0103 \u00een centrul aten\u021biei c\u0103l\u0103torul, nu nababul de sindicat\u201d\"}]},{\"@type\":\"WebSite\",\"@id\":\"https:\\\/\\\/buletin.de\\\/bucuresti\\\/#website\",\"url\":\"https:\\\/\\\/buletin.de\\\/bucuresti\\\/\",\"name\":\"Buletin de Bucure\u0219ti\",\"description\":\"\u0218tiri \u0219i investiga\u021bii esen\u021biale din capital\u0103\",\"publisher\":{\"@id\":\"https:\\\/\\\/buletin.de\\\/bucuresti\\\/#organization\"},\"potentialAction\":[{\"@type\":\"SearchAction\",\"target\":{\"@type\":\"EntryPoint\",\"urlTemplate\":\"https:\\\/\\\/buletin.de\\\/bucuresti\\\/?s={search_term_string}\"},\"query-input\":{\"@type\":\"PropertyValueSpecification\",\"valueRequired\":true,\"valueName\":\"search_term_string\"}}],\"inLanguage\":\"en-GB\"},{\"@type\":\"Organization\",\"@id\":\"https:\\\/\\\/buletin.de\\\/bucuresti\\\/#organization\",\"name\":\"Buletin de Bucure\u0219ti\",\"url\":\"https:\\\/\\\/buletin.de\\\/bucuresti\\\/\",\"logo\":{\"@type\":\"ImageObject\",\"inLanguage\":\"en-GB\",\"@id\":\"https:\\\/\\\/buletin.de\\\/bucuresti\\\/#\\\/schema\\\/logo\\\/image\\\/\",\"url\":\"https:\\\/\\\/buletin.de\\\/bucuresti\\\/wp-content\\\/uploads\\\/logo-bdb-full-wide-vernil-transparent.png\",\"contentUrl\":\"https:\\\/\\\/buletin.de\\\/bucuresti\\\/wp-content\\\/uploads\\\/logo-bdb-full-wide-vernil-transparent.png\",\"width\":1782,\"height\":626,\"caption\":\"Buletin de Bucure\u0219ti\"},\"image\":{\"@id\":\"https:\\\/\\\/buletin.de\\\/bucuresti\\\/#\\\/schema\\\/logo\\\/image\\\/\"},\"sameAs\":[\"https:\\\/\\\/www.facebook.com\\\/buletin.de.buc\",\"https:\\\/\\\/www.instagram.com\\\/buletinde.bucuresti\\\/\"]},{\"@type\":\"Person\",\"@id\":\"https:\\\/\\\/buletin.de\\\/bucuresti\\\/#\\\/schema\\\/person\\\/31117187ed4d0bdb0a4c7d6acc79d0f8\",\"name\":\"C\u0103t\u0103lin Dosca\u0219\",\"image\":{\"@type\":\"ImageObject\",\"inLanguage\":\"en-GB\",\"@id\":\"https:\\\/\\\/buletin.de\\\/bucuresti\\\/wp-content\\\/uploads\\\/Catalin-Doscas-e1732731064764-96x96.jpga93e2943bb3b1c1f9ead823df6e6317a\",\"url\":\"https:\\\/\\\/buletin.de\\\/bucuresti\\\/wp-content\\\/uploads\\\/Catalin-Doscas-e1732731064764-96x96.jpg\",\"contentUrl\":\"https:\\\/\\\/buletin.de\\\/bucuresti\\\/wp-content\\\/uploads\\\/Catalin-Doscas-e1732731064764-96x96.jpg\",\"caption\":\"C\u0103t\u0103lin Dosca\u0219\"},\"description\":\"Reporter \u0219i redactor-\u0219ef Buletin de Bucure\u0219ti. Lucreaz\u0103 \u00een mass-media de la v\u00e2rsta de 15 ani, c\u00e2nd a publicat primele articole \u00een presa local\u0103 din Tecuci. \u00cen Bucure\u0219ti a lucrat \u00een redac\u021bii radio ca reporter, redactor \u0219i prezentator (StudentFM, Na\u021bionalFM, Radio Total, Smart FM), unde a acoperit domeniile politic, economic, social \u0219i externe. Ulterior, a fost editor-coordonator al postului Realitatea FM. Experien\u021ba \u00een jurnalismul online a dob\u00e2ndit-o la portalul B365.ro, unde a fost editor. \u00cen 2012 s-a angajat \u00een televiziune. La Realitatea TV a fost, pe r\u00e2nd, reporter la sec\u021bia Social, reporter special la emisiunea de reportaje \u0219i anchete \u201eReporterii Realit\u0103\u021bii\u201d, dar \u0219i editor al jurnalelor de \u0219tiri. Ulterior, a f\u0103cut parte din sec\u021bia de Investiga\u021bii de la Digi24 \u0219i a lucrat la campania \u201eRom\u00e2nia furat\u0103\u201d. A revenit \u00een presa scris\u0103 \u00een 2017, ca reporter special, \u00een cadrul unui proiect de repozi\u021bionare a tabloidului Libertatea \u00een cotidian generalist. Este jurnalist Buletin de Bucure\u0219ti din 2019.\",\"url\":\"https:\\\/\\\/buletin.de\\\/bucuresti\\\/author\\\/catalin\\\/\"}]}<\/script>\n<!-- \/ Yoast SEO Premium plugin. -->","yoast_head_json":{"title":"Profit de milioane, prin firma sindicatului de la metrou, din spa\u021bii comerciale, reclame \u0219i turism. Drul\u0103: \u201cSubven\u021bionarea trebuie s\u0103 aib\u0103 \u00een centrul aten\u021biei c\u0103l\u0103torul, nu nababul de sindicat\u201d - Buletin de Bucure\u0219ti","robots":{"index":"index","follow":"follow","max-snippet":"max-snippet:-1","max-image-preview":"max-image-preview:large","max-video-preview":"max-video-preview:-1"},"canonical":"https:\/\/buletin.de\/bucuresti\/profit-de-milioane-prin-firma-sindicatului-de-la-metrou-din-spatii-comerciale-si-reclame-drula-subventionarea-trebuie-sa-aiba-in-centrul-atentiei-calatorul-nu-nababul-de-sindicat\/","og_locale":"en_GB","og_type":"article","og_title":"Profit de milioane, prin firma sindicatului de la metrou, din spa\u021bii comerciale, reclame \u0219i turism. Drul\u0103: \u201cSubven\u021bionarea trebuie s\u0103 aib\u0103 \u00een centrul aten\u021biei c\u0103l\u0103torul, nu nababul de sindicat\u201d","og_description":"Ministrul Transporturilor, C\u0103t\u0103lin Drul\u0103, a publicat rezultatele preliminare ale investiga\u021biei inspectorilor corpului de control cu privire la afacerile sindicatului din subteran. De\u0219i controlul anun\u021bat a fost pe fondul negocierilor privind majorarea de 18% a salariilor din subteran, verificarile au vizat \u00een realitate leg\u0103turile conducerii sindicatului cu patrimoniul \u0219i bugetul Metrorex, dup\u0103 cum Buletin de Bucure\u0219ti [&hellip;]","og_url":"https:\/\/buletin.de\/bucuresti\/profit-de-milioane-prin-firma-sindicatului-de-la-metrou-din-spatii-comerciale-si-reclame-drula-subventionarea-trebuie-sa-aiba-in-centrul-atentiei-calatorul-nu-nababul-de-sindicat\/","og_site_name":"Buletin de Bucure\u0219ti","article_publisher":"https:\/\/www.facebook.com\/buletin.de.buc","article_published_time":"2021-02-08T18:29:24+00:00","article_modified_time":"2021-02-08T18:30:04+00:00","og_image":[{"width":900,"height":600,"url":"https:\/\/buletin.de\/bucuresti\/wp-content\/uploads\/ID137469_INQUAM_Photos_Octav_Ganea-900x600.jpg","type":"image\/jpeg"}],"author":"C\u0103t\u0103lin Dosca\u0219","twitter_card":"summary_large_image","twitter_misc":{"Written by":"C\u0103t\u0103lin Dosca\u0219","Estimated reading time":"3 minutes"},"schema":{"@context":"https:\/\/schema.org","@graph":[{"@type":"Article","@id":"https:\/\/buletin.de\/bucuresti\/profit-de-milioane-prin-firma-sindicatului-de-la-metrou-din-spatii-comerciale-si-reclame-drula-subventionarea-trebuie-sa-aiba-in-centrul-atentiei-calatorul-nu-nababul-de-sindicat\/#article","isPartOf":{"@id":"https:\/\/buletin.de\/bucuresti\/profit-de-milioane-prin-firma-sindicatului-de-la-metrou-din-spatii-comerciale-si-reclame-drula-subventionarea-trebuie-sa-aiba-in-centrul-atentiei-calatorul-nu-nababul-de-sindicat\/"},"author":{"name":"C\u0103t\u0103lin Dosca\u0219","@id":"https:\/\/buletin.de\/bucuresti\/#\/schema\/person\/31117187ed4d0bdb0a4c7d6acc79d0f8"},"headline":"Profit de milioane, prin firma sindicatului de la metrou, din spa\u021bii comerciale, reclame \u0219i turism. Drul\u0103: \u201cSubven\u021bionarea trebuie s\u0103 aib\u0103 \u00een centrul aten\u021biei c\u0103l\u0103torul, nu nababul de sindicat\u201d","datePublished":"2021-02-08T18:29:24+00:00","dateModified":"2021-02-08T18:30:04+00:00","mainEntityOfPage":{"@id":"https:\/\/buletin.de\/bucuresti\/profit-de-milioane-prin-firma-sindicatului-de-la-metrou-din-spatii-comerciale-si-reclame-drula-subventionarea-trebuie-sa-aiba-in-centrul-atentiei-calatorul-nu-nababul-de-sindicat\/"},"wordCount":573,"publisher":{"@id":"https:\/\/buletin.de\/bucuresti\/#organization"},"image":{"@id":"https:\/\/buletin.de\/bucuresti\/profit-de-milioane-prin-firma-sindicatului-de-la-metrou-din-spatii-comerciale-si-reclame-drula-subventionarea-trebuie-sa-aiba-in-centrul-atentiei-calatorul-nu-nababul-de-sindicat\/#primaryimage"},"thumbnailUrl":"https:\/\/buletin.de\/bucuresti\/wp-content\/uploads\/ID137469_INQUAM_Photos_Octav_Ganea.jpg","keywords":["metrorex","profit","publicitate","sindicat","spatii"],"articleSection":["Transport"],"inLanguage":"en-GB","copyrightYear":"2021","copyrightHolder":{"@id":"https:\/\/buletin.de\/bucuresti\/#organization"}},{"@type":"WebPage","@id":"https:\/\/buletin.de\/bucuresti\/profit-de-milioane-prin-firma-sindicatului-de-la-metrou-din-spatii-comerciale-si-reclame-drula-subventionarea-trebuie-sa-aiba-in-centrul-atentiei-calatorul-nu-nababul-de-sindicat\/","url":"https:\/\/buletin.de\/bucuresti\/profit-de-milioane-prin-firma-sindicatului-de-la-metrou-din-spatii-comerciale-si-reclame-drula-subventionarea-trebuie-sa-aiba-in-centrul-atentiei-calatorul-nu-nababul-de-sindicat\/","name":"Profit de milioane, prin firma sindicatului de la metrou, din spa\u021bii comerciale, reclame \u0219i turism. Drul\u0103: \u201cSubven\u021bionarea trebuie s\u0103 aib\u0103 \u00een centrul aten\u021biei c\u0103l\u0103torul, nu nababul de sindicat\u201d - Buletin de Bucure\u0219ti","isPartOf":{"@id":"https:\/\/buletin.de\/bucuresti\/#website"},"primaryImageOfPage":{"@id":"https:\/\/buletin.de\/bucuresti\/profit-de-milioane-prin-firma-sindicatului-de-la-metrou-din-spatii-comerciale-si-reclame-drula-subventionarea-trebuie-sa-aiba-in-centrul-atentiei-calatorul-nu-nababul-de-sindicat\/#primaryimage"},"image":{"@id":"https:\/\/buletin.de\/bucuresti\/profit-de-milioane-prin-firma-sindicatului-de-la-metrou-din-spatii-comerciale-si-reclame-drula-subventionarea-trebuie-sa-aiba-in-centrul-atentiei-calatorul-nu-nababul-de-sindicat\/#primaryimage"},"thumbnailUrl":"https:\/\/buletin.de\/bucuresti\/wp-content\/uploads\/ID137469_INQUAM_Photos_Octav_Ganea.jpg","datePublished":"2021-02-08T18:29:24+00:00","dateModified":"2021-02-08T18:30:04+00:00","breadcrumb":{"@id":"https:\/\/buletin.de\/bucuresti\/profit-de-milioane-prin-firma-sindicatului-de-la-metrou-din-spatii-comerciale-si-reclame-drula-subventionarea-trebuie-sa-aiba-in-centrul-atentiei-calatorul-nu-nababul-de-sindicat\/#breadcrumb"},"inLanguage":"en-GB","potentialAction":[{"@type":"ReadAction","target":["https:\/\/buletin.de\/bucuresti\/profit-de-milioane-prin-firma-sindicatului-de-la-metrou-din-spatii-comerciale-si-reclame-drula-subventionarea-trebuie-sa-aiba-in-centrul-atentiei-calatorul-nu-nababul-de-sindicat\/"]}]},{"@type":"ImageObject","inLanguage":"en-GB","@id":"https:\/\/buletin.de\/bucuresti\/profit-de-milioane-prin-firma-sindicatului-de-la-metrou-din-spatii-comerciale-si-reclame-drula-subventionarea-trebuie-sa-aiba-in-centrul-atentiei-calatorul-nu-nababul-de-sindicat\/#primaryimage","url":"https:\/\/buletin.de\/bucuresti\/wp-content\/uploads\/ID137469_INQUAM_Photos_Octav_Ganea.jpg","contentUrl":"https:\/\/buletin.de\/bucuresti\/wp-content\/uploads\/ID137469_INQUAM_Photos_Octav_Ganea.jpg","width":2000,"height":1333},{"@type":"BreadcrumbList","@id":"https:\/\/buletin.de\/bucuresti\/profit-de-milioane-prin-firma-sindicatului-de-la-metrou-din-spatii-comerciale-si-reclame-drula-subventionarea-trebuie-sa-aiba-in-centrul-atentiei-calatorul-nu-nababul-de-sindicat\/#breadcrumb","itemListElement":[{"@type":"ListItem","position":1,"name":"Acas\u0103","item":"https:\/\/buletin.de\/bucuresti\/"},{"@type":"ListItem","position":2,"name":"Profit de milioane, prin firma sindicatului de la metrou, din spa\u021bii comerciale, reclame \u0219i turism. Drul\u0103: \u201cSubven\u021bionarea trebuie s\u0103 aib\u0103 \u00een centrul aten\u021biei c\u0103l\u0103torul, nu nababul de sindicat\u201d"}]},{"@type":"WebSite","@id":"https:\/\/buletin.de\/bucuresti\/#website","url":"https:\/\/buletin.de\/bucuresti\/","name":"Buletin de Bucure\u0219ti","description":"\u0218tiri \u0219i investiga\u021bii esen\u021biale din capital\u0103","publisher":{"@id":"https:\/\/buletin.de\/bucuresti\/#organization"},"potentialAction":[{"@type":"SearchAction","target":{"@type":"EntryPoint","urlTemplate":"https:\/\/buletin.de\/bucuresti\/?s={search_term_string}"},"query-input":{"@type":"PropertyValueSpecification","valueRequired":true,"valueName":"search_term_string"}}],"inLanguage":"en-GB"},{"@type":"Organization","@id":"https:\/\/buletin.de\/bucuresti\/#organization","name":"Buletin de Bucure\u0219ti","url":"https:\/\/buletin.de\/bucuresti\/","logo":{"@type":"ImageObject","inLanguage":"en-GB","@id":"https:\/\/buletin.de\/bucuresti\/#\/schema\/logo\/image\/","url":"https:\/\/buletin.de\/bucuresti\/wp-content\/uploads\/logo-bdb-full-wide-vernil-transparent.png","contentUrl":"https:\/\/buletin.de\/bucuresti\/wp-content\/uploads\/logo-bdb-full-wide-vernil-transparent.png","width":1782,"height":626,"caption":"Buletin de Bucure\u0219ti"},"image":{"@id":"https:\/\/buletin.de\/bucuresti\/#\/schema\/logo\/image\/"},"sameAs":["https:\/\/www.facebook.com\/buletin.de.buc","https:\/\/www.instagram.com\/buletinde.bucuresti\/"]},{"@type":"Person","@id":"https:\/\/buletin.de\/bucuresti\/#\/schema\/person\/31117187ed4d0bdb0a4c7d6acc79d0f8","name":"C\u0103t\u0103lin Dosca\u0219","image":{"@type":"ImageObject","inLanguage":"en-GB","@id":"https:\/\/buletin.de\/bucuresti\/wp-content\/uploads\/Catalin-Doscas-e1732731064764-96x96.jpga93e2943bb3b1c1f9ead823df6e6317a","url":"https:\/\/buletin.de\/bucuresti\/wp-content\/uploads\/Catalin-Doscas-e1732731064764-96x96.jpg","contentUrl":"https:\/\/buletin.de\/bucuresti\/wp-content\/uploads\/Catalin-Doscas-e1732731064764-96x96.jpg","caption":"C\u0103t\u0103lin Dosca\u0219"},"description":"Reporter \u0219i redactor-\u0219ef Buletin de Bucure\u0219ti. Lucreaz\u0103 \u00een mass-media de la v\u00e2rsta de 15 ani, c\u00e2nd a publicat primele articole \u00een presa local\u0103 din Tecuci. \u00cen Bucure\u0219ti a lucrat \u00een redac\u021bii radio ca reporter, redactor \u0219i prezentator (StudentFM, Na\u021bionalFM, Radio Total, Smart FM), unde a acoperit domeniile politic, economic, social \u0219i externe. Ulterior, a fost editor-coordonator al postului Realitatea FM. Experien\u021ba \u00een jurnalismul online a dob\u00e2ndit-o la portalul B365.ro, unde a fost editor. \u00cen 2012 s-a angajat \u00een televiziune. La Realitatea TV a fost, pe r\u00e2nd, reporter la sec\u021bia Social, reporter special la emisiunea de reportaje \u0219i anchete \u201eReporterii Realit\u0103\u021bii\u201d, dar \u0219i editor al jurnalelor de \u0219tiri. Ulterior, a f\u0103cut parte din sec\u021bia de Investiga\u021bii de la Digi24 \u0219i a lucrat la campania \u201eRom\u00e2nia furat\u0103\u201d. A revenit \u00een presa scris\u0103 \u00een 2017, ca reporter special, \u00een cadrul unui proiect de repozi\u021bionare a tabloidului Libertatea \u00een cotidian generalist. Este jurnalist Buletin de Bucure\u0219ti din 2019.","url":"https:\/\/buletin.de\/bucuresti\/author\/catalin\/"}]}},"authors":[{"term_id":22575,"user_id":10,"is_guest":0,"slug":"catalin","display_name":"C\u0103t\u0103lin Dosca\u0219","avatar_url":"https:\/\/buletin.de\/bucuresti\/wp-content\/uploads\/Catalin-Doscas-e1732731064764-96x96.jpg","0":null,"1":"","2":"","3":"","4":"","5":"","6":"","7":"","8":""}],"_links":{"self":[{"href":"https:\/\/buletin.de\/bucuresti\/wp-json\/wp\/v2\/posts\/19658","targetHints":{"allow":["GET"]}}],"collection":[{"href":"https:\/\/buletin.de\/bucuresti\/wp-json\/wp\/v2\/posts"}],"about":[{"href":"https:\/\/buletin.de\/bucuresti\/wp-json\/wp\/v2\/types\/post"}],"author":[{"embeddable":true,"href":"https:\/\/buletin.de\/bucuresti\/wp-json\/wp\/v2\/users\/10"}],"replies":[{"embeddable":true,"href":"https:\/\/buletin.de\/bucuresti\/wp-json\/wp\/v2\/comments?post=19658"}],"version-history":[{"count":2,"href":"https:\/\/buletin.de\/bucuresti\/wp-json\/wp\/v2\/posts\/19658\/revisions"}],"predecessor-version":[{"id":19661,"href":"https:\/\/buletin.de\/bucuresti\/wp-json\/wp\/v2\/posts\/19658\/revisions\/19661"}],"wp:featuredmedia":[{"embeddable":true,"href":"https:\/\/buletin.de\/bucuresti\/wp-json\/wp\/v2\/media\/19659"}],"wp:attachment":[{"href":"https:\/\/buletin.de\/bucuresti\/wp-json\/wp\/v2\/media?parent=19658"}],"wp:term":[{"taxonomy":"category","embeddable":true,"href":"https:\/\/buletin.de\/bucuresti\/wp-json\/wp\/v2\/categories?post=19658"},{"taxonomy":"post_tag","embeddable":true,"href":"https:\/\/buletin.de\/bucuresti\/wp-json\/wp\/v2\/tags?post=19658"},{"taxonomy":"author","embeddable":true,"href":"https:\/\/buletin.de\/bucuresti\/wp-json\/wp\/v2\/ppma_author?post=19658"}],"curies":[{"name":"wp","href":"https:\/\/api.w.org\/{rel}","templated":true}]}}