{"id":19487,"date":"2021-02-04T17:44:02","date_gmt":"2021-02-04T14:44:02","guid":{"rendered":"https:\/\/buletin.de\/bucuresti\/?p=19487"},"modified":"2021-02-10T13:02:44","modified_gmt":"2021-02-10T10:02:44","slug":"parintii-din-bucuresti-ii-cer-lui-nicusor-dan-sa-puna-in-functiune-autobuzele-scolare","status":"publish","type":"post","link":"https:\/\/buletin.de\/bucuresti\/parintii-din-bucuresti-ii-cer-lui-nicusor-dan-sa-puna-in-functiune-autobuzele-scolare\/","title":{"rendered":"P\u0103rin\u021bii din Bucure\u0219ti \u00eei cer lui Nicu\u0219or Dan s\u0103 pun\u0103 \u00een func\u021biune autobuzele \u0219colare"},"content":{"rendered":"\n<p><strong><br><\/strong><em>P\u0103rin\u021bii sunt nemul\u021bumi\u021bi de decizia Primarului Municipiului Bucure\u0219ti, Nicu\u0219or Dan, de a scoate din func\u021biune autobuzele \u0219colare \u0219i solicit\u0103 reintroducerea lor. Ei spun c\u0103 mijloacele clasice de transport \u00een comun nu asigur\u0103 siguran\u021b\u0103 copiilor care, din 8 februarie, se vor \u00eentoarce la \u0219coal\u0103.&nbsp;<\/em><\/p>\n\n\n\n<p>Mai mul\u021bi p\u0103rin\u021bi, nemul\u021bumi\u021bi de faptul c\u0103 elevii sunt nevoi\u021bi s\u0103 utilizeze transportul local \u00een comun, ne-au transmis pe adresa redac\u021biei fotografii din autobuzele STB. Ace\u0219tia afirm\u0103 c\u0103 ele sunt foarte aglomerate \u00een orele de v\u00e2rf \u0219i, de cele mai multe ori, insalubre.&nbsp;<\/p>\n\n\n\n<style>\n\n.full-width {\n  width: 100vw;\n  position: relative;\n  left: 50%;\n  right: 50%;\n  margin-left: -50vw;\n  margin-right: -50vw;\n}\n\n<\/style>\n\n\n\n<p><\/p>\n\n\n\n<style>\n#gallery {\nmargin-top: 30px;\nmargin-bottom: 30px;\n}\n@media screen and (min-width: 900px) {\n#gallery {\npadding-left: 10vw;\npadding-right: 10vw;\n}\n}\n<\/style>\n<div class=\"full-width\" id=\"gallery\">\n\n\n\n<figure class=\"wp-block-gallery columns-4 is-cropped wp-block-gallery-1 is-layout-flex wp-block-gallery-is-layout-flex\"><ul class=\"blocks-gallery-grid\"><li class=\"blocks-gallery-item\"><figure><img fetchpriority=\"high\" decoding=\"async\" width=\"670\" height=\"900\" src=\"data:image\/gif;base64,R0lGODlhAQABAAAAACH5BAEKAAEALAAAAAABAAEAAAICTAEAOw==\" data-src=\"https:\/\/buletin.de\/bucuresti\/wp-content\/uploads\/IMG-20210204-WA0008-670x900.jpg\" alt=\"\" data-id=\"19489\" data-full-url=\"https:\/\/buletin.de\/bucuresti\/wp-content\/uploads\/IMG-20210204-WA0008.jpg\" data-link=\"https:\/\/buletin.de\/bucuresti\/?attachment_id=19489\" class=\"wp-image-19489 lazyload\" data-sizes=\"auto\" data-srcset=\"https:\/\/buletin.de\/bucuresti\/wp-content\/uploads\/IMG-20210204-WA0008-670x900.jpg 670w, https:\/\/buletin.de\/bucuresti\/wp-content\/uploads\/IMG-20210204-WA0008-223x300.jpg 223w, https:\/\/buletin.de\/bucuresti\/wp-content\/uploads\/IMG-20210204-WA0008-768x1032.jpg 768w, https:\/\/buletin.de\/bucuresti\/wp-content\/uploads\/IMG-20210204-WA0008-1060x1424.jpg 1060w, https:\/\/buletin.de\/bucuresti\/wp-content\/uploads\/IMG-20210204-WA0008-550x739.jpg 550w, https:\/\/buletin.de\/bucuresti\/wp-content\/uploads\/IMG-20210204-WA0008-372x500.jpg 372w, https:\/\/buletin.de\/bucuresti\/wp-content\/uploads\/IMG-20210204-WA0008-804x1080.jpg 804w, https:\/\/buletin.de\/bucuresti\/wp-content\/uploads\/IMG-20210204-WA0008-600x806.jpg 600w, https:\/\/buletin.de\/bucuresti\/wp-content\/uploads\/IMG-20210204-WA0008.jpg 1072w\" sizes=\"(max-width: 670px) 100vw, 670px\" \/><\/figure><\/li><li class=\"blocks-gallery-item\"><figure><img decoding=\"async\" width=\"415\" height=\"900\" src=\"data:image\/gif;base64,R0lGODlhAQABAAAAACH5BAEKAAEALAAAAAABAAEAAAICTAEAOw==\" data-src=\"https:\/\/buletin.de\/bucuresti\/wp-content\/uploads\/IMG-20210204-WA0010-415x900.jpg\" alt=\"\" data-id=\"19490\" data-full-url=\"https:\/\/buletin.de\/bucuresti\/wp-content\/uploads\/IMG-20210204-WA0010.jpg\" data-link=\"https:\/\/buletin.de\/bucuresti\/?attachment_id=19490\" class=\"wp-image-19490 lazyload\" data-sizes=\"auto\" data-srcset=\"https:\/\/buletin.de\/bucuresti\/wp-content\/uploads\/IMG-20210204-WA0010-415x900.jpg 415w, https:\/\/buletin.de\/bucuresti\/wp-content\/uploads\/IMG-20210204-WA0010-138x300.jpg 138w, https:\/\/buletin.de\/bucuresti\/wp-content\/uploads\/IMG-20210204-WA0010-708x1536.jpg 708w, https:\/\/buletin.de\/bucuresti\/wp-content\/uploads\/IMG-20210204-WA0010-550x1192.jpg 550w, https:\/\/buletin.de\/bucuresti\/wp-content\/uploads\/IMG-20210204-WA0010-231x500.jpg 231w, https:\/\/buletin.de\/bucuresti\/wp-content\/uploads\/IMG-20210204-WA0010-498x1080.jpg 498w, https:\/\/buletin.de\/bucuresti\/wp-content\/uploads\/IMG-20210204-WA0010-600x1301.jpg 600w, https:\/\/buletin.de\/bucuresti\/wp-content\/uploads\/IMG-20210204-WA0010.jpg 738w\" sizes=\"(max-width: 415px) 100vw, 415px\" \/><\/figure><\/li><li class=\"blocks-gallery-item\"><figure><img decoding=\"async\" width=\"415\" height=\"900\" src=\"data:image\/gif;base64,R0lGODlhAQABAAAAACH5BAEKAAEALAAAAAABAAEAAAICTAEAOw==\" data-src=\"https:\/\/buletin.de\/bucuresti\/wp-content\/uploads\/IMG-20210204-WA0011-415x900.jpg\" alt=\"\" data-id=\"19491\" data-full-url=\"https:\/\/buletin.de\/bucuresti\/wp-content\/uploads\/IMG-20210204-WA0011.jpg\" data-link=\"https:\/\/buletin.de\/bucuresti\/?attachment_id=19491\" class=\"wp-image-19491 lazyload\" data-sizes=\"auto\" data-srcset=\"https:\/\/buletin.de\/bucuresti\/wp-content\/uploads\/IMG-20210204-WA0011-415x900.jpg 415w, https:\/\/buletin.de\/bucuresti\/wp-content\/uploads\/IMG-20210204-WA0011-138x300.jpg 138w, https:\/\/buletin.de\/bucuresti\/wp-content\/uploads\/IMG-20210204-WA0011-708x1536.jpg 708w, https:\/\/buletin.de\/bucuresti\/wp-content\/uploads\/IMG-20210204-WA0011-550x1192.jpg 550w, https:\/\/buletin.de\/bucuresti\/wp-content\/uploads\/IMG-20210204-WA0011-231x500.jpg 231w, https:\/\/buletin.de\/bucuresti\/wp-content\/uploads\/IMG-20210204-WA0011-498x1080.jpg 498w, https:\/\/buletin.de\/bucuresti\/wp-content\/uploads\/IMG-20210204-WA0011-600x1301.jpg 600w, https:\/\/buletin.de\/bucuresti\/wp-content\/uploads\/IMG-20210204-WA0011.jpg 738w\" sizes=\"(max-width: 415px) 100vw, 415px\" \/><\/figure><\/li><li class=\"blocks-gallery-item\"><figure><img loading=\"lazy\" decoding=\"async\" width=\"415\" height=\"900\" src=\"data:image\/gif;base64,R0lGODlhAQABAAAAACH5BAEKAAEALAAAAAABAAEAAAICTAEAOw==\" data-src=\"https:\/\/buletin.de\/bucuresti\/wp-content\/uploads\/IMG-20210204-WA0012-415x900.jpg\" alt=\"\" data-id=\"19492\" data-full-url=\"https:\/\/buletin.de\/bucuresti\/wp-content\/uploads\/IMG-20210204-WA0012.jpg\" data-link=\"https:\/\/buletin.de\/bucuresti\/?attachment_id=19492\" class=\"wp-image-19492 lazyload\" data-sizes=\"auto\" data-srcset=\"https:\/\/buletin.de\/bucuresti\/wp-content\/uploads\/IMG-20210204-WA0012-415x900.jpg 415w, https:\/\/buletin.de\/bucuresti\/wp-content\/uploads\/IMG-20210204-WA0012-138x300.jpg 138w, https:\/\/buletin.de\/bucuresti\/wp-content\/uploads\/IMG-20210204-WA0012-708x1536.jpg 708w, https:\/\/buletin.de\/bucuresti\/wp-content\/uploads\/IMG-20210204-WA0012-550x1192.jpg 550w, https:\/\/buletin.de\/bucuresti\/wp-content\/uploads\/IMG-20210204-WA0012-231x500.jpg 231w, https:\/\/buletin.de\/bucuresti\/wp-content\/uploads\/IMG-20210204-WA0012-498x1080.jpg 498w, https:\/\/buletin.de\/bucuresti\/wp-content\/uploads\/IMG-20210204-WA0012-600x1301.jpg 600w, https:\/\/buletin.de\/bucuresti\/wp-content\/uploads\/IMG-20210204-WA0012.jpg 738w\" sizes=\"(max-width: 415px) 100vw, 415px\" \/><\/figure><\/li><\/ul><figcaption class=\"blocks-gallery-caption\">Fotografii primite de la cititori<\/figcaption><\/figure>\n\n\n\n<\/div>\n\n\n\n<p>Demersul vine dup\u0103 ce, pe 2 februarie, Nicu\u0219or Dan a publicat pe re\u021belele de socializare o postare despre decizia de a suspenda activitatea autobuzelor \u0219colare din cauza costului ridicat.&nbsp;<\/p>\n\n\n\n<div id=\"fb-root\"><\/div>\n<script async=\"\" defer=\"\" crossorigin=\"anonymous\" src=\"https:\/\/connect.facebook.net\/en_GB\/sdk.js#xfbml=1&amp;version=v9.0\" nonce=\"utyWXFd5\"><\/script>\n\n\n\n<div style=\"max-width: 500px; display: block; margin: 0 auto;\">\n<div class=\"fb-post\" data-href=\"https:\/\/www.facebook.com\/NicusorDan.ro\/posts\/3687974904613429\" data-width=\"500\" data-show-text=\"true\"><blockquote cite=\"https:\/\/www.facebook.com\/NicusorDan.ro\/posts\/3687974904613429\" class=\"fb-xfbml-parse-ignore\"><p>Autobuzele \u0219colare, a c\u0103ror circula\u021bie a fost oprit\u0103 \u00een cursul anului 2020, au reprezentat o m\u0103sur\u0103 populist\u0103 a&#8230;<\/p>Posted by <a href=\"https:\/\/www.facebook.com\/NicusorDan.ro\/\">Nicu\u0219or Dan<\/a> on&nbsp;<a href=\"https:\/\/www.facebook.com\/NicusorDan.ro\/posts\/3687974904613429\">Tuesday, 2 February 2021<\/a><\/blockquote><\/div>\n<\/div>\n\n\n\n<p>Despre situa\u021bia autobuzelor \u0219colare elevii afirm\u0103 c\u0103 m\u0103sura luat\u0103 de fostul primar al Capitalei a fost una bun\u0103 \u0219i ar fi necesar\u0103 chiar extinderea acestui program pilot:<\/p>\n\n\n\n<blockquote class=\"wp-block-quote is-layout-flow wp-block-quote-is-layout-flow\"><p><em>\u201eNoi consider\u0103m c\u0103 oprirea autobuzelor \u0219colare nu este nicidecum \u00een folosul elevilor, deoarece autobuzele uitlizate pentru transportul local \u00een comun sunt deja suficient de aglomerate. Ar trebui, de asemenea, ca administra\u021bia s\u0103 se concentreze pe asigurarea transportului pentru elevii din mediul rural (n.r. Jude\u021bul Ilfov). Mai mult, consider\u0103m c\u0103 autobuzele \u0219colare sunt necesare pentru evitarea aglomer\u0103rii \u0219i a condi\u021biilor insalubre de c\u0103l\u0103torie. Astfel, sus\u021binem \u00eencurajarea autobuzelor \u0219i extinderea programului pilot deoarece reprezint\u0103 un adev\u0103rat ajutor pentru elevi \u0219i un mijloc de prevenire a \u00eemboln\u0103virii \u00een contextul epidemic\u201d<\/em><\/p><cite>Ana-Maria Groza, pre\u0219edintele Asocia\u021biei Elevilor din Bucure\u0219ti \u0219i Ilfov<\/cite><\/blockquote>\n\n\n\n<p>\u0218i p\u0103rin\u021bii sunt de p\u0103rere c\u0103 m\u0103sura elimin\u0103rii autobuzelor \u0219colare este una inoportun\u0103:<\/p>\n\n\n\n<p><em>\u201eConsider\u0103m c\u0103 acest program ar trebui reluat, av\u00e2nd \u00een vedere c\u0103 de el beneficiau 6000 de copii. FNAP Bucure\u0219ti a participat la ini\u021bierea acestui program \u0219i l-am sus\u021binut, deoarece era necesar ca pe traseul cas\u0103-\u0219coal\u0103 copiii s\u0103 fie \u00een siguran\u021b\u0103. Mai mult, era un mijloc de a diminua traficul. Am aflat cu surprindere c\u0103 actuala conducere a Prim\u0103riei Generale a luat decizia de a suspenda acest program-pilot \u0219i ne manifest\u0103m indignarea fa\u021b\u0103 de aceasta, av\u00e2nd \u00een vedere c\u0103 trebuia realizat\u0103 o analiz\u0103, iar acest program extins, nu suspendat. Toate aceste lucruri, av\u00e2nd \u00een vedere situa\u021bia pandemic\u0103, sunt d\u0103un\u0103toare. Consider\u0103m c\u0103 transportul \u00een comun ar trebuie evitat \u0219i suplimentarea num\u0103rului de linii pentru elevi.\u201d &#8211; <\/em>Eugen Ilea, pre\u0219edintele Federa\u021biei Na\u021bionale a Asocia\u021biilor de P\u0103rin\u021bi Bucure\u0219ti<\/p>\n\n\n\n<p><em>Articol de Mihai T\u0103nase<\/em><\/p>\n","protected":false},"excerpt":{"rendered":"<p>P\u0103rin\u021bii sunt nemul\u021bumi\u021bi de decizia Primarului Municipiului Bucure\u0219ti, Nicu\u0219or Dan, de a scoate din func\u021biune autobuzele \u0219colare \u0219i solicit\u0103 reintroducerea lor. Ei spun c\u0103 mijloacele clasice de transport \u00een comun nu asigur\u0103 siguran\u021b\u0103 copiilor care, din 8 februarie, se vor \u00eentoarce la \u0219coal\u0103.&nbsp; Mai mul\u021bi p\u0103rin\u021bi, nemul\u021bumi\u021bi de faptul c\u0103 elevii sunt nevoi\u021bi s\u0103 utilizeze [&hellip;]<\/p>\n","protected":false},"author":23,"featured_media":19497,"comment_status":"closed","ping_status":"open","sticky":false,"template":"","format":"standard","meta":{"_acf_changed":false,"inline_featured_image":false,"ngg_post_thumbnail":0,"footnotes":""},"categories":[24,62,650],"tags":[130,480,223,482,402,401],"ppma_author":[22595],"class_list":["post-19487","post","type-post","status-publish","format-standard","has-post-thumbnail","hentry","category-primarie","category-stiri","category-transport","tag-autobuze","tag-elevi","tag-nicusor-dan","tag-scoala","tag-stb","tag-transport"],"acf":[],"yoast_head":"<!-- This site is optimized with the Yoast SEO Premium plugin v25.3 (Yoast SEO v27.4) - https:\/\/yoast.com\/product\/yoast-seo-premium-wordpress\/ -->\n<title>P\u0103rin\u021bii din Bucure\u0219ti \u00eei cer lui Nicu\u0219or Dan s\u0103 pun\u0103 \u00een func\u021biune autobuzele \u0219colare - Buletin de Bucure\u0219ti<\/title>\n<meta name=\"robots\" content=\"index, follow, max-snippet:-1, max-image-preview:large, max-video-preview:-1\" \/>\n<link rel=\"canonical\" href=\"https:\/\/buletin.de\/bucuresti\/parintii-din-bucuresti-ii-cer-lui-nicusor-dan-sa-puna-in-functiune-autobuzele-scolare\/\" \/>\n<meta property=\"og:locale\" content=\"en_GB\" \/>\n<meta property=\"og:type\" content=\"article\" \/>\n<meta property=\"og:title\" content=\"P\u0103rin\u021bii din Bucure\u0219ti \u00eei cer lui Nicu\u0219or Dan s\u0103 pun\u0103 \u00een func\u021biune autobuzele \u0219colare\" \/>\n<meta property=\"og:description\" content=\"P\u0103rin\u021bii sunt nemul\u021bumi\u021bi de decizia Primarului Municipiului Bucure\u0219ti, Nicu\u0219or Dan, de a scoate din func\u021biune autobuzele \u0219colare \u0219i solicit\u0103 reintroducerea lor. Ei spun c\u0103 mijloacele clasice de transport \u00een comun nu asigur\u0103 siguran\u021b\u0103 copiilor care, din 8 februarie, se vor \u00eentoarce la \u0219coal\u0103.&nbsp; Mai mul\u021bi p\u0103rin\u021bi, nemul\u021bumi\u021bi de faptul c\u0103 elevii sunt nevoi\u021bi s\u0103 utilizeze [&hellip;]\" \/>\n<meta property=\"og:url\" content=\"https:\/\/buletin.de\/bucuresti\/parintii-din-bucuresti-ii-cer-lui-nicusor-dan-sa-puna-in-functiune-autobuzele-scolare\/\" \/>\n<meta property=\"og:site_name\" content=\"Buletin de Bucure\u0219ti\" \/>\n<meta property=\"article:publisher\" content=\"https:\/\/www.facebook.com\/buletin.de.buc\" \/>\n<meta property=\"article:published_time\" content=\"2021-02-04T14:44:02+00:00\" \/>\n<meta property=\"article:modified_time\" content=\"2021-02-10T10:02:44+00:00\" \/>\n<meta property=\"og:image\" content=\"https:\/\/buletin.de\/bucuresti\/wp-content\/uploads\/cover-autobuze-scolare-scaled.jpg\" \/>\n\t<meta property=\"og:image:width\" content=\"2560\" \/>\n\t<meta property=\"og:image:height\" content=\"1144\" \/>\n\t<meta property=\"og:image:type\" content=\"image\/jpeg\" \/>\n<meta name=\"author\" content=\"Mihai T\u0103nase\" \/>\n<meta name=\"twitter:card\" content=\"summary_large_image\" \/>\n<meta name=\"twitter:label1\" content=\"Written by\" \/>\n\t<meta name=\"twitter:data1\" content=\"Mihai T\u0103nase\" \/>\n\t<meta name=\"twitter:label2\" content=\"Estimated reading time\" \/>\n\t<meta name=\"twitter:data2\" content=\"2 minutes\" \/>\n<script type=\"application\/ld+json\" class=\"yoast-schema-graph\">{\"@context\":\"https:\\\/\\\/schema.org\",\"@graph\":[{\"@type\":\"Article\",\"@id\":\"https:\\\/\\\/buletin.de\\\/bucuresti\\\/parintii-din-bucuresti-ii-cer-lui-nicusor-dan-sa-puna-in-functiune-autobuzele-scolare\\\/#article\",\"isPartOf\":{\"@id\":\"https:\\\/\\\/buletin.de\\\/bucuresti\\\/parintii-din-bucuresti-ii-cer-lui-nicusor-dan-sa-puna-in-functiune-autobuzele-scolare\\\/\"},\"author\":{\"name\":\"Mihai T\u0103nase\",\"@id\":\"https:\\\/\\\/buletin.de\\\/bucuresti\\\/#\\\/schema\\\/person\\\/2819fb03d7d82e0333d761e0bad0689a\"},\"headline\":\"P\u0103rin\u021bii din Bucure\u0219ti \u00eei cer lui Nicu\u0219or Dan s\u0103 pun\u0103 \u00een func\u021biune autobuzele \u0219colare\",\"datePublished\":\"2021-02-04T14:44:02+00:00\",\"dateModified\":\"2021-02-10T10:02:44+00:00\",\"mainEntityOfPage\":{\"@id\":\"https:\\\/\\\/buletin.de\\\/bucuresti\\\/parintii-din-bucuresti-ii-cer-lui-nicusor-dan-sa-puna-in-functiune-autobuzele-scolare\\\/\"},\"wordCount\":496,\"publisher\":{\"@id\":\"https:\\\/\\\/buletin.de\\\/bucuresti\\\/#organization\"},\"image\":{\"@id\":\"https:\\\/\\\/buletin.de\\\/bucuresti\\\/parintii-din-bucuresti-ii-cer-lui-nicusor-dan-sa-puna-in-functiune-autobuzele-scolare\\\/#primaryimage\"},\"thumbnailUrl\":\"https:\\\/\\\/buletin.de\\\/bucuresti\\\/wp-content\\\/uploads\\\/cover-autobuze-scolare-scaled.jpg\",\"keywords\":[\"autobuze\",\"elevi\",\"nicusor dan\",\"scoala\",\"stb\",\"transport\"],\"articleSection\":[\"Prim\u0103rie\",\"\u0218tiri\",\"Transport\"],\"inLanguage\":\"en-GB\",\"copyrightYear\":\"2021\",\"copyrightHolder\":{\"@id\":\"https:\\\/\\\/buletin.de\\\/bucuresti\\\/#organization\"}},{\"@type\":\"WebPage\",\"@id\":\"https:\\\/\\\/buletin.de\\\/bucuresti\\\/parintii-din-bucuresti-ii-cer-lui-nicusor-dan-sa-puna-in-functiune-autobuzele-scolare\\\/\",\"url\":\"https:\\\/\\\/buletin.de\\\/bucuresti\\\/parintii-din-bucuresti-ii-cer-lui-nicusor-dan-sa-puna-in-functiune-autobuzele-scolare\\\/\",\"name\":\"P\u0103rin\u021bii din Bucure\u0219ti \u00eei cer lui Nicu\u0219or Dan s\u0103 pun\u0103 \u00een func\u021biune autobuzele \u0219colare - Buletin de Bucure\u0219ti\",\"isPartOf\":{\"@id\":\"https:\\\/\\\/buletin.de\\\/bucuresti\\\/#website\"},\"primaryImageOfPage\":{\"@id\":\"https:\\\/\\\/buletin.de\\\/bucuresti\\\/parintii-din-bucuresti-ii-cer-lui-nicusor-dan-sa-puna-in-functiune-autobuzele-scolare\\\/#primaryimage\"},\"image\":{\"@id\":\"https:\\\/\\\/buletin.de\\\/bucuresti\\\/parintii-din-bucuresti-ii-cer-lui-nicusor-dan-sa-puna-in-functiune-autobuzele-scolare\\\/#primaryimage\"},\"thumbnailUrl\":\"https:\\\/\\\/buletin.de\\\/bucuresti\\\/wp-content\\\/uploads\\\/cover-autobuze-scolare-scaled.jpg\",\"datePublished\":\"2021-02-04T14:44:02+00:00\",\"dateModified\":\"2021-02-10T10:02:44+00:00\",\"breadcrumb\":{\"@id\":\"https:\\\/\\\/buletin.de\\\/bucuresti\\\/parintii-din-bucuresti-ii-cer-lui-nicusor-dan-sa-puna-in-functiune-autobuzele-scolare\\\/#breadcrumb\"},\"inLanguage\":\"en-GB\",\"potentialAction\":[{\"@type\":\"ReadAction\",\"target\":[\"https:\\\/\\\/buletin.de\\\/bucuresti\\\/parintii-din-bucuresti-ii-cer-lui-nicusor-dan-sa-puna-in-functiune-autobuzele-scolare\\\/\"]}]},{\"@type\":\"ImageObject\",\"inLanguage\":\"en-GB\",\"@id\":\"https:\\\/\\\/buletin.de\\\/bucuresti\\\/parintii-din-bucuresti-ii-cer-lui-nicusor-dan-sa-puna-in-functiune-autobuzele-scolare\\\/#primaryimage\",\"url\":\"https:\\\/\\\/buletin.de\\\/bucuresti\\\/wp-content\\\/uploads\\\/cover-autobuze-scolare-scaled.jpg\",\"contentUrl\":\"https:\\\/\\\/buletin.de\\\/bucuresti\\\/wp-content\\\/uploads\\\/cover-autobuze-scolare-scaled.jpg\",\"width\":2560,\"height\":1144},{\"@type\":\"BreadcrumbList\",\"@id\":\"https:\\\/\\\/buletin.de\\\/bucuresti\\\/parintii-din-bucuresti-ii-cer-lui-nicusor-dan-sa-puna-in-functiune-autobuzele-scolare\\\/#breadcrumb\",\"itemListElement\":[{\"@type\":\"ListItem\",\"position\":1,\"name\":\"Acas\u0103\",\"item\":\"https:\\\/\\\/buletin.de\\\/bucuresti\\\/\"},{\"@type\":\"ListItem\",\"position\":2,\"name\":\"P\u0103rin\u021bii din Bucure\u0219ti \u00eei cer lui Nicu\u0219or Dan s\u0103 pun\u0103 \u00een func\u021biune autobuzele \u0219colare\"}]},{\"@type\":\"WebSite\",\"@id\":\"https:\\\/\\\/buletin.de\\\/bucuresti\\\/#website\",\"url\":\"https:\\\/\\\/buletin.de\\\/bucuresti\\\/\",\"name\":\"Buletin de Bucure\u0219ti\",\"description\":\"\u0218tiri \u0219i investiga\u021bii esen\u021biale din capital\u0103\",\"publisher\":{\"@id\":\"https:\\\/\\\/buletin.de\\\/bucuresti\\\/#organization\"},\"potentialAction\":[{\"@type\":\"SearchAction\",\"target\":{\"@type\":\"EntryPoint\",\"urlTemplate\":\"https:\\\/\\\/buletin.de\\\/bucuresti\\\/?s={search_term_string}\"},\"query-input\":{\"@type\":\"PropertyValueSpecification\",\"valueRequired\":true,\"valueName\":\"search_term_string\"}}],\"inLanguage\":\"en-GB\"},{\"@type\":\"Organization\",\"@id\":\"https:\\\/\\\/buletin.de\\\/bucuresti\\\/#organization\",\"name\":\"Buletin de Bucure\u0219ti\",\"url\":\"https:\\\/\\\/buletin.de\\\/bucuresti\\\/\",\"logo\":{\"@type\":\"ImageObject\",\"inLanguage\":\"en-GB\",\"@id\":\"https:\\\/\\\/buletin.de\\\/bucuresti\\\/#\\\/schema\\\/logo\\\/image\\\/\",\"url\":\"https:\\\/\\\/buletin.de\\\/bucuresti\\\/wp-content\\\/uploads\\\/logo-bdb-full-wide-vernil-transparent.png\",\"contentUrl\":\"https:\\\/\\\/buletin.de\\\/bucuresti\\\/wp-content\\\/uploads\\\/logo-bdb-full-wide-vernil-transparent.png\",\"width\":1782,\"height\":626,\"caption\":\"Buletin de Bucure\u0219ti\"},\"image\":{\"@id\":\"https:\\\/\\\/buletin.de\\\/bucuresti\\\/#\\\/schema\\\/logo\\\/image\\\/\"},\"sameAs\":[\"https:\\\/\\\/www.facebook.com\\\/buletin.de.buc\",\"https:\\\/\\\/www.instagram.com\\\/buletinde.bucuresti\\\/\"]},{\"@type\":\"Person\",\"@id\":\"https:\\\/\\\/buletin.de\\\/bucuresti\\\/#\\\/schema\\\/person\\\/2819fb03d7d82e0333d761e0bad0689a\",\"name\":\"Mihai T\u0103nase\",\"image\":{\"@type\":\"ImageObject\",\"inLanguage\":\"en-GB\",\"@id\":\"https:\\\/\\\/secure.gravatar.com\\\/avatar\\\/797b5e7b8c848c627197cdbaa6ff42ae4d96bd9a5e1a0944a2265b990d845c32?s=96&d=monsterid&r=g8dadac421dec5956e345ca4f17ca6fa8\",\"url\":\"https:\\\/\\\/secure.gravatar.com\\\/avatar\\\/797b5e7b8c848c627197cdbaa6ff42ae4d96bd9a5e1a0944a2265b990d845c32?s=96&d=monsterid&r=g\",\"contentUrl\":\"https:\\\/\\\/secure.gravatar.com\\\/avatar\\\/797b5e7b8c848c627197cdbaa6ff42ae4d96bd9a5e1a0944a2265b990d845c32?s=96&d=monsterid&r=g\",\"caption\":\"Mihai T\u0103nase\"},\"url\":\"https:\\\/\\\/buletin.de\\\/bucuresti\\\/author\\\/mihaitanase\\\/\"}]}<\/script>\n<!-- \/ Yoast SEO Premium plugin. -->","yoast_head_json":{"title":"P\u0103rin\u021bii din Bucure\u0219ti \u00eei cer lui Nicu\u0219or Dan s\u0103 pun\u0103 \u00een func\u021biune autobuzele \u0219colare - Buletin de Bucure\u0219ti","robots":{"index":"index","follow":"follow","max-snippet":"max-snippet:-1","max-image-preview":"max-image-preview:large","max-video-preview":"max-video-preview:-1"},"canonical":"https:\/\/buletin.de\/bucuresti\/parintii-din-bucuresti-ii-cer-lui-nicusor-dan-sa-puna-in-functiune-autobuzele-scolare\/","og_locale":"en_GB","og_type":"article","og_title":"P\u0103rin\u021bii din Bucure\u0219ti \u00eei cer lui Nicu\u0219or Dan s\u0103 pun\u0103 \u00een func\u021biune autobuzele \u0219colare","og_description":"P\u0103rin\u021bii sunt nemul\u021bumi\u021bi de decizia Primarului Municipiului Bucure\u0219ti, Nicu\u0219or Dan, de a scoate din func\u021biune autobuzele \u0219colare \u0219i solicit\u0103 reintroducerea lor. Ei spun c\u0103 mijloacele clasice de transport \u00een comun nu asigur\u0103 siguran\u021b\u0103 copiilor care, din 8 februarie, se vor \u00eentoarce la \u0219coal\u0103.&nbsp; Mai mul\u021bi p\u0103rin\u021bi, nemul\u021bumi\u021bi de faptul c\u0103 elevii sunt nevoi\u021bi s\u0103 utilizeze [&hellip;]","og_url":"https:\/\/buletin.de\/bucuresti\/parintii-din-bucuresti-ii-cer-lui-nicusor-dan-sa-puna-in-functiune-autobuzele-scolare\/","og_site_name":"Buletin de Bucure\u0219ti","article_publisher":"https:\/\/www.facebook.com\/buletin.de.buc","article_published_time":"2021-02-04T14:44:02+00:00","article_modified_time":"2021-02-10T10:02:44+00:00","og_image":[{"width":2560,"height":1144,"url":"https:\/\/buletin.de\/bucuresti\/wp-content\/uploads\/cover-autobuze-scolare-scaled.jpg","type":"image\/jpeg"}],"author":"Mihai T\u0103nase","twitter_card":"summary_large_image","twitter_misc":{"Written by":"Mihai T\u0103nase","Estimated reading time":"2 minutes"},"schema":{"@context":"https:\/\/schema.org","@graph":[{"@type":"Article","@id":"https:\/\/buletin.de\/bucuresti\/parintii-din-bucuresti-ii-cer-lui-nicusor-dan-sa-puna-in-functiune-autobuzele-scolare\/#article","isPartOf":{"@id":"https:\/\/buletin.de\/bucuresti\/parintii-din-bucuresti-ii-cer-lui-nicusor-dan-sa-puna-in-functiune-autobuzele-scolare\/"},"author":{"name":"Mihai T\u0103nase","@id":"https:\/\/buletin.de\/bucuresti\/#\/schema\/person\/2819fb03d7d82e0333d761e0bad0689a"},"headline":"P\u0103rin\u021bii din Bucure\u0219ti \u00eei cer lui Nicu\u0219or Dan s\u0103 pun\u0103 \u00een func\u021biune autobuzele \u0219colare","datePublished":"2021-02-04T14:44:02+00:00","dateModified":"2021-02-10T10:02:44+00:00","mainEntityOfPage":{"@id":"https:\/\/buletin.de\/bucuresti\/parintii-din-bucuresti-ii-cer-lui-nicusor-dan-sa-puna-in-functiune-autobuzele-scolare\/"},"wordCount":496,"publisher":{"@id":"https:\/\/buletin.de\/bucuresti\/#organization"},"image":{"@id":"https:\/\/buletin.de\/bucuresti\/parintii-din-bucuresti-ii-cer-lui-nicusor-dan-sa-puna-in-functiune-autobuzele-scolare\/#primaryimage"},"thumbnailUrl":"https:\/\/buletin.de\/bucuresti\/wp-content\/uploads\/cover-autobuze-scolare-scaled.jpg","keywords":["autobuze","elevi","nicusor dan","scoala","stb","transport"],"articleSection":["Prim\u0103rie","\u0218tiri","Transport"],"inLanguage":"en-GB","copyrightYear":"2021","copyrightHolder":{"@id":"https:\/\/buletin.de\/bucuresti\/#organization"}},{"@type":"WebPage","@id":"https:\/\/buletin.de\/bucuresti\/parintii-din-bucuresti-ii-cer-lui-nicusor-dan-sa-puna-in-functiune-autobuzele-scolare\/","url":"https:\/\/buletin.de\/bucuresti\/parintii-din-bucuresti-ii-cer-lui-nicusor-dan-sa-puna-in-functiune-autobuzele-scolare\/","name":"P\u0103rin\u021bii din Bucure\u0219ti \u00eei cer lui Nicu\u0219or Dan s\u0103 pun\u0103 \u00een func\u021biune autobuzele \u0219colare - Buletin de Bucure\u0219ti","isPartOf":{"@id":"https:\/\/buletin.de\/bucuresti\/#website"},"primaryImageOfPage":{"@id":"https:\/\/buletin.de\/bucuresti\/parintii-din-bucuresti-ii-cer-lui-nicusor-dan-sa-puna-in-functiune-autobuzele-scolare\/#primaryimage"},"image":{"@id":"https:\/\/buletin.de\/bucuresti\/parintii-din-bucuresti-ii-cer-lui-nicusor-dan-sa-puna-in-functiune-autobuzele-scolare\/#primaryimage"},"thumbnailUrl":"https:\/\/buletin.de\/bucuresti\/wp-content\/uploads\/cover-autobuze-scolare-scaled.jpg","datePublished":"2021-02-04T14:44:02+00:00","dateModified":"2021-02-10T10:02:44+00:00","breadcrumb":{"@id":"https:\/\/buletin.de\/bucuresti\/parintii-din-bucuresti-ii-cer-lui-nicusor-dan-sa-puna-in-functiune-autobuzele-scolare\/#breadcrumb"},"inLanguage":"en-GB","potentialAction":[{"@type":"ReadAction","target":["https:\/\/buletin.de\/bucuresti\/parintii-din-bucuresti-ii-cer-lui-nicusor-dan-sa-puna-in-functiune-autobuzele-scolare\/"]}]},{"@type":"ImageObject","inLanguage":"en-GB","@id":"https:\/\/buletin.de\/bucuresti\/parintii-din-bucuresti-ii-cer-lui-nicusor-dan-sa-puna-in-functiune-autobuzele-scolare\/#primaryimage","url":"https:\/\/buletin.de\/bucuresti\/wp-content\/uploads\/cover-autobuze-scolare-scaled.jpg","contentUrl":"https:\/\/buletin.de\/bucuresti\/wp-content\/uploads\/cover-autobuze-scolare-scaled.jpg","width":2560,"height":1144},{"@type":"BreadcrumbList","@id":"https:\/\/buletin.de\/bucuresti\/parintii-din-bucuresti-ii-cer-lui-nicusor-dan-sa-puna-in-functiune-autobuzele-scolare\/#breadcrumb","itemListElement":[{"@type":"ListItem","position":1,"name":"Acas\u0103","item":"https:\/\/buletin.de\/bucuresti\/"},{"@type":"ListItem","position":2,"name":"P\u0103rin\u021bii din Bucure\u0219ti \u00eei cer lui Nicu\u0219or Dan s\u0103 pun\u0103 \u00een func\u021biune autobuzele \u0219colare"}]},{"@type":"WebSite","@id":"https:\/\/buletin.de\/bucuresti\/#website","url":"https:\/\/buletin.de\/bucuresti\/","name":"Buletin de Bucure\u0219ti","description":"\u0218tiri \u0219i investiga\u021bii esen\u021biale din capital\u0103","publisher":{"@id":"https:\/\/buletin.de\/bucuresti\/#organization"},"potentialAction":[{"@type":"SearchAction","target":{"@type":"EntryPoint","urlTemplate":"https:\/\/buletin.de\/bucuresti\/?s={search_term_string}"},"query-input":{"@type":"PropertyValueSpecification","valueRequired":true,"valueName":"search_term_string"}}],"inLanguage":"en-GB"},{"@type":"Organization","@id":"https:\/\/buletin.de\/bucuresti\/#organization","name":"Buletin de Bucure\u0219ti","url":"https:\/\/buletin.de\/bucuresti\/","logo":{"@type":"ImageObject","inLanguage":"en-GB","@id":"https:\/\/buletin.de\/bucuresti\/#\/schema\/logo\/image\/","url":"https:\/\/buletin.de\/bucuresti\/wp-content\/uploads\/logo-bdb-full-wide-vernil-transparent.png","contentUrl":"https:\/\/buletin.de\/bucuresti\/wp-content\/uploads\/logo-bdb-full-wide-vernil-transparent.png","width":1782,"height":626,"caption":"Buletin de Bucure\u0219ti"},"image":{"@id":"https:\/\/buletin.de\/bucuresti\/#\/schema\/logo\/image\/"},"sameAs":["https:\/\/www.facebook.com\/buletin.de.buc","https:\/\/www.instagram.com\/buletinde.bucuresti\/"]},{"@type":"Person","@id":"https:\/\/buletin.de\/bucuresti\/#\/schema\/person\/2819fb03d7d82e0333d761e0bad0689a","name":"Mihai T\u0103nase","image":{"@type":"ImageObject","inLanguage":"en-GB","@id":"https:\/\/secure.gravatar.com\/avatar\/797b5e7b8c848c627197cdbaa6ff42ae4d96bd9a5e1a0944a2265b990d845c32?s=96&d=monsterid&r=g8dadac421dec5956e345ca4f17ca6fa8","url":"https:\/\/secure.gravatar.com\/avatar\/797b5e7b8c848c627197cdbaa6ff42ae4d96bd9a5e1a0944a2265b990d845c32?s=96&d=monsterid&r=g","contentUrl":"https:\/\/secure.gravatar.com\/avatar\/797b5e7b8c848c627197cdbaa6ff42ae4d96bd9a5e1a0944a2265b990d845c32?s=96&d=monsterid&r=g","caption":"Mihai T\u0103nase"},"url":"https:\/\/buletin.de\/bucuresti\/author\/mihaitanase\/"}]}},"authors":[{"term_id":22595,"user_id":23,"is_guest":0,"slug":"mihaitanase","display_name":"Mihai T\u0103nase","avatar_url":"https:\/\/secure.gravatar.com\/avatar\/797b5e7b8c848c627197cdbaa6ff42ae4d96bd9a5e1a0944a2265b990d845c32?s=96&d=monsterid&r=g","0":null,"1":"","2":"","3":"","4":"","5":"","6":"","7":"","8":""}],"_links":{"self":[{"href":"https:\/\/buletin.de\/bucuresti\/wp-json\/wp\/v2\/posts\/19487","targetHints":{"allow":["GET"]}}],"collection":[{"href":"https:\/\/buletin.de\/bucuresti\/wp-json\/wp\/v2\/posts"}],"about":[{"href":"https:\/\/buletin.de\/bucuresti\/wp-json\/wp\/v2\/types\/post"}],"author":[{"embeddable":true,"href":"https:\/\/buletin.de\/bucuresti\/wp-json\/wp\/v2\/users\/23"}],"replies":[{"embeddable":true,"href":"https:\/\/buletin.de\/bucuresti\/wp-json\/wp\/v2\/comments?post=19487"}],"version-history":[{"count":5,"href":"https:\/\/buletin.de\/bucuresti\/wp-json\/wp\/v2\/posts\/19487\/revisions"}],"predecessor-version":[{"id":19794,"href":"https:\/\/buletin.de\/bucuresti\/wp-json\/wp\/v2\/posts\/19487\/revisions\/19794"}],"wp:featuredmedia":[{"embeddable":true,"href":"https:\/\/buletin.de\/bucuresti\/wp-json\/wp\/v2\/media\/19497"}],"wp:attachment":[{"href":"https:\/\/buletin.de\/bucuresti\/wp-json\/wp\/v2\/media?parent=19487"}],"wp:term":[{"taxonomy":"category","embeddable":true,"href":"https:\/\/buletin.de\/bucuresti\/wp-json\/wp\/v2\/categories?post=19487"},{"taxonomy":"post_tag","embeddable":true,"href":"https:\/\/buletin.de\/bucuresti\/wp-json\/wp\/v2\/tags?post=19487"},{"taxonomy":"author","embeddable":true,"href":"https:\/\/buletin.de\/bucuresti\/wp-json\/wp\/v2\/ppma_author?post=19487"}],"curies":[{"name":"wp","href":"https:\/\/api.w.org\/{rel}","templated":true}]}}