{"id":19463,"date":"2021-02-04T11:25:02","date_gmt":"2021-02-04T08:25:02","guid":{"rendered":"https:\/\/buletin.de\/bucuresti\/?p=19463"},"modified":"2023-09-19T14:43:37","modified_gmt":"2023-09-19T12:43:37","slug":"mai-multe-scoli-din-sectorul-5-nu-au-apa-calda-si-caldura-folosirea-de-aeroterme-interzisa","status":"publish","type":"post","link":"https:\/\/buletin.de\/bucuresti\/mai-multe-scoli-din-sectorul-5-nu-au-apa-calda-si-caldura-folosirea-de-aeroterme-interzisa\/","title":{"rendered":"Mai multe \u0219coli din sectorul 5 nu au ap\u0103 cald\u0103 \u0219i c\u0103ldur\u0103. Folosirea de aeroterme, interzis\u0103"},"content":{"rendered":"\n<p><\/p>\n\n\n\n<p><strong>Cu doar c\u00e2teva zile \u00eenainte de deschidere, mai mul\u021bi directori de \u0219coli \u0219i gr\u0103dini\u021be din sectorul 5 au transmis primarului c\u0103 se confrunt\u0103 cu lipsa c\u0103ldurii \u0219i apei calde.<\/strong><\/p>\n\n\n\n<p>\u00cen sectorul 5, 17 unit\u0103\u021bi \u0219colare sunt racordate la sistemul centralizat de \u00eenc\u0103lzire, adic\u0103 depind de Compania Termoenergetica. Dintre acestea, 9 au probleme cu c\u0103ldura:<\/p>\n\n\n\n<ul class=\"wp-block-list\"><li>Liceul \u0218tefan Odobleja;<\/li><li>\u0218coala Gimnazial\u0103 nr. 126;<\/li><li>\u0218coala Gimnazial\u0103 nr. 131;<\/li><li>\u0218coala Gimnazial\u0103 nr. 144;<\/li><li>\u0218coala Gimnazial\u0103 nr. 188;<\/li><li>\u0218coala Gimnazial\u0103 nr. 280;<\/li><li>\u0218coala Gimnazial\u0103 Mircea S\u00e2ntimbreanu;<\/li><li>Gr\u0103dini\u021ba nr. 35;<\/li><li>Gr\u0103dini\u021ba nr. 185.<\/li><\/ul>\n\n\n\n<blockquote class=\"wp-block-quote is-layout-flow wp-block-quote-is-layout-flow\"><p>\u201ePrimarul Sectorului 5, Cristian Popescu Piedone a subliniat faptul c\u0103 \u00een nicio \u0219coal\u0103 din sector nu va fi permis\u0103 folosirea de aeroterme sau altor tipuri de aparaturi, dec\u00e2t cele prev\u0103zute \u00een proiectul tehnic. \u00cen cazul \u00een care \u00een unele unit\u0103\u021bi de \u00eenv\u0103\u021b\u0103m\u00e2nt temperatura va fi prea sc\u0103zut\u0103, Prim\u0103ria Sectorului 5 va discuta cu Inspectoratul \u0218colar al Municipiului Bucure\u0219ti pentru a desf\u0103\u0219ura cursurilor online.\u201d<\/p><\/blockquote>\n\n\n\n<p>Din cele 55 de unit\u0103\u021bi de \u00eenv\u0103\u021b\u0103m\u00e2nt, 38 au central\u0103 termic\u0103. Conform unui comunicat de pres\u0103, Prim\u0103ria Sectorului 5 a trimis o sesizare c\u0103tre Prim\u0103ria Municipiului Bucure\u0219ti, \u00een care se solicit\u0103 g\u0103sirea unei solu\u021bii rapide la problema expus\u0103. Totodat\u0103, Prim\u0103ria Sectorului 5 a men\u021bionat \u00een sesizarea transmis\u0103 Prim\u0103riei Capitalei faptul c\u0103, de\u0219i calitatea agentului termic furnizat nu este la parametrii corespunz\u0103tori, facturile emise de Compania Municipal\u0103 Termoenergetica Bucure\u0219ti sunt din ce \u00een ce mai mari, aspect care nu se justific\u0103.<\/p>\n\n\n\n<p><\/p>\n\n\n\n<p>Surs\u0103 cover: Octav Ganea\/INQUAM<\/p>\n","protected":false},"excerpt":{"rendered":"<p>Cu doar c\u00e2teva zile \u00eenainte de deschidere, mai mul\u021bi directori de \u0219coli \u0219i gr\u0103dini\u021be din sectorul 5 au transmis primarului c\u0103 se confrunt\u0103 cu lipsa c\u0103ldurii \u0219i apei calde. \u00cen sectorul 5, 17 unit\u0103\u021bi \u0219colare sunt racordate la sistemul centralizat de \u00eenc\u0103lzire, adic\u0103 depind de Compania Termoenergetica. Dintre acestea, 9 au probleme cu c\u0103ldura: Liceul [&hellip;]<\/p>\n","protected":false},"author":6,"featured_media":19464,"comment_status":"closed","ping_status":"open","sticky":false,"template":"","format":"standard","meta":{"_acf_changed":false,"inline_featured_image":false,"ngg_post_thumbnail":0,"footnotes":""},"categories":[62,6214],"tags":[248,160,188,533],"ppma_author":[22588],"class_list":["post-19463","post","type-post","status-publish","format-standard","has-post-thumbnail","hentry","category-stiri","category-termo","tag-caldura","tag-scoli","tag-sector-5","tag-termoenergetica"],"acf":[],"yoast_head":"<!-- This site is optimized with the Yoast SEO Premium plugin v25.3 (Yoast SEO v27.4) - https:\/\/yoast.com\/product\/yoast-seo-premium-wordpress\/ -->\n<title>Mai multe \u0219coli din sectorul 5 nu au ap\u0103 cald\u0103 \u0219i c\u0103ldur\u0103. Folosirea de aeroterme, interzis\u0103 - Buletin de Bucure\u0219ti<\/title>\n<meta name=\"robots\" content=\"index, follow, max-snippet:-1, max-image-preview:large, max-video-preview:-1\" \/>\n<link rel=\"canonical\" href=\"https:\/\/buletin.de\/bucuresti\/mai-multe-scoli-din-sectorul-5-nu-au-apa-calda-si-caldura-folosirea-de-aeroterme-interzisa\/\" \/>\n<meta property=\"og:locale\" content=\"en_GB\" \/>\n<meta property=\"og:type\" content=\"article\" \/>\n<meta property=\"og:title\" content=\"Mai multe \u0219coli din sectorul 5 nu au ap\u0103 cald\u0103 \u0219i c\u0103ldur\u0103. Folosirea de aeroterme, interzis\u0103\" \/>\n<meta property=\"og:description\" content=\"Cu doar c\u00e2teva zile \u00eenainte de deschidere, mai mul\u021bi directori de \u0219coli \u0219i gr\u0103dini\u021be din sectorul 5 au transmis primarului c\u0103 se confrunt\u0103 cu lipsa c\u0103ldurii \u0219i apei calde. \u00cen sectorul 5, 17 unit\u0103\u021bi \u0219colare sunt racordate la sistemul centralizat de \u00eenc\u0103lzire, adic\u0103 depind de Compania Termoenergetica. Dintre acestea, 9 au probleme cu c\u0103ldura: Liceul [&hellip;]\" \/>\n<meta property=\"og:url\" content=\"https:\/\/buletin.de\/bucuresti\/mai-multe-scoli-din-sectorul-5-nu-au-apa-calda-si-caldura-folosirea-de-aeroterme-interzisa\/\" \/>\n<meta property=\"og:site_name\" content=\"Buletin de Bucure\u0219ti\" \/>\n<meta property=\"article:publisher\" content=\"https:\/\/www.facebook.com\/buletin.de.buc\" \/>\n<meta property=\"article:published_time\" content=\"2021-02-04T08:25:02+00:00\" \/>\n<meta property=\"article:modified_time\" content=\"2023-09-19T12:43:37+00:00\" \/>\n<meta property=\"og:image\" content=\"https:\/\/buletin.de\/bucuresti\/wp-content\/uploads\/ID120046_INQUAM_Photos_Octav_Ganea-1-scaled.jpg\" \/>\n\t<meta property=\"og:image:width\" content=\"2560\" \/>\n\t<meta property=\"og:image:height\" content=\"1707\" \/>\n\t<meta property=\"og:image:type\" content=\"image\/jpeg\" \/>\n<meta name=\"author\" content=\"Bianca Albu\" \/>\n<meta name=\"twitter:card\" content=\"summary_large_image\" \/>\n<meta name=\"twitter:label1\" content=\"Written by\" \/>\n\t<meta name=\"twitter:data1\" content=\"Bianca Albu\" \/>\n\t<meta name=\"twitter:label2\" content=\"Estimated reading time\" \/>\n\t<meta name=\"twitter:data2\" content=\"1 minute\" \/>\n<script type=\"application\/ld+json\" class=\"yoast-schema-graph\">{\"@context\":\"https:\\\/\\\/schema.org\",\"@graph\":[{\"@type\":\"Article\",\"@id\":\"https:\\\/\\\/buletin.de\\\/bucuresti\\\/mai-multe-scoli-din-sectorul-5-nu-au-apa-calda-si-caldura-folosirea-de-aeroterme-interzisa\\\/#article\",\"isPartOf\":{\"@id\":\"https:\\\/\\\/buletin.de\\\/bucuresti\\\/mai-multe-scoli-din-sectorul-5-nu-au-apa-calda-si-caldura-folosirea-de-aeroterme-interzisa\\\/\"},\"author\":{\"name\":\"Bianca Albu\",\"@id\":\"https:\\\/\\\/buletin.de\\\/bucuresti\\\/#\\\/schema\\\/person\\\/295dc2228d2dc79294d636619468dc7f\"},\"headline\":\"Mai multe \u0219coli din sectorul 5 nu au ap\u0103 cald\u0103 \u0219i c\u0103ldur\u0103. Folosirea de aeroterme, interzis\u0103\",\"datePublished\":\"2021-02-04T08:25:02+00:00\",\"dateModified\":\"2023-09-19T12:43:37+00:00\",\"mainEntityOfPage\":{\"@id\":\"https:\\\/\\\/buletin.de\\\/bucuresti\\\/mai-multe-scoli-din-sectorul-5-nu-au-apa-calda-si-caldura-folosirea-de-aeroterme-interzisa\\\/\"},\"wordCount\":271,\"publisher\":{\"@id\":\"https:\\\/\\\/buletin.de\\\/bucuresti\\\/#organization\"},\"image\":{\"@id\":\"https:\\\/\\\/buletin.de\\\/bucuresti\\\/mai-multe-scoli-din-sectorul-5-nu-au-apa-calda-si-caldura-folosirea-de-aeroterme-interzisa\\\/#primaryimage\"},\"thumbnailUrl\":\"https:\\\/\\\/buletin.de\\\/bucuresti\\\/wp-content\\\/uploads\\\/ID120046_INQUAM_Photos_Octav_Ganea-1-scaled.jpg\",\"keywords\":[\"caldura\",\"scoli\",\"Sector 5\",\"termoenergetica\"],\"articleSection\":[\"\u0218tiri\",\"Termoficare\"],\"inLanguage\":\"en-GB\",\"copyrightYear\":\"2021\",\"copyrightHolder\":{\"@id\":\"https:\\\/\\\/buletin.de\\\/bucuresti\\\/#organization\"}},{\"@type\":\"WebPage\",\"@id\":\"https:\\\/\\\/buletin.de\\\/bucuresti\\\/mai-multe-scoli-din-sectorul-5-nu-au-apa-calda-si-caldura-folosirea-de-aeroterme-interzisa\\\/\",\"url\":\"https:\\\/\\\/buletin.de\\\/bucuresti\\\/mai-multe-scoli-din-sectorul-5-nu-au-apa-calda-si-caldura-folosirea-de-aeroterme-interzisa\\\/\",\"name\":\"Mai multe \u0219coli din sectorul 5 nu au ap\u0103 cald\u0103 \u0219i c\u0103ldur\u0103. Folosirea de aeroterme, interzis\u0103 - Buletin de Bucure\u0219ti\",\"isPartOf\":{\"@id\":\"https:\\\/\\\/buletin.de\\\/bucuresti\\\/#website\"},\"primaryImageOfPage\":{\"@id\":\"https:\\\/\\\/buletin.de\\\/bucuresti\\\/mai-multe-scoli-din-sectorul-5-nu-au-apa-calda-si-caldura-folosirea-de-aeroterme-interzisa\\\/#primaryimage\"},\"image\":{\"@id\":\"https:\\\/\\\/buletin.de\\\/bucuresti\\\/mai-multe-scoli-din-sectorul-5-nu-au-apa-calda-si-caldura-folosirea-de-aeroterme-interzisa\\\/#primaryimage\"},\"thumbnailUrl\":\"https:\\\/\\\/buletin.de\\\/bucuresti\\\/wp-content\\\/uploads\\\/ID120046_INQUAM_Photos_Octav_Ganea-1-scaled.jpg\",\"datePublished\":\"2021-02-04T08:25:02+00:00\",\"dateModified\":\"2023-09-19T12:43:37+00:00\",\"breadcrumb\":{\"@id\":\"https:\\\/\\\/buletin.de\\\/bucuresti\\\/mai-multe-scoli-din-sectorul-5-nu-au-apa-calda-si-caldura-folosirea-de-aeroterme-interzisa\\\/#breadcrumb\"},\"inLanguage\":\"en-GB\",\"potentialAction\":[{\"@type\":\"ReadAction\",\"target\":[\"https:\\\/\\\/buletin.de\\\/bucuresti\\\/mai-multe-scoli-din-sectorul-5-nu-au-apa-calda-si-caldura-folosirea-de-aeroterme-interzisa\\\/\"]}]},{\"@type\":\"ImageObject\",\"inLanguage\":\"en-GB\",\"@id\":\"https:\\\/\\\/buletin.de\\\/bucuresti\\\/mai-multe-scoli-din-sectorul-5-nu-au-apa-calda-si-caldura-folosirea-de-aeroterme-interzisa\\\/#primaryimage\",\"url\":\"https:\\\/\\\/buletin.de\\\/bucuresti\\\/wp-content\\\/uploads\\\/ID120046_INQUAM_Photos_Octav_Ganea-1-scaled.jpg\",\"contentUrl\":\"https:\\\/\\\/buletin.de\\\/bucuresti\\\/wp-content\\\/uploads\\\/ID120046_INQUAM_Photos_Octav_Ganea-1-scaled.jpg\",\"width\":2560,\"height\":1707},{\"@type\":\"BreadcrumbList\",\"@id\":\"https:\\\/\\\/buletin.de\\\/bucuresti\\\/mai-multe-scoli-din-sectorul-5-nu-au-apa-calda-si-caldura-folosirea-de-aeroterme-interzisa\\\/#breadcrumb\",\"itemListElement\":[{\"@type\":\"ListItem\",\"position\":1,\"name\":\"Acas\u0103\",\"item\":\"https:\\\/\\\/buletin.de\\\/bucuresti\\\/\"},{\"@type\":\"ListItem\",\"position\":2,\"name\":\"Mai multe \u0219coli din sectorul 5 nu au ap\u0103 cald\u0103 \u0219i c\u0103ldur\u0103. Folosirea de aeroterme, interzis\u0103\"}]},{\"@type\":\"WebSite\",\"@id\":\"https:\\\/\\\/buletin.de\\\/bucuresti\\\/#website\",\"url\":\"https:\\\/\\\/buletin.de\\\/bucuresti\\\/\",\"name\":\"Buletin de Bucure\u0219ti\",\"description\":\"\u0218tiri \u0219i investiga\u021bii esen\u021biale din capital\u0103\",\"publisher\":{\"@id\":\"https:\\\/\\\/buletin.de\\\/bucuresti\\\/#organization\"},\"potentialAction\":[{\"@type\":\"SearchAction\",\"target\":{\"@type\":\"EntryPoint\",\"urlTemplate\":\"https:\\\/\\\/buletin.de\\\/bucuresti\\\/?s={search_term_string}\"},\"query-input\":{\"@type\":\"PropertyValueSpecification\",\"valueRequired\":true,\"valueName\":\"search_term_string\"}}],\"inLanguage\":\"en-GB\"},{\"@type\":\"Organization\",\"@id\":\"https:\\\/\\\/buletin.de\\\/bucuresti\\\/#organization\",\"name\":\"Buletin de Bucure\u0219ti\",\"url\":\"https:\\\/\\\/buletin.de\\\/bucuresti\\\/\",\"logo\":{\"@type\":\"ImageObject\",\"inLanguage\":\"en-GB\",\"@id\":\"https:\\\/\\\/buletin.de\\\/bucuresti\\\/#\\\/schema\\\/logo\\\/image\\\/\",\"url\":\"https:\\\/\\\/buletin.de\\\/bucuresti\\\/wp-content\\\/uploads\\\/logo-bdb-full-wide-vernil-transparent.png\",\"contentUrl\":\"https:\\\/\\\/buletin.de\\\/bucuresti\\\/wp-content\\\/uploads\\\/logo-bdb-full-wide-vernil-transparent.png\",\"width\":1782,\"height\":626,\"caption\":\"Buletin de Bucure\u0219ti\"},\"image\":{\"@id\":\"https:\\\/\\\/buletin.de\\\/bucuresti\\\/#\\\/schema\\\/logo\\\/image\\\/\"},\"sameAs\":[\"https:\\\/\\\/www.facebook.com\\\/buletin.de.buc\",\"https:\\\/\\\/www.instagram.com\\\/buletinde.bucuresti\\\/\"]},{\"@type\":\"Person\",\"@id\":\"https:\\\/\\\/buletin.de\\\/bucuresti\\\/#\\\/schema\\\/person\\\/295dc2228d2dc79294d636619468dc7f\",\"name\":\"Bianca Albu\",\"image\":{\"@type\":\"ImageObject\",\"inLanguage\":\"en-GB\",\"@id\":\"https:\\\/\\\/secure.gravatar.com\\\/avatar\\\/3df2e34e20f529e6fd7be4311ee1f7c4ec4aa886971590baf6fa214b15743516?s=96&d=monsterid&r=gf541c715eeec409ce8101252a3c0d8a7\",\"url\":\"https:\\\/\\\/secure.gravatar.com\\\/avatar\\\/3df2e34e20f529e6fd7be4311ee1f7c4ec4aa886971590baf6fa214b15743516?s=96&d=monsterid&r=g\",\"contentUrl\":\"https:\\\/\\\/secure.gravatar.com\\\/avatar\\\/3df2e34e20f529e6fd7be4311ee1f7c4ec4aa886971590baf6fa214b15743516?s=96&d=monsterid&r=g\",\"caption\":\"Bianca Albu\"},\"description\":\"Reporter\",\"url\":\"https:\\\/\\\/buletin.de\\\/bucuresti\\\/author\\\/biancaalbu\\\/\"}]}<\/script>\n<!-- \/ Yoast SEO Premium plugin. -->","yoast_head_json":{"title":"Mai multe \u0219coli din sectorul 5 nu au ap\u0103 cald\u0103 \u0219i c\u0103ldur\u0103. Folosirea de aeroterme, interzis\u0103 - Buletin de Bucure\u0219ti","robots":{"index":"index","follow":"follow","max-snippet":"max-snippet:-1","max-image-preview":"max-image-preview:large","max-video-preview":"max-video-preview:-1"},"canonical":"https:\/\/buletin.de\/bucuresti\/mai-multe-scoli-din-sectorul-5-nu-au-apa-calda-si-caldura-folosirea-de-aeroterme-interzisa\/","og_locale":"en_GB","og_type":"article","og_title":"Mai multe \u0219coli din sectorul 5 nu au ap\u0103 cald\u0103 \u0219i c\u0103ldur\u0103. Folosirea de aeroterme, interzis\u0103","og_description":"Cu doar c\u00e2teva zile \u00eenainte de deschidere, mai mul\u021bi directori de \u0219coli \u0219i gr\u0103dini\u021be din sectorul 5 au transmis primarului c\u0103 se confrunt\u0103 cu lipsa c\u0103ldurii \u0219i apei calde. \u00cen sectorul 5, 17 unit\u0103\u021bi \u0219colare sunt racordate la sistemul centralizat de \u00eenc\u0103lzire, adic\u0103 depind de Compania Termoenergetica. Dintre acestea, 9 au probleme cu c\u0103ldura: Liceul [&hellip;]","og_url":"https:\/\/buletin.de\/bucuresti\/mai-multe-scoli-din-sectorul-5-nu-au-apa-calda-si-caldura-folosirea-de-aeroterme-interzisa\/","og_site_name":"Buletin de Bucure\u0219ti","article_publisher":"https:\/\/www.facebook.com\/buletin.de.buc","article_published_time":"2021-02-04T08:25:02+00:00","article_modified_time":"2023-09-19T12:43:37+00:00","og_image":[{"width":2560,"height":1707,"url":"https:\/\/buletin.de\/bucuresti\/wp-content\/uploads\/ID120046_INQUAM_Photos_Octav_Ganea-1-scaled.jpg","type":"image\/jpeg"}],"author":"Bianca Albu","twitter_card":"summary_large_image","twitter_misc":{"Written by":"Bianca Albu","Estimated reading time":"1 minute"},"schema":{"@context":"https:\/\/schema.org","@graph":[{"@type":"Article","@id":"https:\/\/buletin.de\/bucuresti\/mai-multe-scoli-din-sectorul-5-nu-au-apa-calda-si-caldura-folosirea-de-aeroterme-interzisa\/#article","isPartOf":{"@id":"https:\/\/buletin.de\/bucuresti\/mai-multe-scoli-din-sectorul-5-nu-au-apa-calda-si-caldura-folosirea-de-aeroterme-interzisa\/"},"author":{"name":"Bianca Albu","@id":"https:\/\/buletin.de\/bucuresti\/#\/schema\/person\/295dc2228d2dc79294d636619468dc7f"},"headline":"Mai multe \u0219coli din sectorul 5 nu au ap\u0103 cald\u0103 \u0219i c\u0103ldur\u0103. Folosirea de aeroterme, interzis\u0103","datePublished":"2021-02-04T08:25:02+00:00","dateModified":"2023-09-19T12:43:37+00:00","mainEntityOfPage":{"@id":"https:\/\/buletin.de\/bucuresti\/mai-multe-scoli-din-sectorul-5-nu-au-apa-calda-si-caldura-folosirea-de-aeroterme-interzisa\/"},"wordCount":271,"publisher":{"@id":"https:\/\/buletin.de\/bucuresti\/#organization"},"image":{"@id":"https:\/\/buletin.de\/bucuresti\/mai-multe-scoli-din-sectorul-5-nu-au-apa-calda-si-caldura-folosirea-de-aeroterme-interzisa\/#primaryimage"},"thumbnailUrl":"https:\/\/buletin.de\/bucuresti\/wp-content\/uploads\/ID120046_INQUAM_Photos_Octav_Ganea-1-scaled.jpg","keywords":["caldura","scoli","Sector 5","termoenergetica"],"articleSection":["\u0218tiri","Termoficare"],"inLanguage":"en-GB","copyrightYear":"2021","copyrightHolder":{"@id":"https:\/\/buletin.de\/bucuresti\/#organization"}},{"@type":"WebPage","@id":"https:\/\/buletin.de\/bucuresti\/mai-multe-scoli-din-sectorul-5-nu-au-apa-calda-si-caldura-folosirea-de-aeroterme-interzisa\/","url":"https:\/\/buletin.de\/bucuresti\/mai-multe-scoli-din-sectorul-5-nu-au-apa-calda-si-caldura-folosirea-de-aeroterme-interzisa\/","name":"Mai multe \u0219coli din sectorul 5 nu au ap\u0103 cald\u0103 \u0219i c\u0103ldur\u0103. Folosirea de aeroterme, interzis\u0103 - Buletin de Bucure\u0219ti","isPartOf":{"@id":"https:\/\/buletin.de\/bucuresti\/#website"},"primaryImageOfPage":{"@id":"https:\/\/buletin.de\/bucuresti\/mai-multe-scoli-din-sectorul-5-nu-au-apa-calda-si-caldura-folosirea-de-aeroterme-interzisa\/#primaryimage"},"image":{"@id":"https:\/\/buletin.de\/bucuresti\/mai-multe-scoli-din-sectorul-5-nu-au-apa-calda-si-caldura-folosirea-de-aeroterme-interzisa\/#primaryimage"},"thumbnailUrl":"https:\/\/buletin.de\/bucuresti\/wp-content\/uploads\/ID120046_INQUAM_Photos_Octav_Ganea-1-scaled.jpg","datePublished":"2021-02-04T08:25:02+00:00","dateModified":"2023-09-19T12:43:37+00:00","breadcrumb":{"@id":"https:\/\/buletin.de\/bucuresti\/mai-multe-scoli-din-sectorul-5-nu-au-apa-calda-si-caldura-folosirea-de-aeroterme-interzisa\/#breadcrumb"},"inLanguage":"en-GB","potentialAction":[{"@type":"ReadAction","target":["https:\/\/buletin.de\/bucuresti\/mai-multe-scoli-din-sectorul-5-nu-au-apa-calda-si-caldura-folosirea-de-aeroterme-interzisa\/"]}]},{"@type":"ImageObject","inLanguage":"en-GB","@id":"https:\/\/buletin.de\/bucuresti\/mai-multe-scoli-din-sectorul-5-nu-au-apa-calda-si-caldura-folosirea-de-aeroterme-interzisa\/#primaryimage","url":"https:\/\/buletin.de\/bucuresti\/wp-content\/uploads\/ID120046_INQUAM_Photos_Octav_Ganea-1-scaled.jpg","contentUrl":"https:\/\/buletin.de\/bucuresti\/wp-content\/uploads\/ID120046_INQUAM_Photos_Octav_Ganea-1-scaled.jpg","width":2560,"height":1707},{"@type":"BreadcrumbList","@id":"https:\/\/buletin.de\/bucuresti\/mai-multe-scoli-din-sectorul-5-nu-au-apa-calda-si-caldura-folosirea-de-aeroterme-interzisa\/#breadcrumb","itemListElement":[{"@type":"ListItem","position":1,"name":"Acas\u0103","item":"https:\/\/buletin.de\/bucuresti\/"},{"@type":"ListItem","position":2,"name":"Mai multe \u0219coli din sectorul 5 nu au ap\u0103 cald\u0103 \u0219i c\u0103ldur\u0103. Folosirea de aeroterme, interzis\u0103"}]},{"@type":"WebSite","@id":"https:\/\/buletin.de\/bucuresti\/#website","url":"https:\/\/buletin.de\/bucuresti\/","name":"Buletin de Bucure\u0219ti","description":"\u0218tiri \u0219i investiga\u021bii esen\u021biale din capital\u0103","publisher":{"@id":"https:\/\/buletin.de\/bucuresti\/#organization"},"potentialAction":[{"@type":"SearchAction","target":{"@type":"EntryPoint","urlTemplate":"https:\/\/buletin.de\/bucuresti\/?s={search_term_string}"},"query-input":{"@type":"PropertyValueSpecification","valueRequired":true,"valueName":"search_term_string"}}],"inLanguage":"en-GB"},{"@type":"Organization","@id":"https:\/\/buletin.de\/bucuresti\/#organization","name":"Buletin de Bucure\u0219ti","url":"https:\/\/buletin.de\/bucuresti\/","logo":{"@type":"ImageObject","inLanguage":"en-GB","@id":"https:\/\/buletin.de\/bucuresti\/#\/schema\/logo\/image\/","url":"https:\/\/buletin.de\/bucuresti\/wp-content\/uploads\/logo-bdb-full-wide-vernil-transparent.png","contentUrl":"https:\/\/buletin.de\/bucuresti\/wp-content\/uploads\/logo-bdb-full-wide-vernil-transparent.png","width":1782,"height":626,"caption":"Buletin de Bucure\u0219ti"},"image":{"@id":"https:\/\/buletin.de\/bucuresti\/#\/schema\/logo\/image\/"},"sameAs":["https:\/\/www.facebook.com\/buletin.de.buc","https:\/\/www.instagram.com\/buletinde.bucuresti\/"]},{"@type":"Person","@id":"https:\/\/buletin.de\/bucuresti\/#\/schema\/person\/295dc2228d2dc79294d636619468dc7f","name":"Bianca Albu","image":{"@type":"ImageObject","inLanguage":"en-GB","@id":"https:\/\/secure.gravatar.com\/avatar\/3df2e34e20f529e6fd7be4311ee1f7c4ec4aa886971590baf6fa214b15743516?s=96&d=monsterid&r=gf541c715eeec409ce8101252a3c0d8a7","url":"https:\/\/secure.gravatar.com\/avatar\/3df2e34e20f529e6fd7be4311ee1f7c4ec4aa886971590baf6fa214b15743516?s=96&d=monsterid&r=g","contentUrl":"https:\/\/secure.gravatar.com\/avatar\/3df2e34e20f529e6fd7be4311ee1f7c4ec4aa886971590baf6fa214b15743516?s=96&d=monsterid&r=g","caption":"Bianca Albu"},"description":"Reporter","url":"https:\/\/buletin.de\/bucuresti\/author\/biancaalbu\/"}]}},"authors":[{"term_id":22588,"user_id":6,"is_guest":0,"slug":"biancaalbu","display_name":"Bianca Albu","avatar_url":"https:\/\/secure.gravatar.com\/avatar\/3df2e34e20f529e6fd7be4311ee1f7c4ec4aa886971590baf6fa214b15743516?s=96&d=monsterid&r=g","0":null,"1":"","2":"","3":"","4":"","5":"","6":"","7":"","8":""}],"_links":{"self":[{"href":"https:\/\/buletin.de\/bucuresti\/wp-json\/wp\/v2\/posts\/19463","targetHints":{"allow":["GET"]}}],"collection":[{"href":"https:\/\/buletin.de\/bucuresti\/wp-json\/wp\/v2\/posts"}],"about":[{"href":"https:\/\/buletin.de\/bucuresti\/wp-json\/wp\/v2\/types\/post"}],"author":[{"embeddable":true,"href":"https:\/\/buletin.de\/bucuresti\/wp-json\/wp\/v2\/users\/6"}],"replies":[{"embeddable":true,"href":"https:\/\/buletin.de\/bucuresti\/wp-json\/wp\/v2\/comments?post=19463"}],"version-history":[{"count":1,"href":"https:\/\/buletin.de\/bucuresti\/wp-json\/wp\/v2\/posts\/19463\/revisions"}],"predecessor-version":[{"id":19465,"href":"https:\/\/buletin.de\/bucuresti\/wp-json\/wp\/v2\/posts\/19463\/revisions\/19465"}],"wp:featuredmedia":[{"embeddable":true,"href":"https:\/\/buletin.de\/bucuresti\/wp-json\/wp\/v2\/media\/19464"}],"wp:attachment":[{"href":"https:\/\/buletin.de\/bucuresti\/wp-json\/wp\/v2\/media?parent=19463"}],"wp:term":[{"taxonomy":"category","embeddable":true,"href":"https:\/\/buletin.de\/bucuresti\/wp-json\/wp\/v2\/categories?post=19463"},{"taxonomy":"post_tag","embeddable":true,"href":"https:\/\/buletin.de\/bucuresti\/wp-json\/wp\/v2\/tags?post=19463"},{"taxonomy":"author","embeddable":true,"href":"https:\/\/buletin.de\/bucuresti\/wp-json\/wp\/v2\/ppma_author?post=19463"}],"curies":[{"name":"wp","href":"https:\/\/api.w.org\/{rel}","templated":true}]}}