{"id":190998,"date":"2026-05-03T15:49:53","date_gmt":"2026-05-03T12:49:53","guid":{"rendered":"https:\/\/buletin.de\/bucuresti\/?p=190998"},"modified":"2026-05-03T15:49:54","modified_gmt":"2026-05-03T12:49:54","slug":"trafic-in-crestere-la-intrarea-in-bucuresti-dinspre-autostrada-a1-rute-alternative-pentru-soferi","status":"publish","type":"post","link":"https:\/\/buletin.de\/bucuresti\/trafic-in-crestere-la-intrarea-in-bucuresti-dinspre-autostrada-a1-rute-alternative-pentru-soferi\/","title":{"rendered":"Trafic \u00een cre\u0219tere la intrarea \u00een Bucure\u0219ti, dinspre Autostrada A1. Rute alternative pentru \u0219oferi"},"content":{"rendered":"\n<p><strong>Poli\u021bia Capitalei a anun\u021bat c\u0103 traficul rutier este \u00een cre\u0219tere la intrarea \u00een Bucure\u0219ti, unde se a\u0219teapt\u0103 valori ridicate \u00een urm\u0103toarele ore. \u0218oferii care vin dinspre Autostrada A1 pot \u00eent\u00e2mpina \u00eent\u00e2rzieri. <\/strong><\/p>\n\n\n\n<p>Pe bulevardul Iuliu Maniu, \u00eentre Drumul Osiei \u0219i strada Vijeliei, se desf\u0103\u0219oar\u0103 lucr\u0103ri la re\u021beaua de ap\u0103 \u0219i canalizare, iar circula\u021bia din zon\u0103 este restric\u021bionat\u0103 la o singur\u0103 band\u0103, \u00een zona \u0219antierului. <\/p>\n\n\n\n<h2 class=\"wp-block-heading\" id=\"h-poli\u021bia-anun\u021ba-trafic-in-cre\u0219tere-la-intrarea-in-bucure\u0219ti\">Poli\u021bia anun\u021b\u0103 trafic \u00een cre\u0219tere la intrarea \u00een Bucure\u0219ti <\/h2>\n\n\n\n<p><a href=\"https:\/\/buletin.de\/bucuresti\/reparatii-pe-primul-tronson-inaugurat-din-autostrada-capitalei-traficul-va-fi-restrictionat\/\" type=\"link\" id=\"https:\/\/buletin.de\/bucuresti\/reparatii-pe-primul-tronson-inaugurat-din-autostrada-capitalei-traficul-va-fi-restrictionat\/\" target=\"_blank\" rel=\"noreferrer noopener\">Lucr\u0103rile<\/a> pot genera \u00eent\u00e2rzieri semnificative pentru \u0219oferii care vin din aceast\u0103 direc\u021bie, mai ales c\u0103 aceast\u0103 intrare \u00een Bucure\u0219ti este una dintre cele mai aglomerate. <\/p>\n\n\n\n<p>Autorit\u0103\u021bile le recomand\u0103 conduc\u0103torilor auto s\u0103 evite zona vizat\u0103 de lucr\u0103ri, acolo unde este posibil, \u0219i utilizarea unor rute alternative. <\/p>\n\n\n\n<p><strong>\u0218oferii care vin dinspre Autostrada A1 pot merge pe Autostrada A0 \u0219i DNCB, pentru a evita traficul de pe Bd. Iuliu Maniu, dup\u0103 cum <a href=\"https:\/\/www.facebook.com\/photo\/?fbid=1386750720153319&amp;set=a.250600983768304\" type=\"link\" id=\"https:\/\/www.facebook.com\/photo\/?fbid=1386750720153319&amp;set=a.250600983768304\" target=\"_blank\" rel=\"noreferrer noopener\">a mai transmis Poli\u021bia Capitalei<\/a>. <\/strong><\/p>\n\n\n\n<figure class=\"wp-block-image size-large\"><img fetchpriority=\"high\" decoding=\"async\" width=\"581\" height=\"1000\" src=\"data:image\/gif;base64,R0lGODlhAQABAAAAACH5BAEKAAEALAAAAAABAAEAAAICTAEAOw==\" data-src=\"https:\/\/buletin.de\/bucuresti\/wp-content\/uploads\/2026\/05\/688790965_1386750723486652_3428655481300117919_n-1-581x1000.jpg\" alt=\"\" class=\"wp-image-190999 lazyload\" data-sizes=\"auto\" data-srcset=\"https:\/\/buletin.de\/bucuresti\/wp-content\/uploads\/2026\/05\/688790965_1386750723486652_3428655481300117919_n-1-581x1000.jpg 581w, https:\/\/buletin.de\/bucuresti\/wp-content\/uploads\/2026\/05\/688790965_1386750723486652_3428655481300117919_n-1-174x300.jpg 174w, https:\/\/buletin.de\/bucuresti\/wp-content\/uploads\/2026\/05\/688790965_1386750723486652_3428655481300117919_n-1-768x1322.jpg 768w, https:\/\/buletin.de\/bucuresti\/wp-content\/uploads\/2026\/05\/688790965_1386750723486652_3428655481300117919_n-1-893x1536.jpg 893w, https:\/\/buletin.de\/bucuresti\/wp-content\/uploads\/2026\/05\/688790965_1386750723486652_3428655481300117919_n-1-1100x1893.jpg 1100w, https:\/\/buletin.de\/bucuresti\/wp-content\/uploads\/2026\/05\/688790965_1386750723486652_3428655481300117919_n-1-600x1033.jpg 600w, https:\/\/buletin.de\/bucuresti\/wp-content\/uploads\/2026\/05\/688790965_1386750723486652_3428655481300117919_n-1-20x34.jpg 20w, https:\/\/buletin.de\/bucuresti\/wp-content\/uploads\/2026\/05\/688790965_1386750723486652_3428655481300117919_n-1.jpg 1190w\" sizes=\"(max-width: 581px) 100vw, 581px\" \/><figcaption class=\"wp-element-caption\">Foto: Facebook\/Poli\u021bia Capitalei <\/figcaption><\/figure>\n\n\n\n<p>Totodat\u0103, \u0219oferilor le este recomandat s\u0103 \u00ee\u0219i planifice deplasarea din timp, pentru evitarea aglomera\u021biei la orele de v\u00e2rf. <\/p>\n\n\n\n<p><strong>Poli\u021bi\u0219tii de la Brigada Rutier\u0103 sunt prezen\u021bi \u00een teren pentru dirijarea traficului \u0219i pentru siguran\u021ba tuturor participan\u021bilor la trafic. <\/strong><\/p>\n\n\n\n<h2 class=\"wp-block-heading\" id=\"h-aglomera\u021bie-pe-dn1-la-finalul-minivacan\u021bei-de-1-mai\">Aglomera\u021bie pe DN1, la finalul minivacan\u021bei de 1 Mai <\/h2>\n\n\n\n<p><strong>Turi\u0219tii care se \u00eentorc de la munte, la finalul minivacan\u021bei de 1 Mai, au parte de aglomera\u021bia de pe DN1, unde traficul se desf\u0103\u0219oar\u0103 cu dificultate, pe sensul de mers Bra\u0219ov &#8211; Bucure\u0219ti, \u00eencep\u00e2nd cu sta\u021biunea Predeal, potrivit <a href=\"https:\/\/www.facebook.com\/reel\/4473312769656347\" type=\"link\" id=\"https:\/\/www.facebook.com\/reel\/4473312769656347\" target=\"_blank\" rel=\"noreferrer noopener\">Inspectoratul de Poli\u0163ie Jude\u0163ean Bra\u015fov<\/a>. <\/strong><\/p>\n\n\n\n<p>Autorit\u0103\u021bile le recomand\u0103 \u0219oferilor s\u0103 foloseasc\u0103 rute alternative pentru reducerea timpilor de a\u0219teptare, respectiv <strong>DN 1A <\/strong>(Bra\u015fov &#8211; S\u0103cele &#8211; Cheia &#8211; Ploie\u015fti), <strong>DN 73<\/strong> (Bran &#8211; C\u00e2mpulung &#8211; Pite\u015fti) sau<strong> DN 71<\/strong> (Sinaia &#8211; T\u00e2rgovi\u015fte &#8211; Bucure\u015fti).<\/p>\n\n\n\n<p>Conduc\u0103torilor auto le este recomandat s\u0103 evite dep\u0103\u015firile riscante, s\u0103 manifeste pruden\u0163\u0103 \u00een trafic, s\u0103 p\u0103streze distan\u0163a de siguran\u0163\u0103 \u015fi s\u0103 respecte indica\u0163iile agen\u0163ilor afla\u0163i \u00een teren, pentru prevenirea incidentelor.<\/p>\n\n\n\n<p>CITE\u0218TE \u0218I <a href=\"https:\/\/buletin.de\/bucuresti\/autostrada-moldovei-a7-5-000-de-muncitori-mobilizati-pentru-finalizarea-tronsoanelor-focsani-bacau-pascani\/\" target=\"_blank\" rel=\"noreferrer noopener\">Autostrada Moldovei A7: 5.000 de muncitori mobiliza\u021bi pentru finalizarea tronsoanelor Foc\u0219ani \u2013 Bac\u0103u \u2013 Pa\u0219cani<\/a><\/p>\n","protected":false},"excerpt":{"rendered":"<p>Poli\u021bia Capitalei a anun\u021bat c\u0103 traficul rutier este \u00een cre\u0219tere la intrarea \u00een Bucure\u0219ti, unde se a\u0219teapt\u0103 valori ridicate \u00een urm\u0103toarele ore. \u0218oferii care vin dinspre Autostrada A1 pot \u00eent\u00e2mpina \u00eent\u00e2rzieri. Pe bulevardul Iuliu Maniu, \u00eentre Drumul Osiei \u0219i strada Vijeliei, se desf\u0103\u0219oar\u0103 lucr\u0103ri la re\u021beaua de ap\u0103 \u0219i canalizare, iar circula\u021bia din zon\u0103 este [&hellip;]<\/p>\n","protected":false},"author":65,"featured_media":191002,"comment_status":"closed","ping_status":"open","sticky":false,"template":"","format":"standard","meta":{"_acf_changed":false,"inline_featured_image":false,"ngg_post_thumbnail":0,"footnotes":""},"categories":[6994,62,650],"tags":[3577,14486,26087,439,1144,58,15278],"ppma_author":[23912],"class_list":["post-190998","post","type-post","status-publish","format-standard","has-post-thumbnail","hentry","category-stiri-2","category-stiri","category-transport","tag-aglomeratie","tag-autostrada-a1","tag-bd-iuliu-maniu-2","tag-lucrari","tag-politia-capitalei","tag-trafic","tag-trafic-aglomerat-capitala"],"acf":[],"yoast_head":"<!-- This site is optimized with the Yoast SEO Premium plugin v25.3 (Yoast SEO v27.5) - https:\/\/yoast.com\/product\/yoast-seo-premium-wordpress\/ -->\n<title>Trafic \u00een cre\u0219tere la intrarea \u00een Bucure\u0219ti, dinspre Autostrada A1. Rute alternative pentru \u0219oferi - Buletin de Bucure\u0219ti<\/title>\n<meta name=\"description\" content=\"Poli\u021bia Capitalei a anun\u021bat c\u0103 traficul rutier este \u00een cre\u0219tere la intrarea \u00een Bucure\u0219ti, unde se a\u0219teapt\u0103 valori ridicate \u00een urm\u0103toarele ore.\" \/>\n<meta name=\"robots\" content=\"index, follow, max-snippet:-1, max-image-preview:large, max-video-preview:-1\" \/>\n<link rel=\"canonical\" href=\"https:\/\/buletin.de\/bucuresti\/trafic-in-crestere-la-intrarea-in-bucuresti-dinspre-autostrada-a1-rute-alternative-pentru-soferi\/\" \/>\n<meta property=\"og:locale\" content=\"en_GB\" \/>\n<meta property=\"og:type\" content=\"article\" \/>\n<meta property=\"og:title\" content=\"Trafic \u00een cre\u0219tere la intrarea \u00een Bucure\u0219ti, dinspre Autostrada A1. Rute alternative pentru \u0219oferi\" \/>\n<meta property=\"og:description\" content=\"Poli\u021bia Capitalei a anun\u021bat c\u0103 traficul rutier este \u00een cre\u0219tere la intrarea \u00een Bucure\u0219ti, unde se a\u0219teapt\u0103 valori ridicate \u00een urm\u0103toarele ore.\" \/>\n<meta property=\"og:url\" content=\"https:\/\/buletin.de\/bucuresti\/trafic-in-crestere-la-intrarea-in-bucuresti-dinspre-autostrada-a1-rute-alternative-pentru-soferi\/\" \/>\n<meta property=\"og:site_name\" content=\"Buletin de Bucure\u0219ti\" \/>\n<meta property=\"article:publisher\" content=\"https:\/\/www.facebook.com\/buletin.de.buc\" \/>\n<meta property=\"article:published_time\" content=\"2026-05-03T12:49:53+00:00\" \/>\n<meta property=\"article:modified_time\" content=\"2026-05-03T12:49:54+00:00\" \/>\n<meta property=\"og:image\" content=\"https:\/\/buletin.de\/bucuresti\/wp-content\/uploads\/2026\/05\/Trafic-in-crestere-la-intrarea-in-Bucuresti-A1.jpg\" \/>\n\t<meta property=\"og:image:width\" content=\"1200\" \/>\n\t<meta property=\"og:image:height\" content=\"650\" \/>\n\t<meta property=\"og:image:type\" content=\"image\/jpeg\" \/>\n<meta name=\"author\" content=\"Andreea St\u0103n\u0103r\u00eeng\u0103\" \/>\n<meta name=\"twitter:card\" content=\"summary_large_image\" \/>\n<meta name=\"twitter:label1\" content=\"Written by\" \/>\n\t<meta name=\"twitter:data1\" content=\"Andreea St\u0103n\u0103r\u00eeng\u0103\" \/>\n\t<meta name=\"twitter:label2\" content=\"Estimated reading time\" \/>\n\t<meta name=\"twitter:data2\" content=\"2 minutes\" \/>\n<script type=\"application\/ld+json\" class=\"yoast-schema-graph\">{\"@context\":\"https:\\\/\\\/schema.org\",\"@graph\":[{\"@type\":\"Article\",\"@id\":\"https:\\\/\\\/buletin.de\\\/bucuresti\\\/trafic-in-crestere-la-intrarea-in-bucuresti-dinspre-autostrada-a1-rute-alternative-pentru-soferi\\\/#article\",\"isPartOf\":{\"@id\":\"https:\\\/\\\/buletin.de\\\/bucuresti\\\/trafic-in-crestere-la-intrarea-in-bucuresti-dinspre-autostrada-a1-rute-alternative-pentru-soferi\\\/\"},\"author\":{\"name\":\"Andreea St\u0103n\u0103r\u00eeng\u0103\",\"@id\":\"https:\\\/\\\/buletin.de\\\/bucuresti\\\/#\\\/schema\\\/person\\\/81421a46fb84a0887cfd2238f5202586\"},\"headline\":\"Trafic \u00een cre\u0219tere la intrarea \u00een Bucure\u0219ti, dinspre Autostrada A1. Rute alternative pentru \u0219oferi\",\"datePublished\":\"2026-05-03T12:49:53+00:00\",\"dateModified\":\"2026-05-03T12:49:54+00:00\",\"mainEntityOfPage\":{\"@id\":\"https:\\\/\\\/buletin.de\\\/bucuresti\\\/trafic-in-crestere-la-intrarea-in-bucuresti-dinspre-autostrada-a1-rute-alternative-pentru-soferi\\\/\"},\"wordCount\":400,\"publisher\":{\"@id\":\"https:\\\/\\\/buletin.de\\\/bucuresti\\\/#organization\"},\"image\":{\"@id\":\"https:\\\/\\\/buletin.de\\\/bucuresti\\\/trafic-in-crestere-la-intrarea-in-bucuresti-dinspre-autostrada-a1-rute-alternative-pentru-soferi\\\/#primaryimage\"},\"thumbnailUrl\":\"https:\\\/\\\/buletin.de\\\/bucuresti\\\/wp-content\\\/uploads\\\/2026\\\/05\\\/Trafic-in-crestere-la-intrarea-in-Bucuresti-A1.jpg\",\"keywords\":[\"aglomeratie\",\"autostrada A1\",\"bd iuliu maniu\",\"lucrari\",\"politia capitalei\",\"trafic\",\"trafic aglomerat capitala\"],\"articleSection\":[\"Articole\",\"\u0218tiri\",\"Transport\"],\"inLanguage\":\"en-GB\",\"copyrightYear\":\"2026\",\"copyrightHolder\":{\"@id\":\"https:\\\/\\\/buletin.de\\\/bucuresti\\\/#organization\"}},{\"@type\":\"WebPage\",\"@id\":\"https:\\\/\\\/buletin.de\\\/bucuresti\\\/trafic-in-crestere-la-intrarea-in-bucuresti-dinspre-autostrada-a1-rute-alternative-pentru-soferi\\\/\",\"url\":\"https:\\\/\\\/buletin.de\\\/bucuresti\\\/trafic-in-crestere-la-intrarea-in-bucuresti-dinspre-autostrada-a1-rute-alternative-pentru-soferi\\\/\",\"name\":\"Trafic \u00een cre\u0219tere la intrarea \u00een Bucure\u0219ti, dinspre Autostrada A1. Rute alternative pentru \u0219oferi - Buletin de Bucure\u0219ti\",\"isPartOf\":{\"@id\":\"https:\\\/\\\/buletin.de\\\/bucuresti\\\/#website\"},\"primaryImageOfPage\":{\"@id\":\"https:\\\/\\\/buletin.de\\\/bucuresti\\\/trafic-in-crestere-la-intrarea-in-bucuresti-dinspre-autostrada-a1-rute-alternative-pentru-soferi\\\/#primaryimage\"},\"image\":{\"@id\":\"https:\\\/\\\/buletin.de\\\/bucuresti\\\/trafic-in-crestere-la-intrarea-in-bucuresti-dinspre-autostrada-a1-rute-alternative-pentru-soferi\\\/#primaryimage\"},\"thumbnailUrl\":\"https:\\\/\\\/buletin.de\\\/bucuresti\\\/wp-content\\\/uploads\\\/2026\\\/05\\\/Trafic-in-crestere-la-intrarea-in-Bucuresti-A1.jpg\",\"datePublished\":\"2026-05-03T12:49:53+00:00\",\"dateModified\":\"2026-05-03T12:49:54+00:00\",\"description\":\"Poli\u021bia Capitalei a anun\u021bat c\u0103 traficul rutier este \u00een cre\u0219tere la intrarea \u00een Bucure\u0219ti, unde se a\u0219teapt\u0103 valori ridicate \u00een urm\u0103toarele ore.\",\"breadcrumb\":{\"@id\":\"https:\\\/\\\/buletin.de\\\/bucuresti\\\/trafic-in-crestere-la-intrarea-in-bucuresti-dinspre-autostrada-a1-rute-alternative-pentru-soferi\\\/#breadcrumb\"},\"inLanguage\":\"en-GB\",\"potentialAction\":[{\"@type\":\"ReadAction\",\"target\":[\"https:\\\/\\\/buletin.de\\\/bucuresti\\\/trafic-in-crestere-la-intrarea-in-bucuresti-dinspre-autostrada-a1-rute-alternative-pentru-soferi\\\/\"]}]},{\"@type\":\"ImageObject\",\"inLanguage\":\"en-GB\",\"@id\":\"https:\\\/\\\/buletin.de\\\/bucuresti\\\/trafic-in-crestere-la-intrarea-in-bucuresti-dinspre-autostrada-a1-rute-alternative-pentru-soferi\\\/#primaryimage\",\"url\":\"https:\\\/\\\/buletin.de\\\/bucuresti\\\/wp-content\\\/uploads\\\/2026\\\/05\\\/Trafic-in-crestere-la-intrarea-in-Bucuresti-A1.jpg\",\"contentUrl\":\"https:\\\/\\\/buletin.de\\\/bucuresti\\\/wp-content\\\/uploads\\\/2026\\\/05\\\/Trafic-in-crestere-la-intrarea-in-Bucuresti-A1.jpg\",\"width\":1200,\"height\":650,\"caption\":\"Trafic \u00een cre\u0219tere dinspre A1, la intrarea \u00een Bucure\u0219ti. Foto: Facebook\\\/Poli\u021bia Capitalei\"},{\"@type\":\"BreadcrumbList\",\"@id\":\"https:\\\/\\\/buletin.de\\\/bucuresti\\\/trafic-in-crestere-la-intrarea-in-bucuresti-dinspre-autostrada-a1-rute-alternative-pentru-soferi\\\/#breadcrumb\",\"itemListElement\":[{\"@type\":\"ListItem\",\"position\":1,\"name\":\"Acas\u0103\",\"item\":\"https:\\\/\\\/buletin.de\\\/bucuresti\\\/\"},{\"@type\":\"ListItem\",\"position\":2,\"name\":\"Trafic \u00een cre\u0219tere la intrarea \u00een Bucure\u0219ti, dinspre Autostrada A1. Rute alternative pentru \u0219oferi\"}]},{\"@type\":\"WebSite\",\"@id\":\"https:\\\/\\\/buletin.de\\\/bucuresti\\\/#website\",\"url\":\"https:\\\/\\\/buletin.de\\\/bucuresti\\\/\",\"name\":\"Buletin de Bucure\u0219ti\",\"description\":\"\u0218tiri \u0219i investiga\u021bii esen\u021biale din capital\u0103\",\"publisher\":{\"@id\":\"https:\\\/\\\/buletin.de\\\/bucuresti\\\/#organization\"},\"potentialAction\":[{\"@type\":\"SearchAction\",\"target\":{\"@type\":\"EntryPoint\",\"urlTemplate\":\"https:\\\/\\\/buletin.de\\\/bucuresti\\\/?s={search_term_string}\"},\"query-input\":{\"@type\":\"PropertyValueSpecification\",\"valueRequired\":true,\"valueName\":\"search_term_string\"}}],\"inLanguage\":\"en-GB\"},{\"@type\":\"Organization\",\"@id\":\"https:\\\/\\\/buletin.de\\\/bucuresti\\\/#organization\",\"name\":\"Buletin de Bucure\u0219ti\",\"url\":\"https:\\\/\\\/buletin.de\\\/bucuresti\\\/\",\"logo\":{\"@type\":\"ImageObject\",\"inLanguage\":\"en-GB\",\"@id\":\"https:\\\/\\\/buletin.de\\\/bucuresti\\\/#\\\/schema\\\/logo\\\/image\\\/\",\"url\":\"https:\\\/\\\/buletin.de\\\/bucuresti\\\/wp-content\\\/uploads\\\/logo-bdb-full-wide-vernil-transparent.png\",\"contentUrl\":\"https:\\\/\\\/buletin.de\\\/bucuresti\\\/wp-content\\\/uploads\\\/logo-bdb-full-wide-vernil-transparent.png\",\"width\":1782,\"height\":626,\"caption\":\"Buletin de Bucure\u0219ti\"},\"image\":{\"@id\":\"https:\\\/\\\/buletin.de\\\/bucuresti\\\/#\\\/schema\\\/logo\\\/image\\\/\"},\"sameAs\":[\"https:\\\/\\\/www.facebook.com\\\/buletin.de.buc\",\"https:\\\/\\\/www.instagram.com\\\/buletinde.bucuresti\\\/\"]},{\"@type\":\"Person\",\"@id\":\"https:\\\/\\\/buletin.de\\\/bucuresti\\\/#\\\/schema\\\/person\\\/81421a46fb84a0887cfd2238f5202586\",\"name\":\"Andreea St\u0103n\u0103r\u00eeng\u0103\",\"image\":{\"@type\":\"ImageObject\",\"inLanguage\":\"en-GB\",\"@id\":\"https:\\\/\\\/secure.gravatar.com\\\/avatar\\\/dfa8d227a4388fad0f0bb03add04b5b176f4da34397dbb2eadc563b3d7162ce0?s=96&d=monsterid&r=g72784372b39ffe5a98a45288fe0d0e8a\",\"url\":\"https:\\\/\\\/secure.gravatar.com\\\/avatar\\\/dfa8d227a4388fad0f0bb03add04b5b176f4da34397dbb2eadc563b3d7162ce0?s=96&d=monsterid&r=g\",\"contentUrl\":\"https:\\\/\\\/secure.gravatar.com\\\/avatar\\\/dfa8d227a4388fad0f0bb03add04b5b176f4da34397dbb2eadc563b3d7162ce0?s=96&d=monsterid&r=g\",\"caption\":\"Andreea St\u0103n\u0103r\u00eeng\u0103\"},\"description\":\"Cu o experien\u021b\u0103 de peste 5 ani \u00een pres\u0103, face parte din echipa Buletin de Bucure\u0219ti din septembrie 2025. A colaborat cu c\u00e2teva publica\u021bii, printre care \u0219i Fanatik.ro, unde s-a ocupat de \u0219tiri de lifestyle \u0219i de actualitate. A f\u0103cut un pas c\u0103tre presa local\u0103 pentru a explora Bucure\u0219tiul \u0219i pove\u0219tile care merit\u0103 spuse.\",\"url\":\"https:\\\/\\\/buletin.de\\\/bucuresti\\\/author\\\/andreea-stanaranga\\\/\"}]}<\/script>\n<!-- \/ Yoast SEO Premium plugin. -->","yoast_head_json":{"title":"Trafic \u00een cre\u0219tere la intrarea \u00een Bucure\u0219ti, dinspre Autostrada A1. Rute alternative pentru \u0219oferi - Buletin de Bucure\u0219ti","description":"Poli\u021bia Capitalei a anun\u021bat c\u0103 traficul rutier este \u00een cre\u0219tere la intrarea \u00een Bucure\u0219ti, unde se a\u0219teapt\u0103 valori ridicate \u00een urm\u0103toarele ore.","robots":{"index":"index","follow":"follow","max-snippet":"max-snippet:-1","max-image-preview":"max-image-preview:large","max-video-preview":"max-video-preview:-1"},"canonical":"https:\/\/buletin.de\/bucuresti\/trafic-in-crestere-la-intrarea-in-bucuresti-dinspre-autostrada-a1-rute-alternative-pentru-soferi\/","og_locale":"en_GB","og_type":"article","og_title":"Trafic \u00een cre\u0219tere la intrarea \u00een Bucure\u0219ti, dinspre Autostrada A1. Rute alternative pentru \u0219oferi","og_description":"Poli\u021bia Capitalei a anun\u021bat c\u0103 traficul rutier este \u00een cre\u0219tere la intrarea \u00een Bucure\u0219ti, unde se a\u0219teapt\u0103 valori ridicate \u00een urm\u0103toarele ore.","og_url":"https:\/\/buletin.de\/bucuresti\/trafic-in-crestere-la-intrarea-in-bucuresti-dinspre-autostrada-a1-rute-alternative-pentru-soferi\/","og_site_name":"Buletin de Bucure\u0219ti","article_publisher":"https:\/\/www.facebook.com\/buletin.de.buc","article_published_time":"2026-05-03T12:49:53+00:00","article_modified_time":"2026-05-03T12:49:54+00:00","og_image":[{"width":1200,"height":650,"url":"https:\/\/buletin.de\/bucuresti\/wp-content\/uploads\/2026\/05\/Trafic-in-crestere-la-intrarea-in-Bucuresti-A1.jpg","type":"image\/jpeg"}],"author":"Andreea St\u0103n\u0103r\u00eeng\u0103","twitter_card":"summary_large_image","twitter_misc":{"Written by":"Andreea St\u0103n\u0103r\u00eeng\u0103","Estimated reading time":"2 minutes"},"schema":{"@context":"https:\/\/schema.org","@graph":[{"@type":"Article","@id":"https:\/\/buletin.de\/bucuresti\/trafic-in-crestere-la-intrarea-in-bucuresti-dinspre-autostrada-a1-rute-alternative-pentru-soferi\/#article","isPartOf":{"@id":"https:\/\/buletin.de\/bucuresti\/trafic-in-crestere-la-intrarea-in-bucuresti-dinspre-autostrada-a1-rute-alternative-pentru-soferi\/"},"author":{"name":"Andreea St\u0103n\u0103r\u00eeng\u0103","@id":"https:\/\/buletin.de\/bucuresti\/#\/schema\/person\/81421a46fb84a0887cfd2238f5202586"},"headline":"Trafic \u00een cre\u0219tere la intrarea \u00een Bucure\u0219ti, dinspre Autostrada A1. Rute alternative pentru \u0219oferi","datePublished":"2026-05-03T12:49:53+00:00","dateModified":"2026-05-03T12:49:54+00:00","mainEntityOfPage":{"@id":"https:\/\/buletin.de\/bucuresti\/trafic-in-crestere-la-intrarea-in-bucuresti-dinspre-autostrada-a1-rute-alternative-pentru-soferi\/"},"wordCount":400,"publisher":{"@id":"https:\/\/buletin.de\/bucuresti\/#organization"},"image":{"@id":"https:\/\/buletin.de\/bucuresti\/trafic-in-crestere-la-intrarea-in-bucuresti-dinspre-autostrada-a1-rute-alternative-pentru-soferi\/#primaryimage"},"thumbnailUrl":"https:\/\/buletin.de\/bucuresti\/wp-content\/uploads\/2026\/05\/Trafic-in-crestere-la-intrarea-in-Bucuresti-A1.jpg","keywords":["aglomeratie","autostrada A1","bd iuliu maniu","lucrari","politia capitalei","trafic","trafic aglomerat capitala"],"articleSection":["Articole","\u0218tiri","Transport"],"inLanguage":"en-GB","copyrightYear":"2026","copyrightHolder":{"@id":"https:\/\/buletin.de\/bucuresti\/#organization"}},{"@type":"WebPage","@id":"https:\/\/buletin.de\/bucuresti\/trafic-in-crestere-la-intrarea-in-bucuresti-dinspre-autostrada-a1-rute-alternative-pentru-soferi\/","url":"https:\/\/buletin.de\/bucuresti\/trafic-in-crestere-la-intrarea-in-bucuresti-dinspre-autostrada-a1-rute-alternative-pentru-soferi\/","name":"Trafic \u00een cre\u0219tere la intrarea \u00een Bucure\u0219ti, dinspre Autostrada A1. Rute alternative pentru \u0219oferi - Buletin de Bucure\u0219ti","isPartOf":{"@id":"https:\/\/buletin.de\/bucuresti\/#website"},"primaryImageOfPage":{"@id":"https:\/\/buletin.de\/bucuresti\/trafic-in-crestere-la-intrarea-in-bucuresti-dinspre-autostrada-a1-rute-alternative-pentru-soferi\/#primaryimage"},"image":{"@id":"https:\/\/buletin.de\/bucuresti\/trafic-in-crestere-la-intrarea-in-bucuresti-dinspre-autostrada-a1-rute-alternative-pentru-soferi\/#primaryimage"},"thumbnailUrl":"https:\/\/buletin.de\/bucuresti\/wp-content\/uploads\/2026\/05\/Trafic-in-crestere-la-intrarea-in-Bucuresti-A1.jpg","datePublished":"2026-05-03T12:49:53+00:00","dateModified":"2026-05-03T12:49:54+00:00","description":"Poli\u021bia Capitalei a anun\u021bat c\u0103 traficul rutier este \u00een cre\u0219tere la intrarea \u00een Bucure\u0219ti, unde se a\u0219teapt\u0103 valori ridicate \u00een urm\u0103toarele ore.","breadcrumb":{"@id":"https:\/\/buletin.de\/bucuresti\/trafic-in-crestere-la-intrarea-in-bucuresti-dinspre-autostrada-a1-rute-alternative-pentru-soferi\/#breadcrumb"},"inLanguage":"en-GB","potentialAction":[{"@type":"ReadAction","target":["https:\/\/buletin.de\/bucuresti\/trafic-in-crestere-la-intrarea-in-bucuresti-dinspre-autostrada-a1-rute-alternative-pentru-soferi\/"]}]},{"@type":"ImageObject","inLanguage":"en-GB","@id":"https:\/\/buletin.de\/bucuresti\/trafic-in-crestere-la-intrarea-in-bucuresti-dinspre-autostrada-a1-rute-alternative-pentru-soferi\/#primaryimage","url":"https:\/\/buletin.de\/bucuresti\/wp-content\/uploads\/2026\/05\/Trafic-in-crestere-la-intrarea-in-Bucuresti-A1.jpg","contentUrl":"https:\/\/buletin.de\/bucuresti\/wp-content\/uploads\/2026\/05\/Trafic-in-crestere-la-intrarea-in-Bucuresti-A1.jpg","width":1200,"height":650,"caption":"Trafic \u00een cre\u0219tere dinspre A1, la intrarea \u00een Bucure\u0219ti. Foto: Facebook\/Poli\u021bia Capitalei"},{"@type":"BreadcrumbList","@id":"https:\/\/buletin.de\/bucuresti\/trafic-in-crestere-la-intrarea-in-bucuresti-dinspre-autostrada-a1-rute-alternative-pentru-soferi\/#breadcrumb","itemListElement":[{"@type":"ListItem","position":1,"name":"Acas\u0103","item":"https:\/\/buletin.de\/bucuresti\/"},{"@type":"ListItem","position":2,"name":"Trafic \u00een cre\u0219tere la intrarea \u00een Bucure\u0219ti, dinspre Autostrada A1. Rute alternative pentru \u0219oferi"}]},{"@type":"WebSite","@id":"https:\/\/buletin.de\/bucuresti\/#website","url":"https:\/\/buletin.de\/bucuresti\/","name":"Buletin de Bucure\u0219ti","description":"\u0218tiri \u0219i investiga\u021bii esen\u021biale din capital\u0103","publisher":{"@id":"https:\/\/buletin.de\/bucuresti\/#organization"},"potentialAction":[{"@type":"SearchAction","target":{"@type":"EntryPoint","urlTemplate":"https:\/\/buletin.de\/bucuresti\/?s={search_term_string}"},"query-input":{"@type":"PropertyValueSpecification","valueRequired":true,"valueName":"search_term_string"}}],"inLanguage":"en-GB"},{"@type":"Organization","@id":"https:\/\/buletin.de\/bucuresti\/#organization","name":"Buletin de Bucure\u0219ti","url":"https:\/\/buletin.de\/bucuresti\/","logo":{"@type":"ImageObject","inLanguage":"en-GB","@id":"https:\/\/buletin.de\/bucuresti\/#\/schema\/logo\/image\/","url":"https:\/\/buletin.de\/bucuresti\/wp-content\/uploads\/logo-bdb-full-wide-vernil-transparent.png","contentUrl":"https:\/\/buletin.de\/bucuresti\/wp-content\/uploads\/logo-bdb-full-wide-vernil-transparent.png","width":1782,"height":626,"caption":"Buletin de Bucure\u0219ti"},"image":{"@id":"https:\/\/buletin.de\/bucuresti\/#\/schema\/logo\/image\/"},"sameAs":["https:\/\/www.facebook.com\/buletin.de.buc","https:\/\/www.instagram.com\/buletinde.bucuresti\/"]},{"@type":"Person","@id":"https:\/\/buletin.de\/bucuresti\/#\/schema\/person\/81421a46fb84a0887cfd2238f5202586","name":"Andreea St\u0103n\u0103r\u00eeng\u0103","image":{"@type":"ImageObject","inLanguage":"en-GB","@id":"https:\/\/secure.gravatar.com\/avatar\/dfa8d227a4388fad0f0bb03add04b5b176f4da34397dbb2eadc563b3d7162ce0?s=96&d=monsterid&r=g72784372b39ffe5a98a45288fe0d0e8a","url":"https:\/\/secure.gravatar.com\/avatar\/dfa8d227a4388fad0f0bb03add04b5b176f4da34397dbb2eadc563b3d7162ce0?s=96&d=monsterid&r=g","contentUrl":"https:\/\/secure.gravatar.com\/avatar\/dfa8d227a4388fad0f0bb03add04b5b176f4da34397dbb2eadc563b3d7162ce0?s=96&d=monsterid&r=g","caption":"Andreea St\u0103n\u0103r\u00eeng\u0103"},"description":"Cu o experien\u021b\u0103 de peste 5 ani \u00een pres\u0103, face parte din echipa Buletin de Bucure\u0219ti din septembrie 2025. A colaborat cu c\u00e2teva publica\u021bii, printre care \u0219i Fanatik.ro, unde s-a ocupat de \u0219tiri de lifestyle \u0219i de actualitate. A f\u0103cut un pas c\u0103tre presa local\u0103 pentru a explora Bucure\u0219tiul \u0219i pove\u0219tile care merit\u0103 spuse.","url":"https:\/\/buletin.de\/bucuresti\/author\/andreea-stanaranga\/"}]}},"authors":[{"term_id":23912,"user_id":65,"is_guest":0,"slug":"andreea-stanaranga","display_name":"Andreea St\u0103n\u0103r\u00eeng\u0103","avatar_url":"https:\/\/secure.gravatar.com\/avatar\/dfa8d227a4388fad0f0bb03add04b5b176f4da34397dbb2eadc563b3d7162ce0?s=96&d=monsterid&r=g","0":null,"1":"","2":"","3":"","4":"","5":"","6":"","7":"","8":""}],"_links":{"self":[{"href":"https:\/\/buletin.de\/bucuresti\/wp-json\/wp\/v2\/posts\/190998","targetHints":{"allow":["GET"]}}],"collection":[{"href":"https:\/\/buletin.de\/bucuresti\/wp-json\/wp\/v2\/posts"}],"about":[{"href":"https:\/\/buletin.de\/bucuresti\/wp-json\/wp\/v2\/types\/post"}],"author":[{"embeddable":true,"href":"https:\/\/buletin.de\/bucuresti\/wp-json\/wp\/v2\/users\/65"}],"replies":[{"embeddable":true,"href":"https:\/\/buletin.de\/bucuresti\/wp-json\/wp\/v2\/comments?post=190998"}],"version-history":[{"count":3,"href":"https:\/\/buletin.de\/bucuresti\/wp-json\/wp\/v2\/posts\/190998\/revisions"}],"predecessor-version":[{"id":191003,"href":"https:\/\/buletin.de\/bucuresti\/wp-json\/wp\/v2\/posts\/190998\/revisions\/191003"}],"wp:featuredmedia":[{"embeddable":true,"href":"https:\/\/buletin.de\/bucuresti\/wp-json\/wp\/v2\/media\/191002"}],"wp:attachment":[{"href":"https:\/\/buletin.de\/bucuresti\/wp-json\/wp\/v2\/media?parent=190998"}],"wp:term":[{"taxonomy":"category","embeddable":true,"href":"https:\/\/buletin.de\/bucuresti\/wp-json\/wp\/v2\/categories?post=190998"},{"taxonomy":"post_tag","embeddable":true,"href":"https:\/\/buletin.de\/bucuresti\/wp-json\/wp\/v2\/tags?post=190998"},{"taxonomy":"author","embeddable":true,"href":"https:\/\/buletin.de\/bucuresti\/wp-json\/wp\/v2\/ppma_author?post=190998"}],"curies":[{"name":"wp","href":"https:\/\/api.w.org\/{rel}","templated":true}]}}