{"id":190951,"date":"2026-05-03T13:46:02","date_gmt":"2026-05-03T10:46:02","guid":{"rendered":"https:\/\/buletin.de\/bucuresti\/?p=190951"},"modified":"2026-05-03T13:46:03","modified_gmt":"2026-05-03T10:46:03","slug":"spectacole-si-expozitii-in-bucuresti-la-institutiile-de-cultura-ale-pmb-programul-pentru-saptamana-4-10-mai","status":"publish","type":"post","link":"https:\/\/buletin.de\/bucuresti\/spectacole-si-expozitii-in-bucuresti-la-institutiile-de-cultura-ale-pmb-programul-pentru-saptamana-4-10-mai\/","title":{"rendered":"Spectacole \u0219i expozi\u021bii \u00een Bucure\u0219ti, la institu\u021biile de cultur\u0103 ale PMB. Programul pentru s\u0103pt\u0103m\u00e2na 4-10 mai"},"content":{"rendered":"\n<p><strong>Zeci de spectacole \u0219i expozi\u021bii au loc \u00een s\u0103pt\u0103m\u00e2na 4-10 mai, \u00een Bucure\u0219ti. Institu\u021biile de cultur\u0103 ale Prim\u0103riei Capitalei au preg\u0103tit un program variat, cu activit\u0103\u021bi pentru adul\u021bi \u0219i copii deopotriv\u0103.<\/strong><\/p>\n\n\n\n<p>Cei mai avantaja\u021bi sunt iubitorii de teatru, care au de ales \u00eentre peste 50 de reprezenta\u021bii, printre care: \u201eCine l-a ucis pe tata?\u201d la Teatrul Metropolis, \u201eJulieta f\u0103r\u0103 Romeo\u201d la Teatrul Dramaturgilor Rom\u00e2ni \u0219i Odeon sau \u201eOedip\u201d la Bulandra.<\/p>\n\n\n\n<p>Pentru cei mici, basme clasice precum \u201eScufi\u021ba Ro\u0219ie\u201d sau \u201eAmintiri din Copil\u0103rie\u201d prind via\u021b\u0103 la teatrele \u021a\u0103nd\u0103ric\u0103 \u0219i Ion Creang\u0103.<\/p>\n\n\n\n<p>La acestea se adaug\u0103 expozi\u021bii de pictur\u0103, sculptur\u0103 sau chiar patrimoniu militar \u0219i fotografie istoric\u0103 la Palatele Br\u00e2ncovene\u0219ti, musicalul \u201eMaria de Buenos Aires\u201d la Teatrelli sau spectacolul de oper\u0103 organizat de Biblioteca Municipiului Bucure\u0219ti.<\/p>\n\n\n\n<figure class=\"wp-block-gallery has-nested-images columns-default is-cropped wp-block-gallery-1 is-layout-flex wp-block-gallery-is-layout-flex\">\n<figure class=\"wp-block-image size-large\"><img fetchpriority=\"high\" decoding=\"async\" width=\"1000\" height=\"666\" data-id=\"190975\" src=\"data:image\/gif;base64,R0lGODlhAQABAAAAACH5BAEKAAEALAAAAAABAAEAAAICTAEAOw==\" data-src=\"https:\/\/buletin.de\/bucuresti\/wp-content\/uploads\/2026\/05\/684753184_1312190854421949_354659450007081413_n-1000x666.jpg\" alt=\"\" class=\"wp-image-190975 lazyload\" data-sizes=\"auto\" data-srcset=\"https:\/\/buletin.de\/bucuresti\/wp-content\/uploads\/2026\/05\/684753184_1312190854421949_354659450007081413_n-1000x666.jpg 1000w, https:\/\/buletin.de\/bucuresti\/wp-content\/uploads\/2026\/05\/684753184_1312190854421949_354659450007081413_n-300x200.jpg 300w, https:\/\/buletin.de\/bucuresti\/wp-content\/uploads\/2026\/05\/684753184_1312190854421949_354659450007081413_n-768x512.jpg 768w, https:\/\/buletin.de\/bucuresti\/wp-content\/uploads\/2026\/05\/684753184_1312190854421949_354659450007081413_n-1536x1023.jpg 1536w, https:\/\/buletin.de\/bucuresti\/wp-content\/uploads\/2026\/05\/684753184_1312190854421949_354659450007081413_n-1100x733.jpg 1100w, https:\/\/buletin.de\/bucuresti\/wp-content\/uploads\/2026\/05\/684753184_1312190854421949_354659450007081413_n-600x400.jpg 600w, https:\/\/buletin.de\/bucuresti\/wp-content\/uploads\/2026\/05\/684753184_1312190854421949_354659450007081413_n-20x13.jpg 20w, https:\/\/buletin.de\/bucuresti\/wp-content\/uploads\/2026\/05\/684753184_1312190854421949_354659450007081413_n.jpg 1600w\" sizes=\"(max-width: 1000px) 100vw, 1000px\" \/><\/figure>\n\n\n\n<figure class=\"wp-block-image size-large\"><img decoding=\"async\" width=\"1000\" height=\"666\" data-id=\"190976\" src=\"data:image\/gif;base64,R0lGODlhAQABAAAAACH5BAEKAAEALAAAAAABAAEAAAICTAEAOw==\" data-src=\"https:\/\/buletin.de\/bucuresti\/wp-content\/uploads\/2026\/05\/685362302_1312190751088626_6493238890836312981_n-1000x666.jpg\" alt=\"\" class=\"wp-image-190976 lazyload\" data-sizes=\"auto\" data-srcset=\"https:\/\/buletin.de\/bucuresti\/wp-content\/uploads\/2026\/05\/685362302_1312190751088626_6493238890836312981_n-1000x666.jpg 1000w, https:\/\/buletin.de\/bucuresti\/wp-content\/uploads\/2026\/05\/685362302_1312190751088626_6493238890836312981_n-300x200.jpg 300w, https:\/\/buletin.de\/bucuresti\/wp-content\/uploads\/2026\/05\/685362302_1312190751088626_6493238890836312981_n-768x512.jpg 768w, https:\/\/buletin.de\/bucuresti\/wp-content\/uploads\/2026\/05\/685362302_1312190751088626_6493238890836312981_n-1536x1023.jpg 1536w, https:\/\/buletin.de\/bucuresti\/wp-content\/uploads\/2026\/05\/685362302_1312190751088626_6493238890836312981_n-1100x733.jpg 1100w, https:\/\/buletin.de\/bucuresti\/wp-content\/uploads\/2026\/05\/685362302_1312190751088626_6493238890836312981_n-600x400.jpg 600w, https:\/\/buletin.de\/bucuresti\/wp-content\/uploads\/2026\/05\/685362302_1312190751088626_6493238890836312981_n-20x13.jpg 20w, https:\/\/buletin.de\/bucuresti\/wp-content\/uploads\/2026\/05\/685362302_1312190751088626_6493238890836312981_n.jpg 1600w\" sizes=\"(max-width: 1000px) 100vw, 1000px\" \/><\/figure>\n\n\n\n<figure class=\"wp-block-image size-large\"><img decoding=\"async\" width=\"1000\" height=\"666\" data-id=\"190977\" src=\"data:image\/gif;base64,R0lGODlhAQABAAAAACH5BAEKAAEALAAAAAABAAEAAAICTAEAOw==\" data-src=\"https:\/\/buletin.de\/bucuresti\/wp-content\/uploads\/2026\/05\/687769414_1312190911088610_6308694792610710503_n-1000x666.jpg\" alt=\"\" class=\"wp-image-190977 lazyload\" data-sizes=\"auto\" data-srcset=\"https:\/\/buletin.de\/bucuresti\/wp-content\/uploads\/2026\/05\/687769414_1312190911088610_6308694792610710503_n-1000x666.jpg 1000w, https:\/\/buletin.de\/bucuresti\/wp-content\/uploads\/2026\/05\/687769414_1312190911088610_6308694792610710503_n-300x200.jpg 300w, https:\/\/buletin.de\/bucuresti\/wp-content\/uploads\/2026\/05\/687769414_1312190911088610_6308694792610710503_n-768x512.jpg 768w, https:\/\/buletin.de\/bucuresti\/wp-content\/uploads\/2026\/05\/687769414_1312190911088610_6308694792610710503_n-1536x1023.jpg 1536w, https:\/\/buletin.de\/bucuresti\/wp-content\/uploads\/2026\/05\/687769414_1312190911088610_6308694792610710503_n-1100x733.jpg 1100w, https:\/\/buletin.de\/bucuresti\/wp-content\/uploads\/2026\/05\/687769414_1312190911088610_6308694792610710503_n-600x400.jpg 600w, https:\/\/buletin.de\/bucuresti\/wp-content\/uploads\/2026\/05\/687769414_1312190911088610_6308694792610710503_n-20x13.jpg 20w, https:\/\/buletin.de\/bucuresti\/wp-content\/uploads\/2026\/05\/687769414_1312190911088610_6308694792610710503_n.jpg 1600w\" sizes=\"(max-width: 1000px) 100vw, 1000px\" \/><\/figure>\n\n\n\n<figure class=\"wp-block-image size-large\"><img loading=\"lazy\" decoding=\"async\" width=\"1000\" height=\"667\" data-id=\"190978\" src=\"data:image\/gif;base64,R0lGODlhAQABAAAAACH5BAEKAAEALAAAAAABAAEAAAICTAEAOw==\" data-src=\"https:\/\/buletin.de\/bucuresti\/wp-content\/uploads\/2026\/05\/687922753_1312190824421952_2512202289347116088_n-1000x667.jpg\" alt=\"\" class=\"wp-image-190978 lazyload\" data-sizes=\"auto\" data-srcset=\"https:\/\/buletin.de\/bucuresti\/wp-content\/uploads\/2026\/05\/687922753_1312190824421952_2512202289347116088_n-1000x667.jpg 1000w, https:\/\/buletin.de\/bucuresti\/wp-content\/uploads\/2026\/05\/687922753_1312190824421952_2512202289347116088_n-300x200.jpg 300w, https:\/\/buletin.de\/bucuresti\/wp-content\/uploads\/2026\/05\/687922753_1312190824421952_2512202289347116088_n-768x512.jpg 768w, https:\/\/buletin.de\/bucuresti\/wp-content\/uploads\/2026\/05\/687922753_1312190824421952_2512202289347116088_n-600x400.jpg 600w, https:\/\/buletin.de\/bucuresti\/wp-content\/uploads\/2026\/05\/687922753_1312190824421952_2512202289347116088_n-20x13.jpg 20w, https:\/\/buletin.de\/bucuresti\/wp-content\/uploads\/2026\/05\/687922753_1312190824421952_2512202289347116088_n.jpg 1024w\" sizes=\"(max-width: 1000px) 100vw, 1000px\" \/><\/figure>\n<figcaption class=\"blocks-gallery-caption wp-element-caption\">Spectacole \u0219i expozi\u021bii \u00een Bucure\u0219ti. Foto: FB\/ PMB<\/figcaption><\/figure>\n\n\n\n<p><strong>CITE\u0218TE \u0218I:<\/strong> <a href=\"https:\/\/buletin.de\/bucuresti\/au-fost-majorate-preturile-biletelor-la-teatrele-nottara-si-ion-creanga-reduceri-pentru-familiile-numeroase-la-teatrul-tandarica\/\"><strong>Au fost majorate pre\u021burile biletelor la teatrele \u201eNottara\u201d \u015fi \u201eIon Creang\u0103\u201d. Reduceri pentru familiile numeroase, la Teatrul \u021a\u0103nd\u0103ric\u0103<\/strong><\/a><\/p>\n\n\n\n<h2 class=\"wp-block-heading\" id=\"h-spectacole-\u0219i-expozi\u021bii-in-bucure\u0219ti-programul-complet\">Spectacole \u0219i expozi\u021bii \u00een Bucure\u0219ti. Programul complet<\/h2>\n\n\n\n<h3 class=\"wp-block-heading\"><strong>Luni, 4 mai<\/strong><\/h3>\n\n\n\n<ul class=\"wp-block-list\">\n<li><a href=\"https:\/\/www.teatrultandarica.ro\/program\/\">Teatrul de Anima\u021bie \u021a\u0103nd\u0103ric\u0103<\/a>: Prin\u021besa \u0219i broscoiul, ora 10:00, Sala \u021a\u0103nd\u0103ric\u0103<\/li>\n\n\n\n<li>Creart-Teatrelli &#8211;&nbsp;<a href=\"https:\/\/www.teatrelli.com\/spectacol\/maria-de-buenos-aires\/\">Maria de Buenos Aires<\/a>,&nbsp;ora 19:00<\/li>\n\n\n\n<li>Biblioteca Metropolitan\u0103 Bucure\u0219ti:\n<ul class=\"wp-block-list\">\n<li>ARTOTECA &#8211; Vernisaj expozi\u021bie Open Source Art, ora: 18:00<\/li>\n\n\n\n<li>Despre cum se fac filmele de anima\u021bie \u2013 Atelier de cultur\u0103 cinematografic\u0103 interactiv\u0103, adaptat\u0103 v\u00e2rstei \u0219i nivelului de \u00een\u021belegere al participan\u021bilor, ora 09:30, Filiala MARIN PREDA<\/li>\n\n\n\n<li>Vernisaj expozi\u021bie de pictur\u0103 \u201eSimfonia nisipului stelar\u201d a artistei Mariana Pachis \u0219i spectacol Sand Art Live, ora 16:00, Sediul Central MIHAIL SADOVEANU<\/li>\n\n\n\n<li>Serat\u0103 muzical-literar\u0103 MUZE \u0218I MUZEE: Pasteluri de prim\u0103var\u0103, ora 17:30, Sediul Central MIHAIL SADOVEANU<\/li>\n<\/ul>\n<\/li>\n<\/ul>\n\n\n\n<h3 class=\"wp-block-heading\"><strong>Mar\u021bi, 5 mai<\/strong><\/h3>\n\n\n\n<ul class=\"wp-block-list\">\n<li><a href=\"https:\/\/www.teatrultandarica.ro\/program\/\">Teatrul de Anima\u021bie \u021a\u0103nd\u0103ric\u0103<\/a>: Cei trei purcelu\u0219i, ora 10:00, Sala \u021a\u0103nd\u0103ric\u0103<\/li>\n\n\n\n<li><a href=\"https:\/\/teatrulioncreanga.ro\/program\/\">Teatrul Ion Creang\u0103<\/a>:&nbsp;<a href=\"https:\/\/teatrulioncreanga.ro\/program\/\">Mica siren\u0103<\/a>, ora 10:00, Sala Mare<\/li>\n\n\n\n<li><a href=\"https:\/\/teatrulmetropolis.ro\/program\/\">Teatrul Tineretului Metropolis<\/a>: Secretul fericirii, ora 19:00, Sala Mare<\/li>\n\n\n\n<li><a href=\"https:\/\/teatrul-excelsior.ro\/program\/\">Teatrul Excelsior<\/a>:&nbsp;<a href=\"https:\/\/teatrul-excelsior.ro\/program\/\">Muzici \u0219i faze<\/a>, ora 19:00, Sala Ion Lucian<\/li>\n\n\n\n<li><a href=\"https:\/\/comedie.ro\/calendar\/\">Teatrul de Comedie<\/a>:&nbsp;<a href=\"https:\/\/comedie.ro\/calendar\/\">Cum se face<\/a>, ora 19:00, Sala Radu Beligan<\/li>\n\n\n\n<li><a href=\"https:\/\/teatrul-evreiesc.com.ro\/program\/\">Teatrul Evreiesc de Stat: B\u0103iatul din Brooklyn<\/a>, ora 19:00, Sediul teatrului<\/li>\n\n\n\n<li>Creart-Teatrelli &#8211;&nbsp;<a href=\"https:\/\/www.teatrelli.com\/spectacol\/maria-de-buenos-aires\/\">Maria de Buenos Aires<\/a>, ora 19.00<\/li>\n\n\n\n<li>Muzeul Na\u021bional al Literaturii Rom\u00e2ne:\n<ul class=\"wp-block-list\">\n<li><a href=\"https:\/\/mnlr.ro\/simpozion-omagial-zoe-dumitrescu-busulenga\/\">Sesiune omagial\u0103 Zoe Dumitrescu-Bu\u0219ulenga<\/a>, ora 11.00<\/li>\n\n\n\n<li><a href=\"https:\/\/mnlr.ro\/lansare-de-carte-in-cautarea-nefericirii-in-continuare-de-ioana-dragan\/\">Lansarea romanul \u201e\u00cen c\u0103utarea nefericirii, \u00een continuare\u201d, de Ioana Dr\u0103gan, ora 17.00<\/a><\/li>\n\n\n\n<li><a href=\"https:\/\/mnlr.ro\/colocviul-vladimir-zamfirescu-90\/\">Colocviul Vladimir Zamfirescu \u2013 90, ora 16.00<\/a><\/li>\n<\/ul>\n<\/li>\n\n\n\n<li>Biblioteca Metropolitan\u0103 Bucure\u0219ti:\n<ul class=\"wp-block-list\">\n<li>Despre cum se fac filmele de anima\u021bie \u2013 Atelier de cultur\u0103 cinematografic\u0103 interactiv\u0103, adaptat\u0103 v\u00e2rstei \u0219i nivelului de \u00een\u021belegere al participan\u021bilor, ora 11:00, Filiala NICHITA ST\u0102NESCU<\/li>\n\n\n\n<li>Curs de limba englez\u0103 pentru \u00eencep\u0103tori, ora 12:30, Filiala LIVIU REBREANU<\/li>\n\n\n\n<li>Cenaclul literar \u201eChipul Cuv\u00e2ntului\u201d \u0219i Asocia\u021bia \u201eMihai Eminescu Luceaf\u0103rul\u201d: \u201eEcouri de mai: Clasicii, Libertatea Cuv\u00e2ntului \u0219i R\u0103d\u0103cinile Latinit\u0103\u021bii\u201d, ora 16:00, Sediul Central MIHAIL SADOVEANU<\/li>\n<\/ul>\n<\/li>\n<\/ul>\n\n\n\n<h3 class=\"wp-block-heading\">Miercuri, 6 mai<\/h3>\n\n\n\n<ul class=\"wp-block-list\">\n<li><a href=\"https:\/\/www.teatrultandarica.ro\/program\/\">Teatrul de Anima\u021bie \u021a\u0103nd\u0103ric\u0103<\/a>: Muzican\u021bii din Bremen, ora 10:00, Sala \u021a\u0103nd\u0103ric\u0103<\/li>\n\n\n\n<li><a href=\"https:\/\/teatrulioncreanga.ro\/program\/\">Teatrul Ion Creang\u0103<\/a>:&nbsp;<a href=\"https:\/\/teatrulioncreanga.ro\/program\/\">Amintiri din copil\u0103rie<\/a>, ora 10:00, Sala Mare<\/li>\n\n\n\n<li><a href=\"https:\/\/www.bulandra.ro\/program\/\">Teatrul Municipal Bulandra<\/a>:&nbsp;Portugalia, ora 19:00, Sala Liviu Ciulei<\/li>\n\n\n\n<li><a href=\"https:\/\/teatrulmetropolis.ro\/program\/\">Teatrul Tineretului Metropolis<\/a>: Cine l-a ucis pe tata?, ora 17:00, 19:30, Sala Mic\u0103<\/li>\n\n\n\n<li>Teatrul Mic:\n<ul class=\"wp-block-list\">\n<li><a href=\"https:\/\/www.teatrulmic.ro\/spectacol\/doamne-fereste\/\">Doamne fere\u0219te<\/a>, ora 19:00, Sala Studio<\/li>\n\n\n\n<li><a href=\"https:\/\/www.teatrulmic.ro\/spectacol\/tartuffe-dupa-moliere\/\">Tartuffe sau impostorul<\/a>,&nbsp;ora&nbsp; 19:00, Sala Atelier<\/li>\n<\/ul>\n<\/li>\n\n\n\n<li><a href=\"https:\/\/teatrul-excelsior.ro\/program\/\">Teatrul Excelsior<\/a>:&nbsp;<a href=\"https:\/\/teatrul-excelsior.ro\/program\/\">Muzici \u0219i faze<\/a>, ora 19:00, Sala Ion Lucian<\/li>\n\n\n\n<li><a href=\"https:\/\/comedie.ro\/calendar\/\">Teatrul de Comedie<\/a>:\n<ul class=\"wp-block-list\">\n<li>&nbsp;<a href=\"https:\/\/comedie.ro\/calendar\/\">Picasso vs Einstein<\/a>&nbsp;ora 19:00, Sala Nou\u0103<\/li>\n\n\n\n<li><a href=\"https:\/\/comedie.ro\/calendar\/\">Nu sunt turnul Eifell<\/a>, ora 19:00, Sala Nou\u0103<\/li>\n<\/ul>\n<\/li>\n\n\n\n<li>Muzeul Municipiului Bucure\u0219ti:\n<ul class=\"wp-block-list\">\n<li><a href=\"https:\/\/evenimente.muzeulbucurestiului.ro\/calendarmmb\/detail\/2206\/1778065200000\">Lansarea volumului \u201eA\u0219ezarea medieval\u0103 din zona Lacului Cernica,<\/a>&nbsp;ora 14.00, Palatul Su\u021bu<\/li>\n\n\n\n<li><a href=\"https:\/\/evenimente.muzeulbucurestiului.ro\/calendarmmb\/detail\/2201\/1778079600000\">Suflu \u0219i m\u0103tase, concert organizat \u00een cadrul Stagiunii de Muzic\u0103 Baroc\u0103 Abaris, sus\u021binut de Ansamblul de Muzic\u0103 Veche Abaris<\/a>, ora 18.00, Palatul Su\u021bu<\/li>\n<\/ul>\n<\/li>\n\n\n\n<li>Muzeul Na\u021bional al Literaturii Rom\u00e2ne: lansarea volumului de poezie \u201eCu bilet doar dus\u201d de Lumini\u021ba S\u00e2mbotin, ora 15.00<\/li>\n\n\n\n<li>Biblioteca Metropolitan\u0103 Bucure\u0219ti:\n<ul class=\"wp-block-list\">\n<li>Lansare de carte a scriitoarei Alexandrina Chi\u021bu, ora 12:00, Sediul Central MIHAIL SADOVEANU<\/li>\n\n\n\n<li>Atelier handmade pentru migran\u021bi, refugia\u021bi, comunitate, ora 12:00, Filiala EMIL G\u00c2RLEANU<\/li>\n\n\n\n<li>Ora de pove\u0219ti, ora 15:30, Filiala MARIN PREDA<\/li>\n\n\n\n<li>Lansare de carte: Afacerea Bucure\u0219tii Noi \u2013 antebelica. Contribu\u021bii la istoricul cartierului, autor: Mihail Cristea, ora 17:00, Filiala DIMITRIE BOLINTINEANU<\/li>\n\n\n\n<li>Cultura Spiritului &#8211; Atelier de medita\u021bie, ora 17:00, Sediul Central MIHAIL SADOVEANU<\/li>\n<\/ul>\n<\/li>\n<\/ul>\n\n\n\n<h3 class=\"wp-block-heading\"><strong>Joi, 7 mai<\/strong><\/h3>\n\n\n\n<ul class=\"wp-block-list\">\n<li><a href=\"https:\/\/www.teatrultandarica.ro\/program\/\">Teatrul de Anima\u021bie \u021a\u0103nd\u0103ric\u0103<\/a>: R\u0103\u021bu\u0219ca cea ur\u00e2t\u0103, ora 10:00, Sala \u021a\u0103nd\u0103ric\u0103<\/li>\n\n\n\n<li><a href=\"https:\/\/teatrulioncreanga.ro\/program\/\">Teatrul Ion Creang\u0103<\/a>:&nbsp; Cred \u00een unicorni, ora 10:00, Sala Mare<\/li>\n\n\n\n<li>Teatrul Mic:\n<ul class=\"wp-block-list\">\n<li>Victimele&nbsp;datoriei, ora&nbsp;19:00,<\/li>\n\n\n\n<li>Revizorul,&nbsp;ora 18:30, Sala&nbsp; Studio<\/li>\n<\/ul>\n<\/li>\n\n\n\n<li><a href=\"https:\/\/www.bulandra.ro\/program\/\">Teatrul Municipal Bulandra<\/a>: Oedip, ora 19:00, Sala<\/li>\n\n\n\n<li><a href=\"https:\/\/teatrulmetropolis.ro\/program\/\">Teatrul Tineretului Metropolis<\/a>: Cine l-a ucis pe tata? ora 17:00, 19:30 Sala Mic\u0103<\/li>\n\n\n\n<li><a href=\"https:\/\/teatrul-evreiesc.com.ro\/program\/\">Teatrul Evreiesc de Stat<\/a>:&nbsp;<a href=\"https:\/\/teatrul-evreiesc.com.ro\/program\/\">Abatorul de vise<\/a>, ora 19:00, Sediul teatrului<\/li>\n\n\n\n<li><a href=\"https:\/\/teatrul-odeon.ro\/programul-teatrului-odeon-pe-zile\/\">Teatrul Odeon<\/a>: Soldatul de ciocolat\u0103, ora 19:00, Sala Majestic<\/li>\n\n\n\n<li><a href=\"https:\/\/teatrul-excelsior.ro\/program\/\">Teatrul Excelsior<\/a>:&nbsp;<a href=\"https:\/\/teatrul-excelsior.ro\/program\/\">Tomcat<\/a>, ora 20:00, Sala Studio<\/li>\n\n\n\n<li><a href=\"https:\/\/teatruldramaturgilor.ro\/evenimente\/\">Teatrul Dramaturgilor Rom\u00e2ni<\/a>:&nbsp;<a href=\"https:\/\/bilete.teatrul-odeon.ro\/seats\/soldatul-de-ciocolata-20260507\">Soldatul de ciocolat\u0103<\/a>, ora 19.00 Sala Majestic,<\/li>\n\n\n\n<li><a href=\"https:\/\/nottara.ro\/program\/\">Teatrul Nottara<\/a>:\n<ul class=\"wp-block-list\">\n<li>Ultim\u0103 or\u0103, ora 19:00, Sala Horia Lovinescu<\/li>\n\n\n\n<li><a href=\"https:\/\/nottara.ro\/spectacol\/de-paza-la-taj-mahal\/\">De paz\u0103 la Taj Mahal<\/a>, ora 19:30, Sala George Constantin, Premier\u0103<\/li>\n<\/ul>\n<\/li>\n\n\n\n<li><a href=\"https:\/\/comedie.ro\/calendar\/\">Teatrul de comedie<\/a>:&nbsp;<a href=\"https:\/\/comedie.ro\/calendar\/\">Visul unei nop\u021bi de var\u0103<\/a>, ora 19:00, Sala Radu Beligan<\/li>\n\n\n\n<li>Biblioteca Metropolitan\u0103 Bucure\u0219ti: Opera la Bibliotec\u0103, ora 17:30, Sediul Central MIHAIL SADOVEANU<\/li>\n<\/ul>\n\n\n\n<h3 class=\"wp-block-heading\"><strong>Vineri, 8 mai<\/strong><\/h3>\n\n\n\n<ul class=\"wp-block-list\">\n<li><a href=\"https:\/\/www.teatrultandarica.ro\/program\/\">Teatrul de Anima\u021bie \u021a\u0103nd\u0103ric\u0103<\/a>: Scufi\u021ba ro\u0219ie, ora 10:00, 18:00, Sala \u021a\u0103nd\u0103ric\u0103<\/li>\n\n\n\n<li><a href=\"https:\/\/operacomica.ro\/repertoriu\/gianni-schicchi\/\">Opera Comic\u0103 pentru Copii:Gianni Schicchi<\/a>, ora 18:30, Salon Mozart<\/li>\n\n\n\n<li><a href=\"https:\/\/teatrulioncreanga.ro\/program\/\">Teatrul Ion Creang\u0103<\/a>:&nbsp;<a href=\"https:\/\/teatrulioncreanga.ro\/program\/\">Fata babei \u0219i fata mo\u0219ului<\/a>, ora 10:00 \u0219i 18:00, Sala Mare<\/li>\n\n\n\n<li><a href=\"https:\/\/teatrulmetropolis.ro\/program\/\">Teatrul Tineretului Metropolis<\/a>: Operele complete ale lui William Shakespeare, ora 19:30, Sala Mic\u0103<\/li>\n\n\n\n<li><a href=\"https:\/\/teatrul-odeon.ro\/programul-teatrului-odeon-pe-zile\/\">Teatrul Odeon<\/a>: Julieta f\u0103r\u0103 Romeo, ora 19.30, Sala Studio<\/li>\n\n\n\n<li><a href=\"https:\/\/nottara.ro\/program\/\">Teatrul Nottara<\/a>:\n<ul class=\"wp-block-list\">\n<li><a href=\"https:\/\/comedie.ro\/calendar\/\">Bani din cer<\/a>, ora 19:0, Sala Radu Beligan<\/li>\n\n\n\n<li><a href=\"https:\/\/nottara.ro\/program\/\">La doi pa\u0219i de Mullingar<\/a>, ora 19:30, Sala George Constantin<\/li>\n<\/ul>\n<\/li>\n\n\n\n<li><a href=\"https:\/\/teatruldramaturgilor.ro\/evenimente\/\">Teatrul Dramaturgilor Rom\u00e2ni<\/a>:&nbsp;<a href=\"https:\/\/bilete.teatrul-odeon.ro\/seats\/julieta-fara-romeo-20260508\">Julieta f\u0103r\u0103 Romeo<\/a>, ora 19.30, Sala Studio,<\/li>\n\n\n\n<li><a href=\"https:\/\/www.teatrulmic.ro\/program-spectacole\/\">Teatrul Mic:<\/a>\n<ul class=\"wp-block-list\">\n<li><a href=\"https:\/\/www.teatrulmic.ro\/program-spectacole\/\">Ferma animalelor,<\/a>&nbsp;ora 19:00, Sala Atelier<\/li>\n\n\n\n<li><a href=\"https:\/\/www.teatrulmic.ro\/program-spectacole\/\">Ex,<\/a>&nbsp;ora 19:00, Sala Studio<\/li>\n<\/ul>\n<\/li>\n\n\n\n<li>Teatrul Evreiesc de Stat: Rude pierdute, ora 19:00, Sediul teatrului<\/li>\n\n\n\n<li><a href=\"https:\/\/bilete.teatrultanase.ro\/\">Teatrul Constantin T\u0103nase<\/a><a href=\"https:\/\/bilete.teatrultanase.ro\/\">: Interpretul<\/a>, ora 19:00, Sala Savoy<\/li>\n\n\n\n<li>&nbsp;Creart-Teatrelli \u2013&nbsp;<a href=\"https:\/\/www.teatrelli.com\/spectacol\/oxygen\/\">Oxygen,<\/a>&nbsp;ora 19:00<\/li>\n\n\n\n<li>Muzeul Municipiului Bucure\u0219ti:\n<ul class=\"wp-block-list\">\n<li><a href=\"https:\/\/evenimente.muzeulbucurestiului.ro\/calendarmmb\/detail\/2207\/1778248800000\">Vernisajul expozi\u021biei \u201eGheorghe Tattarescu \u0219i portretul masculin \u00een secolul al XIX-lea<\/a>\u201d, ora 17.00, Palatul Su\u021bu<\/li>\n\n\n\n<li><a href=\"https:\/\/evenimente.muzeulbucurestiului.ro\/calendarmmb\/detail\/2203\/1778252400000\">AIRE LATINO. Recital cameral dedicat sonorit\u0103\u021bilor latino-americane \u0219i franceze<\/a>, ora 18.00,&nbsp;Casa Filipescu-Cesianu<\/li>\n<\/ul>\n<\/li>\n\n\n\n<li>Muzeul Na\u021bional al Literaturii Rom\u00e2ne: Vernisaj&nbsp;Expozi\u021bia Update Required, ora 17.00<\/li>\n\n\n\n<li>Biblioteca Metropolitan\u0103 Bucure\u0219ti:\n<ul class=\"wp-block-list\">\n<li>\u015ecoala Altfel: Activitate educa\u0163ional\u0103 de cultur\u0103 cinematografic\u0103 \u015fi educa\u0163ie vizual\u0103, ora 10:00, Filiala ALEXANDRU MACEDONSKI<\/li>\n\n\n\n<li>ArtClub: Ateliere cu tematic\u0103 arhitectural\u0103, pictur\u0103, desen, decupaj, vestimenta\u021bie, tradi\u0163ie, ora 11:00, Filiala LIVIU REBREANU,<\/li>\n\n\n\n<li>Prima zi la bibliotec\u0103: Activitate educa\u0163ional\u0103 de cultur\u0103 cinematografic\u0103 \u015fi educa\u0163ie vizual\u0103, ora 11:00, Filiala ALEXANDRU MACEDONSKI<\/li>\n\n\n\n<li>Proiect LibHub2: Lectur\u0103 la un ceai turcesc- Atelier \u00een care lectura se \u00eembin\u0103 cu socializarea \u00eentr-un spa\u021biu cald \u0219i prietenos, ora 12:30, Filiala MARIN PREDA<\/li>\n\n\n\n<li>Sear\u0103 cultural\u0103 rom\u00e2neasc\u0103, ora 17:00, Sediul Central MIHAIL SADOVEANU<\/li>\n<\/ul>\n<\/li>\n<\/ul>\n\n\n\n<h3 class=\"wp-block-heading\"><strong>S\u00e2mb\u0103t\u0103, 9 mai<\/strong><\/h3>\n\n\n\n<ul class=\"wp-block-list\">\n<li><a href=\"https:\/\/www.teatrultandarica.ro\/program\/\">Teatrul de Anima\u021bie \u021a\u0103nd\u0103ric\u0103<\/a>: Tom Dege\u021bel, ora 10:00, Sala \u021a\u0103nd\u0103ric\u0103<\/li>\n\n\n\n<li>Circul Metropolitan Bucure\u0219ti:Acrografica, ora 11:00, Sediu<\/li>\n\n\n\n<li><a href=\"https:\/\/teatrulioncreanga.ro\/program\/\">Teatrul Ion Creang\u0103<\/a>:\n<ul class=\"wp-block-list\">\n<li>Alb\u0103 ca z\u0103pada,&nbsp;ora 11:00, Sala Mare<\/li>\n\n\n\n<li>C\u0103l\u0103torii prin galaxii, ora 18:00, Sala Mare<\/li>\n<\/ul>\n<\/li>\n\n\n\n<li>Teatrul Mic:\n<ul class=\"wp-block-list\">\n<li>Menageria de sticl\u0103,&nbsp;ora 19:00, Sala Studio<\/li>\n\n\n\n<li>\u021ainutul din miezul verii,&nbsp;ora 18:30, Sala Atelier<\/li>\n<\/ul>\n<\/li>\n\n\n\n<li><a href=\"https:\/\/teatrul-excelsior.ro\/program\/\">Teatrul Excelsior<\/a>: Solaris, ora 15:00, 19:00, Sala Ion Lucian<\/li>\n\n\n\n<li><a href=\"https:\/\/www.bulandra.ro\/program\/\">Teatrul Municipal Bulandra<\/a>:\n<ul class=\"wp-block-list\">\n<li>Oedip, ora 19:00, Sala Toma Caragiu<\/li>\n\n\n\n<li>&#8230;Escu, ora 19:00, Sala Liviu Ciulei<\/li>\n<\/ul>\n<\/li>\n\n\n\n<li><a href=\"https:\/\/teatrulmetropolis.ro\/program\/\">Teatrul Tineretului Metropolis<\/a>: Monster, ora 19:30, Sala Mare<\/li>\n\n\n\n<li><a href=\"https:\/\/teatrultanase.ro\/\">Teatrul Constantin T\u0103nase<\/a>: Asta la Revista! ora 19:00,<\/li>\n\n\n\n<li><a href=\"https:\/\/teatrul-odeon.ro\/programul-teatrului-odeon-pe-zile\/\">Teatrul Odeon<\/a>: Macbeth, ora 19:00, Sala Majestic<\/li>\n\n\n\n<li><a href=\"https:\/\/nottara.ro\/program\/\">Teatrul Nottara<\/a>:\n<ul class=\"wp-block-list\">\n<li><a href=\"https:\/\/nottara.ro\/program\/\">Doctorul<\/a>, ora 19:00, Sala Horia Lovinescu<\/li>\n\n\n\n<li><a href=\"https:\/\/nottara.ro\/program\/\">Mama<\/a>, ora 19:30, Sala George Constantin<\/li>\n<\/ul>\n<\/li>\n\n\n\n<li><a href=\"https:\/\/comedie.ro\/calendar\/\">Teatrul de comedie<\/a>:\n<ul class=\"wp-block-list\">\n<li><a href=\"https:\/\/comedie.ro\/calendar\/\">Doi pe o banc\u0103<\/a>, ora 19:00, Sala Radu Beligan<\/li>\n\n\n\n<li><a href=\"https:\/\/comedie.ro\/calendar\/\">Forma lucrurilor,<\/a>&nbsp;ora 19:30, Sala Studio<\/li>\n<\/ul>\n<\/li>\n\n\n\n<li>Teatrul Evreiesc de Stat: Mesia, ora 19:00, Sediul teatrului<\/li>\n\n\n\n<li><a href=\"https:\/\/www.masca.ro\/teatru\/calendar\/\">Teatrul Masca<\/a>: Mein Kampf, ora 19:00, Sediul teatrului<\/li>\n\n\n\n<li><a href=\"https:\/\/teatrulstelapopescu.ro\/spectacol\/escu-la-teatrul-bulandra-09-05-2026\/\">Teatrul Stela Popescu: &#8230; Escu<\/a>, ora 19:00, Sala Liviu Ciulei a Teatrului Bulandra<\/li>\n\n\n\n<li>Opera comic\u0103 pentru copii:\n<ul class=\"wp-block-list\">\n<li><a href=\"https:\/\/operacomica.ro\/repertoriu\/caruselul-vesel-se-invarte-in-lumea-emotiilor\/\">Caruselul Vesel \u2013 calatorim in lumea emotiilor,<\/a>&nbsp;ora 10:00, Salon Mozart<\/li>\n\n\n\n<li><a href=\"https:\/\/operacomica.ro\/repertoriu\/gianni-schicchi\/\">Gianni Schicchi,<\/a>&nbsp;ora 17:00, Salon Mozart,<\/li>\n<\/ul>\n<\/li>\n\n\n\n<li>Teatrul Dramaturgilor Rom\u00e2ni:&nbsp;<a href=\"https:\/\/bilete.teatrul-odeon.ro\/seats\/macbeth-20260509\">Macbeth<\/a>,&nbsp;ora 19.00 sala Majestic<\/li>\n\n\n\n<li>Muzeul Municipiului Bucure\u0219ti:&nbsp;<a href=\"https:\/\/muzeulbucurestiului.ro\/en\/evenimente.html\">Conferin\u021ba \u201eOl\u0103ritul \u2013 un me\u0219te\u0219ug sub egida Administra\u021biei Domeniilor Coroanei Regale\u201d,<\/a>&nbsp;urmat\u0103 de ghidaj special \u00een expozi\u021bia \u201eCeramic\u0103 rom\u00e2neasc\u0103 modern\u0103 din colec\u021bia Muzeului Dr. Nicolae Minovici, ora 15.00, Palatul Su\u021bu<\/li>\n\n\n\n<li>Biblioteca Metropolitan\u0103 Bucure\u0219ti: Clubul de scrabble, ora 10:00, Filiala LIVIU REBREANU<\/li>\n<\/ul>\n\n\n\n<h3 class=\"wp-block-heading\"><strong>Duminic\u0103, 10 mai<\/strong><\/h3>\n\n\n\n<ul class=\"wp-block-list\">\n<li><a href=\"https:\/\/www.teatrultandarica.ro\/program\/\">Teatrul de Anima\u021bie \u021a\u0103nd\u0103ric\u0103<\/a>: Aventurile unui prieten imaginar, ora 10:00, Sala \u021a\u0103nd\u0103ric\u0103<\/li>\n\n\n\n<li><a href=\"https:\/\/teatruldramaturgilor.ro\/evenimente\/\">Teatrul Dramaturgilor Rom\u00e2ni<\/a><a href=\"https:\/\/bilete.teatrul-odeon.ro\/seats\/macbeth-20260510\">: Macbeth<\/a>, ora 19.00,&nbsp;Sala Majestic<\/li>\n\n\n\n<li><a href=\"https:\/\/teatrulioncreanga.ro\/program\/\">Teatrul Ion Creang\u0103<\/a>:\n<ul class=\"wp-block-list\">\n<li><a href=\"https:\/\/teatrulioncreanga.ro\/program\/\">Motanul \u00eenc\u0103l\u021bat<\/a>, ora 11:00,&nbsp; Sala Mare<\/li>\n\n\n\n<li><a href=\"https:\/\/teatrulioncreanga.ro\/program\/\">Cred \u00een unicorni<\/a>, ora&nbsp; 18:00,<\/li>\n<\/ul>\n<\/li>\n\n\n\n<li>Teatrul Excelsior: Solaris,&nbsp;ora 11:00, Sala Ion Lucian<\/li>\n\n\n\n<li>Circul Metropolitan Bucure\u0219ti:Hai la Circ s\u0103 povestim!, ora 11:00, Sediu<\/li>\n\n\n\n<li><a href=\"https:\/\/www.teatrulmic.ro\/program-spectacole\/\">Teatrul Mic:&nbsp;<\/a><\/li>\n\n\n\n<li><a href=\"https:\/\/www.teatrulmic.ro\/program-spectacole\/\">Delta<\/a>, ora 19:00, Sala Atelier<\/li>\n\n\n\n<li><a href=\"https:\/\/www.teatrulmic.ro\/program-spectacole\/\">M\u0103cel,<\/a>&nbsp;ora 19:00, Sala Studio<\/li>\n\n\n\n<li><a href=\"https:\/\/teatrultanase.ro\/\">Teatrul Constantin T\u0103nase<\/a>: Scumpa mea, Eva, ora 19:00,<\/li>\n\n\n\n<li><a href=\"https:\/\/teatrul-evreiesc.com.ro\/program\/\">Teatrul Evreiesc de Stat<\/a>: Perle pe caldar\u00e2m, ora 11:00, Sediul teatrului<\/li>\n\n\n\n<li><a href=\"https:\/\/www.bulandra.ro\/program\/\">Teatrul Municipal Bulandra<\/a>:\n<ul class=\"wp-block-list\">\n<li>Oedip, ora 19:00, Sala Toma Caragiu<\/li>\n\n\n\n<li>Me\u0219te\u0219ugul Vie\u021bii, ora 19:00, Sala Liviu Ciulei<\/li>\n<\/ul>\n<\/li>\n\n\n\n<li><a href=\"https:\/\/teatrulmetropolis.ro\/program\/\">Teatrul Tineretului Metropolis<\/a>: Iulia, ora 19:30, Sala Mic\u0103<\/li>\n\n\n\n<li><a href=\"https:\/\/teatrul-odeon.ro\/programul-teatrului-odeon-pe-zile\/\">Teatrul Odeon<\/a>: Macbeth, ora 19:00, Sala Majestic<\/li>\n\n\n\n<li><a href=\"https:\/\/nottara.ro\/program\/\">Teatrul Nottara<\/a>:\n<ul class=\"wp-block-list\">\n<li><a href=\"https:\/\/nottara.ro\/program\/\">Doctorul<\/a>, ora 19:00, Sala Horia Lovinescu<\/li>\n\n\n\n<li><a href=\"https:\/\/nottara.ro\/program\/\">Thailanda, ora<\/a>&nbsp;19:30, Sala George Constantin<\/li>\n<\/ul>\n<\/li>\n\n\n\n<li><a href=\"https:\/\/comedie.ro\/calendar\/\">Teatrul de comedie<\/a>:\n<ul class=\"wp-block-list\">\n<li><a href=\"https:\/\/comedie.ro\/calendar\/\">Unul dintre noi<\/a>, ora 19:00, Sala Nou\u0103<\/li>\n\n\n\n<li><a href=\"https:\/\/comedie.ro\/calendar\/\">Trei surori<\/a>, ora 19:00, Sala Radu Beligan<\/li>\n<\/ul>\n<\/li>\n\n\n\n<li><a href=\"https:\/\/www.masca.ro\/teatru\/calendar\/\">Teatrul Masca<\/a>: Mein Kampf, ora 19:00, Sediul teatrului<\/li>\n\n\n\n<li>Opera comic\u0103 pentru copii:\n<ul class=\"wp-block-list\">\n<li><a href=\"https:\/\/operacomica.ro\/repertoriu\/caruselul-vesel-se-invarte-in-lumea-emotiilor\/\">Caruselul Vesel \u2013 calatorim in lumea emotiilor,<\/a>&nbsp;ora 10:00, Salon Mozart<\/li>\n\n\n\n<li><a href=\"https:\/\/operacomica.ro\/repertoriu\/gianni-schicchi\/\">Gianni Schicchi<\/a>, ora 11:00, Salon Mozart<\/li>\n<\/ul>\n<\/li>\n\n\n\n<li>Muzeul Municipiului Bucure\u0219ti:&nbsp;<a href=\"https:\/\/evenimente.muzeulbucurestiului.ro\/calendarmmb\/detail\/2205\/1778396400000\">Vernisajul expozi\u021biei outdoor &#8220;Ora\u0219ul \u00een Focus&#8221;<\/a>&nbsp;&#8211; Expozi\u021bie foto colectiv\u0103 organizat\u0103 de Comunitatea Safari Foto Rom\u00e2nia, \u00een parteneriat cu Muzeul Municipiului Bucure\u0219ti, ora 11.00, Palatul Su\u021bu<\/li>\n<\/ul>\n\n\n\n<p>Expozi\u021bii:<\/p>\n\n\n\n<p><strong>Muzeul Municipiului Bucure\u0219ti:<\/strong><\/p>\n\n\n\n<ul class=\"wp-block-list\">\n<li><a href=\"https:\/\/muzeulbucurestiului.ro\/expozitia-tematica-ceramica-moderna-minovici\/\">Ceramic\u0103 rom\u00e2neasc\u0103 modern\u0103 din colec\u021bia Muzeului Dr. Nicolae Minovici,<\/a>&nbsp;Palatul Su\u021bu<\/li>\n\n\n\n<li><a href=\"https:\/\/muzeulbucurestiului.ro\/expozitia-tematica-intre-realismul-socialist-si-comunismul-national\/\">\u00centre realismul socialist \u0219i comunismul na\u021bional,<\/a>&nbsp;Palatul Su\u021bu<\/li>\n\n\n\n<li><a href=\"https:\/\/muzeulbucurestiului.ro\/expozitie-domnii-mavrocordati\/\">Domnii Mavrocorda\u021bi \u00een patrimoniul Muzeului Municipiului Bucure\u0219ti,<\/a>&nbsp;Palatul Su\u021bu<\/li>\n\n\n\n<li><a href=\"https:\/\/evenimente.muzeulbucurestiului.ro\/calendarmmb\/detail\/2207\/1778248800000\">Gheorghe Tattarescu \u0219i portretul masculin \u00een secolul al XIX-lea, Palatul Su\u021bu<\/a><\/li>\n\n\n\n<li><a href=\"file:\/\/\/C:\/Users\/ana.dinescu\/Desktop\/1.%09Muzeul%20V%C3%A2rstelor%20%E2%80%93%20povestea%20fiec%C4%83ruia%20dintre%20noi,%20de%20la%20copil%C4%83rie%20la%20senectute\">Muzeul V\u00e2rstelor \u2013 povestea fiec\u0103ruia dintre noi, de la copil\u0103rie la senectute<\/a><\/li>\n\n\n\n<li><a href=\"https:\/\/muzeulbucurestiului.ro\/ansamblul-manastirii-vacaresti\/\">\u00cen apropierea sfin\u021bilor. Frescele M\u0103n\u0103stirii V\u0103c\u0103re\u0219ti dup\u0103 40 de ani<\/a><\/li>\n\n\n\n<li><a href=\"https:\/\/muzeulbucurestiului.ro\/expozitie-aman-linie-punct\">AMAN \u2013 LINIE, PUNCT. Theodor Aman \u2013 desenator\u201d, &nbsp;Muzeul Theodor Aman<\/a><\/li>\n\n\n\n<li><a href=\"https:\/\/evenimente.muzeulbucurestiului.ro\/calendarmmb\/detail\/2200\/1777039200000\">Afi\u0219ele Ligiei Macovei \u2013 mijloc de comunicare artistic\u0103<\/a><\/li>\n\n\n\n<li>Pe urmele trecutului. Colec\u021bia \u00abMaria \u0219i dr. George Severeanu<\/li>\n\n\n\n<li>Vila Dr. Nicolae Minovici\u00bb: Restitutio II<\/li>\n\n\n\n<li><a href=\"https:\/\/muzeulbucurestiului.ro\/expozitia-tematica-rovere-pe-marte\/\">Rovere pe Marte<\/a><\/li>\n<\/ul>\n\n\n\n<p><strong>Creart:<\/strong><\/p>\n\n\n\n<ul class=\"wp-block-list\">\n<li><a href=\"https:\/\/www.creart.ro\/manualul-utilizatorului-de-lumina-interioara-curator-cristian-cojanu-22-aprilie-22-mai\/\">Manualul utilizatorului de lumin\u0103 interioar\u0103<\/a><\/li>\n<\/ul>\n\n\n\n<p><strong>Arcub:<\/strong><\/p>\n\n\n\n<ul class=\"wp-block-list\">\n<li><a href=\"https:\/\/arcub.ro\/eveniment\/expozitie-lia-si-dan-perjovschi-draft-pentru-o-retrospectiva-comuna\">Expozi\u021bia Lia &amp; Dan Perjovschi \u2013 DRAFT pentru o retrospectiv\u0103 comun\u0103<\/a><\/li>\n<\/ul>\n\n\n\n<p><strong>Muzeul Na\u021bional al Literaturii Rom\u00e2ne:<\/strong><\/p>\n\n\n\n<ul class=\"wp-block-list\">\n<li>Expozi\u021bia Update Required<\/li>\n\n\n\n<li>Atelier de artist | Margareta Sterian<\/li>\n\n\n\n<li>TZARA DADA \u2013 instala\u021bie de pictopoeme | Mircia Dumitrescu, Mihai Zgondoiu, Dan Mircea Cipariu<\/li>\n\n\n\n<li>Expozi\u021bia \u201eTREI\u201d a artistei Dalina B\u0103descu<\/li>\n\n\n\n<li>Expozi\u021bia \u201ePlatforma adolescentului Filip\u201d a artistului C\u0103t\u0103lin Marius Negoi\u021b\u0103<\/li>\n<\/ul>\n\n\n\n<p><strong>Centrul Cultural Palatele Br\u00e2ncovene\u0219ti:<\/strong><\/p>\n\n\n\n<ul class=\"wp-block-list\">\n<li><a href=\"https:\/\/palatebrancovenesti.ro\/evocarea-participantilor-din-primul-razboi-mondial\/\">Expozi\u021bia de de patrimoniu militar \u0219i fotografie istoric\u0103 Evocarea participan\u021bilor din Primul R\u0103zboi Mondial, Arcul de Triumf<\/a><\/li>\n\n\n\n<li><a href=\"https:\/\/palatebrancovenesti.ro\/comunicat-de-presa-7\/\">Expozi\u021bia de pictura, desen \u0219i obiect \u201eIntrospec\u021bii \u00een lumea vie\u201d, semnat\u0103 de Cristina Lupescu, Mara Naghi Niculae \u0219i Lussiana Obrijanu<\/a><\/li>\n\n\n\n<li><a href=\"https:\/\/palatebrancovenesti.ro\/comunicat-de-presa-7\/\">Expozi\u021bia de sculptur\u0103 \u201eOchiul poarta sufletului\u201d, curatoriat\u0103 de dr. Iraida Florea.<\/a><\/li>\n\n\n\n<li><a href=\"https:\/\/palatebrancovenesti.ro\/comunicat-de-presa-7\/\">Galeria Foi\u0219or<\/a><\/li>\n\n\n\n<li><a href=\"https:\/\/palatebrancovenesti.ro\/comunicat-de-presa-7\/\">Expozi\u021bia art\u0103 decorativ\u0103 (sticl\u0103) \u201eZoomorfe \u0219i structuri vitrificate\u201d, semnat\u0103 de Remus Gheorghescu<\/a><\/li>\n<\/ul>\n\n\n\n<p><strong>CITE\u0218TE \u0218I:<\/strong> <a href=\"https:\/\/buletin.de\/bucuresti\/scandal-pe-comasarea-institutiilor-de-cultura-din-bucuresti-ciucu-dispar-sinecurile-parteneriatele-cu-cei-care-vand-hambugheri-nu-proiectele\/\"><strong>Scandal pe comasarea institu\u021biilor de cultur\u0103 din Bucure\u0219ti. Ciucu: Dispar sinecurile, \u201eparteneriatele cu cei care v\u00e2nd hambugheri\u201d, nu proiectele<\/strong><\/a><\/p>\n","protected":false},"excerpt":{"rendered":"<p>Zeci de spectacole \u0219i expozi\u021bii au loc \u00een s\u0103pt\u0103m\u00e2na 4-10 mai, \u00een Bucure\u0219ti. Institu\u021biile de cultur\u0103 ale Prim\u0103riei Capitalei au preg\u0103tit un program variat, cu activit\u0103\u021bi pentru adul\u021bi \u0219i copii deopotriv\u0103. Cei mai avantaja\u021bi sunt iubitorii de teatru, care au de ales \u00eentre peste 50 de reprezenta\u021bii, printre care: \u201eCine l-a ucis pe tata?\u201d la [&hellip;]<\/p>\n","protected":false},"author":55,"featured_media":190974,"comment_status":"closed","ping_status":"open","sticky":false,"template":"","format":"standard","meta":{"_acf_changed":false,"inline_featured_image":false,"ngg_post_thumbnail":0,"footnotes":""},"categories":[6994,81,62],"tags":[15075,28102,104,28103,28101],"ppma_author":[22573],"class_list":["post-190951","post","type-post","status-publish","format-standard","has-post-thumbnail","hentry","category-stiri-2","category-cultura","category-stiri","tag-expozitii-2","tag-piese-de-teatru","tag-pmb","tag-program-4-10-mai","tag-spectacole-bucuresti"],"acf":[],"yoast_head":"<!-- This site is optimized with the Yoast SEO Premium plugin v25.3 (Yoast SEO v27.5) - https:\/\/yoast.com\/product\/yoast-seo-premium-wordpress\/ -->\n<title>Spectacole \u0219i expozi\u021bii \u00een Bucure\u0219ti, la institu\u021biile de cultur\u0103 ale PMB. Programul pentru s\u0103pt\u0103m\u00e2na 4-10 mai - Buletin de Bucure\u0219ti<\/title>\n<meta name=\"description\" content=\"Zeci de spectacole \u0219i expozi\u021bii au loc \u00een s\u0103pt\u0103m\u00e2na 4-10 mai, \u00een Bucure\u0219ti, la institu\u021biile de cultur\u0103 din subordinea PMB.\" \/>\n<meta name=\"robots\" content=\"index, follow, max-snippet:-1, max-image-preview:large, max-video-preview:-1\" \/>\n<link rel=\"canonical\" href=\"https:\/\/buletin.de\/bucuresti\/spectacole-si-expozitii-in-bucuresti-la-institutiile-de-cultura-ale-pmb-programul-pentru-saptamana-4-10-mai\/\" \/>\n<meta property=\"og:locale\" content=\"en_GB\" \/>\n<meta property=\"og:type\" content=\"article\" \/>\n<meta property=\"og:title\" content=\"Spectacole \u0219i expozi\u021bii \u00een Bucure\u0219ti, la institu\u021biile de cultur\u0103 ale PMB. Programul pentru s\u0103pt\u0103m\u00e2na 4-10 mai\" \/>\n<meta property=\"og:description\" content=\"Zeci de spectacole \u0219i expozi\u021bii au loc \u00een s\u0103pt\u0103m\u00e2na 4-10 mai, \u00een Bucure\u0219ti, la institu\u021biile de cultur\u0103 din subordinea PMB.\" \/>\n<meta property=\"og:url\" content=\"https:\/\/buletin.de\/bucuresti\/spectacole-si-expozitii-in-bucuresti-la-institutiile-de-cultura-ale-pmb-programul-pentru-saptamana-4-10-mai\/\" \/>\n<meta property=\"og:site_name\" content=\"Buletin de Bucure\u0219ti\" \/>\n<meta property=\"article:publisher\" content=\"https:\/\/www.facebook.com\/buletin.de.buc\" \/>\n<meta property=\"article:published_time\" content=\"2026-05-03T10:46:02+00:00\" \/>\n<meta property=\"article:modified_time\" content=\"2026-05-03T10:46:03+00:00\" \/>\n<meta property=\"og:image\" content=\"https:\/\/buletin.de\/bucuresti\/wp-content\/uploads\/2026\/05\/687032961_1312190784421956_2051699185033489624_n.jpg\" \/>\n\t<meta property=\"og:image:width\" content=\"1280\" \/>\n\t<meta property=\"og:image:height\" content=\"854\" \/>\n\t<meta property=\"og:image:type\" content=\"image\/jpeg\" \/>\n<meta name=\"author\" content=\"Andreea Tudor\" \/>\n<meta name=\"twitter:card\" content=\"summary_large_image\" \/>\n<meta name=\"twitter:label1\" content=\"Written by\" \/>\n\t<meta name=\"twitter:data1\" content=\"Andreea Tudor\" \/>\n\t<meta name=\"twitter:label2\" content=\"Estimated reading time\" \/>\n\t<meta name=\"twitter:data2\" content=\"9 minutes\" \/>\n<script type=\"application\/ld+json\" class=\"yoast-schema-graph\">{\"@context\":\"https:\\\/\\\/schema.org\",\"@graph\":[{\"@type\":\"Article\",\"@id\":\"https:\\\/\\\/buletin.de\\\/bucuresti\\\/spectacole-si-expozitii-in-bucuresti-la-institutiile-de-cultura-ale-pmb-programul-pentru-saptamana-4-10-mai\\\/#article\",\"isPartOf\":{\"@id\":\"https:\\\/\\\/buletin.de\\\/bucuresti\\\/spectacole-si-expozitii-in-bucuresti-la-institutiile-de-cultura-ale-pmb-programul-pentru-saptamana-4-10-mai\\\/\"},\"author\":{\"name\":\"Andreea Tudor\",\"@id\":\"https:\\\/\\\/buletin.de\\\/bucuresti\\\/#\\\/schema\\\/person\\\/150590659efde715459d159da012f501\"},\"headline\":\"Spectacole \u0219i expozi\u021bii \u00een Bucure\u0219ti, la institu\u021biile de cultur\u0103 ale PMB. Programul pentru s\u0103pt\u0103m\u00e2na 4-10 mai\",\"datePublished\":\"2026-05-03T10:46:02+00:00\",\"dateModified\":\"2026-05-03T10:46:03+00:00\",\"mainEntityOfPage\":{\"@id\":\"https:\\\/\\\/buletin.de\\\/bucuresti\\\/spectacole-si-expozitii-in-bucuresti-la-institutiile-de-cultura-ale-pmb-programul-pentru-saptamana-4-10-mai\\\/\"},\"wordCount\":1860,\"publisher\":{\"@id\":\"https:\\\/\\\/buletin.de\\\/bucuresti\\\/#organization\"},\"image\":{\"@id\":\"https:\\\/\\\/buletin.de\\\/bucuresti\\\/spectacole-si-expozitii-in-bucuresti-la-institutiile-de-cultura-ale-pmb-programul-pentru-saptamana-4-10-mai\\\/#primaryimage\"},\"thumbnailUrl\":\"https:\\\/\\\/buletin.de\\\/bucuresti\\\/wp-content\\\/uploads\\\/2026\\\/05\\\/687032961_1312190784421956_2051699185033489624_n.jpg\",\"keywords\":[\"expozitii\",\"piese de teatru\",\"pmb\",\"program 4-10 mai\",\"spectacole bucuresti\"],\"articleSection\":[\"Articole\",\"Cultur\u0103\",\"\u0218tiri\"],\"inLanguage\":\"en-GB\",\"copyrightYear\":\"2026\",\"copyrightHolder\":{\"@id\":\"https:\\\/\\\/buletin.de\\\/bucuresti\\\/#organization\"}},{\"@type\":\"WebPage\",\"@id\":\"https:\\\/\\\/buletin.de\\\/bucuresti\\\/spectacole-si-expozitii-in-bucuresti-la-institutiile-de-cultura-ale-pmb-programul-pentru-saptamana-4-10-mai\\\/\",\"url\":\"https:\\\/\\\/buletin.de\\\/bucuresti\\\/spectacole-si-expozitii-in-bucuresti-la-institutiile-de-cultura-ale-pmb-programul-pentru-saptamana-4-10-mai\\\/\",\"name\":\"Spectacole \u0219i expozi\u021bii \u00een Bucure\u0219ti, la institu\u021biile de cultur\u0103 ale PMB. Programul pentru s\u0103pt\u0103m\u00e2na 4-10 mai - Buletin de Bucure\u0219ti\",\"isPartOf\":{\"@id\":\"https:\\\/\\\/buletin.de\\\/bucuresti\\\/#website\"},\"primaryImageOfPage\":{\"@id\":\"https:\\\/\\\/buletin.de\\\/bucuresti\\\/spectacole-si-expozitii-in-bucuresti-la-institutiile-de-cultura-ale-pmb-programul-pentru-saptamana-4-10-mai\\\/#primaryimage\"},\"image\":{\"@id\":\"https:\\\/\\\/buletin.de\\\/bucuresti\\\/spectacole-si-expozitii-in-bucuresti-la-institutiile-de-cultura-ale-pmb-programul-pentru-saptamana-4-10-mai\\\/#primaryimage\"},\"thumbnailUrl\":\"https:\\\/\\\/buletin.de\\\/bucuresti\\\/wp-content\\\/uploads\\\/2026\\\/05\\\/687032961_1312190784421956_2051699185033489624_n.jpg\",\"datePublished\":\"2026-05-03T10:46:02+00:00\",\"dateModified\":\"2026-05-03T10:46:03+00:00\",\"description\":\"Zeci de spectacole \u0219i expozi\u021bii au loc \u00een s\u0103pt\u0103m\u00e2na 4-10 mai, \u00een Bucure\u0219ti, la institu\u021biile de cultur\u0103 din subordinea PMB.\",\"breadcrumb\":{\"@id\":\"https:\\\/\\\/buletin.de\\\/bucuresti\\\/spectacole-si-expozitii-in-bucuresti-la-institutiile-de-cultura-ale-pmb-programul-pentru-saptamana-4-10-mai\\\/#breadcrumb\"},\"inLanguage\":\"en-GB\",\"potentialAction\":[{\"@type\":\"ReadAction\",\"target\":[\"https:\\\/\\\/buletin.de\\\/bucuresti\\\/spectacole-si-expozitii-in-bucuresti-la-institutiile-de-cultura-ale-pmb-programul-pentru-saptamana-4-10-mai\\\/\"]}]},{\"@type\":\"ImageObject\",\"inLanguage\":\"en-GB\",\"@id\":\"https:\\\/\\\/buletin.de\\\/bucuresti\\\/spectacole-si-expozitii-in-bucuresti-la-institutiile-de-cultura-ale-pmb-programul-pentru-saptamana-4-10-mai\\\/#primaryimage\",\"url\":\"https:\\\/\\\/buletin.de\\\/bucuresti\\\/wp-content\\\/uploads\\\/2026\\\/05\\\/687032961_1312190784421956_2051699185033489624_n.jpg\",\"contentUrl\":\"https:\\\/\\\/buletin.de\\\/bucuresti\\\/wp-content\\\/uploads\\\/2026\\\/05\\\/687032961_1312190784421956_2051699185033489624_n.jpg\",\"width\":1280,\"height\":854,\"caption\":\"Spectacole \u0219i expozi\u021bii \u00een Bucure\u0219ti. Foto: FB\\\/ PMB\"},{\"@type\":\"BreadcrumbList\",\"@id\":\"https:\\\/\\\/buletin.de\\\/bucuresti\\\/spectacole-si-expozitii-in-bucuresti-la-institutiile-de-cultura-ale-pmb-programul-pentru-saptamana-4-10-mai\\\/#breadcrumb\",\"itemListElement\":[{\"@type\":\"ListItem\",\"position\":1,\"name\":\"Acas\u0103\",\"item\":\"https:\\\/\\\/buletin.de\\\/bucuresti\\\/\"},{\"@type\":\"ListItem\",\"position\":2,\"name\":\"Spectacole \u0219i expozi\u021bii \u00een Bucure\u0219ti, la institu\u021biile de cultur\u0103 ale PMB. Programul pentru s\u0103pt\u0103m\u00e2na 4-10 mai\"}]},{\"@type\":\"WebSite\",\"@id\":\"https:\\\/\\\/buletin.de\\\/bucuresti\\\/#website\",\"url\":\"https:\\\/\\\/buletin.de\\\/bucuresti\\\/\",\"name\":\"Buletin de Bucure\u0219ti\",\"description\":\"\u0218tiri \u0219i investiga\u021bii esen\u021biale din capital\u0103\",\"publisher\":{\"@id\":\"https:\\\/\\\/buletin.de\\\/bucuresti\\\/#organization\"},\"potentialAction\":[{\"@type\":\"SearchAction\",\"target\":{\"@type\":\"EntryPoint\",\"urlTemplate\":\"https:\\\/\\\/buletin.de\\\/bucuresti\\\/?s={search_term_string}\"},\"query-input\":{\"@type\":\"PropertyValueSpecification\",\"valueRequired\":true,\"valueName\":\"search_term_string\"}}],\"inLanguage\":\"en-GB\"},{\"@type\":\"Organization\",\"@id\":\"https:\\\/\\\/buletin.de\\\/bucuresti\\\/#organization\",\"name\":\"Buletin de Bucure\u0219ti\",\"url\":\"https:\\\/\\\/buletin.de\\\/bucuresti\\\/\",\"logo\":{\"@type\":\"ImageObject\",\"inLanguage\":\"en-GB\",\"@id\":\"https:\\\/\\\/buletin.de\\\/bucuresti\\\/#\\\/schema\\\/logo\\\/image\\\/\",\"url\":\"https:\\\/\\\/buletin.de\\\/bucuresti\\\/wp-content\\\/uploads\\\/logo-bdb-full-wide-vernil-transparent.png\",\"contentUrl\":\"https:\\\/\\\/buletin.de\\\/bucuresti\\\/wp-content\\\/uploads\\\/logo-bdb-full-wide-vernil-transparent.png\",\"width\":1782,\"height\":626,\"caption\":\"Buletin de Bucure\u0219ti\"},\"image\":{\"@id\":\"https:\\\/\\\/buletin.de\\\/bucuresti\\\/#\\\/schema\\\/logo\\\/image\\\/\"},\"sameAs\":[\"https:\\\/\\\/www.facebook.com\\\/buletin.de.buc\",\"https:\\\/\\\/www.instagram.com\\\/buletinde.bucuresti\\\/\"]},{\"@type\":\"Person\",\"@id\":\"https:\\\/\\\/buletin.de\\\/bucuresti\\\/#\\\/schema\\\/person\\\/150590659efde715459d159da012f501\",\"name\":\"Andreea Tudor\",\"image\":{\"@type\":\"ImageObject\",\"inLanguage\":\"en-GB\",\"@id\":\"https:\\\/\\\/secure.gravatar.com\\\/avatar\\\/a88705a186ab0b67f3349bcbced506c09e37256fbaad0e7f3bd1a79b4599f589?s=96&d=monsterid&r=g79290610aa1a65c2b86eebc2ca5aee8f\",\"url\":\"https:\\\/\\\/secure.gravatar.com\\\/avatar\\\/a88705a186ab0b67f3349bcbced506c09e37256fbaad0e7f3bd1a79b4599f589?s=96&d=monsterid&r=g\",\"contentUrl\":\"https:\\\/\\\/secure.gravatar.com\\\/avatar\\\/a88705a186ab0b67f3349bcbced506c09e37256fbaad0e7f3bd1a79b4599f589?s=96&d=monsterid&r=g\",\"caption\":\"Andreea Tudor\"},\"description\":\"N\u0103scut\u0103 \u0219i crescut\u0103 \u00een Bucure\u0219ti, sus\u021bin\u0103toare a presei independente. A\u0219a am ajuns redactor la Buletin de Bucure\u0219ti. Fiind eu, \u00eens\u0103mi, parte a sistemului de \u00eenv\u0103\u021b\u0103m\u00e2nt rom\u00e2nesc \u0219i pasionat\u0103 de domeniul social, pun sub lup\u0103 tot ceea ce se \u00eent\u00e2mpl\u0103 \u00een sfera educa\u021biei. Cred cu t\u0103rie c\u0103 presa \u201epentru cet\u0103\u021beni\u201d este presa independent\u0103. Oamenii au nevoie de o informare corect\u0103 pentru a \u00een\u021belege pe deplin ce se \u00eent\u00e2mpl\u0103 \u00een jurul lor \u0219i pentru a lua ac\u021biune \u00eempotriva nedrept\u0103\u021bilor.\",\"url\":\"https:\\\/\\\/buletin.de\\\/bucuresti\\\/author\\\/andreeatudor\\\/\"}]}<\/script>\n<!-- \/ Yoast SEO Premium plugin. -->","yoast_head_json":{"title":"Spectacole \u0219i expozi\u021bii \u00een Bucure\u0219ti, la institu\u021biile de cultur\u0103 ale PMB. Programul pentru s\u0103pt\u0103m\u00e2na 4-10 mai - Buletin de Bucure\u0219ti","description":"Zeci de spectacole \u0219i expozi\u021bii au loc \u00een s\u0103pt\u0103m\u00e2na 4-10 mai, \u00een Bucure\u0219ti, la institu\u021biile de cultur\u0103 din subordinea PMB.","robots":{"index":"index","follow":"follow","max-snippet":"max-snippet:-1","max-image-preview":"max-image-preview:large","max-video-preview":"max-video-preview:-1"},"canonical":"https:\/\/buletin.de\/bucuresti\/spectacole-si-expozitii-in-bucuresti-la-institutiile-de-cultura-ale-pmb-programul-pentru-saptamana-4-10-mai\/","og_locale":"en_GB","og_type":"article","og_title":"Spectacole \u0219i expozi\u021bii \u00een Bucure\u0219ti, la institu\u021biile de cultur\u0103 ale PMB. Programul pentru s\u0103pt\u0103m\u00e2na 4-10 mai","og_description":"Zeci de spectacole \u0219i expozi\u021bii au loc \u00een s\u0103pt\u0103m\u00e2na 4-10 mai, \u00een Bucure\u0219ti, la institu\u021biile de cultur\u0103 din subordinea PMB.","og_url":"https:\/\/buletin.de\/bucuresti\/spectacole-si-expozitii-in-bucuresti-la-institutiile-de-cultura-ale-pmb-programul-pentru-saptamana-4-10-mai\/","og_site_name":"Buletin de Bucure\u0219ti","article_publisher":"https:\/\/www.facebook.com\/buletin.de.buc","article_published_time":"2026-05-03T10:46:02+00:00","article_modified_time":"2026-05-03T10:46:03+00:00","og_image":[{"width":1280,"height":854,"url":"https:\/\/buletin.de\/bucuresti\/wp-content\/uploads\/2026\/05\/687032961_1312190784421956_2051699185033489624_n.jpg","type":"image\/jpeg"}],"author":"Andreea Tudor","twitter_card":"summary_large_image","twitter_misc":{"Written by":"Andreea Tudor","Estimated reading time":"9 minutes"},"schema":{"@context":"https:\/\/schema.org","@graph":[{"@type":"Article","@id":"https:\/\/buletin.de\/bucuresti\/spectacole-si-expozitii-in-bucuresti-la-institutiile-de-cultura-ale-pmb-programul-pentru-saptamana-4-10-mai\/#article","isPartOf":{"@id":"https:\/\/buletin.de\/bucuresti\/spectacole-si-expozitii-in-bucuresti-la-institutiile-de-cultura-ale-pmb-programul-pentru-saptamana-4-10-mai\/"},"author":{"name":"Andreea Tudor","@id":"https:\/\/buletin.de\/bucuresti\/#\/schema\/person\/150590659efde715459d159da012f501"},"headline":"Spectacole \u0219i expozi\u021bii \u00een Bucure\u0219ti, la institu\u021biile de cultur\u0103 ale PMB. Programul pentru s\u0103pt\u0103m\u00e2na 4-10 mai","datePublished":"2026-05-03T10:46:02+00:00","dateModified":"2026-05-03T10:46:03+00:00","mainEntityOfPage":{"@id":"https:\/\/buletin.de\/bucuresti\/spectacole-si-expozitii-in-bucuresti-la-institutiile-de-cultura-ale-pmb-programul-pentru-saptamana-4-10-mai\/"},"wordCount":1860,"publisher":{"@id":"https:\/\/buletin.de\/bucuresti\/#organization"},"image":{"@id":"https:\/\/buletin.de\/bucuresti\/spectacole-si-expozitii-in-bucuresti-la-institutiile-de-cultura-ale-pmb-programul-pentru-saptamana-4-10-mai\/#primaryimage"},"thumbnailUrl":"https:\/\/buletin.de\/bucuresti\/wp-content\/uploads\/2026\/05\/687032961_1312190784421956_2051699185033489624_n.jpg","keywords":["expozitii","piese de teatru","pmb","program 4-10 mai","spectacole bucuresti"],"articleSection":["Articole","Cultur\u0103","\u0218tiri"],"inLanguage":"en-GB","copyrightYear":"2026","copyrightHolder":{"@id":"https:\/\/buletin.de\/bucuresti\/#organization"}},{"@type":"WebPage","@id":"https:\/\/buletin.de\/bucuresti\/spectacole-si-expozitii-in-bucuresti-la-institutiile-de-cultura-ale-pmb-programul-pentru-saptamana-4-10-mai\/","url":"https:\/\/buletin.de\/bucuresti\/spectacole-si-expozitii-in-bucuresti-la-institutiile-de-cultura-ale-pmb-programul-pentru-saptamana-4-10-mai\/","name":"Spectacole \u0219i expozi\u021bii \u00een Bucure\u0219ti, la institu\u021biile de cultur\u0103 ale PMB. Programul pentru s\u0103pt\u0103m\u00e2na 4-10 mai - Buletin de Bucure\u0219ti","isPartOf":{"@id":"https:\/\/buletin.de\/bucuresti\/#website"},"primaryImageOfPage":{"@id":"https:\/\/buletin.de\/bucuresti\/spectacole-si-expozitii-in-bucuresti-la-institutiile-de-cultura-ale-pmb-programul-pentru-saptamana-4-10-mai\/#primaryimage"},"image":{"@id":"https:\/\/buletin.de\/bucuresti\/spectacole-si-expozitii-in-bucuresti-la-institutiile-de-cultura-ale-pmb-programul-pentru-saptamana-4-10-mai\/#primaryimage"},"thumbnailUrl":"https:\/\/buletin.de\/bucuresti\/wp-content\/uploads\/2026\/05\/687032961_1312190784421956_2051699185033489624_n.jpg","datePublished":"2026-05-03T10:46:02+00:00","dateModified":"2026-05-03T10:46:03+00:00","description":"Zeci de spectacole \u0219i expozi\u021bii au loc \u00een s\u0103pt\u0103m\u00e2na 4-10 mai, \u00een Bucure\u0219ti, la institu\u021biile de cultur\u0103 din subordinea PMB.","breadcrumb":{"@id":"https:\/\/buletin.de\/bucuresti\/spectacole-si-expozitii-in-bucuresti-la-institutiile-de-cultura-ale-pmb-programul-pentru-saptamana-4-10-mai\/#breadcrumb"},"inLanguage":"en-GB","potentialAction":[{"@type":"ReadAction","target":["https:\/\/buletin.de\/bucuresti\/spectacole-si-expozitii-in-bucuresti-la-institutiile-de-cultura-ale-pmb-programul-pentru-saptamana-4-10-mai\/"]}]},{"@type":"ImageObject","inLanguage":"en-GB","@id":"https:\/\/buletin.de\/bucuresti\/spectacole-si-expozitii-in-bucuresti-la-institutiile-de-cultura-ale-pmb-programul-pentru-saptamana-4-10-mai\/#primaryimage","url":"https:\/\/buletin.de\/bucuresti\/wp-content\/uploads\/2026\/05\/687032961_1312190784421956_2051699185033489624_n.jpg","contentUrl":"https:\/\/buletin.de\/bucuresti\/wp-content\/uploads\/2026\/05\/687032961_1312190784421956_2051699185033489624_n.jpg","width":1280,"height":854,"caption":"Spectacole \u0219i expozi\u021bii \u00een Bucure\u0219ti. Foto: FB\/ PMB"},{"@type":"BreadcrumbList","@id":"https:\/\/buletin.de\/bucuresti\/spectacole-si-expozitii-in-bucuresti-la-institutiile-de-cultura-ale-pmb-programul-pentru-saptamana-4-10-mai\/#breadcrumb","itemListElement":[{"@type":"ListItem","position":1,"name":"Acas\u0103","item":"https:\/\/buletin.de\/bucuresti\/"},{"@type":"ListItem","position":2,"name":"Spectacole \u0219i expozi\u021bii \u00een Bucure\u0219ti, la institu\u021biile de cultur\u0103 ale PMB. Programul pentru s\u0103pt\u0103m\u00e2na 4-10 mai"}]},{"@type":"WebSite","@id":"https:\/\/buletin.de\/bucuresti\/#website","url":"https:\/\/buletin.de\/bucuresti\/","name":"Buletin de Bucure\u0219ti","description":"\u0218tiri \u0219i investiga\u021bii esen\u021biale din capital\u0103","publisher":{"@id":"https:\/\/buletin.de\/bucuresti\/#organization"},"potentialAction":[{"@type":"SearchAction","target":{"@type":"EntryPoint","urlTemplate":"https:\/\/buletin.de\/bucuresti\/?s={search_term_string}"},"query-input":{"@type":"PropertyValueSpecification","valueRequired":true,"valueName":"search_term_string"}}],"inLanguage":"en-GB"},{"@type":"Organization","@id":"https:\/\/buletin.de\/bucuresti\/#organization","name":"Buletin de Bucure\u0219ti","url":"https:\/\/buletin.de\/bucuresti\/","logo":{"@type":"ImageObject","inLanguage":"en-GB","@id":"https:\/\/buletin.de\/bucuresti\/#\/schema\/logo\/image\/","url":"https:\/\/buletin.de\/bucuresti\/wp-content\/uploads\/logo-bdb-full-wide-vernil-transparent.png","contentUrl":"https:\/\/buletin.de\/bucuresti\/wp-content\/uploads\/logo-bdb-full-wide-vernil-transparent.png","width":1782,"height":626,"caption":"Buletin de Bucure\u0219ti"},"image":{"@id":"https:\/\/buletin.de\/bucuresti\/#\/schema\/logo\/image\/"},"sameAs":["https:\/\/www.facebook.com\/buletin.de.buc","https:\/\/www.instagram.com\/buletinde.bucuresti\/"]},{"@type":"Person","@id":"https:\/\/buletin.de\/bucuresti\/#\/schema\/person\/150590659efde715459d159da012f501","name":"Andreea Tudor","image":{"@type":"ImageObject","inLanguage":"en-GB","@id":"https:\/\/secure.gravatar.com\/avatar\/a88705a186ab0b67f3349bcbced506c09e37256fbaad0e7f3bd1a79b4599f589?s=96&d=monsterid&r=g79290610aa1a65c2b86eebc2ca5aee8f","url":"https:\/\/secure.gravatar.com\/avatar\/a88705a186ab0b67f3349bcbced506c09e37256fbaad0e7f3bd1a79b4599f589?s=96&d=monsterid&r=g","contentUrl":"https:\/\/secure.gravatar.com\/avatar\/a88705a186ab0b67f3349bcbced506c09e37256fbaad0e7f3bd1a79b4599f589?s=96&d=monsterid&r=g","caption":"Andreea Tudor"},"description":"N\u0103scut\u0103 \u0219i crescut\u0103 \u00een Bucure\u0219ti, sus\u021bin\u0103toare a presei independente. A\u0219a am ajuns redactor la Buletin de Bucure\u0219ti. Fiind eu, \u00eens\u0103mi, parte a sistemului de \u00eenv\u0103\u021b\u0103m\u00e2nt rom\u00e2nesc \u0219i pasionat\u0103 de domeniul social, pun sub lup\u0103 tot ceea ce se \u00eent\u00e2mpl\u0103 \u00een sfera educa\u021biei. Cred cu t\u0103rie c\u0103 presa \u201epentru cet\u0103\u021beni\u201d este presa independent\u0103. Oamenii au nevoie de o informare corect\u0103 pentru a \u00een\u021belege pe deplin ce se \u00eent\u00e2mpl\u0103 \u00een jurul lor \u0219i pentru a lua ac\u021biune \u00eempotriva nedrept\u0103\u021bilor.","url":"https:\/\/buletin.de\/bucuresti\/author\/andreeatudor\/"}]}},"authors":[{"term_id":22573,"user_id":55,"is_guest":0,"slug":"andreeatudor","display_name":"Andreea Tudor","avatar_url":"https:\/\/secure.gravatar.com\/avatar\/a88705a186ab0b67f3349bcbced506c09e37256fbaad0e7f3bd1a79b4599f589?s=96&d=monsterid&r=g","0":null,"1":"","2":"","3":"","4":"","5":"","6":"","7":"","8":""}],"_links":{"self":[{"href":"https:\/\/buletin.de\/bucuresti\/wp-json\/wp\/v2\/posts\/190951","targetHints":{"allow":["GET"]}}],"collection":[{"href":"https:\/\/buletin.de\/bucuresti\/wp-json\/wp\/v2\/posts"}],"about":[{"href":"https:\/\/buletin.de\/bucuresti\/wp-json\/wp\/v2\/types\/post"}],"author":[{"embeddable":true,"href":"https:\/\/buletin.de\/bucuresti\/wp-json\/wp\/v2\/users\/55"}],"replies":[{"embeddable":true,"href":"https:\/\/buletin.de\/bucuresti\/wp-json\/wp\/v2\/comments?post=190951"}],"version-history":[{"count":5,"href":"https:\/\/buletin.de\/bucuresti\/wp-json\/wp\/v2\/posts\/190951\/revisions"}],"predecessor-version":[{"id":190980,"href":"https:\/\/buletin.de\/bucuresti\/wp-json\/wp\/v2\/posts\/190951\/revisions\/190980"}],"wp:featuredmedia":[{"embeddable":true,"href":"https:\/\/buletin.de\/bucuresti\/wp-json\/wp\/v2\/media\/190974"}],"wp:attachment":[{"href":"https:\/\/buletin.de\/bucuresti\/wp-json\/wp\/v2\/media?parent=190951"}],"wp:term":[{"taxonomy":"category","embeddable":true,"href":"https:\/\/buletin.de\/bucuresti\/wp-json\/wp\/v2\/categories?post=190951"},{"taxonomy":"post_tag","embeddable":true,"href":"https:\/\/buletin.de\/bucuresti\/wp-json\/wp\/v2\/tags?post=190951"},{"taxonomy":"author","embeddable":true,"href":"https:\/\/buletin.de\/bucuresti\/wp-json\/wp\/v2\/ppma_author?post=190951"}],"curies":[{"name":"wp","href":"https:\/\/api.w.org\/{rel}","templated":true}]}}