{"id":190948,"date":"2026-05-03T12:39:16","date_gmt":"2026-05-03T09:39:16","guid":{"rendered":"https:\/\/buletin.de\/bucuresti\/?p=190948"},"modified":"2026-05-03T12:39:17","modified_gmt":"2026-05-03T09:39:17","slug":"zilele-horticulturii-in-sectorul-1-plante-ateliere-si-idei-verzi-la-standul-primariei","status":"publish","type":"post","link":"https:\/\/buletin.de\/bucuresti\/zilele-horticulturii-in-sectorul-1-plante-ateliere-si-idei-verzi-la-standul-primariei\/","title":{"rendered":"Zilele Horticulturii, \u00een Sectorul 1. Plante, ateliere \u0219i idei verzi, la standul Prim\u0103riei"},"content":{"rendered":"\n<p><strong>\u00centre 7 \u0219i 10 mai 2026,  are loc evenimentul \u201eZilele Horticulturii Bucure\u0219tene\u201d. Manifestarea se desf\u0103\u0219oar\u0103 \u00een campusul Universit\u0103\u021bii de \u0218tiin\u021be Agronomice \u0219i Medicin\u0103 Veterinar\u0103 din Bucure\u0219ti, pe Bulevardul M\u0103r\u0103\u0219ti nr. 59, zilnic \u00eentre orele 10:00 \u0219i 18:00. Intrarea este gratuit\u0103.<\/strong><\/p>\n\n\n\n<p>Vor fi prezen\u021bi peste 120 de produc\u0103tori \u0219i expozan\u021bi, cu produse de calitate \u0219i expertiz\u0103 pentru iubitorii de natur\u0103 \u0219i gr\u0103din\u0103rit. Programul include expozi\u021bii tematice, demonstra\u021bii practice pentru gr\u0103dinarii amatori \u0219i profesioni\u0219ti, dar \u0219i ateliere interactive pentru \u00eentreaga familie.<\/p>\n\n\n\n<h2 class=\"wp-block-heading\" id=\"h-zilele-horticulturii-bucure\u0219tene-cu-proiecte-verzi-la-standul-primariei\"><strong>\u201eZilele Horticulturii Bucure\u0219tene\u201d<\/strong>, cu <strong>proiecte verzi, la standul Prim\u0103riei<\/strong><\/h2>\n\n\n\n<p>Un punct central al evenimentului este standul Prim\u0103riei Sectorului 1, dedicat proiectelor verzi din comunitate. Activit\u0103\u021bile sunt interactive \u0219i g\u00e2ndite pentru toate v\u00e2rstele. Aici  se poate \u00eenv\u0103\u021ba:<\/p>\n\n\n\n<ul class=\"wp-block-list\">\n<li>cum se transform\u0103 resturile din buc\u0103t\u0103rie \u00een compost;<\/li>\n\n\n\n<li>cum s\u0103 amenaja\u021bi un mic spa\u021biu verde l\u00e2ng\u0103 bloc;<\/li>\n\n\n\n<li>cum s\u0103 participa\u021bi la jocuri educative despre natur\u0103 \u0219i reciclare.<\/li>\n<\/ul>\n\n\n\n<p>Pentru copii, vor fi dou\u0103 ateliere creative: \u201eSemne de carte florale\u201d, unde cei mici transform\u0103 flori \u0219i frunze presate \u00een semne de carte pe care le iau acas\u0103 \u0219i \u201ePlaneta mea \u2013 joc interactiv\u201d, unde r\u0103spund la \u00eentreb\u0103ri despre ap\u0103, reciclare, biodiversitate \u0219i descoper\u0103, prin joc, cum pot proteja natura \u00een fiecare zi.<\/p>\n\n\n\n<p>De asemenea, va fi \u0219i o expozi\u021bie de ceramic\u0103 floral\u0103. Fiecare pies\u0103 este lucrat\u0103 manual, inspirat\u0103 din natur\u0103 \u0219i poate fi cump\u0103rat\u0103.<\/p>\n\n\n\n<p>Mai mult, vizitatorii vor afla cum func\u021bioneaz\u0103 programul \u201eAdopt\u0103 un spa\u021biu verde\u201d.<\/p>\n\n\n\n<p><strong>CITE\u0218TE \u0218I:<\/strong> <a href=\"https:\/\/buletin.de\/bucuresti\/csm-bucuresti-cu-buget-redus-in-2026-sectiile-de-natatie-si-tenis-pe-lista-de-taieri-gsp-ro\/\"><strong>CSM Bucure\u0219ti, cu buget redus \u00een 2026. Sec\u021biile de nata\u021bie \u0219i tenis, pe lista de t\u0103ieri | GSP.ro<\/strong><\/a><\/p>\n\n\n\n<h2 class=\"wp-block-heading\" id=\"h-refugii-climatice-\u0219i-insulele-verzi\"><strong>Refugii climatice<\/strong> <strong>\u0219i<\/strong> <strong>insulele verzi <\/strong><\/h2>\n\n\n\n<p>La <strong>\u201eZilele Horticulturii Bucure\u0219tene\u201d<\/strong>  voe pute fi aflate informa\u021bii despre cele patru refugii climatice, primele de acest tip din Bucure\u0219ti, \u0219i despre cele \u0219ase insule verzi urbane, concepute ca solu\u021bii pentru reducerea temperaturilor din ora\u0219 \u0219i crearea unor zone de relaxare.  <\/p>\n\n\n\n<p>Refugiile climatice vor fi amplasate \u00een Pia\u021ba Revolu\u021biei, zona Perla, strada Tache Ionescu (Pia\u021ba Lahovari) \u0219i la intersec\u021bia Calea Victoriei cu Grivi\u021bei, iar insulele verzi urbane \u00een Pia\u021ba Matache, Pia\u021ba Amzei, Pia\u021ba Victoriei, intersec\u021bia Aviatorilor cu Ion Mincu, Metrou Aviatorilor \u0219i Pia\u021ba Doroban\u021bi (scuar central).<\/p>\n\n\n\n<p>\u00cen interiorul standului vor fi amplasate ecrane, unde se va putea afla cum vor ar\u0103ta parcurile Bazilescu, Ion I.C. Br\u0103tianu, Regina Maria \u0219i noul parc din Cartierul Henri Coand\u0103. Consultarea public\u0103 s-a \u00eencheiat, iar aceste parcuri urmeaz\u0103 s\u0103 fie reabilitate \u0219i reamenajate peisagistic.<\/p>\n\n\n\n<p><strong>CITE\u0218TE \u0218I:<\/strong> <a href=\"https:\/\/buletin.de\/bucuresti\/cafeneaua-bdb-alex-damian-omul-care-a-facut-sute-de-reclamatii-despre-neregulile-intalnite-pe-strazile-bucurestiului\/\"><strong>Cafeneaua BdB | Alex Damian, omul care a f\u0103cut sute de reclama\u021bii despre neregulile \u00eent\u00e2lnite pe str\u0103zile Bucure\u0219tiului: \u201eEu o s\u0103 continui s\u0103 fac sesiz\u0103ri\u201d<\/strong><\/a><\/p>\n","protected":false},"excerpt":{"rendered":"<p>\u00centre 7 \u0219i 10 mai 2026, are loc evenimentul \u201eZilele Horticulturii Bucure\u0219tene\u201d. Manifestarea se desf\u0103\u0219oar\u0103 \u00een campusul Universit\u0103\u021bii de \u0218tiin\u021be Agronomice \u0219i Medicin\u0103 Veterinar\u0103 din Bucure\u0219ti, pe Bulevardul M\u0103r\u0103\u0219ti nr. 59, zilnic \u00eentre orele 10:00 \u0219i 18:00. Intrarea este gratuit\u0103. Vor fi prezen\u021bi peste 120 de produc\u0103tori \u0219i expozan\u021bi, cu produse de calitate \u0219i expertiz\u0103 [&hellip;]<\/p>\n","protected":false},"author":1,"featured_media":190949,"comment_status":"closed","ping_status":"open","sticky":false,"template":"","format":"standard","meta":{"_acf_changed":false,"inline_featured_image":false,"ngg_post_thumbnail":0,"footnotes":""},"categories":[6994,24,62],"tags":[28100,308,28099],"ppma_author":[22583],"class_list":["post-190948","post","type-post","status-publish","format-standard","has-post-thumbnail","hentry","category-stiri-2","category-primarie","category-stiri","tag-ateliere-verzi","tag-sector-1","tag-zilele-horticulturii"],"acf":[],"yoast_head":"<!-- This site is optimized with the Yoast SEO Premium plugin v25.3 (Yoast SEO v27.5) - https:\/\/yoast.com\/product\/yoast-seo-premium-wordpress\/ -->\n<title>Zilele Horticulturii, \u00een Sectorul 1. Plante, ateliere \u0219i idei verzi, la standul Prim\u0103riei - Buletin de Bucure\u0219ti<\/title>\n<meta name=\"description\" content=\"\u00centre 7 \u0219i 10 mai 2026, are loc evenimentul \u201eZilele Horticulturii Bucure\u0219tene\u201d. Manifestarea se desf\u0103\u0219oar\u0103 la Universitatea Agronomica\" \/>\n<meta name=\"robots\" content=\"index, follow, max-snippet:-1, max-image-preview:large, max-video-preview:-1\" \/>\n<link rel=\"canonical\" href=\"https:\/\/buletin.de\/bucuresti\/zilele-horticulturii-in-sectorul-1-plante-ateliere-si-idei-verzi-la-standul-primariei\/\" \/>\n<meta property=\"og:locale\" content=\"en_GB\" \/>\n<meta property=\"og:type\" content=\"article\" \/>\n<meta property=\"og:title\" content=\"Zilele Horticulturii, \u00een Sectorul 1. Plante, ateliere \u0219i idei verzi, la standul Prim\u0103riei\" \/>\n<meta property=\"og:description\" content=\"\u00centre 7 \u0219i 10 mai 2026, are loc evenimentul \u201eZilele Horticulturii Bucure\u0219tene\u201d. Manifestarea se desf\u0103\u0219oar\u0103 la Universitatea Agronomica\" \/>\n<meta property=\"og:url\" content=\"https:\/\/buletin.de\/bucuresti\/zilele-horticulturii-in-sectorul-1-plante-ateliere-si-idei-verzi-la-standul-primariei\/\" \/>\n<meta property=\"og:site_name\" content=\"Buletin de Bucure\u0219ti\" \/>\n<meta property=\"article:publisher\" content=\"https:\/\/www.facebook.com\/buletin.de.buc\" \/>\n<meta property=\"article:published_time\" content=\"2026-05-03T09:39:16+00:00\" \/>\n<meta property=\"article:modified_time\" content=\"2026-05-03T09:39:17+00:00\" \/>\n<meta property=\"og:image\" content=\"https:\/\/buletin.de\/bucuresti\/wp-content\/uploads\/2026\/05\/GENERAL-HORTICULTURA.jpg\" \/>\n\t<meta property=\"og:image:width\" content=\"1400\" \/>\n\t<meta property=\"og:image:height\" content=\"875\" \/>\n\t<meta property=\"og:image:type\" content=\"image\/jpeg\" \/>\n<meta name=\"author\" content=\"Redac\u021bia Buletin de Bucure\u0219ti\" \/>\n<meta name=\"twitter:card\" content=\"summary_large_image\" \/>\n<meta name=\"twitter:label1\" content=\"Written by\" \/>\n\t<meta name=\"twitter:data1\" content=\"Redac\u021bia Buletin de Bucure\u0219ti\" \/>\n\t<meta name=\"twitter:label2\" content=\"Estimated reading time\" \/>\n\t<meta name=\"twitter:data2\" content=\"2 minutes\" \/>\n<script type=\"application\/ld+json\" class=\"yoast-schema-graph\">{\"@context\":\"https:\\\/\\\/schema.org\",\"@graph\":[{\"@type\":\"Article\",\"@id\":\"https:\\\/\\\/buletin.de\\\/bucuresti\\\/zilele-horticulturii-in-sectorul-1-plante-ateliere-si-idei-verzi-la-standul-primariei\\\/#article\",\"isPartOf\":{\"@id\":\"https:\\\/\\\/buletin.de\\\/bucuresti\\\/zilele-horticulturii-in-sectorul-1-plante-ateliere-si-idei-verzi-la-standul-primariei\\\/\"},\"author\":{\"name\":\"Redac\u021bia Buletin de Bucure\u0219ti\",\"@id\":\"https:\\\/\\\/buletin.de\\\/bucuresti\\\/#\\\/schema\\\/person\\\/2bbcf854e5f2419a13804af574d06ab1\"},\"headline\":\"Zilele Horticulturii, \u00een Sectorul 1. Plante, ateliere \u0219i idei verzi, la standul Prim\u0103riei\",\"datePublished\":\"2026-05-03T09:39:16+00:00\",\"dateModified\":\"2026-05-03T09:39:17+00:00\",\"mainEntityOfPage\":{\"@id\":\"https:\\\/\\\/buletin.de\\\/bucuresti\\\/zilele-horticulturii-in-sectorul-1-plante-ateliere-si-idei-verzi-la-standul-primariei\\\/\"},\"wordCount\":477,\"publisher\":{\"@id\":\"https:\\\/\\\/buletin.de\\\/bucuresti\\\/#organization\"},\"image\":{\"@id\":\"https:\\\/\\\/buletin.de\\\/bucuresti\\\/zilele-horticulturii-in-sectorul-1-plante-ateliere-si-idei-verzi-la-standul-primariei\\\/#primaryimage\"},\"thumbnailUrl\":\"https:\\\/\\\/buletin.de\\\/bucuresti\\\/wp-content\\\/uploads\\\/2026\\\/05\\\/GENERAL-HORTICULTURA.jpg\",\"keywords\":[\"ateliere verzi\",\"Sector 1\",\"Zilele Horticulturii\"],\"articleSection\":[\"Articole\",\"Prim\u0103rie\",\"\u0218tiri\"],\"inLanguage\":\"en-GB\",\"copyrightYear\":\"2026\",\"copyrightHolder\":{\"@id\":\"https:\\\/\\\/buletin.de\\\/bucuresti\\\/#organization\"}},{\"@type\":\"WebPage\",\"@id\":\"https:\\\/\\\/buletin.de\\\/bucuresti\\\/zilele-horticulturii-in-sectorul-1-plante-ateliere-si-idei-verzi-la-standul-primariei\\\/\",\"url\":\"https:\\\/\\\/buletin.de\\\/bucuresti\\\/zilele-horticulturii-in-sectorul-1-plante-ateliere-si-idei-verzi-la-standul-primariei\\\/\",\"name\":\"Zilele Horticulturii, \u00een Sectorul 1. Plante, ateliere \u0219i idei verzi, la standul Prim\u0103riei - Buletin de Bucure\u0219ti\",\"isPartOf\":{\"@id\":\"https:\\\/\\\/buletin.de\\\/bucuresti\\\/#website\"},\"primaryImageOfPage\":{\"@id\":\"https:\\\/\\\/buletin.de\\\/bucuresti\\\/zilele-horticulturii-in-sectorul-1-plante-ateliere-si-idei-verzi-la-standul-primariei\\\/#primaryimage\"},\"image\":{\"@id\":\"https:\\\/\\\/buletin.de\\\/bucuresti\\\/zilele-horticulturii-in-sectorul-1-plante-ateliere-si-idei-verzi-la-standul-primariei\\\/#primaryimage\"},\"thumbnailUrl\":\"https:\\\/\\\/buletin.de\\\/bucuresti\\\/wp-content\\\/uploads\\\/2026\\\/05\\\/GENERAL-HORTICULTURA.jpg\",\"datePublished\":\"2026-05-03T09:39:16+00:00\",\"dateModified\":\"2026-05-03T09:39:17+00:00\",\"description\":\"\u00centre 7 \u0219i 10 mai 2026, are loc evenimentul \u201eZilele Horticulturii Bucure\u0219tene\u201d. Manifestarea se desf\u0103\u0219oar\u0103 la Universitatea Agronomica\",\"breadcrumb\":{\"@id\":\"https:\\\/\\\/buletin.de\\\/bucuresti\\\/zilele-horticulturii-in-sectorul-1-plante-ateliere-si-idei-verzi-la-standul-primariei\\\/#breadcrumb\"},\"inLanguage\":\"en-GB\",\"potentialAction\":[{\"@type\":\"ReadAction\",\"target\":[\"https:\\\/\\\/buletin.de\\\/bucuresti\\\/zilele-horticulturii-in-sectorul-1-plante-ateliere-si-idei-verzi-la-standul-primariei\\\/\"]}]},{\"@type\":\"ImageObject\",\"inLanguage\":\"en-GB\",\"@id\":\"https:\\\/\\\/buletin.de\\\/bucuresti\\\/zilele-horticulturii-in-sectorul-1-plante-ateliere-si-idei-verzi-la-standul-primariei\\\/#primaryimage\",\"url\":\"https:\\\/\\\/buletin.de\\\/bucuresti\\\/wp-content\\\/uploads\\\/2026\\\/05\\\/GENERAL-HORTICULTURA.jpg\",\"contentUrl\":\"https:\\\/\\\/buletin.de\\\/bucuresti\\\/wp-content\\\/uploads\\\/2026\\\/05\\\/GENERAL-HORTICULTURA.jpg\",\"width\":1400,\"height\":875,\"caption\":\"Zilele Horticulturii, in Sectorul 1. Patru zile cu plante, ateliere \u0219i idei verzi. FOTO: PS1\"},{\"@type\":\"BreadcrumbList\",\"@id\":\"https:\\\/\\\/buletin.de\\\/bucuresti\\\/zilele-horticulturii-in-sectorul-1-plante-ateliere-si-idei-verzi-la-standul-primariei\\\/#breadcrumb\",\"itemListElement\":[{\"@type\":\"ListItem\",\"position\":1,\"name\":\"Acas\u0103\",\"item\":\"https:\\\/\\\/buletin.de\\\/bucuresti\\\/\"},{\"@type\":\"ListItem\",\"position\":2,\"name\":\"Zilele Horticulturii, \u00een Sectorul 1. Plante, ateliere \u0219i idei verzi, la standul Prim\u0103riei\"}]},{\"@type\":\"WebSite\",\"@id\":\"https:\\\/\\\/buletin.de\\\/bucuresti\\\/#website\",\"url\":\"https:\\\/\\\/buletin.de\\\/bucuresti\\\/\",\"name\":\"Buletin de Bucure\u0219ti\",\"description\":\"\u0218tiri \u0219i investiga\u021bii esen\u021biale din capital\u0103\",\"publisher\":{\"@id\":\"https:\\\/\\\/buletin.de\\\/bucuresti\\\/#organization\"},\"potentialAction\":[{\"@type\":\"SearchAction\",\"target\":{\"@type\":\"EntryPoint\",\"urlTemplate\":\"https:\\\/\\\/buletin.de\\\/bucuresti\\\/?s={search_term_string}\"},\"query-input\":{\"@type\":\"PropertyValueSpecification\",\"valueRequired\":true,\"valueName\":\"search_term_string\"}}],\"inLanguage\":\"en-GB\"},{\"@type\":\"Organization\",\"@id\":\"https:\\\/\\\/buletin.de\\\/bucuresti\\\/#organization\",\"name\":\"Buletin de Bucure\u0219ti\",\"url\":\"https:\\\/\\\/buletin.de\\\/bucuresti\\\/\",\"logo\":{\"@type\":\"ImageObject\",\"inLanguage\":\"en-GB\",\"@id\":\"https:\\\/\\\/buletin.de\\\/bucuresti\\\/#\\\/schema\\\/logo\\\/image\\\/\",\"url\":\"https:\\\/\\\/buletin.de\\\/bucuresti\\\/wp-content\\\/uploads\\\/logo-bdb-full-wide-vernil-transparent.png\",\"contentUrl\":\"https:\\\/\\\/buletin.de\\\/bucuresti\\\/wp-content\\\/uploads\\\/logo-bdb-full-wide-vernil-transparent.png\",\"width\":1782,\"height\":626,\"caption\":\"Buletin de Bucure\u0219ti\"},\"image\":{\"@id\":\"https:\\\/\\\/buletin.de\\\/bucuresti\\\/#\\\/schema\\\/logo\\\/image\\\/\"},\"sameAs\":[\"https:\\\/\\\/www.facebook.com\\\/buletin.de.buc\",\"https:\\\/\\\/www.instagram.com\\\/buletinde.bucuresti\\\/\"]},{\"@type\":\"Person\",\"@id\":\"https:\\\/\\\/buletin.de\\\/bucuresti\\\/#\\\/schema\\\/person\\\/2bbcf854e5f2419a13804af574d06ab1\",\"name\":\"Redac\u021bia Buletin de Bucure\u0219ti\",\"image\":{\"@type\":\"ImageObject\",\"inLanguage\":\"en-GB\",\"@id\":\"https:\\\/\\\/secure.gravatar.com\\\/avatar\\\/18c5342381ed1a08620e6280424e3e5efc958618f5d67c522c9e44c1bc6f9226?s=96&d=monsterid&r=g60c7cd0ad92c68c049fcd4bb3504d609\",\"url\":\"https:\\\/\\\/secure.gravatar.com\\\/avatar\\\/18c5342381ed1a08620e6280424e3e5efc958618f5d67c522c9e44c1bc6f9226?s=96&d=monsterid&r=g\",\"contentUrl\":\"https:\\\/\\\/secure.gravatar.com\\\/avatar\\\/18c5342381ed1a08620e6280424e3e5efc958618f5d67c522c9e44c1bc6f9226?s=96&d=monsterid&r=g\",\"caption\":\"Redac\u021bia Buletin de Bucure\u0219ti\"},\"description\":\"Buletin de Bucure\u0219ti exist\u0103 din vara anului 2019.\",\"url\":\"https:\\\/\\\/buletin.de\\\/bucuresti\\\/author\\\/adminbuletin\\\/\"}]}<\/script>\n<!-- \/ Yoast SEO Premium plugin. -->","yoast_head_json":{"title":"Zilele Horticulturii, \u00een Sectorul 1. Plante, ateliere \u0219i idei verzi, la standul Prim\u0103riei - Buletin de Bucure\u0219ti","description":"\u00centre 7 \u0219i 10 mai 2026, are loc evenimentul \u201eZilele Horticulturii Bucure\u0219tene\u201d. Manifestarea se desf\u0103\u0219oar\u0103 la Universitatea Agronomica","robots":{"index":"index","follow":"follow","max-snippet":"max-snippet:-1","max-image-preview":"max-image-preview:large","max-video-preview":"max-video-preview:-1"},"canonical":"https:\/\/buletin.de\/bucuresti\/zilele-horticulturii-in-sectorul-1-plante-ateliere-si-idei-verzi-la-standul-primariei\/","og_locale":"en_GB","og_type":"article","og_title":"Zilele Horticulturii, \u00een Sectorul 1. Plante, ateliere \u0219i idei verzi, la standul Prim\u0103riei","og_description":"\u00centre 7 \u0219i 10 mai 2026, are loc evenimentul \u201eZilele Horticulturii Bucure\u0219tene\u201d. Manifestarea se desf\u0103\u0219oar\u0103 la Universitatea Agronomica","og_url":"https:\/\/buletin.de\/bucuresti\/zilele-horticulturii-in-sectorul-1-plante-ateliere-si-idei-verzi-la-standul-primariei\/","og_site_name":"Buletin de Bucure\u0219ti","article_publisher":"https:\/\/www.facebook.com\/buletin.de.buc","article_published_time":"2026-05-03T09:39:16+00:00","article_modified_time":"2026-05-03T09:39:17+00:00","og_image":[{"width":1400,"height":875,"url":"https:\/\/buletin.de\/bucuresti\/wp-content\/uploads\/2026\/05\/GENERAL-HORTICULTURA.jpg","type":"image\/jpeg"}],"author":"Redac\u021bia Buletin de Bucure\u0219ti","twitter_card":"summary_large_image","twitter_misc":{"Written by":"Redac\u021bia Buletin de Bucure\u0219ti","Estimated reading time":"2 minutes"},"schema":{"@context":"https:\/\/schema.org","@graph":[{"@type":"Article","@id":"https:\/\/buletin.de\/bucuresti\/zilele-horticulturii-in-sectorul-1-plante-ateliere-si-idei-verzi-la-standul-primariei\/#article","isPartOf":{"@id":"https:\/\/buletin.de\/bucuresti\/zilele-horticulturii-in-sectorul-1-plante-ateliere-si-idei-verzi-la-standul-primariei\/"},"author":{"name":"Redac\u021bia Buletin de Bucure\u0219ti","@id":"https:\/\/buletin.de\/bucuresti\/#\/schema\/person\/2bbcf854e5f2419a13804af574d06ab1"},"headline":"Zilele Horticulturii, \u00een Sectorul 1. Plante, ateliere \u0219i idei verzi, la standul Prim\u0103riei","datePublished":"2026-05-03T09:39:16+00:00","dateModified":"2026-05-03T09:39:17+00:00","mainEntityOfPage":{"@id":"https:\/\/buletin.de\/bucuresti\/zilele-horticulturii-in-sectorul-1-plante-ateliere-si-idei-verzi-la-standul-primariei\/"},"wordCount":477,"publisher":{"@id":"https:\/\/buletin.de\/bucuresti\/#organization"},"image":{"@id":"https:\/\/buletin.de\/bucuresti\/zilele-horticulturii-in-sectorul-1-plante-ateliere-si-idei-verzi-la-standul-primariei\/#primaryimage"},"thumbnailUrl":"https:\/\/buletin.de\/bucuresti\/wp-content\/uploads\/2026\/05\/GENERAL-HORTICULTURA.jpg","keywords":["ateliere verzi","Sector 1","Zilele Horticulturii"],"articleSection":["Articole","Prim\u0103rie","\u0218tiri"],"inLanguage":"en-GB","copyrightYear":"2026","copyrightHolder":{"@id":"https:\/\/buletin.de\/bucuresti\/#organization"}},{"@type":"WebPage","@id":"https:\/\/buletin.de\/bucuresti\/zilele-horticulturii-in-sectorul-1-plante-ateliere-si-idei-verzi-la-standul-primariei\/","url":"https:\/\/buletin.de\/bucuresti\/zilele-horticulturii-in-sectorul-1-plante-ateliere-si-idei-verzi-la-standul-primariei\/","name":"Zilele Horticulturii, \u00een Sectorul 1. Plante, ateliere \u0219i idei verzi, la standul Prim\u0103riei - Buletin de Bucure\u0219ti","isPartOf":{"@id":"https:\/\/buletin.de\/bucuresti\/#website"},"primaryImageOfPage":{"@id":"https:\/\/buletin.de\/bucuresti\/zilele-horticulturii-in-sectorul-1-plante-ateliere-si-idei-verzi-la-standul-primariei\/#primaryimage"},"image":{"@id":"https:\/\/buletin.de\/bucuresti\/zilele-horticulturii-in-sectorul-1-plante-ateliere-si-idei-verzi-la-standul-primariei\/#primaryimage"},"thumbnailUrl":"https:\/\/buletin.de\/bucuresti\/wp-content\/uploads\/2026\/05\/GENERAL-HORTICULTURA.jpg","datePublished":"2026-05-03T09:39:16+00:00","dateModified":"2026-05-03T09:39:17+00:00","description":"\u00centre 7 \u0219i 10 mai 2026, are loc evenimentul \u201eZilele Horticulturii Bucure\u0219tene\u201d. Manifestarea se desf\u0103\u0219oar\u0103 la Universitatea Agronomica","breadcrumb":{"@id":"https:\/\/buletin.de\/bucuresti\/zilele-horticulturii-in-sectorul-1-plante-ateliere-si-idei-verzi-la-standul-primariei\/#breadcrumb"},"inLanguage":"en-GB","potentialAction":[{"@type":"ReadAction","target":["https:\/\/buletin.de\/bucuresti\/zilele-horticulturii-in-sectorul-1-plante-ateliere-si-idei-verzi-la-standul-primariei\/"]}]},{"@type":"ImageObject","inLanguage":"en-GB","@id":"https:\/\/buletin.de\/bucuresti\/zilele-horticulturii-in-sectorul-1-plante-ateliere-si-idei-verzi-la-standul-primariei\/#primaryimage","url":"https:\/\/buletin.de\/bucuresti\/wp-content\/uploads\/2026\/05\/GENERAL-HORTICULTURA.jpg","contentUrl":"https:\/\/buletin.de\/bucuresti\/wp-content\/uploads\/2026\/05\/GENERAL-HORTICULTURA.jpg","width":1400,"height":875,"caption":"Zilele Horticulturii, in Sectorul 1. Patru zile cu plante, ateliere \u0219i idei verzi. FOTO: PS1"},{"@type":"BreadcrumbList","@id":"https:\/\/buletin.de\/bucuresti\/zilele-horticulturii-in-sectorul-1-plante-ateliere-si-idei-verzi-la-standul-primariei\/#breadcrumb","itemListElement":[{"@type":"ListItem","position":1,"name":"Acas\u0103","item":"https:\/\/buletin.de\/bucuresti\/"},{"@type":"ListItem","position":2,"name":"Zilele Horticulturii, \u00een Sectorul 1. Plante, ateliere \u0219i idei verzi, la standul Prim\u0103riei"}]},{"@type":"WebSite","@id":"https:\/\/buletin.de\/bucuresti\/#website","url":"https:\/\/buletin.de\/bucuresti\/","name":"Buletin de Bucure\u0219ti","description":"\u0218tiri \u0219i investiga\u021bii esen\u021biale din capital\u0103","publisher":{"@id":"https:\/\/buletin.de\/bucuresti\/#organization"},"potentialAction":[{"@type":"SearchAction","target":{"@type":"EntryPoint","urlTemplate":"https:\/\/buletin.de\/bucuresti\/?s={search_term_string}"},"query-input":{"@type":"PropertyValueSpecification","valueRequired":true,"valueName":"search_term_string"}}],"inLanguage":"en-GB"},{"@type":"Organization","@id":"https:\/\/buletin.de\/bucuresti\/#organization","name":"Buletin de Bucure\u0219ti","url":"https:\/\/buletin.de\/bucuresti\/","logo":{"@type":"ImageObject","inLanguage":"en-GB","@id":"https:\/\/buletin.de\/bucuresti\/#\/schema\/logo\/image\/","url":"https:\/\/buletin.de\/bucuresti\/wp-content\/uploads\/logo-bdb-full-wide-vernil-transparent.png","contentUrl":"https:\/\/buletin.de\/bucuresti\/wp-content\/uploads\/logo-bdb-full-wide-vernil-transparent.png","width":1782,"height":626,"caption":"Buletin de Bucure\u0219ti"},"image":{"@id":"https:\/\/buletin.de\/bucuresti\/#\/schema\/logo\/image\/"},"sameAs":["https:\/\/www.facebook.com\/buletin.de.buc","https:\/\/www.instagram.com\/buletinde.bucuresti\/"]},{"@type":"Person","@id":"https:\/\/buletin.de\/bucuresti\/#\/schema\/person\/2bbcf854e5f2419a13804af574d06ab1","name":"Redac\u021bia Buletin de Bucure\u0219ti","image":{"@type":"ImageObject","inLanguage":"en-GB","@id":"https:\/\/secure.gravatar.com\/avatar\/18c5342381ed1a08620e6280424e3e5efc958618f5d67c522c9e44c1bc6f9226?s=96&d=monsterid&r=g60c7cd0ad92c68c049fcd4bb3504d609","url":"https:\/\/secure.gravatar.com\/avatar\/18c5342381ed1a08620e6280424e3e5efc958618f5d67c522c9e44c1bc6f9226?s=96&d=monsterid&r=g","contentUrl":"https:\/\/secure.gravatar.com\/avatar\/18c5342381ed1a08620e6280424e3e5efc958618f5d67c522c9e44c1bc6f9226?s=96&d=monsterid&r=g","caption":"Redac\u021bia Buletin de Bucure\u0219ti"},"description":"Buletin de Bucure\u0219ti exist\u0103 din vara anului 2019.","url":"https:\/\/buletin.de\/bucuresti\/author\/adminbuletin\/"}]}},"authors":[{"term_id":22583,"user_id":1,"is_guest":0,"slug":"adminbuletin","display_name":"Redac\u021bia Buletin de Bucure\u0219ti","avatar_url":"https:\/\/secure.gravatar.com\/avatar\/18c5342381ed1a08620e6280424e3e5efc958618f5d67c522c9e44c1bc6f9226?s=96&d=monsterid&r=g","0":null,"1":"","2":"","3":"","4":"","5":"","6":"","7":"","8":""}],"_links":{"self":[{"href":"https:\/\/buletin.de\/bucuresti\/wp-json\/wp\/v2\/posts\/190948","targetHints":{"allow":["GET"]}}],"collection":[{"href":"https:\/\/buletin.de\/bucuresti\/wp-json\/wp\/v2\/posts"}],"about":[{"href":"https:\/\/buletin.de\/bucuresti\/wp-json\/wp\/v2\/types\/post"}],"author":[{"embeddable":true,"href":"https:\/\/buletin.de\/bucuresti\/wp-json\/wp\/v2\/users\/1"}],"replies":[{"embeddable":true,"href":"https:\/\/buletin.de\/bucuresti\/wp-json\/wp\/v2\/comments?post=190948"}],"version-history":[{"count":5,"href":"https:\/\/buletin.de\/bucuresti\/wp-json\/wp\/v2\/posts\/190948\/revisions"}],"predecessor-version":[{"id":190963,"href":"https:\/\/buletin.de\/bucuresti\/wp-json\/wp\/v2\/posts\/190948\/revisions\/190963"}],"wp:featuredmedia":[{"embeddable":true,"href":"https:\/\/buletin.de\/bucuresti\/wp-json\/wp\/v2\/media\/190949"}],"wp:attachment":[{"href":"https:\/\/buletin.de\/bucuresti\/wp-json\/wp\/v2\/media?parent=190948"}],"wp:term":[{"taxonomy":"category","embeddable":true,"href":"https:\/\/buletin.de\/bucuresti\/wp-json\/wp\/v2\/categories?post=190948"},{"taxonomy":"post_tag","embeddable":true,"href":"https:\/\/buletin.de\/bucuresti\/wp-json\/wp\/v2\/tags?post=190948"},{"taxonomy":"author","embeddable":true,"href":"https:\/\/buletin.de\/bucuresti\/wp-json\/wp\/v2\/ppma_author?post=190948"}],"curies":[{"name":"wp","href":"https:\/\/api.w.org\/{rel}","templated":true}]}}