{"id":190933,"date":"2026-05-03T11:51:17","date_gmt":"2026-05-03T08:51:17","guid":{"rendered":"https:\/\/buletin.de\/bucuresti\/?p=190933"},"modified":"2026-05-03T11:51:18","modified_gmt":"2026-05-03T08:51:18","slug":"eveniment-nou-cu-orchestra-simfonica-bucuresti-gala-de-opera-italiana-la-ateneul-roman-in-luna-mai","status":"publish","type":"post","link":"https:\/\/buletin.de\/bucuresti\/eveniment-nou-cu-orchestra-simfonica-bucuresti-gala-de-opera-italiana-la-ateneul-roman-in-luna-mai\/","title":{"rendered":"Eveniment nou, cu Orchestra Simfonic\u0103 Bucure\u0219ti. \u201eGala de Oper\u0103 Italian\u0103\u201d, la Ateneul Rom\u00e2n, \u00een luna mai"},"content":{"rendered":"\n<p><strong>Pe 24 mai, de la ora 19:30, Ateneul Rom\u00e2n g\u0103zduie\u0219te una dintre cele mai a\u0219teptate seri lirice ale sezonului. Orchestra Simfonic\u0103 Bucure\u0219ti aduce \u201eGala de Oper\u0103 Italian\u0103\u201d, cu cele  mai iubite arii \u0219i duete din muzica de oper\u0103 italian\u0103.<\/strong><\/p>\n\n\n\n<p><strong>\u201eGala de Oper\u0103 Italian\u0103\u201d<\/strong> va fi adus\u0103 publicului bucure\u0219tean de soprana\u00a0Elena Mo\u0219uc \u0219i\u00a0tenorul\u00a0Florin Guzg\u0103.Orchestrei Simfonice Bucure\u0219ti se va afla dirijorul italian\u00a0David Crescenzi.<\/p>\n\n\n\n<p>Soprana\u00a0Elena Mo\u0219uc, laureat\u0103 a premiului \u201eOscar della Lirica \u2013 Best Soprano&#8221;, este una dintre cele mai admirate interprete ale genera\u021biei sale. Vocea sa a cucerit publicuri pe cele mai mari scene lirice ale lumii.<\/p>\n\n\n\n<p>Tenorul\u00a0Florin Guzg\u0103 este un solist cu o carier\u0103 solid\u0103 \u00een Rom\u00e2nia \u0219i \u00een str\u0103in\u0103tate.<\/p>\n\n\n\n<p>Biletele se pot achizi\u021biona <a href=\"https:\/\/m.iabilet.ro\/bilete-gala-de-opera-italiana-orchestra-simfonica-bucuresti-124672\/\">AICI.<\/a><\/p>\n\n\n\n<p><strong>CITE\u0218TE \u0218I:<\/strong> <a href=\"https:\/\/buletin.de\/bucuresti\/apa-nova-anunta-zonele-din-bucuresti-care-raman-fara-apa-rece-saptamana-viitoare-3\/\"><strong>Apa Nova anun\u021b\u0103 zonele din Bucure\u0219ti care r\u0103m\u00e2n f\u0103r\u0103 ap\u0103 rece s\u0103pt\u0103m\u00e2na viitoare<\/strong><\/a><\/p>\n\n\n\n<h2 class=\"wp-block-heading\" id=\"h-orchestra-simfonica-bucure\u0219ti-concerte-de-muzica-clasica-alaturi-de-artisti-de-talie-internationala\">Orchestra Simfonic\u0103 Bucure\u0219ti-Concerte de muzic\u0103 clasic\u0103 al\u0103turi de arti\u015fti de talie interna\u0163ional\u0103<\/h2>\n\n\n\n<p><strong>De aproape dou\u0103 decenii, Orchestra Simfonic\u0103 Bucure\u0219ti aduce pe marile scene ale capitalei programe simfonice \u0219i lirice de excep\u021bie, consolid\u00e2ndu-\u0219i rolul de ambasador cultural al muzicii clasice \u00een Rom\u00e2nia. Cu s\u0103li arhipline \u0219i un public fidel care cre\u0219te de la an la an, OSB este unul dintre cele mai active \u0219i apreciate ansambluri din \u021bar\u0103 \u2014 prezent la festivaluri interna\u021bionale de prestigiu, \u00een s\u0103li de concert din Europa, America de Sud \u0219i Asia.<\/strong><\/p>\n\n\n\n<p>Din 2007, Orchestra Simfonic\u0103 Bucure\u0219ti a sus\u021binut sute de concerte al\u0103turi de arti\u0219ti renumi\u021bi de pretutindeni, a produs evenimente culturale de \u00eenalt\u0103 \u021binut\u0103 \u0219i a reprezentat cu m\u00e2ndrie Rom\u00e2nia \u00een lume. Orchestra Simfonic\u0103 Bucure\u0219ti a fost denumit\u0103 \u00een presa de specialitate din Argentina \u201co capsul\u0103 de for\u021b\u0103 \u0219i pasiune\u201d.<\/p>\n\n\n\n<h6 class=\"wp-block-heading\" id=\"h-dirijori\">Dirijori<\/h6>\n\n\n\n<p>John Axelrod, Jin Wang, Nicolae Moldoveanu, Alexandre Bloch, David Stern, Conrad van Alphen, Jose Luis Gomez, David Handel, Cem Mansur, Tiberiu Soare, Benoit Fromanger, Nicholas Krauze, Timothy Henty, Stathis Soulis \u0219i Mihail Hohlov.<\/p>\n\n\n\n<h6 class=\"wp-block-heading\" id=\"h-voci\">Voci<\/h6>\n\n\n\n<p>Angela Gheorghiu, Elena Mo\u0219uc, Irina Baian\u021b, Lara Fabian, Sarah Brightman, Linda Larsson, Joanna Woss, Vassiliki Karayanni, Tarja Turunen, Mario Frangoulis, Alessandro Safina, Alin Stoica, George Ionu\u021b V\u00eerban,Tadeusz Szlenkier.<\/p>\n\n\n\n<h6 class=\"wp-block-heading\" id=\"h-soli\u0219ti-instrumenti\u0219ti\">Soli\u0219ti instrumenti\u0219ti<\/h6>\n\n\n\n<p>Sarah Chang, Daishin Kashimoto \u2013 prim Concertmaestru al Filarmonicii din Berlin, Erik Schumann, David Lefevre \u2013 prim Concertmaestru al Monte-Monte-Carlo Philharmonic, George Tudorache \u2013 Concertmaestru London Symphony \/ Royal Philharmonic Liege, Corina Belcea, Bogdan B\u0103canu, Christoph Sietzen, Rodin Moldovan, Cristian Ganicenco, Elisabeth Fessler, Claudio Bohorquez, Alexandru Tomescu, Vlad Maistorovici, Gabriel Croitoru, Gabriela Montero, Viniciu Moroianu, R\u0103zvan Dragnea, Eduard Kunz, Sergiu Tuhu\u021biu. Alexander Schimpf, Pierre Reach, Avishai Cohen, Gabriela Montero.<\/p>\n\n\n\n<p><strong>CITE\u0218TE \u0218I:<\/strong> <a href=\"https:\/\/buletin.de\/bucuresti\/primaria-sectorului-1-scoate-la-licitatie-proiectarea-unui-complex-educational-pe-calea-dorobantilor-contract-ajunge-la-aprope-1-milion-de-euro\/\"><strong>Prim\u0103ria Sectorului 1 scoate la licita\u021bie proiectarea unui complex educa\u021bional pe Calea Doroban\u021bilor. Contractul ajunge la aprope 1 milion de euro<\/strong><\/a><\/p>\n","protected":false},"excerpt":{"rendered":"<p>Pe 24 mai, de la ora 19:30, Ateneul Rom\u00e2n g\u0103zduie\u0219te una dintre cele mai a\u0219teptate seri lirice ale sezonului. Orchestra Simfonic\u0103 Bucure\u0219ti aduce \u201eGala de Oper\u0103 Italian\u0103\u201d, cu cele mai iubite arii \u0219i duete din muzica de oper\u0103 italian\u0103. \u201eGala de Oper\u0103 Italian\u0103\u201d va fi adus\u0103 publicului bucure\u0219tean de soprana\u00a0Elena Mo\u0219uc \u0219i\u00a0tenorul\u00a0Florin Guzg\u0103.Orchestrei Simfonice Bucure\u0219ti [&hellip;]<\/p>\n","protected":false},"author":49,"featured_media":173015,"comment_status":"closed","ping_status":"open","sticky":false,"template":"","format":"standard","meta":{"_acf_changed":false,"inline_featured_image":false,"ngg_post_thumbnail":0,"footnotes":""},"categories":[6994,81,62],"tags":[12942,28095,8654],"ppma_author":[22574],"class_list":["post-190933","post","type-post","status-publish","format-standard","has-post-thumbnail","hentry","category-stiri-2","category-cultura","category-stiri","tag-ateneul-roman-2","tag-gala-de-opera-italiana","tag-orchestra-simfonica-bucuresti"],"acf":[],"yoast_head":"<!-- This site is optimized with the Yoast SEO Premium plugin v25.3 (Yoast SEO v27.5) - https:\/\/yoast.com\/product\/yoast-seo-premium-wordpress\/ -->\n<title>Eveniment nou, cu Orchestra Simfonic\u0103 Bucure\u0219ti. \u201eGala de Oper\u0103 Italian\u0103\u201d, la Ateneul Rom\u00e2n, \u00een luna mai - Buletin de Bucure\u0219ti<\/title>\n<meta name=\"description\" content=\"Ateneul Rom\u00e2n g\u0103zduie\u0219te una dintre cele mai a\u0219teptate seri lirice ale sezonului. Orchestra Simfonic\u0103 Bucure\u0219ti aduce \u201eGala de Oper\u0103 Italian\u0103\u201d\" \/>\n<meta name=\"robots\" content=\"index, follow, max-snippet:-1, max-image-preview:large, max-video-preview:-1\" \/>\n<link rel=\"canonical\" href=\"https:\/\/buletin.de\/bucuresti\/eveniment-nou-cu-orchestra-simfonica-bucuresti-gala-de-opera-italiana-la-ateneul-roman-in-luna-mai\/\" \/>\n<meta property=\"og:locale\" content=\"en_GB\" \/>\n<meta property=\"og:type\" content=\"article\" \/>\n<meta property=\"og:title\" content=\"Eveniment nou, cu Orchestra Simfonic\u0103 Bucure\u0219ti. \u201eGala de Oper\u0103 Italian\u0103\u201d, la Ateneul Rom\u00e2n, \u00een luna mai\" \/>\n<meta property=\"og:description\" content=\"Ateneul Rom\u00e2n g\u0103zduie\u0219te una dintre cele mai a\u0219teptate seri lirice ale sezonului. Orchestra Simfonic\u0103 Bucure\u0219ti aduce \u201eGala de Oper\u0103 Italian\u0103\u201d\" \/>\n<meta property=\"og:url\" content=\"https:\/\/buletin.de\/bucuresti\/eveniment-nou-cu-orchestra-simfonica-bucuresti-gala-de-opera-italiana-la-ateneul-roman-in-luna-mai\/\" \/>\n<meta property=\"og:site_name\" content=\"Buletin de Bucure\u0219ti\" \/>\n<meta property=\"article:publisher\" content=\"https:\/\/www.facebook.com\/buletin.de.buc\" \/>\n<meta property=\"article:published_time\" content=\"2026-05-03T08:51:17+00:00\" \/>\n<meta property=\"article:modified_time\" content=\"2026-05-03T08:51:18+00:00\" \/>\n<meta property=\"og:image\" content=\"https:\/\/buletin.de\/bucuresti\/wp-content\/uploads\/2026\/02\/header-foto_Orchestra-Simfonica-Bucuresti_turneu-Vivaldi-Rocks-1.jpg\" \/>\n\t<meta property=\"og:image:width\" content=\"1080\" \/>\n\t<meta property=\"og:image:height\" content=\"759\" \/>\n\t<meta property=\"og:image:type\" content=\"image\/jpeg\" \/>\n<meta name=\"author\" content=\"Diana Matei\" \/>\n<meta name=\"twitter:card\" content=\"summary_large_image\" \/>\n<meta name=\"twitter:label1\" content=\"Written by\" \/>\n\t<meta name=\"twitter:data1\" content=\"Diana Matei\" \/>\n\t<meta name=\"twitter:label2\" content=\"Estimated reading time\" \/>\n\t<meta name=\"twitter:data2\" content=\"3 minutes\" \/>\n<script type=\"application\/ld+json\" class=\"yoast-schema-graph\">{\"@context\":\"https:\\\/\\\/schema.org\",\"@graph\":[{\"@type\":\"Article\",\"@id\":\"https:\\\/\\\/buletin.de\\\/bucuresti\\\/eveniment-nou-cu-orchestra-simfonica-bucuresti-gala-de-opera-italiana-la-ateneul-roman-in-luna-mai\\\/#article\",\"isPartOf\":{\"@id\":\"https:\\\/\\\/buletin.de\\\/bucuresti\\\/eveniment-nou-cu-orchestra-simfonica-bucuresti-gala-de-opera-italiana-la-ateneul-roman-in-luna-mai\\\/\"},\"author\":{\"name\":\"Diana Matei\",\"@id\":\"https:\\\/\\\/buletin.de\\\/bucuresti\\\/#\\\/schema\\\/person\\\/7e46040573290777280a0835d81ea4ea\"},\"headline\":\"Eveniment nou, cu Orchestra Simfonic\u0103 Bucure\u0219ti. \u201eGala de Oper\u0103 Italian\u0103\u201d, la Ateneul Rom\u00e2n, \u00een luna mai\",\"datePublished\":\"2026-05-03T08:51:17+00:00\",\"dateModified\":\"2026-05-03T08:51:18+00:00\",\"mainEntityOfPage\":{\"@id\":\"https:\\\/\\\/buletin.de\\\/bucuresti\\\/eveniment-nou-cu-orchestra-simfonica-bucuresti-gala-de-opera-italiana-la-ateneul-roman-in-luna-mai\\\/\"},\"wordCount\":490,\"publisher\":{\"@id\":\"https:\\\/\\\/buletin.de\\\/bucuresti\\\/#organization\"},\"image\":{\"@id\":\"https:\\\/\\\/buletin.de\\\/bucuresti\\\/eveniment-nou-cu-orchestra-simfonica-bucuresti-gala-de-opera-italiana-la-ateneul-roman-in-luna-mai\\\/#primaryimage\"},\"thumbnailUrl\":\"https:\\\/\\\/buletin.de\\\/bucuresti\\\/wp-content\\\/uploads\\\/2026\\\/02\\\/header-foto_Orchestra-Simfonica-Bucuresti_turneu-Vivaldi-Rocks-1.jpg\",\"keywords\":[\"Ateneul Rom\u00e2n\",\"Gala de opera italiana\",\"Orchestra Simfonic\u0103 Bucure\u0219ti\"],\"articleSection\":[\"Articole\",\"Cultur\u0103\",\"\u0218tiri\"],\"inLanguage\":\"en-GB\",\"copyrightYear\":\"2026\",\"copyrightHolder\":{\"@id\":\"https:\\\/\\\/buletin.de\\\/bucuresti\\\/#organization\"}},{\"@type\":\"WebPage\",\"@id\":\"https:\\\/\\\/buletin.de\\\/bucuresti\\\/eveniment-nou-cu-orchestra-simfonica-bucuresti-gala-de-opera-italiana-la-ateneul-roman-in-luna-mai\\\/\",\"url\":\"https:\\\/\\\/buletin.de\\\/bucuresti\\\/eveniment-nou-cu-orchestra-simfonica-bucuresti-gala-de-opera-italiana-la-ateneul-roman-in-luna-mai\\\/\",\"name\":\"Eveniment nou, cu Orchestra Simfonic\u0103 Bucure\u0219ti. \u201eGala de Oper\u0103 Italian\u0103\u201d, la Ateneul Rom\u00e2n, \u00een luna mai - Buletin de Bucure\u0219ti\",\"isPartOf\":{\"@id\":\"https:\\\/\\\/buletin.de\\\/bucuresti\\\/#website\"},\"primaryImageOfPage\":{\"@id\":\"https:\\\/\\\/buletin.de\\\/bucuresti\\\/eveniment-nou-cu-orchestra-simfonica-bucuresti-gala-de-opera-italiana-la-ateneul-roman-in-luna-mai\\\/#primaryimage\"},\"image\":{\"@id\":\"https:\\\/\\\/buletin.de\\\/bucuresti\\\/eveniment-nou-cu-orchestra-simfonica-bucuresti-gala-de-opera-italiana-la-ateneul-roman-in-luna-mai\\\/#primaryimage\"},\"thumbnailUrl\":\"https:\\\/\\\/buletin.de\\\/bucuresti\\\/wp-content\\\/uploads\\\/2026\\\/02\\\/header-foto_Orchestra-Simfonica-Bucuresti_turneu-Vivaldi-Rocks-1.jpg\",\"datePublished\":\"2026-05-03T08:51:17+00:00\",\"dateModified\":\"2026-05-03T08:51:18+00:00\",\"description\":\"Ateneul Rom\u00e2n g\u0103zduie\u0219te una dintre cele mai a\u0219teptate seri lirice ale sezonului. Orchestra Simfonic\u0103 Bucure\u0219ti aduce \u201eGala de Oper\u0103 Italian\u0103\u201d\",\"breadcrumb\":{\"@id\":\"https:\\\/\\\/buletin.de\\\/bucuresti\\\/eveniment-nou-cu-orchestra-simfonica-bucuresti-gala-de-opera-italiana-la-ateneul-roman-in-luna-mai\\\/#breadcrumb\"},\"inLanguage\":\"en-GB\",\"potentialAction\":[{\"@type\":\"ReadAction\",\"target\":[\"https:\\\/\\\/buletin.de\\\/bucuresti\\\/eveniment-nou-cu-orchestra-simfonica-bucuresti-gala-de-opera-italiana-la-ateneul-roman-in-luna-mai\\\/\"]}]},{\"@type\":\"ImageObject\",\"inLanguage\":\"en-GB\",\"@id\":\"https:\\\/\\\/buletin.de\\\/bucuresti\\\/eveniment-nou-cu-orchestra-simfonica-bucuresti-gala-de-opera-italiana-la-ateneul-roman-in-luna-mai\\\/#primaryimage\",\"url\":\"https:\\\/\\\/buletin.de\\\/bucuresti\\\/wp-content\\\/uploads\\\/2026\\\/02\\\/header-foto_Orchestra-Simfonica-Bucuresti_turneu-Vivaldi-Rocks-1.jpg\",\"contentUrl\":\"https:\\\/\\\/buletin.de\\\/bucuresti\\\/wp-content\\\/uploads\\\/2026\\\/02\\\/header-foto_Orchestra-Simfonica-Bucuresti_turneu-Vivaldi-Rocks-1.jpg\",\"width\":1080,\"height\":759,\"caption\":\"VEveniment nou, cu Orchestra Simfonic\u0103 Bucure\u0219ti. \u201eGala de Oper\u0103 Italian\u0103\u201d, la Ateneul Rom\u00e2n, \u00een luna mai FOTO: zilesinopti.ro\"},{\"@type\":\"BreadcrumbList\",\"@id\":\"https:\\\/\\\/buletin.de\\\/bucuresti\\\/eveniment-nou-cu-orchestra-simfonica-bucuresti-gala-de-opera-italiana-la-ateneul-roman-in-luna-mai\\\/#breadcrumb\",\"itemListElement\":[{\"@type\":\"ListItem\",\"position\":1,\"name\":\"Acas\u0103\",\"item\":\"https:\\\/\\\/buletin.de\\\/bucuresti\\\/\"},{\"@type\":\"ListItem\",\"position\":2,\"name\":\"Eveniment nou, cu Orchestra Simfonic\u0103 Bucure\u0219ti. \u201eGala de Oper\u0103 Italian\u0103\u201d, la Ateneul Rom\u00e2n, \u00een luna mai\"}]},{\"@type\":\"WebSite\",\"@id\":\"https:\\\/\\\/buletin.de\\\/bucuresti\\\/#website\",\"url\":\"https:\\\/\\\/buletin.de\\\/bucuresti\\\/\",\"name\":\"Buletin de Bucure\u0219ti\",\"description\":\"\u0218tiri \u0219i investiga\u021bii esen\u021biale din capital\u0103\",\"publisher\":{\"@id\":\"https:\\\/\\\/buletin.de\\\/bucuresti\\\/#organization\"},\"potentialAction\":[{\"@type\":\"SearchAction\",\"target\":{\"@type\":\"EntryPoint\",\"urlTemplate\":\"https:\\\/\\\/buletin.de\\\/bucuresti\\\/?s={search_term_string}\"},\"query-input\":{\"@type\":\"PropertyValueSpecification\",\"valueRequired\":true,\"valueName\":\"search_term_string\"}}],\"inLanguage\":\"en-GB\"},{\"@type\":\"Organization\",\"@id\":\"https:\\\/\\\/buletin.de\\\/bucuresti\\\/#organization\",\"name\":\"Buletin de Bucure\u0219ti\",\"url\":\"https:\\\/\\\/buletin.de\\\/bucuresti\\\/\",\"logo\":{\"@type\":\"ImageObject\",\"inLanguage\":\"en-GB\",\"@id\":\"https:\\\/\\\/buletin.de\\\/bucuresti\\\/#\\\/schema\\\/logo\\\/image\\\/\",\"url\":\"https:\\\/\\\/buletin.de\\\/bucuresti\\\/wp-content\\\/uploads\\\/logo-bdb-full-wide-vernil-transparent.png\",\"contentUrl\":\"https:\\\/\\\/buletin.de\\\/bucuresti\\\/wp-content\\\/uploads\\\/logo-bdb-full-wide-vernil-transparent.png\",\"width\":1782,\"height\":626,\"caption\":\"Buletin de Bucure\u0219ti\"},\"image\":{\"@id\":\"https:\\\/\\\/buletin.de\\\/bucuresti\\\/#\\\/schema\\\/logo\\\/image\\\/\"},\"sameAs\":[\"https:\\\/\\\/www.facebook.com\\\/buletin.de.buc\",\"https:\\\/\\\/www.instagram.com\\\/buletinde.bucuresti\\\/\"]},{\"@type\":\"Person\",\"@id\":\"https:\\\/\\\/buletin.de\\\/bucuresti\\\/#\\\/schema\\\/person\\\/7e46040573290777280a0835d81ea4ea\",\"name\":\"Diana Matei\",\"image\":{\"@type\":\"ImageObject\",\"inLanguage\":\"en-GB\",\"@id\":\"https:\\\/\\\/buletin.de\\\/bucuresti\\\/wp-content\\\/uploads\\\/9-2-96x96.jpg1e8590b30871d70e62ebcdaf2eff570c\",\"url\":\"https:\\\/\\\/buletin.de\\\/bucuresti\\\/wp-content\\\/uploads\\\/9-2-96x96.jpg\",\"contentUrl\":\"https:\\\/\\\/buletin.de\\\/bucuresti\\\/wp-content\\\/uploads\\\/9-2-96x96.jpg\",\"caption\":\"Diana Matei\"},\"url\":\"https:\\\/\\\/buletin.de\\\/bucuresti\\\/author\\\/dianamatei\\\/\"}]}<\/script>\n<!-- \/ Yoast SEO Premium plugin. -->","yoast_head_json":{"title":"Eveniment nou, cu Orchestra Simfonic\u0103 Bucure\u0219ti. \u201eGala de Oper\u0103 Italian\u0103\u201d, la Ateneul Rom\u00e2n, \u00een luna mai - Buletin de Bucure\u0219ti","description":"Ateneul Rom\u00e2n g\u0103zduie\u0219te una dintre cele mai a\u0219teptate seri lirice ale sezonului. Orchestra Simfonic\u0103 Bucure\u0219ti aduce \u201eGala de Oper\u0103 Italian\u0103\u201d","robots":{"index":"index","follow":"follow","max-snippet":"max-snippet:-1","max-image-preview":"max-image-preview:large","max-video-preview":"max-video-preview:-1"},"canonical":"https:\/\/buletin.de\/bucuresti\/eveniment-nou-cu-orchestra-simfonica-bucuresti-gala-de-opera-italiana-la-ateneul-roman-in-luna-mai\/","og_locale":"en_GB","og_type":"article","og_title":"Eveniment nou, cu Orchestra Simfonic\u0103 Bucure\u0219ti. \u201eGala de Oper\u0103 Italian\u0103\u201d, la Ateneul Rom\u00e2n, \u00een luna mai","og_description":"Ateneul Rom\u00e2n g\u0103zduie\u0219te una dintre cele mai a\u0219teptate seri lirice ale sezonului. Orchestra Simfonic\u0103 Bucure\u0219ti aduce \u201eGala de Oper\u0103 Italian\u0103\u201d","og_url":"https:\/\/buletin.de\/bucuresti\/eveniment-nou-cu-orchestra-simfonica-bucuresti-gala-de-opera-italiana-la-ateneul-roman-in-luna-mai\/","og_site_name":"Buletin de Bucure\u0219ti","article_publisher":"https:\/\/www.facebook.com\/buletin.de.buc","article_published_time":"2026-05-03T08:51:17+00:00","article_modified_time":"2026-05-03T08:51:18+00:00","og_image":[{"width":1080,"height":759,"url":"https:\/\/buletin.de\/bucuresti\/wp-content\/uploads\/2026\/02\/header-foto_Orchestra-Simfonica-Bucuresti_turneu-Vivaldi-Rocks-1.jpg","type":"image\/jpeg"}],"author":"Diana Matei","twitter_card":"summary_large_image","twitter_misc":{"Written by":"Diana Matei","Estimated reading time":"3 minutes"},"schema":{"@context":"https:\/\/schema.org","@graph":[{"@type":"Article","@id":"https:\/\/buletin.de\/bucuresti\/eveniment-nou-cu-orchestra-simfonica-bucuresti-gala-de-opera-italiana-la-ateneul-roman-in-luna-mai\/#article","isPartOf":{"@id":"https:\/\/buletin.de\/bucuresti\/eveniment-nou-cu-orchestra-simfonica-bucuresti-gala-de-opera-italiana-la-ateneul-roman-in-luna-mai\/"},"author":{"name":"Diana Matei","@id":"https:\/\/buletin.de\/bucuresti\/#\/schema\/person\/7e46040573290777280a0835d81ea4ea"},"headline":"Eveniment nou, cu Orchestra Simfonic\u0103 Bucure\u0219ti. \u201eGala de Oper\u0103 Italian\u0103\u201d, la Ateneul Rom\u00e2n, \u00een luna mai","datePublished":"2026-05-03T08:51:17+00:00","dateModified":"2026-05-03T08:51:18+00:00","mainEntityOfPage":{"@id":"https:\/\/buletin.de\/bucuresti\/eveniment-nou-cu-orchestra-simfonica-bucuresti-gala-de-opera-italiana-la-ateneul-roman-in-luna-mai\/"},"wordCount":490,"publisher":{"@id":"https:\/\/buletin.de\/bucuresti\/#organization"},"image":{"@id":"https:\/\/buletin.de\/bucuresti\/eveniment-nou-cu-orchestra-simfonica-bucuresti-gala-de-opera-italiana-la-ateneul-roman-in-luna-mai\/#primaryimage"},"thumbnailUrl":"https:\/\/buletin.de\/bucuresti\/wp-content\/uploads\/2026\/02\/header-foto_Orchestra-Simfonica-Bucuresti_turneu-Vivaldi-Rocks-1.jpg","keywords":["Ateneul Rom\u00e2n","Gala de opera italiana","Orchestra Simfonic\u0103 Bucure\u0219ti"],"articleSection":["Articole","Cultur\u0103","\u0218tiri"],"inLanguage":"en-GB","copyrightYear":"2026","copyrightHolder":{"@id":"https:\/\/buletin.de\/bucuresti\/#organization"}},{"@type":"WebPage","@id":"https:\/\/buletin.de\/bucuresti\/eveniment-nou-cu-orchestra-simfonica-bucuresti-gala-de-opera-italiana-la-ateneul-roman-in-luna-mai\/","url":"https:\/\/buletin.de\/bucuresti\/eveniment-nou-cu-orchestra-simfonica-bucuresti-gala-de-opera-italiana-la-ateneul-roman-in-luna-mai\/","name":"Eveniment nou, cu Orchestra Simfonic\u0103 Bucure\u0219ti. \u201eGala de Oper\u0103 Italian\u0103\u201d, la Ateneul Rom\u00e2n, \u00een luna mai - Buletin de Bucure\u0219ti","isPartOf":{"@id":"https:\/\/buletin.de\/bucuresti\/#website"},"primaryImageOfPage":{"@id":"https:\/\/buletin.de\/bucuresti\/eveniment-nou-cu-orchestra-simfonica-bucuresti-gala-de-opera-italiana-la-ateneul-roman-in-luna-mai\/#primaryimage"},"image":{"@id":"https:\/\/buletin.de\/bucuresti\/eveniment-nou-cu-orchestra-simfonica-bucuresti-gala-de-opera-italiana-la-ateneul-roman-in-luna-mai\/#primaryimage"},"thumbnailUrl":"https:\/\/buletin.de\/bucuresti\/wp-content\/uploads\/2026\/02\/header-foto_Orchestra-Simfonica-Bucuresti_turneu-Vivaldi-Rocks-1.jpg","datePublished":"2026-05-03T08:51:17+00:00","dateModified":"2026-05-03T08:51:18+00:00","description":"Ateneul Rom\u00e2n g\u0103zduie\u0219te una dintre cele mai a\u0219teptate seri lirice ale sezonului. Orchestra Simfonic\u0103 Bucure\u0219ti aduce \u201eGala de Oper\u0103 Italian\u0103\u201d","breadcrumb":{"@id":"https:\/\/buletin.de\/bucuresti\/eveniment-nou-cu-orchestra-simfonica-bucuresti-gala-de-opera-italiana-la-ateneul-roman-in-luna-mai\/#breadcrumb"},"inLanguage":"en-GB","potentialAction":[{"@type":"ReadAction","target":["https:\/\/buletin.de\/bucuresti\/eveniment-nou-cu-orchestra-simfonica-bucuresti-gala-de-opera-italiana-la-ateneul-roman-in-luna-mai\/"]}]},{"@type":"ImageObject","inLanguage":"en-GB","@id":"https:\/\/buletin.de\/bucuresti\/eveniment-nou-cu-orchestra-simfonica-bucuresti-gala-de-opera-italiana-la-ateneul-roman-in-luna-mai\/#primaryimage","url":"https:\/\/buletin.de\/bucuresti\/wp-content\/uploads\/2026\/02\/header-foto_Orchestra-Simfonica-Bucuresti_turneu-Vivaldi-Rocks-1.jpg","contentUrl":"https:\/\/buletin.de\/bucuresti\/wp-content\/uploads\/2026\/02\/header-foto_Orchestra-Simfonica-Bucuresti_turneu-Vivaldi-Rocks-1.jpg","width":1080,"height":759,"caption":"VEveniment nou, cu Orchestra Simfonic\u0103 Bucure\u0219ti. \u201eGala de Oper\u0103 Italian\u0103\u201d, la Ateneul Rom\u00e2n, \u00een luna mai FOTO: zilesinopti.ro"},{"@type":"BreadcrumbList","@id":"https:\/\/buletin.de\/bucuresti\/eveniment-nou-cu-orchestra-simfonica-bucuresti-gala-de-opera-italiana-la-ateneul-roman-in-luna-mai\/#breadcrumb","itemListElement":[{"@type":"ListItem","position":1,"name":"Acas\u0103","item":"https:\/\/buletin.de\/bucuresti\/"},{"@type":"ListItem","position":2,"name":"Eveniment nou, cu Orchestra Simfonic\u0103 Bucure\u0219ti. \u201eGala de Oper\u0103 Italian\u0103\u201d, la Ateneul Rom\u00e2n, \u00een luna mai"}]},{"@type":"WebSite","@id":"https:\/\/buletin.de\/bucuresti\/#website","url":"https:\/\/buletin.de\/bucuresti\/","name":"Buletin de Bucure\u0219ti","description":"\u0218tiri \u0219i investiga\u021bii esen\u021biale din capital\u0103","publisher":{"@id":"https:\/\/buletin.de\/bucuresti\/#organization"},"potentialAction":[{"@type":"SearchAction","target":{"@type":"EntryPoint","urlTemplate":"https:\/\/buletin.de\/bucuresti\/?s={search_term_string}"},"query-input":{"@type":"PropertyValueSpecification","valueRequired":true,"valueName":"search_term_string"}}],"inLanguage":"en-GB"},{"@type":"Organization","@id":"https:\/\/buletin.de\/bucuresti\/#organization","name":"Buletin de Bucure\u0219ti","url":"https:\/\/buletin.de\/bucuresti\/","logo":{"@type":"ImageObject","inLanguage":"en-GB","@id":"https:\/\/buletin.de\/bucuresti\/#\/schema\/logo\/image\/","url":"https:\/\/buletin.de\/bucuresti\/wp-content\/uploads\/logo-bdb-full-wide-vernil-transparent.png","contentUrl":"https:\/\/buletin.de\/bucuresti\/wp-content\/uploads\/logo-bdb-full-wide-vernil-transparent.png","width":1782,"height":626,"caption":"Buletin de Bucure\u0219ti"},"image":{"@id":"https:\/\/buletin.de\/bucuresti\/#\/schema\/logo\/image\/"},"sameAs":["https:\/\/www.facebook.com\/buletin.de.buc","https:\/\/www.instagram.com\/buletinde.bucuresti\/"]},{"@type":"Person","@id":"https:\/\/buletin.de\/bucuresti\/#\/schema\/person\/7e46040573290777280a0835d81ea4ea","name":"Diana Matei","image":{"@type":"ImageObject","inLanguage":"en-GB","@id":"https:\/\/buletin.de\/bucuresti\/wp-content\/uploads\/9-2-96x96.jpg1e8590b30871d70e62ebcdaf2eff570c","url":"https:\/\/buletin.de\/bucuresti\/wp-content\/uploads\/9-2-96x96.jpg","contentUrl":"https:\/\/buletin.de\/bucuresti\/wp-content\/uploads\/9-2-96x96.jpg","caption":"Diana Matei"},"url":"https:\/\/buletin.de\/bucuresti\/author\/dianamatei\/"}]}},"authors":[{"term_id":22574,"user_id":49,"is_guest":0,"slug":"dianamatei","display_name":"Diana Matei","avatar_url":"https:\/\/buletin.de\/bucuresti\/wp-content\/uploads\/9-2-96x96.jpg","0":null,"1":"","2":"","3":"","4":"","5":"","6":"","7":"","8":""}],"_links":{"self":[{"href":"https:\/\/buletin.de\/bucuresti\/wp-json\/wp\/v2\/posts\/190933","targetHints":{"allow":["GET"]}}],"collection":[{"href":"https:\/\/buletin.de\/bucuresti\/wp-json\/wp\/v2\/posts"}],"about":[{"href":"https:\/\/buletin.de\/bucuresti\/wp-json\/wp\/v2\/types\/post"}],"author":[{"embeddable":true,"href":"https:\/\/buletin.de\/bucuresti\/wp-json\/wp\/v2\/users\/49"}],"replies":[{"embeddable":true,"href":"https:\/\/buletin.de\/bucuresti\/wp-json\/wp\/v2\/comments?post=190933"}],"version-history":[{"count":3,"href":"https:\/\/buletin.de\/bucuresti\/wp-json\/wp\/v2\/posts\/190933\/revisions"}],"predecessor-version":[{"id":190943,"href":"https:\/\/buletin.de\/bucuresti\/wp-json\/wp\/v2\/posts\/190933\/revisions\/190943"}],"wp:featuredmedia":[{"embeddable":true,"href":"https:\/\/buletin.de\/bucuresti\/wp-json\/wp\/v2\/media\/173015"}],"wp:attachment":[{"href":"https:\/\/buletin.de\/bucuresti\/wp-json\/wp\/v2\/media?parent=190933"}],"wp:term":[{"taxonomy":"category","embeddable":true,"href":"https:\/\/buletin.de\/bucuresti\/wp-json\/wp\/v2\/categories?post=190933"},{"taxonomy":"post_tag","embeddable":true,"href":"https:\/\/buletin.de\/bucuresti\/wp-json\/wp\/v2\/tags?post=190933"},{"taxonomy":"author","embeddable":true,"href":"https:\/\/buletin.de\/bucuresti\/wp-json\/wp\/v2\/ppma_author?post=190933"}],"curies":[{"name":"wp","href":"https:\/\/api.w.org\/{rel}","templated":true}]}}