{"id":190930,"date":"2026-05-03T13:00:24","date_gmt":"2026-05-03T10:00:24","guid":{"rendered":"https:\/\/buletin.de\/bucuresti\/?p=190930"},"modified":"2026-05-03T13:00:25","modified_gmt":"2026-05-03T10:00:25","slug":"autostrada-moldovei-a7-5-000-de-muncitori-mobilizati-pentru-finalizarea-tronsoanelor-focsani-bacau-pascani","status":"publish","type":"post","link":"https:\/\/buletin.de\/bucuresti\/autostrada-moldovei-a7-5-000-de-muncitori-mobilizati-pentru-finalizarea-tronsoanelor-focsani-bacau-pascani\/","title":{"rendered":"Autostrada Moldovei A7: 5.000 de muncitori mobiliza\u021bi pentru finalizarea tronsoanelor Foc\u0219ani &#8211; Bac\u0103u &#8211; Pa\u0219cani"},"content":{"rendered":"\n<p><strong>Pe \u0219antierul Autostr\u0103zii Moldovei A7 au fost mobiliza\u021bi 5.000 de muncitori \u0219i peste 1.000 de utilaje, pe tronsoanele Foc\u0219ani &#8211; Bac\u0103u &#8211; Pa\u0219cani, iar lucr\u0103rile avanseaz\u0103 vizibil, potrivit informa\u021biilor <a href=\"https:\/\/www.facebook.com\/reel\/4429829413964899\/\" type=\"link\" id=\"https:\/\/www.facebook.com\/reel\/4429829413964899\/\" target=\"_blank\" rel=\"noreferrer noopener\">transmise de Hora\u021biu Cosma<\/a>, secretar de stat \u00een Ministerul Transporturilor. <\/strong><\/p>\n\n\n\n<p>\u00cen fiecare zi sunt folosite cantit\u0103\u021bi semnificative de materiale, \u0219i anume peste 10.000 de tone de asfalt, dar \u0219i beton \u0219i umpluturi pentru terasamente. Autorit\u0103\u021bile sus\u021bin c\u0103 ritmul de execu\u021bie este unul sus\u021binut, pe fondul apropierii termenelor stabilite prin Planul Na\u021bional de Redresare \u0219i Rezilien\u021b\u0103 (PNRR).<\/p>\n\n\n\n<h2 class=\"wp-block-heading\" id=\"h-5-000-de-muncitori-pe-autostrada-moldovei-a7\">5.000 de muncitori pe Autostrada Moldovei A7<\/h2>\n\n\n\n<p>Un prim obiectiv este respectarea jaloanelor PNRR p\u00e2n\u0103 \u00een luna august 2026, pentru a asigura accesul integral la finan\u021barea nerambursabil\u0103. Constructorul a transmis c\u0103 obiectivul poate fi atins \u00een timp util. <\/p>\n\n\n\n<p><em>\u201e\u00cen august avem prima \u021bint\u0103 major\u0103: \u00eendeplinirea jaloanelor din PNRR \u0219i ob\u021binerea integral\u0103 a finan\u021b\u0103rii europene nerambursabile. Pentru asta, \u0219antierele trebuie s\u0103 \u201eduduie\u201d \u2013 \u0219i la propriu, \u0219i la figurat \u2013 \u00een urm\u0103toarele luni. Avem promisiunea ferm\u0103 a constructorului c\u0103 obiectivul va fi atins.<\/em>\u201d, a precizat secretarul de stat. <\/p>\n\n\n\n<p><strong>Totodat\u0103, autorit\u0103\u021bile \u00ee\u0219i propun deschiderea circula\u021biei pe \u00eentreg tronsonul p\u00e2n\u0103 la Pa\u0219cani, p\u00e2n\u0103 la finalul acestui an. Este vorba despre aproximativ 320 de kilometri realiza\u021bi \u00een patru ani. <\/strong><\/p>\n\n\n\n<p>\u00cen sec\u021biunea de comentarii, Hora\u021biu Cosma a precizat c\u0103 obiectivul este s\u0103 ajung\u0103 p\u00e2n\u0103 la S\u0103b\u0103oani p\u00e2n\u0103 \u00een august. Cu toate acestea, exist\u0103 incertitudini privind finalizarea p\u00e2n\u0103 la termenul limit\u0103 prev\u0103zut de PNRR.<\/p>\n\n\n\n<p>Ca solu\u021bie, este analizat\u0103 posibilitatea mut\u0103rii finan\u021b\u0103rii unor <a href=\"https:\/\/buletin.de\/bucuresti\/autostrada-moldovei-inca-20-de-kilometri-de-asfalt-spre-bacau-si-un-nou-centru-de-intretinere-si-reparatii\/\" type=\"link\" id=\"https:\/\/buletin.de\/bucuresti\/autostrada-moldovei-inca-20-de-kilometri-de-asfalt-spre-bacau-si-un-nou-centru-de-intretinere-si-reparatii\/\" target=\"_blank\" rel=\"noreferrer noopener\">tronsoane <\/a>de pe componenta de grant (fonduri nerambursabile) pe cea de \u00eemprumut, pentru a se evita pierderea fondurilor europene. Fondurile disponibile ar putea fi redirec\u021bionate c\u0103tre proiecte aflate \u00eentr-un stadiu mai avansat de execu\u021bie. <\/p>\n\n\n\n<p><em>\u201eNoi \u021bintim s\u0103 ajungem la S\u0103b\u0103oani p\u00e2n\u0103 \u00een august. Dar av\u00e2nd \u00een vedere c\u0103 de la Bac\u0103u la S\u0103b\u0103oani exist\u0103 riscuri obiective s\u0103 trecem dincolo de august cu deschiderea traficului (vremea \u00een special), analiz\u0103m un schimb grant &#8211; loan \u00eentre cele 2 tronsoane Bac\u0103u &#8211; S\u0103b\u0103oani \u015fi cele mai avansate 2 tronsoane de pe calea ferat\u0103 care vor atinge jalonul PNRR cel mai probabil \u00een iulie. Obiectivul este s\u0103 maximiz\u0103m \u015fansele Rom\u00e2niei s\u0103 ia grant-ul din PNRR (bani gratis). \u00cen \u015fantiere nu se va modifica nimic, fluxul financiar rom\u00e2nesc r\u0103m\u00e2ne neschimbat.\u201d<\/em>, a explicat acesta. <\/p>\n\n\n\n<h2 class=\"wp-block-heading\" id=\"h-unele-tronsoane-risca-sa-nu-fie-finalizate-pana-la-vara\">Unele tronsoane risc\u0103 s\u0103 nu fie finalizate p\u00e2n\u0103 la var\u0103 <\/h2>\n\n\n\n<p><strong>Posibilitatea reorganiz\u0103rii finan\u021b\u0103rii proiectelor, pentru a evita pierderea fondurilor europene nerambursabile, a fost men\u021bionat\u0103 \u0219i de ministrul interimar al Transporturilor, Radu Miru\u021b\u0103. <\/strong>M\u0103sura ar permite Rom\u00e2niei s\u0103 maximizeze utilizarea banilor nerambursabili, f\u0103r\u0103 a afla ritmul lucr\u0103rilor aflate deja \u00een desf\u0103\u0219urare. <\/p>\n\n\n\n<p>\u00cen urm\u0103 cu c\u00e2teva zile, acesta a declarat c\u0103 unele tronsoane ale Autostr\u0103zii A7, \u00een special cele din zona Bac\u0103ului, risc\u0103 s\u0103 nu fie finalizate p\u00e2n\u0103 la termenul-limit\u0103 din august. Pe aceste loturi, stadiul fizic al lucr\u0103rilor este de 45-50%.<\/p>\n\n\n\n<p>Acesta a subliniat c\u0103 estim\u0103rile Ministerului Transporturilor privind proiectul sunt mai \u201epesimiste\u201d dec\u00e2t cele ale constructorului.<\/p>\n\n\n\n<p>\u201ev=<em>Sunt probleme raportat la termenul din PNRR, nu la termenul pe care \u0219i l-a asumat constructorul. C\u0103 sunt dou\u0103 praguri. Constructorul \u0219i-a luat termen pentru multe din aceste loturi (din A7 -n.r.) \u2013 finalul lui 2026. \u00cen PNRR, termenul \u2013 limit\u0103 p\u00e2n\u0103 la care putem utiliza ace\u0219ti bani este luna august 2026. Noi \u00eencerc\u0103m s\u0103 discut\u0103m cu constructorul dac\u0103 ar putea termina p\u00e2n\u0103 \u00een august, chiar dac\u0103 obliga\u021bia dumnealui este p\u00e2n\u0103 \u00een decembrie.<\/em>\u201d, a ad\u0103ugat ministrul. <\/p>\n\n\n\n<p><strong>Autostrada A7 este considerat\u0103 unul dintre cele mai importante proiecte de infrastructur\u0103 rutier\u0103 din Rom\u00e2nia, care leag\u0103 Moldova de Muntenia. <\/strong><\/p>\n\n\n\n<p>CITE\u0218TE \u0218I <a href=\"https:\/\/buletin.de\/bucuresti\/primaria-sectorului-1-scoate-la-licitatie-proiectarea-unui-complex-educational-pe-calea-dorobantilor-contract-ajunge-la-aprope-1-milion-de-euro\/\" target=\"_blank\" rel=\"noreferrer noopener\">Prim\u0103ria Sectorului 1 scoate la licita\u021bie proiectarea unui complex educa\u021bional pe Calea Doroban\u021bilor. Contractul ajunge la aprope 1 milion de euro<\/a><\/p>\n\n\n\n<p><br><\/p>\n","protected":false},"excerpt":{"rendered":"<p>Pe \u0219antierul Autostr\u0103zii Moldovei A7 au fost mobiliza\u021bi 5.000 de muncitori \u0219i peste 1.000 de utilaje, pe tronsoanele Foc\u0219ani &#8211; Bac\u0103u &#8211; Pa\u0219cani, iar lucr\u0103rile avanseaz\u0103 vizibil, potrivit informa\u021biilor transmise de Hora\u021biu Cosma, secretar de stat \u00een Ministerul Transporturilor. \u00cen fiecare zi sunt folosite cantit\u0103\u021bi semnificative de materiale, \u0219i anume peste 10.000 de tone de [&hellip;]<\/p>\n","protected":false},"author":65,"featured_media":190953,"comment_status":"closed","ping_status":"open","sticky":false,"template":"","format":"standard","meta":{"_acf_changed":false,"inline_featured_image":false,"ngg_post_thumbnail":0,"footnotes":""},"categories":[6994,62,650],"tags":[7934,16640,26223,436],"ppma_author":[23912],"class_list":["post-190930","post","type-post","status-publish","format-standard","has-post-thumbnail","hentry","category-stiri-2","category-stiri","category-transport","tag-a7","tag-autostrada-moldovei","tag-lucrari-autostrada","tag-santier"],"acf":[],"yoast_head":"<!-- This site is optimized with the Yoast SEO Premium plugin v25.3 (Yoast SEO v27.5) - https:\/\/yoast.com\/product\/yoast-seo-premium-wordpress\/ -->\n<title>Autostrada Moldovei A7: 5.000 de muncitori mobiliza\u021bi pentru finalizarea tronsoanelor Foc\u0219ani - Bac\u0103u - Pa\u0219cani - Buletin de Bucure\u0219ti<\/title>\n<meta name=\"description\" content=\"Pe \u0219antierul Autostr\u0103zii Moldovei A7 au fost mobiliza\u021bi 5.000 de muncitori \u0219i peste 1.000 de utilaje, pe tronsoanele Foc\u0219ani - Bac\u0103u - Pa\u0219cani\" \/>\n<meta name=\"robots\" content=\"index, follow, max-snippet:-1, max-image-preview:large, max-video-preview:-1\" \/>\n<link rel=\"canonical\" href=\"https:\/\/buletin.de\/bucuresti\/autostrada-moldovei-a7-5-000-de-muncitori-mobilizati-pentru-finalizarea-tronsoanelor-focsani-bacau-pascani\/\" \/>\n<meta property=\"og:locale\" content=\"en_GB\" \/>\n<meta property=\"og:type\" content=\"article\" \/>\n<meta property=\"og:title\" content=\"Autostrada Moldovei A7: 5.000 de muncitori mobiliza\u021bi pentru finalizarea tronsoanelor Foc\u0219ani - Bac\u0103u - Pa\u0219cani\" \/>\n<meta property=\"og:description\" content=\"Pe \u0219antierul Autostr\u0103zii Moldovei A7 au fost mobiliza\u021bi 5.000 de muncitori \u0219i peste 1.000 de utilaje, pe tronsoanele Foc\u0219ani - Bac\u0103u - Pa\u0219cani\" \/>\n<meta property=\"og:url\" content=\"https:\/\/buletin.de\/bucuresti\/autostrada-moldovei-a7-5-000-de-muncitori-mobilizati-pentru-finalizarea-tronsoanelor-focsani-bacau-pascani\/\" \/>\n<meta property=\"og:site_name\" content=\"Buletin de Bucure\u0219ti\" \/>\n<meta property=\"article:publisher\" content=\"https:\/\/www.facebook.com\/buletin.de.buc\" \/>\n<meta property=\"article:published_time\" content=\"2026-05-03T10:00:24+00:00\" \/>\n<meta property=\"article:modified_time\" content=\"2026-05-03T10:00:25+00:00\" \/>\n<meta property=\"og:image\" content=\"https:\/\/buletin.de\/bucuresti\/wp-content\/uploads\/2026\/05\/Autostrada-Moldovei-A7.jpg\" \/>\n\t<meta property=\"og:image:width\" content=\"1200\" \/>\n\t<meta property=\"og:image:height\" content=\"650\" \/>\n\t<meta property=\"og:image:type\" content=\"image\/jpeg\" \/>\n<meta name=\"author\" content=\"Andreea St\u0103n\u0103r\u00eeng\u0103\" \/>\n<meta name=\"twitter:card\" content=\"summary_large_image\" \/>\n<meta name=\"twitter:label1\" content=\"Written by\" \/>\n\t<meta name=\"twitter:data1\" content=\"Andreea St\u0103n\u0103r\u00eeng\u0103\" \/>\n\t<meta name=\"twitter:label2\" content=\"Estimated reading time\" \/>\n\t<meta name=\"twitter:data2\" content=\"3 minutes\" \/>\n<script type=\"application\/ld+json\" class=\"yoast-schema-graph\">{\"@context\":\"https:\\\/\\\/schema.org\",\"@graph\":[{\"@type\":\"Article\",\"@id\":\"https:\\\/\\\/buletin.de\\\/bucuresti\\\/autostrada-moldovei-a7-5-000-de-muncitori-mobilizati-pentru-finalizarea-tronsoanelor-focsani-bacau-pascani\\\/#article\",\"isPartOf\":{\"@id\":\"https:\\\/\\\/buletin.de\\\/bucuresti\\\/autostrada-moldovei-a7-5-000-de-muncitori-mobilizati-pentru-finalizarea-tronsoanelor-focsani-bacau-pascani\\\/\"},\"author\":{\"name\":\"Andreea St\u0103n\u0103r\u00eeng\u0103\",\"@id\":\"https:\\\/\\\/buletin.de\\\/bucuresti\\\/#\\\/schema\\\/person\\\/81421a46fb84a0887cfd2238f5202586\"},\"headline\":\"Autostrada Moldovei A7: 5.000 de muncitori mobiliza\u021bi pentru finalizarea tronsoanelor Foc\u0219ani &#8211; Bac\u0103u &#8211; Pa\u0219cani\",\"datePublished\":\"2026-05-03T10:00:24+00:00\",\"dateModified\":\"2026-05-03T10:00:25+00:00\",\"mainEntityOfPage\":{\"@id\":\"https:\\\/\\\/buletin.de\\\/bucuresti\\\/autostrada-moldovei-a7-5-000-de-muncitori-mobilizati-pentru-finalizarea-tronsoanelor-focsani-bacau-pascani\\\/\"},\"wordCount\":683,\"publisher\":{\"@id\":\"https:\\\/\\\/buletin.de\\\/bucuresti\\\/#organization\"},\"image\":{\"@id\":\"https:\\\/\\\/buletin.de\\\/bucuresti\\\/autostrada-moldovei-a7-5-000-de-muncitori-mobilizati-pentru-finalizarea-tronsoanelor-focsani-bacau-pascani\\\/#primaryimage\"},\"thumbnailUrl\":\"https:\\\/\\\/buletin.de\\\/bucuresti\\\/wp-content\\\/uploads\\\/2026\\\/05\\\/Autostrada-Moldovei-A7.jpg\",\"keywords\":[\"a7\",\"Autostrada Moldovei\",\"lucrari autostrada\",\"santier\"],\"articleSection\":[\"Articole\",\"\u0218tiri\",\"Transport\"],\"inLanguage\":\"en-GB\",\"copyrightYear\":\"2026\",\"copyrightHolder\":{\"@id\":\"https:\\\/\\\/buletin.de\\\/bucuresti\\\/#organization\"}},{\"@type\":\"WebPage\",\"@id\":\"https:\\\/\\\/buletin.de\\\/bucuresti\\\/autostrada-moldovei-a7-5-000-de-muncitori-mobilizati-pentru-finalizarea-tronsoanelor-focsani-bacau-pascani\\\/\",\"url\":\"https:\\\/\\\/buletin.de\\\/bucuresti\\\/autostrada-moldovei-a7-5-000-de-muncitori-mobilizati-pentru-finalizarea-tronsoanelor-focsani-bacau-pascani\\\/\",\"name\":\"Autostrada Moldovei A7: 5.000 de muncitori mobiliza\u021bi pentru finalizarea tronsoanelor Foc\u0219ani - Bac\u0103u - Pa\u0219cani - Buletin de Bucure\u0219ti\",\"isPartOf\":{\"@id\":\"https:\\\/\\\/buletin.de\\\/bucuresti\\\/#website\"},\"primaryImageOfPage\":{\"@id\":\"https:\\\/\\\/buletin.de\\\/bucuresti\\\/autostrada-moldovei-a7-5-000-de-muncitori-mobilizati-pentru-finalizarea-tronsoanelor-focsani-bacau-pascani\\\/#primaryimage\"},\"image\":{\"@id\":\"https:\\\/\\\/buletin.de\\\/bucuresti\\\/autostrada-moldovei-a7-5-000-de-muncitori-mobilizati-pentru-finalizarea-tronsoanelor-focsani-bacau-pascani\\\/#primaryimage\"},\"thumbnailUrl\":\"https:\\\/\\\/buletin.de\\\/bucuresti\\\/wp-content\\\/uploads\\\/2026\\\/05\\\/Autostrada-Moldovei-A7.jpg\",\"datePublished\":\"2026-05-03T10:00:24+00:00\",\"dateModified\":\"2026-05-03T10:00:25+00:00\",\"description\":\"Pe \u0219antierul Autostr\u0103zii Moldovei A7 au fost mobiliza\u021bi 5.000 de muncitori \u0219i peste 1.000 de utilaje, pe tronsoanele Foc\u0219ani - Bac\u0103u - Pa\u0219cani\",\"breadcrumb\":{\"@id\":\"https:\\\/\\\/buletin.de\\\/bucuresti\\\/autostrada-moldovei-a7-5-000-de-muncitori-mobilizati-pentru-finalizarea-tronsoanelor-focsani-bacau-pascani\\\/#breadcrumb\"},\"inLanguage\":\"en-GB\",\"potentialAction\":[{\"@type\":\"ReadAction\",\"target\":[\"https:\\\/\\\/buletin.de\\\/bucuresti\\\/autostrada-moldovei-a7-5-000-de-muncitori-mobilizati-pentru-finalizarea-tronsoanelor-focsani-bacau-pascani\\\/\"]}]},{\"@type\":\"ImageObject\",\"inLanguage\":\"en-GB\",\"@id\":\"https:\\\/\\\/buletin.de\\\/bucuresti\\\/autostrada-moldovei-a7-5-000-de-muncitori-mobilizati-pentru-finalizarea-tronsoanelor-focsani-bacau-pascani\\\/#primaryimage\",\"url\":\"https:\\\/\\\/buletin.de\\\/bucuresti\\\/wp-content\\\/uploads\\\/2026\\\/05\\\/Autostrada-Moldovei-A7.jpg\",\"contentUrl\":\"https:\\\/\\\/buletin.de\\\/bucuresti\\\/wp-content\\\/uploads\\\/2026\\\/05\\\/Autostrada-Moldovei-A7.jpg\",\"width\":1200,\"height\":650,\"caption\":\"5.000 de muncitori mobiliza\u021bi pentru finalizarea tronsoanelor Foc\u0219ani - Bac\u0103u - Pa\u0219cani, pe A7. Foto: FB\\\/Hora\u021biu Cosma\"},{\"@type\":\"BreadcrumbList\",\"@id\":\"https:\\\/\\\/buletin.de\\\/bucuresti\\\/autostrada-moldovei-a7-5-000-de-muncitori-mobilizati-pentru-finalizarea-tronsoanelor-focsani-bacau-pascani\\\/#breadcrumb\",\"itemListElement\":[{\"@type\":\"ListItem\",\"position\":1,\"name\":\"Acas\u0103\",\"item\":\"https:\\\/\\\/buletin.de\\\/bucuresti\\\/\"},{\"@type\":\"ListItem\",\"position\":2,\"name\":\"Autostrada Moldovei A7: 5.000 de muncitori mobiliza\u021bi pentru finalizarea tronsoanelor Foc\u0219ani &#8211; Bac\u0103u &#8211; Pa\u0219cani\"}]},{\"@type\":\"WebSite\",\"@id\":\"https:\\\/\\\/buletin.de\\\/bucuresti\\\/#website\",\"url\":\"https:\\\/\\\/buletin.de\\\/bucuresti\\\/\",\"name\":\"Buletin de Bucure\u0219ti\",\"description\":\"\u0218tiri \u0219i investiga\u021bii esen\u021biale din capital\u0103\",\"publisher\":{\"@id\":\"https:\\\/\\\/buletin.de\\\/bucuresti\\\/#organization\"},\"potentialAction\":[{\"@type\":\"SearchAction\",\"target\":{\"@type\":\"EntryPoint\",\"urlTemplate\":\"https:\\\/\\\/buletin.de\\\/bucuresti\\\/?s={search_term_string}\"},\"query-input\":{\"@type\":\"PropertyValueSpecification\",\"valueRequired\":true,\"valueName\":\"search_term_string\"}}],\"inLanguage\":\"en-GB\"},{\"@type\":\"Organization\",\"@id\":\"https:\\\/\\\/buletin.de\\\/bucuresti\\\/#organization\",\"name\":\"Buletin de Bucure\u0219ti\",\"url\":\"https:\\\/\\\/buletin.de\\\/bucuresti\\\/\",\"logo\":{\"@type\":\"ImageObject\",\"inLanguage\":\"en-GB\",\"@id\":\"https:\\\/\\\/buletin.de\\\/bucuresti\\\/#\\\/schema\\\/logo\\\/image\\\/\",\"url\":\"https:\\\/\\\/buletin.de\\\/bucuresti\\\/wp-content\\\/uploads\\\/logo-bdb-full-wide-vernil-transparent.png\",\"contentUrl\":\"https:\\\/\\\/buletin.de\\\/bucuresti\\\/wp-content\\\/uploads\\\/logo-bdb-full-wide-vernil-transparent.png\",\"width\":1782,\"height\":626,\"caption\":\"Buletin de Bucure\u0219ti\"},\"image\":{\"@id\":\"https:\\\/\\\/buletin.de\\\/bucuresti\\\/#\\\/schema\\\/logo\\\/image\\\/\"},\"sameAs\":[\"https:\\\/\\\/www.facebook.com\\\/buletin.de.buc\",\"https:\\\/\\\/www.instagram.com\\\/buletinde.bucuresti\\\/\"]},{\"@type\":\"Person\",\"@id\":\"https:\\\/\\\/buletin.de\\\/bucuresti\\\/#\\\/schema\\\/person\\\/81421a46fb84a0887cfd2238f5202586\",\"name\":\"Andreea St\u0103n\u0103r\u00eeng\u0103\",\"image\":{\"@type\":\"ImageObject\",\"inLanguage\":\"en-GB\",\"@id\":\"https:\\\/\\\/secure.gravatar.com\\\/avatar\\\/dfa8d227a4388fad0f0bb03add04b5b176f4da34397dbb2eadc563b3d7162ce0?s=96&d=monsterid&r=g72784372b39ffe5a98a45288fe0d0e8a\",\"url\":\"https:\\\/\\\/secure.gravatar.com\\\/avatar\\\/dfa8d227a4388fad0f0bb03add04b5b176f4da34397dbb2eadc563b3d7162ce0?s=96&d=monsterid&r=g\",\"contentUrl\":\"https:\\\/\\\/secure.gravatar.com\\\/avatar\\\/dfa8d227a4388fad0f0bb03add04b5b176f4da34397dbb2eadc563b3d7162ce0?s=96&d=monsterid&r=g\",\"caption\":\"Andreea St\u0103n\u0103r\u00eeng\u0103\"},\"description\":\"Cu o experien\u021b\u0103 de peste 5 ani \u00een pres\u0103, face parte din echipa Buletin de Bucure\u0219ti din septembrie 2025. A colaborat cu c\u00e2teva publica\u021bii, printre care \u0219i Fanatik.ro, unde s-a ocupat de \u0219tiri de lifestyle \u0219i de actualitate. A f\u0103cut un pas c\u0103tre presa local\u0103 pentru a explora Bucure\u0219tiul \u0219i pove\u0219tile care merit\u0103 spuse.\",\"url\":\"https:\\\/\\\/buletin.de\\\/bucuresti\\\/author\\\/andreea-stanaranga\\\/\"}]}<\/script>\n<!-- \/ Yoast SEO Premium plugin. -->","yoast_head_json":{"title":"Autostrada Moldovei A7: 5.000 de muncitori mobiliza\u021bi pentru finalizarea tronsoanelor Foc\u0219ani - Bac\u0103u - Pa\u0219cani - Buletin de Bucure\u0219ti","description":"Pe \u0219antierul Autostr\u0103zii Moldovei A7 au fost mobiliza\u021bi 5.000 de muncitori \u0219i peste 1.000 de utilaje, pe tronsoanele Foc\u0219ani - Bac\u0103u - Pa\u0219cani","robots":{"index":"index","follow":"follow","max-snippet":"max-snippet:-1","max-image-preview":"max-image-preview:large","max-video-preview":"max-video-preview:-1"},"canonical":"https:\/\/buletin.de\/bucuresti\/autostrada-moldovei-a7-5-000-de-muncitori-mobilizati-pentru-finalizarea-tronsoanelor-focsani-bacau-pascani\/","og_locale":"en_GB","og_type":"article","og_title":"Autostrada Moldovei A7: 5.000 de muncitori mobiliza\u021bi pentru finalizarea tronsoanelor Foc\u0219ani - Bac\u0103u - Pa\u0219cani","og_description":"Pe \u0219antierul Autostr\u0103zii Moldovei A7 au fost mobiliza\u021bi 5.000 de muncitori \u0219i peste 1.000 de utilaje, pe tronsoanele Foc\u0219ani - Bac\u0103u - Pa\u0219cani","og_url":"https:\/\/buletin.de\/bucuresti\/autostrada-moldovei-a7-5-000-de-muncitori-mobilizati-pentru-finalizarea-tronsoanelor-focsani-bacau-pascani\/","og_site_name":"Buletin de Bucure\u0219ti","article_publisher":"https:\/\/www.facebook.com\/buletin.de.buc","article_published_time":"2026-05-03T10:00:24+00:00","article_modified_time":"2026-05-03T10:00:25+00:00","og_image":[{"width":1200,"height":650,"url":"https:\/\/buletin.de\/bucuresti\/wp-content\/uploads\/2026\/05\/Autostrada-Moldovei-A7.jpg","type":"image\/jpeg"}],"author":"Andreea St\u0103n\u0103r\u00eeng\u0103","twitter_card":"summary_large_image","twitter_misc":{"Written by":"Andreea St\u0103n\u0103r\u00eeng\u0103","Estimated reading time":"3 minutes"},"schema":{"@context":"https:\/\/schema.org","@graph":[{"@type":"Article","@id":"https:\/\/buletin.de\/bucuresti\/autostrada-moldovei-a7-5-000-de-muncitori-mobilizati-pentru-finalizarea-tronsoanelor-focsani-bacau-pascani\/#article","isPartOf":{"@id":"https:\/\/buletin.de\/bucuresti\/autostrada-moldovei-a7-5-000-de-muncitori-mobilizati-pentru-finalizarea-tronsoanelor-focsani-bacau-pascani\/"},"author":{"name":"Andreea St\u0103n\u0103r\u00eeng\u0103","@id":"https:\/\/buletin.de\/bucuresti\/#\/schema\/person\/81421a46fb84a0887cfd2238f5202586"},"headline":"Autostrada Moldovei A7: 5.000 de muncitori mobiliza\u021bi pentru finalizarea tronsoanelor Foc\u0219ani &#8211; Bac\u0103u &#8211; Pa\u0219cani","datePublished":"2026-05-03T10:00:24+00:00","dateModified":"2026-05-03T10:00:25+00:00","mainEntityOfPage":{"@id":"https:\/\/buletin.de\/bucuresti\/autostrada-moldovei-a7-5-000-de-muncitori-mobilizati-pentru-finalizarea-tronsoanelor-focsani-bacau-pascani\/"},"wordCount":683,"publisher":{"@id":"https:\/\/buletin.de\/bucuresti\/#organization"},"image":{"@id":"https:\/\/buletin.de\/bucuresti\/autostrada-moldovei-a7-5-000-de-muncitori-mobilizati-pentru-finalizarea-tronsoanelor-focsani-bacau-pascani\/#primaryimage"},"thumbnailUrl":"https:\/\/buletin.de\/bucuresti\/wp-content\/uploads\/2026\/05\/Autostrada-Moldovei-A7.jpg","keywords":["a7","Autostrada Moldovei","lucrari autostrada","santier"],"articleSection":["Articole","\u0218tiri","Transport"],"inLanguage":"en-GB","copyrightYear":"2026","copyrightHolder":{"@id":"https:\/\/buletin.de\/bucuresti\/#organization"}},{"@type":"WebPage","@id":"https:\/\/buletin.de\/bucuresti\/autostrada-moldovei-a7-5-000-de-muncitori-mobilizati-pentru-finalizarea-tronsoanelor-focsani-bacau-pascani\/","url":"https:\/\/buletin.de\/bucuresti\/autostrada-moldovei-a7-5-000-de-muncitori-mobilizati-pentru-finalizarea-tronsoanelor-focsani-bacau-pascani\/","name":"Autostrada Moldovei A7: 5.000 de muncitori mobiliza\u021bi pentru finalizarea tronsoanelor Foc\u0219ani - Bac\u0103u - Pa\u0219cani - Buletin de Bucure\u0219ti","isPartOf":{"@id":"https:\/\/buletin.de\/bucuresti\/#website"},"primaryImageOfPage":{"@id":"https:\/\/buletin.de\/bucuresti\/autostrada-moldovei-a7-5-000-de-muncitori-mobilizati-pentru-finalizarea-tronsoanelor-focsani-bacau-pascani\/#primaryimage"},"image":{"@id":"https:\/\/buletin.de\/bucuresti\/autostrada-moldovei-a7-5-000-de-muncitori-mobilizati-pentru-finalizarea-tronsoanelor-focsani-bacau-pascani\/#primaryimage"},"thumbnailUrl":"https:\/\/buletin.de\/bucuresti\/wp-content\/uploads\/2026\/05\/Autostrada-Moldovei-A7.jpg","datePublished":"2026-05-03T10:00:24+00:00","dateModified":"2026-05-03T10:00:25+00:00","description":"Pe \u0219antierul Autostr\u0103zii Moldovei A7 au fost mobiliza\u021bi 5.000 de muncitori \u0219i peste 1.000 de utilaje, pe tronsoanele Foc\u0219ani - Bac\u0103u - Pa\u0219cani","breadcrumb":{"@id":"https:\/\/buletin.de\/bucuresti\/autostrada-moldovei-a7-5-000-de-muncitori-mobilizati-pentru-finalizarea-tronsoanelor-focsani-bacau-pascani\/#breadcrumb"},"inLanguage":"en-GB","potentialAction":[{"@type":"ReadAction","target":["https:\/\/buletin.de\/bucuresti\/autostrada-moldovei-a7-5-000-de-muncitori-mobilizati-pentru-finalizarea-tronsoanelor-focsani-bacau-pascani\/"]}]},{"@type":"ImageObject","inLanguage":"en-GB","@id":"https:\/\/buletin.de\/bucuresti\/autostrada-moldovei-a7-5-000-de-muncitori-mobilizati-pentru-finalizarea-tronsoanelor-focsani-bacau-pascani\/#primaryimage","url":"https:\/\/buletin.de\/bucuresti\/wp-content\/uploads\/2026\/05\/Autostrada-Moldovei-A7.jpg","contentUrl":"https:\/\/buletin.de\/bucuresti\/wp-content\/uploads\/2026\/05\/Autostrada-Moldovei-A7.jpg","width":1200,"height":650,"caption":"5.000 de muncitori mobiliza\u021bi pentru finalizarea tronsoanelor Foc\u0219ani - Bac\u0103u - Pa\u0219cani, pe A7. Foto: FB\/Hora\u021biu Cosma"},{"@type":"BreadcrumbList","@id":"https:\/\/buletin.de\/bucuresti\/autostrada-moldovei-a7-5-000-de-muncitori-mobilizati-pentru-finalizarea-tronsoanelor-focsani-bacau-pascani\/#breadcrumb","itemListElement":[{"@type":"ListItem","position":1,"name":"Acas\u0103","item":"https:\/\/buletin.de\/bucuresti\/"},{"@type":"ListItem","position":2,"name":"Autostrada Moldovei A7: 5.000 de muncitori mobiliza\u021bi pentru finalizarea tronsoanelor Foc\u0219ani &#8211; Bac\u0103u &#8211; Pa\u0219cani"}]},{"@type":"WebSite","@id":"https:\/\/buletin.de\/bucuresti\/#website","url":"https:\/\/buletin.de\/bucuresti\/","name":"Buletin de Bucure\u0219ti","description":"\u0218tiri \u0219i investiga\u021bii esen\u021biale din capital\u0103","publisher":{"@id":"https:\/\/buletin.de\/bucuresti\/#organization"},"potentialAction":[{"@type":"SearchAction","target":{"@type":"EntryPoint","urlTemplate":"https:\/\/buletin.de\/bucuresti\/?s={search_term_string}"},"query-input":{"@type":"PropertyValueSpecification","valueRequired":true,"valueName":"search_term_string"}}],"inLanguage":"en-GB"},{"@type":"Organization","@id":"https:\/\/buletin.de\/bucuresti\/#organization","name":"Buletin de Bucure\u0219ti","url":"https:\/\/buletin.de\/bucuresti\/","logo":{"@type":"ImageObject","inLanguage":"en-GB","@id":"https:\/\/buletin.de\/bucuresti\/#\/schema\/logo\/image\/","url":"https:\/\/buletin.de\/bucuresti\/wp-content\/uploads\/logo-bdb-full-wide-vernil-transparent.png","contentUrl":"https:\/\/buletin.de\/bucuresti\/wp-content\/uploads\/logo-bdb-full-wide-vernil-transparent.png","width":1782,"height":626,"caption":"Buletin de Bucure\u0219ti"},"image":{"@id":"https:\/\/buletin.de\/bucuresti\/#\/schema\/logo\/image\/"},"sameAs":["https:\/\/www.facebook.com\/buletin.de.buc","https:\/\/www.instagram.com\/buletinde.bucuresti\/"]},{"@type":"Person","@id":"https:\/\/buletin.de\/bucuresti\/#\/schema\/person\/81421a46fb84a0887cfd2238f5202586","name":"Andreea St\u0103n\u0103r\u00eeng\u0103","image":{"@type":"ImageObject","inLanguage":"en-GB","@id":"https:\/\/secure.gravatar.com\/avatar\/dfa8d227a4388fad0f0bb03add04b5b176f4da34397dbb2eadc563b3d7162ce0?s=96&d=monsterid&r=g72784372b39ffe5a98a45288fe0d0e8a","url":"https:\/\/secure.gravatar.com\/avatar\/dfa8d227a4388fad0f0bb03add04b5b176f4da34397dbb2eadc563b3d7162ce0?s=96&d=monsterid&r=g","contentUrl":"https:\/\/secure.gravatar.com\/avatar\/dfa8d227a4388fad0f0bb03add04b5b176f4da34397dbb2eadc563b3d7162ce0?s=96&d=monsterid&r=g","caption":"Andreea St\u0103n\u0103r\u00eeng\u0103"},"description":"Cu o experien\u021b\u0103 de peste 5 ani \u00een pres\u0103, face parte din echipa Buletin de Bucure\u0219ti din septembrie 2025. A colaborat cu c\u00e2teva publica\u021bii, printre care \u0219i Fanatik.ro, unde s-a ocupat de \u0219tiri de lifestyle \u0219i de actualitate. A f\u0103cut un pas c\u0103tre presa local\u0103 pentru a explora Bucure\u0219tiul \u0219i pove\u0219tile care merit\u0103 spuse.","url":"https:\/\/buletin.de\/bucuresti\/author\/andreea-stanaranga\/"}]}},"authors":[{"term_id":23912,"user_id":65,"is_guest":0,"slug":"andreea-stanaranga","display_name":"Andreea St\u0103n\u0103r\u00eeng\u0103","avatar_url":"https:\/\/secure.gravatar.com\/avatar\/dfa8d227a4388fad0f0bb03add04b5b176f4da34397dbb2eadc563b3d7162ce0?s=96&d=monsterid&r=g","0":null,"1":"","2":"","3":"","4":"","5":"","6":"","7":"","8":""}],"_links":{"self":[{"href":"https:\/\/buletin.de\/bucuresti\/wp-json\/wp\/v2\/posts\/190930","targetHints":{"allow":["GET"]}}],"collection":[{"href":"https:\/\/buletin.de\/bucuresti\/wp-json\/wp\/v2\/posts"}],"about":[{"href":"https:\/\/buletin.de\/bucuresti\/wp-json\/wp\/v2\/types\/post"}],"author":[{"embeddable":true,"href":"https:\/\/buletin.de\/bucuresti\/wp-json\/wp\/v2\/users\/65"}],"replies":[{"embeddable":true,"href":"https:\/\/buletin.de\/bucuresti\/wp-json\/wp\/v2\/comments?post=190930"}],"version-history":[{"count":8,"href":"https:\/\/buletin.de\/bucuresti\/wp-json\/wp\/v2\/posts\/190930\/revisions"}],"predecessor-version":[{"id":190969,"href":"https:\/\/buletin.de\/bucuresti\/wp-json\/wp\/v2\/posts\/190930\/revisions\/190969"}],"wp:featuredmedia":[{"embeddable":true,"href":"https:\/\/buletin.de\/bucuresti\/wp-json\/wp\/v2\/media\/190953"}],"wp:attachment":[{"href":"https:\/\/buletin.de\/bucuresti\/wp-json\/wp\/v2\/media?parent=190930"}],"wp:term":[{"taxonomy":"category","embeddable":true,"href":"https:\/\/buletin.de\/bucuresti\/wp-json\/wp\/v2\/categories?post=190930"},{"taxonomy":"post_tag","embeddable":true,"href":"https:\/\/buletin.de\/bucuresti\/wp-json\/wp\/v2\/tags?post=190930"},{"taxonomy":"author","embeddable":true,"href":"https:\/\/buletin.de\/bucuresti\/wp-json\/wp\/v2\/ppma_author?post=190930"}],"curies":[{"name":"wp","href":"https:\/\/api.w.org\/{rel}","templated":true}]}}