{"id":190812,"date":"2026-05-03T14:02:35","date_gmt":"2026-05-03T11:02:35","guid":{"rendered":"https:\/\/buletin.de\/bucuresti\/?p=190812"},"modified":"2026-05-03T14:02:36","modified_gmt":"2026-05-03T11:02:36","slug":"primaria-sectorului-4-plateste-peste-12-milioane-de-euro-pentru-servicii-de-ridicare-a-masinilor-parcate-ilegal","status":"publish","type":"post","link":"https:\/\/buletin.de\/bucuresti\/primaria-sectorului-4-plateste-peste-12-milioane-de-euro-pentru-servicii-de-ridicare-a-masinilor-parcate-ilegal\/","title":{"rendered":"Prim\u0103ria Sectorului 4 pl\u0103te\u015fte peste 12 milioane de euro pentru servicii de ridicare a ma\u015finilor parcate ilegal"},"content":{"rendered":"\n<p><strong>Prim\u0103ria Sectorului 4 a cump\u0103rat servicii de ridicare a ma\u0219inilor parcate ilegal \u0219i de blocare-deblocare ro\u021bi, pentru patru ani.<\/strong> <\/p>\n\n\n\n<p><strong>Valoarea acordului-cadru este de 12,6 milioane de euro (f\u0103r\u0103 TVA), dar poate cre\u0219te p\u00e2n\u0103 la 19 milioane, \u00een func\u021bie de nevoile autorit\u0103\u021bii locale, se precizeaz\u0103 \u00een anun\u0163ul licita\u0163iei.<\/strong><\/p>\n\n\n\n<p><strong>Licita\u0163ia a fost c\u00e2\u015ftigat\u0103 de singura firm\u0103 care a depus ofert\u0103, Vamosana SRL, cu care Prim\u0103ria Sectorului 4 colaboreaz\u0103 \u00eenc\u0103 din 2021, pentru ridicarea autovehiculelor de pe domeniul public.<\/strong> <\/p>\n\n\n\n<h2 class=\"wp-block-heading\" id=\"h-ce-presupun-serviciile-de-ridicare-a-ma\u0219inilor-parcate-ilegal\">Ce presupun serviciile de <strong>ridicare a ma\u0219inilor parcate ilegal<\/strong><\/h2>\n\n\n\n<p><strong>Angaja\u0163ii Vamosana SRL vor lucra al\u0103turi de reprezentan\u021bii Prim\u0103riei Sectorului 4. Firma trebuie s\u0103 asigure non-stop servicii de ridicare a vehiculelor parcate neregulamentar, de luni p\u00e2n\u0103 duminic\u0103, timp de 24 de ore, inclusiv de s\u0103rb\u0103tori sau \u00een alte zile libere legale, a\u0219a cum a explicat Buletin de Bucure\u0219ti <a href=\"https:\/\/buletin.de\/bucuresti\/sector-4-licitatie-pentru-servicii-de-ridicare-a-masinilor-parcate-ilegal-acord-cadru-de-pana-la-19-de-milioane-de-euro\/\">aici<\/a>.<\/strong><\/p>\n\n\n\n<p>Acestea se vor desf\u0103\u0219ura \u00een trei ture, dup\u0103 cum urmeaz\u0103:<\/p>\n\n\n\n<ul class=\"wp-block-list\">\n<li>08:00-14:00<\/li>\n\n\n\n<li>14:00-22:00<\/li>\n\n\n\n<li>22:00-08:00<\/li>\n<\/ul>\n\n\n\n<p>Totodat\u0103, SRL-ul se mai angajeaz\u0103 s\u0103 pun\u0103 la dispozi\u021bia prim\u0103riei cel pu\u021bin trei automacarale, dintre care dou\u0103 vor func\u021biona pe timp de zi \u0219i una pe timp de noapte.<\/p>\n\n\n\n<p>\u00cen privin\u021ba personalului, este nevoie de minim cinci macaragii, clasa A, cu experien\u021b\u0103 de cel pu\u021bin \u0219ase luni, un manager de transport \u0219i, dac\u0103 va fi necesar, cinci \u0219oferi cu permis categoria C de minim un an, care s\u0103 manevreze cele patru automacarale de\u021binute de PS4.<\/p>\n\n\n\n<p>C\u00e2t despre serviciile de blocare-deblocare ro\u021bi, sunt necesare cel pu\u021bin 20 de leg\u0103tori de sarcin\u0103, dintre care 15 s\u0103 posede permis categoria B.<\/p>\n\n\n\n<p>Totodat\u0103, firma contractat\u0103 mai trebuie s\u0103 asigure cinci autovehicule care s\u0103 permit\u0103 transportul a minim 10, maxim 20 de dispozitive de blocare a ro\u021bilor, precum \u0219i patru aparate foto.<\/p>\n\n\n\n<p><strong>Durata acordului-cadru este de patru ani, iar valoarea estimat\u0103 se ridic\u0103 la 12,6 milioane de euro. Totu\u0219i, dac\u0103 va fi necesar, autoritatea local\u0103 poate solicita suplimentarea serviciilor, caz \u00een care costurile cresc la 19 milioane de euro.<\/strong><\/p>\n\n\n\n<p><strong>CITE\u015eTE \u015eI:<\/strong> <a href=\"https:\/\/buletin.de\/bucuresti\/modificari-importante-la-regulamentul-de-parcare-din-sectorul-4-se-elimina-mai-multe-restrictii-taxa-de-dezvoltare-urbana-ramane-valabila-optional\/\"><strong>Modific\u0103ri importante la regulamentul de parcare din Sectorul 4: se elimin\u0103 mai multe restric\u021bii. Taxa de dezvoltare urban\u0103 se transform\u0103 \u00een abonament anual<\/strong><\/a><\/p>\n\n\n\n<h2 class=\"wp-block-heading\" id=\"h-achizi\u021bie-cu-repeti\u021bie-istoricul-colaborarii-dintre-vamosana-srl-\u0219i-primaria-sectorului-4\">Achizi\u021bie cu repeti\u021bie. Istoricul colabor\u0103rii dintre Vamosana SRL \u0219i Prim\u0103ria Sectorului 4<\/h2>\n\n\n\n<p><strong>Pentru ridicarea ma\u0219inilor parcate ilegal, Prim\u0103ria Sectorului 4 colaboreaz\u0103 cu Vamosana SRL \u00eenc\u0103 din 2021, c\u00e2nd a fost \u00eencheiat <a href=\"https:\/\/www.e-licitatie.ro\/pub\/notices\/ca-notices-pc\/view\/100362342\">primul acord-cadru<\/a>. Acesta avea o durat\u0103 de trei ani \u0219i o valoare estimat\u0103 la <mark style=\"background-color:rgba(0, 0, 0, 0)\" class=\"has-inline-color has-vivid-red-color\">dou\u0103 milioane de lei <\/mark>(f\u0103r\u0103 TVA).<\/strong><\/p>\n\n\n\n<p>Doi ani mai t\u00e2rziu, \u00een martie 2023, SRL-ul a c\u00e2\u0219tigat \u0219i <a href=\"https:\/\/www.e-licitatie.ro\/pub\/notices\/ca-notices\/view-c\/100387624\">licita\u021bia lansat\u0103 de Direc\u021bia pentru Digitalizare \u0219i Regenerare Urban\u0103 Sector 4<\/a>, tot pentru servicii de ridicare a autovehiculelor, respectiv blocare-deblocare ro\u021bi. Este vorba despre un <strong>acord-cadru pe patru ani, cu o valoare estimat\u0103 <mark style=\"background-color:rgba(0, 0, 0, 0)\" class=\"has-inline-color has-vivid-red-color\">aproape 25 de milioane lei<\/mark> (f\u0103r\u0103 TVA)<\/strong>.<\/p>\n\n\n\n<p>Acum, spre finalul lui aprilie 2026, firma a c\u00e2\u0219tigat cel de-al treilea acord-cadru, despre care Buletin de Bucure\u0219ti a scris mai sus. De\u0219i durata este tot de patru ani, estim\u0103rile costurilor au crescut semnificativ, la <mark style=\"background-color:rgba(0, 0, 0, 0)\" class=\"has-inline-color has-vivid-red-color\"><strong>63 de milioane de lei<\/strong><\/mark> (f\u0103r\u0103 TVA). Deci de peste dou\u0103 ori mai mult fa\u021b\u0103 de 2023.<\/p>\n\n\n\n<p>Pe l\u00e2ng\u0103 acordurile-cadru \u00eencheiate, Prim\u0103ria Sectorului 4 a mai apelat la Vamosana SRL \u0219i pentru achizi\u021bii mai mici, atribuite direct, f\u0103r\u0103 licita\u021bie. \u0218i \u00een acest caz, contractele au vizat servicii de ridicare a ma\u0219inilor ori furnizarea de chingi \u0219i blocatoare pentru Poli\u021bia Local\u0103 Sector 4. Valoarea acestora se ridic\u0103 la <strong><mark style=\"background-color:rgba(0, 0, 0, 0)\" class=\"has-inline-color has-vivid-red-color\">peste 310.000 de lei<\/mark><\/strong>.<\/p>\n\n\n\n<p>Firma a fost \u00eenfiin\u021bat\u0103 la \u00eenceputul anului 2020, de c\u0103tre Vamo\u0219 Ana Maria. Aceasta a ie\u0219it din ac\u021bionariatul SRL-ului \u00een 2021, c\u00e2nd i-a cedat capitalul social lui Ciobanu Mihai. La r\u00e2ndul s\u0103u, Ciobanu Mihai i-a cesionat, \u00een 2025, toate p\u0103r\u021bile sociale Mariei Ciobanu, actuala proprietar\u0103 \u0219i administrator\u0103 a firmei.<\/p>\n\n\n\n<p><strong>\u00cen 2024, Vamosana SRL avea un num\u0103r mediu de 27 angaja\u021bi \u0219i un profit net de peste un milion de lei, conform ultimului bilan\u021b depus la Ministerul de Finan\u021be.<\/strong><\/p>\n\n\n\n<p><strong>CITE\u0218TE \u0218I:<\/strong> <a href=\"https:\/\/buletin.de\/bucuresti\/ajutorul-pentru-carburant-aprobat-in-consiliul-local-al-sectorului-4-prima-transa-de-bani-trimisa-de-la-1-aprilie-cum-se-poate-obtine\/\"><strong>Ajutorul pentru carburant, aprobat \u00een Consiliul Local al Sectorului 4. Prima tran\u0219\u0103 de bani, trimis\u0103 de la 1 aprilie. Cum se poate ob\u021bine<\/strong><\/a><\/p>\n\n\n\n<h2 class=\"wp-block-heading\" id=\"h-cand-se-aplica-sanc\u021biuni-pentru-parcarea-abuziva-\u0219i-cat-costa\">C\u00e2nd se aplic\u0103 sanc\u021biuni pentru parcarea abuziv\u0103 \u0219i c\u00e2t cost\u0103<\/h2>\n\n\n\n<p>Ro\u021bile autovehiculelor parcate neregulamentar pot fi blocate \u00een urm\u0103toarele situa\u021bii:<\/p>\n\n\n\n<ul class=\"wp-block-list\">\n<li><strong>ocuparea&nbsp;abuziv\u0103&nbsp;a unui loc de parcare de re\u0219edin\u021b\u0103<\/strong>\n<ul class=\"wp-block-list\">\n<li>ocuparea unui loc destinat persoanelor cu dizabilit\u0103\u021bi&nbsp;<strong>(dac\u0103 vehiculul nu poate fi ridicat)<\/strong><\/li>\n\n\n\n<li>blocarea c\u0103ilor de acces sau a c\u0103ilor de acces spre locul de parcare<\/li>\n\n\n\n<li>parcarea f\u0103r\u0103 respectarea marcajelor<\/li>\n\n\n\n<li>ocuparea mai multor locuri de parcare de re\u0219edin\u021b\u0103.<\/li>\n<\/ul>\n<\/li>\n\n\n\n<li><strong>ocuparea&nbsp;abuziv\u0103&nbsp;a unui loc \u00eentr-o parcare public\u0103<\/strong>:\n<ul class=\"wp-block-list\">\n<li>ocuparea unui loc destinat persoanelor cu dizabilit\u0103\u021bi&nbsp;<strong>(dac\u0103 vehiculul nu poate fi ridicat)<\/strong><\/li>\n\n\n\n<li>blocarea c\u0103ilor de acces sau a c\u0103ilor de acces spre locul de parcare<\/li>\n\n\n\n<li>parcarea f\u0103r\u0103 respectarea marcajelor<\/li>\n\n\n\n<li>ocuparea mai multor locuri publice de parcare<\/li>\n\n\n\n<li>ocuparea unui loc prev\u0103zut cu sta\u021bie de \u00eenc\u0103rcare pentru autovehicule electrice&nbsp;<strong>(dac\u0103 vehiculul nu poate fi ridicat)<\/strong><\/li>\n\n\n\n<li>ocuparea unui loc \u00een scop publicitar sau de v\u00e2nzare<strong>&nbsp;(dac\u0103 vehiculul nu poate fi ridicat)<\/strong><\/li>\n\n\n\n<li>dep\u0103\u0219irea duratei maxime admise de parcare<\/li>\n\n\n\n<li>neplata locului de parcare<\/li>\n<\/ul>\n<\/li>\n\n\n\n<li>sta\u021bionarea voluntar\u0103 f\u0103r\u0103 drept pe drumuri publice sau pe terenuri apar\u021bin\u00e2nd domeniului public ori privat al Municipiului Bucure\u0219ti din Sectorul 4<\/li>\n\n\n\n<li>lipsa pl\u0103cu\u021belor de \u00eenmatriculare sau existen\u021ba unor indicii temeinice de neutilizare a vehiculului (cauciucuri desumflate, ITP expirat, RCA expirat, stare estetic\u0103 necorespunz\u0103toare, avarii vizibile care fac imposibil\u0103 circula\u021bia pe drumurile publice), se precizeaz\u0103 \u00een cea mai recent\u0103 versiune a regulamentului de parcare din Sectorul 4.<\/li>\n<\/ul>\n\n\n\n<p><strong>\u00cen cazul \u00een care nu se solicit\u0103 deblocarea ro\u021bii \u00een cel mult 24 de ore, se poate proceda la ridicarea vehiculului. Tariful pentru deblocare este de&nbsp;300 de lei, TVA inclus, dac\u0103 cererea a fost depus\u0103 \u00een 24 de ore, plus 100 de lei pentru fiecare zi \u00een care situa\u021bia persist\u0103.<\/strong><\/p>\n\n\n\n<p>Sanc\u021biunea se m\u0103re\u0219te la:<\/p>\n\n\n\n<ul class=\"wp-block-list\">\n<li><strong>1000 de lei\/ 24h<\/strong>&nbsp;pentru ocuparea abuziv\u0103 a locurilor de parcare destinate persoanelor cu dizabilit\u0103\u021bi<\/li>\n\n\n\n<li><strong>500 de lei\/ 24 h&nbsp;<\/strong>pentru ocuparea abuziv\u0103 a locurilor de parcare destinate ma\u0219inilor electrice sau sta\u021bionarea voluntar\u0103 \u00een scop publicitar<\/li>\n<\/ul>\n\n\n\n<p>Tarifele nu pot fi frac\u021bionate.<\/p>\n\n\n\n<p>\u00cen plus, m\u0103sura de relocare a ma\u0219inilor mai poate fi dispus\u0103 \u00een situa\u021bii excep\u021bionale, c\u00e2nd autoturismul blocheaz\u0103 accesul echipajelor de interven\u021bie (poli\u021bie, pompieri, salubrizare) ori la solicitarea operatorilor de re\u021bea.<\/p>\n\n\n\n<p>Ocuparea abuziv\u0103 a domeniului Municipiului Bucure\u0219ti, public \u0219i privat, constituie&nbsp;<strong>contraven\u021bie<\/strong>&nbsp;\u0219i se sanc\u021bioneaz\u0103 cu&nbsp;<strong>amend\u0103 cuprins\u0103 \u00eentre 500 \u0219i 1000 de lei<\/strong>, se mai precizeaz\u0103 \u00een regulament.<\/p>\n\n\n\n<p><strong>CITE\u0218TE \u0218I: <a href=\"https:\/\/buletin.de\/bucuresti\/petitie-impotriva-parcului-donald-trump-din-sectorul-4-locuitorii-cer-denumirea-de-parcul-maria-cutarida-cratunescu\/\">Peti\u021bie \u00eempotriva \u201eParcului Donald Trump\u201d din Sectorul 4. Locuitorii cer denumirea de \u201eParcul Maria Cu\u021barida-Cr\u0103tunescu\u201d<\/a><\/strong><\/p>\n\n\n\n<p><\/p>\n","protected":false},"excerpt":{"rendered":"<p>Prim\u0103ria Sectorului 4 a cump\u0103rat servicii de ridicare a ma\u0219inilor parcate ilegal \u0219i de blocare-deblocare ro\u021bi, pentru patru ani. Valoarea acordului-cadru este de 12,6 milioane de euro (f\u0103r\u0103 TVA), dar poate cre\u0219te p\u00e2n\u0103 la 19 milioane, \u00een func\u021bie de nevoile autorit\u0103\u021bii locale, se precizeaz\u0103 \u00een anun\u0163ul licita\u0163iei. Licita\u0163ia a fost c\u00e2\u015ftigat\u0103 de singura firm\u0103 care [&hellip;]<\/p>\n","protected":false},"author":55,"featured_media":190946,"comment_status":"closed","ping_status":"open","sticky":false,"template":"","format":"standard","meta":{"_acf_changed":false,"inline_featured_image":false,"ngg_post_thumbnail":0,"footnotes":""},"categories":[6994,5762,24],"tags":[234,282,28098,19686,28097,25699,765,28096],"ppma_author":[22573],"class_list":["post-190812","post","type-post","status-publish","format-standard","has-post-thumbnail","hentry","category-stiri-2","category-main","category-primarie","tag-achizitii-publice","tag-bani-publici","tag-blocatoare-de-roti","tag-masini-parcate-ilegal","tag-masini-ridicate-sector-4","tag-parcare-abuziva","tag-sector-4","tag-vamosana-srl"],"acf":[],"yoast_head":"<!-- This site is optimized with the Yoast SEO Premium plugin v25.3 (Yoast SEO v27.5) - https:\/\/yoast.com\/product\/yoast-seo-premium-wordpress\/ -->\n<title>Prim\u0103ria Sectorului 4 pl\u0103te\u015fte peste 12 milioane de euro pentru servicii de ridicare a ma\u015finilor parcate ilegal - Buletin de Bucure\u0219ti<\/title>\n<meta name=\"description\" content=\"Prim\u0103ria Sectorului 4 pl\u0103te\u015fte peste 12 milioane de euro pentru servicii de ridicare a ma\u015finilor parcate ilegal.\" \/>\n<meta name=\"robots\" content=\"index, follow, max-snippet:-1, max-image-preview:large, max-video-preview:-1\" \/>\n<link rel=\"canonical\" href=\"https:\/\/buletin.de\/bucuresti\/primaria-sectorului-4-plateste-peste-12-milioane-de-euro-pentru-servicii-de-ridicare-a-masinilor-parcate-ilegal\/\" \/>\n<meta property=\"og:locale\" content=\"en_GB\" \/>\n<meta property=\"og:type\" content=\"article\" \/>\n<meta property=\"og:title\" content=\"Prim\u0103ria Sectorului 4 pl\u0103te\u015fte peste 12 milioane de euro pentru servicii de ridicare a ma\u015finilor parcate ilegal\" \/>\n<meta property=\"og:description\" content=\"Prim\u0103ria Sectorului 4 pl\u0103te\u015fte peste 12 milioane de euro pentru servicii de ridicare a ma\u015finilor parcate ilegal.\" \/>\n<meta property=\"og:url\" content=\"https:\/\/buletin.de\/bucuresti\/primaria-sectorului-4-plateste-peste-12-milioane-de-euro-pentru-servicii-de-ridicare-a-masinilor-parcate-ilegal\/\" \/>\n<meta property=\"og:site_name\" content=\"Buletin de Bucure\u0219ti\" \/>\n<meta property=\"article:publisher\" content=\"https:\/\/www.facebook.com\/buletin.de.buc\" \/>\n<meta property=\"article:published_time\" content=\"2026-05-03T11:02:35+00:00\" \/>\n<meta property=\"article:modified_time\" content=\"2026-05-03T11:02:36+00:00\" \/>\n<meta property=\"og:image\" content=\"https:\/\/buletin.de\/bucuresti\/wp-content\/uploads\/2026\/05\/alex-plesovskich-mTi5hxzcnvo-unsplash-1600x1067-1.jpg\" \/>\n\t<meta property=\"og:image:width\" content=\"1600\" \/>\n\t<meta property=\"og:image:height\" content=\"1067\" \/>\n\t<meta property=\"og:image:type\" content=\"image\/jpeg\" \/>\n<meta name=\"author\" content=\"Andreea Tudor\" \/>\n<meta name=\"twitter:card\" content=\"summary_large_image\" \/>\n<meta name=\"twitter:label1\" content=\"Written by\" \/>\n\t<meta name=\"twitter:data1\" content=\"Andreea Tudor\" \/>\n\t<meta name=\"twitter:label2\" content=\"Estimated reading time\" \/>\n\t<meta name=\"twitter:data2\" content=\"5 minutes\" \/>\n<script type=\"application\/ld+json\" class=\"yoast-schema-graph\">{\"@context\":\"https:\\\/\\\/schema.org\",\"@graph\":[{\"@type\":\"Article\",\"@id\":\"https:\\\/\\\/buletin.de\\\/bucuresti\\\/primaria-sectorului-4-plateste-peste-12-milioane-de-euro-pentru-servicii-de-ridicare-a-masinilor-parcate-ilegal\\\/#article\",\"isPartOf\":{\"@id\":\"https:\\\/\\\/buletin.de\\\/bucuresti\\\/primaria-sectorului-4-plateste-peste-12-milioane-de-euro-pentru-servicii-de-ridicare-a-masinilor-parcate-ilegal\\\/\"},\"author\":{\"name\":\"Andreea Tudor\",\"@id\":\"https:\\\/\\\/buletin.de\\\/bucuresti\\\/#\\\/schema\\\/person\\\/150590659efde715459d159da012f501\"},\"headline\":\"Prim\u0103ria Sectorului 4 pl\u0103te\u015fte peste 12 milioane de euro pentru servicii de ridicare a ma\u015finilor parcate ilegal\",\"datePublished\":\"2026-05-03T11:02:35+00:00\",\"dateModified\":\"2026-05-03T11:02:36+00:00\",\"mainEntityOfPage\":{\"@id\":\"https:\\\/\\\/buletin.de\\\/bucuresti\\\/primaria-sectorului-4-plateste-peste-12-milioane-de-euro-pentru-servicii-de-ridicare-a-masinilor-parcate-ilegal\\\/\"},\"wordCount\":1162,\"publisher\":{\"@id\":\"https:\\\/\\\/buletin.de\\\/bucuresti\\\/#organization\"},\"image\":{\"@id\":\"https:\\\/\\\/buletin.de\\\/bucuresti\\\/primaria-sectorului-4-plateste-peste-12-milioane-de-euro-pentru-servicii-de-ridicare-a-masinilor-parcate-ilegal\\\/#primaryimage\"},\"thumbnailUrl\":\"https:\\\/\\\/buletin.de\\\/bucuresti\\\/wp-content\\\/uploads\\\/2026\\\/05\\\/alex-plesovskich-mTi5hxzcnvo-unsplash-1600x1067-1.jpg\",\"keywords\":[\"achizitii publice\",\"bani publici\",\"blocatoare de roti\",\"masini parcate ilegal\",\"masini ridicate sector 4\",\"parcare abuziva\",\"Sector 4\",\"vamosana srl\"],\"articleSection\":[\"Articole\",\"Main\",\"Prim\u0103rie\"],\"inLanguage\":\"en-GB\",\"copyrightYear\":\"2026\",\"copyrightHolder\":{\"@id\":\"https:\\\/\\\/buletin.de\\\/bucuresti\\\/#organization\"}},{\"@type\":\"WebPage\",\"@id\":\"https:\\\/\\\/buletin.de\\\/bucuresti\\\/primaria-sectorului-4-plateste-peste-12-milioane-de-euro-pentru-servicii-de-ridicare-a-masinilor-parcate-ilegal\\\/\",\"url\":\"https:\\\/\\\/buletin.de\\\/bucuresti\\\/primaria-sectorului-4-plateste-peste-12-milioane-de-euro-pentru-servicii-de-ridicare-a-masinilor-parcate-ilegal\\\/\",\"name\":\"Prim\u0103ria Sectorului 4 pl\u0103te\u015fte peste 12 milioane de euro pentru servicii de ridicare a ma\u015finilor parcate ilegal - Buletin de Bucure\u0219ti\",\"isPartOf\":{\"@id\":\"https:\\\/\\\/buletin.de\\\/bucuresti\\\/#website\"},\"primaryImageOfPage\":{\"@id\":\"https:\\\/\\\/buletin.de\\\/bucuresti\\\/primaria-sectorului-4-plateste-peste-12-milioane-de-euro-pentru-servicii-de-ridicare-a-masinilor-parcate-ilegal\\\/#primaryimage\"},\"image\":{\"@id\":\"https:\\\/\\\/buletin.de\\\/bucuresti\\\/primaria-sectorului-4-plateste-peste-12-milioane-de-euro-pentru-servicii-de-ridicare-a-masinilor-parcate-ilegal\\\/#primaryimage\"},\"thumbnailUrl\":\"https:\\\/\\\/buletin.de\\\/bucuresti\\\/wp-content\\\/uploads\\\/2026\\\/05\\\/alex-plesovskich-mTi5hxzcnvo-unsplash-1600x1067-1.jpg\",\"datePublished\":\"2026-05-03T11:02:35+00:00\",\"dateModified\":\"2026-05-03T11:02:36+00:00\",\"description\":\"Prim\u0103ria Sectorului 4 pl\u0103te\u015fte peste 12 milioane de euro pentru servicii de ridicare a ma\u015finilor parcate ilegal.\",\"breadcrumb\":{\"@id\":\"https:\\\/\\\/buletin.de\\\/bucuresti\\\/primaria-sectorului-4-plateste-peste-12-milioane-de-euro-pentru-servicii-de-ridicare-a-masinilor-parcate-ilegal\\\/#breadcrumb\"},\"inLanguage\":\"en-GB\",\"potentialAction\":[{\"@type\":\"ReadAction\",\"target\":[\"https:\\\/\\\/buletin.de\\\/bucuresti\\\/primaria-sectorului-4-plateste-peste-12-milioane-de-euro-pentru-servicii-de-ridicare-a-masinilor-parcate-ilegal\\\/\"]}]},{\"@type\":\"ImageObject\",\"inLanguage\":\"en-GB\",\"@id\":\"https:\\\/\\\/buletin.de\\\/bucuresti\\\/primaria-sectorului-4-plateste-peste-12-milioane-de-euro-pentru-servicii-de-ridicare-a-masinilor-parcate-ilegal\\\/#primaryimage\",\"url\":\"https:\\\/\\\/buletin.de\\\/bucuresti\\\/wp-content\\\/uploads\\\/2026\\\/05\\\/alex-plesovskich-mTi5hxzcnvo-unsplash-1600x1067-1.jpg\",\"contentUrl\":\"https:\\\/\\\/buletin.de\\\/bucuresti\\\/wp-content\\\/uploads\\\/2026\\\/05\\\/alex-plesovskich-mTi5hxzcnvo-unsplash-1600x1067-1.jpg\",\"width\":1600,\"height\":1067,\"caption\":\"Prim\u0103ria Sectorului 4 pl\u0103te\u015fte peste 12 milioane de euro pentru servicii de ridicare a ma\u015finilor parcate ilegal. Foto: Unsplash\"},{\"@type\":\"BreadcrumbList\",\"@id\":\"https:\\\/\\\/buletin.de\\\/bucuresti\\\/primaria-sectorului-4-plateste-peste-12-milioane-de-euro-pentru-servicii-de-ridicare-a-masinilor-parcate-ilegal\\\/#breadcrumb\",\"itemListElement\":[{\"@type\":\"ListItem\",\"position\":1,\"name\":\"Acas\u0103\",\"item\":\"https:\\\/\\\/buletin.de\\\/bucuresti\\\/\"},{\"@type\":\"ListItem\",\"position\":2,\"name\":\"Prim\u0103ria Sectorului 4 pl\u0103te\u015fte peste 12 milioane de euro pentru servicii de ridicare a ma\u015finilor parcate ilegal\"}]},{\"@type\":\"WebSite\",\"@id\":\"https:\\\/\\\/buletin.de\\\/bucuresti\\\/#website\",\"url\":\"https:\\\/\\\/buletin.de\\\/bucuresti\\\/\",\"name\":\"Buletin de Bucure\u0219ti\",\"description\":\"\u0218tiri \u0219i investiga\u021bii esen\u021biale din capital\u0103\",\"publisher\":{\"@id\":\"https:\\\/\\\/buletin.de\\\/bucuresti\\\/#organization\"},\"potentialAction\":[{\"@type\":\"SearchAction\",\"target\":{\"@type\":\"EntryPoint\",\"urlTemplate\":\"https:\\\/\\\/buletin.de\\\/bucuresti\\\/?s={search_term_string}\"},\"query-input\":{\"@type\":\"PropertyValueSpecification\",\"valueRequired\":true,\"valueName\":\"search_term_string\"}}],\"inLanguage\":\"en-GB\"},{\"@type\":\"Organization\",\"@id\":\"https:\\\/\\\/buletin.de\\\/bucuresti\\\/#organization\",\"name\":\"Buletin de Bucure\u0219ti\",\"url\":\"https:\\\/\\\/buletin.de\\\/bucuresti\\\/\",\"logo\":{\"@type\":\"ImageObject\",\"inLanguage\":\"en-GB\",\"@id\":\"https:\\\/\\\/buletin.de\\\/bucuresti\\\/#\\\/schema\\\/logo\\\/image\\\/\",\"url\":\"https:\\\/\\\/buletin.de\\\/bucuresti\\\/wp-content\\\/uploads\\\/logo-bdb-full-wide-vernil-transparent.png\",\"contentUrl\":\"https:\\\/\\\/buletin.de\\\/bucuresti\\\/wp-content\\\/uploads\\\/logo-bdb-full-wide-vernil-transparent.png\",\"width\":1782,\"height\":626,\"caption\":\"Buletin de Bucure\u0219ti\"},\"image\":{\"@id\":\"https:\\\/\\\/buletin.de\\\/bucuresti\\\/#\\\/schema\\\/logo\\\/image\\\/\"},\"sameAs\":[\"https:\\\/\\\/www.facebook.com\\\/buletin.de.buc\",\"https:\\\/\\\/www.instagram.com\\\/buletinde.bucuresti\\\/\"]},{\"@type\":\"Person\",\"@id\":\"https:\\\/\\\/buletin.de\\\/bucuresti\\\/#\\\/schema\\\/person\\\/150590659efde715459d159da012f501\",\"name\":\"Andreea Tudor\",\"image\":{\"@type\":\"ImageObject\",\"inLanguage\":\"en-GB\",\"@id\":\"https:\\\/\\\/secure.gravatar.com\\\/avatar\\\/a88705a186ab0b67f3349bcbced506c09e37256fbaad0e7f3bd1a79b4599f589?s=96&d=monsterid&r=g79290610aa1a65c2b86eebc2ca5aee8f\",\"url\":\"https:\\\/\\\/secure.gravatar.com\\\/avatar\\\/a88705a186ab0b67f3349bcbced506c09e37256fbaad0e7f3bd1a79b4599f589?s=96&d=monsterid&r=g\",\"contentUrl\":\"https:\\\/\\\/secure.gravatar.com\\\/avatar\\\/a88705a186ab0b67f3349bcbced506c09e37256fbaad0e7f3bd1a79b4599f589?s=96&d=monsterid&r=g\",\"caption\":\"Andreea Tudor\"},\"description\":\"N\u0103scut\u0103 \u0219i crescut\u0103 \u00een Bucure\u0219ti, sus\u021bin\u0103toare a presei independente. A\u0219a am ajuns redactor la Buletin de Bucure\u0219ti. Fiind eu, \u00eens\u0103mi, parte a sistemului de \u00eenv\u0103\u021b\u0103m\u00e2nt rom\u00e2nesc \u0219i pasionat\u0103 de domeniul social, pun sub lup\u0103 tot ceea ce se \u00eent\u00e2mpl\u0103 \u00een sfera educa\u021biei. Cred cu t\u0103rie c\u0103 presa \u201epentru cet\u0103\u021beni\u201d este presa independent\u0103. Oamenii au nevoie de o informare corect\u0103 pentru a \u00een\u021belege pe deplin ce se \u00eent\u00e2mpl\u0103 \u00een jurul lor \u0219i pentru a lua ac\u021biune \u00eempotriva nedrept\u0103\u021bilor.\",\"url\":\"https:\\\/\\\/buletin.de\\\/bucuresti\\\/author\\\/andreeatudor\\\/\"}]}<\/script>\n<!-- \/ Yoast SEO Premium plugin. -->","yoast_head_json":{"title":"Prim\u0103ria Sectorului 4 pl\u0103te\u015fte peste 12 milioane de euro pentru servicii de ridicare a ma\u015finilor parcate ilegal - Buletin de Bucure\u0219ti","description":"Prim\u0103ria Sectorului 4 pl\u0103te\u015fte peste 12 milioane de euro pentru servicii de ridicare a ma\u015finilor parcate ilegal.","robots":{"index":"index","follow":"follow","max-snippet":"max-snippet:-1","max-image-preview":"max-image-preview:large","max-video-preview":"max-video-preview:-1"},"canonical":"https:\/\/buletin.de\/bucuresti\/primaria-sectorului-4-plateste-peste-12-milioane-de-euro-pentru-servicii-de-ridicare-a-masinilor-parcate-ilegal\/","og_locale":"en_GB","og_type":"article","og_title":"Prim\u0103ria Sectorului 4 pl\u0103te\u015fte peste 12 milioane de euro pentru servicii de ridicare a ma\u015finilor parcate ilegal","og_description":"Prim\u0103ria Sectorului 4 pl\u0103te\u015fte peste 12 milioane de euro pentru servicii de ridicare a ma\u015finilor parcate ilegal.","og_url":"https:\/\/buletin.de\/bucuresti\/primaria-sectorului-4-plateste-peste-12-milioane-de-euro-pentru-servicii-de-ridicare-a-masinilor-parcate-ilegal\/","og_site_name":"Buletin de Bucure\u0219ti","article_publisher":"https:\/\/www.facebook.com\/buletin.de.buc","article_published_time":"2026-05-03T11:02:35+00:00","article_modified_time":"2026-05-03T11:02:36+00:00","og_image":[{"width":1600,"height":1067,"url":"https:\/\/buletin.de\/bucuresti\/wp-content\/uploads\/2026\/05\/alex-plesovskich-mTi5hxzcnvo-unsplash-1600x1067-1.jpg","type":"image\/jpeg"}],"author":"Andreea Tudor","twitter_card":"summary_large_image","twitter_misc":{"Written by":"Andreea Tudor","Estimated reading time":"5 minutes"},"schema":{"@context":"https:\/\/schema.org","@graph":[{"@type":"Article","@id":"https:\/\/buletin.de\/bucuresti\/primaria-sectorului-4-plateste-peste-12-milioane-de-euro-pentru-servicii-de-ridicare-a-masinilor-parcate-ilegal\/#article","isPartOf":{"@id":"https:\/\/buletin.de\/bucuresti\/primaria-sectorului-4-plateste-peste-12-milioane-de-euro-pentru-servicii-de-ridicare-a-masinilor-parcate-ilegal\/"},"author":{"name":"Andreea Tudor","@id":"https:\/\/buletin.de\/bucuresti\/#\/schema\/person\/150590659efde715459d159da012f501"},"headline":"Prim\u0103ria Sectorului 4 pl\u0103te\u015fte peste 12 milioane de euro pentru servicii de ridicare a ma\u015finilor parcate ilegal","datePublished":"2026-05-03T11:02:35+00:00","dateModified":"2026-05-03T11:02:36+00:00","mainEntityOfPage":{"@id":"https:\/\/buletin.de\/bucuresti\/primaria-sectorului-4-plateste-peste-12-milioane-de-euro-pentru-servicii-de-ridicare-a-masinilor-parcate-ilegal\/"},"wordCount":1162,"publisher":{"@id":"https:\/\/buletin.de\/bucuresti\/#organization"},"image":{"@id":"https:\/\/buletin.de\/bucuresti\/primaria-sectorului-4-plateste-peste-12-milioane-de-euro-pentru-servicii-de-ridicare-a-masinilor-parcate-ilegal\/#primaryimage"},"thumbnailUrl":"https:\/\/buletin.de\/bucuresti\/wp-content\/uploads\/2026\/05\/alex-plesovskich-mTi5hxzcnvo-unsplash-1600x1067-1.jpg","keywords":["achizitii publice","bani publici","blocatoare de roti","masini parcate ilegal","masini ridicate sector 4","parcare abuziva","Sector 4","vamosana srl"],"articleSection":["Articole","Main","Prim\u0103rie"],"inLanguage":"en-GB","copyrightYear":"2026","copyrightHolder":{"@id":"https:\/\/buletin.de\/bucuresti\/#organization"}},{"@type":"WebPage","@id":"https:\/\/buletin.de\/bucuresti\/primaria-sectorului-4-plateste-peste-12-milioane-de-euro-pentru-servicii-de-ridicare-a-masinilor-parcate-ilegal\/","url":"https:\/\/buletin.de\/bucuresti\/primaria-sectorului-4-plateste-peste-12-milioane-de-euro-pentru-servicii-de-ridicare-a-masinilor-parcate-ilegal\/","name":"Prim\u0103ria Sectorului 4 pl\u0103te\u015fte peste 12 milioane de euro pentru servicii de ridicare a ma\u015finilor parcate ilegal - Buletin de Bucure\u0219ti","isPartOf":{"@id":"https:\/\/buletin.de\/bucuresti\/#website"},"primaryImageOfPage":{"@id":"https:\/\/buletin.de\/bucuresti\/primaria-sectorului-4-plateste-peste-12-milioane-de-euro-pentru-servicii-de-ridicare-a-masinilor-parcate-ilegal\/#primaryimage"},"image":{"@id":"https:\/\/buletin.de\/bucuresti\/primaria-sectorului-4-plateste-peste-12-milioane-de-euro-pentru-servicii-de-ridicare-a-masinilor-parcate-ilegal\/#primaryimage"},"thumbnailUrl":"https:\/\/buletin.de\/bucuresti\/wp-content\/uploads\/2026\/05\/alex-plesovskich-mTi5hxzcnvo-unsplash-1600x1067-1.jpg","datePublished":"2026-05-03T11:02:35+00:00","dateModified":"2026-05-03T11:02:36+00:00","description":"Prim\u0103ria Sectorului 4 pl\u0103te\u015fte peste 12 milioane de euro pentru servicii de ridicare a ma\u015finilor parcate ilegal.","breadcrumb":{"@id":"https:\/\/buletin.de\/bucuresti\/primaria-sectorului-4-plateste-peste-12-milioane-de-euro-pentru-servicii-de-ridicare-a-masinilor-parcate-ilegal\/#breadcrumb"},"inLanguage":"en-GB","potentialAction":[{"@type":"ReadAction","target":["https:\/\/buletin.de\/bucuresti\/primaria-sectorului-4-plateste-peste-12-milioane-de-euro-pentru-servicii-de-ridicare-a-masinilor-parcate-ilegal\/"]}]},{"@type":"ImageObject","inLanguage":"en-GB","@id":"https:\/\/buletin.de\/bucuresti\/primaria-sectorului-4-plateste-peste-12-milioane-de-euro-pentru-servicii-de-ridicare-a-masinilor-parcate-ilegal\/#primaryimage","url":"https:\/\/buletin.de\/bucuresti\/wp-content\/uploads\/2026\/05\/alex-plesovskich-mTi5hxzcnvo-unsplash-1600x1067-1.jpg","contentUrl":"https:\/\/buletin.de\/bucuresti\/wp-content\/uploads\/2026\/05\/alex-plesovskich-mTi5hxzcnvo-unsplash-1600x1067-1.jpg","width":1600,"height":1067,"caption":"Prim\u0103ria Sectorului 4 pl\u0103te\u015fte peste 12 milioane de euro pentru servicii de ridicare a ma\u015finilor parcate ilegal. Foto: Unsplash"},{"@type":"BreadcrumbList","@id":"https:\/\/buletin.de\/bucuresti\/primaria-sectorului-4-plateste-peste-12-milioane-de-euro-pentru-servicii-de-ridicare-a-masinilor-parcate-ilegal\/#breadcrumb","itemListElement":[{"@type":"ListItem","position":1,"name":"Acas\u0103","item":"https:\/\/buletin.de\/bucuresti\/"},{"@type":"ListItem","position":2,"name":"Prim\u0103ria Sectorului 4 pl\u0103te\u015fte peste 12 milioane de euro pentru servicii de ridicare a ma\u015finilor parcate ilegal"}]},{"@type":"WebSite","@id":"https:\/\/buletin.de\/bucuresti\/#website","url":"https:\/\/buletin.de\/bucuresti\/","name":"Buletin de Bucure\u0219ti","description":"\u0218tiri \u0219i investiga\u021bii esen\u021biale din capital\u0103","publisher":{"@id":"https:\/\/buletin.de\/bucuresti\/#organization"},"potentialAction":[{"@type":"SearchAction","target":{"@type":"EntryPoint","urlTemplate":"https:\/\/buletin.de\/bucuresti\/?s={search_term_string}"},"query-input":{"@type":"PropertyValueSpecification","valueRequired":true,"valueName":"search_term_string"}}],"inLanguage":"en-GB"},{"@type":"Organization","@id":"https:\/\/buletin.de\/bucuresti\/#organization","name":"Buletin de Bucure\u0219ti","url":"https:\/\/buletin.de\/bucuresti\/","logo":{"@type":"ImageObject","inLanguage":"en-GB","@id":"https:\/\/buletin.de\/bucuresti\/#\/schema\/logo\/image\/","url":"https:\/\/buletin.de\/bucuresti\/wp-content\/uploads\/logo-bdb-full-wide-vernil-transparent.png","contentUrl":"https:\/\/buletin.de\/bucuresti\/wp-content\/uploads\/logo-bdb-full-wide-vernil-transparent.png","width":1782,"height":626,"caption":"Buletin de Bucure\u0219ti"},"image":{"@id":"https:\/\/buletin.de\/bucuresti\/#\/schema\/logo\/image\/"},"sameAs":["https:\/\/www.facebook.com\/buletin.de.buc","https:\/\/www.instagram.com\/buletinde.bucuresti\/"]},{"@type":"Person","@id":"https:\/\/buletin.de\/bucuresti\/#\/schema\/person\/150590659efde715459d159da012f501","name":"Andreea Tudor","image":{"@type":"ImageObject","inLanguage":"en-GB","@id":"https:\/\/secure.gravatar.com\/avatar\/a88705a186ab0b67f3349bcbced506c09e37256fbaad0e7f3bd1a79b4599f589?s=96&d=monsterid&r=g79290610aa1a65c2b86eebc2ca5aee8f","url":"https:\/\/secure.gravatar.com\/avatar\/a88705a186ab0b67f3349bcbced506c09e37256fbaad0e7f3bd1a79b4599f589?s=96&d=monsterid&r=g","contentUrl":"https:\/\/secure.gravatar.com\/avatar\/a88705a186ab0b67f3349bcbced506c09e37256fbaad0e7f3bd1a79b4599f589?s=96&d=monsterid&r=g","caption":"Andreea Tudor"},"description":"N\u0103scut\u0103 \u0219i crescut\u0103 \u00een Bucure\u0219ti, sus\u021bin\u0103toare a presei independente. A\u0219a am ajuns redactor la Buletin de Bucure\u0219ti. Fiind eu, \u00eens\u0103mi, parte a sistemului de \u00eenv\u0103\u021b\u0103m\u00e2nt rom\u00e2nesc \u0219i pasionat\u0103 de domeniul social, pun sub lup\u0103 tot ceea ce se \u00eent\u00e2mpl\u0103 \u00een sfera educa\u021biei. Cred cu t\u0103rie c\u0103 presa \u201epentru cet\u0103\u021beni\u201d este presa independent\u0103. Oamenii au nevoie de o informare corect\u0103 pentru a \u00een\u021belege pe deplin ce se \u00eent\u00e2mpl\u0103 \u00een jurul lor \u0219i pentru a lua ac\u021biune \u00eempotriva nedrept\u0103\u021bilor.","url":"https:\/\/buletin.de\/bucuresti\/author\/andreeatudor\/"}]}},"authors":[{"term_id":22573,"user_id":55,"is_guest":0,"slug":"andreeatudor","display_name":"Andreea Tudor","avatar_url":"https:\/\/secure.gravatar.com\/avatar\/a88705a186ab0b67f3349bcbced506c09e37256fbaad0e7f3bd1a79b4599f589?s=96&d=monsterid&r=g","0":null,"1":"","2":"","3":"","4":"","5":"","6":"","7":"","8":""}],"_links":{"self":[{"href":"https:\/\/buletin.de\/bucuresti\/wp-json\/wp\/v2\/posts\/190812","targetHints":{"allow":["GET"]}}],"collection":[{"href":"https:\/\/buletin.de\/bucuresti\/wp-json\/wp\/v2\/posts"}],"about":[{"href":"https:\/\/buletin.de\/bucuresti\/wp-json\/wp\/v2\/types\/post"}],"author":[{"embeddable":true,"href":"https:\/\/buletin.de\/bucuresti\/wp-json\/wp\/v2\/users\/55"}],"replies":[{"embeddable":true,"href":"https:\/\/buletin.de\/bucuresti\/wp-json\/wp\/v2\/comments?post=190812"}],"version-history":[{"count":12,"href":"https:\/\/buletin.de\/bucuresti\/wp-json\/wp\/v2\/posts\/190812\/revisions"}],"predecessor-version":[{"id":190994,"href":"https:\/\/buletin.de\/bucuresti\/wp-json\/wp\/v2\/posts\/190812\/revisions\/190994"}],"wp:featuredmedia":[{"embeddable":true,"href":"https:\/\/buletin.de\/bucuresti\/wp-json\/wp\/v2\/media\/190946"}],"wp:attachment":[{"href":"https:\/\/buletin.de\/bucuresti\/wp-json\/wp\/v2\/media?parent=190812"}],"wp:term":[{"taxonomy":"category","embeddable":true,"href":"https:\/\/buletin.de\/bucuresti\/wp-json\/wp\/v2\/categories?post=190812"},{"taxonomy":"post_tag","embeddable":true,"href":"https:\/\/buletin.de\/bucuresti\/wp-json\/wp\/v2\/tags?post=190812"},{"taxonomy":"author","embeddable":true,"href":"https:\/\/buletin.de\/bucuresti\/wp-json\/wp\/v2\/ppma_author?post=190812"}],"curies":[{"name":"wp","href":"https:\/\/api.w.org\/{rel}","templated":true}]}}