{"id":190731,"date":"2026-05-02T11:38:39","date_gmt":"2026-05-02T08:38:39","guid":{"rendered":"https:\/\/buletin.de\/bucuresti\/?p=190731"},"modified":"2026-05-02T12:12:28","modified_gmt":"2026-05-02T09:12:28","slug":"incendiu-in-nordul-capitalei-mai-multe-persoane-au-fost-evacuate","status":"publish","type":"post","link":"https:\/\/buletin.de\/bucuresti\/incendiu-in-nordul-capitalei-mai-multe-persoane-au-fost-evacuate\/","title":{"rendered":"Incendiu \u00een nordul Capitalei. Mai multe persoane au fost evacuate"},"content":{"rendered":"\n<p><strong>Un incendiu a izbucnit, \u00een aceast\u0103 diminea\u021b\u0103, \u00een nordul Capitalei. 20 de persoane au fost evacuate dintr-un restaurant, situat pe strada Neagoe Vod\u0103.<\/strong><\/p>\n\n\n\n<p><strong>UPDATE: Incendiul este localizat. P\u00e2n\u0103 acum, nu sunt persoane cu probleme medicale. Vor fi retrase din dispozitiv trei autospeciale de stingere \u0219i Deta\u0219amentul Special de Salvatori.<\/strong><\/p>\n\n\n\n<p>Potrivit ISU arde acoperi\u0219ul loca\u021biei \u0219i exist\u0103 posibilitatea de extindere \u0219i la alte cl\u0103diri din apropiere.<\/p>\n\n\n\n<p>Au fost evacuate 20 de persoane, iar la fa\u021ba locului sunt opt autospeciale de stingere, autospecial\u0103 pentru interven\u021bie la \u00een\u0103l\u021bime, dou\u0103 SMURD \u0219i Deta\u0219amentul Special de Salvatori. Incendiul s-a manifestat pe aproximativ 5 mp la nivelul acoperi\u0219ului, la tubulatura de evacuare a fumului.<\/p>\n\n\n\n<p><strong><em>\u0218TIRE \u00ceN CURS DE ACTUALIZARE<\/em><\/strong><\/p>\n\n\n\n<p><strong>CITE\u0218TE \u0218I:<\/strong> <a href=\"https:\/\/buletin.de\/bucuresti\/inca-un-accident-cu-mijloacele-stb-un-autobuz-si-un-tramvai-s-au-ciocnit-la-piata-sudului\/\"><strong>\u00cenc\u0103 un accident cu mijloacele STB: un autobuz \u0219i un tramvai s-au ciocnit la Pia\u021ba Sudului<\/strong><\/a><\/p>\n","protected":false},"excerpt":{"rendered":"<p>Un incendiu a izbucnit, \u00een aceast\u0103 diminea\u021b\u0103, \u00een nordul Capitalei. 20 de persoane au fost evacuate dintr-un restaurant, situat pe strada Neagoe Vod\u0103. UPDATE: Incendiul este localizat. P\u00e2n\u0103 acum, nu sunt persoane cu probleme medicale. Vor fi retrase din dispozitiv trei autospeciale de stingere \u0219i Deta\u0219amentul Special de Salvatori. Potrivit ISU arde acoperi\u0219ul loca\u021biei \u0219i [&hellip;]<\/p>\n","protected":false},"author":1,"featured_media":138483,"comment_status":"closed","ping_status":"open","sticky":false,"template":"","format":"standard","meta":{"_acf_changed":false,"inline_featured_image":false,"ngg_post_thumbnail":0,"footnotes":""},"categories":[6994,62],"tags":[341,7893,28062],"ppma_author":[22583],"class_list":["post-190731","post","type-post","status-publish","format-standard","has-post-thumbnail","hentry","category-stiri-2","category-stiri","tag-incendiu","tag-isu-bif","tag-strada-neagoe-voda"],"acf":[],"yoast_head":"<!-- This site is optimized with the Yoast SEO Premium plugin v25.3 (Yoast SEO v27.5) - https:\/\/yoast.com\/product\/yoast-seo-premium-wordpress\/ -->\n<title>Incendiu \u00een nordul Capitalei. Mai multe persoane au fost evacuate - Buletin de Bucure\u0219ti<\/title>\n<meta name=\"description\" content=\"Un incendiu a izbucnit, \u00een aceast\u0103 diminea\u021b\u0103, \u00een nordul Capitalei. 20 de persoane au fost evacuate pe strad\u0103 Neagoe Vod\u0103.\" \/>\n<meta name=\"robots\" content=\"index, follow, max-snippet:-1, max-image-preview:large, max-video-preview:-1\" \/>\n<link rel=\"canonical\" href=\"https:\/\/buletin.de\/bucuresti\/incendiu-in-nordul-capitalei-mai-multe-persoane-au-fost-evacuate\/\" \/>\n<meta property=\"og:locale\" content=\"en_GB\" \/>\n<meta property=\"og:type\" content=\"article\" \/>\n<meta property=\"og:title\" content=\"Incendiu \u00een nordul Capitalei. Mai multe persoane au fost evacuate\" \/>\n<meta property=\"og:description\" content=\"Un incendiu a izbucnit, \u00een aceast\u0103 diminea\u021b\u0103, \u00een nordul Capitalei. 20 de persoane au fost evacuate pe strad\u0103 Neagoe Vod\u0103.\" \/>\n<meta property=\"og:url\" content=\"https:\/\/buletin.de\/bucuresti\/incendiu-in-nordul-capitalei-mai-multe-persoane-au-fost-evacuate\/\" \/>\n<meta property=\"og:site_name\" content=\"Buletin de Bucure\u0219ti\" \/>\n<meta property=\"article:publisher\" content=\"https:\/\/www.facebook.com\/buletin.de.buc\" \/>\n<meta property=\"article:published_time\" content=\"2026-05-02T08:38:39+00:00\" \/>\n<meta property=\"article:modified_time\" content=\"2026-05-02T09:12:28+00:00\" \/>\n<meta property=\"og:image\" content=\"https:\/\/buletin.de\/bucuresti\/wp-content\/uploads\/2025\/07\/b627c845-2f06-4f08-bc8e-b4f32bc3d0c3-scaled.jpg\" \/>\n\t<meta property=\"og:image:width\" content=\"2560\" \/>\n\t<meta property=\"og:image:height\" content=\"1920\" \/>\n\t<meta property=\"og:image:type\" content=\"image\/jpeg\" \/>\n<meta name=\"author\" content=\"Redac\u021bia Buletin de Bucure\u0219ti\" \/>\n<meta name=\"twitter:card\" content=\"summary_large_image\" \/>\n<meta name=\"twitter:label1\" content=\"Written by\" \/>\n\t<meta name=\"twitter:data1\" content=\"Redac\u021bia Buletin de Bucure\u0219ti\" \/>\n\t<meta name=\"twitter:label2\" content=\"Estimated reading time\" \/>\n\t<meta name=\"twitter:data2\" content=\"1 minute\" \/>\n<script type=\"application\/ld+json\" class=\"yoast-schema-graph\">{\"@context\":\"https:\\\/\\\/schema.org\",\"@graph\":[{\"@type\":\"Article\",\"@id\":\"https:\\\/\\\/buletin.de\\\/bucuresti\\\/incendiu-in-nordul-capitalei-mai-multe-persoane-au-fost-evacuate\\\/#article\",\"isPartOf\":{\"@id\":\"https:\\\/\\\/buletin.de\\\/bucuresti\\\/incendiu-in-nordul-capitalei-mai-multe-persoane-au-fost-evacuate\\\/\"},\"author\":{\"name\":\"Redac\u021bia Buletin de Bucure\u0219ti\",\"@id\":\"https:\\\/\\\/buletin.de\\\/bucuresti\\\/#\\\/schema\\\/person\\\/2bbcf854e5f2419a13804af574d06ab1\"},\"headline\":\"Incendiu \u00een nordul Capitalei. Mai multe persoane au fost evacuate\",\"datePublished\":\"2026-05-02T08:38:39+00:00\",\"dateModified\":\"2026-05-02T09:12:28+00:00\",\"mainEntityOfPage\":{\"@id\":\"https:\\\/\\\/buletin.de\\\/bucuresti\\\/incendiu-in-nordul-capitalei-mai-multe-persoane-au-fost-evacuate\\\/\"},\"wordCount\":151,\"publisher\":{\"@id\":\"https:\\\/\\\/buletin.de\\\/bucuresti\\\/#organization\"},\"image\":{\"@id\":\"https:\\\/\\\/buletin.de\\\/bucuresti\\\/incendiu-in-nordul-capitalei-mai-multe-persoane-au-fost-evacuate\\\/#primaryimage\"},\"thumbnailUrl\":\"https:\\\/\\\/buletin.de\\\/bucuresti\\\/wp-content\\\/uploads\\\/2025\\\/07\\\/b627c845-2f06-4f08-bc8e-b4f32bc3d0c3-scaled.jpg\",\"keywords\":[\"incendiu\",\"isu bif\",\"strada Neagoe Voda\"],\"articleSection\":[\"Articole\",\"\u0218tiri\"],\"inLanguage\":\"en-GB\",\"copyrightYear\":\"2026\",\"copyrightHolder\":{\"@id\":\"https:\\\/\\\/buletin.de\\\/bucuresti\\\/#organization\"}},{\"@type\":\"WebPage\",\"@id\":\"https:\\\/\\\/buletin.de\\\/bucuresti\\\/incendiu-in-nordul-capitalei-mai-multe-persoane-au-fost-evacuate\\\/\",\"url\":\"https:\\\/\\\/buletin.de\\\/bucuresti\\\/incendiu-in-nordul-capitalei-mai-multe-persoane-au-fost-evacuate\\\/\",\"name\":\"Incendiu \u00een nordul Capitalei. Mai multe persoane au fost evacuate - Buletin de Bucure\u0219ti\",\"isPartOf\":{\"@id\":\"https:\\\/\\\/buletin.de\\\/bucuresti\\\/#website\"},\"primaryImageOfPage\":{\"@id\":\"https:\\\/\\\/buletin.de\\\/bucuresti\\\/incendiu-in-nordul-capitalei-mai-multe-persoane-au-fost-evacuate\\\/#primaryimage\"},\"image\":{\"@id\":\"https:\\\/\\\/buletin.de\\\/bucuresti\\\/incendiu-in-nordul-capitalei-mai-multe-persoane-au-fost-evacuate\\\/#primaryimage\"},\"thumbnailUrl\":\"https:\\\/\\\/buletin.de\\\/bucuresti\\\/wp-content\\\/uploads\\\/2025\\\/07\\\/b627c845-2f06-4f08-bc8e-b4f32bc3d0c3-scaled.jpg\",\"datePublished\":\"2026-05-02T08:38:39+00:00\",\"dateModified\":\"2026-05-02T09:12:28+00:00\",\"description\":\"Un incendiu a izbucnit, \u00een aceast\u0103 diminea\u021b\u0103, \u00een nordul Capitalei. 20 de persoane au fost evacuate pe strad\u0103 Neagoe Vod\u0103.\",\"breadcrumb\":{\"@id\":\"https:\\\/\\\/buletin.de\\\/bucuresti\\\/incendiu-in-nordul-capitalei-mai-multe-persoane-au-fost-evacuate\\\/#breadcrumb\"},\"inLanguage\":\"en-GB\",\"potentialAction\":[{\"@type\":\"ReadAction\",\"target\":[\"https:\\\/\\\/buletin.de\\\/bucuresti\\\/incendiu-in-nordul-capitalei-mai-multe-persoane-au-fost-evacuate\\\/\"]}]},{\"@type\":\"ImageObject\",\"inLanguage\":\"en-GB\",\"@id\":\"https:\\\/\\\/buletin.de\\\/bucuresti\\\/incendiu-in-nordul-capitalei-mai-multe-persoane-au-fost-evacuate\\\/#primaryimage\",\"url\":\"https:\\\/\\\/buletin.de\\\/bucuresti\\\/wp-content\\\/uploads\\\/2025\\\/07\\\/b627c845-2f06-4f08-bc8e-b4f32bc3d0c3-scaled.jpg\",\"contentUrl\":\"https:\\\/\\\/buletin.de\\\/bucuresti\\\/wp-content\\\/uploads\\\/2025\\\/07\\\/b627c845-2f06-4f08-bc8e-b4f32bc3d0c3-scaled.jpg\",\"width\":2560,\"height\":1920,\"caption\":\"Incendiu \u00een nordul Capitalei. Mai multe persoane au fost evacuate. FOTO: ISU\"},{\"@type\":\"BreadcrumbList\",\"@id\":\"https:\\\/\\\/buletin.de\\\/bucuresti\\\/incendiu-in-nordul-capitalei-mai-multe-persoane-au-fost-evacuate\\\/#breadcrumb\",\"itemListElement\":[{\"@type\":\"ListItem\",\"position\":1,\"name\":\"Acas\u0103\",\"item\":\"https:\\\/\\\/buletin.de\\\/bucuresti\\\/\"},{\"@type\":\"ListItem\",\"position\":2,\"name\":\"Incendiu \u00een nordul Capitalei. Mai multe persoane au fost evacuate\"}]},{\"@type\":\"WebSite\",\"@id\":\"https:\\\/\\\/buletin.de\\\/bucuresti\\\/#website\",\"url\":\"https:\\\/\\\/buletin.de\\\/bucuresti\\\/\",\"name\":\"Buletin de Bucure\u0219ti\",\"description\":\"\u0218tiri \u0219i investiga\u021bii esen\u021biale din capital\u0103\",\"publisher\":{\"@id\":\"https:\\\/\\\/buletin.de\\\/bucuresti\\\/#organization\"},\"potentialAction\":[{\"@type\":\"SearchAction\",\"target\":{\"@type\":\"EntryPoint\",\"urlTemplate\":\"https:\\\/\\\/buletin.de\\\/bucuresti\\\/?s={search_term_string}\"},\"query-input\":{\"@type\":\"PropertyValueSpecification\",\"valueRequired\":true,\"valueName\":\"search_term_string\"}}],\"inLanguage\":\"en-GB\"},{\"@type\":\"Organization\",\"@id\":\"https:\\\/\\\/buletin.de\\\/bucuresti\\\/#organization\",\"name\":\"Buletin de Bucure\u0219ti\",\"url\":\"https:\\\/\\\/buletin.de\\\/bucuresti\\\/\",\"logo\":{\"@type\":\"ImageObject\",\"inLanguage\":\"en-GB\",\"@id\":\"https:\\\/\\\/buletin.de\\\/bucuresti\\\/#\\\/schema\\\/logo\\\/image\\\/\",\"url\":\"https:\\\/\\\/buletin.de\\\/bucuresti\\\/wp-content\\\/uploads\\\/logo-bdb-full-wide-vernil-transparent.png\",\"contentUrl\":\"https:\\\/\\\/buletin.de\\\/bucuresti\\\/wp-content\\\/uploads\\\/logo-bdb-full-wide-vernil-transparent.png\",\"width\":1782,\"height\":626,\"caption\":\"Buletin de Bucure\u0219ti\"},\"image\":{\"@id\":\"https:\\\/\\\/buletin.de\\\/bucuresti\\\/#\\\/schema\\\/logo\\\/image\\\/\"},\"sameAs\":[\"https:\\\/\\\/www.facebook.com\\\/buletin.de.buc\",\"https:\\\/\\\/www.instagram.com\\\/buletinde.bucuresti\\\/\"]},{\"@type\":\"Person\",\"@id\":\"https:\\\/\\\/buletin.de\\\/bucuresti\\\/#\\\/schema\\\/person\\\/2bbcf854e5f2419a13804af574d06ab1\",\"name\":\"Redac\u021bia Buletin de Bucure\u0219ti\",\"image\":{\"@type\":\"ImageObject\",\"inLanguage\":\"en-GB\",\"@id\":\"https:\\\/\\\/secure.gravatar.com\\\/avatar\\\/18c5342381ed1a08620e6280424e3e5efc958618f5d67c522c9e44c1bc6f9226?s=96&d=monsterid&r=g60c7cd0ad92c68c049fcd4bb3504d609\",\"url\":\"https:\\\/\\\/secure.gravatar.com\\\/avatar\\\/18c5342381ed1a08620e6280424e3e5efc958618f5d67c522c9e44c1bc6f9226?s=96&d=monsterid&r=g\",\"contentUrl\":\"https:\\\/\\\/secure.gravatar.com\\\/avatar\\\/18c5342381ed1a08620e6280424e3e5efc958618f5d67c522c9e44c1bc6f9226?s=96&d=monsterid&r=g\",\"caption\":\"Redac\u021bia Buletin de Bucure\u0219ti\"},\"description\":\"Buletin de Bucure\u0219ti exist\u0103 din vara anului 2019.\",\"url\":\"https:\\\/\\\/buletin.de\\\/bucuresti\\\/author\\\/adminbuletin\\\/\"}]}<\/script>\n<!-- \/ Yoast SEO Premium plugin. -->","yoast_head_json":{"title":"Incendiu \u00een nordul Capitalei. Mai multe persoane au fost evacuate - Buletin de Bucure\u0219ti","description":"Un incendiu a izbucnit, \u00een aceast\u0103 diminea\u021b\u0103, \u00een nordul Capitalei. 20 de persoane au fost evacuate pe strad\u0103 Neagoe Vod\u0103.","robots":{"index":"index","follow":"follow","max-snippet":"max-snippet:-1","max-image-preview":"max-image-preview:large","max-video-preview":"max-video-preview:-1"},"canonical":"https:\/\/buletin.de\/bucuresti\/incendiu-in-nordul-capitalei-mai-multe-persoane-au-fost-evacuate\/","og_locale":"en_GB","og_type":"article","og_title":"Incendiu \u00een nordul Capitalei. Mai multe persoane au fost evacuate","og_description":"Un incendiu a izbucnit, \u00een aceast\u0103 diminea\u021b\u0103, \u00een nordul Capitalei. 20 de persoane au fost evacuate pe strad\u0103 Neagoe Vod\u0103.","og_url":"https:\/\/buletin.de\/bucuresti\/incendiu-in-nordul-capitalei-mai-multe-persoane-au-fost-evacuate\/","og_site_name":"Buletin de Bucure\u0219ti","article_publisher":"https:\/\/www.facebook.com\/buletin.de.buc","article_published_time":"2026-05-02T08:38:39+00:00","article_modified_time":"2026-05-02T09:12:28+00:00","og_image":[{"width":2560,"height":1920,"url":"https:\/\/buletin.de\/bucuresti\/wp-content\/uploads\/2025\/07\/b627c845-2f06-4f08-bc8e-b4f32bc3d0c3-scaled.jpg","type":"image\/jpeg"}],"author":"Redac\u021bia Buletin de Bucure\u0219ti","twitter_card":"summary_large_image","twitter_misc":{"Written by":"Redac\u021bia Buletin de Bucure\u0219ti","Estimated reading time":"1 minute"},"schema":{"@context":"https:\/\/schema.org","@graph":[{"@type":"Article","@id":"https:\/\/buletin.de\/bucuresti\/incendiu-in-nordul-capitalei-mai-multe-persoane-au-fost-evacuate\/#article","isPartOf":{"@id":"https:\/\/buletin.de\/bucuresti\/incendiu-in-nordul-capitalei-mai-multe-persoane-au-fost-evacuate\/"},"author":{"name":"Redac\u021bia Buletin de Bucure\u0219ti","@id":"https:\/\/buletin.de\/bucuresti\/#\/schema\/person\/2bbcf854e5f2419a13804af574d06ab1"},"headline":"Incendiu \u00een nordul Capitalei. Mai multe persoane au fost evacuate","datePublished":"2026-05-02T08:38:39+00:00","dateModified":"2026-05-02T09:12:28+00:00","mainEntityOfPage":{"@id":"https:\/\/buletin.de\/bucuresti\/incendiu-in-nordul-capitalei-mai-multe-persoane-au-fost-evacuate\/"},"wordCount":151,"publisher":{"@id":"https:\/\/buletin.de\/bucuresti\/#organization"},"image":{"@id":"https:\/\/buletin.de\/bucuresti\/incendiu-in-nordul-capitalei-mai-multe-persoane-au-fost-evacuate\/#primaryimage"},"thumbnailUrl":"https:\/\/buletin.de\/bucuresti\/wp-content\/uploads\/2025\/07\/b627c845-2f06-4f08-bc8e-b4f32bc3d0c3-scaled.jpg","keywords":["incendiu","isu bif","strada Neagoe Voda"],"articleSection":["Articole","\u0218tiri"],"inLanguage":"en-GB","copyrightYear":"2026","copyrightHolder":{"@id":"https:\/\/buletin.de\/bucuresti\/#organization"}},{"@type":"WebPage","@id":"https:\/\/buletin.de\/bucuresti\/incendiu-in-nordul-capitalei-mai-multe-persoane-au-fost-evacuate\/","url":"https:\/\/buletin.de\/bucuresti\/incendiu-in-nordul-capitalei-mai-multe-persoane-au-fost-evacuate\/","name":"Incendiu \u00een nordul Capitalei. Mai multe persoane au fost evacuate - Buletin de Bucure\u0219ti","isPartOf":{"@id":"https:\/\/buletin.de\/bucuresti\/#website"},"primaryImageOfPage":{"@id":"https:\/\/buletin.de\/bucuresti\/incendiu-in-nordul-capitalei-mai-multe-persoane-au-fost-evacuate\/#primaryimage"},"image":{"@id":"https:\/\/buletin.de\/bucuresti\/incendiu-in-nordul-capitalei-mai-multe-persoane-au-fost-evacuate\/#primaryimage"},"thumbnailUrl":"https:\/\/buletin.de\/bucuresti\/wp-content\/uploads\/2025\/07\/b627c845-2f06-4f08-bc8e-b4f32bc3d0c3-scaled.jpg","datePublished":"2026-05-02T08:38:39+00:00","dateModified":"2026-05-02T09:12:28+00:00","description":"Un incendiu a izbucnit, \u00een aceast\u0103 diminea\u021b\u0103, \u00een nordul Capitalei. 20 de persoane au fost evacuate pe strad\u0103 Neagoe Vod\u0103.","breadcrumb":{"@id":"https:\/\/buletin.de\/bucuresti\/incendiu-in-nordul-capitalei-mai-multe-persoane-au-fost-evacuate\/#breadcrumb"},"inLanguage":"en-GB","potentialAction":[{"@type":"ReadAction","target":["https:\/\/buletin.de\/bucuresti\/incendiu-in-nordul-capitalei-mai-multe-persoane-au-fost-evacuate\/"]}]},{"@type":"ImageObject","inLanguage":"en-GB","@id":"https:\/\/buletin.de\/bucuresti\/incendiu-in-nordul-capitalei-mai-multe-persoane-au-fost-evacuate\/#primaryimage","url":"https:\/\/buletin.de\/bucuresti\/wp-content\/uploads\/2025\/07\/b627c845-2f06-4f08-bc8e-b4f32bc3d0c3-scaled.jpg","contentUrl":"https:\/\/buletin.de\/bucuresti\/wp-content\/uploads\/2025\/07\/b627c845-2f06-4f08-bc8e-b4f32bc3d0c3-scaled.jpg","width":2560,"height":1920,"caption":"Incendiu \u00een nordul Capitalei. Mai multe persoane au fost evacuate. FOTO: ISU"},{"@type":"BreadcrumbList","@id":"https:\/\/buletin.de\/bucuresti\/incendiu-in-nordul-capitalei-mai-multe-persoane-au-fost-evacuate\/#breadcrumb","itemListElement":[{"@type":"ListItem","position":1,"name":"Acas\u0103","item":"https:\/\/buletin.de\/bucuresti\/"},{"@type":"ListItem","position":2,"name":"Incendiu \u00een nordul Capitalei. Mai multe persoane au fost evacuate"}]},{"@type":"WebSite","@id":"https:\/\/buletin.de\/bucuresti\/#website","url":"https:\/\/buletin.de\/bucuresti\/","name":"Buletin de Bucure\u0219ti","description":"\u0218tiri \u0219i investiga\u021bii esen\u021biale din capital\u0103","publisher":{"@id":"https:\/\/buletin.de\/bucuresti\/#organization"},"potentialAction":[{"@type":"SearchAction","target":{"@type":"EntryPoint","urlTemplate":"https:\/\/buletin.de\/bucuresti\/?s={search_term_string}"},"query-input":{"@type":"PropertyValueSpecification","valueRequired":true,"valueName":"search_term_string"}}],"inLanguage":"en-GB"},{"@type":"Organization","@id":"https:\/\/buletin.de\/bucuresti\/#organization","name":"Buletin de Bucure\u0219ti","url":"https:\/\/buletin.de\/bucuresti\/","logo":{"@type":"ImageObject","inLanguage":"en-GB","@id":"https:\/\/buletin.de\/bucuresti\/#\/schema\/logo\/image\/","url":"https:\/\/buletin.de\/bucuresti\/wp-content\/uploads\/logo-bdb-full-wide-vernil-transparent.png","contentUrl":"https:\/\/buletin.de\/bucuresti\/wp-content\/uploads\/logo-bdb-full-wide-vernil-transparent.png","width":1782,"height":626,"caption":"Buletin de Bucure\u0219ti"},"image":{"@id":"https:\/\/buletin.de\/bucuresti\/#\/schema\/logo\/image\/"},"sameAs":["https:\/\/www.facebook.com\/buletin.de.buc","https:\/\/www.instagram.com\/buletinde.bucuresti\/"]},{"@type":"Person","@id":"https:\/\/buletin.de\/bucuresti\/#\/schema\/person\/2bbcf854e5f2419a13804af574d06ab1","name":"Redac\u021bia Buletin de Bucure\u0219ti","image":{"@type":"ImageObject","inLanguage":"en-GB","@id":"https:\/\/secure.gravatar.com\/avatar\/18c5342381ed1a08620e6280424e3e5efc958618f5d67c522c9e44c1bc6f9226?s=96&d=monsterid&r=g60c7cd0ad92c68c049fcd4bb3504d609","url":"https:\/\/secure.gravatar.com\/avatar\/18c5342381ed1a08620e6280424e3e5efc958618f5d67c522c9e44c1bc6f9226?s=96&d=monsterid&r=g","contentUrl":"https:\/\/secure.gravatar.com\/avatar\/18c5342381ed1a08620e6280424e3e5efc958618f5d67c522c9e44c1bc6f9226?s=96&d=monsterid&r=g","caption":"Redac\u021bia Buletin de Bucure\u0219ti"},"description":"Buletin de Bucure\u0219ti exist\u0103 din vara anului 2019.","url":"https:\/\/buletin.de\/bucuresti\/author\/adminbuletin\/"}]}},"authors":[{"term_id":22583,"user_id":1,"is_guest":0,"slug":"adminbuletin","display_name":"Redac\u021bia Buletin de Bucure\u0219ti","avatar_url":"https:\/\/secure.gravatar.com\/avatar\/18c5342381ed1a08620e6280424e3e5efc958618f5d67c522c9e44c1bc6f9226?s=96&d=monsterid&r=g","0":null,"1":"","2":"","3":"","4":"","5":"","6":"","7":"","8":""}],"_links":{"self":[{"href":"https:\/\/buletin.de\/bucuresti\/wp-json\/wp\/v2\/posts\/190731","targetHints":{"allow":["GET"]}}],"collection":[{"href":"https:\/\/buletin.de\/bucuresti\/wp-json\/wp\/v2\/posts"}],"about":[{"href":"https:\/\/buletin.de\/bucuresti\/wp-json\/wp\/v2\/types\/post"}],"author":[{"embeddable":true,"href":"https:\/\/buletin.de\/bucuresti\/wp-json\/wp\/v2\/users\/1"}],"replies":[{"embeddable":true,"href":"https:\/\/buletin.de\/bucuresti\/wp-json\/wp\/v2\/comments?post=190731"}],"version-history":[{"count":5,"href":"https:\/\/buletin.de\/bucuresti\/wp-json\/wp\/v2\/posts\/190731\/revisions"}],"predecessor-version":[{"id":190754,"href":"https:\/\/buletin.de\/bucuresti\/wp-json\/wp\/v2\/posts\/190731\/revisions\/190754"}],"wp:featuredmedia":[{"embeddable":true,"href":"https:\/\/buletin.de\/bucuresti\/wp-json\/wp\/v2\/media\/138483"}],"wp:attachment":[{"href":"https:\/\/buletin.de\/bucuresti\/wp-json\/wp\/v2\/media?parent=190731"}],"wp:term":[{"taxonomy":"category","embeddable":true,"href":"https:\/\/buletin.de\/bucuresti\/wp-json\/wp\/v2\/categories?post=190731"},{"taxonomy":"post_tag","embeddable":true,"href":"https:\/\/buletin.de\/bucuresti\/wp-json\/wp\/v2\/tags?post=190731"},{"taxonomy":"author","embeddable":true,"href":"https:\/\/buletin.de\/bucuresti\/wp-json\/wp\/v2\/ppma_author?post=190731"}],"curies":[{"name":"wp","href":"https:\/\/api.w.org\/{rel}","templated":true}]}}