{"id":190724,"date":"2026-05-02T11:58:27","date_gmt":"2026-05-02T08:58:27","guid":{"rendered":"https:\/\/buletin.de\/bucuresti\/?p=190724"},"modified":"2026-05-02T12:31:36","modified_gmt":"2026-05-02T09:31:36","slug":"666-de-firme-din-bucuresti-si-au-suspendat-activitatea-in-primele-trei-luni-ale-anului-cele-mai-multe-din-romania","status":"publish","type":"post","link":"https:\/\/buletin.de\/bucuresti\/666-de-firme-din-bucuresti-si-au-suspendat-activitatea-in-primele-trei-luni-ale-anului-cele-mai-multe-din-romania\/","title":{"rendered":"666 de firme din Bucure\u0219ti \u0219i-au suspendat activitatea \u00een primele trei luni ale anului. Capitala, pe primul loc la nivel na\u021bional"},"content":{"rendered":"\n<p><strong>\u00cen primul trimestru din 2026, peste 5.400 de companii din Rom\u00e2nia \u0219i-au suspendat activitatea, iar cele mai multe firme sunt din Bucure\u0219ti, potrivit celor mai recente date publicate de Oficiul Na\u021bional al Registrului Comer\u021bului (ONRC), citate de <a href=\"https:\/\/agerpres.ro\/economic\/2026\/05\/01\/onrc-5-424-de-firme-si-au-suspendat-activitatea-in-primele-trei-luni-din-2026--1552039\" type=\"link\" id=\"https:\/\/agerpres.ro\/economic\/2026\/05\/01\/onrc-5-424-de-firme-si-au-suspendat-activitatea-in-primele-trei-luni-din-2026--1552039\" target=\"_blank\" rel=\"noreferrer noopener\">Agerpres<\/a>.<\/strong><\/p>\n\n\n\n<p>Datele arat\u0103 c\u0103 666 de firme din Capital\u0103 <a href=\"https:\/\/buletin.de\/bucuresti\/peste-o-mie-de-firme-si-au-suspendat-activitatea-in-capitala-in-prima-parte-a-anului\/\" type=\"link\" id=\"https:\/\/buletin.de\/bucuresti\/peste-o-mie-de-firme-si-au-suspendat-activitatea-in-capitala-in-prima-parte-a-anului\/\" target=\"_blank\" rel=\"noreferrer noopener\">\u0219i-au suspendat activitatea<\/a> \u00een primele trei luni ale acestui an, \u00een cre\u0219tere cu 16,84% fa\u021b\u0103 de aceea\u0219i perioad\u0103 a anului trecut.<\/p>\n\n\n\n<p><strong>CITE\u0218TE \u0218I:<\/strong> <a href=\"https:\/\/buletin.de\/bucuresti\/retrospectiva-2025-numarul-firmelor-inchise-a-crescut-si-anul-acesta-cele-mai-multe-sunt-din-bucuresti\/\" type=\"link\" id=\"https:\/\/buletin.de\/bucuresti\/retrospectiva-2025-numarul-firmelor-inchise-a-crescut-si-anul-acesta-cele-mai-multe-sunt-din-bucuresti\/\" target=\"_blank\" rel=\"noreferrer noopener\">Retrospectiva 2025 | Num\u0103rul firmelor dizolvate a crescut \u0219i anul acesta. Cele mai multe sunt din Bucure\u0219ti<\/a><\/p>\n\n\n\n<h2 class=\"wp-block-heading\" id=\"h-666-de-firme-din-bucure\u0219ti-\u0219i-au-suspendat-activitatea-in-doar-trei-luni\">666 de firme din Bucure\u0219ti \u0219i-au suspendat activitatea, \u00een doar trei luni <\/h2>\n\n\n\n<p><strong>La nivel na\u021bional, sunt 5.424 de firme care \u0219i-au suspendat activitatea, \u00een cre\u0219tere cu 7,88% comparativ cu perioada similar\u0103 din anul precedent. Num\u0103rul suspend\u0103rilor a crescut \u0219i \u00een alte jude\u021be.<\/strong><\/p>\n\n\n\n<p>Dup\u0103 Bucure\u0219ti, cele mai multe suspend\u0103ri au fost raportate \u00een jude\u021bul Cluj, cu 315 firme (+1,61%), urmat de Bihor (+15,51%), cu 283 de firme (&nbsp;(+23,89%) \u0219i Ia\u0219i, cu 280 (+23,89%). <\/p>\n\n\n\n<p>Pe urm\u0103torul loc se afl\u0103 jude\u021bul Timi\u0219, cu 217 suspend\u0103ri, marc\u00e2nd un avans de +24,71%, urmat de Neam\u0163, cu 216 firme (+2,37%) \u015fi Sibiu, cu 213 (+7,58%).&nbsp;<\/p>\n\n\n\n<p>\u00cen schimb, cele mai pu\u021bine suspend\u0103ri de activitate s-au \u00eenregistrat \u00een jude\u021bele <strong>Giurgiu<\/strong>, cu <strong>20 <\/strong>de firme suspendate, adic\u0103 -59,18% fa\u0163\u0103 de primele trei luni din 2025), <strong>Tulcea <\/strong>(<strong>21 <\/strong>de firme, -51,16%), <strong>Ialomi\u021ba <\/strong>(<strong>28<\/strong>, -9,68%), Teleorman (<strong>33<\/strong>, -8,33%), Br\u0103ila (<strong>35<\/strong>, -25,53%), Vrancea (<strong>42<\/strong>, -45,45%) \u015fi Covasna (<strong>43<\/strong>, +13,16%).<\/p>\n\n\n\n<p>Cele mai mari cre\u0219teri ale num\u0103rului de suspend\u0103ri ale activit\u0103\u021bii s-au raportat \u00een jude\u021be <strong>Cara\u015f-Severin&nbsp;<\/strong>(+71,43%), <strong>Bistri\u0163a-N\u0103s\u0103ud <\/strong>(+44,64%) \u015fi <strong>Mehedin\u0163i <\/strong>(+42,86%). Pe de alt\u0103 parte, sc\u0103derile cele mai semnificative au fost \u00een jude\u0163ele <strong>Giurgiu <\/strong>(-59,18%), <strong>Tulcea <\/strong>(-51,16%) \u015fi <strong>Vrancea <\/strong>(-45,45%).<\/p>\n\n\n\n<h2 class=\"wp-block-heading\" id=\"h-bucure\u0219tiul-a-avut-cele-mai-multe-suspendari-\u0219i-in-luna-martie\">Bucure\u0219tiul a avut cele mai multe suspend\u0103ri \u0219i \u00een luna martie <\/h2>\n\n\n\n<p>\u00cen ceea ce prive\u0219te domeniile de activitate, cele mai afectate sunt comer\u0163ul cu ridicata \u015fi cu am\u0103nuntul, respectiv 667, alte activit\u0103\u0163i de servicii &#8211; <strong>442 <\/strong>\u015fi activit\u0103\u0163i profesionale, \u015ftiin\u0163ifice \u015fi tehnice &#8211; <strong>334<\/strong>.&nbsp;<\/p>\n\n\n\n<p>\u00cen luna martie a acestui an, au fost \u00eenregistrate, \u00een total, <strong>1.571 suspend\u0103ri de activitate<\/strong>, cele mai mule fiind \u00een <strong>Bucure\u0219ti (209)<\/strong>, urmat de jude\u021bele <strong>Cluj <\/strong>(100), <strong>Ia\u015fi <\/strong>(83), <strong>Bihor <\/strong>(81) \u015fi <strong>Timi\u015f <\/strong>(73).&nbsp;<\/p>\n\n\n\n<p>CITE\u0218TE \u0218I <a href=\"https:\/\/buletin.de\/bucuresti\/a-doilea-weekend-cu-strazi-deschise-la-bucuresti-programul-evenimentelor\/\" target=\"_blank\" rel=\"noreferrer noopener\">A doilea weekend cu \u201eStr\u0103zi Deschise\u201d, la Bucure\u0219ti. Programul evenimentelor<\/a><a href=\"https:\/\/www.wall-street.ro\/articol\/companii\/crestere-a-suspendarilor-de-firme-in-2026.html#\"><\/a><\/p>\n","protected":false},"excerpt":{"rendered":"<p>\u00cen primul trimestru din 2026, peste 5.400 de companii din Rom\u00e2nia \u0219i-au suspendat activitatea, iar cele mai multe firme sunt din Bucure\u0219ti, potrivit celor mai recente date publicate de Oficiul Na\u021bional al Registrului Comer\u021bului (ONRC), citate de Agerpres. Datele arat\u0103 c\u0103 666 de firme din Capital\u0103 \u0219i-au suspendat activitatea \u00een primele trei luni ale acestui [&hellip;]<\/p>\n","protected":false},"author":65,"featured_media":190730,"comment_status":"closed","ping_status":"open","sticky":false,"template":"","format":"standard","meta":{"_acf_changed":false,"inline_featured_image":false,"ngg_post_thumbnail":0,"footnotes":""},"categories":[6994,24496,5762],"tags":[9,25,161,25417,25418],"ppma_author":[23912],"class_list":["post-190724","post","type-post","status-publish","format-standard","has-post-thumbnail","hentry","category-stiri-2","category-economic","category-main","tag-bucuresti","tag-companii","tag-firme","tag-firme-inchise","tag-firme-inchise-bucuresti"],"acf":[],"yoast_head":"<!-- This site is optimized with the Yoast SEO Premium plugin v25.3 (Yoast SEO v27.5) - https:\/\/yoast.com\/product\/yoast-seo-premium-wordpress\/ -->\n<title>666 de firme din Bucure\u0219ti \u0219i-au suspendat activitatea \u00een primele trei luni ale anului. Capitala, pe primul loc la nivel na\u021bional - Buletin de Bucure\u0219ti<\/title>\n<meta name=\"robots\" content=\"index, follow, max-snippet:-1, max-image-preview:large, max-video-preview:-1\" \/>\n<link rel=\"canonical\" href=\"https:\/\/buletin.de\/bucuresti\/666-de-firme-din-bucuresti-si-au-suspendat-activitatea-in-primele-trei-luni-ale-anului-cele-mai-multe-din-romania\/\" \/>\n<meta property=\"og:locale\" content=\"en_GB\" \/>\n<meta property=\"og:type\" content=\"article\" \/>\n<meta property=\"og:title\" content=\"666 de firme din Bucure\u0219ti \u0219i-au suspendat activitatea \u00een primele trei luni ale anului. Capitala, pe primul loc la nivel na\u021bional\" \/>\n<meta property=\"og:description\" content=\"\u00cen primul trimestru din 2026, peste 5.400 de companii din Rom\u00e2nia \u0219i-au suspendat activitatea, iar cele mai multe firme sunt din Bucure\u0219ti, potrivit celor mai recente date publicate de Oficiul Na\u021bional al Registrului Comer\u021bului (ONRC), citate de Agerpres. Datele arat\u0103 c\u0103 666 de firme din Capital\u0103 \u0219i-au suspendat activitatea \u00een primele trei luni ale acestui [&hellip;]\" \/>\n<meta property=\"og:url\" content=\"https:\/\/buletin.de\/bucuresti\/666-de-firme-din-bucuresti-si-au-suspendat-activitatea-in-primele-trei-luni-ale-anului-cele-mai-multe-din-romania\/\" \/>\n<meta property=\"og:site_name\" content=\"Buletin de Bucure\u0219ti\" \/>\n<meta property=\"article:publisher\" content=\"https:\/\/www.facebook.com\/buletin.de.buc\" \/>\n<meta property=\"article:published_time\" content=\"2026-05-02T08:58:27+00:00\" \/>\n<meta property=\"article:modified_time\" content=\"2026-05-02T09:31:36+00:00\" \/>\n<meta property=\"og:image\" content=\"https:\/\/buletin.de\/bucuresti\/wp-content\/uploads\/2026\/05\/infralist-com-kmIKEGO7Vl4-unsplash.jpg\" \/>\n\t<meta property=\"og:image:width\" content=\"1920\" \/>\n\t<meta property=\"og:image:height\" content=\"1080\" \/>\n\t<meta property=\"og:image:type\" content=\"image\/jpeg\" \/>\n<meta name=\"author\" content=\"Andreea St\u0103n\u0103r\u00eeng\u0103\" \/>\n<meta name=\"twitter:card\" content=\"summary_large_image\" \/>\n<meta name=\"twitter:label1\" content=\"Written by\" \/>\n\t<meta name=\"twitter:data1\" content=\"Andreea St\u0103n\u0103r\u00eeng\u0103\" \/>\n\t<meta name=\"twitter:label2\" content=\"Estimated reading time\" \/>\n\t<meta name=\"twitter:data2\" content=\"2 minutes\" \/>\n<script type=\"application\/ld+json\" class=\"yoast-schema-graph\">{\"@context\":\"https:\\\/\\\/schema.org\",\"@graph\":[{\"@type\":\"Article\",\"@id\":\"https:\\\/\\\/buletin.de\\\/bucuresti\\\/666-de-firme-din-bucuresti-si-au-suspendat-activitatea-in-primele-trei-luni-ale-anului-cele-mai-multe-din-romania\\\/#article\",\"isPartOf\":{\"@id\":\"https:\\\/\\\/buletin.de\\\/bucuresti\\\/666-de-firme-din-bucuresti-si-au-suspendat-activitatea-in-primele-trei-luni-ale-anului-cele-mai-multe-din-romania\\\/\"},\"author\":{\"name\":\"Andreea St\u0103n\u0103r\u00eeng\u0103\",\"@id\":\"https:\\\/\\\/buletin.de\\\/bucuresti\\\/#\\\/schema\\\/person\\\/81421a46fb84a0887cfd2238f5202586\"},\"headline\":\"666 de firme din Bucure\u0219ti \u0219i-au suspendat activitatea \u00een primele trei luni ale anului. Capitala, pe primul loc la nivel na\u021bional\",\"datePublished\":\"2026-05-02T08:58:27+00:00\",\"dateModified\":\"2026-05-02T09:31:36+00:00\",\"mainEntityOfPage\":{\"@id\":\"https:\\\/\\\/buletin.de\\\/bucuresti\\\/666-de-firme-din-bucuresti-si-au-suspendat-activitatea-in-primele-trei-luni-ale-anului-cele-mai-multe-din-romania\\\/\"},\"wordCount\":402,\"publisher\":{\"@id\":\"https:\\\/\\\/buletin.de\\\/bucuresti\\\/#organization\"},\"image\":{\"@id\":\"https:\\\/\\\/buletin.de\\\/bucuresti\\\/666-de-firme-din-bucuresti-si-au-suspendat-activitatea-in-primele-trei-luni-ale-anului-cele-mai-multe-din-romania\\\/#primaryimage\"},\"thumbnailUrl\":\"https:\\\/\\\/buletin.de\\\/bucuresti\\\/wp-content\\\/uploads\\\/2026\\\/05\\\/infralist-com-kmIKEGO7Vl4-unsplash.jpg\",\"keywords\":[\"bucuresti\",\"companii\",\"firme\",\"firme inchise\",\"firme inchise Bucuresti\"],\"articleSection\":[\"Articole\",\"Economic\",\"Main\"],\"inLanguage\":\"en-GB\",\"copyrightYear\":\"2026\",\"copyrightHolder\":{\"@id\":\"https:\\\/\\\/buletin.de\\\/bucuresti\\\/#organization\"}},{\"@type\":\"WebPage\",\"@id\":\"https:\\\/\\\/buletin.de\\\/bucuresti\\\/666-de-firme-din-bucuresti-si-au-suspendat-activitatea-in-primele-trei-luni-ale-anului-cele-mai-multe-din-romania\\\/\",\"url\":\"https:\\\/\\\/buletin.de\\\/bucuresti\\\/666-de-firme-din-bucuresti-si-au-suspendat-activitatea-in-primele-trei-luni-ale-anului-cele-mai-multe-din-romania\\\/\",\"name\":\"666 de firme din Bucure\u0219ti \u0219i-au suspendat activitatea \u00een primele trei luni ale anului. Capitala, pe primul loc la nivel na\u021bional - Buletin de Bucure\u0219ti\",\"isPartOf\":{\"@id\":\"https:\\\/\\\/buletin.de\\\/bucuresti\\\/#website\"},\"primaryImageOfPage\":{\"@id\":\"https:\\\/\\\/buletin.de\\\/bucuresti\\\/666-de-firme-din-bucuresti-si-au-suspendat-activitatea-in-primele-trei-luni-ale-anului-cele-mai-multe-din-romania\\\/#primaryimage\"},\"image\":{\"@id\":\"https:\\\/\\\/buletin.de\\\/bucuresti\\\/666-de-firme-din-bucuresti-si-au-suspendat-activitatea-in-primele-trei-luni-ale-anului-cele-mai-multe-din-romania\\\/#primaryimage\"},\"thumbnailUrl\":\"https:\\\/\\\/buletin.de\\\/bucuresti\\\/wp-content\\\/uploads\\\/2026\\\/05\\\/infralist-com-kmIKEGO7Vl4-unsplash.jpg\",\"datePublished\":\"2026-05-02T08:58:27+00:00\",\"dateModified\":\"2026-05-02T09:31:36+00:00\",\"breadcrumb\":{\"@id\":\"https:\\\/\\\/buletin.de\\\/bucuresti\\\/666-de-firme-din-bucuresti-si-au-suspendat-activitatea-in-primele-trei-luni-ale-anului-cele-mai-multe-din-romania\\\/#breadcrumb\"},\"inLanguage\":\"en-GB\",\"potentialAction\":[{\"@type\":\"ReadAction\",\"target\":[\"https:\\\/\\\/buletin.de\\\/bucuresti\\\/666-de-firme-din-bucuresti-si-au-suspendat-activitatea-in-primele-trei-luni-ale-anului-cele-mai-multe-din-romania\\\/\"]}]},{\"@type\":\"ImageObject\",\"inLanguage\":\"en-GB\",\"@id\":\"https:\\\/\\\/buletin.de\\\/bucuresti\\\/666-de-firme-din-bucuresti-si-au-suspendat-activitatea-in-primele-trei-luni-ale-anului-cele-mai-multe-din-romania\\\/#primaryimage\",\"url\":\"https:\\\/\\\/buletin.de\\\/bucuresti\\\/wp-content\\\/uploads\\\/2026\\\/05\\\/infralist-com-kmIKEGO7Vl4-unsplash.jpg\",\"contentUrl\":\"https:\\\/\\\/buletin.de\\\/bucuresti\\\/wp-content\\\/uploads\\\/2026\\\/05\\\/infralist-com-kmIKEGO7Vl4-unsplash.jpg\",\"width\":1920,\"height\":1080,\"caption\":\"Cele mai multe firme care \u0219i-au suspendat activitatea, \u00een primul trimestru din an, sunt din Bucure\u0219ti. Foto: Unsplash\"},{\"@type\":\"BreadcrumbList\",\"@id\":\"https:\\\/\\\/buletin.de\\\/bucuresti\\\/666-de-firme-din-bucuresti-si-au-suspendat-activitatea-in-primele-trei-luni-ale-anului-cele-mai-multe-din-romania\\\/#breadcrumb\",\"itemListElement\":[{\"@type\":\"ListItem\",\"position\":1,\"name\":\"Acas\u0103\",\"item\":\"https:\\\/\\\/buletin.de\\\/bucuresti\\\/\"},{\"@type\":\"ListItem\",\"position\":2,\"name\":\"666 de firme din Bucure\u0219ti \u0219i-au suspendat activitatea \u00een primele trei luni ale anului. Capitala, pe primul loc la nivel na\u021bional\"}]},{\"@type\":\"WebSite\",\"@id\":\"https:\\\/\\\/buletin.de\\\/bucuresti\\\/#website\",\"url\":\"https:\\\/\\\/buletin.de\\\/bucuresti\\\/\",\"name\":\"Buletin de Bucure\u0219ti\",\"description\":\"\u0218tiri \u0219i investiga\u021bii esen\u021biale din capital\u0103\",\"publisher\":{\"@id\":\"https:\\\/\\\/buletin.de\\\/bucuresti\\\/#organization\"},\"potentialAction\":[{\"@type\":\"SearchAction\",\"target\":{\"@type\":\"EntryPoint\",\"urlTemplate\":\"https:\\\/\\\/buletin.de\\\/bucuresti\\\/?s={search_term_string}\"},\"query-input\":{\"@type\":\"PropertyValueSpecification\",\"valueRequired\":true,\"valueName\":\"search_term_string\"}}],\"inLanguage\":\"en-GB\"},{\"@type\":\"Organization\",\"@id\":\"https:\\\/\\\/buletin.de\\\/bucuresti\\\/#organization\",\"name\":\"Buletin de Bucure\u0219ti\",\"url\":\"https:\\\/\\\/buletin.de\\\/bucuresti\\\/\",\"logo\":{\"@type\":\"ImageObject\",\"inLanguage\":\"en-GB\",\"@id\":\"https:\\\/\\\/buletin.de\\\/bucuresti\\\/#\\\/schema\\\/logo\\\/image\\\/\",\"url\":\"https:\\\/\\\/buletin.de\\\/bucuresti\\\/wp-content\\\/uploads\\\/logo-bdb-full-wide-vernil-transparent.png\",\"contentUrl\":\"https:\\\/\\\/buletin.de\\\/bucuresti\\\/wp-content\\\/uploads\\\/logo-bdb-full-wide-vernil-transparent.png\",\"width\":1782,\"height\":626,\"caption\":\"Buletin de Bucure\u0219ti\"},\"image\":{\"@id\":\"https:\\\/\\\/buletin.de\\\/bucuresti\\\/#\\\/schema\\\/logo\\\/image\\\/\"},\"sameAs\":[\"https:\\\/\\\/www.facebook.com\\\/buletin.de.buc\",\"https:\\\/\\\/www.instagram.com\\\/buletinde.bucuresti\\\/\"]},{\"@type\":\"Person\",\"@id\":\"https:\\\/\\\/buletin.de\\\/bucuresti\\\/#\\\/schema\\\/person\\\/81421a46fb84a0887cfd2238f5202586\",\"name\":\"Andreea St\u0103n\u0103r\u00eeng\u0103\",\"image\":{\"@type\":\"ImageObject\",\"inLanguage\":\"en-GB\",\"@id\":\"https:\\\/\\\/secure.gravatar.com\\\/avatar\\\/dfa8d227a4388fad0f0bb03add04b5b176f4da34397dbb2eadc563b3d7162ce0?s=96&d=monsterid&r=g72784372b39ffe5a98a45288fe0d0e8a\",\"url\":\"https:\\\/\\\/secure.gravatar.com\\\/avatar\\\/dfa8d227a4388fad0f0bb03add04b5b176f4da34397dbb2eadc563b3d7162ce0?s=96&d=monsterid&r=g\",\"contentUrl\":\"https:\\\/\\\/secure.gravatar.com\\\/avatar\\\/dfa8d227a4388fad0f0bb03add04b5b176f4da34397dbb2eadc563b3d7162ce0?s=96&d=monsterid&r=g\",\"caption\":\"Andreea St\u0103n\u0103r\u00eeng\u0103\"},\"description\":\"Cu o experien\u021b\u0103 de peste 5 ani \u00een pres\u0103, face parte din echipa Buletin de Bucure\u0219ti din septembrie 2025. A colaborat cu c\u00e2teva publica\u021bii, printre care \u0219i Fanatik.ro, unde s-a ocupat de \u0219tiri de lifestyle \u0219i de actualitate. A f\u0103cut un pas c\u0103tre presa local\u0103 pentru a explora Bucure\u0219tiul \u0219i pove\u0219tile care merit\u0103 spuse.\",\"url\":\"https:\\\/\\\/buletin.de\\\/bucuresti\\\/author\\\/andreea-stanaranga\\\/\"}]}<\/script>\n<!-- \/ Yoast SEO Premium plugin. -->","yoast_head_json":{"title":"666 de firme din Bucure\u0219ti \u0219i-au suspendat activitatea \u00een primele trei luni ale anului. Capitala, pe primul loc la nivel na\u021bional - Buletin de Bucure\u0219ti","robots":{"index":"index","follow":"follow","max-snippet":"max-snippet:-1","max-image-preview":"max-image-preview:large","max-video-preview":"max-video-preview:-1"},"canonical":"https:\/\/buletin.de\/bucuresti\/666-de-firme-din-bucuresti-si-au-suspendat-activitatea-in-primele-trei-luni-ale-anului-cele-mai-multe-din-romania\/","og_locale":"en_GB","og_type":"article","og_title":"666 de firme din Bucure\u0219ti \u0219i-au suspendat activitatea \u00een primele trei luni ale anului. Capitala, pe primul loc la nivel na\u021bional","og_description":"\u00cen primul trimestru din 2026, peste 5.400 de companii din Rom\u00e2nia \u0219i-au suspendat activitatea, iar cele mai multe firme sunt din Bucure\u0219ti, potrivit celor mai recente date publicate de Oficiul Na\u021bional al Registrului Comer\u021bului (ONRC), citate de Agerpres. Datele arat\u0103 c\u0103 666 de firme din Capital\u0103 \u0219i-au suspendat activitatea \u00een primele trei luni ale acestui [&hellip;]","og_url":"https:\/\/buletin.de\/bucuresti\/666-de-firme-din-bucuresti-si-au-suspendat-activitatea-in-primele-trei-luni-ale-anului-cele-mai-multe-din-romania\/","og_site_name":"Buletin de Bucure\u0219ti","article_publisher":"https:\/\/www.facebook.com\/buletin.de.buc","article_published_time":"2026-05-02T08:58:27+00:00","article_modified_time":"2026-05-02T09:31:36+00:00","og_image":[{"width":1920,"height":1080,"url":"https:\/\/buletin.de\/bucuresti\/wp-content\/uploads\/2026\/05\/infralist-com-kmIKEGO7Vl4-unsplash.jpg","type":"image\/jpeg"}],"author":"Andreea St\u0103n\u0103r\u00eeng\u0103","twitter_card":"summary_large_image","twitter_misc":{"Written by":"Andreea St\u0103n\u0103r\u00eeng\u0103","Estimated reading time":"2 minutes"},"schema":{"@context":"https:\/\/schema.org","@graph":[{"@type":"Article","@id":"https:\/\/buletin.de\/bucuresti\/666-de-firme-din-bucuresti-si-au-suspendat-activitatea-in-primele-trei-luni-ale-anului-cele-mai-multe-din-romania\/#article","isPartOf":{"@id":"https:\/\/buletin.de\/bucuresti\/666-de-firme-din-bucuresti-si-au-suspendat-activitatea-in-primele-trei-luni-ale-anului-cele-mai-multe-din-romania\/"},"author":{"name":"Andreea St\u0103n\u0103r\u00eeng\u0103","@id":"https:\/\/buletin.de\/bucuresti\/#\/schema\/person\/81421a46fb84a0887cfd2238f5202586"},"headline":"666 de firme din Bucure\u0219ti \u0219i-au suspendat activitatea \u00een primele trei luni ale anului. Capitala, pe primul loc la nivel na\u021bional","datePublished":"2026-05-02T08:58:27+00:00","dateModified":"2026-05-02T09:31:36+00:00","mainEntityOfPage":{"@id":"https:\/\/buletin.de\/bucuresti\/666-de-firme-din-bucuresti-si-au-suspendat-activitatea-in-primele-trei-luni-ale-anului-cele-mai-multe-din-romania\/"},"wordCount":402,"publisher":{"@id":"https:\/\/buletin.de\/bucuresti\/#organization"},"image":{"@id":"https:\/\/buletin.de\/bucuresti\/666-de-firme-din-bucuresti-si-au-suspendat-activitatea-in-primele-trei-luni-ale-anului-cele-mai-multe-din-romania\/#primaryimage"},"thumbnailUrl":"https:\/\/buletin.de\/bucuresti\/wp-content\/uploads\/2026\/05\/infralist-com-kmIKEGO7Vl4-unsplash.jpg","keywords":["bucuresti","companii","firme","firme inchise","firme inchise Bucuresti"],"articleSection":["Articole","Economic","Main"],"inLanguage":"en-GB","copyrightYear":"2026","copyrightHolder":{"@id":"https:\/\/buletin.de\/bucuresti\/#organization"}},{"@type":"WebPage","@id":"https:\/\/buletin.de\/bucuresti\/666-de-firme-din-bucuresti-si-au-suspendat-activitatea-in-primele-trei-luni-ale-anului-cele-mai-multe-din-romania\/","url":"https:\/\/buletin.de\/bucuresti\/666-de-firme-din-bucuresti-si-au-suspendat-activitatea-in-primele-trei-luni-ale-anului-cele-mai-multe-din-romania\/","name":"666 de firme din Bucure\u0219ti \u0219i-au suspendat activitatea \u00een primele trei luni ale anului. Capitala, pe primul loc la nivel na\u021bional - Buletin de Bucure\u0219ti","isPartOf":{"@id":"https:\/\/buletin.de\/bucuresti\/#website"},"primaryImageOfPage":{"@id":"https:\/\/buletin.de\/bucuresti\/666-de-firme-din-bucuresti-si-au-suspendat-activitatea-in-primele-trei-luni-ale-anului-cele-mai-multe-din-romania\/#primaryimage"},"image":{"@id":"https:\/\/buletin.de\/bucuresti\/666-de-firme-din-bucuresti-si-au-suspendat-activitatea-in-primele-trei-luni-ale-anului-cele-mai-multe-din-romania\/#primaryimage"},"thumbnailUrl":"https:\/\/buletin.de\/bucuresti\/wp-content\/uploads\/2026\/05\/infralist-com-kmIKEGO7Vl4-unsplash.jpg","datePublished":"2026-05-02T08:58:27+00:00","dateModified":"2026-05-02T09:31:36+00:00","breadcrumb":{"@id":"https:\/\/buletin.de\/bucuresti\/666-de-firme-din-bucuresti-si-au-suspendat-activitatea-in-primele-trei-luni-ale-anului-cele-mai-multe-din-romania\/#breadcrumb"},"inLanguage":"en-GB","potentialAction":[{"@type":"ReadAction","target":["https:\/\/buletin.de\/bucuresti\/666-de-firme-din-bucuresti-si-au-suspendat-activitatea-in-primele-trei-luni-ale-anului-cele-mai-multe-din-romania\/"]}]},{"@type":"ImageObject","inLanguage":"en-GB","@id":"https:\/\/buletin.de\/bucuresti\/666-de-firme-din-bucuresti-si-au-suspendat-activitatea-in-primele-trei-luni-ale-anului-cele-mai-multe-din-romania\/#primaryimage","url":"https:\/\/buletin.de\/bucuresti\/wp-content\/uploads\/2026\/05\/infralist-com-kmIKEGO7Vl4-unsplash.jpg","contentUrl":"https:\/\/buletin.de\/bucuresti\/wp-content\/uploads\/2026\/05\/infralist-com-kmIKEGO7Vl4-unsplash.jpg","width":1920,"height":1080,"caption":"Cele mai multe firme care \u0219i-au suspendat activitatea, \u00een primul trimestru din an, sunt din Bucure\u0219ti. Foto: Unsplash"},{"@type":"BreadcrumbList","@id":"https:\/\/buletin.de\/bucuresti\/666-de-firme-din-bucuresti-si-au-suspendat-activitatea-in-primele-trei-luni-ale-anului-cele-mai-multe-din-romania\/#breadcrumb","itemListElement":[{"@type":"ListItem","position":1,"name":"Acas\u0103","item":"https:\/\/buletin.de\/bucuresti\/"},{"@type":"ListItem","position":2,"name":"666 de firme din Bucure\u0219ti \u0219i-au suspendat activitatea \u00een primele trei luni ale anului. Capitala, pe primul loc la nivel na\u021bional"}]},{"@type":"WebSite","@id":"https:\/\/buletin.de\/bucuresti\/#website","url":"https:\/\/buletin.de\/bucuresti\/","name":"Buletin de Bucure\u0219ti","description":"\u0218tiri \u0219i investiga\u021bii esen\u021biale din capital\u0103","publisher":{"@id":"https:\/\/buletin.de\/bucuresti\/#organization"},"potentialAction":[{"@type":"SearchAction","target":{"@type":"EntryPoint","urlTemplate":"https:\/\/buletin.de\/bucuresti\/?s={search_term_string}"},"query-input":{"@type":"PropertyValueSpecification","valueRequired":true,"valueName":"search_term_string"}}],"inLanguage":"en-GB"},{"@type":"Organization","@id":"https:\/\/buletin.de\/bucuresti\/#organization","name":"Buletin de Bucure\u0219ti","url":"https:\/\/buletin.de\/bucuresti\/","logo":{"@type":"ImageObject","inLanguage":"en-GB","@id":"https:\/\/buletin.de\/bucuresti\/#\/schema\/logo\/image\/","url":"https:\/\/buletin.de\/bucuresti\/wp-content\/uploads\/logo-bdb-full-wide-vernil-transparent.png","contentUrl":"https:\/\/buletin.de\/bucuresti\/wp-content\/uploads\/logo-bdb-full-wide-vernil-transparent.png","width":1782,"height":626,"caption":"Buletin de Bucure\u0219ti"},"image":{"@id":"https:\/\/buletin.de\/bucuresti\/#\/schema\/logo\/image\/"},"sameAs":["https:\/\/www.facebook.com\/buletin.de.buc","https:\/\/www.instagram.com\/buletinde.bucuresti\/"]},{"@type":"Person","@id":"https:\/\/buletin.de\/bucuresti\/#\/schema\/person\/81421a46fb84a0887cfd2238f5202586","name":"Andreea St\u0103n\u0103r\u00eeng\u0103","image":{"@type":"ImageObject","inLanguage":"en-GB","@id":"https:\/\/secure.gravatar.com\/avatar\/dfa8d227a4388fad0f0bb03add04b5b176f4da34397dbb2eadc563b3d7162ce0?s=96&d=monsterid&r=g72784372b39ffe5a98a45288fe0d0e8a","url":"https:\/\/secure.gravatar.com\/avatar\/dfa8d227a4388fad0f0bb03add04b5b176f4da34397dbb2eadc563b3d7162ce0?s=96&d=monsterid&r=g","contentUrl":"https:\/\/secure.gravatar.com\/avatar\/dfa8d227a4388fad0f0bb03add04b5b176f4da34397dbb2eadc563b3d7162ce0?s=96&d=monsterid&r=g","caption":"Andreea St\u0103n\u0103r\u00eeng\u0103"},"description":"Cu o experien\u021b\u0103 de peste 5 ani \u00een pres\u0103, face parte din echipa Buletin de Bucure\u0219ti din septembrie 2025. A colaborat cu c\u00e2teva publica\u021bii, printre care \u0219i Fanatik.ro, unde s-a ocupat de \u0219tiri de lifestyle \u0219i de actualitate. A f\u0103cut un pas c\u0103tre presa local\u0103 pentru a explora Bucure\u0219tiul \u0219i pove\u0219tile care merit\u0103 spuse.","url":"https:\/\/buletin.de\/bucuresti\/author\/andreea-stanaranga\/"}]}},"authors":[{"term_id":23912,"user_id":65,"is_guest":0,"slug":"andreea-stanaranga","display_name":"Andreea St\u0103n\u0103r\u00eeng\u0103","avatar_url":"https:\/\/secure.gravatar.com\/avatar\/dfa8d227a4388fad0f0bb03add04b5b176f4da34397dbb2eadc563b3d7162ce0?s=96&d=monsterid&r=g","0":null,"1":"","2":"","3":"","4":"","5":"","6":"","7":"","8":""}],"_links":{"self":[{"href":"https:\/\/buletin.de\/bucuresti\/wp-json\/wp\/v2\/posts\/190724","targetHints":{"allow":["GET"]}}],"collection":[{"href":"https:\/\/buletin.de\/bucuresti\/wp-json\/wp\/v2\/posts"}],"about":[{"href":"https:\/\/buletin.de\/bucuresti\/wp-json\/wp\/v2\/types\/post"}],"author":[{"embeddable":true,"href":"https:\/\/buletin.de\/bucuresti\/wp-json\/wp\/v2\/users\/65"}],"replies":[{"embeddable":true,"href":"https:\/\/buletin.de\/bucuresti\/wp-json\/wp\/v2\/comments?post=190724"}],"version-history":[{"count":14,"href":"https:\/\/buletin.de\/bucuresti\/wp-json\/wp\/v2\/posts\/190724\/revisions"}],"predecessor-version":[{"id":190755,"href":"https:\/\/buletin.de\/bucuresti\/wp-json\/wp\/v2\/posts\/190724\/revisions\/190755"}],"wp:featuredmedia":[{"embeddable":true,"href":"https:\/\/buletin.de\/bucuresti\/wp-json\/wp\/v2\/media\/190730"}],"wp:attachment":[{"href":"https:\/\/buletin.de\/bucuresti\/wp-json\/wp\/v2\/media?parent=190724"}],"wp:term":[{"taxonomy":"category","embeddable":true,"href":"https:\/\/buletin.de\/bucuresti\/wp-json\/wp\/v2\/categories?post=190724"},{"taxonomy":"post_tag","embeddable":true,"href":"https:\/\/buletin.de\/bucuresti\/wp-json\/wp\/v2\/tags?post=190724"},{"taxonomy":"author","embeddable":true,"href":"https:\/\/buletin.de\/bucuresti\/wp-json\/wp\/v2\/ppma_author?post=190724"}],"curies":[{"name":"wp","href":"https:\/\/api.w.org\/{rel}","templated":true}]}}