{"id":190715,"date":"2026-05-02T10:08:53","date_gmt":"2026-05-02T07:08:53","guid":{"rendered":"https:\/\/buletin.de\/bucuresti\/?p=190715"},"modified":"2026-05-02T11:50:16","modified_gmt":"2026-05-02T08:50:16","slug":"inca-un-accident-cu-mijloacele-stb-un-autobuz-si-un-tramvai-s-au-ciocnit-la-piata-sudului","status":"publish","type":"post","link":"https:\/\/buletin.de\/bucuresti\/inca-un-accident-cu-mijloacele-stb-un-autobuz-si-un-tramvai-s-au-ciocnit-la-piata-sudului\/","title":{"rendered":"\u00cenc\u0103 un accident cu mijloacele STB: un autobuz \u0219i un tramvai s-au ciocnit la Pia\u021ba Sudului"},"content":{"rendered":"\n<p><strong>Linia 10 de tramvai a fost blocat\u0103 timp de dou\u0103 ore, s\u00e2mb\u0103t\u0103, la Pia\u021ba Sudului, pe sendul spre Romprim, din cauza unui nou accident cu mijloacele STB. S-au mai ciocnit un autobuz \u0219i un tramvai. O persoan\u0103 a fost r\u0103nit\u0103.<\/strong><\/p>\n\n\n\n<p>Societatea de Transport Bucure\u0219ti nu a oferit detalii despre incident, catalog\u00e2ndu-l pe <a href=\"https:\/\/x.com\/Clienti_stbsa\/status\/2050440992814232055\" target=\"_blank\" rel=\"noreferrer noopener\">contul de X<\/a> unde comunic\u0103 cu c\u0103l\u0103toriii doar ca un \u201eeveniment de circula\u021bie\u201d. <\/p>\n\n\n\n<h2 class=\"wp-block-heading\" id=\"h-accident-cu-mijloacele-stb-la-pia\u021ba-sudului\">Accident cu mijloacele STB la Pia\u021ba Sudului<\/h2>\n\n\n\n<p>Brigada Rutier\u0103 din Poli\u021bia Capitalei a explicat c\u0103, \u00een aceast\u0103 diminea\u021b\u0103, \u00een jurul orei 08:02, a fost sesizat\u0103 prin apel la 112 cu privire la faptul c\u0103 la Pia\u021ba Sudului a avut loc un accident de circula\u021bie \u00een care a fost implicat un autobuz al STB \u0219i un tramvai.<\/p>\n\n\n\n<p>Din primele informa\u021bii, un b\u0103rbat \u00een v\u00e2rst\u0103 de 57 ani a condus un autobuz pe \u0219os. Olteni\u021bei, dinspre \u0219os. Berceni c\u0103tre Bd. Constantin Brancoveanu, iar c\u00e2nd a ajuns la intersec\u021bia cu Calea V\u0103c\u0103re\u0219ti a intrat \u00een coliziune cu un tramvai condus de o femeie \u00een v\u00e2rst\u0103 de 47 ani. <\/p>\n\n\n\n<p>\u00cen urma accidentului de circula\u021bie a rezultat r\u0103nirea unui pasager aflat \u00een tramvai, care a fost transportat la spital pentru \u00eengrijiri medicale.<\/p>\n\n\n\n<p>Ambii conduc\u0103tori au fost testa\u021bi cu aparatul alcooltest, rezultatul indicat fiind zero. Cercet\u0103rile sunt continuate de poli\u021bi\u0219tii Brig\u0103zii Rutiere pentru\u00a0 stabilirea \u00eemprejur\u0103rilor \u0219i condi\u021biilor \u00een care s-a produs accidentului de circula\u021bie.<\/p>\n\n\n\n<h2 class=\"wp-block-heading\" id=\"h-nu-este-primul-accident-cu-mijloacele-stb\">Nu este primul accident cu mijloacele STB<\/h2>\n\n\n\n<p><strong>Num\u0103rul de incidente \u00een care se ciocnesc dou\u0103 mijloace ale Societ\u0103\u021bii de Transport Bucure\u0219ti a crescut \u00een ultimul an.<\/strong><\/p>\n\n\n\n<p><strong>O tamponare \u00een care au fost implicate dou\u0103 tramvaie a avut loc \u00een diminea\u021ba zilei de 1 aprilie 2026, tot pe \u0218oseaua Olteni\u021bei, <a href=\"https:\/\/clubferoviar.ro\/tamponare-de-tramvaie-oltenitei\/\" target=\"_blank\" rel=\"noreferrer noopener\">potrivit Club Feroviar<\/a>. \u00cen incident au fost implicate un tramvai V3A, vechile modele care circul\u0103 \u00een Bucure\u0219ti, \u0219i un vagon nou Imperio.<\/strong><\/p>\n\n\n\n<p>Accidentul dintre cele dou\u0103 mijloace de transport public de pe linia de tramvai cu indicativul 1 a avut loc aproape de ora 06:00, fiind afectat sensul de mers c\u0103tre \u201eRomprim\u201d. \u00cen prezent, Societatea de Transport Bucure\u0219ti (STB) realizeaz\u0103 o anchet\u0103 intern\u0103 pentru a stabili care au fost circumstan\u021bele \u00een care s-a produs incidentul.<\/p>\n\n\n\n<p><strong>CITE\u0218TE \u0218I: <a href=\"https:\/\/buletin.de\/bucuresti\/tamponare-intre-doua-tramvaie-pe-soseaua-oltenitei-miercuri-dimineata-stb-face-verificari-club-feroviar\/\" target=\"_blank\" rel=\"noreferrer noopener\">Tamponare \u00eentre dou\u0103 tramvaie, pe \u0218oseaua Olteni\u021bei, miercuri diminea\u021b\u0103. STB face verific\u0103ri | Club Feroviar<\/a><\/strong><\/p>\n\n\n\n<p><strong>Un nou accident \u00eentre un tramvai \u0219i un autobuz a avut loc pe 4 noiembrie, \u00een Drumul Taberei, \u00een Sectorul 6. C\u00e2\u021biva c\u0103l\u0103tori au avut nevoie de \u00eengrijiri medicale. Este al patrulea incident similar petrecut anul acesta.<\/strong><\/p>\n\n\n\n<p>Este vorba despre<a href=\"https:\/\/buletin.de\/bucuresti\/linia-41-blocata-timp-de-o-ora-din-cauza-unui-accident-rutier\/\" target=\"_blank\" rel=\"noreferrer noopener\">&nbsp;un tramvai al liniei 41<\/a>, care s-a tamponat cu un autobuz al liniei 168. Acesta din urm\u0103 se deplasa \u00een sensul spre Valea Ialomi\u021bei. Impactul a avut loc \u00een zona str\u0103zii Bra\u0219ov, intersec\u021bie cu Drumul Taberei.<\/p>\n\n\n\n<p><strong>CITE\u0218TE \u0218I: <a href=\"https:\/\/buletin.de\/bucuresti\/accident-intre-un-tramvai-si-un-autobuz-stb-in-drumul-taberei-7-persoane-au-fost-transportate-la-spital\/\" target=\"_blank\" rel=\"noreferrer noopener\">VIDEO | Accident \u00eentre un tramvai \u0219i un autobuz STB, \u00een Drumul Taberei. 7 persoane au fost transportate la spital. Este al patrulea accident similar de anul acesta<\/a><\/strong><\/p>\n\n\n\n<p>\u00cen perioada 1 ianuarie 2023 \u2013 31 octombrie 2025, noile tramvaiele Asta Imperio au fost implicate \u00eentr-un total de 150 de evenimente de circula\u021bie. Mare parte dintre acestea au fost accidente u\u0219oare, conducerea STB transmi\u021b\u00e2nd la momentul respectiv c\u0103 cele mai multe au fost cauzate de ter\u021bi.<\/p>\n\n\n\n<p><strong>Un accident similar a avut loc pe 17 octombrie un tramvai al liniei 1 \u0219i un autobuz al liniei 182, \u00een Pasajul Victoriei, pe sensul de mers c\u0103tre Bd. Banu Manta.<\/strong><\/p>\n\n\n\n<p>\u201ePotrivit informa\u021biilor preliminare, tramvaiul care se deplasa prin pasaj c\u0103tre Str. Dr. Felix a intrat \u00een coliziune cu autobuzul aflat \u00een fa\u021ba sa.<\/p>\n\n\n\n<p>\u00cen urma impactului, mai multe persoane au avut nevoie de \u00eengrijiri medicale la fa\u021ba locului, iar patru dintre acestea au fost transportate la spital pentru investiga\u021bii suplimentare.<\/p>\n\n\n\n<p>Conduc\u0103torii celor dou\u0103 vehicule au fost testa\u021bi cu aparatul etilotest, rezultatele fiind zero\u201d, se arat\u0103 \u00een comunicatul&nbsp;<a href=\"https:\/\/www.stb.ro\/\" target=\"_blank\" rel=\"noreferrer noopener\">STB<\/a>.<\/p>\n\n\n\n<p><strong>CITE\u0218TE \u0218I:&nbsp;<a href=\"https:\/\/buletin.de\/bucuresti\/inca-o-tamponare-intre-un-tramvai-si-un-autobuz-stb-4-persoane-transportate-la-spital\/\" target=\"_blank\" rel=\"noreferrer noopener\">\u00cenc\u0103 o tamponare \u00eentre un tramvai \u0219i un autobuz STB. 4 persoane, transportate la spital<\/a><\/strong><\/p>\n\n\n\n<p>Primul accident de anul acesta \u00een care s-au ciocnit un tramvai \u0219i un autobuz a avut loc \u00een iunie. Atunci, a fost vorba de un accident u\u0219or, cu pagube materiale minime, \u00een care cele dou\u0103 vehicule doar \u201es-au atins\u201d, motiv pentru care at\u00e2t tramvaiul, c\u00e2t \u0219i autobuzul au revenit pe traseu \u00een urma incidentului.<\/p>\n\n\n\n<p><strong>CITE\u0218TE \u0218I:&nbsp;<a href=\"https:\/\/buletin.de\/bucuresti\/accident-usor-intre-tramvai-si-autobuz-in-intersectia-constantin-brancoveanu\/\" target=\"_blank\" rel=\"noreferrer noopener\">Accident u\u0219or \u00eentre tramvai \u0219i autobuz, \u00een intersec\u021bia Constantin Br\u00e2ncoveanu<\/a><\/strong><\/p>\n\n\n\n<p><a href=\"https:\/\/tvrinfo.ro\/accident-intre-un-autobuz-si-un-tramvai-in-capitala-11-persoane-asistate-medical\/\" target=\"_blank\" rel=\"noreferrer noopener\">O tamponare mai dur\u0103<\/a>&nbsp;a avut loc doar o lun\u0103 mai t\u00e2rziu. Pe 31 iulie, la intersec\u021bia dintre Calea 13 Septembrie \u0219i strada Progresului, \u00een Sectorul 5, un tramvai al liniei 25, care circula pe traseul Militari \u2013 CFR Progresul, s-a ciocnit cu un autobuz al liniei 122, care mergea din direc\u021bia Alexandria.<\/p>\n\n\n\n<p>11 oameni au avut nevoie de \u00eengrijiri medicale \u2013 conduc\u0103torii auto \u0219i pasagerii din cele dou\u0103 mijloace de transport. Un b\u0103rbat de 60 de ani a fost internat, fiind t\u0103iat de geamurile care s-au spart.<\/p>\n\n\n\n<p><strong>CITE\u0218TE \u0218I:&nbsp;<a href=\"https:\/\/buletin.de\/bucuresti\/video-accident-grav-in-bucuresti-un-tramvai-a-lovit-un-autobuz-intersectia-13-septembrie-progresului-e-blocata\/\" target=\"_blank\" rel=\"noreferrer noopener\">VIDEO | Accident grav \u00een Bucure\u015fti: un tramvai a lovit un autobuz \u00een intersec\u0163ia 13 Septembrie \u2013 Progresului<\/a><\/strong><\/p>\n\n\n\n<h2 class=\"wp-block-heading\" id=\"h-tramvaiele-noi-imperio-scoase-din-uz-de-mai-multe-accidente\">Tramvaiele noi Imperio, scoase din uz de mai multe accidente<\/h2>\n\n\n\n<p><strong>Societate de Transport a transmis \u00een 2025, la solicitarea Buletin de Bucure\u0219ti, c\u0103 \u00een perioada ianuarie 2024 \u2013 octombrie 2025 timpul mediu de imobilizare a unui tramvai Imperio a fost de aproximativ 68 de zile. Acest termen a variat \u00een func\u021bie de pagubele ce au fost produse \u00een urma incidentelor de trafic.<\/strong><\/p>\n\n\n\n<p>Potrivit conducerii Societ\u0103\u021bii de Transport Bucure\u0219ti, valoarea total\u0103 a desp\u0103gubirilor decontate de c\u0103tre asiguratori (Casco\/RCA), pentru perioada 1 ianuarie 2023 \u2013 31 octombrie 2025, a fost de 1.744.606,60 lei (peste 343 de mii de euro).<\/p>\n\n\n\n<p>Acestei sume i se adaug\u0103 \u0219i &nbsp;<strong>1.582.566,84 lei<\/strong>&nbsp;(peste 311 mii de euro), bani pe care STB i-a suportat din fonduri proprii, repara\u021biile nefiind acoperite de asiguratori. astfel c\u0103, \u00een total, pentru perioada mai sus men\u021bionat\u0103, pagubele produse s-au ridicat la&nbsp;<strong>peste 654 de mii de euro<\/strong>.<\/p>\n\n\n\n<p><strong>CITE\u0218TE \u0218I:<a href=\"https:\/\/buletin.de\/bucuresti\/blestemul-astra-imperio-un-accident-pe-saptamana-si-pagube-de-peste-650-de-mii-de-euro-de-cand-noile-tramvaie-circula-prin-capitala\/\" target=\"_blank\" rel=\"noreferrer noopener\"> \u201eBlestemul\u201d Astra Imperio: un accident pe s\u0103pt\u0103m\u00e2n\u0103 \u0219i pagube de peste 650 de mii de euro de c\u00e2nd noile tramvaie circul\u0103 prin Capital\u0103<\/a><\/strong><\/p>\n","protected":false},"excerpt":{"rendered":"<p>Linia 10 de tramvai a fost blocat\u0103 timp de dou\u0103 ore, s\u00e2mb\u0103t\u0103, la Pia\u021ba Sudului, pe sendul spre Romprim, din cauza unui nou accident cu mijloacele STB. S-au mai ciocnit un autobuz \u0219i un tramvai. O persoan\u0103 a fost r\u0103nit\u0103. Societatea de Transport Bucure\u0219ti nu a oferit detalii despre incident, catalog\u00e2ndu-l pe contul de X [&hellip;]<\/p>\n","protected":false},"author":1,"featured_media":190717,"comment_status":"closed","ping_status":"open","sticky":false,"template":"","format":"standard","meta":{"_acf_changed":false,"inline_featured_image":false,"ngg_post_thumbnail":0,"footnotes":""},"categories":[6994,9026,5762],"tags":[28064,28063,23084],"ppma_author":[22583],"class_list":["post-190715","post","type-post","status-publish","format-standard","has-post-thumbnail","hentry","category-stiri-2","category-eveniment","category-main","tag-accident-de-autobuz","tag-accident-de-tramvai","tag-accident-stb"],"acf":[],"yoast_head":"<!-- This site is optimized with the Yoast SEO Premium plugin v25.3 (Yoast SEO v27.5) - https:\/\/yoast.com\/product\/yoast-seo-premium-wordpress\/ -->\n<title>\u00cenc\u0103 un accident cu mijloacele STB: un autobuz \u0219i un tramvai s-au ciocnit la Pia\u021ba Sudului - Buletin de Bucure\u0219ti<\/title>\n<meta name=\"description\" content=\"Accident cu mijloacele STB: s-au mai ciocnit un autobuz \u0219i un tramvai. O persoan\u0103 a fost r\u0103nit\u0103, iar linia 10 a fost blocat\u0103 timp de dou\u0103 ore.\" \/>\n<meta name=\"robots\" content=\"index, follow, max-snippet:-1, max-image-preview:large, max-video-preview:-1\" \/>\n<link rel=\"canonical\" href=\"https:\/\/buletin.de\/bucuresti\/inca-un-accident-cu-mijloacele-stb-un-autobuz-si-un-tramvai-s-au-ciocnit-la-piata-sudului\/\" \/>\n<meta property=\"og:locale\" content=\"en_GB\" \/>\n<meta property=\"og:type\" content=\"article\" \/>\n<meta property=\"og:title\" content=\"\u00cenc\u0103 un accident cu mijloacele STB: un autobuz \u0219i un tramvai s-au ciocnit la Pia\u021ba Sudului\" \/>\n<meta property=\"og:description\" content=\"Accident cu mijloacele STB: s-au mai ciocnit un autobuz \u0219i un tramvai. O persoan\u0103 a fost r\u0103nit\u0103, iar linia 10 a fost blocat\u0103 timp de dou\u0103 ore.\" \/>\n<meta property=\"og:url\" content=\"https:\/\/buletin.de\/bucuresti\/inca-un-accident-cu-mijloacele-stb-un-autobuz-si-un-tramvai-s-au-ciocnit-la-piata-sudului\/\" \/>\n<meta property=\"og:site_name\" content=\"Buletin de Bucure\u0219ti\" \/>\n<meta property=\"article:publisher\" content=\"https:\/\/www.facebook.com\/buletin.de.buc\" \/>\n<meta property=\"article:published_time\" content=\"2026-05-02T07:08:53+00:00\" \/>\n<meta property=\"article:modified_time\" content=\"2026-05-02T08:50:16+00:00\" \/>\n<meta property=\"og:image\" content=\"https:\/\/buletin.de\/bucuresti\/wp-content\/uploads\/2026\/05\/tramvai-autobuz-stb-accident.jpeg\" \/>\n\t<meta property=\"og:image:width\" content=\"1280\" \/>\n\t<meta property=\"og:image:height\" content=\"720\" \/>\n\t<meta property=\"og:image:type\" content=\"image\/jpeg\" \/>\n<meta name=\"author\" content=\"Redac\u021bia Buletin de Bucure\u0219ti\" \/>\n<meta name=\"twitter:card\" content=\"summary_large_image\" \/>\n<meta name=\"twitter:label1\" content=\"Written by\" \/>\n\t<meta name=\"twitter:data1\" content=\"Redac\u021bia Buletin de Bucure\u0219ti\" \/>\n\t<meta name=\"twitter:label2\" content=\"Estimated reading time\" \/>\n\t<meta name=\"twitter:data2\" content=\"5 minutes\" \/>\n<script type=\"application\/ld+json\" class=\"yoast-schema-graph\">{\"@context\":\"https:\\\/\\\/schema.org\",\"@graph\":[{\"@type\":\"Article\",\"@id\":\"https:\\\/\\\/buletin.de\\\/bucuresti\\\/inca-un-accident-cu-mijloacele-stb-un-autobuz-si-un-tramvai-s-au-ciocnit-la-piata-sudului\\\/#article\",\"isPartOf\":{\"@id\":\"https:\\\/\\\/buletin.de\\\/bucuresti\\\/inca-un-accident-cu-mijloacele-stb-un-autobuz-si-un-tramvai-s-au-ciocnit-la-piata-sudului\\\/\"},\"author\":{\"name\":\"Redac\u021bia Buletin de Bucure\u0219ti\",\"@id\":\"https:\\\/\\\/buletin.de\\\/bucuresti\\\/#\\\/schema\\\/person\\\/2bbcf854e5f2419a13804af574d06ab1\"},\"headline\":\"\u00cenc\u0103 un accident cu mijloacele STB: un autobuz \u0219i un tramvai s-au ciocnit la Pia\u021ba Sudului\",\"datePublished\":\"2026-05-02T07:08:53+00:00\",\"dateModified\":\"2026-05-02T08:50:16+00:00\",\"mainEntityOfPage\":{\"@id\":\"https:\\\/\\\/buletin.de\\\/bucuresti\\\/inca-un-accident-cu-mijloacele-stb-un-autobuz-si-un-tramvai-s-au-ciocnit-la-piata-sudului\\\/\"},\"wordCount\":1047,\"publisher\":{\"@id\":\"https:\\\/\\\/buletin.de\\\/bucuresti\\\/#organization\"},\"image\":{\"@id\":\"https:\\\/\\\/buletin.de\\\/bucuresti\\\/inca-un-accident-cu-mijloacele-stb-un-autobuz-si-un-tramvai-s-au-ciocnit-la-piata-sudului\\\/#primaryimage\"},\"thumbnailUrl\":\"https:\\\/\\\/buletin.de\\\/bucuresti\\\/wp-content\\\/uploads\\\/2026\\\/05\\\/tramvai-autobuz-stb-accident.jpeg\",\"keywords\":[\"accident de autobuz\",\"accident de tramvai\",\"accident stb\"],\"articleSection\":[\"Articole\",\"Eveniment\",\"Main\"],\"inLanguage\":\"en-GB\",\"copyrightYear\":\"2026\",\"copyrightHolder\":{\"@id\":\"https:\\\/\\\/buletin.de\\\/bucuresti\\\/#organization\"}},{\"@type\":\"WebPage\",\"@id\":\"https:\\\/\\\/buletin.de\\\/bucuresti\\\/inca-un-accident-cu-mijloacele-stb-un-autobuz-si-un-tramvai-s-au-ciocnit-la-piata-sudului\\\/\",\"url\":\"https:\\\/\\\/buletin.de\\\/bucuresti\\\/inca-un-accident-cu-mijloacele-stb-un-autobuz-si-un-tramvai-s-au-ciocnit-la-piata-sudului\\\/\",\"name\":\"\u00cenc\u0103 un accident cu mijloacele STB: un autobuz \u0219i un tramvai s-au ciocnit la Pia\u021ba Sudului - Buletin de Bucure\u0219ti\",\"isPartOf\":{\"@id\":\"https:\\\/\\\/buletin.de\\\/bucuresti\\\/#website\"},\"primaryImageOfPage\":{\"@id\":\"https:\\\/\\\/buletin.de\\\/bucuresti\\\/inca-un-accident-cu-mijloacele-stb-un-autobuz-si-un-tramvai-s-au-ciocnit-la-piata-sudului\\\/#primaryimage\"},\"image\":{\"@id\":\"https:\\\/\\\/buletin.de\\\/bucuresti\\\/inca-un-accident-cu-mijloacele-stb-un-autobuz-si-un-tramvai-s-au-ciocnit-la-piata-sudului\\\/#primaryimage\"},\"thumbnailUrl\":\"https:\\\/\\\/buletin.de\\\/bucuresti\\\/wp-content\\\/uploads\\\/2026\\\/05\\\/tramvai-autobuz-stb-accident.jpeg\",\"datePublished\":\"2026-05-02T07:08:53+00:00\",\"dateModified\":\"2026-05-02T08:50:16+00:00\",\"description\":\"Accident cu mijloacele STB: s-au mai ciocnit un autobuz \u0219i un tramvai. O persoan\u0103 a fost r\u0103nit\u0103, iar linia 10 a fost blocat\u0103 timp de dou\u0103 ore.\",\"breadcrumb\":{\"@id\":\"https:\\\/\\\/buletin.de\\\/bucuresti\\\/inca-un-accident-cu-mijloacele-stb-un-autobuz-si-un-tramvai-s-au-ciocnit-la-piata-sudului\\\/#breadcrumb\"},\"inLanguage\":\"en-GB\",\"potentialAction\":[{\"@type\":\"ReadAction\",\"target\":[\"https:\\\/\\\/buletin.de\\\/bucuresti\\\/inca-un-accident-cu-mijloacele-stb-un-autobuz-si-un-tramvai-s-au-ciocnit-la-piata-sudului\\\/\"]}]},{\"@type\":\"ImageObject\",\"inLanguage\":\"en-GB\",\"@id\":\"https:\\\/\\\/buletin.de\\\/bucuresti\\\/inca-un-accident-cu-mijloacele-stb-un-autobuz-si-un-tramvai-s-au-ciocnit-la-piata-sudului\\\/#primaryimage\",\"url\":\"https:\\\/\\\/buletin.de\\\/bucuresti\\\/wp-content\\\/uploads\\\/2026\\\/05\\\/tramvai-autobuz-stb-accident.jpeg\",\"contentUrl\":\"https:\\\/\\\/buletin.de\\\/bucuresti\\\/wp-content\\\/uploads\\\/2026\\\/05\\\/tramvai-autobuz-stb-accident.jpeg\",\"width\":1280,\"height\":720,\"caption\":\"FOTO cu rol pur ilustrativ, accident anterior\"},{\"@type\":\"BreadcrumbList\",\"@id\":\"https:\\\/\\\/buletin.de\\\/bucuresti\\\/inca-un-accident-cu-mijloacele-stb-un-autobuz-si-un-tramvai-s-au-ciocnit-la-piata-sudului\\\/#breadcrumb\",\"itemListElement\":[{\"@type\":\"ListItem\",\"position\":1,\"name\":\"Acas\u0103\",\"item\":\"https:\\\/\\\/buletin.de\\\/bucuresti\\\/\"},{\"@type\":\"ListItem\",\"position\":2,\"name\":\"\u00cenc\u0103 un accident cu mijloacele STB: un autobuz \u0219i un tramvai s-au ciocnit la Pia\u021ba Sudului\"}]},{\"@type\":\"WebSite\",\"@id\":\"https:\\\/\\\/buletin.de\\\/bucuresti\\\/#website\",\"url\":\"https:\\\/\\\/buletin.de\\\/bucuresti\\\/\",\"name\":\"Buletin de Bucure\u0219ti\",\"description\":\"\u0218tiri \u0219i investiga\u021bii esen\u021biale din capital\u0103\",\"publisher\":{\"@id\":\"https:\\\/\\\/buletin.de\\\/bucuresti\\\/#organization\"},\"potentialAction\":[{\"@type\":\"SearchAction\",\"target\":{\"@type\":\"EntryPoint\",\"urlTemplate\":\"https:\\\/\\\/buletin.de\\\/bucuresti\\\/?s={search_term_string}\"},\"query-input\":{\"@type\":\"PropertyValueSpecification\",\"valueRequired\":true,\"valueName\":\"search_term_string\"}}],\"inLanguage\":\"en-GB\"},{\"@type\":\"Organization\",\"@id\":\"https:\\\/\\\/buletin.de\\\/bucuresti\\\/#organization\",\"name\":\"Buletin de Bucure\u0219ti\",\"url\":\"https:\\\/\\\/buletin.de\\\/bucuresti\\\/\",\"logo\":{\"@type\":\"ImageObject\",\"inLanguage\":\"en-GB\",\"@id\":\"https:\\\/\\\/buletin.de\\\/bucuresti\\\/#\\\/schema\\\/logo\\\/image\\\/\",\"url\":\"https:\\\/\\\/buletin.de\\\/bucuresti\\\/wp-content\\\/uploads\\\/logo-bdb-full-wide-vernil-transparent.png\",\"contentUrl\":\"https:\\\/\\\/buletin.de\\\/bucuresti\\\/wp-content\\\/uploads\\\/logo-bdb-full-wide-vernil-transparent.png\",\"width\":1782,\"height\":626,\"caption\":\"Buletin de Bucure\u0219ti\"},\"image\":{\"@id\":\"https:\\\/\\\/buletin.de\\\/bucuresti\\\/#\\\/schema\\\/logo\\\/image\\\/\"},\"sameAs\":[\"https:\\\/\\\/www.facebook.com\\\/buletin.de.buc\",\"https:\\\/\\\/www.instagram.com\\\/buletinde.bucuresti\\\/\"]},{\"@type\":\"Person\",\"@id\":\"https:\\\/\\\/buletin.de\\\/bucuresti\\\/#\\\/schema\\\/person\\\/2bbcf854e5f2419a13804af574d06ab1\",\"name\":\"Redac\u021bia Buletin de Bucure\u0219ti\",\"image\":{\"@type\":\"ImageObject\",\"inLanguage\":\"en-GB\",\"@id\":\"https:\\\/\\\/secure.gravatar.com\\\/avatar\\\/18c5342381ed1a08620e6280424e3e5efc958618f5d67c522c9e44c1bc6f9226?s=96&d=monsterid&r=g60c7cd0ad92c68c049fcd4bb3504d609\",\"url\":\"https:\\\/\\\/secure.gravatar.com\\\/avatar\\\/18c5342381ed1a08620e6280424e3e5efc958618f5d67c522c9e44c1bc6f9226?s=96&d=monsterid&r=g\",\"contentUrl\":\"https:\\\/\\\/secure.gravatar.com\\\/avatar\\\/18c5342381ed1a08620e6280424e3e5efc958618f5d67c522c9e44c1bc6f9226?s=96&d=monsterid&r=g\",\"caption\":\"Redac\u021bia Buletin de Bucure\u0219ti\"},\"description\":\"Buletin de Bucure\u0219ti exist\u0103 din vara anului 2019.\",\"url\":\"https:\\\/\\\/buletin.de\\\/bucuresti\\\/author\\\/adminbuletin\\\/\"}]}<\/script>\n<!-- \/ Yoast SEO Premium plugin. -->","yoast_head_json":{"title":"\u00cenc\u0103 un accident cu mijloacele STB: un autobuz \u0219i un tramvai s-au ciocnit la Pia\u021ba Sudului - Buletin de Bucure\u0219ti","description":"Accident cu mijloacele STB: s-au mai ciocnit un autobuz \u0219i un tramvai. O persoan\u0103 a fost r\u0103nit\u0103, iar linia 10 a fost blocat\u0103 timp de dou\u0103 ore.","robots":{"index":"index","follow":"follow","max-snippet":"max-snippet:-1","max-image-preview":"max-image-preview:large","max-video-preview":"max-video-preview:-1"},"canonical":"https:\/\/buletin.de\/bucuresti\/inca-un-accident-cu-mijloacele-stb-un-autobuz-si-un-tramvai-s-au-ciocnit-la-piata-sudului\/","og_locale":"en_GB","og_type":"article","og_title":"\u00cenc\u0103 un accident cu mijloacele STB: un autobuz \u0219i un tramvai s-au ciocnit la Pia\u021ba Sudului","og_description":"Accident cu mijloacele STB: s-au mai ciocnit un autobuz \u0219i un tramvai. O persoan\u0103 a fost r\u0103nit\u0103, iar linia 10 a fost blocat\u0103 timp de dou\u0103 ore.","og_url":"https:\/\/buletin.de\/bucuresti\/inca-un-accident-cu-mijloacele-stb-un-autobuz-si-un-tramvai-s-au-ciocnit-la-piata-sudului\/","og_site_name":"Buletin de Bucure\u0219ti","article_publisher":"https:\/\/www.facebook.com\/buletin.de.buc","article_published_time":"2026-05-02T07:08:53+00:00","article_modified_time":"2026-05-02T08:50:16+00:00","og_image":[{"width":1280,"height":720,"url":"https:\/\/buletin.de\/bucuresti\/wp-content\/uploads\/2026\/05\/tramvai-autobuz-stb-accident.jpeg","type":"image\/jpeg"}],"author":"Redac\u021bia Buletin de Bucure\u0219ti","twitter_card":"summary_large_image","twitter_misc":{"Written by":"Redac\u021bia Buletin de Bucure\u0219ti","Estimated reading time":"5 minutes"},"schema":{"@context":"https:\/\/schema.org","@graph":[{"@type":"Article","@id":"https:\/\/buletin.de\/bucuresti\/inca-un-accident-cu-mijloacele-stb-un-autobuz-si-un-tramvai-s-au-ciocnit-la-piata-sudului\/#article","isPartOf":{"@id":"https:\/\/buletin.de\/bucuresti\/inca-un-accident-cu-mijloacele-stb-un-autobuz-si-un-tramvai-s-au-ciocnit-la-piata-sudului\/"},"author":{"name":"Redac\u021bia Buletin de Bucure\u0219ti","@id":"https:\/\/buletin.de\/bucuresti\/#\/schema\/person\/2bbcf854e5f2419a13804af574d06ab1"},"headline":"\u00cenc\u0103 un accident cu mijloacele STB: un autobuz \u0219i un tramvai s-au ciocnit la Pia\u021ba Sudului","datePublished":"2026-05-02T07:08:53+00:00","dateModified":"2026-05-02T08:50:16+00:00","mainEntityOfPage":{"@id":"https:\/\/buletin.de\/bucuresti\/inca-un-accident-cu-mijloacele-stb-un-autobuz-si-un-tramvai-s-au-ciocnit-la-piata-sudului\/"},"wordCount":1047,"publisher":{"@id":"https:\/\/buletin.de\/bucuresti\/#organization"},"image":{"@id":"https:\/\/buletin.de\/bucuresti\/inca-un-accident-cu-mijloacele-stb-un-autobuz-si-un-tramvai-s-au-ciocnit-la-piata-sudului\/#primaryimage"},"thumbnailUrl":"https:\/\/buletin.de\/bucuresti\/wp-content\/uploads\/2026\/05\/tramvai-autobuz-stb-accident.jpeg","keywords":["accident de autobuz","accident de tramvai","accident stb"],"articleSection":["Articole","Eveniment","Main"],"inLanguage":"en-GB","copyrightYear":"2026","copyrightHolder":{"@id":"https:\/\/buletin.de\/bucuresti\/#organization"}},{"@type":"WebPage","@id":"https:\/\/buletin.de\/bucuresti\/inca-un-accident-cu-mijloacele-stb-un-autobuz-si-un-tramvai-s-au-ciocnit-la-piata-sudului\/","url":"https:\/\/buletin.de\/bucuresti\/inca-un-accident-cu-mijloacele-stb-un-autobuz-si-un-tramvai-s-au-ciocnit-la-piata-sudului\/","name":"\u00cenc\u0103 un accident cu mijloacele STB: un autobuz \u0219i un tramvai s-au ciocnit la Pia\u021ba Sudului - Buletin de Bucure\u0219ti","isPartOf":{"@id":"https:\/\/buletin.de\/bucuresti\/#website"},"primaryImageOfPage":{"@id":"https:\/\/buletin.de\/bucuresti\/inca-un-accident-cu-mijloacele-stb-un-autobuz-si-un-tramvai-s-au-ciocnit-la-piata-sudului\/#primaryimage"},"image":{"@id":"https:\/\/buletin.de\/bucuresti\/inca-un-accident-cu-mijloacele-stb-un-autobuz-si-un-tramvai-s-au-ciocnit-la-piata-sudului\/#primaryimage"},"thumbnailUrl":"https:\/\/buletin.de\/bucuresti\/wp-content\/uploads\/2026\/05\/tramvai-autobuz-stb-accident.jpeg","datePublished":"2026-05-02T07:08:53+00:00","dateModified":"2026-05-02T08:50:16+00:00","description":"Accident cu mijloacele STB: s-au mai ciocnit un autobuz \u0219i un tramvai. O persoan\u0103 a fost r\u0103nit\u0103, iar linia 10 a fost blocat\u0103 timp de dou\u0103 ore.","breadcrumb":{"@id":"https:\/\/buletin.de\/bucuresti\/inca-un-accident-cu-mijloacele-stb-un-autobuz-si-un-tramvai-s-au-ciocnit-la-piata-sudului\/#breadcrumb"},"inLanguage":"en-GB","potentialAction":[{"@type":"ReadAction","target":["https:\/\/buletin.de\/bucuresti\/inca-un-accident-cu-mijloacele-stb-un-autobuz-si-un-tramvai-s-au-ciocnit-la-piata-sudului\/"]}]},{"@type":"ImageObject","inLanguage":"en-GB","@id":"https:\/\/buletin.de\/bucuresti\/inca-un-accident-cu-mijloacele-stb-un-autobuz-si-un-tramvai-s-au-ciocnit-la-piata-sudului\/#primaryimage","url":"https:\/\/buletin.de\/bucuresti\/wp-content\/uploads\/2026\/05\/tramvai-autobuz-stb-accident.jpeg","contentUrl":"https:\/\/buletin.de\/bucuresti\/wp-content\/uploads\/2026\/05\/tramvai-autobuz-stb-accident.jpeg","width":1280,"height":720,"caption":"FOTO cu rol pur ilustrativ, accident anterior"},{"@type":"BreadcrumbList","@id":"https:\/\/buletin.de\/bucuresti\/inca-un-accident-cu-mijloacele-stb-un-autobuz-si-un-tramvai-s-au-ciocnit-la-piata-sudului\/#breadcrumb","itemListElement":[{"@type":"ListItem","position":1,"name":"Acas\u0103","item":"https:\/\/buletin.de\/bucuresti\/"},{"@type":"ListItem","position":2,"name":"\u00cenc\u0103 un accident cu mijloacele STB: un autobuz \u0219i un tramvai s-au ciocnit la Pia\u021ba Sudului"}]},{"@type":"WebSite","@id":"https:\/\/buletin.de\/bucuresti\/#website","url":"https:\/\/buletin.de\/bucuresti\/","name":"Buletin de Bucure\u0219ti","description":"\u0218tiri \u0219i investiga\u021bii esen\u021biale din capital\u0103","publisher":{"@id":"https:\/\/buletin.de\/bucuresti\/#organization"},"potentialAction":[{"@type":"SearchAction","target":{"@type":"EntryPoint","urlTemplate":"https:\/\/buletin.de\/bucuresti\/?s={search_term_string}"},"query-input":{"@type":"PropertyValueSpecification","valueRequired":true,"valueName":"search_term_string"}}],"inLanguage":"en-GB"},{"@type":"Organization","@id":"https:\/\/buletin.de\/bucuresti\/#organization","name":"Buletin de Bucure\u0219ti","url":"https:\/\/buletin.de\/bucuresti\/","logo":{"@type":"ImageObject","inLanguage":"en-GB","@id":"https:\/\/buletin.de\/bucuresti\/#\/schema\/logo\/image\/","url":"https:\/\/buletin.de\/bucuresti\/wp-content\/uploads\/logo-bdb-full-wide-vernil-transparent.png","contentUrl":"https:\/\/buletin.de\/bucuresti\/wp-content\/uploads\/logo-bdb-full-wide-vernil-transparent.png","width":1782,"height":626,"caption":"Buletin de Bucure\u0219ti"},"image":{"@id":"https:\/\/buletin.de\/bucuresti\/#\/schema\/logo\/image\/"},"sameAs":["https:\/\/www.facebook.com\/buletin.de.buc","https:\/\/www.instagram.com\/buletinde.bucuresti\/"]},{"@type":"Person","@id":"https:\/\/buletin.de\/bucuresti\/#\/schema\/person\/2bbcf854e5f2419a13804af574d06ab1","name":"Redac\u021bia Buletin de Bucure\u0219ti","image":{"@type":"ImageObject","inLanguage":"en-GB","@id":"https:\/\/secure.gravatar.com\/avatar\/18c5342381ed1a08620e6280424e3e5efc958618f5d67c522c9e44c1bc6f9226?s=96&d=monsterid&r=g60c7cd0ad92c68c049fcd4bb3504d609","url":"https:\/\/secure.gravatar.com\/avatar\/18c5342381ed1a08620e6280424e3e5efc958618f5d67c522c9e44c1bc6f9226?s=96&d=monsterid&r=g","contentUrl":"https:\/\/secure.gravatar.com\/avatar\/18c5342381ed1a08620e6280424e3e5efc958618f5d67c522c9e44c1bc6f9226?s=96&d=monsterid&r=g","caption":"Redac\u021bia Buletin de Bucure\u0219ti"},"description":"Buletin de Bucure\u0219ti exist\u0103 din vara anului 2019.","url":"https:\/\/buletin.de\/bucuresti\/author\/adminbuletin\/"}]}},"authors":[{"term_id":22583,"user_id":1,"is_guest":0,"slug":"adminbuletin","display_name":"Redac\u021bia Buletin de Bucure\u0219ti","avatar_url":"https:\/\/secure.gravatar.com\/avatar\/18c5342381ed1a08620e6280424e3e5efc958618f5d67c522c9e44c1bc6f9226?s=96&d=monsterid&r=g","0":null,"1":"","2":"","3":"","4":"","5":"","6":"","7":"","8":""}],"_links":{"self":[{"href":"https:\/\/buletin.de\/bucuresti\/wp-json\/wp\/v2\/posts\/190715","targetHints":{"allow":["GET"]}}],"collection":[{"href":"https:\/\/buletin.de\/bucuresti\/wp-json\/wp\/v2\/posts"}],"about":[{"href":"https:\/\/buletin.de\/bucuresti\/wp-json\/wp\/v2\/types\/post"}],"author":[{"embeddable":true,"href":"https:\/\/buletin.de\/bucuresti\/wp-json\/wp\/v2\/users\/1"}],"replies":[{"embeddable":true,"href":"https:\/\/buletin.de\/bucuresti\/wp-json\/wp\/v2\/comments?post=190715"}],"version-history":[{"count":4,"href":"https:\/\/buletin.de\/bucuresti\/wp-json\/wp\/v2\/posts\/190715\/revisions"}],"predecessor-version":[{"id":190723,"href":"https:\/\/buletin.de\/bucuresti\/wp-json\/wp\/v2\/posts\/190715\/revisions\/190723"}],"wp:featuredmedia":[{"embeddable":true,"href":"https:\/\/buletin.de\/bucuresti\/wp-json\/wp\/v2\/media\/190717"}],"wp:attachment":[{"href":"https:\/\/buletin.de\/bucuresti\/wp-json\/wp\/v2\/media?parent=190715"}],"wp:term":[{"taxonomy":"category","embeddable":true,"href":"https:\/\/buletin.de\/bucuresti\/wp-json\/wp\/v2\/categories?post=190715"},{"taxonomy":"post_tag","embeddable":true,"href":"https:\/\/buletin.de\/bucuresti\/wp-json\/wp\/v2\/tags?post=190715"},{"taxonomy":"author","embeddable":true,"href":"https:\/\/buletin.de\/bucuresti\/wp-json\/wp\/v2\/ppma_author?post=190715"}],"curies":[{"name":"wp","href":"https:\/\/api.w.org\/{rel}","templated":true}]}}