{"id":190684,"date":"2026-05-02T06:00:00","date_gmt":"2026-05-02T03:00:00","guid":{"rendered":"https:\/\/buletin.de\/bucuresti\/?p=190684"},"modified":"2026-05-01T22:03:12","modified_gmt":"2026-05-01T19:03:12","slug":"apa-nova-anunta-zonele-din-bucuresti-care-raman-fara-apa-rece-saptamana-viitoare-3","status":"publish","type":"post","link":"https:\/\/buletin.de\/bucuresti\/apa-nova-anunta-zonele-din-bucuresti-care-raman-fara-apa-rece-saptamana-viitoare-3\/","title":{"rendered":"Apa Nova anun\u021b\u0103 zonele din Bucure\u0219ti care r\u0103m\u00e2n f\u0103r\u0103 ap\u0103 rece s\u0103pt\u0103m\u00e2na viitoare"},"content":{"rendered":"\n<p><strong>Mai multe zone din Bucure\u0219ti r\u0103m\u00e2n f\u0103r\u0103 ap\u0103 rece \u00eentre 5 &#8211; 7 mai 2026. Furnizarea se \u00eentrerupe pentru lucr\u0103ri de modernizare \u0219i de interven\u021bie, potrivit\u00a0<\/strong><a href=\"https:\/\/www.apanovabucuresti.ro\/\"><strong>APA NOVA<\/strong><\/a>.<\/p>\n\n\n\n<h2 class=\"wp-block-heading\" id=\"h-zonele-din-bucure\u0219ti-care-raman-fara-apa-rece\"><strong>Zonele din Bucure\u0219ti care r\u0103m\u00e2n f\u0103r\u0103 ap\u0103 rece<\/strong><\/h2>\n\n\n\n<p><strong>Sector 1<\/strong><\/p>\n\n\n\n<ul class=\"wp-block-list\">\n<li>Strada Stindardului, Strada Neajlovului, Strada Cire\u0219oaia, 5 mai, \u00een intervalul orar 09:00 &#8211; 20:00.<\/li>\n\n\n\n<li>Intrarea Solzilor, Strada Barajul Arge\u0219, Intrarea Epocii, \u0218oseaua Nordului, Intrarea Gliei, 7 mai, \u00een intervalul orar 10:00 &#8211; 15:00;<\/li>\n\n\n\n<li>\u0218oseaua Bucure\u0219ti-Ploie\u0219ti, \u0218oseaua Od\u0103i, din data de 07.05.2026, ora 23:00, p\u00e2n\u0103 in data de 08.05.2026, ora 06:00.<\/li>\n<\/ul>\n\n\n\n<p><strong>Sector 4<\/strong><\/p>\n\n\n\n<ul class=\"wp-block-list\">\n<li>Strada Metalurgiei, Strada Mo\u0219oaia, Bulevardul Metalurgiei, Drumul Binelui, 7 mai, \u00een intervalul orar 11:00 &#8211; 17:00.<\/li>\n<\/ul>\n\n\n\n<p><strong>Sector 6<\/strong><\/p>\n\n\n\n<ul class=\"wp-block-list\">\n<li>Strada Cerni\u0219oara, Bulevardul Iuliu Maniu, Intrarea Panifica\u021biei, Strada Performan\u021bei, Strada Valea Cerbului, Bulevardul Iuliu Maniu, 5 mai, \u00a0\u00een intervalul orar, 09:00 &#8211; 17:00.<\/li>\n<\/ul>\n\n\n\n<p><strong>CITE\u0218TE \u0218I:<\/strong> <a href=\"https:\/\/buletin.de\/bucuresti\/cum-explica-primaria-sectorului-5-contractul-pentru-saci-de-gunoi-personalizati-achizitie-necesara-pentru-continuitatea-salubrizarii\/\"><strong>De ce a cump\u0103rat Prim\u0103ria Sectorului 5 saci de gunoi personaliza\u021bi f\u0103r\u0103 licita\u021bie, de la o firm\u0103 abonat\u0103 la contracte cu statul: achizi\u021bia era necesar\u0103 pentru continuitatea salubriz\u0103rii<\/strong><\/a><\/p>\n\n\n\n<h2 class=\"wp-block-heading\" id=\"h-se-intrerupe-curentul-electric-in-bucure\u0219ti-re\u021bele-electrice-muntenia-anun\u021ba-care-sunt-zonele-afectate\">Se \u00eentrerupe curentul electric \u00een Bucure\u0219ti. Re\u021bele Electrice Muntenia anun\u021b\u0103 care sunt zonele afectate<\/h2>\n\n\n\n<p><strong>Se \u00eentrerupe curentul electric \u00een perioada 4 &#8211; 10 mai 2026, \u00een mai multe zone din Bucure\u0219ti, Giurgiu \u0219i Ilfov.<a href=\"https:\/\/www.reteleelectrice.ro\/\">\u00a0Re\u021bele Electrice Muntenia\u00a0<\/a>precizeaz\u0103 c\u0103 m\u0103sura este necesar\u0103\u00a0din cauza lucr\u0103rilor de repara\u021bii, modernizare \u200bsau de mentenan\u021b\u0103, la re\u021beaua electric\u0103.<\/strong><\/p>\n\n\n\n<h2 class=\"wp-block-heading\" id=\"h-unde-se-intrerupe-curentul-electric-in-bucure\u0219ti\"><strong>Unde se \u00eentrerupe curentul<\/strong>\u00a0electric \u00een Bucure\u0219ti<\/h2>\n\n\n\n<p><strong>Luni, 04.05.2026<\/strong><\/p>\n\n\n\n<ul class=\"wp-block-list\">\n<li><strong>Sector 2, <\/strong>Strada Paul Greceanu, Nr 10, Paul Greceanu \u00een sec\u021biunea cuprins\u0103 \u00eentre str Polon\u0103 \u0219i str. Aurel Vlaicu, \u0219i Polon\u0103, 09:00 &#8211; 17:00;<\/li>\n<\/ul>\n\n\n\n<ul class=\"wp-block-list\">\n<li><strong>Sector 4<\/strong>, Strada Salinei, Str\u0103zile: Gheorghe Vasilescu, David Ilie, Ramasagului, M\u00eenca Dumitru, Pr\u0103silei, Peronii 11:00 &#8211; 15:00 Mar\u021bi, 05.05.2026 Bucure\u0219ti, Sector 1 Bulevardul Ion Mihalache, perimetrul cuprins \u00eentre: Bd. Ion Mihalache, Str. Gala Galaction, Str. Maior Alexandru C\u00e2mpeanu, Str. General Barbu Vladoianu, Str. Ion Neculce, 09:00 &#8211; 17:00.<\/li>\n<\/ul>\n\n\n\n<p><strong>Miercuri, 06.05.2026<\/strong><\/p>\n\n\n\n<ul class=\"wp-block-list\">\n<li><strong>Sector 2,<\/strong> Strada Sf\u00e2ntul \u0218tefan, Nr 1, Str. Sf\u00e2ntul \u0218tefan \u00eentre Str.Plantelor \u0219i Pia\u021b\u0103 Sf\u00e2ntul \u0218tefan, Str.Popa Soare \u00eentre Str.Romulus \u0219i Str.Dr.Burghelea,Pia\u021b\u0103 Sf\u00e2ntul \u0218tefan, Strad\u0103 Sf\u00e2ntul \u0218tefan, Nr 1, Str.Pictor Romano. Str.\u0218tefan Mih\u0103ileanu, \u00centr.Bobeic\u0103, Str.Argetoaia, Str.Plantelor \u00eentre Str.M\u00e2ntuleasa \u0219i Str.Dr.Burghelea, 09:00 &#8211; 17:00.<\/li>\n\n\n\n<li><strong>Sector 2<\/strong>, \u0218oseaua Gherase, Nr. 58, Sos.Gherase \u00eentre Str. Corabia \u0219i Str.Comarnic, Str.Teofil \u00eentre Sos.Gherase \u0219i Str.Silvia, 09:00 &#8211; 15:00.<\/li>\n<\/ul>\n\n\n\n<p><strong>CITE\u0218TE \u0218I:<\/strong> <a href=\"https:\/\/buletin.de\/bucuresti\/programul-iscm-world-new-music-days-columna-infinita\/\"><strong>Cel mai mare festival din lume dedicat muzicii noi ajunge \u0219i la Bucure\u0219ti. Care este programul ISCM World New Music Days \u2013 \u201eColumna Infinit\u0103\u201d<\/strong><\/a><\/p>\n","protected":false},"excerpt":{"rendered":"<p>Mai multe zone din Bucure\u0219ti r\u0103m\u00e2n f\u0103r\u0103 ap\u0103 rece \u00eentre 5 &#8211; 7 mai 2026. Furnizarea se \u00eentrerupe pentru lucr\u0103ri de modernizare \u0219i de interven\u021bie, potrivit\u00a0APA NOVA. Zonele din Bucure\u0219ti care r\u0103m\u00e2n f\u0103r\u0103 ap\u0103 rece Sector 1 Sector 4 Sector 6 CITE\u0218TE \u0218I: De ce a cump\u0103rat Prim\u0103ria Sectorului 5 saci de gunoi personaliza\u021bi f\u0103r\u0103 [&hellip;]<\/p>\n","protected":false},"author":49,"featured_media":187955,"comment_status":"closed","ping_status":"open","sticky":false,"template":"","format":"standard","meta":{"_acf_changed":false,"inline_featured_image":false,"ngg_post_thumbnail":0,"footnotes":""},"categories":[6994,62],"tags":[4394,28059,28060,28061],"ppma_author":[22574],"class_list":["post-190684","post","type-post","status-publish","format-standard","has-post-thumbnail","hentry","category-stiri-2","category-stiri","tag-apa-nova","tag-fara-apa-rece","tag-sector-1-fara-apa-rece","tag-sector-6-fara-apa-rece"],"acf":[],"yoast_head":"<!-- This site is optimized with the Yoast SEO Premium plugin v25.3 (Yoast SEO v27.5) - https:\/\/yoast.com\/product\/yoast-seo-premium-wordpress\/ -->\n<title>Apa Nova anun\u021b\u0103 zonele din Bucure\u0219ti care r\u0103m\u00e2n f\u0103r\u0103 ap\u0103 rece s\u0103pt\u0103m\u00e2na viitoare - Buletin de Bucure\u0219ti<\/title>\n<meta name=\"description\" content=\"Mai multe zone din Bucure\u0219ti r\u0103m\u00e2n f\u0103r\u0103 ap\u0103 rece \u00eentre 5 - 7 mai 2026. Furnizarea se \u00eentrerupe pentru lucr\u0103ri de modernizare.\" \/>\n<meta name=\"robots\" content=\"index, follow, max-snippet:-1, max-image-preview:large, max-video-preview:-1\" \/>\n<link rel=\"canonical\" href=\"https:\/\/buletin.de\/bucuresti\/apa-nova-anunta-zonele-din-bucuresti-care-raman-fara-apa-rece-saptamana-viitoare-3\/\" \/>\n<meta property=\"og:locale\" content=\"en_GB\" \/>\n<meta property=\"og:type\" content=\"article\" \/>\n<meta property=\"og:title\" content=\"Apa Nova anun\u021b\u0103 zonele din Bucure\u0219ti care r\u0103m\u00e2n f\u0103r\u0103 ap\u0103 rece s\u0103pt\u0103m\u00e2na viitoare\" \/>\n<meta property=\"og:description\" content=\"Mai multe zone din Bucure\u0219ti r\u0103m\u00e2n f\u0103r\u0103 ap\u0103 rece \u00eentre 5 - 7 mai 2026. Furnizarea se \u00eentrerupe pentru lucr\u0103ri de modernizare.\" \/>\n<meta property=\"og:url\" content=\"https:\/\/buletin.de\/bucuresti\/apa-nova-anunta-zonele-din-bucuresti-care-raman-fara-apa-rece-saptamana-viitoare-3\/\" \/>\n<meta property=\"og:site_name\" content=\"Buletin de Bucure\u0219ti\" \/>\n<meta property=\"article:publisher\" content=\"https:\/\/www.facebook.com\/buletin.de.buc\" \/>\n<meta property=\"article:published_time\" content=\"2026-05-02T03:00:00+00:00\" \/>\n<meta property=\"og:image\" content=\"https:\/\/buletin.de\/bucuresti\/wp-content\/uploads\/2026\/04\/img-3-1-1.jpg\" \/>\n\t<meta property=\"og:image:width\" content=\"960\" \/>\n\t<meta property=\"og:image:height\" content=\"540\" \/>\n\t<meta property=\"og:image:type\" content=\"image\/jpeg\" \/>\n<meta name=\"author\" content=\"Diana Matei\" \/>\n<meta name=\"twitter:card\" content=\"summary_large_image\" \/>\n<meta name=\"twitter:label1\" content=\"Written by\" \/>\n\t<meta name=\"twitter:data1\" content=\"Diana Matei\" \/>\n\t<meta name=\"twitter:label2\" content=\"Estimated reading time\" \/>\n\t<meta name=\"twitter:data2\" content=\"2 minutes\" \/>\n<script type=\"application\/ld+json\" class=\"yoast-schema-graph\">{\"@context\":\"https:\\\/\\\/schema.org\",\"@graph\":[{\"@type\":\"Article\",\"@id\":\"https:\\\/\\\/buletin.de\\\/bucuresti\\\/apa-nova-anunta-zonele-din-bucuresti-care-raman-fara-apa-rece-saptamana-viitoare-3\\\/#article\",\"isPartOf\":{\"@id\":\"https:\\\/\\\/buletin.de\\\/bucuresti\\\/apa-nova-anunta-zonele-din-bucuresti-care-raman-fara-apa-rece-saptamana-viitoare-3\\\/\"},\"author\":{\"name\":\"Diana Matei\",\"@id\":\"https:\\\/\\\/buletin.de\\\/bucuresti\\\/#\\\/schema\\\/person\\\/7e46040573290777280a0835d81ea4ea\"},\"headline\":\"Apa Nova anun\u021b\u0103 zonele din Bucure\u0219ti care r\u0103m\u00e2n f\u0103r\u0103 ap\u0103 rece s\u0103pt\u0103m\u00e2na viitoare\",\"datePublished\":\"2026-05-02T03:00:00+00:00\",\"mainEntityOfPage\":{\"@id\":\"https:\\\/\\\/buletin.de\\\/bucuresti\\\/apa-nova-anunta-zonele-din-bucuresti-care-raman-fara-apa-rece-saptamana-viitoare-3\\\/\"},\"wordCount\":429,\"publisher\":{\"@id\":\"https:\\\/\\\/buletin.de\\\/bucuresti\\\/#organization\"},\"image\":{\"@id\":\"https:\\\/\\\/buletin.de\\\/bucuresti\\\/apa-nova-anunta-zonele-din-bucuresti-care-raman-fara-apa-rece-saptamana-viitoare-3\\\/#primaryimage\"},\"thumbnailUrl\":\"https:\\\/\\\/buletin.de\\\/bucuresti\\\/wp-content\\\/uploads\\\/2026\\\/04\\\/img-3-1-1.jpg\",\"keywords\":[\"Apa Nova\",\"fara apa rece\",\"Sector 1 fara apa rece\",\"Sector 6 fara apa rece\"],\"articleSection\":[\"Articole\",\"\u0218tiri\"],\"inLanguage\":\"en-GB\",\"copyrightYear\":\"2026\",\"copyrightHolder\":{\"@id\":\"https:\\\/\\\/buletin.de\\\/bucuresti\\\/#organization\"}},{\"@type\":\"WebPage\",\"@id\":\"https:\\\/\\\/buletin.de\\\/bucuresti\\\/apa-nova-anunta-zonele-din-bucuresti-care-raman-fara-apa-rece-saptamana-viitoare-3\\\/\",\"url\":\"https:\\\/\\\/buletin.de\\\/bucuresti\\\/apa-nova-anunta-zonele-din-bucuresti-care-raman-fara-apa-rece-saptamana-viitoare-3\\\/\",\"name\":\"Apa Nova anun\u021b\u0103 zonele din Bucure\u0219ti care r\u0103m\u00e2n f\u0103r\u0103 ap\u0103 rece s\u0103pt\u0103m\u00e2na viitoare - Buletin de Bucure\u0219ti\",\"isPartOf\":{\"@id\":\"https:\\\/\\\/buletin.de\\\/bucuresti\\\/#website\"},\"primaryImageOfPage\":{\"@id\":\"https:\\\/\\\/buletin.de\\\/bucuresti\\\/apa-nova-anunta-zonele-din-bucuresti-care-raman-fara-apa-rece-saptamana-viitoare-3\\\/#primaryimage\"},\"image\":{\"@id\":\"https:\\\/\\\/buletin.de\\\/bucuresti\\\/apa-nova-anunta-zonele-din-bucuresti-care-raman-fara-apa-rece-saptamana-viitoare-3\\\/#primaryimage\"},\"thumbnailUrl\":\"https:\\\/\\\/buletin.de\\\/bucuresti\\\/wp-content\\\/uploads\\\/2026\\\/04\\\/img-3-1-1.jpg\",\"datePublished\":\"2026-05-02T03:00:00+00:00\",\"description\":\"Mai multe zone din Bucure\u0219ti r\u0103m\u00e2n f\u0103r\u0103 ap\u0103 rece \u00eentre 5 - 7 mai 2026. Furnizarea se \u00eentrerupe pentru lucr\u0103ri de modernizare.\",\"breadcrumb\":{\"@id\":\"https:\\\/\\\/buletin.de\\\/bucuresti\\\/apa-nova-anunta-zonele-din-bucuresti-care-raman-fara-apa-rece-saptamana-viitoare-3\\\/#breadcrumb\"},\"inLanguage\":\"en-GB\",\"potentialAction\":[{\"@type\":\"ReadAction\",\"target\":[\"https:\\\/\\\/buletin.de\\\/bucuresti\\\/apa-nova-anunta-zonele-din-bucuresti-care-raman-fara-apa-rece-saptamana-viitoare-3\\\/\"]}]},{\"@type\":\"ImageObject\",\"inLanguage\":\"en-GB\",\"@id\":\"https:\\\/\\\/buletin.de\\\/bucuresti\\\/apa-nova-anunta-zonele-din-bucuresti-care-raman-fara-apa-rece-saptamana-viitoare-3\\\/#primaryimage\",\"url\":\"https:\\\/\\\/buletin.de\\\/bucuresti\\\/wp-content\\\/uploads\\\/2026\\\/04\\\/img-3-1-1.jpg\",\"contentUrl\":\"https:\\\/\\\/buletin.de\\\/bucuresti\\\/wp-content\\\/uploads\\\/2026\\\/04\\\/img-3-1-1.jpg\",\"width\":960,\"height\":540,\"caption\":\"Apa Nova anun\u021b\u0103 zonele din Bucure\u0219ti care r\u0103m\u00e2n f\u0103r\u0103 ap\u0103 rece s\u0103pt\u0103m\u00e2na viitoare. FOTO: Apa Nova\"},{\"@type\":\"BreadcrumbList\",\"@id\":\"https:\\\/\\\/buletin.de\\\/bucuresti\\\/apa-nova-anunta-zonele-din-bucuresti-care-raman-fara-apa-rece-saptamana-viitoare-3\\\/#breadcrumb\",\"itemListElement\":[{\"@type\":\"ListItem\",\"position\":1,\"name\":\"Acas\u0103\",\"item\":\"https:\\\/\\\/buletin.de\\\/bucuresti\\\/\"},{\"@type\":\"ListItem\",\"position\":2,\"name\":\"Apa Nova anun\u021b\u0103 zonele din Bucure\u0219ti care r\u0103m\u00e2n f\u0103r\u0103 ap\u0103 rece s\u0103pt\u0103m\u00e2na viitoare\"}]},{\"@type\":\"WebSite\",\"@id\":\"https:\\\/\\\/buletin.de\\\/bucuresti\\\/#website\",\"url\":\"https:\\\/\\\/buletin.de\\\/bucuresti\\\/\",\"name\":\"Buletin de Bucure\u0219ti\",\"description\":\"\u0218tiri \u0219i investiga\u021bii esen\u021biale din capital\u0103\",\"publisher\":{\"@id\":\"https:\\\/\\\/buletin.de\\\/bucuresti\\\/#organization\"},\"potentialAction\":[{\"@type\":\"SearchAction\",\"target\":{\"@type\":\"EntryPoint\",\"urlTemplate\":\"https:\\\/\\\/buletin.de\\\/bucuresti\\\/?s={search_term_string}\"},\"query-input\":{\"@type\":\"PropertyValueSpecification\",\"valueRequired\":true,\"valueName\":\"search_term_string\"}}],\"inLanguage\":\"en-GB\"},{\"@type\":\"Organization\",\"@id\":\"https:\\\/\\\/buletin.de\\\/bucuresti\\\/#organization\",\"name\":\"Buletin de Bucure\u0219ti\",\"url\":\"https:\\\/\\\/buletin.de\\\/bucuresti\\\/\",\"logo\":{\"@type\":\"ImageObject\",\"inLanguage\":\"en-GB\",\"@id\":\"https:\\\/\\\/buletin.de\\\/bucuresti\\\/#\\\/schema\\\/logo\\\/image\\\/\",\"url\":\"https:\\\/\\\/buletin.de\\\/bucuresti\\\/wp-content\\\/uploads\\\/logo-bdb-full-wide-vernil-transparent.png\",\"contentUrl\":\"https:\\\/\\\/buletin.de\\\/bucuresti\\\/wp-content\\\/uploads\\\/logo-bdb-full-wide-vernil-transparent.png\",\"width\":1782,\"height\":626,\"caption\":\"Buletin de Bucure\u0219ti\"},\"image\":{\"@id\":\"https:\\\/\\\/buletin.de\\\/bucuresti\\\/#\\\/schema\\\/logo\\\/image\\\/\"},\"sameAs\":[\"https:\\\/\\\/www.facebook.com\\\/buletin.de.buc\",\"https:\\\/\\\/www.instagram.com\\\/buletinde.bucuresti\\\/\"]},{\"@type\":\"Person\",\"@id\":\"https:\\\/\\\/buletin.de\\\/bucuresti\\\/#\\\/schema\\\/person\\\/7e46040573290777280a0835d81ea4ea\",\"name\":\"Diana Matei\",\"image\":{\"@type\":\"ImageObject\",\"inLanguage\":\"en-GB\",\"@id\":\"https:\\\/\\\/buletin.de\\\/bucuresti\\\/wp-content\\\/uploads\\\/9-2-96x96.jpg1e8590b30871d70e62ebcdaf2eff570c\",\"url\":\"https:\\\/\\\/buletin.de\\\/bucuresti\\\/wp-content\\\/uploads\\\/9-2-96x96.jpg\",\"contentUrl\":\"https:\\\/\\\/buletin.de\\\/bucuresti\\\/wp-content\\\/uploads\\\/9-2-96x96.jpg\",\"caption\":\"Diana Matei\"},\"url\":\"https:\\\/\\\/buletin.de\\\/bucuresti\\\/author\\\/dianamatei\\\/\"}]}<\/script>\n<!-- \/ Yoast SEO Premium plugin. -->","yoast_head_json":{"title":"Apa Nova anun\u021b\u0103 zonele din Bucure\u0219ti care r\u0103m\u00e2n f\u0103r\u0103 ap\u0103 rece s\u0103pt\u0103m\u00e2na viitoare - Buletin de Bucure\u0219ti","description":"Mai multe zone din Bucure\u0219ti r\u0103m\u00e2n f\u0103r\u0103 ap\u0103 rece \u00eentre 5 - 7 mai 2026. Furnizarea se \u00eentrerupe pentru lucr\u0103ri de modernizare.","robots":{"index":"index","follow":"follow","max-snippet":"max-snippet:-1","max-image-preview":"max-image-preview:large","max-video-preview":"max-video-preview:-1"},"canonical":"https:\/\/buletin.de\/bucuresti\/apa-nova-anunta-zonele-din-bucuresti-care-raman-fara-apa-rece-saptamana-viitoare-3\/","og_locale":"en_GB","og_type":"article","og_title":"Apa Nova anun\u021b\u0103 zonele din Bucure\u0219ti care r\u0103m\u00e2n f\u0103r\u0103 ap\u0103 rece s\u0103pt\u0103m\u00e2na viitoare","og_description":"Mai multe zone din Bucure\u0219ti r\u0103m\u00e2n f\u0103r\u0103 ap\u0103 rece \u00eentre 5 - 7 mai 2026. Furnizarea se \u00eentrerupe pentru lucr\u0103ri de modernizare.","og_url":"https:\/\/buletin.de\/bucuresti\/apa-nova-anunta-zonele-din-bucuresti-care-raman-fara-apa-rece-saptamana-viitoare-3\/","og_site_name":"Buletin de Bucure\u0219ti","article_publisher":"https:\/\/www.facebook.com\/buletin.de.buc","article_published_time":"2026-05-02T03:00:00+00:00","og_image":[{"width":960,"height":540,"url":"https:\/\/buletin.de\/bucuresti\/wp-content\/uploads\/2026\/04\/img-3-1-1.jpg","type":"image\/jpeg"}],"author":"Diana Matei","twitter_card":"summary_large_image","twitter_misc":{"Written by":"Diana Matei","Estimated reading time":"2 minutes"},"schema":{"@context":"https:\/\/schema.org","@graph":[{"@type":"Article","@id":"https:\/\/buletin.de\/bucuresti\/apa-nova-anunta-zonele-din-bucuresti-care-raman-fara-apa-rece-saptamana-viitoare-3\/#article","isPartOf":{"@id":"https:\/\/buletin.de\/bucuresti\/apa-nova-anunta-zonele-din-bucuresti-care-raman-fara-apa-rece-saptamana-viitoare-3\/"},"author":{"name":"Diana Matei","@id":"https:\/\/buletin.de\/bucuresti\/#\/schema\/person\/7e46040573290777280a0835d81ea4ea"},"headline":"Apa Nova anun\u021b\u0103 zonele din Bucure\u0219ti care r\u0103m\u00e2n f\u0103r\u0103 ap\u0103 rece s\u0103pt\u0103m\u00e2na viitoare","datePublished":"2026-05-02T03:00:00+00:00","mainEntityOfPage":{"@id":"https:\/\/buletin.de\/bucuresti\/apa-nova-anunta-zonele-din-bucuresti-care-raman-fara-apa-rece-saptamana-viitoare-3\/"},"wordCount":429,"publisher":{"@id":"https:\/\/buletin.de\/bucuresti\/#organization"},"image":{"@id":"https:\/\/buletin.de\/bucuresti\/apa-nova-anunta-zonele-din-bucuresti-care-raman-fara-apa-rece-saptamana-viitoare-3\/#primaryimage"},"thumbnailUrl":"https:\/\/buletin.de\/bucuresti\/wp-content\/uploads\/2026\/04\/img-3-1-1.jpg","keywords":["Apa Nova","fara apa rece","Sector 1 fara apa rece","Sector 6 fara apa rece"],"articleSection":["Articole","\u0218tiri"],"inLanguage":"en-GB","copyrightYear":"2026","copyrightHolder":{"@id":"https:\/\/buletin.de\/bucuresti\/#organization"}},{"@type":"WebPage","@id":"https:\/\/buletin.de\/bucuresti\/apa-nova-anunta-zonele-din-bucuresti-care-raman-fara-apa-rece-saptamana-viitoare-3\/","url":"https:\/\/buletin.de\/bucuresti\/apa-nova-anunta-zonele-din-bucuresti-care-raman-fara-apa-rece-saptamana-viitoare-3\/","name":"Apa Nova anun\u021b\u0103 zonele din Bucure\u0219ti care r\u0103m\u00e2n f\u0103r\u0103 ap\u0103 rece s\u0103pt\u0103m\u00e2na viitoare - Buletin de Bucure\u0219ti","isPartOf":{"@id":"https:\/\/buletin.de\/bucuresti\/#website"},"primaryImageOfPage":{"@id":"https:\/\/buletin.de\/bucuresti\/apa-nova-anunta-zonele-din-bucuresti-care-raman-fara-apa-rece-saptamana-viitoare-3\/#primaryimage"},"image":{"@id":"https:\/\/buletin.de\/bucuresti\/apa-nova-anunta-zonele-din-bucuresti-care-raman-fara-apa-rece-saptamana-viitoare-3\/#primaryimage"},"thumbnailUrl":"https:\/\/buletin.de\/bucuresti\/wp-content\/uploads\/2026\/04\/img-3-1-1.jpg","datePublished":"2026-05-02T03:00:00+00:00","description":"Mai multe zone din Bucure\u0219ti r\u0103m\u00e2n f\u0103r\u0103 ap\u0103 rece \u00eentre 5 - 7 mai 2026. Furnizarea se \u00eentrerupe pentru lucr\u0103ri de modernizare.","breadcrumb":{"@id":"https:\/\/buletin.de\/bucuresti\/apa-nova-anunta-zonele-din-bucuresti-care-raman-fara-apa-rece-saptamana-viitoare-3\/#breadcrumb"},"inLanguage":"en-GB","potentialAction":[{"@type":"ReadAction","target":["https:\/\/buletin.de\/bucuresti\/apa-nova-anunta-zonele-din-bucuresti-care-raman-fara-apa-rece-saptamana-viitoare-3\/"]}]},{"@type":"ImageObject","inLanguage":"en-GB","@id":"https:\/\/buletin.de\/bucuresti\/apa-nova-anunta-zonele-din-bucuresti-care-raman-fara-apa-rece-saptamana-viitoare-3\/#primaryimage","url":"https:\/\/buletin.de\/bucuresti\/wp-content\/uploads\/2026\/04\/img-3-1-1.jpg","contentUrl":"https:\/\/buletin.de\/bucuresti\/wp-content\/uploads\/2026\/04\/img-3-1-1.jpg","width":960,"height":540,"caption":"Apa Nova anun\u021b\u0103 zonele din Bucure\u0219ti care r\u0103m\u00e2n f\u0103r\u0103 ap\u0103 rece s\u0103pt\u0103m\u00e2na viitoare. FOTO: Apa Nova"},{"@type":"BreadcrumbList","@id":"https:\/\/buletin.de\/bucuresti\/apa-nova-anunta-zonele-din-bucuresti-care-raman-fara-apa-rece-saptamana-viitoare-3\/#breadcrumb","itemListElement":[{"@type":"ListItem","position":1,"name":"Acas\u0103","item":"https:\/\/buletin.de\/bucuresti\/"},{"@type":"ListItem","position":2,"name":"Apa Nova anun\u021b\u0103 zonele din Bucure\u0219ti care r\u0103m\u00e2n f\u0103r\u0103 ap\u0103 rece s\u0103pt\u0103m\u00e2na viitoare"}]},{"@type":"WebSite","@id":"https:\/\/buletin.de\/bucuresti\/#website","url":"https:\/\/buletin.de\/bucuresti\/","name":"Buletin de Bucure\u0219ti","description":"\u0218tiri \u0219i investiga\u021bii esen\u021biale din capital\u0103","publisher":{"@id":"https:\/\/buletin.de\/bucuresti\/#organization"},"potentialAction":[{"@type":"SearchAction","target":{"@type":"EntryPoint","urlTemplate":"https:\/\/buletin.de\/bucuresti\/?s={search_term_string}"},"query-input":{"@type":"PropertyValueSpecification","valueRequired":true,"valueName":"search_term_string"}}],"inLanguage":"en-GB"},{"@type":"Organization","@id":"https:\/\/buletin.de\/bucuresti\/#organization","name":"Buletin de Bucure\u0219ti","url":"https:\/\/buletin.de\/bucuresti\/","logo":{"@type":"ImageObject","inLanguage":"en-GB","@id":"https:\/\/buletin.de\/bucuresti\/#\/schema\/logo\/image\/","url":"https:\/\/buletin.de\/bucuresti\/wp-content\/uploads\/logo-bdb-full-wide-vernil-transparent.png","contentUrl":"https:\/\/buletin.de\/bucuresti\/wp-content\/uploads\/logo-bdb-full-wide-vernil-transparent.png","width":1782,"height":626,"caption":"Buletin de Bucure\u0219ti"},"image":{"@id":"https:\/\/buletin.de\/bucuresti\/#\/schema\/logo\/image\/"},"sameAs":["https:\/\/www.facebook.com\/buletin.de.buc","https:\/\/www.instagram.com\/buletinde.bucuresti\/"]},{"@type":"Person","@id":"https:\/\/buletin.de\/bucuresti\/#\/schema\/person\/7e46040573290777280a0835d81ea4ea","name":"Diana Matei","image":{"@type":"ImageObject","inLanguage":"en-GB","@id":"https:\/\/buletin.de\/bucuresti\/wp-content\/uploads\/9-2-96x96.jpg1e8590b30871d70e62ebcdaf2eff570c","url":"https:\/\/buletin.de\/bucuresti\/wp-content\/uploads\/9-2-96x96.jpg","contentUrl":"https:\/\/buletin.de\/bucuresti\/wp-content\/uploads\/9-2-96x96.jpg","caption":"Diana Matei"},"url":"https:\/\/buletin.de\/bucuresti\/author\/dianamatei\/"}]}},"authors":[{"term_id":22574,"user_id":49,"is_guest":0,"slug":"dianamatei","display_name":"Diana Matei","avatar_url":"https:\/\/buletin.de\/bucuresti\/wp-content\/uploads\/9-2-96x96.jpg","0":null,"1":"","2":"","3":"","4":"","5":"","6":"","7":"","8":""}],"_links":{"self":[{"href":"https:\/\/buletin.de\/bucuresti\/wp-json\/wp\/v2\/posts\/190684","targetHints":{"allow":["GET"]}}],"collection":[{"href":"https:\/\/buletin.de\/bucuresti\/wp-json\/wp\/v2\/posts"}],"about":[{"href":"https:\/\/buletin.de\/bucuresti\/wp-json\/wp\/v2\/types\/post"}],"author":[{"embeddable":true,"href":"https:\/\/buletin.de\/bucuresti\/wp-json\/wp\/v2\/users\/49"}],"replies":[{"embeddable":true,"href":"https:\/\/buletin.de\/bucuresti\/wp-json\/wp\/v2\/comments?post=190684"}],"version-history":[{"count":6,"href":"https:\/\/buletin.de\/bucuresti\/wp-json\/wp\/v2\/posts\/190684\/revisions"}],"predecessor-version":[{"id":190698,"href":"https:\/\/buletin.de\/bucuresti\/wp-json\/wp\/v2\/posts\/190684\/revisions\/190698"}],"wp:featuredmedia":[{"embeddable":true,"href":"https:\/\/buletin.de\/bucuresti\/wp-json\/wp\/v2\/media\/187955"}],"wp:attachment":[{"href":"https:\/\/buletin.de\/bucuresti\/wp-json\/wp\/v2\/media?parent=190684"}],"wp:term":[{"taxonomy":"category","embeddable":true,"href":"https:\/\/buletin.de\/bucuresti\/wp-json\/wp\/v2\/categories?post=190684"},{"taxonomy":"post_tag","embeddable":true,"href":"https:\/\/buletin.de\/bucuresti\/wp-json\/wp\/v2\/tags?post=190684"},{"taxonomy":"author","embeddable":true,"href":"https:\/\/buletin.de\/bucuresti\/wp-json\/wp\/v2\/ppma_author?post=190684"}],"curies":[{"name":"wp","href":"https:\/\/api.w.org\/{rel}","templated":true}]}}