{"id":190673,"date":"2026-05-02T05:00:00","date_gmt":"2026-05-02T02:00:00","guid":{"rendered":"https:\/\/buletin.de\/bucuresti\/?p=190673"},"modified":"2026-05-01T23:11:04","modified_gmt":"2026-05-01T20:11:04","slug":"se-intrerupe-curentul-electric-in-bucuresti-si-ilfov-retele-electrice-muntenia-anunta-care-sunt-zonele-afectate-6","status":"publish","type":"post","link":"https:\/\/buletin.de\/bucuresti\/se-intrerupe-curentul-electric-in-bucuresti-si-ilfov-retele-electrice-muntenia-anunta-care-sunt-zonele-afectate-6\/","title":{"rendered":"Se \u00eentrerupe curentul electric \u00een Bucure\u0219ti, Ilfov \u0219i Giurgiu. Re\u021bele Electrice Muntenia anun\u021b\u0103 care sunt zonele afectate"},"content":{"rendered":"\n<p id=\"h-\"><strong>Se \u00eentrerupe curentul electric \u00een perioada 4 &#8211; 10 mai 2026, \u00een mai multe zone din Bucure\u0219ti, Giurgiu \u0219i Ilfov.<a href=\"https:\/\/www.reteleelectrice.ro\/\">&nbsp;Re\u021bele Electrice Muntenia&nbsp;<\/a>precizeaz\u0103 c\u0103 m\u0103sura este necesar\u0103&nbsp;din cauza lucr\u0103rilor de repara\u021bii, modernizare \u200bsau de mentenan\u021b\u0103, la re\u021beaua electric\u0103.<\/strong><\/p>\n\n\n\n<h2 class=\"wp-block-heading\" id=\"h-unde-se-intrerupe-curentul-nbsp-electric-in-bucure\u0219ti\"><strong>Unde se \u00eentrerupe curentul<\/strong>&nbsp;electric \u00een Bucure\u0219ti<\/h2>\n\n\n\n<p><strong>Luni, 04.05.2026<\/strong><\/p>\n\n\n\n<ul class=\"wp-block-list\">\n<li><strong>Sector 2, <\/strong>Strada Paul Greceanu, Nr 10, Paul Greceanu \u00een sec\u021biunea cuprins\u0103 \u00eentre str Polon\u0103 \u0219i str. Aurel Vlaicu, \u0219i Polon\u0103, 09:00 &#8211; 17:00;<\/li>\n\n\n\n<li><strong>Sector 4<\/strong>, Strada Salinei, Str\u0103zile: Gheorghe Vasilescu, David Ilie, Ramasagului, M\u00eenca Dumitru, Pr\u0103silei, Peronii 11:00 &#8211; 15:00 Mar\u021bi, 05.05.2026 Bucure\u0219ti, Sector 1 Bulevardul Ion Mihalache, perimetrul cuprins \u00eentre: Bd. Ion Mihalache, Str. Gala Galaction, Str. Maior Alexandru C\u00e2mpeanu, Str. General Barbu Vladoianu, Str. Ion Neculce, 09:00 &#8211; 17:00.<\/li>\n<\/ul>\n\n\n\n<p><strong>Miercuri, 06.05.2026<\/strong><\/p>\n\n\n\n<ul class=\"wp-block-list\">\n<li><strong>Sector 2,<\/strong> Strada Sf\u00e2ntul \u0218tefan, Nr 1, Str. Sf\u00e2ntul \u0218tefan \u00eentre Str.Plantelor \u0219i Pia\u021b\u0103 Sf\u00e2ntul \u0218tefan, Str.Popa Soare \u00eentre Str.Romulus \u0219i Str.Dr.Burghelea,Pia\u021b\u0103 Sf\u00e2ntul \u0218tefan, Strad\u0103 Sf\u00e2ntul \u0218tefan, Nr 1, Str.Pictor Romano. Str.\u0218tefan Mih\u0103ileanu, \u00centr.Bobeic\u0103, Str.Argetoaia, Str.Plantelor \u00eentre Str.M\u00e2ntuleasa \u0219i Str.Dr.Burghelea, 09:00 &#8211; 17:00.<\/li>\n\n\n\n<li><strong>Sector 2<\/strong>, \u0218oseaua Gherase, Nr. 58, Sos.Gherase \u00eentre Str.Corabia \u0219i Str.Comarnic, Str.Teofil \u00eentre Sos.Gherase \u0219i Str.Silvia, 09:00 &#8211; 15:00.<\/li>\n<\/ul>\n\n\n\n<p><strong>CITE\u0218TE \u0218I:<\/strong> <a href=\"https:\/\/buletin.de\/bucuresti\/sector-1-complex-educational-de-peste-50-de-milioane-de-euro-propus-in-cartierul-henri-coanda\/\"><strong>Sector 1 | Complex educa\u0163ional de peste 50 de milioane de euro, propus \u00een cartierul Henri Coand\u0103<\/strong><\/a><\/p>\n\n\n\n<h2 class=\"wp-block-heading\" id=\"h-unde-se-intrerupe-furnizarea-de-energie-electrica-nbsp-in-ilfov\"><strong>Unde se \u00eentrerupe furnizarea de energie electric\u0103<\/strong>&nbsp;\u00een Ilfov<\/h2>\n\n\n\n<p><strong>Luni, 04.05.2026<\/strong><\/p>\n\n\n\n<ul class=\"wp-block-list\">\n<li><strong>Pantelimon, <\/strong>Strada Sf\u00e2ntul Gheorghe, Nr 20, Agen\u021bi economici: COMPLEX PALMIPEDE, 09:00 &#8211; 17:00;<\/li>\n\n\n\n<li><strong>Mogo\u0219oaia,<\/strong> str. Colentina, Violetelor, Brazilor, Viilor, Doctor Claudiu T\u0103n\u0103sescu, 8 Martie, Stadionului, 1 Iunie, Viilor, Plantelor \u0219i str\u0103zi adiacente, 09:00 &#8211; 17:00;<\/li>\n\n\n\n<li><strong>Izvorani<\/strong>, str. Nicolae Grigorescu, Gr\u0103dinarilor, Mihai Eminescu, Vintil\u0103 Br\u0103tianu, Complex Olimpic, CAP \u0219i str\u0103zi adiacente, 09:00 &#8211; 17:00.<\/li>\n<\/ul>\n\n\n\n<p><strong>Mar\u021bi, 05.05.2026<\/strong><\/p>\n\n\n\n<ul class=\"wp-block-list\">\n<li><strong>T\u00e2nc\u0103be\u0219ti<\/strong>, str. Bucure\u0219ti-Ploie\u0219ti \u00eentre str. IC B\u0103icoianu \u0219i P\u0103dure Tancabesti, Ion Creang\u0103 \u0219i str\u0103zi adiacente, 09:00 &#8211; 17:00;<\/li>\n\n\n\n<li><strong>Corbeanca<\/strong>, str. Pomilor, Ankara, Belgrad, Berna, Chi\u0219in\u0103u, Sofia, San Marino, Berlin, Amsterdam, Zagreb, Praga, Dublin, Lisabona, Var\u0219ovia \u0219i str\u0103zi adiacente, 09:00 &#8211; 17:00.<\/li>\n<\/ul>\n\n\n\n<p><strong>Miercuri, 06.05.2026<\/strong><\/p>\n\n\n\n<ul class=\"wp-block-list\">\n<li><strong>M\u0103gurele,<\/strong> Strada Inului, 08:00 &#8211; 15:00;<\/li>\n<\/ul>\n\n\n\n<ul class=\"wp-block-list\">\n<li><strong>Corbeanca<\/strong>, Sta\u021bia de betoane Tamasi | Alte detalii: str. Garoafei, Trandafirului, Intrarea Garoafei, Potcovarilor, Unirii, Crinului, Ateneului, Conacului \u0219i str\u0103zi adiacente, str. San Marino, Unirii \u00eentre str. Trandafirilor \u0219i str. Sportului \u0219i str\u0103zi adiacente, Alte detalii: str. Bisericii, Burlacului, C\u0103minului, Tarnaveni, Malu cu Flori, Cartier Hystria, C\u00e2mpului, Atena, Londra, Viena, 09:00 &#8211; 17:00;<\/li>\n\n\n\n<li><strong>Buftea<\/strong>, Agen\u021bi economici: Buftea Family Residence | Alte detalii: Buftea Family Residence 09:00 &#8211; 17:00.<\/li>\n<\/ul>\n\n\n\n<p><strong>Joi, 07.05.2026<\/strong><\/p>\n\n\n\n<ul class=\"wp-block-list\">\n<li><strong>Mogo\u0219oaia<\/strong>, Cartier Ecovillas | Alte detalii: str Halaicului, Tudor Arghezi, SMA Mogo\u0219oaia \u0219i str\u0103zi adiacente, Agen\u021bi economici: Cartier Ecovillas | Alte detalii: str Marin Preda, Tipografilor, Prelungirea Colentina, Zamfirei, Intrarea Tipografilor, Mo\u021bocului, Helesteului, Stupinei, Stadionului, Crinului, 09:00 &#8211; 17:00.<\/li>\n<\/ul>\n\n\n\n<p><strong>Vineri, 08.05.2026<\/strong><\/p>\n\n\n\n<ul class=\"wp-block-list\">\n<li>Moara Vl\u0103siei, str. Unirii \u00eentre str Gemenilor \u0219i str. Drumul Teilor, Libert\u0103\u021bii, Drumul Mic, Virtu\u021bii,Cazanului, Cire\u0219ilor, Merilor, Humorului \u0219i str\u0103zi adiacente, 09:00 &#8211; 17:00.<\/li>\n<\/ul>\n\n\n\n<p><strong>CITE\u0218TE \u0218I:<\/strong> <a href=\"https:\/\/buletin.de\/bucuresti\/reorganizarea-politiei-locale-a-municipiului-bucuresti-zeci-de-posturi-propuse-spre-desfiintare-pana-la-finalul-lunii-iunie\/\"><strong>Reorganizarea Poli\u021biei Locale a Municipiului Bucure\u0219ti. Zeci de posturi propuse spre desfiin\u021bare, p\u00e2n\u0103 la finalul lunii iunie<\/strong><\/a><\/p>\n\n\n\n<h2 class=\"wp-block-heading\" id=\"h-re\u021bele-electrice-muntenia-nbsp-intrerupe-nbsp-curentul-electric-nbsp-in-giurgiu\"><strong>Re\u021bele Electrice Muntenia&nbsp;\u00eentrerupe&nbsp;curentul electric<\/strong>&nbsp;\u00een Giurgiu<\/h2>\n\n\n\n<p>L<strong>uni, 04.05.2026<\/strong><\/p>\n\n\n\n<ul class=\"wp-block-list\">\n<li><strong>Cetatea,<\/strong> Strada G\u0103rii, 09:00 &#8211; 17:00.<\/li>\n\n\n\n<li><strong>Comasca, <\/strong>Str. Principal\u0103, Str. Pandele, Str. Banului, Str. C\u0103r\u0103u\u0219ilor, 09:00 &#8211; 17:00.<\/li>\n\n\n\n<li><strong>Vadu Lat<\/strong>, Agen\u021bi economici: PTA 8565 Gara Vadu Lat, PTA 8378 Transgaz | Alte detalii: toat\u0103 localitatea Obedeni, 09:00 &#8211; 17:00;<\/li>\n\n\n\n<li><strong>Crucea de Piatr\u0103, <\/strong>Str. Dealu Doamnei, Str. Sf. Ilie, Alte detalii: Str. Izlazului, Str. Eternit\u0103\u021bii, Str. Monumentului, 09:00 &#8211; 17:00;<\/li>\n\n\n\n<li><strong>Br\u0103ni\u0219tari<\/strong>, Str. Bisericii, Str. Padinei, Str. Tufanului, Str. Nisipari, DJ411, 09:00 &#8211; 17:00.<\/li>\n<\/ul>\n\n\n\n<p><strong>Mar\u021bi, 05.05.2026<\/strong><\/p>\n\n\n\n<ul class=\"wp-block-list\">\n<li><strong>Comasca, <\/strong>Str. C\u0103r\u0103u\u0219ilor, Str. Principal\u0103, Str. Banului, Str. Pandele, 09:00 &#8211; 17:00;<\/li>\n\n\n\n<li><strong>Br\u0103ni\u0219tari<\/strong>, Str. Tufanului, Str. Padinei, Str. Bisericii, DJ411, Str. Nisipari, 09:00 &#8211; 17:00;<\/li>\n\n\n\n<li><strong>Bolintin-Vale<\/strong>, DJ601E, Nr. Strad\u0103 c\u0103tre Poenari, 09:00 &#8211; 14:00;<\/li>\n\n\n\n<li><strong>Crevedia Mic\u0103<\/strong>, DN61, Nr. 53, Str.Eternit\u0103\u021bii , Pe Deal , Neajlovului , Sos. Principala, 09:00 &#8211; 15:00;<\/li>\n\n\n\n<li><strong>Bolintin-Vale<\/strong>, Strada Republicii, Nr. de la Sabar c\u0103tre Bolintin Deal, Agen\u021bi economici: sp\u0103l\u0103torie auto, benzin\u0103rie, 09:00 &#8211; 17:00;<\/li>\n\n\n\n<li><strong>Cetatea<\/strong>, Strada Sf\u00e2ntul Petru, Str. Poeni\u021bei, 09:00 &#8211; 17:00;<\/li>\n\n\n\n<li><strong>C\u0103scioarele<\/strong>, DC187, Nr. Toat\u0103 localitatea, Alte detalii: Toat\u0103 localitatea, 09:00 &#8211; 17:00.<\/li>\n<\/ul>\n\n\n\n<p><strong>Miercuri, 06.05.2026<\/strong><\/p>\n\n\n\n<ul class=\"wp-block-list\">\n<li><strong>Crucea de Piatr\u0103<\/strong>, Str. Izlazului, Str. Sf. Ilie, Str. Dealu Doamnei, Str. Monumentului,  Str. Eternit\u0103\u021bi, 09:00 &#8211; 17:00.<\/li>\n\n\n\n<li><strong>Crevedia, <\/strong>Mare DN61, Nr 18, Agen\u021bi economici: Profi Crevedia Mare, \u0218coal\u0103 General\u0103, Prim\u0103ria Crevedia Mare | Alte detalii: Str. Bisericii, Branistei, Islazului, 09:00 &#8211; 15:00;<\/li>\n\n\n\n<li><strong>Comasca<\/strong>, Str. Pandele, Str. C\u0103r\u0103u\u0219ilor, Str. Banului, Str. Principal\u0103, 09:00 &#8211; 17:00.<\/li>\n\n\n\n<li><strong>Br\u0103ni\u0219tari<\/strong>, DJ411, Str. Nisipari, Str. Bisericii, Str. Tufanului, Str. Padinei 09:00 &#8211; 17:00;<\/li>\n\n\n\n<li><strong>Cetatea<\/strong>, Strad\u0103 G\u0103rii, Alte detalii: TOAT\u0102 LOCALITATEA CETATEA 09:00 &#8211; 17:00.<\/li>\n<\/ul>\n\n\n\n<p><strong>Joi, 07.05.2026<\/strong><\/p>\n\n\n\n<ul class=\"wp-block-list\">\n<li><strong>C\u0103scioarele<\/strong>, DC187, Nr. Toat\u0103 localitatea, Alte detalii: Toat\u0103 localitatea 09:00 &#8211; 17:00;<\/li>\n\n\n\n<li><strong>Crevedia Mare<\/strong>, Dispensar medical Crevedia Mare, Str. La Munteanu, Cire\u0219ului, Tunari, Drumul P\u0103durarului 09:00 &#8211; 15:00;<\/li>\n\n\n\n<li><strong>Comasca<\/strong>, Str. C\u0103r\u0103u\u0219ilor, Str. Banului, Str. Pandele, Str. Principal\u0103, 09:00 &#8211; 17:00;<\/li>\n\n\n\n<li><strong>Cetatea Strad\u0103 G\u0103rii,<\/strong> TOAT\u0102 LOCALITATEA CETATEA, 09:00 &#8211; 17:00.<\/li>\n<\/ul>\n\n\n\n<p><strong>Vineri, 08.05.2026<\/strong><\/p>\n\n\n\n<ul class=\"wp-block-list\">\n<li><strong>Comasca<\/strong>, Str. C\u0103r\u0103u\u0219ilor, Str. Banului, Str. Pandele, Str. Principal\u0103 09:00 &#8211; 17:00;<\/li>\n\n\n\n<li><strong>Gogo\u0219ari<\/strong>, Str. Ulmilor, Str. Asocia\u021biei, Str. Bobei Constantin, Strad\u0103 Garlei, Str. Veterinarului 09:00 &#8211; 17:00.<\/li>\n<\/ul>\n\n\n\n<p><strong>CITE\u0218TE \u0218I:<\/strong> <a href=\"https:\/\/buletin.de\/bucuresti\/doua-milioane-de-euro-din-bugetul-pmb-pentru-realizarea-registrului-verde\/\"><strong>Dou\u0103 milioane de euro din bugetul PMB pentru realizarea Registrului Verde. Baza de date este esen\u021bial\u0103 pentru protec\u021bia spa\u021biilor verzi<\/strong><\/a><\/p>\n","protected":false},"excerpt":{"rendered":"<p>Se \u00eentrerupe curentul electric \u00een perioada 4 &#8211; 10 mai 2026, \u00een mai multe zone din Bucure\u0219ti, Giurgiu \u0219i Ilfov.&nbsp;Re\u021bele Electrice Muntenia&nbsp;precizeaz\u0103 c\u0103 m\u0103sura este necesar\u0103&nbsp;din cauza lucr\u0103rilor de repara\u021bii, modernizare \u200bsau de mentenan\u021b\u0103, la re\u021beaua electric\u0103. Unde se \u00eentrerupe curentul&nbsp;electric \u00een Bucure\u0219ti Luni, 04.05.2026 Miercuri, 06.05.2026 CITE\u0218TE \u0218I: Sector 1 | Complex educa\u0163ional de [&hellip;]<\/p>\n","protected":false},"author":49,"featured_media":172199,"comment_status":"closed","ping_status":"open","sticky":false,"template":"","format":"standard","meta":{"_acf_changed":false,"inline_featured_image":false,"ngg_post_thumbnail":0,"footnotes":""},"categories":[6994,1,62],"tags":[22275,22277,22276,8443,23192],"ppma_author":[22574],"class_list":["post-190673","post","type-post","status-publish","format-standard","has-post-thumbnail","hentry","category-stiri-2","category-diverse","category-stiri","tag-intrerupere-curent-bucuresti","tag-intrerupere-curent-giurgiu","tag-intrerupere-curent-ilfov","tag-retele-electrice","tag-se-intrerupe-curentul-electric"],"acf":[],"yoast_head":"<!-- This site is optimized with the Yoast SEO Premium plugin v25.3 (Yoast SEO v27.5) - https:\/\/yoast.com\/product\/yoast-seo-premium-wordpress\/ -->\n<title>Se \u00eentrerupe curentul electric \u00een Bucure\u0219ti, Ilfov \u0219i Giurgiu. Re\u021bele Electrice Muntenia anun\u021b\u0103 care sunt zonele afectate - Buletin de Bucure\u0219ti<\/title>\n<meta name=\"description\" content=\"Se \u00eentrerupe curentul electric \u00een perioada 4 - 10 mai 2026, \u00een mai multe zone din Bucure\u0219ti, Giurgiu \u0219i Ilfov.\u00a0\" \/>\n<meta name=\"robots\" content=\"index, follow, max-snippet:-1, max-image-preview:large, max-video-preview:-1\" \/>\n<link rel=\"canonical\" href=\"https:\/\/buletin.de\/bucuresti\/se-intrerupe-curentul-electric-in-bucuresti-si-ilfov-retele-electrice-muntenia-anunta-care-sunt-zonele-afectate-6\/\" \/>\n<meta property=\"og:locale\" content=\"en_GB\" \/>\n<meta property=\"og:type\" content=\"article\" \/>\n<meta property=\"og:title\" content=\"Se \u00eentrerupe curentul electric \u00een Bucure\u0219ti, Ilfov \u0219i Giurgiu. Re\u021bele Electrice Muntenia anun\u021b\u0103 care sunt zonele afectate\" \/>\n<meta property=\"og:description\" content=\"Se \u00eentrerupe curentul electric \u00een perioada 4 - 10 mai 2026, \u00een mai multe zone din Bucure\u0219ti, Giurgiu \u0219i Ilfov.\u00a0\" \/>\n<meta property=\"og:url\" content=\"https:\/\/buletin.de\/bucuresti\/se-intrerupe-curentul-electric-in-bucuresti-si-ilfov-retele-electrice-muntenia-anunta-care-sunt-zonele-afectate-6\/\" \/>\n<meta property=\"og:site_name\" content=\"Buletin de Bucure\u0219ti\" \/>\n<meta property=\"article:publisher\" content=\"https:\/\/www.facebook.com\/buletin.de.buc\" \/>\n<meta property=\"article:published_time\" content=\"2026-05-02T02:00:00+00:00\" \/>\n<meta property=\"og:image\" content=\"https:\/\/buletin.de\/bucuresti\/wp-content\/uploads\/2026\/02\/Retele-Electrice-Muntenia-curentul-electric.jpg\" \/>\n\t<meta property=\"og:image:width\" content=\"1200\" \/>\n\t<meta property=\"og:image:height\" content=\"675\" \/>\n\t<meta property=\"og:image:type\" content=\"image\/jpeg\" \/>\n<meta name=\"author\" content=\"Diana Matei\" \/>\n<meta name=\"twitter:card\" content=\"summary_large_image\" \/>\n<meta name=\"twitter:label1\" content=\"Written by\" \/>\n\t<meta name=\"twitter:data1\" content=\"Diana Matei\" \/>\n\t<meta name=\"twitter:label2\" content=\"Estimated reading time\" \/>\n\t<meta name=\"twitter:data2\" content=\"4 minutes\" \/>\n<script type=\"application\/ld+json\" class=\"yoast-schema-graph\">{\"@context\":\"https:\\\/\\\/schema.org\",\"@graph\":[{\"@type\":\"Article\",\"@id\":\"https:\\\/\\\/buletin.de\\\/bucuresti\\\/se-intrerupe-curentul-electric-in-bucuresti-si-ilfov-retele-electrice-muntenia-anunta-care-sunt-zonele-afectate-6\\\/#article\",\"isPartOf\":{\"@id\":\"https:\\\/\\\/buletin.de\\\/bucuresti\\\/se-intrerupe-curentul-electric-in-bucuresti-si-ilfov-retele-electrice-muntenia-anunta-care-sunt-zonele-afectate-6\\\/\"},\"author\":{\"name\":\"Diana Matei\",\"@id\":\"https:\\\/\\\/buletin.de\\\/bucuresti\\\/#\\\/schema\\\/person\\\/7e46040573290777280a0835d81ea4ea\"},\"headline\":\"Se \u00eentrerupe curentul electric \u00een Bucure\u0219ti, Ilfov \u0219i Giurgiu. Re\u021bele Electrice Muntenia anun\u021b\u0103 care sunt zonele afectate\",\"datePublished\":\"2026-05-02T02:00:00+00:00\",\"mainEntityOfPage\":{\"@id\":\"https:\\\/\\\/buletin.de\\\/bucuresti\\\/se-intrerupe-curentul-electric-in-bucuresti-si-ilfov-retele-electrice-muntenia-anunta-care-sunt-zonele-afectate-6\\\/\"},\"wordCount\":877,\"publisher\":{\"@id\":\"https:\\\/\\\/buletin.de\\\/bucuresti\\\/#organization\"},\"image\":{\"@id\":\"https:\\\/\\\/buletin.de\\\/bucuresti\\\/se-intrerupe-curentul-electric-in-bucuresti-si-ilfov-retele-electrice-muntenia-anunta-care-sunt-zonele-afectate-6\\\/#primaryimage\"},\"thumbnailUrl\":\"https:\\\/\\\/buletin.de\\\/bucuresti\\\/wp-content\\\/uploads\\\/2026\\\/02\\\/Retele-Electrice-Muntenia-curentul-electric.jpg\",\"keywords\":[\"intrerupere curent Bucuresti\",\"Intrerupere curent Giurgiu\",\"intrerupere curent Ilfov\",\"retele electrice\",\"se intrerupe curentul electric\"],\"articleSection\":[\"Articole\",\"Diverse\",\"\u0218tiri\"],\"inLanguage\":\"en-GB\",\"copyrightYear\":\"2026\",\"copyrightHolder\":{\"@id\":\"https:\\\/\\\/buletin.de\\\/bucuresti\\\/#organization\"}},{\"@type\":\"WebPage\",\"@id\":\"https:\\\/\\\/buletin.de\\\/bucuresti\\\/se-intrerupe-curentul-electric-in-bucuresti-si-ilfov-retele-electrice-muntenia-anunta-care-sunt-zonele-afectate-6\\\/\",\"url\":\"https:\\\/\\\/buletin.de\\\/bucuresti\\\/se-intrerupe-curentul-electric-in-bucuresti-si-ilfov-retele-electrice-muntenia-anunta-care-sunt-zonele-afectate-6\\\/\",\"name\":\"Se \u00eentrerupe curentul electric \u00een Bucure\u0219ti, Ilfov \u0219i Giurgiu. Re\u021bele Electrice Muntenia anun\u021b\u0103 care sunt zonele afectate - Buletin de Bucure\u0219ti\",\"isPartOf\":{\"@id\":\"https:\\\/\\\/buletin.de\\\/bucuresti\\\/#website\"},\"primaryImageOfPage\":{\"@id\":\"https:\\\/\\\/buletin.de\\\/bucuresti\\\/se-intrerupe-curentul-electric-in-bucuresti-si-ilfov-retele-electrice-muntenia-anunta-care-sunt-zonele-afectate-6\\\/#primaryimage\"},\"image\":{\"@id\":\"https:\\\/\\\/buletin.de\\\/bucuresti\\\/se-intrerupe-curentul-electric-in-bucuresti-si-ilfov-retele-electrice-muntenia-anunta-care-sunt-zonele-afectate-6\\\/#primaryimage\"},\"thumbnailUrl\":\"https:\\\/\\\/buletin.de\\\/bucuresti\\\/wp-content\\\/uploads\\\/2026\\\/02\\\/Retele-Electrice-Muntenia-curentul-electric.jpg\",\"datePublished\":\"2026-05-02T02:00:00+00:00\",\"description\":\"Se \u00eentrerupe curentul electric \u00een perioada 4 - 10 mai 2026, \u00een mai multe zone din Bucure\u0219ti, Giurgiu \u0219i Ilfov.\u00a0\",\"breadcrumb\":{\"@id\":\"https:\\\/\\\/buletin.de\\\/bucuresti\\\/se-intrerupe-curentul-electric-in-bucuresti-si-ilfov-retele-electrice-muntenia-anunta-care-sunt-zonele-afectate-6\\\/#breadcrumb\"},\"inLanguage\":\"en-GB\",\"potentialAction\":[{\"@type\":\"ReadAction\",\"target\":[\"https:\\\/\\\/buletin.de\\\/bucuresti\\\/se-intrerupe-curentul-electric-in-bucuresti-si-ilfov-retele-electrice-muntenia-anunta-care-sunt-zonele-afectate-6\\\/\"]}]},{\"@type\":\"ImageObject\",\"inLanguage\":\"en-GB\",\"@id\":\"https:\\\/\\\/buletin.de\\\/bucuresti\\\/se-intrerupe-curentul-electric-in-bucuresti-si-ilfov-retele-electrice-muntenia-anunta-care-sunt-zonele-afectate-6\\\/#primaryimage\",\"url\":\"https:\\\/\\\/buletin.de\\\/bucuresti\\\/wp-content\\\/uploads\\\/2026\\\/02\\\/Retele-Electrice-Muntenia-curentul-electric.jpg\",\"contentUrl\":\"https:\\\/\\\/buletin.de\\\/bucuresti\\\/wp-content\\\/uploads\\\/2026\\\/02\\\/Retele-Electrice-Muntenia-curentul-electric.jpg\",\"width\":1200,\"height\":675,\"caption\":\"Se \u00eentrerupe curentul electric \u00een Bucure\u0219ti \u0219i Ilfov. Re\u021bele Electrice Muntenia anun\u021b\u0103 care sunt zonele afectate. Foto: reteleelectrice.ro.\"},{\"@type\":\"BreadcrumbList\",\"@id\":\"https:\\\/\\\/buletin.de\\\/bucuresti\\\/se-intrerupe-curentul-electric-in-bucuresti-si-ilfov-retele-electrice-muntenia-anunta-care-sunt-zonele-afectate-6\\\/#breadcrumb\",\"itemListElement\":[{\"@type\":\"ListItem\",\"position\":1,\"name\":\"Acas\u0103\",\"item\":\"https:\\\/\\\/buletin.de\\\/bucuresti\\\/\"},{\"@type\":\"ListItem\",\"position\":2,\"name\":\"Se \u00eentrerupe curentul electric \u00een Bucure\u0219ti, Ilfov \u0219i Giurgiu. Re\u021bele Electrice Muntenia anun\u021b\u0103 care sunt zonele afectate\"}]},{\"@type\":\"WebSite\",\"@id\":\"https:\\\/\\\/buletin.de\\\/bucuresti\\\/#website\",\"url\":\"https:\\\/\\\/buletin.de\\\/bucuresti\\\/\",\"name\":\"Buletin de Bucure\u0219ti\",\"description\":\"\u0218tiri \u0219i investiga\u021bii esen\u021biale din capital\u0103\",\"publisher\":{\"@id\":\"https:\\\/\\\/buletin.de\\\/bucuresti\\\/#organization\"},\"potentialAction\":[{\"@type\":\"SearchAction\",\"target\":{\"@type\":\"EntryPoint\",\"urlTemplate\":\"https:\\\/\\\/buletin.de\\\/bucuresti\\\/?s={search_term_string}\"},\"query-input\":{\"@type\":\"PropertyValueSpecification\",\"valueRequired\":true,\"valueName\":\"search_term_string\"}}],\"inLanguage\":\"en-GB\"},{\"@type\":\"Organization\",\"@id\":\"https:\\\/\\\/buletin.de\\\/bucuresti\\\/#organization\",\"name\":\"Buletin de Bucure\u0219ti\",\"url\":\"https:\\\/\\\/buletin.de\\\/bucuresti\\\/\",\"logo\":{\"@type\":\"ImageObject\",\"inLanguage\":\"en-GB\",\"@id\":\"https:\\\/\\\/buletin.de\\\/bucuresti\\\/#\\\/schema\\\/logo\\\/image\\\/\",\"url\":\"https:\\\/\\\/buletin.de\\\/bucuresti\\\/wp-content\\\/uploads\\\/logo-bdb-full-wide-vernil-transparent.png\",\"contentUrl\":\"https:\\\/\\\/buletin.de\\\/bucuresti\\\/wp-content\\\/uploads\\\/logo-bdb-full-wide-vernil-transparent.png\",\"width\":1782,\"height\":626,\"caption\":\"Buletin de Bucure\u0219ti\"},\"image\":{\"@id\":\"https:\\\/\\\/buletin.de\\\/bucuresti\\\/#\\\/schema\\\/logo\\\/image\\\/\"},\"sameAs\":[\"https:\\\/\\\/www.facebook.com\\\/buletin.de.buc\",\"https:\\\/\\\/www.instagram.com\\\/buletinde.bucuresti\\\/\"]},{\"@type\":\"Person\",\"@id\":\"https:\\\/\\\/buletin.de\\\/bucuresti\\\/#\\\/schema\\\/person\\\/7e46040573290777280a0835d81ea4ea\",\"name\":\"Diana Matei\",\"image\":{\"@type\":\"ImageObject\",\"inLanguage\":\"en-GB\",\"@id\":\"https:\\\/\\\/buletin.de\\\/bucuresti\\\/wp-content\\\/uploads\\\/9-2-96x96.jpg1e8590b30871d70e62ebcdaf2eff570c\",\"url\":\"https:\\\/\\\/buletin.de\\\/bucuresti\\\/wp-content\\\/uploads\\\/9-2-96x96.jpg\",\"contentUrl\":\"https:\\\/\\\/buletin.de\\\/bucuresti\\\/wp-content\\\/uploads\\\/9-2-96x96.jpg\",\"caption\":\"Diana Matei\"},\"url\":\"https:\\\/\\\/buletin.de\\\/bucuresti\\\/author\\\/dianamatei\\\/\"}]}<\/script>\n<!-- \/ Yoast SEO Premium plugin. -->","yoast_head_json":{"title":"Se \u00eentrerupe curentul electric \u00een Bucure\u0219ti, Ilfov \u0219i Giurgiu. Re\u021bele Electrice Muntenia anun\u021b\u0103 care sunt zonele afectate - Buletin de Bucure\u0219ti","description":"Se \u00eentrerupe curentul electric \u00een perioada 4 - 10 mai 2026, \u00een mai multe zone din Bucure\u0219ti, Giurgiu \u0219i Ilfov.\u00a0","robots":{"index":"index","follow":"follow","max-snippet":"max-snippet:-1","max-image-preview":"max-image-preview:large","max-video-preview":"max-video-preview:-1"},"canonical":"https:\/\/buletin.de\/bucuresti\/se-intrerupe-curentul-electric-in-bucuresti-si-ilfov-retele-electrice-muntenia-anunta-care-sunt-zonele-afectate-6\/","og_locale":"en_GB","og_type":"article","og_title":"Se \u00eentrerupe curentul electric \u00een Bucure\u0219ti, Ilfov \u0219i Giurgiu. Re\u021bele Electrice Muntenia anun\u021b\u0103 care sunt zonele afectate","og_description":"Se \u00eentrerupe curentul electric \u00een perioada 4 - 10 mai 2026, \u00een mai multe zone din Bucure\u0219ti, Giurgiu \u0219i Ilfov.\u00a0","og_url":"https:\/\/buletin.de\/bucuresti\/se-intrerupe-curentul-electric-in-bucuresti-si-ilfov-retele-electrice-muntenia-anunta-care-sunt-zonele-afectate-6\/","og_site_name":"Buletin de Bucure\u0219ti","article_publisher":"https:\/\/www.facebook.com\/buletin.de.buc","article_published_time":"2026-05-02T02:00:00+00:00","og_image":[{"width":1200,"height":675,"url":"https:\/\/buletin.de\/bucuresti\/wp-content\/uploads\/2026\/02\/Retele-Electrice-Muntenia-curentul-electric.jpg","type":"image\/jpeg"}],"author":"Diana Matei","twitter_card":"summary_large_image","twitter_misc":{"Written by":"Diana Matei","Estimated reading time":"4 minutes"},"schema":{"@context":"https:\/\/schema.org","@graph":[{"@type":"Article","@id":"https:\/\/buletin.de\/bucuresti\/se-intrerupe-curentul-electric-in-bucuresti-si-ilfov-retele-electrice-muntenia-anunta-care-sunt-zonele-afectate-6\/#article","isPartOf":{"@id":"https:\/\/buletin.de\/bucuresti\/se-intrerupe-curentul-electric-in-bucuresti-si-ilfov-retele-electrice-muntenia-anunta-care-sunt-zonele-afectate-6\/"},"author":{"name":"Diana Matei","@id":"https:\/\/buletin.de\/bucuresti\/#\/schema\/person\/7e46040573290777280a0835d81ea4ea"},"headline":"Se \u00eentrerupe curentul electric \u00een Bucure\u0219ti, Ilfov \u0219i Giurgiu. Re\u021bele Electrice Muntenia anun\u021b\u0103 care sunt zonele afectate","datePublished":"2026-05-02T02:00:00+00:00","mainEntityOfPage":{"@id":"https:\/\/buletin.de\/bucuresti\/se-intrerupe-curentul-electric-in-bucuresti-si-ilfov-retele-electrice-muntenia-anunta-care-sunt-zonele-afectate-6\/"},"wordCount":877,"publisher":{"@id":"https:\/\/buletin.de\/bucuresti\/#organization"},"image":{"@id":"https:\/\/buletin.de\/bucuresti\/se-intrerupe-curentul-electric-in-bucuresti-si-ilfov-retele-electrice-muntenia-anunta-care-sunt-zonele-afectate-6\/#primaryimage"},"thumbnailUrl":"https:\/\/buletin.de\/bucuresti\/wp-content\/uploads\/2026\/02\/Retele-Electrice-Muntenia-curentul-electric.jpg","keywords":["intrerupere curent Bucuresti","Intrerupere curent Giurgiu","intrerupere curent Ilfov","retele electrice","se intrerupe curentul electric"],"articleSection":["Articole","Diverse","\u0218tiri"],"inLanguage":"en-GB","copyrightYear":"2026","copyrightHolder":{"@id":"https:\/\/buletin.de\/bucuresti\/#organization"}},{"@type":"WebPage","@id":"https:\/\/buletin.de\/bucuresti\/se-intrerupe-curentul-electric-in-bucuresti-si-ilfov-retele-electrice-muntenia-anunta-care-sunt-zonele-afectate-6\/","url":"https:\/\/buletin.de\/bucuresti\/se-intrerupe-curentul-electric-in-bucuresti-si-ilfov-retele-electrice-muntenia-anunta-care-sunt-zonele-afectate-6\/","name":"Se \u00eentrerupe curentul electric \u00een Bucure\u0219ti, Ilfov \u0219i Giurgiu. Re\u021bele Electrice Muntenia anun\u021b\u0103 care sunt zonele afectate - Buletin de Bucure\u0219ti","isPartOf":{"@id":"https:\/\/buletin.de\/bucuresti\/#website"},"primaryImageOfPage":{"@id":"https:\/\/buletin.de\/bucuresti\/se-intrerupe-curentul-electric-in-bucuresti-si-ilfov-retele-electrice-muntenia-anunta-care-sunt-zonele-afectate-6\/#primaryimage"},"image":{"@id":"https:\/\/buletin.de\/bucuresti\/se-intrerupe-curentul-electric-in-bucuresti-si-ilfov-retele-electrice-muntenia-anunta-care-sunt-zonele-afectate-6\/#primaryimage"},"thumbnailUrl":"https:\/\/buletin.de\/bucuresti\/wp-content\/uploads\/2026\/02\/Retele-Electrice-Muntenia-curentul-electric.jpg","datePublished":"2026-05-02T02:00:00+00:00","description":"Se \u00eentrerupe curentul electric \u00een perioada 4 - 10 mai 2026, \u00een mai multe zone din Bucure\u0219ti, Giurgiu \u0219i Ilfov.\u00a0","breadcrumb":{"@id":"https:\/\/buletin.de\/bucuresti\/se-intrerupe-curentul-electric-in-bucuresti-si-ilfov-retele-electrice-muntenia-anunta-care-sunt-zonele-afectate-6\/#breadcrumb"},"inLanguage":"en-GB","potentialAction":[{"@type":"ReadAction","target":["https:\/\/buletin.de\/bucuresti\/se-intrerupe-curentul-electric-in-bucuresti-si-ilfov-retele-electrice-muntenia-anunta-care-sunt-zonele-afectate-6\/"]}]},{"@type":"ImageObject","inLanguage":"en-GB","@id":"https:\/\/buletin.de\/bucuresti\/se-intrerupe-curentul-electric-in-bucuresti-si-ilfov-retele-electrice-muntenia-anunta-care-sunt-zonele-afectate-6\/#primaryimage","url":"https:\/\/buletin.de\/bucuresti\/wp-content\/uploads\/2026\/02\/Retele-Electrice-Muntenia-curentul-electric.jpg","contentUrl":"https:\/\/buletin.de\/bucuresti\/wp-content\/uploads\/2026\/02\/Retele-Electrice-Muntenia-curentul-electric.jpg","width":1200,"height":675,"caption":"Se \u00eentrerupe curentul electric \u00een Bucure\u0219ti \u0219i Ilfov. Re\u021bele Electrice Muntenia anun\u021b\u0103 care sunt zonele afectate. Foto: reteleelectrice.ro."},{"@type":"BreadcrumbList","@id":"https:\/\/buletin.de\/bucuresti\/se-intrerupe-curentul-electric-in-bucuresti-si-ilfov-retele-electrice-muntenia-anunta-care-sunt-zonele-afectate-6\/#breadcrumb","itemListElement":[{"@type":"ListItem","position":1,"name":"Acas\u0103","item":"https:\/\/buletin.de\/bucuresti\/"},{"@type":"ListItem","position":2,"name":"Se \u00eentrerupe curentul electric \u00een Bucure\u0219ti, Ilfov \u0219i Giurgiu. Re\u021bele Electrice Muntenia anun\u021b\u0103 care sunt zonele afectate"}]},{"@type":"WebSite","@id":"https:\/\/buletin.de\/bucuresti\/#website","url":"https:\/\/buletin.de\/bucuresti\/","name":"Buletin de Bucure\u0219ti","description":"\u0218tiri \u0219i investiga\u021bii esen\u021biale din capital\u0103","publisher":{"@id":"https:\/\/buletin.de\/bucuresti\/#organization"},"potentialAction":[{"@type":"SearchAction","target":{"@type":"EntryPoint","urlTemplate":"https:\/\/buletin.de\/bucuresti\/?s={search_term_string}"},"query-input":{"@type":"PropertyValueSpecification","valueRequired":true,"valueName":"search_term_string"}}],"inLanguage":"en-GB"},{"@type":"Organization","@id":"https:\/\/buletin.de\/bucuresti\/#organization","name":"Buletin de Bucure\u0219ti","url":"https:\/\/buletin.de\/bucuresti\/","logo":{"@type":"ImageObject","inLanguage":"en-GB","@id":"https:\/\/buletin.de\/bucuresti\/#\/schema\/logo\/image\/","url":"https:\/\/buletin.de\/bucuresti\/wp-content\/uploads\/logo-bdb-full-wide-vernil-transparent.png","contentUrl":"https:\/\/buletin.de\/bucuresti\/wp-content\/uploads\/logo-bdb-full-wide-vernil-transparent.png","width":1782,"height":626,"caption":"Buletin de Bucure\u0219ti"},"image":{"@id":"https:\/\/buletin.de\/bucuresti\/#\/schema\/logo\/image\/"},"sameAs":["https:\/\/www.facebook.com\/buletin.de.buc","https:\/\/www.instagram.com\/buletinde.bucuresti\/"]},{"@type":"Person","@id":"https:\/\/buletin.de\/bucuresti\/#\/schema\/person\/7e46040573290777280a0835d81ea4ea","name":"Diana Matei","image":{"@type":"ImageObject","inLanguage":"en-GB","@id":"https:\/\/buletin.de\/bucuresti\/wp-content\/uploads\/9-2-96x96.jpg1e8590b30871d70e62ebcdaf2eff570c","url":"https:\/\/buletin.de\/bucuresti\/wp-content\/uploads\/9-2-96x96.jpg","contentUrl":"https:\/\/buletin.de\/bucuresti\/wp-content\/uploads\/9-2-96x96.jpg","caption":"Diana Matei"},"url":"https:\/\/buletin.de\/bucuresti\/author\/dianamatei\/"}]}},"authors":[{"term_id":22574,"user_id":49,"is_guest":0,"slug":"dianamatei","display_name":"Diana Matei","avatar_url":"https:\/\/buletin.de\/bucuresti\/wp-content\/uploads\/9-2-96x96.jpg","0":null,"1":"","2":"","3":"","4":"","5":"","6":"","7":"","8":""}],"_links":{"self":[{"href":"https:\/\/buletin.de\/bucuresti\/wp-json\/wp\/v2\/posts\/190673","targetHints":{"allow":["GET"]}}],"collection":[{"href":"https:\/\/buletin.de\/bucuresti\/wp-json\/wp\/v2\/posts"}],"about":[{"href":"https:\/\/buletin.de\/bucuresti\/wp-json\/wp\/v2\/types\/post"}],"author":[{"embeddable":true,"href":"https:\/\/buletin.de\/bucuresti\/wp-json\/wp\/v2\/users\/49"}],"replies":[{"embeddable":true,"href":"https:\/\/buletin.de\/bucuresti\/wp-json\/wp\/v2\/comments?post=190673"}],"version-history":[{"count":9,"href":"https:\/\/buletin.de\/bucuresti\/wp-json\/wp\/v2\/posts\/190673\/revisions"}],"predecessor-version":[{"id":190697,"href":"https:\/\/buletin.de\/bucuresti\/wp-json\/wp\/v2\/posts\/190673\/revisions\/190697"}],"wp:featuredmedia":[{"embeddable":true,"href":"https:\/\/buletin.de\/bucuresti\/wp-json\/wp\/v2\/media\/172199"}],"wp:attachment":[{"href":"https:\/\/buletin.de\/bucuresti\/wp-json\/wp\/v2\/media?parent=190673"}],"wp:term":[{"taxonomy":"category","embeddable":true,"href":"https:\/\/buletin.de\/bucuresti\/wp-json\/wp\/v2\/categories?post=190673"},{"taxonomy":"post_tag","embeddable":true,"href":"https:\/\/buletin.de\/bucuresti\/wp-json\/wp\/v2\/tags?post=190673"},{"taxonomy":"author","embeddable":true,"href":"https:\/\/buletin.de\/bucuresti\/wp-json\/wp\/v2\/ppma_author?post=190673"}],"curies":[{"name":"wp","href":"https:\/\/api.w.org\/{rel}","templated":true}]}}