{"id":190656,"date":"2026-05-01T18:50:05","date_gmt":"2026-05-01T15:50:05","guid":{"rendered":"https:\/\/buletin.de\/bucuresti\/?p=190656"},"modified":"2026-05-01T18:57:26","modified_gmt":"2026-05-01T15:57:26","slug":"sanctiuni-maxime-pentru-cabinetul-din-bucuresti-unde-o-pacienta-a-murit-in-urma-unei-interventii-estetice-ministerul-sanatatii-a-descoperit-mai-multe-nereguli","status":"publish","type":"post","link":"https:\/\/buletin.de\/bucuresti\/sanctiuni-maxime-pentru-cabinetul-din-bucuresti-unde-o-pacienta-a-murit-in-urma-unei-interventii-estetice-ministerul-sanatatii-a-descoperit-mai-multe-nereguli\/","title":{"rendered":"Sanc\u021biuni maxime pentru cabinetul din Bucure\u0219ti unde o pacient\u0103 a murit \u00een urma unei interven\u021bii estetice. Ministerul S\u0103n\u0103t\u0103\u021bii a descoperit mai multe nereguli"},"content":{"rendered":"\n<p><strong>Ministerul S\u0103n\u0103t\u0103\u021bii a aplicat sanc\u021biuni maxime \u00een cazul cabinetului privat unde o pacient\u0103 a decedat \u00een urma unei interven\u021bii, potrivit unui <a href=\"https:\/\/ms.ro\/ro\/centrul-de-presa\/sanc%C8%9Biuni-maxime-%C3%AEn-cazul-cabinetului-privat-din-capital%C4%83\/\" type=\"link\" id=\"https:\/\/ms.ro\/ro\/centrul-de-presa\/sanc%C8%9Biuni-maxime-%C3%AEn-cazul-cabinetului-privat-din-capital%C4%83\/\" target=\"_blank\" rel=\"noreferrer noopener\">comunicat<\/a>. <\/strong><\/p>\n\n\n\n<p><strong>Dup\u0103 ce i-a fost realizat\u0103 o procedur\u0103 estetic\u0103, pacienta a intrat \u00een com\u0103 cerebral\u0103, apoi a murit.<\/strong> Inspec\u021bia Sanitar\u0103 a fost trimis\u0103 \u00een control, ini\u021biat de ministrul interimar al S\u0103n\u0103t\u0103\u021bii, Cseke Attila, la cabinetul medical, \u00ee n urm\u0103 cu c\u00e2teva zile. <\/p>\n\n\n\n<h2 class=\"wp-block-heading\" id=\"h-cabinetul-din-bucure\u0219ti-unde-o-pacienta-a-murit-in-urma-unui-lifting-facial-a-fost-sanc\u021bionat\">Cabinetul din Bucure\u0219ti unde o pacient\u0103 a murit \u00een urma unui lifting facial a fost sanc\u021bionat<\/h2>\n\n\n\n<p>Echipa de control s-a deplasat la loca\u021bia cabinetului medical, \u00eens\u0103 inspectorii sanitari au constat c\u0103 acesta era \u00eenchis, iar verific\u0103rile nu au putut fi demarate. Ministerul S\u0103n\u0103t\u0103\u021bii a anun\u021bat, atunci, c\u0103 inspectorii vor verifica mai multe aspecte, atunci c\u00e2nd va fi permis accesul \u00een incinta cabinetului. <\/p>\n\n\n\n<p><strong>\u00cen urma demersurilor, inspectorii sanitari au reu\u0219it s\u0103 efectueze controlul, conform atribu\u021biilor legale, potrivit comunicatului emis de Ministerul S\u0103n\u0103t\u0103\u021bii. <\/strong><\/p>\n\n\n\n<p><strong>Pentru neregulile grave constatate, inspectorii sanitari au decis \u00eenchiderea cabinetului medical \u0219i ridicarea Autoriza\u021biei Sanitare de Func\u021bionare. <\/strong>\u00cen plus, au fost aplicate mai multe amenzi, \u00een cumul de <strong>70.000 de lei<\/strong>, conform HG 857\/2011, pentru:<\/p>\n\n\n\n<ul class=\"wp-block-list\">\n<li>\u200bDeficien\u021be majore \u00een procesul de sterilizare a instrumentarului medical.<\/li>\n\n\n\n<li>Nerespectarea dot\u0103rilor obligatorii \u0219i a circuitelor func\u021bionale.<\/li>\n\n\n\n<li>\u00cenc\u0103lcarea normelor de igien\u0103 \u0219i a protocoalelor de dezinfec\u021bie.<\/li>\n<\/ul>\n\n\n\n<p>CITE\u0218TE \u0218I <a href=\"https:\/\/buletin.de\/bucuresti\/verificari-la-un-cabinet-din-bucuresti-dupa-ce-o-femeie-a-intrat-in-coma-si-a-murit-ministerul-sanatatii-a-trimis-inspectia-sanitara-in-control\/\" target=\"_blank\" rel=\"noreferrer noopener\">Ministerul S\u0103n\u0103t\u0103\u021bii verific\u0103 un cabinet de chirurgie estetic\u0103 din Bucure\u0219ti, dup\u0103 ce o femeie a intrat \u00een com\u0103 \u0219i a murit<\/a><\/p>\n\n\n\n<h2 class=\"wp-block-heading\" id=\"h-pacienta-a-decedat-in-urma-unui-lifting-facial\">Pacienta a decedat \u00een urma unui lifting facial <\/h2>\n\n\n\n<p>Pacienta, o femeie \u00een v\u00e2rst\u0103 de 45 de ani, a venit la cabinetul din Bucure\u0219ti din R\u00e2mnicu V\u00e2lcea, pentru realizarea unui lifting facial, o procedur\u0103 estetic\u0103 comun\u0103. \u00cen timpul procedurii, ceva nu a mers bine, iar medicul a chemat ambulan\u021ba, conform<a href=\"https:\/\/observatornews.ro\/sanatate\/acuzatii-pentru-un-medic-din-capitala-o-femeie-a-ajuns-in-in-moarte-cerebrala-dupa-o-interventie-banala-652715.html\" type=\"link\" id=\"https:\/\/observatornews.ro\/sanatate\/acuzatii-pentru-un-medic-din-capitala-o-femeie-a-ajuns-in-in-moarte-cerebrala-dupa-o-interventie-banala-652715.html\" target=\"_blank\" rel=\"noreferrer noopener\"> ObservatorNews.ro<\/a>.<\/p>\n\n\n\n<p>Femeia a fost transportat\u0103 la la Spitalul de Urgen\u021b\u0103 Floreasca, fiind \u00eenc\u0103 con\u0219tient\u0103. Dup\u0103 efectuarea unui CT, medicii au descoperit o s\u00e2ngerare \u00een cutia cranian\u0103 a pacientei, cauzat\u0103 cel mai probabil de ruperea unui vas de s\u00e2nge.<\/p>\n\n\n\n<p>Aceasta a fost transferat\u0103 apoi de urgen\u021b\u0103 la Institutul de Boli Cerebrovasculare, \u00eens\u0103 a intrat \u00een com\u0103 cerebral\u0103. A fost \u021binut\u0103 \u00een via\u021b\u0103 de aparate timp de mai multe zile, dup\u0103 care a decedat. <\/p>\n\n\n\n<p>CITE\u0218TE \u0218I <a href=\"https:\/\/buletin.de\/bucuresti\/romprest-respinge-propunerea-sectorului-1-de-a-plati-esalonat-datoria-istorica-de-peste-184-de-milioane-de-lei-si-diminueaza-va-strange-mai-rar-gunoiul-de-pe-strazi\/\" target=\"_blank\" rel=\"noreferrer noopener\">Romprest respinge propunerea Sectorului 1 de a pl\u0103ti e\u0219alonat datoria istoric\u0103 de peste 184 de milioane de lei \u0219i din nou va str\u00e2nge mai rar gunoiul de pe str\u0103zi<\/a><\/p>\n","protected":false},"excerpt":{"rendered":"<p>Ministerul S\u0103n\u0103t\u0103\u021bii a aplicat sanc\u021biuni maxime \u00een cazul cabinetului privat unde o pacient\u0103 a decedat \u00een urma unei interven\u021bii, potrivit unui comunicat. Dup\u0103 ce i-a fost realizat\u0103 o procedur\u0103 estetic\u0103, pacienta a intrat \u00een com\u0103 cerebral\u0103, apoi a murit. Inspec\u021bia Sanitar\u0103 a fost trimis\u0103 \u00een control, ini\u021biat de ministrul interimar al S\u0103n\u0103t\u0103\u021bii, Cseke Attila, la [&hellip;]<\/p>\n","protected":false},"author":65,"featured_media":190667,"comment_status":"closed","ping_status":"open","sticky":false,"template":"","format":"standard","meta":{"_acf_changed":false,"inline_featured_image":false,"ngg_post_thumbnail":0,"footnotes":""},"categories":[6994,9026,4,62],"tags":[13735,2337,561,3221,28018,976],"ppma_author":[23912],"class_list":["post-190656","post","type-post","status-publish","format-standard","has-post-thumbnail","hentry","category-stiri-2","category-eveniment","category-sanatate","category-stiri","tag-cabinet-medical","tag-control","tag-ministerul-sanatatii","tag-nereguli","tag-pacienta-decedata","tag-sanctiuni"],"acf":[],"yoast_head":"<!-- This site is optimized with the Yoast SEO Premium plugin v25.3 (Yoast SEO v27.5) - https:\/\/yoast.com\/product\/yoast-seo-premium-wordpress\/ -->\n<title>Sanc\u021biuni maxime pentru cabinetul din Bucure\u0219ti unde o pacient\u0103 a murit \u00een urma unei interven\u021bii estetice. Ministerul S\u0103n\u0103t\u0103\u021bii a descoperit mai multe nereguli - Buletin de Bucure\u0219ti<\/title>\n<meta name=\"description\" content=\"Ministerul S\u0103n\u0103t\u0103\u021bii a aplicat sanc\u021biuni maxime \u00een cazul cabinetului privat unde o pacient\u0103 a decedat \u00een urma unei interven\u021bii.\" \/>\n<meta name=\"robots\" content=\"index, follow, max-snippet:-1, max-image-preview:large, max-video-preview:-1\" \/>\n<link rel=\"canonical\" href=\"https:\/\/buletin.de\/bucuresti\/sanctiuni-maxime-pentru-cabinetul-din-bucuresti-unde-o-pacienta-a-murit-in-urma-unei-interventii-estetice-ministerul-sanatatii-a-descoperit-mai-multe-nereguli\/\" \/>\n<meta property=\"og:locale\" content=\"en_GB\" \/>\n<meta property=\"og:type\" content=\"article\" \/>\n<meta property=\"og:title\" content=\"Sanc\u021biuni maxime pentru cabinetul din Bucure\u0219ti unde o pacient\u0103 a murit \u00een urma unei interven\u021bii estetice. Ministerul S\u0103n\u0103t\u0103\u021bii a descoperit mai multe nereguli\" \/>\n<meta property=\"og:description\" content=\"Ministerul S\u0103n\u0103t\u0103\u021bii a aplicat sanc\u021biuni maxime \u00een cazul cabinetului privat unde o pacient\u0103 a decedat \u00een urma unei interven\u021bii.\" \/>\n<meta property=\"og:url\" content=\"https:\/\/buletin.de\/bucuresti\/sanctiuni-maxime-pentru-cabinetul-din-bucuresti-unde-o-pacienta-a-murit-in-urma-unei-interventii-estetice-ministerul-sanatatii-a-descoperit-mai-multe-nereguli\/\" \/>\n<meta property=\"og:site_name\" content=\"Buletin de Bucure\u0219ti\" \/>\n<meta property=\"article:publisher\" content=\"https:\/\/www.facebook.com\/buletin.de.buc\" \/>\n<meta property=\"article:published_time\" content=\"2026-05-01T15:50:05+00:00\" \/>\n<meta property=\"article:modified_time\" content=\"2026-05-01T15:57:26+00:00\" \/>\n<meta property=\"og:image\" content=\"https:\/\/buletin.de\/bucuresti\/wp-content\/uploads\/2026\/05\/Ministerul-Sanatatii-sanctiuni-cabinetul-pacienta-decedata.jpg\" \/>\n\t<meta property=\"og:image:width\" content=\"1200\" \/>\n\t<meta property=\"og:image:height\" content=\"650\" \/>\n\t<meta property=\"og:image:type\" content=\"image\/jpeg\" \/>\n<meta name=\"author\" content=\"Andreea St\u0103n\u0103r\u00eeng\u0103\" \/>\n<meta name=\"twitter:card\" content=\"summary_large_image\" \/>\n<meta name=\"twitter:label1\" content=\"Written by\" \/>\n\t<meta name=\"twitter:data1\" content=\"Andreea St\u0103n\u0103r\u00eeng\u0103\" \/>\n\t<meta name=\"twitter:label2\" content=\"Estimated reading time\" \/>\n\t<meta name=\"twitter:data2\" content=\"2 minutes\" \/>\n<script type=\"application\/ld+json\" class=\"yoast-schema-graph\">{\"@context\":\"https:\\\/\\\/schema.org\",\"@graph\":[{\"@type\":\"Article\",\"@id\":\"https:\\\/\\\/buletin.de\\\/bucuresti\\\/sanctiuni-maxime-pentru-cabinetul-din-bucuresti-unde-o-pacienta-a-murit-in-urma-unei-interventii-estetice-ministerul-sanatatii-a-descoperit-mai-multe-nereguli\\\/#article\",\"isPartOf\":{\"@id\":\"https:\\\/\\\/buletin.de\\\/bucuresti\\\/sanctiuni-maxime-pentru-cabinetul-din-bucuresti-unde-o-pacienta-a-murit-in-urma-unei-interventii-estetice-ministerul-sanatatii-a-descoperit-mai-multe-nereguli\\\/\"},\"author\":{\"name\":\"Andreea St\u0103n\u0103r\u00eeng\u0103\",\"@id\":\"https:\\\/\\\/buletin.de\\\/bucuresti\\\/#\\\/schema\\\/person\\\/81421a46fb84a0887cfd2238f5202586\"},\"headline\":\"Sanc\u021biuni maxime pentru cabinetul din Bucure\u0219ti unde o pacient\u0103 a murit \u00een urma unei interven\u021bii estetice. Ministerul S\u0103n\u0103t\u0103\u021bii a descoperit mai multe nereguli\",\"datePublished\":\"2026-05-01T15:50:05+00:00\",\"dateModified\":\"2026-05-01T15:57:26+00:00\",\"mainEntityOfPage\":{\"@id\":\"https:\\\/\\\/buletin.de\\\/bucuresti\\\/sanctiuni-maxime-pentru-cabinetul-din-bucuresti-unde-o-pacienta-a-murit-in-urma-unei-interventii-estetice-ministerul-sanatatii-a-descoperit-mai-multe-nereguli\\\/\"},\"wordCount\":453,\"publisher\":{\"@id\":\"https:\\\/\\\/buletin.de\\\/bucuresti\\\/#organization\"},\"image\":{\"@id\":\"https:\\\/\\\/buletin.de\\\/bucuresti\\\/sanctiuni-maxime-pentru-cabinetul-din-bucuresti-unde-o-pacienta-a-murit-in-urma-unei-interventii-estetice-ministerul-sanatatii-a-descoperit-mai-multe-nereguli\\\/#primaryimage\"},\"thumbnailUrl\":\"https:\\\/\\\/buletin.de\\\/bucuresti\\\/wp-content\\\/uploads\\\/2026\\\/05\\\/Ministerul-Sanatatii-sanctiuni-cabinetul-pacienta-decedata.jpg\",\"keywords\":[\"cabinet medical\",\"control\",\"ministerul sanatatii\",\"nereguli\",\"pacient\u0103 decedat\u0103\",\"sanctiuni\"],\"articleSection\":[\"Articole\",\"Eveniment\",\"S\u0103n\u0103tate\",\"\u0218tiri\"],\"inLanguage\":\"en-GB\",\"copyrightYear\":\"2026\",\"copyrightHolder\":{\"@id\":\"https:\\\/\\\/buletin.de\\\/bucuresti\\\/#organization\"}},{\"@type\":\"WebPage\",\"@id\":\"https:\\\/\\\/buletin.de\\\/bucuresti\\\/sanctiuni-maxime-pentru-cabinetul-din-bucuresti-unde-o-pacienta-a-murit-in-urma-unei-interventii-estetice-ministerul-sanatatii-a-descoperit-mai-multe-nereguli\\\/\",\"url\":\"https:\\\/\\\/buletin.de\\\/bucuresti\\\/sanctiuni-maxime-pentru-cabinetul-din-bucuresti-unde-o-pacienta-a-murit-in-urma-unei-interventii-estetice-ministerul-sanatatii-a-descoperit-mai-multe-nereguli\\\/\",\"name\":\"Sanc\u021biuni maxime pentru cabinetul din Bucure\u0219ti unde o pacient\u0103 a murit \u00een urma unei interven\u021bii estetice. Ministerul S\u0103n\u0103t\u0103\u021bii a descoperit mai multe nereguli - Buletin de Bucure\u0219ti\",\"isPartOf\":{\"@id\":\"https:\\\/\\\/buletin.de\\\/bucuresti\\\/#website\"},\"primaryImageOfPage\":{\"@id\":\"https:\\\/\\\/buletin.de\\\/bucuresti\\\/sanctiuni-maxime-pentru-cabinetul-din-bucuresti-unde-o-pacienta-a-murit-in-urma-unei-interventii-estetice-ministerul-sanatatii-a-descoperit-mai-multe-nereguli\\\/#primaryimage\"},\"image\":{\"@id\":\"https:\\\/\\\/buletin.de\\\/bucuresti\\\/sanctiuni-maxime-pentru-cabinetul-din-bucuresti-unde-o-pacienta-a-murit-in-urma-unei-interventii-estetice-ministerul-sanatatii-a-descoperit-mai-multe-nereguli\\\/#primaryimage\"},\"thumbnailUrl\":\"https:\\\/\\\/buletin.de\\\/bucuresti\\\/wp-content\\\/uploads\\\/2026\\\/05\\\/Ministerul-Sanatatii-sanctiuni-cabinetul-pacienta-decedata.jpg\",\"datePublished\":\"2026-05-01T15:50:05+00:00\",\"dateModified\":\"2026-05-01T15:57:26+00:00\",\"description\":\"Ministerul S\u0103n\u0103t\u0103\u021bii a aplicat sanc\u021biuni maxime \u00een cazul cabinetului privat unde o pacient\u0103 a decedat \u00een urma unei interven\u021bii.\",\"breadcrumb\":{\"@id\":\"https:\\\/\\\/buletin.de\\\/bucuresti\\\/sanctiuni-maxime-pentru-cabinetul-din-bucuresti-unde-o-pacienta-a-murit-in-urma-unei-interventii-estetice-ministerul-sanatatii-a-descoperit-mai-multe-nereguli\\\/#breadcrumb\"},\"inLanguage\":\"en-GB\",\"potentialAction\":[{\"@type\":\"ReadAction\",\"target\":[\"https:\\\/\\\/buletin.de\\\/bucuresti\\\/sanctiuni-maxime-pentru-cabinetul-din-bucuresti-unde-o-pacienta-a-murit-in-urma-unei-interventii-estetice-ministerul-sanatatii-a-descoperit-mai-multe-nereguli\\\/\"]}]},{\"@type\":\"ImageObject\",\"inLanguage\":\"en-GB\",\"@id\":\"https:\\\/\\\/buletin.de\\\/bucuresti\\\/sanctiuni-maxime-pentru-cabinetul-din-bucuresti-unde-o-pacienta-a-murit-in-urma-unei-interventii-estetice-ministerul-sanatatii-a-descoperit-mai-multe-nereguli\\\/#primaryimage\",\"url\":\"https:\\\/\\\/buletin.de\\\/bucuresti\\\/wp-content\\\/uploads\\\/2026\\\/05\\\/Ministerul-Sanatatii-sanctiuni-cabinetul-pacienta-decedata.jpg\",\"contentUrl\":\"https:\\\/\\\/buletin.de\\\/bucuresti\\\/wp-content\\\/uploads\\\/2026\\\/05\\\/Ministerul-Sanatatii-sanctiuni-cabinetul-pacienta-decedata.jpg\",\"width\":1200,\"height\":650,\"caption\":\"Cabinetul unde o femeie a murit \u00een urma unei proceduri estetice, sanc\u021bionat. Foto: Facebook\\\/Ministerul S\u0103n\u0103t\u0103\u021bii\"},{\"@type\":\"BreadcrumbList\",\"@id\":\"https:\\\/\\\/buletin.de\\\/bucuresti\\\/sanctiuni-maxime-pentru-cabinetul-din-bucuresti-unde-o-pacienta-a-murit-in-urma-unei-interventii-estetice-ministerul-sanatatii-a-descoperit-mai-multe-nereguli\\\/#breadcrumb\",\"itemListElement\":[{\"@type\":\"ListItem\",\"position\":1,\"name\":\"Acas\u0103\",\"item\":\"https:\\\/\\\/buletin.de\\\/bucuresti\\\/\"},{\"@type\":\"ListItem\",\"position\":2,\"name\":\"Sanc\u021biuni maxime pentru cabinetul din Bucure\u0219ti unde o pacient\u0103 a murit \u00een urma unei interven\u021bii estetice. Ministerul S\u0103n\u0103t\u0103\u021bii a descoperit mai multe nereguli\"}]},{\"@type\":\"WebSite\",\"@id\":\"https:\\\/\\\/buletin.de\\\/bucuresti\\\/#website\",\"url\":\"https:\\\/\\\/buletin.de\\\/bucuresti\\\/\",\"name\":\"Buletin de Bucure\u0219ti\",\"description\":\"\u0218tiri \u0219i investiga\u021bii esen\u021biale din capital\u0103\",\"publisher\":{\"@id\":\"https:\\\/\\\/buletin.de\\\/bucuresti\\\/#organization\"},\"potentialAction\":[{\"@type\":\"SearchAction\",\"target\":{\"@type\":\"EntryPoint\",\"urlTemplate\":\"https:\\\/\\\/buletin.de\\\/bucuresti\\\/?s={search_term_string}\"},\"query-input\":{\"@type\":\"PropertyValueSpecification\",\"valueRequired\":true,\"valueName\":\"search_term_string\"}}],\"inLanguage\":\"en-GB\"},{\"@type\":\"Organization\",\"@id\":\"https:\\\/\\\/buletin.de\\\/bucuresti\\\/#organization\",\"name\":\"Buletin de Bucure\u0219ti\",\"url\":\"https:\\\/\\\/buletin.de\\\/bucuresti\\\/\",\"logo\":{\"@type\":\"ImageObject\",\"inLanguage\":\"en-GB\",\"@id\":\"https:\\\/\\\/buletin.de\\\/bucuresti\\\/#\\\/schema\\\/logo\\\/image\\\/\",\"url\":\"https:\\\/\\\/buletin.de\\\/bucuresti\\\/wp-content\\\/uploads\\\/logo-bdb-full-wide-vernil-transparent.png\",\"contentUrl\":\"https:\\\/\\\/buletin.de\\\/bucuresti\\\/wp-content\\\/uploads\\\/logo-bdb-full-wide-vernil-transparent.png\",\"width\":1782,\"height\":626,\"caption\":\"Buletin de Bucure\u0219ti\"},\"image\":{\"@id\":\"https:\\\/\\\/buletin.de\\\/bucuresti\\\/#\\\/schema\\\/logo\\\/image\\\/\"},\"sameAs\":[\"https:\\\/\\\/www.facebook.com\\\/buletin.de.buc\",\"https:\\\/\\\/www.instagram.com\\\/buletinde.bucuresti\\\/\"]},{\"@type\":\"Person\",\"@id\":\"https:\\\/\\\/buletin.de\\\/bucuresti\\\/#\\\/schema\\\/person\\\/81421a46fb84a0887cfd2238f5202586\",\"name\":\"Andreea St\u0103n\u0103r\u00eeng\u0103\",\"image\":{\"@type\":\"ImageObject\",\"inLanguage\":\"en-GB\",\"@id\":\"https:\\\/\\\/secure.gravatar.com\\\/avatar\\\/dfa8d227a4388fad0f0bb03add04b5b176f4da34397dbb2eadc563b3d7162ce0?s=96&d=monsterid&r=g72784372b39ffe5a98a45288fe0d0e8a\",\"url\":\"https:\\\/\\\/secure.gravatar.com\\\/avatar\\\/dfa8d227a4388fad0f0bb03add04b5b176f4da34397dbb2eadc563b3d7162ce0?s=96&d=monsterid&r=g\",\"contentUrl\":\"https:\\\/\\\/secure.gravatar.com\\\/avatar\\\/dfa8d227a4388fad0f0bb03add04b5b176f4da34397dbb2eadc563b3d7162ce0?s=96&d=monsterid&r=g\",\"caption\":\"Andreea St\u0103n\u0103r\u00eeng\u0103\"},\"description\":\"Cu o experien\u021b\u0103 de peste 5 ani \u00een pres\u0103, face parte din echipa Buletin de Bucure\u0219ti din septembrie 2025. A colaborat cu c\u00e2teva publica\u021bii, printre care \u0219i Fanatik.ro, unde s-a ocupat de \u0219tiri de lifestyle \u0219i de actualitate. A f\u0103cut un pas c\u0103tre presa local\u0103 pentru a explora Bucure\u0219tiul \u0219i pove\u0219tile care merit\u0103 spuse.\",\"url\":\"https:\\\/\\\/buletin.de\\\/bucuresti\\\/author\\\/andreea-stanaranga\\\/\"}]}<\/script>\n<!-- \/ Yoast SEO Premium plugin. -->","yoast_head_json":{"title":"Sanc\u021biuni maxime pentru cabinetul din Bucure\u0219ti unde o pacient\u0103 a murit \u00een urma unei interven\u021bii estetice. Ministerul S\u0103n\u0103t\u0103\u021bii a descoperit mai multe nereguli - Buletin de Bucure\u0219ti","description":"Ministerul S\u0103n\u0103t\u0103\u021bii a aplicat sanc\u021biuni maxime \u00een cazul cabinetului privat unde o pacient\u0103 a decedat \u00een urma unei interven\u021bii.","robots":{"index":"index","follow":"follow","max-snippet":"max-snippet:-1","max-image-preview":"max-image-preview:large","max-video-preview":"max-video-preview:-1"},"canonical":"https:\/\/buletin.de\/bucuresti\/sanctiuni-maxime-pentru-cabinetul-din-bucuresti-unde-o-pacienta-a-murit-in-urma-unei-interventii-estetice-ministerul-sanatatii-a-descoperit-mai-multe-nereguli\/","og_locale":"en_GB","og_type":"article","og_title":"Sanc\u021biuni maxime pentru cabinetul din Bucure\u0219ti unde o pacient\u0103 a murit \u00een urma unei interven\u021bii estetice. Ministerul S\u0103n\u0103t\u0103\u021bii a descoperit mai multe nereguli","og_description":"Ministerul S\u0103n\u0103t\u0103\u021bii a aplicat sanc\u021biuni maxime \u00een cazul cabinetului privat unde o pacient\u0103 a decedat \u00een urma unei interven\u021bii.","og_url":"https:\/\/buletin.de\/bucuresti\/sanctiuni-maxime-pentru-cabinetul-din-bucuresti-unde-o-pacienta-a-murit-in-urma-unei-interventii-estetice-ministerul-sanatatii-a-descoperit-mai-multe-nereguli\/","og_site_name":"Buletin de Bucure\u0219ti","article_publisher":"https:\/\/www.facebook.com\/buletin.de.buc","article_published_time":"2026-05-01T15:50:05+00:00","article_modified_time":"2026-05-01T15:57:26+00:00","og_image":[{"width":1200,"height":650,"url":"https:\/\/buletin.de\/bucuresti\/wp-content\/uploads\/2026\/05\/Ministerul-Sanatatii-sanctiuni-cabinetul-pacienta-decedata.jpg","type":"image\/jpeg"}],"author":"Andreea St\u0103n\u0103r\u00eeng\u0103","twitter_card":"summary_large_image","twitter_misc":{"Written by":"Andreea St\u0103n\u0103r\u00eeng\u0103","Estimated reading time":"2 minutes"},"schema":{"@context":"https:\/\/schema.org","@graph":[{"@type":"Article","@id":"https:\/\/buletin.de\/bucuresti\/sanctiuni-maxime-pentru-cabinetul-din-bucuresti-unde-o-pacienta-a-murit-in-urma-unei-interventii-estetice-ministerul-sanatatii-a-descoperit-mai-multe-nereguli\/#article","isPartOf":{"@id":"https:\/\/buletin.de\/bucuresti\/sanctiuni-maxime-pentru-cabinetul-din-bucuresti-unde-o-pacienta-a-murit-in-urma-unei-interventii-estetice-ministerul-sanatatii-a-descoperit-mai-multe-nereguli\/"},"author":{"name":"Andreea St\u0103n\u0103r\u00eeng\u0103","@id":"https:\/\/buletin.de\/bucuresti\/#\/schema\/person\/81421a46fb84a0887cfd2238f5202586"},"headline":"Sanc\u021biuni maxime pentru cabinetul din Bucure\u0219ti unde o pacient\u0103 a murit \u00een urma unei interven\u021bii estetice. Ministerul S\u0103n\u0103t\u0103\u021bii a descoperit mai multe nereguli","datePublished":"2026-05-01T15:50:05+00:00","dateModified":"2026-05-01T15:57:26+00:00","mainEntityOfPage":{"@id":"https:\/\/buletin.de\/bucuresti\/sanctiuni-maxime-pentru-cabinetul-din-bucuresti-unde-o-pacienta-a-murit-in-urma-unei-interventii-estetice-ministerul-sanatatii-a-descoperit-mai-multe-nereguli\/"},"wordCount":453,"publisher":{"@id":"https:\/\/buletin.de\/bucuresti\/#organization"},"image":{"@id":"https:\/\/buletin.de\/bucuresti\/sanctiuni-maxime-pentru-cabinetul-din-bucuresti-unde-o-pacienta-a-murit-in-urma-unei-interventii-estetice-ministerul-sanatatii-a-descoperit-mai-multe-nereguli\/#primaryimage"},"thumbnailUrl":"https:\/\/buletin.de\/bucuresti\/wp-content\/uploads\/2026\/05\/Ministerul-Sanatatii-sanctiuni-cabinetul-pacienta-decedata.jpg","keywords":["cabinet medical","control","ministerul sanatatii","nereguli","pacient\u0103 decedat\u0103","sanctiuni"],"articleSection":["Articole","Eveniment","S\u0103n\u0103tate","\u0218tiri"],"inLanguage":"en-GB","copyrightYear":"2026","copyrightHolder":{"@id":"https:\/\/buletin.de\/bucuresti\/#organization"}},{"@type":"WebPage","@id":"https:\/\/buletin.de\/bucuresti\/sanctiuni-maxime-pentru-cabinetul-din-bucuresti-unde-o-pacienta-a-murit-in-urma-unei-interventii-estetice-ministerul-sanatatii-a-descoperit-mai-multe-nereguli\/","url":"https:\/\/buletin.de\/bucuresti\/sanctiuni-maxime-pentru-cabinetul-din-bucuresti-unde-o-pacienta-a-murit-in-urma-unei-interventii-estetice-ministerul-sanatatii-a-descoperit-mai-multe-nereguli\/","name":"Sanc\u021biuni maxime pentru cabinetul din Bucure\u0219ti unde o pacient\u0103 a murit \u00een urma unei interven\u021bii estetice. Ministerul S\u0103n\u0103t\u0103\u021bii a descoperit mai multe nereguli - Buletin de Bucure\u0219ti","isPartOf":{"@id":"https:\/\/buletin.de\/bucuresti\/#website"},"primaryImageOfPage":{"@id":"https:\/\/buletin.de\/bucuresti\/sanctiuni-maxime-pentru-cabinetul-din-bucuresti-unde-o-pacienta-a-murit-in-urma-unei-interventii-estetice-ministerul-sanatatii-a-descoperit-mai-multe-nereguli\/#primaryimage"},"image":{"@id":"https:\/\/buletin.de\/bucuresti\/sanctiuni-maxime-pentru-cabinetul-din-bucuresti-unde-o-pacienta-a-murit-in-urma-unei-interventii-estetice-ministerul-sanatatii-a-descoperit-mai-multe-nereguli\/#primaryimage"},"thumbnailUrl":"https:\/\/buletin.de\/bucuresti\/wp-content\/uploads\/2026\/05\/Ministerul-Sanatatii-sanctiuni-cabinetul-pacienta-decedata.jpg","datePublished":"2026-05-01T15:50:05+00:00","dateModified":"2026-05-01T15:57:26+00:00","description":"Ministerul S\u0103n\u0103t\u0103\u021bii a aplicat sanc\u021biuni maxime \u00een cazul cabinetului privat unde o pacient\u0103 a decedat \u00een urma unei interven\u021bii.","breadcrumb":{"@id":"https:\/\/buletin.de\/bucuresti\/sanctiuni-maxime-pentru-cabinetul-din-bucuresti-unde-o-pacienta-a-murit-in-urma-unei-interventii-estetice-ministerul-sanatatii-a-descoperit-mai-multe-nereguli\/#breadcrumb"},"inLanguage":"en-GB","potentialAction":[{"@type":"ReadAction","target":["https:\/\/buletin.de\/bucuresti\/sanctiuni-maxime-pentru-cabinetul-din-bucuresti-unde-o-pacienta-a-murit-in-urma-unei-interventii-estetice-ministerul-sanatatii-a-descoperit-mai-multe-nereguli\/"]}]},{"@type":"ImageObject","inLanguage":"en-GB","@id":"https:\/\/buletin.de\/bucuresti\/sanctiuni-maxime-pentru-cabinetul-din-bucuresti-unde-o-pacienta-a-murit-in-urma-unei-interventii-estetice-ministerul-sanatatii-a-descoperit-mai-multe-nereguli\/#primaryimage","url":"https:\/\/buletin.de\/bucuresti\/wp-content\/uploads\/2026\/05\/Ministerul-Sanatatii-sanctiuni-cabinetul-pacienta-decedata.jpg","contentUrl":"https:\/\/buletin.de\/bucuresti\/wp-content\/uploads\/2026\/05\/Ministerul-Sanatatii-sanctiuni-cabinetul-pacienta-decedata.jpg","width":1200,"height":650,"caption":"Cabinetul unde o femeie a murit \u00een urma unei proceduri estetice, sanc\u021bionat. Foto: Facebook\/Ministerul S\u0103n\u0103t\u0103\u021bii"},{"@type":"BreadcrumbList","@id":"https:\/\/buletin.de\/bucuresti\/sanctiuni-maxime-pentru-cabinetul-din-bucuresti-unde-o-pacienta-a-murit-in-urma-unei-interventii-estetice-ministerul-sanatatii-a-descoperit-mai-multe-nereguli\/#breadcrumb","itemListElement":[{"@type":"ListItem","position":1,"name":"Acas\u0103","item":"https:\/\/buletin.de\/bucuresti\/"},{"@type":"ListItem","position":2,"name":"Sanc\u021biuni maxime pentru cabinetul din Bucure\u0219ti unde o pacient\u0103 a murit \u00een urma unei interven\u021bii estetice. Ministerul S\u0103n\u0103t\u0103\u021bii a descoperit mai multe nereguli"}]},{"@type":"WebSite","@id":"https:\/\/buletin.de\/bucuresti\/#website","url":"https:\/\/buletin.de\/bucuresti\/","name":"Buletin de Bucure\u0219ti","description":"\u0218tiri \u0219i investiga\u021bii esen\u021biale din capital\u0103","publisher":{"@id":"https:\/\/buletin.de\/bucuresti\/#organization"},"potentialAction":[{"@type":"SearchAction","target":{"@type":"EntryPoint","urlTemplate":"https:\/\/buletin.de\/bucuresti\/?s={search_term_string}"},"query-input":{"@type":"PropertyValueSpecification","valueRequired":true,"valueName":"search_term_string"}}],"inLanguage":"en-GB"},{"@type":"Organization","@id":"https:\/\/buletin.de\/bucuresti\/#organization","name":"Buletin de Bucure\u0219ti","url":"https:\/\/buletin.de\/bucuresti\/","logo":{"@type":"ImageObject","inLanguage":"en-GB","@id":"https:\/\/buletin.de\/bucuresti\/#\/schema\/logo\/image\/","url":"https:\/\/buletin.de\/bucuresti\/wp-content\/uploads\/logo-bdb-full-wide-vernil-transparent.png","contentUrl":"https:\/\/buletin.de\/bucuresti\/wp-content\/uploads\/logo-bdb-full-wide-vernil-transparent.png","width":1782,"height":626,"caption":"Buletin de Bucure\u0219ti"},"image":{"@id":"https:\/\/buletin.de\/bucuresti\/#\/schema\/logo\/image\/"},"sameAs":["https:\/\/www.facebook.com\/buletin.de.buc","https:\/\/www.instagram.com\/buletinde.bucuresti\/"]},{"@type":"Person","@id":"https:\/\/buletin.de\/bucuresti\/#\/schema\/person\/81421a46fb84a0887cfd2238f5202586","name":"Andreea St\u0103n\u0103r\u00eeng\u0103","image":{"@type":"ImageObject","inLanguage":"en-GB","@id":"https:\/\/secure.gravatar.com\/avatar\/dfa8d227a4388fad0f0bb03add04b5b176f4da34397dbb2eadc563b3d7162ce0?s=96&d=monsterid&r=g72784372b39ffe5a98a45288fe0d0e8a","url":"https:\/\/secure.gravatar.com\/avatar\/dfa8d227a4388fad0f0bb03add04b5b176f4da34397dbb2eadc563b3d7162ce0?s=96&d=monsterid&r=g","contentUrl":"https:\/\/secure.gravatar.com\/avatar\/dfa8d227a4388fad0f0bb03add04b5b176f4da34397dbb2eadc563b3d7162ce0?s=96&d=monsterid&r=g","caption":"Andreea St\u0103n\u0103r\u00eeng\u0103"},"description":"Cu o experien\u021b\u0103 de peste 5 ani \u00een pres\u0103, face parte din echipa Buletin de Bucure\u0219ti din septembrie 2025. A colaborat cu c\u00e2teva publica\u021bii, printre care \u0219i Fanatik.ro, unde s-a ocupat de \u0219tiri de lifestyle \u0219i de actualitate. A f\u0103cut un pas c\u0103tre presa local\u0103 pentru a explora Bucure\u0219tiul \u0219i pove\u0219tile care merit\u0103 spuse.","url":"https:\/\/buletin.de\/bucuresti\/author\/andreea-stanaranga\/"}]}},"authors":[{"term_id":23912,"user_id":65,"is_guest":0,"slug":"andreea-stanaranga","display_name":"Andreea St\u0103n\u0103r\u00eeng\u0103","avatar_url":"https:\/\/secure.gravatar.com\/avatar\/dfa8d227a4388fad0f0bb03add04b5b176f4da34397dbb2eadc563b3d7162ce0?s=96&d=monsterid&r=g","0":null,"1":"","2":"","3":"","4":"","5":"","6":"","7":"","8":""}],"_links":{"self":[{"href":"https:\/\/buletin.de\/bucuresti\/wp-json\/wp\/v2\/posts\/190656","targetHints":{"allow":["GET"]}}],"collection":[{"href":"https:\/\/buletin.de\/bucuresti\/wp-json\/wp\/v2\/posts"}],"about":[{"href":"https:\/\/buletin.de\/bucuresti\/wp-json\/wp\/v2\/types\/post"}],"author":[{"embeddable":true,"href":"https:\/\/buletin.de\/bucuresti\/wp-json\/wp\/v2\/users\/65"}],"replies":[{"embeddable":true,"href":"https:\/\/buletin.de\/bucuresti\/wp-json\/wp\/v2\/comments?post=190656"}],"version-history":[{"count":7,"href":"https:\/\/buletin.de\/bucuresti\/wp-json\/wp\/v2\/posts\/190656\/revisions"}],"predecessor-version":[{"id":190670,"href":"https:\/\/buletin.de\/bucuresti\/wp-json\/wp\/v2\/posts\/190656\/revisions\/190670"}],"wp:featuredmedia":[{"embeddable":true,"href":"https:\/\/buletin.de\/bucuresti\/wp-json\/wp\/v2\/media\/190667"}],"wp:attachment":[{"href":"https:\/\/buletin.de\/bucuresti\/wp-json\/wp\/v2\/media?parent=190656"}],"wp:term":[{"taxonomy":"category","embeddable":true,"href":"https:\/\/buletin.de\/bucuresti\/wp-json\/wp\/v2\/categories?post=190656"},{"taxonomy":"post_tag","embeddable":true,"href":"https:\/\/buletin.de\/bucuresti\/wp-json\/wp\/v2\/tags?post=190656"},{"taxonomy":"author","embeddable":true,"href":"https:\/\/buletin.de\/bucuresti\/wp-json\/wp\/v2\/ppma_author?post=190656"}],"curies":[{"name":"wp","href":"https:\/\/api.w.org\/{rel}","templated":true}]}}