{"id":190646,"date":"2026-05-01T18:24:31","date_gmt":"2026-05-01T15:24:31","guid":{"rendered":"https:\/\/buletin.de\/bucuresti\/?p=190646"},"modified":"2026-05-01T18:27:22","modified_gmt":"2026-05-01T15:27:22","slug":"sector-1-complex-educational-de-peste-50-de-milioane-de-euro-propus-in-cartierul-henri-coanda","status":"publish","type":"post","link":"https:\/\/buletin.de\/bucuresti\/sector-1-complex-educational-de-peste-50-de-milioane-de-euro-propus-in-cartierul-henri-coanda\/","title":{"rendered":"Sector 1 | Complex educa\u0163ional de peste 50 de milioane de euro, propus \u00een cartierul Henri Coand\u0103"},"content":{"rendered":"\n<p><strong>Un nou complex educa\u0163ional, cu \u015fcoal\u0103, gr\u0103dini\u0163\u0103 \u015fi bazin de \u00eenot, ar urma s\u0103 fie construit \u00een cartierul Henri Coand\u0103 din Sectorul 1. Investi\u0163ia, estimat\u0103 la circa 56,5 milioane de euro (TVA inclus), a fost aprobat\u0103 recent de consilierii locali.<\/strong><\/p>\n\n\n\n<p>Pentru realizarea construc\u0163iei, autoritatea local\u0103 \u00ee\u015fi propune s\u0103 atrag\u0103 fonduri europene.<\/p>\n\n\n\n<p>Proiectul vizeaz\u0103 un teren de peste un hectar \u0219i jum\u0103tate, situat pe bulevardul Iulian Mihu din cartierul Henri Coand\u0103. <\/p>\n\n\n\n<h2 class=\"wp-block-heading\" id=\"h-cum-ar-trebui-sa-arate-viitorul-complex-educa\u021bional-din-cartierul-henri-coanda\">Cum ar trebui s\u0103 arate viitorul complex educa\u021bional din cartierul Henri Coand\u0103<\/h2>\n\n\n\n<p><strong>Viitorul complex educa\u021bional ar trebui s\u0103 includ\u0103: \u0219coal\u0103 gimnazial\u0103, gr\u0103dini\u021b\u0103 cu program prelungit, sal\u0103 multisport, bazin de \u00eenot, teren multisport exterior, spa\u021bii verzi, alei, platforme, mobilier urban, sta\u021bie de transport \u0219i facilit\u0103\u021bi pentru biciclete.<\/strong><\/p>\n\n\n\n<figure class=\"wp-block-image size-large\"><a href=\"https:\/\/buletin.de\/bucuresti\/wp-content\/uploads\/2026\/05\/3-1024x724-1.jpg\"><img fetchpriority=\"high\" decoding=\"async\" width=\"1000\" height=\"707\" src=\"data:image\/gif;base64,R0lGODlhAQABAAAAACH5BAEKAAEALAAAAAABAAEAAAICTAEAOw==\" data-src=\"https:\/\/buletin.de\/bucuresti\/wp-content\/uploads\/2026\/05\/3-1024x724-1-1000x707.jpg\" alt=\"\" class=\"wp-image-190651 lazyload\" data-sizes=\"auto\" data-srcset=\"https:\/\/buletin.de\/bucuresti\/wp-content\/uploads\/2026\/05\/3-1024x724-1-1000x707.jpg 1000w, https:\/\/buletin.de\/bucuresti\/wp-content\/uploads\/2026\/05\/3-1024x724-1-300x212.jpg 300w, https:\/\/buletin.de\/bucuresti\/wp-content\/uploads\/2026\/05\/3-1024x724-1-768x543.jpg 768w, https:\/\/buletin.de\/bucuresti\/wp-content\/uploads\/2026\/05\/3-1024x724-1-600x424.jpg 600w, https:\/\/buletin.de\/bucuresti\/wp-content\/uploads\/2026\/05\/3-1024x724-1-20x14.jpg 20w, https:\/\/buletin.de\/bucuresti\/wp-content\/uploads\/2026\/05\/3-1024x724-1.jpg 1024w\" sizes=\"(max-width: 1000px) 100vw, 1000px\" \/><\/a><figcaption class=\"wp-element-caption\">Complex educa\u021bional de 50 de milioane de euro, propus \u00een cartierul Henri Coand\u0103. Foto: PS1<\/figcaption><\/figure>\n\n\n\n<figure class=\"wp-block-gallery has-nested-images columns-default is-cropped wp-block-gallery-1 is-layout-flex wp-block-gallery-is-layout-flex\">\n<figure class=\"wp-block-image size-large\"><a href=\"https:\/\/buletin.de\/bucuresti\/wp-content\/uploads\/2026\/05\/5-1024x724-1.jpg\"><img decoding=\"async\" width=\"1000\" height=\"707\" data-id=\"190652\" src=\"data:image\/gif;base64,R0lGODlhAQABAAAAACH5BAEKAAEALAAAAAABAAEAAAICTAEAOw==\" data-src=\"https:\/\/buletin.de\/bucuresti\/wp-content\/uploads\/2026\/05\/5-1024x724-1-1000x707.jpg\" alt=\"\" class=\"wp-image-190652 lazyload\" data-sizes=\"auto\" data-srcset=\"https:\/\/buletin.de\/bucuresti\/wp-content\/uploads\/2026\/05\/5-1024x724-1-1000x707.jpg 1000w, https:\/\/buletin.de\/bucuresti\/wp-content\/uploads\/2026\/05\/5-1024x724-1-300x212.jpg 300w, https:\/\/buletin.de\/bucuresti\/wp-content\/uploads\/2026\/05\/5-1024x724-1-768x543.jpg 768w, https:\/\/buletin.de\/bucuresti\/wp-content\/uploads\/2026\/05\/5-1024x724-1-600x424.jpg 600w, https:\/\/buletin.de\/bucuresti\/wp-content\/uploads\/2026\/05\/5-1024x724-1-20x14.jpg 20w, https:\/\/buletin.de\/bucuresti\/wp-content\/uploads\/2026\/05\/5-1024x724-1.jpg 1024w\" sizes=\"(max-width: 1000px) 100vw, 1000px\" \/><\/a><\/figure>\n\n\n\n<figure class=\"wp-block-image size-large\"><a href=\"https:\/\/buletin.de\/bucuresti\/wp-content\/uploads\/2026\/05\/10-1024x724-1.jpg\"><img decoding=\"async\" width=\"1000\" height=\"707\" data-id=\"190653\" src=\"data:image\/gif;base64,R0lGODlhAQABAAAAACH5BAEKAAEALAAAAAABAAEAAAICTAEAOw==\" data-src=\"https:\/\/buletin.de\/bucuresti\/wp-content\/uploads\/2026\/05\/10-1024x724-1-1000x707.jpg\" alt=\"\" class=\"wp-image-190653 lazyload\" data-sizes=\"auto\" data-srcset=\"https:\/\/buletin.de\/bucuresti\/wp-content\/uploads\/2026\/05\/10-1024x724-1-1000x707.jpg 1000w, https:\/\/buletin.de\/bucuresti\/wp-content\/uploads\/2026\/05\/10-1024x724-1-300x212.jpg 300w, https:\/\/buletin.de\/bucuresti\/wp-content\/uploads\/2026\/05\/10-1024x724-1-768x543.jpg 768w, https:\/\/buletin.de\/bucuresti\/wp-content\/uploads\/2026\/05\/10-1024x724-1-600x424.jpg 600w, https:\/\/buletin.de\/bucuresti\/wp-content\/uploads\/2026\/05\/10-1024x724-1-20x14.jpg 20w, https:\/\/buletin.de\/bucuresti\/wp-content\/uploads\/2026\/05\/10-1024x724-1.jpg 1024w\" sizes=\"(max-width: 1000px) 100vw, 1000px\" \/><\/a><\/figure>\n\n\n\n<figure class=\"wp-block-image size-large\"><a href=\"https:\/\/buletin.de\/bucuresti\/wp-content\/uploads\/2026\/05\/7-1024x724-1.jpg\"><img loading=\"lazy\" decoding=\"async\" width=\"1000\" height=\"707\" data-id=\"190654\" src=\"data:image\/gif;base64,R0lGODlhAQABAAAAACH5BAEKAAEALAAAAAABAAEAAAICTAEAOw==\" data-src=\"https:\/\/buletin.de\/bucuresti\/wp-content\/uploads\/2026\/05\/7-1024x724-1-1000x707.jpg\" alt=\"\" class=\"wp-image-190654 lazyload\" data-sizes=\"auto\" data-srcset=\"https:\/\/buletin.de\/bucuresti\/wp-content\/uploads\/2026\/05\/7-1024x724-1-1000x707.jpg 1000w, https:\/\/buletin.de\/bucuresti\/wp-content\/uploads\/2026\/05\/7-1024x724-1-300x212.jpg 300w, https:\/\/buletin.de\/bucuresti\/wp-content\/uploads\/2026\/05\/7-1024x724-1-768x543.jpg 768w, https:\/\/buletin.de\/bucuresti\/wp-content\/uploads\/2026\/05\/7-1024x724-1-600x424.jpg 600w, https:\/\/buletin.de\/bucuresti\/wp-content\/uploads\/2026\/05\/7-1024x724-1-20x14.jpg 20w, https:\/\/buletin.de\/bucuresti\/wp-content\/uploads\/2026\/05\/7-1024x724-1.jpg 1024w\" sizes=\"(max-width: 1000px) 100vw, 1000px\" \/><\/a><\/figure>\n<\/figure>\n\n\n\n<p><strong>Durata proiectului este estimat\u0103 la opt luni pentru proiectare \u015fi trei ani pentru lucr\u0103rile propriu-zise.<\/strong><\/p>\n\n\n\n<p>\u00cen ceea ce prive\u0219te costurile, acestea se ridic\u0103 la circa 282,5 milioane de lei, echivalentul a aproximativ <strong>56,5 milioane de euro, TVA inclus<\/strong>.<\/p>\n\n\n\n<p>Indicatorii tehnico-economici au fost aproba\u021bi \u00een \u0219edin\u021ba de joi, 30 aprilie, a Consiliului Local al Sectorului 1.<\/p>\n\n\n\n<p>Pentru realizarea investi\u021biei, autoritatea local\u0103 \u00ee\u0219i propune s\u0103 atrag\u0103 fonduri europene. A\u0219adar, proiectul urmeaz\u0103 s\u0103 fie depus pentru finan\u021bare european\u0103 nerambursabil\u0103, prin Programul Regional Bucure\u0219ti-Ilfov, pe o linie dedicat\u0103 investi\u021biilor de tip New European Bauhaus.<\/p>\n\n\n\n<p>Totu\u0219i, apelul de proiecte este de tip competitiv \u0219i are <strong>o alocare financiar\u0103 de&nbsp;53,1 milioane de euro&nbsp;<\/strong>(fonduri europene \u0219i de la bugetul de stat), se mai precizeaz\u0103 \u00een <a href=\"https:\/\/primariasector1.ro\/wp-content\/uploads\/2026\/04\/Motivare-urgenta-PH-K2-143_AN.pdf\">documentul consultat de Buletin de Bucure\u0219ti<\/a>.<\/p>\n\n\n\n<p><strong>CITE\u0218TE \u0218I:<\/strong> <a href=\"https:\/\/buletin.de\/bucuresti\/romprest-respinge-propunerea-sectorului-1-de-a-plati-esalonat-datoria-istorica-de-peste-184-de-milioane-de-lei-si-diminueaza-va-strange-mai-rar-gunoiul-de-pe-strazi\/\"><strong>Romprest respinge propunerea Sectorului 1 de a pl\u0103ti e\u0219alonat datoria istoric\u0103 de peste 184 de milioane de lei \u0219i din nou va str\u00e2nge mai rar gunoiul de pe str\u0103zi<\/strong><\/a><\/p>\n","protected":false},"excerpt":{"rendered":"<p>Un nou complex educa\u0163ional, cu \u015fcoal\u0103, gr\u0103dini\u0163\u0103 \u015fi bazin de \u00eenot, ar urma s\u0103 fie construit \u00een cartierul Henri Coand\u0103 din Sectorul 1. Investi\u0163ia, estimat\u0103 la circa 56,5 milioane de euro (TVA inclus), a fost aprobat\u0103 recent de consilierii locali. Pentru realizarea construc\u0163iei, autoritatea local\u0103 \u00ee\u015fi propune s\u0103 atrag\u0103 fonduri europene. Proiectul vizeaz\u0103 un teren [&hellip;]<\/p>\n","protected":false},"author":55,"featured_media":190658,"comment_status":"closed","ping_status":"open","sticky":false,"template":"","format":"standard","meta":{"_acf_changed":false,"inline_featured_image":false,"ngg_post_thumbnail":0,"footnotes":""},"categories":[6994,3421,24,62],"tags":[282,7394,481,809,5814,482,308],"ppma_author":[22573],"class_list":["post-190646","post","type-post","status-publish","format-standard","has-post-thumbnail","hentry","category-stiri-2","category-educatie","category-primarie","category-stiri","tag-bani-publici","tag-complex-educational","tag-educatie","tag-fonduri-europene","tag-gradinita","tag-scoala","tag-sector-1"],"acf":[],"yoast_head":"<!-- This site is optimized with the Yoast SEO Premium plugin v25.3 (Yoast SEO v27.5) - https:\/\/yoast.com\/product\/yoast-seo-premium-wordpress\/ -->\n<title>Sector 1 | Complex educa\u0163ional de peste 50 de milioane de euro, propus \u00een cartierul Henri Coand\u0103 - Buletin de Bucure\u0219ti<\/title>\n<meta name=\"description\" content=\"Un nou complex educa\u0163ional, cu \u015fcoal\u0103, gr\u0103dini\u0163\u0103 \u015fi bazin de \u00eenot, ar urma s\u0103 fie construit \u00een cartierul Henri Coand\u0103 din Sectorul 1.\" \/>\n<meta name=\"robots\" content=\"index, follow, max-snippet:-1, max-image-preview:large, max-video-preview:-1\" \/>\n<link rel=\"canonical\" href=\"https:\/\/buletin.de\/bucuresti\/sector-1-complex-educational-de-peste-50-de-milioane-de-euro-propus-in-cartierul-henri-coanda\/\" \/>\n<meta property=\"og:locale\" content=\"en_GB\" \/>\n<meta property=\"og:type\" content=\"article\" \/>\n<meta property=\"og:title\" content=\"Sector 1 | Complex educa\u0163ional de peste 50 de milioane de euro, propus \u00een cartierul Henri Coand\u0103\" \/>\n<meta property=\"og:description\" content=\"Un nou complex educa\u0163ional, cu \u015fcoal\u0103, gr\u0103dini\u0163\u0103 \u015fi bazin de \u00eenot, ar urma s\u0103 fie construit \u00een cartierul Henri Coand\u0103 din Sectorul 1.\" \/>\n<meta property=\"og:url\" content=\"https:\/\/buletin.de\/bucuresti\/sector-1-complex-educational-de-peste-50-de-milioane-de-euro-propus-in-cartierul-henri-coanda\/\" \/>\n<meta property=\"og:site_name\" content=\"Buletin de Bucure\u0219ti\" \/>\n<meta property=\"article:publisher\" content=\"https:\/\/www.facebook.com\/buletin.de.buc\" \/>\n<meta property=\"article:published_time\" content=\"2026-05-01T15:24:31+00:00\" \/>\n<meta property=\"article:modified_time\" content=\"2026-05-01T15:27:22+00:00\" \/>\n<meta property=\"og:image\" content=\"https:\/\/buletin.de\/bucuresti\/wp-content\/uploads\/2026\/05\/1-1024x724-1.jpg\" \/>\n\t<meta property=\"og:image:width\" content=\"1024\" \/>\n\t<meta property=\"og:image:height\" content=\"724\" \/>\n\t<meta property=\"og:image:type\" content=\"image\/jpeg\" \/>\n<meta name=\"author\" content=\"Andreea Tudor\" \/>\n<meta name=\"twitter:card\" content=\"summary_large_image\" \/>\n<meta name=\"twitter:label1\" content=\"Written by\" \/>\n\t<meta name=\"twitter:data1\" content=\"Andreea Tudor\" \/>\n\t<meta name=\"twitter:label2\" content=\"Estimated reading time\" \/>\n\t<meta name=\"twitter:data2\" content=\"3 minutes\" \/>\n<script type=\"application\/ld+json\" class=\"yoast-schema-graph\">{\"@context\":\"https:\\\/\\\/schema.org\",\"@graph\":[{\"@type\":\"Article\",\"@id\":\"https:\\\/\\\/buletin.de\\\/bucuresti\\\/sector-1-complex-educational-de-peste-50-de-milioane-de-euro-propus-in-cartierul-henri-coanda\\\/#article\",\"isPartOf\":{\"@id\":\"https:\\\/\\\/buletin.de\\\/bucuresti\\\/sector-1-complex-educational-de-peste-50-de-milioane-de-euro-propus-in-cartierul-henri-coanda\\\/\"},\"author\":{\"name\":\"Andreea Tudor\",\"@id\":\"https:\\\/\\\/buletin.de\\\/bucuresti\\\/#\\\/schema\\\/person\\\/150590659efde715459d159da012f501\"},\"headline\":\"Sector 1 | Complex educa\u0163ional de peste 50 de milioane de euro, propus \u00een cartierul Henri Coand\u0103\",\"datePublished\":\"2026-05-01T15:24:31+00:00\",\"dateModified\":\"2026-05-01T15:27:22+00:00\",\"mainEntityOfPage\":{\"@id\":\"https:\\\/\\\/buletin.de\\\/bucuresti\\\/sector-1-complex-educational-de-peste-50-de-milioane-de-euro-propus-in-cartierul-henri-coanda\\\/\"},\"wordCount\":323,\"publisher\":{\"@id\":\"https:\\\/\\\/buletin.de\\\/bucuresti\\\/#organization\"},\"image\":{\"@id\":\"https:\\\/\\\/buletin.de\\\/bucuresti\\\/sector-1-complex-educational-de-peste-50-de-milioane-de-euro-propus-in-cartierul-henri-coanda\\\/#primaryimage\"},\"thumbnailUrl\":\"https:\\\/\\\/buletin.de\\\/bucuresti\\\/wp-content\\\/uploads\\\/2026\\\/05\\\/1-1024x724-1.jpg\",\"keywords\":[\"bani publici\",\"complex educational\",\"educatie\",\"fonduri europene\",\"gradinita\",\"scoala\",\"Sector 1\"],\"articleSection\":[\"Articole\",\"Educa\u021bie\",\"Prim\u0103rie\",\"\u0218tiri\"],\"inLanguage\":\"en-GB\",\"copyrightYear\":\"2026\",\"copyrightHolder\":{\"@id\":\"https:\\\/\\\/buletin.de\\\/bucuresti\\\/#organization\"}},{\"@type\":\"WebPage\",\"@id\":\"https:\\\/\\\/buletin.de\\\/bucuresti\\\/sector-1-complex-educational-de-peste-50-de-milioane-de-euro-propus-in-cartierul-henri-coanda\\\/\",\"url\":\"https:\\\/\\\/buletin.de\\\/bucuresti\\\/sector-1-complex-educational-de-peste-50-de-milioane-de-euro-propus-in-cartierul-henri-coanda\\\/\",\"name\":\"Sector 1 | Complex educa\u0163ional de peste 50 de milioane de euro, propus \u00een cartierul Henri Coand\u0103 - Buletin de Bucure\u0219ti\",\"isPartOf\":{\"@id\":\"https:\\\/\\\/buletin.de\\\/bucuresti\\\/#website\"},\"primaryImageOfPage\":{\"@id\":\"https:\\\/\\\/buletin.de\\\/bucuresti\\\/sector-1-complex-educational-de-peste-50-de-milioane-de-euro-propus-in-cartierul-henri-coanda\\\/#primaryimage\"},\"image\":{\"@id\":\"https:\\\/\\\/buletin.de\\\/bucuresti\\\/sector-1-complex-educational-de-peste-50-de-milioane-de-euro-propus-in-cartierul-henri-coanda\\\/#primaryimage\"},\"thumbnailUrl\":\"https:\\\/\\\/buletin.de\\\/bucuresti\\\/wp-content\\\/uploads\\\/2026\\\/05\\\/1-1024x724-1.jpg\",\"datePublished\":\"2026-05-01T15:24:31+00:00\",\"dateModified\":\"2026-05-01T15:27:22+00:00\",\"description\":\"Un nou complex educa\u0163ional, cu \u015fcoal\u0103, gr\u0103dini\u0163\u0103 \u015fi bazin de \u00eenot, ar urma s\u0103 fie construit \u00een cartierul Henri Coand\u0103 din Sectorul 1.\",\"breadcrumb\":{\"@id\":\"https:\\\/\\\/buletin.de\\\/bucuresti\\\/sector-1-complex-educational-de-peste-50-de-milioane-de-euro-propus-in-cartierul-henri-coanda\\\/#breadcrumb\"},\"inLanguage\":\"en-GB\",\"potentialAction\":[{\"@type\":\"ReadAction\",\"target\":[\"https:\\\/\\\/buletin.de\\\/bucuresti\\\/sector-1-complex-educational-de-peste-50-de-milioane-de-euro-propus-in-cartierul-henri-coanda\\\/\"]}]},{\"@type\":\"ImageObject\",\"inLanguage\":\"en-GB\",\"@id\":\"https:\\\/\\\/buletin.de\\\/bucuresti\\\/sector-1-complex-educational-de-peste-50-de-milioane-de-euro-propus-in-cartierul-henri-coanda\\\/#primaryimage\",\"url\":\"https:\\\/\\\/buletin.de\\\/bucuresti\\\/wp-content\\\/uploads\\\/2026\\\/05\\\/1-1024x724-1.jpg\",\"contentUrl\":\"https:\\\/\\\/buletin.de\\\/bucuresti\\\/wp-content\\\/uploads\\\/2026\\\/05\\\/1-1024x724-1.jpg\",\"width\":1024,\"height\":724,\"caption\":\"Complex educa\u0163ional de peste 50 de milioane de euro, propus \u00een cartierul Henri Coand\u0103. Foto: PS1\"},{\"@type\":\"BreadcrumbList\",\"@id\":\"https:\\\/\\\/buletin.de\\\/bucuresti\\\/sector-1-complex-educational-de-peste-50-de-milioane-de-euro-propus-in-cartierul-henri-coanda\\\/#breadcrumb\",\"itemListElement\":[{\"@type\":\"ListItem\",\"position\":1,\"name\":\"Acas\u0103\",\"item\":\"https:\\\/\\\/buletin.de\\\/bucuresti\\\/\"},{\"@type\":\"ListItem\",\"position\":2,\"name\":\"Sector 1 | Complex educa\u0163ional de peste 50 de milioane de euro, propus \u00een cartierul Henri Coand\u0103\"}]},{\"@type\":\"WebSite\",\"@id\":\"https:\\\/\\\/buletin.de\\\/bucuresti\\\/#website\",\"url\":\"https:\\\/\\\/buletin.de\\\/bucuresti\\\/\",\"name\":\"Buletin de Bucure\u0219ti\",\"description\":\"\u0218tiri \u0219i investiga\u021bii esen\u021biale din capital\u0103\",\"publisher\":{\"@id\":\"https:\\\/\\\/buletin.de\\\/bucuresti\\\/#organization\"},\"potentialAction\":[{\"@type\":\"SearchAction\",\"target\":{\"@type\":\"EntryPoint\",\"urlTemplate\":\"https:\\\/\\\/buletin.de\\\/bucuresti\\\/?s={search_term_string}\"},\"query-input\":{\"@type\":\"PropertyValueSpecification\",\"valueRequired\":true,\"valueName\":\"search_term_string\"}}],\"inLanguage\":\"en-GB\"},{\"@type\":\"Organization\",\"@id\":\"https:\\\/\\\/buletin.de\\\/bucuresti\\\/#organization\",\"name\":\"Buletin de Bucure\u0219ti\",\"url\":\"https:\\\/\\\/buletin.de\\\/bucuresti\\\/\",\"logo\":{\"@type\":\"ImageObject\",\"inLanguage\":\"en-GB\",\"@id\":\"https:\\\/\\\/buletin.de\\\/bucuresti\\\/#\\\/schema\\\/logo\\\/image\\\/\",\"url\":\"https:\\\/\\\/buletin.de\\\/bucuresti\\\/wp-content\\\/uploads\\\/logo-bdb-full-wide-vernil-transparent.png\",\"contentUrl\":\"https:\\\/\\\/buletin.de\\\/bucuresti\\\/wp-content\\\/uploads\\\/logo-bdb-full-wide-vernil-transparent.png\",\"width\":1782,\"height\":626,\"caption\":\"Buletin de Bucure\u0219ti\"},\"image\":{\"@id\":\"https:\\\/\\\/buletin.de\\\/bucuresti\\\/#\\\/schema\\\/logo\\\/image\\\/\"},\"sameAs\":[\"https:\\\/\\\/www.facebook.com\\\/buletin.de.buc\",\"https:\\\/\\\/www.instagram.com\\\/buletinde.bucuresti\\\/\"]},{\"@type\":\"Person\",\"@id\":\"https:\\\/\\\/buletin.de\\\/bucuresti\\\/#\\\/schema\\\/person\\\/150590659efde715459d159da012f501\",\"name\":\"Andreea Tudor\",\"image\":{\"@type\":\"ImageObject\",\"inLanguage\":\"en-GB\",\"@id\":\"https:\\\/\\\/secure.gravatar.com\\\/avatar\\\/a88705a186ab0b67f3349bcbced506c09e37256fbaad0e7f3bd1a79b4599f589?s=96&d=monsterid&r=g79290610aa1a65c2b86eebc2ca5aee8f\",\"url\":\"https:\\\/\\\/secure.gravatar.com\\\/avatar\\\/a88705a186ab0b67f3349bcbced506c09e37256fbaad0e7f3bd1a79b4599f589?s=96&d=monsterid&r=g\",\"contentUrl\":\"https:\\\/\\\/secure.gravatar.com\\\/avatar\\\/a88705a186ab0b67f3349bcbced506c09e37256fbaad0e7f3bd1a79b4599f589?s=96&d=monsterid&r=g\",\"caption\":\"Andreea Tudor\"},\"description\":\"N\u0103scut\u0103 \u0219i crescut\u0103 \u00een Bucure\u0219ti, sus\u021bin\u0103toare a presei independente. A\u0219a am ajuns redactor la Buletin de Bucure\u0219ti. Fiind eu, \u00eens\u0103mi, parte a sistemului de \u00eenv\u0103\u021b\u0103m\u00e2nt rom\u00e2nesc \u0219i pasionat\u0103 de domeniul social, pun sub lup\u0103 tot ceea ce se \u00eent\u00e2mpl\u0103 \u00een sfera educa\u021biei. Cred cu t\u0103rie c\u0103 presa \u201epentru cet\u0103\u021beni\u201d este presa independent\u0103. Oamenii au nevoie de o informare corect\u0103 pentru a \u00een\u021belege pe deplin ce se \u00eent\u00e2mpl\u0103 \u00een jurul lor \u0219i pentru a lua ac\u021biune \u00eempotriva nedrept\u0103\u021bilor.\",\"url\":\"https:\\\/\\\/buletin.de\\\/bucuresti\\\/author\\\/andreeatudor\\\/\"}]}<\/script>\n<!-- \/ Yoast SEO Premium plugin. -->","yoast_head_json":{"title":"Sector 1 | Complex educa\u0163ional de peste 50 de milioane de euro, propus \u00een cartierul Henri Coand\u0103 - Buletin de Bucure\u0219ti","description":"Un nou complex educa\u0163ional, cu \u015fcoal\u0103, gr\u0103dini\u0163\u0103 \u015fi bazin de \u00eenot, ar urma s\u0103 fie construit \u00een cartierul Henri Coand\u0103 din Sectorul 1.","robots":{"index":"index","follow":"follow","max-snippet":"max-snippet:-1","max-image-preview":"max-image-preview:large","max-video-preview":"max-video-preview:-1"},"canonical":"https:\/\/buletin.de\/bucuresti\/sector-1-complex-educational-de-peste-50-de-milioane-de-euro-propus-in-cartierul-henri-coanda\/","og_locale":"en_GB","og_type":"article","og_title":"Sector 1 | Complex educa\u0163ional de peste 50 de milioane de euro, propus \u00een cartierul Henri Coand\u0103","og_description":"Un nou complex educa\u0163ional, cu \u015fcoal\u0103, gr\u0103dini\u0163\u0103 \u015fi bazin de \u00eenot, ar urma s\u0103 fie construit \u00een cartierul Henri Coand\u0103 din Sectorul 1.","og_url":"https:\/\/buletin.de\/bucuresti\/sector-1-complex-educational-de-peste-50-de-milioane-de-euro-propus-in-cartierul-henri-coanda\/","og_site_name":"Buletin de Bucure\u0219ti","article_publisher":"https:\/\/www.facebook.com\/buletin.de.buc","article_published_time":"2026-05-01T15:24:31+00:00","article_modified_time":"2026-05-01T15:27:22+00:00","og_image":[{"width":1024,"height":724,"url":"https:\/\/buletin.de\/bucuresti\/wp-content\/uploads\/2026\/05\/1-1024x724-1.jpg","type":"image\/jpeg"}],"author":"Andreea Tudor","twitter_card":"summary_large_image","twitter_misc":{"Written by":"Andreea Tudor","Estimated reading time":"3 minutes"},"schema":{"@context":"https:\/\/schema.org","@graph":[{"@type":"Article","@id":"https:\/\/buletin.de\/bucuresti\/sector-1-complex-educational-de-peste-50-de-milioane-de-euro-propus-in-cartierul-henri-coanda\/#article","isPartOf":{"@id":"https:\/\/buletin.de\/bucuresti\/sector-1-complex-educational-de-peste-50-de-milioane-de-euro-propus-in-cartierul-henri-coanda\/"},"author":{"name":"Andreea Tudor","@id":"https:\/\/buletin.de\/bucuresti\/#\/schema\/person\/150590659efde715459d159da012f501"},"headline":"Sector 1 | Complex educa\u0163ional de peste 50 de milioane de euro, propus \u00een cartierul Henri Coand\u0103","datePublished":"2026-05-01T15:24:31+00:00","dateModified":"2026-05-01T15:27:22+00:00","mainEntityOfPage":{"@id":"https:\/\/buletin.de\/bucuresti\/sector-1-complex-educational-de-peste-50-de-milioane-de-euro-propus-in-cartierul-henri-coanda\/"},"wordCount":323,"publisher":{"@id":"https:\/\/buletin.de\/bucuresti\/#organization"},"image":{"@id":"https:\/\/buletin.de\/bucuresti\/sector-1-complex-educational-de-peste-50-de-milioane-de-euro-propus-in-cartierul-henri-coanda\/#primaryimage"},"thumbnailUrl":"https:\/\/buletin.de\/bucuresti\/wp-content\/uploads\/2026\/05\/1-1024x724-1.jpg","keywords":["bani publici","complex educational","educatie","fonduri europene","gradinita","scoala","Sector 1"],"articleSection":["Articole","Educa\u021bie","Prim\u0103rie","\u0218tiri"],"inLanguage":"en-GB","copyrightYear":"2026","copyrightHolder":{"@id":"https:\/\/buletin.de\/bucuresti\/#organization"}},{"@type":"WebPage","@id":"https:\/\/buletin.de\/bucuresti\/sector-1-complex-educational-de-peste-50-de-milioane-de-euro-propus-in-cartierul-henri-coanda\/","url":"https:\/\/buletin.de\/bucuresti\/sector-1-complex-educational-de-peste-50-de-milioane-de-euro-propus-in-cartierul-henri-coanda\/","name":"Sector 1 | Complex educa\u0163ional de peste 50 de milioane de euro, propus \u00een cartierul Henri Coand\u0103 - Buletin de Bucure\u0219ti","isPartOf":{"@id":"https:\/\/buletin.de\/bucuresti\/#website"},"primaryImageOfPage":{"@id":"https:\/\/buletin.de\/bucuresti\/sector-1-complex-educational-de-peste-50-de-milioane-de-euro-propus-in-cartierul-henri-coanda\/#primaryimage"},"image":{"@id":"https:\/\/buletin.de\/bucuresti\/sector-1-complex-educational-de-peste-50-de-milioane-de-euro-propus-in-cartierul-henri-coanda\/#primaryimage"},"thumbnailUrl":"https:\/\/buletin.de\/bucuresti\/wp-content\/uploads\/2026\/05\/1-1024x724-1.jpg","datePublished":"2026-05-01T15:24:31+00:00","dateModified":"2026-05-01T15:27:22+00:00","description":"Un nou complex educa\u0163ional, cu \u015fcoal\u0103, gr\u0103dini\u0163\u0103 \u015fi bazin de \u00eenot, ar urma s\u0103 fie construit \u00een cartierul Henri Coand\u0103 din Sectorul 1.","breadcrumb":{"@id":"https:\/\/buletin.de\/bucuresti\/sector-1-complex-educational-de-peste-50-de-milioane-de-euro-propus-in-cartierul-henri-coanda\/#breadcrumb"},"inLanguage":"en-GB","potentialAction":[{"@type":"ReadAction","target":["https:\/\/buletin.de\/bucuresti\/sector-1-complex-educational-de-peste-50-de-milioane-de-euro-propus-in-cartierul-henri-coanda\/"]}]},{"@type":"ImageObject","inLanguage":"en-GB","@id":"https:\/\/buletin.de\/bucuresti\/sector-1-complex-educational-de-peste-50-de-milioane-de-euro-propus-in-cartierul-henri-coanda\/#primaryimage","url":"https:\/\/buletin.de\/bucuresti\/wp-content\/uploads\/2026\/05\/1-1024x724-1.jpg","contentUrl":"https:\/\/buletin.de\/bucuresti\/wp-content\/uploads\/2026\/05\/1-1024x724-1.jpg","width":1024,"height":724,"caption":"Complex educa\u0163ional de peste 50 de milioane de euro, propus \u00een cartierul Henri Coand\u0103. Foto: PS1"},{"@type":"BreadcrumbList","@id":"https:\/\/buletin.de\/bucuresti\/sector-1-complex-educational-de-peste-50-de-milioane-de-euro-propus-in-cartierul-henri-coanda\/#breadcrumb","itemListElement":[{"@type":"ListItem","position":1,"name":"Acas\u0103","item":"https:\/\/buletin.de\/bucuresti\/"},{"@type":"ListItem","position":2,"name":"Sector 1 | Complex educa\u0163ional de peste 50 de milioane de euro, propus \u00een cartierul Henri Coand\u0103"}]},{"@type":"WebSite","@id":"https:\/\/buletin.de\/bucuresti\/#website","url":"https:\/\/buletin.de\/bucuresti\/","name":"Buletin de Bucure\u0219ti","description":"\u0218tiri \u0219i investiga\u021bii esen\u021biale din capital\u0103","publisher":{"@id":"https:\/\/buletin.de\/bucuresti\/#organization"},"potentialAction":[{"@type":"SearchAction","target":{"@type":"EntryPoint","urlTemplate":"https:\/\/buletin.de\/bucuresti\/?s={search_term_string}"},"query-input":{"@type":"PropertyValueSpecification","valueRequired":true,"valueName":"search_term_string"}}],"inLanguage":"en-GB"},{"@type":"Organization","@id":"https:\/\/buletin.de\/bucuresti\/#organization","name":"Buletin de Bucure\u0219ti","url":"https:\/\/buletin.de\/bucuresti\/","logo":{"@type":"ImageObject","inLanguage":"en-GB","@id":"https:\/\/buletin.de\/bucuresti\/#\/schema\/logo\/image\/","url":"https:\/\/buletin.de\/bucuresti\/wp-content\/uploads\/logo-bdb-full-wide-vernil-transparent.png","contentUrl":"https:\/\/buletin.de\/bucuresti\/wp-content\/uploads\/logo-bdb-full-wide-vernil-transparent.png","width":1782,"height":626,"caption":"Buletin de Bucure\u0219ti"},"image":{"@id":"https:\/\/buletin.de\/bucuresti\/#\/schema\/logo\/image\/"},"sameAs":["https:\/\/www.facebook.com\/buletin.de.buc","https:\/\/www.instagram.com\/buletinde.bucuresti\/"]},{"@type":"Person","@id":"https:\/\/buletin.de\/bucuresti\/#\/schema\/person\/150590659efde715459d159da012f501","name":"Andreea Tudor","image":{"@type":"ImageObject","inLanguage":"en-GB","@id":"https:\/\/secure.gravatar.com\/avatar\/a88705a186ab0b67f3349bcbced506c09e37256fbaad0e7f3bd1a79b4599f589?s=96&d=monsterid&r=g79290610aa1a65c2b86eebc2ca5aee8f","url":"https:\/\/secure.gravatar.com\/avatar\/a88705a186ab0b67f3349bcbced506c09e37256fbaad0e7f3bd1a79b4599f589?s=96&d=monsterid&r=g","contentUrl":"https:\/\/secure.gravatar.com\/avatar\/a88705a186ab0b67f3349bcbced506c09e37256fbaad0e7f3bd1a79b4599f589?s=96&d=monsterid&r=g","caption":"Andreea Tudor"},"description":"N\u0103scut\u0103 \u0219i crescut\u0103 \u00een Bucure\u0219ti, sus\u021bin\u0103toare a presei independente. A\u0219a am ajuns redactor la Buletin de Bucure\u0219ti. Fiind eu, \u00eens\u0103mi, parte a sistemului de \u00eenv\u0103\u021b\u0103m\u00e2nt rom\u00e2nesc \u0219i pasionat\u0103 de domeniul social, pun sub lup\u0103 tot ceea ce se \u00eent\u00e2mpl\u0103 \u00een sfera educa\u021biei. Cred cu t\u0103rie c\u0103 presa \u201epentru cet\u0103\u021beni\u201d este presa independent\u0103. Oamenii au nevoie de o informare corect\u0103 pentru a \u00een\u021belege pe deplin ce se \u00eent\u00e2mpl\u0103 \u00een jurul lor \u0219i pentru a lua ac\u021biune \u00eempotriva nedrept\u0103\u021bilor.","url":"https:\/\/buletin.de\/bucuresti\/author\/andreeatudor\/"}]}},"authors":[{"term_id":22573,"user_id":55,"is_guest":0,"slug":"andreeatudor","display_name":"Andreea Tudor","avatar_url":"https:\/\/secure.gravatar.com\/avatar\/a88705a186ab0b67f3349bcbced506c09e37256fbaad0e7f3bd1a79b4599f589?s=96&d=monsterid&r=g","0":null,"1":"","2":"","3":"","4":"","5":"","6":"","7":"","8":""}],"_links":{"self":[{"href":"https:\/\/buletin.de\/bucuresti\/wp-json\/wp\/v2\/posts\/190646","targetHints":{"allow":["GET"]}}],"collection":[{"href":"https:\/\/buletin.de\/bucuresti\/wp-json\/wp\/v2\/posts"}],"about":[{"href":"https:\/\/buletin.de\/bucuresti\/wp-json\/wp\/v2\/types\/post"}],"author":[{"embeddable":true,"href":"https:\/\/buletin.de\/bucuresti\/wp-json\/wp\/v2\/users\/55"}],"replies":[{"embeddable":true,"href":"https:\/\/buletin.de\/bucuresti\/wp-json\/wp\/v2\/comments?post=190646"}],"version-history":[{"count":4,"href":"https:\/\/buletin.de\/bucuresti\/wp-json\/wp\/v2\/posts\/190646\/revisions"}],"predecessor-version":[{"id":190660,"href":"https:\/\/buletin.de\/bucuresti\/wp-json\/wp\/v2\/posts\/190646\/revisions\/190660"}],"wp:featuredmedia":[{"embeddable":true,"href":"https:\/\/buletin.de\/bucuresti\/wp-json\/wp\/v2\/media\/190658"}],"wp:attachment":[{"href":"https:\/\/buletin.de\/bucuresti\/wp-json\/wp\/v2\/media?parent=190646"}],"wp:term":[{"taxonomy":"category","embeddable":true,"href":"https:\/\/buletin.de\/bucuresti\/wp-json\/wp\/v2\/categories?post=190646"},{"taxonomy":"post_tag","embeddable":true,"href":"https:\/\/buletin.de\/bucuresti\/wp-json\/wp\/v2\/tags?post=190646"},{"taxonomy":"author","embeddable":true,"href":"https:\/\/buletin.de\/bucuresti\/wp-json\/wp\/v2\/ppma_author?post=190646"}],"curies":[{"name":"wp","href":"https:\/\/api.w.org\/{rel}","templated":true}]}}