{"id":190636,"date":"2026-05-02T04:30:00","date_gmt":"2026-05-02T01:30:00","guid":{"rendered":"https:\/\/buletin.de\/bucuresti\/?p=190636"},"modified":"2026-05-01T23:10:50","modified_gmt":"2026-05-01T20:10:50","slug":"evenimentele-de-la-strazi-deschise-bucuresti-deviaza-patru-linii-stb-duminica","status":"publish","type":"post","link":"https:\/\/buletin.de\/bucuresti\/evenimentele-de-la-strazi-deschise-bucuresti-deviaza-patru-linii-stb-duminica\/","title":{"rendered":"\u201eStr\u0103zi Deschise &#8211; Bucure\u0219ti\u201d deviaz\u0103 patru linii STB duminic\u0103"},"content":{"rendered":"\n<p><strong>Duminic\u0103, 3 mai 2026, patru linii STB vor circula pe trasee modificate, ca urmare a desf\u0103\u015fur\u0103rii evenimentului cultural artistic dedicat proiectului \u201eStr\u0103zi Deschise &#8211; Bucure\u015fti Promenad\u0103 Urban\u0103\u201d. <\/strong><\/p>\n\n\n\n<p>\u00cen aceast\u0103 zi, traficul rutier va fi restric\u021bionat pe Splaiul Independen\u021bei, \u00eentre podul Na\u021biunile Unite \u0219i Strada Anghel Saligny, sensul de mers c\u0103tre Pod Izvor. Autobuzele <strong>liniilor 104, 123, 205 \u0219i 385\u00a0<\/strong>vor circula pe trasee modificate, potrivit <a href=\"https:\/\/www.stb.ro\/info?N=2586&amp;fbclid=IwY2xjawRhbu1leHRuA2FlbQIxMABicmlkETB3YTNZVG9ra0FxYkl5MGdOc3J0YwZhcHBfaWQQMjIyMDM5MTc4ODIwMDg5MgABHhcEQ4KfJHZ8kEq_29mTe2vECx4zqnVrG6GFGeifwE-gzMiOnsKW5bR8ljpl_aem_5_SGMXgv1HJKQLh2kpwqow\" type=\"link\" id=\"https:\/\/www.stb.ro\/info?N=2586&amp;fbclid=IwY2xjawRhbu1leHRuA2FlbQIxMABicmlkETB3YTNZVG9ra0FxYkl5MGdOc3J0YwZhcHBfaWQQMjIyMDM5MTc4ODIwMDg5MgABHhcEQ4KfJHZ8kEq_29mTe2vECx4zqnVrG6GFGeifwE-gzMiOnsKW5bR8ljpl_aem_5_SGMXgv1HJKQLh2kpwqow\" target=\"_blank\" rel=\"noreferrer noopener\">comunicatului STB<\/a>.<\/p>\n\n\n\n<h2 class=\"wp-block-heading\" id=\"h-patru-linii-stb-vor-fi-deviate-duminica\">Patru linii STB vor fi deviate, duminic\u0103 <\/h2>\n\n\n\n<p><strong>Cele patru <a href=\"https:\/\/buletin.de\/bucuresti\/doua-linii-stb-isi-modifica-traseele-pentru-lucrari-la-linia-de-tramvai-pe-bd-bucurestii-noi-bd-gloriei-si-str-piatra-morii\/\" type=\"link\" id=\"https:\/\/buletin.de\/bucuresti\/doua-linii-stb-isi-modifica-traseele-pentru-lucrari-la-linia-de-tramvai-pe-bd-bucurestii-noi-bd-gloriei-si-str-piatra-morii\/\" target=\"_blank\" rel=\"noreferrer noopener\">linii <\/a>de autobuz vor circula duminic\u0103, 3 mai, pe urm\u0103toarele trasee modificate: <\/strong><\/p>\n\n\n\n<ul class=\"wp-block-list\">\n<li><strong>Linia 104 <\/strong>va func\u0163iona pe traseul de baz\u01ce \u020bntre terminalul \u201eComplex Pantelimon\u201d \u015fi intersec\u021bia Splaiul Independen\u021bei\/Pod Na\u021biunile Unite, apoi pe un traseu modificat pe sens \u201ePia\u021ba Operei\u201d, pe Bulevardul Na\u021biunile Unite, Strada B.P. Ha\u0219deu, Splaiul Independen\u021bei, apoi traseul actual. <strong>Cel\u0103lalt sens nu se modific\u0103.<\/strong><\/li>\n\n\n\n<li><strong>Linia 123 <\/strong>va func\u0163iona pe traseul de baz\u01ce \u020bntre terminalul \u201eC.E.T. Sud Vitan\u201d \u015fi intersec\u021bia Splaiul Independen\u021bei\/Pod Na\u021biunile Unite, apoi pe un traseu modificat pe sens \u201ePia\u021ba Operei\u201d, pe Bulevardul Na\u021biunile Unite, Strada B.P. Ha\u0219deu, Splaiul Independen\u021bei, apoi traseul actual. <strong>Cel\u0103lalt sens nu se modific\u0103.<\/strong><\/li>\n\n\n\n<li><strong>Linia 205<\/strong> va func\u0163iona pe traseul de baz\u0103 \u020bntre terminalul \u201ePia\u021ba Unirii 2\u201d \u015fi intersec\u021bia Splaiul Independen\u021bei\/Pod Na\u021biunile Unite, apoi pe un traseu modificat pe sens \u201eM Str\u0103ule\u0219ti\u201d, pe Bulevardul Na\u021biunile Unite, Strada B.P. Ha\u0219deu, Splaiul Independen\u021bei, Bulevardul Schitu M\u0103gureanu, apoi traseul actual, <strong>iar pe sensul c\u0103tre \u201ePia\u021ba Unirii 2\u201d<\/strong>, pe traseul stabilit conform restric\u021biilor impuse de evenimentul \u201eStr\u0103zi Deschise &#8211; Bucure\u0219ti Promenad\u0103 Urban\u0103 pe Calea Victoriei\u201d pe Bulevardul Dacia, Strada Berzei, Strada Vasile P\u00e2rvan, Pod B.P. Ha\u015fdeu, Splaiul Independen\u0163ei, Pia\u0163a Unirii, \u201cPia\u021ba Unirii 2\u201d.<\/li>\n\n\n\n<li><strong>Linia 385<\/strong> va func\u0163iona pe traseul de baz\u01ce \u020bntre terminalul \u201ePia\u021ba Sf. Vineri\u201d \u015fi intersec\u021bia Splaiul Independen\u021bei\/Pod Na\u021biunile Unite, apoi pe un traseu modificat pe sens \u201eValea Oltului\u201d, pe Bulevardul Na\u021biunile Unite, Strada Izvor, apoi traseul actual. <strong>Cel\u0103lalt sens nu se modific\u0103.<\/strong><\/li>\n<\/ul>\n\n\n\n<p>STB SA pune la dispozi\u021bie mai multe mijloace de informare pentru c\u0103l\u0103tori, pentru a afla detalii \u00een timp real despre circula\u021bia mijloacelor de transport. <\/p>\n\n\n\n<p>C\u0103l\u0103torii pot consulta <a href=\"https:\/\/www.stb.ro\/\" type=\"link\" id=\"https:\/\/www.stb.ro\/\" target=\"_blank\" rel=\"noreferrer noopener\">site-ul oficial STB<\/a>, aplica\u021bia <strong>Info TB<\/strong> sau paginile de pe re\u021belele de socializare ale STB (Facebook, Instagram, X) pentru programe de func\u021bionare, modific\u0103ri de trasee \u0219i alte informa\u021bii. <\/p>\n\n\n\n<p>CITE\u0218TE \u0218I <a href=\"https:\/\/buletin.de\/bucuresti\/reabilitarea-sinelor-de-tramvai-schimba-traseele-a-trei-linii-stb-modificarile-intra-in-vigoare-de-luni\/\" target=\"_blank\" rel=\"noreferrer noopener\">Reabilitarea \u0219inelor de tramvai schimb\u0103 traseele a trei linii. Modific\u0103rile intr\u0103 \u00een vigoare de luni<\/a><\/p>\n","protected":false},"excerpt":{"rendered":"<p>Duminic\u0103, 3 mai 2026, patru linii STB vor circula pe trasee modificate, ca urmare a desf\u0103\u015fur\u0103rii evenimentului cultural artistic dedicat proiectului \u201eStr\u0103zi Deschise &#8211; Bucure\u015fti Promenad\u0103 Urban\u0103\u201d. \u00cen aceast\u0103 zi, traficul rutier va fi restric\u021bionat pe Splaiul Independen\u021bei, \u00eentre podul Na\u021biunile Unite \u0219i Strada Anghel Saligny, sensul de mers c\u0103tre Pod Izvor. Autobuzele liniilor 104, [&hellip;]<\/p>\n","protected":false},"author":65,"featured_media":190641,"comment_status":"closed","ping_status":"open","sticky":false,"template":"","format":"standard","meta":{"_acf_changed":false,"inline_featured_image":false,"ngg_post_thumbnail":0,"footnotes":""},"categories":[6994,62,650],"tags":[11344,4934,6626,11343,402,20167],"ppma_author":[23912],"class_list":["post-190636","post","type-post","status-publish","format-standard","has-post-thumbnail","hentry","category-stiri-2","category-stiri","category-transport","tag-linia-104","tag-linia-123","tag-linia-205","tag-linia-385","tag-stb","tag-trasee-modificate-autobuze-bucuresti"],"acf":[],"yoast_head":"<!-- This site is optimized with the Yoast SEO Premium plugin v25.3 (Yoast SEO v27.5) - https:\/\/yoast.com\/product\/yoast-seo-premium-wordpress\/ -->\n<title>\u201eStr\u0103zi Deschise - Bucure\u0219ti\u201d deviaz\u0103 patru linii STB duminic\u0103 - Buletin de Bucure\u0219ti<\/title>\n<meta name=\"description\" content=\"Duminic\u0103, 3 mai 2026, patru linii STB vor circula pe trasee modificate, \u00een contextul evenimentelor de la \u201eStr\u0103zi Deschise\u201d.\" \/>\n<meta name=\"robots\" content=\"index, follow, max-snippet:-1, max-image-preview:large, max-video-preview:-1\" \/>\n<link rel=\"canonical\" href=\"https:\/\/buletin.de\/bucuresti\/evenimentele-de-la-strazi-deschise-bucuresti-deviaza-patru-linii-stb-duminica\/\" \/>\n<meta property=\"og:locale\" content=\"en_GB\" \/>\n<meta property=\"og:type\" content=\"article\" \/>\n<meta property=\"og:title\" content=\"\u201eStr\u0103zi Deschise - Bucure\u0219ti\u201d deviaz\u0103 patru linii STB duminic\u0103\" \/>\n<meta property=\"og:description\" content=\"Duminic\u0103, 3 mai 2026, patru linii STB vor circula pe trasee modificate, \u00een contextul evenimentelor de la \u201eStr\u0103zi Deschise\u201d.\" \/>\n<meta property=\"og:url\" content=\"https:\/\/buletin.de\/bucuresti\/evenimentele-de-la-strazi-deschise-bucuresti-deviaza-patru-linii-stb-duminica\/\" \/>\n<meta property=\"og:site_name\" content=\"Buletin de Bucure\u0219ti\" \/>\n<meta property=\"article:publisher\" content=\"https:\/\/www.facebook.com\/buletin.de.buc\" \/>\n<meta property=\"article:published_time\" content=\"2026-05-02T01:30:00+00:00\" \/>\n<meta property=\"og:image\" content=\"https:\/\/buletin.de\/bucuresti\/wp-content\/uploads\/2026\/05\/Patru-linii-STB-3-mai-trasee-deviate.jpg\" \/>\n\t<meta property=\"og:image:width\" content=\"1200\" \/>\n\t<meta property=\"og:image:height\" content=\"650\" \/>\n\t<meta property=\"og:image:type\" content=\"image\/jpeg\" \/>\n<meta name=\"author\" content=\"Andreea St\u0103n\u0103r\u00eeng\u0103\" \/>\n<meta name=\"twitter:card\" content=\"summary_large_image\" \/>\n<meta name=\"twitter:label1\" content=\"Written by\" \/>\n\t<meta name=\"twitter:data1\" content=\"Andreea St\u0103n\u0103r\u00eeng\u0103\" \/>\n\t<meta name=\"twitter:label2\" content=\"Estimated reading time\" \/>\n\t<meta name=\"twitter:data2\" content=\"2 minutes\" \/>\n<script type=\"application\/ld+json\" class=\"yoast-schema-graph\">{\"@context\":\"https:\\\/\\\/schema.org\",\"@graph\":[{\"@type\":\"Article\",\"@id\":\"https:\\\/\\\/buletin.de\\\/bucuresti\\\/evenimentele-de-la-strazi-deschise-bucuresti-deviaza-patru-linii-stb-duminica\\\/#article\",\"isPartOf\":{\"@id\":\"https:\\\/\\\/buletin.de\\\/bucuresti\\\/evenimentele-de-la-strazi-deschise-bucuresti-deviaza-patru-linii-stb-duminica\\\/\"},\"author\":{\"name\":\"Andreea St\u0103n\u0103r\u00eeng\u0103\",\"@id\":\"https:\\\/\\\/buletin.de\\\/bucuresti\\\/#\\\/schema\\\/person\\\/81421a46fb84a0887cfd2238f5202586\"},\"headline\":\"\u201eStr\u0103zi Deschise &#8211; Bucure\u0219ti\u201d deviaz\u0103 patru linii STB duminic\u0103\",\"datePublished\":\"2026-05-02T01:30:00+00:00\",\"mainEntityOfPage\":{\"@id\":\"https:\\\/\\\/buletin.de\\\/bucuresti\\\/evenimentele-de-la-strazi-deschise-bucuresti-deviaza-patru-linii-stb-duminica\\\/\"},\"wordCount\":451,\"publisher\":{\"@id\":\"https:\\\/\\\/buletin.de\\\/bucuresti\\\/#organization\"},\"image\":{\"@id\":\"https:\\\/\\\/buletin.de\\\/bucuresti\\\/evenimentele-de-la-strazi-deschise-bucuresti-deviaza-patru-linii-stb-duminica\\\/#primaryimage\"},\"thumbnailUrl\":\"https:\\\/\\\/buletin.de\\\/bucuresti\\\/wp-content\\\/uploads\\\/2026\\\/05\\\/Patru-linii-STB-3-mai-trasee-deviate.jpg\",\"keywords\":[\"linia 104\",\"Linia 123\",\"linia 205\",\"linia 385\",\"stb\",\"trasee modificate autobuze bucuresti\"],\"articleSection\":[\"Articole\",\"\u0218tiri\",\"Transport\"],\"inLanguage\":\"en-GB\",\"copyrightYear\":\"2026\",\"copyrightHolder\":{\"@id\":\"https:\\\/\\\/buletin.de\\\/bucuresti\\\/#organization\"}},{\"@type\":\"WebPage\",\"@id\":\"https:\\\/\\\/buletin.de\\\/bucuresti\\\/evenimentele-de-la-strazi-deschise-bucuresti-deviaza-patru-linii-stb-duminica\\\/\",\"url\":\"https:\\\/\\\/buletin.de\\\/bucuresti\\\/evenimentele-de-la-strazi-deschise-bucuresti-deviaza-patru-linii-stb-duminica\\\/\",\"name\":\"\u201eStr\u0103zi Deschise - Bucure\u0219ti\u201d deviaz\u0103 patru linii STB duminic\u0103 - Buletin de Bucure\u0219ti\",\"isPartOf\":{\"@id\":\"https:\\\/\\\/buletin.de\\\/bucuresti\\\/#website\"},\"primaryImageOfPage\":{\"@id\":\"https:\\\/\\\/buletin.de\\\/bucuresti\\\/evenimentele-de-la-strazi-deschise-bucuresti-deviaza-patru-linii-stb-duminica\\\/#primaryimage\"},\"image\":{\"@id\":\"https:\\\/\\\/buletin.de\\\/bucuresti\\\/evenimentele-de-la-strazi-deschise-bucuresti-deviaza-patru-linii-stb-duminica\\\/#primaryimage\"},\"thumbnailUrl\":\"https:\\\/\\\/buletin.de\\\/bucuresti\\\/wp-content\\\/uploads\\\/2026\\\/05\\\/Patru-linii-STB-3-mai-trasee-deviate.jpg\",\"datePublished\":\"2026-05-02T01:30:00+00:00\",\"description\":\"Duminic\u0103, 3 mai 2026, patru linii STB vor circula pe trasee modificate, \u00een contextul evenimentelor de la \u201eStr\u0103zi Deschise\u201d.\",\"breadcrumb\":{\"@id\":\"https:\\\/\\\/buletin.de\\\/bucuresti\\\/evenimentele-de-la-strazi-deschise-bucuresti-deviaza-patru-linii-stb-duminica\\\/#breadcrumb\"},\"inLanguage\":\"en-GB\",\"potentialAction\":[{\"@type\":\"ReadAction\",\"target\":[\"https:\\\/\\\/buletin.de\\\/bucuresti\\\/evenimentele-de-la-strazi-deschise-bucuresti-deviaza-patru-linii-stb-duminica\\\/\"]}]},{\"@type\":\"ImageObject\",\"inLanguage\":\"en-GB\",\"@id\":\"https:\\\/\\\/buletin.de\\\/bucuresti\\\/evenimentele-de-la-strazi-deschise-bucuresti-deviaza-patru-linii-stb-duminica\\\/#primaryimage\",\"url\":\"https:\\\/\\\/buletin.de\\\/bucuresti\\\/wp-content\\\/uploads\\\/2026\\\/05\\\/Patru-linii-STB-3-mai-trasee-deviate.jpg\",\"contentUrl\":\"https:\\\/\\\/buletin.de\\\/bucuresti\\\/wp-content\\\/uploads\\\/2026\\\/05\\\/Patru-linii-STB-3-mai-trasee-deviate.jpg\",\"width\":1200,\"height\":650,\"caption\":\"Patru linii STB circul\u0103 pe trasee deviate duminic\u0103. Foto: Facebook\\\/STB\"},{\"@type\":\"BreadcrumbList\",\"@id\":\"https:\\\/\\\/buletin.de\\\/bucuresti\\\/evenimentele-de-la-strazi-deschise-bucuresti-deviaza-patru-linii-stb-duminica\\\/#breadcrumb\",\"itemListElement\":[{\"@type\":\"ListItem\",\"position\":1,\"name\":\"Acas\u0103\",\"item\":\"https:\\\/\\\/buletin.de\\\/bucuresti\\\/\"},{\"@type\":\"ListItem\",\"position\":2,\"name\":\"\u201eStr\u0103zi Deschise &#8211; Bucure\u0219ti\u201d deviaz\u0103 patru linii STB duminic\u0103\"}]},{\"@type\":\"WebSite\",\"@id\":\"https:\\\/\\\/buletin.de\\\/bucuresti\\\/#website\",\"url\":\"https:\\\/\\\/buletin.de\\\/bucuresti\\\/\",\"name\":\"Buletin de Bucure\u0219ti\",\"description\":\"\u0218tiri \u0219i investiga\u021bii esen\u021biale din capital\u0103\",\"publisher\":{\"@id\":\"https:\\\/\\\/buletin.de\\\/bucuresti\\\/#organization\"},\"potentialAction\":[{\"@type\":\"SearchAction\",\"target\":{\"@type\":\"EntryPoint\",\"urlTemplate\":\"https:\\\/\\\/buletin.de\\\/bucuresti\\\/?s={search_term_string}\"},\"query-input\":{\"@type\":\"PropertyValueSpecification\",\"valueRequired\":true,\"valueName\":\"search_term_string\"}}],\"inLanguage\":\"en-GB\"},{\"@type\":\"Organization\",\"@id\":\"https:\\\/\\\/buletin.de\\\/bucuresti\\\/#organization\",\"name\":\"Buletin de Bucure\u0219ti\",\"url\":\"https:\\\/\\\/buletin.de\\\/bucuresti\\\/\",\"logo\":{\"@type\":\"ImageObject\",\"inLanguage\":\"en-GB\",\"@id\":\"https:\\\/\\\/buletin.de\\\/bucuresti\\\/#\\\/schema\\\/logo\\\/image\\\/\",\"url\":\"https:\\\/\\\/buletin.de\\\/bucuresti\\\/wp-content\\\/uploads\\\/logo-bdb-full-wide-vernil-transparent.png\",\"contentUrl\":\"https:\\\/\\\/buletin.de\\\/bucuresti\\\/wp-content\\\/uploads\\\/logo-bdb-full-wide-vernil-transparent.png\",\"width\":1782,\"height\":626,\"caption\":\"Buletin de Bucure\u0219ti\"},\"image\":{\"@id\":\"https:\\\/\\\/buletin.de\\\/bucuresti\\\/#\\\/schema\\\/logo\\\/image\\\/\"},\"sameAs\":[\"https:\\\/\\\/www.facebook.com\\\/buletin.de.buc\",\"https:\\\/\\\/www.instagram.com\\\/buletinde.bucuresti\\\/\"]},{\"@type\":\"Person\",\"@id\":\"https:\\\/\\\/buletin.de\\\/bucuresti\\\/#\\\/schema\\\/person\\\/81421a46fb84a0887cfd2238f5202586\",\"name\":\"Andreea St\u0103n\u0103r\u00eeng\u0103\",\"image\":{\"@type\":\"ImageObject\",\"inLanguage\":\"en-GB\",\"@id\":\"https:\\\/\\\/secure.gravatar.com\\\/avatar\\\/dfa8d227a4388fad0f0bb03add04b5b176f4da34397dbb2eadc563b3d7162ce0?s=96&d=monsterid&r=g72784372b39ffe5a98a45288fe0d0e8a\",\"url\":\"https:\\\/\\\/secure.gravatar.com\\\/avatar\\\/dfa8d227a4388fad0f0bb03add04b5b176f4da34397dbb2eadc563b3d7162ce0?s=96&d=monsterid&r=g\",\"contentUrl\":\"https:\\\/\\\/secure.gravatar.com\\\/avatar\\\/dfa8d227a4388fad0f0bb03add04b5b176f4da34397dbb2eadc563b3d7162ce0?s=96&d=monsterid&r=g\",\"caption\":\"Andreea St\u0103n\u0103r\u00eeng\u0103\"},\"description\":\"Cu o experien\u021b\u0103 de peste 5 ani \u00een pres\u0103, face parte din echipa Buletin de Bucure\u0219ti din septembrie 2025. A colaborat cu c\u00e2teva publica\u021bii, printre care \u0219i Fanatik.ro, unde s-a ocupat de \u0219tiri de lifestyle \u0219i de actualitate. A f\u0103cut un pas c\u0103tre presa local\u0103 pentru a explora Bucure\u0219tiul \u0219i pove\u0219tile care merit\u0103 spuse.\",\"url\":\"https:\\\/\\\/buletin.de\\\/bucuresti\\\/author\\\/andreea-stanaranga\\\/\"}]}<\/script>\n<!-- \/ Yoast SEO Premium plugin. -->","yoast_head_json":{"title":"\u201eStr\u0103zi Deschise - Bucure\u0219ti\u201d deviaz\u0103 patru linii STB duminic\u0103 - Buletin de Bucure\u0219ti","description":"Duminic\u0103, 3 mai 2026, patru linii STB vor circula pe trasee modificate, \u00een contextul evenimentelor de la \u201eStr\u0103zi Deschise\u201d.","robots":{"index":"index","follow":"follow","max-snippet":"max-snippet:-1","max-image-preview":"max-image-preview:large","max-video-preview":"max-video-preview:-1"},"canonical":"https:\/\/buletin.de\/bucuresti\/evenimentele-de-la-strazi-deschise-bucuresti-deviaza-patru-linii-stb-duminica\/","og_locale":"en_GB","og_type":"article","og_title":"\u201eStr\u0103zi Deschise - Bucure\u0219ti\u201d deviaz\u0103 patru linii STB duminic\u0103","og_description":"Duminic\u0103, 3 mai 2026, patru linii STB vor circula pe trasee modificate, \u00een contextul evenimentelor de la \u201eStr\u0103zi Deschise\u201d.","og_url":"https:\/\/buletin.de\/bucuresti\/evenimentele-de-la-strazi-deschise-bucuresti-deviaza-patru-linii-stb-duminica\/","og_site_name":"Buletin de Bucure\u0219ti","article_publisher":"https:\/\/www.facebook.com\/buletin.de.buc","article_published_time":"2026-05-02T01:30:00+00:00","og_image":[{"width":1200,"height":650,"url":"https:\/\/buletin.de\/bucuresti\/wp-content\/uploads\/2026\/05\/Patru-linii-STB-3-mai-trasee-deviate.jpg","type":"image\/jpeg"}],"author":"Andreea St\u0103n\u0103r\u00eeng\u0103","twitter_card":"summary_large_image","twitter_misc":{"Written by":"Andreea St\u0103n\u0103r\u00eeng\u0103","Estimated reading time":"2 minutes"},"schema":{"@context":"https:\/\/schema.org","@graph":[{"@type":"Article","@id":"https:\/\/buletin.de\/bucuresti\/evenimentele-de-la-strazi-deschise-bucuresti-deviaza-patru-linii-stb-duminica\/#article","isPartOf":{"@id":"https:\/\/buletin.de\/bucuresti\/evenimentele-de-la-strazi-deschise-bucuresti-deviaza-patru-linii-stb-duminica\/"},"author":{"name":"Andreea St\u0103n\u0103r\u00eeng\u0103","@id":"https:\/\/buletin.de\/bucuresti\/#\/schema\/person\/81421a46fb84a0887cfd2238f5202586"},"headline":"\u201eStr\u0103zi Deschise &#8211; Bucure\u0219ti\u201d deviaz\u0103 patru linii STB duminic\u0103","datePublished":"2026-05-02T01:30:00+00:00","mainEntityOfPage":{"@id":"https:\/\/buletin.de\/bucuresti\/evenimentele-de-la-strazi-deschise-bucuresti-deviaza-patru-linii-stb-duminica\/"},"wordCount":451,"publisher":{"@id":"https:\/\/buletin.de\/bucuresti\/#organization"},"image":{"@id":"https:\/\/buletin.de\/bucuresti\/evenimentele-de-la-strazi-deschise-bucuresti-deviaza-patru-linii-stb-duminica\/#primaryimage"},"thumbnailUrl":"https:\/\/buletin.de\/bucuresti\/wp-content\/uploads\/2026\/05\/Patru-linii-STB-3-mai-trasee-deviate.jpg","keywords":["linia 104","Linia 123","linia 205","linia 385","stb","trasee modificate autobuze bucuresti"],"articleSection":["Articole","\u0218tiri","Transport"],"inLanguage":"en-GB","copyrightYear":"2026","copyrightHolder":{"@id":"https:\/\/buletin.de\/bucuresti\/#organization"}},{"@type":"WebPage","@id":"https:\/\/buletin.de\/bucuresti\/evenimentele-de-la-strazi-deschise-bucuresti-deviaza-patru-linii-stb-duminica\/","url":"https:\/\/buletin.de\/bucuresti\/evenimentele-de-la-strazi-deschise-bucuresti-deviaza-patru-linii-stb-duminica\/","name":"\u201eStr\u0103zi Deschise - Bucure\u0219ti\u201d deviaz\u0103 patru linii STB duminic\u0103 - Buletin de Bucure\u0219ti","isPartOf":{"@id":"https:\/\/buletin.de\/bucuresti\/#website"},"primaryImageOfPage":{"@id":"https:\/\/buletin.de\/bucuresti\/evenimentele-de-la-strazi-deschise-bucuresti-deviaza-patru-linii-stb-duminica\/#primaryimage"},"image":{"@id":"https:\/\/buletin.de\/bucuresti\/evenimentele-de-la-strazi-deschise-bucuresti-deviaza-patru-linii-stb-duminica\/#primaryimage"},"thumbnailUrl":"https:\/\/buletin.de\/bucuresti\/wp-content\/uploads\/2026\/05\/Patru-linii-STB-3-mai-trasee-deviate.jpg","datePublished":"2026-05-02T01:30:00+00:00","description":"Duminic\u0103, 3 mai 2026, patru linii STB vor circula pe trasee modificate, \u00een contextul evenimentelor de la \u201eStr\u0103zi Deschise\u201d.","breadcrumb":{"@id":"https:\/\/buletin.de\/bucuresti\/evenimentele-de-la-strazi-deschise-bucuresti-deviaza-patru-linii-stb-duminica\/#breadcrumb"},"inLanguage":"en-GB","potentialAction":[{"@type":"ReadAction","target":["https:\/\/buletin.de\/bucuresti\/evenimentele-de-la-strazi-deschise-bucuresti-deviaza-patru-linii-stb-duminica\/"]}]},{"@type":"ImageObject","inLanguage":"en-GB","@id":"https:\/\/buletin.de\/bucuresti\/evenimentele-de-la-strazi-deschise-bucuresti-deviaza-patru-linii-stb-duminica\/#primaryimage","url":"https:\/\/buletin.de\/bucuresti\/wp-content\/uploads\/2026\/05\/Patru-linii-STB-3-mai-trasee-deviate.jpg","contentUrl":"https:\/\/buletin.de\/bucuresti\/wp-content\/uploads\/2026\/05\/Patru-linii-STB-3-mai-trasee-deviate.jpg","width":1200,"height":650,"caption":"Patru linii STB circul\u0103 pe trasee deviate duminic\u0103. Foto: Facebook\/STB"},{"@type":"BreadcrumbList","@id":"https:\/\/buletin.de\/bucuresti\/evenimentele-de-la-strazi-deschise-bucuresti-deviaza-patru-linii-stb-duminica\/#breadcrumb","itemListElement":[{"@type":"ListItem","position":1,"name":"Acas\u0103","item":"https:\/\/buletin.de\/bucuresti\/"},{"@type":"ListItem","position":2,"name":"\u201eStr\u0103zi Deschise &#8211; Bucure\u0219ti\u201d deviaz\u0103 patru linii STB duminic\u0103"}]},{"@type":"WebSite","@id":"https:\/\/buletin.de\/bucuresti\/#website","url":"https:\/\/buletin.de\/bucuresti\/","name":"Buletin de Bucure\u0219ti","description":"\u0218tiri \u0219i investiga\u021bii esen\u021biale din capital\u0103","publisher":{"@id":"https:\/\/buletin.de\/bucuresti\/#organization"},"potentialAction":[{"@type":"SearchAction","target":{"@type":"EntryPoint","urlTemplate":"https:\/\/buletin.de\/bucuresti\/?s={search_term_string}"},"query-input":{"@type":"PropertyValueSpecification","valueRequired":true,"valueName":"search_term_string"}}],"inLanguage":"en-GB"},{"@type":"Organization","@id":"https:\/\/buletin.de\/bucuresti\/#organization","name":"Buletin de Bucure\u0219ti","url":"https:\/\/buletin.de\/bucuresti\/","logo":{"@type":"ImageObject","inLanguage":"en-GB","@id":"https:\/\/buletin.de\/bucuresti\/#\/schema\/logo\/image\/","url":"https:\/\/buletin.de\/bucuresti\/wp-content\/uploads\/logo-bdb-full-wide-vernil-transparent.png","contentUrl":"https:\/\/buletin.de\/bucuresti\/wp-content\/uploads\/logo-bdb-full-wide-vernil-transparent.png","width":1782,"height":626,"caption":"Buletin de Bucure\u0219ti"},"image":{"@id":"https:\/\/buletin.de\/bucuresti\/#\/schema\/logo\/image\/"},"sameAs":["https:\/\/www.facebook.com\/buletin.de.buc","https:\/\/www.instagram.com\/buletinde.bucuresti\/"]},{"@type":"Person","@id":"https:\/\/buletin.de\/bucuresti\/#\/schema\/person\/81421a46fb84a0887cfd2238f5202586","name":"Andreea St\u0103n\u0103r\u00eeng\u0103","image":{"@type":"ImageObject","inLanguage":"en-GB","@id":"https:\/\/secure.gravatar.com\/avatar\/dfa8d227a4388fad0f0bb03add04b5b176f4da34397dbb2eadc563b3d7162ce0?s=96&d=monsterid&r=g72784372b39ffe5a98a45288fe0d0e8a","url":"https:\/\/secure.gravatar.com\/avatar\/dfa8d227a4388fad0f0bb03add04b5b176f4da34397dbb2eadc563b3d7162ce0?s=96&d=monsterid&r=g","contentUrl":"https:\/\/secure.gravatar.com\/avatar\/dfa8d227a4388fad0f0bb03add04b5b176f4da34397dbb2eadc563b3d7162ce0?s=96&d=monsterid&r=g","caption":"Andreea St\u0103n\u0103r\u00eeng\u0103"},"description":"Cu o experien\u021b\u0103 de peste 5 ani \u00een pres\u0103, face parte din echipa Buletin de Bucure\u0219ti din septembrie 2025. A colaborat cu c\u00e2teva publica\u021bii, printre care \u0219i Fanatik.ro, unde s-a ocupat de \u0219tiri de lifestyle \u0219i de actualitate. A f\u0103cut un pas c\u0103tre presa local\u0103 pentru a explora Bucure\u0219tiul \u0219i pove\u0219tile care merit\u0103 spuse.","url":"https:\/\/buletin.de\/bucuresti\/author\/andreea-stanaranga\/"}]}},"authors":[{"term_id":23912,"user_id":65,"is_guest":0,"slug":"andreea-stanaranga","display_name":"Andreea St\u0103n\u0103r\u00eeng\u0103","avatar_url":"https:\/\/secure.gravatar.com\/avatar\/dfa8d227a4388fad0f0bb03add04b5b176f4da34397dbb2eadc563b3d7162ce0?s=96&d=monsterid&r=g","0":null,"1":"","2":"","3":"","4":"","5":"","6":"","7":"","8":""}],"_links":{"self":[{"href":"https:\/\/buletin.de\/bucuresti\/wp-json\/wp\/v2\/posts\/190636","targetHints":{"allow":["GET"]}}],"collection":[{"href":"https:\/\/buletin.de\/bucuresti\/wp-json\/wp\/v2\/posts"}],"about":[{"href":"https:\/\/buletin.de\/bucuresti\/wp-json\/wp\/v2\/types\/post"}],"author":[{"embeddable":true,"href":"https:\/\/buletin.de\/bucuresti\/wp-json\/wp\/v2\/users\/65"}],"replies":[{"embeddable":true,"href":"https:\/\/buletin.de\/bucuresti\/wp-json\/wp\/v2\/comments?post=190636"}],"version-history":[{"count":8,"href":"https:\/\/buletin.de\/bucuresti\/wp-json\/wp\/v2\/posts\/190636\/revisions"}],"predecessor-version":[{"id":190700,"href":"https:\/\/buletin.de\/bucuresti\/wp-json\/wp\/v2\/posts\/190636\/revisions\/190700"}],"wp:featuredmedia":[{"embeddable":true,"href":"https:\/\/buletin.de\/bucuresti\/wp-json\/wp\/v2\/media\/190641"}],"wp:attachment":[{"href":"https:\/\/buletin.de\/bucuresti\/wp-json\/wp\/v2\/media?parent=190636"}],"wp:term":[{"taxonomy":"category","embeddable":true,"href":"https:\/\/buletin.de\/bucuresti\/wp-json\/wp\/v2\/categories?post=190636"},{"taxonomy":"post_tag","embeddable":true,"href":"https:\/\/buletin.de\/bucuresti\/wp-json\/wp\/v2\/tags?post=190636"},{"taxonomy":"author","embeddable":true,"href":"https:\/\/buletin.de\/bucuresti\/wp-json\/wp\/v2\/ppma_author?post=190636"}],"curies":[{"name":"wp","href":"https:\/\/api.w.org\/{rel}","templated":true}]}}