{"id":190619,"date":"2026-05-02T05:00:00","date_gmt":"2026-05-02T02:00:00","guid":{"rendered":"https:\/\/buletin.de\/bucuresti\/?p=190619"},"modified":"2026-05-01T23:10:18","modified_gmt":"2026-05-01T20:10:18","slug":"a-doilea-weekend-cu-strazi-deschise-la-bucuresti-programul-evenimentelor","status":"publish","type":"post","link":"https:\/\/buletin.de\/bucuresti\/a-doilea-weekend-cu-strazi-deschise-la-bucuresti-programul-evenimentelor\/","title":{"rendered":"A doilea weekend cu \u201eStr\u0103zi Deschise\u201d, la Bucure\u0219ti. Programul evenimentelor"},"content":{"rendered":"\n<p>\u201e<strong>Str\u0103zi deschise \u2013 Bucure\u0219ti, Promenad\u0103 urban\u0103\u201d continu\u0103 \u00een weekendul 2\u20133 mai cu o serie de activit\u0103\u021bi dedicate r\u00e2ului D\u00e2mbovi\u021ba, reunite sub tema\u00a0\u201eD\u00e2mbovi\u021ba \u2013 r\u00e2ul care ne une\u0219te\u201d. Programul acestui weekend  propune o nou\u0103 perspectiv\u0103 asupra rela\u021biei dintre ora\u0219 \u0219i r\u00e2u.<\/strong><\/p>\n\n\n\n<p>\u00cen acest weekend, Strada Brezoianu nu devine pietonal\u0103.<\/p>\n\n\n\n<h2 class=\"wp-block-heading\" id=\"h-program-strazi-deschise\">Program \u201eStr\u0103zi Deschise\u201d<\/h2>\n\n\n\n<h4 class=\"wp-block-heading\" id=\"h-sambata-2-mai\">S\u00e2mb\u0103t\u0103, 2 mai<\/h4>\n\n\n\n<p><strong>Calea Victoriei\u00a0este deschis\u0103 exclusiv circula\u021biei pietonale \u00eentre orele\u00a010:00 \u0219i 22:00. \u00cen weekendul 2-3 mai 2026, strada Ion Brezoianu\u00a0nu\u00a0devine zon\u0103 pietonal\u0103.\u00a0<\/strong><\/p>\n\n\n\n<h4 class=\"wp-block-heading\" id=\"h-duminica-3-mai\">Duminic\u0103, 3 mai<\/h4>\n\n\n\n<ul class=\"wp-block-list\">\n<li>10:00\u201314:00,\u00a0<strong>Debarcader Pia\u021ba Na\u021biunilor Unite:<\/strong>\u00a0Plimb\u0103ri pe D\u00e2mbovi\u021ba, flotila DAD (D\u00e2mbovi\u021ba Ap\u0103 Dulce) + Kayak Champions\u00a0;<\/li>\n\n\n\n<li>14:00\u201316:00,\u00a0<strong>traseu itinerant: Ateneul Rom\u00e2n \u2192\u00a0Splaiul Independen\u021bei<\/strong>, Tur ghidat \u201eDe la Podul Mogo\u0219oaiei la Calea Victoriei \u2013 istoria unui bulevard celebru\u201d, cu: Ovidiu Neac\u0219u.\u00a0<strong>Participarea este gratuit\u0103,<\/strong>\u00a0\u00een limita locurilor disponibile, pe<strong>\u00a0baz\u0103 de \u00eenscriere,\u00a0<\/strong><a href=\"https:\/\/forms.gle\/hVyWoykFGpfxoJJa6\" target=\"_blank\" rel=\"noreferrer noopener\"><strong>aici.<\/strong><\/a><strong>\u00a0<\/strong>Num\u0103r maxim de participan\u021bi:\u00a0<strong>50 persoane\/tur<\/strong>;<\/li>\n\n\n\n<li>16:00\u201320:00,\u00a0<strong>Debarcader Pia\u021ba Na\u021biunilor Unite:<\/strong>\u00a0Plimb\u0103ri pe D\u00e2mbovi\u021ba flotila DAD (D\u00e2mbovi\u021ba Ap\u0103 Dulce) + Kayak Champions\u00a0;<\/li>\n\n\n\n<li>17:00\u201319:00,\u00a0<strong>traseu itinerant: Statuia lui Carol I\u00a0\u2192\u00a0Muzeul de Istorie,<\/strong>\u00a0Tur ghidat \u201eExploreaz\u0103 Bucure\u0219tiul la pas pe Calea Victoriei\u201d, cu: Anita Sterea.\u00a0<strong>Participarea este gratuit\u0103,<\/strong>\u00a0\u00een limita locurilor disponibile, pe<strong>\u00a0baz\u0103 de \u00eenscriere,\u00a0<\/strong><a href=\"https:\/\/forms.gle\/hVyWoykFGpfxoJJa6\" target=\"_blank\" rel=\"noreferrer noopener\"><strong>aici.<\/strong><\/a>\u00a0Num\u0103r maxim de participan\u021bi:\u00a0<strong>50 persoane\/tur<\/strong>;<\/li>\n\n\n\n<li>17:00\u201318:30,\u00a0<strong>Pia\u021ba Revolu\u021biei:<\/strong>\u00a0Dezbatere public\u0103 \u201eD\u00e2mbovi\u021ba Ap\u0103 Dulce #r\u00e2ulcareune\u0219te\u201d\u00a0;<\/li>\n\n\n\n<li>pe tot parcursul zilei:\u00a0<strong>Pia\u021ba Revolu\u021biei<\/strong>, Expozi\u021bie stradal\u0103\u00a0<strong>\u201eD\u00e2mbovi\u021ba 2035\u201d<\/strong>.<\/li>\n<\/ul>\n\n\n\n<p><strong>CITE\u0218TE \u0218I:<\/strong> <a href=\"https:\/\/buletin.de\/bucuresti\/sanctiuni-maxime-pentru-cabinetul-din-bucuresti-unde-o-pacienta-a-murit-in-urma-unei-interventii-estetice-ministerul-sanatatii-a-descoperit-mai-multe-nereguli\/\"><strong>Sanc\u021biuni maxime pentru cabinetul din Bucure\u0219ti unde o pacient\u0103 a murit \u00een urma unei interven\u021bii estetice. Ministerul S\u0103n\u0103t\u0103\u021bii a descoperit mai multe nereguli<\/strong><\/a><\/p>\n\n\n\n<h2 class=\"wp-block-heading\" id=\"h-restric\u021bii-de-circula\u021bie-in-centrul-capitalei-in-weekend-pentru-strazi-deschise-bucure\u0219ti\">Restric\u021bii de circula\u021bie \u00een centrul Capitalei, \u00een weekend, pentru \u201eStr\u0103zi Deschise \u2013 Bucure\u0219ti\u201d<\/h2>\n\n\n\n<p><strong>\u0218oferii din Bucure\u0219ti sunt anun\u021ba\u021bi c\u0103 \u00een acest final de s\u0103pt\u0103m\u00e2n\u0103 evenimentul urban \u201eStr\u0103zi Deschise\u201d aduce o nou\u0103 serie de restric\u021bii de circula\u021bie \u00een centrul ora\u0219ului. Circula\u021bia ma\u0219inilor nu va fi permis\u0103 pe Calea Victoriei \u00een intervalul orar 09:00 \u2013 22:00, dup\u0103 cum anun\u021b\u0103&nbsp;<a href=\"https:\/\/bpr.politiaromana.ro\/\" target=\"_blank\" rel=\"noreferrer noopener\">Brigada Rutier\u0103<\/a>.<\/strong><\/p>\n\n\n\n<p>Cu toate astea , pe timp de noapte, autovehiculele vor putea circula pe artera care devine pietonal\u0103 weekend de weekend.<\/p>\n\n\n\n<h2 class=\"wp-block-heading\" id=\"h-restric\u021biile-de-circula\u021bie-nu-afecteaza-riveranii\">Restric\u021biile de circula\u021bie nu afecteaz\u0103 riveranii<\/h2>\n\n\n\n<p>\u00cen zilele de 2 \u0219i 3 mai 2026, \u00eentre orele 09:00 \u2013 22:00, Calea Victoriei va deveni pietonal\u0103 \u00een cadrul evenimentului urban organizat de Prim\u0103ria Capitalei, \u201eStr\u0103zi Deschise \u2013 Bucure\u0219ti, Promenad\u0103 Urban\u0103\u201d. Astfel c\u0103, la final de s\u0103pt\u0103m\u00e2n\u0103, pe segmentul cuprins \u00eentre Bd. Dacia \u0219i Splaiul Independen\u021bei vor avea loc, printre altele:<\/p>\n\n\n\n<ul class=\"wp-block-list\">\n<li>Concerte stradale,<\/li>\n\n\n\n<li>Spectacole de teatru \u0219i dans,<\/li>\n\n\n\n<li>Ateliare pentru copii,<\/li>\n\n\n\n<li>Reprezenta\u021bii cu statui vivante.<\/li>\n<\/ul>\n\n\n\n<p>Pentru a asigura siguran\u021ba participan\u021bilor la eveniment, Brigada Rutier\u0103 a impus restric\u021bii pe segmentul mai sus men\u021bionat. De asemenea, poli\u021bi\u0219tii informeaz\u0103 c\u0103 traficul rutier va fi restric\u021bionat at\u00e2t pentru conduc\u0103torii de autovehicule, c\u00e2t \u0219i pentru bicicli\u0219ti \u0219i utilizatori de trotinete.<\/p>\n\n\n\n<p>Pe durata restric\u021biilor, intersec\u021biile cu Bd. Dacia, Str. C.A. Rosetti, Str. \u0218tirbei Vod\u0103, Str. Ion C\u00e2mpineanu \u0219i Bd. Regina Elisabeta. nu vor fi afectate.<\/p>\n\n\n\n<p>De asemenea, accesul riveranilor c\u0103tre domiciliu \u0219i c\u0103tre unit\u0103\u021bile economice din zon\u0103 va fi permis.<\/p>\n\n\n\n<p>Poli\u021bi\u0219tii au oferit si o rut\u0103 alternativ\u0103 pe care \u0219oferii o pot utiliza pe perioada restric\u021biilor de circula\u021bie. Iat\u0103 care este aceasta:<\/p>\n\n\n\n<ul class=\"wp-block-list\">\n<li><strong>Pia\u021ba Victoriei \u2013 Bd. Lasc\u0103r Catargiu \u2013 Pia\u021ba Roman\u0103 \u2013 Bd. Gheorghe Magheru \u2013 Bd. Nicolae B\u0103lcescu \u2013 Pia\u021ba Universit\u0103\u021bii \u2013 Bd. I.C. Br\u0103tianu \u2013 Pia\u021ba Unirii \u2013 Splaiul Independen\u021bei; \u2013 Pia\u021ba Victoriei \u2013 Str. Buze\u0219ti \u2013 Str. Berzei.<\/strong><\/li>\n<\/ul>\n\n\n\n<h2 class=\"wp-block-heading\" id=\"h-traficul-este-afectat-\u0219i-de-o-adunare-publica\">Traficul este afectat \u0219i de o adunare public\u0103<\/h2>\n\n\n\n<p>\u00cen ziua de duminic\u0103, 3 mai 2026, \u00eentre orele 15:00-19:00, Asocia\u021bia Buddhist\u0103 Kagyu va organiza o adunare public\u0103 \u0219i mar\u0219 \u00een Pia\u021ba Victoriei pentru \u201eS\u0103rb\u0103torirea lui Buddha\u201d. \u00cen acest context, traficul rutier va fi restric\u021bionat pe banda I de mers, pe traseul&nbsp;<strong>bd. Nicolae B\u0103lcescu \u2013 bd. Gheorghe Magheru \u2013 Pia\u021ba Roman\u0103 \u2013 Pia\u021ba Victoriei<\/strong>.<\/p>\n\n\n\n<p>Programul adun\u0103rii va fi urm\u0103torul:<\/p>\n\n\n\n<ul class=\"wp-block-list\">\n<li>\u00centre orele 15.00 \u2013 15.30, adunarea participan\u021bilor \u00een Pia\u021ba Universit\u0103\u021bii, pe trotuarul de pe bd. Nicolae B\u0103lcescu, aferent parcului din fa\u021ba Teatrului Na\u021bional.<\/li>\n\n\n\n<li>\u00centre orele 15.30 \u2013 16.30, deplasare pe banda I de circula\u021bie, pe traseul bd. Nicolae B\u0103lcescu \u2013 bd. Gheorghe Magheru \u2013 Pia\u021ba Roman\u0103 \u2013 Pia\u021ba Victoriei (alveola central\u0103).<\/li>\n\n\n\n<li>\u00centre orele 16.30 \u2013 18.30, adunare public\u0103 \u00een Pia\u021ba Victoriei (alveola central\u0103).<\/li>\n\n\n\n<li>\u00centre orele 18.30 \u2013 19.30, defluirea total\u0103 a participan\u021bilor.<\/li>\n<\/ul>\n\n\n\n<p>Brigada rutier\u0103 \u00eei roag\u0103 pe \u0219oferi s\u0103 circule prudent \u0219i s\u0103 men\u021bin\u0103 o distan\u021b\u0103 de siguran\u021b\u0103 \u00eentre vehicule, astfel \u00eenc\u00e2t s\u0103 poat\u0103 fr\u00e2na \u00een condi\u021bii de siguran\u021b\u0103, dac\u0103 situa\u021bia o impune. De asemenea, conduc\u0103torii sunt ruga\u021bi s\u0103 respecte semnalele, indica\u021biile \u0219i dispozi\u021biile poli\u021bi\u0219tilor.<\/p>\n\n\n\n<p><strong>CITE\u0218TE \u0218I: <a href=\"https:\/\/buletin.de\/bucuresti\/o-parcare-long-term-cu-aproape-800-de-locuri-va-fi-construita-la-aeroportul-otopeni\/\">VIDEO | Noua parcare \u201eLong Term\u201d de la Aeroportul Otopeni va avea aproape 800 de locuri<\/a><\/strong><\/p>\n","protected":false},"excerpt":{"rendered":"<p>\u201eStr\u0103zi deschise \u2013 Bucure\u0219ti, Promenad\u0103 urban\u0103\u201d continu\u0103 \u00een weekendul 2\u20133 mai cu o serie de activit\u0103\u021bi dedicate r\u00e2ului D\u00e2mbovi\u021ba, reunite sub tema\u00a0\u201eD\u00e2mbovi\u021ba \u2013 r\u00e2ul care ne une\u0219te\u201d. Programul acestui weekend propune o nou\u0103 perspectiv\u0103 asupra rela\u021biei dintre ora\u0219 \u0219i r\u00e2u. \u00cen acest weekend, Strada Brezoianu nu devine pietonal\u0103. Program \u201eStr\u0103zi Deschise\u201d S\u00e2mb\u0103t\u0103, 2 mai Calea [&hellip;]<\/p>\n","protected":false},"author":49,"featured_media":145683,"comment_status":"closed","ping_status":"open","sticky":false,"template":"","format":"standard","meta":{"_acf_changed":false,"inline_featured_image":false,"ngg_post_thumbnail":0,"footnotes":""},"categories":[6994,1,5762],"tags":[4494,2794],"ppma_author":[22574],"class_list":["post-190619","post","type-post","status-publish","format-standard","has-post-thumbnail","hentry","category-stiri-2","category-diverse","category-main","tag-restrictii-de-circulatie","tag-strazi-deschise"],"acf":[],"yoast_head":"<!-- This site is optimized with the Yoast SEO Premium plugin v25.3 (Yoast SEO v27.5) - https:\/\/yoast.com\/product\/yoast-seo-premium-wordpress\/ -->\n<title>A doilea weekend cu \u201eStr\u0103zi Deschise\u201d, la Bucure\u0219ti. Programul evenimentelor - Buletin de Bucure\u0219ti<\/title>\n<meta name=\"description\" content=\"\u201eStr\u0103zi deschise \u2013 Bucure\u0219ti, Promenad\u0103 urban\u0103\u201d continu\u0103 \u00een weekendul 2\u20133 mai cu o serie de activit\u0103\u021bi dedicate r\u00e2ului D\u00e2mbovi\u021ba.\" \/>\n<meta name=\"robots\" content=\"index, follow, max-snippet:-1, max-image-preview:large, max-video-preview:-1\" \/>\n<link rel=\"canonical\" href=\"https:\/\/buletin.de\/bucuresti\/a-doilea-weekend-cu-strazi-deschise-la-bucuresti-programul-evenimentelor\/\" \/>\n<meta property=\"og:locale\" content=\"en_GB\" \/>\n<meta property=\"og:type\" content=\"article\" \/>\n<meta property=\"og:title\" content=\"A doilea weekend cu \u201eStr\u0103zi Deschise\u201d, la Bucure\u0219ti. Programul evenimentelor\" \/>\n<meta property=\"og:description\" content=\"\u201eStr\u0103zi deschise \u2013 Bucure\u0219ti, Promenad\u0103 urban\u0103\u201d continu\u0103 \u00een weekendul 2\u20133 mai cu o serie de activit\u0103\u021bi dedicate r\u00e2ului D\u00e2mbovi\u021ba.\" \/>\n<meta property=\"og:url\" content=\"https:\/\/buletin.de\/bucuresti\/a-doilea-weekend-cu-strazi-deschise-la-bucuresti-programul-evenimentelor\/\" \/>\n<meta property=\"og:site_name\" content=\"Buletin de Bucure\u0219ti\" \/>\n<meta property=\"article:publisher\" content=\"https:\/\/www.facebook.com\/buletin.de.buc\" \/>\n<meta property=\"article:published_time\" content=\"2026-05-02T02:00:00+00:00\" \/>\n<meta property=\"og:image\" content=\"https:\/\/buletin.de\/bucuresti\/wp-content\/uploads\/2025\/08\/STRAZI-DESCHISE-30-AUGUST.jpg\" \/>\n\t<meta property=\"og:image:width\" content=\"1920\" \/>\n\t<meta property=\"og:image:height\" content=\"1280\" \/>\n\t<meta property=\"og:image:type\" content=\"image\/jpeg\" \/>\n<meta name=\"author\" content=\"Diana Matei\" \/>\n<meta name=\"twitter:card\" content=\"summary_large_image\" \/>\n<meta name=\"twitter:label1\" content=\"Written by\" \/>\n\t<meta name=\"twitter:data1\" content=\"Diana Matei\" \/>\n\t<meta name=\"twitter:label2\" content=\"Estimated reading time\" \/>\n\t<meta name=\"twitter:data2\" content=\"4 minutes\" \/>\n<script type=\"application\/ld+json\" class=\"yoast-schema-graph\">{\"@context\":\"https:\\\/\\\/schema.org\",\"@graph\":[{\"@type\":\"Article\",\"@id\":\"https:\\\/\\\/buletin.de\\\/bucuresti\\\/a-doilea-weekend-cu-strazi-deschise-la-bucuresti-programul-evenimentelor\\\/#article\",\"isPartOf\":{\"@id\":\"https:\\\/\\\/buletin.de\\\/bucuresti\\\/a-doilea-weekend-cu-strazi-deschise-la-bucuresti-programul-evenimentelor\\\/\"},\"author\":{\"name\":\"Diana Matei\",\"@id\":\"https:\\\/\\\/buletin.de\\\/bucuresti\\\/#\\\/schema\\\/person\\\/7e46040573290777280a0835d81ea4ea\"},\"headline\":\"A doilea weekend cu \u201eStr\u0103zi Deschise\u201d, la Bucure\u0219ti. Programul evenimentelor\",\"datePublished\":\"2026-05-02T02:00:00+00:00\",\"mainEntityOfPage\":{\"@id\":\"https:\\\/\\\/buletin.de\\\/bucuresti\\\/a-doilea-weekend-cu-strazi-deschise-la-bucuresti-programul-evenimentelor\\\/\"},\"wordCount\":835,\"publisher\":{\"@id\":\"https:\\\/\\\/buletin.de\\\/bucuresti\\\/#organization\"},\"image\":{\"@id\":\"https:\\\/\\\/buletin.de\\\/bucuresti\\\/a-doilea-weekend-cu-strazi-deschise-la-bucuresti-programul-evenimentelor\\\/#primaryimage\"},\"thumbnailUrl\":\"https:\\\/\\\/buletin.de\\\/bucuresti\\\/wp-content\\\/uploads\\\/2025\\\/08\\\/STRAZI-DESCHISE-30-AUGUST.jpg\",\"keywords\":[\"restrictii de circulatie\",\"strazi deschise\"],\"articleSection\":[\"Articole\",\"Diverse\",\"Main\"],\"inLanguage\":\"en-GB\",\"copyrightYear\":\"2026\",\"copyrightHolder\":{\"@id\":\"https:\\\/\\\/buletin.de\\\/bucuresti\\\/#organization\"}},{\"@type\":\"WebPage\",\"@id\":\"https:\\\/\\\/buletin.de\\\/bucuresti\\\/a-doilea-weekend-cu-strazi-deschise-la-bucuresti-programul-evenimentelor\\\/\",\"url\":\"https:\\\/\\\/buletin.de\\\/bucuresti\\\/a-doilea-weekend-cu-strazi-deschise-la-bucuresti-programul-evenimentelor\\\/\",\"name\":\"A doilea weekend cu \u201eStr\u0103zi Deschise\u201d, la Bucure\u0219ti. Programul evenimentelor - Buletin de Bucure\u0219ti\",\"isPartOf\":{\"@id\":\"https:\\\/\\\/buletin.de\\\/bucuresti\\\/#website\"},\"primaryImageOfPage\":{\"@id\":\"https:\\\/\\\/buletin.de\\\/bucuresti\\\/a-doilea-weekend-cu-strazi-deschise-la-bucuresti-programul-evenimentelor\\\/#primaryimage\"},\"image\":{\"@id\":\"https:\\\/\\\/buletin.de\\\/bucuresti\\\/a-doilea-weekend-cu-strazi-deschise-la-bucuresti-programul-evenimentelor\\\/#primaryimage\"},\"thumbnailUrl\":\"https:\\\/\\\/buletin.de\\\/bucuresti\\\/wp-content\\\/uploads\\\/2025\\\/08\\\/STRAZI-DESCHISE-30-AUGUST.jpg\",\"datePublished\":\"2026-05-02T02:00:00+00:00\",\"description\":\"\u201eStr\u0103zi deschise \u2013 Bucure\u0219ti, Promenad\u0103 urban\u0103\u201d continu\u0103 \u00een weekendul 2\u20133 mai cu o serie de activit\u0103\u021bi dedicate r\u00e2ului D\u00e2mbovi\u021ba.\",\"breadcrumb\":{\"@id\":\"https:\\\/\\\/buletin.de\\\/bucuresti\\\/a-doilea-weekend-cu-strazi-deschise-la-bucuresti-programul-evenimentelor\\\/#breadcrumb\"},\"inLanguage\":\"en-GB\",\"potentialAction\":[{\"@type\":\"ReadAction\",\"target\":[\"https:\\\/\\\/buletin.de\\\/bucuresti\\\/a-doilea-weekend-cu-strazi-deschise-la-bucuresti-programul-evenimentelor\\\/\"]}]},{\"@type\":\"ImageObject\",\"inLanguage\":\"en-GB\",\"@id\":\"https:\\\/\\\/buletin.de\\\/bucuresti\\\/a-doilea-weekend-cu-strazi-deschise-la-bucuresti-programul-evenimentelor\\\/#primaryimage\",\"url\":\"https:\\\/\\\/buletin.de\\\/bucuresti\\\/wp-content\\\/uploads\\\/2025\\\/08\\\/STRAZI-DESCHISE-30-AUGUST.jpg\",\"contentUrl\":\"https:\\\/\\\/buletin.de\\\/bucuresti\\\/wp-content\\\/uploads\\\/2025\\\/08\\\/STRAZI-DESCHISE-30-AUGUST.jpg\",\"width\":1920,\"height\":1280,\"caption\":\"A doilea weekend cu \u201eStr\u0103zi Deschise\u201d, la Bucure\u0219ti. Programul evenimentelor. FOTO: ArhivaFoto: Prim\u0103ria Capitalei\"},{\"@type\":\"BreadcrumbList\",\"@id\":\"https:\\\/\\\/buletin.de\\\/bucuresti\\\/a-doilea-weekend-cu-strazi-deschise-la-bucuresti-programul-evenimentelor\\\/#breadcrumb\",\"itemListElement\":[{\"@type\":\"ListItem\",\"position\":1,\"name\":\"Acas\u0103\",\"item\":\"https:\\\/\\\/buletin.de\\\/bucuresti\\\/\"},{\"@type\":\"ListItem\",\"position\":2,\"name\":\"A doilea weekend cu \u201eStr\u0103zi Deschise\u201d, la Bucure\u0219ti. Programul evenimentelor\"}]},{\"@type\":\"WebSite\",\"@id\":\"https:\\\/\\\/buletin.de\\\/bucuresti\\\/#website\",\"url\":\"https:\\\/\\\/buletin.de\\\/bucuresti\\\/\",\"name\":\"Buletin de Bucure\u0219ti\",\"description\":\"\u0218tiri \u0219i investiga\u021bii esen\u021biale din capital\u0103\",\"publisher\":{\"@id\":\"https:\\\/\\\/buletin.de\\\/bucuresti\\\/#organization\"},\"potentialAction\":[{\"@type\":\"SearchAction\",\"target\":{\"@type\":\"EntryPoint\",\"urlTemplate\":\"https:\\\/\\\/buletin.de\\\/bucuresti\\\/?s={search_term_string}\"},\"query-input\":{\"@type\":\"PropertyValueSpecification\",\"valueRequired\":true,\"valueName\":\"search_term_string\"}}],\"inLanguage\":\"en-GB\"},{\"@type\":\"Organization\",\"@id\":\"https:\\\/\\\/buletin.de\\\/bucuresti\\\/#organization\",\"name\":\"Buletin de Bucure\u0219ti\",\"url\":\"https:\\\/\\\/buletin.de\\\/bucuresti\\\/\",\"logo\":{\"@type\":\"ImageObject\",\"inLanguage\":\"en-GB\",\"@id\":\"https:\\\/\\\/buletin.de\\\/bucuresti\\\/#\\\/schema\\\/logo\\\/image\\\/\",\"url\":\"https:\\\/\\\/buletin.de\\\/bucuresti\\\/wp-content\\\/uploads\\\/logo-bdb-full-wide-vernil-transparent.png\",\"contentUrl\":\"https:\\\/\\\/buletin.de\\\/bucuresti\\\/wp-content\\\/uploads\\\/logo-bdb-full-wide-vernil-transparent.png\",\"width\":1782,\"height\":626,\"caption\":\"Buletin de Bucure\u0219ti\"},\"image\":{\"@id\":\"https:\\\/\\\/buletin.de\\\/bucuresti\\\/#\\\/schema\\\/logo\\\/image\\\/\"},\"sameAs\":[\"https:\\\/\\\/www.facebook.com\\\/buletin.de.buc\",\"https:\\\/\\\/www.instagram.com\\\/buletinde.bucuresti\\\/\"]},{\"@type\":\"Person\",\"@id\":\"https:\\\/\\\/buletin.de\\\/bucuresti\\\/#\\\/schema\\\/person\\\/7e46040573290777280a0835d81ea4ea\",\"name\":\"Diana Matei\",\"image\":{\"@type\":\"ImageObject\",\"inLanguage\":\"en-GB\",\"@id\":\"https:\\\/\\\/buletin.de\\\/bucuresti\\\/wp-content\\\/uploads\\\/9-2-96x96.jpg1e8590b30871d70e62ebcdaf2eff570c\",\"url\":\"https:\\\/\\\/buletin.de\\\/bucuresti\\\/wp-content\\\/uploads\\\/9-2-96x96.jpg\",\"contentUrl\":\"https:\\\/\\\/buletin.de\\\/bucuresti\\\/wp-content\\\/uploads\\\/9-2-96x96.jpg\",\"caption\":\"Diana Matei\"},\"url\":\"https:\\\/\\\/buletin.de\\\/bucuresti\\\/author\\\/dianamatei\\\/\"}]}<\/script>\n<!-- \/ Yoast SEO Premium plugin. -->","yoast_head_json":{"title":"A doilea weekend cu \u201eStr\u0103zi Deschise\u201d, la Bucure\u0219ti. Programul evenimentelor - Buletin de Bucure\u0219ti","description":"\u201eStr\u0103zi deschise \u2013 Bucure\u0219ti, Promenad\u0103 urban\u0103\u201d continu\u0103 \u00een weekendul 2\u20133 mai cu o serie de activit\u0103\u021bi dedicate r\u00e2ului D\u00e2mbovi\u021ba.","robots":{"index":"index","follow":"follow","max-snippet":"max-snippet:-1","max-image-preview":"max-image-preview:large","max-video-preview":"max-video-preview:-1"},"canonical":"https:\/\/buletin.de\/bucuresti\/a-doilea-weekend-cu-strazi-deschise-la-bucuresti-programul-evenimentelor\/","og_locale":"en_GB","og_type":"article","og_title":"A doilea weekend cu \u201eStr\u0103zi Deschise\u201d, la Bucure\u0219ti. Programul evenimentelor","og_description":"\u201eStr\u0103zi deschise \u2013 Bucure\u0219ti, Promenad\u0103 urban\u0103\u201d continu\u0103 \u00een weekendul 2\u20133 mai cu o serie de activit\u0103\u021bi dedicate r\u00e2ului D\u00e2mbovi\u021ba.","og_url":"https:\/\/buletin.de\/bucuresti\/a-doilea-weekend-cu-strazi-deschise-la-bucuresti-programul-evenimentelor\/","og_site_name":"Buletin de Bucure\u0219ti","article_publisher":"https:\/\/www.facebook.com\/buletin.de.buc","article_published_time":"2026-05-02T02:00:00+00:00","og_image":[{"width":1920,"height":1280,"url":"https:\/\/buletin.de\/bucuresti\/wp-content\/uploads\/2025\/08\/STRAZI-DESCHISE-30-AUGUST.jpg","type":"image\/jpeg"}],"author":"Diana Matei","twitter_card":"summary_large_image","twitter_misc":{"Written by":"Diana Matei","Estimated reading time":"4 minutes"},"schema":{"@context":"https:\/\/schema.org","@graph":[{"@type":"Article","@id":"https:\/\/buletin.de\/bucuresti\/a-doilea-weekend-cu-strazi-deschise-la-bucuresti-programul-evenimentelor\/#article","isPartOf":{"@id":"https:\/\/buletin.de\/bucuresti\/a-doilea-weekend-cu-strazi-deschise-la-bucuresti-programul-evenimentelor\/"},"author":{"name":"Diana Matei","@id":"https:\/\/buletin.de\/bucuresti\/#\/schema\/person\/7e46040573290777280a0835d81ea4ea"},"headline":"A doilea weekend cu \u201eStr\u0103zi Deschise\u201d, la Bucure\u0219ti. Programul evenimentelor","datePublished":"2026-05-02T02:00:00+00:00","mainEntityOfPage":{"@id":"https:\/\/buletin.de\/bucuresti\/a-doilea-weekend-cu-strazi-deschise-la-bucuresti-programul-evenimentelor\/"},"wordCount":835,"publisher":{"@id":"https:\/\/buletin.de\/bucuresti\/#organization"},"image":{"@id":"https:\/\/buletin.de\/bucuresti\/a-doilea-weekend-cu-strazi-deschise-la-bucuresti-programul-evenimentelor\/#primaryimage"},"thumbnailUrl":"https:\/\/buletin.de\/bucuresti\/wp-content\/uploads\/2025\/08\/STRAZI-DESCHISE-30-AUGUST.jpg","keywords":["restrictii de circulatie","strazi deschise"],"articleSection":["Articole","Diverse","Main"],"inLanguage":"en-GB","copyrightYear":"2026","copyrightHolder":{"@id":"https:\/\/buletin.de\/bucuresti\/#organization"}},{"@type":"WebPage","@id":"https:\/\/buletin.de\/bucuresti\/a-doilea-weekend-cu-strazi-deschise-la-bucuresti-programul-evenimentelor\/","url":"https:\/\/buletin.de\/bucuresti\/a-doilea-weekend-cu-strazi-deschise-la-bucuresti-programul-evenimentelor\/","name":"A doilea weekend cu \u201eStr\u0103zi Deschise\u201d, la Bucure\u0219ti. Programul evenimentelor - Buletin de Bucure\u0219ti","isPartOf":{"@id":"https:\/\/buletin.de\/bucuresti\/#website"},"primaryImageOfPage":{"@id":"https:\/\/buletin.de\/bucuresti\/a-doilea-weekend-cu-strazi-deschise-la-bucuresti-programul-evenimentelor\/#primaryimage"},"image":{"@id":"https:\/\/buletin.de\/bucuresti\/a-doilea-weekend-cu-strazi-deschise-la-bucuresti-programul-evenimentelor\/#primaryimage"},"thumbnailUrl":"https:\/\/buletin.de\/bucuresti\/wp-content\/uploads\/2025\/08\/STRAZI-DESCHISE-30-AUGUST.jpg","datePublished":"2026-05-02T02:00:00+00:00","description":"\u201eStr\u0103zi deschise \u2013 Bucure\u0219ti, Promenad\u0103 urban\u0103\u201d continu\u0103 \u00een weekendul 2\u20133 mai cu o serie de activit\u0103\u021bi dedicate r\u00e2ului D\u00e2mbovi\u021ba.","breadcrumb":{"@id":"https:\/\/buletin.de\/bucuresti\/a-doilea-weekend-cu-strazi-deschise-la-bucuresti-programul-evenimentelor\/#breadcrumb"},"inLanguage":"en-GB","potentialAction":[{"@type":"ReadAction","target":["https:\/\/buletin.de\/bucuresti\/a-doilea-weekend-cu-strazi-deschise-la-bucuresti-programul-evenimentelor\/"]}]},{"@type":"ImageObject","inLanguage":"en-GB","@id":"https:\/\/buletin.de\/bucuresti\/a-doilea-weekend-cu-strazi-deschise-la-bucuresti-programul-evenimentelor\/#primaryimage","url":"https:\/\/buletin.de\/bucuresti\/wp-content\/uploads\/2025\/08\/STRAZI-DESCHISE-30-AUGUST.jpg","contentUrl":"https:\/\/buletin.de\/bucuresti\/wp-content\/uploads\/2025\/08\/STRAZI-DESCHISE-30-AUGUST.jpg","width":1920,"height":1280,"caption":"A doilea weekend cu \u201eStr\u0103zi Deschise\u201d, la Bucure\u0219ti. Programul evenimentelor. FOTO: ArhivaFoto: Prim\u0103ria Capitalei"},{"@type":"BreadcrumbList","@id":"https:\/\/buletin.de\/bucuresti\/a-doilea-weekend-cu-strazi-deschise-la-bucuresti-programul-evenimentelor\/#breadcrumb","itemListElement":[{"@type":"ListItem","position":1,"name":"Acas\u0103","item":"https:\/\/buletin.de\/bucuresti\/"},{"@type":"ListItem","position":2,"name":"A doilea weekend cu \u201eStr\u0103zi Deschise\u201d, la Bucure\u0219ti. Programul evenimentelor"}]},{"@type":"WebSite","@id":"https:\/\/buletin.de\/bucuresti\/#website","url":"https:\/\/buletin.de\/bucuresti\/","name":"Buletin de Bucure\u0219ti","description":"\u0218tiri \u0219i investiga\u021bii esen\u021biale din capital\u0103","publisher":{"@id":"https:\/\/buletin.de\/bucuresti\/#organization"},"potentialAction":[{"@type":"SearchAction","target":{"@type":"EntryPoint","urlTemplate":"https:\/\/buletin.de\/bucuresti\/?s={search_term_string}"},"query-input":{"@type":"PropertyValueSpecification","valueRequired":true,"valueName":"search_term_string"}}],"inLanguage":"en-GB"},{"@type":"Organization","@id":"https:\/\/buletin.de\/bucuresti\/#organization","name":"Buletin de Bucure\u0219ti","url":"https:\/\/buletin.de\/bucuresti\/","logo":{"@type":"ImageObject","inLanguage":"en-GB","@id":"https:\/\/buletin.de\/bucuresti\/#\/schema\/logo\/image\/","url":"https:\/\/buletin.de\/bucuresti\/wp-content\/uploads\/logo-bdb-full-wide-vernil-transparent.png","contentUrl":"https:\/\/buletin.de\/bucuresti\/wp-content\/uploads\/logo-bdb-full-wide-vernil-transparent.png","width":1782,"height":626,"caption":"Buletin de Bucure\u0219ti"},"image":{"@id":"https:\/\/buletin.de\/bucuresti\/#\/schema\/logo\/image\/"},"sameAs":["https:\/\/www.facebook.com\/buletin.de.buc","https:\/\/www.instagram.com\/buletinde.bucuresti\/"]},{"@type":"Person","@id":"https:\/\/buletin.de\/bucuresti\/#\/schema\/person\/7e46040573290777280a0835d81ea4ea","name":"Diana Matei","image":{"@type":"ImageObject","inLanguage":"en-GB","@id":"https:\/\/buletin.de\/bucuresti\/wp-content\/uploads\/9-2-96x96.jpg1e8590b30871d70e62ebcdaf2eff570c","url":"https:\/\/buletin.de\/bucuresti\/wp-content\/uploads\/9-2-96x96.jpg","contentUrl":"https:\/\/buletin.de\/bucuresti\/wp-content\/uploads\/9-2-96x96.jpg","caption":"Diana Matei"},"url":"https:\/\/buletin.de\/bucuresti\/author\/dianamatei\/"}]}},"authors":[{"term_id":22574,"user_id":49,"is_guest":0,"slug":"dianamatei","display_name":"Diana Matei","avatar_url":"https:\/\/buletin.de\/bucuresti\/wp-content\/uploads\/9-2-96x96.jpg","0":null,"1":"","2":"","3":"","4":"","5":"","6":"","7":"","8":""}],"_links":{"self":[{"href":"https:\/\/buletin.de\/bucuresti\/wp-json\/wp\/v2\/posts\/190619","targetHints":{"allow":["GET"]}}],"collection":[{"href":"https:\/\/buletin.de\/bucuresti\/wp-json\/wp\/v2\/posts"}],"about":[{"href":"https:\/\/buletin.de\/bucuresti\/wp-json\/wp\/v2\/types\/post"}],"author":[{"embeddable":true,"href":"https:\/\/buletin.de\/bucuresti\/wp-json\/wp\/v2\/users\/49"}],"replies":[{"embeddable":true,"href":"https:\/\/buletin.de\/bucuresti\/wp-json\/wp\/v2\/comments?post=190619"}],"version-history":[{"count":3,"href":"https:\/\/buletin.de\/bucuresti\/wp-json\/wp\/v2\/posts\/190619\/revisions"}],"predecessor-version":[{"id":190672,"href":"https:\/\/buletin.de\/bucuresti\/wp-json\/wp\/v2\/posts\/190619\/revisions\/190672"}],"wp:featuredmedia":[{"embeddable":true,"href":"https:\/\/buletin.de\/bucuresti\/wp-json\/wp\/v2\/media\/145683"}],"wp:attachment":[{"href":"https:\/\/buletin.de\/bucuresti\/wp-json\/wp\/v2\/media?parent=190619"}],"wp:term":[{"taxonomy":"category","embeddable":true,"href":"https:\/\/buletin.de\/bucuresti\/wp-json\/wp\/v2\/categories?post=190619"},{"taxonomy":"post_tag","embeddable":true,"href":"https:\/\/buletin.de\/bucuresti\/wp-json\/wp\/v2\/tags?post=190619"},{"taxonomy":"author","embeddable":true,"href":"https:\/\/buletin.de\/bucuresti\/wp-json\/wp\/v2\/ppma_author?post=190619"}],"curies":[{"name":"wp","href":"https:\/\/api.w.org\/{rel}","templated":true}]}}