{"id":190582,"date":"2026-05-02T04:10:00","date_gmt":"2026-05-02T01:10:00","guid":{"rendered":"https:\/\/buletin.de\/bucuresti\/?p=190582"},"modified":"2026-05-01T23:11:34","modified_gmt":"2026-05-01T20:11:34","slug":"temperaturile-cresc-usor-in-primele-zile-ale-saptamanii-viitoare-la-bucuresti","status":"publish","type":"post","link":"https:\/\/buletin.de\/bucuresti\/temperaturile-cresc-usor-in-primele-zile-ale-saptamanii-viitoare-la-bucuresti\/","title":{"rendered":"Temperaturile cresc u\u0219or \u00een primele zile ale s\u0103pt\u0103m\u00e2nii viitoare, \u00een Bucure\u0219ti \u0219i Ilfov"},"content":{"rendered":"\n<p><strong>Meteorologii anun\u021b\u0103 c\u0103 temperaturile cresc u\u0219or, \u00een Capital\u0103. La jum\u0103tatea s\u0103pt\u0103m\u00e2nii viitoare, maximele termice ajung s\u0103 ating\u0103 25 de grade.<\/strong><\/p>\n\n\n\n<p><strong>Luni, 3 mai,<\/strong> temperaturile cresc u\u0219or, dar se vor men\u021bine sub mediile climatologice specifice perioadei. Cerul va fi variabil, cu \u00eennor\u0103ri dup\u0103-amiaza \u0219i seara, c\u00e2nd trec\u0103tor vor mai fi condi\u021bii s\u0103 plou\u0103 slab. Temperatura maxim\u0103 se va situa \u00een jurul valorii de 16 grade, iar cea minim\u0103 va fi de 5\u20267 grade, u\u0219or mai sc\u0103zut\u0103 \u00een zona preor\u0103\u0219eneasc\u0103, spre 3 grade.<\/p>\n\n\n\n<p><strong>Mar\u021bi, 4 mai,<\/strong> valorile termice vor continua s\u0103 creasc\u0103 \u0219i se vor apropia de cele normale pentru aceast\u0103 dat\u0103. Cerul va fi variabil, iar v\u00e2ntul va sufla slab \u0219i moderat. Temperatura maxim\u0103 se va situa \u00een jurul valorii de 20 de grade, iar cea minim\u0103 va fi de 6\u20268 grade.<\/p>\n\n\n\n<p>\u00cen\u00a0perioada 05.05.2026 ora 09:00 &#8211; 08.05.2026 ora 09:00, valorile termice vor continua s\u0103 creasc\u0103 \u0219i vor caracteriza o vreme cald\u0103 pentru aceast\u0103 perioad\u0103. Probabilitatea de ploaie va fi mai ridicat\u0103 \u00een ultima zi a intervalului, potrivit <a href=\"https:\/\/www.meteoromania.ro\/\">ANM.<\/a><\/p>\n\n\n\n<p><strong>CITE\u0218TE \u0218I:<\/strong> <a href=\"https:\/\/buletin.de\/bucuresti\/agenda-urbana-cu-cosmin-buletin-recomandari-culturale-pentru-1-7-mai\/\"><strong>Agenda Urban\u0103 cu Cosmin @ Buletin: Recomand\u0103ri culturale pentru 1-7 mai<\/strong><\/a><\/p>\n\n\n\n<h2 class=\"wp-block-heading\" id=\"h-temperaturile-cresc-u\u0219or-\u0219i-in-\u021bara\">Temperaturile cresc u\u0219or \u0219i \u00een \u021bar\u0103<\/h2>\n\n\n\n<p>Valorile termice vor continua s\u0103 creasc\u0103 \u00een toate zonele \u021b\u0103rii \u0219i vor fi \u00een general apropiate de cele normale pentru<br>prima decad\u0103 a lunii mai. Cerul va fi variabil, iar v\u00e2ntul va sufla slab \u0219i moderat, cu unele intensific\u0103ri ziua \u00een est \u0219i<br>sud-est. <\/p>\n\n\n\n<p>Temperaturile maxime se vor \u00eencadra \u00een general \u00eentre 16 \u0219i 22 de grade, iar cele minime \u00eentre -2 grade \u00een<br>depresiunile din estul Transilvaniei \u0219i 13 grade \u00een Dealurile de Vest.<\/p>\n\n\n\n<p><strong>CITE\u0218TE \u0218I:<\/strong> <a href=\"https:\/\/buletin.de\/bucuresti\/apartamentele-vechi-devin-tot-mai-cautate-in-bucuresti-cererea-a-crescut-cu-peste-20-in-primul-trimestru-al-anului-dar-numarul-tranzactiilor-este-in-scadere\/\"><strong>Apartamentele vechi devin tot mai c\u0103utate \u00een Bucure\u0219ti. Cererea a crescut cu peste 20% \u00een primul trimestru al anului, dar num\u0103rul tranzac\u021biilor este \u00een sc\u0103dere<\/strong><\/a><\/p>\n","protected":false},"excerpt":{"rendered":"<p>Meteorologii anun\u021b\u0103 c\u0103 temperaturile cresc u\u0219or, \u00een Capital\u0103. La jum\u0103tatea s\u0103pt\u0103m\u00e2nii viitoare, maximele termice ajung s\u0103 ating\u0103 25 de grade. Luni, 3 mai, temperaturile cresc u\u0219or, dar se vor men\u021bine sub mediile climatologice specifice perioadei. Cerul va fi variabil, cu \u00eennor\u0103ri dup\u0103-amiaza \u0219i seara, c\u00e2nd trec\u0103tor vor mai fi condi\u021bii s\u0103 plou\u0103 slab. Temperatura maxim\u0103 [&hellip;]<\/p>\n","protected":false},"author":49,"featured_media":90976,"comment_status":"closed","ping_status":"open","sticky":false,"template":"","format":"standard","meta":{"_acf_changed":false,"inline_featured_image":false,"ngg_post_thumbnail":0,"footnotes":""},"categories":[6994,1,62],"tags":[4314,5928,10452],"ppma_author":[22574],"class_list":["post-190582","post","type-post","status-publish","format-standard","has-post-thumbnail","hentry","category-stiri-2","category-diverse","category-stiri","tag-anm","tag-anm-prognoza-meteo","tag-temperaturi-bucuresti"],"acf":[],"yoast_head":"<!-- This site is optimized with the Yoast SEO Premium plugin v25.3 (Yoast SEO v27.5) - https:\/\/yoast.com\/product\/yoast-seo-premium-wordpress\/ -->\n<title>Temperaturile cresc u\u0219or \u00een primele zile ale s\u0103pt\u0103m\u00e2nii viitoare, \u00een Bucure\u0219ti \u0219i Ilfov - Buletin de Bucure\u0219ti<\/title>\n<meta name=\"robots\" content=\"index, follow, max-snippet:-1, max-image-preview:large, max-video-preview:-1\" \/>\n<link rel=\"canonical\" href=\"https:\/\/buletin.de\/bucuresti\/temperaturile-cresc-usor-in-primele-zile-ale-saptamanii-viitoare-la-bucuresti\/\" \/>\n<meta property=\"og:locale\" content=\"en_GB\" \/>\n<meta property=\"og:type\" content=\"article\" \/>\n<meta property=\"og:title\" content=\"Temperaturile cresc u\u0219or \u00een primele zile ale s\u0103pt\u0103m\u00e2nii viitoare, \u00een Bucure\u0219ti \u0219i Ilfov\" \/>\n<meta property=\"og:description\" content=\"Meteorologii anun\u021b\u0103 c\u0103 temperaturile cresc u\u0219or, \u00een Capital\u0103. La jum\u0103tatea s\u0103pt\u0103m\u00e2nii viitoare, maximele termice ajung s\u0103 ating\u0103 25 de grade. Luni, 3 mai, temperaturile cresc u\u0219or, dar se vor men\u021bine sub mediile climatologice specifice perioadei. Cerul va fi variabil, cu \u00eennor\u0103ri dup\u0103-amiaza \u0219i seara, c\u00e2nd trec\u0103tor vor mai fi condi\u021bii s\u0103 plou\u0103 slab. Temperatura maxim\u0103 [&hellip;]\" \/>\n<meta property=\"og:url\" content=\"https:\/\/buletin.de\/bucuresti\/temperaturile-cresc-usor-in-primele-zile-ale-saptamanii-viitoare-la-bucuresti\/\" \/>\n<meta property=\"og:site_name\" content=\"Buletin de Bucure\u0219ti\" \/>\n<meta property=\"article:publisher\" content=\"https:\/\/www.facebook.com\/buletin.de.buc\" \/>\n<meta property=\"article:published_time\" content=\"2026-05-02T01:10:00+00:00\" \/>\n<meta property=\"og:image\" content=\"https:\/\/buletin.de\/bucuresti\/wp-content\/uploads\/meteo-04.07.2024.jpg\" \/>\n\t<meta property=\"og:image:width\" content=\"1280\" \/>\n\t<meta property=\"og:image:height\" content=\"852\" \/>\n\t<meta property=\"og:image:type\" content=\"image\/jpeg\" \/>\n<meta name=\"author\" content=\"Diana Matei\" \/>\n<meta name=\"twitter:card\" content=\"summary_large_image\" \/>\n<meta name=\"twitter:label1\" content=\"Written by\" \/>\n\t<meta name=\"twitter:data1\" content=\"Diana Matei\" \/>\n\t<meta name=\"twitter:label2\" content=\"Estimated reading time\" \/>\n\t<meta name=\"twitter:data2\" content=\"2 minutes\" \/>\n<script type=\"application\/ld+json\" class=\"yoast-schema-graph\">{\"@context\":\"https:\\\/\\\/schema.org\",\"@graph\":[{\"@type\":\"Article\",\"@id\":\"https:\\\/\\\/buletin.de\\\/bucuresti\\\/temperaturile-cresc-usor-in-primele-zile-ale-saptamanii-viitoare-la-bucuresti\\\/#article\",\"isPartOf\":{\"@id\":\"https:\\\/\\\/buletin.de\\\/bucuresti\\\/temperaturile-cresc-usor-in-primele-zile-ale-saptamanii-viitoare-la-bucuresti\\\/\"},\"author\":{\"name\":\"Diana Matei\",\"@id\":\"https:\\\/\\\/buletin.de\\\/bucuresti\\\/#\\\/schema\\\/person\\\/7e46040573290777280a0835d81ea4ea\"},\"headline\":\"Temperaturile cresc u\u0219or \u00een primele zile ale s\u0103pt\u0103m\u00e2nii viitoare, \u00een Bucure\u0219ti \u0219i Ilfov\",\"datePublished\":\"2026-05-02T01:10:00+00:00\",\"mainEntityOfPage\":{\"@id\":\"https:\\\/\\\/buletin.de\\\/bucuresti\\\/temperaturile-cresc-usor-in-primele-zile-ale-saptamanii-viitoare-la-bucuresti\\\/\"},\"wordCount\":316,\"publisher\":{\"@id\":\"https:\\\/\\\/buletin.de\\\/bucuresti\\\/#organization\"},\"image\":{\"@id\":\"https:\\\/\\\/buletin.de\\\/bucuresti\\\/temperaturile-cresc-usor-in-primele-zile-ale-saptamanii-viitoare-la-bucuresti\\\/#primaryimage\"},\"thumbnailUrl\":\"https:\\\/\\\/buletin.de\\\/bucuresti\\\/wp-content\\\/uploads\\\/meteo-04.07.2024.jpg\",\"keywords\":[\"anm\",\"anm prognoza meteo\",\"temperaturi Bucuresti\"],\"articleSection\":[\"Articole\",\"Diverse\",\"\u0218tiri\"],\"inLanguage\":\"en-GB\",\"copyrightYear\":\"2026\",\"copyrightHolder\":{\"@id\":\"https:\\\/\\\/buletin.de\\\/bucuresti\\\/#organization\"}},{\"@type\":\"WebPage\",\"@id\":\"https:\\\/\\\/buletin.de\\\/bucuresti\\\/temperaturile-cresc-usor-in-primele-zile-ale-saptamanii-viitoare-la-bucuresti\\\/\",\"url\":\"https:\\\/\\\/buletin.de\\\/bucuresti\\\/temperaturile-cresc-usor-in-primele-zile-ale-saptamanii-viitoare-la-bucuresti\\\/\",\"name\":\"Temperaturile cresc u\u0219or \u00een primele zile ale s\u0103pt\u0103m\u00e2nii viitoare, \u00een Bucure\u0219ti \u0219i Ilfov - Buletin de Bucure\u0219ti\",\"isPartOf\":{\"@id\":\"https:\\\/\\\/buletin.de\\\/bucuresti\\\/#website\"},\"primaryImageOfPage\":{\"@id\":\"https:\\\/\\\/buletin.de\\\/bucuresti\\\/temperaturile-cresc-usor-in-primele-zile-ale-saptamanii-viitoare-la-bucuresti\\\/#primaryimage\"},\"image\":{\"@id\":\"https:\\\/\\\/buletin.de\\\/bucuresti\\\/temperaturile-cresc-usor-in-primele-zile-ale-saptamanii-viitoare-la-bucuresti\\\/#primaryimage\"},\"thumbnailUrl\":\"https:\\\/\\\/buletin.de\\\/bucuresti\\\/wp-content\\\/uploads\\\/meteo-04.07.2024.jpg\",\"datePublished\":\"2026-05-02T01:10:00+00:00\",\"breadcrumb\":{\"@id\":\"https:\\\/\\\/buletin.de\\\/bucuresti\\\/temperaturile-cresc-usor-in-primele-zile-ale-saptamanii-viitoare-la-bucuresti\\\/#breadcrumb\"},\"inLanguage\":\"en-GB\",\"potentialAction\":[{\"@type\":\"ReadAction\",\"target\":[\"https:\\\/\\\/buletin.de\\\/bucuresti\\\/temperaturile-cresc-usor-in-primele-zile-ale-saptamanii-viitoare-la-bucuresti\\\/\"]}]},{\"@type\":\"ImageObject\",\"inLanguage\":\"en-GB\",\"@id\":\"https:\\\/\\\/buletin.de\\\/bucuresti\\\/temperaturile-cresc-usor-in-primele-zile-ale-saptamanii-viitoare-la-bucuresti\\\/#primaryimage\",\"url\":\"https:\\\/\\\/buletin.de\\\/bucuresti\\\/wp-content\\\/uploads\\\/meteo-04.07.2024.jpg\",\"contentUrl\":\"https:\\\/\\\/buletin.de\\\/bucuresti\\\/wp-content\\\/uploads\\\/meteo-04.07.2024.jpg\",\"width\":1280,\"height\":852,\"caption\":\"Temperaturile cresc u\u0219or, \u00een primele zile ale s\u0103pt\u0103m\u00e2nii viitoare, la Bucure\u0219ti. FOTO: Arhiva\"},{\"@type\":\"BreadcrumbList\",\"@id\":\"https:\\\/\\\/buletin.de\\\/bucuresti\\\/temperaturile-cresc-usor-in-primele-zile-ale-saptamanii-viitoare-la-bucuresti\\\/#breadcrumb\",\"itemListElement\":[{\"@type\":\"ListItem\",\"position\":1,\"name\":\"Acas\u0103\",\"item\":\"https:\\\/\\\/buletin.de\\\/bucuresti\\\/\"},{\"@type\":\"ListItem\",\"position\":2,\"name\":\"Temperaturile cresc u\u0219or \u00een primele zile ale s\u0103pt\u0103m\u00e2nii viitoare, \u00een Bucure\u0219ti \u0219i Ilfov\"}]},{\"@type\":\"WebSite\",\"@id\":\"https:\\\/\\\/buletin.de\\\/bucuresti\\\/#website\",\"url\":\"https:\\\/\\\/buletin.de\\\/bucuresti\\\/\",\"name\":\"Buletin de Bucure\u0219ti\",\"description\":\"\u0218tiri \u0219i investiga\u021bii esen\u021biale din capital\u0103\",\"publisher\":{\"@id\":\"https:\\\/\\\/buletin.de\\\/bucuresti\\\/#organization\"},\"potentialAction\":[{\"@type\":\"SearchAction\",\"target\":{\"@type\":\"EntryPoint\",\"urlTemplate\":\"https:\\\/\\\/buletin.de\\\/bucuresti\\\/?s={search_term_string}\"},\"query-input\":{\"@type\":\"PropertyValueSpecification\",\"valueRequired\":true,\"valueName\":\"search_term_string\"}}],\"inLanguage\":\"en-GB\"},{\"@type\":\"Organization\",\"@id\":\"https:\\\/\\\/buletin.de\\\/bucuresti\\\/#organization\",\"name\":\"Buletin de Bucure\u0219ti\",\"url\":\"https:\\\/\\\/buletin.de\\\/bucuresti\\\/\",\"logo\":{\"@type\":\"ImageObject\",\"inLanguage\":\"en-GB\",\"@id\":\"https:\\\/\\\/buletin.de\\\/bucuresti\\\/#\\\/schema\\\/logo\\\/image\\\/\",\"url\":\"https:\\\/\\\/buletin.de\\\/bucuresti\\\/wp-content\\\/uploads\\\/logo-bdb-full-wide-vernil-transparent.png\",\"contentUrl\":\"https:\\\/\\\/buletin.de\\\/bucuresti\\\/wp-content\\\/uploads\\\/logo-bdb-full-wide-vernil-transparent.png\",\"width\":1782,\"height\":626,\"caption\":\"Buletin de Bucure\u0219ti\"},\"image\":{\"@id\":\"https:\\\/\\\/buletin.de\\\/bucuresti\\\/#\\\/schema\\\/logo\\\/image\\\/\"},\"sameAs\":[\"https:\\\/\\\/www.facebook.com\\\/buletin.de.buc\",\"https:\\\/\\\/www.instagram.com\\\/buletinde.bucuresti\\\/\"]},{\"@type\":\"Person\",\"@id\":\"https:\\\/\\\/buletin.de\\\/bucuresti\\\/#\\\/schema\\\/person\\\/7e46040573290777280a0835d81ea4ea\",\"name\":\"Diana Matei\",\"image\":{\"@type\":\"ImageObject\",\"inLanguage\":\"en-GB\",\"@id\":\"https:\\\/\\\/buletin.de\\\/bucuresti\\\/wp-content\\\/uploads\\\/9-2-96x96.jpg1e8590b30871d70e62ebcdaf2eff570c\",\"url\":\"https:\\\/\\\/buletin.de\\\/bucuresti\\\/wp-content\\\/uploads\\\/9-2-96x96.jpg\",\"contentUrl\":\"https:\\\/\\\/buletin.de\\\/bucuresti\\\/wp-content\\\/uploads\\\/9-2-96x96.jpg\",\"caption\":\"Diana Matei\"},\"url\":\"https:\\\/\\\/buletin.de\\\/bucuresti\\\/author\\\/dianamatei\\\/\"}]}<\/script>\n<!-- \/ Yoast SEO Premium plugin. -->","yoast_head_json":{"title":"Temperaturile cresc u\u0219or \u00een primele zile ale s\u0103pt\u0103m\u00e2nii viitoare, \u00een Bucure\u0219ti \u0219i Ilfov - Buletin de Bucure\u0219ti","robots":{"index":"index","follow":"follow","max-snippet":"max-snippet:-1","max-image-preview":"max-image-preview:large","max-video-preview":"max-video-preview:-1"},"canonical":"https:\/\/buletin.de\/bucuresti\/temperaturile-cresc-usor-in-primele-zile-ale-saptamanii-viitoare-la-bucuresti\/","og_locale":"en_GB","og_type":"article","og_title":"Temperaturile cresc u\u0219or \u00een primele zile ale s\u0103pt\u0103m\u00e2nii viitoare, \u00een Bucure\u0219ti \u0219i Ilfov","og_description":"Meteorologii anun\u021b\u0103 c\u0103 temperaturile cresc u\u0219or, \u00een Capital\u0103. La jum\u0103tatea s\u0103pt\u0103m\u00e2nii viitoare, maximele termice ajung s\u0103 ating\u0103 25 de grade. Luni, 3 mai, temperaturile cresc u\u0219or, dar se vor men\u021bine sub mediile climatologice specifice perioadei. Cerul va fi variabil, cu \u00eennor\u0103ri dup\u0103-amiaza \u0219i seara, c\u00e2nd trec\u0103tor vor mai fi condi\u021bii s\u0103 plou\u0103 slab. Temperatura maxim\u0103 [&hellip;]","og_url":"https:\/\/buletin.de\/bucuresti\/temperaturile-cresc-usor-in-primele-zile-ale-saptamanii-viitoare-la-bucuresti\/","og_site_name":"Buletin de Bucure\u0219ti","article_publisher":"https:\/\/www.facebook.com\/buletin.de.buc","article_published_time":"2026-05-02T01:10:00+00:00","og_image":[{"width":1280,"height":852,"url":"https:\/\/buletin.de\/bucuresti\/wp-content\/uploads\/meteo-04.07.2024.jpg","type":"image\/jpeg"}],"author":"Diana Matei","twitter_card":"summary_large_image","twitter_misc":{"Written by":"Diana Matei","Estimated reading time":"2 minutes"},"schema":{"@context":"https:\/\/schema.org","@graph":[{"@type":"Article","@id":"https:\/\/buletin.de\/bucuresti\/temperaturile-cresc-usor-in-primele-zile-ale-saptamanii-viitoare-la-bucuresti\/#article","isPartOf":{"@id":"https:\/\/buletin.de\/bucuresti\/temperaturile-cresc-usor-in-primele-zile-ale-saptamanii-viitoare-la-bucuresti\/"},"author":{"name":"Diana Matei","@id":"https:\/\/buletin.de\/bucuresti\/#\/schema\/person\/7e46040573290777280a0835d81ea4ea"},"headline":"Temperaturile cresc u\u0219or \u00een primele zile ale s\u0103pt\u0103m\u00e2nii viitoare, \u00een Bucure\u0219ti \u0219i Ilfov","datePublished":"2026-05-02T01:10:00+00:00","mainEntityOfPage":{"@id":"https:\/\/buletin.de\/bucuresti\/temperaturile-cresc-usor-in-primele-zile-ale-saptamanii-viitoare-la-bucuresti\/"},"wordCount":316,"publisher":{"@id":"https:\/\/buletin.de\/bucuresti\/#organization"},"image":{"@id":"https:\/\/buletin.de\/bucuresti\/temperaturile-cresc-usor-in-primele-zile-ale-saptamanii-viitoare-la-bucuresti\/#primaryimage"},"thumbnailUrl":"https:\/\/buletin.de\/bucuresti\/wp-content\/uploads\/meteo-04.07.2024.jpg","keywords":["anm","anm prognoza meteo","temperaturi Bucuresti"],"articleSection":["Articole","Diverse","\u0218tiri"],"inLanguage":"en-GB","copyrightYear":"2026","copyrightHolder":{"@id":"https:\/\/buletin.de\/bucuresti\/#organization"}},{"@type":"WebPage","@id":"https:\/\/buletin.de\/bucuresti\/temperaturile-cresc-usor-in-primele-zile-ale-saptamanii-viitoare-la-bucuresti\/","url":"https:\/\/buletin.de\/bucuresti\/temperaturile-cresc-usor-in-primele-zile-ale-saptamanii-viitoare-la-bucuresti\/","name":"Temperaturile cresc u\u0219or \u00een primele zile ale s\u0103pt\u0103m\u00e2nii viitoare, \u00een Bucure\u0219ti \u0219i Ilfov - Buletin de Bucure\u0219ti","isPartOf":{"@id":"https:\/\/buletin.de\/bucuresti\/#website"},"primaryImageOfPage":{"@id":"https:\/\/buletin.de\/bucuresti\/temperaturile-cresc-usor-in-primele-zile-ale-saptamanii-viitoare-la-bucuresti\/#primaryimage"},"image":{"@id":"https:\/\/buletin.de\/bucuresti\/temperaturile-cresc-usor-in-primele-zile-ale-saptamanii-viitoare-la-bucuresti\/#primaryimage"},"thumbnailUrl":"https:\/\/buletin.de\/bucuresti\/wp-content\/uploads\/meteo-04.07.2024.jpg","datePublished":"2026-05-02T01:10:00+00:00","breadcrumb":{"@id":"https:\/\/buletin.de\/bucuresti\/temperaturile-cresc-usor-in-primele-zile-ale-saptamanii-viitoare-la-bucuresti\/#breadcrumb"},"inLanguage":"en-GB","potentialAction":[{"@type":"ReadAction","target":["https:\/\/buletin.de\/bucuresti\/temperaturile-cresc-usor-in-primele-zile-ale-saptamanii-viitoare-la-bucuresti\/"]}]},{"@type":"ImageObject","inLanguage":"en-GB","@id":"https:\/\/buletin.de\/bucuresti\/temperaturile-cresc-usor-in-primele-zile-ale-saptamanii-viitoare-la-bucuresti\/#primaryimage","url":"https:\/\/buletin.de\/bucuresti\/wp-content\/uploads\/meteo-04.07.2024.jpg","contentUrl":"https:\/\/buletin.de\/bucuresti\/wp-content\/uploads\/meteo-04.07.2024.jpg","width":1280,"height":852,"caption":"Temperaturile cresc u\u0219or, \u00een primele zile ale s\u0103pt\u0103m\u00e2nii viitoare, la Bucure\u0219ti. FOTO: Arhiva"},{"@type":"BreadcrumbList","@id":"https:\/\/buletin.de\/bucuresti\/temperaturile-cresc-usor-in-primele-zile-ale-saptamanii-viitoare-la-bucuresti\/#breadcrumb","itemListElement":[{"@type":"ListItem","position":1,"name":"Acas\u0103","item":"https:\/\/buletin.de\/bucuresti\/"},{"@type":"ListItem","position":2,"name":"Temperaturile cresc u\u0219or \u00een primele zile ale s\u0103pt\u0103m\u00e2nii viitoare, \u00een Bucure\u0219ti \u0219i Ilfov"}]},{"@type":"WebSite","@id":"https:\/\/buletin.de\/bucuresti\/#website","url":"https:\/\/buletin.de\/bucuresti\/","name":"Buletin de Bucure\u0219ti","description":"\u0218tiri \u0219i investiga\u021bii esen\u021biale din capital\u0103","publisher":{"@id":"https:\/\/buletin.de\/bucuresti\/#organization"},"potentialAction":[{"@type":"SearchAction","target":{"@type":"EntryPoint","urlTemplate":"https:\/\/buletin.de\/bucuresti\/?s={search_term_string}"},"query-input":{"@type":"PropertyValueSpecification","valueRequired":true,"valueName":"search_term_string"}}],"inLanguage":"en-GB"},{"@type":"Organization","@id":"https:\/\/buletin.de\/bucuresti\/#organization","name":"Buletin de Bucure\u0219ti","url":"https:\/\/buletin.de\/bucuresti\/","logo":{"@type":"ImageObject","inLanguage":"en-GB","@id":"https:\/\/buletin.de\/bucuresti\/#\/schema\/logo\/image\/","url":"https:\/\/buletin.de\/bucuresti\/wp-content\/uploads\/logo-bdb-full-wide-vernil-transparent.png","contentUrl":"https:\/\/buletin.de\/bucuresti\/wp-content\/uploads\/logo-bdb-full-wide-vernil-transparent.png","width":1782,"height":626,"caption":"Buletin de Bucure\u0219ti"},"image":{"@id":"https:\/\/buletin.de\/bucuresti\/#\/schema\/logo\/image\/"},"sameAs":["https:\/\/www.facebook.com\/buletin.de.buc","https:\/\/www.instagram.com\/buletinde.bucuresti\/"]},{"@type":"Person","@id":"https:\/\/buletin.de\/bucuresti\/#\/schema\/person\/7e46040573290777280a0835d81ea4ea","name":"Diana Matei","image":{"@type":"ImageObject","inLanguage":"en-GB","@id":"https:\/\/buletin.de\/bucuresti\/wp-content\/uploads\/9-2-96x96.jpg1e8590b30871d70e62ebcdaf2eff570c","url":"https:\/\/buletin.de\/bucuresti\/wp-content\/uploads\/9-2-96x96.jpg","contentUrl":"https:\/\/buletin.de\/bucuresti\/wp-content\/uploads\/9-2-96x96.jpg","caption":"Diana Matei"},"url":"https:\/\/buletin.de\/bucuresti\/author\/dianamatei\/"}]}},"authors":[{"term_id":22574,"user_id":49,"is_guest":0,"slug":"dianamatei","display_name":"Diana Matei","avatar_url":"https:\/\/buletin.de\/bucuresti\/wp-content\/uploads\/9-2-96x96.jpg","0":null,"1":"","2":"","3":"","4":"","5":"","6":"","7":"","8":""}],"_links":{"self":[{"href":"https:\/\/buletin.de\/bucuresti\/wp-json\/wp\/v2\/posts\/190582","targetHints":{"allow":["GET"]}}],"collection":[{"href":"https:\/\/buletin.de\/bucuresti\/wp-json\/wp\/v2\/posts"}],"about":[{"href":"https:\/\/buletin.de\/bucuresti\/wp-json\/wp\/v2\/types\/post"}],"author":[{"embeddable":true,"href":"https:\/\/buletin.de\/bucuresti\/wp-json\/wp\/v2\/users\/49"}],"replies":[{"embeddable":true,"href":"https:\/\/buletin.de\/bucuresti\/wp-json\/wp\/v2\/comments?post=190582"}],"version-history":[{"count":6,"href":"https:\/\/buletin.de\/bucuresti\/wp-json\/wp\/v2\/posts\/190582\/revisions"}],"predecessor-version":[{"id":190701,"href":"https:\/\/buletin.de\/bucuresti\/wp-json\/wp\/v2\/posts\/190582\/revisions\/190701"}],"wp:featuredmedia":[{"embeddable":true,"href":"https:\/\/buletin.de\/bucuresti\/wp-json\/wp\/v2\/media\/90976"}],"wp:attachment":[{"href":"https:\/\/buletin.de\/bucuresti\/wp-json\/wp\/v2\/media?parent=190582"}],"wp:term":[{"taxonomy":"category","embeddable":true,"href":"https:\/\/buletin.de\/bucuresti\/wp-json\/wp\/v2\/categories?post=190582"},{"taxonomy":"post_tag","embeddable":true,"href":"https:\/\/buletin.de\/bucuresti\/wp-json\/wp\/v2\/tags?post=190582"},{"taxonomy":"author","embeddable":true,"href":"https:\/\/buletin.de\/bucuresti\/wp-json\/wp\/v2\/ppma_author?post=190582"}],"curies":[{"name":"wp","href":"https:\/\/api.w.org\/{rel}","templated":true}]}}