{"id":190571,"date":"2026-05-02T04:00:00","date_gmt":"2026-05-02T01:00:00","guid":{"rendered":"https:\/\/buletin.de\/bucuresti\/?p=190571"},"modified":"2026-05-01T23:11:48","modified_gmt":"2026-05-01T20:11:48","slug":"autobuzele-liniei-178-vor-circula-pe-traseul-de-baza-in-acest-weekend","status":"publish","type":"post","link":"https:\/\/buletin.de\/bucuresti\/autobuzele-liniei-178-vor-circula-pe-traseul-de-baza-in-acest-weekend\/","title":{"rendered":"Autobuzele liniei 178 vor circula pe traseul de baz\u0103 \u00een acest weekend"},"content":{"rendered":"\n<p><strong>Autobuzele liniei 178\u00a0vor func\u021biona pe traseul de baz\u0103, \u00eentre \u201eComplex Apusului\u201d \u0219i \u201eSala Palatului\u201d, \u00een weekendul 02.05.2026 \u2013 03.05.2026. M\u0103sura este in vigoare av\u00e2nd \u00een vedere c\u0103 nu se vor institui restric\u021bii de circula\u021bie rutier\u0103 pe Strada Ion Brezoianu.\u00a0<\/strong><\/p>\n\n\n\n<h2 class=\"wp-block-heading\" id=\"h-autobuzele-liniei-178-raman-pe-traseul-de-baza-liniile-205-\u0219i-311-au-rute-modificate\">Autobuzele liniei 178 r\u0103m\u00e2n pe traseul de baz\u0103, liniile 205 \u0219i 311 au rute modificate<\/h2>\n\n\n\n<p>De asemenea, pentru liniile de autobuz 205 \u0219i 311 se vor men\u021bine modific\u0103rile de circula\u021bie transmise anterior, anume:<\/p>\n\n\n\n<p><strong>Linia 205<\/strong>&nbsp;va func\u0163iona pe traseul de baz\u01ce \u020bntre&nbsp;<strong>terminalul \u201eM Str\u0103ule\u0219ti\u201d \u015fi intersec\u021bia Calea Victoriei\/Bulevardul Dacia<\/strong>, apoi pe un&nbsp;<strong>traseu modificat pe sens \u201ePia\u021ba Unirii 2\u201d,<\/strong>&nbsp;pe Bulevardul Dacia, Strada Mircea Vulc\u0103nescu, Strada Berzei, Strada Vasile P\u00e2rvan, Pod B.P. Ha\u015fdeu, Splaiul Independen\u0163ei, Pia\u0163a Unirii, \u201ePia\u021ba Unirii 2\u201d.<\/p>\n\n\n\n<p><em>Cel\u0103lalt sens nu se modific\u0103.<\/em><\/p>\n\n\n\n<p><strong>Linia 311<\/strong>&nbsp;va func\u0163iona \u00eentre&nbsp;<strong>\u201eFaur\u201d \u015fi Pia\u0163a Universit\u0103\u0163ii, apoi pe un traseu modificat<\/strong>&nbsp;pe Bulevardul Regina Elisabeta, Bulevardul Schitu M\u0103gureanu, Strada \u015etirbei Vod\u0103, p\u00e2n\u0103 la sta\u0163ia \u201eLuteran\u0103\u201d (comun cu liniile 122, 137, 168, 226, 368 \u015fi N121), cu \u020bntoarcere pe Strada \u015etirbei Vod\u0103, Calea Victoriei,&nbsp;Strada C. A. Rosetti, Strada Maria Rosetti, apoi traseul actual.<\/p>\n\n\n\n<p><strong>CITE\u0218TE \u0218I:<\/strong> <a href=\"https:\/\/buletin.de\/bucuresti\/targ-de-adoptii-in-parcul-plumbuita-buget-de-maxim-un-milion-de-lei\/\"><strong>T\u00e2rg de adop\u021bii \u00een Parcul Plumbuita. Buget maxim de un milion de lei<\/strong><\/a><\/p>\n\n\n\n<h2 class=\"wp-block-heading\" id=\"h-reabilitarea-\u0219inelor-de-tramvai-schimba-traseele-a-trei-linii-modificarile-intra-in-vigoare-de-luni\">Reabilitarea \u0219inelor de tramvai schimb\u0103 traseele a trei linii. Modific\u0103rile intr\u0103 \u00een vigoare de luni<\/h2>\n\n\n\n<p><strong>Asocia\u021biei de Dezvoltare Intercomunitar\u0103 pentru Transport Public Bucure\u0219ti \u2013 Ilfov (TPBI) modific\u0103 traseul a trei linii STB \u00eencep\u00e2nd de luni, pentru reabilitarea \u0219inelor, potrivit unui&nbsp;<a href=\"https:\/\/tpbi.ro\/traseele-liniilor-605-655-si-n103-modificate-incepand-de-luni-4-mai-2026\/#\">comunicat&nbsp;<\/a>de pres\u0103. Sunt vizate liniile navet\u0103 605, 655, dar \u0219i linia de noapte N103.<\/strong><\/p>\n\n\n\n<p>M\u0103sura a fost instituit\u0103 \u00eentruc\u00e2t vor \u00eencepe lucr\u0103rile de reabilitare a \u0219inei de tramvai de pe Strada M\u00e2ntuleasa, Strada Paleologu, Strada Armand C\u0103linescu \u0219i Strada Vasile Lasc\u0103r. Tot de luni, autobuzele liniilor 605 \u0219i 655 vor \u00eentoarce \u00een terminalul de tramvaie \u201ePia\u021ba Sf\u00e2nta Vineri\u201d \u0219i nu vor mai opri nici \u00een sta\u021bia \u201eMatei Basarab\u201d.<\/p>\n\n\n\n<p>Astfel, potrivit dispozi\u021biilor Asocia\u021biei de Dezvoltare Intercomunitar\u0103 pentru Transport Public Bucure\u0219ti \u2013 Ilfov (TPBI), liniile 605, 655 \u0219i N103 vor circula dup\u0103 cum urmeaz\u0103:<\/p>\n\n\n\n<ul class=\"wp-block-list\">\n<li>\u00a0<strong>Linia 605<\/strong>\u00a0va func\u021biona pe traseul: \u201ePia\u021ba Sf. Vineri\u201d, Str. Sf. Vineri, Calea Mo\u0219ilor, Bd. Carol I, Bd. Ferdinand, Pia\u021ba Foi\u0219orul de Foc, Str. Traian, Bd. Dacia, Str. Alecu Russo, Str. Tunari, \u201e\u0218oseaua \u0218tefan cel Mare\u201d, cu \u00eentoarcere pe Str. Tunari, \u0218os. \u0218tefan cel Mare, Str. Viitorului, Bd. Dacia, Calea Mo\u0219ilor, Str. Sf. Vineri,\u00a0<strong>breteaua vestic\u0103 a terminalului de tramvaie din \u201ePia\u021ba Sf. Vineri\u201d<\/strong><\/li>\n\n\n\n<li><strong>Linia 655<\/strong>\u00a0va \u00a0func\u021biona, de la \u201ePia\u021ba Sf. Vineri\u201d (fosta sta\u021bie de tramvaie a liniilor 14, 40, 55), pe Str. Sf. Vineri, Calea Mo\u0219ilor, Bd. Carol I, Bd. Pache Protopopescu,\u00a0 \u201ePia\u021ba Iancului\u201d, cu \u00eentoarcere pe Bd. Pache Protopopescu, Bd. Carol I, Calea Mo\u0219ilor, Str.\u00a0Sf. Vineri,\u00a0<strong>breteaua estic\u0103 a terminalului de tramvaie din \u201ePia\u021ba Sf. Vineri\u201d<\/strong>.<\/li>\n\n\n\n<li><strong>Linia de noapte N103\u00a0<\/strong>va func\u021biona pe un\u00a0<strong>traseu modificat<\/strong>\u00a0\u00eentre terminalul\u00a0<strong>\u201ePia\u021ba\u00a0Unirii 2\u201d<\/strong>\u00a0\u0219i\u00a0<strong>\u201eInstitutul Oncologic\u201d<\/strong>, astfel: \u201ePia\u021ba Unirii 2\u201d, Bd. I. C. Br\u0103tianu, Pia\u021ba Universit\u0103\u021bii, Bd.\u00a0Carol I, Calea Mo\u0219ilor, Bd. Ferdinand, Str. Traian, Bd. Dacia, Str. Alecu Russo, Str. Tunari, Str. Barbu V\u0103c\u0103rescu, Bd. Lacul Tei, Str. Doamna Ghica, \u0218os. Colentina, \u0218os. Fundeni, \u201eInstitutul Oncologic\u201d, cu \u00eentoarcere pe \u0218os. Fundeni, \u0218os. Colentina, Str.\u00a0Doamna\u00a0Ghica, Bd. Lacul Tei, Str. Barbu V\u0103c\u0103rescu, Str. Tunari, Str. Alecu Russo, Bd.\u00a0Dacia, Calea Mo\u0219ilor, Bd. Corneliu Coposu, \u201ePia\u021ba Unirii 2\u201d.<\/li>\n<\/ul>\n\n\n\n<p><strong>CITE\u0218TE \u0218I:<\/strong> <a href=\"https:\/\/buletin.de\/bucuresti\/apartamentele-vechi-devin-tot-mai-cautate-in-bucuresti-cererea-a-crescut-cu-peste-20-in-primul-trimestru-al-anului-dar-numarul-tranzactiilor-este-in-scadere\/\"><strong>Apartamentele vechi devin tot mai c\u0103utate \u00een Bucure\u0219ti. Cererea a crescut cu peste 20% \u00een primul trimestru al anului, dar num\u0103rul tranzac\u021biilor este \u00een sc\u0103dere<\/strong><\/a><\/p>\n","protected":false},"excerpt":{"rendered":"<p>Autobuzele liniei 178\u00a0vor func\u021biona pe traseul de baz\u0103, \u00eentre \u201eComplex Apusului\u201d \u0219i \u201eSala Palatului\u201d, \u00een weekendul 02.05.2026 \u2013 03.05.2026. M\u0103sura este in vigoare av\u00e2nd \u00een vedere c\u0103 nu se vor institui restric\u021bii de circula\u021bie rutier\u0103 pe Strada Ion Brezoianu.\u00a0 Autobuzele liniei 178 r\u0103m\u00e2n pe traseul de baz\u0103, liniile 205 \u0219i 311 au rute modificate De [&hellip;]<\/p>\n","protected":false},"author":49,"featured_media":190573,"comment_status":"closed","ping_status":"open","sticky":false,"template":"","format":"standard","meta":{"_acf_changed":false,"inline_featured_image":false,"ngg_post_thumbnail":0,"footnotes":""},"categories":[6994,62],"tags":[28054,10157,6626,9370,7414],"ppma_author":[22574],"class_list":["post-190571","post","type-post","status-publish","format-standard","has-post-thumbnail","hentry","category-stiri-2","category-stiri","tag-complex-apusului","tag-linia-178","tag-linia-205","tag-linia-311","tag-sala-palatului"],"acf":[],"yoast_head":"<!-- This site is optimized with the Yoast SEO Premium plugin v25.3 (Yoast SEO v27.5) - https:\/\/yoast.com\/product\/yoast-seo-premium-wordpress\/ -->\n<title>Autobuzele liniei 178 vor circula pe traseul de baz\u0103 \u00een acest weekend - Buletin de Bucure\u0219ti<\/title>\n<meta name=\"description\" content=\"Autobuzele liniei 178\u00a0vor func\u021biona pe traseul de baz\u0103, \u00eentre \u201eComplex Apusului\u201d \u0219i \u201eSala Palatului\u201d, \u00een weekendul 02.05.2026 \u2013 03.05.2026.\" \/>\n<meta name=\"robots\" content=\"index, follow, max-snippet:-1, max-image-preview:large, max-video-preview:-1\" \/>\n<link rel=\"canonical\" href=\"https:\/\/buletin.de\/bucuresti\/autobuzele-liniei-178-vor-circula-pe-traseul-de-baza-in-acest-weekend\/\" \/>\n<meta property=\"og:locale\" content=\"en_GB\" \/>\n<meta property=\"og:type\" content=\"article\" \/>\n<meta property=\"og:title\" content=\"Autobuzele liniei 178 vor circula pe traseul de baz\u0103 \u00een acest weekend\" \/>\n<meta property=\"og:description\" content=\"Autobuzele liniei 178\u00a0vor func\u021biona pe traseul de baz\u0103, \u00eentre \u201eComplex Apusului\u201d \u0219i \u201eSala Palatului\u201d, \u00een weekendul 02.05.2026 \u2013 03.05.2026.\" \/>\n<meta property=\"og:url\" content=\"https:\/\/buletin.de\/bucuresti\/autobuzele-liniei-178-vor-circula-pe-traseul-de-baza-in-acest-weekend\/\" \/>\n<meta property=\"og:site_name\" content=\"Buletin de Bucure\u0219ti\" \/>\n<meta property=\"article:publisher\" content=\"https:\/\/www.facebook.com\/buletin.de.buc\" \/>\n<meta property=\"article:published_time\" content=\"2026-05-02T01:00:00+00:00\" \/>\n<meta property=\"og:image\" content=\"https:\/\/buletin.de\/bucuresti\/wp-content\/uploads\/2026\/05\/autobuz-178-278.jpg\" \/>\n\t<meta property=\"og:image:width\" content=\"1849\" \/>\n\t<meta property=\"og:image:height\" content=\"968\" \/>\n\t<meta property=\"og:image:type\" content=\"image\/jpeg\" \/>\n<meta name=\"author\" content=\"Diana Matei\" \/>\n<meta name=\"twitter:card\" content=\"summary_large_image\" \/>\n<meta name=\"twitter:label1\" content=\"Written by\" \/>\n\t<meta name=\"twitter:data1\" content=\"Diana Matei\" \/>\n\t<meta name=\"twitter:label2\" content=\"Estimated reading time\" \/>\n\t<meta name=\"twitter:data2\" content=\"3 minutes\" \/>\n<script type=\"application\/ld+json\" class=\"yoast-schema-graph\">{\"@context\":\"https:\\\/\\\/schema.org\",\"@graph\":[{\"@type\":\"Article\",\"@id\":\"https:\\\/\\\/buletin.de\\\/bucuresti\\\/autobuzele-liniei-178-vor-circula-pe-traseul-de-baza-in-acest-weekend\\\/#article\",\"isPartOf\":{\"@id\":\"https:\\\/\\\/buletin.de\\\/bucuresti\\\/autobuzele-liniei-178-vor-circula-pe-traseul-de-baza-in-acest-weekend\\\/\"},\"author\":{\"name\":\"Diana Matei\",\"@id\":\"https:\\\/\\\/buletin.de\\\/bucuresti\\\/#\\\/schema\\\/person\\\/7e46040573290777280a0835d81ea4ea\"},\"headline\":\"Autobuzele liniei 178 vor circula pe traseul de baz\u0103 \u00een acest weekend\",\"datePublished\":\"2026-05-02T01:00:00+00:00\",\"mainEntityOfPage\":{\"@id\":\"https:\\\/\\\/buletin.de\\\/bucuresti\\\/autobuzele-liniei-178-vor-circula-pe-traseul-de-baza-in-acest-weekend\\\/\"},\"wordCount\":635,\"publisher\":{\"@id\":\"https:\\\/\\\/buletin.de\\\/bucuresti\\\/#organization\"},\"image\":{\"@id\":\"https:\\\/\\\/buletin.de\\\/bucuresti\\\/autobuzele-liniei-178-vor-circula-pe-traseul-de-baza-in-acest-weekend\\\/#primaryimage\"},\"thumbnailUrl\":\"https:\\\/\\\/buletin.de\\\/bucuresti\\\/wp-content\\\/uploads\\\/2026\\\/05\\\/autobuz-178-278.jpg\",\"keywords\":[\"Complex Apusului\",\"linia 178\",\"linia 205\",\"linia 311\",\"Sala Palatului\"],\"articleSection\":[\"Articole\",\"\u0218tiri\"],\"inLanguage\":\"en-GB\",\"copyrightYear\":\"2026\",\"copyrightHolder\":{\"@id\":\"https:\\\/\\\/buletin.de\\\/bucuresti\\\/#organization\"}},{\"@type\":\"WebPage\",\"@id\":\"https:\\\/\\\/buletin.de\\\/bucuresti\\\/autobuzele-liniei-178-vor-circula-pe-traseul-de-baza-in-acest-weekend\\\/\",\"url\":\"https:\\\/\\\/buletin.de\\\/bucuresti\\\/autobuzele-liniei-178-vor-circula-pe-traseul-de-baza-in-acest-weekend\\\/\",\"name\":\"Autobuzele liniei 178 vor circula pe traseul de baz\u0103 \u00een acest weekend - Buletin de Bucure\u0219ti\",\"isPartOf\":{\"@id\":\"https:\\\/\\\/buletin.de\\\/bucuresti\\\/#website\"},\"primaryImageOfPage\":{\"@id\":\"https:\\\/\\\/buletin.de\\\/bucuresti\\\/autobuzele-liniei-178-vor-circula-pe-traseul-de-baza-in-acest-weekend\\\/#primaryimage\"},\"image\":{\"@id\":\"https:\\\/\\\/buletin.de\\\/bucuresti\\\/autobuzele-liniei-178-vor-circula-pe-traseul-de-baza-in-acest-weekend\\\/#primaryimage\"},\"thumbnailUrl\":\"https:\\\/\\\/buletin.de\\\/bucuresti\\\/wp-content\\\/uploads\\\/2026\\\/05\\\/autobuz-178-278.jpg\",\"datePublished\":\"2026-05-02T01:00:00+00:00\",\"description\":\"Autobuzele liniei 178\u00a0vor func\u021biona pe traseul de baz\u0103, \u00eentre \u201eComplex Apusului\u201d \u0219i \u201eSala Palatului\u201d, \u00een weekendul 02.05.2026 \u2013 03.05.2026.\",\"breadcrumb\":{\"@id\":\"https:\\\/\\\/buletin.de\\\/bucuresti\\\/autobuzele-liniei-178-vor-circula-pe-traseul-de-baza-in-acest-weekend\\\/#breadcrumb\"},\"inLanguage\":\"en-GB\",\"potentialAction\":[{\"@type\":\"ReadAction\",\"target\":[\"https:\\\/\\\/buletin.de\\\/bucuresti\\\/autobuzele-liniei-178-vor-circula-pe-traseul-de-baza-in-acest-weekend\\\/\"]}]},{\"@type\":\"ImageObject\",\"inLanguage\":\"en-GB\",\"@id\":\"https:\\\/\\\/buletin.de\\\/bucuresti\\\/autobuzele-liniei-178-vor-circula-pe-traseul-de-baza-in-acest-weekend\\\/#primaryimage\",\"url\":\"https:\\\/\\\/buletin.de\\\/bucuresti\\\/wp-content\\\/uploads\\\/2026\\\/05\\\/autobuz-178-278.jpg\",\"contentUrl\":\"https:\\\/\\\/buletin.de\\\/bucuresti\\\/wp-content\\\/uploads\\\/2026\\\/05\\\/autobuz-178-278.jpg\",\"width\":1849,\"height\":968,\"caption\":\"Autobuzele liniei 178 vor circula pe traseul de baz\u0103, \u00een acest weekend. FOTO: TPBI\"},{\"@type\":\"BreadcrumbList\",\"@id\":\"https:\\\/\\\/buletin.de\\\/bucuresti\\\/autobuzele-liniei-178-vor-circula-pe-traseul-de-baza-in-acest-weekend\\\/#breadcrumb\",\"itemListElement\":[{\"@type\":\"ListItem\",\"position\":1,\"name\":\"Acas\u0103\",\"item\":\"https:\\\/\\\/buletin.de\\\/bucuresti\\\/\"},{\"@type\":\"ListItem\",\"position\":2,\"name\":\"Autobuzele liniei 178 vor circula pe traseul de baz\u0103 \u00een acest weekend\"}]},{\"@type\":\"WebSite\",\"@id\":\"https:\\\/\\\/buletin.de\\\/bucuresti\\\/#website\",\"url\":\"https:\\\/\\\/buletin.de\\\/bucuresti\\\/\",\"name\":\"Buletin de Bucure\u0219ti\",\"description\":\"\u0218tiri \u0219i investiga\u021bii esen\u021biale din capital\u0103\",\"publisher\":{\"@id\":\"https:\\\/\\\/buletin.de\\\/bucuresti\\\/#organization\"},\"potentialAction\":[{\"@type\":\"SearchAction\",\"target\":{\"@type\":\"EntryPoint\",\"urlTemplate\":\"https:\\\/\\\/buletin.de\\\/bucuresti\\\/?s={search_term_string}\"},\"query-input\":{\"@type\":\"PropertyValueSpecification\",\"valueRequired\":true,\"valueName\":\"search_term_string\"}}],\"inLanguage\":\"en-GB\"},{\"@type\":\"Organization\",\"@id\":\"https:\\\/\\\/buletin.de\\\/bucuresti\\\/#organization\",\"name\":\"Buletin de Bucure\u0219ti\",\"url\":\"https:\\\/\\\/buletin.de\\\/bucuresti\\\/\",\"logo\":{\"@type\":\"ImageObject\",\"inLanguage\":\"en-GB\",\"@id\":\"https:\\\/\\\/buletin.de\\\/bucuresti\\\/#\\\/schema\\\/logo\\\/image\\\/\",\"url\":\"https:\\\/\\\/buletin.de\\\/bucuresti\\\/wp-content\\\/uploads\\\/logo-bdb-full-wide-vernil-transparent.png\",\"contentUrl\":\"https:\\\/\\\/buletin.de\\\/bucuresti\\\/wp-content\\\/uploads\\\/logo-bdb-full-wide-vernil-transparent.png\",\"width\":1782,\"height\":626,\"caption\":\"Buletin de Bucure\u0219ti\"},\"image\":{\"@id\":\"https:\\\/\\\/buletin.de\\\/bucuresti\\\/#\\\/schema\\\/logo\\\/image\\\/\"},\"sameAs\":[\"https:\\\/\\\/www.facebook.com\\\/buletin.de.buc\",\"https:\\\/\\\/www.instagram.com\\\/buletinde.bucuresti\\\/\"]},{\"@type\":\"Person\",\"@id\":\"https:\\\/\\\/buletin.de\\\/bucuresti\\\/#\\\/schema\\\/person\\\/7e46040573290777280a0835d81ea4ea\",\"name\":\"Diana Matei\",\"image\":{\"@type\":\"ImageObject\",\"inLanguage\":\"en-GB\",\"@id\":\"https:\\\/\\\/buletin.de\\\/bucuresti\\\/wp-content\\\/uploads\\\/9-2-96x96.jpg1e8590b30871d70e62ebcdaf2eff570c\",\"url\":\"https:\\\/\\\/buletin.de\\\/bucuresti\\\/wp-content\\\/uploads\\\/9-2-96x96.jpg\",\"contentUrl\":\"https:\\\/\\\/buletin.de\\\/bucuresti\\\/wp-content\\\/uploads\\\/9-2-96x96.jpg\",\"caption\":\"Diana Matei\"},\"url\":\"https:\\\/\\\/buletin.de\\\/bucuresti\\\/author\\\/dianamatei\\\/\"}]}<\/script>\n<!-- \/ Yoast SEO Premium plugin. -->","yoast_head_json":{"title":"Autobuzele liniei 178 vor circula pe traseul de baz\u0103 \u00een acest weekend - Buletin de Bucure\u0219ti","description":"Autobuzele liniei 178\u00a0vor func\u021biona pe traseul de baz\u0103, \u00eentre \u201eComplex Apusului\u201d \u0219i \u201eSala Palatului\u201d, \u00een weekendul 02.05.2026 \u2013 03.05.2026.","robots":{"index":"index","follow":"follow","max-snippet":"max-snippet:-1","max-image-preview":"max-image-preview:large","max-video-preview":"max-video-preview:-1"},"canonical":"https:\/\/buletin.de\/bucuresti\/autobuzele-liniei-178-vor-circula-pe-traseul-de-baza-in-acest-weekend\/","og_locale":"en_GB","og_type":"article","og_title":"Autobuzele liniei 178 vor circula pe traseul de baz\u0103 \u00een acest weekend","og_description":"Autobuzele liniei 178\u00a0vor func\u021biona pe traseul de baz\u0103, \u00eentre \u201eComplex Apusului\u201d \u0219i \u201eSala Palatului\u201d, \u00een weekendul 02.05.2026 \u2013 03.05.2026.","og_url":"https:\/\/buletin.de\/bucuresti\/autobuzele-liniei-178-vor-circula-pe-traseul-de-baza-in-acest-weekend\/","og_site_name":"Buletin de Bucure\u0219ti","article_publisher":"https:\/\/www.facebook.com\/buletin.de.buc","article_published_time":"2026-05-02T01:00:00+00:00","og_image":[{"width":1849,"height":968,"url":"https:\/\/buletin.de\/bucuresti\/wp-content\/uploads\/2026\/05\/autobuz-178-278.jpg","type":"image\/jpeg"}],"author":"Diana Matei","twitter_card":"summary_large_image","twitter_misc":{"Written by":"Diana Matei","Estimated reading time":"3 minutes"},"schema":{"@context":"https:\/\/schema.org","@graph":[{"@type":"Article","@id":"https:\/\/buletin.de\/bucuresti\/autobuzele-liniei-178-vor-circula-pe-traseul-de-baza-in-acest-weekend\/#article","isPartOf":{"@id":"https:\/\/buletin.de\/bucuresti\/autobuzele-liniei-178-vor-circula-pe-traseul-de-baza-in-acest-weekend\/"},"author":{"name":"Diana Matei","@id":"https:\/\/buletin.de\/bucuresti\/#\/schema\/person\/7e46040573290777280a0835d81ea4ea"},"headline":"Autobuzele liniei 178 vor circula pe traseul de baz\u0103 \u00een acest weekend","datePublished":"2026-05-02T01:00:00+00:00","mainEntityOfPage":{"@id":"https:\/\/buletin.de\/bucuresti\/autobuzele-liniei-178-vor-circula-pe-traseul-de-baza-in-acest-weekend\/"},"wordCount":635,"publisher":{"@id":"https:\/\/buletin.de\/bucuresti\/#organization"},"image":{"@id":"https:\/\/buletin.de\/bucuresti\/autobuzele-liniei-178-vor-circula-pe-traseul-de-baza-in-acest-weekend\/#primaryimage"},"thumbnailUrl":"https:\/\/buletin.de\/bucuresti\/wp-content\/uploads\/2026\/05\/autobuz-178-278.jpg","keywords":["Complex Apusului","linia 178","linia 205","linia 311","Sala Palatului"],"articleSection":["Articole","\u0218tiri"],"inLanguage":"en-GB","copyrightYear":"2026","copyrightHolder":{"@id":"https:\/\/buletin.de\/bucuresti\/#organization"}},{"@type":"WebPage","@id":"https:\/\/buletin.de\/bucuresti\/autobuzele-liniei-178-vor-circula-pe-traseul-de-baza-in-acest-weekend\/","url":"https:\/\/buletin.de\/bucuresti\/autobuzele-liniei-178-vor-circula-pe-traseul-de-baza-in-acest-weekend\/","name":"Autobuzele liniei 178 vor circula pe traseul de baz\u0103 \u00een acest weekend - Buletin de Bucure\u0219ti","isPartOf":{"@id":"https:\/\/buletin.de\/bucuresti\/#website"},"primaryImageOfPage":{"@id":"https:\/\/buletin.de\/bucuresti\/autobuzele-liniei-178-vor-circula-pe-traseul-de-baza-in-acest-weekend\/#primaryimage"},"image":{"@id":"https:\/\/buletin.de\/bucuresti\/autobuzele-liniei-178-vor-circula-pe-traseul-de-baza-in-acest-weekend\/#primaryimage"},"thumbnailUrl":"https:\/\/buletin.de\/bucuresti\/wp-content\/uploads\/2026\/05\/autobuz-178-278.jpg","datePublished":"2026-05-02T01:00:00+00:00","description":"Autobuzele liniei 178\u00a0vor func\u021biona pe traseul de baz\u0103, \u00eentre \u201eComplex Apusului\u201d \u0219i \u201eSala Palatului\u201d, \u00een weekendul 02.05.2026 \u2013 03.05.2026.","breadcrumb":{"@id":"https:\/\/buletin.de\/bucuresti\/autobuzele-liniei-178-vor-circula-pe-traseul-de-baza-in-acest-weekend\/#breadcrumb"},"inLanguage":"en-GB","potentialAction":[{"@type":"ReadAction","target":["https:\/\/buletin.de\/bucuresti\/autobuzele-liniei-178-vor-circula-pe-traseul-de-baza-in-acest-weekend\/"]}]},{"@type":"ImageObject","inLanguage":"en-GB","@id":"https:\/\/buletin.de\/bucuresti\/autobuzele-liniei-178-vor-circula-pe-traseul-de-baza-in-acest-weekend\/#primaryimage","url":"https:\/\/buletin.de\/bucuresti\/wp-content\/uploads\/2026\/05\/autobuz-178-278.jpg","contentUrl":"https:\/\/buletin.de\/bucuresti\/wp-content\/uploads\/2026\/05\/autobuz-178-278.jpg","width":1849,"height":968,"caption":"Autobuzele liniei 178 vor circula pe traseul de baz\u0103, \u00een acest weekend. FOTO: TPBI"},{"@type":"BreadcrumbList","@id":"https:\/\/buletin.de\/bucuresti\/autobuzele-liniei-178-vor-circula-pe-traseul-de-baza-in-acest-weekend\/#breadcrumb","itemListElement":[{"@type":"ListItem","position":1,"name":"Acas\u0103","item":"https:\/\/buletin.de\/bucuresti\/"},{"@type":"ListItem","position":2,"name":"Autobuzele liniei 178 vor circula pe traseul de baz\u0103 \u00een acest weekend"}]},{"@type":"WebSite","@id":"https:\/\/buletin.de\/bucuresti\/#website","url":"https:\/\/buletin.de\/bucuresti\/","name":"Buletin de Bucure\u0219ti","description":"\u0218tiri \u0219i investiga\u021bii esen\u021biale din capital\u0103","publisher":{"@id":"https:\/\/buletin.de\/bucuresti\/#organization"},"potentialAction":[{"@type":"SearchAction","target":{"@type":"EntryPoint","urlTemplate":"https:\/\/buletin.de\/bucuresti\/?s={search_term_string}"},"query-input":{"@type":"PropertyValueSpecification","valueRequired":true,"valueName":"search_term_string"}}],"inLanguage":"en-GB"},{"@type":"Organization","@id":"https:\/\/buletin.de\/bucuresti\/#organization","name":"Buletin de Bucure\u0219ti","url":"https:\/\/buletin.de\/bucuresti\/","logo":{"@type":"ImageObject","inLanguage":"en-GB","@id":"https:\/\/buletin.de\/bucuresti\/#\/schema\/logo\/image\/","url":"https:\/\/buletin.de\/bucuresti\/wp-content\/uploads\/logo-bdb-full-wide-vernil-transparent.png","contentUrl":"https:\/\/buletin.de\/bucuresti\/wp-content\/uploads\/logo-bdb-full-wide-vernil-transparent.png","width":1782,"height":626,"caption":"Buletin de Bucure\u0219ti"},"image":{"@id":"https:\/\/buletin.de\/bucuresti\/#\/schema\/logo\/image\/"},"sameAs":["https:\/\/www.facebook.com\/buletin.de.buc","https:\/\/www.instagram.com\/buletinde.bucuresti\/"]},{"@type":"Person","@id":"https:\/\/buletin.de\/bucuresti\/#\/schema\/person\/7e46040573290777280a0835d81ea4ea","name":"Diana Matei","image":{"@type":"ImageObject","inLanguage":"en-GB","@id":"https:\/\/buletin.de\/bucuresti\/wp-content\/uploads\/9-2-96x96.jpg1e8590b30871d70e62ebcdaf2eff570c","url":"https:\/\/buletin.de\/bucuresti\/wp-content\/uploads\/9-2-96x96.jpg","contentUrl":"https:\/\/buletin.de\/bucuresti\/wp-content\/uploads\/9-2-96x96.jpg","caption":"Diana Matei"},"url":"https:\/\/buletin.de\/bucuresti\/author\/dianamatei\/"}]}},"authors":[{"term_id":22574,"user_id":49,"is_guest":0,"slug":"dianamatei","display_name":"Diana Matei","avatar_url":"https:\/\/buletin.de\/bucuresti\/wp-content\/uploads\/9-2-96x96.jpg","0":null,"1":"","2":"","3":"","4":"","5":"","6":"","7":"","8":""}],"_links":{"self":[{"href":"https:\/\/buletin.de\/bucuresti\/wp-json\/wp\/v2\/posts\/190571","targetHints":{"allow":["GET"]}}],"collection":[{"href":"https:\/\/buletin.de\/bucuresti\/wp-json\/wp\/v2\/posts"}],"about":[{"href":"https:\/\/buletin.de\/bucuresti\/wp-json\/wp\/v2\/types\/post"}],"author":[{"embeddable":true,"href":"https:\/\/buletin.de\/bucuresti\/wp-json\/wp\/v2\/users\/49"}],"replies":[{"embeddable":true,"href":"https:\/\/buletin.de\/bucuresti\/wp-json\/wp\/v2\/comments?post=190571"}],"version-history":[{"count":2,"href":"https:\/\/buletin.de\/bucuresti\/wp-json\/wp\/v2\/posts\/190571\/revisions"}],"predecessor-version":[{"id":190702,"href":"https:\/\/buletin.de\/bucuresti\/wp-json\/wp\/v2\/posts\/190571\/revisions\/190702"}],"wp:featuredmedia":[{"embeddable":true,"href":"https:\/\/buletin.de\/bucuresti\/wp-json\/wp\/v2\/media\/190573"}],"wp:attachment":[{"href":"https:\/\/buletin.de\/bucuresti\/wp-json\/wp\/v2\/media?parent=190571"}],"wp:term":[{"taxonomy":"category","embeddable":true,"href":"https:\/\/buletin.de\/bucuresti\/wp-json\/wp\/v2\/categories?post=190571"},{"taxonomy":"post_tag","embeddable":true,"href":"https:\/\/buletin.de\/bucuresti\/wp-json\/wp\/v2\/tags?post=190571"},{"taxonomy":"author","embeddable":true,"href":"https:\/\/buletin.de\/bucuresti\/wp-json\/wp\/v2\/ppma_author?post=190571"}],"curies":[{"name":"wp","href":"https:\/\/api.w.org\/{rel}","templated":true}]}}