{"id":190532,"date":"2026-05-01T08:58:31","date_gmt":"2026-05-01T05:58:31","guid":{"rendered":"https:\/\/buletin.de\/bucuresti\/?p=190532"},"modified":"2026-05-01T08:58:32","modified_gmt":"2026-05-01T05:58:32","slug":"unde-poti-face-gratar-de-1-mai-in-bucuresti-garda-de-mediu-nu-orice-petic-de-iarba-verde-inseamna-si-liber-la-gratar","status":"publish","type":"post","link":"https:\/\/buletin.de\/bucuresti\/unde-poti-face-gratar-de-1-mai-in-bucuresti-garda-de-mediu-nu-orice-petic-de-iarba-verde-inseamna-si-liber-la-gratar\/","title":{"rendered":"Unde po\u021bi face gr\u0103tar de 1 Mai \u00een Bucure\u0219ti. Garda de Mediu: \u201eNu orice petic de iarb\u0103 verde \u00eenseamn\u0103 \u0219i liber la gr\u0103tar\u201d"},"content":{"rendered":"\n<p><strong>Bucure\u0219tenii care \u00ee\u0219i doresc s\u0103 fac\u0103 gr\u0103tar de 1 Mai pot merge \u00een \u0219ase parcuri din Sectorul 2. \u00cen restul zonelor verzi din Capital\u0103, este permis picnicul, dar f\u0103r\u0103 foc, avertizeaz\u0103 Garda de Mediu. <\/strong><\/p>\n\n\n\n<p><strong>Amenzile pentru aprinderea gr\u0103tarelor \u00een zone neamenajate se ridic\u0103 la 5.000 de lei.<\/strong><\/p>\n\n\n\n<h2 class=\"wp-block-heading\" id=\"h-unde-po\u021bi-face-gratar-de-1-mai-in-capitala\">Unde po\u021bi face gr\u0103tar de 1 Mai \u00een Capital\u0103<\/h2>\n\n\n\n<p><strong>Singurele parcuri cu zone amenajate special pentru gr\u0103tar se afl\u0103 pe raza Sectorului 2, a\u0219a cum a scris Buletin de Bucure\u0219ti<a href=\"https:\/\/buletin.de\/bucuresti\/gratar-de-1-mai-in-bucuresti-doar-locuitorii-din-sectorul-2-au-zone-amenajate-oficial\/\"> aici<\/a>.<\/strong><\/p>\n\n\n\n<ul class=\"wp-block-list\">\n<li>Parcul Morarilor<\/li>\n\n\n\n<li>Parcul Lunca Florilor<\/li>\n\n\n\n<li>Parcul Dobroe\u0219ti<\/li>\n\n\n\n<li>Parcul Plumbuita I<\/li>\n\n\n\n<li>Parcul Fabrica de Ghea\u021b\u0103<\/li>\n\n\n\n<li>Parcul Sf\u00e2ntul Pantelimon<\/li>\n<\/ul>\n\n\n\n<figure class=\"wp-block-gallery has-nested-images columns-default is-cropped wp-block-gallery-1 is-layout-flex wp-block-gallery-is-layout-flex\">\n<figure class=\"wp-block-image size-large\"><img fetchpriority=\"high\" decoding=\"async\" width=\"1000\" height=\"666\" data-id=\"190543\" src=\"data:image\/gif;base64,R0lGODlhAQABAAAAACH5BAEKAAEALAAAAAABAAEAAAICTAEAOw==\" data-src=\"https:\/\/buletin.de\/bucuresti\/wp-content\/uploads\/2026\/05\/493957788_1141478741357372_5474956379564199672_n-1000x666.jpg\" alt=\"\" class=\"wp-image-190543 lazyload\" data-sizes=\"auto\" data-srcset=\"https:\/\/buletin.de\/bucuresti\/wp-content\/uploads\/2026\/05\/493957788_1141478741357372_5474956379564199672_n-1000x666.jpg 1000w, https:\/\/buletin.de\/bucuresti\/wp-content\/uploads\/2026\/05\/493957788_1141478741357372_5474956379564199672_n-300x200.jpg 300w, https:\/\/buletin.de\/bucuresti\/wp-content\/uploads\/2026\/05\/493957788_1141478741357372_5474956379564199672_n-768x511.jpg 768w, https:\/\/buletin.de\/bucuresti\/wp-content\/uploads\/2026\/05\/493957788_1141478741357372_5474956379564199672_n-1536x1022.jpg 1536w, https:\/\/buletin.de\/bucuresti\/wp-content\/uploads\/2026\/05\/493957788_1141478741357372_5474956379564199672_n-1600x1065.jpg 1600w, https:\/\/buletin.de\/bucuresti\/wp-content\/uploads\/2026\/05\/493957788_1141478741357372_5474956379564199672_n-1100x732.jpg 1100w, https:\/\/buletin.de\/bucuresti\/wp-content\/uploads\/2026\/05\/493957788_1141478741357372_5474956379564199672_n-600x399.jpg 600w, https:\/\/buletin.de\/bucuresti\/wp-content\/uploads\/2026\/05\/493957788_1141478741357372_5474956379564199672_n-20x13.jpg 20w, https:\/\/buletin.de\/bucuresti\/wp-content\/uploads\/2026\/05\/493957788_1141478741357372_5474956379564199672_n.jpg 2048w\" sizes=\"(max-width: 1000px) 100vw, 1000px\" \/><\/figure>\n\n\n\n<figure class=\"wp-block-image size-large\"><img decoding=\"async\" width=\"1000\" height=\"666\" data-id=\"190544\" src=\"data:image\/gif;base64,R0lGODlhAQABAAAAACH5BAEKAAEALAAAAAABAAEAAAICTAEAOw==\" data-src=\"https:\/\/buletin.de\/bucuresti\/wp-content\/uploads\/2026\/05\/494053826_1141478738024039_7873193237470967554_n-1000x666.jpg\" alt=\"\" class=\"wp-image-190544 lazyload\" data-sizes=\"auto\" data-srcset=\"https:\/\/buletin.de\/bucuresti\/wp-content\/uploads\/2026\/05\/494053826_1141478738024039_7873193237470967554_n-1000x666.jpg 1000w, https:\/\/buletin.de\/bucuresti\/wp-content\/uploads\/2026\/05\/494053826_1141478738024039_7873193237470967554_n-300x200.jpg 300w, https:\/\/buletin.de\/bucuresti\/wp-content\/uploads\/2026\/05\/494053826_1141478738024039_7873193237470967554_n-768x511.jpg 768w, https:\/\/buletin.de\/bucuresti\/wp-content\/uploads\/2026\/05\/494053826_1141478738024039_7873193237470967554_n-1536x1022.jpg 1536w, https:\/\/buletin.de\/bucuresti\/wp-content\/uploads\/2026\/05\/494053826_1141478738024039_7873193237470967554_n-1600x1065.jpg 1600w, https:\/\/buletin.de\/bucuresti\/wp-content\/uploads\/2026\/05\/494053826_1141478738024039_7873193237470967554_n-1100x732.jpg 1100w, https:\/\/buletin.de\/bucuresti\/wp-content\/uploads\/2026\/05\/494053826_1141478738024039_7873193237470967554_n-600x399.jpg 600w, https:\/\/buletin.de\/bucuresti\/wp-content\/uploads\/2026\/05\/494053826_1141478738024039_7873193237470967554_n-20x13.jpg 20w, https:\/\/buletin.de\/bucuresti\/wp-content\/uploads\/2026\/05\/494053826_1141478738024039_7873193237470967554_n.jpg 2048w\" sizes=\"(max-width: 1000px) 100vw, 1000px\" \/><\/figure>\n<figcaption class=\"blocks-gallery-caption wp-element-caption\">Unde po\u021bi face gr\u0103tar de 1 Mai \u00een Bucure\u0219ti. Foto: FB\/ PS2<\/figcaption><\/figure>\n\n\n\n<p>Totodat\u0103, gr\u0103tarul este permis \u00een curtea proprie, dar cu respectarea regulilor de siguran\u021b\u0103 \u0219i f\u0103r\u0103 riscuri de incendiu, avertizeaz\u0103 comisarii G\u0103rzii de Mediu.<\/p>\n\n\n\n<p>\u00cen restul parcurilor din Capital\u0103, cet\u0103\u021benii pot alege s\u0103 s\u0103rb\u0103toreasc\u0103 Ziua Muncii printr-un picnic, \u00eens\u0103 f\u0103r\u0103 foc.<\/p>\n\n\n\n<h2 class=\"wp-block-heading\" id=\"h-garda-de-mediu-avertizeaza-amenzi-de-pana-la-5-000-de-lei\">Garda de Mediu avertizeaz\u0103. Amenzi de p\u00e2n\u0103 la 5.000 de lei<\/h2>\n\n\n\n<p><strong>Gr\u0103tarul nu este permis \u00een parcurile f\u0103r\u0103 zone special amenajate, la marginea p\u0103durii, pe malul lacului, \u00een jurul blocului, pe balcon sau \u00een alte spa\u021bii improvizate.<\/strong><\/p>\n\n\n\n<p>\u201eNu orice petic de iarb\u0103 verde \u00eenseamn\u0103 \u0219i liber la gr\u0103tar.<\/p>\n\n\n\n<p>Legea Picnicului (Legea nr. 54\/2012) spune clar: gr\u0103tarul cu foc este permis doar \u00een zonele special amenajate pentru picnic, dotate cu vetre pentru foc, mese \u0219i spa\u021bii pentru colectarea de\u0219eurilor.\u201d, transmite <a href=\"https:\/\/www.facebook.com\/GardaNationaladeMediu\/posts\/pfbid02MrpkB1uAMYd6XkrGu67ReDPGTHuNgHUmJEFjdkH8nLkNYQkvsQ1fVYUEzZed9mnFl?__cft__[0]=AZYClFUjp_v0Ou8whR0WQpg8U04-hXNUCaCMZoNsjxC36b84Sjj_gvXrAR_3cwv02626dNVFpmYwakY8ehLZl8LgrZYmt1GOmjVpnczacw0dHT1UYidQkVkCSZ5VoyLLwuv_yZaFJXYgcanbNbuXsWcGNa7o7d34CKko7-C74JaJtQ&amp;__tn__=%2CO%2CP-R\">Garda de Mediu<\/a>.<\/p>\n\n\n\n<p>Cet\u0103\u021benii care nu respect\u0103 legea risc\u0103 amenzi cuprinse \u00eentre 2.000 \u0219i 5.000 de lei.<\/p>\n\n\n\n<p>Mai mult, institu\u021bia subliniaz\u0103 importan\u021ba respect\u0103rii mediului \u00eenconjur\u0103tor, inclusiv prin str\u00e2ngerea de\u0219eurilor r\u0103mase \u00een urma picnicului sau a gr\u0103tarului.<\/p>\n\n\n\n<p><strong>Pentru recomand\u0103ri de evenimente de 1 Mai, cite\u0219te: <a href=\"https:\/\/buletin.de\/bucuresti\/agenda-urbana-cu-cosmin-buletin-recomandari-culturale-pentru-1-7-mai\/\">Agenda Urban\u0103 cu Cosmin @ Buletin: Recomand\u0103ri culturale pentru 1-7 mai<\/a> <\/strong><\/p>\n","protected":false},"excerpt":{"rendered":"<p>Bucure\u0219tenii care \u00ee\u0219i doresc s\u0103 fac\u0103 gr\u0103tar de 1 Mai pot merge \u00een \u0219ase parcuri din Sectorul 2. \u00cen restul zonelor verzi din Capital\u0103, este permis picnicul, dar f\u0103r\u0103 foc, avertizeaz\u0103 Garda de Mediu. Amenzile pentru aprinderea gr\u0103tarelor \u00een zone neamenajate se ridic\u0103 la 5.000 de lei. Unde po\u021bi face gr\u0103tar de 1 Mai \u00een [&hellip;]<\/p>\n","protected":false},"author":55,"featured_media":190542,"comment_status":"closed","ping_status":"open","sticky":false,"template":"","format":"standard","meta":{"_acf_changed":false,"inline_featured_image":false,"ngg_post_thumbnail":0,"footnotes":""},"categories":[6994,62],"tags":[6252,28053,9,11637,75,6911,229,76,28052],"ppma_author":[22573],"class_list":["post-190532","post","type-post","status-publish","format-standard","has-post-thumbnail","hentry","category-stiri-2","category-stiri","tag-1-mai","tag-amenzi-gratar","tag-bucuresti","tag-gratar","tag-parcuri","tag-picnic","tag-sector-2","tag-spatii-verzi","tag-zone-special-amenajate-pentru-gratar"],"acf":[],"yoast_head":"<!-- This site is optimized with the Yoast SEO Premium plugin v25.3 (Yoast SEO v27.5) - https:\/\/yoast.com\/product\/yoast-seo-premium-wordpress\/ -->\n<title>Unde po\u021bi face gr\u0103tar de 1 Mai \u00een Bucure\u0219ti. Garda de Mediu: \u201eNu orice petic de iarb\u0103 verde \u00eenseamn\u0103 \u0219i liber la gr\u0103tar\u201d - Buletin de Bucure\u0219ti<\/title>\n<meta name=\"description\" content=\"Bucure\u0219tenii care \u00ee\u0219i doresc s\u0103 fac\u0103 gr\u0103tar de 1 Mai pot merge \u00een \u0219ase parcuri din Sectorul 2.\" \/>\n<meta name=\"robots\" content=\"index, follow, max-snippet:-1, max-image-preview:large, max-video-preview:-1\" \/>\n<link rel=\"canonical\" href=\"https:\/\/buletin.de\/bucuresti\/unde-poti-face-gratar-de-1-mai-in-bucuresti-garda-de-mediu-nu-orice-petic-de-iarba-verde-inseamna-si-liber-la-gratar\/\" \/>\n<meta property=\"og:locale\" content=\"en_GB\" \/>\n<meta property=\"og:type\" content=\"article\" \/>\n<meta property=\"og:title\" content=\"Unde po\u021bi face gr\u0103tar de 1 Mai \u00een Bucure\u0219ti. Garda de Mediu: \u201eNu orice petic de iarb\u0103 verde \u00eenseamn\u0103 \u0219i liber la gr\u0103tar\u201d\" \/>\n<meta property=\"og:description\" content=\"Bucure\u0219tenii care \u00ee\u0219i doresc s\u0103 fac\u0103 gr\u0103tar de 1 Mai pot merge \u00een \u0219ase parcuri din Sectorul 2.\" \/>\n<meta property=\"og:url\" content=\"https:\/\/buletin.de\/bucuresti\/unde-poti-face-gratar-de-1-mai-in-bucuresti-garda-de-mediu-nu-orice-petic-de-iarba-verde-inseamna-si-liber-la-gratar\/\" \/>\n<meta property=\"og:site_name\" content=\"Buletin de Bucure\u0219ti\" \/>\n<meta property=\"article:publisher\" content=\"https:\/\/www.facebook.com\/buletin.de.buc\" \/>\n<meta property=\"article:published_time\" content=\"2026-05-01T05:58:31+00:00\" \/>\n<meta property=\"article:modified_time\" content=\"2026-05-01T05:58:32+00:00\" \/>\n<meta property=\"og:image\" content=\"https:\/\/buletin.de\/bucuresti\/wp-content\/uploads\/2026\/05\/494122751_1141478711357375_5876994249226557017_n.jpg\" \/>\n\t<meta property=\"og:image:width\" content=\"2048\" \/>\n\t<meta property=\"og:image:height\" content=\"1363\" \/>\n\t<meta property=\"og:image:type\" content=\"image\/jpeg\" \/>\n<meta name=\"author\" content=\"Andreea Tudor\" \/>\n<meta name=\"twitter:card\" content=\"summary_large_image\" \/>\n<meta name=\"twitter:label1\" content=\"Written by\" \/>\n\t<meta name=\"twitter:data1\" content=\"Andreea Tudor\" \/>\n\t<meta name=\"twitter:label2\" content=\"Estimated reading time\" \/>\n\t<meta name=\"twitter:data2\" content=\"2 minutes\" \/>\n<script type=\"application\/ld+json\" class=\"yoast-schema-graph\">{\"@context\":\"https:\\\/\\\/schema.org\",\"@graph\":[{\"@type\":\"Article\",\"@id\":\"https:\\\/\\\/buletin.de\\\/bucuresti\\\/unde-poti-face-gratar-de-1-mai-in-bucuresti-garda-de-mediu-nu-orice-petic-de-iarba-verde-inseamna-si-liber-la-gratar\\\/#article\",\"isPartOf\":{\"@id\":\"https:\\\/\\\/buletin.de\\\/bucuresti\\\/unde-poti-face-gratar-de-1-mai-in-bucuresti-garda-de-mediu-nu-orice-petic-de-iarba-verde-inseamna-si-liber-la-gratar\\\/\"},\"author\":{\"name\":\"Andreea Tudor\",\"@id\":\"https:\\\/\\\/buletin.de\\\/bucuresti\\\/#\\\/schema\\\/person\\\/150590659efde715459d159da012f501\"},\"headline\":\"Unde po\u021bi face gr\u0103tar de 1 Mai \u00een Bucure\u0219ti. Garda de Mediu: \u201eNu orice petic de iarb\u0103 verde \u00eenseamn\u0103 \u0219i liber la gr\u0103tar\u201d\",\"datePublished\":\"2026-05-01T05:58:31+00:00\",\"dateModified\":\"2026-05-01T05:58:32+00:00\",\"mainEntityOfPage\":{\"@id\":\"https:\\\/\\\/buletin.de\\\/bucuresti\\\/unde-poti-face-gratar-de-1-mai-in-bucuresti-garda-de-mediu-nu-orice-petic-de-iarba-verde-inseamna-si-liber-la-gratar\\\/\"},\"wordCount\":337,\"publisher\":{\"@id\":\"https:\\\/\\\/buletin.de\\\/bucuresti\\\/#organization\"},\"image\":{\"@id\":\"https:\\\/\\\/buletin.de\\\/bucuresti\\\/unde-poti-face-gratar-de-1-mai-in-bucuresti-garda-de-mediu-nu-orice-petic-de-iarba-verde-inseamna-si-liber-la-gratar\\\/#primaryimage\"},\"thumbnailUrl\":\"https:\\\/\\\/buletin.de\\\/bucuresti\\\/wp-content\\\/uploads\\\/2026\\\/05\\\/494122751_1141478711357375_5876994249226557017_n.jpg\",\"keywords\":[\"1 mai\",\"amenzi gratar\",\"bucuresti\",\"gratar\",\"parcuri\",\"picnic\",\"Sector 2\",\"spatii verzi\",\"zone special amenajate pentru gratar\"],\"articleSection\":[\"Articole\",\"\u0218tiri\"],\"inLanguage\":\"en-GB\",\"copyrightYear\":\"2026\",\"copyrightHolder\":{\"@id\":\"https:\\\/\\\/buletin.de\\\/bucuresti\\\/#organization\"}},{\"@type\":\"WebPage\",\"@id\":\"https:\\\/\\\/buletin.de\\\/bucuresti\\\/unde-poti-face-gratar-de-1-mai-in-bucuresti-garda-de-mediu-nu-orice-petic-de-iarba-verde-inseamna-si-liber-la-gratar\\\/\",\"url\":\"https:\\\/\\\/buletin.de\\\/bucuresti\\\/unde-poti-face-gratar-de-1-mai-in-bucuresti-garda-de-mediu-nu-orice-petic-de-iarba-verde-inseamna-si-liber-la-gratar\\\/\",\"name\":\"Unde po\u021bi face gr\u0103tar de 1 Mai \u00een Bucure\u0219ti. Garda de Mediu: \u201eNu orice petic de iarb\u0103 verde \u00eenseamn\u0103 \u0219i liber la gr\u0103tar\u201d - Buletin de Bucure\u0219ti\",\"isPartOf\":{\"@id\":\"https:\\\/\\\/buletin.de\\\/bucuresti\\\/#website\"},\"primaryImageOfPage\":{\"@id\":\"https:\\\/\\\/buletin.de\\\/bucuresti\\\/unde-poti-face-gratar-de-1-mai-in-bucuresti-garda-de-mediu-nu-orice-petic-de-iarba-verde-inseamna-si-liber-la-gratar\\\/#primaryimage\"},\"image\":{\"@id\":\"https:\\\/\\\/buletin.de\\\/bucuresti\\\/unde-poti-face-gratar-de-1-mai-in-bucuresti-garda-de-mediu-nu-orice-petic-de-iarba-verde-inseamna-si-liber-la-gratar\\\/#primaryimage\"},\"thumbnailUrl\":\"https:\\\/\\\/buletin.de\\\/bucuresti\\\/wp-content\\\/uploads\\\/2026\\\/05\\\/494122751_1141478711357375_5876994249226557017_n.jpg\",\"datePublished\":\"2026-05-01T05:58:31+00:00\",\"dateModified\":\"2026-05-01T05:58:32+00:00\",\"description\":\"Bucure\u0219tenii care \u00ee\u0219i doresc s\u0103 fac\u0103 gr\u0103tar de 1 Mai pot merge \u00een \u0219ase parcuri din Sectorul 2.\",\"breadcrumb\":{\"@id\":\"https:\\\/\\\/buletin.de\\\/bucuresti\\\/unde-poti-face-gratar-de-1-mai-in-bucuresti-garda-de-mediu-nu-orice-petic-de-iarba-verde-inseamna-si-liber-la-gratar\\\/#breadcrumb\"},\"inLanguage\":\"en-GB\",\"potentialAction\":[{\"@type\":\"ReadAction\",\"target\":[\"https:\\\/\\\/buletin.de\\\/bucuresti\\\/unde-poti-face-gratar-de-1-mai-in-bucuresti-garda-de-mediu-nu-orice-petic-de-iarba-verde-inseamna-si-liber-la-gratar\\\/\"]}]},{\"@type\":\"ImageObject\",\"inLanguage\":\"en-GB\",\"@id\":\"https:\\\/\\\/buletin.de\\\/bucuresti\\\/unde-poti-face-gratar-de-1-mai-in-bucuresti-garda-de-mediu-nu-orice-petic-de-iarba-verde-inseamna-si-liber-la-gratar\\\/#primaryimage\",\"url\":\"https:\\\/\\\/buletin.de\\\/bucuresti\\\/wp-content\\\/uploads\\\/2026\\\/05\\\/494122751_1141478711357375_5876994249226557017_n.jpg\",\"contentUrl\":\"https:\\\/\\\/buletin.de\\\/bucuresti\\\/wp-content\\\/uploads\\\/2026\\\/05\\\/494122751_1141478711357375_5876994249226557017_n.jpg\",\"width\":2048,\"height\":1363,\"caption\":\"Unde po\u021bi face gr\u0103tar de 1 Mai \u00een Bucure\u0219ti. Foto: FB\\\/ PS2\"},{\"@type\":\"BreadcrumbList\",\"@id\":\"https:\\\/\\\/buletin.de\\\/bucuresti\\\/unde-poti-face-gratar-de-1-mai-in-bucuresti-garda-de-mediu-nu-orice-petic-de-iarba-verde-inseamna-si-liber-la-gratar\\\/#breadcrumb\",\"itemListElement\":[{\"@type\":\"ListItem\",\"position\":1,\"name\":\"Acas\u0103\",\"item\":\"https:\\\/\\\/buletin.de\\\/bucuresti\\\/\"},{\"@type\":\"ListItem\",\"position\":2,\"name\":\"Unde po\u021bi face gr\u0103tar de 1 Mai \u00een Bucure\u0219ti. Garda de Mediu: \u201eNu orice petic de iarb\u0103 verde \u00eenseamn\u0103 \u0219i liber la gr\u0103tar\u201d\"}]},{\"@type\":\"WebSite\",\"@id\":\"https:\\\/\\\/buletin.de\\\/bucuresti\\\/#website\",\"url\":\"https:\\\/\\\/buletin.de\\\/bucuresti\\\/\",\"name\":\"Buletin de Bucure\u0219ti\",\"description\":\"\u0218tiri \u0219i investiga\u021bii esen\u021biale din capital\u0103\",\"publisher\":{\"@id\":\"https:\\\/\\\/buletin.de\\\/bucuresti\\\/#organization\"},\"potentialAction\":[{\"@type\":\"SearchAction\",\"target\":{\"@type\":\"EntryPoint\",\"urlTemplate\":\"https:\\\/\\\/buletin.de\\\/bucuresti\\\/?s={search_term_string}\"},\"query-input\":{\"@type\":\"PropertyValueSpecification\",\"valueRequired\":true,\"valueName\":\"search_term_string\"}}],\"inLanguage\":\"en-GB\"},{\"@type\":\"Organization\",\"@id\":\"https:\\\/\\\/buletin.de\\\/bucuresti\\\/#organization\",\"name\":\"Buletin de Bucure\u0219ti\",\"url\":\"https:\\\/\\\/buletin.de\\\/bucuresti\\\/\",\"logo\":{\"@type\":\"ImageObject\",\"inLanguage\":\"en-GB\",\"@id\":\"https:\\\/\\\/buletin.de\\\/bucuresti\\\/#\\\/schema\\\/logo\\\/image\\\/\",\"url\":\"https:\\\/\\\/buletin.de\\\/bucuresti\\\/wp-content\\\/uploads\\\/logo-bdb-full-wide-vernil-transparent.png\",\"contentUrl\":\"https:\\\/\\\/buletin.de\\\/bucuresti\\\/wp-content\\\/uploads\\\/logo-bdb-full-wide-vernil-transparent.png\",\"width\":1782,\"height\":626,\"caption\":\"Buletin de Bucure\u0219ti\"},\"image\":{\"@id\":\"https:\\\/\\\/buletin.de\\\/bucuresti\\\/#\\\/schema\\\/logo\\\/image\\\/\"},\"sameAs\":[\"https:\\\/\\\/www.facebook.com\\\/buletin.de.buc\",\"https:\\\/\\\/www.instagram.com\\\/buletinde.bucuresti\\\/\"]},{\"@type\":\"Person\",\"@id\":\"https:\\\/\\\/buletin.de\\\/bucuresti\\\/#\\\/schema\\\/person\\\/150590659efde715459d159da012f501\",\"name\":\"Andreea Tudor\",\"image\":{\"@type\":\"ImageObject\",\"inLanguage\":\"en-GB\",\"@id\":\"https:\\\/\\\/secure.gravatar.com\\\/avatar\\\/a88705a186ab0b67f3349bcbced506c09e37256fbaad0e7f3bd1a79b4599f589?s=96&d=monsterid&r=g79290610aa1a65c2b86eebc2ca5aee8f\",\"url\":\"https:\\\/\\\/secure.gravatar.com\\\/avatar\\\/a88705a186ab0b67f3349bcbced506c09e37256fbaad0e7f3bd1a79b4599f589?s=96&d=monsterid&r=g\",\"contentUrl\":\"https:\\\/\\\/secure.gravatar.com\\\/avatar\\\/a88705a186ab0b67f3349bcbced506c09e37256fbaad0e7f3bd1a79b4599f589?s=96&d=monsterid&r=g\",\"caption\":\"Andreea Tudor\"},\"description\":\"N\u0103scut\u0103 \u0219i crescut\u0103 \u00een Bucure\u0219ti, sus\u021bin\u0103toare a presei independente. A\u0219a am ajuns redactor la Buletin de Bucure\u0219ti. Fiind eu, \u00eens\u0103mi, parte a sistemului de \u00eenv\u0103\u021b\u0103m\u00e2nt rom\u00e2nesc \u0219i pasionat\u0103 de domeniul social, pun sub lup\u0103 tot ceea ce se \u00eent\u00e2mpl\u0103 \u00een sfera educa\u021biei. Cred cu t\u0103rie c\u0103 presa \u201epentru cet\u0103\u021beni\u201d este presa independent\u0103. Oamenii au nevoie de o informare corect\u0103 pentru a \u00een\u021belege pe deplin ce se \u00eent\u00e2mpl\u0103 \u00een jurul lor \u0219i pentru a lua ac\u021biune \u00eempotriva nedrept\u0103\u021bilor.\",\"url\":\"https:\\\/\\\/buletin.de\\\/bucuresti\\\/author\\\/andreeatudor\\\/\"}]}<\/script>\n<!-- \/ Yoast SEO Premium plugin. -->","yoast_head_json":{"title":"Unde po\u021bi face gr\u0103tar de 1 Mai \u00een Bucure\u0219ti. Garda de Mediu: \u201eNu orice petic de iarb\u0103 verde \u00eenseamn\u0103 \u0219i liber la gr\u0103tar\u201d - Buletin de Bucure\u0219ti","description":"Bucure\u0219tenii care \u00ee\u0219i doresc s\u0103 fac\u0103 gr\u0103tar de 1 Mai pot merge \u00een \u0219ase parcuri din Sectorul 2.","robots":{"index":"index","follow":"follow","max-snippet":"max-snippet:-1","max-image-preview":"max-image-preview:large","max-video-preview":"max-video-preview:-1"},"canonical":"https:\/\/buletin.de\/bucuresti\/unde-poti-face-gratar-de-1-mai-in-bucuresti-garda-de-mediu-nu-orice-petic-de-iarba-verde-inseamna-si-liber-la-gratar\/","og_locale":"en_GB","og_type":"article","og_title":"Unde po\u021bi face gr\u0103tar de 1 Mai \u00een Bucure\u0219ti. Garda de Mediu: \u201eNu orice petic de iarb\u0103 verde \u00eenseamn\u0103 \u0219i liber la gr\u0103tar\u201d","og_description":"Bucure\u0219tenii care \u00ee\u0219i doresc s\u0103 fac\u0103 gr\u0103tar de 1 Mai pot merge \u00een \u0219ase parcuri din Sectorul 2.","og_url":"https:\/\/buletin.de\/bucuresti\/unde-poti-face-gratar-de-1-mai-in-bucuresti-garda-de-mediu-nu-orice-petic-de-iarba-verde-inseamna-si-liber-la-gratar\/","og_site_name":"Buletin de Bucure\u0219ti","article_publisher":"https:\/\/www.facebook.com\/buletin.de.buc","article_published_time":"2026-05-01T05:58:31+00:00","article_modified_time":"2026-05-01T05:58:32+00:00","og_image":[{"width":2048,"height":1363,"url":"https:\/\/buletin.de\/bucuresti\/wp-content\/uploads\/2026\/05\/494122751_1141478711357375_5876994249226557017_n.jpg","type":"image\/jpeg"}],"author":"Andreea Tudor","twitter_card":"summary_large_image","twitter_misc":{"Written by":"Andreea Tudor","Estimated reading time":"2 minutes"},"schema":{"@context":"https:\/\/schema.org","@graph":[{"@type":"Article","@id":"https:\/\/buletin.de\/bucuresti\/unde-poti-face-gratar-de-1-mai-in-bucuresti-garda-de-mediu-nu-orice-petic-de-iarba-verde-inseamna-si-liber-la-gratar\/#article","isPartOf":{"@id":"https:\/\/buletin.de\/bucuresti\/unde-poti-face-gratar-de-1-mai-in-bucuresti-garda-de-mediu-nu-orice-petic-de-iarba-verde-inseamna-si-liber-la-gratar\/"},"author":{"name":"Andreea Tudor","@id":"https:\/\/buletin.de\/bucuresti\/#\/schema\/person\/150590659efde715459d159da012f501"},"headline":"Unde po\u021bi face gr\u0103tar de 1 Mai \u00een Bucure\u0219ti. Garda de Mediu: \u201eNu orice petic de iarb\u0103 verde \u00eenseamn\u0103 \u0219i liber la gr\u0103tar\u201d","datePublished":"2026-05-01T05:58:31+00:00","dateModified":"2026-05-01T05:58:32+00:00","mainEntityOfPage":{"@id":"https:\/\/buletin.de\/bucuresti\/unde-poti-face-gratar-de-1-mai-in-bucuresti-garda-de-mediu-nu-orice-petic-de-iarba-verde-inseamna-si-liber-la-gratar\/"},"wordCount":337,"publisher":{"@id":"https:\/\/buletin.de\/bucuresti\/#organization"},"image":{"@id":"https:\/\/buletin.de\/bucuresti\/unde-poti-face-gratar-de-1-mai-in-bucuresti-garda-de-mediu-nu-orice-petic-de-iarba-verde-inseamna-si-liber-la-gratar\/#primaryimage"},"thumbnailUrl":"https:\/\/buletin.de\/bucuresti\/wp-content\/uploads\/2026\/05\/494122751_1141478711357375_5876994249226557017_n.jpg","keywords":["1 mai","amenzi gratar","bucuresti","gratar","parcuri","picnic","Sector 2","spatii verzi","zone special amenajate pentru gratar"],"articleSection":["Articole","\u0218tiri"],"inLanguage":"en-GB","copyrightYear":"2026","copyrightHolder":{"@id":"https:\/\/buletin.de\/bucuresti\/#organization"}},{"@type":"WebPage","@id":"https:\/\/buletin.de\/bucuresti\/unde-poti-face-gratar-de-1-mai-in-bucuresti-garda-de-mediu-nu-orice-petic-de-iarba-verde-inseamna-si-liber-la-gratar\/","url":"https:\/\/buletin.de\/bucuresti\/unde-poti-face-gratar-de-1-mai-in-bucuresti-garda-de-mediu-nu-orice-petic-de-iarba-verde-inseamna-si-liber-la-gratar\/","name":"Unde po\u021bi face gr\u0103tar de 1 Mai \u00een Bucure\u0219ti. Garda de Mediu: \u201eNu orice petic de iarb\u0103 verde \u00eenseamn\u0103 \u0219i liber la gr\u0103tar\u201d - Buletin de Bucure\u0219ti","isPartOf":{"@id":"https:\/\/buletin.de\/bucuresti\/#website"},"primaryImageOfPage":{"@id":"https:\/\/buletin.de\/bucuresti\/unde-poti-face-gratar-de-1-mai-in-bucuresti-garda-de-mediu-nu-orice-petic-de-iarba-verde-inseamna-si-liber-la-gratar\/#primaryimage"},"image":{"@id":"https:\/\/buletin.de\/bucuresti\/unde-poti-face-gratar-de-1-mai-in-bucuresti-garda-de-mediu-nu-orice-petic-de-iarba-verde-inseamna-si-liber-la-gratar\/#primaryimage"},"thumbnailUrl":"https:\/\/buletin.de\/bucuresti\/wp-content\/uploads\/2026\/05\/494122751_1141478711357375_5876994249226557017_n.jpg","datePublished":"2026-05-01T05:58:31+00:00","dateModified":"2026-05-01T05:58:32+00:00","description":"Bucure\u0219tenii care \u00ee\u0219i doresc s\u0103 fac\u0103 gr\u0103tar de 1 Mai pot merge \u00een \u0219ase parcuri din Sectorul 2.","breadcrumb":{"@id":"https:\/\/buletin.de\/bucuresti\/unde-poti-face-gratar-de-1-mai-in-bucuresti-garda-de-mediu-nu-orice-petic-de-iarba-verde-inseamna-si-liber-la-gratar\/#breadcrumb"},"inLanguage":"en-GB","potentialAction":[{"@type":"ReadAction","target":["https:\/\/buletin.de\/bucuresti\/unde-poti-face-gratar-de-1-mai-in-bucuresti-garda-de-mediu-nu-orice-petic-de-iarba-verde-inseamna-si-liber-la-gratar\/"]}]},{"@type":"ImageObject","inLanguage":"en-GB","@id":"https:\/\/buletin.de\/bucuresti\/unde-poti-face-gratar-de-1-mai-in-bucuresti-garda-de-mediu-nu-orice-petic-de-iarba-verde-inseamna-si-liber-la-gratar\/#primaryimage","url":"https:\/\/buletin.de\/bucuresti\/wp-content\/uploads\/2026\/05\/494122751_1141478711357375_5876994249226557017_n.jpg","contentUrl":"https:\/\/buletin.de\/bucuresti\/wp-content\/uploads\/2026\/05\/494122751_1141478711357375_5876994249226557017_n.jpg","width":2048,"height":1363,"caption":"Unde po\u021bi face gr\u0103tar de 1 Mai \u00een Bucure\u0219ti. Foto: FB\/ PS2"},{"@type":"BreadcrumbList","@id":"https:\/\/buletin.de\/bucuresti\/unde-poti-face-gratar-de-1-mai-in-bucuresti-garda-de-mediu-nu-orice-petic-de-iarba-verde-inseamna-si-liber-la-gratar\/#breadcrumb","itemListElement":[{"@type":"ListItem","position":1,"name":"Acas\u0103","item":"https:\/\/buletin.de\/bucuresti\/"},{"@type":"ListItem","position":2,"name":"Unde po\u021bi face gr\u0103tar de 1 Mai \u00een Bucure\u0219ti. Garda de Mediu: \u201eNu orice petic de iarb\u0103 verde \u00eenseamn\u0103 \u0219i liber la gr\u0103tar\u201d"}]},{"@type":"WebSite","@id":"https:\/\/buletin.de\/bucuresti\/#website","url":"https:\/\/buletin.de\/bucuresti\/","name":"Buletin de Bucure\u0219ti","description":"\u0218tiri \u0219i investiga\u021bii esen\u021biale din capital\u0103","publisher":{"@id":"https:\/\/buletin.de\/bucuresti\/#organization"},"potentialAction":[{"@type":"SearchAction","target":{"@type":"EntryPoint","urlTemplate":"https:\/\/buletin.de\/bucuresti\/?s={search_term_string}"},"query-input":{"@type":"PropertyValueSpecification","valueRequired":true,"valueName":"search_term_string"}}],"inLanguage":"en-GB"},{"@type":"Organization","@id":"https:\/\/buletin.de\/bucuresti\/#organization","name":"Buletin de Bucure\u0219ti","url":"https:\/\/buletin.de\/bucuresti\/","logo":{"@type":"ImageObject","inLanguage":"en-GB","@id":"https:\/\/buletin.de\/bucuresti\/#\/schema\/logo\/image\/","url":"https:\/\/buletin.de\/bucuresti\/wp-content\/uploads\/logo-bdb-full-wide-vernil-transparent.png","contentUrl":"https:\/\/buletin.de\/bucuresti\/wp-content\/uploads\/logo-bdb-full-wide-vernil-transparent.png","width":1782,"height":626,"caption":"Buletin de Bucure\u0219ti"},"image":{"@id":"https:\/\/buletin.de\/bucuresti\/#\/schema\/logo\/image\/"},"sameAs":["https:\/\/www.facebook.com\/buletin.de.buc","https:\/\/www.instagram.com\/buletinde.bucuresti\/"]},{"@type":"Person","@id":"https:\/\/buletin.de\/bucuresti\/#\/schema\/person\/150590659efde715459d159da012f501","name":"Andreea Tudor","image":{"@type":"ImageObject","inLanguage":"en-GB","@id":"https:\/\/secure.gravatar.com\/avatar\/a88705a186ab0b67f3349bcbced506c09e37256fbaad0e7f3bd1a79b4599f589?s=96&d=monsterid&r=g79290610aa1a65c2b86eebc2ca5aee8f","url":"https:\/\/secure.gravatar.com\/avatar\/a88705a186ab0b67f3349bcbced506c09e37256fbaad0e7f3bd1a79b4599f589?s=96&d=monsterid&r=g","contentUrl":"https:\/\/secure.gravatar.com\/avatar\/a88705a186ab0b67f3349bcbced506c09e37256fbaad0e7f3bd1a79b4599f589?s=96&d=monsterid&r=g","caption":"Andreea Tudor"},"description":"N\u0103scut\u0103 \u0219i crescut\u0103 \u00een Bucure\u0219ti, sus\u021bin\u0103toare a presei independente. A\u0219a am ajuns redactor la Buletin de Bucure\u0219ti. Fiind eu, \u00eens\u0103mi, parte a sistemului de \u00eenv\u0103\u021b\u0103m\u00e2nt rom\u00e2nesc \u0219i pasionat\u0103 de domeniul social, pun sub lup\u0103 tot ceea ce se \u00eent\u00e2mpl\u0103 \u00een sfera educa\u021biei. Cred cu t\u0103rie c\u0103 presa \u201epentru cet\u0103\u021beni\u201d este presa independent\u0103. Oamenii au nevoie de o informare corect\u0103 pentru a \u00een\u021belege pe deplin ce se \u00eent\u00e2mpl\u0103 \u00een jurul lor \u0219i pentru a lua ac\u021biune \u00eempotriva nedrept\u0103\u021bilor.","url":"https:\/\/buletin.de\/bucuresti\/author\/andreeatudor\/"}]}},"authors":[{"term_id":22573,"user_id":55,"is_guest":0,"slug":"andreeatudor","display_name":"Andreea Tudor","avatar_url":"https:\/\/secure.gravatar.com\/avatar\/a88705a186ab0b67f3349bcbced506c09e37256fbaad0e7f3bd1a79b4599f589?s=96&d=monsterid&r=g","0":null,"1":"","2":"","3":"","4":"","5":"","6":"","7":"","8":""}],"_links":{"self":[{"href":"https:\/\/buletin.de\/bucuresti\/wp-json\/wp\/v2\/posts\/190532","targetHints":{"allow":["GET"]}}],"collection":[{"href":"https:\/\/buletin.de\/bucuresti\/wp-json\/wp\/v2\/posts"}],"about":[{"href":"https:\/\/buletin.de\/bucuresti\/wp-json\/wp\/v2\/types\/post"}],"author":[{"embeddable":true,"href":"https:\/\/buletin.de\/bucuresti\/wp-json\/wp\/v2\/users\/55"}],"replies":[{"embeddable":true,"href":"https:\/\/buletin.de\/bucuresti\/wp-json\/wp\/v2\/comments?post=190532"}],"version-history":[{"count":6,"href":"https:\/\/buletin.de\/bucuresti\/wp-json\/wp\/v2\/posts\/190532\/revisions"}],"predecessor-version":[{"id":190545,"href":"https:\/\/buletin.de\/bucuresti\/wp-json\/wp\/v2\/posts\/190532\/revisions\/190545"}],"wp:featuredmedia":[{"embeddable":true,"href":"https:\/\/buletin.de\/bucuresti\/wp-json\/wp\/v2\/media\/190542"}],"wp:attachment":[{"href":"https:\/\/buletin.de\/bucuresti\/wp-json\/wp\/v2\/media?parent=190532"}],"wp:term":[{"taxonomy":"category","embeddable":true,"href":"https:\/\/buletin.de\/bucuresti\/wp-json\/wp\/v2\/categories?post=190532"},{"taxonomy":"post_tag","embeddable":true,"href":"https:\/\/buletin.de\/bucuresti\/wp-json\/wp\/v2\/tags?post=190532"},{"taxonomy":"author","embeddable":true,"href":"https:\/\/buletin.de\/bucuresti\/wp-json\/wp\/v2\/ppma_author?post=190532"}],"curies":[{"name":"wp","href":"https:\/\/api.w.org\/{rel}","templated":true}]}}