{"id":190518,"date":"2026-05-01T08:07:15","date_gmt":"2026-05-01T05:07:15","guid":{"rendered":"https:\/\/buletin.de\/bucuresti\/?p=190518"},"modified":"2026-05-01T08:11:45","modified_gmt":"2026-05-01T05:11:45","slug":"targ-de-adoptii-in-parcul-plumbuita-buget-de-maxim-un-milion-de-lei","status":"publish","type":"post","link":"https:\/\/buletin.de\/bucuresti\/targ-de-adoptii-in-parcul-plumbuita-buget-de-maxim-un-milion-de-lei\/","title":{"rendered":"T\u00e2rg de adop\u021bii \u00een Parcul Plumbuita. Buget maxim de un milion de lei"},"content":{"rendered":"\n<p><strong>Prim\u0103ria Sectorului 2 va organiza un t\u00e2rg de adop\u021bii \u00een Parcul Plumbuita. Este vorba despre a doua edi\u021bie a evenimentului \u201ePrietenii Pufo\u0219i\u201d, la care vor participa c\u00e2ini \u0219i pisici din ad\u0103posturile proprii ale Sectorului 2, precum \u0219i animale salvate de organiza\u021biile neguvernamentale partenere.<\/strong><\/p>\n\n\n\n<p><strong>Evenimentul se va desf\u0103\u0219ura \u00een luna septembrie, timp de trei zile. <\/strong><\/p>\n\n\n\n<p>Bugetul maxim alocat este de un milion de lei, plus TVA, potrivit unei hot\u0103r\u00e2ri de Consiliu Local.<\/p>\n\n\n\n<h2 class=\"wp-block-heading\" id=\"h-targ-de-adop\u021bii-in-parcul-plumbuita-programul-propus\">T\u00e2rg de adop\u021bii \u00een Parcul Plumbuita. Programul propus<\/h2>\n\n\n\n<p><strong>T\u00e2rgul de adop\u021bii va include activit\u0103\u0163i pentru copii \u015fi familii, precum demonstra\u021bii tematice \u0219i concerte. Programul propus este cuprins \u00eentre 10:00 \u0219i 22:00, cu prima parte a zilei dedicat\u0103 promov\u0103rii adop\u021biilor responsabile, iar seara rezervat\u0103 concertelor.<\/strong><\/p>\n\n\n\n<p>Printre atrac\u0163iile principale ale evenimentului se propun: concursul \u201eMiss \u015fi Mister Adop\u0163ie&#8221;, destinat animalelor deja adoptate, evaluat de un juriu format din trei personalit\u0103\u0163i publice invitate, precum \u0219i demonstra\u0163ii ale cailor Jandarmeriei Rom\u00e2ne sau ale c\u00e2inilor MAI.<\/p>\n\n\n\n<p>Totodat\u0103, ONG-urile partenere sunt invitate s\u0103 organizeze expozi\u021bii \u0219i ateliere tematice.<\/p>\n\n\n\n<h2 class=\"wp-block-heading\" id=\"h-peste-400-de-animale-gazduite-in-adaposturile-sectorului-2\">Peste 400 de animale g\u0103zduite \u00een ad\u0103posturile Sectorului 2<\/h2>\n\n\n\n<p>Principalul scop al evenimentului este promovarea adop\u021biilor responsabile, dar \u0219i a steriliz\u0103rii, microcip\u0103rii \u0219i \u00eengrijirii animalelor.<\/p>\n\n\n\n<p><strong>Cele dou\u0103 ad\u0103posturi administrate de Prim\u0103ria Sectorului 2 g\u0103zduiesc aproximativ 440 de animale \u00een c\u0103utarea unei familii, c\u00e2ini \u0219i pisici deopotriv\u0103.<\/strong><\/p>\n\n\n\n<p>Acestea sunt situate \u00een satul T\u00e2nganu (Comuna Cernica, Jude\u021bul Ilfov) \u0219i \u00een comuna Butimanu (Jude\u021bul D\u00e2mbovi\u021ba). Cet\u0103\u021benii interesa\u021bi pot ob\u021bine informa\u021bii despre&nbsp;adop\u021bie\/ vizite \u00een ad\u0103post&nbsp;de la Biroul Ad\u0103post Animale.<\/p>\n\n\n\n<h2 class=\"wp-block-heading\" id=\"h-buget-de-un-milion-de-lei-alocat-de-primaria-sectorului-2\">Buget de un milion de lei, alocat de Prim\u0103ria Sectorului 2<\/h2>\n\n\n\n<p>T\u00e2rgul de adop\u021bii organizat \u00een Parcul Plumbuita va fi finan\u021bat at\u00e2t din bugetul local al Sectorului 2, precum \u0219i din dona\u021bii, sponsoriz\u0103ri sau parteneriate.<\/p>\n\n\n\n<p>Bugetul maxim al proiectului este de un milion de lei, f\u0103r\u0103 TVA. Fondurile vor fi folosite pentru:<\/p>\n\n\n\n<ul class=\"wp-block-list\">\n<li>\u201eamenajare \u0219i logistic\u0103: corturi, standuri, \u00eemprejmuiri, garduri, mobilier, generatoare\/racord electric, iluminat;<\/li>\n\n\n\n<li>servicii tehnice \u0219i artistice: scen\u0103, sonorizare, lumini, proiec\u021bii, produc\u021bie tehnic\u0103 \u0219i onorarii artistice;<\/li>\n\n\n\n<li>servicii pentru siguran\u021b\u0103 \u0219i func\u021bionare: paz\u0103, ordine, control acces, asisten\u021b\u0103 medical\u0103, asisten\u021b\u0103 veterinar\u0103, salubrizare, toalete ecologice;<\/li>\n\n\n\n<li>materiale promo\u021bionale \u0219i informative: bannere, afi\u0219e, bro\u0219uri, materiale tip\u0103rite \u0219i digitale;<\/li>\n\n\n\n<li>premii simbolice, diplome, materiale pentru activit\u0103\u021bi educative \u0219i voluntariat;<\/li>\n\n\n\n<li>alte cheltuieli necesare bunei desf\u0103\u0219ur\u0103ri a evenimentului, \u00een condi\u021biile legii.\u201d, se precizeaz\u0103 \u00een <a href=\"https:\/\/public.ps2.ro\/Administratie%20Publica%20Locala\/Proiecte%20CLS2\/2026\/2026-04-30%20SEDINTA%20ORDINARA%20ORA%2015.00\/29%20ph%20Pufosii%20II.pdf\">documentul consultat de reporterii BdB<\/a>.<\/li>\n<\/ul>\n\n\n\n<p>Proiectul de hot\u0103r\u00e2re a fost adoptat cu 18 voturi pentru \u0219i 3 ab\u021bineri \u00een \u0219edin\u021ba Consiliului Local al Sectorului 2 de joi, 30 aprilie.<\/p>\n\n\n\n<p><strong>CITE\u0218TE \u0218I:<\/strong> <a href=\"https:\/\/buletin.de\/bucuresti\/galerie-foto-gradina-casei-universitarilor-va-fi-reamenajata-prin-concurs-international-de-solutii-planuri-pentru-teatru-de-vara-si-hub-pentru-studenti\/\"><strong>GALERIE FOTO&nbsp;|&nbsp;Gr\u0103dina Casei Universitarilor va fi reamenajat\u0103 prin concurs interna\u0163ional de solu\u0163ii. Planuri pentru teatru de var\u0103 \u0219i hub pentru studen\u021bi<\/strong><\/a><\/p>\n","protected":false},"excerpt":{"rendered":"<p>Prim\u0103ria Sectorului 2 va organiza un t\u00e2rg de adop\u021bii \u00een Parcul Plumbuita. Este vorba despre a doua edi\u021bie a evenimentului \u201ePrietenii Pufo\u0219i\u201d, la care vor participa c\u00e2ini \u0219i pisici din ad\u0103posturile proprii ale Sectorului 2, precum \u0219i animale salvate de organiza\u021biile neguvernamentale partenere. Evenimentul se va desf\u0103\u0219ura \u00een luna septembrie, timp de trei zile. Bugetul [&hellip;]<\/p>\n","protected":false},"author":55,"featured_media":190527,"comment_status":"closed","ping_status":"open","sticky":false,"template":"","format":"standard","meta":{"_acf_changed":false,"inline_featured_image":false,"ngg_post_thumbnail":0,"footnotes":""},"categories":[6994,24,62],"tags":[12961,13157,4998,5696,229,3457,9612],"ppma_author":[22573],"class_list":["post-190518","post","type-post","status-publish","format-standard","has-post-thumbnail","hentry","category-stiri-2","category-primarie","category-stiri","tag-adoptii-caini","tag-adoptii-pisici","tag-microcipare","tag-parcul-plumbuita","tag-sector-2","tag-sterilizare","tag-targ-de-adoptii"],"acf":[],"yoast_head":"<!-- This site is optimized with the Yoast SEO Premium plugin v25.3 (Yoast SEO v27.5) - https:\/\/yoast.com\/product\/yoast-seo-premium-wordpress\/ -->\n<title>T\u00e2rg de adop\u021bii \u00een Parcul Plumbuita. Buget maxim de un milion de lei - Buletin de Bucure\u0219ti<\/title>\n<meta name=\"description\" content=\"Prim\u0103ria Sectorului 2 va organiza un t\u00e2rg de adop\u021bii \u00een Parcul Plumbuita. Este vorba despre a doua edi\u021bie a evenimentului \u201ePrietenii Pufo\u0219i\u201d.\" \/>\n<meta name=\"robots\" content=\"index, follow, max-snippet:-1, max-image-preview:large, max-video-preview:-1\" \/>\n<link rel=\"canonical\" href=\"https:\/\/buletin.de\/bucuresti\/targ-de-adoptii-in-parcul-plumbuita-buget-de-maxim-un-milion-de-lei\/\" \/>\n<meta property=\"og:locale\" content=\"en_GB\" \/>\n<meta property=\"og:type\" content=\"article\" \/>\n<meta property=\"og:title\" content=\"T\u00e2rg de adop\u021bii \u00een Parcul Plumbuita. Buget maxim de un milion de lei\" \/>\n<meta property=\"og:description\" content=\"Prim\u0103ria Sectorului 2 va organiza un t\u00e2rg de adop\u021bii \u00een Parcul Plumbuita. Este vorba despre a doua edi\u021bie a evenimentului \u201ePrietenii Pufo\u0219i\u201d.\" \/>\n<meta property=\"og:url\" content=\"https:\/\/buletin.de\/bucuresti\/targ-de-adoptii-in-parcul-plumbuita-buget-de-maxim-un-milion-de-lei\/\" \/>\n<meta property=\"og:site_name\" content=\"Buletin de Bucure\u0219ti\" \/>\n<meta property=\"article:publisher\" content=\"https:\/\/www.facebook.com\/buletin.de.buc\" \/>\n<meta property=\"article:published_time\" content=\"2026-05-01T05:07:15+00:00\" \/>\n<meta property=\"article:modified_time\" content=\"2026-05-01T05:11:45+00:00\" \/>\n<meta property=\"og:image\" content=\"https:\/\/buletin.de\/bucuresti\/wp-content\/uploads\/2026\/05\/coccidioza-la-caini-si-pisici-ce-este-1.jpg\" \/>\n\t<meta property=\"og:image:width\" content=\"1000\" \/>\n\t<meta property=\"og:image:height\" content=\"666\" \/>\n\t<meta property=\"og:image:type\" content=\"image\/jpeg\" \/>\n<meta name=\"author\" content=\"Andreea Tudor\" \/>\n<meta name=\"twitter:card\" content=\"summary_large_image\" \/>\n<meta name=\"twitter:label1\" content=\"Written by\" \/>\n\t<meta name=\"twitter:data1\" content=\"Andreea Tudor\" \/>\n\t<meta name=\"twitter:label2\" content=\"Estimated reading time\" \/>\n\t<meta name=\"twitter:data2\" content=\"3 minutes\" \/>\n<script type=\"application\/ld+json\" class=\"yoast-schema-graph\">{\"@context\":\"https:\\\/\\\/schema.org\",\"@graph\":[{\"@type\":\"Article\",\"@id\":\"https:\\\/\\\/buletin.de\\\/bucuresti\\\/targ-de-adoptii-in-parcul-plumbuita-buget-de-maxim-un-milion-de-lei\\\/#article\",\"isPartOf\":{\"@id\":\"https:\\\/\\\/buletin.de\\\/bucuresti\\\/targ-de-adoptii-in-parcul-plumbuita-buget-de-maxim-un-milion-de-lei\\\/\"},\"author\":{\"name\":\"Andreea Tudor\",\"@id\":\"https:\\\/\\\/buletin.de\\\/bucuresti\\\/#\\\/schema\\\/person\\\/150590659efde715459d159da012f501\"},\"headline\":\"T\u00e2rg de adop\u021bii \u00een Parcul Plumbuita. Buget maxim de un milion de lei\",\"datePublished\":\"2026-05-01T05:07:15+00:00\",\"dateModified\":\"2026-05-01T05:11:45+00:00\",\"mainEntityOfPage\":{\"@id\":\"https:\\\/\\\/buletin.de\\\/bucuresti\\\/targ-de-adoptii-in-parcul-plumbuita-buget-de-maxim-un-milion-de-lei\\\/\"},\"wordCount\":500,\"publisher\":{\"@id\":\"https:\\\/\\\/buletin.de\\\/bucuresti\\\/#organization\"},\"image\":{\"@id\":\"https:\\\/\\\/buletin.de\\\/bucuresti\\\/targ-de-adoptii-in-parcul-plumbuita-buget-de-maxim-un-milion-de-lei\\\/#primaryimage\"},\"thumbnailUrl\":\"https:\\\/\\\/buletin.de\\\/bucuresti\\\/wp-content\\\/uploads\\\/2026\\\/05\\\/coccidioza-la-caini-si-pisici-ce-este-1.jpg\",\"keywords\":[\"adoptii caini\",\"adoptii pisici\",\"microcipare\",\"Parcul Plumbuita\",\"Sector 2\",\"sterilizare\",\"Targ de adoptii\"],\"articleSection\":[\"Articole\",\"Prim\u0103rie\",\"\u0218tiri\"],\"inLanguage\":\"en-GB\",\"copyrightYear\":\"2026\",\"copyrightHolder\":{\"@id\":\"https:\\\/\\\/buletin.de\\\/bucuresti\\\/#organization\"}},{\"@type\":\"WebPage\",\"@id\":\"https:\\\/\\\/buletin.de\\\/bucuresti\\\/targ-de-adoptii-in-parcul-plumbuita-buget-de-maxim-un-milion-de-lei\\\/\",\"url\":\"https:\\\/\\\/buletin.de\\\/bucuresti\\\/targ-de-adoptii-in-parcul-plumbuita-buget-de-maxim-un-milion-de-lei\\\/\",\"name\":\"T\u00e2rg de adop\u021bii \u00een Parcul Plumbuita. Buget maxim de un milion de lei - Buletin de Bucure\u0219ti\",\"isPartOf\":{\"@id\":\"https:\\\/\\\/buletin.de\\\/bucuresti\\\/#website\"},\"primaryImageOfPage\":{\"@id\":\"https:\\\/\\\/buletin.de\\\/bucuresti\\\/targ-de-adoptii-in-parcul-plumbuita-buget-de-maxim-un-milion-de-lei\\\/#primaryimage\"},\"image\":{\"@id\":\"https:\\\/\\\/buletin.de\\\/bucuresti\\\/targ-de-adoptii-in-parcul-plumbuita-buget-de-maxim-un-milion-de-lei\\\/#primaryimage\"},\"thumbnailUrl\":\"https:\\\/\\\/buletin.de\\\/bucuresti\\\/wp-content\\\/uploads\\\/2026\\\/05\\\/coccidioza-la-caini-si-pisici-ce-este-1.jpg\",\"datePublished\":\"2026-05-01T05:07:15+00:00\",\"dateModified\":\"2026-05-01T05:11:45+00:00\",\"description\":\"Prim\u0103ria Sectorului 2 va organiza un t\u00e2rg de adop\u021bii \u00een Parcul Plumbuita. Este vorba despre a doua edi\u021bie a evenimentului \u201ePrietenii Pufo\u0219i\u201d.\",\"breadcrumb\":{\"@id\":\"https:\\\/\\\/buletin.de\\\/bucuresti\\\/targ-de-adoptii-in-parcul-plumbuita-buget-de-maxim-un-milion-de-lei\\\/#breadcrumb\"},\"inLanguage\":\"en-GB\",\"potentialAction\":[{\"@type\":\"ReadAction\",\"target\":[\"https:\\\/\\\/buletin.de\\\/bucuresti\\\/targ-de-adoptii-in-parcul-plumbuita-buget-de-maxim-un-milion-de-lei\\\/\"]}]},{\"@type\":\"ImageObject\",\"inLanguage\":\"en-GB\",\"@id\":\"https:\\\/\\\/buletin.de\\\/bucuresti\\\/targ-de-adoptii-in-parcul-plumbuita-buget-de-maxim-un-milion-de-lei\\\/#primaryimage\",\"url\":\"https:\\\/\\\/buletin.de\\\/bucuresti\\\/wp-content\\\/uploads\\\/2026\\\/05\\\/coccidioza-la-caini-si-pisici-ce-este-1.jpg\",\"contentUrl\":\"https:\\\/\\\/buletin.de\\\/bucuresti\\\/wp-content\\\/uploads\\\/2026\\\/05\\\/coccidioza-la-caini-si-pisici-ce-este-1.jpg\",\"width\":1000,\"height\":666,\"caption\":\"T\u00e2rg de adop\u021bii \u00een Parcul Plumbuita. Foto: Arhiv\u0103\"},{\"@type\":\"BreadcrumbList\",\"@id\":\"https:\\\/\\\/buletin.de\\\/bucuresti\\\/targ-de-adoptii-in-parcul-plumbuita-buget-de-maxim-un-milion-de-lei\\\/#breadcrumb\",\"itemListElement\":[{\"@type\":\"ListItem\",\"position\":1,\"name\":\"Acas\u0103\",\"item\":\"https:\\\/\\\/buletin.de\\\/bucuresti\\\/\"},{\"@type\":\"ListItem\",\"position\":2,\"name\":\"T\u00e2rg de adop\u021bii \u00een Parcul Plumbuita. Buget maxim de un milion de lei\"}]},{\"@type\":\"WebSite\",\"@id\":\"https:\\\/\\\/buletin.de\\\/bucuresti\\\/#website\",\"url\":\"https:\\\/\\\/buletin.de\\\/bucuresti\\\/\",\"name\":\"Buletin de Bucure\u0219ti\",\"description\":\"\u0218tiri \u0219i investiga\u021bii esen\u021biale din capital\u0103\",\"publisher\":{\"@id\":\"https:\\\/\\\/buletin.de\\\/bucuresti\\\/#organization\"},\"potentialAction\":[{\"@type\":\"SearchAction\",\"target\":{\"@type\":\"EntryPoint\",\"urlTemplate\":\"https:\\\/\\\/buletin.de\\\/bucuresti\\\/?s={search_term_string}\"},\"query-input\":{\"@type\":\"PropertyValueSpecification\",\"valueRequired\":true,\"valueName\":\"search_term_string\"}}],\"inLanguage\":\"en-GB\"},{\"@type\":\"Organization\",\"@id\":\"https:\\\/\\\/buletin.de\\\/bucuresti\\\/#organization\",\"name\":\"Buletin de Bucure\u0219ti\",\"url\":\"https:\\\/\\\/buletin.de\\\/bucuresti\\\/\",\"logo\":{\"@type\":\"ImageObject\",\"inLanguage\":\"en-GB\",\"@id\":\"https:\\\/\\\/buletin.de\\\/bucuresti\\\/#\\\/schema\\\/logo\\\/image\\\/\",\"url\":\"https:\\\/\\\/buletin.de\\\/bucuresti\\\/wp-content\\\/uploads\\\/logo-bdb-full-wide-vernil-transparent.png\",\"contentUrl\":\"https:\\\/\\\/buletin.de\\\/bucuresti\\\/wp-content\\\/uploads\\\/logo-bdb-full-wide-vernil-transparent.png\",\"width\":1782,\"height\":626,\"caption\":\"Buletin de Bucure\u0219ti\"},\"image\":{\"@id\":\"https:\\\/\\\/buletin.de\\\/bucuresti\\\/#\\\/schema\\\/logo\\\/image\\\/\"},\"sameAs\":[\"https:\\\/\\\/www.facebook.com\\\/buletin.de.buc\",\"https:\\\/\\\/www.instagram.com\\\/buletinde.bucuresti\\\/\"]},{\"@type\":\"Person\",\"@id\":\"https:\\\/\\\/buletin.de\\\/bucuresti\\\/#\\\/schema\\\/person\\\/150590659efde715459d159da012f501\",\"name\":\"Andreea Tudor\",\"image\":{\"@type\":\"ImageObject\",\"inLanguage\":\"en-GB\",\"@id\":\"https:\\\/\\\/secure.gravatar.com\\\/avatar\\\/a88705a186ab0b67f3349bcbced506c09e37256fbaad0e7f3bd1a79b4599f589?s=96&d=monsterid&r=g79290610aa1a65c2b86eebc2ca5aee8f\",\"url\":\"https:\\\/\\\/secure.gravatar.com\\\/avatar\\\/a88705a186ab0b67f3349bcbced506c09e37256fbaad0e7f3bd1a79b4599f589?s=96&d=monsterid&r=g\",\"contentUrl\":\"https:\\\/\\\/secure.gravatar.com\\\/avatar\\\/a88705a186ab0b67f3349bcbced506c09e37256fbaad0e7f3bd1a79b4599f589?s=96&d=monsterid&r=g\",\"caption\":\"Andreea Tudor\"},\"description\":\"N\u0103scut\u0103 \u0219i crescut\u0103 \u00een Bucure\u0219ti, sus\u021bin\u0103toare a presei independente. A\u0219a am ajuns redactor la Buletin de Bucure\u0219ti. Fiind eu, \u00eens\u0103mi, parte a sistemului de \u00eenv\u0103\u021b\u0103m\u00e2nt rom\u00e2nesc \u0219i pasionat\u0103 de domeniul social, pun sub lup\u0103 tot ceea ce se \u00eent\u00e2mpl\u0103 \u00een sfera educa\u021biei. Cred cu t\u0103rie c\u0103 presa \u201epentru cet\u0103\u021beni\u201d este presa independent\u0103. Oamenii au nevoie de o informare corect\u0103 pentru a \u00een\u021belege pe deplin ce se \u00eent\u00e2mpl\u0103 \u00een jurul lor \u0219i pentru a lua ac\u021biune \u00eempotriva nedrept\u0103\u021bilor.\",\"url\":\"https:\\\/\\\/buletin.de\\\/bucuresti\\\/author\\\/andreeatudor\\\/\"}]}<\/script>\n<!-- \/ Yoast SEO Premium plugin. -->","yoast_head_json":{"title":"T\u00e2rg de adop\u021bii \u00een Parcul Plumbuita. Buget maxim de un milion de lei - Buletin de Bucure\u0219ti","description":"Prim\u0103ria Sectorului 2 va organiza un t\u00e2rg de adop\u021bii \u00een Parcul Plumbuita. Este vorba despre a doua edi\u021bie a evenimentului \u201ePrietenii Pufo\u0219i\u201d.","robots":{"index":"index","follow":"follow","max-snippet":"max-snippet:-1","max-image-preview":"max-image-preview:large","max-video-preview":"max-video-preview:-1"},"canonical":"https:\/\/buletin.de\/bucuresti\/targ-de-adoptii-in-parcul-plumbuita-buget-de-maxim-un-milion-de-lei\/","og_locale":"en_GB","og_type":"article","og_title":"T\u00e2rg de adop\u021bii \u00een Parcul Plumbuita. Buget maxim de un milion de lei","og_description":"Prim\u0103ria Sectorului 2 va organiza un t\u00e2rg de adop\u021bii \u00een Parcul Plumbuita. Este vorba despre a doua edi\u021bie a evenimentului \u201ePrietenii Pufo\u0219i\u201d.","og_url":"https:\/\/buletin.de\/bucuresti\/targ-de-adoptii-in-parcul-plumbuita-buget-de-maxim-un-milion-de-lei\/","og_site_name":"Buletin de Bucure\u0219ti","article_publisher":"https:\/\/www.facebook.com\/buletin.de.buc","article_published_time":"2026-05-01T05:07:15+00:00","article_modified_time":"2026-05-01T05:11:45+00:00","og_image":[{"width":1000,"height":666,"url":"https:\/\/buletin.de\/bucuresti\/wp-content\/uploads\/2026\/05\/coccidioza-la-caini-si-pisici-ce-este-1.jpg","type":"image\/jpeg"}],"author":"Andreea Tudor","twitter_card":"summary_large_image","twitter_misc":{"Written by":"Andreea Tudor","Estimated reading time":"3 minutes"},"schema":{"@context":"https:\/\/schema.org","@graph":[{"@type":"Article","@id":"https:\/\/buletin.de\/bucuresti\/targ-de-adoptii-in-parcul-plumbuita-buget-de-maxim-un-milion-de-lei\/#article","isPartOf":{"@id":"https:\/\/buletin.de\/bucuresti\/targ-de-adoptii-in-parcul-plumbuita-buget-de-maxim-un-milion-de-lei\/"},"author":{"name":"Andreea Tudor","@id":"https:\/\/buletin.de\/bucuresti\/#\/schema\/person\/150590659efde715459d159da012f501"},"headline":"T\u00e2rg de adop\u021bii \u00een Parcul Plumbuita. Buget maxim de un milion de lei","datePublished":"2026-05-01T05:07:15+00:00","dateModified":"2026-05-01T05:11:45+00:00","mainEntityOfPage":{"@id":"https:\/\/buletin.de\/bucuresti\/targ-de-adoptii-in-parcul-plumbuita-buget-de-maxim-un-milion-de-lei\/"},"wordCount":500,"publisher":{"@id":"https:\/\/buletin.de\/bucuresti\/#organization"},"image":{"@id":"https:\/\/buletin.de\/bucuresti\/targ-de-adoptii-in-parcul-plumbuita-buget-de-maxim-un-milion-de-lei\/#primaryimage"},"thumbnailUrl":"https:\/\/buletin.de\/bucuresti\/wp-content\/uploads\/2026\/05\/coccidioza-la-caini-si-pisici-ce-este-1.jpg","keywords":["adoptii caini","adoptii pisici","microcipare","Parcul Plumbuita","Sector 2","sterilizare","Targ de adoptii"],"articleSection":["Articole","Prim\u0103rie","\u0218tiri"],"inLanguage":"en-GB","copyrightYear":"2026","copyrightHolder":{"@id":"https:\/\/buletin.de\/bucuresti\/#organization"}},{"@type":"WebPage","@id":"https:\/\/buletin.de\/bucuresti\/targ-de-adoptii-in-parcul-plumbuita-buget-de-maxim-un-milion-de-lei\/","url":"https:\/\/buletin.de\/bucuresti\/targ-de-adoptii-in-parcul-plumbuita-buget-de-maxim-un-milion-de-lei\/","name":"T\u00e2rg de adop\u021bii \u00een Parcul Plumbuita. Buget maxim de un milion de lei - Buletin de Bucure\u0219ti","isPartOf":{"@id":"https:\/\/buletin.de\/bucuresti\/#website"},"primaryImageOfPage":{"@id":"https:\/\/buletin.de\/bucuresti\/targ-de-adoptii-in-parcul-plumbuita-buget-de-maxim-un-milion-de-lei\/#primaryimage"},"image":{"@id":"https:\/\/buletin.de\/bucuresti\/targ-de-adoptii-in-parcul-plumbuita-buget-de-maxim-un-milion-de-lei\/#primaryimage"},"thumbnailUrl":"https:\/\/buletin.de\/bucuresti\/wp-content\/uploads\/2026\/05\/coccidioza-la-caini-si-pisici-ce-este-1.jpg","datePublished":"2026-05-01T05:07:15+00:00","dateModified":"2026-05-01T05:11:45+00:00","description":"Prim\u0103ria Sectorului 2 va organiza un t\u00e2rg de adop\u021bii \u00een Parcul Plumbuita. Este vorba despre a doua edi\u021bie a evenimentului \u201ePrietenii Pufo\u0219i\u201d.","breadcrumb":{"@id":"https:\/\/buletin.de\/bucuresti\/targ-de-adoptii-in-parcul-plumbuita-buget-de-maxim-un-milion-de-lei\/#breadcrumb"},"inLanguage":"en-GB","potentialAction":[{"@type":"ReadAction","target":["https:\/\/buletin.de\/bucuresti\/targ-de-adoptii-in-parcul-plumbuita-buget-de-maxim-un-milion-de-lei\/"]}]},{"@type":"ImageObject","inLanguage":"en-GB","@id":"https:\/\/buletin.de\/bucuresti\/targ-de-adoptii-in-parcul-plumbuita-buget-de-maxim-un-milion-de-lei\/#primaryimage","url":"https:\/\/buletin.de\/bucuresti\/wp-content\/uploads\/2026\/05\/coccidioza-la-caini-si-pisici-ce-este-1.jpg","contentUrl":"https:\/\/buletin.de\/bucuresti\/wp-content\/uploads\/2026\/05\/coccidioza-la-caini-si-pisici-ce-este-1.jpg","width":1000,"height":666,"caption":"T\u00e2rg de adop\u021bii \u00een Parcul Plumbuita. Foto: Arhiv\u0103"},{"@type":"BreadcrumbList","@id":"https:\/\/buletin.de\/bucuresti\/targ-de-adoptii-in-parcul-plumbuita-buget-de-maxim-un-milion-de-lei\/#breadcrumb","itemListElement":[{"@type":"ListItem","position":1,"name":"Acas\u0103","item":"https:\/\/buletin.de\/bucuresti\/"},{"@type":"ListItem","position":2,"name":"T\u00e2rg de adop\u021bii \u00een Parcul Plumbuita. Buget maxim de un milion de lei"}]},{"@type":"WebSite","@id":"https:\/\/buletin.de\/bucuresti\/#website","url":"https:\/\/buletin.de\/bucuresti\/","name":"Buletin de Bucure\u0219ti","description":"\u0218tiri \u0219i investiga\u021bii esen\u021biale din capital\u0103","publisher":{"@id":"https:\/\/buletin.de\/bucuresti\/#organization"},"potentialAction":[{"@type":"SearchAction","target":{"@type":"EntryPoint","urlTemplate":"https:\/\/buletin.de\/bucuresti\/?s={search_term_string}"},"query-input":{"@type":"PropertyValueSpecification","valueRequired":true,"valueName":"search_term_string"}}],"inLanguage":"en-GB"},{"@type":"Organization","@id":"https:\/\/buletin.de\/bucuresti\/#organization","name":"Buletin de Bucure\u0219ti","url":"https:\/\/buletin.de\/bucuresti\/","logo":{"@type":"ImageObject","inLanguage":"en-GB","@id":"https:\/\/buletin.de\/bucuresti\/#\/schema\/logo\/image\/","url":"https:\/\/buletin.de\/bucuresti\/wp-content\/uploads\/logo-bdb-full-wide-vernil-transparent.png","contentUrl":"https:\/\/buletin.de\/bucuresti\/wp-content\/uploads\/logo-bdb-full-wide-vernil-transparent.png","width":1782,"height":626,"caption":"Buletin de Bucure\u0219ti"},"image":{"@id":"https:\/\/buletin.de\/bucuresti\/#\/schema\/logo\/image\/"},"sameAs":["https:\/\/www.facebook.com\/buletin.de.buc","https:\/\/www.instagram.com\/buletinde.bucuresti\/"]},{"@type":"Person","@id":"https:\/\/buletin.de\/bucuresti\/#\/schema\/person\/150590659efde715459d159da012f501","name":"Andreea Tudor","image":{"@type":"ImageObject","inLanguage":"en-GB","@id":"https:\/\/secure.gravatar.com\/avatar\/a88705a186ab0b67f3349bcbced506c09e37256fbaad0e7f3bd1a79b4599f589?s=96&d=monsterid&r=g79290610aa1a65c2b86eebc2ca5aee8f","url":"https:\/\/secure.gravatar.com\/avatar\/a88705a186ab0b67f3349bcbced506c09e37256fbaad0e7f3bd1a79b4599f589?s=96&d=monsterid&r=g","contentUrl":"https:\/\/secure.gravatar.com\/avatar\/a88705a186ab0b67f3349bcbced506c09e37256fbaad0e7f3bd1a79b4599f589?s=96&d=monsterid&r=g","caption":"Andreea Tudor"},"description":"N\u0103scut\u0103 \u0219i crescut\u0103 \u00een Bucure\u0219ti, sus\u021bin\u0103toare a presei independente. A\u0219a am ajuns redactor la Buletin de Bucure\u0219ti. Fiind eu, \u00eens\u0103mi, parte a sistemului de \u00eenv\u0103\u021b\u0103m\u00e2nt rom\u00e2nesc \u0219i pasionat\u0103 de domeniul social, pun sub lup\u0103 tot ceea ce se \u00eent\u00e2mpl\u0103 \u00een sfera educa\u021biei. Cred cu t\u0103rie c\u0103 presa \u201epentru cet\u0103\u021beni\u201d este presa independent\u0103. Oamenii au nevoie de o informare corect\u0103 pentru a \u00een\u021belege pe deplin ce se \u00eent\u00e2mpl\u0103 \u00een jurul lor \u0219i pentru a lua ac\u021biune \u00eempotriva nedrept\u0103\u021bilor.","url":"https:\/\/buletin.de\/bucuresti\/author\/andreeatudor\/"}]}},"authors":[{"term_id":22573,"user_id":55,"is_guest":0,"slug":"andreeatudor","display_name":"Andreea Tudor","avatar_url":"https:\/\/secure.gravatar.com\/avatar\/a88705a186ab0b67f3349bcbced506c09e37256fbaad0e7f3bd1a79b4599f589?s=96&d=monsterid&r=g","0":null,"1":"","2":"","3":"","4":"","5":"","6":"","7":"","8":""}],"_links":{"self":[{"href":"https:\/\/buletin.de\/bucuresti\/wp-json\/wp\/v2\/posts\/190518","targetHints":{"allow":["GET"]}}],"collection":[{"href":"https:\/\/buletin.de\/bucuresti\/wp-json\/wp\/v2\/posts"}],"about":[{"href":"https:\/\/buletin.de\/bucuresti\/wp-json\/wp\/v2\/types\/post"}],"author":[{"embeddable":true,"href":"https:\/\/buletin.de\/bucuresti\/wp-json\/wp\/v2\/users\/55"}],"replies":[{"embeddable":true,"href":"https:\/\/buletin.de\/bucuresti\/wp-json\/wp\/v2\/comments?post=190518"}],"version-history":[{"count":8,"href":"https:\/\/buletin.de\/bucuresti\/wp-json\/wp\/v2\/posts\/190518\/revisions"}],"predecessor-version":[{"id":190531,"href":"https:\/\/buletin.de\/bucuresti\/wp-json\/wp\/v2\/posts\/190518\/revisions\/190531"}],"wp:featuredmedia":[{"embeddable":true,"href":"https:\/\/buletin.de\/bucuresti\/wp-json\/wp\/v2\/media\/190527"}],"wp:attachment":[{"href":"https:\/\/buletin.de\/bucuresti\/wp-json\/wp\/v2\/media?parent=190518"}],"wp:term":[{"taxonomy":"category","embeddable":true,"href":"https:\/\/buletin.de\/bucuresti\/wp-json\/wp\/v2\/categories?post=190518"},{"taxonomy":"post_tag","embeddable":true,"href":"https:\/\/buletin.de\/bucuresti\/wp-json\/wp\/v2\/tags?post=190518"},{"taxonomy":"author","embeddable":true,"href":"https:\/\/buletin.de\/bucuresti\/wp-json\/wp\/v2\/ppma_author?post=190518"}],"curies":[{"name":"wp","href":"https:\/\/api.w.org\/{rel}","templated":true}]}}