{"id":190450,"date":"2026-05-01T07:55:00","date_gmt":"2026-05-01T04:55:00","guid":{"rendered":"https:\/\/buletin.de\/bucuresti\/?p=190450"},"modified":"2026-05-01T00:19:54","modified_gmt":"2026-04-30T21:19:54","slug":"cum-explica-primaria-sectorului-5-contractul-pentru-saci-de-gunoi-personalizati-achizitie-necesara-pentru-continuitatea-salubrizarii","status":"publish","type":"post","link":"https:\/\/buletin.de\/bucuresti\/cum-explica-primaria-sectorului-5-contractul-pentru-saci-de-gunoi-personalizati-achizitie-necesara-pentru-continuitatea-salubrizarii\/","title":{"rendered":"De ce a cump\u0103rat Prim\u0103ria Sectorului 5 saci de gunoi personaliza\u021bi f\u0103r\u0103 licita\u021bie, de la o firm\u0103 abonat\u0103 la contracte cu statul: achizi\u021bia era necesar\u0103 pentru continuitatea salubriz\u0103rii"},"content":{"rendered":"\n<p><strong>Prim\u0103ria Sectorului 5 sus\u021bine c\u0103 achizi\u021bia sacilor de gunoi personaliza\u021bi, \u00een valoare de aproape 50.000 de euro, a fost realizat\u0103 prin achizi\u021bie direct\u0103 deoarece nu avea bugetul local aprobat \u0219i risca s\u0103 se blocheze activitatea de salubrizare.<\/strong><\/p>\n\n\n\n<p>Buletin de Bucure\u0219ti a scris joi c\u0103 <strong>Prim\u0103ria Sectorului 5 a cump\u0103rat, prin atribuire direct\u0103, saci menajeri personaliza\u021bi \u00een valoare de aproximativ 50.000 de euro de la o firm\u0103 cu leg\u0103turi controversate \u0219i un istoric consistent de contracte publice, Office&amp;More SRL.<\/strong><\/p>\n\n\n\n<p>Procedura s-a derulat rapid: oferta a fost trimis\u0103 pe 17 martie 2026, la ora 09:15, \u0219i acceptat\u0103 de Prim\u0103ria condus\u0103 de Piedone Jr. zece minute mai t\u00e2rziu, la 09:25.<\/p>\n\n\n\n<p>Firma care a primit contractul nu este una oarecare. Office&amp;More SRL a fost \u00eenfiin\u021bat\u0103 \u00een 2006 de un subofi\u021ber al Serviciului de Informa\u021bii Externe (SIE), Ninel Sfichi, care, \u00een 2017, conform&nbsp;<a href=\"https:\/\/www.g4media.ro\/exclusiv-o-firma-infiintata-de-un-subofiter-sie-activ-si-cedata-unui-colonel-rezervist-din-aceeasi-institutie-a-castigat-contracte-de-1125-milioane-lei-atribuite-de-o-directie-subordonata-primariei-s.html\" target=\"_blank\" rel=\"noreferrer noopener\">G4Media<\/a>, ar fi \u00eencheiat un acord de recunoa\u0219tere a vinov\u0103\u021biei la Parchetul Militar Bucure\u0219ti, pentru delapidare, dup\u0103 ce ar fi sustras bani din salariile colegilor \u0219i i-a pierdut la pariuri. Ulterior, ar fi primit o pedeaps\u0103 de doi ani de \u00eenchisoare cu suspendare.<\/p>\n\n\n\n<p><strong>Firma a ajuns mai t\u00e2rziu \u00een posesia unui colonel \u00een rezerv\u0103 din aceea\u0219i structur\u0103, Dumitru Urduban. Potrivit unor documente NATO desecretizate, acesta ar fi fost deconspirat \u00een anii \u201980 ca spion al Rom\u00e2niei comuniste \u00een Germania.<\/strong><\/p>\n\n\n\n<p>\u00cen 2024, Urduban a ie\u0219it complet din firma Office&amp;More SRL, aceasta r\u0103m\u00e2n\u00e2nd pe m\u00e2inile celor doi copii ai s\u0103i, Elena Stancu, p\u00e2n\u0103 \u00een 2023 jurnalist\u0103 la postul de televiziune Digi24, \u0219i Felician R\u0103zvan Stancu.<\/p>\n\n\n\n<p><strong>Office&amp;More nu este la primul contract cu statul. Din contr\u0103, compania a acumulat, \u00een timp, mii de contracte cu institu\u021bii publice, majoritatea prin atribuire direct\u0103.<\/strong><\/p>\n\n\n\n<p>Anul trecut, firma a c\u00e2\u0219tigat dou\u0103 acorduri-cadru \u00een valoare total\u0103 de 112,5 milioane de lei de la o direc\u021bie din subordinea Prim\u0103riei Sectorului 4, condus\u0103 de Daniel B\u0103lu\u021b\u0103.<\/p>\n\n\n\n<p><strong>CITE\u0218TE \u0218I:<\/strong> <strong><a href=\"https:\/\/buletin.de\/bucuresti\/primaria-lui-piedone-jr-cheltuie-zeci-de-mii-de-euro-pe-saci-de-gunoi-personalizati\/\">Prim\u0103ria lui Piedone Jr. cheltuie 50.000 de euro pe saci de gunoi personaliza\u021bi. Contractul a ajuns la o firm\u0103 fondat\u0103 de un fost ofi\u021ber SIE \u0219i preluat\u0103 de un spion comunist<\/a><\/strong><\/p>\n\n\n\n<h2 class=\"wp-block-heading\" id=\"h-primaria-sectorului-5-nu-noi-am-cumparat-saci-de-gunoi-personaliza\u021bi-ci-societatea-de-salubritate\">Prim\u0103ria Sectorului 5: nu noi am cump\u0103rat saci de gunoi personaliza\u021bi, ci societatea de salubritate<\/h2>\n\n\n\n<p><strong>Dup\u0103 publicarea articolului, purt\u0103torul de cuv\u00e2nt al Prim\u0103riei Sectorului 5, <em>Radu Tili\u021b\u0103<\/em>, a trimis redac\u021biei Buletin de Bucure\u0219ti un drept la replic\u0103 \u00een care men\u021bioneaz\u0103 achizi\u021bia de saci de gunoi a fost f\u0103cut\u0103 pentru c\u0103 vechiul contract s-a \u00eencheiat, iar f\u0103r\u0103 unul nou nu puteau continua \u00een mod normal activitatea de salubrizare.<\/strong><\/p>\n\n\n\n<p>Reprezentantul administra\u021biei a criticat titlul articolului, despre care a spus c\u0103 \u201eeste unul fals \u0219i tenden\u021bios\u201d, pentru c\u0103 achizi\u021bia de saci personaliza\u021bi nu a fost realizat\u0103 de Prim\u0103ria Sectorului 5, ci de societatea public\u0103 aflat\u0103 \u00een subordine, Salubrizare Sector 5 S.A., \u201eav\u00e2nd \u00een vedere c\u0103 bugetul Sectorului 5 nu era aprobat \u0219i necesitatea de a asigura continuitatea activit\u0103\u021bii de salubrizare \u00een Sectorul 5\u201d.<\/p>\n\n\n\n<p>Buletin de Bucure\u0219ti a scris \u00een urm\u0103 cu c\u00e2teva luni \u0219i c\u0103 Prim\u0103ria Sectorului 5, prin societatea public\u0103 aflat\u0103 \u00een subordine, Salubrizare Sector 5 S.A., cump\u0103r\u0103 sare pentru desz\u0103pezire pentru urm\u0103torii doi ani. <strong>Licita\u021bia public\u0103 a fost lansat\u0103 pe 26 ianuarie, iar valoarea estimat\u0103 a contractului dep\u0103\u0219e\u0219te 900.000 de euro.<\/strong><\/p>\n\n\n\n<p>Un calcul simplu arat\u0103 c\u0103 pentru fiecare an doar sarea pentru desz\u0103pezirea pe timp de iarn\u0103 scoate din bugetul local <strong>450.000 de euro.<\/strong><\/p>\n\n\n\n<p><strong>\u00cen februarie, firma din subordinea prim\u0103riei a primit <a href=\"https:\/\/buletin.de\/bucuresti\/amenzi-de-150-000-de-euro-pentru-operatorii-de-salubrizare-din-cauza-deszapezirii-intr-un-sector-taxa-de-asteptare-a-fost-de-peste-25-000-de-euro-pe-zi\/\">21 de amenzi<\/a> \u00een valoare total\u0103 de peste 20 de mii de euro din cauza desz\u0103pezirii, dup\u0103 cum a anun\u021bat&nbsp;<a href=\"https:\/\/www.plmb.ro\/\" target=\"_blank\" rel=\"noreferrer noopener\">Poli\u021bia Local\u0103 a Municipiului Bucure\u0219ti (PLMB).<\/a><\/strong><\/p>\n\n\n\n<p><strong>CITE\u0218TE \u0218I: <a href=\"https:\/\/buletin.de\/bucuresti\/primaria-sectorului-5-cumpara-sare-pentru-deszapezire-de-peste-900-000-de-euro-va-fi-folosita-doar-doi-ani\/\">Prim\u0103ria Sectorului 5 cump\u0103r\u0103 sare pentru desz\u0103pezire de peste 900.000 de euro. Va fi folosit\u0103 doar doi ani<\/a><\/strong><\/p>\n\n\n\n<h5 class=\"wp-block-heading\" id=\"h-redam-mai-jos-integral-reac\u021bia-primariei-sectorului-5-cu-privire-la-achizi\u021bia-sacilor-de-gunoi-personaliza\u021bi\"><strong>Red\u0103m, mai jos, integral reac\u021bia Prim\u0103riei Sectorului 5 cu privire la achizi\u021bia sacilor de gunoi personaliza\u021bi:<\/strong><\/h5>\n\n\n\n<p><em>\u201e\u00cen urma public\u0103rii articolului \u00abPrim\u0103ria lui Piedone Jr. cheltuie 50.000 de euro pe saci de gunoi personaliza\u021bi. Contractul a ajuns la o firm\u0103 fondat\u0103 de un fost ofi\u021ber SIE \u0219i preluat\u0103 de un spion comunist\u00bb, \u00een data de 30.04.2026 pe siteul buletin.de f\u0103r\u0103 a se cere un punct de vedere, biroul de pres\u0103 al Prim\u0103riei Sectorului 5 este abilitat s\u0103 fac\u0103 urm\u0103toarele preciz\u0103ri cu scopul de a contribui la o informare corect\u0103 a publicului larg.<\/em><\/p>\n\n\n\n<p><em>\u00cen luna februarie a anului 2026, s-a finalizat prin ajungerea la termen Acordul Cadru de furnizare saci polietilen\u0103 personaliza\u021bi. Prin urmare, Societatea Salubrizare Sector 5 SA a achizi\u021bionat prin achizi\u021bie direct\u0103 din catalogul electronic SICAP, av\u00e2nd \u00een vedere c\u0103 bugetul Sectorului 5 nu era aprobat \u0219i necesitatea de a asigura continuitatea activit\u0103\u021bii de salubrizare \u00een Sectorul 5.<\/em><\/p>\n\n\n\n<p><em>\u00cen acest sens, consider\u0103m c\u0103 titlul este unul fals \u0219i tenden\u021bios care nu reflect\u0103 adev\u0103rul din spatele acestei achizi\u021bii. Mai exact, achizi\u021bia a fost f\u0103cut\u0103 de c\u0103tre societatea Salubrizare Sector 5 SA \u0219i nu de c\u0103tre Prim\u0103ria Sectorului 5, a\u0219a cum fals este men\u021bionat \u00een articol.<\/em><\/p>\n\n\n\n<p><em>Adres\u0103m rug\u0103mintea de a fi preluat \u00een integralitate acest drept la replic\u0103 \u0219i de a fi postat pe site-ul buletin.de \u00een corpul articolului ini\u021bial.<\/em><\/p>\n\n\n\n<p><em>V\u0103 mul\u021bumim pentru \u00een\u021belegere!<\/em><\/p>\n\n\n\n<p><em>Cu stim\u0103,<br>Radu Tili\u021b\u0103<br>Purt\u0103tor de cuv\u00e2nt Prim\u0103ria Sector 5\u201d<\/em>.<\/p>\n\n\n\n<p><strong>CITE\u0218TE \u0218I: <a href=\"https:\/\/buletin.de\/bucuresti\/grafic-bugetul-ilustrat-al-primariei-capitalei-3-din-10-lei-merg-pe-investitii-jumatate-din-banii-de-la-bugetul-local-se-duc-pe-subventii-la-transport-si-termoficare\/\">GRAFIC | Bugetul Capitalei: 3 din 10 lei merg pe investi\u021bii. Jum\u0103tate din banii de la bugetul local se duc pe subven\u021bii la transport \u0219i termoficare<\/a><\/strong><\/p>\n","protected":false},"excerpt":{"rendered":"<p>Prim\u0103ria Sectorului 5 sus\u021bine c\u0103 achizi\u021bia sacilor de gunoi personaliza\u021bi, \u00een valoare de aproape 50.000 de euro, a fost realizat\u0103 prin achizi\u021bie direct\u0103 deoarece nu avea bugetul local aprobat \u0219i risca s\u0103 se blocheze activitatea de salubrizare. Buletin de Bucure\u0219ti a scris joi c\u0103 Prim\u0103ria Sectorului 5 a cump\u0103rat, prin atribuire direct\u0103, saci menajeri personaliza\u021bi [&hellip;]<\/p>\n","protected":false},"author":59,"featured_media":190453,"comment_status":"closed","ping_status":"open","sticky":false,"template":"","format":"standard","meta":{"_acf_changed":false,"inline_featured_image":false,"ngg_post_thumbnail":0,"footnotes":""},"categories":[6994,5762,24],"tags":[9,2054,1103,188],"ppma_author":[22572],"class_list":["post-190450","post","type-post","status-publish","format-standard","has-post-thumbnail","hentry","category-stiri-2","category-main","category-primarie","tag-bucuresti","tag-capitala","tag-piedone","tag-sector-5"],"acf":[],"yoast_head":"<!-- This site is optimized with the Yoast SEO Premium plugin v25.3 (Yoast SEO v27.5) - https:\/\/yoast.com\/product\/yoast-seo-premium-wordpress\/ -->\n<title>De ce a cump\u0103rat Prim\u0103ria Sectorului 5 saci de gunoi personaliza\u021bi f\u0103r\u0103 licita\u021bie, de la o firm\u0103 abonat\u0103 la contracte cu statul: achizi\u021bia era necesar\u0103 pentru continuitatea salubriz\u0103rii - Buletin de Bucure\u0219ti<\/title>\n<meta name=\"description\" content=\"Cum explic\u0103 Prim\u0103ria Sectorului 5 contractul pentru saci de gunoi personaliza\u021bi: Achizi\u021bie necesar\u0103 pentru continuitatea salubriz\u0103rii\" \/>\n<meta name=\"robots\" content=\"index, follow, max-snippet:-1, max-image-preview:large, max-video-preview:-1\" \/>\n<link rel=\"canonical\" href=\"https:\/\/buletin.de\/bucuresti\/cum-explica-primaria-sectorului-5-contractul-pentru-saci-de-gunoi-personalizati-achizitie-necesara-pentru-continuitatea-salubrizarii\/\" \/>\n<meta property=\"og:locale\" content=\"en_GB\" \/>\n<meta property=\"og:type\" content=\"article\" \/>\n<meta property=\"og:title\" content=\"De ce a cump\u0103rat Prim\u0103ria Sectorului 5 saci de gunoi personaliza\u021bi f\u0103r\u0103 licita\u021bie, de la o firm\u0103 abonat\u0103 la contracte cu statul: achizi\u021bia era necesar\u0103 pentru continuitatea salubriz\u0103rii\" \/>\n<meta property=\"og:description\" content=\"Cum explic\u0103 Prim\u0103ria Sectorului 5 contractul pentru saci de gunoi personaliza\u021bi: Achizi\u021bie necesar\u0103 pentru continuitatea salubriz\u0103rii\" \/>\n<meta property=\"og:url\" content=\"https:\/\/buletin.de\/bucuresti\/cum-explica-primaria-sectorului-5-contractul-pentru-saci-de-gunoi-personalizati-achizitie-necesara-pentru-continuitatea-salubrizarii\/\" \/>\n<meta property=\"og:site_name\" content=\"Buletin de Bucure\u0219ti\" \/>\n<meta property=\"article:publisher\" content=\"https:\/\/www.facebook.com\/buletin.de.buc\" \/>\n<meta property=\"article:published_time\" content=\"2026-05-01T04:55:00+00:00\" \/>\n<meta property=\"og:image\" content=\"https:\/\/buletin.de\/bucuresti\/wp-content\/uploads\/2026\/04\/Covers-BdB-44-1600x900-1.webp\" \/>\n\t<meta property=\"og:image:width\" content=\"1600\" \/>\n\t<meta property=\"og:image:height\" content=\"900\" \/>\n\t<meta property=\"og:image:type\" content=\"image\/webp\" \/>\n<meta name=\"author\" content=\"C\u0103t\u0103lin Anghel-Dimache\" \/>\n<meta name=\"twitter:card\" content=\"summary_large_image\" \/>\n<meta name=\"twitter:label1\" content=\"Written by\" \/>\n\t<meta name=\"twitter:data1\" content=\"C\u0103t\u0103lin Anghel-Dimache\" \/>\n\t<meta name=\"twitter:label2\" content=\"Estimated reading time\" \/>\n\t<meta name=\"twitter:data2\" content=\"4 minutes\" \/>\n<script type=\"application\/ld+json\" class=\"yoast-schema-graph\">{\"@context\":\"https:\\\/\\\/schema.org\",\"@graph\":[{\"@type\":\"Article\",\"@id\":\"https:\\\/\\\/buletin.de\\\/bucuresti\\\/cum-explica-primaria-sectorului-5-contractul-pentru-saci-de-gunoi-personalizati-achizitie-necesara-pentru-continuitatea-salubrizarii\\\/#article\",\"isPartOf\":{\"@id\":\"https:\\\/\\\/buletin.de\\\/bucuresti\\\/cum-explica-primaria-sectorului-5-contractul-pentru-saci-de-gunoi-personalizati-achizitie-necesara-pentru-continuitatea-salubrizarii\\\/\"},\"author\":{\"name\":\"C\u0103t\u0103lin Anghel-Dimache\",\"@id\":\"https:\\\/\\\/buletin.de\\\/bucuresti\\\/#\\\/schema\\\/person\\\/0ac9db30080482be87c7386a30f98796\"},\"headline\":\"De ce a cump\u0103rat Prim\u0103ria Sectorului 5 saci de gunoi personaliza\u021bi f\u0103r\u0103 licita\u021bie, de la o firm\u0103 abonat\u0103 la contracte cu statul: achizi\u021bia era necesar\u0103 pentru continuitatea salubriz\u0103rii\",\"datePublished\":\"2026-05-01T04:55:00+00:00\",\"mainEntityOfPage\":{\"@id\":\"https:\\\/\\\/buletin.de\\\/bucuresti\\\/cum-explica-primaria-sectorului-5-contractul-pentru-saci-de-gunoi-personalizati-achizitie-necesara-pentru-continuitatea-salubrizarii\\\/\"},\"wordCount\":975,\"publisher\":{\"@id\":\"https:\\\/\\\/buletin.de\\\/bucuresti\\\/#organization\"},\"image\":{\"@id\":\"https:\\\/\\\/buletin.de\\\/bucuresti\\\/cum-explica-primaria-sectorului-5-contractul-pentru-saci-de-gunoi-personalizati-achizitie-necesara-pentru-continuitatea-salubrizarii\\\/#primaryimage\"},\"thumbnailUrl\":\"https:\\\/\\\/buletin.de\\\/bucuresti\\\/wp-content\\\/uploads\\\/2026\\\/04\\\/Covers-BdB-44-1600x900-1.webp\",\"keywords\":[\"bucuresti\",\"Capitala\",\"piedone\",\"Sector 5\"],\"articleSection\":[\"Articole\",\"Main\",\"Prim\u0103rie\"],\"inLanguage\":\"en-GB\",\"copyrightYear\":\"2026\",\"copyrightHolder\":{\"@id\":\"https:\\\/\\\/buletin.de\\\/bucuresti\\\/#organization\"}},{\"@type\":\"WebPage\",\"@id\":\"https:\\\/\\\/buletin.de\\\/bucuresti\\\/cum-explica-primaria-sectorului-5-contractul-pentru-saci-de-gunoi-personalizati-achizitie-necesara-pentru-continuitatea-salubrizarii\\\/\",\"url\":\"https:\\\/\\\/buletin.de\\\/bucuresti\\\/cum-explica-primaria-sectorului-5-contractul-pentru-saci-de-gunoi-personalizati-achizitie-necesara-pentru-continuitatea-salubrizarii\\\/\",\"name\":\"De ce a cump\u0103rat Prim\u0103ria Sectorului 5 saci de gunoi personaliza\u021bi f\u0103r\u0103 licita\u021bie, de la o firm\u0103 abonat\u0103 la contracte cu statul: achizi\u021bia era necesar\u0103 pentru continuitatea salubriz\u0103rii - Buletin de Bucure\u0219ti\",\"isPartOf\":{\"@id\":\"https:\\\/\\\/buletin.de\\\/bucuresti\\\/#website\"},\"primaryImageOfPage\":{\"@id\":\"https:\\\/\\\/buletin.de\\\/bucuresti\\\/cum-explica-primaria-sectorului-5-contractul-pentru-saci-de-gunoi-personalizati-achizitie-necesara-pentru-continuitatea-salubrizarii\\\/#primaryimage\"},\"image\":{\"@id\":\"https:\\\/\\\/buletin.de\\\/bucuresti\\\/cum-explica-primaria-sectorului-5-contractul-pentru-saci-de-gunoi-personalizati-achizitie-necesara-pentru-continuitatea-salubrizarii\\\/#primaryimage\"},\"thumbnailUrl\":\"https:\\\/\\\/buletin.de\\\/bucuresti\\\/wp-content\\\/uploads\\\/2026\\\/04\\\/Covers-BdB-44-1600x900-1.webp\",\"datePublished\":\"2026-05-01T04:55:00+00:00\",\"description\":\"Cum explic\u0103 Prim\u0103ria Sectorului 5 contractul pentru saci de gunoi personaliza\u021bi: Achizi\u021bie necesar\u0103 pentru continuitatea salubriz\u0103rii\",\"breadcrumb\":{\"@id\":\"https:\\\/\\\/buletin.de\\\/bucuresti\\\/cum-explica-primaria-sectorului-5-contractul-pentru-saci-de-gunoi-personalizati-achizitie-necesara-pentru-continuitatea-salubrizarii\\\/#breadcrumb\"},\"inLanguage\":\"en-GB\",\"potentialAction\":[{\"@type\":\"ReadAction\",\"target\":[\"https:\\\/\\\/buletin.de\\\/bucuresti\\\/cum-explica-primaria-sectorului-5-contractul-pentru-saci-de-gunoi-personalizati-achizitie-necesara-pentru-continuitatea-salubrizarii\\\/\"]}]},{\"@type\":\"ImageObject\",\"inLanguage\":\"en-GB\",\"@id\":\"https:\\\/\\\/buletin.de\\\/bucuresti\\\/cum-explica-primaria-sectorului-5-contractul-pentru-saci-de-gunoi-personalizati-achizitie-necesara-pentru-continuitatea-salubrizarii\\\/#primaryimage\",\"url\":\"https:\\\/\\\/buletin.de\\\/bucuresti\\\/wp-content\\\/uploads\\\/2026\\\/04\\\/Covers-BdB-44-1600x900-1.webp\",\"contentUrl\":\"https:\\\/\\\/buletin.de\\\/bucuresti\\\/wp-content\\\/uploads\\\/2026\\\/04\\\/Covers-BdB-44-1600x900-1.webp\",\"width\":1600,\"height\":900,\"caption\":\"Cum explic\u0103 Prim\u0103ria Sectorului 5 contractul pentru saci de gunoi personaliza\u021bi. Foto: arhiv\u0103\"},{\"@type\":\"BreadcrumbList\",\"@id\":\"https:\\\/\\\/buletin.de\\\/bucuresti\\\/cum-explica-primaria-sectorului-5-contractul-pentru-saci-de-gunoi-personalizati-achizitie-necesara-pentru-continuitatea-salubrizarii\\\/#breadcrumb\",\"itemListElement\":[{\"@type\":\"ListItem\",\"position\":1,\"name\":\"Acas\u0103\",\"item\":\"https:\\\/\\\/buletin.de\\\/bucuresti\\\/\"},{\"@type\":\"ListItem\",\"position\":2,\"name\":\"De ce a cump\u0103rat Prim\u0103ria Sectorului 5 saci de gunoi personaliza\u021bi f\u0103r\u0103 licita\u021bie, de la o firm\u0103 abonat\u0103 la contracte cu statul: achizi\u021bia era necesar\u0103 pentru continuitatea salubriz\u0103rii\"}]},{\"@type\":\"WebSite\",\"@id\":\"https:\\\/\\\/buletin.de\\\/bucuresti\\\/#website\",\"url\":\"https:\\\/\\\/buletin.de\\\/bucuresti\\\/\",\"name\":\"Buletin de Bucure\u0219ti\",\"description\":\"\u0218tiri \u0219i investiga\u021bii esen\u021biale din capital\u0103\",\"publisher\":{\"@id\":\"https:\\\/\\\/buletin.de\\\/bucuresti\\\/#organization\"},\"potentialAction\":[{\"@type\":\"SearchAction\",\"target\":{\"@type\":\"EntryPoint\",\"urlTemplate\":\"https:\\\/\\\/buletin.de\\\/bucuresti\\\/?s={search_term_string}\"},\"query-input\":{\"@type\":\"PropertyValueSpecification\",\"valueRequired\":true,\"valueName\":\"search_term_string\"}}],\"inLanguage\":\"en-GB\"},{\"@type\":\"Organization\",\"@id\":\"https:\\\/\\\/buletin.de\\\/bucuresti\\\/#organization\",\"name\":\"Buletin de Bucure\u0219ti\",\"url\":\"https:\\\/\\\/buletin.de\\\/bucuresti\\\/\",\"logo\":{\"@type\":\"ImageObject\",\"inLanguage\":\"en-GB\",\"@id\":\"https:\\\/\\\/buletin.de\\\/bucuresti\\\/#\\\/schema\\\/logo\\\/image\\\/\",\"url\":\"https:\\\/\\\/buletin.de\\\/bucuresti\\\/wp-content\\\/uploads\\\/logo-bdb-full-wide-vernil-transparent.png\",\"contentUrl\":\"https:\\\/\\\/buletin.de\\\/bucuresti\\\/wp-content\\\/uploads\\\/logo-bdb-full-wide-vernil-transparent.png\",\"width\":1782,\"height\":626,\"caption\":\"Buletin de Bucure\u0219ti\"},\"image\":{\"@id\":\"https:\\\/\\\/buletin.de\\\/bucuresti\\\/#\\\/schema\\\/logo\\\/image\\\/\"},\"sameAs\":[\"https:\\\/\\\/www.facebook.com\\\/buletin.de.buc\",\"https:\\\/\\\/www.instagram.com\\\/buletinde.bucuresti\\\/\"]},{\"@type\":\"Person\",\"@id\":\"https:\\\/\\\/buletin.de\\\/bucuresti\\\/#\\\/schema\\\/person\\\/0ac9db30080482be87c7386a30f98796\",\"name\":\"C\u0103t\u0103lin Anghel-Dimache\",\"image\":{\"@type\":\"ImageObject\",\"inLanguage\":\"en-GB\",\"@id\":\"https:\\\/\\\/buletin.de\\\/bucuresti\\\/wp-content\\\/uploads\\\/Catalin-Anghel-Dimache-96x96.jpgbd9e43c5b25186d5b8e917ac61ad86c4\",\"url\":\"https:\\\/\\\/buletin.de\\\/bucuresti\\\/wp-content\\\/uploads\\\/Catalin-Anghel-Dimache-96x96.jpg\",\"contentUrl\":\"https:\\\/\\\/buletin.de\\\/bucuresti\\\/wp-content\\\/uploads\\\/Catalin-Anghel-Dimache-96x96.jpg\",\"caption\":\"C\u0103t\u0103lin Anghel-Dimache\"},\"description\":\"A absolvit Facultatea de Jurnalism \u0219i \u0218tiin\u021bele Comunic\u0103rii a Universit\u0103\u021bii din Bucure\u0219ti \u00een 2024. Scrie despre mediu \u0219i teme sociale, dar \u0219i despre cum se reflect\u0103 ele \u00een via\u021ba cotidian\u0103 a bucure\u0219tenilor, cu un ochi atent la pove\u0219tile personale din spatele titlurilor. N\u0103scut \u0219i crescut \u00een Bucure\u0219ti, a f\u0103cut un pas c\u0103tre presa local\u0103, din pasiune pentru ora\u0219ul s\u0103u \u0219i oamenii din el.\",\"url\":\"https:\\\/\\\/buletin.de\\\/bucuresti\\\/author\\\/catalin-anghel-dimache\\\/\"}]}<\/script>\n<!-- \/ Yoast SEO Premium plugin. -->","yoast_head_json":{"title":"De ce a cump\u0103rat Prim\u0103ria Sectorului 5 saci de gunoi personaliza\u021bi f\u0103r\u0103 licita\u021bie, de la o firm\u0103 abonat\u0103 la contracte cu statul: achizi\u021bia era necesar\u0103 pentru continuitatea salubriz\u0103rii - Buletin de Bucure\u0219ti","description":"Cum explic\u0103 Prim\u0103ria Sectorului 5 contractul pentru saci de gunoi personaliza\u021bi: Achizi\u021bie necesar\u0103 pentru continuitatea salubriz\u0103rii","robots":{"index":"index","follow":"follow","max-snippet":"max-snippet:-1","max-image-preview":"max-image-preview:large","max-video-preview":"max-video-preview:-1"},"canonical":"https:\/\/buletin.de\/bucuresti\/cum-explica-primaria-sectorului-5-contractul-pentru-saci-de-gunoi-personalizati-achizitie-necesara-pentru-continuitatea-salubrizarii\/","og_locale":"en_GB","og_type":"article","og_title":"De ce a cump\u0103rat Prim\u0103ria Sectorului 5 saci de gunoi personaliza\u021bi f\u0103r\u0103 licita\u021bie, de la o firm\u0103 abonat\u0103 la contracte cu statul: achizi\u021bia era necesar\u0103 pentru continuitatea salubriz\u0103rii","og_description":"Cum explic\u0103 Prim\u0103ria Sectorului 5 contractul pentru saci de gunoi personaliza\u021bi: Achizi\u021bie necesar\u0103 pentru continuitatea salubriz\u0103rii","og_url":"https:\/\/buletin.de\/bucuresti\/cum-explica-primaria-sectorului-5-contractul-pentru-saci-de-gunoi-personalizati-achizitie-necesara-pentru-continuitatea-salubrizarii\/","og_site_name":"Buletin de Bucure\u0219ti","article_publisher":"https:\/\/www.facebook.com\/buletin.de.buc","article_published_time":"2026-05-01T04:55:00+00:00","og_image":[{"width":1600,"height":900,"url":"https:\/\/buletin.de\/bucuresti\/wp-content\/uploads\/2026\/04\/Covers-BdB-44-1600x900-1.webp","type":"image\/webp"}],"author":"C\u0103t\u0103lin Anghel-Dimache","twitter_card":"summary_large_image","twitter_misc":{"Written by":"C\u0103t\u0103lin Anghel-Dimache","Estimated reading time":"4 minutes"},"schema":{"@context":"https:\/\/schema.org","@graph":[{"@type":"Article","@id":"https:\/\/buletin.de\/bucuresti\/cum-explica-primaria-sectorului-5-contractul-pentru-saci-de-gunoi-personalizati-achizitie-necesara-pentru-continuitatea-salubrizarii\/#article","isPartOf":{"@id":"https:\/\/buletin.de\/bucuresti\/cum-explica-primaria-sectorului-5-contractul-pentru-saci-de-gunoi-personalizati-achizitie-necesara-pentru-continuitatea-salubrizarii\/"},"author":{"name":"C\u0103t\u0103lin Anghel-Dimache","@id":"https:\/\/buletin.de\/bucuresti\/#\/schema\/person\/0ac9db30080482be87c7386a30f98796"},"headline":"De ce a cump\u0103rat Prim\u0103ria Sectorului 5 saci de gunoi personaliza\u021bi f\u0103r\u0103 licita\u021bie, de la o firm\u0103 abonat\u0103 la contracte cu statul: achizi\u021bia era necesar\u0103 pentru continuitatea salubriz\u0103rii","datePublished":"2026-05-01T04:55:00+00:00","mainEntityOfPage":{"@id":"https:\/\/buletin.de\/bucuresti\/cum-explica-primaria-sectorului-5-contractul-pentru-saci-de-gunoi-personalizati-achizitie-necesara-pentru-continuitatea-salubrizarii\/"},"wordCount":975,"publisher":{"@id":"https:\/\/buletin.de\/bucuresti\/#organization"},"image":{"@id":"https:\/\/buletin.de\/bucuresti\/cum-explica-primaria-sectorului-5-contractul-pentru-saci-de-gunoi-personalizati-achizitie-necesara-pentru-continuitatea-salubrizarii\/#primaryimage"},"thumbnailUrl":"https:\/\/buletin.de\/bucuresti\/wp-content\/uploads\/2026\/04\/Covers-BdB-44-1600x900-1.webp","keywords":["bucuresti","Capitala","piedone","Sector 5"],"articleSection":["Articole","Main","Prim\u0103rie"],"inLanguage":"en-GB","copyrightYear":"2026","copyrightHolder":{"@id":"https:\/\/buletin.de\/bucuresti\/#organization"}},{"@type":"WebPage","@id":"https:\/\/buletin.de\/bucuresti\/cum-explica-primaria-sectorului-5-contractul-pentru-saci-de-gunoi-personalizati-achizitie-necesara-pentru-continuitatea-salubrizarii\/","url":"https:\/\/buletin.de\/bucuresti\/cum-explica-primaria-sectorului-5-contractul-pentru-saci-de-gunoi-personalizati-achizitie-necesara-pentru-continuitatea-salubrizarii\/","name":"De ce a cump\u0103rat Prim\u0103ria Sectorului 5 saci de gunoi personaliza\u021bi f\u0103r\u0103 licita\u021bie, de la o firm\u0103 abonat\u0103 la contracte cu statul: achizi\u021bia era necesar\u0103 pentru continuitatea salubriz\u0103rii - Buletin de Bucure\u0219ti","isPartOf":{"@id":"https:\/\/buletin.de\/bucuresti\/#website"},"primaryImageOfPage":{"@id":"https:\/\/buletin.de\/bucuresti\/cum-explica-primaria-sectorului-5-contractul-pentru-saci-de-gunoi-personalizati-achizitie-necesara-pentru-continuitatea-salubrizarii\/#primaryimage"},"image":{"@id":"https:\/\/buletin.de\/bucuresti\/cum-explica-primaria-sectorului-5-contractul-pentru-saci-de-gunoi-personalizati-achizitie-necesara-pentru-continuitatea-salubrizarii\/#primaryimage"},"thumbnailUrl":"https:\/\/buletin.de\/bucuresti\/wp-content\/uploads\/2026\/04\/Covers-BdB-44-1600x900-1.webp","datePublished":"2026-05-01T04:55:00+00:00","description":"Cum explic\u0103 Prim\u0103ria Sectorului 5 contractul pentru saci de gunoi personaliza\u021bi: Achizi\u021bie necesar\u0103 pentru continuitatea salubriz\u0103rii","breadcrumb":{"@id":"https:\/\/buletin.de\/bucuresti\/cum-explica-primaria-sectorului-5-contractul-pentru-saci-de-gunoi-personalizati-achizitie-necesara-pentru-continuitatea-salubrizarii\/#breadcrumb"},"inLanguage":"en-GB","potentialAction":[{"@type":"ReadAction","target":["https:\/\/buletin.de\/bucuresti\/cum-explica-primaria-sectorului-5-contractul-pentru-saci-de-gunoi-personalizati-achizitie-necesara-pentru-continuitatea-salubrizarii\/"]}]},{"@type":"ImageObject","inLanguage":"en-GB","@id":"https:\/\/buletin.de\/bucuresti\/cum-explica-primaria-sectorului-5-contractul-pentru-saci-de-gunoi-personalizati-achizitie-necesara-pentru-continuitatea-salubrizarii\/#primaryimage","url":"https:\/\/buletin.de\/bucuresti\/wp-content\/uploads\/2026\/04\/Covers-BdB-44-1600x900-1.webp","contentUrl":"https:\/\/buletin.de\/bucuresti\/wp-content\/uploads\/2026\/04\/Covers-BdB-44-1600x900-1.webp","width":1600,"height":900,"caption":"Cum explic\u0103 Prim\u0103ria Sectorului 5 contractul pentru saci de gunoi personaliza\u021bi. Foto: arhiv\u0103"},{"@type":"BreadcrumbList","@id":"https:\/\/buletin.de\/bucuresti\/cum-explica-primaria-sectorului-5-contractul-pentru-saci-de-gunoi-personalizati-achizitie-necesara-pentru-continuitatea-salubrizarii\/#breadcrumb","itemListElement":[{"@type":"ListItem","position":1,"name":"Acas\u0103","item":"https:\/\/buletin.de\/bucuresti\/"},{"@type":"ListItem","position":2,"name":"De ce a cump\u0103rat Prim\u0103ria Sectorului 5 saci de gunoi personaliza\u021bi f\u0103r\u0103 licita\u021bie, de la o firm\u0103 abonat\u0103 la contracte cu statul: achizi\u021bia era necesar\u0103 pentru continuitatea salubriz\u0103rii"}]},{"@type":"WebSite","@id":"https:\/\/buletin.de\/bucuresti\/#website","url":"https:\/\/buletin.de\/bucuresti\/","name":"Buletin de Bucure\u0219ti","description":"\u0218tiri \u0219i investiga\u021bii esen\u021biale din capital\u0103","publisher":{"@id":"https:\/\/buletin.de\/bucuresti\/#organization"},"potentialAction":[{"@type":"SearchAction","target":{"@type":"EntryPoint","urlTemplate":"https:\/\/buletin.de\/bucuresti\/?s={search_term_string}"},"query-input":{"@type":"PropertyValueSpecification","valueRequired":true,"valueName":"search_term_string"}}],"inLanguage":"en-GB"},{"@type":"Organization","@id":"https:\/\/buletin.de\/bucuresti\/#organization","name":"Buletin de Bucure\u0219ti","url":"https:\/\/buletin.de\/bucuresti\/","logo":{"@type":"ImageObject","inLanguage":"en-GB","@id":"https:\/\/buletin.de\/bucuresti\/#\/schema\/logo\/image\/","url":"https:\/\/buletin.de\/bucuresti\/wp-content\/uploads\/logo-bdb-full-wide-vernil-transparent.png","contentUrl":"https:\/\/buletin.de\/bucuresti\/wp-content\/uploads\/logo-bdb-full-wide-vernil-transparent.png","width":1782,"height":626,"caption":"Buletin de Bucure\u0219ti"},"image":{"@id":"https:\/\/buletin.de\/bucuresti\/#\/schema\/logo\/image\/"},"sameAs":["https:\/\/www.facebook.com\/buletin.de.buc","https:\/\/www.instagram.com\/buletinde.bucuresti\/"]},{"@type":"Person","@id":"https:\/\/buletin.de\/bucuresti\/#\/schema\/person\/0ac9db30080482be87c7386a30f98796","name":"C\u0103t\u0103lin Anghel-Dimache","image":{"@type":"ImageObject","inLanguage":"en-GB","@id":"https:\/\/buletin.de\/bucuresti\/wp-content\/uploads\/Catalin-Anghel-Dimache-96x96.jpgbd9e43c5b25186d5b8e917ac61ad86c4","url":"https:\/\/buletin.de\/bucuresti\/wp-content\/uploads\/Catalin-Anghel-Dimache-96x96.jpg","contentUrl":"https:\/\/buletin.de\/bucuresti\/wp-content\/uploads\/Catalin-Anghel-Dimache-96x96.jpg","caption":"C\u0103t\u0103lin Anghel-Dimache"},"description":"A absolvit Facultatea de Jurnalism \u0219i \u0218tiin\u021bele Comunic\u0103rii a Universit\u0103\u021bii din Bucure\u0219ti \u00een 2024. Scrie despre mediu \u0219i teme sociale, dar \u0219i despre cum se reflect\u0103 ele \u00een via\u021ba cotidian\u0103 a bucure\u0219tenilor, cu un ochi atent la pove\u0219tile personale din spatele titlurilor. N\u0103scut \u0219i crescut \u00een Bucure\u0219ti, a f\u0103cut un pas c\u0103tre presa local\u0103, din pasiune pentru ora\u0219ul s\u0103u \u0219i oamenii din el.","url":"https:\/\/buletin.de\/bucuresti\/author\/catalin-anghel-dimache\/"}]}},"authors":[{"term_id":22572,"user_id":59,"is_guest":0,"slug":"catalin-anghel-dimache","display_name":"C\u0103t\u0103lin Anghel-Dimache","avatar_url":"https:\/\/buletin.de\/bucuresti\/wp-content\/uploads\/Catalin-Anghel-Dimache-96x96.jpg","0":null,"1":"","2":"","3":"","4":"","5":"","6":"","7":"","8":""}],"_links":{"self":[{"href":"https:\/\/buletin.de\/bucuresti\/wp-json\/wp\/v2\/posts\/190450","targetHints":{"allow":["GET"]}}],"collection":[{"href":"https:\/\/buletin.de\/bucuresti\/wp-json\/wp\/v2\/posts"}],"about":[{"href":"https:\/\/buletin.de\/bucuresti\/wp-json\/wp\/v2\/types\/post"}],"author":[{"embeddable":true,"href":"https:\/\/buletin.de\/bucuresti\/wp-json\/wp\/v2\/users\/59"}],"replies":[{"embeddable":true,"href":"https:\/\/buletin.de\/bucuresti\/wp-json\/wp\/v2\/comments?post=190450"}],"version-history":[{"count":4,"href":"https:\/\/buletin.de\/bucuresti\/wp-json\/wp\/v2\/posts\/190450\/revisions"}],"predecessor-version":[{"id":190506,"href":"https:\/\/buletin.de\/bucuresti\/wp-json\/wp\/v2\/posts\/190450\/revisions\/190506"}],"wp:featuredmedia":[{"embeddable":true,"href":"https:\/\/buletin.de\/bucuresti\/wp-json\/wp\/v2\/media\/190453"}],"wp:attachment":[{"href":"https:\/\/buletin.de\/bucuresti\/wp-json\/wp\/v2\/media?parent=190450"}],"wp:term":[{"taxonomy":"category","embeddable":true,"href":"https:\/\/buletin.de\/bucuresti\/wp-json\/wp\/v2\/categories?post=190450"},{"taxonomy":"post_tag","embeddable":true,"href":"https:\/\/buletin.de\/bucuresti\/wp-json\/wp\/v2\/tags?post=190450"},{"taxonomy":"author","embeddable":true,"href":"https:\/\/buletin.de\/bucuresti\/wp-json\/wp\/v2\/ppma_author?post=190450"}],"curies":[{"name":"wp","href":"https:\/\/api.w.org\/{rel}","templated":true}]}}