{"id":190363,"date":"2026-05-01T08:27:00","date_gmt":"2026-05-01T05:27:00","guid":{"rendered":"https:\/\/buletin.de\/bucuresti\/?p=190363"},"modified":"2026-05-01T13:19:04","modified_gmt":"2026-05-01T10:19:04","slug":"doua-milioane-de-euro-din-bugetul-pmb-pentru-realizarea-registrului-verde","status":"publish","type":"post","link":"https:\/\/buletin.de\/bucuresti\/doua-milioane-de-euro-din-bugetul-pmb-pentru-realizarea-registrului-verde\/","title":{"rendered":"Dou\u0103 milioane de euro din bugetul PMB pentru realizarea Registrului Verde. Baza de date este esen\u021bial\u0103 pentru protec\u021bia spa\u021biilor verzi"},"content":{"rendered":"\n<p><strong>Prim\u0103ria Municipiului Bucure\u0219ti (PMB) va aloca, \u00een bugetul pentru anul 2026, suma de 10,5 milioane de lei pentru realizarea Registrului Verde, document obligatoriu prin lege pentru eviden\u021ba \u0219i gestionarea spa\u021biilor verzi. Proiectul a fost, \u00een trecut, marcat de \u00eent\u00e2rzieri \u0219i probleme de implementare. <\/strong><\/p>\n\n\n\n<p>Registrul Verde trebuie s\u0103 includ\u0103 o baz\u0103 de date complet\u0103 privind arborii \u0219i celelalte elemente de vegeta\u021bie din intravilan, cu informa\u021bii precum amplasamentul, specia, dimensiunile, starea de s\u0103n\u0103tate \u0219i interven\u021biile efectuate de-a lungul timpului, conform legii.<\/p>\n\n\n\n<p><strong>Investi\u021bia \u00een realizarea Registrului Verde face parte dintr-un pachet mai amplu de proiecte de mediu \u0219i urbanism incluse \u00een bugetul pe 2026 al PMB. <\/strong><\/p>\n\n\n\n<p>Potrivit datelor prezentate de institu\u021bie, fondurile sunt alocate al\u0103turi de alte ini\u021biative majore, precum revizuirea Planului Urbanistic General (PUG), realizarea studiului de calitate a aerului \u0219i dezvoltarea unui sistem de monitorizare a zgomotului, toate \u00eencadrate \u00een direc\u021bia de planificare urban\u0103 \u0219i \u00eembun\u0103t\u0103\u021bire a condi\u021biilor de mediu din Capital\u0103.<\/p>\n\n\n\n<p><strong>CITE\u0218TE \u0218I: <a href=\"https:\/\/buletin.de\/bucuresti\/grafic-bugetul-ilustrat-al-primariei-capitalei-3-din-10-lei-merg-pe-investitii-jumatate-din-banii-de-la-bugetul-local-se-duc-pe-subventii-la-transport-si-termoficare\/\">GRAFIC | Bugetul ilustrat al Prim\u0103riei Capitalei: 3 din 10 lei merg pe investi\u021bii. Jum\u0103tate din banii de la bugetul local se duc pe subven\u021bii la transport \u0219i termoficare<\/a><\/strong><\/p>\n\n\n\n<h2 class=\"wp-block-heading\" id=\"h-bucure\u0219tiul-are-un-registru-al-petelor-albe\">Bucure\u0219tiul are un \u201eregistru al petelor albe\u201d<\/h2>\n\n\n\n<p><strong>Toate localit\u0103\u021bile din Rom\u00e2nia sunt obligate, prin lege, sa aib\u0103 un astfel de cadastru verde prin care prim\u0103riile pot s\u0103 urm\u0103reasc\u0103 evolu\u021bia arborilor de pe teritoriul lor.<\/strong><\/p>\n\n\n\n<p>\u00cen 2020, Garda Na\u021bional\u0103 de Mediu a amendat Prim\u0103ria Capitalei pentru ne\u00eendeplinirea obliga\u021biilor privind existen\u021ba unui Registru al Spa\u021biilor Verzi conform normelor \u00een vigoare.<\/p>\n\n\n\n<p><strong>Bucure\u0219tiul are, \u00een prezent, un Registru Verde neconform, <a href=\"https:\/\/buletin.de\/bucuresti\/marea-mutilare-a-arborilor-din-bucuresti-ii-milioane-de-euro-cheltuite-pentru-un-registru-verde-incomplet\/\">incomplet \u0219i neactualizat<\/a>, realizat \u00een perioada 2009-2013, care poate fi&nbsp;<a href=\"http:\/\/regver.pmb.ro\/Index.aspx?id=4&amp;site=1#id=4&amp;site=1\">accesat aici<\/a> \u0219i care a r\u0103mas cu aceea\u0219i interfa\u021ba ca acum 15 ani.<\/strong><\/p>\n\n\n\n<p><strong>CITE\u0218TE \u0218I:<\/strong> <strong><a href=\"https:\/\/buletin.de\/bucuresti\/alpab-cumpara-documentatie-peisagistica-aproape-50-000-de-euro-firma-vizata-de-directia-nationala-anticoruptie\/\">ALPAB cump\u0103r\u0103 \u201edocumenta\u021bie peisagistic\u0103\u201d cu aproape 50.000 de euro de la o firm\u0103 vizat\u0103 de DNA. Institu\u021bia face trimitere la Registrul Verde neconform emis de Prim\u0103ria Capitalei<\/a><\/strong><\/p>\n\n\n\n<h2 class=\"wp-block-heading\" id=\"h-realizarea-registrului-verde-este-esen\u021biala-pentru-gestionarea-spa\u021biilor-verzi\"><strong>Realizarea Registrului Verde<\/strong> este esen\u021bial\u0103 pentru gestionarea spa\u021biilor verzi<\/h2>\n\n\n\n<p><strong>Registrul Verde este un instrument esen\u021bial pentru gestionarea coerent\u0103 a spa\u021biilor verzi urbane, \u00een lipsa c\u0103ruia administra\u021bia nu poate avea o imagine real\u0103 asupra resurselor pe care le administreaz\u0103.<\/strong><\/p>\n\n\n\n<p><a href=\"https:\/\/buletin.de\/bucuresti\/cafeneaua-bdb-diana-culescu-peisagista-nicio-viziune-doar-interventii-pompieristice-cum-nu-au-gestionat-primariile-spatiile-verzi-din-bucuresti\/\"><strong>Buletin de Bucure\u0219ti a discutat \u00een trecut cu peisagista Diana Culescu<\/strong><\/a>, care a afirmat c\u0103 acest instrument ar trebui s\u0103 ofere o mul\u021bime de informa\u021bii despre toate elementele care compun spa\u021biul verde din ora\u0219, nu doar despre arbori.<\/p>\n\n\n\n<p>Conform legisla\u021biei, no\u021biunea de \u201evegeta\u021bie\u201d include arbori, arbu\u0219ti, gazon \u0219i alte tipuri de plante, ceea ce \u00eenseamn\u0103 c\u0103 registrul trebuie s\u0103 acopere \u00eentregul ecosistem urban, nu doar o parte vizibil\u0103 a acestuia.<\/p>\n\n\n\n<p><em>\u201eRegistrul este important pentru c\u0103 el ne ofer\u0103 informa\u0163ii despre absolut toate elementele care sunt \u00eentr-un parc, nu doar despre arbori, a\u015fa cum ne \u00eenva\u0163\u0103 toate administra\u0163iile publice. \u00cen norma din Legea 24 este men\u0163ionat\u0103 \u00abvegeta\u0163ia\u00bb. Adic\u0103 vegeta\u021bie \u00eenseamn\u0103 \u015fi arbu\u015fti, \u00eenseamn\u0103 \u015fi gazon, \u00eenseamn\u0103 mai mult dec\u00e2t arbori.<\/em><\/p>\n\n\n\n<p><em>Tot \u00een norma respectiv\u0103, sunt men\u0163ionate re\u0163elele, de exemplu, re\u0163eaua de iriga\u0163ii. Ea trebuie s\u0103 existe undeva. At\u00e2t timp c\u00e2t nu \u015ftim, de exemplu, c\u00e2te aspersoare avem, de unde \u015ftim ce buget trebuie s\u0103 punem deoparte, ca s\u0103 le repar\u0103m. Nu avem de unde s\u0103 \u015ftim, iar Registrul Verde ne-ar spune aceste lucruri\u201d<\/em>, a spus <a href=\"https:\/\/www.dianaculescu.ro\/\">experta<\/a>.<\/p>\n\n\n\n<p class=\"has-white-color has-text-color has-background has-link-color wp-elements-aa563a9a6269d4794113f4e610f737d6\" style=\"background:linear-gradient(180deg,rgb(37,109,116) 68%,rgb(0,224,145) 100%)\">Licen\u021biat\u0103 \u00een peisagistic\u0103 \u00een 2006, Diana Culescu \u0219i-a luat masterul \u00een Dezvoltare Urban\u0103 Integrat\u0103 \u00een 2008 la Universitatea de Arhitectur\u0103 din Bucure\u0219ti iar, din 2015, este doctor \u00een horticultur\u0103 pe baza tezei \u201cElaborarea unei metode de analiz\u0103 a calit\u0103\u021bii spa\u021biilor verzi urbane\u201d, sus\u021binut\u0103 la Universitatea de Agronomie.<\/p>\n\n\n\n<p><strong>Practic, f\u0103r\u0103 acest instrument, deciziile financiare sunt luate f\u0103r\u0103 o baz\u0103 real\u0103.<\/strong><\/p>\n\n\n\n<p>Un alt rol important al Registrului Verde este acela de a permite evaluarea interven\u021biilor realizate \u00een timp, \u00eens\u0103 are \u0219i un rol opera\u021bional \u00een organizarea eficient\u0103 a resurselor.<\/p>\n\n\n\n<p><strong>De exemplu, acesta ar putea indica necesarul real de dot\u0103ri urbane, precum co\u0219uri de gunoi sau mobilier stradal, evit\u00e2nd situa\u021biile \u00een care astfel de obiecte sunt amplasate f\u0103r\u0103 o justificare bazat\u0103 pe nevoi reale, ci doar \u00een baza unor contracte pe bani publici.<\/strong><\/p>\n\n\n\n<p>\u00cen prezent, nu putem \u0219tii dac\u0103 nenum\u0103ratele campanii de plantare a arborilor anun\u021bate frecvent de prim\u0103rii au vreun succes. Nu se poate verifica dac\u0103 arborii au supravie\u021buit sau dac\u0103 contribuie efectiv la cre\u0219terea calit\u0103\u021bii mediului urban, a mai explicat <a href=\"https:\/\/www.dianaculescu.ro\/\">peisagista<\/a>.<\/p>\n\n\n\n<p><strong>Registrul ar permite urm\u0103rirea acestor evolu\u021bii \u0219i ar oferi date concrete despre eficien\u021ba investi\u021biilor.<\/strong><\/p>\n\n\n\n<p>\u00cen ora\u0219ele europene unde astfel de registre sunt func\u021bionale, ele stau la baza strategiilor de dezvoltare, de exemplu pentru proiecte precum crearea de noi parcuri, aliniamente stradale sau interven\u021bii pentru adaptarea la schimb\u0103rile climatice.<\/p>\n\n\n\n<p><strong>CITE\u0218TE \u0218I:<\/strong> <strong><a href=\"https:\/\/buletin.de\/bucuresti\/cafeneaua-bdb-diana-culescu-peisagista-nicio-viziune-doar-interventii-pompieristice-cum-nu-au-gestionat-primariile-spatiile-verzi-din-bucuresti\/\">Cafeneaua BdB | Diana Culescu, peisagist\u0103: \u201eNicio viziune, doar interven\u021bii pompieristice\u201d Cum (nu) au gestionat prim\u0103riile spa\u021biile verzi din Bucure\u0219ti<\/a><\/strong><\/p>\n","protected":false},"excerpt":{"rendered":"<p>Prim\u0103ria Municipiului Bucure\u0219ti (PMB) va aloca, \u00een bugetul pentru anul 2026, suma de 10,5 milioane de lei pentru realizarea Registrului Verde, document obligatoriu prin lege pentru eviden\u021ba \u0219i gestionarea spa\u021biilor verzi. Proiectul a fost, \u00een trecut, marcat de \u00eent\u00e2rzieri \u0219i probleme de implementare. Registrul Verde trebuie s\u0103 includ\u0103 o baz\u0103 de date complet\u0103 privind arborii [&hellip;]<\/p>\n","protected":false},"author":59,"featured_media":190388,"comment_status":"closed","ping_status":"open","sticky":false,"template":"","format":"standard","meta":{"_acf_changed":false,"inline_featured_image":false,"ngg_post_thumbnail":0,"footnotes":""},"categories":[6994,5762,109,24],"tags":[9,292,2054,5017,35,1072],"ppma_author":[22572],"class_list":["post-190363","post","type-post","status-publish","format-standard","has-post-thumbnail","hentry","category-stiri-2","category-main","category-mediu","category-primarie","tag-bucuresti","tag-buget","tag-capitala","tag-diana-culescu","tag-primarie","tag-registrul-verde"],"acf":[],"yoast_head":"<!-- This site is optimized with the Yoast SEO Premium plugin v25.3 (Yoast SEO v27.5) - https:\/\/yoast.com\/product\/yoast-seo-premium-wordpress\/ -->\n<title>Dou\u0103 milioane de euro din bugetul PMB pentru realizarea Registrului Verde. Baza de date este esen\u021bial\u0103 pentru protec\u021bia spa\u021biilor verzi - Buletin de Bucure\u0219ti<\/title>\n<meta name=\"description\" content=\"Dou\u0103 milioane de euro din bugetul PMB pentru Registrul Verde. De ce este esen\u021bial pentru spa\u021biile verzi din Capital\u0103\" \/>\n<meta name=\"robots\" content=\"index, follow, max-snippet:-1, max-image-preview:large, max-video-preview:-1\" \/>\n<link rel=\"canonical\" href=\"https:\/\/buletin.de\/bucuresti\/doua-milioane-de-euro-din-bugetul-pmb-pentru-realizarea-registrului-verde\/\" \/>\n<meta property=\"og:locale\" content=\"en_GB\" \/>\n<meta property=\"og:type\" content=\"article\" \/>\n<meta property=\"og:title\" content=\"Dou\u0103 milioane de euro din bugetul PMB pentru realizarea Registrului Verde. Baza de date este esen\u021bial\u0103 pentru protec\u021bia spa\u021biilor verzi\" \/>\n<meta property=\"og:description\" content=\"Dou\u0103 milioane de euro din bugetul PMB pentru Registrul Verde. De ce este esen\u021bial pentru spa\u021biile verzi din Capital\u0103\" \/>\n<meta property=\"og:url\" content=\"https:\/\/buletin.de\/bucuresti\/doua-milioane-de-euro-din-bugetul-pmb-pentru-realizarea-registrului-verde\/\" \/>\n<meta property=\"og:site_name\" content=\"Buletin de Bucure\u0219ti\" \/>\n<meta property=\"article:publisher\" content=\"https:\/\/www.facebook.com\/buletin.de.buc\" \/>\n<meta property=\"article:published_time\" content=\"2026-05-01T05:27:00+00:00\" \/>\n<meta property=\"article:modified_time\" content=\"2026-05-01T10:19:04+00:00\" \/>\n<meta property=\"og:image\" content=\"https:\/\/buletin.de\/bucuresti\/wp-content\/uploads\/2026\/04\/WhatsApp-Image-2024-09-09-at-12.57.43-1.jpeg\" \/>\n\t<meta property=\"og:image:width\" content=\"1600\" \/>\n\t<meta property=\"og:image:height\" content=\"1200\" \/>\n\t<meta property=\"og:image:type\" content=\"image\/jpeg\" \/>\n<meta name=\"author\" content=\"C\u0103t\u0103lin Anghel-Dimache\" \/>\n<meta name=\"twitter:card\" content=\"summary_large_image\" \/>\n<meta name=\"twitter:label1\" content=\"Written by\" \/>\n\t<meta name=\"twitter:data1\" content=\"C\u0103t\u0103lin Anghel-Dimache\" \/>\n\t<meta name=\"twitter:label2\" content=\"Estimated reading time\" \/>\n\t<meta name=\"twitter:data2\" content=\"4 minutes\" \/>\n<script type=\"application\/ld+json\" class=\"yoast-schema-graph\">{\"@context\":\"https:\\\/\\\/schema.org\",\"@graph\":[{\"@type\":\"Article\",\"@id\":\"https:\\\/\\\/buletin.de\\\/bucuresti\\\/doua-milioane-de-euro-din-bugetul-pmb-pentru-realizarea-registrului-verde\\\/#article\",\"isPartOf\":{\"@id\":\"https:\\\/\\\/buletin.de\\\/bucuresti\\\/doua-milioane-de-euro-din-bugetul-pmb-pentru-realizarea-registrului-verde\\\/\"},\"author\":{\"name\":\"C\u0103t\u0103lin Anghel-Dimache\",\"@id\":\"https:\\\/\\\/buletin.de\\\/bucuresti\\\/#\\\/schema\\\/person\\\/0ac9db30080482be87c7386a30f98796\"},\"headline\":\"Dou\u0103 milioane de euro din bugetul PMB pentru realizarea Registrului Verde. Baza de date este esen\u021bial\u0103 pentru protec\u021bia spa\u021biilor verzi\",\"datePublished\":\"2026-05-01T05:27:00+00:00\",\"dateModified\":\"2026-05-01T10:19:04+00:00\",\"mainEntityOfPage\":{\"@id\":\"https:\\\/\\\/buletin.de\\\/bucuresti\\\/doua-milioane-de-euro-din-bugetul-pmb-pentru-realizarea-registrului-verde\\\/\"},\"wordCount\":870,\"publisher\":{\"@id\":\"https:\\\/\\\/buletin.de\\\/bucuresti\\\/#organization\"},\"image\":{\"@id\":\"https:\\\/\\\/buletin.de\\\/bucuresti\\\/doua-milioane-de-euro-din-bugetul-pmb-pentru-realizarea-registrului-verde\\\/#primaryimage\"},\"thumbnailUrl\":\"https:\\\/\\\/buletin.de\\\/bucuresti\\\/wp-content\\\/uploads\\\/2026\\\/04\\\/WhatsApp-Image-2024-09-09-at-12.57.43-1.jpeg\",\"keywords\":[\"bucuresti\",\"buget\",\"Capitala\",\"Diana Culescu\",\"primarie\",\"registrul verde\"],\"articleSection\":[\"Articole\",\"Main\",\"Mediu\",\"Prim\u0103rie\"],\"inLanguage\":\"en-GB\",\"copyrightYear\":\"2026\",\"copyrightHolder\":{\"@id\":\"https:\\\/\\\/buletin.de\\\/bucuresti\\\/#organization\"}},{\"@type\":\"WebPage\",\"@id\":\"https:\\\/\\\/buletin.de\\\/bucuresti\\\/doua-milioane-de-euro-din-bugetul-pmb-pentru-realizarea-registrului-verde\\\/\",\"url\":\"https:\\\/\\\/buletin.de\\\/bucuresti\\\/doua-milioane-de-euro-din-bugetul-pmb-pentru-realizarea-registrului-verde\\\/\",\"name\":\"Dou\u0103 milioane de euro din bugetul PMB pentru realizarea Registrului Verde. Baza de date este esen\u021bial\u0103 pentru protec\u021bia spa\u021biilor verzi - Buletin de Bucure\u0219ti\",\"isPartOf\":{\"@id\":\"https:\\\/\\\/buletin.de\\\/bucuresti\\\/#website\"},\"primaryImageOfPage\":{\"@id\":\"https:\\\/\\\/buletin.de\\\/bucuresti\\\/doua-milioane-de-euro-din-bugetul-pmb-pentru-realizarea-registrului-verde\\\/#primaryimage\"},\"image\":{\"@id\":\"https:\\\/\\\/buletin.de\\\/bucuresti\\\/doua-milioane-de-euro-din-bugetul-pmb-pentru-realizarea-registrului-verde\\\/#primaryimage\"},\"thumbnailUrl\":\"https:\\\/\\\/buletin.de\\\/bucuresti\\\/wp-content\\\/uploads\\\/2026\\\/04\\\/WhatsApp-Image-2024-09-09-at-12.57.43-1.jpeg\",\"datePublished\":\"2026-05-01T05:27:00+00:00\",\"dateModified\":\"2026-05-01T10:19:04+00:00\",\"description\":\"Dou\u0103 milioane de euro din bugetul PMB pentru Registrul Verde. De ce este esen\u021bial pentru spa\u021biile verzi din Capital\u0103\",\"breadcrumb\":{\"@id\":\"https:\\\/\\\/buletin.de\\\/bucuresti\\\/doua-milioane-de-euro-din-bugetul-pmb-pentru-realizarea-registrului-verde\\\/#breadcrumb\"},\"inLanguage\":\"en-GB\",\"potentialAction\":[{\"@type\":\"ReadAction\",\"target\":[\"https:\\\/\\\/buletin.de\\\/bucuresti\\\/doua-milioane-de-euro-din-bugetul-pmb-pentru-realizarea-registrului-verde\\\/\"]}]},{\"@type\":\"ImageObject\",\"inLanguage\":\"en-GB\",\"@id\":\"https:\\\/\\\/buletin.de\\\/bucuresti\\\/doua-milioane-de-euro-din-bugetul-pmb-pentru-realizarea-registrului-verde\\\/#primaryimage\",\"url\":\"https:\\\/\\\/buletin.de\\\/bucuresti\\\/wp-content\\\/uploads\\\/2026\\\/04\\\/WhatsApp-Image-2024-09-09-at-12.57.43-1.jpeg\",\"contentUrl\":\"https:\\\/\\\/buletin.de\\\/bucuresti\\\/wp-content\\\/uploads\\\/2026\\\/04\\\/WhatsApp-Image-2024-09-09-at-12.57.43-1.jpeg\",\"width\":1600,\"height\":1200,\"caption\":\"Dou\u0103 milioane de euro din bugetul PMB pentru Registrul Verde. De ce este esen\u021bial pentru spa\u021biile verzi. Foto: arhiv\u0103\"},{\"@type\":\"BreadcrumbList\",\"@id\":\"https:\\\/\\\/buletin.de\\\/bucuresti\\\/doua-milioane-de-euro-din-bugetul-pmb-pentru-realizarea-registrului-verde\\\/#breadcrumb\",\"itemListElement\":[{\"@type\":\"ListItem\",\"position\":1,\"name\":\"Acas\u0103\",\"item\":\"https:\\\/\\\/buletin.de\\\/bucuresti\\\/\"},{\"@type\":\"ListItem\",\"position\":2,\"name\":\"Dou\u0103 milioane de euro din bugetul PMB pentru realizarea Registrului Verde. Baza de date este esen\u021bial\u0103 pentru protec\u021bia spa\u021biilor verzi\"}]},{\"@type\":\"WebSite\",\"@id\":\"https:\\\/\\\/buletin.de\\\/bucuresti\\\/#website\",\"url\":\"https:\\\/\\\/buletin.de\\\/bucuresti\\\/\",\"name\":\"Buletin de Bucure\u0219ti\",\"description\":\"\u0218tiri \u0219i investiga\u021bii esen\u021biale din capital\u0103\",\"publisher\":{\"@id\":\"https:\\\/\\\/buletin.de\\\/bucuresti\\\/#organization\"},\"potentialAction\":[{\"@type\":\"SearchAction\",\"target\":{\"@type\":\"EntryPoint\",\"urlTemplate\":\"https:\\\/\\\/buletin.de\\\/bucuresti\\\/?s={search_term_string}\"},\"query-input\":{\"@type\":\"PropertyValueSpecification\",\"valueRequired\":true,\"valueName\":\"search_term_string\"}}],\"inLanguage\":\"en-GB\"},{\"@type\":\"Organization\",\"@id\":\"https:\\\/\\\/buletin.de\\\/bucuresti\\\/#organization\",\"name\":\"Buletin de Bucure\u0219ti\",\"url\":\"https:\\\/\\\/buletin.de\\\/bucuresti\\\/\",\"logo\":{\"@type\":\"ImageObject\",\"inLanguage\":\"en-GB\",\"@id\":\"https:\\\/\\\/buletin.de\\\/bucuresti\\\/#\\\/schema\\\/logo\\\/image\\\/\",\"url\":\"https:\\\/\\\/buletin.de\\\/bucuresti\\\/wp-content\\\/uploads\\\/logo-bdb-full-wide-vernil-transparent.png\",\"contentUrl\":\"https:\\\/\\\/buletin.de\\\/bucuresti\\\/wp-content\\\/uploads\\\/logo-bdb-full-wide-vernil-transparent.png\",\"width\":1782,\"height\":626,\"caption\":\"Buletin de Bucure\u0219ti\"},\"image\":{\"@id\":\"https:\\\/\\\/buletin.de\\\/bucuresti\\\/#\\\/schema\\\/logo\\\/image\\\/\"},\"sameAs\":[\"https:\\\/\\\/www.facebook.com\\\/buletin.de.buc\",\"https:\\\/\\\/www.instagram.com\\\/buletinde.bucuresti\\\/\"]},{\"@type\":\"Person\",\"@id\":\"https:\\\/\\\/buletin.de\\\/bucuresti\\\/#\\\/schema\\\/person\\\/0ac9db30080482be87c7386a30f98796\",\"name\":\"C\u0103t\u0103lin Anghel-Dimache\",\"image\":{\"@type\":\"ImageObject\",\"inLanguage\":\"en-GB\",\"@id\":\"https:\\\/\\\/buletin.de\\\/bucuresti\\\/wp-content\\\/uploads\\\/Catalin-Anghel-Dimache-96x96.jpgbd9e43c5b25186d5b8e917ac61ad86c4\",\"url\":\"https:\\\/\\\/buletin.de\\\/bucuresti\\\/wp-content\\\/uploads\\\/Catalin-Anghel-Dimache-96x96.jpg\",\"contentUrl\":\"https:\\\/\\\/buletin.de\\\/bucuresti\\\/wp-content\\\/uploads\\\/Catalin-Anghel-Dimache-96x96.jpg\",\"caption\":\"C\u0103t\u0103lin Anghel-Dimache\"},\"description\":\"A absolvit Facultatea de Jurnalism \u0219i \u0218tiin\u021bele Comunic\u0103rii a Universit\u0103\u021bii din Bucure\u0219ti \u00een 2024. Scrie despre mediu \u0219i teme sociale, dar \u0219i despre cum se reflect\u0103 ele \u00een via\u021ba cotidian\u0103 a bucure\u0219tenilor, cu un ochi atent la pove\u0219tile personale din spatele titlurilor. N\u0103scut \u0219i crescut \u00een Bucure\u0219ti, a f\u0103cut un pas c\u0103tre presa local\u0103, din pasiune pentru ora\u0219ul s\u0103u \u0219i oamenii din el.\",\"url\":\"https:\\\/\\\/buletin.de\\\/bucuresti\\\/author\\\/catalin-anghel-dimache\\\/\"}]}<\/script>\n<!-- \/ Yoast SEO Premium plugin. -->","yoast_head_json":{"title":"Dou\u0103 milioane de euro din bugetul PMB pentru realizarea Registrului Verde. Baza de date este esen\u021bial\u0103 pentru protec\u021bia spa\u021biilor verzi - Buletin de Bucure\u0219ti","description":"Dou\u0103 milioane de euro din bugetul PMB pentru Registrul Verde. De ce este esen\u021bial pentru spa\u021biile verzi din Capital\u0103","robots":{"index":"index","follow":"follow","max-snippet":"max-snippet:-1","max-image-preview":"max-image-preview:large","max-video-preview":"max-video-preview:-1"},"canonical":"https:\/\/buletin.de\/bucuresti\/doua-milioane-de-euro-din-bugetul-pmb-pentru-realizarea-registrului-verde\/","og_locale":"en_GB","og_type":"article","og_title":"Dou\u0103 milioane de euro din bugetul PMB pentru realizarea Registrului Verde. Baza de date este esen\u021bial\u0103 pentru protec\u021bia spa\u021biilor verzi","og_description":"Dou\u0103 milioane de euro din bugetul PMB pentru Registrul Verde. De ce este esen\u021bial pentru spa\u021biile verzi din Capital\u0103","og_url":"https:\/\/buletin.de\/bucuresti\/doua-milioane-de-euro-din-bugetul-pmb-pentru-realizarea-registrului-verde\/","og_site_name":"Buletin de Bucure\u0219ti","article_publisher":"https:\/\/www.facebook.com\/buletin.de.buc","article_published_time":"2026-05-01T05:27:00+00:00","article_modified_time":"2026-05-01T10:19:04+00:00","og_image":[{"width":1600,"height":1200,"url":"https:\/\/buletin.de\/bucuresti\/wp-content\/uploads\/2026\/04\/WhatsApp-Image-2024-09-09-at-12.57.43-1.jpeg","type":"image\/jpeg"}],"author":"C\u0103t\u0103lin Anghel-Dimache","twitter_card":"summary_large_image","twitter_misc":{"Written by":"C\u0103t\u0103lin Anghel-Dimache","Estimated reading time":"4 minutes"},"schema":{"@context":"https:\/\/schema.org","@graph":[{"@type":"Article","@id":"https:\/\/buletin.de\/bucuresti\/doua-milioane-de-euro-din-bugetul-pmb-pentru-realizarea-registrului-verde\/#article","isPartOf":{"@id":"https:\/\/buletin.de\/bucuresti\/doua-milioane-de-euro-din-bugetul-pmb-pentru-realizarea-registrului-verde\/"},"author":{"name":"C\u0103t\u0103lin Anghel-Dimache","@id":"https:\/\/buletin.de\/bucuresti\/#\/schema\/person\/0ac9db30080482be87c7386a30f98796"},"headline":"Dou\u0103 milioane de euro din bugetul PMB pentru realizarea Registrului Verde. Baza de date este esen\u021bial\u0103 pentru protec\u021bia spa\u021biilor verzi","datePublished":"2026-05-01T05:27:00+00:00","dateModified":"2026-05-01T10:19:04+00:00","mainEntityOfPage":{"@id":"https:\/\/buletin.de\/bucuresti\/doua-milioane-de-euro-din-bugetul-pmb-pentru-realizarea-registrului-verde\/"},"wordCount":870,"publisher":{"@id":"https:\/\/buletin.de\/bucuresti\/#organization"},"image":{"@id":"https:\/\/buletin.de\/bucuresti\/doua-milioane-de-euro-din-bugetul-pmb-pentru-realizarea-registrului-verde\/#primaryimage"},"thumbnailUrl":"https:\/\/buletin.de\/bucuresti\/wp-content\/uploads\/2026\/04\/WhatsApp-Image-2024-09-09-at-12.57.43-1.jpeg","keywords":["bucuresti","buget","Capitala","Diana Culescu","primarie","registrul verde"],"articleSection":["Articole","Main","Mediu","Prim\u0103rie"],"inLanguage":"en-GB","copyrightYear":"2026","copyrightHolder":{"@id":"https:\/\/buletin.de\/bucuresti\/#organization"}},{"@type":"WebPage","@id":"https:\/\/buletin.de\/bucuresti\/doua-milioane-de-euro-din-bugetul-pmb-pentru-realizarea-registrului-verde\/","url":"https:\/\/buletin.de\/bucuresti\/doua-milioane-de-euro-din-bugetul-pmb-pentru-realizarea-registrului-verde\/","name":"Dou\u0103 milioane de euro din bugetul PMB pentru realizarea Registrului Verde. Baza de date este esen\u021bial\u0103 pentru protec\u021bia spa\u021biilor verzi - Buletin de Bucure\u0219ti","isPartOf":{"@id":"https:\/\/buletin.de\/bucuresti\/#website"},"primaryImageOfPage":{"@id":"https:\/\/buletin.de\/bucuresti\/doua-milioane-de-euro-din-bugetul-pmb-pentru-realizarea-registrului-verde\/#primaryimage"},"image":{"@id":"https:\/\/buletin.de\/bucuresti\/doua-milioane-de-euro-din-bugetul-pmb-pentru-realizarea-registrului-verde\/#primaryimage"},"thumbnailUrl":"https:\/\/buletin.de\/bucuresti\/wp-content\/uploads\/2026\/04\/WhatsApp-Image-2024-09-09-at-12.57.43-1.jpeg","datePublished":"2026-05-01T05:27:00+00:00","dateModified":"2026-05-01T10:19:04+00:00","description":"Dou\u0103 milioane de euro din bugetul PMB pentru Registrul Verde. De ce este esen\u021bial pentru spa\u021biile verzi din Capital\u0103","breadcrumb":{"@id":"https:\/\/buletin.de\/bucuresti\/doua-milioane-de-euro-din-bugetul-pmb-pentru-realizarea-registrului-verde\/#breadcrumb"},"inLanguage":"en-GB","potentialAction":[{"@type":"ReadAction","target":["https:\/\/buletin.de\/bucuresti\/doua-milioane-de-euro-din-bugetul-pmb-pentru-realizarea-registrului-verde\/"]}]},{"@type":"ImageObject","inLanguage":"en-GB","@id":"https:\/\/buletin.de\/bucuresti\/doua-milioane-de-euro-din-bugetul-pmb-pentru-realizarea-registrului-verde\/#primaryimage","url":"https:\/\/buletin.de\/bucuresti\/wp-content\/uploads\/2026\/04\/WhatsApp-Image-2024-09-09-at-12.57.43-1.jpeg","contentUrl":"https:\/\/buletin.de\/bucuresti\/wp-content\/uploads\/2026\/04\/WhatsApp-Image-2024-09-09-at-12.57.43-1.jpeg","width":1600,"height":1200,"caption":"Dou\u0103 milioane de euro din bugetul PMB pentru Registrul Verde. De ce este esen\u021bial pentru spa\u021biile verzi. Foto: arhiv\u0103"},{"@type":"BreadcrumbList","@id":"https:\/\/buletin.de\/bucuresti\/doua-milioane-de-euro-din-bugetul-pmb-pentru-realizarea-registrului-verde\/#breadcrumb","itemListElement":[{"@type":"ListItem","position":1,"name":"Acas\u0103","item":"https:\/\/buletin.de\/bucuresti\/"},{"@type":"ListItem","position":2,"name":"Dou\u0103 milioane de euro din bugetul PMB pentru realizarea Registrului Verde. Baza de date este esen\u021bial\u0103 pentru protec\u021bia spa\u021biilor verzi"}]},{"@type":"WebSite","@id":"https:\/\/buletin.de\/bucuresti\/#website","url":"https:\/\/buletin.de\/bucuresti\/","name":"Buletin de Bucure\u0219ti","description":"\u0218tiri \u0219i investiga\u021bii esen\u021biale din capital\u0103","publisher":{"@id":"https:\/\/buletin.de\/bucuresti\/#organization"},"potentialAction":[{"@type":"SearchAction","target":{"@type":"EntryPoint","urlTemplate":"https:\/\/buletin.de\/bucuresti\/?s={search_term_string}"},"query-input":{"@type":"PropertyValueSpecification","valueRequired":true,"valueName":"search_term_string"}}],"inLanguage":"en-GB"},{"@type":"Organization","@id":"https:\/\/buletin.de\/bucuresti\/#organization","name":"Buletin de Bucure\u0219ti","url":"https:\/\/buletin.de\/bucuresti\/","logo":{"@type":"ImageObject","inLanguage":"en-GB","@id":"https:\/\/buletin.de\/bucuresti\/#\/schema\/logo\/image\/","url":"https:\/\/buletin.de\/bucuresti\/wp-content\/uploads\/logo-bdb-full-wide-vernil-transparent.png","contentUrl":"https:\/\/buletin.de\/bucuresti\/wp-content\/uploads\/logo-bdb-full-wide-vernil-transparent.png","width":1782,"height":626,"caption":"Buletin de Bucure\u0219ti"},"image":{"@id":"https:\/\/buletin.de\/bucuresti\/#\/schema\/logo\/image\/"},"sameAs":["https:\/\/www.facebook.com\/buletin.de.buc","https:\/\/www.instagram.com\/buletinde.bucuresti\/"]},{"@type":"Person","@id":"https:\/\/buletin.de\/bucuresti\/#\/schema\/person\/0ac9db30080482be87c7386a30f98796","name":"C\u0103t\u0103lin Anghel-Dimache","image":{"@type":"ImageObject","inLanguage":"en-GB","@id":"https:\/\/buletin.de\/bucuresti\/wp-content\/uploads\/Catalin-Anghel-Dimache-96x96.jpgbd9e43c5b25186d5b8e917ac61ad86c4","url":"https:\/\/buletin.de\/bucuresti\/wp-content\/uploads\/Catalin-Anghel-Dimache-96x96.jpg","contentUrl":"https:\/\/buletin.de\/bucuresti\/wp-content\/uploads\/Catalin-Anghel-Dimache-96x96.jpg","caption":"C\u0103t\u0103lin Anghel-Dimache"},"description":"A absolvit Facultatea de Jurnalism \u0219i \u0218tiin\u021bele Comunic\u0103rii a Universit\u0103\u021bii din Bucure\u0219ti \u00een 2024. Scrie despre mediu \u0219i teme sociale, dar \u0219i despre cum se reflect\u0103 ele \u00een via\u021ba cotidian\u0103 a bucure\u0219tenilor, cu un ochi atent la pove\u0219tile personale din spatele titlurilor. N\u0103scut \u0219i crescut \u00een Bucure\u0219ti, a f\u0103cut un pas c\u0103tre presa local\u0103, din pasiune pentru ora\u0219ul s\u0103u \u0219i oamenii din el.","url":"https:\/\/buletin.de\/bucuresti\/author\/catalin-anghel-dimache\/"}]}},"authors":[{"term_id":22572,"user_id":59,"is_guest":0,"slug":"catalin-anghel-dimache","display_name":"C\u0103t\u0103lin Anghel-Dimache","avatar_url":"https:\/\/buletin.de\/bucuresti\/wp-content\/uploads\/Catalin-Anghel-Dimache-96x96.jpg","0":null,"1":"","2":"","3":"","4":"","5":"","6":"","7":"","8":""}],"_links":{"self":[{"href":"https:\/\/buletin.de\/bucuresti\/wp-json\/wp\/v2\/posts\/190363","targetHints":{"allow":["GET"]}}],"collection":[{"href":"https:\/\/buletin.de\/bucuresti\/wp-json\/wp\/v2\/posts"}],"about":[{"href":"https:\/\/buletin.de\/bucuresti\/wp-json\/wp\/v2\/types\/post"}],"author":[{"embeddable":true,"href":"https:\/\/buletin.de\/bucuresti\/wp-json\/wp\/v2\/users\/59"}],"replies":[{"embeddable":true,"href":"https:\/\/buletin.de\/bucuresti\/wp-json\/wp\/v2\/comments?post=190363"}],"version-history":[{"count":4,"href":"https:\/\/buletin.de\/bucuresti\/wp-json\/wp\/v2\/posts\/190363\/revisions"}],"predecessor-version":[{"id":190623,"href":"https:\/\/buletin.de\/bucuresti\/wp-json\/wp\/v2\/posts\/190363\/revisions\/190623"}],"wp:featuredmedia":[{"embeddable":true,"href":"https:\/\/buletin.de\/bucuresti\/wp-json\/wp\/v2\/media\/190388"}],"wp:attachment":[{"href":"https:\/\/buletin.de\/bucuresti\/wp-json\/wp\/v2\/media?parent=190363"}],"wp:term":[{"taxonomy":"category","embeddable":true,"href":"https:\/\/buletin.de\/bucuresti\/wp-json\/wp\/v2\/categories?post=190363"},{"taxonomy":"post_tag","embeddable":true,"href":"https:\/\/buletin.de\/bucuresti\/wp-json\/wp\/v2\/tags?post=190363"},{"taxonomy":"author","embeddable":true,"href":"https:\/\/buletin.de\/bucuresti\/wp-json\/wp\/v2\/ppma_author?post=190363"}],"curies":[{"name":"wp","href":"https:\/\/api.w.org\/{rel}","templated":true}]}}