{"id":190304,"date":"2026-05-01T00:37:17","date_gmt":"2026-04-30T21:37:17","guid":{"rendered":"https:\/\/buletin.de\/bucuresti\/?p=190304"},"modified":"2026-05-01T11:27:20","modified_gmt":"2026-05-01T08:27:20","slug":"programul-iscm-world-new-music-days-columna-infinita","status":"publish","type":"post","link":"https:\/\/buletin.de\/bucuresti\/programul-iscm-world-new-music-days-columna-infinita\/","title":{"rendered":"Cel mai mare festival din lume dedicat muzicii noi ajunge \u0219i la Bucure\u0219ti. Care este programul ISCM World New Music Days \u2013 \u201eColumna Infinit\u0103\u201d"},"content":{"rendered":"\n<p><strong>Cel mai mare festival dedicat muzicii noi pe plan mondial,&nbsp;<strong>ISCM World New Music Days<\/strong>, ajunge \u0219i la Bucure\u0219ti, \u00een perioada 23-31 mai, potrivit unui comunicat de pres\u0103. <\/strong><\/p>\n\n\n\n<p><strong><em>World New Music Days<\/em><\/strong>\u00a0este organizat \u00een fiecare an de o \u021bar\u0103-gazd\u0103 diferit\u0103, membr\u0103 a\u00a0<a href=\"https:\/\/iscm.org\/\" target=\"_blank\" rel=\"noreferrer noopener\">Societ\u0103\u021bii Interna\u021bionale pentru Muzic\u0103 Contemporan\u0103 (ISCM)<\/a>, cea mai veche, extins\u0103 \u015fi prestigioas\u0103 organiza\u021bie de acest tip din lume.<\/p>\n\n\n\n<p>Din anul \u00eenfiin\u021b\u0103rii sale, 1923, au fost organizate peste 90 de edi\u021bii ale acestui festival, care are ca misiune&nbsp;<strong>prezentarea diversit\u0103\u021bii incredibile a practicii muzicale din zilele noastre.<\/strong><br><br>Tema edi\u021biei rom\u00e2ne\u0219ti a festivalului este&nbsp;\u201eColumna infinit\u0103\u201d, un omagiu adus anivers\u0103rii celor&nbsp;150 de ani de la na\u015fterea marelui Constantin Br\u00e2ncu\u015fi&nbsp;&#8211; a c\u0103rei capodoper\u0103 se aseam\u0103n\u0103 cu forma undelor sonore, fiind totodat\u0103 un simbol al nout\u0103\u021bii \u0219i al deschiderii c\u0103tre noi \u00een\u0103l\u021bimi a imagina\u021biei creatorilor de muzic\u0103.<\/p>\n\n\n\n<h2 class=\"wp-block-heading\" id=\"h-programul-iscm-world-new-music-days-columna-infinita\">Programul ISCM World New Music Days \u2013 \u201eColumna Infinit\u0103\u201d<\/h2>\n\n\n\n<p>Festivalul Interna\u021bional ISCM World New Music Days \u2013 \u201eColumna Infinit\u0103\u201d se va desf\u0103\u0219ura \u00een opt spa\u021bii-cheie ale culturii bucure\u0219tene: Opera Na\u021bional\u0103 Rom\u00e2n\u0103, Ateneul Rom\u00e2n, Sala Radio, Universitatea Na\u021bional\u0103 de Muzic\u0103, Club Control, ARCUB, Tinerimea Rom\u00e2n\u0103 \u0219i Institutul Cervantes. Programul evenimentului cuprinde 22 de concerte camerale \u0219i electronice.<\/p>\n\n\n\n<p>Dirijorii Cristian M\u0103celaru, Cristian Mandeal, Tiberiu Soare, Gabriel Bebe\u015felea; soli\u015ftii Diana Mo\u015f (vioar\u0103), Ion Bogdan \u0218tef\u0103nescu (flaut), Valentin \u0218erban (vioar\u0103), Emil Vi\u015fenescu (clarinet), C\u0103t\u0103lin R\u0103ducanu (\u021bambal \u015fi pian), Adriana Maier (pian); cvartetele de coarde ARCADIA (Cluj-Napoca) \u015fi GAUDEAMUS (Bra\u015fov); ansamblurile PROFIL (Bucure\u015fti), ATEM (Timi\u015foara), Couleurs (Cluj-Napoca); Orchestra \u0219i soli\u0219tii Operei Na\u021bionale Bucure\u0219ti, Orchestrele Radio (Na\u021bional\u0103 \u015fi de Camer\u0103, Bucure\u015fti), Orchestra Filarmonicii \u201eGeorge Enescu\u201d (Bucure\u015fti), Orchestra de coarde \u201eConcerto\u201d a UNMB; corul Madrigal \u015fi corul de copii Madrigal (Bucure\u015fti) vor interpreta cele 70 de lucr\u0103ri interna\u021bionale ce au fost selectate pentru programul acestei edi\u021bii (dintr-un total de 480 de lucr\u0103ri \u00eenscrise), \u00eempreun\u0103 cu 25 de lucr\u0103ri rom\u00e2ne\u015fti.<\/p>\n\n\n\n<p>\u00cen programul festivalului se vor reg\u0103si \u0219i&nbsp;<strong>dou\u0103 premiere absolute<\/strong>&nbsp;comandate de c\u0103tre ISCM c\u00e2\u015ftig\u0103torilor importantului premiu ISCM Young Composer Award \u00een 2023 \u015fi 2024: Madli Marje Gildemann Sin din Estonia \u015fi Samuel Hvozd\u00edk din Slovacia.<\/p>\n\n\n\n<p>Un alt element puternic al festivalului \u00eel reprezint\u0103\u00a0<strong>crea\u021biile audio-video \u015fi muzicile electronice<\/strong>, precum \u015fi concertele conexe:\u00a0<strong>Corul \u201ePsalmodia<\/strong>\u201d\u00a0va prezenta un program de muzic\u0103 bizantin\u0103 la Universitatea Na\u021bional\u0103 de Muzic\u0103, iar forma\u021bia\u00a0<strong>Opening Theory<\/strong>\u00a0va sus\u021bine un concert de jazz-rock \u00een Club Control.<\/p>\n\n\n\n<p>De asemenea, \u00een data de 24 mai, la Palatul Mogo\u0219oaia vor avea loc concerte \u0219i recitaluri, iar una dintre s\u0103lile cl\u0103dirii br\u00e2ncovene\u0219ti va g\u0103zdui o instala\u021bie de muzic\u0103 electroacustic\u0103 cu lucr\u0103ri ale compozitorului Octavian Nemescu.<\/p>\n\n\n\n<p><em>\u201eA\u0219tept\u0103m cu ner\u0103bdare s\u0103 prezent\u0103m publicului minunata diversitate a muzicilor lumii, precum \u0219i scena dinamic\u0103 a muzicii noi din Rom\u00e2nia. Ca tem\u0103 a festivalului am ales Columna infinit\u0103, aduc\u00e2nd prin aceasta un omagiu marelui sculptor rom\u00e2n Constantin Br\u00e2ncu\u0219i, la marcarea a 150 de ani de la na\u0219terea sa\u201d<\/em>, a transmis Dan Dediu, directorul artistic al evenimentului, \u00eentr-un comunicat de pres\u0103.<\/p>\n\n\n\n<p>Tot aici, participan\u021bii vor putea asculta interpret\u0103ri ale Orchestrei Operei Na\u021bionale, ale Orchestrelor Radio, dar \u0219i ale corului Madrigal. Acestea vor interpreta 70 de lucr\u0103ri interna\u021bionale, care au fost selectate dintr-un total de 480 \u00eenscrise, al\u0103turi de 25 de piese rom\u00e2ne\u0219ti.<\/p>\n\n\n\n<p>\u00cen acela\u015fi spirit aniversar,&nbsp;<strong>New Europe College<\/strong>&nbsp;va organiza un simpozion muzicologic cu invita\u021bi interna\u021bionali de seam\u0103, coordonat de&nbsp;<strong>Valentina Sandu-Dediu<\/strong>&nbsp;(rectorul NEC), ce va fi dedicat dublului centenar aniversat \u00een 2026: compozitorul rom\u00e2n&nbsp;<strong>Anatol Vieru<\/strong>&nbsp;\u015fi compozitorul maghiar&nbsp;<strong>Gy\u00f6rgy Kurt\u00e1g<\/strong>&nbsp;&#8211; dou\u0103 figuri remarcabile \u015fi influente ale muzicii secolului XX.<\/p>\n\n\n\n<p>Cu ocazia festivalului, la Bucure\u0219ti vor fi prezen\u021bi&nbsp;<strong>peste 50 de delega\u021bi oficiali din 48 de \u0163\u0103ri \u015fi regiuni<\/strong>&nbsp;\u0219i peste 50 de compozitori contemporani, ale c\u0103ror crea\u021bii vor fi interpretate pe scenele bucure\u0219tene.<\/p>\n\n\n\n<p>Accesul la concertele desf\u0103\u0219urate \u00een cl\u0103dirile Universit\u0103\u021bii Na\u021bionale de Muzic\u0103, la ARCUB &#8211; Hanul Gabroveni, la Institutul Cervantes, la Tinerimea Rom\u00e2n\u0103, dar \u0219i la Palatul Mogo\u0219oaia este gratuit. Cu toate acestea, pentru spectacolele de la Opera Na\u021bional\u0103 Rom\u00e2n\u0103, Filarmonica \u201eGeorge Enescu\u201d, Sala Radio \u0219i Club Control, cei interesa\u021bi vor trebui s\u0103 \u00ee\u0219i achizi\u021bioneze <a href=\"https:\/\/snr-simc.org\/wnmd2026\/programme\/\">bilete<\/a>.<\/p>\n\n\n\n<p><strong>CITE\u0218TE \u0218I: <a href=\"https:\/\/buletin.de\/bucuresti\/cursa-caritabila-pentru-trei-spitale-din-capitala-salvati-copiii-participa-la-semimaratonul-bucuresti-in-weekendul-9-10-mai\/\">Curs\u0103 caritabil\u0103 pentru trei spitale din Capital\u0103. Salva\u021bi Copiii particip\u0103 la Semimaratonul Bucure\u0219ti, \u00een weekendul 9-10 mai<\/a><\/strong><\/p>\n","protected":false},"excerpt":{"rendered":"<p>Cel mai mare festival dedicat muzicii noi pe plan mondial,&nbsp;ISCM World New Music Days, ajunge \u0219i la Bucure\u0219ti, \u00een perioada 23-31 mai, potrivit unui comunicat de pres\u0103. World New Music Days\u00a0este organizat \u00een fiecare an de o \u021bar\u0103-gazd\u0103 diferit\u0103, membr\u0103 a\u00a0Societ\u0103\u021bii Interna\u021bionale pentru Muzic\u0103 Contemporan\u0103 (ISCM), cea mai veche, extins\u0103 \u015fi prestigioas\u0103 organiza\u021bie de acest [&hellip;]<\/p>\n","protected":false},"author":61,"featured_media":190331,"comment_status":"closed","ping_status":"open","sticky":false,"template":"","format":"standard","meta":{"_acf_changed":false,"inline_featured_image":false,"ngg_post_thumbnail":0,"footnotes":""},"categories":[6994,81,5762],"tags":[28039,28043,28042,28040,28041,17794],"ppma_author":[22577],"class_list":["post-190304","post","type-post","status-publish","format-standard","has-post-thumbnail","hentry","category-stiri-2","category-cultura","category-main","tag-columna-infinita","tag-club-control","tag-festival-muzica-noua","tag-iscm","tag-palatul-mogosoaia-2","tag-sala-radio"],"acf":[],"yoast_head":"<!-- This site is optimized with the Yoast SEO Premium plugin v25.3 (Yoast SEO v27.5) - https:\/\/yoast.com\/product\/yoast-seo-premium-wordpress\/ -->\n<title>Cel mai mare festival din lume dedicat muzicii noi ajunge \u0219i la Bucure\u0219ti. Care este programul ISCM World New Music Days \u2013 \u201eColumna Infinit\u0103\u201d - Buletin de Bucure\u0219ti<\/title>\n<meta name=\"description\" content=\"Cel mai mare festival dedicat muzicii noi pe plan mondial,\u00a0ISCM World New Music Days, ajunge \u0219i la Bucure\u0219ti, \u00een perioada 23-31 mai.\" \/>\n<meta name=\"robots\" content=\"index, follow, max-snippet:-1, max-image-preview:large, max-video-preview:-1\" \/>\n<link rel=\"canonical\" href=\"https:\/\/buletin.de\/bucuresti\/programul-iscm-world-new-music-days-columna-infinita\/\" \/>\n<meta property=\"og:locale\" content=\"en_GB\" \/>\n<meta property=\"og:type\" content=\"article\" \/>\n<meta property=\"og:title\" content=\"Cel mai mare festival din lume dedicat muzicii noi ajunge \u0219i la Bucure\u0219ti. Care este programul ISCM World New Music Days \u2013 \u201eColumna Infinit\u0103\u201d\" \/>\n<meta property=\"og:description\" content=\"Cel mai mare festival dedicat muzicii noi pe plan mondial,\u00a0ISCM World New Music Days, ajunge \u0219i la Bucure\u0219ti, \u00een perioada 23-31 mai.\" \/>\n<meta property=\"og:url\" content=\"https:\/\/buletin.de\/bucuresti\/programul-iscm-world-new-music-days-columna-infinita\/\" \/>\n<meta property=\"og:site_name\" content=\"Buletin de Bucure\u0219ti\" \/>\n<meta property=\"article:publisher\" content=\"https:\/\/www.facebook.com\/buletin.de.buc\" \/>\n<meta property=\"article:published_time\" content=\"2026-04-30T21:37:17+00:00\" \/>\n<meta property=\"article:modified_time\" content=\"2026-05-01T08:27:20+00:00\" \/>\n<meta property=\"og:image\" content=\"https:\/\/buletin.de\/bucuresti\/wp-content\/uploads\/2026\/04\/Opening-Theory-\u00a9-Andrei-Musat.png\" \/>\n\t<meta property=\"og:image:width\" content=\"1024\" \/>\n\t<meta property=\"og:image:height\" content=\"683\" \/>\n\t<meta property=\"og:image:type\" content=\"image\/png\" \/>\n<meta name=\"author\" content=\"Alexandru Stan\" \/>\n<meta name=\"twitter:card\" content=\"summary_large_image\" \/>\n<meta name=\"twitter:label1\" content=\"Written by\" \/>\n\t<meta name=\"twitter:data1\" content=\"Alexandru Stan\" \/>\n\t<meta name=\"twitter:label2\" content=\"Estimated reading time\" \/>\n\t<meta name=\"twitter:data2\" content=\"4 minutes\" \/>\n<script type=\"application\/ld+json\" class=\"yoast-schema-graph\">{\"@context\":\"https:\\\/\\\/schema.org\",\"@graph\":[{\"@type\":\"Article\",\"@id\":\"https:\\\/\\\/buletin.de\\\/bucuresti\\\/programul-iscm-world-new-music-days-columna-infinita\\\/#article\",\"isPartOf\":{\"@id\":\"https:\\\/\\\/buletin.de\\\/bucuresti\\\/programul-iscm-world-new-music-days-columna-infinita\\\/\"},\"author\":{\"name\":\"Alexandru Stan\",\"@id\":\"https:\\\/\\\/buletin.de\\\/bucuresti\\\/#\\\/schema\\\/person\\\/104a46bbe8be6e336fecf63974383951\"},\"headline\":\"Cel mai mare festival din lume dedicat muzicii noi ajunge \u0219i la Bucure\u0219ti. Care este programul ISCM World New Music Days \u2013 \u201eColumna Infinit\u0103\u201d\",\"datePublished\":\"2026-04-30T21:37:17+00:00\",\"dateModified\":\"2026-05-01T08:27:20+00:00\",\"mainEntityOfPage\":{\"@id\":\"https:\\\/\\\/buletin.de\\\/bucuresti\\\/programul-iscm-world-new-music-days-columna-infinita\\\/\"},\"wordCount\":811,\"publisher\":{\"@id\":\"https:\\\/\\\/buletin.de\\\/bucuresti\\\/#organization\"},\"image\":{\"@id\":\"https:\\\/\\\/buletin.de\\\/bucuresti\\\/programul-iscm-world-new-music-days-columna-infinita\\\/#primaryimage\"},\"thumbnailUrl\":\"https:\\\/\\\/buletin.de\\\/bucuresti\\\/wp-content\\\/uploads\\\/2026\\\/04\\\/Opening-Theory-\u00a9-Andrei-Musat.png\",\"keywords\":[\"\u201eColumna Infinit\u0103\u201d\",\"Club Control\",\"Festival muzic\u0103 nou\u0103\",\"ISCM\",\"Palatul Mogo\u0219oaia\",\"Sala Radio\"],\"articleSection\":[\"Articole\",\"Cultur\u0103\",\"Main\"],\"inLanguage\":\"en-GB\",\"copyrightYear\":\"2026\",\"copyrightHolder\":{\"@id\":\"https:\\\/\\\/buletin.de\\\/bucuresti\\\/#organization\"}},{\"@type\":\"WebPage\",\"@id\":\"https:\\\/\\\/buletin.de\\\/bucuresti\\\/programul-iscm-world-new-music-days-columna-infinita\\\/\",\"url\":\"https:\\\/\\\/buletin.de\\\/bucuresti\\\/programul-iscm-world-new-music-days-columna-infinita\\\/\",\"name\":\"Cel mai mare festival din lume dedicat muzicii noi ajunge \u0219i la Bucure\u0219ti. Care este programul ISCM World New Music Days \u2013 \u201eColumna Infinit\u0103\u201d - Buletin de Bucure\u0219ti\",\"isPartOf\":{\"@id\":\"https:\\\/\\\/buletin.de\\\/bucuresti\\\/#website\"},\"primaryImageOfPage\":{\"@id\":\"https:\\\/\\\/buletin.de\\\/bucuresti\\\/programul-iscm-world-new-music-days-columna-infinita\\\/#primaryimage\"},\"image\":{\"@id\":\"https:\\\/\\\/buletin.de\\\/bucuresti\\\/programul-iscm-world-new-music-days-columna-infinita\\\/#primaryimage\"},\"thumbnailUrl\":\"https:\\\/\\\/buletin.de\\\/bucuresti\\\/wp-content\\\/uploads\\\/2026\\\/04\\\/Opening-Theory-\u00a9-Andrei-Musat.png\",\"datePublished\":\"2026-04-30T21:37:17+00:00\",\"dateModified\":\"2026-05-01T08:27:20+00:00\",\"description\":\"Cel mai mare festival dedicat muzicii noi pe plan mondial,\u00a0ISCM World New Music Days, ajunge \u0219i la Bucure\u0219ti, \u00een perioada 23-31 mai.\",\"breadcrumb\":{\"@id\":\"https:\\\/\\\/buletin.de\\\/bucuresti\\\/programul-iscm-world-new-music-days-columna-infinita\\\/#breadcrumb\"},\"inLanguage\":\"en-GB\",\"potentialAction\":[{\"@type\":\"ReadAction\",\"target\":[\"https:\\\/\\\/buletin.de\\\/bucuresti\\\/programul-iscm-world-new-music-days-columna-infinita\\\/\"]}]},{\"@type\":\"ImageObject\",\"inLanguage\":\"en-GB\",\"@id\":\"https:\\\/\\\/buletin.de\\\/bucuresti\\\/programul-iscm-world-new-music-days-columna-infinita\\\/#primaryimage\",\"url\":\"https:\\\/\\\/buletin.de\\\/bucuresti\\\/wp-content\\\/uploads\\\/2026\\\/04\\\/Opening-Theory-\u00a9-Andrei-Musat.png\",\"contentUrl\":\"https:\\\/\\\/buletin.de\\\/bucuresti\\\/wp-content\\\/uploads\\\/2026\\\/04\\\/Opening-Theory-\u00a9-Andrei-Musat.png\",\"width\":1024,\"height\":683,\"caption\":\"Festival dedicat muzicii noi, \u00een Capital\u0103. Va participa \u0219i dirijorul Cristian M\u0103celaru | FOTO: Andrei Musat\"},{\"@type\":\"BreadcrumbList\",\"@id\":\"https:\\\/\\\/buletin.de\\\/bucuresti\\\/programul-iscm-world-new-music-days-columna-infinita\\\/#breadcrumb\",\"itemListElement\":[{\"@type\":\"ListItem\",\"position\":1,\"name\":\"Acas\u0103\",\"item\":\"https:\\\/\\\/buletin.de\\\/bucuresti\\\/\"},{\"@type\":\"ListItem\",\"position\":2,\"name\":\"Cel mai mare festival din lume dedicat muzicii noi ajunge \u0219i la Bucure\u0219ti. Care este programul ISCM World New Music Days \u2013 \u201eColumna Infinit\u0103\u201d\"}]},{\"@type\":\"WebSite\",\"@id\":\"https:\\\/\\\/buletin.de\\\/bucuresti\\\/#website\",\"url\":\"https:\\\/\\\/buletin.de\\\/bucuresti\\\/\",\"name\":\"Buletin de Bucure\u0219ti\",\"description\":\"\u0218tiri \u0219i investiga\u021bii esen\u021biale din capital\u0103\",\"publisher\":{\"@id\":\"https:\\\/\\\/buletin.de\\\/bucuresti\\\/#organization\"},\"potentialAction\":[{\"@type\":\"SearchAction\",\"target\":{\"@type\":\"EntryPoint\",\"urlTemplate\":\"https:\\\/\\\/buletin.de\\\/bucuresti\\\/?s={search_term_string}\"},\"query-input\":{\"@type\":\"PropertyValueSpecification\",\"valueRequired\":true,\"valueName\":\"search_term_string\"}}],\"inLanguage\":\"en-GB\"},{\"@type\":\"Organization\",\"@id\":\"https:\\\/\\\/buletin.de\\\/bucuresti\\\/#organization\",\"name\":\"Buletin de Bucure\u0219ti\",\"url\":\"https:\\\/\\\/buletin.de\\\/bucuresti\\\/\",\"logo\":{\"@type\":\"ImageObject\",\"inLanguage\":\"en-GB\",\"@id\":\"https:\\\/\\\/buletin.de\\\/bucuresti\\\/#\\\/schema\\\/logo\\\/image\\\/\",\"url\":\"https:\\\/\\\/buletin.de\\\/bucuresti\\\/wp-content\\\/uploads\\\/logo-bdb-full-wide-vernil-transparent.png\",\"contentUrl\":\"https:\\\/\\\/buletin.de\\\/bucuresti\\\/wp-content\\\/uploads\\\/logo-bdb-full-wide-vernil-transparent.png\",\"width\":1782,\"height\":626,\"caption\":\"Buletin de Bucure\u0219ti\"},\"image\":{\"@id\":\"https:\\\/\\\/buletin.de\\\/bucuresti\\\/#\\\/schema\\\/logo\\\/image\\\/\"},\"sameAs\":[\"https:\\\/\\\/www.facebook.com\\\/buletin.de.buc\",\"https:\\\/\\\/www.instagram.com\\\/buletinde.bucuresti\\\/\"]},{\"@type\":\"Person\",\"@id\":\"https:\\\/\\\/buletin.de\\\/bucuresti\\\/#\\\/schema\\\/person\\\/104a46bbe8be6e336fecf63974383951\",\"name\":\"Alexandru Stan\",\"image\":{\"@type\":\"ImageObject\",\"inLanguage\":\"en-GB\",\"@id\":\"https:\\\/\\\/buletin.de\\\/bucuresti\\\/wp-content\\\/uploads\\\/2025\\\/12\\\/IMG-20251216-WA0045-e1766134343668-96x96.jpgd0ca12809ae3e1d27116a2afe8926544\",\"url\":\"https:\\\/\\\/buletin.de\\\/bucuresti\\\/wp-content\\\/uploads\\\/2025\\\/12\\\/IMG-20251216-WA0045-e1766134343668-96x96.jpg\",\"contentUrl\":\"https:\\\/\\\/buletin.de\\\/bucuresti\\\/wp-content\\\/uploads\\\/2025\\\/12\\\/IMG-20251216-WA0045-e1766134343668-96x96.jpg\",\"caption\":\"Alexandru Stan\"},\"description\":\"Sunt elev la un colegiu de prestigiu din Capital\u0103 \u0219i reporter la Buletin de Bucure\u0219ti. M-am n\u0103scut \u0219i am crescut cu m\u00e2ndrie \u00een Capital\u0103, ora\u0219 al pove\u0219tilor, al tramvaiului tras de cai \u0219i al c\u0103su\u021belor cu porti\u021b\u0103 \u0219i ci\u0219mea. Prin articolele mele, m\u0103 str\u0103duiesc s\u0103 descriu cu acurate\u021be via\u021ba din Bucure\u0219ti pe ecranele cititorilor no\u0219tri \u0219i \u00eencerc totodat\u0103 s\u0103 fac accesibile subiecte de interes general tuturor, de la mic la mare.\",\"url\":\"https:\\\/\\\/buletin.de\\\/bucuresti\\\/author\\\/alexandru-stan\\\/\"}]}<\/script>\n<!-- \/ Yoast SEO Premium plugin. -->","yoast_head_json":{"title":"Cel mai mare festival din lume dedicat muzicii noi ajunge \u0219i la Bucure\u0219ti. Care este programul ISCM World New Music Days \u2013 \u201eColumna Infinit\u0103\u201d - Buletin de Bucure\u0219ti","description":"Cel mai mare festival dedicat muzicii noi pe plan mondial,\u00a0ISCM World New Music Days, ajunge \u0219i la Bucure\u0219ti, \u00een perioada 23-31 mai.","robots":{"index":"index","follow":"follow","max-snippet":"max-snippet:-1","max-image-preview":"max-image-preview:large","max-video-preview":"max-video-preview:-1"},"canonical":"https:\/\/buletin.de\/bucuresti\/programul-iscm-world-new-music-days-columna-infinita\/","og_locale":"en_GB","og_type":"article","og_title":"Cel mai mare festival din lume dedicat muzicii noi ajunge \u0219i la Bucure\u0219ti. Care este programul ISCM World New Music Days \u2013 \u201eColumna Infinit\u0103\u201d","og_description":"Cel mai mare festival dedicat muzicii noi pe plan mondial,\u00a0ISCM World New Music Days, ajunge \u0219i la Bucure\u0219ti, \u00een perioada 23-31 mai.","og_url":"https:\/\/buletin.de\/bucuresti\/programul-iscm-world-new-music-days-columna-infinita\/","og_site_name":"Buletin de Bucure\u0219ti","article_publisher":"https:\/\/www.facebook.com\/buletin.de.buc","article_published_time":"2026-04-30T21:37:17+00:00","article_modified_time":"2026-05-01T08:27:20+00:00","og_image":[{"width":1024,"height":683,"url":"https:\/\/buletin.de\/bucuresti\/wp-content\/uploads\/2026\/04\/Opening-Theory-\u00a9-Andrei-Musat.png","type":"image\/png"}],"author":"Alexandru Stan","twitter_card":"summary_large_image","twitter_misc":{"Written by":"Alexandru Stan","Estimated reading time":"4 minutes"},"schema":{"@context":"https:\/\/schema.org","@graph":[{"@type":"Article","@id":"https:\/\/buletin.de\/bucuresti\/programul-iscm-world-new-music-days-columna-infinita\/#article","isPartOf":{"@id":"https:\/\/buletin.de\/bucuresti\/programul-iscm-world-new-music-days-columna-infinita\/"},"author":{"name":"Alexandru Stan","@id":"https:\/\/buletin.de\/bucuresti\/#\/schema\/person\/104a46bbe8be6e336fecf63974383951"},"headline":"Cel mai mare festival din lume dedicat muzicii noi ajunge \u0219i la Bucure\u0219ti. Care este programul ISCM World New Music Days \u2013 \u201eColumna Infinit\u0103\u201d","datePublished":"2026-04-30T21:37:17+00:00","dateModified":"2026-05-01T08:27:20+00:00","mainEntityOfPage":{"@id":"https:\/\/buletin.de\/bucuresti\/programul-iscm-world-new-music-days-columna-infinita\/"},"wordCount":811,"publisher":{"@id":"https:\/\/buletin.de\/bucuresti\/#organization"},"image":{"@id":"https:\/\/buletin.de\/bucuresti\/programul-iscm-world-new-music-days-columna-infinita\/#primaryimage"},"thumbnailUrl":"https:\/\/buletin.de\/bucuresti\/wp-content\/uploads\/2026\/04\/Opening-Theory-\u00a9-Andrei-Musat.png","keywords":["\u201eColumna Infinit\u0103\u201d","Club Control","Festival muzic\u0103 nou\u0103","ISCM","Palatul Mogo\u0219oaia","Sala Radio"],"articleSection":["Articole","Cultur\u0103","Main"],"inLanguage":"en-GB","copyrightYear":"2026","copyrightHolder":{"@id":"https:\/\/buletin.de\/bucuresti\/#organization"}},{"@type":"WebPage","@id":"https:\/\/buletin.de\/bucuresti\/programul-iscm-world-new-music-days-columna-infinita\/","url":"https:\/\/buletin.de\/bucuresti\/programul-iscm-world-new-music-days-columna-infinita\/","name":"Cel mai mare festival din lume dedicat muzicii noi ajunge \u0219i la Bucure\u0219ti. Care este programul ISCM World New Music Days \u2013 \u201eColumna Infinit\u0103\u201d - Buletin de Bucure\u0219ti","isPartOf":{"@id":"https:\/\/buletin.de\/bucuresti\/#website"},"primaryImageOfPage":{"@id":"https:\/\/buletin.de\/bucuresti\/programul-iscm-world-new-music-days-columna-infinita\/#primaryimage"},"image":{"@id":"https:\/\/buletin.de\/bucuresti\/programul-iscm-world-new-music-days-columna-infinita\/#primaryimage"},"thumbnailUrl":"https:\/\/buletin.de\/bucuresti\/wp-content\/uploads\/2026\/04\/Opening-Theory-\u00a9-Andrei-Musat.png","datePublished":"2026-04-30T21:37:17+00:00","dateModified":"2026-05-01T08:27:20+00:00","description":"Cel mai mare festival dedicat muzicii noi pe plan mondial,\u00a0ISCM World New Music Days, ajunge \u0219i la Bucure\u0219ti, \u00een perioada 23-31 mai.","breadcrumb":{"@id":"https:\/\/buletin.de\/bucuresti\/programul-iscm-world-new-music-days-columna-infinita\/#breadcrumb"},"inLanguage":"en-GB","potentialAction":[{"@type":"ReadAction","target":["https:\/\/buletin.de\/bucuresti\/programul-iscm-world-new-music-days-columna-infinita\/"]}]},{"@type":"ImageObject","inLanguage":"en-GB","@id":"https:\/\/buletin.de\/bucuresti\/programul-iscm-world-new-music-days-columna-infinita\/#primaryimage","url":"https:\/\/buletin.de\/bucuresti\/wp-content\/uploads\/2026\/04\/Opening-Theory-\u00a9-Andrei-Musat.png","contentUrl":"https:\/\/buletin.de\/bucuresti\/wp-content\/uploads\/2026\/04\/Opening-Theory-\u00a9-Andrei-Musat.png","width":1024,"height":683,"caption":"Festival dedicat muzicii noi, \u00een Capital\u0103. Va participa \u0219i dirijorul Cristian M\u0103celaru | FOTO: Andrei Musat"},{"@type":"BreadcrumbList","@id":"https:\/\/buletin.de\/bucuresti\/programul-iscm-world-new-music-days-columna-infinita\/#breadcrumb","itemListElement":[{"@type":"ListItem","position":1,"name":"Acas\u0103","item":"https:\/\/buletin.de\/bucuresti\/"},{"@type":"ListItem","position":2,"name":"Cel mai mare festival din lume dedicat muzicii noi ajunge \u0219i la Bucure\u0219ti. Care este programul ISCM World New Music Days \u2013 \u201eColumna Infinit\u0103\u201d"}]},{"@type":"WebSite","@id":"https:\/\/buletin.de\/bucuresti\/#website","url":"https:\/\/buletin.de\/bucuresti\/","name":"Buletin de Bucure\u0219ti","description":"\u0218tiri \u0219i investiga\u021bii esen\u021biale din capital\u0103","publisher":{"@id":"https:\/\/buletin.de\/bucuresti\/#organization"},"potentialAction":[{"@type":"SearchAction","target":{"@type":"EntryPoint","urlTemplate":"https:\/\/buletin.de\/bucuresti\/?s={search_term_string}"},"query-input":{"@type":"PropertyValueSpecification","valueRequired":true,"valueName":"search_term_string"}}],"inLanguage":"en-GB"},{"@type":"Organization","@id":"https:\/\/buletin.de\/bucuresti\/#organization","name":"Buletin de Bucure\u0219ti","url":"https:\/\/buletin.de\/bucuresti\/","logo":{"@type":"ImageObject","inLanguage":"en-GB","@id":"https:\/\/buletin.de\/bucuresti\/#\/schema\/logo\/image\/","url":"https:\/\/buletin.de\/bucuresti\/wp-content\/uploads\/logo-bdb-full-wide-vernil-transparent.png","contentUrl":"https:\/\/buletin.de\/bucuresti\/wp-content\/uploads\/logo-bdb-full-wide-vernil-transparent.png","width":1782,"height":626,"caption":"Buletin de Bucure\u0219ti"},"image":{"@id":"https:\/\/buletin.de\/bucuresti\/#\/schema\/logo\/image\/"},"sameAs":["https:\/\/www.facebook.com\/buletin.de.buc","https:\/\/www.instagram.com\/buletinde.bucuresti\/"]},{"@type":"Person","@id":"https:\/\/buletin.de\/bucuresti\/#\/schema\/person\/104a46bbe8be6e336fecf63974383951","name":"Alexandru Stan","image":{"@type":"ImageObject","inLanguage":"en-GB","@id":"https:\/\/buletin.de\/bucuresti\/wp-content\/uploads\/2025\/12\/IMG-20251216-WA0045-e1766134343668-96x96.jpgd0ca12809ae3e1d27116a2afe8926544","url":"https:\/\/buletin.de\/bucuresti\/wp-content\/uploads\/2025\/12\/IMG-20251216-WA0045-e1766134343668-96x96.jpg","contentUrl":"https:\/\/buletin.de\/bucuresti\/wp-content\/uploads\/2025\/12\/IMG-20251216-WA0045-e1766134343668-96x96.jpg","caption":"Alexandru Stan"},"description":"Sunt elev la un colegiu de prestigiu din Capital\u0103 \u0219i reporter la Buletin de Bucure\u0219ti. M-am n\u0103scut \u0219i am crescut cu m\u00e2ndrie \u00een Capital\u0103, ora\u0219 al pove\u0219tilor, al tramvaiului tras de cai \u0219i al c\u0103su\u021belor cu porti\u021b\u0103 \u0219i ci\u0219mea. Prin articolele mele, m\u0103 str\u0103duiesc s\u0103 descriu cu acurate\u021be via\u021ba din Bucure\u0219ti pe ecranele cititorilor no\u0219tri \u0219i \u00eencerc totodat\u0103 s\u0103 fac accesibile subiecte de interes general tuturor, de la mic la mare.","url":"https:\/\/buletin.de\/bucuresti\/author\/alexandru-stan\/"}]}},"authors":[{"term_id":22577,"user_id":61,"is_guest":0,"slug":"alexandru-stan","display_name":"Alexandru Stan","avatar_url":"https:\/\/buletin.de\/bucuresti\/wp-content\/uploads\/2025\/12\/IMG-20251216-WA0045-e1766134343668-96x96.jpg","0":null,"1":"","2":"","3":"","4":"","5":"","6":"","7":"","8":""}],"_links":{"self":[{"href":"https:\/\/buletin.de\/bucuresti\/wp-json\/wp\/v2\/posts\/190304","targetHints":{"allow":["GET"]}}],"collection":[{"href":"https:\/\/buletin.de\/bucuresti\/wp-json\/wp\/v2\/posts"}],"about":[{"href":"https:\/\/buletin.de\/bucuresti\/wp-json\/wp\/v2\/types\/post"}],"author":[{"embeddable":true,"href":"https:\/\/buletin.de\/bucuresti\/wp-json\/wp\/v2\/users\/61"}],"replies":[{"embeddable":true,"href":"https:\/\/buletin.de\/bucuresti\/wp-json\/wp\/v2\/comments?post=190304"}],"version-history":[{"count":9,"href":"https:\/\/buletin.de\/bucuresti\/wp-json\/wp\/v2\/posts\/190304\/revisions"}],"predecessor-version":[{"id":190580,"href":"https:\/\/buletin.de\/bucuresti\/wp-json\/wp\/v2\/posts\/190304\/revisions\/190580"}],"wp:featuredmedia":[{"embeddable":true,"href":"https:\/\/buletin.de\/bucuresti\/wp-json\/wp\/v2\/media\/190331"}],"wp:attachment":[{"href":"https:\/\/buletin.de\/bucuresti\/wp-json\/wp\/v2\/media?parent=190304"}],"wp:term":[{"taxonomy":"category","embeddable":true,"href":"https:\/\/buletin.de\/bucuresti\/wp-json\/wp\/v2\/categories?post=190304"},{"taxonomy":"post_tag","embeddable":true,"href":"https:\/\/buletin.de\/bucuresti\/wp-json\/wp\/v2\/tags?post=190304"},{"taxonomy":"author","embeddable":true,"href":"https:\/\/buletin.de\/bucuresti\/wp-json\/wp\/v2\/ppma_author?post=190304"}],"curies":[{"name":"wp","href":"https:\/\/api.w.org\/{rel}","templated":true}]}}