{"id":190270,"date":"2026-04-30T15:24:33","date_gmt":"2026-04-30T12:24:33","guid":{"rendered":"https:\/\/buletin.de\/bucuresti\/?p=190270"},"modified":"2026-04-30T16:35:06","modified_gmt":"2026-04-30T13:35:06","slug":"grafic-bugetul-ilustrat-al-primariei-capitalei-3-din-10-lei-merg-pe-investitii-jumatate-din-banii-de-la-bugetul-local-se-duc-pe-subventii-la-transport-si-termoficare","status":"publish","type":"post","link":"https:\/\/buletin.de\/bucuresti\/grafic-bugetul-ilustrat-al-primariei-capitalei-3-din-10-lei-merg-pe-investitii-jumatate-din-banii-de-la-bugetul-local-se-duc-pe-subventii-la-transport-si-termoficare\/","title":{"rendered":"GRAFIC | Bugetul ilustrat al Prim\u0103riei Capitalei: 3 din 10 lei merg pe investi\u021bii. Jum\u0103tate din banii de la bugetul local se duc pe subven\u021bii la transport \u0219i termoficare"},"content":{"rendered":"\n<p><strong>Prim\u0103ria Municipiului Bucure\u0219ti (PMB) dezbate joi proiectul de buget pentru anul 2026, care beneficiaz\u0103 de o infuzie masiv\u0103 de capital, fa\u021b\u0103 de anul trecut. PMB propune pentru 2026 un buget de 12,9 miliarde de lei, \u00eemp\u0103r\u021bit \u00eentre func\u021bionarea curent\u0103 a ora\u0219ului \u0219i investi\u021bii. De\u0219i \u00een cadrul dezbaterii s-a discutat mult despre modernizare \u0219i proiecte mari, cifrele arat\u0103 c\u0103 Bucure\u0219tiul cheltuie \u00een continuare mult mai mult ca s\u0103 func\u021bioneze dec\u00e2t ca s\u0103 se dezvolte.<\/strong><\/p>\n\n\n\n<p>Prezentarea bugetului confirm\u0103 o analiz\u0103 realizat\u0103 de Funky Citizens, care arat\u0103 c\u0103 peste 85% din bugetul general centralizat este destinat cheltuielilor curente, iar la nivelul bugetului local, transportul rutier \u0219i energia termic\u0103 absorb \u00eempreun\u0103 56,7% din total.<\/p>\n\n\n\n<p>Anul acesta, veniturile totale ale PMB sunt estimate la circa 12,9 miliarde de lei, dintre care:<\/p>\n\n\n\n<ul class=\"wp-block-list\">\n<li>Bugetul local \u2013 8,49 miliarde lei<\/li>\n\n\n\n<li>Bugetul institu\u021biilor publice finan\u021bate din venituri proprii \u0219i subven\u021bii din bugetul local \u2013 1,75 miliarde lei<\/li>\n\n\n\n<li>Bugetul institu\u021biilor publice finan\u021bate integral din venituri proprii \u2013 3,35 miliarde lei<\/li>\n\n\n\n<li>Bugetul \u00eemprumuturilor interne \u2013 288 milioane lei<\/li>\n\n\n\n<li>Bugetul \u00eemprumuturilor externe \u2013 806 milioane lei<\/li>\n\n\n\n<li>Bugetul fondurilor externe nerambursabile \u2013 4 milioane lei<\/li>\n\n\n\n<li>Transferuri \u00eentre bugete \u2013 minus 1,8 miliarde<\/li>\n<\/ul>\n\n\n\n<p>Mai jos, prezentarea proiectului de buget, realizat de PMB \u0219i prezentat \u00een cadrul dezbaterii de joi, 30 aprilie.<\/p>\n\n\n\n<p><strong>CITE\u0218TE \u0218I:<\/strong> <strong><a href=\"https:\/\/buletin.de\/bucuresti\/livetext-buget-record-pentru-primaria-capitalei-cum-explica-ciucu-surplusul-de-15-miliarde\/\">LIVETEXT | Buget record pentru Prim\u0103ria Capitalei. Cum explic\u0103 Ciucu \u201esurplusul\u201d de 1,5 miliarde<\/a><\/strong><\/p>\n\n\n\n<h2 class=\"wp-block-heading\" id=\"h-bugetul-ilustrat-al-primariei-capitalei\"><strong>Bugetul ilustrat al Prim\u0103riei Capitalei<\/strong><\/h2>\n\n\n\n<p>Prim\u0103ria depinde masiv de banii veni\u021bi de la bugetul central \u0219i din fonduri externe.<\/p>\n\n\n\n<figure class=\"wp-block-image size-full\"><a href=\"https:\/\/buletin.de\/bucuresti\/wp-content\/uploads\/2026\/04\/Buget-2026-29.04.26-2_removed-1_pages-to-jpg-0001-scaled.jpg\"><img fetchpriority=\"high\" decoding=\"async\" width=\"2560\" height=\"1440\" src=\"data:image\/gif;base64,R0lGODlhAQABAAAAACH5BAEKAAEALAAAAAABAAEAAAICTAEAOw==\" data-src=\"https:\/\/buletin.de\/bucuresti\/wp-content\/uploads\/2026\/04\/Buget-2026-29.04.26-2_removed-1_pages-to-jpg-0001-scaled.jpg\" alt=\"PMB, buget, banii\" class=\"wp-image-190274 lazyload\" data-sizes=\"auto\" data-srcset=\"https:\/\/buletin.de\/bucuresti\/wp-content\/uploads\/2026\/04\/Buget-2026-29.04.26-2_removed-1_pages-to-jpg-0001-scaled.jpg 2560w, https:\/\/buletin.de\/bucuresti\/wp-content\/uploads\/2026\/04\/Buget-2026-29.04.26-2_removed-1_pages-to-jpg-0001-300x169.jpg 300w, https:\/\/buletin.de\/bucuresti\/wp-content\/uploads\/2026\/04\/Buget-2026-29.04.26-2_removed-1_pages-to-jpg-0001-1000x563.jpg 1000w, https:\/\/buletin.de\/bucuresti\/wp-content\/uploads\/2026\/04\/Buget-2026-29.04.26-2_removed-1_pages-to-jpg-0001-768x432.jpg 768w, https:\/\/buletin.de\/bucuresti\/wp-content\/uploads\/2026\/04\/Buget-2026-29.04.26-2_removed-1_pages-to-jpg-0001-1536x864.jpg 1536w, https:\/\/buletin.de\/bucuresti\/wp-content\/uploads\/2026\/04\/Buget-2026-29.04.26-2_removed-1_pages-to-jpg-0001-2048x1152.jpg 2048w, https:\/\/buletin.de\/bucuresti\/wp-content\/uploads\/2026\/04\/Buget-2026-29.04.26-2_removed-1_pages-to-jpg-0001-1600x900.jpg 1600w, https:\/\/buletin.de\/bucuresti\/wp-content\/uploads\/2026\/04\/Buget-2026-29.04.26-2_removed-1_pages-to-jpg-0001-1100x619.jpg 1100w, https:\/\/buletin.de\/bucuresti\/wp-content\/uploads\/2026\/04\/Buget-2026-29.04.26-2_removed-1_pages-to-jpg-0001-600x338.jpg 600w, https:\/\/buletin.de\/bucuresti\/wp-content\/uploads\/2026\/04\/Buget-2026-29.04.26-2_removed-1_pages-to-jpg-0001-20x11.jpg 20w\" sizes=\"(max-width: 2560px) 100vw, 2560px\" \/><\/a><figcaption class=\"wp-element-caption\">Bugetul local al PMB &#8211; aproximativ 8,49 miliarde lei<\/figcaption><\/figure>\n\n\n\n<p>De asemenea, dac\u0103 ne uit\u0103m c\u00e2\u021bi din ace\u0219ti bani merg c\u0103tre func\u021bionare \u0219i c\u00e2\u021bi merg c\u0103tre investi\u021bii, Capitala pare un ora\u0219 care \u201ese \u00eentre\u021bine\u201d. Aproape 2 din 3 lei merg pe cheltuieli de func\u021bionare: subven\u021bii, salarii, datorii, servicii.<\/p>\n\n\n\n<figure class=\"wp-block-image size-full\"><a href=\"https:\/\/buletin.de\/bucuresti\/wp-content\/uploads\/2026\/04\/Buget-2026-29.04.26-2_removed-1_pages-to-jpg-0002-scaled.jpg\"><img decoding=\"async\" width=\"2560\" height=\"1440\" src=\"data:image\/gif;base64,R0lGODlhAQABAAAAACH5BAEKAAEALAAAAAABAAEAAAICTAEAOw==\" data-src=\"https:\/\/buletin.de\/bucuresti\/wp-content\/uploads\/2026\/04\/Buget-2026-29.04.26-2_removed-1_pages-to-jpg-0002-scaled.jpg\" alt=\"PMB, buget, banii\" class=\"wp-image-190288 lazyload\" data-sizes=\"auto\" data-srcset=\"https:\/\/buletin.de\/bucuresti\/wp-content\/uploads\/2026\/04\/Buget-2026-29.04.26-2_removed-1_pages-to-jpg-0002-scaled.jpg 2560w, https:\/\/buletin.de\/bucuresti\/wp-content\/uploads\/2026\/04\/Buget-2026-29.04.26-2_removed-1_pages-to-jpg-0002-300x169.jpg 300w, https:\/\/buletin.de\/bucuresti\/wp-content\/uploads\/2026\/04\/Buget-2026-29.04.26-2_removed-1_pages-to-jpg-0002-1000x563.jpg 1000w, https:\/\/buletin.de\/bucuresti\/wp-content\/uploads\/2026\/04\/Buget-2026-29.04.26-2_removed-1_pages-to-jpg-0002-768x432.jpg 768w, https:\/\/buletin.de\/bucuresti\/wp-content\/uploads\/2026\/04\/Buget-2026-29.04.26-2_removed-1_pages-to-jpg-0002-1536x864.jpg 1536w, https:\/\/buletin.de\/bucuresti\/wp-content\/uploads\/2026\/04\/Buget-2026-29.04.26-2_removed-1_pages-to-jpg-0002-2048x1152.jpg 2048w, https:\/\/buletin.de\/bucuresti\/wp-content\/uploads\/2026\/04\/Buget-2026-29.04.26-2_removed-1_pages-to-jpg-0002-1600x900.jpg 1600w, https:\/\/buletin.de\/bucuresti\/wp-content\/uploads\/2026\/04\/Buget-2026-29.04.26-2_removed-1_pages-to-jpg-0002-1100x619.jpg 1100w, https:\/\/buletin.de\/bucuresti\/wp-content\/uploads\/2026\/04\/Buget-2026-29.04.26-2_removed-1_pages-to-jpg-0002-600x338.jpg 600w, https:\/\/buletin.de\/bucuresti\/wp-content\/uploads\/2026\/04\/Buget-2026-29.04.26-2_removed-1_pages-to-jpg-0002-20x11.jpg 20w\" sizes=\"(max-width: 2560px) 100vw, 2560px\" \/><\/a><figcaption class=\"wp-element-caption\">Pe ce cheltuie prim\u0103ria banii: 3 din 10 lei merg la investi\u021bii<\/figcaption><\/figure>\n\n\n\n<p>Cea mai mare gaur\u0103 din buget o reprezint\u0103 subven\u021biile pentru STB \u0219i Termoenergetica: 2,57 miliarde lei. Dintre ace\u0219tia, 1,37 miliarde sunt pentru STB \u0219i 1,19 miliarde pentru termoficare.<\/p>\n\n\n\n<figure class=\"wp-block-image size-full\"><a href=\"https:\/\/buletin.de\/bucuresti\/wp-content\/uploads\/2026\/04\/Buget-2026-29.04.26-2_removed-1_pages-to-jpg-0004-1-scaled.jpg\"><img decoding=\"async\" width=\"2560\" height=\"1440\" src=\"data:image\/gif;base64,R0lGODlhAQABAAAAACH5BAEKAAEALAAAAAABAAEAAAICTAEAOw==\" data-src=\"https:\/\/buletin.de\/bucuresti\/wp-content\/uploads\/2026\/04\/Buget-2026-29.04.26-2_removed-1_pages-to-jpg-0004-1-scaled.jpg\" alt=\"\" class=\"wp-image-190293 lazyload\" data-sizes=\"auto\" data-srcset=\"https:\/\/buletin.de\/bucuresti\/wp-content\/uploads\/2026\/04\/Buget-2026-29.04.26-2_removed-1_pages-to-jpg-0004-1-scaled.jpg 2560w, https:\/\/buletin.de\/bucuresti\/wp-content\/uploads\/2026\/04\/Buget-2026-29.04.26-2_removed-1_pages-to-jpg-0004-1-300x169.jpg 300w, https:\/\/buletin.de\/bucuresti\/wp-content\/uploads\/2026\/04\/Buget-2026-29.04.26-2_removed-1_pages-to-jpg-0004-1-1000x563.jpg 1000w, https:\/\/buletin.de\/bucuresti\/wp-content\/uploads\/2026\/04\/Buget-2026-29.04.26-2_removed-1_pages-to-jpg-0004-1-768x432.jpg 768w, https:\/\/buletin.de\/bucuresti\/wp-content\/uploads\/2026\/04\/Buget-2026-29.04.26-2_removed-1_pages-to-jpg-0004-1-1536x864.jpg 1536w, https:\/\/buletin.de\/bucuresti\/wp-content\/uploads\/2026\/04\/Buget-2026-29.04.26-2_removed-1_pages-to-jpg-0004-1-2048x1152.jpg 2048w, https:\/\/buletin.de\/bucuresti\/wp-content\/uploads\/2026\/04\/Buget-2026-29.04.26-2_removed-1_pages-to-jpg-0004-1-1600x900.jpg 1600w, https:\/\/buletin.de\/bucuresti\/wp-content\/uploads\/2026\/04\/Buget-2026-29.04.26-2_removed-1_pages-to-jpg-0004-1-1100x619.jpg 1100w, https:\/\/buletin.de\/bucuresti\/wp-content\/uploads\/2026\/04\/Buget-2026-29.04.26-2_removed-1_pages-to-jpg-0004-1-600x338.jpg 600w, https:\/\/buletin.de\/bucuresti\/wp-content\/uploads\/2026\/04\/Buget-2026-29.04.26-2_removed-1_pages-to-jpg-0004-1-20x11.jpg 20w\" sizes=\"(max-width: 2560px) 100vw, 2560px\" \/><\/a><\/figure>\n\n\n\n<p><strong>Aproape 1 din 3 lei din bugetul de func\u021bionare merge direct \u00een subven\u021bii pentru transport \u0219i termoficare.<\/strong><\/p>\n\n\n\n<h2 class=\"wp-block-heading\" id=\"h-unde-merg-investi\u021biile\">Unde merg investi\u021biile<\/h2>\n\n\n\n<p>Investi\u021biile sunt concentrate pe infrastructura \u201egrea\u201d a ora\u0219ului.<\/p>\n\n\n\n<p>Din cei 2,7 miliarde lei pentru investi\u021bii, banii sunt concentra\u021bi \u00een c\u00e2teva domenii:<\/p>\n\n\n\n<ul class=\"wp-block-list\">\n<li>energie termic\u0103: ~970 milioane lei<\/li>\n\n\n\n<li>transport public: ~565 milioane lei<\/li>\n\n\n\n<li>s\u0103n\u0103tate: ~371 milioane lei<\/li>\n\n\n\n<li>locuin\u021be \u0219i dezvoltare: ~337 milioane lei<\/li>\n\n\n\n<li>str\u0103zi: ~315 milioane lei<\/li>\n<\/ul>\n\n\n\n<figure class=\"wp-block-image size-full\"><a href=\"https:\/\/buletin.de\/bucuresti\/wp-content\/uploads\/2026\/04\/Buget-2026-29.04.26-2_removed-1_pages-to-jpg-0003-scaled.jpg\"><img loading=\"lazy\" decoding=\"async\" width=\"2560\" height=\"1440\" src=\"data:image\/gif;base64,R0lGODlhAQABAAAAACH5BAEKAAEALAAAAAABAAEAAAICTAEAOw==\" data-src=\"https:\/\/buletin.de\/bucuresti\/wp-content\/uploads\/2026\/04\/Buget-2026-29.04.26-2_removed-1_pages-to-jpg-0003-scaled.jpg\" alt=\"\" class=\"wp-image-190292 lazyload\" data-sizes=\"auto\" data-srcset=\"https:\/\/buletin.de\/bucuresti\/wp-content\/uploads\/2026\/04\/Buget-2026-29.04.26-2_removed-1_pages-to-jpg-0003-scaled.jpg 2560w, https:\/\/buletin.de\/bucuresti\/wp-content\/uploads\/2026\/04\/Buget-2026-29.04.26-2_removed-1_pages-to-jpg-0003-300x169.jpg 300w, https:\/\/buletin.de\/bucuresti\/wp-content\/uploads\/2026\/04\/Buget-2026-29.04.26-2_removed-1_pages-to-jpg-0003-1000x563.jpg 1000w, https:\/\/buletin.de\/bucuresti\/wp-content\/uploads\/2026\/04\/Buget-2026-29.04.26-2_removed-1_pages-to-jpg-0003-768x432.jpg 768w, https:\/\/buletin.de\/bucuresti\/wp-content\/uploads\/2026\/04\/Buget-2026-29.04.26-2_removed-1_pages-to-jpg-0003-1536x864.jpg 1536w, https:\/\/buletin.de\/bucuresti\/wp-content\/uploads\/2026\/04\/Buget-2026-29.04.26-2_removed-1_pages-to-jpg-0003-2048x1152.jpg 2048w, https:\/\/buletin.de\/bucuresti\/wp-content\/uploads\/2026\/04\/Buget-2026-29.04.26-2_removed-1_pages-to-jpg-0003-1600x900.jpg 1600w, https:\/\/buletin.de\/bucuresti\/wp-content\/uploads\/2026\/04\/Buget-2026-29.04.26-2_removed-1_pages-to-jpg-0003-1100x619.jpg 1100w, https:\/\/buletin.de\/bucuresti\/wp-content\/uploads\/2026\/04\/Buget-2026-29.04.26-2_removed-1_pages-to-jpg-0003-600x338.jpg 600w, https:\/\/buletin.de\/bucuresti\/wp-content\/uploads\/2026\/04\/Buget-2026-29.04.26-2_removed-1_pages-to-jpg-0003-20x11.jpg 20w\" sizes=\"(max-width: 2560px) 100vw, 2560px\" \/><\/a><\/figure>\n\n\n\n<p>Marile proiecte de investi\u021bii se concentreaz\u0103 tot \u00een zona de termoficare \u0219i transport.<\/p>\n\n\n\n<div class=\"wp-block-group is-nowrap is-layout-flex wp-container-core-group-is-layout-ad2f72ca wp-block-group-is-layout-flex\">\n<p>Peste 1 miliard de lei sunt aloca\u021bi pentru modernizarea sistemului de termoficare, 106 km de re\u021bea magistral\u0103 sunt deja \u00een lucru. Este cea mai mare investi\u021bie, dar \u0219i unul dintre cele mai vechi \u0219i problematice sisteme ale ora\u0219ului.<\/p>\n<\/div>\n\n\n\n<p>La capitolul transport public, peste 1 miliard de lei sunt aloca\u021bi pentru \u0219ine de tramvai, investi\u021bii \u00een troleibuze \u0219i depouri, dar \u0219i pentru subven\u021biile uria\u0219e pentru operare.<\/p>\n\n\n\n<figure class=\"wp-block-gallery has-nested-images columns-default is-cropped wp-block-gallery-1 is-layout-flex wp-block-gallery-is-layout-flex\">\n<figure class=\"wp-block-image size-full\"><a href=\"https:\/\/buletin.de\/bucuresti\/wp-content\/uploads\/2026\/04\/Buget-2026-29.04.26-2_removed-1_pages-to-jpg-0010-scaled.jpg\"><img loading=\"lazy\" decoding=\"async\" width=\"2560\" height=\"1440\" data-id=\"190298\" src=\"data:image\/gif;base64,R0lGODlhAQABAAAAACH5BAEKAAEALAAAAAABAAEAAAICTAEAOw==\" data-src=\"https:\/\/buletin.de\/bucuresti\/wp-content\/uploads\/2026\/04\/Buget-2026-29.04.26-2_removed-1_pages-to-jpg-0010-scaled.jpg\" alt=\"\" class=\"wp-image-190298 lazyload\" data-sizes=\"auto\" data-srcset=\"https:\/\/buletin.de\/bucuresti\/wp-content\/uploads\/2026\/04\/Buget-2026-29.04.26-2_removed-1_pages-to-jpg-0010-scaled.jpg 2560w, https:\/\/buletin.de\/bucuresti\/wp-content\/uploads\/2026\/04\/Buget-2026-29.04.26-2_removed-1_pages-to-jpg-0010-300x169.jpg 300w, https:\/\/buletin.de\/bucuresti\/wp-content\/uploads\/2026\/04\/Buget-2026-29.04.26-2_removed-1_pages-to-jpg-0010-1000x563.jpg 1000w, https:\/\/buletin.de\/bucuresti\/wp-content\/uploads\/2026\/04\/Buget-2026-29.04.26-2_removed-1_pages-to-jpg-0010-768x432.jpg 768w, https:\/\/buletin.de\/bucuresti\/wp-content\/uploads\/2026\/04\/Buget-2026-29.04.26-2_removed-1_pages-to-jpg-0010-1536x864.jpg 1536w, https:\/\/buletin.de\/bucuresti\/wp-content\/uploads\/2026\/04\/Buget-2026-29.04.26-2_removed-1_pages-to-jpg-0010-2048x1152.jpg 2048w, https:\/\/buletin.de\/bucuresti\/wp-content\/uploads\/2026\/04\/Buget-2026-29.04.26-2_removed-1_pages-to-jpg-0010-1600x900.jpg 1600w, https:\/\/buletin.de\/bucuresti\/wp-content\/uploads\/2026\/04\/Buget-2026-29.04.26-2_removed-1_pages-to-jpg-0010-1100x619.jpg 1100w, https:\/\/buletin.de\/bucuresti\/wp-content\/uploads\/2026\/04\/Buget-2026-29.04.26-2_removed-1_pages-to-jpg-0010-600x338.jpg 600w, https:\/\/buletin.de\/bucuresti\/wp-content\/uploads\/2026\/04\/Buget-2026-29.04.26-2_removed-1_pages-to-jpg-0010-20x11.jpg 20w\" sizes=\"(max-width: 2560px) 100vw, 2560px\" \/><\/a><\/figure>\n\n\n\n<figure class=\"wp-block-image size-full\"><a href=\"https:\/\/buletin.de\/bucuresti\/wp-content\/uploads\/2026\/04\/Buget-2026-29.04.26-2_removed-1_pages-to-jpg-0012-2-scaled.jpg\"><img loading=\"lazy\" decoding=\"async\" width=\"2560\" height=\"1440\" data-id=\"190299\" src=\"data:image\/gif;base64,R0lGODlhAQABAAAAACH5BAEKAAEALAAAAAABAAEAAAICTAEAOw==\" data-src=\"https:\/\/buletin.de\/bucuresti\/wp-content\/uploads\/2026\/04\/Buget-2026-29.04.26-2_removed-1_pages-to-jpg-0012-2-scaled.jpg\" alt=\"PMB, buget, banii\" class=\"wp-image-190299 lazyload\" data-sizes=\"auto\" data-srcset=\"https:\/\/buletin.de\/bucuresti\/wp-content\/uploads\/2026\/04\/Buget-2026-29.04.26-2_removed-1_pages-to-jpg-0012-2-scaled.jpg 2560w, https:\/\/buletin.de\/bucuresti\/wp-content\/uploads\/2026\/04\/Buget-2026-29.04.26-2_removed-1_pages-to-jpg-0012-2-300x169.jpg 300w, https:\/\/buletin.de\/bucuresti\/wp-content\/uploads\/2026\/04\/Buget-2026-29.04.26-2_removed-1_pages-to-jpg-0012-2-1000x563.jpg 1000w, https:\/\/buletin.de\/bucuresti\/wp-content\/uploads\/2026\/04\/Buget-2026-29.04.26-2_removed-1_pages-to-jpg-0012-2-768x432.jpg 768w, https:\/\/buletin.de\/bucuresti\/wp-content\/uploads\/2026\/04\/Buget-2026-29.04.26-2_removed-1_pages-to-jpg-0012-2-1536x864.jpg 1536w, https:\/\/buletin.de\/bucuresti\/wp-content\/uploads\/2026\/04\/Buget-2026-29.04.26-2_removed-1_pages-to-jpg-0012-2-2048x1152.jpg 2048w, https:\/\/buletin.de\/bucuresti\/wp-content\/uploads\/2026\/04\/Buget-2026-29.04.26-2_removed-1_pages-to-jpg-0012-2-1600x900.jpg 1600w, https:\/\/buletin.de\/bucuresti\/wp-content\/uploads\/2026\/04\/Buget-2026-29.04.26-2_removed-1_pages-to-jpg-0012-2-1100x619.jpg 1100w, https:\/\/buletin.de\/bucuresti\/wp-content\/uploads\/2026\/04\/Buget-2026-29.04.26-2_removed-1_pages-to-jpg-0012-2-600x338.jpg 600w, https:\/\/buletin.de\/bucuresti\/wp-content\/uploads\/2026\/04\/Buget-2026-29.04.26-2_removed-1_pages-to-jpg-0012-2-20x11.jpg 20w\" sizes=\"(max-width: 2560px) 100vw, 2560px\" \/><\/a><\/figure>\n<\/figure>\n\n\n\n<p>Pe l\u00e2ng\u0103 proiectele mari, bugetul include \u0219i sume pentru studii \u0219i planificare urban\u0103: 23,4 milioane de lei pentru revizuirea Planului Urbanistic General, 10,5 milioane de lei pentru Registrul Verde \u0219i fonduri pentru studii privind calitatea aerului \u0219i monitorizarea zgomotului.<\/p>\n\n\n\n<p>De asemenea, sunt aloca\u021bi bani pentru concursuri de solu\u021bii \u00een zone centrale importante ale ora\u0219ului.<\/p>\n\n\n\n<figure class=\"wp-block-gallery has-nested-images columns-2 is-cropped wp-block-gallery-2 is-layout-flex wp-block-gallery-is-layout-flex\">\n<figure class=\"wp-block-image size-full\"><a href=\"https:\/\/buletin.de\/bucuresti\/wp-content\/uploads\/2026\/04\/Buget-2026-29.04.26-2_removed-1_pages-to-jpg-0022-scaled.jpg\"><img loading=\"lazy\" decoding=\"async\" width=\"2560\" height=\"1440\" data-id=\"190307\" src=\"data:image\/gif;base64,R0lGODlhAQABAAAAACH5BAEKAAEALAAAAAABAAEAAAICTAEAOw==\" data-src=\"https:\/\/buletin.de\/bucuresti\/wp-content\/uploads\/2026\/04\/Buget-2026-29.04.26-2_removed-1_pages-to-jpg-0022-scaled.jpg\" alt=\"\" class=\"wp-image-190307 lazyload\" data-sizes=\"auto\" data-srcset=\"https:\/\/buletin.de\/bucuresti\/wp-content\/uploads\/2026\/04\/Buget-2026-29.04.26-2_removed-1_pages-to-jpg-0022-scaled.jpg 2560w, https:\/\/buletin.de\/bucuresti\/wp-content\/uploads\/2026\/04\/Buget-2026-29.04.26-2_removed-1_pages-to-jpg-0022-300x169.jpg 300w, https:\/\/buletin.de\/bucuresti\/wp-content\/uploads\/2026\/04\/Buget-2026-29.04.26-2_removed-1_pages-to-jpg-0022-1000x563.jpg 1000w, https:\/\/buletin.de\/bucuresti\/wp-content\/uploads\/2026\/04\/Buget-2026-29.04.26-2_removed-1_pages-to-jpg-0022-768x432.jpg 768w, https:\/\/buletin.de\/bucuresti\/wp-content\/uploads\/2026\/04\/Buget-2026-29.04.26-2_removed-1_pages-to-jpg-0022-1536x864.jpg 1536w, https:\/\/buletin.de\/bucuresti\/wp-content\/uploads\/2026\/04\/Buget-2026-29.04.26-2_removed-1_pages-to-jpg-0022-2048x1152.jpg 2048w, https:\/\/buletin.de\/bucuresti\/wp-content\/uploads\/2026\/04\/Buget-2026-29.04.26-2_removed-1_pages-to-jpg-0022-1600x900.jpg 1600w, https:\/\/buletin.de\/bucuresti\/wp-content\/uploads\/2026\/04\/Buget-2026-29.04.26-2_removed-1_pages-to-jpg-0022-1100x619.jpg 1100w, https:\/\/buletin.de\/bucuresti\/wp-content\/uploads\/2026\/04\/Buget-2026-29.04.26-2_removed-1_pages-to-jpg-0022-600x338.jpg 600w, https:\/\/buletin.de\/bucuresti\/wp-content\/uploads\/2026\/04\/Buget-2026-29.04.26-2_removed-1_pages-to-jpg-0022-20x11.jpg 20w\" sizes=\"(max-width: 2560px) 100vw, 2560px\" \/><\/a><\/figure>\n\n\n\n<figure class=\"wp-block-image size-full\"><a href=\"https:\/\/buletin.de\/bucuresti\/wp-content\/uploads\/2026\/04\/Buget-2026-29.04.26-2_removed-1_pages-to-jpg-0021-scaled.jpg\"><img loading=\"lazy\" decoding=\"async\" width=\"2560\" height=\"1440\" data-id=\"190306\" src=\"data:image\/gif;base64,R0lGODlhAQABAAAAACH5BAEKAAEALAAAAAABAAEAAAICTAEAOw==\" data-src=\"https:\/\/buletin.de\/bucuresti\/wp-content\/uploads\/2026\/04\/Buget-2026-29.04.26-2_removed-1_pages-to-jpg-0021-scaled.jpg\" alt=\"\" class=\"wp-image-190306 lazyload\" data-sizes=\"auto\" data-srcset=\"https:\/\/buletin.de\/bucuresti\/wp-content\/uploads\/2026\/04\/Buget-2026-29.04.26-2_removed-1_pages-to-jpg-0021-scaled.jpg 2560w, https:\/\/buletin.de\/bucuresti\/wp-content\/uploads\/2026\/04\/Buget-2026-29.04.26-2_removed-1_pages-to-jpg-0021-300x169.jpg 300w, https:\/\/buletin.de\/bucuresti\/wp-content\/uploads\/2026\/04\/Buget-2026-29.04.26-2_removed-1_pages-to-jpg-0021-1000x563.jpg 1000w, https:\/\/buletin.de\/bucuresti\/wp-content\/uploads\/2026\/04\/Buget-2026-29.04.26-2_removed-1_pages-to-jpg-0021-768x432.jpg 768w, https:\/\/buletin.de\/bucuresti\/wp-content\/uploads\/2026\/04\/Buget-2026-29.04.26-2_removed-1_pages-to-jpg-0021-1536x864.jpg 1536w, https:\/\/buletin.de\/bucuresti\/wp-content\/uploads\/2026\/04\/Buget-2026-29.04.26-2_removed-1_pages-to-jpg-0021-2048x1152.jpg 2048w, https:\/\/buletin.de\/bucuresti\/wp-content\/uploads\/2026\/04\/Buget-2026-29.04.26-2_removed-1_pages-to-jpg-0021-1600x900.jpg 1600w, https:\/\/buletin.de\/bucuresti\/wp-content\/uploads\/2026\/04\/Buget-2026-29.04.26-2_removed-1_pages-to-jpg-0021-1100x619.jpg 1100w, https:\/\/buletin.de\/bucuresti\/wp-content\/uploads\/2026\/04\/Buget-2026-29.04.26-2_removed-1_pages-to-jpg-0021-600x338.jpg 600w, https:\/\/buletin.de\/bucuresti\/wp-content\/uploads\/2026\/04\/Buget-2026-29.04.26-2_removed-1_pages-to-jpg-0021-20x11.jpg 20w\" sizes=\"(max-width: 2560px) 100vw, 2560px\" \/><\/a><\/figure>\n\n\n\n<figure class=\"wp-block-image size-full\"><a href=\"https:\/\/buletin.de\/bucuresti\/wp-content\/uploads\/2026\/04\/Buget-2026-29.04.26-2_removed-1_pages-to-jpg-0024-scaled.jpg\"><img loading=\"lazy\" decoding=\"async\" width=\"2560\" height=\"1440\" data-id=\"190308\" src=\"data:image\/gif;base64,R0lGODlhAQABAAAAACH5BAEKAAEALAAAAAABAAEAAAICTAEAOw==\" data-src=\"https:\/\/buletin.de\/bucuresti\/wp-content\/uploads\/2026\/04\/Buget-2026-29.04.26-2_removed-1_pages-to-jpg-0024-scaled.jpg\" alt=\"PMB, buget, banii\" class=\"wp-image-190308 lazyload\" data-sizes=\"auto\" data-srcset=\"https:\/\/buletin.de\/bucuresti\/wp-content\/uploads\/2026\/04\/Buget-2026-29.04.26-2_removed-1_pages-to-jpg-0024-scaled.jpg 2560w, https:\/\/buletin.de\/bucuresti\/wp-content\/uploads\/2026\/04\/Buget-2026-29.04.26-2_removed-1_pages-to-jpg-0024-300x169.jpg 300w, https:\/\/buletin.de\/bucuresti\/wp-content\/uploads\/2026\/04\/Buget-2026-29.04.26-2_removed-1_pages-to-jpg-0024-1000x563.jpg 1000w, https:\/\/buletin.de\/bucuresti\/wp-content\/uploads\/2026\/04\/Buget-2026-29.04.26-2_removed-1_pages-to-jpg-0024-768x432.jpg 768w, https:\/\/buletin.de\/bucuresti\/wp-content\/uploads\/2026\/04\/Buget-2026-29.04.26-2_removed-1_pages-to-jpg-0024-1536x864.jpg 1536w, https:\/\/buletin.de\/bucuresti\/wp-content\/uploads\/2026\/04\/Buget-2026-29.04.26-2_removed-1_pages-to-jpg-0024-2048x1152.jpg 2048w, https:\/\/buletin.de\/bucuresti\/wp-content\/uploads\/2026\/04\/Buget-2026-29.04.26-2_removed-1_pages-to-jpg-0024-1600x900.jpg 1600w, https:\/\/buletin.de\/bucuresti\/wp-content\/uploads\/2026\/04\/Buget-2026-29.04.26-2_removed-1_pages-to-jpg-0024-1100x619.jpg 1100w, https:\/\/buletin.de\/bucuresti\/wp-content\/uploads\/2026\/04\/Buget-2026-29.04.26-2_removed-1_pages-to-jpg-0024-600x338.jpg 600w, https:\/\/buletin.de\/bucuresti\/wp-content\/uploads\/2026\/04\/Buget-2026-29.04.26-2_removed-1_pages-to-jpg-0024-20x11.jpg 20w\" sizes=\"(max-width: 2560px) 100vw, 2560px\" \/><\/a><\/figure>\n\n\n\n<figure class=\"wp-block-image size-full\"><a href=\"https:\/\/buletin.de\/bucuresti\/wp-content\/uploads\/2026\/04\/Buget-2026-29.04.26-2_removed-1_pages-to-jpg-0017-scaled.jpg\"><img loading=\"lazy\" decoding=\"async\" width=\"2560\" height=\"1440\" data-id=\"190309\" src=\"data:image\/gif;base64,R0lGODlhAQABAAAAACH5BAEKAAEALAAAAAABAAEAAAICTAEAOw==\" data-src=\"https:\/\/buletin.de\/bucuresti\/wp-content\/uploads\/2026\/04\/Buget-2026-29.04.26-2_removed-1_pages-to-jpg-0017-scaled.jpg\" alt=\"\" class=\"wp-image-190309 lazyload\" data-sizes=\"auto\" data-srcset=\"https:\/\/buletin.de\/bucuresti\/wp-content\/uploads\/2026\/04\/Buget-2026-29.04.26-2_removed-1_pages-to-jpg-0017-scaled.jpg 2560w, https:\/\/buletin.de\/bucuresti\/wp-content\/uploads\/2026\/04\/Buget-2026-29.04.26-2_removed-1_pages-to-jpg-0017-300x169.jpg 300w, https:\/\/buletin.de\/bucuresti\/wp-content\/uploads\/2026\/04\/Buget-2026-29.04.26-2_removed-1_pages-to-jpg-0017-1000x563.jpg 1000w, https:\/\/buletin.de\/bucuresti\/wp-content\/uploads\/2026\/04\/Buget-2026-29.04.26-2_removed-1_pages-to-jpg-0017-768x432.jpg 768w, https:\/\/buletin.de\/bucuresti\/wp-content\/uploads\/2026\/04\/Buget-2026-29.04.26-2_removed-1_pages-to-jpg-0017-1536x864.jpg 1536w, https:\/\/buletin.de\/bucuresti\/wp-content\/uploads\/2026\/04\/Buget-2026-29.04.26-2_removed-1_pages-to-jpg-0017-2048x1152.jpg 2048w, https:\/\/buletin.de\/bucuresti\/wp-content\/uploads\/2026\/04\/Buget-2026-29.04.26-2_removed-1_pages-to-jpg-0017-1600x900.jpg 1600w, https:\/\/buletin.de\/bucuresti\/wp-content\/uploads\/2026\/04\/Buget-2026-29.04.26-2_removed-1_pages-to-jpg-0017-1100x619.jpg 1100w, https:\/\/buletin.de\/bucuresti\/wp-content\/uploads\/2026\/04\/Buget-2026-29.04.26-2_removed-1_pages-to-jpg-0017-600x338.jpg 600w, https:\/\/buletin.de\/bucuresti\/wp-content\/uploads\/2026\/04\/Buget-2026-29.04.26-2_removed-1_pages-to-jpg-0017-20x11.jpg 20w\" sizes=\"(max-width: 2560px) 100vw, 2560px\" \/><\/a><\/figure>\n<\/figure>\n\n\n\n<p>O component\u0103 important\u0103 a investi\u021biilor este finan\u021bat\u0103 din fonduri nerambursabile. Sunt prev\u0103zute \u00een buget aproape 1,5 miliarde de lei din surse externe, inclusiv pentru termoficare, transport \u0219i iluminat public. De exemplu, modernizarea iluminatului public beneficiaz\u0103 de circa 120 de milioane de lei de la Administra\u021bia Fondului pentru Mediu.<\/p>\n\n\n\n<figure class=\"wp-block-image size-full\"><a href=\"https:\/\/buletin.de\/bucuresti\/wp-content\/uploads\/2026\/04\/Buget-2026-29.04.26-2_removed-1_pages-to-jpg-0009-1-scaled.jpg\"><img loading=\"lazy\" decoding=\"async\" width=\"2560\" height=\"1440\" src=\"data:image\/gif;base64,R0lGODlhAQABAAAAACH5BAEKAAEALAAAAAABAAEAAAICTAEAOw==\" data-src=\"https:\/\/buletin.de\/bucuresti\/wp-content\/uploads\/2026\/04\/Buget-2026-29.04.26-2_removed-1_pages-to-jpg-0009-1-scaled.jpg\" alt=\"PMB, buget, banii\" class=\"wp-image-190311 lazyload\" data-sizes=\"auto\" data-srcset=\"https:\/\/buletin.de\/bucuresti\/wp-content\/uploads\/2026\/04\/Buget-2026-29.04.26-2_removed-1_pages-to-jpg-0009-1-scaled.jpg 2560w, https:\/\/buletin.de\/bucuresti\/wp-content\/uploads\/2026\/04\/Buget-2026-29.04.26-2_removed-1_pages-to-jpg-0009-1-300x169.jpg 300w, https:\/\/buletin.de\/bucuresti\/wp-content\/uploads\/2026\/04\/Buget-2026-29.04.26-2_removed-1_pages-to-jpg-0009-1-1000x563.jpg 1000w, https:\/\/buletin.de\/bucuresti\/wp-content\/uploads\/2026\/04\/Buget-2026-29.04.26-2_removed-1_pages-to-jpg-0009-1-768x432.jpg 768w, https:\/\/buletin.de\/bucuresti\/wp-content\/uploads\/2026\/04\/Buget-2026-29.04.26-2_removed-1_pages-to-jpg-0009-1-1536x864.jpg 1536w, https:\/\/buletin.de\/bucuresti\/wp-content\/uploads\/2026\/04\/Buget-2026-29.04.26-2_removed-1_pages-to-jpg-0009-1-2048x1152.jpg 2048w, https:\/\/buletin.de\/bucuresti\/wp-content\/uploads\/2026\/04\/Buget-2026-29.04.26-2_removed-1_pages-to-jpg-0009-1-1600x900.jpg 1600w, https:\/\/buletin.de\/bucuresti\/wp-content\/uploads\/2026\/04\/Buget-2026-29.04.26-2_removed-1_pages-to-jpg-0009-1-1100x619.jpg 1100w, https:\/\/buletin.de\/bucuresti\/wp-content\/uploads\/2026\/04\/Buget-2026-29.04.26-2_removed-1_pages-to-jpg-0009-1-600x338.jpg 600w, https:\/\/buletin.de\/bucuresti\/wp-content\/uploads\/2026\/04\/Buget-2026-29.04.26-2_removed-1_pages-to-jpg-0009-1-20x11.jpg 20w\" sizes=\"(max-width: 2560px) 100vw, 2560px\" \/><\/a><\/figure>\n\n\n\n<div class=\"wp-block-file\"><a id=\"wp-block-file--media-9c5eb75b-7069-4639-8396-162ad8f3e368\" href=\"https:\/\/buletin.de\/bucuresti\/wp-content\/uploads\/2026\/04\/Buget-2026-29.04.26-2-compressed-2.pdf\"><strong>Prezentarea proiectului de buget al PMB poate fi desc\u0103rcat de aici.<\/strong><\/a><\/div>\n\n\n\n<p><em>Grafice: PMB<\/em><\/p>\n\n\n\n<p><strong>CITE\u0218TE \u0218I:<\/strong> <strong><a href=\"https:\/\/buletin.de\/bucuresti\/usr-reintra-in-alianta-cu-pnl-la-sectorul-6-dupa-doi-ani-in-care-liberalii-au-colaborat-cu-psd-mihaiela-stefan-propusa-viceprimar\/\">USR reintr\u0103 \u00een alian\u021b\u0103 cu PNL la Sectorul 6, dup\u0103 doi ani \u00een care liberalii au colaborat cu PSD. Mihaela \u0218tefan, propus\u0103 viceprimar<\/a><\/strong><\/p>\n\n\n\n<h2 class=\"wp-block-heading\" id=\"h-funky-citizens-pmb-propune-cel-mai-mare-buget-din-istoria-capitalei\">Funky Citizens: PMB propune cel mai mare buget din istoria Capitalei<\/h2>\n\n\n\n<p>O analiz\u0103 Funky Citizens arat\u0103 c\u0103 PMB propune cel mai mare buget din istoria Capitalei: 12,88 miliarde lei, cu 26% mai mult dec\u00e2t s-a cheltuit efectiv \u00een 2025.<\/p>\n\n\n\n<p><em>\u201eDar \u0219i \u00een 2025 a promis mai mult dec\u00e2t a livrat. \u00centrebarea nu este bugetul, c\u00e2t este bugetul?! \u2014 ci c\u00e2t din el se va realiza\u201d<\/em>, au scris speciali\u0219tii.<\/p>\n\n\n\n<div class=\"infogram-embed\" data-id=\"b5f0e6ad-f219-4bc1-b98f-390b5e23975f\" data-type=\"interactive\" data-title=\"Buget PMB 2026\"><\/div><script>!function(e,n,i,s){var d=\"InfogramEmbeds\";var o=e.getElementsByTagName(n)[0];if(window[d]&&window[d].initialized)window[d].process&&window[d].process();else if(!e.getElementById(i)){var r=e.createElement(n);r.async=1,r.id=i,r.src=s,o.parentNode.insertBefore(r,o)}}(document,\"script\",\"infogram-async\",\"https:\/\/e.infogram.com\/js\/dist\/embed-loader-min.js\");<\/script>\n\n\n\n<p>Analiza extins\u0103 a bugetului PMB, realizat\u0103 de Funky Citizens, poate fi accesat\u0103 <strong><a href=\"https:\/\/funky.ong\/analiza-buget-local-primaria-municipiului-bucuresti-2026\/\">AICI<\/a>.<\/strong><\/p>\n\n\n\n<p><strong>CITE\u0218TE \u0218I: <a href=\"https:\/\/buletin.de\/bucuresti\/analiza-funky-citizens-bugetul-capitalei-secatuit-de-termoenergetica-si-stb-bucurestiul-tinut-in-viata-de-referendumul-fiscal\/\">ANALIZ\u0102 FUNKY CITIZENS | Bugetul Capitalei, \u201esec\u0103tuit\u201d de Termoenergetica \u0219i STB. Bucure\u0219tiul, \u201e\u021binut \u00een via\u021b\u0103\u201d de referendumul fiscal<\/a><\/strong><\/p>\n","protected":false},"excerpt":{"rendered":"<p>Prim\u0103ria Municipiului Bucure\u0219ti (PMB) dezbate joi proiectul de buget pentru anul 2026, care beneficiaz\u0103 de o infuzie masiv\u0103 de capital, fa\u021b\u0103 de anul trecut. PMB propune pentru 2026 un buget de 12,9 miliarde de lei, \u00eemp\u0103r\u021bit \u00eentre func\u021bionarea curent\u0103 a ora\u0219ului \u0219i investi\u021bii. De\u0219i \u00een cadrul dezbaterii s-a discutat mult despre modernizare \u0219i proiecte mari, [&hellip;]<\/p>\n","protected":false},"author":59,"featured_media":190300,"comment_status":"closed","ping_status":"open","sticky":false,"template":"","format":"standard","meta":{"_acf_changed":false,"inline_featured_image":false,"ngg_post_thumbnail":0,"footnotes":""},"categories":[24496,3419,24],"tags":[9,292,2054,2089,104],"ppma_author":[22572],"class_list":["post-190270","post","type-post","status-publish","format-standard","has-post-thumbnail","hentry","category-economic","category-featured","category-primarie","tag-bucuresti","tag-buget","tag-capitala","tag-ciprian-ciucu","tag-pmb"],"acf":[],"yoast_head":"<!-- This site is optimized with the Yoast SEO Premium plugin v25.3 (Yoast SEO v27.4) - https:\/\/yoast.com\/product\/yoast-seo-premium-wordpress\/ -->\n<title>GRAFIC | Bugetul ilustrat al Prim\u0103riei Capitalei: 3 din 10 lei merg pe investi\u021bii. Jum\u0103tate din banii de la bugetul local se duc pe subven\u021bii la transport \u0219i termoficare - Buletin de Bucure\u0219ti<\/title>\n<meta name=\"description\" content=\"GRAFIC | Bugetul ilustrat al Prim\u0103riei Capitalei: 3 din 10 lei merg pe investi\u021bii. Jum\u0103tate din banii de la bugetul local se duc pe subven\u021bii\" \/>\n<meta name=\"robots\" content=\"index, follow, max-snippet:-1, max-image-preview:large, max-video-preview:-1\" \/>\n<link rel=\"canonical\" href=\"https:\/\/buletin.de\/bucuresti\/grafic-bugetul-ilustrat-al-primariei-capitalei-3-din-10-lei-merg-pe-investitii-jumatate-din-banii-de-la-bugetul-local-se-duc-pe-subventii-la-transport-si-termoficare\/\" \/>\n<meta property=\"og:locale\" content=\"en_GB\" \/>\n<meta property=\"og:type\" content=\"article\" \/>\n<meta property=\"og:title\" content=\"GRAFIC | Bugetul ilustrat al Prim\u0103riei Capitalei: 3 din 10 lei merg pe investi\u021bii. Jum\u0103tate din banii de la bugetul local se duc pe subven\u021bii la transport \u0219i termoficare\" \/>\n<meta property=\"og:description\" content=\"GRAFIC | Bugetul ilustrat al Prim\u0103riei Capitalei: 3 din 10 lei merg pe investi\u021bii. Jum\u0103tate din banii de la bugetul local se duc pe subven\u021bii\" \/>\n<meta property=\"og:url\" content=\"https:\/\/buletin.de\/bucuresti\/grafic-bugetul-ilustrat-al-primariei-capitalei-3-din-10-lei-merg-pe-investitii-jumatate-din-banii-de-la-bugetul-local-se-duc-pe-subventii-la-transport-si-termoficare\/\" \/>\n<meta property=\"og:site_name\" content=\"Buletin de Bucure\u0219ti\" \/>\n<meta property=\"article:publisher\" content=\"https:\/\/www.facebook.com\/buletin.de.buc\" \/>\n<meta property=\"article:published_time\" content=\"2026-04-30T12:24:33+00:00\" \/>\n<meta property=\"article:modified_time\" content=\"2026-04-30T13:35:06+00:00\" \/>\n<meta property=\"og:image\" content=\"https:\/\/buletin.de\/bucuresti\/wp-content\/uploads\/2026\/04\/WhatsApp-Image-2026-04-30-at-12.33.49.jpeg\" \/>\n\t<meta property=\"og:image:width\" content=\"1600\" \/>\n\t<meta property=\"og:image:height\" content=\"1066\" \/>\n\t<meta property=\"og:image:type\" content=\"image\/jpeg\" \/>\n<meta name=\"author\" content=\"C\u0103t\u0103lin Anghel-Dimache\" \/>\n<meta name=\"twitter:card\" content=\"summary_large_image\" \/>\n<meta name=\"twitter:label1\" content=\"Written by\" \/>\n\t<meta name=\"twitter:data1\" content=\"C\u0103t\u0103lin Anghel-Dimache\" \/>\n\t<meta name=\"twitter:label2\" content=\"Estimated reading time\" \/>\n\t<meta name=\"twitter:data2\" content=\"6 minutes\" \/>\n<script type=\"application\/ld+json\" class=\"yoast-schema-graph\">{\"@context\":\"https:\\\/\\\/schema.org\",\"@graph\":[{\"@type\":\"Article\",\"@id\":\"https:\\\/\\\/buletin.de\\\/bucuresti\\\/grafic-bugetul-ilustrat-al-primariei-capitalei-3-din-10-lei-merg-pe-investitii-jumatate-din-banii-de-la-bugetul-local-se-duc-pe-subventii-la-transport-si-termoficare\\\/#article\",\"isPartOf\":{\"@id\":\"https:\\\/\\\/buletin.de\\\/bucuresti\\\/grafic-bugetul-ilustrat-al-primariei-capitalei-3-din-10-lei-merg-pe-investitii-jumatate-din-banii-de-la-bugetul-local-se-duc-pe-subventii-la-transport-si-termoficare\\\/\"},\"author\":{\"name\":\"C\u0103t\u0103lin Anghel-Dimache\",\"@id\":\"https:\\\/\\\/buletin.de\\\/bucuresti\\\/#\\\/schema\\\/person\\\/0ac9db30080482be87c7386a30f98796\"},\"headline\":\"GRAFIC | Bugetul ilustrat al Prim\u0103riei Capitalei: 3 din 10 lei merg pe investi\u021bii. Jum\u0103tate din banii de la bugetul local se duc pe subven\u021bii la transport \u0219i termoficare\",\"datePublished\":\"2026-04-30T12:24:33+00:00\",\"dateModified\":\"2026-04-30T13:35:06+00:00\",\"mainEntityOfPage\":{\"@id\":\"https:\\\/\\\/buletin.de\\\/bucuresti\\\/grafic-bugetul-ilustrat-al-primariei-capitalei-3-din-10-lei-merg-pe-investitii-jumatate-din-banii-de-la-bugetul-local-se-duc-pe-subventii-la-transport-si-termoficare\\\/\"},\"wordCount\":765,\"publisher\":{\"@id\":\"https:\\\/\\\/buletin.de\\\/bucuresti\\\/#organization\"},\"image\":{\"@id\":\"https:\\\/\\\/buletin.de\\\/bucuresti\\\/grafic-bugetul-ilustrat-al-primariei-capitalei-3-din-10-lei-merg-pe-investitii-jumatate-din-banii-de-la-bugetul-local-se-duc-pe-subventii-la-transport-si-termoficare\\\/#primaryimage\"},\"thumbnailUrl\":\"https:\\\/\\\/buletin.de\\\/bucuresti\\\/wp-content\\\/uploads\\\/2026\\\/04\\\/WhatsApp-Image-2026-04-30-at-12.33.49.jpeg\",\"keywords\":[\"bucuresti\",\"buget\",\"Capitala\",\"ciprian ciucu\",\"pmb\"],\"articleSection\":[\"Economic\",\"Featured\",\"Prim\u0103rie\"],\"inLanguage\":\"en-GB\",\"copyrightYear\":\"2026\",\"copyrightHolder\":{\"@id\":\"https:\\\/\\\/buletin.de\\\/bucuresti\\\/#organization\"}},{\"@type\":\"WebPage\",\"@id\":\"https:\\\/\\\/buletin.de\\\/bucuresti\\\/grafic-bugetul-ilustrat-al-primariei-capitalei-3-din-10-lei-merg-pe-investitii-jumatate-din-banii-de-la-bugetul-local-se-duc-pe-subventii-la-transport-si-termoficare\\\/\",\"url\":\"https:\\\/\\\/buletin.de\\\/bucuresti\\\/grafic-bugetul-ilustrat-al-primariei-capitalei-3-din-10-lei-merg-pe-investitii-jumatate-din-banii-de-la-bugetul-local-se-duc-pe-subventii-la-transport-si-termoficare\\\/\",\"name\":\"GRAFIC | Bugetul ilustrat al Prim\u0103riei Capitalei: 3 din 10 lei merg pe investi\u021bii. Jum\u0103tate din banii de la bugetul local se duc pe subven\u021bii la transport \u0219i termoficare - Buletin de Bucure\u0219ti\",\"isPartOf\":{\"@id\":\"https:\\\/\\\/buletin.de\\\/bucuresti\\\/#website\"},\"primaryImageOfPage\":{\"@id\":\"https:\\\/\\\/buletin.de\\\/bucuresti\\\/grafic-bugetul-ilustrat-al-primariei-capitalei-3-din-10-lei-merg-pe-investitii-jumatate-din-banii-de-la-bugetul-local-se-duc-pe-subventii-la-transport-si-termoficare\\\/#primaryimage\"},\"image\":{\"@id\":\"https:\\\/\\\/buletin.de\\\/bucuresti\\\/grafic-bugetul-ilustrat-al-primariei-capitalei-3-din-10-lei-merg-pe-investitii-jumatate-din-banii-de-la-bugetul-local-se-duc-pe-subventii-la-transport-si-termoficare\\\/#primaryimage\"},\"thumbnailUrl\":\"https:\\\/\\\/buletin.de\\\/bucuresti\\\/wp-content\\\/uploads\\\/2026\\\/04\\\/WhatsApp-Image-2026-04-30-at-12.33.49.jpeg\",\"datePublished\":\"2026-04-30T12:24:33+00:00\",\"dateModified\":\"2026-04-30T13:35:06+00:00\",\"description\":\"GRAFIC | Bugetul ilustrat al Prim\u0103riei Capitalei: 3 din 10 lei merg pe investi\u021bii. Jum\u0103tate din banii de la bugetul local se duc pe subven\u021bii\",\"breadcrumb\":{\"@id\":\"https:\\\/\\\/buletin.de\\\/bucuresti\\\/grafic-bugetul-ilustrat-al-primariei-capitalei-3-din-10-lei-merg-pe-investitii-jumatate-din-banii-de-la-bugetul-local-se-duc-pe-subventii-la-transport-si-termoficare\\\/#breadcrumb\"},\"inLanguage\":\"en-GB\",\"potentialAction\":[{\"@type\":\"ReadAction\",\"target\":[\"https:\\\/\\\/buletin.de\\\/bucuresti\\\/grafic-bugetul-ilustrat-al-primariei-capitalei-3-din-10-lei-merg-pe-investitii-jumatate-din-banii-de-la-bugetul-local-se-duc-pe-subventii-la-transport-si-termoficare\\\/\"]}]},{\"@type\":\"ImageObject\",\"inLanguage\":\"en-GB\",\"@id\":\"https:\\\/\\\/buletin.de\\\/bucuresti\\\/grafic-bugetul-ilustrat-al-primariei-capitalei-3-din-10-lei-merg-pe-investitii-jumatate-din-banii-de-la-bugetul-local-se-duc-pe-subventii-la-transport-si-termoficare\\\/#primaryimage\",\"url\":\"https:\\\/\\\/buletin.de\\\/bucuresti\\\/wp-content\\\/uploads\\\/2026\\\/04\\\/WhatsApp-Image-2026-04-30-at-12.33.49.jpeg\",\"contentUrl\":\"https:\\\/\\\/buletin.de\\\/bucuresti\\\/wp-content\\\/uploads\\\/2026\\\/04\\\/WhatsApp-Image-2026-04-30-at-12.33.49.jpeg\",\"width\":1600,\"height\":1066,\"caption\":\"Bugetul ilustrat al Prim\u0103riei Capitalei. Foto: PMB\"},{\"@type\":\"BreadcrumbList\",\"@id\":\"https:\\\/\\\/buletin.de\\\/bucuresti\\\/grafic-bugetul-ilustrat-al-primariei-capitalei-3-din-10-lei-merg-pe-investitii-jumatate-din-banii-de-la-bugetul-local-se-duc-pe-subventii-la-transport-si-termoficare\\\/#breadcrumb\",\"itemListElement\":[{\"@type\":\"ListItem\",\"position\":1,\"name\":\"Acas\u0103\",\"item\":\"https:\\\/\\\/buletin.de\\\/bucuresti\\\/\"},{\"@type\":\"ListItem\",\"position\":2,\"name\":\"GRAFIC | Bugetul ilustrat al Prim\u0103riei Capitalei: 3 din 10 lei merg pe investi\u021bii. Jum\u0103tate din banii de la bugetul local se duc pe subven\u021bii la transport \u0219i termoficare\"}]},{\"@type\":\"WebSite\",\"@id\":\"https:\\\/\\\/buletin.de\\\/bucuresti\\\/#website\",\"url\":\"https:\\\/\\\/buletin.de\\\/bucuresti\\\/\",\"name\":\"Buletin de Bucure\u0219ti\",\"description\":\"\u0218tiri \u0219i investiga\u021bii esen\u021biale din capital\u0103\",\"publisher\":{\"@id\":\"https:\\\/\\\/buletin.de\\\/bucuresti\\\/#organization\"},\"potentialAction\":[{\"@type\":\"SearchAction\",\"target\":{\"@type\":\"EntryPoint\",\"urlTemplate\":\"https:\\\/\\\/buletin.de\\\/bucuresti\\\/?s={search_term_string}\"},\"query-input\":{\"@type\":\"PropertyValueSpecification\",\"valueRequired\":true,\"valueName\":\"search_term_string\"}}],\"inLanguage\":\"en-GB\"},{\"@type\":\"Organization\",\"@id\":\"https:\\\/\\\/buletin.de\\\/bucuresti\\\/#organization\",\"name\":\"Buletin de Bucure\u0219ti\",\"url\":\"https:\\\/\\\/buletin.de\\\/bucuresti\\\/\",\"logo\":{\"@type\":\"ImageObject\",\"inLanguage\":\"en-GB\",\"@id\":\"https:\\\/\\\/buletin.de\\\/bucuresti\\\/#\\\/schema\\\/logo\\\/image\\\/\",\"url\":\"https:\\\/\\\/buletin.de\\\/bucuresti\\\/wp-content\\\/uploads\\\/logo-bdb-full-wide-vernil-transparent.png\",\"contentUrl\":\"https:\\\/\\\/buletin.de\\\/bucuresti\\\/wp-content\\\/uploads\\\/logo-bdb-full-wide-vernil-transparent.png\",\"width\":1782,\"height\":626,\"caption\":\"Buletin de Bucure\u0219ti\"},\"image\":{\"@id\":\"https:\\\/\\\/buletin.de\\\/bucuresti\\\/#\\\/schema\\\/logo\\\/image\\\/\"},\"sameAs\":[\"https:\\\/\\\/www.facebook.com\\\/buletin.de.buc\",\"https:\\\/\\\/www.instagram.com\\\/buletinde.bucuresti\\\/\"]},{\"@type\":\"Person\",\"@id\":\"https:\\\/\\\/buletin.de\\\/bucuresti\\\/#\\\/schema\\\/person\\\/0ac9db30080482be87c7386a30f98796\",\"name\":\"C\u0103t\u0103lin Anghel-Dimache\",\"image\":{\"@type\":\"ImageObject\",\"inLanguage\":\"en-GB\",\"@id\":\"https:\\\/\\\/buletin.de\\\/bucuresti\\\/wp-content\\\/uploads\\\/Catalin-Anghel-Dimache-96x96.jpgbd9e43c5b25186d5b8e917ac61ad86c4\",\"url\":\"https:\\\/\\\/buletin.de\\\/bucuresti\\\/wp-content\\\/uploads\\\/Catalin-Anghel-Dimache-96x96.jpg\",\"contentUrl\":\"https:\\\/\\\/buletin.de\\\/bucuresti\\\/wp-content\\\/uploads\\\/Catalin-Anghel-Dimache-96x96.jpg\",\"caption\":\"C\u0103t\u0103lin Anghel-Dimache\"},\"description\":\"A absolvit Facultatea de Jurnalism \u0219i \u0218tiin\u021bele Comunic\u0103rii a Universit\u0103\u021bii din Bucure\u0219ti \u00een 2024. Scrie despre mediu \u0219i teme sociale, dar \u0219i despre cum se reflect\u0103 ele \u00een via\u021ba cotidian\u0103 a bucure\u0219tenilor, cu un ochi atent la pove\u0219tile personale din spatele titlurilor. N\u0103scut \u0219i crescut \u00een Bucure\u0219ti, a f\u0103cut un pas c\u0103tre presa local\u0103, din pasiune pentru ora\u0219ul s\u0103u \u0219i oamenii din el.\",\"url\":\"https:\\\/\\\/buletin.de\\\/bucuresti\\\/author\\\/catalin-anghel-dimache\\\/\"}]}<\/script>\n<!-- \/ Yoast SEO Premium plugin. -->","yoast_head_json":{"title":"GRAFIC | Bugetul ilustrat al Prim\u0103riei Capitalei: 3 din 10 lei merg pe investi\u021bii. Jum\u0103tate din banii de la bugetul local se duc pe subven\u021bii la transport \u0219i termoficare - Buletin de Bucure\u0219ti","description":"GRAFIC | Bugetul ilustrat al Prim\u0103riei Capitalei: 3 din 10 lei merg pe investi\u021bii. Jum\u0103tate din banii de la bugetul local se duc pe subven\u021bii","robots":{"index":"index","follow":"follow","max-snippet":"max-snippet:-1","max-image-preview":"max-image-preview:large","max-video-preview":"max-video-preview:-1"},"canonical":"https:\/\/buletin.de\/bucuresti\/grafic-bugetul-ilustrat-al-primariei-capitalei-3-din-10-lei-merg-pe-investitii-jumatate-din-banii-de-la-bugetul-local-se-duc-pe-subventii-la-transport-si-termoficare\/","og_locale":"en_GB","og_type":"article","og_title":"GRAFIC | Bugetul ilustrat al Prim\u0103riei Capitalei: 3 din 10 lei merg pe investi\u021bii. Jum\u0103tate din banii de la bugetul local se duc pe subven\u021bii la transport \u0219i termoficare","og_description":"GRAFIC | Bugetul ilustrat al Prim\u0103riei Capitalei: 3 din 10 lei merg pe investi\u021bii. Jum\u0103tate din banii de la bugetul local se duc pe subven\u021bii","og_url":"https:\/\/buletin.de\/bucuresti\/grafic-bugetul-ilustrat-al-primariei-capitalei-3-din-10-lei-merg-pe-investitii-jumatate-din-banii-de-la-bugetul-local-se-duc-pe-subventii-la-transport-si-termoficare\/","og_site_name":"Buletin de Bucure\u0219ti","article_publisher":"https:\/\/www.facebook.com\/buletin.de.buc","article_published_time":"2026-04-30T12:24:33+00:00","article_modified_time":"2026-04-30T13:35:06+00:00","og_image":[{"width":1600,"height":1066,"url":"https:\/\/buletin.de\/bucuresti\/wp-content\/uploads\/2026\/04\/WhatsApp-Image-2026-04-30-at-12.33.49.jpeg","type":"image\/jpeg"}],"author":"C\u0103t\u0103lin Anghel-Dimache","twitter_card":"summary_large_image","twitter_misc":{"Written by":"C\u0103t\u0103lin Anghel-Dimache","Estimated reading time":"6 minutes"},"schema":{"@context":"https:\/\/schema.org","@graph":[{"@type":"Article","@id":"https:\/\/buletin.de\/bucuresti\/grafic-bugetul-ilustrat-al-primariei-capitalei-3-din-10-lei-merg-pe-investitii-jumatate-din-banii-de-la-bugetul-local-se-duc-pe-subventii-la-transport-si-termoficare\/#article","isPartOf":{"@id":"https:\/\/buletin.de\/bucuresti\/grafic-bugetul-ilustrat-al-primariei-capitalei-3-din-10-lei-merg-pe-investitii-jumatate-din-banii-de-la-bugetul-local-se-duc-pe-subventii-la-transport-si-termoficare\/"},"author":{"name":"C\u0103t\u0103lin Anghel-Dimache","@id":"https:\/\/buletin.de\/bucuresti\/#\/schema\/person\/0ac9db30080482be87c7386a30f98796"},"headline":"GRAFIC | Bugetul ilustrat al Prim\u0103riei Capitalei: 3 din 10 lei merg pe investi\u021bii. Jum\u0103tate din banii de la bugetul local se duc pe subven\u021bii la transport \u0219i termoficare","datePublished":"2026-04-30T12:24:33+00:00","dateModified":"2026-04-30T13:35:06+00:00","mainEntityOfPage":{"@id":"https:\/\/buletin.de\/bucuresti\/grafic-bugetul-ilustrat-al-primariei-capitalei-3-din-10-lei-merg-pe-investitii-jumatate-din-banii-de-la-bugetul-local-se-duc-pe-subventii-la-transport-si-termoficare\/"},"wordCount":765,"publisher":{"@id":"https:\/\/buletin.de\/bucuresti\/#organization"},"image":{"@id":"https:\/\/buletin.de\/bucuresti\/grafic-bugetul-ilustrat-al-primariei-capitalei-3-din-10-lei-merg-pe-investitii-jumatate-din-banii-de-la-bugetul-local-se-duc-pe-subventii-la-transport-si-termoficare\/#primaryimage"},"thumbnailUrl":"https:\/\/buletin.de\/bucuresti\/wp-content\/uploads\/2026\/04\/WhatsApp-Image-2026-04-30-at-12.33.49.jpeg","keywords":["bucuresti","buget","Capitala","ciprian ciucu","pmb"],"articleSection":["Economic","Featured","Prim\u0103rie"],"inLanguage":"en-GB","copyrightYear":"2026","copyrightHolder":{"@id":"https:\/\/buletin.de\/bucuresti\/#organization"}},{"@type":"WebPage","@id":"https:\/\/buletin.de\/bucuresti\/grafic-bugetul-ilustrat-al-primariei-capitalei-3-din-10-lei-merg-pe-investitii-jumatate-din-banii-de-la-bugetul-local-se-duc-pe-subventii-la-transport-si-termoficare\/","url":"https:\/\/buletin.de\/bucuresti\/grafic-bugetul-ilustrat-al-primariei-capitalei-3-din-10-lei-merg-pe-investitii-jumatate-din-banii-de-la-bugetul-local-se-duc-pe-subventii-la-transport-si-termoficare\/","name":"GRAFIC | Bugetul ilustrat al Prim\u0103riei Capitalei: 3 din 10 lei merg pe investi\u021bii. Jum\u0103tate din banii de la bugetul local se duc pe subven\u021bii la transport \u0219i termoficare - Buletin de Bucure\u0219ti","isPartOf":{"@id":"https:\/\/buletin.de\/bucuresti\/#website"},"primaryImageOfPage":{"@id":"https:\/\/buletin.de\/bucuresti\/grafic-bugetul-ilustrat-al-primariei-capitalei-3-din-10-lei-merg-pe-investitii-jumatate-din-banii-de-la-bugetul-local-se-duc-pe-subventii-la-transport-si-termoficare\/#primaryimage"},"image":{"@id":"https:\/\/buletin.de\/bucuresti\/grafic-bugetul-ilustrat-al-primariei-capitalei-3-din-10-lei-merg-pe-investitii-jumatate-din-banii-de-la-bugetul-local-se-duc-pe-subventii-la-transport-si-termoficare\/#primaryimage"},"thumbnailUrl":"https:\/\/buletin.de\/bucuresti\/wp-content\/uploads\/2026\/04\/WhatsApp-Image-2026-04-30-at-12.33.49.jpeg","datePublished":"2026-04-30T12:24:33+00:00","dateModified":"2026-04-30T13:35:06+00:00","description":"GRAFIC | Bugetul ilustrat al Prim\u0103riei Capitalei: 3 din 10 lei merg pe investi\u021bii. Jum\u0103tate din banii de la bugetul local se duc pe subven\u021bii","breadcrumb":{"@id":"https:\/\/buletin.de\/bucuresti\/grafic-bugetul-ilustrat-al-primariei-capitalei-3-din-10-lei-merg-pe-investitii-jumatate-din-banii-de-la-bugetul-local-se-duc-pe-subventii-la-transport-si-termoficare\/#breadcrumb"},"inLanguage":"en-GB","potentialAction":[{"@type":"ReadAction","target":["https:\/\/buletin.de\/bucuresti\/grafic-bugetul-ilustrat-al-primariei-capitalei-3-din-10-lei-merg-pe-investitii-jumatate-din-banii-de-la-bugetul-local-se-duc-pe-subventii-la-transport-si-termoficare\/"]}]},{"@type":"ImageObject","inLanguage":"en-GB","@id":"https:\/\/buletin.de\/bucuresti\/grafic-bugetul-ilustrat-al-primariei-capitalei-3-din-10-lei-merg-pe-investitii-jumatate-din-banii-de-la-bugetul-local-se-duc-pe-subventii-la-transport-si-termoficare\/#primaryimage","url":"https:\/\/buletin.de\/bucuresti\/wp-content\/uploads\/2026\/04\/WhatsApp-Image-2026-04-30-at-12.33.49.jpeg","contentUrl":"https:\/\/buletin.de\/bucuresti\/wp-content\/uploads\/2026\/04\/WhatsApp-Image-2026-04-30-at-12.33.49.jpeg","width":1600,"height":1066,"caption":"Bugetul ilustrat al Prim\u0103riei Capitalei. Foto: PMB"},{"@type":"BreadcrumbList","@id":"https:\/\/buletin.de\/bucuresti\/grafic-bugetul-ilustrat-al-primariei-capitalei-3-din-10-lei-merg-pe-investitii-jumatate-din-banii-de-la-bugetul-local-se-duc-pe-subventii-la-transport-si-termoficare\/#breadcrumb","itemListElement":[{"@type":"ListItem","position":1,"name":"Acas\u0103","item":"https:\/\/buletin.de\/bucuresti\/"},{"@type":"ListItem","position":2,"name":"GRAFIC | Bugetul ilustrat al Prim\u0103riei Capitalei: 3 din 10 lei merg pe investi\u021bii. Jum\u0103tate din banii de la bugetul local se duc pe subven\u021bii la transport \u0219i termoficare"}]},{"@type":"WebSite","@id":"https:\/\/buletin.de\/bucuresti\/#website","url":"https:\/\/buletin.de\/bucuresti\/","name":"Buletin de Bucure\u0219ti","description":"\u0218tiri \u0219i investiga\u021bii esen\u021biale din capital\u0103","publisher":{"@id":"https:\/\/buletin.de\/bucuresti\/#organization"},"potentialAction":[{"@type":"SearchAction","target":{"@type":"EntryPoint","urlTemplate":"https:\/\/buletin.de\/bucuresti\/?s={search_term_string}"},"query-input":{"@type":"PropertyValueSpecification","valueRequired":true,"valueName":"search_term_string"}}],"inLanguage":"en-GB"},{"@type":"Organization","@id":"https:\/\/buletin.de\/bucuresti\/#organization","name":"Buletin de Bucure\u0219ti","url":"https:\/\/buletin.de\/bucuresti\/","logo":{"@type":"ImageObject","inLanguage":"en-GB","@id":"https:\/\/buletin.de\/bucuresti\/#\/schema\/logo\/image\/","url":"https:\/\/buletin.de\/bucuresti\/wp-content\/uploads\/logo-bdb-full-wide-vernil-transparent.png","contentUrl":"https:\/\/buletin.de\/bucuresti\/wp-content\/uploads\/logo-bdb-full-wide-vernil-transparent.png","width":1782,"height":626,"caption":"Buletin de Bucure\u0219ti"},"image":{"@id":"https:\/\/buletin.de\/bucuresti\/#\/schema\/logo\/image\/"},"sameAs":["https:\/\/www.facebook.com\/buletin.de.buc","https:\/\/www.instagram.com\/buletinde.bucuresti\/"]},{"@type":"Person","@id":"https:\/\/buletin.de\/bucuresti\/#\/schema\/person\/0ac9db30080482be87c7386a30f98796","name":"C\u0103t\u0103lin Anghel-Dimache","image":{"@type":"ImageObject","inLanguage":"en-GB","@id":"https:\/\/buletin.de\/bucuresti\/wp-content\/uploads\/Catalin-Anghel-Dimache-96x96.jpgbd9e43c5b25186d5b8e917ac61ad86c4","url":"https:\/\/buletin.de\/bucuresti\/wp-content\/uploads\/Catalin-Anghel-Dimache-96x96.jpg","contentUrl":"https:\/\/buletin.de\/bucuresti\/wp-content\/uploads\/Catalin-Anghel-Dimache-96x96.jpg","caption":"C\u0103t\u0103lin Anghel-Dimache"},"description":"A absolvit Facultatea de Jurnalism \u0219i \u0218tiin\u021bele Comunic\u0103rii a Universit\u0103\u021bii din Bucure\u0219ti \u00een 2024. Scrie despre mediu \u0219i teme sociale, dar \u0219i despre cum se reflect\u0103 ele \u00een via\u021ba cotidian\u0103 a bucure\u0219tenilor, cu un ochi atent la pove\u0219tile personale din spatele titlurilor. N\u0103scut \u0219i crescut \u00een Bucure\u0219ti, a f\u0103cut un pas c\u0103tre presa local\u0103, din pasiune pentru ora\u0219ul s\u0103u \u0219i oamenii din el.","url":"https:\/\/buletin.de\/bucuresti\/author\/catalin-anghel-dimache\/"}]}},"authors":[{"term_id":22572,"user_id":59,"is_guest":0,"slug":"catalin-anghel-dimache","display_name":"C\u0103t\u0103lin Anghel-Dimache","avatar_url":"https:\/\/buletin.de\/bucuresti\/wp-content\/uploads\/Catalin-Anghel-Dimache-96x96.jpg","0":null,"1":"","2":"","3":"","4":"","5":"","6":"","7":"","8":""}],"_links":{"self":[{"href":"https:\/\/buletin.de\/bucuresti\/wp-json\/wp\/v2\/posts\/190270","targetHints":{"allow":["GET"]}}],"collection":[{"href":"https:\/\/buletin.de\/bucuresti\/wp-json\/wp\/v2\/posts"}],"about":[{"href":"https:\/\/buletin.de\/bucuresti\/wp-json\/wp\/v2\/types\/post"}],"author":[{"embeddable":true,"href":"https:\/\/buletin.de\/bucuresti\/wp-json\/wp\/v2\/users\/59"}],"replies":[{"embeddable":true,"href":"https:\/\/buletin.de\/bucuresti\/wp-json\/wp\/v2\/comments?post=190270"}],"version-history":[{"count":2,"href":"https:\/\/buletin.de\/bucuresti\/wp-json\/wp\/v2\/posts\/190270\/revisions"}],"predecessor-version":[{"id":190340,"href":"https:\/\/buletin.de\/bucuresti\/wp-json\/wp\/v2\/posts\/190270\/revisions\/190340"}],"wp:featuredmedia":[{"embeddable":true,"href":"https:\/\/buletin.de\/bucuresti\/wp-json\/wp\/v2\/media\/190300"}],"wp:attachment":[{"href":"https:\/\/buletin.de\/bucuresti\/wp-json\/wp\/v2\/media?parent=190270"}],"wp:term":[{"taxonomy":"category","embeddable":true,"href":"https:\/\/buletin.de\/bucuresti\/wp-json\/wp\/v2\/categories?post=190270"},{"taxonomy":"post_tag","embeddable":true,"href":"https:\/\/buletin.de\/bucuresti\/wp-json\/wp\/v2\/tags?post=190270"},{"taxonomy":"author","embeddable":true,"href":"https:\/\/buletin.de\/bucuresti\/wp-json\/wp\/v2\/ppma_author?post=190270"}],"curies":[{"name":"wp","href":"https:\/\/api.w.org\/{rel}","templated":true}]}}